{"id":13648,"date":"2019-01-31T12:38:13","date_gmt":"2019-01-31T14:38:13","guid":{"rendered":"https:\/\/www.suno.com.br\/noticias\/?p=13648"},"modified":"2019-01-31T12:38:13","modified_gmt":"2019-01-31T14:38:13","slug":"avianca-pode-perder-avioes-acordo","status":"publish","type":"post","link":"https:\/\/www.suno.com.br\/noticias\/avianca-pode-perder-avioes-acordo\/","title":{"rendered":"Avianca pode perder avi\u00f5es se n\u00e3o alcan\u00e7ar acordo"},"content":{"rendered":"<p>A Avianca pode perder seus avi\u00f5es se n\u00e3o chegar a um acordo que evita o calote at\u00e9 esta sexta-feira (1).<\/p>\t<div class=\"wrapper-featured-image\">\n\t\t<figure class=\"spotlightImg\">\n\n\t\t\t<picture>\n\t\t\t\t<source media=\"(max-width: 768px)\" srcset=\"https:\/\/files.sunoresearch.com.br\/n\/uploads\/2018\/12\/e0b59b4b-avianca-400x200.webp\">\n\t\t\t\t<img loading=\"lazy\" decoding=\"async\" class=\"newsContent__article__imgCapa lazyloadDisabled newsContent__article__imgCapa--noCaption\" src=\"https:\/\/files.sunoresearch.com.br\/n\/uploads\/2018\/12\/e0b59b4b-avianca-jpg.webp\" width=\"800\" height=\"450\" alt=\"Avianca pode perder avi\u00f5es se n\u00e3o alcan\u00e7ar acordo\" fetchpriority=high \/>\n\t\t\t<\/picture>\n\n\t\t\t<figcaption class=\"wp-caption-text wp-caption-text--hide\">Avianca Brasil. (divulga\u00e7\u00e3o)<\/figcaption>\n\t\t<\/figure>\n\t<\/div>\n\n\n<p>No dia 14 de janeiro, a <strong>Justi\u00e7a<\/strong> tinha concedido um prazo at\u00e9 dia 1\u00ba de fevereiro para a Avianca. A <strong>companhia a\u00e9rea<\/strong> dever\u00e1 apresentar uma proposta \u00e0s arrendadoras de <strong>aeronaves<\/strong> e se comprometer a realizar os pr\u00f3ximos pagamentos respeitando os vencimentos. Entretanto,\u00a0a empresa ainda n\u00e3o fechou nenhum acordo at\u00e9 a noite da \u00faltima quarta-feira (30). No total, oito arrendadoras t\u00eam cr\u00e9ditos com a <strong>Avianca.<\/strong><\/p>\n<p><a href=\"https:\/\/www.suno.com.br\/noticias\/avianca-nao-devera-devolver-aeronaves\/\">Saiba mais: Avianca Brasil n\u00e3o deve mais devolver dez aeronaves<\/a><\/p>\n<p>Em caso de aus\u00eancia de acordo, o juiz Tiago Henriques Papaterra Limongi, da 1\u00aa Vara de Fal\u00eancias e Recupera\u00e7\u00f5es Judiciais de S\u00e3o Paulo, poder\u00e1 determinar reintegra\u00e7\u00e3o de posse dos <strong>avi\u00f5es.<\/strong><\/p>\n<p>A companhia poderia tentar superar esse empasse com um aporte de R$ 250 milh\u00f5es do fundo de investimento dos EUA <strong>Elliot.<\/strong> Entretanto, essa inje\u00e7\u00e3o de liquidez n\u00e3o estaria garantida. Al\u00e9m disso, algumas empresas donas dos <strong>avi\u00f5es<\/strong> poderiam n\u00e3o ter mais interesse em trabalhar com a <strong>Avianca.<\/strong> Isso por causa dos atritos que surgiram nos \u00faltimos meses entre elas e a companhia a\u00e9rea.<\/p>\n<p><a href=\"https:\/\/www.suno.com.br\/noticias\/avianca-prejuizo-milhoes-terceiro-trimestre\/\">Saiba mais: Avianca registra preju\u00edzo de R$ 188 milh\u00f5es no 3\u00ba trimestre de 2018\u00a0<\/a><\/p>\n<p>Em caso de calote, as empresas donas das aeronaves poderiam cancelar as matr\u00edculas dos avi\u00f5es. Isso porque a falta de pagamento por parte da Avianca seria um descumprimento da Conven\u00e7\u00e3o da Cidade do Cabo. No come\u00e7o de Janeiro, a\u00a0<strong>Ag\u00eancia Nacional de Avia\u00e7\u00e3o Civil<\/strong> (<strong>Anac<\/strong>) anunciou o cancelamento de dez matr\u00edculas de avi\u00f5es operados pela Avianca ap\u00f3s pedido da GE Capital Aviation Services (Gecas), dona das aeronaves. A Gecas pedia para suspender o registro de dez <strong>aeronaves Airbus A320<\/strong> usadas pela <strong>Avianca Brasil<\/strong> em opera\u00e7\u00e3o de voos. A <strong>Gecas<\/strong> \u00e9 uma empresa de leasing dona das aeronaves, com a qual a companhia a\u00e9rea tinha um contrato para os 10 avi\u00f5es. Entretanto, com a senten\u00e7a do dia 14 de Janeiro, os cancelamentos foram suspenso at\u00e9 1\u00ba de fevereiro.<\/p>\n<h2>Recupera\u00e7\u00e3o Judicial<\/h2>\n<p>A <strong>Avianca<\/strong> \u00e9 a quarta maior <strong>companhia a\u00e9rea<\/strong> do Pa\u00eds e est\u00e1 <a href=\"https:\/\/www.suno.com.br\/artigos\/recuperacao-judicial\/\">em recupera\u00e7\u00e3o judicial<\/a> desde o m\u00eas passado. O <a href=\"https:\/\/www.suno.com.br\/noticias\/avianca-pedido-recuperacao-judicial\/\">pedido foi registrado na 1\u00aa Vara Empresarial de S\u00e3o Paulo<\/a> em 10 de dezembro, ap\u00f3s crescentes <strong>preju\u00edzos<\/strong> e atrasos em pagamentos de arrendamento de aeronaves.<\/p>\n<p>A <b>companhia a\u00e9rea\u00a0<\/b>controla 13% do mercado nacional e registrou um crescimento forte nos \u00faltimos anos. No entanto, acabou acumulando d\u00edvidas superiores a R$ 500 milh\u00f5es.<\/p>\n<p>Tr\u00eas empresas de <strong>leasing<\/strong> j\u00e1 pediram restitui\u00e7\u00e3o de avi\u00f5es por conta da falta de pagamento. No total, as empresas arrendaram 14 <strong>aeronaves<\/strong> para a companhia a\u00e9rea, equivalente a 30% da frota em opera\u00e7\u00e3o A companhia a\u00e9rea tinha assegurado que nenhuma das opera\u00e7\u00f5es seriam afetadas, mesmo com o processo de recupera\u00e7\u00e3o judicial. Entretanto, a <strong>Avianca Brasil<\/strong> demitiu 140 funcion\u00e1rios na \u00faltima semana.<\/p>\n<h2>Poss\u00edvel Venda da Avianca<\/h2>\n<p>Em 13 de dezembro de 2018, 0 ex-presidente da Rep\u00fablica <strong>Michel Temer<\/strong> assinou a Medida Provis\u00f3ria que permite as empresas estrangeiras a deter 100% do capital de companhias a\u00e9reas brasileiras. Portanto, a possibilidade de que tais empresas adquiram a <strong>Avianca<\/strong> existe, apesar da recupera\u00e7\u00e3o judicial. Caso a venda da companhia a\u00e9rea se concretizasse, a empresa compradora estaria obtendo apenas a \u201cparte boa\u201d, o que exclui as d\u00edvidas.<\/p>\n<p>No dia 17 de Janeiro, a <strong>Avianca Brasil<\/strong> anunciou o fim de seus voos internacionais mais importantes. <a href=\"https:\/\/www.suno.com.br\/noticias\/avianca-brasil-corta-voos-internacionais-para-nova-york-miami-e-santiago\/\">Foram canceladas as rotas de Guarulhos para Nova York, Miami e Santiago.<\/a> Al\u00e9m disso, foram devolvidas outras duas aeronaves <strong>A330<\/strong> a empresas de <strong>leasing.<\/strong> Atualmente, a\u00a0companhia a\u00e9rea tem 46 aeronaves em opera\u00e7\u00e3o.<\/p>\n<p>&nbsp;<\/p>\n","protected":false},"excerpt":{"rendered":"<p>A Avianca pode perder seus avi\u00f5es se n\u00e3o chegar a um acordo que evita o calote at\u00e9 esta sexta-feira (1). Avianca Brasil. (divulga\u00e7\u00e3o) No dia 14 de janeiro, a Justi\u00e7a tinha concedido um prazo at\u00e9 dia 1\u00ba de fevereiro para a Avianca. A companhia a\u00e9rea dever\u00e1 apresentar uma proposta \u00e0s arrendadoras de aeronaves e se [&hellip;]<\/p>\n","protected":false},"author":9,"featured_media":8439,"comment_status":"closed","ping_status":"closed","sticky":false,"template":"","format":"standard","meta":[],"categories":[60],"tags":[840],"suno_strategy":[],"class_list":["post-13648","post","type-post","status-publish","format-standard","has-post-thumbnail","hentry","category-mercado","tag-avianca"],"yoast_head":"<!-- This site is optimized with the Yoast SEO plugin v24.4 - https:\/\/yoast.com\/wordpress\/plugins\/seo\/ -->\n<title>Avianca pode perder avi\u00f5es se n\u00e3o alcan\u00e7ar acordo<\/title>\n<meta name=\"description\" content=\"A Avianca pode perder seus avi\u00f5es se n\u00e3o chegar a um acordo que evita o calote at\u00e9 esta sexta-feira (1). Clique aqui para saber mais.\" \/>\n<meta name=\"robots\" content=\"index, follow, max-snippet:-1, max-image-preview:large, max-video-preview:-1\" \/>\n<link rel=\"canonical\" href=\"https:\/\/www.suno.com.br\/noticias\/avianca-pode-perder-avioes-acordo\/\" \/>\n<meta property=\"og:locale\" content=\"pt_BR\" \/>\n<meta property=\"og:type\" content=\"article\" \/>\n<meta property=\"og:title\" content=\"Avianca pode perder avi\u00f5es se n\u00e3o alcan\u00e7ar acordo\" \/>\n<meta property=\"og:description\" content=\"A Avianca pode perder seus avi\u00f5es se n\u00e3o chegar a um acordo que evita o calote at\u00e9 esta sexta-feira (1). Clique aqui para saber mais.\" \/>\n<meta property=\"og:url\" content=\"https:\/\/www.suno.com.br\/noticias\/avianca-pode-perder-avioes-acordo\/\" \/>\n<meta property=\"og:site_name\" content=\"Suno Not\u00edcias\" \/>\n<meta property=\"article:publisher\" content=\"https:\/\/facebook.com\/sunoresearch\" \/>\n<meta property=\"og:image\" content=\"https:\/\/files.sunoresearch.com.br\/n\/uploads\/2018\/12\/e0b59b4b-avianca.jpg\" \/>\n\t<meta property=\"og:image:width\" content=\"1100\" \/>\n\t<meta property=\"og:image:height\" content=\"370\" \/>\n\t<meta property=\"og:image:type\" content=\"image\/jpeg\" \/>\n<meta name=\"author\" content=\"Carlo Cauti\" \/>\n<meta name=\"twitter:card\" content=\"summary_large_image\" \/>\n<meta name=\"twitter:creator\" content=\"@sunoresearch\" \/>\n<meta name=\"twitter:site\" content=\"@sunoresearch\" \/>\n<meta name=\"twitter:label1\" content=\"Escrito por\" \/>\n\t<meta name=\"twitter:data1\" content=\"Carlo Cauti\" \/>\n\t<meta name=\"twitter:label2\" content=\"Est. tempo de leitura\" \/>\n\t<meta name=\"twitter:data2\" content=\"3 minutos\" \/>\n<script type=\"application\/ld+json\" class=\"yoast-schema-graph\">{\"@context\":\"https:\/\/schema.org\",\"@graph\":[{\"@type\":\"NewsArticle\",\"@id\":\"https:\/\/www.suno.com.br\/noticias\/avianca-pode-perder-avioes-acordo\/#article\",\"isPartOf\":{\"@id\":\"https:\/\/www.suno.com.br\/noticias\/avianca-pode-perder-avioes-acordo\/\"},\"author\":{\"name\":\"Carlo Cauti\",\"@id\":\"https:\/\/www.suno.com.br\/noticias\/#\/schema\/person\/e6e0f723cc177805027f4566c1d5e0c8\"},\"headline\":\"Avianca pode perder avi\u00f5es se n\u00e3o alcan\u00e7ar acordo\",\"datePublished\":\"2019-01-31T14:38:13+00:00\",\"mainEntityOfPage\":{\"@id\":\"https:\/\/www.suno.com.br\/noticias\/avianca-pode-perder-avioes-acordo\/\"},\"wordCount\":635,\"publisher\":{\"@id\":\"https:\/\/www.suno.com.br\/noticias\/#organization\"},\"image\":{\"@id\":\"https:\/\/www.suno.com.br\/noticias\/avianca-pode-perder-avioes-acordo\/#primaryimage\"},\"thumbnailUrl\":\"https:\/\/files.sunoresearch.com.br\/n\/uploads\/2018\/12\/e0b59b4b-avianca-jpg.webp\",\"keywords\":[\"Avianca\"],\"articleSection\":[\"Mercado\"],\"inLanguage\":\"pt-BR\"},{\"@type\":\"WebPage\",\"@id\":\"https:\/\/www.suno.com.br\/noticias\/avianca-pode-perder-avioes-acordo\/\",\"url\":\"https:\/\/www.suno.com.br\/noticias\/avianca-pode-perder-avioes-acordo\/\",\"name\":\"Avianca pode perder avi\u00f5es se n\u00e3o alcan\u00e7ar acordo\",\"isPartOf\":{\"@id\":\"https:\/\/www.suno.com.br\/noticias\/#website\"},\"primaryImageOfPage\":{\"@id\":\"https:\/\/www.suno.com.br\/noticias\/avianca-pode-perder-avioes-acordo\/#primaryimage\"},\"image\":{\"@id\":\"https:\/\/www.suno.com.br\/noticias\/avianca-pode-perder-avioes-acordo\/#primaryimage\"},\"thumbnailUrl\":\"https:\/\/files.sunoresearch.com.br\/n\/uploads\/2018\/12\/e0b59b4b-avianca-jpg.webp\",\"datePublished\":\"2019-01-31T14:38:13+00:00\",\"description\":\"A Avianca pode perder seus avi\u00f5es se n\u00e3o chegar a um acordo que evita o calote at\u00e9 esta sexta-feira (1). Clique aqui para saber mais.\",\"breadcrumb\":{\"@id\":\"https:\/\/www.suno.com.br\/noticias\/avianca-pode-perder-avioes-acordo\/#breadcrumb\"},\"inLanguage\":\"pt-BR\",\"potentialAction\":[{\"@type\":\"ReadAction\",\"target\":[\"https:\/\/www.suno.com.br\/noticias\/avianca-pode-perder-avioes-acordo\/\"]}]},{\"@type\":\"ImageObject\",\"inLanguage\":\"pt-BR\",\"@id\":\"https:\/\/www.suno.com.br\/noticias\/avianca-pode-perder-avioes-acordo\/#primaryimage\",\"url\":\"https:\/\/files.sunoresearch.com.br\/n\/uploads\/2018\/12\/e0b59b4b-avianca-jpg.webp\",\"contentUrl\":\"https:\/\/files.sunoresearch.com.br\/n\/uploads\/2018\/12\/e0b59b4b-avianca-jpg.webp\",\"width\":1100,\"height\":370,\"caption\":\"Avianca Brasil. (divulga\u00e7\u00e3o)\"},{\"@type\":\"BreadcrumbList\",\"@id\":\"https:\/\/www.suno.com.br\/noticias\/avianca-pode-perder-avioes-acordo\/#breadcrumb\",\"itemListElement\":[{\"@type\":\"ListItem\",\"position\":1,\"name\":\"Not\u00edcias\",\"item\":\"https:\/\/www.suno.com.br\/noticias\/\"},{\"@type\":\"ListItem\",\"position\":2,\"name\":\"Mercado\",\"item\":\"https:\/\/www.suno.com.br\/noticias\/mercado\/\"},{\"@type\":\"ListItem\",\"position\":3,\"name\":\"Avianca pode perder avi\u00f5es se n\u00e3o alcan\u00e7ar acordo\"}]},{\"@type\":\"WebSite\",\"@id\":\"https:\/\/www.suno.com.br\/noticias\/#website\",\"url\":\"https:\/\/www.suno.com.br\/noticias\/\",\"name\":\"Suno Not\u00edcias\",\"description\":\"Seu portal de informa\u00e7\u00e3o sobre o mundo dos investimentos\",\"publisher\":{\"@id\":\"https:\/\/www.suno.com.br\/noticias\/#organization\"},\"potentialAction\":[{\"@type\":\"SearchAction\",\"target\":{\"@type\":\"EntryPoint\",\"urlTemplate\":\"https:\/\/www.suno.com.br\/noticias\/?s={search_term_string}\"},\"query-input\":{\"@type\":\"PropertyValueSpecification\",\"valueRequired\":true,\"valueName\":\"search_term_string\"}}],\"inLanguage\":\"pt-BR\"},{\"@type\":\"Organization\",\"@id\":\"https:\/\/www.suno.com.br\/noticias\/#organization\",\"name\":\"Suno Not\u00edcias\",\"url\":\"https:\/\/www.suno.com.br\/noticias\/\",\"logo\":{\"@type\":\"ImageObject\",\"inLanguage\":\"pt-BR\",\"@id\":\"https:\/\/www.suno.com.br\/noticias\/#\/schema\/logo\/image\/\",\"url\":\"https:\/\/files.sunoresearch.com.br\/n\/uploads\/2021\/09\/suno-logo.png\",\"contentUrl\":\"https:\/\/files.sunoresearch.com.br\/n\/uploads\/2021\/09\/suno-logo.png\",\"width\":180,\"height\":180,\"caption\":\"Suno Not\u00edcias\"},\"image\":{\"@id\":\"https:\/\/www.suno.com.br\/noticias\/#\/schema\/logo\/image\/\"},\"sameAs\":[\"https:\/\/facebook.com\/sunoresearch\",\"https:\/\/x.com\/sunoresearch\",\"https:\/\/www.instagram.com\/suno\",\"https:\/\/www.linkedin.com\/company\/suno-research\/\",\"https:\/\/www.youtube.com\/c\/sunoresearch\"]},{\"@type\":\"Person\",\"@id\":\"https:\/\/www.suno.com.br\/noticias\/#\/schema\/person\/e6e0f723cc177805027f4566c1d5e0c8\",\"name\":\"Carlo Cauti\",\"image\":{\"@type\":\"ImageObject\",\"inLanguage\":\"pt-BR\",\"@id\":\"https:\/\/www.suno.com.br\/noticias\/#\/schema\/person\/image\/\",\"url\":\"https:\/\/secure.gravatar.com\/avatar\/3ada9e0bd164c23abd4792a9606d583c?s=96&r=g\",\"contentUrl\":\"https:\/\/secure.gravatar.com\/avatar\/3ada9e0bd164c23abd4792a9606d583c?s=96&r=g\",\"caption\":\"Carlo Cauti\"},\"description\":\"Editor multim\u00eddia do SUNO Not\u00edcias. Italiano, formado em Ci\u00eancias Pol\u00edticas pela universidade LUISS G. Carli de Roma e mestre cum laude em Rela\u00e7\u00f5es Internacionais, Jornalismo Internacional e de Guerra e em Economia Internacional. Concluiu tamb\u00e9m um MBA em Finan\u00e7as na B3. No Brasil, teve passagem por ve\u00edculos como Estad\u00e3o, Globo, Veja e EXAME. e nas ag\u00eancias de not\u00edcias italianas ANSA e NOVA.\",\"url\":\"https:\/\/www.suno.com.br\/noticias\/author\/carlo-cauti\/\"}]}<\/script>\n<!-- \/ Yoast SEO plugin. -->","yoast_head_json":{"title":"Avianca pode perder avi\u00f5es se n\u00e3o alcan\u00e7ar acordo","description":"A Avianca pode perder seus avi\u00f5es se n\u00e3o chegar a um acordo que evita o calote at\u00e9 esta sexta-feira (1). Clique aqui para saber mais.","robots":{"index":"index","follow":"follow","max-snippet":"max-snippet:-1","max-image-preview":"max-image-preview:large","max-video-preview":"max-video-preview:-1"},"canonical":"https:\/\/www.suno.com.br\/noticias\/avianca-pode-perder-avioes-acordo\/","og_locale":"pt_BR","og_type":"article","og_title":"Avianca pode perder avi\u00f5es se n\u00e3o alcan\u00e7ar acordo","og_description":"A Avianca pode perder seus avi\u00f5es se n\u00e3o chegar a um acordo que evita o calote at\u00e9 esta sexta-feira (1). Clique aqui para saber mais.","og_url":"https:\/\/www.suno.com.br\/noticias\/avianca-pode-perder-avioes-acordo\/","og_site_name":"Suno Not\u00edcias","article_publisher":"https:\/\/facebook.com\/sunoresearch","og_image":[{"width":1100,"height":370,"url":"https:\/\/files.sunoresearch.com.br\/n\/uploads\/2018\/12\/e0b59b4b-avianca.jpg","type":"image\/jpeg"}],"author":"Carlo Cauti","twitter_card":"summary_large_image","twitter_creator":"@sunoresearch","twitter_site":"@sunoresearch","twitter_misc":{"Escrito por":"Carlo Cauti","Est. tempo de leitura":"3 minutos"},"schema":{"@context":"https:\/\/schema.org","@graph":[{"@type":"NewsArticle","@id":"https:\/\/www.suno.com.br\/noticias\/avianca-pode-perder-avioes-acordo\/#article","isPartOf":{"@id":"https:\/\/www.suno.com.br\/noticias\/avianca-pode-perder-avioes-acordo\/"},"author":{"name":"Carlo Cauti","@id":"https:\/\/www.suno.com.br\/noticias\/#\/schema\/person\/e6e0f723cc177805027f4566c1d5e0c8"},"headline":"Avianca pode perder avi\u00f5es se n\u00e3o alcan\u00e7ar acordo","datePublished":"2019-01-31T14:38:13+00:00","mainEntityOfPage":{"@id":"https:\/\/www.suno.com.br\/noticias\/avianca-pode-perder-avioes-acordo\/"},"wordCount":635,"publisher":{"@id":"https:\/\/www.suno.com.br\/noticias\/#organization"},"image":{"@id":"https:\/\/www.suno.com.br\/noticias\/avianca-pode-perder-avioes-acordo\/#primaryimage"},"thumbnailUrl":"https:\/\/files.sunoresearch.com.br\/n\/uploads\/2018\/12\/e0b59b4b-avianca-jpg.webp","keywords":["Avianca"],"articleSection":["Mercado"],"inLanguage":"pt-BR"},{"@type":"WebPage","@id":"https:\/\/www.suno.com.br\/noticias\/avianca-pode-perder-avioes-acordo\/","url":"https:\/\/www.suno.com.br\/noticias\/avianca-pode-perder-avioes-acordo\/","name":"Avianca pode perder avi\u00f5es se n\u00e3o alcan\u00e7ar acordo","isPartOf":{"@id":"https:\/\/www.suno.com.br\/noticias\/#website"},"primaryImageOfPage":{"@id":"https:\/\/www.suno.com.br\/noticias\/avianca-pode-perder-avioes-acordo\/#primaryimage"},"image":{"@id":"https:\/\/www.suno.com.br\/noticias\/avianca-pode-perder-avioes-acordo\/#primaryimage"},"thumbnailUrl":"https:\/\/files.sunoresearch.com.br\/n\/uploads\/2018\/12\/e0b59b4b-avianca-jpg.webp","datePublished":"2019-01-31T14:38:13+00:00","description":"A Avianca pode perder seus avi\u00f5es se n\u00e3o chegar a um acordo que evita o calote at\u00e9 esta sexta-feira (1). Clique aqui para saber mais.","breadcrumb":{"@id":"https:\/\/www.suno.com.br\/noticias\/avianca-pode-perder-avioes-acordo\/#breadcrumb"},"inLanguage":"pt-BR","potentialAction":[{"@type":"ReadAction","target":["https:\/\/www.suno.com.br\/noticias\/avianca-pode-perder-avioes-acordo\/"]}]},{"@type":"ImageObject","inLanguage":"pt-BR","@id":"https:\/\/www.suno.com.br\/noticias\/avianca-pode-perder-avioes-acordo\/#primaryimage","url":"https:\/\/files.sunoresearch.com.br\/n\/uploads\/2018\/12\/e0b59b4b-avianca-jpg.webp","contentUrl":"https:\/\/files.sunoresearch.com.br\/n\/uploads\/2018\/12\/e0b59b4b-avianca-jpg.webp","width":1100,"height":370,"caption":"Avianca Brasil. (divulga\u00e7\u00e3o)"},{"@type":"BreadcrumbList","@id":"https:\/\/www.suno.com.br\/noticias\/avianca-pode-perder-avioes-acordo\/#breadcrumb","itemListElement":[{"@type":"ListItem","position":1,"name":"Not\u00edcias","item":"https:\/\/www.suno.com.br\/noticias\/"},{"@type":"ListItem","position":2,"name":"Mercado","item":"https:\/\/www.suno.com.br\/noticias\/mercado\/"},{"@type":"ListItem","position":3,"name":"Avianca pode perder avi\u00f5es se n\u00e3o alcan\u00e7ar acordo"}]},{"@type":"WebSite","@id":"https:\/\/www.suno.com.br\/noticias\/#website","url":"https:\/\/www.suno.com.br\/noticias\/","name":"Suno Not\u00edcias","description":"Seu portal de informa\u00e7\u00e3o sobre o mundo dos investimentos","publisher":{"@id":"https:\/\/www.suno.com.br\/noticias\/#organization"},"potentialAction":[{"@type":"SearchAction","target":{"@type":"EntryPoint","urlTemplate":"https:\/\/www.suno.com.br\/noticias\/?s={search_term_string}"},"query-input":{"@type":"PropertyValueSpecification","valueRequired":true,"valueName":"search_term_string"}}],"inLanguage":"pt-BR"},{"@type":"Organization","@id":"https:\/\/www.suno.com.br\/noticias\/#organization","name":"Suno Not\u00edcias","url":"https:\/\/www.suno.com.br\/noticias\/","logo":{"@type":"ImageObject","inLanguage":"pt-BR","@id":"https:\/\/www.suno.com.br\/noticias\/#\/schema\/logo\/image\/","url":"https:\/\/files.sunoresearch.com.br\/n\/uploads\/2021\/09\/suno-logo.png","contentUrl":"https:\/\/files.sunoresearch.com.br\/n\/uploads\/2021\/09\/suno-logo.png","width":180,"height":180,"caption":"Suno Not\u00edcias"},"image":{"@id":"https:\/\/www.suno.com.br\/noticias\/#\/schema\/logo\/image\/"},"sameAs":["https:\/\/facebook.com\/sunoresearch","https:\/\/x.com\/sunoresearch","https:\/\/www.instagram.com\/suno","https:\/\/www.linkedin.com\/company\/suno-research\/","https:\/\/www.youtube.com\/c\/sunoresearch"]},{"@type":"Person","@id":"https:\/\/www.suno.com.br\/noticias\/#\/schema\/person\/e6e0f723cc177805027f4566c1d5e0c8","name":"Carlo Cauti","image":{"@type":"ImageObject","inLanguage":"pt-BR","@id":"https:\/\/www.suno.com.br\/noticias\/#\/schema\/person\/image\/","url":"https:\/\/secure.gravatar.com\/avatar\/3ada9e0bd164c23abd4792a9606d583c?s=96&r=g","contentUrl":"https:\/\/secure.gravatar.com\/avatar\/3ada9e0bd164c23abd4792a9606d583c?s=96&r=g","caption":"Carlo Cauti"},"description":"Editor multim\u00eddia do SUNO Not\u00edcias. Italiano, formado em Ci\u00eancias Pol\u00edticas pela universidade LUISS G. Carli de Roma e mestre cum laude em Rela\u00e7\u00f5es Internacionais, Jornalismo Internacional e de Guerra e em Economia Internacional. Concluiu tamb\u00e9m um MBA em Finan\u00e7as na B3. No Brasil, teve passagem por ve\u00edculos como Estad\u00e3o, Globo, Veja e EXAME. e nas ag\u00eancias de not\u00edcias italianas ANSA e NOVA.","url":"https:\/\/www.suno.com.br\/noticias\/author\/carlo-cauti\/"}]}},"default_loop_html":"<div class=\"cardsPage__listCard__boxs\"><div class=\"cardsPage__listCard__boxs__img\"><a href=\"https:\/\/www.suno.com.br\/noticias\/avianca-pode-perder-avioes-acordo\/\"><img class=\"mask\" src=\"https:\/\/www.suno.com.br\/noticias\/wp-content\/themes\/suno\/resources\/images\/spotlight\/spotlight1img\/bg-mask.png\" alt=\"Image Mask\"\/><img src=\"https:\/\/files.sunoresearch.com.br\/n\/uploads\/2018\/12\/e0b59b4b-avianca-400x200.webp\" alt=\"Avianca pode perder avi\u00f5es se n\u00e3o alcan\u00e7ar acordo\"\/><\/a><span class=\"spotlightCategory\"><a href=\"https:\/\/www.suno.com.br\/noticias\/mercado\/\">Mercado<\/a><\/span><\/div><div class=\"cardsPage__listCard__boxs__content\"><a href=\"https:\/\/www.suno.com.br\/noticias\/avianca-pode-perder-avioes-acordo\/\"><h2 class=\"content__title\">Avianca pode perder avi\u00f5es se n\u00e3o alcan\u00e7ar acordo<\/h2><\/a><div class=\"newsContent__article__meta\"><div class=\"newsContent__article__meta__authorBox\"><a href=\"https:\/\/www.suno.com.br\/noticias\/author\/carlo-cauti\/\" class=\"authorBox__avatar noMobi\"><img src=\"https:\/\/files.sunoresearch.com.br\/n\/uploads\/2020\/08\/e3745f9a-perfil-carlo-cauti-150x150.webp\" alt=\"Carlo Cauti\"><\/a><div class=\"authorBox__name\"><span>por\n\t\t\t<a href=\"https:\/\/www.suno.com.br\/noticias\/author\/carlo-cauti\/\"><span itemprop=\"author\">Carlo Cauti<\/span><\/a><\/span><time datetime=\"2019-01-31T12:38:13-02:00\" itemprop=\"datePublished\">31\/01\/2019 12:38<\/time><\/div><\/div><\/div><\/div><\/div>","single_layout":"posts","amp_enabled":true,"_links":{"self":[{"href":"https:\/\/www.suno.com.br\/noticias\/wp-json\/wp\/v2\/posts\/13648"}],"collection":[{"href":"https:\/\/www.suno.com.br\/noticias\/wp-json\/wp\/v2\/posts"}],"about":[{"href":"https:\/\/www.suno.com.br\/noticias\/wp-json\/wp\/v2\/types\/post"}],"author":[{"embeddable":true,"href":"https:\/\/www.suno.com.br\/noticias\/wp-json\/wp\/v2\/users\/9"}],"replies":[{"embeddable":true,"href":"https:\/\/www.suno.com.br\/noticias\/wp-json\/wp\/v2\/comments?post=13648"}],"version-history":[{"count":0,"href":"https:\/\/www.suno.com.br\/noticias\/wp-json\/wp\/v2\/posts\/13648\/revisions"}],"wp:featuredmedia":[{"embeddable":true,"href":"https:\/\/www.suno.com.br\/noticias\/wp-json\/wp\/v2\/media\/8439"}],"wp:attachment":[{"href":"https:\/\/www.suno.com.br\/noticias\/wp-json\/wp\/v2\/media?parent=13648"}],"wp:term":[{"taxonomy":"category","embeddable":true,"href":"https:\/\/www.suno.com.br\/noticias\/wp-json\/wp\/v2\/categories?post=13648"},{"taxonomy":"post_tag","embeddable":true,"href":"https:\/\/www.suno.com.br\/noticias\/wp-json\/wp\/v2\/tags?post=13648"},{"taxonomy":"suno_strategy","embeddable":true,"href":"https:\/\/www.suno.com.br\/noticias\/wp-json\/wp\/v2\/suno_strategy?post=13648"}],"curies":[{"name":"wp","href":"https:\/\/api.w.org\/{rel}","templated":true}]}}