{"id":136364,"date":"2021-04-01T18:11:57","date_gmt":"2021-04-01T21:11:57","guid":{"rendered":"https:\/\/www.suno.com.br\/noticias\/?p=136364"},"modified":"2021-06-13T23:25:49","modified_gmt":"2021-06-14T02:25:49","slug":"eua-yellen-pacote-biden-cenario-global","status":"publish","type":"post","link":"https:\/\/www.suno.com.br\/noticias\/eua-yellen-pacote-biden-cenario-global\/","title":{"rendered":"Pacote de Biden tornar\u00e1 o pa\u00eds mais competitivo no cen\u00e1rio global, diz Yellen"},"content":{"rendered":"<p>A secret\u00e1ria do Tesouro dos Estados Unidos, Janet Yellen, afirmou nesta quinta-feira\u00a0 (1) que o pacote de investimentos anunciado pelo presidente americano, <a href=\"https:\/\/www.suno.com.br\/noticias\/joe-biden-conheca-o-novo-presidente-dos-estados-unidos\/\">Joe<strong> Biden<\/strong><\/a>, ontem tornar\u00e1 a maior economia do planeta &#8220;muito mais competitiva&#8221; no cen\u00e1rio global.<\/p>\t<div class=\"wrapper-featured-image\">\n\t\t<figure class=\"spotlightImg\">\n\n\t\t\t<picture>\n\t\t\t\t<source media=\"(max-width: 768px)\" srcset=\"https:\/\/files.sunoresearch.com.br\/n\/uploads\/2021\/04\/0b8dacdf-flag-3368374_1280-400x200.webp\">\n\t\t\t\t<img loading=\"lazy\" decoding=\"async\" class=\"newsContent__article__imgCapa lazyloadDisabled \" src=\"https:\/\/files.sunoresearch.com.br\/n\/uploads\/2021\/04\/0b8dacdf-flag-3368374_1280-800x450.webp\" width=\"800\" height=\"450\" alt=\"Pacote de Biden tornar\u00e1 o pa\u00eds mais competitivo no cen\u00e1rio global, diz Yellen\" fetchpriority=high \/>\n\t\t\t<\/picture>\n\n\t\t\t<figcaption class=\"wp-caption-text wp-caption-text--show\">a\u00e7\u00f5es para investir. Foto: Pixabay <\/figcaption>\n\t\t<\/figure>\n\t<\/div>\n\n\n\t<p>\n\t\t<a href=\"https:\/\/lp.suno.com.br\/planilha-controle-gastos\/\" target=\"_blank\" data-element=\"shortcode-suno-banner\" title=\"Banner SUNO, clique e saiba mais\">\n\t\t\t<picture>\n\t\t\t\t<source media=\"(max-width: 500px)\" srcset=\"https:\/\/files.sunoresearch.com.br\/n\/uploads\/2023\/03\/400x300-Planilha-controle-de-gastos.png\">\n\t\t\t\t<img class=\"newsContent__article__imgCapa newsContent__article__imgCapa--banner\"\n\t\t\t\t\tsrc=\"https:\/\/files.sunoresearch.com.br\/n\/uploads\/2023\/03\/1420x240-Planilha-controle-de-gastos.png\"\n\t\t\t\t\tdata-promo-id=\"101751\"\t\t\t\t\t\t\t\t\t\twidth='1420' height='240'\t\t\t\t\talt=\"https:\/\/files.sunoresearch.com.br\/n\/uploads\/2023\/03\/1420x240-Planilha-controle-de-gastos.png\"\n\t\t\t\t>\n\t\t\t<\/picture>\n\t\t<\/a>\n\t<\/p>\n\n\n<p>Em comunicado sobre a proposta de Biden, <strong>Yellen<\/strong> ressaltou que, nos \u00faltimos 40 anos, o governo federal reduziu o repasse de recursos para bens p\u00fablicos, como escolas, infraestrutura e pesquisa, em um processo que, para ela, prejudicou o crescimento econ\u00f4mico.<\/p>\n<p>&#8220;Isso diminuiu a produtividade e atingiu a capacidade de responder aos desafios mais urgentes da nossa na\u00e7\u00e3o, incluindo a amea\u00e7a das mudan\u00e7as clim\u00e1ticas&#8221;, argumentou.<\/p>\n<p>Segundo a secret\u00e1ria, o plano de Biden revitalizar\u00e1 o &#8220;falho&#8221; sistema tribut\u00e1rio americano, acabando com a busca de grandes empresas por <strong>impostos menores<\/strong>, al\u00e9m de modernizar a infraestrutura e melhorar as habilidades de trabalhadores.<\/p>\n<p><a href=\"https:\/\/lp.suno.com.br\/suno-one\/\">Suno One: acesse gratuitamente eBooks, Minicursos, Artigos e V\u00eddeo Aulas sobre investimentos com um \u00fanico cadastro. Clique para saber mais!<\/a><\/p>\n<p>&#8220;No fim, esse projeto pode fazer 80 anos de hist\u00f3ria: come\u00e7a a consertar problemas estruturais que afligiram nossa economia pelas \u00faltimas quatro d\u00e9cada e estabelece o sucesso das pr\u00f3ximas quatro&#8221;, concluiu.<\/p>\n<h2>Biden prop\u00f5e US$ 2 tri em investimento \u00e0 infraestrutura e alta de imposto<\/h2>\n<p>O presidente dos Estados Unidos discursou na \u00faltima quarta-feira (31) em um evento em Pittsburgh, na Pensilv\u00e2nia, e apresentou detalhes da proposta que mobiliza cerca de US$ 2 trilh\u00f5es em investimentos na infraestrutura dos EUA, com objetivo de elevar a competitividade frente ao avan\u00e7o econ\u00f4mico da China.<\/p>\n\t<p>\n\t\t<a href=\"https:\/\/lp.suno.com.br\/planilha-da-vida-financeira\/\" target=\"_blank\" data-element=\"shortcode-suno-banner\" title=\"Banner SUNO, clique e saiba mais\">\n\t\t\t<picture>\n\t\t\t\t<source media=\"(max-width: 500px)\" srcset=\"https:\/\/files.sunoresearch.com.br\/n\/uploads\/2023\/04\/400x300-Planilha-vida-financeira-true.png\">\n\t\t\t\t<img class=\"newsContent__article__imgCapa newsContent__article__imgCapa--banner\"\n\t\t\t\t\tsrc=\"https:\/\/files.sunoresearch.com.br\/n\/uploads\/2023\/04\/1420x240-Planilha-vida-financeira-true.png\"\n\t\t\t\t\tdata-promo-id=\"106682\"\t\t\t\t\t\t\t\t\t\twidth='1420' height='240'\t\t\t\t\talt=\"https:\/\/files.sunoresearch.com.br\/n\/uploads\/2023\/04\/1420x240-Planilha-vida-financeira-true.png\"\n\t\t\t\t>\n\t\t\t<\/picture>\n\t\t<\/a>\n\t<\/p>\n\n\n<p>O mandat\u00e1rio explicou que parte do projeto ser\u00e1 financiado pelo <strong>aumento da <a href=\"https:\/\/www.suno.com.br\/artigos\/carga-tributaria\/#:~:text=Carga%20Tribut%C3%A1ria%20%C3%A9%20um%20termo,para%20integrar%20as%20contas%20p%C3%BAblicas.\">carga tribut\u00e1ria<\/a><\/strong><a href=\"https:\/\/www.suno.com.br\/artigos\/carga-tributaria\/#:~:text=Carga%20Tribut%C3%A1ria%20%C3%A9%20um%20termo,para%20integrar%20as%20contas%20p%C3%BAblicas.\">,<\/a> mas garantiu que nenhum americano que ganhe menos de US$ 400 mil por m\u00eas ter\u00e1 que pagar mais impostos federais.<\/p>\n<p>Maior rodada de fomento ao emprego nos EUA desde a <strong>Segunda Guerra Mundial<\/strong>, segundo o democrata, o pacote distribuir\u00e1 os recursos ao longo de oito anos e investir\u00e1, entre outros, na moderniza\u00e7\u00e3o dos sistemas de transporte, biotecnologias e no acesso \u00e0 internet, al\u00e9m de portos, aeroportos e na transi\u00e7\u00e3o para uso de energia limpa.<\/p>\n\t<div data-element=\"shortcode-read-more\" class=\"knowMore\">\n\t\t\t\t<span class=\"knowMore__title\">Leia tamb\u00e9m<\/span>\n\t\t\t\t<a class=\"knowMore__link\" href=\"https:\/\/www.suno.com.br\/noticias\/biden-propoe-nvestimento-infraestrutura-alta-imposto\/\">\n\t\t\tBiden prop\u00f5e US$ 2 tri em investimento \u00e0 infraestrutura e alta de imposto\t\t<\/a>\n\t<\/div>\n\n\n<p>De acordo com o pol\u00edtico, as 10 pontes mais importantes do ponto de vista econ\u00f4mico ser\u00e3o reformadas. &#8220;Meu plano vai tornar a infraestrutura mais segura e resiliente&#8221;, assegurou.<\/p>\n<p><strong>Biden<\/strong> afirmou que, atualmente, a maior economia do planeta investe menos de 1% do<strong><a href=\"https:\/\/www.suno.com.br\/artigos\/pib-produto-interno-bruto\/\"> Produto Interno Bruto (PIB)<\/a> <\/strong>em pesquisas, o prejudica a concorr\u00eancia com demais pa\u00edses.<\/p>\n<p><em>Com informa\u00e7\u00f5es do Estad\u00e3o Conte\u00fado<\/em><\/p>\n\t<p>\n\t\t<a href=\"https:\/\/lp.suno.com.br\/planilha-de-controle-de-investimentos\/\" target=\"_blank\" data-element=\"shortcode-suno-banner\" title=\"Banner SUNO, clique e saiba mais\">\n\t\t\t<picture>\n\t\t\t\t<source media=\"(max-width: 500px)\" srcset=\"https:\/\/files.sunoresearch.com.br\/n\/uploads\/2023\/03\/400x300-Controle-de-Investimentos.png\">\n\t\t\t\t<img class=\"newsContent__article__imgCapa newsContent__article__imgCapa--banner\"\n\t\t\t\t\tsrc=\"https:\/\/files.sunoresearch.com.br\/n\/uploads\/2023\/03\/1420x240-Controle-de-Investimentos.png\"\n\t\t\t\t\tdata-promo-id=\"75934\"\t\t\t\t\t\t\t\t\t\twidth='1420' height='240'\t\t\t\t\talt=\"https:\/\/files.sunoresearch.com.br\/n\/uploads\/2023\/03\/1420x240-Controle-de-Investimentos.png\"\n\t\t\t\t>\n\t\t\t<\/picture>\n\t\t<\/a>\n\t<\/p>\n\n\n","protected":false},"excerpt":{"rendered":"<p>A secret\u00e1ria do Tesouro dos Estados Unidos, Janet Yellen, afirmou nesta quinta-feira\u00a0 (1) que o pacote de investimentos anunciado pelo presidente americano, Joe Biden, ontem tornar\u00e1 a maior economia do planeta &#8220;muito mais competitiva&#8221; no cen\u00e1rio global. a\u00e7\u00f5es para investir. Foto: Pixabay Em comunicado sobre a proposta de Biden, Yellen ressaltou que, nos \u00faltimos 40 [&hellip;]<\/p>\n","protected":false},"author":56,"featured_media":136609,"comment_status":"closed","ping_status":"closed","sticky":false,"template":"","format":"standard","meta":[],"categories":[63],"tags":[793,105308,73481,105707],"suno_strategy":[],"class_list":["post-136364","post","type-post","status-publish","format-standard","has-post-thumbnail","hentry","category-internacional","tag-estados-unidos-eua","tag-janet-yellen","tag-joe-biden","tag-pacote-de-estimulos"],"yoast_head":"<!-- This site is optimized with the Yoast SEO plugin v24.4 - https:\/\/yoast.com\/wordpress\/plugins\/seo\/ -->\n<title>Pacote de Biden tornar\u00e1 pa\u00eds mais competitivo no cen\u00e1rio global, diz Yellen<\/title>\n<meta name=\"description\" content=\"Segundo Yelle, o pacote proposto por Biden tornar\u00e1 a maior economia do planeta &quot;muito mais competitiva&quot;. Clique aqui para saber mais.\" \/>\n<meta name=\"robots\" content=\"index, follow, max-snippet:-1, max-image-preview:large, max-video-preview:-1\" \/>\n<link rel=\"canonical\" href=\"https:\/\/www.suno.com.br\/noticias\/eua-yellen-pacote-biden-cenario-global\/\" \/>\n<meta property=\"og:locale\" content=\"pt_BR\" \/>\n<meta property=\"og:type\" content=\"article\" \/>\n<meta property=\"og:title\" content=\"Pacote de Biden tornar\u00e1 pa\u00eds mais competitivo no cen\u00e1rio global, diz Yellen\" \/>\n<meta property=\"og:description\" content=\"Segundo Yelle, o pacote proposto por Biden tornar\u00e1 a maior economia do planeta &quot;muito mais competitiva&quot;. Clique aqui para saber mais.\" \/>\n<meta property=\"og:url\" content=\"https:\/\/www.suno.com.br\/noticias\/eua-yellen-pacote-biden-cenario-global\/\" \/>\n<meta property=\"og:site_name\" content=\"Suno Not\u00edcias\" \/>\n<meta property=\"article:publisher\" content=\"https:\/\/facebook.com\/sunoresearch\" \/>\n<meta property=\"og:image\" content=\"https:\/\/files.sunoresearch.com.br\/n\/uploads\/2021\/04\/0b8dacdf-flag-3368374_1280.jpg\" \/>\n\t<meta property=\"og:image:width\" content=\"1280\" \/>\n\t<meta property=\"og:image:height\" content=\"845\" \/>\n\t<meta property=\"og:image:type\" content=\"image\/jpeg\" \/>\n<meta name=\"author\" content=\"Rafaela La Regina\" \/>\n<meta name=\"twitter:card\" content=\"summary_large_image\" \/>\n<meta name=\"twitter:creator\" content=\"@sunoresearch\" \/>\n<meta name=\"twitter:site\" content=\"@sunoresearch\" \/>\n<meta name=\"twitter:label1\" content=\"Escrito por\" \/>\n\t<meta name=\"twitter:data1\" content=\"Rafaela La Regina\" \/>\n\t<meta name=\"twitter:label2\" content=\"Est. tempo de leitura\" \/>\n\t<meta name=\"twitter:data2\" content=\"2 minutos\" \/>\n<script type=\"application\/ld+json\" class=\"yoast-schema-graph\">{\"@context\":\"https:\/\/schema.org\",\"@graph\":[{\"@type\":\"NewsArticle\",\"@id\":\"https:\/\/www.suno.com.br\/noticias\/eua-yellen-pacote-biden-cenario-global\/#article\",\"isPartOf\":{\"@id\":\"https:\/\/www.suno.com.br\/noticias\/eua-yellen-pacote-biden-cenario-global\/\"},\"author\":{\"name\":\"Rafaela La Regina\",\"@id\":\"https:\/\/www.suno.com.br\/noticias\/#\/schema\/person\/e672ca8cea627fe715fa29bca7da95e0\"},\"headline\":\"Pacote de Biden tornar\u00e1 o pa\u00eds mais competitivo no cen\u00e1rio global, diz Yellen\",\"datePublished\":\"2021-04-01T21:11:57+00:00\",\"dateModified\":\"2021-06-14T02:25:49+00:00\",\"mainEntityOfPage\":{\"@id\":\"https:\/\/www.suno.com.br\/noticias\/eua-yellen-pacote-biden-cenario-global\/\"},\"wordCount\":450,\"publisher\":{\"@id\":\"https:\/\/www.suno.com.br\/noticias\/#organization\"},\"image\":{\"@id\":\"https:\/\/www.suno.com.br\/noticias\/eua-yellen-pacote-biden-cenario-global\/#primaryimage\"},\"thumbnailUrl\":\"https:\/\/files.sunoresearch.com.br\/n\/uploads\/2021\/04\/0b8dacdf-flag-3368374_1280-jpg.webp\",\"keywords\":[\"Estados Unidos (EUA)\",\"Janet Yellen\",\"Joe Biden\",\"pacote de est\u00edmulos\"],\"articleSection\":[\"Internacional\"],\"inLanguage\":\"pt-BR\"},{\"@type\":\"WebPage\",\"@id\":\"https:\/\/www.suno.com.br\/noticias\/eua-yellen-pacote-biden-cenario-global\/\",\"url\":\"https:\/\/www.suno.com.br\/noticias\/eua-yellen-pacote-biden-cenario-global\/\",\"name\":\"Pacote de Biden tornar\u00e1 pa\u00eds mais competitivo no cen\u00e1rio global, diz Yellen\",\"isPartOf\":{\"@id\":\"https:\/\/www.suno.com.br\/noticias\/#website\"},\"primaryImageOfPage\":{\"@id\":\"https:\/\/www.suno.com.br\/noticias\/eua-yellen-pacote-biden-cenario-global\/#primaryimage\"},\"image\":{\"@id\":\"https:\/\/www.suno.com.br\/noticias\/eua-yellen-pacote-biden-cenario-global\/#primaryimage\"},\"thumbnailUrl\":\"https:\/\/files.sunoresearch.com.br\/n\/uploads\/2021\/04\/0b8dacdf-flag-3368374_1280-jpg.webp\",\"datePublished\":\"2021-04-01T21:11:57+00:00\",\"dateModified\":\"2021-06-14T02:25:49+00:00\",\"description\":\"Segundo Yelle, o pacote proposto por Biden tornar\u00e1 a maior economia do planeta \\\"muito mais competitiva\\\". Clique aqui para saber mais.\",\"breadcrumb\":{\"@id\":\"https:\/\/www.suno.com.br\/noticias\/eua-yellen-pacote-biden-cenario-global\/#breadcrumb\"},\"inLanguage\":\"pt-BR\",\"potentialAction\":[{\"@type\":\"ReadAction\",\"target\":[\"https:\/\/www.suno.com.br\/noticias\/eua-yellen-pacote-biden-cenario-global\/\"]}]},{\"@type\":\"ImageObject\",\"inLanguage\":\"pt-BR\",\"@id\":\"https:\/\/www.suno.com.br\/noticias\/eua-yellen-pacote-biden-cenario-global\/#primaryimage\",\"url\":\"https:\/\/files.sunoresearch.com.br\/n\/uploads\/2021\/04\/0b8dacdf-flag-3368374_1280-jpg.webp\",\"contentUrl\":\"https:\/\/files.sunoresearch.com.br\/n\/uploads\/2021\/04\/0b8dacdf-flag-3368374_1280-jpg.webp\",\"width\":1280,\"height\":845,\"caption\":\"a\u00e7\u00f5es para investir. Foto: Pixabay\"},{\"@type\":\"BreadcrumbList\",\"@id\":\"https:\/\/www.suno.com.br\/noticias\/eua-yellen-pacote-biden-cenario-global\/#breadcrumb\",\"itemListElement\":[{\"@type\":\"ListItem\",\"position\":1,\"name\":\"Not\u00edcias\",\"item\":\"https:\/\/www.suno.com.br\/noticias\/\"},{\"@type\":\"ListItem\",\"position\":2,\"name\":\"Internacional\",\"item\":\"https:\/\/www.suno.com.br\/noticias\/internacional\/\"},{\"@type\":\"ListItem\",\"position\":3,\"name\":\"Pacote de Biden tornar\u00e1 o pa\u00eds mais competitivo no cen\u00e1rio global, diz Yellen\"}]},{\"@type\":\"WebSite\",\"@id\":\"https:\/\/www.suno.com.br\/noticias\/#website\",\"url\":\"https:\/\/www.suno.com.br\/noticias\/\",\"name\":\"Suno Not\u00edcias\",\"description\":\"Seu portal de informa\u00e7\u00e3o sobre o mundo dos investimentos\",\"publisher\":{\"@id\":\"https:\/\/www.suno.com.br\/noticias\/#organization\"},\"potentialAction\":[{\"@type\":\"SearchAction\",\"target\":{\"@type\":\"EntryPoint\",\"urlTemplate\":\"https:\/\/www.suno.com.br\/noticias\/?s={search_term_string}\"},\"query-input\":{\"@type\":\"PropertyValueSpecification\",\"valueRequired\":true,\"valueName\":\"search_term_string\"}}],\"inLanguage\":\"pt-BR\"},{\"@type\":\"Organization\",\"@id\":\"https:\/\/www.suno.com.br\/noticias\/#organization\",\"name\":\"Suno Not\u00edcias\",\"url\":\"https:\/\/www.suno.com.br\/noticias\/\",\"logo\":{\"@type\":\"ImageObject\",\"inLanguage\":\"pt-BR\",\"@id\":\"https:\/\/www.suno.com.br\/noticias\/#\/schema\/logo\/image\/\",\"url\":\"https:\/\/files.sunoresearch.com.br\/n\/uploads\/2021\/09\/suno-logo.png\",\"contentUrl\":\"https:\/\/files.sunoresearch.com.br\/n\/uploads\/2021\/09\/suno-logo.png\",\"width\":180,\"height\":180,\"caption\":\"Suno Not\u00edcias\"},\"image\":{\"@id\":\"https:\/\/www.suno.com.br\/noticias\/#\/schema\/logo\/image\/\"},\"sameAs\":[\"https:\/\/facebook.com\/sunoresearch\",\"https:\/\/x.com\/sunoresearch\",\"https:\/\/www.instagram.com\/suno\",\"https:\/\/www.linkedin.com\/company\/suno-research\/\",\"https:\/\/www.youtube.com\/c\/sunoresearch\"]},{\"@type\":\"Person\",\"@id\":\"https:\/\/www.suno.com.br\/noticias\/#\/schema\/person\/e672ca8cea627fe715fa29bca7da95e0\",\"name\":\"Rafaela La Regina\",\"image\":{\"@type\":\"ImageObject\",\"inLanguage\":\"pt-BR\",\"@id\":\"https:\/\/www.suno.com.br\/noticias\/#\/schema\/person\/image\/\",\"url\":\"https:\/\/secure.gravatar.com\/avatar\/d2c75a52d243deb93d0465fdcb21bd37?s=96&r=g\",\"contentUrl\":\"https:\/\/secure.gravatar.com\/avatar\/d2c75a52d243deb93d0465fdcb21bd37?s=96&r=g\",\"caption\":\"Rafaela La Regina\"},\"description\":\"Estagi\u00e1ria no Suno Not\u00edcias. Escreve sobre economia, pol\u00edtica e neg\u00f3cios. Estuda Rela\u00e7\u00f5es Internacionais no IBMEC-SP.\",\"url\":\"https:\/\/www.suno.com.br\/noticias\/author\/rafaela-la-regina\/\"}]}<\/script>\n<!-- \/ Yoast SEO plugin. -->","yoast_head_json":{"title":"Pacote de Biden tornar\u00e1 pa\u00eds mais competitivo no cen\u00e1rio global, diz Yellen","description":"Segundo Yelle, o pacote proposto por Biden tornar\u00e1 a maior economia do planeta \"muito mais competitiva\". Clique aqui para saber mais.","robots":{"index":"index","follow":"follow","max-snippet":"max-snippet:-1","max-image-preview":"max-image-preview:large","max-video-preview":"max-video-preview:-1"},"canonical":"https:\/\/www.suno.com.br\/noticias\/eua-yellen-pacote-biden-cenario-global\/","og_locale":"pt_BR","og_type":"article","og_title":"Pacote de Biden tornar\u00e1 pa\u00eds mais competitivo no cen\u00e1rio global, diz Yellen","og_description":"Segundo Yelle, o pacote proposto por Biden tornar\u00e1 a maior economia do planeta \"muito mais competitiva\". Clique aqui para saber mais.","og_url":"https:\/\/www.suno.com.br\/noticias\/eua-yellen-pacote-biden-cenario-global\/","og_site_name":"Suno Not\u00edcias","article_publisher":"https:\/\/facebook.com\/sunoresearch","og_image":[{"width":1280,"height":845,"url":"https:\/\/files.sunoresearch.com.br\/n\/uploads\/2021\/04\/0b8dacdf-flag-3368374_1280.jpg","type":"image\/jpeg"}],"author":"Rafaela La Regina","twitter_card":"summary_large_image","twitter_creator":"@sunoresearch","twitter_site":"@sunoresearch","twitter_misc":{"Escrito por":"Rafaela La Regina","Est. tempo de leitura":"2 minutos"},"schema":{"@context":"https:\/\/schema.org","@graph":[{"@type":"NewsArticle","@id":"https:\/\/www.suno.com.br\/noticias\/eua-yellen-pacote-biden-cenario-global\/#article","isPartOf":{"@id":"https:\/\/www.suno.com.br\/noticias\/eua-yellen-pacote-biden-cenario-global\/"},"author":{"name":"Rafaela La Regina","@id":"https:\/\/www.suno.com.br\/noticias\/#\/schema\/person\/e672ca8cea627fe715fa29bca7da95e0"},"headline":"Pacote de Biden tornar\u00e1 o pa\u00eds mais competitivo no cen\u00e1rio global, diz Yellen","datePublished":"2021-04-01T21:11:57+00:00","dateModified":"2021-06-14T02:25:49+00:00","mainEntityOfPage":{"@id":"https:\/\/www.suno.com.br\/noticias\/eua-yellen-pacote-biden-cenario-global\/"},"wordCount":450,"publisher":{"@id":"https:\/\/www.suno.com.br\/noticias\/#organization"},"image":{"@id":"https:\/\/www.suno.com.br\/noticias\/eua-yellen-pacote-biden-cenario-global\/#primaryimage"},"thumbnailUrl":"https:\/\/files.sunoresearch.com.br\/n\/uploads\/2021\/04\/0b8dacdf-flag-3368374_1280-jpg.webp","keywords":["Estados Unidos (EUA)","Janet Yellen","Joe Biden","pacote de est\u00edmulos"],"articleSection":["Internacional"],"inLanguage":"pt-BR"},{"@type":"WebPage","@id":"https:\/\/www.suno.com.br\/noticias\/eua-yellen-pacote-biden-cenario-global\/","url":"https:\/\/www.suno.com.br\/noticias\/eua-yellen-pacote-biden-cenario-global\/","name":"Pacote de Biden tornar\u00e1 pa\u00eds mais competitivo no cen\u00e1rio global, diz Yellen","isPartOf":{"@id":"https:\/\/www.suno.com.br\/noticias\/#website"},"primaryImageOfPage":{"@id":"https:\/\/www.suno.com.br\/noticias\/eua-yellen-pacote-biden-cenario-global\/#primaryimage"},"image":{"@id":"https:\/\/www.suno.com.br\/noticias\/eua-yellen-pacote-biden-cenario-global\/#primaryimage"},"thumbnailUrl":"https:\/\/files.sunoresearch.com.br\/n\/uploads\/2021\/04\/0b8dacdf-flag-3368374_1280-jpg.webp","datePublished":"2021-04-01T21:11:57+00:00","dateModified":"2021-06-14T02:25:49+00:00","description":"Segundo Yelle, o pacote proposto por Biden tornar\u00e1 a maior economia do planeta \"muito mais competitiva\". Clique aqui para saber mais.","breadcrumb":{"@id":"https:\/\/www.suno.com.br\/noticias\/eua-yellen-pacote-biden-cenario-global\/#breadcrumb"},"inLanguage":"pt-BR","potentialAction":[{"@type":"ReadAction","target":["https:\/\/www.suno.com.br\/noticias\/eua-yellen-pacote-biden-cenario-global\/"]}]},{"@type":"ImageObject","inLanguage":"pt-BR","@id":"https:\/\/www.suno.com.br\/noticias\/eua-yellen-pacote-biden-cenario-global\/#primaryimage","url":"https:\/\/files.sunoresearch.com.br\/n\/uploads\/2021\/04\/0b8dacdf-flag-3368374_1280-jpg.webp","contentUrl":"https:\/\/files.sunoresearch.com.br\/n\/uploads\/2021\/04\/0b8dacdf-flag-3368374_1280-jpg.webp","width":1280,"height":845,"caption":"a\u00e7\u00f5es para investir. Foto: Pixabay"},{"@type":"BreadcrumbList","@id":"https:\/\/www.suno.com.br\/noticias\/eua-yellen-pacote-biden-cenario-global\/#breadcrumb","itemListElement":[{"@type":"ListItem","position":1,"name":"Not\u00edcias","item":"https:\/\/www.suno.com.br\/noticias\/"},{"@type":"ListItem","position":2,"name":"Internacional","item":"https:\/\/www.suno.com.br\/noticias\/internacional\/"},{"@type":"ListItem","position":3,"name":"Pacote de Biden tornar\u00e1 o pa\u00eds mais competitivo no cen\u00e1rio global, diz Yellen"}]},{"@type":"WebSite","@id":"https:\/\/www.suno.com.br\/noticias\/#website","url":"https:\/\/www.suno.com.br\/noticias\/","name":"Suno Not\u00edcias","description":"Seu portal de informa\u00e7\u00e3o sobre o mundo dos investimentos","publisher":{"@id":"https:\/\/www.suno.com.br\/noticias\/#organization"},"potentialAction":[{"@type":"SearchAction","target":{"@type":"EntryPoint","urlTemplate":"https:\/\/www.suno.com.br\/noticias\/?s={search_term_string}"},"query-input":{"@type":"PropertyValueSpecification","valueRequired":true,"valueName":"search_term_string"}}],"inLanguage":"pt-BR"},{"@type":"Organization","@id":"https:\/\/www.suno.com.br\/noticias\/#organization","name":"Suno Not\u00edcias","url":"https:\/\/www.suno.com.br\/noticias\/","logo":{"@type":"ImageObject","inLanguage":"pt-BR","@id":"https:\/\/www.suno.com.br\/noticias\/#\/schema\/logo\/image\/","url":"https:\/\/files.sunoresearch.com.br\/n\/uploads\/2021\/09\/suno-logo.png","contentUrl":"https:\/\/files.sunoresearch.com.br\/n\/uploads\/2021\/09\/suno-logo.png","width":180,"height":180,"caption":"Suno Not\u00edcias"},"image":{"@id":"https:\/\/www.suno.com.br\/noticias\/#\/schema\/logo\/image\/"},"sameAs":["https:\/\/facebook.com\/sunoresearch","https:\/\/x.com\/sunoresearch","https:\/\/www.instagram.com\/suno","https:\/\/www.linkedin.com\/company\/suno-research\/","https:\/\/www.youtube.com\/c\/sunoresearch"]},{"@type":"Person","@id":"https:\/\/www.suno.com.br\/noticias\/#\/schema\/person\/e672ca8cea627fe715fa29bca7da95e0","name":"Rafaela La Regina","image":{"@type":"ImageObject","inLanguage":"pt-BR","@id":"https:\/\/www.suno.com.br\/noticias\/#\/schema\/person\/image\/","url":"https:\/\/secure.gravatar.com\/avatar\/d2c75a52d243deb93d0465fdcb21bd37?s=96&r=g","contentUrl":"https:\/\/secure.gravatar.com\/avatar\/d2c75a52d243deb93d0465fdcb21bd37?s=96&r=g","caption":"Rafaela La Regina"},"description":"Estagi\u00e1ria no Suno Not\u00edcias. Escreve sobre economia, pol\u00edtica e neg\u00f3cios. Estuda Rela\u00e7\u00f5es Internacionais no IBMEC-SP.","url":"https:\/\/www.suno.com.br\/noticias\/author\/rafaela-la-regina\/"}]}},"default_loop_html":"<div class=\"cardsPage__listCard__boxs\"><div class=\"cardsPage__listCard__boxs__img\"><a href=\"https:\/\/www.suno.com.br\/noticias\/eua-yellen-pacote-biden-cenario-global\/\"><img class=\"mask\" src=\"https:\/\/www.suno.com.br\/noticias\/wp-content\/themes\/suno\/resources\/images\/spotlight\/spotlight1img\/bg-mask.png\" alt=\"Image Mask\"\/><img src=\"https:\/\/files.sunoresearch.com.br\/n\/uploads\/2021\/04\/0b8dacdf-flag-3368374_1280-400x200.webp\" alt=\"Pacote de Biden tornar\u00e1 o pa\u00eds mais competitivo no cen\u00e1rio global, diz Yellen\"\/><\/a><span class=\"spotlightCategory\"><a href=\"https:\/\/www.suno.com.br\/noticias\/internacional\/\">Internacional<\/a><\/span><\/div><div class=\"cardsPage__listCard__boxs__content\"><a href=\"https:\/\/www.suno.com.br\/noticias\/eua-yellen-pacote-biden-cenario-global\/\"><h2 class=\"content__title\">Pacote de Biden tornar\u00e1 o pa\u00eds mais competitivo no cen\u00e1rio global, diz Yellen<\/h2><\/a><div class=\"newsContent__article__meta\"><div class=\"newsContent__article__meta__authorBox\"><a href=\"https:\/\/www.suno.com.br\/noticias\/author\/rafaela-la-regina\/\" class=\"authorBox__avatar noMobi\"><img src=\"https:\/\/secure.gravatar.com\/avatar\/d2c75a52d243deb93d0465fdcb21bd37?s=96&#038;r=g\" alt=\"Rafaela La Regina\"><\/a><div class=\"authorBox__name\"><span>por\n\t\t\t<a href=\"https:\/\/www.suno.com.br\/noticias\/author\/rafaela-la-regina\/\"><span itemprop=\"author\">Rafaela La Regina<\/span><\/a><\/span><time datetime=\"2021-04-01T18:11:57-03:00\" itemprop=\"datePublished\">01\/04\/2021 18:11<\/time><\/div><\/div><\/div><\/div><\/div>","single_layout":"posts","amp_enabled":true,"_links":{"self":[{"href":"https:\/\/www.suno.com.br\/noticias\/wp-json\/wp\/v2\/posts\/136364"}],"collection":[{"href":"https:\/\/www.suno.com.br\/noticias\/wp-json\/wp\/v2\/posts"}],"about":[{"href":"https:\/\/www.suno.com.br\/noticias\/wp-json\/wp\/v2\/types\/post"}],"author":[{"embeddable":true,"href":"https:\/\/www.suno.com.br\/noticias\/wp-json\/wp\/v2\/users\/56"}],"replies":[{"embeddable":true,"href":"https:\/\/www.suno.com.br\/noticias\/wp-json\/wp\/v2\/comments?post=136364"}],"version-history":[{"count":2,"href":"https:\/\/www.suno.com.br\/noticias\/wp-json\/wp\/v2\/posts\/136364\/revisions"}],"predecessor-version":[{"id":136612,"href":"https:\/\/www.suno.com.br\/noticias\/wp-json\/wp\/v2\/posts\/136364\/revisions\/136612"}],"wp:featuredmedia":[{"embeddable":true,"href":"https:\/\/www.suno.com.br\/noticias\/wp-json\/wp\/v2\/media\/136609"}],"wp:attachment":[{"href":"https:\/\/www.suno.com.br\/noticias\/wp-json\/wp\/v2\/media?parent=136364"}],"wp:term":[{"taxonomy":"category","embeddable":true,"href":"https:\/\/www.suno.com.br\/noticias\/wp-json\/wp\/v2\/categories?post=136364"},{"taxonomy":"post_tag","embeddable":true,"href":"https:\/\/www.suno.com.br\/noticias\/wp-json\/wp\/v2\/tags?post=136364"},{"taxonomy":"suno_strategy","embeddable":true,"href":"https:\/\/www.suno.com.br\/noticias\/wp-json\/wp\/v2\/suno_strategy?post=136364"}],"curies":[{"name":"wp","href":"https:\/\/api.w.org\/{rel}","templated":true}]}}