{"id":136257,"date":"2021-03-31T21:07:32","date_gmt":"2021-04-01T00:07:32","guid":{"rendered":"https:\/\/www.suno.com.br\/noticias\/?p=136257"},"modified":"2021-06-13T23:25:50","modified_gmt":"2021-06-14T02:25:50","slug":"biden-propoe-nvestimento-infraestrutura-alta-imposto","status":"publish","type":"post","link":"https:\/\/www.suno.com.br\/noticias\/biden-propoe-nvestimento-infraestrutura-alta-imposto\/","title":{"rendered":"Biden prop\u00f5e US$ 2 tri em investimento \u00e0 infraestrutura e alta de imposto"},"content":{"rendered":"<p>O presidente dos Estados Unidos, <a href=\"https:\/\/www.suno.com.br\/noticias\/joe-biden-conheca-o-novo-presidente-dos-estados-unidos\/\">Joe<strong> Biden<\/strong>,<\/a> discursou nesta quarta-feira (31) em um evento em Pittsburgh, na Pensilv\u00e2nia, e apresentou detalhes da proposta que mobiliza cerca de US$ 2 trilh\u00f5es em investimentos na infraestrutura dos EUA, com objetivo de elevar a competitividade frente ao avan\u00e7o econ\u00f4mico da China.<\/p>\t<div class=\"wrapper-featured-image\">\n\t\t<figure class=\"spotlightImg\">\n\n\t\t\t<picture>\n\t\t\t\t<source media=\"(max-width: 768px)\" srcset=\"https:\/\/files.sunoresearch.com.br\/n\/uploads\/2021\/03\/a721ef0d-joe-biden-400x200.webp\">\n\t\t\t\t<img loading=\"lazy\" decoding=\"async\" class=\"newsContent__article__imgCapa lazyloadDisabled \" src=\"https:\/\/files.sunoresearch.com.br\/n\/uploads\/2021\/03\/a721ef0d-joe-biden-800x450.webp\" width=\"800\" height=\"450\" alt=\"Biden prop\u00f5e US$ 2 tri em investimento \u00e0 infraestrutura e alta de imposto\" fetchpriority=high \/>\n\t\t\t<\/picture>\n\n\t\t\t<figcaption class=\"wp-caption-text wp-caption-text--show\">Joe Biden. Foto: Reprodu\u00e7\u00e3o Facebook<\/figcaption>\n\t\t<\/figure>\n\t<\/div>\n\n\n\t<p>\n\t\t<a href=\"https:\/\/lp.suno.com.br\/planilha-controle-gastos\/\" target=\"_blank\" data-element=\"shortcode-suno-banner\" title=\"Banner SUNO, clique e saiba mais\">\n\t\t\t<picture>\n\t\t\t\t<source media=\"(max-width: 500px)\" srcset=\"https:\/\/files.sunoresearch.com.br\/n\/uploads\/2023\/03\/400x300-Planilha-controle-de-gastos.png\">\n\t\t\t\t<img class=\"newsContent__article__imgCapa newsContent__article__imgCapa--banner\"\n\t\t\t\t\tsrc=\"https:\/\/files.sunoresearch.com.br\/n\/uploads\/2023\/03\/1420x240-Planilha-controle-de-gastos.png\"\n\t\t\t\t\tdata-promo-id=\"101751\"\t\t\t\t\t\t\t\t\t\twidth='1420' height='240'\t\t\t\t\talt=\"https:\/\/files.sunoresearch.com.br\/n\/uploads\/2023\/03\/1420x240-Planilha-controle-de-gastos.png\"\n\t\t\t\t>\n\t\t\t<\/picture>\n\t\t<\/a>\n\t<\/p>\n\n\n<p><strong>Joe Biden<\/strong> explicou que parte do projeto ser\u00e1 financiado pelo <strong>aumento da <a href=\"https:\/\/www.suno.com.br\/artigos\/carga-tributaria\/#:~:text=Carga%20Tribut%C3%A1ria%20%C3%A9%20um%20termo,para%20integrar%20as%20contas%20p%C3%BAblicas.\">carga tribut\u00e1ria<\/a><\/strong><a href=\"https:\/\/www.suno.com.br\/artigos\/carga-tributaria\/#:~:text=Carga%20Tribut%C3%A1ria%20%C3%A9%20um%20termo,para%20integrar%20as%20contas%20p%C3%BAblicas.\">,<\/a> mas garantiu que nenhum americano que ganhe menos de US$ 400 mil por m\u00eas ter\u00e1 que pagar mais impostos federais.<\/p>\n<p>Maior rodada de fomento ao emprego nos EUA desde a <strong>Segunda Guerra Mundial<\/strong>, segundo o democrata, o pacote distribuir\u00e1 os recursos ao longo de oito anos e investir\u00e1, entre outros, na moderniza\u00e7\u00e3o dos sistemas de transporte, biotecnologias e no acesso \u00e0 internet, al\u00e9m de portos, aeroportos e na transi\u00e7\u00e3o para uso de energia limpa.<\/p>\n<p><a href=\"https:\/\/lp.suno.com.br\/suno-one\/\">Suno One: acesse gratuitamente eBooks, Minicursos, Artigos e V\u00eddeo Aulas sobre investimentos com um \u00fanico cadastro. Clique para saber mais!<\/a><\/p>\n<p>De acordo com o pol\u00edtico, as 10 pontes mais importantes do ponto de vista econ\u00f4mico ser\u00e3o reformadas. &#8220;Meu plano vai tornar a infraestrutura mais segura e resiliente&#8221;, assegurou.<\/p>\n<p>O presidente afirmou que, atualmente, a maior economia do planeta investe menos de 1% do<strong><a href=\"https:\/\/www.suno.com.br\/artigos\/pib-produto-interno-bruto\/\"> Produto Interno Bruto (PIB)<\/a> <\/strong>em pesquisas, o prejudica a concorr\u00eancia com demais pa\u00edses.<\/p>\n<p>Citando economistas, ele disse que o texto, se aprovado, pode criar mais de 18 milh\u00f5es de empregos, junto com o pacote fiscal de US$ 1,9 trilh\u00e3o.<\/p>\n<h2>Biden prop\u00f5e a cria\u00e7\u00e3o de imposto m\u00ednimo global<\/h2>\n<p>Para ajudar a financiar as despesas, Biden prop\u00f5e, entre outros, o aumento do imposto corporativo de 21% a 28% e a cria\u00e7\u00e3o de imposto m\u00ednimo global em 21%.<\/p>\n<p>A expectativa \u00e9 de que essas medidas gerem receita adicional de US$ 1 trilh\u00e3o em um d\u00e9cada. &#8220;O plano \u00e9 fiscalmente respons\u00e1vel e reduz a d\u00edvida ao longo prazo&#8221;, garantiu.<\/p>\n\t<div data-element=\"shortcode-read-more\" class=\"knowMore\">\n\t\t\t\t<span class=\"knowMore__title\">Leia tamb\u00e9m <\/span>\n\t\t\t\t<a class=\"knowMore__link\" href=\"https:\/\/www.suno.com.br\/noticias\/sp-500-nasdaq-investimentos-biden-infraestrutura-31032021\/\">\n\t\t\tS&amp;P 500 sobe no mercado futuro \u00e0 espera do plano de investimentos de Biden\t\t<\/a>\n\t<\/div>\n\n\n<p>A expectativa \u00e9 de que a legisla\u00e7\u00e3o enfrente resist\u00eancia de republicanos, preocupados com o endividamento e contr\u00e1rios \u00e0 tributa\u00e7\u00e3o elevada.<\/p>\n\t<p>\n\t\t<a href=\"https:\/\/lp.suno.com.br\/planilha-da-vida-financeira\/\" target=\"_blank\" data-element=\"shortcode-suno-banner\" title=\"Banner SUNO, clique e saiba mais\">\n\t\t\t<picture>\n\t\t\t\t<source media=\"(max-width: 500px)\" srcset=\"https:\/\/files.sunoresearch.com.br\/n\/uploads\/2023\/04\/400x300-Planilha-vida-financeira-true.png\">\n\t\t\t\t<img class=\"newsContent__article__imgCapa newsContent__article__imgCapa--banner\"\n\t\t\t\t\tsrc=\"https:\/\/files.sunoresearch.com.br\/n\/uploads\/2023\/04\/1420x240-Planilha-vida-financeira-true.png\"\n\t\t\t\t\tdata-promo-id=\"106682\"\t\t\t\t\t\t\t\t\t\twidth='1420' height='240'\t\t\t\t\talt=\"https:\/\/files.sunoresearch.com.br\/n\/uploads\/2023\/04\/1420x240-Planilha-vida-financeira-true.png\"\n\t\t\t\t>\n\t\t\t<\/picture>\n\t\t<\/a>\n\t<\/p>\n\n\n<p>Joe<strong> Biden<\/strong> disse que j\u00e1 conversou com l\u00edderes oposicionistas e que estar\u00e1 aberto \u00e0s suas ideias. &#8220;Nossa infraestrutura est\u00e1 decadente&#8221;, comentou.<\/p>\n<p><em>Com informa\u00e7\u00f5es do Estad\u00e3o Conte\u00fado<\/em><\/p>\n\t<p>\n\t\t<a href=\"https:\/\/lp.suno.com.br\/planilha-de-controle-de-investimentos\/\" target=\"_blank\" data-element=\"shortcode-suno-banner\" title=\"Banner SUNO, clique e saiba mais\">\n\t\t\t<picture>\n\t\t\t\t<source media=\"(max-width: 500px)\" srcset=\"https:\/\/files.sunoresearch.com.br\/n\/uploads\/2023\/03\/400x300-Controle-de-Investimentos.png\">\n\t\t\t\t<img class=\"newsContent__article__imgCapa newsContent__article__imgCapa--banner\"\n\t\t\t\t\tsrc=\"https:\/\/files.sunoresearch.com.br\/n\/uploads\/2023\/03\/1420x240-Controle-de-Investimentos.png\"\n\t\t\t\t\tdata-promo-id=\"75934\"\t\t\t\t\t\t\t\t\t\twidth='1420' height='240'\t\t\t\t\talt=\"https:\/\/files.sunoresearch.com.br\/n\/uploads\/2023\/03\/1420x240-Controle-de-Investimentos.png\"\n\t\t\t\t>\n\t\t\t<\/picture>\n\t\t<\/a>\n\t<\/p>\n\n\n","protected":false},"excerpt":{"rendered":"<p>O presidente dos Estados Unidos, Joe Biden, discursou nesta quarta-feira (31) em um evento em Pittsburgh, na Pensilv\u00e2nia, e apresentou detalhes da proposta que mobiliza cerca de US$ 2 trilh\u00f5es em investimentos na infraestrutura dos EUA, com objetivo de elevar a competitividade frente ao avan\u00e7o econ\u00f4mico da China. Joe Biden. Foto: Reprodu\u00e7\u00e3o Facebook Joe Biden [&hellip;]<\/p>\n","protected":false},"author":39,"featured_media":136293,"comment_status":"closed","ping_status":"closed","sticky":false,"template":"","format":"standard","meta":[],"categories":[63],"tags":[793,73481],"suno_strategy":[],"class_list":["post-136257","post","type-post","status-publish","format-standard","has-post-thumbnail","hentry","category-internacional","tag-estados-unidos-eua","tag-joe-biden"],"yoast_head":"<!-- This site is optimized with the Yoast SEO plugin v24.4 - https:\/\/yoast.com\/wordpress\/plugins\/seo\/ -->\n<title>Biden prop\u00f5e US$ 2 tri em investimento \u00e0 infraestrutura e alta de imposto<\/title>\n<meta name=\"description\" content=\"Biden apresentou detalhes da proposta que mobiliza cerca de US$ 2 tri em investimentos na infraestrutura dos EUA. Clique aqui e saiba mais!\" \/>\n<meta name=\"robots\" content=\"index, follow, max-snippet:-1, max-image-preview:large, max-video-preview:-1\" \/>\n<link rel=\"canonical\" href=\"https:\/\/www.suno.com.br\/noticias\/biden-propoe-nvestimento-infraestrutura-alta-imposto\/\" \/>\n<meta property=\"og:locale\" content=\"pt_BR\" \/>\n<meta property=\"og:type\" content=\"article\" \/>\n<meta property=\"og:title\" content=\"Biden prop\u00f5e US$ 2 tri em investimento \u00e0 infraestrutura e alta de imposto\" \/>\n<meta property=\"og:description\" content=\"Biden apresentou detalhes da proposta que mobiliza cerca de US$ 2 tri em investimentos na infraestrutura dos EUA. Clique aqui e saiba mais!\" \/>\n<meta property=\"og:url\" content=\"https:\/\/www.suno.com.br\/noticias\/biden-propoe-nvestimento-infraestrutura-alta-imposto\/\" \/>\n<meta property=\"og:site_name\" content=\"Suno Not\u00edcias\" \/>\n<meta property=\"article:publisher\" content=\"https:\/\/facebook.com\/sunoresearch\" \/>\n<meta property=\"og:image\" content=\"https:\/\/files.sunoresearch.com.br\/n\/uploads\/2021\/03\/a721ef0d-joe-biden.jpg\" \/>\n\t<meta property=\"og:image:width\" content=\"1201\" \/>\n\t<meta property=\"og:image:height\" content=\"1201\" \/>\n\t<meta property=\"og:image:type\" content=\"image\/jpeg\" \/>\n<meta name=\"author\" content=\"Laura Moutinho\" \/>\n<meta name=\"twitter:card\" content=\"summary_large_image\" \/>\n<meta name=\"twitter:creator\" content=\"@sunoresearch\" \/>\n<meta name=\"twitter:site\" content=\"@sunoresearch\" \/>\n<meta name=\"twitter:label1\" content=\"Escrito por\" \/>\n\t<meta name=\"twitter:data1\" content=\"Laura Moutinho\" \/>\n\t<meta name=\"twitter:label2\" content=\"Est. tempo de leitura\" \/>\n\t<meta name=\"twitter:data2\" content=\"2 minutos\" \/>\n<script type=\"application\/ld+json\" class=\"yoast-schema-graph\">{\"@context\":\"https:\/\/schema.org\",\"@graph\":[{\"@type\":\"NewsArticle\",\"@id\":\"https:\/\/www.suno.com.br\/noticias\/biden-propoe-nvestimento-infraestrutura-alta-imposto\/#article\",\"isPartOf\":{\"@id\":\"https:\/\/www.suno.com.br\/noticias\/biden-propoe-nvestimento-infraestrutura-alta-imposto\/\"},\"author\":{\"name\":\"Laura Moutinho\",\"@id\":\"https:\/\/www.suno.com.br\/noticias\/#\/schema\/person\/3df0d2808748b74496efe5dbeaef2c72\"},\"headline\":\"Biden prop\u00f5e US$ 2 tri em investimento \u00e0 infraestrutura e alta de imposto\",\"datePublished\":\"2021-04-01T00:07:32+00:00\",\"dateModified\":\"2021-06-14T02:25:50+00:00\",\"mainEntityOfPage\":{\"@id\":\"https:\/\/www.suno.com.br\/noticias\/biden-propoe-nvestimento-infraestrutura-alta-imposto\/\"},\"wordCount\":398,\"publisher\":{\"@id\":\"https:\/\/www.suno.com.br\/noticias\/#organization\"},\"image\":{\"@id\":\"https:\/\/www.suno.com.br\/noticias\/biden-propoe-nvestimento-infraestrutura-alta-imposto\/#primaryimage\"},\"thumbnailUrl\":\"https:\/\/files.sunoresearch.com.br\/n\/uploads\/2021\/03\/a721ef0d-joe-biden-jpg.webp\",\"keywords\":[\"Estados Unidos (EUA)\",\"Joe Biden\"],\"articleSection\":[\"Internacional\"],\"inLanguage\":\"pt-BR\"},{\"@type\":\"WebPage\",\"@id\":\"https:\/\/www.suno.com.br\/noticias\/biden-propoe-nvestimento-infraestrutura-alta-imposto\/\",\"url\":\"https:\/\/www.suno.com.br\/noticias\/biden-propoe-nvestimento-infraestrutura-alta-imposto\/\",\"name\":\"Biden prop\u00f5e US$ 2 tri em investimento \u00e0 infraestrutura e alta de imposto\",\"isPartOf\":{\"@id\":\"https:\/\/www.suno.com.br\/noticias\/#website\"},\"primaryImageOfPage\":{\"@id\":\"https:\/\/www.suno.com.br\/noticias\/biden-propoe-nvestimento-infraestrutura-alta-imposto\/#primaryimage\"},\"image\":{\"@id\":\"https:\/\/www.suno.com.br\/noticias\/biden-propoe-nvestimento-infraestrutura-alta-imposto\/#primaryimage\"},\"thumbnailUrl\":\"https:\/\/files.sunoresearch.com.br\/n\/uploads\/2021\/03\/a721ef0d-joe-biden-jpg.webp\",\"datePublished\":\"2021-04-01T00:07:32+00:00\",\"dateModified\":\"2021-06-14T02:25:50+00:00\",\"description\":\"Biden apresentou detalhes da proposta que mobiliza cerca de US$ 2 tri em investimentos na infraestrutura dos EUA. Clique aqui e saiba mais!\",\"breadcrumb\":{\"@id\":\"https:\/\/www.suno.com.br\/noticias\/biden-propoe-nvestimento-infraestrutura-alta-imposto\/#breadcrumb\"},\"inLanguage\":\"pt-BR\",\"potentialAction\":[{\"@type\":\"ReadAction\",\"target\":[\"https:\/\/www.suno.com.br\/noticias\/biden-propoe-nvestimento-infraestrutura-alta-imposto\/\"]}]},{\"@type\":\"ImageObject\",\"inLanguage\":\"pt-BR\",\"@id\":\"https:\/\/www.suno.com.br\/noticias\/biden-propoe-nvestimento-infraestrutura-alta-imposto\/#primaryimage\",\"url\":\"https:\/\/files.sunoresearch.com.br\/n\/uploads\/2021\/03\/a721ef0d-joe-biden-jpg.webp\",\"contentUrl\":\"https:\/\/files.sunoresearch.com.br\/n\/uploads\/2021\/03\/a721ef0d-joe-biden-jpg.webp\",\"width\":1201,\"height\":1201,\"caption\":\"Joe Biden. Foto: Reprodu\u00e7\u00e3o Facebook\"},{\"@type\":\"BreadcrumbList\",\"@id\":\"https:\/\/www.suno.com.br\/noticias\/biden-propoe-nvestimento-infraestrutura-alta-imposto\/#breadcrumb\",\"itemListElement\":[{\"@type\":\"ListItem\",\"position\":1,\"name\":\"Not\u00edcias\",\"item\":\"https:\/\/www.suno.com.br\/noticias\/\"},{\"@type\":\"ListItem\",\"position\":2,\"name\":\"Internacional\",\"item\":\"https:\/\/www.suno.com.br\/noticias\/internacional\/\"},{\"@type\":\"ListItem\",\"position\":3,\"name\":\"Biden prop\u00f5e US$ 2 tri em investimento \u00e0 infraestrutura e alta de imposto\"}]},{\"@type\":\"WebSite\",\"@id\":\"https:\/\/www.suno.com.br\/noticias\/#website\",\"url\":\"https:\/\/www.suno.com.br\/noticias\/\",\"name\":\"Suno Not\u00edcias\",\"description\":\"Seu portal de informa\u00e7\u00e3o sobre o mundo dos investimentos\",\"publisher\":{\"@id\":\"https:\/\/www.suno.com.br\/noticias\/#organization\"},\"potentialAction\":[{\"@type\":\"SearchAction\",\"target\":{\"@type\":\"EntryPoint\",\"urlTemplate\":\"https:\/\/www.suno.com.br\/noticias\/?s={search_term_string}\"},\"query-input\":{\"@type\":\"PropertyValueSpecification\",\"valueRequired\":true,\"valueName\":\"search_term_string\"}}],\"inLanguage\":\"pt-BR\"},{\"@type\":\"Organization\",\"@id\":\"https:\/\/www.suno.com.br\/noticias\/#organization\",\"name\":\"Suno Not\u00edcias\",\"url\":\"https:\/\/www.suno.com.br\/noticias\/\",\"logo\":{\"@type\":\"ImageObject\",\"inLanguage\":\"pt-BR\",\"@id\":\"https:\/\/www.suno.com.br\/noticias\/#\/schema\/logo\/image\/\",\"url\":\"https:\/\/files.sunoresearch.com.br\/n\/uploads\/2021\/09\/suno-logo.png\",\"contentUrl\":\"https:\/\/files.sunoresearch.com.br\/n\/uploads\/2021\/09\/suno-logo.png\",\"width\":180,\"height\":180,\"caption\":\"Suno Not\u00edcias\"},\"image\":{\"@id\":\"https:\/\/www.suno.com.br\/noticias\/#\/schema\/logo\/image\/\"},\"sameAs\":[\"https:\/\/facebook.com\/sunoresearch\",\"https:\/\/x.com\/sunoresearch\",\"https:\/\/www.instagram.com\/suno\",\"https:\/\/www.linkedin.com\/company\/suno-research\/\",\"https:\/\/www.youtube.com\/c\/sunoresearch\"]},{\"@type\":\"Person\",\"@id\":\"https:\/\/www.suno.com.br\/noticias\/#\/schema\/person\/3df0d2808748b74496efe5dbeaef2c72\",\"name\":\"Laura Moutinho\",\"image\":{\"@type\":\"ImageObject\",\"inLanguage\":\"pt-BR\",\"@id\":\"https:\/\/www.suno.com.br\/noticias\/#\/schema\/person\/image\/\",\"url\":\"https:\/\/secure.gravatar.com\/avatar\/7571c7c8ca3a6fca5e41384ece5557ff?s=96&r=g\",\"contentUrl\":\"https:\/\/secure.gravatar.com\/avatar\/7571c7c8ca3a6fca5e41384ece5557ff?s=96&r=g\",\"caption\":\"Laura Moutinho\"},\"description\":\"Estagi\u00e1ria na Suno Not\u00edcias, escreve not\u00edcias que afetam o mercado financeiro. Estuda administra\u00e7\u00e3o na Universidade Presbiteriana Mackenzie.\",\"url\":\"https:\/\/www.suno.com.br\/noticias\/author\/laura-moutinho\/\"}]}<\/script>\n<!-- \/ Yoast SEO plugin. -->","yoast_head_json":{"title":"Biden prop\u00f5e US$ 2 tri em investimento \u00e0 infraestrutura e alta de imposto","description":"Biden apresentou detalhes da proposta que mobiliza cerca de US$ 2 tri em investimentos na infraestrutura dos EUA. Clique aqui e saiba mais!","robots":{"index":"index","follow":"follow","max-snippet":"max-snippet:-1","max-image-preview":"max-image-preview:large","max-video-preview":"max-video-preview:-1"},"canonical":"https:\/\/www.suno.com.br\/noticias\/biden-propoe-nvestimento-infraestrutura-alta-imposto\/","og_locale":"pt_BR","og_type":"article","og_title":"Biden prop\u00f5e US$ 2 tri em investimento \u00e0 infraestrutura e alta de imposto","og_description":"Biden apresentou detalhes da proposta que mobiliza cerca de US$ 2 tri em investimentos na infraestrutura dos EUA. Clique aqui e saiba mais!","og_url":"https:\/\/www.suno.com.br\/noticias\/biden-propoe-nvestimento-infraestrutura-alta-imposto\/","og_site_name":"Suno Not\u00edcias","article_publisher":"https:\/\/facebook.com\/sunoresearch","og_image":[{"width":1201,"height":1201,"url":"https:\/\/files.sunoresearch.com.br\/n\/uploads\/2021\/03\/a721ef0d-joe-biden.jpg","type":"image\/jpeg"}],"author":"Laura Moutinho","twitter_card":"summary_large_image","twitter_creator":"@sunoresearch","twitter_site":"@sunoresearch","twitter_misc":{"Escrito por":"Laura Moutinho","Est. tempo de leitura":"2 minutos"},"schema":{"@context":"https:\/\/schema.org","@graph":[{"@type":"NewsArticle","@id":"https:\/\/www.suno.com.br\/noticias\/biden-propoe-nvestimento-infraestrutura-alta-imposto\/#article","isPartOf":{"@id":"https:\/\/www.suno.com.br\/noticias\/biden-propoe-nvestimento-infraestrutura-alta-imposto\/"},"author":{"name":"Laura Moutinho","@id":"https:\/\/www.suno.com.br\/noticias\/#\/schema\/person\/3df0d2808748b74496efe5dbeaef2c72"},"headline":"Biden prop\u00f5e US$ 2 tri em investimento \u00e0 infraestrutura e alta de imposto","datePublished":"2021-04-01T00:07:32+00:00","dateModified":"2021-06-14T02:25:50+00:00","mainEntityOfPage":{"@id":"https:\/\/www.suno.com.br\/noticias\/biden-propoe-nvestimento-infraestrutura-alta-imposto\/"},"wordCount":398,"publisher":{"@id":"https:\/\/www.suno.com.br\/noticias\/#organization"},"image":{"@id":"https:\/\/www.suno.com.br\/noticias\/biden-propoe-nvestimento-infraestrutura-alta-imposto\/#primaryimage"},"thumbnailUrl":"https:\/\/files.sunoresearch.com.br\/n\/uploads\/2021\/03\/a721ef0d-joe-biden-jpg.webp","keywords":["Estados Unidos (EUA)","Joe Biden"],"articleSection":["Internacional"],"inLanguage":"pt-BR"},{"@type":"WebPage","@id":"https:\/\/www.suno.com.br\/noticias\/biden-propoe-nvestimento-infraestrutura-alta-imposto\/","url":"https:\/\/www.suno.com.br\/noticias\/biden-propoe-nvestimento-infraestrutura-alta-imposto\/","name":"Biden prop\u00f5e US$ 2 tri em investimento \u00e0 infraestrutura e alta de imposto","isPartOf":{"@id":"https:\/\/www.suno.com.br\/noticias\/#website"},"primaryImageOfPage":{"@id":"https:\/\/www.suno.com.br\/noticias\/biden-propoe-nvestimento-infraestrutura-alta-imposto\/#primaryimage"},"image":{"@id":"https:\/\/www.suno.com.br\/noticias\/biden-propoe-nvestimento-infraestrutura-alta-imposto\/#primaryimage"},"thumbnailUrl":"https:\/\/files.sunoresearch.com.br\/n\/uploads\/2021\/03\/a721ef0d-joe-biden-jpg.webp","datePublished":"2021-04-01T00:07:32+00:00","dateModified":"2021-06-14T02:25:50+00:00","description":"Biden apresentou detalhes da proposta que mobiliza cerca de US$ 2 tri em investimentos na infraestrutura dos EUA. Clique aqui e saiba mais!","breadcrumb":{"@id":"https:\/\/www.suno.com.br\/noticias\/biden-propoe-nvestimento-infraestrutura-alta-imposto\/#breadcrumb"},"inLanguage":"pt-BR","potentialAction":[{"@type":"ReadAction","target":["https:\/\/www.suno.com.br\/noticias\/biden-propoe-nvestimento-infraestrutura-alta-imposto\/"]}]},{"@type":"ImageObject","inLanguage":"pt-BR","@id":"https:\/\/www.suno.com.br\/noticias\/biden-propoe-nvestimento-infraestrutura-alta-imposto\/#primaryimage","url":"https:\/\/files.sunoresearch.com.br\/n\/uploads\/2021\/03\/a721ef0d-joe-biden-jpg.webp","contentUrl":"https:\/\/files.sunoresearch.com.br\/n\/uploads\/2021\/03\/a721ef0d-joe-biden-jpg.webp","width":1201,"height":1201,"caption":"Joe Biden. Foto: Reprodu\u00e7\u00e3o Facebook"},{"@type":"BreadcrumbList","@id":"https:\/\/www.suno.com.br\/noticias\/biden-propoe-nvestimento-infraestrutura-alta-imposto\/#breadcrumb","itemListElement":[{"@type":"ListItem","position":1,"name":"Not\u00edcias","item":"https:\/\/www.suno.com.br\/noticias\/"},{"@type":"ListItem","position":2,"name":"Internacional","item":"https:\/\/www.suno.com.br\/noticias\/internacional\/"},{"@type":"ListItem","position":3,"name":"Biden prop\u00f5e US$ 2 tri em investimento \u00e0 infraestrutura e alta de imposto"}]},{"@type":"WebSite","@id":"https:\/\/www.suno.com.br\/noticias\/#website","url":"https:\/\/www.suno.com.br\/noticias\/","name":"Suno Not\u00edcias","description":"Seu portal de informa\u00e7\u00e3o sobre o mundo dos investimentos","publisher":{"@id":"https:\/\/www.suno.com.br\/noticias\/#organization"},"potentialAction":[{"@type":"SearchAction","target":{"@type":"EntryPoint","urlTemplate":"https:\/\/www.suno.com.br\/noticias\/?s={search_term_string}"},"query-input":{"@type":"PropertyValueSpecification","valueRequired":true,"valueName":"search_term_string"}}],"inLanguage":"pt-BR"},{"@type":"Organization","@id":"https:\/\/www.suno.com.br\/noticias\/#organization","name":"Suno Not\u00edcias","url":"https:\/\/www.suno.com.br\/noticias\/","logo":{"@type":"ImageObject","inLanguage":"pt-BR","@id":"https:\/\/www.suno.com.br\/noticias\/#\/schema\/logo\/image\/","url":"https:\/\/files.sunoresearch.com.br\/n\/uploads\/2021\/09\/suno-logo.png","contentUrl":"https:\/\/files.sunoresearch.com.br\/n\/uploads\/2021\/09\/suno-logo.png","width":180,"height":180,"caption":"Suno Not\u00edcias"},"image":{"@id":"https:\/\/www.suno.com.br\/noticias\/#\/schema\/logo\/image\/"},"sameAs":["https:\/\/facebook.com\/sunoresearch","https:\/\/x.com\/sunoresearch","https:\/\/www.instagram.com\/suno","https:\/\/www.linkedin.com\/company\/suno-research\/","https:\/\/www.youtube.com\/c\/sunoresearch"]},{"@type":"Person","@id":"https:\/\/www.suno.com.br\/noticias\/#\/schema\/person\/3df0d2808748b74496efe5dbeaef2c72","name":"Laura Moutinho","image":{"@type":"ImageObject","inLanguage":"pt-BR","@id":"https:\/\/www.suno.com.br\/noticias\/#\/schema\/person\/image\/","url":"https:\/\/secure.gravatar.com\/avatar\/7571c7c8ca3a6fca5e41384ece5557ff?s=96&r=g","contentUrl":"https:\/\/secure.gravatar.com\/avatar\/7571c7c8ca3a6fca5e41384ece5557ff?s=96&r=g","caption":"Laura Moutinho"},"description":"Estagi\u00e1ria na Suno Not\u00edcias, escreve not\u00edcias que afetam o mercado financeiro. Estuda administra\u00e7\u00e3o na Universidade Presbiteriana Mackenzie.","url":"https:\/\/www.suno.com.br\/noticias\/author\/laura-moutinho\/"}]}},"default_loop_html":"<div class=\"cardsPage__listCard__boxs\"><div class=\"cardsPage__listCard__boxs__img\"><a href=\"https:\/\/www.suno.com.br\/noticias\/biden-propoe-nvestimento-infraestrutura-alta-imposto\/\"><img class=\"mask\" src=\"https:\/\/www.suno.com.br\/noticias\/wp-content\/themes\/suno\/resources\/images\/spotlight\/spotlight1img\/bg-mask.png\" alt=\"Image Mask\"\/><img src=\"https:\/\/files.sunoresearch.com.br\/n\/uploads\/2021\/03\/a721ef0d-joe-biden-400x200.webp\" alt=\"Biden prop\u00f5e US$ 2 tri em investimento \u00e0 infraestrutura e alta de imposto\"\/><\/a><span class=\"spotlightCategory\"><a href=\"https:\/\/www.suno.com.br\/noticias\/internacional\/\">Internacional<\/a><\/span><\/div><div class=\"cardsPage__listCard__boxs__content\"><a href=\"https:\/\/www.suno.com.br\/noticias\/biden-propoe-nvestimento-infraestrutura-alta-imposto\/\"><h2 class=\"content__title\">Biden prop\u00f5e US$ 2 tri em investimento \u00e0 infraestrutura e alta de imposto<\/h2><\/a><div class=\"newsContent__article__meta\"><div class=\"newsContent__article__meta__authorBox\"><a href=\"https:\/\/www.suno.com.br\/noticias\/author\/laura-moutinho\/\" class=\"authorBox__avatar noMobi\"><img src=\"https:\/\/files.sunoresearch.com.br\/n\/uploads\/2020\/08\/531ff69d-whatsapp-image-2020-08-03-at-14.54.38-150x150.webp\" alt=\"Laura Moutinho\"><\/a><div class=\"authorBox__name\"><span>por\n\t\t\t<a href=\"https:\/\/www.suno.com.br\/noticias\/author\/laura-moutinho\/\"><span itemprop=\"author\">Laura Moutinho<\/span><\/a><\/span><time datetime=\"2021-03-31T21:07:32-03:00\" itemprop=\"datePublished\">31\/03\/2021 21:07<\/time><\/div><\/div><\/div><\/div><\/div>","single_layout":"posts","amp_enabled":true,"_links":{"self":[{"href":"https:\/\/www.suno.com.br\/noticias\/wp-json\/wp\/v2\/posts\/136257"}],"collection":[{"href":"https:\/\/www.suno.com.br\/noticias\/wp-json\/wp\/v2\/posts"}],"about":[{"href":"https:\/\/www.suno.com.br\/noticias\/wp-json\/wp\/v2\/types\/post"}],"author":[{"embeddable":true,"href":"https:\/\/www.suno.com.br\/noticias\/wp-json\/wp\/v2\/users\/39"}],"replies":[{"embeddable":true,"href":"https:\/\/www.suno.com.br\/noticias\/wp-json\/wp\/v2\/comments?post=136257"}],"version-history":[{"count":2,"href":"https:\/\/www.suno.com.br\/noticias\/wp-json\/wp\/v2\/posts\/136257\/revisions"}],"predecessor-version":[{"id":136295,"href":"https:\/\/www.suno.com.br\/noticias\/wp-json\/wp\/v2\/posts\/136257\/revisions\/136295"}],"wp:featuredmedia":[{"embeddable":true,"href":"https:\/\/www.suno.com.br\/noticias\/wp-json\/wp\/v2\/media\/136293"}],"wp:attachment":[{"href":"https:\/\/www.suno.com.br\/noticias\/wp-json\/wp\/v2\/media?parent=136257"}],"wp:term":[{"taxonomy":"category","embeddable":true,"href":"https:\/\/www.suno.com.br\/noticias\/wp-json\/wp\/v2\/categories?post=136257"},{"taxonomy":"post_tag","embeddable":true,"href":"https:\/\/www.suno.com.br\/noticias\/wp-json\/wp\/v2\/tags?post=136257"},{"taxonomy":"suno_strategy","embeddable":true,"href":"https:\/\/www.suno.com.br\/noticias\/wp-json\/wp\/v2\/suno_strategy?post=136257"}],"curies":[{"name":"wp","href":"https:\/\/api.w.org\/{rel}","templated":true}]}}