{"id":136202,"date":"2021-03-31T17:42:25","date_gmt":"2021-03-31T20:42:25","guid":{"rendered":"https:\/\/www.suno.com.br\/noticias\/?p=136202"},"modified":"2021-05-29T20:36:46","modified_gmt":"2021-05-29T23:36:46","slug":"dolar-forte-queda-31032021","status":"publish","type":"post","link":"https:\/\/www.suno.com.br\/noticias\/dolar-forte-queda-31032021\/","title":{"rendered":"D\u00f3lar fecha em queda de 2,31%, negociado a R$ 5,629"},"content":{"rendered":"<p>O <strong>d\u00f3lar<\/strong> encerrou o preg\u00e3o desta quarta-feira (31) em forte queda de 2,31%, negociado a R$ 5,629.<\/p>\t<div class=\"wrapper-featured-image\">\n\t\t<figure class=\"spotlightImg\">\n\n\t\t\t<picture>\n\t\t\t\t<source media=\"(max-width: 768px)\" srcset=\"https:\/\/files.sunoresearch.com.br\/n\/uploads\/2021\/03\/40ac2dce-dollars-426023_1280-400x200.webp\">\n\t\t\t\t<img loading=\"lazy\" decoding=\"async\" class=\"newsContent__article__imgCapa lazyloadDisabled \" src=\"https:\/\/files.sunoresearch.com.br\/n\/uploads\/2021\/03\/40ac2dce-dollars-426023_1280-800x450.webp\" width=\"800\" height=\"450\" alt=\"D\u00f3lar fecha em queda de 2,31%, negociado a R$ 5,629\" fetchpriority=high \/>\n\t\t\t<\/picture>\n\n\t\t\t<figcaption class=\"wp-caption-text wp-caption-text--show\">D\u00f3lar. Foto: Pixabay<\/figcaption>\n\t\t<\/figure>\n\t<\/div>\n\n\n\t<p>\n\t\t<a href=\"https:\/\/lp.suno.com.br\/planilha-controle-gastos\/\" target=\"_blank\" data-element=\"shortcode-suno-banner\" title=\"Banner SUNO, clique e saiba mais\">\n\t\t\t<picture>\n\t\t\t\t<source media=\"(max-width: 500px)\" srcset=\"https:\/\/files.sunoresearch.com.br\/n\/uploads\/2023\/03\/400x300-Planilha-controle-de-gastos.png\">\n\t\t\t\t<img class=\"newsContent__article__imgCapa newsContent__article__imgCapa--banner\"\n\t\t\t\t\tsrc=\"https:\/\/files.sunoresearch.com.br\/n\/uploads\/2023\/03\/1420x240-Planilha-controle-de-gastos.png\"\n\t\t\t\t\tdata-promo-id=\"101751\"\t\t\t\t\t\t\t\t\t\twidth='1420' height='240'\t\t\t\t\talt=\"https:\/\/files.sunoresearch.com.br\/n\/uploads\/2023\/03\/1420x240-Planilha-controle-de-gastos.png\"\n\t\t\t\t>\n\t\t\t<\/picture>\n\t\t<\/a>\n\t<\/p>\n\n\n<p>Nesta tarde, os investidores estavam atentos ao leil\u00e3o de<a href=\"https:\/\/www.suno.com.br\/artigos\/swap\/\"> swap tradicional<\/a> do Banco Central e defini\u00e7\u00e3o da <a href=\"https:\/\/www.suno.com.br\/artigos\/ptax\/\">Ptax<\/a>. Por volta das 15h00, o d\u00f3lar tinha queda de 1,95%, negociado a R$ 5,66.<\/p>\n<p>Por ser o \u00faltimo dia do m\u00eas, hoje acontece a defini\u00e7\u00e3o da<strong> taxa referencial<\/strong> de c\u00e2mbio do real para todas as moedas negociadas no mercado cambial, esse \u00edndice \u00e9 definido pelo Banco Central e \u00e9 chamado de Ptax.<\/p>\n<p><a href=\"https:\/\/lp.suno.com.br\/suno-one\/\">Suno One: acesse gratuitamente eBooks, Minicursos, Artigos e V\u00eddeo Aulas sobre investimentos com um \u00fanico cadastro. Clique para saber mais!<\/a><\/p>\n<p>Segundo Cristiane Quartarolli, economista do Banco Ourinvest, o Real foi a segunda moeda que mais depreciou desde o in\u00edcio deste ano, apenas perdeu para a Turquia. &#8220;Lembrando que a Turquia s\u00f3 foi pior por conta da sa\u00edda do Banco Central, que gerou bastante estresse no mercado&#8221;.<\/p>\n<p>&#8220;O risco do Brasil est\u00e1 bem alto, o que acaba afetando a imagem do Pa\u00eds diante dos investidores estrangeiros, que v\u00e3o em busca de ativos mais seguros. Para o pr\u00f3ximo trimestre, n\u00e3o acredito que a situa\u00e7\u00e3o deva se alterar muito&#8221;.<\/p>\n<p>Al\u00e9m disso, confira outras not\u00edcias importantes do dia:<\/p>\n<ul>\n<li>Desemprego no trimestre at\u00e9 janeiro foi de 14,2%, diz IBGE<\/li>\n<li>Setor p\u00fablico tem d\u00e9ficit prim\u00e1rio de R$ 11,770 bi em fevereiro, revela BC<\/li>\n<li>D\u00edvida bruta de 90% do PIB em fevereiro alcan\u00e7ou seu valor recorde, diz BC<\/li>\n<li>PIB do Reino Unido cresce 1,3% no 4\u00batri ante 3\u00batri; em 2020, sofre tombo de 9,8%<\/li>\n<\/ul>\n<h2>Desemprego<\/h2>\n<p>O <a href=\"https:\/\/www.suno.com.br\/artigos\/indice-de-desemprego\/\" target=\"_blank\" rel=\"noopener noreferrer\"><strong>desemprego<\/strong> no Brasil<\/a> ficou em 14,2% no trimestre encerrado em janeiro, de acordo com os dados da Pesquisa Nacional por Amostra de Domic\u00edlios Cont\u00ednua (Pnad Cont\u00ednua) divulgados nesta quarta-feira (31) pelo <a href=\"https:\/\/www.suno.com.br\/artigos\/ibge\/\" target=\"_blank\" rel=\"noopener noreferrer\">Instituto Brasileiro de Geografia e Estat\u00edstica (IBGE)<\/a>. No mesmo per\u00edodo de 2020, o desemprego era de 11,2%; j\u00e1 no trimestre encerrado em dezembro de 2020, a taxa de desocupa\u00e7\u00e3o estava em 13,9%.<\/p>\n<p>A<strong> renda m\u00e9dia<\/strong> real do trabalhador foi de R$ 2.521 no trimestre encerrado em janeiro. O resultado representa alta de 2,2% em rela\u00e7\u00e3o ao mesmo per\u00edodo do ano anterior. A massa de renda real habitual paga aos ocupados somou R$ 211,432 bilh\u00f5es no trimestre at\u00e9 janeiro, queda de 6,9% ante igual per\u00edodo do ano anterior.<\/p>\n\t<div data-element=\"shortcode-read-more\" class=\"knowMore\">\n\t\t\t\t<span class=\"knowMore__title\">Saiba Mais<\/span>\n\t\t\t\t<a class=\"knowMore__link\" href=\"https:\/\/www.suno.com.br\/noticias\/desemprego-no-trimestre-ate-janeiro\/\">\n\t\t\tDesemprego no trimestre at\u00e9 janeiro foi de 14,2%, diz IBGE\t\t<\/a>\n\t<\/div>\n\n\n<h2>D\u00e9ficit prim\u00e1rio do setor p\u00fablico<\/h2>\n<p>Sob os efeitos econ\u00f4micos da pandemia do novo coronav\u00edrus, o setor p\u00fablico consolidado (Governo Central, Estados, munic\u00edpios e estatais, com exce\u00e7\u00e3o de Petrobras e Eletrobras) apresentou d\u00e9ficit prim\u00e1rio de R$ 11,770 bilh\u00f5es em fevereiro, informou nesta quarta-feira, 31, o Banco Central. Em janeiro deste ano, havia sido registrado super\u00e1vit de R$ 58,375 bilh\u00f5es e, em fevereiro de 2020, d\u00e9ficit de R$ 20,901 bilh\u00f5es.<\/p>\n<p>O resultado prim\u00e1rio reflete a diferen\u00e7a entre receitas e despesas do setor p\u00fablico, antes do pagamento da d\u00edvida p\u00fablica.<\/p>\n\t<div data-element=\"shortcode-read-more\" class=\"knowMore\">\n\t\t\t\t<span class=\"knowMore__title\">Saiba Mais<\/span>\n\t\t\t\t<a class=\"knowMore__link\" href=\"https:\/\/www.suno.com.br\/noticias\/setor-publico-deficit-primario-fevereiro-bc\/\">\n\t\t\tSetor p\u00fablico tem d\u00e9ficit prim\u00e1rio de R$ 11,770 bi em fevereiro, revela BC\t\t<\/a>\n\t<\/div>\n\n\n<h2>D\u00edvida bruta<\/h2>\n<p>O chefe do Departamento de Estat\u00edsticas do Banco Central, Fernando Rocha, afirmou nesta quarta-feira, 31, que a D\u00edvida Bruta do Governo Geral, de 90,0% do <a href=\"https:\/\/www.suno.com.br\/artigos\/pib-produto-interno-bruto\/\">Produto Interno Bruto (PIB)<\/a> em fevereiro, representa um valor recorde para a s\u00e9rie hist\u00f3rica.<\/p>\n<p>Segundo ele, um dos principais motivos para este movimento foi o efeito cambial. Na pr\u00e1tica, a desvaloriza\u00e7\u00e3o cambial em fevereiro elevou a d\u00edvida externa.<\/p>\n<p>De janeiro para fevereiro, a d\u00edvida externa passou de 11,1% do Produto Interno Bruto para 11,5%. Como a d\u00edvida bruta n\u00e3o leva em conta as reservas internacionais do Brasil, isso impulsionou a d\u00edvida bruta.<\/p>\n<h2>PIB do Reino Unido<\/h2>\n<p>O Produto Interno Bruto (PIB) do Reino Unido cresceu 1,3% no quarto trimestre de 2020 ante o terceiro trimestre, segundo dados finais divulgados nesta quarta-feira pelo ONS, como \u00e9 conhecido o escrit\u00f3rio de estat\u00edsticas do pa\u00eds. J\u00e1 na compara\u00e7\u00e3o anual, o PIB brit\u00e2nico encolheu 7,3% entre outubro e dezembro em meio aos efeitos da pandemia de covid-19.<\/p>\n<p>Os resultados superaram as estimativas originais e as previs\u00f5es de analistas consultados pelo <i>The Wall Street Journal<\/i>, de alta trimestral de 1% e queda anual de 7,8%. Em 2020 como um todo, a economia brit\u00e2nica sofreu contra\u00e7\u00e3o de 9,8%, a maior da hist\u00f3ria. A leitura inicial, por\u00e9m, era de queda um pouco mais acentuada, de 9,9%.<\/p>\n<h2>\u00daltima cota\u00e7\u00e3o do d\u00f3lar<\/h2>\n<p>Na \u00faltima sess\u00e3o, ter\u00e7a-feira (30), o <strong>d\u00f3lar<\/strong> encerrou em queda de 0,08%, negociado a R$ 5,762.<\/p>\n\t<p>\n\t\t<a href=\"https:\/\/lp.suno.com.br\/planilha-controle-gastos\/\" target=\"_blank\" data-element=\"shortcode-suno-banner\" title=\"Banner SUNO, clique e saiba mais\">\n\t\t\t<picture>\n\t\t\t\t<source media=\"(max-width: 500px)\" srcset=\"https:\/\/files.sunoresearch.com.br\/n\/uploads\/2023\/03\/400x300-Planilha-controle-de-gastos.png\">\n\t\t\t\t<img class=\"newsContent__article__imgCapa newsContent__article__imgCapa--banner\"\n\t\t\t\t\tsrc=\"https:\/\/files.sunoresearch.com.br\/n\/uploads\/2023\/03\/1420x240-Planilha-controle-de-gastos.png\"\n\t\t\t\t\tdata-promo-id=\"101751\"\t\t\t\t\t\t\t\t\t\twidth='1420' height='240'\t\t\t\t\talt=\"https:\/\/files.sunoresearch.com.br\/n\/uploads\/2023\/03\/1420x240-Planilha-controle-de-gastos.png\"\n\t\t\t\t>\n\t\t\t<\/picture>\n\t\t<\/a>\n\t<\/p>\n\n\n","protected":false},"excerpt":{"rendered":"<p>O d\u00f3lar encerrou o preg\u00e3o desta quarta-feira (31) em forte queda de 2,31%, negociado a R$ 5,629. D\u00f3lar. Foto: Pixabay Nesta tarde, os investidores estavam atentos ao leil\u00e3o de swap tradicional do Banco Central e defini\u00e7\u00e3o da Ptax. Por volta das 15h00, o d\u00f3lar tinha queda de 1,95%, negociado a R$ 5,66. Por ser o [&hellip;]<\/p>\n","protected":false},"author":56,"featured_media":136223,"comment_status":"closed","ping_status":"closed","sticky":false,"template":"","format":"standard","meta":[],"categories":[60],"tags":[1296,326,105816,807,730],"suno_strategy":[],"class_list":["post-136202","post","type-post","status-publish","format-standard","has-post-thumbnail","hentry","category-mercado","tag-desemprego","tag-dolar","tag-especialistas","tag-produto-interno-bruto-pib","tag-reino-unido"],"yoast_head":"<!-- This site is optimized with the Yoast SEO plugin v24.4 - https:\/\/yoast.com\/wordpress\/plugins\/seo\/ -->\n<title>D\u00f3lar fecha em queda de 2,31%, negociado a R$ 5,629<\/title>\n<meta name=\"description\" content=\"J\u00e1 por volta das 15h00, o d\u00f3lar registrava uma queda de 1,95%, negociado a R$ 5,66. Clique aqui para saber mais sobre a moeda.\" \/>\n<meta name=\"robots\" content=\"index, follow, max-snippet:-1, max-image-preview:large, max-video-preview:-1\" \/>\n<link rel=\"canonical\" href=\"https:\/\/www.suno.com.br\/noticias\/dolar-forte-queda-31032021\/\" \/>\n<meta property=\"og:locale\" content=\"pt_BR\" \/>\n<meta property=\"og:type\" content=\"article\" \/>\n<meta property=\"og:title\" content=\"D\u00f3lar fecha em queda de 2,31%, negociado a R$ 5,629\" \/>\n<meta property=\"og:description\" content=\"J\u00e1 por volta das 15h00, o d\u00f3lar registrava uma queda de 1,95%, negociado a R$ 5,66. Clique aqui para saber mais sobre a moeda.\" \/>\n<meta property=\"og:url\" content=\"https:\/\/www.suno.com.br\/noticias\/dolar-forte-queda-31032021\/\" \/>\n<meta property=\"og:site_name\" content=\"Suno Not\u00edcias\" \/>\n<meta property=\"article:publisher\" content=\"https:\/\/facebook.com\/sunoresearch\" \/>\n<meta property=\"og:image\" content=\"https:\/\/files.sunoresearch.com.br\/n\/uploads\/2021\/03\/40ac2dce-dollars-426023_1280.jpg\" \/>\n\t<meta property=\"og:image:width\" content=\"1280\" \/>\n\t<meta property=\"og:image:height\" content=\"679\" \/>\n\t<meta property=\"og:image:type\" content=\"image\/jpeg\" \/>\n<meta name=\"author\" content=\"Rafaela La Regina\" \/>\n<meta name=\"twitter:card\" content=\"summary_large_image\" \/>\n<meta name=\"twitter:creator\" content=\"@sunoresearch\" \/>\n<meta name=\"twitter:site\" content=\"@sunoresearch\" \/>\n<meta name=\"twitter:label1\" content=\"Escrito por\" \/>\n\t<meta name=\"twitter:data1\" content=\"Rafaela La Regina\" \/>\n\t<meta name=\"twitter:label2\" content=\"Est. tempo de leitura\" \/>\n\t<meta name=\"twitter:data2\" content=\"4 minutos\" \/>\n<script type=\"application\/ld+json\" class=\"yoast-schema-graph\">{\"@context\":\"https:\/\/schema.org\",\"@graph\":[{\"@type\":\"NewsArticle\",\"@id\":\"https:\/\/www.suno.com.br\/noticias\/dolar-forte-queda-31032021\/#article\",\"isPartOf\":{\"@id\":\"https:\/\/www.suno.com.br\/noticias\/dolar-forte-queda-31032021\/\"},\"author\":{\"name\":\"Rafaela La Regina\",\"@id\":\"https:\/\/www.suno.com.br\/noticias\/#\/schema\/person\/e672ca8cea627fe715fa29bca7da95e0\"},\"headline\":\"D\u00f3lar fecha em queda de 2,31%, negociado a R$ 5,629\",\"datePublished\":\"2021-03-31T20:42:25+00:00\",\"dateModified\":\"2021-05-29T23:36:46+00:00\",\"mainEntityOfPage\":{\"@id\":\"https:\/\/www.suno.com.br\/noticias\/dolar-forte-queda-31032021\/\"},\"wordCount\":763,\"publisher\":{\"@id\":\"https:\/\/www.suno.com.br\/noticias\/#organization\"},\"image\":{\"@id\":\"https:\/\/www.suno.com.br\/noticias\/dolar-forte-queda-31032021\/#primaryimage\"},\"thumbnailUrl\":\"https:\/\/files.sunoresearch.com.br\/n\/uploads\/2021\/03\/40ac2dce-dollars-426023_1280-jpg.webp\",\"keywords\":[\"Desemprego\",\"d\u00f3lar\",\"Especialistas\",\"Produto Interno Bruto (PIB)\",\"Reino Unido\"],\"articleSection\":[\"Mercado\"],\"inLanguage\":\"pt-BR\"},{\"@type\":\"WebPage\",\"@id\":\"https:\/\/www.suno.com.br\/noticias\/dolar-forte-queda-31032021\/\",\"url\":\"https:\/\/www.suno.com.br\/noticias\/dolar-forte-queda-31032021\/\",\"name\":\"D\u00f3lar fecha em queda de 2,31%, negociado a R$ 5,629\",\"isPartOf\":{\"@id\":\"https:\/\/www.suno.com.br\/noticias\/#website\"},\"primaryImageOfPage\":{\"@id\":\"https:\/\/www.suno.com.br\/noticias\/dolar-forte-queda-31032021\/#primaryimage\"},\"image\":{\"@id\":\"https:\/\/www.suno.com.br\/noticias\/dolar-forte-queda-31032021\/#primaryimage\"},\"thumbnailUrl\":\"https:\/\/files.sunoresearch.com.br\/n\/uploads\/2021\/03\/40ac2dce-dollars-426023_1280-jpg.webp\",\"datePublished\":\"2021-03-31T20:42:25+00:00\",\"dateModified\":\"2021-05-29T23:36:46+00:00\",\"description\":\"J\u00e1 por volta das 15h00, o d\u00f3lar registrava uma queda de 1,95%, negociado a R$ 5,66. Clique aqui para saber mais sobre a moeda.\",\"breadcrumb\":{\"@id\":\"https:\/\/www.suno.com.br\/noticias\/dolar-forte-queda-31032021\/#breadcrumb\"},\"inLanguage\":\"pt-BR\",\"potentialAction\":[{\"@type\":\"ReadAction\",\"target\":[\"https:\/\/www.suno.com.br\/noticias\/dolar-forte-queda-31032021\/\"]}]},{\"@type\":\"ImageObject\",\"inLanguage\":\"pt-BR\",\"@id\":\"https:\/\/www.suno.com.br\/noticias\/dolar-forte-queda-31032021\/#primaryimage\",\"url\":\"https:\/\/files.sunoresearch.com.br\/n\/uploads\/2021\/03\/40ac2dce-dollars-426023_1280-jpg.webp\",\"contentUrl\":\"https:\/\/files.sunoresearch.com.br\/n\/uploads\/2021\/03\/40ac2dce-dollars-426023_1280-jpg.webp\",\"width\":1280,\"height\":679,\"caption\":\"D\u00f3lar. Foto: Pixabay\"},{\"@type\":\"BreadcrumbList\",\"@id\":\"https:\/\/www.suno.com.br\/noticias\/dolar-forte-queda-31032021\/#breadcrumb\",\"itemListElement\":[{\"@type\":\"ListItem\",\"position\":1,\"name\":\"Not\u00edcias\",\"item\":\"https:\/\/www.suno.com.br\/noticias\/\"},{\"@type\":\"ListItem\",\"position\":2,\"name\":\"Mercado\",\"item\":\"https:\/\/www.suno.com.br\/noticias\/mercado\/\"},{\"@type\":\"ListItem\",\"position\":3,\"name\":\"D\u00f3lar fecha em queda de 2,31%, negociado a R$ 5,629\"}]},{\"@type\":\"WebSite\",\"@id\":\"https:\/\/www.suno.com.br\/noticias\/#website\",\"url\":\"https:\/\/www.suno.com.br\/noticias\/\",\"name\":\"Suno Not\u00edcias\",\"description\":\"Seu portal de informa\u00e7\u00e3o sobre o mundo dos investimentos\",\"publisher\":{\"@id\":\"https:\/\/www.suno.com.br\/noticias\/#organization\"},\"potentialAction\":[{\"@type\":\"SearchAction\",\"target\":{\"@type\":\"EntryPoint\",\"urlTemplate\":\"https:\/\/www.suno.com.br\/noticias\/?s={search_term_string}\"},\"query-input\":{\"@type\":\"PropertyValueSpecification\",\"valueRequired\":true,\"valueName\":\"search_term_string\"}}],\"inLanguage\":\"pt-BR\"},{\"@type\":\"Organization\",\"@id\":\"https:\/\/www.suno.com.br\/noticias\/#organization\",\"name\":\"Suno Not\u00edcias\",\"url\":\"https:\/\/www.suno.com.br\/noticias\/\",\"logo\":{\"@type\":\"ImageObject\",\"inLanguage\":\"pt-BR\",\"@id\":\"https:\/\/www.suno.com.br\/noticias\/#\/schema\/logo\/image\/\",\"url\":\"https:\/\/files.sunoresearch.com.br\/n\/uploads\/2021\/09\/suno-logo.png\",\"contentUrl\":\"https:\/\/files.sunoresearch.com.br\/n\/uploads\/2021\/09\/suno-logo.png\",\"width\":180,\"height\":180,\"caption\":\"Suno Not\u00edcias\"},\"image\":{\"@id\":\"https:\/\/www.suno.com.br\/noticias\/#\/schema\/logo\/image\/\"},\"sameAs\":[\"https:\/\/facebook.com\/sunoresearch\",\"https:\/\/x.com\/sunoresearch\",\"https:\/\/www.instagram.com\/suno\",\"https:\/\/www.linkedin.com\/company\/suno-research\/\",\"https:\/\/www.youtube.com\/c\/sunoresearch\"]},{\"@type\":\"Person\",\"@id\":\"https:\/\/www.suno.com.br\/noticias\/#\/schema\/person\/e672ca8cea627fe715fa29bca7da95e0\",\"name\":\"Rafaela La Regina\",\"image\":{\"@type\":\"ImageObject\",\"inLanguage\":\"pt-BR\",\"@id\":\"https:\/\/www.suno.com.br\/noticias\/#\/schema\/person\/image\/\",\"url\":\"https:\/\/secure.gravatar.com\/avatar\/d2c75a52d243deb93d0465fdcb21bd37?s=96&r=g\",\"contentUrl\":\"https:\/\/secure.gravatar.com\/avatar\/d2c75a52d243deb93d0465fdcb21bd37?s=96&r=g\",\"caption\":\"Rafaela La Regina\"},\"description\":\"Estagi\u00e1ria no Suno Not\u00edcias. Escreve sobre economia, pol\u00edtica e neg\u00f3cios. Estuda Rela\u00e7\u00f5es Internacionais no IBMEC-SP.\",\"url\":\"https:\/\/www.suno.com.br\/noticias\/author\/rafaela-la-regina\/\"}]}<\/script>\n<!-- \/ Yoast SEO plugin. -->","yoast_head_json":{"title":"D\u00f3lar fecha em queda de 2,31%, negociado a R$ 5,629","description":"J\u00e1 por volta das 15h00, o d\u00f3lar registrava uma queda de 1,95%, negociado a R$ 5,66. Clique aqui para saber mais sobre a moeda.","robots":{"index":"index","follow":"follow","max-snippet":"max-snippet:-1","max-image-preview":"max-image-preview:large","max-video-preview":"max-video-preview:-1"},"canonical":"https:\/\/www.suno.com.br\/noticias\/dolar-forte-queda-31032021\/","og_locale":"pt_BR","og_type":"article","og_title":"D\u00f3lar fecha em queda de 2,31%, negociado a R$ 5,629","og_description":"J\u00e1 por volta das 15h00, o d\u00f3lar registrava uma queda de 1,95%, negociado a R$ 5,66. Clique aqui para saber mais sobre a moeda.","og_url":"https:\/\/www.suno.com.br\/noticias\/dolar-forte-queda-31032021\/","og_site_name":"Suno Not\u00edcias","article_publisher":"https:\/\/facebook.com\/sunoresearch","og_image":[{"width":1280,"height":679,"url":"https:\/\/files.sunoresearch.com.br\/n\/uploads\/2021\/03\/40ac2dce-dollars-426023_1280.jpg","type":"image\/jpeg"}],"author":"Rafaela La Regina","twitter_card":"summary_large_image","twitter_creator":"@sunoresearch","twitter_site":"@sunoresearch","twitter_misc":{"Escrito por":"Rafaela La Regina","Est. tempo de leitura":"4 minutos"},"schema":{"@context":"https:\/\/schema.org","@graph":[{"@type":"NewsArticle","@id":"https:\/\/www.suno.com.br\/noticias\/dolar-forte-queda-31032021\/#article","isPartOf":{"@id":"https:\/\/www.suno.com.br\/noticias\/dolar-forte-queda-31032021\/"},"author":{"name":"Rafaela La Regina","@id":"https:\/\/www.suno.com.br\/noticias\/#\/schema\/person\/e672ca8cea627fe715fa29bca7da95e0"},"headline":"D\u00f3lar fecha em queda de 2,31%, negociado a R$ 5,629","datePublished":"2021-03-31T20:42:25+00:00","dateModified":"2021-05-29T23:36:46+00:00","mainEntityOfPage":{"@id":"https:\/\/www.suno.com.br\/noticias\/dolar-forte-queda-31032021\/"},"wordCount":763,"publisher":{"@id":"https:\/\/www.suno.com.br\/noticias\/#organization"},"image":{"@id":"https:\/\/www.suno.com.br\/noticias\/dolar-forte-queda-31032021\/#primaryimage"},"thumbnailUrl":"https:\/\/files.sunoresearch.com.br\/n\/uploads\/2021\/03\/40ac2dce-dollars-426023_1280-jpg.webp","keywords":["Desemprego","d\u00f3lar","Especialistas","Produto Interno Bruto (PIB)","Reino Unido"],"articleSection":["Mercado"],"inLanguage":"pt-BR"},{"@type":"WebPage","@id":"https:\/\/www.suno.com.br\/noticias\/dolar-forte-queda-31032021\/","url":"https:\/\/www.suno.com.br\/noticias\/dolar-forte-queda-31032021\/","name":"D\u00f3lar fecha em queda de 2,31%, negociado a R$ 5,629","isPartOf":{"@id":"https:\/\/www.suno.com.br\/noticias\/#website"},"primaryImageOfPage":{"@id":"https:\/\/www.suno.com.br\/noticias\/dolar-forte-queda-31032021\/#primaryimage"},"image":{"@id":"https:\/\/www.suno.com.br\/noticias\/dolar-forte-queda-31032021\/#primaryimage"},"thumbnailUrl":"https:\/\/files.sunoresearch.com.br\/n\/uploads\/2021\/03\/40ac2dce-dollars-426023_1280-jpg.webp","datePublished":"2021-03-31T20:42:25+00:00","dateModified":"2021-05-29T23:36:46+00:00","description":"J\u00e1 por volta das 15h00, o d\u00f3lar registrava uma queda de 1,95%, negociado a R$ 5,66. Clique aqui para saber mais sobre a moeda.","breadcrumb":{"@id":"https:\/\/www.suno.com.br\/noticias\/dolar-forte-queda-31032021\/#breadcrumb"},"inLanguage":"pt-BR","potentialAction":[{"@type":"ReadAction","target":["https:\/\/www.suno.com.br\/noticias\/dolar-forte-queda-31032021\/"]}]},{"@type":"ImageObject","inLanguage":"pt-BR","@id":"https:\/\/www.suno.com.br\/noticias\/dolar-forte-queda-31032021\/#primaryimage","url":"https:\/\/files.sunoresearch.com.br\/n\/uploads\/2021\/03\/40ac2dce-dollars-426023_1280-jpg.webp","contentUrl":"https:\/\/files.sunoresearch.com.br\/n\/uploads\/2021\/03\/40ac2dce-dollars-426023_1280-jpg.webp","width":1280,"height":679,"caption":"D\u00f3lar. Foto: Pixabay"},{"@type":"BreadcrumbList","@id":"https:\/\/www.suno.com.br\/noticias\/dolar-forte-queda-31032021\/#breadcrumb","itemListElement":[{"@type":"ListItem","position":1,"name":"Not\u00edcias","item":"https:\/\/www.suno.com.br\/noticias\/"},{"@type":"ListItem","position":2,"name":"Mercado","item":"https:\/\/www.suno.com.br\/noticias\/mercado\/"},{"@type":"ListItem","position":3,"name":"D\u00f3lar fecha em queda de 2,31%, negociado a R$ 5,629"}]},{"@type":"WebSite","@id":"https:\/\/www.suno.com.br\/noticias\/#website","url":"https:\/\/www.suno.com.br\/noticias\/","name":"Suno Not\u00edcias","description":"Seu portal de informa\u00e7\u00e3o sobre o mundo dos investimentos","publisher":{"@id":"https:\/\/www.suno.com.br\/noticias\/#organization"},"potentialAction":[{"@type":"SearchAction","target":{"@type":"EntryPoint","urlTemplate":"https:\/\/www.suno.com.br\/noticias\/?s={search_term_string}"},"query-input":{"@type":"PropertyValueSpecification","valueRequired":true,"valueName":"search_term_string"}}],"inLanguage":"pt-BR"},{"@type":"Organization","@id":"https:\/\/www.suno.com.br\/noticias\/#organization","name":"Suno Not\u00edcias","url":"https:\/\/www.suno.com.br\/noticias\/","logo":{"@type":"ImageObject","inLanguage":"pt-BR","@id":"https:\/\/www.suno.com.br\/noticias\/#\/schema\/logo\/image\/","url":"https:\/\/files.sunoresearch.com.br\/n\/uploads\/2021\/09\/suno-logo.png","contentUrl":"https:\/\/files.sunoresearch.com.br\/n\/uploads\/2021\/09\/suno-logo.png","width":180,"height":180,"caption":"Suno Not\u00edcias"},"image":{"@id":"https:\/\/www.suno.com.br\/noticias\/#\/schema\/logo\/image\/"},"sameAs":["https:\/\/facebook.com\/sunoresearch","https:\/\/x.com\/sunoresearch","https:\/\/www.instagram.com\/suno","https:\/\/www.linkedin.com\/company\/suno-research\/","https:\/\/www.youtube.com\/c\/sunoresearch"]},{"@type":"Person","@id":"https:\/\/www.suno.com.br\/noticias\/#\/schema\/person\/e672ca8cea627fe715fa29bca7da95e0","name":"Rafaela La Regina","image":{"@type":"ImageObject","inLanguage":"pt-BR","@id":"https:\/\/www.suno.com.br\/noticias\/#\/schema\/person\/image\/","url":"https:\/\/secure.gravatar.com\/avatar\/d2c75a52d243deb93d0465fdcb21bd37?s=96&r=g","contentUrl":"https:\/\/secure.gravatar.com\/avatar\/d2c75a52d243deb93d0465fdcb21bd37?s=96&r=g","caption":"Rafaela La Regina"},"description":"Estagi\u00e1ria no Suno Not\u00edcias. Escreve sobre economia, pol\u00edtica e neg\u00f3cios. Estuda Rela\u00e7\u00f5es Internacionais no IBMEC-SP.","url":"https:\/\/www.suno.com.br\/noticias\/author\/rafaela-la-regina\/"}]}},"default_loop_html":"<div class=\"cardsPage__listCard__boxs\"><div class=\"cardsPage__listCard__boxs__img\"><a href=\"https:\/\/www.suno.com.br\/noticias\/dolar-forte-queda-31032021\/\"><img class=\"mask\" src=\"https:\/\/www.suno.com.br\/noticias\/wp-content\/themes\/suno\/resources\/images\/spotlight\/spotlight1img\/bg-mask.png\" alt=\"Image Mask\"\/><img src=\"https:\/\/files.sunoresearch.com.br\/n\/uploads\/2021\/03\/40ac2dce-dollars-426023_1280-400x200.webp\" alt=\"D\u00f3lar fecha em queda de 2,31%, negociado a R$ 5,629\"\/><\/a><span class=\"spotlightCategory\"><a href=\"https:\/\/www.suno.com.br\/noticias\/mercado\/\">Mercado<\/a><\/span><\/div><div class=\"cardsPage__listCard__boxs__content\"><a href=\"https:\/\/www.suno.com.br\/noticias\/dolar-forte-queda-31032021\/\"><h2 class=\"content__title\">D\u00f3lar fecha em queda de 2,31%, negociado a R$ 5,629<\/h2><\/a><div class=\"newsContent__article__meta\"><div class=\"newsContent__article__meta__authorBox\"><a href=\"https:\/\/www.suno.com.br\/noticias\/author\/rafaela-la-regina\/\" class=\"authorBox__avatar noMobi\"><img src=\"https:\/\/secure.gravatar.com\/avatar\/d2c75a52d243deb93d0465fdcb21bd37?s=96&#038;r=g\" alt=\"Rafaela La Regina\"><\/a><div class=\"authorBox__name\"><span>por\n\t\t\t<a href=\"https:\/\/www.suno.com.br\/noticias\/author\/rafaela-la-regina\/\"><span itemprop=\"author\">Rafaela La Regina<\/span><\/a><\/span><time datetime=\"2021-03-31T17:42:25-03:00\" itemprop=\"datePublished\">31\/03\/2021 17:42<\/time><\/div><\/div><\/div><\/div><\/div>","single_layout":"posts","amp_enabled":true,"_links":{"self":[{"href":"https:\/\/www.suno.com.br\/noticias\/wp-json\/wp\/v2\/posts\/136202"}],"collection":[{"href":"https:\/\/www.suno.com.br\/noticias\/wp-json\/wp\/v2\/posts"}],"about":[{"href":"https:\/\/www.suno.com.br\/noticias\/wp-json\/wp\/v2\/types\/post"}],"author":[{"embeddable":true,"href":"https:\/\/www.suno.com.br\/noticias\/wp-json\/wp\/v2\/users\/56"}],"replies":[{"embeddable":true,"href":"https:\/\/www.suno.com.br\/noticias\/wp-json\/wp\/v2\/comments?post=136202"}],"version-history":[{"count":2,"href":"https:\/\/www.suno.com.br\/noticias\/wp-json\/wp\/v2\/posts\/136202\/revisions"}],"predecessor-version":[{"id":136225,"href":"https:\/\/www.suno.com.br\/noticias\/wp-json\/wp\/v2\/posts\/136202\/revisions\/136225"}],"wp:featuredmedia":[{"embeddable":true,"href":"https:\/\/www.suno.com.br\/noticias\/wp-json\/wp\/v2\/media\/136223"}],"wp:attachment":[{"href":"https:\/\/www.suno.com.br\/noticias\/wp-json\/wp\/v2\/media?parent=136202"}],"wp:term":[{"taxonomy":"category","embeddable":true,"href":"https:\/\/www.suno.com.br\/noticias\/wp-json\/wp\/v2\/categories?post=136202"},{"taxonomy":"post_tag","embeddable":true,"href":"https:\/\/www.suno.com.br\/noticias\/wp-json\/wp\/v2\/tags?post=136202"},{"taxonomy":"suno_strategy","embeddable":true,"href":"https:\/\/www.suno.com.br\/noticias\/wp-json\/wp\/v2\/suno_strategy?post=136202"}],"curies":[{"name":"wp","href":"https:\/\/api.w.org\/{rel}","templated":true}]}}