{"id":136013,"date":"2021-03-31T17:25:58","date_gmt":"2021-03-31T20:25:58","guid":{"rendered":"https:\/\/www.suno.com.br\/noticias\/?p=136013"},"modified":"2021-03-31T17:25:58","modified_gmt":"2021-03-31T20:25:58","slug":"setor-publico-deficit-primario-fevereiro-bc","status":"publish","type":"post","link":"https:\/\/www.suno.com.br\/noticias\/setor-publico-deficit-primario-fevereiro-bc\/","title":{"rendered":"Setor p\u00fablico tem d\u00e9ficit prim\u00e1rio de R$ 11,770 bi em fevereiro, revela BC"},"content":{"rendered":"<p>Sob os efeitos econ\u00f4micos da pandemia do novo coronav\u00edrus (covid-19), o setor p\u00fablico consolidado (Governo Central, estados, munic\u00edpios e estatais, com exce\u00e7\u00e3o de Petrobras e Eletrobras) teve um <a href=\"https:\/\/www.suno.com.br\/artigos\/deficit-primario\/\"><strong>d\u00e9ficit prim\u00e1rio<\/strong><\/a> de R$ 11,770 bilh\u00f5es em fevereiro, informou nesta quarta-feira (31) o <a href=\"https:\/\/www.suno.com.br\/artigos\/bacen\/\">Banco Central (BC).<\/a><\/p>\t<div class=\"wrapper-featured-image\">\n\t\t<figure class=\"spotlightImg\">\n\n\t\t\t<picture>\n\t\t\t\t<source media=\"(max-width: 768px)\" srcset=\"https:\/\/files.sunoresearch.com.br\/n\/uploads\/2021\/03\/68b4a1eb-ballots-1195047_1280-400x200.webp\">\n\t\t\t\t<img loading=\"lazy\" decoding=\"async\" class=\"newsContent__article__imgCapa lazyloadDisabled \" src=\"https:\/\/files.sunoresearch.com.br\/n\/uploads\/2021\/03\/68b4a1eb-ballots-1195047_1280-800x450.webp\" width=\"800\" height=\"450\" alt=\"Setor p\u00fablico tem d\u00e9ficit prim\u00e1rio de R$ 11,770 bi em fevereiro, revela BC\" fetchpriority=high \/>\n\t\t\t<\/picture>\n\n\t\t\t<figcaption class=\"wp-caption-text wp-caption-text--show\">Foto: Pixabay<\/figcaption>\n\t\t<\/figure>\n\t<\/div>\n\n\n\t<p>\n\t\t<a href=\"https:\/\/lp.suno.com.br\/planilha-controle-gastos\/\" target=\"_blank\" data-element=\"shortcode-suno-banner\" title=\"Banner SUNO, clique e saiba mais\">\n\t\t\t<picture>\n\t\t\t\t<source media=\"(max-width: 500px)\" srcset=\"https:\/\/files.sunoresearch.com.br\/n\/uploads\/2023\/03\/400x300-Planilha-controle-de-gastos.png\">\n\t\t\t\t<img class=\"newsContent__article__imgCapa newsContent__article__imgCapa--banner\"\n\t\t\t\t\tsrc=\"https:\/\/files.sunoresearch.com.br\/n\/uploads\/2023\/03\/1420x240-Planilha-controle-de-gastos.png\"\n\t\t\t\t\tdata-promo-id=\"101751\"\t\t\t\t\t\t\t\t\t\twidth='1420' height='240'\t\t\t\t\talt=\"https:\/\/files.sunoresearch.com.br\/n\/uploads\/2023\/03\/1420x240-Planilha-controle-de-gastos.png\"\n\t\t\t\t>\n\t\t\t<\/picture>\n\t\t<\/a>\n\t<\/p>\n\n\n<p>Em janeiro deste ano, havia sido registrado super\u00e1vit de R$ 58,375 bilh\u00f5es e, em fevereiro de 2020, d\u00e9ficit de R$ 20,901 bilh\u00f5es.<\/p>\n<p>O resultado prim\u00e1rio reflete a diferen\u00e7a entre receitas e despesas do setor p\u00fablico, antes do pagamento da d\u00edvida p\u00fablica.<\/p>\n<p>O d\u00e9ficit prim\u00e1rio consolidado foi menor que as estimativas dos analistas do mercado financeiro ouvidos pelo Proje\u00e7\u00f5es Broadcast. As previs\u00f5es indicavam saldo negativo entre R$ 23,347 bilh\u00f5es e R$ 15,600 bilh\u00f5es, com mediana de d\u00e9ficit de R$ 19,300 bilh\u00f5es.<\/p>\n<p><a href=\"https:\/\/lp.suno.com.br\/suno-one\/\">Suno One: acesse gratuitamente eBooks, Minicursos, Artigos e V\u00eddeo Aulas sobre investimentos com um \u00fanico cadastro. Clique para saber mais!<\/a><\/p>\n<p><b>Composi\u00e7\u00e3o<\/b><\/p>\n<p>O resultado fiscal de fevereiro foi composto por um d\u00e9ficit de R$ 22,508 bilh\u00f5es do Governo Central (Tesouro Nacional, Banco Central e INSS). J\u00e1 os governos regionais (Estados e munic\u00edpios) influenciaram o resultado positivamente com R$ 10,526 bilh\u00f5es no m\u00eas.<\/p>\n<p>Enquanto os Estados registraram um super\u00e1vit de R$ 9,489 bilh\u00f5es, os munic\u00edpios tiveram resultado positivo de R$ 1,037 bilh\u00e3o. As empresas estatais registraram super\u00e1vit prim\u00e1rio de R$ 212 milh\u00f5es.<\/p>\n<p><b>Bimestre<\/b><\/p>\n<p>As contas do setor p\u00fablico acumularam um super\u00e1vit prim\u00e1rio de R$ 46,605 bilh\u00f5es no ano at\u00e9 fevereiro, o equivalente a 3,65% do Produto Interno Bruto (PIB), informou o Banco Central.<\/p>\n<p>A meta para o resultado fiscal do setor p\u00fablico consolidado em 2021 \u00e9 de d\u00e9ficit R$ 250,89 bilh\u00f5es. Para o Governo Central, o d\u00e9ficit estimado \u00e9 de R$ 247,118 bilh\u00f5es.<\/p>\n<p>O super\u00e1vit fiscal no ano at\u00e9 fevereiro inclui o saldo positivo de R$ 20,648 bilh\u00f5es do Governo Central (1,62% do PIB). Os governos regionais apresentaram um super\u00e1vit de R$ 25,299 bilh\u00f5es (1,98% do PIB) no per\u00edodo.<\/p>\n<p>Enquanto os Estados registraram um super\u00e1vit de R$ 22,593 bilh\u00f5es, os munic\u00edpios tiveram um saldo positivo de R$ 2,706 bilh\u00f5es. As empresas estatais tamb\u00e9m registraram um resultado positivo de R$ 658 milh\u00f5es no per\u00edodo.<\/p>\n\t<div data-element=\"shortcode-read-more\" class=\"knowMore\">\n\t\t\t\t<span class=\"knowMore__title\">Saiba Mais<\/span>\n\t\t\t\t<a class=\"knowMore__link\" href=\"https:\/\/www.suno.com.br\/noticias\/desemprego-no-trimestre-ate-janeiro\/\">\n\t\t\tDesemprego no trimestre at\u00e9 janeiro foi de 14,2%, diz IBGE\t\t<\/a>\n\t<\/div>\n\n\n<p><b>12 meses<\/b><\/p>\n<p>As contas do setor p\u00fablico acumulam um d\u00e9ficit prim\u00e1rio de R$ 691,720 bilh\u00f5es em 12 meses at\u00e9 fevereiro, o equivalente a 9,23% do PIB, informou o Banco Central.<\/p>\n<p>O d\u00e9ficit fiscal nos 12 meses encerrados em fevereiro pode ser atribu\u00eddo ao rombo de R$ 743,194 bilh\u00f5es do Governo Central (9,91% do PIB), carregando ainda o esfor\u00e7o extraordin\u00e1rio de gastos em 2020 para o enfrentamento \u00e0 pandemia de covid-19.<\/p>\n<p>J\u00e1 os governos regionais apresentaram um <strong>super\u00e1vit<\/strong> de R$ 48,655 bilh\u00f5es (0,65% do PIB) em 12 meses at\u00e9 fevereiro. Enquanto os Estados registraram um super\u00e1vit de R$ 47,792 bilh\u00f5es, os munic\u00edpios tiveram um saldo positivo de R$ 926 milh\u00f5es. As empresas estatais registraram um resultado positivo de R$ 2,819 bilh\u00f5es no per\u00edodo.<\/p>\n<p>Com informa\u00e7\u00f5es do Estad\u00e3o Conte\u00fado<\/p>\n\t<p>\n\t\t<a href=\"https:\/\/lp.suno.com.br\/planilha-controle-gastos\/\" target=\"_blank\" data-element=\"shortcode-suno-banner\" title=\"Banner SUNO, clique e saiba mais\">\n\t\t\t<picture>\n\t\t\t\t<source media=\"(max-width: 500px)\" srcset=\"https:\/\/files.sunoresearch.com.br\/n\/uploads\/2023\/03\/400x300-Planilha-controle-de-gastos.png\">\n\t\t\t\t<img class=\"newsContent__article__imgCapa newsContent__article__imgCapa--banner\"\n\t\t\t\t\tsrc=\"https:\/\/files.sunoresearch.com.br\/n\/uploads\/2023\/03\/1420x240-Planilha-controle-de-gastos.png\"\n\t\t\t\t\tdata-promo-id=\"101751\"\t\t\t\t\t\t\t\t\t\twidth='1420' height='240'\t\t\t\t\talt=\"https:\/\/files.sunoresearch.com.br\/n\/uploads\/2023\/03\/1420x240-Planilha-controle-de-gastos.png\"\n\t\t\t\t>\n\t\t\t<\/picture>\n\t\t<\/a>\n\t<\/p>\n\n\n","protected":false},"excerpt":{"rendered":"<p>Sob os efeitos econ\u00f4micos da pandemia do novo coronav\u00edrus (covid-19), o setor p\u00fablico consolidado (Governo Central, estados, munic\u00edpios e estatais, com exce\u00e7\u00e3o de Petrobras e Eletrobras) teve um d\u00e9ficit prim\u00e1rio de R$ 11,770 bilh\u00f5es em fevereiro, informou nesta quarta-feira (31) o Banco Central (BC). Foto: Pixabay Em janeiro deste ano, havia sido registrado super\u00e1vit de [&hellip;]<\/p>\n","protected":false},"author":56,"featured_media":136214,"comment_status":"closed","ping_status":"closed","sticky":false,"template":"","format":"standard","meta":[],"categories":[62],"tags":[1842],"suno_strategy":[],"class_list":["post-136013","post","type-post","status-publish","format-standard","has-post-thumbnail","hentry","category-economia","tag-banco-central-bc"],"yoast_head":"<!-- This site is optimized with the Yoast SEO plugin v24.4 - https:\/\/yoast.com\/wordpress\/plugins\/seo\/ -->\n<title>Setor p\u00fablico tem d\u00e9ficit prim\u00e1rio de R$ 11,770 bi em fevereiro, revela BC<\/title>\n<meta name=\"description\" content=\"Em janeiro de 2021, havia sido registrado super\u00e1vit de R$ 58,375 bi e, em fevereiro de 2020, d\u00e9ficit de R$ 20,901 bi. Clique aqui para saber mais.\" \/>\n<meta name=\"robots\" content=\"index, follow, max-snippet:-1, max-image-preview:large, max-video-preview:-1\" \/>\n<link rel=\"canonical\" href=\"https:\/\/www.suno.com.br\/noticias\/setor-publico-deficit-primario-fevereiro-bc\/\" \/>\n<meta property=\"og:locale\" content=\"pt_BR\" \/>\n<meta property=\"og:type\" content=\"article\" \/>\n<meta property=\"og:title\" content=\"Setor p\u00fablico tem d\u00e9ficit prim\u00e1rio de R$ 11,770 bi em fevereiro, revela BC\" \/>\n<meta property=\"og:description\" content=\"Em janeiro de 2021, havia sido registrado super\u00e1vit de R$ 58,375 bi e, em fevereiro de 2020, d\u00e9ficit de R$ 20,901 bi. Clique aqui para saber mais.\" \/>\n<meta property=\"og:url\" content=\"https:\/\/www.suno.com.br\/noticias\/setor-publico-deficit-primario-fevereiro-bc\/\" \/>\n<meta property=\"og:site_name\" content=\"Suno Not\u00edcias\" \/>\n<meta property=\"article:publisher\" content=\"https:\/\/facebook.com\/sunoresearch\" \/>\n<meta property=\"og:image\" content=\"https:\/\/files.sunoresearch.com.br\/n\/uploads\/2021\/03\/68b4a1eb-ballots-1195047_1280.jpg\" \/>\n\t<meta property=\"og:image:width\" content=\"1280\" \/>\n\t<meta property=\"og:image:height\" content=\"853\" \/>\n\t<meta property=\"og:image:type\" content=\"image\/jpeg\" \/>\n<meta name=\"author\" content=\"Rafaela La Regina\" \/>\n<meta name=\"twitter:card\" content=\"summary_large_image\" \/>\n<meta name=\"twitter:creator\" content=\"@sunoresearch\" \/>\n<meta name=\"twitter:site\" content=\"@sunoresearch\" \/>\n<meta name=\"twitter:label1\" content=\"Escrito por\" \/>\n\t<meta name=\"twitter:data1\" content=\"Rafaela La Regina\" \/>\n\t<meta name=\"twitter:label2\" content=\"Est. tempo de leitura\" \/>\n\t<meta name=\"twitter:data2\" content=\"3 minutos\" \/>\n<script type=\"application\/ld+json\" class=\"yoast-schema-graph\">{\"@context\":\"https:\/\/schema.org\",\"@graph\":[{\"@type\":\"NewsArticle\",\"@id\":\"https:\/\/www.suno.com.br\/noticias\/setor-publico-deficit-primario-fevereiro-bc\/#article\",\"isPartOf\":{\"@id\":\"https:\/\/www.suno.com.br\/noticias\/setor-publico-deficit-primario-fevereiro-bc\/\"},\"author\":{\"name\":\"Rafaela La Regina\",\"@id\":\"https:\/\/www.suno.com.br\/noticias\/#\/schema\/person\/e672ca8cea627fe715fa29bca7da95e0\"},\"headline\":\"Setor p\u00fablico tem d\u00e9ficit prim\u00e1rio de R$ 11,770 bi em fevereiro, revela BC\",\"datePublished\":\"2021-03-31T20:25:58+00:00\",\"mainEntityOfPage\":{\"@id\":\"https:\/\/www.suno.com.br\/noticias\/setor-publico-deficit-primario-fevereiro-bc\/\"},\"wordCount\":538,\"publisher\":{\"@id\":\"https:\/\/www.suno.com.br\/noticias\/#organization\"},\"image\":{\"@id\":\"https:\/\/www.suno.com.br\/noticias\/setor-publico-deficit-primario-fevereiro-bc\/#primaryimage\"},\"thumbnailUrl\":\"https:\/\/files.sunoresearch.com.br\/n\/uploads\/2021\/03\/68b4a1eb-ballots-1195047_1280-jpg.webp\",\"keywords\":[\"Banco Central (BC)\"],\"articleSection\":[\"Economia\"],\"inLanguage\":\"pt-BR\"},{\"@type\":\"WebPage\",\"@id\":\"https:\/\/www.suno.com.br\/noticias\/setor-publico-deficit-primario-fevereiro-bc\/\",\"url\":\"https:\/\/www.suno.com.br\/noticias\/setor-publico-deficit-primario-fevereiro-bc\/\",\"name\":\"Setor p\u00fablico tem d\u00e9ficit prim\u00e1rio de R$ 11,770 bi em fevereiro, revela BC\",\"isPartOf\":{\"@id\":\"https:\/\/www.suno.com.br\/noticias\/#website\"},\"primaryImageOfPage\":{\"@id\":\"https:\/\/www.suno.com.br\/noticias\/setor-publico-deficit-primario-fevereiro-bc\/#primaryimage\"},\"image\":{\"@id\":\"https:\/\/www.suno.com.br\/noticias\/setor-publico-deficit-primario-fevereiro-bc\/#primaryimage\"},\"thumbnailUrl\":\"https:\/\/files.sunoresearch.com.br\/n\/uploads\/2021\/03\/68b4a1eb-ballots-1195047_1280-jpg.webp\",\"datePublished\":\"2021-03-31T20:25:58+00:00\",\"description\":\"Em janeiro de 2021, havia sido registrado super\u00e1vit de R$ 58,375 bi e, em fevereiro de 2020, d\u00e9ficit de R$ 20,901 bi. Clique aqui para saber mais.\",\"breadcrumb\":{\"@id\":\"https:\/\/www.suno.com.br\/noticias\/setor-publico-deficit-primario-fevereiro-bc\/#breadcrumb\"},\"inLanguage\":\"pt-BR\",\"potentialAction\":[{\"@type\":\"ReadAction\",\"target\":[\"https:\/\/www.suno.com.br\/noticias\/setor-publico-deficit-primario-fevereiro-bc\/\"]}]},{\"@type\":\"ImageObject\",\"inLanguage\":\"pt-BR\",\"@id\":\"https:\/\/www.suno.com.br\/noticias\/setor-publico-deficit-primario-fevereiro-bc\/#primaryimage\",\"url\":\"https:\/\/files.sunoresearch.com.br\/n\/uploads\/2021\/03\/68b4a1eb-ballots-1195047_1280-jpg.webp\",\"contentUrl\":\"https:\/\/files.sunoresearch.com.br\/n\/uploads\/2021\/03\/68b4a1eb-ballots-1195047_1280-jpg.webp\",\"width\":1280,\"height\":853,\"caption\":\"Foto: Pixabay\"},{\"@type\":\"BreadcrumbList\",\"@id\":\"https:\/\/www.suno.com.br\/noticias\/setor-publico-deficit-primario-fevereiro-bc\/#breadcrumb\",\"itemListElement\":[{\"@type\":\"ListItem\",\"position\":1,\"name\":\"Not\u00edcias\",\"item\":\"https:\/\/www.suno.com.br\/noticias\/\"},{\"@type\":\"ListItem\",\"position\":2,\"name\":\"Economia\",\"item\":\"https:\/\/www.suno.com.br\/noticias\/economia\/\"},{\"@type\":\"ListItem\",\"position\":3,\"name\":\"Setor p\u00fablico tem d\u00e9ficit prim\u00e1rio de R$ 11,770 bi em fevereiro, revela BC\"}]},{\"@type\":\"WebSite\",\"@id\":\"https:\/\/www.suno.com.br\/noticias\/#website\",\"url\":\"https:\/\/www.suno.com.br\/noticias\/\",\"name\":\"Suno Not\u00edcias\",\"description\":\"Seu portal de informa\u00e7\u00e3o sobre o mundo dos investimentos\",\"publisher\":{\"@id\":\"https:\/\/www.suno.com.br\/noticias\/#organization\"},\"potentialAction\":[{\"@type\":\"SearchAction\",\"target\":{\"@type\":\"EntryPoint\",\"urlTemplate\":\"https:\/\/www.suno.com.br\/noticias\/?s={search_term_string}\"},\"query-input\":{\"@type\":\"PropertyValueSpecification\",\"valueRequired\":true,\"valueName\":\"search_term_string\"}}],\"inLanguage\":\"pt-BR\"},{\"@type\":\"Organization\",\"@id\":\"https:\/\/www.suno.com.br\/noticias\/#organization\",\"name\":\"Suno Not\u00edcias\",\"url\":\"https:\/\/www.suno.com.br\/noticias\/\",\"logo\":{\"@type\":\"ImageObject\",\"inLanguage\":\"pt-BR\",\"@id\":\"https:\/\/www.suno.com.br\/noticias\/#\/schema\/logo\/image\/\",\"url\":\"https:\/\/files.sunoresearch.com.br\/n\/uploads\/2021\/09\/suno-logo.png\",\"contentUrl\":\"https:\/\/files.sunoresearch.com.br\/n\/uploads\/2021\/09\/suno-logo.png\",\"width\":180,\"height\":180,\"caption\":\"Suno Not\u00edcias\"},\"image\":{\"@id\":\"https:\/\/www.suno.com.br\/noticias\/#\/schema\/logo\/image\/\"},\"sameAs\":[\"https:\/\/facebook.com\/sunoresearch\",\"https:\/\/x.com\/sunoresearch\",\"https:\/\/www.instagram.com\/suno\",\"https:\/\/www.linkedin.com\/company\/suno-research\/\",\"https:\/\/www.youtube.com\/c\/sunoresearch\"]},{\"@type\":\"Person\",\"@id\":\"https:\/\/www.suno.com.br\/noticias\/#\/schema\/person\/e672ca8cea627fe715fa29bca7da95e0\",\"name\":\"Rafaela La Regina\",\"image\":{\"@type\":\"ImageObject\",\"inLanguage\":\"pt-BR\",\"@id\":\"https:\/\/www.suno.com.br\/noticias\/#\/schema\/person\/image\/\",\"url\":\"https:\/\/secure.gravatar.com\/avatar\/d2c75a52d243deb93d0465fdcb21bd37?s=96&r=g\",\"contentUrl\":\"https:\/\/secure.gravatar.com\/avatar\/d2c75a52d243deb93d0465fdcb21bd37?s=96&r=g\",\"caption\":\"Rafaela La Regina\"},\"description\":\"Estagi\u00e1ria no Suno Not\u00edcias. Escreve sobre economia, pol\u00edtica e neg\u00f3cios. Estuda Rela\u00e7\u00f5es Internacionais no IBMEC-SP.\",\"url\":\"https:\/\/www.suno.com.br\/noticias\/author\/rafaela-la-regina\/\"}]}<\/script>\n<!-- \/ Yoast SEO plugin. -->","yoast_head_json":{"title":"Setor p\u00fablico tem d\u00e9ficit prim\u00e1rio de R$ 11,770 bi em fevereiro, revela BC","description":"Em janeiro de 2021, havia sido registrado super\u00e1vit de R$ 58,375 bi e, em fevereiro de 2020, d\u00e9ficit de R$ 20,901 bi. Clique aqui para saber mais.","robots":{"index":"index","follow":"follow","max-snippet":"max-snippet:-1","max-image-preview":"max-image-preview:large","max-video-preview":"max-video-preview:-1"},"canonical":"https:\/\/www.suno.com.br\/noticias\/setor-publico-deficit-primario-fevereiro-bc\/","og_locale":"pt_BR","og_type":"article","og_title":"Setor p\u00fablico tem d\u00e9ficit prim\u00e1rio de R$ 11,770 bi em fevereiro, revela BC","og_description":"Em janeiro de 2021, havia sido registrado super\u00e1vit de R$ 58,375 bi e, em fevereiro de 2020, d\u00e9ficit de R$ 20,901 bi. Clique aqui para saber mais.","og_url":"https:\/\/www.suno.com.br\/noticias\/setor-publico-deficit-primario-fevereiro-bc\/","og_site_name":"Suno Not\u00edcias","article_publisher":"https:\/\/facebook.com\/sunoresearch","og_image":[{"width":1280,"height":853,"url":"https:\/\/files.sunoresearch.com.br\/n\/uploads\/2021\/03\/68b4a1eb-ballots-1195047_1280.jpg","type":"image\/jpeg"}],"author":"Rafaela La Regina","twitter_card":"summary_large_image","twitter_creator":"@sunoresearch","twitter_site":"@sunoresearch","twitter_misc":{"Escrito por":"Rafaela La Regina","Est. tempo de leitura":"3 minutos"},"schema":{"@context":"https:\/\/schema.org","@graph":[{"@type":"NewsArticle","@id":"https:\/\/www.suno.com.br\/noticias\/setor-publico-deficit-primario-fevereiro-bc\/#article","isPartOf":{"@id":"https:\/\/www.suno.com.br\/noticias\/setor-publico-deficit-primario-fevereiro-bc\/"},"author":{"name":"Rafaela La Regina","@id":"https:\/\/www.suno.com.br\/noticias\/#\/schema\/person\/e672ca8cea627fe715fa29bca7da95e0"},"headline":"Setor p\u00fablico tem d\u00e9ficit prim\u00e1rio de R$ 11,770 bi em fevereiro, revela BC","datePublished":"2021-03-31T20:25:58+00:00","mainEntityOfPage":{"@id":"https:\/\/www.suno.com.br\/noticias\/setor-publico-deficit-primario-fevereiro-bc\/"},"wordCount":538,"publisher":{"@id":"https:\/\/www.suno.com.br\/noticias\/#organization"},"image":{"@id":"https:\/\/www.suno.com.br\/noticias\/setor-publico-deficit-primario-fevereiro-bc\/#primaryimage"},"thumbnailUrl":"https:\/\/files.sunoresearch.com.br\/n\/uploads\/2021\/03\/68b4a1eb-ballots-1195047_1280-jpg.webp","keywords":["Banco Central (BC)"],"articleSection":["Economia"],"inLanguage":"pt-BR"},{"@type":"WebPage","@id":"https:\/\/www.suno.com.br\/noticias\/setor-publico-deficit-primario-fevereiro-bc\/","url":"https:\/\/www.suno.com.br\/noticias\/setor-publico-deficit-primario-fevereiro-bc\/","name":"Setor p\u00fablico tem d\u00e9ficit prim\u00e1rio de R$ 11,770 bi em fevereiro, revela BC","isPartOf":{"@id":"https:\/\/www.suno.com.br\/noticias\/#website"},"primaryImageOfPage":{"@id":"https:\/\/www.suno.com.br\/noticias\/setor-publico-deficit-primario-fevereiro-bc\/#primaryimage"},"image":{"@id":"https:\/\/www.suno.com.br\/noticias\/setor-publico-deficit-primario-fevereiro-bc\/#primaryimage"},"thumbnailUrl":"https:\/\/files.sunoresearch.com.br\/n\/uploads\/2021\/03\/68b4a1eb-ballots-1195047_1280-jpg.webp","datePublished":"2021-03-31T20:25:58+00:00","description":"Em janeiro de 2021, havia sido registrado super\u00e1vit de R$ 58,375 bi e, em fevereiro de 2020, d\u00e9ficit de R$ 20,901 bi. Clique aqui para saber mais.","breadcrumb":{"@id":"https:\/\/www.suno.com.br\/noticias\/setor-publico-deficit-primario-fevereiro-bc\/#breadcrumb"},"inLanguage":"pt-BR","potentialAction":[{"@type":"ReadAction","target":["https:\/\/www.suno.com.br\/noticias\/setor-publico-deficit-primario-fevereiro-bc\/"]}]},{"@type":"ImageObject","inLanguage":"pt-BR","@id":"https:\/\/www.suno.com.br\/noticias\/setor-publico-deficit-primario-fevereiro-bc\/#primaryimage","url":"https:\/\/files.sunoresearch.com.br\/n\/uploads\/2021\/03\/68b4a1eb-ballots-1195047_1280-jpg.webp","contentUrl":"https:\/\/files.sunoresearch.com.br\/n\/uploads\/2021\/03\/68b4a1eb-ballots-1195047_1280-jpg.webp","width":1280,"height":853,"caption":"Foto: Pixabay"},{"@type":"BreadcrumbList","@id":"https:\/\/www.suno.com.br\/noticias\/setor-publico-deficit-primario-fevereiro-bc\/#breadcrumb","itemListElement":[{"@type":"ListItem","position":1,"name":"Not\u00edcias","item":"https:\/\/www.suno.com.br\/noticias\/"},{"@type":"ListItem","position":2,"name":"Economia","item":"https:\/\/www.suno.com.br\/noticias\/economia\/"},{"@type":"ListItem","position":3,"name":"Setor p\u00fablico tem d\u00e9ficit prim\u00e1rio de R$ 11,770 bi em fevereiro, revela BC"}]},{"@type":"WebSite","@id":"https:\/\/www.suno.com.br\/noticias\/#website","url":"https:\/\/www.suno.com.br\/noticias\/","name":"Suno Not\u00edcias","description":"Seu portal de informa\u00e7\u00e3o sobre o mundo dos investimentos","publisher":{"@id":"https:\/\/www.suno.com.br\/noticias\/#organization"},"potentialAction":[{"@type":"SearchAction","target":{"@type":"EntryPoint","urlTemplate":"https:\/\/www.suno.com.br\/noticias\/?s={search_term_string}"},"query-input":{"@type":"PropertyValueSpecification","valueRequired":true,"valueName":"search_term_string"}}],"inLanguage":"pt-BR"},{"@type":"Organization","@id":"https:\/\/www.suno.com.br\/noticias\/#organization","name":"Suno Not\u00edcias","url":"https:\/\/www.suno.com.br\/noticias\/","logo":{"@type":"ImageObject","inLanguage":"pt-BR","@id":"https:\/\/www.suno.com.br\/noticias\/#\/schema\/logo\/image\/","url":"https:\/\/files.sunoresearch.com.br\/n\/uploads\/2021\/09\/suno-logo.png","contentUrl":"https:\/\/files.sunoresearch.com.br\/n\/uploads\/2021\/09\/suno-logo.png","width":180,"height":180,"caption":"Suno Not\u00edcias"},"image":{"@id":"https:\/\/www.suno.com.br\/noticias\/#\/schema\/logo\/image\/"},"sameAs":["https:\/\/facebook.com\/sunoresearch","https:\/\/x.com\/sunoresearch","https:\/\/www.instagram.com\/suno","https:\/\/www.linkedin.com\/company\/suno-research\/","https:\/\/www.youtube.com\/c\/sunoresearch"]},{"@type":"Person","@id":"https:\/\/www.suno.com.br\/noticias\/#\/schema\/person\/e672ca8cea627fe715fa29bca7da95e0","name":"Rafaela La Regina","image":{"@type":"ImageObject","inLanguage":"pt-BR","@id":"https:\/\/www.suno.com.br\/noticias\/#\/schema\/person\/image\/","url":"https:\/\/secure.gravatar.com\/avatar\/d2c75a52d243deb93d0465fdcb21bd37?s=96&r=g","contentUrl":"https:\/\/secure.gravatar.com\/avatar\/d2c75a52d243deb93d0465fdcb21bd37?s=96&r=g","caption":"Rafaela La Regina"},"description":"Estagi\u00e1ria no Suno Not\u00edcias. Escreve sobre economia, pol\u00edtica e neg\u00f3cios. Estuda Rela\u00e7\u00f5es Internacionais no IBMEC-SP.","url":"https:\/\/www.suno.com.br\/noticias\/author\/rafaela-la-regina\/"}]}},"default_loop_html":"<div class=\"cardsPage__listCard__boxs\"><div class=\"cardsPage__listCard__boxs__img\"><a href=\"https:\/\/www.suno.com.br\/noticias\/setor-publico-deficit-primario-fevereiro-bc\/\"><img class=\"mask\" src=\"https:\/\/www.suno.com.br\/noticias\/wp-content\/themes\/suno\/resources\/images\/spotlight\/spotlight1img\/bg-mask.png\" alt=\"Image Mask\"\/><img src=\"https:\/\/files.sunoresearch.com.br\/n\/uploads\/2021\/03\/68b4a1eb-ballots-1195047_1280-400x200.webp\" alt=\"Setor p\u00fablico tem d\u00e9ficit prim\u00e1rio de R$ 11,770 bi em fevereiro, revela BC\"\/><\/a><span class=\"spotlightCategory\"><a href=\"https:\/\/www.suno.com.br\/noticias\/economia\/\">Economia<\/a><\/span><\/div><div class=\"cardsPage__listCard__boxs__content\"><a href=\"https:\/\/www.suno.com.br\/noticias\/setor-publico-deficit-primario-fevereiro-bc\/\"><h2 class=\"content__title\">Setor p\u00fablico tem d\u00e9ficit prim\u00e1rio de R$ 11,770 bi em fevereiro, revela BC<\/h2><\/a><div class=\"newsContent__article__meta\"><div class=\"newsContent__article__meta__authorBox\"><a href=\"https:\/\/www.suno.com.br\/noticias\/author\/rafaela-la-regina\/\" class=\"authorBox__avatar noMobi\"><img src=\"https:\/\/secure.gravatar.com\/avatar\/d2c75a52d243deb93d0465fdcb21bd37?s=96&#038;r=g\" alt=\"Rafaela La Regina\"><\/a><div class=\"authorBox__name\"><span>por\n\t\t\t<a href=\"https:\/\/www.suno.com.br\/noticias\/author\/rafaela-la-regina\/\"><span itemprop=\"author\">Rafaela La Regina<\/span><\/a><\/span><time datetime=\"2021-03-31T17:25:58-03:00\" itemprop=\"datePublished\">31\/03\/2021 17:25<\/time><\/div><\/div><\/div><\/div><\/div>","single_layout":"posts","amp_enabled":true,"_links":{"self":[{"href":"https:\/\/www.suno.com.br\/noticias\/wp-json\/wp\/v2\/posts\/136013"}],"collection":[{"href":"https:\/\/www.suno.com.br\/noticias\/wp-json\/wp\/v2\/posts"}],"about":[{"href":"https:\/\/www.suno.com.br\/noticias\/wp-json\/wp\/v2\/types\/post"}],"author":[{"embeddable":true,"href":"https:\/\/www.suno.com.br\/noticias\/wp-json\/wp\/v2\/users\/56"}],"replies":[{"embeddable":true,"href":"https:\/\/www.suno.com.br\/noticias\/wp-json\/wp\/v2\/comments?post=136013"}],"version-history":[{"count":2,"href":"https:\/\/www.suno.com.br\/noticias\/wp-json\/wp\/v2\/posts\/136013\/revisions"}],"predecessor-version":[{"id":136212,"href":"https:\/\/www.suno.com.br\/noticias\/wp-json\/wp\/v2\/posts\/136013\/revisions\/136212"}],"wp:featuredmedia":[{"embeddable":true,"href":"https:\/\/www.suno.com.br\/noticias\/wp-json\/wp\/v2\/media\/136214"}],"wp:attachment":[{"href":"https:\/\/www.suno.com.br\/noticias\/wp-json\/wp\/v2\/media?parent=136013"}],"wp:term":[{"taxonomy":"category","embeddable":true,"href":"https:\/\/www.suno.com.br\/noticias\/wp-json\/wp\/v2\/categories?post=136013"},{"taxonomy":"post_tag","embeddable":true,"href":"https:\/\/www.suno.com.br\/noticias\/wp-json\/wp\/v2\/tags?post=136013"},{"taxonomy":"suno_strategy","embeddable":true,"href":"https:\/\/www.suno.com.br\/noticias\/wp-json\/wp\/v2\/suno_strategy?post=136013"}],"curies":[{"name":"wp","href":"https:\/\/api.w.org\/{rel}","templated":true}]}}