{"id":13601,"date":"2019-01-31T07:30:16","date_gmt":"2019-01-31T09:30:16","guid":{"rendered":"https:\/\/www.suno.com.br\/noticias\/?p=13601"},"modified":"2019-01-31T08:12:41","modified_gmt":"2019-01-31T10:12:41","slug":"petrobras-vende-pasadena","status":"publish","type":"post","link":"https:\/\/www.suno.com.br\/noticias\/petrobras-vende-pasadena\/","title":{"rendered":"Petrobras vende refinaria de Pasadena \u00e0 Chevron"},"content":{"rendered":"<p>A Petrobras S.A (PETR4) assinou na quarta-feira (30) o contrato que oficializa a venda da <strong>refinaria Pasadena<\/strong>, no Texas (EUA), para a Chevron S.A. (CHVX34).<\/p>\t<div class=\"wrapper-featured-image\">\n\t\t<figure class=\"spotlightImg\">\n\n\t\t\t<picture>\n\t\t\t\t<source media=\"(max-width: 768px)\" srcset=\"https:\/\/files.sunoresearch.com.br\/n\/uploads\/2018\/12\/0939c0d4-petrobras-400x200.webp\">\n\t\t\t\t<img loading=\"lazy\" decoding=\"async\" class=\"newsContent__article__imgCapa lazyloadDisabled newsContent__article__imgCapa--noCaption\" src=\"https:\/\/files.sunoresearch.com.br\/n\/uploads\/2018\/12\/0939c0d4-petrobras-800x450.webp\" width=\"800\" height=\"450\" alt=\"Petrobras vende refinaria de Pasadena \u00e0 Chevron\" fetchpriority=high \/>\n\t\t\t<\/picture>\n\n\t\t\t<figcaption class=\"wp-caption-text wp-caption-text--hide\">Petrobras vendeu refinaria de Pasadena \u00e0 Chevron. (divulga\u00e7\u00e3o)<\/figcaption>\n\t\t<\/figure>\n\t<\/div>\n\n\n<p>A venda da refinaria Pasadena da <strong>Petrobras<\/strong> \u00e0 <strong>Chevron<\/strong> rendeu US$ 562 milh\u00f5es \u00e0 petroleira brasileira. O valor divide-se em:<\/p>\n<ul>\n<li>US$ 350 milh\u00f5es pelo valor das a\u00e7\u00f5es;<\/li>\n<li>US$ 212 milh\u00f5es de <a href=\"https:\/\/www.suno.com.br\/artigos\/capital-giro\/\">capital de giro<\/a>.<\/li>\n<\/ul>\n<p>O valor ainda pode sofrer altera\u00e7\u00f5es no <strong>capital de giro<\/strong>, at\u00e9 a data do fechamento da transa\u00e7\u00e3o.<\/p>\n<p>A Petrobras extinguiu as a\u00e7\u00f5es detidas pela subsidi\u00e1ria <strong>Petrobras America Inc.<\/strong> (PAI) nas empresas que constituem o sistema de refino de Pasadena.<\/p>\n<p>Est\u00e3o sendo vendidas as sociedades:<\/p>\n<ol>\n<li>Pasadena Refining System Inc. (PRSI): respons\u00e1vel pelo processamento de petr\u00f3leo e produ\u00e7\u00e3o de derivados,\u00a0possui capacidade de processar 110 mil barris por dia (bpd).<\/li>\n<li>PRSI Trading LLC (PRST): atua como bra\u00e7o comercial exclusivo da PRSI, ambas detidas integralmente pela Petrobras America.<\/li>\n<\/ol>\n<p>Segundo a Petrobras, a PRSI \u00e9 \u201cuma refinaria independente do Sistema Petrobras que pode operar com correntes de petr\u00f3leos m\u00e9dios e leves e produz derivados que s\u00e3o comercializados tipicamente no mercado dom\u00e9stico americano&#8221;.<\/p>\n<p>A venda da<strong> refinaria Pasadena<\/strong> \u00e9 componente de um programa de desinvestimento da Petrobras. Assim, a opera\u00e7\u00e3o \u00e9 submetida \u00e0 avalia\u00e7\u00e3o de \u00f3rg\u00e3os reguladores.<\/p>\n<p><a href=\"https:\/\/www.suno.com.br\/noticias\/petrobras-pasadena-chevron\/\">Saiba mais &#8211; Petrobras diz que avalia venda de Pasadena \u00e0 Chevron<\/a><\/p>\n<h2>Negocia\u00e7\u00f5es da venda da refinaria de Pasadena<\/h2>\n<p>O Conselho de Administra\u00e7\u00e3o da Petrobras havia aprovado, tamb\u00e9m na quarta-feira, a venda da <strong>refinaria Pasadena<\/strong> \u00e0 Chevron.<\/p>\n<p>A <strong>Chevron<\/strong> U.S.A. INC. \u00e9 uma empresa integrante da Chevron Corporation, a segunda maior empresa de energia integrada nos Estados Unidos da Am\u00e9rica (EUA).<\/p>\n<p>Em 2001, a Chevron fundiu-se com a Texaco. Portanto, 0s produtos da companhia s\u00e3o vendidos nas quase 8 mil esta\u00e7\u00f5es de varejo Chevron e <strong>Texaco<\/strong>.<\/p>\n<p>A empresa tamb\u00e9m \u00e9 uma significativa fornecedora de combust\u00edvel de avia\u00e7\u00e3o. Com quatro refinarias, a capacidade combinada pode processar\u00a0919 mil bpd nos <strong>EUA<\/strong>.<\/p>\n<p>A \u201cconclus\u00e3o da transa\u00e7\u00e3o est\u00e1 sujeita ao cumprimento de condi\u00e7\u00f5es precedentes usuais, tais como a obten\u00e7\u00e3o das aprova\u00e7\u00f5es pelos \u00f3rg\u00e3os antitruste dos <strong>EUA<\/strong> e do Brasil\u201d, destacou a <strong>Petrobras<\/strong>.<\/p>\n<p>A opera\u00e7\u00e3o \u00e9 integrante do\u00a0Programa de Parcerias e Desinvestimentos da <strong>Petrobras<\/strong>, previsto no Plano de Neg\u00f3cios e Gest\u00e3o 2019-2023. Segundo a estatal, tal plano pretende otimizar o portf\u00f3lio da companhia.<\/p>\n<p><a href=\"https:\/\/www.suno.com.br\/noticias\/caixa-banco-brasil-petrobras-privatizados\/\">Saiba mais &#8211;\u00a0Caixa, Banco do Brasil e Petrobras n\u00e3o ser\u00e3o privatizados, diz secret\u00e1rio\u00a0<\/a><\/p>\n<h2>Opera\u00e7\u00e3o Lava Jato<\/h2>\n<p>A<strong> refinaria Pasadena<\/strong> foi alvo de den\u00fancias de corrup\u00e7\u00e3o que foram investigadas na <strong>opera\u00e7\u00e3o Lava Jato<\/strong>. A refinaria da Petrobras tamb\u00e9m foi investigada\u00a0na Comiss\u00e3o Parlamentar Mista de Inqu\u00e9rito (CPMI) da Petrobras de 2014.<\/p>\n<p>A Controladoria-Geral da Uni\u00e3o (<strong>CGU<\/strong>) apontou em relat\u00f3rio, de dezembro de 2014, um <strong>superfaturamento<\/strong> de\u00a0US$ 659,4 milh\u00f5es na compra da refinaria pela estatal brasileira.<\/p>\n<p>A petroleira brasileira adquiriu 50% da refinaria Pasadena em 2006, da belga <strong>Astra Oil<\/strong>. O valor da transa\u00e7\u00e3o foi de US$ 360 milh\u00f5es.<\/p>\n<p>Contudo, tal valor era\u00a0bem superior ao pago pela belga <strong>Astra Oil<\/strong> para ficar com toda a unidade no ano anterior: US$ 42,5 milh\u00f5es.<\/p>\n<p>Os gastos com a <strong>refinaria Pasadena<\/strong> aumentaram anos depois. A Petrobras teve um desentendimento com a Astra Oil, e, por decis\u00e3o judicial, ficou encarregada de comprar a participa\u00e7\u00e3o da s\u00f3cia.<\/p>\n<p>No total, a refinaria Pasadena custou \u00e0 <strong>Petrobras<\/strong> US$ 1,18 bilh\u00e3o, cerca de R$ 4,4 bilh\u00f5es.<\/p>\n<p>De acordo com o relat\u00f3rio da <strong>CGU<\/strong>, o valor adicional pago n\u00e3o levou em considera\u00e7\u00e3o as condi\u00e7\u00f5es em que a refinaria se encontrava.<\/p>\n<p>Com orienta\u00e7\u00e3o de que medidas fossem encontradas para buscar\u00a0ressarcimento de dano de US$ 659,4 milh\u00f5es, o documento foi enviado \u00e0 <strong>Petrobras<\/strong>. A CGU tamb\u00e9m enviou c\u00f3pia do relat\u00f3rio para a CPMI.<\/p>\n<p><a href=\"https:\/\/www.suno.com.br\/noticias\/estatais-podem-perder-processos\/\">Saiba mais &#8211;\u00a0Estatais podem perder mais de R$ 380 bi em processos<\/a><\/p>\n<h2>Dilma Rousseff<\/h2>\n<p>O caso recebeu repercuss\u00e3o nacional pois a compra foi realizada quando a ex-presidenta <strong>Dilma Rousseff<\/strong>, ent\u00e3o ministra-chefe da Casa Civil, era simultaneamente presidente do Conselho da Petrobras.<\/p>\n<p>A negocia\u00e7\u00e3o era parte de uma estrat\u00e9gia da <strong>Petrobras<\/strong> para a companhia se internacionalizar no mercado de combust\u00edveis.<\/p>\n<p>A ex-presidenta <strong>Dilma Rousseff<\/strong> afirmou ter dado o aval no neg\u00f3cio, com base em resumo executivo falho\u00a0apresentado pelo ex-diretor Internacional Nestor Cerver\u00f3, que\u00a0foi preso na<strong> opera\u00e7\u00e3o Lava-Jato<\/strong>.<\/p>\n<p>Cerver\u00f3 disse \u00e0 Justi\u00e7a que\u00a0Dilma tinha conhecimento de todos os detalhes do neg\u00f3cio, que envolveu a arrecada\u00e7\u00e3o de propina para pol\u00edticos. Dilma, por sua vez, sempre negou.<\/p>\n<p>Na v\u00e9spera, a empresa de <a href=\"https:\/\/www.suno.com.br\/artigos\/sociedade-de-economia-mista\/\">economia mista<\/a>\u00a0informou,\u00a0via comunicado ao mercado, que realizou o pagamento de\u00a0(cerca de R$ 2,5 bilh\u00f5es) a um fundo que investe em projetos <strong>anticorrup\u00e7\u00e3o<\/strong>.<\/p>\n<p>A a\u00e7\u00e3o faz parte de\u00a0um acordo firmado com o Minist\u00e9rio P\u00fablico Federal (<strong>MPF<\/strong>) em setembro de 2018.<\/p>\n<p>O valor equivale a 80% do valor do acordo firmado pela petroleira com autoridades norte-americanas para cessar a\u00e7\u00f5es relacionadas ao esquema de corrup\u00e7\u00e3o desvendado pela <strong>opera\u00e7\u00e3o Lava-Jato<\/strong>.<\/p>\n<p>Tamb\u00e9m na quarta-feira, a <strong>Petrobras<\/strong> depositou cerca de R$ 2,5 bilh\u00f5es em uma conta vinculada \u00e0 Justi\u00e7a Federal do Paran\u00e1, de acordo com o MPF.<\/p>\n","protected":false},"excerpt":{"rendered":"<p>A Petrobras S.A (PETR4) assinou na quarta-feira (30) o contrato que oficializa a venda da refinaria Pasadena, no Texas (EUA), para a Chevron S.A. (CHVX34). Petrobras vendeu refinaria de Pasadena \u00e0 Chevron. (divulga\u00e7\u00e3o) A venda da refinaria Pasadena da Petrobras \u00e0 Chevron rendeu US$ 562 milh\u00f5es \u00e0 petroleira brasileira. O valor divide-se em: US$ 350 [&hellip;]<\/p>\n","protected":false},"author":12,"featured_media":8107,"comment_status":"closed","ping_status":"closed","sticky":false,"template":"","format":"standard","meta":[],"categories":[64],"tags":[],"suno_strategy":[],"class_list":["post-13601","post","type-post","status-publish","format-standard","has-post-thumbnail","hentry","category-negocios"],"yoast_head":"<!-- This site is optimized with the Yoast SEO plugin v24.4 - https:\/\/yoast.com\/wordpress\/plugins\/seo\/ -->\n<title>Petrobras vende refinaria de Pasadena \u00e0 Chevron<\/title>\n<meta name=\"description\" content=\"A Petrobras assinou o contrato de venda da refinaria de Pasadena, no Texas, \u00e0 francesa Chevron. Clique para saber mais.\" \/>\n<meta name=\"robots\" content=\"index, follow, max-snippet:-1, max-image-preview:large, max-video-preview:-1\" \/>\n<link rel=\"canonical\" href=\"https:\/\/www.suno.com.br\/noticias\/petrobras-vende-pasadena\/\" \/>\n<meta property=\"og:locale\" content=\"pt_BR\" \/>\n<meta property=\"og:type\" content=\"article\" \/>\n<meta property=\"og:title\" content=\"Petrobras vende refinaria de Pasadena \u00e0 Chevron\" \/>\n<meta property=\"og:description\" content=\"A Petrobras assinou o contrato de venda da refinaria de Pasadena, no Texas, \u00e0 francesa Chevron. Clique para saber mais.\" \/>\n<meta property=\"og:url\" content=\"https:\/\/www.suno.com.br\/noticias\/petrobras-vende-pasadena\/\" \/>\n<meta property=\"og:site_name\" content=\"Suno Not\u00edcias\" \/>\n<meta property=\"article:publisher\" content=\"https:\/\/facebook.com\/sunoresearch\" \/>\n<meta property=\"og:image\" content=\"https:\/\/files.sunoresearch.com.br\/n\/uploads\/2018\/12\/0939c0d4-petrobras.jpg\" \/>\n\t<meta property=\"og:image:width\" content=\"1024\" \/>\n\t<meta property=\"og:image:height\" content=\"711\" \/>\n\t<meta property=\"og:image:type\" content=\"image\/jpeg\" \/>\n<meta name=\"author\" content=\"Amanda Gushiken\" \/>\n<meta name=\"twitter:card\" content=\"summary_large_image\" \/>\n<meta name=\"twitter:creator\" content=\"@sunoresearch\" \/>\n<meta name=\"twitter:site\" content=\"@sunoresearch\" \/>\n<meta name=\"twitter:label1\" content=\"Escrito por\" \/>\n\t<meta name=\"twitter:data1\" content=\"Amanda Gushiken\" \/>\n\t<meta name=\"twitter:label2\" content=\"Est. tempo de leitura\" \/>\n\t<meta name=\"twitter:data2\" content=\"4 minutos\" \/>\n<script type=\"application\/ld+json\" class=\"yoast-schema-graph\">{\"@context\":\"https:\/\/schema.org\",\"@graph\":[{\"@type\":\"NewsArticle\",\"@id\":\"https:\/\/www.suno.com.br\/noticias\/petrobras-vende-pasadena\/#article\",\"isPartOf\":{\"@id\":\"https:\/\/www.suno.com.br\/noticias\/petrobras-vende-pasadena\/\"},\"author\":{\"name\":\"Amanda Gushiken\",\"@id\":\"https:\/\/www.suno.com.br\/noticias\/#\/schema\/person\/a5b06fa4e879d8e8e119c6ed3cd630d1\"},\"headline\":\"Petrobras vende refinaria de Pasadena \u00e0 Chevron\",\"datePublished\":\"2019-01-31T09:30:16+00:00\",\"dateModified\":\"2019-01-31T10:12:41+00:00\",\"mainEntityOfPage\":{\"@id\":\"https:\/\/www.suno.com.br\/noticias\/petrobras-vende-pasadena\/\"},\"wordCount\":876,\"publisher\":{\"@id\":\"https:\/\/www.suno.com.br\/noticias\/#organization\"},\"image\":{\"@id\":\"https:\/\/www.suno.com.br\/noticias\/petrobras-vende-pasadena\/#primaryimage\"},\"thumbnailUrl\":\"https:\/\/files.sunoresearch.com.br\/n\/uploads\/2018\/12\/0939c0d4-petrobras-jpg.webp\",\"articleSection\":[\"Neg\u00f3cios\"],\"inLanguage\":\"pt-BR\"},{\"@type\":\"WebPage\",\"@id\":\"https:\/\/www.suno.com.br\/noticias\/petrobras-vende-pasadena\/\",\"url\":\"https:\/\/www.suno.com.br\/noticias\/petrobras-vende-pasadena\/\",\"name\":\"Petrobras vende refinaria de Pasadena \u00e0 Chevron\",\"isPartOf\":{\"@id\":\"https:\/\/www.suno.com.br\/noticias\/#website\"},\"primaryImageOfPage\":{\"@id\":\"https:\/\/www.suno.com.br\/noticias\/petrobras-vende-pasadena\/#primaryimage\"},\"image\":{\"@id\":\"https:\/\/www.suno.com.br\/noticias\/petrobras-vende-pasadena\/#primaryimage\"},\"thumbnailUrl\":\"https:\/\/files.sunoresearch.com.br\/n\/uploads\/2018\/12\/0939c0d4-petrobras-jpg.webp\",\"datePublished\":\"2019-01-31T09:30:16+00:00\",\"dateModified\":\"2019-01-31T10:12:41+00:00\",\"description\":\"A Petrobras assinou o contrato de venda da refinaria de Pasadena, no Texas, \u00e0 francesa Chevron. Clique para saber mais.\",\"breadcrumb\":{\"@id\":\"https:\/\/www.suno.com.br\/noticias\/petrobras-vende-pasadena\/#breadcrumb\"},\"inLanguage\":\"pt-BR\",\"potentialAction\":[{\"@type\":\"ReadAction\",\"target\":[\"https:\/\/www.suno.com.br\/noticias\/petrobras-vende-pasadena\/\"]}]},{\"@type\":\"ImageObject\",\"inLanguage\":\"pt-BR\",\"@id\":\"https:\/\/www.suno.com.br\/noticias\/petrobras-vende-pasadena\/#primaryimage\",\"url\":\"https:\/\/files.sunoresearch.com.br\/n\/uploads\/2018\/12\/0939c0d4-petrobras-jpg.webp\",\"contentUrl\":\"https:\/\/files.sunoresearch.com.br\/n\/uploads\/2018\/12\/0939c0d4-petrobras-jpg.webp\",\"width\":1024,\"height\":711,\"caption\":\"Petrobras vendeu refinaria de Pasadena \u00e0 Chevron. (divulga\u00e7\u00e3o)\"},{\"@type\":\"BreadcrumbList\",\"@id\":\"https:\/\/www.suno.com.br\/noticias\/petrobras-vende-pasadena\/#breadcrumb\",\"itemListElement\":[{\"@type\":\"ListItem\",\"position\":1,\"name\":\"Not\u00edcias\",\"item\":\"https:\/\/www.suno.com.br\/noticias\/\"},{\"@type\":\"ListItem\",\"position\":2,\"name\":\"Neg\u00f3cios\",\"item\":\"https:\/\/www.suno.com.br\/noticias\/negocios\/\"},{\"@type\":\"ListItem\",\"position\":3,\"name\":\"Petrobras vende refinaria de Pasadena \u00e0 Chevron\"}]},{\"@type\":\"WebSite\",\"@id\":\"https:\/\/www.suno.com.br\/noticias\/#website\",\"url\":\"https:\/\/www.suno.com.br\/noticias\/\",\"name\":\"Suno Not\u00edcias\",\"description\":\"Seu portal de informa\u00e7\u00e3o sobre o mundo dos investimentos\",\"publisher\":{\"@id\":\"https:\/\/www.suno.com.br\/noticias\/#organization\"},\"potentialAction\":[{\"@type\":\"SearchAction\",\"target\":{\"@type\":\"EntryPoint\",\"urlTemplate\":\"https:\/\/www.suno.com.br\/noticias\/?s={search_term_string}\"},\"query-input\":{\"@type\":\"PropertyValueSpecification\",\"valueRequired\":true,\"valueName\":\"search_term_string\"}}],\"inLanguage\":\"pt-BR\"},{\"@type\":\"Organization\",\"@id\":\"https:\/\/www.suno.com.br\/noticias\/#organization\",\"name\":\"Suno Not\u00edcias\",\"url\":\"https:\/\/www.suno.com.br\/noticias\/\",\"logo\":{\"@type\":\"ImageObject\",\"inLanguage\":\"pt-BR\",\"@id\":\"https:\/\/www.suno.com.br\/noticias\/#\/schema\/logo\/image\/\",\"url\":\"https:\/\/files.sunoresearch.com.br\/n\/uploads\/2021\/09\/suno-logo.png\",\"contentUrl\":\"https:\/\/files.sunoresearch.com.br\/n\/uploads\/2021\/09\/suno-logo.png\",\"width\":180,\"height\":180,\"caption\":\"Suno Not\u00edcias\"},\"image\":{\"@id\":\"https:\/\/www.suno.com.br\/noticias\/#\/schema\/logo\/image\/\"},\"sameAs\":[\"https:\/\/facebook.com\/sunoresearch\",\"https:\/\/x.com\/sunoresearch\",\"https:\/\/www.instagram.com\/suno\",\"https:\/\/www.linkedin.com\/company\/suno-research\/\",\"https:\/\/www.youtube.com\/c\/sunoresearch\"]},{\"@type\":\"Person\",\"@id\":\"https:\/\/www.suno.com.br\/noticias\/#\/schema\/person\/a5b06fa4e879d8e8e119c6ed3cd630d1\",\"name\":\"Amanda Gushiken\",\"image\":{\"@type\":\"ImageObject\",\"inLanguage\":\"pt-BR\",\"@id\":\"https:\/\/www.suno.com.br\/noticias\/#\/schema\/person\/image\/\",\"url\":\"https:\/\/secure.gravatar.com\/avatar\/ecd84705e6b65e3685ae80d725501fbe?s=96&r=g\",\"contentUrl\":\"https:\/\/secure.gravatar.com\/avatar\/ecd84705e6b65e3685ae80d725501fbe?s=96&r=g\",\"caption\":\"Amanda Gushiken\"},\"description\":\"Amanda Sayuri Gushiken escreve sobre finan\u00e7as e neg\u00f3cios para o portal Suno Not\u00edcias. Antes, trabalhou selecionando not\u00edcias da imprensa para clientes do mercado financeiro. Tamb\u00e9m desenvolveu pesquisa acad\u00eamica pela Universidade Anhembi Morumbi na \u00e1rea de Teorias da Comunica\u00e7\u00e3o e \u00e9 fot\u00f3grafa nas horas vagas.\",\"url\":\"https:\/\/www.suno.com.br\/noticias\/author\/amanda\/\"}]}<\/script>\n<!-- \/ Yoast SEO plugin. -->","yoast_head_json":{"title":"Petrobras vende refinaria de Pasadena \u00e0 Chevron","description":"A Petrobras assinou o contrato de venda da refinaria de Pasadena, no Texas, \u00e0 francesa Chevron. Clique para saber mais.","robots":{"index":"index","follow":"follow","max-snippet":"max-snippet:-1","max-image-preview":"max-image-preview:large","max-video-preview":"max-video-preview:-1"},"canonical":"https:\/\/www.suno.com.br\/noticias\/petrobras-vende-pasadena\/","og_locale":"pt_BR","og_type":"article","og_title":"Petrobras vende refinaria de Pasadena \u00e0 Chevron","og_description":"A Petrobras assinou o contrato de venda da refinaria de Pasadena, no Texas, \u00e0 francesa Chevron. Clique para saber mais.","og_url":"https:\/\/www.suno.com.br\/noticias\/petrobras-vende-pasadena\/","og_site_name":"Suno Not\u00edcias","article_publisher":"https:\/\/facebook.com\/sunoresearch","og_image":[{"width":1024,"height":711,"url":"https:\/\/files.sunoresearch.com.br\/n\/uploads\/2018\/12\/0939c0d4-petrobras.jpg","type":"image\/jpeg"}],"author":"Amanda Gushiken","twitter_card":"summary_large_image","twitter_creator":"@sunoresearch","twitter_site":"@sunoresearch","twitter_misc":{"Escrito por":"Amanda Gushiken","Est. tempo de leitura":"4 minutos"},"schema":{"@context":"https:\/\/schema.org","@graph":[{"@type":"NewsArticle","@id":"https:\/\/www.suno.com.br\/noticias\/petrobras-vende-pasadena\/#article","isPartOf":{"@id":"https:\/\/www.suno.com.br\/noticias\/petrobras-vende-pasadena\/"},"author":{"name":"Amanda Gushiken","@id":"https:\/\/www.suno.com.br\/noticias\/#\/schema\/person\/a5b06fa4e879d8e8e119c6ed3cd630d1"},"headline":"Petrobras vende refinaria de Pasadena \u00e0 Chevron","datePublished":"2019-01-31T09:30:16+00:00","dateModified":"2019-01-31T10:12:41+00:00","mainEntityOfPage":{"@id":"https:\/\/www.suno.com.br\/noticias\/petrobras-vende-pasadena\/"},"wordCount":876,"publisher":{"@id":"https:\/\/www.suno.com.br\/noticias\/#organization"},"image":{"@id":"https:\/\/www.suno.com.br\/noticias\/petrobras-vende-pasadena\/#primaryimage"},"thumbnailUrl":"https:\/\/files.sunoresearch.com.br\/n\/uploads\/2018\/12\/0939c0d4-petrobras-jpg.webp","articleSection":["Neg\u00f3cios"],"inLanguage":"pt-BR"},{"@type":"WebPage","@id":"https:\/\/www.suno.com.br\/noticias\/petrobras-vende-pasadena\/","url":"https:\/\/www.suno.com.br\/noticias\/petrobras-vende-pasadena\/","name":"Petrobras vende refinaria de Pasadena \u00e0 Chevron","isPartOf":{"@id":"https:\/\/www.suno.com.br\/noticias\/#website"},"primaryImageOfPage":{"@id":"https:\/\/www.suno.com.br\/noticias\/petrobras-vende-pasadena\/#primaryimage"},"image":{"@id":"https:\/\/www.suno.com.br\/noticias\/petrobras-vende-pasadena\/#primaryimage"},"thumbnailUrl":"https:\/\/files.sunoresearch.com.br\/n\/uploads\/2018\/12\/0939c0d4-petrobras-jpg.webp","datePublished":"2019-01-31T09:30:16+00:00","dateModified":"2019-01-31T10:12:41+00:00","description":"A Petrobras assinou o contrato de venda da refinaria de Pasadena, no Texas, \u00e0 francesa Chevron. Clique para saber mais.","breadcrumb":{"@id":"https:\/\/www.suno.com.br\/noticias\/petrobras-vende-pasadena\/#breadcrumb"},"inLanguage":"pt-BR","potentialAction":[{"@type":"ReadAction","target":["https:\/\/www.suno.com.br\/noticias\/petrobras-vende-pasadena\/"]}]},{"@type":"ImageObject","inLanguage":"pt-BR","@id":"https:\/\/www.suno.com.br\/noticias\/petrobras-vende-pasadena\/#primaryimage","url":"https:\/\/files.sunoresearch.com.br\/n\/uploads\/2018\/12\/0939c0d4-petrobras-jpg.webp","contentUrl":"https:\/\/files.sunoresearch.com.br\/n\/uploads\/2018\/12\/0939c0d4-petrobras-jpg.webp","width":1024,"height":711,"caption":"Petrobras vendeu refinaria de Pasadena \u00e0 Chevron. (divulga\u00e7\u00e3o)"},{"@type":"BreadcrumbList","@id":"https:\/\/www.suno.com.br\/noticias\/petrobras-vende-pasadena\/#breadcrumb","itemListElement":[{"@type":"ListItem","position":1,"name":"Not\u00edcias","item":"https:\/\/www.suno.com.br\/noticias\/"},{"@type":"ListItem","position":2,"name":"Neg\u00f3cios","item":"https:\/\/www.suno.com.br\/noticias\/negocios\/"},{"@type":"ListItem","position":3,"name":"Petrobras vende refinaria de Pasadena \u00e0 Chevron"}]},{"@type":"WebSite","@id":"https:\/\/www.suno.com.br\/noticias\/#website","url":"https:\/\/www.suno.com.br\/noticias\/","name":"Suno Not\u00edcias","description":"Seu portal de informa\u00e7\u00e3o sobre o mundo dos investimentos","publisher":{"@id":"https:\/\/www.suno.com.br\/noticias\/#organization"},"potentialAction":[{"@type":"SearchAction","target":{"@type":"EntryPoint","urlTemplate":"https:\/\/www.suno.com.br\/noticias\/?s={search_term_string}"},"query-input":{"@type":"PropertyValueSpecification","valueRequired":true,"valueName":"search_term_string"}}],"inLanguage":"pt-BR"},{"@type":"Organization","@id":"https:\/\/www.suno.com.br\/noticias\/#organization","name":"Suno Not\u00edcias","url":"https:\/\/www.suno.com.br\/noticias\/","logo":{"@type":"ImageObject","inLanguage":"pt-BR","@id":"https:\/\/www.suno.com.br\/noticias\/#\/schema\/logo\/image\/","url":"https:\/\/files.sunoresearch.com.br\/n\/uploads\/2021\/09\/suno-logo.png","contentUrl":"https:\/\/files.sunoresearch.com.br\/n\/uploads\/2021\/09\/suno-logo.png","width":180,"height":180,"caption":"Suno Not\u00edcias"},"image":{"@id":"https:\/\/www.suno.com.br\/noticias\/#\/schema\/logo\/image\/"},"sameAs":["https:\/\/facebook.com\/sunoresearch","https:\/\/x.com\/sunoresearch","https:\/\/www.instagram.com\/suno","https:\/\/www.linkedin.com\/company\/suno-research\/","https:\/\/www.youtube.com\/c\/sunoresearch"]},{"@type":"Person","@id":"https:\/\/www.suno.com.br\/noticias\/#\/schema\/person\/a5b06fa4e879d8e8e119c6ed3cd630d1","name":"Amanda Gushiken","image":{"@type":"ImageObject","inLanguage":"pt-BR","@id":"https:\/\/www.suno.com.br\/noticias\/#\/schema\/person\/image\/","url":"https:\/\/secure.gravatar.com\/avatar\/ecd84705e6b65e3685ae80d725501fbe?s=96&r=g","contentUrl":"https:\/\/secure.gravatar.com\/avatar\/ecd84705e6b65e3685ae80d725501fbe?s=96&r=g","caption":"Amanda Gushiken"},"description":"Amanda Sayuri Gushiken escreve sobre finan\u00e7as e neg\u00f3cios para o portal Suno Not\u00edcias. Antes, trabalhou selecionando not\u00edcias da imprensa para clientes do mercado financeiro. Tamb\u00e9m desenvolveu pesquisa acad\u00eamica pela Universidade Anhembi Morumbi na \u00e1rea de Teorias da Comunica\u00e7\u00e3o e \u00e9 fot\u00f3grafa nas horas vagas.","url":"https:\/\/www.suno.com.br\/noticias\/author\/amanda\/"}]}},"default_loop_html":"<div class=\"cardsPage__listCard__boxs\"><div class=\"cardsPage__listCard__boxs__img\"><a href=\"https:\/\/www.suno.com.br\/noticias\/petrobras-vende-pasadena\/\"><img class=\"mask\" src=\"https:\/\/www.suno.com.br\/noticias\/wp-content\/themes\/suno\/resources\/images\/spotlight\/spotlight1img\/bg-mask.png\" alt=\"Image Mask\"\/><img src=\"https:\/\/files.sunoresearch.com.br\/n\/uploads\/2018\/12\/0939c0d4-petrobras-400x200.webp\" alt=\"Petrobras vende refinaria de Pasadena \u00e0 Chevron\"\/><\/a><span class=\"spotlightCategory\"><a href=\"https:\/\/www.suno.com.br\/noticias\/negocios\/\">Neg\u00f3cios<\/a><\/span><\/div><div class=\"cardsPage__listCard__boxs__content\"><a href=\"https:\/\/www.suno.com.br\/noticias\/petrobras-vende-pasadena\/\"><h2 class=\"content__title\">Petrobras vende refinaria de Pasadena \u00e0 Chevron<\/h2><\/a><div class=\"newsContent__article__meta\"><div class=\"newsContent__article__meta__authorBox\"><a href=\"https:\/\/www.suno.com.br\/noticias\/author\/amanda\/\" class=\"authorBox__avatar noMobi\"><img src=\"https:\/\/files.sunoresearch.com.br\/n\/uploads\/2018\/11\/c6ad30be-amanda-150x150.webp\" alt=\"Amanda Gushiken\"><\/a><div class=\"authorBox__name\"><span>por\n\t\t\t<a href=\"https:\/\/www.suno.com.br\/noticias\/author\/amanda\/\"><span itemprop=\"author\">Amanda Gushiken<\/span><\/a><\/span><time datetime=\"2019-01-31T07:30:16-02:00\" itemprop=\"datePublished\">31\/01\/2019 07:30<\/time><\/div><\/div><\/div><\/div><\/div>","single_layout":"posts","amp_enabled":true,"_links":{"self":[{"href":"https:\/\/www.suno.com.br\/noticias\/wp-json\/wp\/v2\/posts\/13601"}],"collection":[{"href":"https:\/\/www.suno.com.br\/noticias\/wp-json\/wp\/v2\/posts"}],"about":[{"href":"https:\/\/www.suno.com.br\/noticias\/wp-json\/wp\/v2\/types\/post"}],"author":[{"embeddable":true,"href":"https:\/\/www.suno.com.br\/noticias\/wp-json\/wp\/v2\/users\/12"}],"replies":[{"embeddable":true,"href":"https:\/\/www.suno.com.br\/noticias\/wp-json\/wp\/v2\/comments?post=13601"}],"version-history":[{"count":0,"href":"https:\/\/www.suno.com.br\/noticias\/wp-json\/wp\/v2\/posts\/13601\/revisions"}],"wp:featuredmedia":[{"embeddable":true,"href":"https:\/\/www.suno.com.br\/noticias\/wp-json\/wp\/v2\/media\/8107"}],"wp:attachment":[{"href":"https:\/\/www.suno.com.br\/noticias\/wp-json\/wp\/v2\/media?parent=13601"}],"wp:term":[{"taxonomy":"category","embeddable":true,"href":"https:\/\/www.suno.com.br\/noticias\/wp-json\/wp\/v2\/categories?post=13601"},{"taxonomy":"post_tag","embeddable":true,"href":"https:\/\/www.suno.com.br\/noticias\/wp-json\/wp\/v2\/tags?post=13601"},{"taxonomy":"suno_strategy","embeddable":true,"href":"https:\/\/www.suno.com.br\/noticias\/wp-json\/wp\/v2\/suno_strategy?post=13601"}],"curies":[{"name":"wp","href":"https:\/\/api.w.org\/{rel}","templated":true}]}}