{"id":13585,"date":"2019-01-30T21:22:18","date_gmt":"2019-01-30T23:22:18","guid":{"rendered":"https:\/\/www.suno.com.br\/noticias\/?p=13585"},"modified":"2019-01-31T12:07:30","modified_gmt":"2019-01-31T14:07:30","slug":"consultoria-diminui-previsao-soja","status":"publish","type":"post","link":"https:\/\/www.suno.com.br\/noticias\/consultoria-diminui-previsao-soja\/","title":{"rendered":"Consultoria diminui previs\u00e3o de safra de soja por causa da seca"},"content":{"rendered":"<p>A consultoria Datagro diminuiu a safra de soja de 2018\/19 para 113 milh\u00f5es de toneladas.<\/p>\t<div class=\"wrapper-featured-image\">\n\t\t<figure class=\"spotlightImg\">\n\n\t\t\t<picture>\n\t\t\t\t<source media=\"(max-width: 768px)\" srcset=\"https:\/\/files.sunoresearch.com.br\/n\/uploads\/2018\/12\/0e5b23e3-china-400x200.webp\">\n\t\t\t\t<img loading=\"lazy\" decoding=\"async\" class=\"newsContent__article__imgCapa lazyloadDisabled newsContent__article__imgCapa--noCaption\" src=\"https:\/\/files.sunoresearch.com.br\/n\/uploads\/2018\/12\/0e5b23e3-china-jpg.webp\" width=\"800\" height=\"450\" alt=\"Consultoria diminui previs\u00e3o de safra de soja por causa da seca\" fetchpriority=high \/>\n\t\t\t<\/picture>\n\n\t\t\t<figcaption class=\"wp-caption-text wp-caption-text--hide\">Estados Unidos vendem 1,13 milh\u00e3o de toneladas de soja para China<\/figcaption>\n\t\t<\/figure>\n\t<\/div>\n\n\n<p>Com isso, a safra de <strong>soja<\/strong> sofrer\u00e1 uma redu\u00e7\u00e3o de 10 milh\u00f5es de toneladas na compara\u00e7\u00e3o com a \u00faltima previs\u00e3o, ocorrida em dezembro.<\/p>\n<p><a href=\"https:\/\/www.suno.com.br\/noticias\/reduz-expectativas-safra-exportacao-soja\/\">Saiba mais: Associa\u00e7\u00e3o reduz expectativas para safra e exporta\u00e7\u00e3o de soja em 2019<\/a><\/p>\n<p>Na ocasi\u00e3o, a consultoria previa uma safra recorde de 125 milh\u00f5es de toneladas em clima favor\u00e1vel.<\/p>\n<p>Por\u00e9m, a falta de chuvas e o calor afetaram importantes \u00e1reas produtoras, como Mato Grosso, o que motivou a queda.<\/p>\n<p>Caso o n\u00famero seja confirmado, a produ\u00e7\u00e3o de <strong>soja<\/strong> do Brasil ca\u00edra 5% na compara\u00e7\u00e3o com a temporada anterior. O Pa\u00eds \u00e9 o maior <strong>exportador<\/strong> do gr\u00e3o do mundo.<\/p>\n<p><a href=\"https:\/\/www.suno.com.br\/noticias\/exportacoes-agronegocio-batem-recorde-ultrapassam\/\">Saiba mais: Exporta\u00e7\u00f5es do agroneg\u00f3cio batem recorde e ultrapassam US$ 100 bi<\/a><\/p>\n<p>At\u00e9 semana passada, os produtores tinham colhido 12,5% da safra, informa a Datagro.<\/p>\n<h2>Milho<\/h2>\n<p>Em compensa\u00e7\u00e3o, a produ\u00e7\u00e3o do milho apresenta melhor desempenho, apesar de redu\u00e7\u00f5es nas estimativas.<\/p>\n<p>Em 2018\/19, a produ\u00e7\u00e3o dever\u00e1 chegar\u00a093,649 milh\u00f5es de toneladas, alta de 15% sobre 2017\/18. No per\u00edodo, uma seca atingiu as lavouras.<\/p>\n<h2>Outras consultorias<\/h2>\n<p>Outras consultorias tamb\u00e9m rebaixaram a safra da <strong>soja<\/strong> em 2018\/19.<\/p>\n<p>A\u00a0<strong>Associa\u00e7\u00e3o Brasileira das Ind\u00fastrias de \u00d3leos Vegetais (Abiove)<\/strong> reduziu em 2,5% as previs\u00f5es ante a \u00faltima an\u00e1lise divulgada em dezembro.<\/p>\n<p>De acordo com a associa\u00e7\u00e3o, a safra dever\u00e1 somar 117,9 milh\u00f5es de toneladas em 2019.<\/p>\n<p>A piora no clima motivou a queda.<\/p>\n<p>Al\u00e9m disso, a <strong>Aviove<\/strong> tamb\u00e9m cortou o faturamento de <strong>exporta\u00e7\u00e3o<\/strong> de 34,2 bilh\u00f5es na previs\u00e3o de dezembro para\u00a032,75 bilh\u00f5es de d\u00f3lares.<\/p>\n<p><a href=\"https:\/\/www.suno.com.br\/noticias\/concorrente-vale-sobe-ny\/\">Saiba mais: Concorrente sobe mais de 17% em NY com corte de produ\u00e7\u00e3o da Vale\u00a0<\/a><\/p>\n<p>J\u00e1 <strong>Agroconsult<\/strong> avalia que a quebra na sabra do Paran\u00e1 e de Mato Grosso do Sul supera os 10% em cada estado. Os dois s\u00e3o, respectivamente, o segundo e o quinto maiores produtores do Brasil.<\/p>\n<p>Al\u00e9m disso, <strong>Departamento de Economia Rural (Deral)<\/strong>, do governo do Paran\u00e1, reduziu em 12% sua expectativa para a colheita deste ano.<\/p>\n<p>At\u00e9 agora, a\u00a0Agroconsult estima uma colheita de 117,6 milh\u00f5es de toneladas de <strong>soja<\/strong>, segundo maior volume da hist\u00f3ria atr\u00e1s apenas do recorde de 119,3 milh\u00f5es do ano passado. Por\u00e9m, eram previstos 120 milh\u00f5es se o clima n\u00e3o desfavorecesse as colheitas.<\/p>\n","protected":false},"excerpt":{"rendered":"<p>A consultoria Datagro diminuiu a safra de soja de 2018\/19 para 113 milh\u00f5es de toneladas. Estados Unidos vendem 1,13 milh\u00e3o de toneladas de soja para China Com isso, a safra de soja sofrer\u00e1 uma redu\u00e7\u00e3o de 10 milh\u00f5es de toneladas na compara\u00e7\u00e3o com a \u00faltima previs\u00e3o, ocorrida em dezembro. Saiba mais: Associa\u00e7\u00e3o reduz expectativas para [&hellip;]<\/p>\n","protected":false},"author":14,"featured_media":8760,"comment_status":"closed","ping_status":"closed","sticky":false,"template":"","format":"standard","meta":[],"categories":[62],"tags":[707,917],"suno_strategy":[],"class_list":["post-13585","post","type-post","status-publish","format-standard","has-post-thumbnail","hentry","category-economia","tag-exportacoes","tag-soja"],"yoast_head":"<!-- This site is optimized with the Yoast SEO plugin v24.4 - https:\/\/yoast.com\/wordpress\/plugins\/seo\/ -->\n<title>Consultoria diminui previs\u00e3o de safra de soja por causa da seca<\/title>\n<meta name=\"description\" content=\"A safra de soja sofrer\u00e1 uma redu\u00e7\u00e3o de 10 milh\u00f5es de toneladas na compara\u00e7\u00e3o com a \u00faltima previs\u00e3o. Clique para saber mais.\" \/>\n<meta name=\"robots\" content=\"index, follow, max-snippet:-1, max-image-preview:large, max-video-preview:-1\" \/>\n<link rel=\"canonical\" href=\"https:\/\/www.suno.com.br\/noticias\/consultoria-diminui-previsao-soja\/\" \/>\n<meta property=\"og:locale\" content=\"pt_BR\" \/>\n<meta property=\"og:type\" content=\"article\" \/>\n<meta property=\"og:title\" content=\"Consultoria diminui previs\u00e3o de safra de soja por causa da seca\" \/>\n<meta property=\"og:description\" content=\"A safra de soja sofrer\u00e1 uma redu\u00e7\u00e3o de 10 milh\u00f5es de toneladas na compara\u00e7\u00e3o com a \u00faltima previs\u00e3o. Clique para saber mais.\" \/>\n<meta property=\"og:url\" content=\"https:\/\/www.suno.com.br\/noticias\/consultoria-diminui-previsao-soja\/\" \/>\n<meta property=\"og:site_name\" content=\"Suno Not\u00edcias\" \/>\n<meta property=\"article:publisher\" content=\"https:\/\/facebook.com\/sunoresearch\" \/>\n<meta property=\"og:image\" content=\"https:\/\/files.sunoresearch.com.br\/n\/uploads\/2018\/12\/0e5b23e3-china.jpg\" \/>\n\t<meta property=\"og:image:width\" content=\"989\" \/>\n\t<meta property=\"og:image:height\" content=\"419\" \/>\n\t<meta property=\"og:image:type\" content=\"image\/jpeg\" \/>\n<meta name=\"author\" content=\"Renan Dantas\" \/>\n<meta name=\"twitter:card\" content=\"summary_large_image\" \/>\n<meta name=\"twitter:creator\" content=\"@sunoresearch\" \/>\n<meta name=\"twitter:site\" content=\"@sunoresearch\" \/>\n<meta name=\"twitter:label1\" content=\"Escrito por\" \/>\n\t<meta name=\"twitter:data1\" content=\"Renan Dantas\" \/>\n\t<meta name=\"twitter:label2\" content=\"Est. tempo de leitura\" \/>\n\t<meta name=\"twitter:data2\" content=\"2 minutos\" \/>\n<script type=\"application\/ld+json\" class=\"yoast-schema-graph\">{\"@context\":\"https:\/\/schema.org\",\"@graph\":[{\"@type\":\"NewsArticle\",\"@id\":\"https:\/\/www.suno.com.br\/noticias\/consultoria-diminui-previsao-soja\/#article\",\"isPartOf\":{\"@id\":\"https:\/\/www.suno.com.br\/noticias\/consultoria-diminui-previsao-soja\/\"},\"author\":{\"name\":\"Renan Dantas\",\"@id\":\"https:\/\/www.suno.com.br\/noticias\/#\/schema\/person\/3f7693d5795a3f6d5ce15309ee785699\"},\"headline\":\"Consultoria diminui previs\u00e3o de safra de soja por causa da seca\",\"datePublished\":\"2019-01-30T23:22:18+00:00\",\"dateModified\":\"2019-01-31T14:07:30+00:00\",\"mainEntityOfPage\":{\"@id\":\"https:\/\/www.suno.com.br\/noticias\/consultoria-diminui-previsao-soja\/\"},\"wordCount\":403,\"publisher\":{\"@id\":\"https:\/\/www.suno.com.br\/noticias\/#organization\"},\"image\":{\"@id\":\"https:\/\/www.suno.com.br\/noticias\/consultoria-diminui-previsao-soja\/#primaryimage\"},\"thumbnailUrl\":\"https:\/\/files.sunoresearch.com.br\/n\/uploads\/2018\/12\/0e5b23e3-china-jpg.webp\",\"keywords\":[\"exporta\u00e7\u00f5es\",\"soja\"],\"articleSection\":[\"Economia\"],\"inLanguage\":\"pt-BR\"},{\"@type\":\"WebPage\",\"@id\":\"https:\/\/www.suno.com.br\/noticias\/consultoria-diminui-previsao-soja\/\",\"url\":\"https:\/\/www.suno.com.br\/noticias\/consultoria-diminui-previsao-soja\/\",\"name\":\"Consultoria diminui previs\u00e3o de safra de soja por causa da seca\",\"isPartOf\":{\"@id\":\"https:\/\/www.suno.com.br\/noticias\/#website\"},\"primaryImageOfPage\":{\"@id\":\"https:\/\/www.suno.com.br\/noticias\/consultoria-diminui-previsao-soja\/#primaryimage\"},\"image\":{\"@id\":\"https:\/\/www.suno.com.br\/noticias\/consultoria-diminui-previsao-soja\/#primaryimage\"},\"thumbnailUrl\":\"https:\/\/files.sunoresearch.com.br\/n\/uploads\/2018\/12\/0e5b23e3-china-jpg.webp\",\"datePublished\":\"2019-01-30T23:22:18+00:00\",\"dateModified\":\"2019-01-31T14:07:30+00:00\",\"description\":\"A safra de soja sofrer\u00e1 uma redu\u00e7\u00e3o de 10 milh\u00f5es de toneladas na compara\u00e7\u00e3o com a \u00faltima previs\u00e3o. Clique para saber mais.\",\"breadcrumb\":{\"@id\":\"https:\/\/www.suno.com.br\/noticias\/consultoria-diminui-previsao-soja\/#breadcrumb\"},\"inLanguage\":\"pt-BR\",\"potentialAction\":[{\"@type\":\"ReadAction\",\"target\":[\"https:\/\/www.suno.com.br\/noticias\/consultoria-diminui-previsao-soja\/\"]}]},{\"@type\":\"ImageObject\",\"inLanguage\":\"pt-BR\",\"@id\":\"https:\/\/www.suno.com.br\/noticias\/consultoria-diminui-previsao-soja\/#primaryimage\",\"url\":\"https:\/\/files.sunoresearch.com.br\/n\/uploads\/2018\/12\/0e5b23e3-china-jpg.webp\",\"contentUrl\":\"https:\/\/files.sunoresearch.com.br\/n\/uploads\/2018\/12\/0e5b23e3-china-jpg.webp\",\"width\":989,\"height\":419,\"caption\":\"Estados Unidos vendem 1,13 milh\u00e3o de toneladas de soja para China\"},{\"@type\":\"BreadcrumbList\",\"@id\":\"https:\/\/www.suno.com.br\/noticias\/consultoria-diminui-previsao-soja\/#breadcrumb\",\"itemListElement\":[{\"@type\":\"ListItem\",\"position\":1,\"name\":\"Not\u00edcias\",\"item\":\"https:\/\/www.suno.com.br\/noticias\/\"},{\"@type\":\"ListItem\",\"position\":2,\"name\":\"Economia\",\"item\":\"https:\/\/www.suno.com.br\/noticias\/economia\/\"},{\"@type\":\"ListItem\",\"position\":3,\"name\":\"Consultoria diminui previs\u00e3o de safra de soja por causa da seca\"}]},{\"@type\":\"WebSite\",\"@id\":\"https:\/\/www.suno.com.br\/noticias\/#website\",\"url\":\"https:\/\/www.suno.com.br\/noticias\/\",\"name\":\"Suno Not\u00edcias\",\"description\":\"Seu portal de informa\u00e7\u00e3o sobre o mundo dos investimentos\",\"publisher\":{\"@id\":\"https:\/\/www.suno.com.br\/noticias\/#organization\"},\"potentialAction\":[{\"@type\":\"SearchAction\",\"target\":{\"@type\":\"EntryPoint\",\"urlTemplate\":\"https:\/\/www.suno.com.br\/noticias\/?s={search_term_string}\"},\"query-input\":{\"@type\":\"PropertyValueSpecification\",\"valueRequired\":true,\"valueName\":\"search_term_string\"}}],\"inLanguage\":\"pt-BR\"},{\"@type\":\"Organization\",\"@id\":\"https:\/\/www.suno.com.br\/noticias\/#organization\",\"name\":\"Suno Not\u00edcias\",\"url\":\"https:\/\/www.suno.com.br\/noticias\/\",\"logo\":{\"@type\":\"ImageObject\",\"inLanguage\":\"pt-BR\",\"@id\":\"https:\/\/www.suno.com.br\/noticias\/#\/schema\/logo\/image\/\",\"url\":\"https:\/\/files.sunoresearch.com.br\/n\/uploads\/2021\/09\/suno-logo.png\",\"contentUrl\":\"https:\/\/files.sunoresearch.com.br\/n\/uploads\/2021\/09\/suno-logo.png\",\"width\":180,\"height\":180,\"caption\":\"Suno Not\u00edcias\"},\"image\":{\"@id\":\"https:\/\/www.suno.com.br\/noticias\/#\/schema\/logo\/image\/\"},\"sameAs\":[\"https:\/\/facebook.com\/sunoresearch\",\"https:\/\/x.com\/sunoresearch\",\"https:\/\/www.instagram.com\/suno\",\"https:\/\/www.linkedin.com\/company\/suno-research\/\",\"https:\/\/www.youtube.com\/c\/sunoresearch\"]},{\"@type\":\"Person\",\"@id\":\"https:\/\/www.suno.com.br\/noticias\/#\/schema\/person\/3f7693d5795a3f6d5ce15309ee785699\",\"name\":\"Renan Dantas\",\"image\":{\"@type\":\"ImageObject\",\"inLanguage\":\"pt-BR\",\"@id\":\"https:\/\/www.suno.com.br\/noticias\/#\/schema\/person\/image\/\",\"url\":\"https:\/\/secure.gravatar.com\/avatar\/1787b83e7484a08e51d62ac8b41c8396?s=96&r=g\",\"contentUrl\":\"https:\/\/secure.gravatar.com\/avatar\/1787b83e7484a08e51d62ac8b41c8396?s=96&r=g\",\"caption\":\"Renan Dantas\"},\"description\":\"Escreve sobre pol\u00edtica e mercado financeiro para o portal Suno Not\u00edcias. Antes, atuou na assessoria de comunica\u00e7\u00e3o do Minist\u00e9rio P\u00fablico do Trabalho e na R\u00e1dio Mackenzie, onde apresentava e produzia um programa sobre artistas da m\u00fasica brasileira. \u00c9 estudante na Universidade Presbiteriana Mackenzie.\",\"url\":\"https:\/\/www.suno.com.br\/noticias\/author\/renan-dantas\/\"}]}<\/script>\n<!-- \/ Yoast SEO plugin. -->","yoast_head_json":{"title":"Consultoria diminui previs\u00e3o de safra de soja por causa da seca","description":"A safra de soja sofrer\u00e1 uma redu\u00e7\u00e3o de 10 milh\u00f5es de toneladas na compara\u00e7\u00e3o com a \u00faltima previs\u00e3o. Clique para saber mais.","robots":{"index":"index","follow":"follow","max-snippet":"max-snippet:-1","max-image-preview":"max-image-preview:large","max-video-preview":"max-video-preview:-1"},"canonical":"https:\/\/www.suno.com.br\/noticias\/consultoria-diminui-previsao-soja\/","og_locale":"pt_BR","og_type":"article","og_title":"Consultoria diminui previs\u00e3o de safra de soja por causa da seca","og_description":"A safra de soja sofrer\u00e1 uma redu\u00e7\u00e3o de 10 milh\u00f5es de toneladas na compara\u00e7\u00e3o com a \u00faltima previs\u00e3o. Clique para saber mais.","og_url":"https:\/\/www.suno.com.br\/noticias\/consultoria-diminui-previsao-soja\/","og_site_name":"Suno Not\u00edcias","article_publisher":"https:\/\/facebook.com\/sunoresearch","og_image":[{"width":989,"height":419,"url":"https:\/\/files.sunoresearch.com.br\/n\/uploads\/2018\/12\/0e5b23e3-china.jpg","type":"image\/jpeg"}],"author":"Renan Dantas","twitter_card":"summary_large_image","twitter_creator":"@sunoresearch","twitter_site":"@sunoresearch","twitter_misc":{"Escrito por":"Renan Dantas","Est. tempo de leitura":"2 minutos"},"schema":{"@context":"https:\/\/schema.org","@graph":[{"@type":"NewsArticle","@id":"https:\/\/www.suno.com.br\/noticias\/consultoria-diminui-previsao-soja\/#article","isPartOf":{"@id":"https:\/\/www.suno.com.br\/noticias\/consultoria-diminui-previsao-soja\/"},"author":{"name":"Renan Dantas","@id":"https:\/\/www.suno.com.br\/noticias\/#\/schema\/person\/3f7693d5795a3f6d5ce15309ee785699"},"headline":"Consultoria diminui previs\u00e3o de safra de soja por causa da seca","datePublished":"2019-01-30T23:22:18+00:00","dateModified":"2019-01-31T14:07:30+00:00","mainEntityOfPage":{"@id":"https:\/\/www.suno.com.br\/noticias\/consultoria-diminui-previsao-soja\/"},"wordCount":403,"publisher":{"@id":"https:\/\/www.suno.com.br\/noticias\/#organization"},"image":{"@id":"https:\/\/www.suno.com.br\/noticias\/consultoria-diminui-previsao-soja\/#primaryimage"},"thumbnailUrl":"https:\/\/files.sunoresearch.com.br\/n\/uploads\/2018\/12\/0e5b23e3-china-jpg.webp","keywords":["exporta\u00e7\u00f5es","soja"],"articleSection":["Economia"],"inLanguage":"pt-BR"},{"@type":"WebPage","@id":"https:\/\/www.suno.com.br\/noticias\/consultoria-diminui-previsao-soja\/","url":"https:\/\/www.suno.com.br\/noticias\/consultoria-diminui-previsao-soja\/","name":"Consultoria diminui previs\u00e3o de safra de soja por causa da seca","isPartOf":{"@id":"https:\/\/www.suno.com.br\/noticias\/#website"},"primaryImageOfPage":{"@id":"https:\/\/www.suno.com.br\/noticias\/consultoria-diminui-previsao-soja\/#primaryimage"},"image":{"@id":"https:\/\/www.suno.com.br\/noticias\/consultoria-diminui-previsao-soja\/#primaryimage"},"thumbnailUrl":"https:\/\/files.sunoresearch.com.br\/n\/uploads\/2018\/12\/0e5b23e3-china-jpg.webp","datePublished":"2019-01-30T23:22:18+00:00","dateModified":"2019-01-31T14:07:30+00:00","description":"A safra de soja sofrer\u00e1 uma redu\u00e7\u00e3o de 10 milh\u00f5es de toneladas na compara\u00e7\u00e3o com a \u00faltima previs\u00e3o. Clique para saber mais.","breadcrumb":{"@id":"https:\/\/www.suno.com.br\/noticias\/consultoria-diminui-previsao-soja\/#breadcrumb"},"inLanguage":"pt-BR","potentialAction":[{"@type":"ReadAction","target":["https:\/\/www.suno.com.br\/noticias\/consultoria-diminui-previsao-soja\/"]}]},{"@type":"ImageObject","inLanguage":"pt-BR","@id":"https:\/\/www.suno.com.br\/noticias\/consultoria-diminui-previsao-soja\/#primaryimage","url":"https:\/\/files.sunoresearch.com.br\/n\/uploads\/2018\/12\/0e5b23e3-china-jpg.webp","contentUrl":"https:\/\/files.sunoresearch.com.br\/n\/uploads\/2018\/12\/0e5b23e3-china-jpg.webp","width":989,"height":419,"caption":"Estados Unidos vendem 1,13 milh\u00e3o de toneladas de soja para China"},{"@type":"BreadcrumbList","@id":"https:\/\/www.suno.com.br\/noticias\/consultoria-diminui-previsao-soja\/#breadcrumb","itemListElement":[{"@type":"ListItem","position":1,"name":"Not\u00edcias","item":"https:\/\/www.suno.com.br\/noticias\/"},{"@type":"ListItem","position":2,"name":"Economia","item":"https:\/\/www.suno.com.br\/noticias\/economia\/"},{"@type":"ListItem","position":3,"name":"Consultoria diminui previs\u00e3o de safra de soja por causa da seca"}]},{"@type":"WebSite","@id":"https:\/\/www.suno.com.br\/noticias\/#website","url":"https:\/\/www.suno.com.br\/noticias\/","name":"Suno Not\u00edcias","description":"Seu portal de informa\u00e7\u00e3o sobre o mundo dos investimentos","publisher":{"@id":"https:\/\/www.suno.com.br\/noticias\/#organization"},"potentialAction":[{"@type":"SearchAction","target":{"@type":"EntryPoint","urlTemplate":"https:\/\/www.suno.com.br\/noticias\/?s={search_term_string}"},"query-input":{"@type":"PropertyValueSpecification","valueRequired":true,"valueName":"search_term_string"}}],"inLanguage":"pt-BR"},{"@type":"Organization","@id":"https:\/\/www.suno.com.br\/noticias\/#organization","name":"Suno Not\u00edcias","url":"https:\/\/www.suno.com.br\/noticias\/","logo":{"@type":"ImageObject","inLanguage":"pt-BR","@id":"https:\/\/www.suno.com.br\/noticias\/#\/schema\/logo\/image\/","url":"https:\/\/files.sunoresearch.com.br\/n\/uploads\/2021\/09\/suno-logo.png","contentUrl":"https:\/\/files.sunoresearch.com.br\/n\/uploads\/2021\/09\/suno-logo.png","width":180,"height":180,"caption":"Suno Not\u00edcias"},"image":{"@id":"https:\/\/www.suno.com.br\/noticias\/#\/schema\/logo\/image\/"},"sameAs":["https:\/\/facebook.com\/sunoresearch","https:\/\/x.com\/sunoresearch","https:\/\/www.instagram.com\/suno","https:\/\/www.linkedin.com\/company\/suno-research\/","https:\/\/www.youtube.com\/c\/sunoresearch"]},{"@type":"Person","@id":"https:\/\/www.suno.com.br\/noticias\/#\/schema\/person\/3f7693d5795a3f6d5ce15309ee785699","name":"Renan Dantas","image":{"@type":"ImageObject","inLanguage":"pt-BR","@id":"https:\/\/www.suno.com.br\/noticias\/#\/schema\/person\/image\/","url":"https:\/\/secure.gravatar.com\/avatar\/1787b83e7484a08e51d62ac8b41c8396?s=96&r=g","contentUrl":"https:\/\/secure.gravatar.com\/avatar\/1787b83e7484a08e51d62ac8b41c8396?s=96&r=g","caption":"Renan Dantas"},"description":"Escreve sobre pol\u00edtica e mercado financeiro para o portal Suno Not\u00edcias. Antes, atuou na assessoria de comunica\u00e7\u00e3o do Minist\u00e9rio P\u00fablico do Trabalho e na R\u00e1dio Mackenzie, onde apresentava e produzia um programa sobre artistas da m\u00fasica brasileira. \u00c9 estudante na Universidade Presbiteriana Mackenzie.","url":"https:\/\/www.suno.com.br\/noticias\/author\/renan-dantas\/"}]}},"default_loop_html":"<div class=\"cardsPage__listCard__boxs\"><div class=\"cardsPage__listCard__boxs__img\"><a href=\"https:\/\/www.suno.com.br\/noticias\/consultoria-diminui-previsao-soja\/\"><img class=\"mask\" src=\"https:\/\/www.suno.com.br\/noticias\/wp-content\/themes\/suno\/resources\/images\/spotlight\/spotlight1img\/bg-mask.png\" alt=\"Image Mask\"\/><img src=\"https:\/\/files.sunoresearch.com.br\/n\/uploads\/2018\/12\/0e5b23e3-china-400x200.webp\" alt=\"Consultoria diminui previs\u00e3o de safra de soja por causa da seca\"\/><\/a><span class=\"spotlightCategory\"><a href=\"https:\/\/www.suno.com.br\/noticias\/economia\/\">Economia<\/a><\/span><\/div><div class=\"cardsPage__listCard__boxs__content\"><a href=\"https:\/\/www.suno.com.br\/noticias\/consultoria-diminui-previsao-soja\/\"><h2 class=\"content__title\">Consultoria diminui previs\u00e3o de safra de soja por causa da seca<\/h2><\/a><div class=\"newsContent__article__meta\"><div class=\"newsContent__article__meta__authorBox\"><a href=\"https:\/\/www.suno.com.br\/noticias\/author\/renan-dantas\/\" class=\"authorBox__avatar noMobi\"><img src=\"https:\/\/secure.gravatar.com\/avatar\/1787b83e7484a08e51d62ac8b41c8396?s=96&#038;r=g\" alt=\"Renan Dantas\"><\/a><div class=\"authorBox__name\"><span>por\n\t\t\t<a href=\"https:\/\/www.suno.com.br\/noticias\/author\/renan-dantas\/\"><span itemprop=\"author\">Renan Dantas<\/span><\/a><\/span><time datetime=\"2019-01-30T21:22:18-02:00\" itemprop=\"datePublished\">30\/01\/2019 21:22<\/time><\/div><\/div><\/div><\/div><\/div>","single_layout":"posts","amp_enabled":true,"_links":{"self":[{"href":"https:\/\/www.suno.com.br\/noticias\/wp-json\/wp\/v2\/posts\/13585"}],"collection":[{"href":"https:\/\/www.suno.com.br\/noticias\/wp-json\/wp\/v2\/posts"}],"about":[{"href":"https:\/\/www.suno.com.br\/noticias\/wp-json\/wp\/v2\/types\/post"}],"author":[{"embeddable":true,"href":"https:\/\/www.suno.com.br\/noticias\/wp-json\/wp\/v2\/users\/14"}],"replies":[{"embeddable":true,"href":"https:\/\/www.suno.com.br\/noticias\/wp-json\/wp\/v2\/comments?post=13585"}],"version-history":[{"count":0,"href":"https:\/\/www.suno.com.br\/noticias\/wp-json\/wp\/v2\/posts\/13585\/revisions"}],"wp:featuredmedia":[{"embeddable":true,"href":"https:\/\/www.suno.com.br\/noticias\/wp-json\/wp\/v2\/media\/8760"}],"wp:attachment":[{"href":"https:\/\/www.suno.com.br\/noticias\/wp-json\/wp\/v2\/media?parent=13585"}],"wp:term":[{"taxonomy":"category","embeddable":true,"href":"https:\/\/www.suno.com.br\/noticias\/wp-json\/wp\/v2\/categories?post=13585"},{"taxonomy":"post_tag","embeddable":true,"href":"https:\/\/www.suno.com.br\/noticias\/wp-json\/wp\/v2\/tags?post=13585"},{"taxonomy":"suno_strategy","embeddable":true,"href":"https:\/\/www.suno.com.br\/noticias\/wp-json\/wp\/v2\/suno_strategy?post=13585"}],"curies":[{"name":"wp","href":"https:\/\/api.w.org\/{rel}","templated":true}]}}