{"id":13569,"date":"2019-01-30T19:28:44","date_gmt":"2019-01-30T21:28:44","guid":{"rendered":"https:\/\/www.suno.com.br\/noticias\/?p=13569"},"modified":"2021-02-18T17:54:10","modified_gmt":"2021-02-18T20:54:10","slug":"ex-ceo-starbucks-concorrer-presidencia","status":"publish","type":"post","link":"https:\/\/www.suno.com.br\/noticias\/ex-ceo-starbucks-concorrer-presidencia\/","title":{"rendered":"Ex-CEO do Starbucks diz que vai concorrer \u00e0 presid\u00eancia e \u00e9 criticado"},"content":{"rendered":"<p><a href=\"https:\/\/www.suno.com.br\/artigos\/ceo\/\">O ex-CEO do Starbucks<\/a>, Howard Schultz, recebeu cr\u00edticas pelo an\u00fancio feito por ele no \u00faltimo domingo (27). Durante entrevista ao programa &#8220;60 minutes&#8221;, o empres\u00e1rio disse que pensava em se candidatar \u00e0 presid\u00eancia dos Estados Unidos em 2020.<\/p>\t<div class=\"wrapper-featured-image\">\n\t\t<figure class=\"spotlightImg\">\n\n\t\t\t<picture>\n\t\t\t\t<source media=\"(max-width: 768px)\" srcset=\"https:\/\/files.sunoresearch.com.br\/n\/uploads\/2018\/08\/3b8baca3-starbucks-400x200.webp\">\n\t\t\t\t<img loading=\"lazy\" decoding=\"async\" class=\"newsContent__article__imgCapa lazyloadDisabled newsContent__article__imgCapa--noCaption\" src=\"https:\/\/files.sunoresearch.com.br\/n\/uploads\/2018\/08\/3b8baca3-starbucks-800x450.webp\" width=\"800\" height=\"450\" alt=\"Ex-CEO do Starbucks diz que vai concorrer \u00e0 presid\u00eancia e \u00e9 criticado\" fetchpriority=high \/>\n\t\t\t<\/picture>\n\n\t\t\t<figcaption class=\"wp-caption-text wp-caption-text--hide\">Starbucks registra lucro de US$ 663 milh\u00f5es no primeiro trimestre de 2019<\/figcaption>\n\t\t<\/figure>\n\t<\/div>\n\n\n<p>&#8220;Estou pensando seriamente em me apresentar como candidato \u00e0 <strong>Presid\u00eancia<\/strong>. Concorrerei como independente centrista, por fora do sistema e dos partidos&#8221;, declarou o <strong>ex-CEO do Starbucks<\/strong>, que sempre se declarou democrata.<\/p>\n<p><a href=\"https:\/\/www.suno.com.br\/noticias\/novo-patamar-acoes-vale-r40\/\">Saiba mais: Novo patamar para a\u00e7\u00f5es da Vale \u00e9 perto dos R$ 40, diz Luiz Barsi<\/a><\/p>\n<p>O bilion\u00e1rio disse que os americanos est\u00e3o cansados do sistema atual e querem uma op\u00e7\u00e3o melhor. &#8220;Estamos vivendo em um momento muito fr\u00e1gil. N\u00e3o apenas pelo fato de que este <strong>presidente<\/strong> n\u00e3o est\u00e1 qualificado para ser presidente, mas por que ambos os partidos n\u00e3o est\u00e3o fazendo o que \u00e9 necess\u00e1rio a favor do povo&#8221;, afirmou <strong>Howard Schultz<\/strong>.<\/p>\n<p>Ele foi questionado sobre sua experi\u00eancia profissional e respondeu que reconhece n\u00e3o ser &#8220;a pessoa mais inteligente da sala&#8221;. &#8220;Para tomar grandes decis\u00f5es sobre problemas complexos, \u00e9 necess\u00e1rio recrutar e atrair pessoas mais inteligentes e experientes&#8221;, declarou.<\/p>\n<p><a href=\"https:\/\/www.suno.com.br\/noticias\/engenheiros-seguranca-vale-presos\/\">Saiba mais: Engenheiros que atestaram seguran\u00e7a de barragem da Vale s\u00e3o presos<\/a><\/p>\n<h2>As cr\u00edticas ao plano do ex-CEO do Starbucks<\/h2>\n<p>Muita gente n\u00e3o recebeu bem o an\u00fancio de <strong>Schultz<\/strong>. O presidente americano, <strong>Donald Trump<\/strong>, foi um deles. Em sua conta no Twitter, o republicano provocou o ex-executivo.<\/p>\n<p>&#8220;Howard Schultz n\u00e3o tem culh\u00f5es para concorrer a presidente! Eu o assisti no @60Minutes na noite passada e eu concordo que ele n\u00e3o \u00e9 a &#8216;pessoa mais inteligente&#8217;. Al\u00e9m do mais, a Am\u00e9rica j\u00e1 tem isso. S\u00f3 espero que <a href=\"https:\/\/www.suno.com.br\/noticias\/nestle-e-starbucks-fecham-acordo-de-licenciamento-de-us-715-bilhoes\/\">o <strong>Starbucks<\/strong><\/a> esteja pagando o aluguel na Trump Tower&#8221;, tuitou <strong>Trump<\/strong>.<\/p>\n<p>Um artigo no site da Bloomberg dizia: &#8220;Uma campanha de <strong>Howard Schultz<\/strong> \u00e0 Presid\u00eancia n\u00e3o \u00e9 arrogante. \u00c9 ing\u00eanua&#8221;. &#8220;Sua hist\u00f3ria de vida e <a href=\"https:\/\/www.suno.com.br\/artigos\/serie-os-5-maiores-ceos\/\">lideran\u00e7a \u00e0 frente do <strong>Starbucks<\/strong><\/a> s\u00e3o admir\u00e1veis, mas suas ideias pol\u00edticas n\u00e3o est\u00e3o prontas para o hor\u00e1rio nobre&#8221;, seguia a linha-fina do artigo. Lideran\u00e7as pol\u00edticas, celebridades e eleitores o criticaram em peso.<\/p>\n<p>Ian Russell, um estrategista democrata, chamou o plano de &#8220;uma aventura de gente rica&#8221;. A cientista pol\u00edtica Neera Tanden se referiu \u00e0 ideia como &#8220;pura vaidade&#8221;. Houve at\u00e9 um grito de &#8220;ego\u00edsta&#8221; durante evento em que <strong>Schultz<\/strong> participou na \u00faltima ter\u00e7a (29).<\/p>\n<p>O n\u00famero de empres\u00e1rios que se vendem como novidade e uma alternativa \u00e0 &#8220;velha pol\u00edtica&#8221; aumentou no mundo todo. Na Fran\u00e7a, <strong>Emmanuel Macron<\/strong> chegou ao poder sobre sua plataforma &#8220;En Marche!&#8221;. A Argentina teve <strong>Mauricio Macri<\/strong>. <strong>Donald Trump<\/strong> tamb\u00e9m seguiu a mesma linha. No Brasil, <strong>Jo\u00e3o Doria<\/strong> \u00e9 outro exemplo. Ao que parece, <strong>Howard Schultz<\/strong> quer fazer parte do grupo.<\/p>\n","protected":false},"excerpt":{"rendered":"<p>O ex-CEO do Starbucks, Howard Schultz, recebeu cr\u00edticas pelo an\u00fancio feito por ele no \u00faltimo domingo (27). Durante entrevista ao programa &#8220;60 minutes&#8221;, o empres\u00e1rio disse que pensava em se candidatar \u00e0 presid\u00eancia dos Estados Unidos em 2020. Starbucks registra lucro de US$ 663 milh\u00f5es no primeiro trimestre de 2019 &#8220;Estou pensando seriamente em me [&hellip;]<\/p>\n","protected":false},"author":13,"featured_media":2878,"comment_status":"closed","ping_status":"closed","sticky":false,"template":"","format":"standard","meta":[],"categories":[63],"tags":[724,697,793],"suno_strategy":[],"class_list":["post-13569","post","type-post","status-publish","format-standard","has-post-thumbnail","hentry","category-internacional","tag-donald-trump","tag-eleicoes","tag-estados-unidos-eua"],"yoast_head":"<!-- This site is optimized with the Yoast SEO plugin v24.4 - https:\/\/yoast.com\/wordpress\/plugins\/seo\/ -->\n<title>Ex-CEO do Starbucks diz que vai concorrer \u00e0 presid\u00eancia e \u00e9 criticado<\/title>\n<meta name=\"description\" content=\"O ex-CEO do Starbucks, Howard Schultz, recebeu cr\u00edticas pelo an\u00fancio feito por ele no \u00faltimo domingo (27). Clique e saiba mais.\" \/>\n<meta name=\"robots\" content=\"index, follow, max-snippet:-1, max-image-preview:large, max-video-preview:-1\" \/>\n<link rel=\"canonical\" href=\"https:\/\/www.suno.com.br\/noticias\/ex-ceo-starbucks-concorrer-presidencia\/\" \/>\n<meta property=\"og:locale\" content=\"pt_BR\" \/>\n<meta property=\"og:type\" content=\"article\" \/>\n<meta property=\"og:title\" content=\"Ex-CEO do Starbucks diz que vai concorrer \u00e0 presid\u00eancia e \u00e9 criticado\" \/>\n<meta property=\"og:description\" content=\"O ex-CEO do Starbucks, Howard Schultz, recebeu cr\u00edticas pelo an\u00fancio feito por ele no \u00faltimo domingo (27). Clique e saiba mais.\" \/>\n<meta property=\"og:url\" content=\"https:\/\/www.suno.com.br\/noticias\/ex-ceo-starbucks-concorrer-presidencia\/\" \/>\n<meta property=\"og:site_name\" content=\"Suno Not\u00edcias\" \/>\n<meta property=\"article:publisher\" content=\"https:\/\/facebook.com\/sunoresearch\" \/>\n<meta property=\"og:image\" content=\"https:\/\/files.sunoresearch.com.br\/n\/uploads\/2018\/08\/3b8baca3-starbucks.jpg\" \/>\n\t<meta property=\"og:image:width\" content=\"2272\" \/>\n\t<meta property=\"og:image:height\" content=\"1704\" \/>\n\t<meta property=\"og:image:type\" content=\"image\/jpeg\" \/>\n<meta name=\"author\" content=\"Guilherme Caetano\" \/>\n<meta name=\"twitter:card\" content=\"summary_large_image\" \/>\n<meta name=\"twitter:creator\" content=\"@sunoresearch\" \/>\n<meta name=\"twitter:site\" content=\"@sunoresearch\" \/>\n<meta name=\"twitter:label1\" content=\"Escrito por\" \/>\n\t<meta name=\"twitter:data1\" content=\"Guilherme Caetano\" \/>\n\t<meta name=\"twitter:label2\" content=\"Est. tempo de leitura\" \/>\n\t<meta name=\"twitter:data2\" content=\"2 minutos\" \/>\n<script type=\"application\/ld+json\" class=\"yoast-schema-graph\">{\"@context\":\"https:\/\/schema.org\",\"@graph\":[{\"@type\":\"NewsArticle\",\"@id\":\"https:\/\/www.suno.com.br\/noticias\/ex-ceo-starbucks-concorrer-presidencia\/#article\",\"isPartOf\":{\"@id\":\"https:\/\/www.suno.com.br\/noticias\/ex-ceo-starbucks-concorrer-presidencia\/\"},\"author\":{\"name\":\"Guilherme Caetano\",\"@id\":\"https:\/\/www.suno.com.br\/noticias\/#\/schema\/person\/0d0c9687cd2f600c564f25980c140de9\"},\"headline\":\"Ex-CEO do Starbucks diz que vai concorrer \u00e0 presid\u00eancia e \u00e9 criticado\",\"datePublished\":\"2019-01-30T21:28:44+00:00\",\"dateModified\":\"2021-02-18T20:54:10+00:00\",\"mainEntityOfPage\":{\"@id\":\"https:\/\/www.suno.com.br\/noticias\/ex-ceo-starbucks-concorrer-presidencia\/\"},\"wordCount\":478,\"publisher\":{\"@id\":\"https:\/\/www.suno.com.br\/noticias\/#organization\"},\"image\":{\"@id\":\"https:\/\/www.suno.com.br\/noticias\/ex-ceo-starbucks-concorrer-presidencia\/#primaryimage\"},\"thumbnailUrl\":\"https:\/\/files.sunoresearch.com.br\/n\/uploads\/2018\/08\/3b8baca3-starbucks-jpg.webp\",\"keywords\":[\"Donald Trump\",\"Elei\u00e7\u00f5es\",\"Estados Unidos (EUA)\"],\"articleSection\":[\"Internacional\"],\"inLanguage\":\"pt-BR\"},{\"@type\":\"WebPage\",\"@id\":\"https:\/\/www.suno.com.br\/noticias\/ex-ceo-starbucks-concorrer-presidencia\/\",\"url\":\"https:\/\/www.suno.com.br\/noticias\/ex-ceo-starbucks-concorrer-presidencia\/\",\"name\":\"Ex-CEO do Starbucks diz que vai concorrer \u00e0 presid\u00eancia e \u00e9 criticado\",\"isPartOf\":{\"@id\":\"https:\/\/www.suno.com.br\/noticias\/#website\"},\"primaryImageOfPage\":{\"@id\":\"https:\/\/www.suno.com.br\/noticias\/ex-ceo-starbucks-concorrer-presidencia\/#primaryimage\"},\"image\":{\"@id\":\"https:\/\/www.suno.com.br\/noticias\/ex-ceo-starbucks-concorrer-presidencia\/#primaryimage\"},\"thumbnailUrl\":\"https:\/\/files.sunoresearch.com.br\/n\/uploads\/2018\/08\/3b8baca3-starbucks-jpg.webp\",\"datePublished\":\"2019-01-30T21:28:44+00:00\",\"dateModified\":\"2021-02-18T20:54:10+00:00\",\"description\":\"O ex-CEO do Starbucks, Howard Schultz, recebeu cr\u00edticas pelo an\u00fancio feito por ele no \u00faltimo domingo (27). Clique e saiba mais.\",\"breadcrumb\":{\"@id\":\"https:\/\/www.suno.com.br\/noticias\/ex-ceo-starbucks-concorrer-presidencia\/#breadcrumb\"},\"inLanguage\":\"pt-BR\",\"potentialAction\":[{\"@type\":\"ReadAction\",\"target\":[\"https:\/\/www.suno.com.br\/noticias\/ex-ceo-starbucks-concorrer-presidencia\/\"]}]},{\"@type\":\"ImageObject\",\"inLanguage\":\"pt-BR\",\"@id\":\"https:\/\/www.suno.com.br\/noticias\/ex-ceo-starbucks-concorrer-presidencia\/#primaryimage\",\"url\":\"https:\/\/files.sunoresearch.com.br\/n\/uploads\/2018\/08\/3b8baca3-starbucks-jpg.webp\",\"contentUrl\":\"https:\/\/files.sunoresearch.com.br\/n\/uploads\/2018\/08\/3b8baca3-starbucks-jpg.webp\",\"width\":2272,\"height\":1704,\"caption\":\"Starbucks registra lucro de US$ 663 milh\u00f5es no primeiro trimestre de 2019\"},{\"@type\":\"BreadcrumbList\",\"@id\":\"https:\/\/www.suno.com.br\/noticias\/ex-ceo-starbucks-concorrer-presidencia\/#breadcrumb\",\"itemListElement\":[{\"@type\":\"ListItem\",\"position\":1,\"name\":\"Not\u00edcias\",\"item\":\"https:\/\/www.suno.com.br\/noticias\/\"},{\"@type\":\"ListItem\",\"position\":2,\"name\":\"Internacional\",\"item\":\"https:\/\/www.suno.com.br\/noticias\/internacional\/\"},{\"@type\":\"ListItem\",\"position\":3,\"name\":\"Ex-CEO do Starbucks diz que vai concorrer \u00e0 presid\u00eancia e \u00e9 criticado\"}]},{\"@type\":\"WebSite\",\"@id\":\"https:\/\/www.suno.com.br\/noticias\/#website\",\"url\":\"https:\/\/www.suno.com.br\/noticias\/\",\"name\":\"Suno Not\u00edcias\",\"description\":\"Seu portal de informa\u00e7\u00e3o sobre o mundo dos investimentos\",\"publisher\":{\"@id\":\"https:\/\/www.suno.com.br\/noticias\/#organization\"},\"potentialAction\":[{\"@type\":\"SearchAction\",\"target\":{\"@type\":\"EntryPoint\",\"urlTemplate\":\"https:\/\/www.suno.com.br\/noticias\/?s={search_term_string}\"},\"query-input\":{\"@type\":\"PropertyValueSpecification\",\"valueRequired\":true,\"valueName\":\"search_term_string\"}}],\"inLanguage\":\"pt-BR\"},{\"@type\":\"Organization\",\"@id\":\"https:\/\/www.suno.com.br\/noticias\/#organization\",\"name\":\"Suno Not\u00edcias\",\"url\":\"https:\/\/www.suno.com.br\/noticias\/\",\"logo\":{\"@type\":\"ImageObject\",\"inLanguage\":\"pt-BR\",\"@id\":\"https:\/\/www.suno.com.br\/noticias\/#\/schema\/logo\/image\/\",\"url\":\"https:\/\/files.sunoresearch.com.br\/n\/uploads\/2021\/09\/suno-logo.png\",\"contentUrl\":\"https:\/\/files.sunoresearch.com.br\/n\/uploads\/2021\/09\/suno-logo.png\",\"width\":180,\"height\":180,\"caption\":\"Suno Not\u00edcias\"},\"image\":{\"@id\":\"https:\/\/www.suno.com.br\/noticias\/#\/schema\/logo\/image\/\"},\"sameAs\":[\"https:\/\/facebook.com\/sunoresearch\",\"https:\/\/x.com\/sunoresearch\",\"https:\/\/www.instagram.com\/suno\",\"https:\/\/www.linkedin.com\/company\/suno-research\/\",\"https:\/\/www.youtube.com\/c\/sunoresearch\"]},{\"@type\":\"Person\",\"@id\":\"https:\/\/www.suno.com.br\/noticias\/#\/schema\/person\/0d0c9687cd2f600c564f25980c140de9\",\"name\":\"Guilherme Caetano\",\"image\":{\"@type\":\"ImageObject\",\"inLanguage\":\"pt-BR\",\"@id\":\"https:\/\/www.suno.com.br\/noticias\/#\/schema\/person\/image\/\",\"url\":\"https:\/\/secure.gravatar.com\/avatar\/e48357351a01702a0d19307070e081bf?s=96&r=g\",\"contentUrl\":\"https:\/\/secure.gravatar.com\/avatar\/e48357351a01702a0d19307070e081bf?s=96&r=g\",\"caption\":\"Guilherme Caetano\"},\"description\":\"Formado em jornalismo pela Escola de Comunica\u00e7\u00f5es e Artes da USP, Guilherme Caetano escreve para o portal de not\u00edcias da Suno Research. Passou pelas reda\u00e7\u00f5es da Folha de S.Paulo e da revista \u00c9poca.\",\"url\":\"https:\/\/www.suno.com.br\/noticias\/author\/guilherme-caetano\/\"}]}<\/script>\n<!-- \/ Yoast SEO plugin. -->","yoast_head_json":{"title":"Ex-CEO do Starbucks diz que vai concorrer \u00e0 presid\u00eancia e \u00e9 criticado","description":"O ex-CEO do Starbucks, Howard Schultz, recebeu cr\u00edticas pelo an\u00fancio feito por ele no \u00faltimo domingo (27). Clique e saiba mais.","robots":{"index":"index","follow":"follow","max-snippet":"max-snippet:-1","max-image-preview":"max-image-preview:large","max-video-preview":"max-video-preview:-1"},"canonical":"https:\/\/www.suno.com.br\/noticias\/ex-ceo-starbucks-concorrer-presidencia\/","og_locale":"pt_BR","og_type":"article","og_title":"Ex-CEO do Starbucks diz que vai concorrer \u00e0 presid\u00eancia e \u00e9 criticado","og_description":"O ex-CEO do Starbucks, Howard Schultz, recebeu cr\u00edticas pelo an\u00fancio feito por ele no \u00faltimo domingo (27). Clique e saiba mais.","og_url":"https:\/\/www.suno.com.br\/noticias\/ex-ceo-starbucks-concorrer-presidencia\/","og_site_name":"Suno Not\u00edcias","article_publisher":"https:\/\/facebook.com\/sunoresearch","og_image":[{"width":2272,"height":1704,"url":"https:\/\/files.sunoresearch.com.br\/n\/uploads\/2018\/08\/3b8baca3-starbucks.jpg","type":"image\/jpeg"}],"author":"Guilherme Caetano","twitter_card":"summary_large_image","twitter_creator":"@sunoresearch","twitter_site":"@sunoresearch","twitter_misc":{"Escrito por":"Guilherme Caetano","Est. tempo de leitura":"2 minutos"},"schema":{"@context":"https:\/\/schema.org","@graph":[{"@type":"NewsArticle","@id":"https:\/\/www.suno.com.br\/noticias\/ex-ceo-starbucks-concorrer-presidencia\/#article","isPartOf":{"@id":"https:\/\/www.suno.com.br\/noticias\/ex-ceo-starbucks-concorrer-presidencia\/"},"author":{"name":"Guilherme Caetano","@id":"https:\/\/www.suno.com.br\/noticias\/#\/schema\/person\/0d0c9687cd2f600c564f25980c140de9"},"headline":"Ex-CEO do Starbucks diz que vai concorrer \u00e0 presid\u00eancia e \u00e9 criticado","datePublished":"2019-01-30T21:28:44+00:00","dateModified":"2021-02-18T20:54:10+00:00","mainEntityOfPage":{"@id":"https:\/\/www.suno.com.br\/noticias\/ex-ceo-starbucks-concorrer-presidencia\/"},"wordCount":478,"publisher":{"@id":"https:\/\/www.suno.com.br\/noticias\/#organization"},"image":{"@id":"https:\/\/www.suno.com.br\/noticias\/ex-ceo-starbucks-concorrer-presidencia\/#primaryimage"},"thumbnailUrl":"https:\/\/files.sunoresearch.com.br\/n\/uploads\/2018\/08\/3b8baca3-starbucks-jpg.webp","keywords":["Donald Trump","Elei\u00e7\u00f5es","Estados Unidos (EUA)"],"articleSection":["Internacional"],"inLanguage":"pt-BR"},{"@type":"WebPage","@id":"https:\/\/www.suno.com.br\/noticias\/ex-ceo-starbucks-concorrer-presidencia\/","url":"https:\/\/www.suno.com.br\/noticias\/ex-ceo-starbucks-concorrer-presidencia\/","name":"Ex-CEO do Starbucks diz que vai concorrer \u00e0 presid\u00eancia e \u00e9 criticado","isPartOf":{"@id":"https:\/\/www.suno.com.br\/noticias\/#website"},"primaryImageOfPage":{"@id":"https:\/\/www.suno.com.br\/noticias\/ex-ceo-starbucks-concorrer-presidencia\/#primaryimage"},"image":{"@id":"https:\/\/www.suno.com.br\/noticias\/ex-ceo-starbucks-concorrer-presidencia\/#primaryimage"},"thumbnailUrl":"https:\/\/files.sunoresearch.com.br\/n\/uploads\/2018\/08\/3b8baca3-starbucks-jpg.webp","datePublished":"2019-01-30T21:28:44+00:00","dateModified":"2021-02-18T20:54:10+00:00","description":"O ex-CEO do Starbucks, Howard Schultz, recebeu cr\u00edticas pelo an\u00fancio feito por ele no \u00faltimo domingo (27). Clique e saiba mais.","breadcrumb":{"@id":"https:\/\/www.suno.com.br\/noticias\/ex-ceo-starbucks-concorrer-presidencia\/#breadcrumb"},"inLanguage":"pt-BR","potentialAction":[{"@type":"ReadAction","target":["https:\/\/www.suno.com.br\/noticias\/ex-ceo-starbucks-concorrer-presidencia\/"]}]},{"@type":"ImageObject","inLanguage":"pt-BR","@id":"https:\/\/www.suno.com.br\/noticias\/ex-ceo-starbucks-concorrer-presidencia\/#primaryimage","url":"https:\/\/files.sunoresearch.com.br\/n\/uploads\/2018\/08\/3b8baca3-starbucks-jpg.webp","contentUrl":"https:\/\/files.sunoresearch.com.br\/n\/uploads\/2018\/08\/3b8baca3-starbucks-jpg.webp","width":2272,"height":1704,"caption":"Starbucks registra lucro de US$ 663 milh\u00f5es no primeiro trimestre de 2019"},{"@type":"BreadcrumbList","@id":"https:\/\/www.suno.com.br\/noticias\/ex-ceo-starbucks-concorrer-presidencia\/#breadcrumb","itemListElement":[{"@type":"ListItem","position":1,"name":"Not\u00edcias","item":"https:\/\/www.suno.com.br\/noticias\/"},{"@type":"ListItem","position":2,"name":"Internacional","item":"https:\/\/www.suno.com.br\/noticias\/internacional\/"},{"@type":"ListItem","position":3,"name":"Ex-CEO do Starbucks diz que vai concorrer \u00e0 presid\u00eancia e \u00e9 criticado"}]},{"@type":"WebSite","@id":"https:\/\/www.suno.com.br\/noticias\/#website","url":"https:\/\/www.suno.com.br\/noticias\/","name":"Suno Not\u00edcias","description":"Seu portal de informa\u00e7\u00e3o sobre o mundo dos investimentos","publisher":{"@id":"https:\/\/www.suno.com.br\/noticias\/#organization"},"potentialAction":[{"@type":"SearchAction","target":{"@type":"EntryPoint","urlTemplate":"https:\/\/www.suno.com.br\/noticias\/?s={search_term_string}"},"query-input":{"@type":"PropertyValueSpecification","valueRequired":true,"valueName":"search_term_string"}}],"inLanguage":"pt-BR"},{"@type":"Organization","@id":"https:\/\/www.suno.com.br\/noticias\/#organization","name":"Suno Not\u00edcias","url":"https:\/\/www.suno.com.br\/noticias\/","logo":{"@type":"ImageObject","inLanguage":"pt-BR","@id":"https:\/\/www.suno.com.br\/noticias\/#\/schema\/logo\/image\/","url":"https:\/\/files.sunoresearch.com.br\/n\/uploads\/2021\/09\/suno-logo.png","contentUrl":"https:\/\/files.sunoresearch.com.br\/n\/uploads\/2021\/09\/suno-logo.png","width":180,"height":180,"caption":"Suno Not\u00edcias"},"image":{"@id":"https:\/\/www.suno.com.br\/noticias\/#\/schema\/logo\/image\/"},"sameAs":["https:\/\/facebook.com\/sunoresearch","https:\/\/x.com\/sunoresearch","https:\/\/www.instagram.com\/suno","https:\/\/www.linkedin.com\/company\/suno-research\/","https:\/\/www.youtube.com\/c\/sunoresearch"]},{"@type":"Person","@id":"https:\/\/www.suno.com.br\/noticias\/#\/schema\/person\/0d0c9687cd2f600c564f25980c140de9","name":"Guilherme Caetano","image":{"@type":"ImageObject","inLanguage":"pt-BR","@id":"https:\/\/www.suno.com.br\/noticias\/#\/schema\/person\/image\/","url":"https:\/\/secure.gravatar.com\/avatar\/e48357351a01702a0d19307070e081bf?s=96&r=g","contentUrl":"https:\/\/secure.gravatar.com\/avatar\/e48357351a01702a0d19307070e081bf?s=96&r=g","caption":"Guilherme Caetano"},"description":"Formado em jornalismo pela Escola de Comunica\u00e7\u00f5es e Artes da USP, Guilherme Caetano escreve para o portal de not\u00edcias da Suno Research. Passou pelas reda\u00e7\u00f5es da Folha de S.Paulo e da revista \u00c9poca.","url":"https:\/\/www.suno.com.br\/noticias\/author\/guilherme-caetano\/"}]}},"default_loop_html":"<div class=\"cardsPage__listCard__boxs\"><div class=\"cardsPage__listCard__boxs__img\"><a href=\"https:\/\/www.suno.com.br\/noticias\/ex-ceo-starbucks-concorrer-presidencia\/\"><img class=\"mask\" src=\"https:\/\/www.suno.com.br\/noticias\/wp-content\/themes\/suno\/resources\/images\/spotlight\/spotlight1img\/bg-mask.png\" alt=\"Image Mask\"\/><img src=\"https:\/\/files.sunoresearch.com.br\/n\/uploads\/2018\/08\/3b8baca3-starbucks-400x200.webp\" alt=\"Ex-CEO do Starbucks diz que vai concorrer \u00e0 presid\u00eancia e \u00e9 criticado\"\/><\/a><span class=\"spotlightCategory\"><a href=\"https:\/\/www.suno.com.br\/noticias\/internacional\/\">Internacional<\/a><\/span><\/div><div class=\"cardsPage__listCard__boxs__content\"><a href=\"https:\/\/www.suno.com.br\/noticias\/ex-ceo-starbucks-concorrer-presidencia\/\"><h2 class=\"content__title\">Ex-CEO do Starbucks diz que vai concorrer \u00e0 presid\u00eancia e \u00e9 criticado<\/h2><\/a><div class=\"newsContent__article__meta\"><div class=\"newsContent__article__meta__authorBox\"><a href=\"https:\/\/www.suno.com.br\/noticias\/author\/guilherme-caetano\/\" class=\"authorBox__avatar noMobi\"><img src=\"https:\/\/secure.gravatar.com\/avatar\/e48357351a01702a0d19307070e081bf?s=96&#038;r=g\" alt=\"Guilherme Caetano\"><\/a><div class=\"authorBox__name\"><span>por\n\t\t\t<a href=\"https:\/\/www.suno.com.br\/noticias\/author\/guilherme-caetano\/\"><span itemprop=\"author\">Guilherme Caetano<\/span><\/a><\/span><time datetime=\"2019-01-30T19:28:44-02:00\" itemprop=\"datePublished\">30\/01\/2019 19:28<\/time><\/div><\/div><\/div><\/div><\/div>","single_layout":"posts","amp_enabled":true,"_links":{"self":[{"href":"https:\/\/www.suno.com.br\/noticias\/wp-json\/wp\/v2\/posts\/13569"}],"collection":[{"href":"https:\/\/www.suno.com.br\/noticias\/wp-json\/wp\/v2\/posts"}],"about":[{"href":"https:\/\/www.suno.com.br\/noticias\/wp-json\/wp\/v2\/types\/post"}],"author":[{"embeddable":true,"href":"https:\/\/www.suno.com.br\/noticias\/wp-json\/wp\/v2\/users\/13"}],"replies":[{"embeddable":true,"href":"https:\/\/www.suno.com.br\/noticias\/wp-json\/wp\/v2\/comments?post=13569"}],"version-history":[{"count":0,"href":"https:\/\/www.suno.com.br\/noticias\/wp-json\/wp\/v2\/posts\/13569\/revisions"}],"wp:featuredmedia":[{"embeddable":true,"href":"https:\/\/www.suno.com.br\/noticias\/wp-json\/wp\/v2\/media\/2878"}],"wp:attachment":[{"href":"https:\/\/www.suno.com.br\/noticias\/wp-json\/wp\/v2\/media?parent=13569"}],"wp:term":[{"taxonomy":"category","embeddable":true,"href":"https:\/\/www.suno.com.br\/noticias\/wp-json\/wp\/v2\/categories?post=13569"},{"taxonomy":"post_tag","embeddable":true,"href":"https:\/\/www.suno.com.br\/noticias\/wp-json\/wp\/v2\/tags?post=13569"},{"taxonomy":"suno_strategy","embeddable":true,"href":"https:\/\/www.suno.com.br\/noticias\/wp-json\/wp\/v2\/suno_strategy?post=13569"}],"curies":[{"name":"wp","href":"https:\/\/api.w.org\/{rel}","templated":true}]}}