{"id":135530,"date":"2021-03-29T19:23:06","date_gmt":"2021-03-29T22:23:06","guid":{"rendered":"https:\/\/www.suno.com.br\/noticias\/?p=135530"},"modified":"2021-03-29T19:44:20","modified_gmt":"2021-03-29T22:44:20","slug":"bolsonaro-muda-seis-ministros-um-dia","status":"publish","type":"post","link":"https:\/\/www.suno.com.br\/noticias\/bolsonaro-muda-seis-ministros-um-dia\/","title":{"rendered":"Bolsonaro muda seis ministros de 1\u00ba escal\u00e3o em um dia"},"content":{"rendered":"<p>Em meio a turbul\u00eancias no Planalto, o presidente da Rep\u00fablica <strong>Jair Bolsonaro<\/strong> realizou nesta segunda-feira (29) uma repaginada no governo, alterando a titularidade de seis minist\u00e9rios de primeiro escal\u00e3o.<\/p>\t<div class=\"wrapper-featured-image\">\n\t\t<figure class=\"spotlightImg\">\n\n\t\t\t<picture>\n\t\t\t\t<source media=\"(max-width: 768px)\" srcset=\"https:\/\/files.sunoresearch.com.br\/n\/uploads\/2021\/03\/e1d35659-50998079955_2d3419eb09_b-400x200.webp\">\n\t\t\t\t<img loading=\"lazy\" decoding=\"async\" class=\"newsContent__article__imgCapa lazyloadDisabled \" src=\"https:\/\/files.sunoresearch.com.br\/n\/uploads\/2021\/03\/e1d35659-50998079955_2d3419eb09_b-800x450.webp\" width=\"800\" height=\"450\" alt=\"Bolsonaro muda seis ministros de 1\u00ba escal\u00e3o em um dia\" fetchpriority=high \/>\n\t\t\t<\/picture>\n\n\t\t\t<figcaption class=\"wp-caption-text wp-caption-text--show\">Jair Bolsonaro. Foto: Isac N\u00f3brega\/PR<\/figcaption>\n\t\t<\/figure>\n\t<\/div>\n\n\n\t<p>\n\t\t<a href=\"https:\/\/lp.suno.com.br\/planilha-controle-gastos\/\" target=\"_blank\" data-element=\"shortcode-suno-banner\" title=\"Banner SUNO, clique e saiba mais\">\n\t\t\t<picture>\n\t\t\t\t<source media=\"(max-width: 500px)\" srcset=\"https:\/\/files.sunoresearch.com.br\/n\/uploads\/2023\/03\/400x300-Planilha-controle-de-gastos.png\">\n\t\t\t\t<img class=\"newsContent__article__imgCapa newsContent__article__imgCapa--banner\"\n\t\t\t\t\tsrc=\"https:\/\/files.sunoresearch.com.br\/n\/uploads\/2023\/03\/1420x240-Planilha-controle-de-gastos.png\"\n\t\t\t\t\tdata-promo-id=\"101751\"\t\t\t\t\t\t\t\t\t\twidth='1420' height='240'\t\t\t\t\talt=\"https:\/\/files.sunoresearch.com.br\/n\/uploads\/2023\/03\/1420x240-Planilha-controle-de-gastos.png\"\n\t\t\t\t>\n\t\t\t<\/picture>\n\t\t<\/a>\n\t<\/p>\n\n\n<p>Conforme informa\u00e7\u00f5es divulgadas na noite de hoje pela Secretaria Especial de Comunica\u00e7\u00e3o Social , \u00f3rg\u00e3o ligado ao Minist\u00e9rio das Comunica\u00e7\u00f5es, o presidente Jair Bolsonaro nomeou os seguintes nomes para integrar a equipe:<\/p>\n<ul>\n<li><strong>Casa Civil da Presid\u00eancia da Rep\u00fablica<\/strong>: General Luiz Eduardo Ramos Baptista Pereira;<\/li>\n<li><strong>Minist\u00e9rio da Justi\u00e7a e Seguran\u00e7a P\u00fablica<\/strong>: Delegado da Pol\u00edcia Federal Anderson Gustavo Torres;<\/li>\n<li><strong>Minist\u00e9rio da Defesa<\/strong>: General Walter Souza Braga Netto;<\/li>\n<li><strong>Minist\u00e9rio das Rela\u00e7\u00f5es Exteriores<\/strong>: Embaixador Carlos Alberto Franco Fran\u00e7a;<\/li>\n<li><strong>Secretaria de Governo da Presid\u00eancia da Rep\u00fablica<\/strong>: Deputada Federal Fl\u00e1via Arruda;<\/li>\n<li><strong>Advocacia-Geral da Uni\u00e3o<\/strong>: Andr\u00e9 Luiz de Almeida Mendon\u00e7a.<\/li>\n<\/ul>\n<p><a href=\"https:\/\/lp.suno.com.br\/suno-one\/\">Suno One: acesse gratuitamente eBooks, Minicursos, Artigos e Video Aulas sobre investimentos com um \u00fanico cadastro. Clique para saber mais!<\/a><\/p>\n<p>A nova configura\u00e7\u00e3o deixa de fora o ministro Ernesto Ara\u00fajo, de Rela\u00e7\u00f5es Exteriores; Jos\u00e9 Levi, da Advocacia-Geral da Uni\u00e3o; e o general Fernando Azevedo e Silva, da Defesa.<\/p>\n<p>J\u00e1 Andr\u00e9 Mendon\u00e7a e os generais Eduardo Ramos e Braga Netto apenas foram deslocados de posi\u00e7\u00e3o.<\/p>\n<h2>Ministros da Defesa e de Rela\u00e7\u00f5es Exteriores deixam cargo<\/h2>\n<p>A reforma ministerial empreendida por Jair Bolsonaro vem depois do chanceler <strong>Ernesto Ara\u00fajo <\/strong>passar por uma fritura no Congresso Nacional.<\/p>\n<p>Na semana passada, os presidentes da C\u00e2mara dos Deputados, Artur Lira, e do Senado, Rodrigo Pacheco, pressionaram Jair Bolsonaro pela sa\u00edda do ministro, argumentando contra a falta de capacidade de manter rela\u00e7\u00f5es com outros pa\u00edses.<\/p>\n\t<p>\n\t\t<a href=\"https:\/\/lp.suno.com.br\/planilha-da-vida-financeira\/\" target=\"_blank\" data-element=\"shortcode-suno-banner\" title=\"Banner SUNO, clique e saiba mais\">\n\t\t\t<picture>\n\t\t\t\t<source media=\"(max-width: 500px)\" srcset=\"https:\/\/files.sunoresearch.com.br\/n\/uploads\/2023\/04\/400x300-Planilha-vida-financeira-true.png\">\n\t\t\t\t<img class=\"newsContent__article__imgCapa newsContent__article__imgCapa--banner\"\n\t\t\t\t\tsrc=\"https:\/\/files.sunoresearch.com.br\/n\/uploads\/2023\/04\/1420x240-Planilha-vida-financeira-true.png\"\n\t\t\t\t\tdata-promo-id=\"106682\"\t\t\t\t\t\t\t\t\t\twidth='1420' height='240'\t\t\t\t\talt=\"https:\/\/files.sunoresearch.com.br\/n\/uploads\/2023\/04\/1420x240-Planilha-vida-financeira-true.png\"\n\t\t\t\t>\n\t\t\t<\/picture>\n\t\t<\/a>\n\t<\/p>\n\n\n<p><a href=\"https:\/\/www.suno.com.br\/noticias\/ministro-ernesto-araujo-demissao-cargo\/\">Ernesto Ara\u00fajo pediu as contas<\/a> na tarde desta segunda-feira.<\/p>\n<p>Horas depois, o ministro da Defesa, Fernando Azevedo e Silva, publicou nota oficial oficializando a sa\u00edda.<\/p>\n\t<div data-element=\"shortcode-read-more\" class=\"knowMore\">\n\t\t\t\t<span class=\"knowMore__title\">Leia mais<\/span>\n\t\t\t\t<a class=\"knowMore__link\" href=\"https:\/\/www.suno.com.br\/noticias\/ernesto-araujo-ministro-defesa-deixa-cargo\/\">\n\t\t\tAl\u00e9m de Ernesto Ara\u00fajo, o ministro da Defesa tamb\u00e9m deixar\u00e1 o cargo\t\t<\/a>\n\t<\/div>\n\n\n<p>De acordo com informa\u00e7\u00f5es da revista <em>Veja<\/em>, a demiss\u00e3o do general tem rela\u00e7\u00e3o com um movimento de cadeiras mais amplo em Bras\u00edlia.<\/p>\n<p>O governo de <strong>Jair Bolsonaro<\/strong> tem hoje 22 minist\u00e9rios.<\/p>\n\t<p>\n\t\t<a href=\"\" target=\"_blank\" data-element=\"shortcode-suno-banner\" title=\"Banner SUNO, clique e saiba mais\">\n\t\t\t<picture>\n\t\t\t\t<source media=\"(max-width: 500px)\" srcset=\"\">\n\t\t\t\t<img class=\"newsContent__article__imgCapa newsContent__article__imgCapa--banner\"\n\t\t\t\t\tsrc=\"\"\n\t\t\t\t\tdata-promo-id=\"95331\"\t\t\t\t\t\t\t\t\t\t\t\t\t\t\talt=\"\"\n\t\t\t\t>\n\t\t\t<\/picture>\n\t\t<\/a>\n\t<\/p>\n\n\n","protected":false},"excerpt":{"rendered":"<p>Em meio a turbul\u00eancias no Planalto, o presidente da Rep\u00fablica Jair Bolsonaro realizou nesta segunda-feira (29) uma repaginada no governo, alterando a titularidade de seis minist\u00e9rios de primeiro escal\u00e3o. Jair Bolsonaro. Foto: Isac N\u00f3brega\/PR Conforme informa\u00e7\u00f5es divulgadas na noite de hoje pela Secretaria Especial de Comunica\u00e7\u00e3o Social , \u00f3rg\u00e3o ligado ao Minist\u00e9rio das Comunica\u00e7\u00f5es, o [&hellip;]<\/p>\n","protected":false},"author":35,"featured_media":135536,"comment_status":"closed","ping_status":"closed","sticky":false,"template":"","format":"standard","meta":[],"categories":[61],"tags":[1039,719,1153,26203,1274],"suno_strategy":[],"class_list":["post-135530","post","type-post","status-publish","format-standard","has-post-thumbnail","hentry","category-politica","tag-agu","tag-jair-bolsonaro","tag-ministerio-defesa","tag-ministerio-da-justica","tag-ministerio-das-relacoes-exteriores"],"yoast_head":"<!-- This site is optimized with the Yoast SEO plugin v24.4 - https:\/\/yoast.com\/wordpress\/plugins\/seo\/ -->\n<title>Bolsonaro muda seis ministros de 1\u00ba escal\u00e3o em um dia<\/title>\n<meta name=\"description\" content=\"O presidente Jair Bolsonaro alterou a titularidade de seis minist\u00e9rios de 1\u00ba escal\u00e3o nesta segunda-feira (29). Clique aqui para saber mais\" \/>\n<meta name=\"robots\" content=\"index, follow, max-snippet:-1, max-image-preview:large, max-video-preview:-1\" \/>\n<link rel=\"canonical\" href=\"https:\/\/www.suno.com.br\/noticias\/bolsonaro-muda-seis-ministros-um-dia\/\" \/>\n<meta property=\"og:locale\" content=\"pt_BR\" \/>\n<meta property=\"og:type\" content=\"article\" \/>\n<meta property=\"og:title\" content=\"Bolsonaro muda seis ministros de 1\u00ba escal\u00e3o em um dia\" \/>\n<meta property=\"og:description\" content=\"O presidente Jair Bolsonaro alterou a titularidade de seis minist\u00e9rios de 1\u00ba escal\u00e3o nesta segunda-feira (29). Clique aqui para saber mais\" \/>\n<meta property=\"og:url\" content=\"https:\/\/www.suno.com.br\/noticias\/bolsonaro-muda-seis-ministros-um-dia\/\" \/>\n<meta property=\"og:site_name\" content=\"Suno Not\u00edcias\" \/>\n<meta property=\"article:publisher\" content=\"https:\/\/facebook.com\/sunoresearch\" \/>\n<meta property=\"og:image\" content=\"https:\/\/files.sunoresearch.com.br\/n\/uploads\/2021\/03\/e1d35659-50998079955_2d3419eb09_b.jpg\" \/>\n\t<meta property=\"og:image:width\" content=\"1024\" \/>\n\t<meta property=\"og:image:height\" content=\"683\" \/>\n\t<meta property=\"og:image:type\" content=\"image\/jpeg\" \/>\n<meta name=\"author\" content=\"Arthur Guimar\u00e3es\" \/>\n<meta name=\"twitter:card\" content=\"summary_large_image\" \/>\n<meta name=\"twitter:creator\" content=\"@sunoresearch\" \/>\n<meta name=\"twitter:site\" content=\"@sunoresearch\" \/>\n<meta name=\"twitter:label1\" content=\"Escrito por\" \/>\n\t<meta name=\"twitter:data1\" content=\"Arthur Guimar\u00e3es\" \/>\n\t<meta name=\"twitter:label2\" content=\"Est. tempo de leitura\" \/>\n\t<meta name=\"twitter:data2\" content=\"2 minutos\" \/>\n<script type=\"application\/ld+json\" class=\"yoast-schema-graph\">{\"@context\":\"https:\/\/schema.org\",\"@graph\":[{\"@type\":\"NewsArticle\",\"@id\":\"https:\/\/www.suno.com.br\/noticias\/bolsonaro-muda-seis-ministros-um-dia\/#article\",\"isPartOf\":{\"@id\":\"https:\/\/www.suno.com.br\/noticias\/bolsonaro-muda-seis-ministros-um-dia\/\"},\"author\":{\"name\":\"Arthur Guimar\u00e3es\",\"@id\":\"https:\/\/www.suno.com.br\/noticias\/#\/schema\/person\/053a750a709a263919a20f976caae91c\"},\"headline\":\"Bolsonaro muda seis ministros de 1\u00ba escal\u00e3o em um dia\",\"datePublished\":\"2021-03-29T22:23:06+00:00\",\"dateModified\":\"2021-03-29T22:44:20+00:00\",\"mainEntityOfPage\":{\"@id\":\"https:\/\/www.suno.com.br\/noticias\/bolsonaro-muda-seis-ministros-um-dia\/\"},\"wordCount\":373,\"publisher\":{\"@id\":\"https:\/\/www.suno.com.br\/noticias\/#organization\"},\"image\":{\"@id\":\"https:\/\/www.suno.com.br\/noticias\/bolsonaro-muda-seis-ministros-um-dia\/#primaryimage\"},\"thumbnailUrl\":\"https:\/\/files.sunoresearch.com.br\/n\/uploads\/2021\/03\/e1d35659-50998079955_2d3419eb09_b-jpg.webp\",\"keywords\":[\"AGU\",\"Jair Bolsonaro\",\"Minist\u00e9rio da Defesa\",\"Minist\u00e9rio da Justi\u00e7a\",\"Minist\u00e9rio das Rela\u00e7\u00f5es Exteriores\"],\"articleSection\":[\"Pol\u00edtica\"],\"inLanguage\":\"pt-BR\"},{\"@type\":\"WebPage\",\"@id\":\"https:\/\/www.suno.com.br\/noticias\/bolsonaro-muda-seis-ministros-um-dia\/\",\"url\":\"https:\/\/www.suno.com.br\/noticias\/bolsonaro-muda-seis-ministros-um-dia\/\",\"name\":\"Bolsonaro muda seis ministros de 1\u00ba escal\u00e3o em um dia\",\"isPartOf\":{\"@id\":\"https:\/\/www.suno.com.br\/noticias\/#website\"},\"primaryImageOfPage\":{\"@id\":\"https:\/\/www.suno.com.br\/noticias\/bolsonaro-muda-seis-ministros-um-dia\/#primaryimage\"},\"image\":{\"@id\":\"https:\/\/www.suno.com.br\/noticias\/bolsonaro-muda-seis-ministros-um-dia\/#primaryimage\"},\"thumbnailUrl\":\"https:\/\/files.sunoresearch.com.br\/n\/uploads\/2021\/03\/e1d35659-50998079955_2d3419eb09_b-jpg.webp\",\"datePublished\":\"2021-03-29T22:23:06+00:00\",\"dateModified\":\"2021-03-29T22:44:20+00:00\",\"description\":\"O presidente Jair Bolsonaro alterou a titularidade de seis minist\u00e9rios de 1\u00ba escal\u00e3o nesta segunda-feira (29). Clique aqui para saber mais\",\"breadcrumb\":{\"@id\":\"https:\/\/www.suno.com.br\/noticias\/bolsonaro-muda-seis-ministros-um-dia\/#breadcrumb\"},\"inLanguage\":\"pt-BR\",\"potentialAction\":[{\"@type\":\"ReadAction\",\"target\":[\"https:\/\/www.suno.com.br\/noticias\/bolsonaro-muda-seis-ministros-um-dia\/\"]}]},{\"@type\":\"ImageObject\",\"inLanguage\":\"pt-BR\",\"@id\":\"https:\/\/www.suno.com.br\/noticias\/bolsonaro-muda-seis-ministros-um-dia\/#primaryimage\",\"url\":\"https:\/\/files.sunoresearch.com.br\/n\/uploads\/2021\/03\/e1d35659-50998079955_2d3419eb09_b-jpg.webp\",\"contentUrl\":\"https:\/\/files.sunoresearch.com.br\/n\/uploads\/2021\/03\/e1d35659-50998079955_2d3419eb09_b-jpg.webp\",\"width\":1024,\"height\":683,\"caption\":\"Jair Bolsonaro. Foto: Isac N\u00f3brega\/PR\"},{\"@type\":\"BreadcrumbList\",\"@id\":\"https:\/\/www.suno.com.br\/noticias\/bolsonaro-muda-seis-ministros-um-dia\/#breadcrumb\",\"itemListElement\":[{\"@type\":\"ListItem\",\"position\":1,\"name\":\"Not\u00edcias\",\"item\":\"https:\/\/www.suno.com.br\/noticias\/\"},{\"@type\":\"ListItem\",\"position\":2,\"name\":\"Pol\u00edtica\",\"item\":\"https:\/\/www.suno.com.br\/noticias\/politica\/\"},{\"@type\":\"ListItem\",\"position\":3,\"name\":\"Bolsonaro muda seis ministros de 1\u00ba escal\u00e3o em um dia\"}]},{\"@type\":\"WebSite\",\"@id\":\"https:\/\/www.suno.com.br\/noticias\/#website\",\"url\":\"https:\/\/www.suno.com.br\/noticias\/\",\"name\":\"Suno Not\u00edcias\",\"description\":\"Seu portal de informa\u00e7\u00e3o sobre o mundo dos investimentos\",\"publisher\":{\"@id\":\"https:\/\/www.suno.com.br\/noticias\/#organization\"},\"potentialAction\":[{\"@type\":\"SearchAction\",\"target\":{\"@type\":\"EntryPoint\",\"urlTemplate\":\"https:\/\/www.suno.com.br\/noticias\/?s={search_term_string}\"},\"query-input\":{\"@type\":\"PropertyValueSpecification\",\"valueRequired\":true,\"valueName\":\"search_term_string\"}}],\"inLanguage\":\"pt-BR\"},{\"@type\":\"Organization\",\"@id\":\"https:\/\/www.suno.com.br\/noticias\/#organization\",\"name\":\"Suno Not\u00edcias\",\"url\":\"https:\/\/www.suno.com.br\/noticias\/\",\"logo\":{\"@type\":\"ImageObject\",\"inLanguage\":\"pt-BR\",\"@id\":\"https:\/\/www.suno.com.br\/noticias\/#\/schema\/logo\/image\/\",\"url\":\"https:\/\/files.sunoresearch.com.br\/n\/uploads\/2021\/09\/suno-logo.png\",\"contentUrl\":\"https:\/\/files.sunoresearch.com.br\/n\/uploads\/2021\/09\/suno-logo.png\",\"width\":180,\"height\":180,\"caption\":\"Suno Not\u00edcias\"},\"image\":{\"@id\":\"https:\/\/www.suno.com.br\/noticias\/#\/schema\/logo\/image\/\"},\"sameAs\":[\"https:\/\/facebook.com\/sunoresearch\",\"https:\/\/x.com\/sunoresearch\",\"https:\/\/www.instagram.com\/suno\",\"https:\/\/www.linkedin.com\/company\/suno-research\/\",\"https:\/\/www.youtube.com\/c\/sunoresearch\"]},{\"@type\":\"Person\",\"@id\":\"https:\/\/www.suno.com.br\/noticias\/#\/schema\/person\/053a750a709a263919a20f976caae91c\",\"name\":\"Arthur Guimar\u00e3es\",\"image\":{\"@type\":\"ImageObject\",\"inLanguage\":\"pt-BR\",\"@id\":\"https:\/\/www.suno.com.br\/noticias\/#\/schema\/person\/image\/\",\"url\":\"https:\/\/secure.gravatar.com\/avatar\/1affd86a11209ae09eb6dd3bcad3e96c?s=96&r=g\",\"contentUrl\":\"https:\/\/secure.gravatar.com\/avatar\/1affd86a11209ae09eb6dd3bcad3e96c?s=96&r=g\",\"caption\":\"Arthur Guimar\u00e3es\"},\"description\":\"Arthur Guimar\u00e3es escreve sobre pol\u00edtica, economia e neg\u00f3cios para o portal de not\u00edcias da Suno Research. Atualmente, \u00e9 estudante de jornalismo pela Faculdade C\u00e1sper L\u00edbero.\",\"url\":\"https:\/\/www.suno.com.br\/noticias\/author\/arthur-guimaraes\/\"}]}<\/script>\n<!-- \/ Yoast SEO plugin. -->","yoast_head_json":{"title":"Bolsonaro muda seis ministros de 1\u00ba escal\u00e3o em um dia","description":"O presidente Jair Bolsonaro alterou a titularidade de seis minist\u00e9rios de 1\u00ba escal\u00e3o nesta segunda-feira (29). Clique aqui para saber mais","robots":{"index":"index","follow":"follow","max-snippet":"max-snippet:-1","max-image-preview":"max-image-preview:large","max-video-preview":"max-video-preview:-1"},"canonical":"https:\/\/www.suno.com.br\/noticias\/bolsonaro-muda-seis-ministros-um-dia\/","og_locale":"pt_BR","og_type":"article","og_title":"Bolsonaro muda seis ministros de 1\u00ba escal\u00e3o em um dia","og_description":"O presidente Jair Bolsonaro alterou a titularidade de seis minist\u00e9rios de 1\u00ba escal\u00e3o nesta segunda-feira (29). Clique aqui para saber mais","og_url":"https:\/\/www.suno.com.br\/noticias\/bolsonaro-muda-seis-ministros-um-dia\/","og_site_name":"Suno Not\u00edcias","article_publisher":"https:\/\/facebook.com\/sunoresearch","og_image":[{"width":1024,"height":683,"url":"https:\/\/files.sunoresearch.com.br\/n\/uploads\/2021\/03\/e1d35659-50998079955_2d3419eb09_b.jpg","type":"image\/jpeg"}],"author":"Arthur Guimar\u00e3es","twitter_card":"summary_large_image","twitter_creator":"@sunoresearch","twitter_site":"@sunoresearch","twitter_misc":{"Escrito por":"Arthur Guimar\u00e3es","Est. tempo de leitura":"2 minutos"},"schema":{"@context":"https:\/\/schema.org","@graph":[{"@type":"NewsArticle","@id":"https:\/\/www.suno.com.br\/noticias\/bolsonaro-muda-seis-ministros-um-dia\/#article","isPartOf":{"@id":"https:\/\/www.suno.com.br\/noticias\/bolsonaro-muda-seis-ministros-um-dia\/"},"author":{"name":"Arthur Guimar\u00e3es","@id":"https:\/\/www.suno.com.br\/noticias\/#\/schema\/person\/053a750a709a263919a20f976caae91c"},"headline":"Bolsonaro muda seis ministros de 1\u00ba escal\u00e3o em um dia","datePublished":"2021-03-29T22:23:06+00:00","dateModified":"2021-03-29T22:44:20+00:00","mainEntityOfPage":{"@id":"https:\/\/www.suno.com.br\/noticias\/bolsonaro-muda-seis-ministros-um-dia\/"},"wordCount":373,"publisher":{"@id":"https:\/\/www.suno.com.br\/noticias\/#organization"},"image":{"@id":"https:\/\/www.suno.com.br\/noticias\/bolsonaro-muda-seis-ministros-um-dia\/#primaryimage"},"thumbnailUrl":"https:\/\/files.sunoresearch.com.br\/n\/uploads\/2021\/03\/e1d35659-50998079955_2d3419eb09_b-jpg.webp","keywords":["AGU","Jair Bolsonaro","Minist\u00e9rio da Defesa","Minist\u00e9rio da Justi\u00e7a","Minist\u00e9rio das Rela\u00e7\u00f5es Exteriores"],"articleSection":["Pol\u00edtica"],"inLanguage":"pt-BR"},{"@type":"WebPage","@id":"https:\/\/www.suno.com.br\/noticias\/bolsonaro-muda-seis-ministros-um-dia\/","url":"https:\/\/www.suno.com.br\/noticias\/bolsonaro-muda-seis-ministros-um-dia\/","name":"Bolsonaro muda seis ministros de 1\u00ba escal\u00e3o em um dia","isPartOf":{"@id":"https:\/\/www.suno.com.br\/noticias\/#website"},"primaryImageOfPage":{"@id":"https:\/\/www.suno.com.br\/noticias\/bolsonaro-muda-seis-ministros-um-dia\/#primaryimage"},"image":{"@id":"https:\/\/www.suno.com.br\/noticias\/bolsonaro-muda-seis-ministros-um-dia\/#primaryimage"},"thumbnailUrl":"https:\/\/files.sunoresearch.com.br\/n\/uploads\/2021\/03\/e1d35659-50998079955_2d3419eb09_b-jpg.webp","datePublished":"2021-03-29T22:23:06+00:00","dateModified":"2021-03-29T22:44:20+00:00","description":"O presidente Jair Bolsonaro alterou a titularidade de seis minist\u00e9rios de 1\u00ba escal\u00e3o nesta segunda-feira (29). Clique aqui para saber mais","breadcrumb":{"@id":"https:\/\/www.suno.com.br\/noticias\/bolsonaro-muda-seis-ministros-um-dia\/#breadcrumb"},"inLanguage":"pt-BR","potentialAction":[{"@type":"ReadAction","target":["https:\/\/www.suno.com.br\/noticias\/bolsonaro-muda-seis-ministros-um-dia\/"]}]},{"@type":"ImageObject","inLanguage":"pt-BR","@id":"https:\/\/www.suno.com.br\/noticias\/bolsonaro-muda-seis-ministros-um-dia\/#primaryimage","url":"https:\/\/files.sunoresearch.com.br\/n\/uploads\/2021\/03\/e1d35659-50998079955_2d3419eb09_b-jpg.webp","contentUrl":"https:\/\/files.sunoresearch.com.br\/n\/uploads\/2021\/03\/e1d35659-50998079955_2d3419eb09_b-jpg.webp","width":1024,"height":683,"caption":"Jair Bolsonaro. Foto: Isac N\u00f3brega\/PR"},{"@type":"BreadcrumbList","@id":"https:\/\/www.suno.com.br\/noticias\/bolsonaro-muda-seis-ministros-um-dia\/#breadcrumb","itemListElement":[{"@type":"ListItem","position":1,"name":"Not\u00edcias","item":"https:\/\/www.suno.com.br\/noticias\/"},{"@type":"ListItem","position":2,"name":"Pol\u00edtica","item":"https:\/\/www.suno.com.br\/noticias\/politica\/"},{"@type":"ListItem","position":3,"name":"Bolsonaro muda seis ministros de 1\u00ba escal\u00e3o em um dia"}]},{"@type":"WebSite","@id":"https:\/\/www.suno.com.br\/noticias\/#website","url":"https:\/\/www.suno.com.br\/noticias\/","name":"Suno Not\u00edcias","description":"Seu portal de informa\u00e7\u00e3o sobre o mundo dos investimentos","publisher":{"@id":"https:\/\/www.suno.com.br\/noticias\/#organization"},"potentialAction":[{"@type":"SearchAction","target":{"@type":"EntryPoint","urlTemplate":"https:\/\/www.suno.com.br\/noticias\/?s={search_term_string}"},"query-input":{"@type":"PropertyValueSpecification","valueRequired":true,"valueName":"search_term_string"}}],"inLanguage":"pt-BR"},{"@type":"Organization","@id":"https:\/\/www.suno.com.br\/noticias\/#organization","name":"Suno Not\u00edcias","url":"https:\/\/www.suno.com.br\/noticias\/","logo":{"@type":"ImageObject","inLanguage":"pt-BR","@id":"https:\/\/www.suno.com.br\/noticias\/#\/schema\/logo\/image\/","url":"https:\/\/files.sunoresearch.com.br\/n\/uploads\/2021\/09\/suno-logo.png","contentUrl":"https:\/\/files.sunoresearch.com.br\/n\/uploads\/2021\/09\/suno-logo.png","width":180,"height":180,"caption":"Suno Not\u00edcias"},"image":{"@id":"https:\/\/www.suno.com.br\/noticias\/#\/schema\/logo\/image\/"},"sameAs":["https:\/\/facebook.com\/sunoresearch","https:\/\/x.com\/sunoresearch","https:\/\/www.instagram.com\/suno","https:\/\/www.linkedin.com\/company\/suno-research\/","https:\/\/www.youtube.com\/c\/sunoresearch"]},{"@type":"Person","@id":"https:\/\/www.suno.com.br\/noticias\/#\/schema\/person\/053a750a709a263919a20f976caae91c","name":"Arthur Guimar\u00e3es","image":{"@type":"ImageObject","inLanguage":"pt-BR","@id":"https:\/\/www.suno.com.br\/noticias\/#\/schema\/person\/image\/","url":"https:\/\/secure.gravatar.com\/avatar\/1affd86a11209ae09eb6dd3bcad3e96c?s=96&r=g","contentUrl":"https:\/\/secure.gravatar.com\/avatar\/1affd86a11209ae09eb6dd3bcad3e96c?s=96&r=g","caption":"Arthur Guimar\u00e3es"},"description":"Arthur Guimar\u00e3es escreve sobre pol\u00edtica, economia e neg\u00f3cios para o portal de not\u00edcias da Suno Research. Atualmente, \u00e9 estudante de jornalismo pela Faculdade C\u00e1sper L\u00edbero.","url":"https:\/\/www.suno.com.br\/noticias\/author\/arthur-guimaraes\/"}]}},"default_loop_html":"<div class=\"cardsPage__listCard__boxs\"><div class=\"cardsPage__listCard__boxs__img\"><a href=\"https:\/\/www.suno.com.br\/noticias\/bolsonaro-muda-seis-ministros-um-dia\/\"><img class=\"mask\" src=\"https:\/\/www.suno.com.br\/noticias\/wp-content\/themes\/suno\/resources\/images\/spotlight\/spotlight1img\/bg-mask.png\" alt=\"Image Mask\"\/><img src=\"https:\/\/files.sunoresearch.com.br\/n\/uploads\/2021\/03\/e1d35659-50998079955_2d3419eb09_b-400x200.webp\" alt=\"Bolsonaro muda seis ministros de 1\u00ba escal\u00e3o em um dia\"\/><\/a><span class=\"spotlightCategory\"><a href=\"https:\/\/www.suno.com.br\/noticias\/politica\/\">Pol\u00edtica<\/a><\/span><\/div><div class=\"cardsPage__listCard__boxs__content\"><a href=\"https:\/\/www.suno.com.br\/noticias\/bolsonaro-muda-seis-ministros-um-dia\/\"><h2 class=\"content__title\">Bolsonaro muda seis ministros de 1\u00ba escal\u00e3o em um dia<\/h2><\/a><div class=\"newsContent__article__meta\"><div class=\"newsContent__article__meta__authorBox\"><a href=\"https:\/\/www.suno.com.br\/noticias\/author\/arthur-guimaraes\/\" class=\"authorBox__avatar noMobi\"><img src=\"https:\/\/files.sunoresearch.com.br\/n\/uploads\/2020\/02\/dfb40897-eu-150x150.webp\" alt=\"Arthur Guimar\u00e3es\"><\/a><div class=\"authorBox__name\"><span>por\n\t\t\t<a href=\"https:\/\/www.suno.com.br\/noticias\/author\/arthur-guimaraes\/\"><span itemprop=\"author\">Arthur Guimar\u00e3es<\/span><\/a><\/span><time datetime=\"2021-03-29T19:23:06-03:00\" itemprop=\"datePublished\">29\/03\/2021 19:23<\/time><\/div><\/div><\/div><\/div><\/div>","single_layout":"posts","amp_enabled":true,"_links":{"self":[{"href":"https:\/\/www.suno.com.br\/noticias\/wp-json\/wp\/v2\/posts\/135530"}],"collection":[{"href":"https:\/\/www.suno.com.br\/noticias\/wp-json\/wp\/v2\/posts"}],"about":[{"href":"https:\/\/www.suno.com.br\/noticias\/wp-json\/wp\/v2\/types\/post"}],"author":[{"embeddable":true,"href":"https:\/\/www.suno.com.br\/noticias\/wp-json\/wp\/v2\/users\/35"}],"replies":[{"embeddable":true,"href":"https:\/\/www.suno.com.br\/noticias\/wp-json\/wp\/v2\/comments?post=135530"}],"version-history":[{"count":3,"href":"https:\/\/www.suno.com.br\/noticias\/wp-json\/wp\/v2\/posts\/135530\/revisions"}],"predecessor-version":[{"id":135547,"href":"https:\/\/www.suno.com.br\/noticias\/wp-json\/wp\/v2\/posts\/135530\/revisions\/135547"}],"wp:featuredmedia":[{"embeddable":true,"href":"https:\/\/www.suno.com.br\/noticias\/wp-json\/wp\/v2\/media\/135536"}],"wp:attachment":[{"href":"https:\/\/www.suno.com.br\/noticias\/wp-json\/wp\/v2\/media?parent=135530"}],"wp:term":[{"taxonomy":"category","embeddable":true,"href":"https:\/\/www.suno.com.br\/noticias\/wp-json\/wp\/v2\/categories?post=135530"},{"taxonomy":"post_tag","embeddable":true,"href":"https:\/\/www.suno.com.br\/noticias\/wp-json\/wp\/v2\/tags?post=135530"},{"taxonomy":"suno_strategy","embeddable":true,"href":"https:\/\/www.suno.com.br\/noticias\/wp-json\/wp\/v2\/suno_strategy?post=135530"}],"curies":[{"name":"wp","href":"https:\/\/api.w.org\/{rel}","templated":true}]}}