{"id":135462,"date":"2021-03-29T16:45:41","date_gmt":"2021-03-29T19:45:41","guid":{"rendered":"https:\/\/www.suno.com.br\/noticias\/?p=135462"},"modified":"2021-03-29T18:44:54","modified_gmt":"2021-03-29T21:44:54","slug":"ernesto-araujo-ministro-defesa-deixa-cargo","status":"publish","type":"post","link":"https:\/\/www.suno.com.br\/noticias\/ernesto-araujo-ministro-defesa-deixa-cargo\/","title":{"rendered":"Al\u00e9m de Ernesto Ara\u00fajo, o ministro da Defesa tamb\u00e9m deixar\u00e1 o cargo"},"content":{"rendered":"<p><a href=\"https:\/\/www.suno.com.br\/noticias\/ministro-ernesto-araujo-demissao-cargo\/\">Ap\u00f3s Ernesto Ara\u00fajo pedir demiss\u00e3o<\/a> do cargo de ministro das Rela\u00e7\u00f5es Exteriores, Fernando Azevedo e Silva, <strong>o<\/strong> <strong>ministro da Defesa<\/strong>, informou nesta segunda-feira (29) em nota oficial que deixar\u00e1 o cargo.<\/p>\t<div class=\"wrapper-featured-image\">\n\t\t<figure class=\"spotlightImg\">\n\n\t\t\t<picture>\n\t\t\t\t<source media=\"(max-width: 768px)\" srcset=\"https:\/\/files.sunoresearch.com.br\/n\/uploads\/2021\/03\/90ed52b9-32643901477_dd17624ffb_b-400x200.webp\">\n\t\t\t\t<img loading=\"lazy\" decoding=\"async\" class=\"newsContent__article__imgCapa lazyloadDisabled \" src=\"https:\/\/files.sunoresearch.com.br\/n\/uploads\/2021\/03\/90ed52b9-32643901477_dd17624ffb_b-800x450.webp\" width=\"800\" height=\"450\" alt=\"Al\u00e9m de Ernesto Ara\u00fajo, o ministro da Defesa tamb\u00e9m deixar\u00e1 o cargo\" fetchpriority=high \/>\n\t\t\t<\/picture>\n\n\t\t\t<figcaption class=\"wp-caption-text wp-caption-text--show\">Ministro da Defesa. Foto: Roque de S\u00e1\/Ag\u00eancia Senado<\/figcaption>\n\t\t<\/figure>\n\t<\/div>\n\n\n\t<p>\n\t\t<a href=\"https:\/\/lp.suno.com.br\/planilha-controle-gastos\/\" target=\"_blank\" data-element=\"shortcode-suno-banner\" title=\"Banner SUNO, clique e saiba mais\">\n\t\t\t<picture>\n\t\t\t\t<source media=\"(max-width: 500px)\" srcset=\"https:\/\/files.sunoresearch.com.br\/n\/uploads\/2023\/03\/400x300-Planilha-controle-de-gastos.png\">\n\t\t\t\t<img class=\"newsContent__article__imgCapa newsContent__article__imgCapa--banner\"\n\t\t\t\t\tsrc=\"https:\/\/files.sunoresearch.com.br\/n\/uploads\/2023\/03\/1420x240-Planilha-controle-de-gastos.png\"\n\t\t\t\t\tdata-promo-id=\"101751\"\t\t\t\t\t\t\t\t\t\twidth='1420' height='240'\t\t\t\t\talt=\"https:\/\/files.sunoresearch.com.br\/n\/uploads\/2023\/03\/1420x240-Planilha-controle-de-gastos.png\"\n\t\t\t\t>\n\t\t\t<\/picture>\n\t\t<\/a>\n\t<\/p>\n\n\n<p>O ministro estava no cargo desde o in\u00edcio do governo de Jair Bolsonaro, em 2019.<\/p>\n<p><iframe loading=\"lazy\" title=\"\ud83d\udd34Terremoto no governo, Oi (OIBR3) reconquistou \u2018confian\u00e7a dos investidores\u2019,\" width=\"1080\" height=\"608\" src=\"https:\/\/www.youtube.com\/embed\/_J5JfiZoWQI?feature=oembed&#038;enablejsapi=1&#038;origin=https:\/\/www.suno.com.br\" frameborder=\"0\" allow=\"accelerometer; autoplay; clipboard-write; encrypted-media; gyroscope; picture-in-picture\" allowfullscreen><\/iframe><\/p>\n<p>Desta forma, veja o comunicado divulgado pelo general do Ex\u00e9rcito:<\/p>\n<p>Agrade\u00e7o ao Presidente da Rep\u00fablica, a quem dediquei total lealdade ao longo desses mais de dois anos, a oportunidade de ter servido ao Pa\u00eds, como Ministro de Estado da Defesa.<\/p>\n<p>Nesse per\u00edodo, preservei as For\u00e7as Armadas como institui\u00e7\u00f5es de Estado.<\/p>\n<p>O meu reconhecimento e gratid\u00e3o aos Comandantes da Marinha, do Ex\u00e9rcito e da Aeron\u00e1utica, e suas respectivas for\u00e7as, que nunca mediram esfor\u00e7os para atender \u00e0s necessidades e emerg\u00eancias da popula\u00e7\u00e3o brasileira.<\/p>\n<p>Saio na certeza da miss\u00e3o cumprida.<\/p>\n<p>Fernando Azevedo e Silva<\/p>\n<p><a href=\"https:\/\/lp.suno.com.br\/suno-one\/\"><span style=\"font-weight: 400;\">Suno One: acesse gratuitamente eBooks, Minicursos, Artigos e Video Aulas sobre investimentos com um \u00fanico cadastro. Clique para saber mais!<\/span><\/a><\/p>\n<p>Segundo interlocutores do Pal\u00e1cio do Planalto, a demiss\u00e3o do ministro, a pedido de Jair Bolsonaro, faz parte de um movimento mais amplo de cadeiras no minist\u00e9rio, conforme informou a <em>Veja<\/em> nesta segunda-feira.<\/p>\n<p>Diante disso, a revista afirma que o atual ministro da Casa Civil, Walter Braga Netto, pode ser transferido para o minist\u00e9rio da Defesa, ao passo que Luiz Eduardo Ramos, ministro da Secretaria de Governo, assumir\u00e1 a Casa Civil.<\/p>\n<h2>Ministro das Rela\u00e7\u00f5es Exteriores, Ernesto Ara\u00fajo, pede demiss\u00e3o do cargo<\/h2>\n<p>O <strong>ministro das Rela\u00e7\u00f5es Exteriores, Ernesto Ara\u00fajo,<\/strong> pediu nesta segunda-feira (29) demiss\u00e3o de seu cargo. A not\u00edcia foi divulgada pelo pr\u00f3prio chanceler a seus subordinados.<\/p>\n<p>De acordo com fontes do Planalto, Ernesto Ara\u00fajo e o Presidente da Rep\u00fablica, Jair Bolsonaro, ter\u00e3o mais uma reuni\u00e3o hoje \u00e0s 17h.<\/p>\n<p>Integrantes do governo afirmaram ainda que a previs\u00e3o \u00e9 de que a sa\u00edda do ministro seja oficializada ainda nesta segunda-feira. Al\u00e9m disso, o\u00a0chanceler declarou para Bolsonaro que n\u00e3o quer ser um problema ao governo brasileiro.<\/p>\n<p>Com o an\u00fancio sobre a sa\u00edda de Ara\u00fajo, o Pal\u00e1cio do Planalto informou que pretende nomear outro diplomata para o cargo.<\/p>\n<p>Ao passo que os nomes mais cotados para o cargo de ministro das Rela\u00e7\u00f5es Exteriores s\u00e3o:<\/p>\n<ul>\n<li><strong>Nestor Forster<\/strong>, que representa o Brasil nos Estados Unidos;<\/li>\n<li><strong>Luis Fernando Serra<\/strong>, que est\u00e1 na Fran\u00e7a<\/li>\n<\/ul>\n<p>Na semana passada, o presidente da C\u00e2mara, Artur Lira, e do Senado, Rodrigo Pacheco, j\u00e1 haviam pressionado Bolsonaro a demitir o chanceler. De acordo com Lira, Ara\u00fajo perdeu a capacidade de dialogar com outros pa\u00edses.<\/p>\n\t<div data-element=\"shortcode-read-more\" class=\"knowMore\">\n\t\t\t\t<span class=\"knowMore__title\">Saiba mais<\/span>\n\t\t\t\t<a class=\"knowMore__link\" href=\"https:\/\/www.suno.com.br\/noticias\/ministro-ernesto-araujo-demissao-cargo\/\">\n\t\t\tMinistro das Rela\u00e7\u00f5es Exteriores, Ernesto Ara\u00fajo, pede demiss\u00e3o do cargo\t\t<\/a>\n\t<\/div>\n\n\n<p>Enquanto Ara\u00fajo declarou no \u00faltimo domingo (28) que a press\u00e3o recente do Congresso ocorre em fun\u00e7\u00e3o de interesses relacionados \u00e0 tecnologia 5G.<\/p>\n<p>Em resposta, a presidente da Comiss\u00e3o de Rela\u00e7\u00f5es Exteriores do Senado, K\u00e1tia Abreu, disse em nota que o Brasil n\u00e3o poderia mais ter \u201ca face de um marginal\u201d e voltou a pressionar pela <strong>sa\u00edda do ministro.<\/strong><\/p>\n\t<p>\n\t\t<a href=\"\" target=\"_blank\" data-element=\"shortcode-suno-banner\" title=\"Banner SUNO, clique e saiba mais\">\n\t\t\t<picture>\n\t\t\t\t<source media=\"(max-width: 500px)\" srcset=\"\">\n\t\t\t\t<img class=\"newsContent__article__imgCapa newsContent__article__imgCapa--banner\"\n\t\t\t\t\tsrc=\"\"\n\t\t\t\t\tdata-promo-id=\"95331\"\t\t\t\t\t\t\t\t\t\t\t\t\t\t\talt=\"\"\n\t\t\t\t>\n\t\t\t<\/picture>\n\t\t<\/a>\n\t<\/p>\n\n\n","protected":false},"excerpt":{"rendered":"<p>Ap\u00f3s Ernesto Ara\u00fajo pedir demiss\u00e3o do cargo de ministro das Rela\u00e7\u00f5es Exteriores, Fernando Azevedo e Silva, o ministro da Defesa, informou nesta segunda-feira (29) em nota oficial que deixar\u00e1 o cargo. Ministro da Defesa. Foto: Roque de S\u00e1\/Ag\u00eancia Senado O ministro estava no cargo desde o in\u00edcio do governo de Jair Bolsonaro, em 2019. Desta [&hellip;]<\/p>\n","protected":false},"author":56,"featured_media":135475,"comment_status":"closed","ping_status":"closed","sticky":false,"template":"","format":"standard","meta":[],"categories":[61],"tags":[1153,1274],"suno_strategy":[],"class_list":["post-135462","post","type-post","status-publish","format-standard","has-post-thumbnail","hentry","category-politica","tag-ministerio-defesa","tag-ministerio-das-relacoes-exteriores"],"yoast_head":"<!-- This site is optimized with the Yoast SEO plugin v24.4 - https:\/\/yoast.com\/wordpress\/plugins\/seo\/ -->\n<title>Al\u00e9m de Ernesto Ara\u00fajo, o ministro da Defesa tamb\u00e9m deixar\u00e1 o cargo<\/title>\n<meta name=\"description\" content=\"\u00a0O ministro da Defesa estava no cargo desde o in\u00edcio do governo de Jair Bolsonaro, em 2019. Clique aqui para saber mais.\" \/>\n<meta name=\"robots\" content=\"index, follow, max-snippet:-1, max-image-preview:large, max-video-preview:-1\" \/>\n<link rel=\"canonical\" href=\"https:\/\/www.suno.com.br\/noticias\/ernesto-araujo-ministro-defesa-deixa-cargo\/\" \/>\n<meta property=\"og:locale\" content=\"pt_BR\" \/>\n<meta property=\"og:type\" content=\"article\" \/>\n<meta property=\"og:title\" content=\"Al\u00e9m de Ernesto Ara\u00fajo, o ministro da Defesa tamb\u00e9m deixar\u00e1 o cargo\" \/>\n<meta property=\"og:description\" content=\"\u00a0O ministro da Defesa estava no cargo desde o in\u00edcio do governo de Jair Bolsonaro, em 2019. Clique aqui para saber mais.\" \/>\n<meta property=\"og:url\" content=\"https:\/\/www.suno.com.br\/noticias\/ernesto-araujo-ministro-defesa-deixa-cargo\/\" \/>\n<meta property=\"og:site_name\" content=\"Suno Not\u00edcias\" \/>\n<meta property=\"article:publisher\" content=\"https:\/\/facebook.com\/sunoresearch\" \/>\n<meta property=\"og:image\" content=\"https:\/\/files.sunoresearch.com.br\/n\/uploads\/2021\/03\/90ed52b9-32643901477_dd17624ffb_b.jpg\" \/>\n\t<meta property=\"og:image:width\" content=\"1024\" \/>\n\t<meta property=\"og:image:height\" content=\"683\" \/>\n\t<meta property=\"og:image:type\" content=\"image\/jpeg\" \/>\n<meta name=\"author\" content=\"Rafaela La Regina\" \/>\n<meta name=\"twitter:card\" content=\"summary_large_image\" \/>\n<meta name=\"twitter:creator\" content=\"@sunoresearch\" \/>\n<meta name=\"twitter:site\" content=\"@sunoresearch\" \/>\n<meta name=\"twitter:label1\" content=\"Escrito por\" \/>\n\t<meta name=\"twitter:data1\" content=\"Rafaela La Regina\" \/>\n\t<meta name=\"twitter:label2\" content=\"Est. tempo de leitura\" \/>\n\t<meta name=\"twitter:data2\" content=\"3 minutos\" \/>\n<script type=\"application\/ld+json\" class=\"yoast-schema-graph\">{\"@context\":\"https:\/\/schema.org\",\"@graph\":[{\"@type\":\"NewsArticle\",\"@id\":\"https:\/\/www.suno.com.br\/noticias\/ernesto-araujo-ministro-defesa-deixa-cargo\/#article\",\"isPartOf\":{\"@id\":\"https:\/\/www.suno.com.br\/noticias\/ernesto-araujo-ministro-defesa-deixa-cargo\/\"},\"author\":{\"name\":\"Rafaela La Regina\",\"@id\":\"https:\/\/www.suno.com.br\/noticias\/#\/schema\/person\/e672ca8cea627fe715fa29bca7da95e0\"},\"headline\":\"Al\u00e9m de Ernesto Ara\u00fajo, o ministro da Defesa tamb\u00e9m deixar\u00e1 o cargo\",\"datePublished\":\"2021-03-29T19:45:41+00:00\",\"dateModified\":\"2021-03-29T21:44:54+00:00\",\"mainEntityOfPage\":{\"@id\":\"https:\/\/www.suno.com.br\/noticias\/ernesto-araujo-ministro-defesa-deixa-cargo\/\"},\"wordCount\":554,\"publisher\":{\"@id\":\"https:\/\/www.suno.com.br\/noticias\/#organization\"},\"image\":{\"@id\":\"https:\/\/www.suno.com.br\/noticias\/ernesto-araujo-ministro-defesa-deixa-cargo\/#primaryimage\"},\"thumbnailUrl\":\"https:\/\/files.sunoresearch.com.br\/n\/uploads\/2021\/03\/90ed52b9-32643901477_dd17624ffb_b-jpg.webp\",\"keywords\":[\"Minist\u00e9rio da Defesa\",\"Minist\u00e9rio das Rela\u00e7\u00f5es Exteriores\"],\"articleSection\":[\"Pol\u00edtica\"],\"inLanguage\":\"pt-BR\"},{\"@type\":\"WebPage\",\"@id\":\"https:\/\/www.suno.com.br\/noticias\/ernesto-araujo-ministro-defesa-deixa-cargo\/\",\"url\":\"https:\/\/www.suno.com.br\/noticias\/ernesto-araujo-ministro-defesa-deixa-cargo\/\",\"name\":\"Al\u00e9m de Ernesto Ara\u00fajo, o ministro da Defesa tamb\u00e9m deixar\u00e1 o cargo\",\"isPartOf\":{\"@id\":\"https:\/\/www.suno.com.br\/noticias\/#website\"},\"primaryImageOfPage\":{\"@id\":\"https:\/\/www.suno.com.br\/noticias\/ernesto-araujo-ministro-defesa-deixa-cargo\/#primaryimage\"},\"image\":{\"@id\":\"https:\/\/www.suno.com.br\/noticias\/ernesto-araujo-ministro-defesa-deixa-cargo\/#primaryimage\"},\"thumbnailUrl\":\"https:\/\/files.sunoresearch.com.br\/n\/uploads\/2021\/03\/90ed52b9-32643901477_dd17624ffb_b-jpg.webp\",\"datePublished\":\"2021-03-29T19:45:41+00:00\",\"dateModified\":\"2021-03-29T21:44:54+00:00\",\"description\":\"\u00a0O ministro da Defesa estava no cargo desde o in\u00edcio do governo de Jair Bolsonaro, em 2019. Clique aqui para saber mais.\",\"breadcrumb\":{\"@id\":\"https:\/\/www.suno.com.br\/noticias\/ernesto-araujo-ministro-defesa-deixa-cargo\/#breadcrumb\"},\"inLanguage\":\"pt-BR\",\"potentialAction\":[{\"@type\":\"ReadAction\",\"target\":[\"https:\/\/www.suno.com.br\/noticias\/ernesto-araujo-ministro-defesa-deixa-cargo\/\"]}]},{\"@type\":\"ImageObject\",\"inLanguage\":\"pt-BR\",\"@id\":\"https:\/\/www.suno.com.br\/noticias\/ernesto-araujo-ministro-defesa-deixa-cargo\/#primaryimage\",\"url\":\"https:\/\/files.sunoresearch.com.br\/n\/uploads\/2021\/03\/90ed52b9-32643901477_dd17624ffb_b-jpg.webp\",\"contentUrl\":\"https:\/\/files.sunoresearch.com.br\/n\/uploads\/2021\/03\/90ed52b9-32643901477_dd17624ffb_b-jpg.webp\",\"width\":1024,\"height\":683,\"caption\":\"Ministro da Defesa. Foto: Roque de S\u00e1\/Ag\u00eancia Senado\"},{\"@type\":\"BreadcrumbList\",\"@id\":\"https:\/\/www.suno.com.br\/noticias\/ernesto-araujo-ministro-defesa-deixa-cargo\/#breadcrumb\",\"itemListElement\":[{\"@type\":\"ListItem\",\"position\":1,\"name\":\"Not\u00edcias\",\"item\":\"https:\/\/www.suno.com.br\/noticias\/\"},{\"@type\":\"ListItem\",\"position\":2,\"name\":\"Pol\u00edtica\",\"item\":\"https:\/\/www.suno.com.br\/noticias\/politica\/\"},{\"@type\":\"ListItem\",\"position\":3,\"name\":\"Al\u00e9m de Ernesto Ara\u00fajo, o ministro da Defesa tamb\u00e9m deixar\u00e1 o cargo\"}]},{\"@type\":\"WebSite\",\"@id\":\"https:\/\/www.suno.com.br\/noticias\/#website\",\"url\":\"https:\/\/www.suno.com.br\/noticias\/\",\"name\":\"Suno Not\u00edcias\",\"description\":\"Seu portal de informa\u00e7\u00e3o sobre o mundo dos investimentos\",\"publisher\":{\"@id\":\"https:\/\/www.suno.com.br\/noticias\/#organization\"},\"potentialAction\":[{\"@type\":\"SearchAction\",\"target\":{\"@type\":\"EntryPoint\",\"urlTemplate\":\"https:\/\/www.suno.com.br\/noticias\/?s={search_term_string}\"},\"query-input\":{\"@type\":\"PropertyValueSpecification\",\"valueRequired\":true,\"valueName\":\"search_term_string\"}}],\"inLanguage\":\"pt-BR\"},{\"@type\":\"Organization\",\"@id\":\"https:\/\/www.suno.com.br\/noticias\/#organization\",\"name\":\"Suno Not\u00edcias\",\"url\":\"https:\/\/www.suno.com.br\/noticias\/\",\"logo\":{\"@type\":\"ImageObject\",\"inLanguage\":\"pt-BR\",\"@id\":\"https:\/\/www.suno.com.br\/noticias\/#\/schema\/logo\/image\/\",\"url\":\"https:\/\/files.sunoresearch.com.br\/n\/uploads\/2021\/09\/suno-logo.png\",\"contentUrl\":\"https:\/\/files.sunoresearch.com.br\/n\/uploads\/2021\/09\/suno-logo.png\",\"width\":180,\"height\":180,\"caption\":\"Suno Not\u00edcias\"},\"image\":{\"@id\":\"https:\/\/www.suno.com.br\/noticias\/#\/schema\/logo\/image\/\"},\"sameAs\":[\"https:\/\/facebook.com\/sunoresearch\",\"https:\/\/x.com\/sunoresearch\",\"https:\/\/www.instagram.com\/suno\",\"https:\/\/www.linkedin.com\/company\/suno-research\/\",\"https:\/\/www.youtube.com\/c\/sunoresearch\"]},{\"@type\":\"Person\",\"@id\":\"https:\/\/www.suno.com.br\/noticias\/#\/schema\/person\/e672ca8cea627fe715fa29bca7da95e0\",\"name\":\"Rafaela La Regina\",\"image\":{\"@type\":\"ImageObject\",\"inLanguage\":\"pt-BR\",\"@id\":\"https:\/\/www.suno.com.br\/noticias\/#\/schema\/person\/image\/\",\"url\":\"https:\/\/secure.gravatar.com\/avatar\/d2c75a52d243deb93d0465fdcb21bd37?s=96&r=g\",\"contentUrl\":\"https:\/\/secure.gravatar.com\/avatar\/d2c75a52d243deb93d0465fdcb21bd37?s=96&r=g\",\"caption\":\"Rafaela La Regina\"},\"description\":\"Estagi\u00e1ria no Suno Not\u00edcias. Escreve sobre economia, pol\u00edtica e neg\u00f3cios. Estuda Rela\u00e7\u00f5es Internacionais no IBMEC-SP.\",\"url\":\"https:\/\/www.suno.com.br\/noticias\/author\/rafaela-la-regina\/\"}]}<\/script>\n<!-- \/ Yoast SEO plugin. -->","yoast_head_json":{"title":"Al\u00e9m de Ernesto Ara\u00fajo, o ministro da Defesa tamb\u00e9m deixar\u00e1 o cargo","description":"\u00a0O ministro da Defesa estava no cargo desde o in\u00edcio do governo de Jair Bolsonaro, em 2019. Clique aqui para saber mais.","robots":{"index":"index","follow":"follow","max-snippet":"max-snippet:-1","max-image-preview":"max-image-preview:large","max-video-preview":"max-video-preview:-1"},"canonical":"https:\/\/www.suno.com.br\/noticias\/ernesto-araujo-ministro-defesa-deixa-cargo\/","og_locale":"pt_BR","og_type":"article","og_title":"Al\u00e9m de Ernesto Ara\u00fajo, o ministro da Defesa tamb\u00e9m deixar\u00e1 o cargo","og_description":"\u00a0O ministro da Defesa estava no cargo desde o in\u00edcio do governo de Jair Bolsonaro, em 2019. Clique aqui para saber mais.","og_url":"https:\/\/www.suno.com.br\/noticias\/ernesto-araujo-ministro-defesa-deixa-cargo\/","og_site_name":"Suno Not\u00edcias","article_publisher":"https:\/\/facebook.com\/sunoresearch","og_image":[{"width":1024,"height":683,"url":"https:\/\/files.sunoresearch.com.br\/n\/uploads\/2021\/03\/90ed52b9-32643901477_dd17624ffb_b.jpg","type":"image\/jpeg"}],"author":"Rafaela La Regina","twitter_card":"summary_large_image","twitter_creator":"@sunoresearch","twitter_site":"@sunoresearch","twitter_misc":{"Escrito por":"Rafaela La Regina","Est. tempo de leitura":"3 minutos"},"schema":{"@context":"https:\/\/schema.org","@graph":[{"@type":"NewsArticle","@id":"https:\/\/www.suno.com.br\/noticias\/ernesto-araujo-ministro-defesa-deixa-cargo\/#article","isPartOf":{"@id":"https:\/\/www.suno.com.br\/noticias\/ernesto-araujo-ministro-defesa-deixa-cargo\/"},"author":{"name":"Rafaela La Regina","@id":"https:\/\/www.suno.com.br\/noticias\/#\/schema\/person\/e672ca8cea627fe715fa29bca7da95e0"},"headline":"Al\u00e9m de Ernesto Ara\u00fajo, o ministro da Defesa tamb\u00e9m deixar\u00e1 o cargo","datePublished":"2021-03-29T19:45:41+00:00","dateModified":"2021-03-29T21:44:54+00:00","mainEntityOfPage":{"@id":"https:\/\/www.suno.com.br\/noticias\/ernesto-araujo-ministro-defesa-deixa-cargo\/"},"wordCount":554,"publisher":{"@id":"https:\/\/www.suno.com.br\/noticias\/#organization"},"image":{"@id":"https:\/\/www.suno.com.br\/noticias\/ernesto-araujo-ministro-defesa-deixa-cargo\/#primaryimage"},"thumbnailUrl":"https:\/\/files.sunoresearch.com.br\/n\/uploads\/2021\/03\/90ed52b9-32643901477_dd17624ffb_b-jpg.webp","keywords":["Minist\u00e9rio da Defesa","Minist\u00e9rio das Rela\u00e7\u00f5es Exteriores"],"articleSection":["Pol\u00edtica"],"inLanguage":"pt-BR"},{"@type":"WebPage","@id":"https:\/\/www.suno.com.br\/noticias\/ernesto-araujo-ministro-defesa-deixa-cargo\/","url":"https:\/\/www.suno.com.br\/noticias\/ernesto-araujo-ministro-defesa-deixa-cargo\/","name":"Al\u00e9m de Ernesto Ara\u00fajo, o ministro da Defesa tamb\u00e9m deixar\u00e1 o cargo","isPartOf":{"@id":"https:\/\/www.suno.com.br\/noticias\/#website"},"primaryImageOfPage":{"@id":"https:\/\/www.suno.com.br\/noticias\/ernesto-araujo-ministro-defesa-deixa-cargo\/#primaryimage"},"image":{"@id":"https:\/\/www.suno.com.br\/noticias\/ernesto-araujo-ministro-defesa-deixa-cargo\/#primaryimage"},"thumbnailUrl":"https:\/\/files.sunoresearch.com.br\/n\/uploads\/2021\/03\/90ed52b9-32643901477_dd17624ffb_b-jpg.webp","datePublished":"2021-03-29T19:45:41+00:00","dateModified":"2021-03-29T21:44:54+00:00","description":"\u00a0O ministro da Defesa estava no cargo desde o in\u00edcio do governo de Jair Bolsonaro, em 2019. Clique aqui para saber mais.","breadcrumb":{"@id":"https:\/\/www.suno.com.br\/noticias\/ernesto-araujo-ministro-defesa-deixa-cargo\/#breadcrumb"},"inLanguage":"pt-BR","potentialAction":[{"@type":"ReadAction","target":["https:\/\/www.suno.com.br\/noticias\/ernesto-araujo-ministro-defesa-deixa-cargo\/"]}]},{"@type":"ImageObject","inLanguage":"pt-BR","@id":"https:\/\/www.suno.com.br\/noticias\/ernesto-araujo-ministro-defesa-deixa-cargo\/#primaryimage","url":"https:\/\/files.sunoresearch.com.br\/n\/uploads\/2021\/03\/90ed52b9-32643901477_dd17624ffb_b-jpg.webp","contentUrl":"https:\/\/files.sunoresearch.com.br\/n\/uploads\/2021\/03\/90ed52b9-32643901477_dd17624ffb_b-jpg.webp","width":1024,"height":683,"caption":"Ministro da Defesa. Foto: Roque de S\u00e1\/Ag\u00eancia Senado"},{"@type":"BreadcrumbList","@id":"https:\/\/www.suno.com.br\/noticias\/ernesto-araujo-ministro-defesa-deixa-cargo\/#breadcrumb","itemListElement":[{"@type":"ListItem","position":1,"name":"Not\u00edcias","item":"https:\/\/www.suno.com.br\/noticias\/"},{"@type":"ListItem","position":2,"name":"Pol\u00edtica","item":"https:\/\/www.suno.com.br\/noticias\/politica\/"},{"@type":"ListItem","position":3,"name":"Al\u00e9m de Ernesto Ara\u00fajo, o ministro da Defesa tamb\u00e9m deixar\u00e1 o cargo"}]},{"@type":"WebSite","@id":"https:\/\/www.suno.com.br\/noticias\/#website","url":"https:\/\/www.suno.com.br\/noticias\/","name":"Suno Not\u00edcias","description":"Seu portal de informa\u00e7\u00e3o sobre o mundo dos investimentos","publisher":{"@id":"https:\/\/www.suno.com.br\/noticias\/#organization"},"potentialAction":[{"@type":"SearchAction","target":{"@type":"EntryPoint","urlTemplate":"https:\/\/www.suno.com.br\/noticias\/?s={search_term_string}"},"query-input":{"@type":"PropertyValueSpecification","valueRequired":true,"valueName":"search_term_string"}}],"inLanguage":"pt-BR"},{"@type":"Organization","@id":"https:\/\/www.suno.com.br\/noticias\/#organization","name":"Suno Not\u00edcias","url":"https:\/\/www.suno.com.br\/noticias\/","logo":{"@type":"ImageObject","inLanguage":"pt-BR","@id":"https:\/\/www.suno.com.br\/noticias\/#\/schema\/logo\/image\/","url":"https:\/\/files.sunoresearch.com.br\/n\/uploads\/2021\/09\/suno-logo.png","contentUrl":"https:\/\/files.sunoresearch.com.br\/n\/uploads\/2021\/09\/suno-logo.png","width":180,"height":180,"caption":"Suno Not\u00edcias"},"image":{"@id":"https:\/\/www.suno.com.br\/noticias\/#\/schema\/logo\/image\/"},"sameAs":["https:\/\/facebook.com\/sunoresearch","https:\/\/x.com\/sunoresearch","https:\/\/www.instagram.com\/suno","https:\/\/www.linkedin.com\/company\/suno-research\/","https:\/\/www.youtube.com\/c\/sunoresearch"]},{"@type":"Person","@id":"https:\/\/www.suno.com.br\/noticias\/#\/schema\/person\/e672ca8cea627fe715fa29bca7da95e0","name":"Rafaela La Regina","image":{"@type":"ImageObject","inLanguage":"pt-BR","@id":"https:\/\/www.suno.com.br\/noticias\/#\/schema\/person\/image\/","url":"https:\/\/secure.gravatar.com\/avatar\/d2c75a52d243deb93d0465fdcb21bd37?s=96&r=g","contentUrl":"https:\/\/secure.gravatar.com\/avatar\/d2c75a52d243deb93d0465fdcb21bd37?s=96&r=g","caption":"Rafaela La Regina"},"description":"Estagi\u00e1ria no Suno Not\u00edcias. Escreve sobre economia, pol\u00edtica e neg\u00f3cios. Estuda Rela\u00e7\u00f5es Internacionais no IBMEC-SP.","url":"https:\/\/www.suno.com.br\/noticias\/author\/rafaela-la-regina\/"}]}},"default_loop_html":"<div class=\"cardsPage__listCard__boxs\"><div class=\"cardsPage__listCard__boxs__img\"><a href=\"https:\/\/www.suno.com.br\/noticias\/ernesto-araujo-ministro-defesa-deixa-cargo\/\"><img class=\"mask\" src=\"https:\/\/www.suno.com.br\/noticias\/wp-content\/themes\/suno\/resources\/images\/spotlight\/spotlight1img\/bg-mask.png\" alt=\"Image Mask\"\/><img src=\"https:\/\/files.sunoresearch.com.br\/n\/uploads\/2021\/03\/90ed52b9-32643901477_dd17624ffb_b-400x200.webp\" alt=\"Al\u00e9m de Ernesto Ara\u00fajo, o ministro da Defesa tamb\u00e9m deixar\u00e1 o cargo\"\/><\/a><span class=\"spotlightCategory\"><a href=\"https:\/\/www.suno.com.br\/noticias\/politica\/\">Pol\u00edtica<\/a><\/span><\/div><div class=\"cardsPage__listCard__boxs__content\"><a href=\"https:\/\/www.suno.com.br\/noticias\/ernesto-araujo-ministro-defesa-deixa-cargo\/\"><h2 class=\"content__title\">Al\u00e9m de Ernesto Ara\u00fajo, o ministro da Defesa tamb\u00e9m deixar\u00e1 o cargo<\/h2><\/a><div class=\"newsContent__article__meta\"><div class=\"newsContent__article__meta__authorBox\"><a href=\"https:\/\/www.suno.com.br\/noticias\/author\/rafaela-la-regina\/\" class=\"authorBox__avatar noMobi\"><img src=\"https:\/\/secure.gravatar.com\/avatar\/d2c75a52d243deb93d0465fdcb21bd37?s=96&#038;r=g\" alt=\"Rafaela La Regina\"><\/a><div class=\"authorBox__name\"><span>por\n\t\t\t<a href=\"https:\/\/www.suno.com.br\/noticias\/author\/rafaela-la-regina\/\"><span itemprop=\"author\">Rafaela La Regina<\/span><\/a><\/span><time datetime=\"2021-03-29T16:45:41-03:00\" itemprop=\"datePublished\">29\/03\/2021 16:45<\/time><\/div><\/div><\/div><\/div><\/div>","single_layout":"posts","amp_enabled":true,"_links":{"self":[{"href":"https:\/\/www.suno.com.br\/noticias\/wp-json\/wp\/v2\/posts\/135462"}],"collection":[{"href":"https:\/\/www.suno.com.br\/noticias\/wp-json\/wp\/v2\/posts"}],"about":[{"href":"https:\/\/www.suno.com.br\/noticias\/wp-json\/wp\/v2\/types\/post"}],"author":[{"embeddable":true,"href":"https:\/\/www.suno.com.br\/noticias\/wp-json\/wp\/v2\/users\/56"}],"replies":[{"embeddable":true,"href":"https:\/\/www.suno.com.br\/noticias\/wp-json\/wp\/v2\/comments?post=135462"}],"version-history":[{"count":3,"href":"https:\/\/www.suno.com.br\/noticias\/wp-json\/wp\/v2\/posts\/135462\/revisions"}],"predecessor-version":[{"id":135538,"href":"https:\/\/www.suno.com.br\/noticias\/wp-json\/wp\/v2\/posts\/135462\/revisions\/135538"}],"wp:featuredmedia":[{"embeddable":true,"href":"https:\/\/www.suno.com.br\/noticias\/wp-json\/wp\/v2\/media\/135475"}],"wp:attachment":[{"href":"https:\/\/www.suno.com.br\/noticias\/wp-json\/wp\/v2\/media?parent=135462"}],"wp:term":[{"taxonomy":"category","embeddable":true,"href":"https:\/\/www.suno.com.br\/noticias\/wp-json\/wp\/v2\/categories?post=135462"},{"taxonomy":"post_tag","embeddable":true,"href":"https:\/\/www.suno.com.br\/noticias\/wp-json\/wp\/v2\/tags?post=135462"},{"taxonomy":"suno_strategy","embeddable":true,"href":"https:\/\/www.suno.com.br\/noticias\/wp-json\/wp\/v2\/suno_strategy?post=135462"}],"curies":[{"name":"wp","href":"https:\/\/api.w.org\/{rel}","templated":true}]}}