{"id":135380,"date":"2021-03-29T12:03:35","date_gmt":"2021-03-29T15:03:35","guid":{"rendered":"https:\/\/www.suno.com.br\/noticias\/?p=135380"},"modified":"2021-06-01T22:10:18","modified_gmt":"2021-06-02T01:10:18","slug":"acionistas-hapvida-hapv3-notredame-gndi3-aprovam-fusao","status":"publish","type":"post","link":"https:\/\/www.suno.com.br\/noticias\/acionistas-hapvida-hapv3-notredame-gndi3-aprovam-fusao\/","title":{"rendered":"Acionistas da Hapvida (HAPV3) e da NotreDame (GNDI3) aprovam fus\u00e3o"},"content":{"rendered":"<p>Os acionistas da <a href=\"https:\/\/www.suno.com.br\/acoes\/hapv3\/\"><strong>Hapvida<\/strong> (HAPV3)<\/a> e da <a href=\"https:\/\/www.suno.com.br\/acoes\/gndi3\/\">NotreDame Interm\u00e9dica (GNDI3)<\/a> aprovaram na manh\u00e3 desta segunda-feira (29), em <a href=\"https:\/\/www.suno.com.br\/artigos\/assembleia-geral-extraordinaria\/\">assembleias gerais extraordin\u00e1rias<\/a>, a combina\u00e7\u00e3o dos neg\u00f3cios das duas empresas do setor de planos de sa\u00fade.<\/p>\t<div class=\"wrapper-featured-image\">\n\t\t<figure class=\"spotlightImg\">\n\n\t\t\t<picture>\n\t\t\t\t<source media=\"(max-width: 768px)\" srcset=\"https:\/\/files.sunoresearch.com.br\/n\/uploads\/2021\/03\/5ce309a9-hapvida-400x200.webp\">\n\t\t\t\t<img loading=\"lazy\" decoding=\"async\" class=\"newsContent__article__imgCapa lazyloadDisabled newsContent__article__imgCapa--noCaption\" src=\"https:\/\/files.sunoresearch.com.br\/n\/uploads\/2021\/03\/5ce309a9-hapvida-800x450.webp\" width=\"800\" height=\"450\" alt=\"Acionistas da Hapvida (HAPV3) e da NotreDame (GNDI3) aprovam fus\u00e3o\" fetchpriority=high \/>\n\t\t\t<\/picture>\n\n\t\t\t<figcaption class=\"wp-caption-text wp-caption-text--hide\"><\/figcaption>\n\t\t<\/figure>\n\t<\/div>\n\n\n<p><span style=\"font-weight: 400;\">\t<p>\n\t\t<a href=\"https:\/\/lp.suno.com.br\/planilha-controle-gastos\/\" target=\"_blank\" data-element=\"shortcode-suno-banner\" title=\"Banner SUNO, clique e saiba mais\">\n\t\t\t<picture>\n\t\t\t\t<source media=\"(max-width: 500px)\" srcset=\"https:\/\/files.sunoresearch.com.br\/n\/uploads\/2023\/03\/400x300-Planilha-controle-de-gastos.png\">\n\t\t\t\t<img class=\"newsContent__article__imgCapa newsContent__article__imgCapa--banner\"\n\t\t\t\t\tsrc=\"https:\/\/files.sunoresearch.com.br\/n\/uploads\/2023\/03\/1420x240-Planilha-controle-de-gastos.png\"\n\t\t\t\t\tdata-promo-id=\"101751\"\t\t\t\t\t\t\t\t\t\twidth='1420' height='240'\t\t\t\t\talt=\"https:\/\/files.sunoresearch.com.br\/n\/uploads\/2023\/03\/1420x240-Planilha-controle-de-gastos.png\"\n\t\t\t\t>\n\t\t\t<\/picture>\n\t\t<\/a>\n\t<\/p>\n\n<\/span><\/p>\n<p>A<a href=\"https:\/\/www.suno.com.br\/artigos\/fusoes-aquisicoes\/\"> consuma\u00e7\u00e3o do neg\u00f3cio<\/a> entre Hapvida e <strong>NotreDame Interm\u00e9dica<\/strong>, agora, precisa da aprova\u00e7\u00e3o do <a href=\"https:\/\/www.suno.com.br\/artigos\/cade\/\">Conselho Administrativo de Defesa Econ\u00f4mica (Cade)<\/a>, da Ag\u00eancia Nacional de Sa\u00fade Suplementar (ANS) e do cumprimento de termos e condi\u00e7\u00f5es descritos no acordo.<\/p>\n<p>As duas empresas chegaram a um acordo para a fus\u00e3o no final de fevereiro. A Hapvida ir\u00e1 incorporar a NotreDame, sendo que cada acionista da GNDI deve receber 5,2490 a\u00e7\u00f5es da HAPV3 e mais R$ 6,45. Com isso, os acionistas da Hapvida ficar\u00e3o com 53,6% do capital da nova empresa e os da NotreDame com 46,4%.<\/p>\n<p>Irlau Machado, atual <a href=\"https:\/\/www.suno.com.br\/artigos\/ceo\/\">diretor-executivo (CEO)<\/a> da NotreDame, e Jorge Pinheiro, CEO da Hapvida, atuar\u00e3o como co-CEOs da nova empresa. O <a href=\"https:\/\/www.suno.com.br\/artigos\/conselho-administracao\/\">conselho de administra\u00e7\u00e3o<\/a> ser\u00e1 ampliado para, no m\u00ednimo, nove membros, sendo dois indicados pelo atual conselho da NotreDame, cinco pela Hapvida e dois independentes.<\/p>\n<p><span style=\"font-weight: 400;\">\t<p>\n\t\t<a href=\"https:\/\/lp.suno.com.br\/planilha-da-vida-financeira\/\" target=\"_blank\" data-element=\"shortcode-suno-banner\" title=\"Banner SUNO, clique e saiba mais\">\n\t\t\t<picture>\n\t\t\t\t<source media=\"(max-width: 500px)\" srcset=\"https:\/\/files.sunoresearch.com.br\/n\/uploads\/2023\/04\/400x300-Planilha-vida-financeira-true.png\">\n\t\t\t\t<img class=\"newsContent__article__imgCapa newsContent__article__imgCapa--banner\"\n\t\t\t\t\tsrc=\"https:\/\/files.sunoresearch.com.br\/n\/uploads\/2023\/04\/1420x240-Planilha-vida-financeira-true.png\"\n\t\t\t\t\tdata-promo-id=\"106682\"\t\t\t\t\t\t\t\t\t\twidth='1420' height='240'\t\t\t\t\talt=\"https:\/\/files.sunoresearch.com.br\/n\/uploads\/2023\/04\/1420x240-Planilha-vida-financeira-true.png\"\n\t\t\t\t>\n\t\t\t<\/picture>\n\t\t<\/a>\n\t<\/p>\n\n<\/span><\/p>\n<h2>&#8220;Fus\u00e3o de Hapvida e NotreDame transformar\u00e1 setor&#8221;, diz Jorge Pinheiro<\/h2>\n<p>Em sua \u00faltima teleconfer\u00eancia de resultados, no primeiro dia de mar\u00e7o, o CEO da Hapvida afirmou que a fus\u00e3o transformar\u00e1 o setor de sa\u00fade brasileiro. \u201cEssa transa\u00e7\u00e3o tem o potencial de aumentar os participantes da sa\u00fade complementar do pa\u00eds\u201d, disse.<\/p>\n<p>Ele apontou tamb\u00e9m que a fus\u00e3o ocorre em um momento crucial para a sa\u00fade no Brasil e no mundo, em que cresce o interesse da popula\u00e7\u00e3o por contratar planos de sa\u00fade.<\/p>\n<p>Pinheiro acredita que as empresas ter\u00e3o grande ganho de<a href=\"https:\/\/www.suno.com.br\/artigos\/sinergias\/\"> sinergia ap\u00f3s a opera\u00e7\u00e3o<\/a>, por possuem complementariedade geogr\u00e1fica, serem bem geridas, crescerem acima da m\u00e9dia, por serem rent\u00e1veis e por terem conhecimento no ramo de aquisi\u00e7\u00f5es.<\/p>\n<p>Caso a opera\u00e7\u00e3o seja aprovada, a nova empresa proveniente da fus\u00e3o entre<strong> Hapvida<\/strong> e NotreDame ter\u00e1 84 hospitais, 280 cl\u00ednicas, 257 unidades de diagn\u00f3stico, com abrang\u00eancia nacional. A companhia deve ter ainda cerca de 20% de participa\u00e7\u00e3o no mercado no primeiro momento.<\/p>\n<p><span style=\"font-weight: 400;\">\t<p>\n\t\t<a href=\"https:\/\/lp.suno.com.br\/planilha-de-controle-de-investimentos\/\" target=\"_blank\" data-element=\"shortcode-suno-banner\" title=\"Banner SUNO, clique e saiba mais\">\n\t\t\t<picture>\n\t\t\t\t<source media=\"(max-width: 500px)\" srcset=\"https:\/\/files.sunoresearch.com.br\/n\/uploads\/2023\/03\/400x300-Controle-de-Investimentos.png\">\n\t\t\t\t<img class=\"newsContent__article__imgCapa newsContent__article__imgCapa--banner\"\n\t\t\t\t\tsrc=\"https:\/\/files.sunoresearch.com.br\/n\/uploads\/2023\/03\/1420x240-Controle-de-Investimentos.png\"\n\t\t\t\t\tdata-promo-id=\"75934\"\t\t\t\t\t\t\t\t\t\twidth='1420' height='240'\t\t\t\t\talt=\"https:\/\/files.sunoresearch.com.br\/n\/uploads\/2023\/03\/1420x240-Controle-de-Investimentos.png\"\n\t\t\t\t>\n\t\t\t<\/picture>\n\t\t<\/a>\n\t<\/p>\n\n<\/span><\/p>\n","protected":false},"excerpt":{"rendered":"<p>Os acionistas da Hapvida (HAPV3) e da NotreDame Interm\u00e9dica (GNDI3) aprovaram na manh\u00e3 desta segunda-feira (29), em assembleias gerais extraordin\u00e1rias, a combina\u00e7\u00e3o dos neg\u00f3cios das duas empresas do setor de planos de sa\u00fade. A consuma\u00e7\u00e3o do neg\u00f3cio entre Hapvida e NotreDame Interm\u00e9dica, agora, precisa da aprova\u00e7\u00e3o do Conselho Administrativo de Defesa Econ\u00f4mica (Cade), da Ag\u00eancia [&hellip;]<\/p>\n","protected":false},"author":59,"featured_media":127589,"comment_status":"closed","ping_status":"closed","sticky":false,"template":"","format":"standard","meta":[],"categories":[64],"tags":[62812,497,512],"suno_strategy":[],"class_list":["post-135380","post","type-post","status-publish","format-standard","has-post-thumbnail","hentry","category-negocios","tag-fusoes-e-aquisicoes","tag-hapvida-hapv3","tag-notredame-intermedica-gndi3"],"yoast_head":"<!-- This site is optimized with the Yoast SEO plugin v24.4 - https:\/\/yoast.com\/wordpress\/plugins\/seo\/ -->\n<title>Acionistas da Hapvida (HAPV3) e da NotreDame (GNDI3) aprovam fus\u00e3o<\/title>\n<meta name=\"description\" content=\"Acionistas da Hapvida e da NotreDame Interm\u00e9dica aprovaram nesta segunda-feira a fus\u00e3o das empresas. Clique aqui para saber mais.\" \/>\n<meta name=\"robots\" content=\"index, follow, max-snippet:-1, max-image-preview:large, max-video-preview:-1\" \/>\n<link rel=\"canonical\" href=\"https:\/\/www.suno.com.br\/noticias\/acionistas-hapvida-hapv3-notredame-gndi3-aprovam-fusao\/\" \/>\n<meta property=\"og:locale\" content=\"pt_BR\" \/>\n<meta property=\"og:type\" content=\"article\" \/>\n<meta property=\"og:title\" content=\"Acionistas da Hapvida (HAPV3) e da NotreDame (GNDI3) aprovam fus\u00e3o\" \/>\n<meta property=\"og:description\" content=\"Acionistas da Hapvida e da NotreDame Interm\u00e9dica aprovaram nesta segunda-feira a fus\u00e3o das empresas. Clique aqui para saber mais.\" \/>\n<meta property=\"og:url\" content=\"https:\/\/www.suno.com.br\/noticias\/acionistas-hapvida-hapv3-notredame-gndi3-aprovam-fusao\/\" \/>\n<meta property=\"og:site_name\" content=\"Suno Not\u00edcias\" \/>\n<meta property=\"article:publisher\" content=\"https:\/\/facebook.com\/sunoresearch\" \/>\n<meta property=\"og:image\" content=\"https:\/\/files.sunoresearch.com.br\/n\/uploads\/2021\/03\/5ce309a9-hapvida.jpeg\" \/>\n\t<meta property=\"og:image:width\" content=\"1024\" \/>\n\t<meta property=\"og:image:height\" content=\"683\" \/>\n\t<meta property=\"og:image:type\" content=\"image\/jpeg\" \/>\n<meta name=\"author\" content=\"Vitor Azevedo\" \/>\n<meta name=\"twitter:card\" content=\"summary_large_image\" \/>\n<meta name=\"twitter:creator\" content=\"@sunoresearch\" \/>\n<meta name=\"twitter:site\" content=\"@sunoresearch\" \/>\n<meta name=\"twitter:label1\" content=\"Escrito por\" \/>\n\t<meta name=\"twitter:data1\" content=\"Vitor Azevedo\" \/>\n\t<meta name=\"twitter:label2\" content=\"Est. tempo de leitura\" \/>\n\t<meta name=\"twitter:data2\" content=\"2 minutos\" \/>\n<script type=\"application\/ld+json\" class=\"yoast-schema-graph\">{\"@context\":\"https:\/\/schema.org\",\"@graph\":[{\"@type\":\"NewsArticle\",\"@id\":\"https:\/\/www.suno.com.br\/noticias\/acionistas-hapvida-hapv3-notredame-gndi3-aprovam-fusao\/#article\",\"isPartOf\":{\"@id\":\"https:\/\/www.suno.com.br\/noticias\/acionistas-hapvida-hapv3-notredame-gndi3-aprovam-fusao\/\"},\"author\":{\"name\":\"Vitor Azevedo\",\"@id\":\"https:\/\/www.suno.com.br\/noticias\/#\/schema\/person\/658d5fbc74d81f265f5df3562d0038ab\"},\"headline\":\"Acionistas da Hapvida (HAPV3) e da NotreDame (GNDI3) aprovam fus\u00e3o\",\"datePublished\":\"2021-03-29T15:03:35+00:00\",\"dateModified\":\"2021-06-02T01:10:18+00:00\",\"mainEntityOfPage\":{\"@id\":\"https:\/\/www.suno.com.br\/noticias\/acionistas-hapvida-hapv3-notredame-gndi3-aprovam-fusao\/\"},\"wordCount\":384,\"publisher\":{\"@id\":\"https:\/\/www.suno.com.br\/noticias\/#organization\"},\"image\":{\"@id\":\"https:\/\/www.suno.com.br\/noticias\/acionistas-hapvida-hapv3-notredame-gndi3-aprovam-fusao\/#primaryimage\"},\"thumbnailUrl\":\"https:\/\/files.sunoresearch.com.br\/n\/uploads\/2021\/03\/5ce309a9-hapvida-jpeg.webp\",\"keywords\":[\"fus\u00f5es e aquisi\u00e7\u00f5es\",\"Hapvida (HAPV3)\",\"NotreDame Intermedica (GNDI3)\"],\"articleSection\":[\"Neg\u00f3cios\"],\"inLanguage\":\"pt-BR\"},{\"@type\":\"WebPage\",\"@id\":\"https:\/\/www.suno.com.br\/noticias\/acionistas-hapvida-hapv3-notredame-gndi3-aprovam-fusao\/\",\"url\":\"https:\/\/www.suno.com.br\/noticias\/acionistas-hapvida-hapv3-notredame-gndi3-aprovam-fusao\/\",\"name\":\"Acionistas da Hapvida (HAPV3) e da NotreDame (GNDI3) aprovam fus\u00e3o\",\"isPartOf\":{\"@id\":\"https:\/\/www.suno.com.br\/noticias\/#website\"},\"primaryImageOfPage\":{\"@id\":\"https:\/\/www.suno.com.br\/noticias\/acionistas-hapvida-hapv3-notredame-gndi3-aprovam-fusao\/#primaryimage\"},\"image\":{\"@id\":\"https:\/\/www.suno.com.br\/noticias\/acionistas-hapvida-hapv3-notredame-gndi3-aprovam-fusao\/#primaryimage\"},\"thumbnailUrl\":\"https:\/\/files.sunoresearch.com.br\/n\/uploads\/2021\/03\/5ce309a9-hapvida-jpeg.webp\",\"datePublished\":\"2021-03-29T15:03:35+00:00\",\"dateModified\":\"2021-06-02T01:10:18+00:00\",\"description\":\"Acionistas da Hapvida e da NotreDame Interm\u00e9dica aprovaram nesta segunda-feira a fus\u00e3o das empresas. Clique aqui para saber mais.\",\"breadcrumb\":{\"@id\":\"https:\/\/www.suno.com.br\/noticias\/acionistas-hapvida-hapv3-notredame-gndi3-aprovam-fusao\/#breadcrumb\"},\"inLanguage\":\"pt-BR\",\"potentialAction\":[{\"@type\":\"ReadAction\",\"target\":[\"https:\/\/www.suno.com.br\/noticias\/acionistas-hapvida-hapv3-notredame-gndi3-aprovam-fusao\/\"]}]},{\"@type\":\"ImageObject\",\"inLanguage\":\"pt-BR\",\"@id\":\"https:\/\/www.suno.com.br\/noticias\/acionistas-hapvida-hapv3-notredame-gndi3-aprovam-fusao\/#primaryimage\",\"url\":\"https:\/\/files.sunoresearch.com.br\/n\/uploads\/2021\/03\/5ce309a9-hapvida-jpeg.webp\",\"contentUrl\":\"https:\/\/files.sunoresearch.com.br\/n\/uploads\/2021\/03\/5ce309a9-hapvida-jpeg.webp\",\"width\":1024,\"height\":683,\"caption\":\"Fus\u00e3o da Hapvida com a NotreDame \u00e9 aprovada por acionistas\"},{\"@type\":\"BreadcrumbList\",\"@id\":\"https:\/\/www.suno.com.br\/noticias\/acionistas-hapvida-hapv3-notredame-gndi3-aprovam-fusao\/#breadcrumb\",\"itemListElement\":[{\"@type\":\"ListItem\",\"position\":1,\"name\":\"Not\u00edcias\",\"item\":\"https:\/\/www.suno.com.br\/noticias\/\"},{\"@type\":\"ListItem\",\"position\":2,\"name\":\"Neg\u00f3cios\",\"item\":\"https:\/\/www.suno.com.br\/noticias\/negocios\/\"},{\"@type\":\"ListItem\",\"position\":3,\"name\":\"Acionistas da Hapvida (HAPV3) e da NotreDame (GNDI3) aprovam fus\u00e3o\"}]},{\"@type\":\"WebSite\",\"@id\":\"https:\/\/www.suno.com.br\/noticias\/#website\",\"url\":\"https:\/\/www.suno.com.br\/noticias\/\",\"name\":\"Suno Not\u00edcias\",\"description\":\"Seu portal de informa\u00e7\u00e3o sobre o mundo dos investimentos\",\"publisher\":{\"@id\":\"https:\/\/www.suno.com.br\/noticias\/#organization\"},\"potentialAction\":[{\"@type\":\"SearchAction\",\"target\":{\"@type\":\"EntryPoint\",\"urlTemplate\":\"https:\/\/www.suno.com.br\/noticias\/?s={search_term_string}\"},\"query-input\":{\"@type\":\"PropertyValueSpecification\",\"valueRequired\":true,\"valueName\":\"search_term_string\"}}],\"inLanguage\":\"pt-BR\"},{\"@type\":\"Organization\",\"@id\":\"https:\/\/www.suno.com.br\/noticias\/#organization\",\"name\":\"Suno Not\u00edcias\",\"url\":\"https:\/\/www.suno.com.br\/noticias\/\",\"logo\":{\"@type\":\"ImageObject\",\"inLanguage\":\"pt-BR\",\"@id\":\"https:\/\/www.suno.com.br\/noticias\/#\/schema\/logo\/image\/\",\"url\":\"https:\/\/files.sunoresearch.com.br\/n\/uploads\/2021\/09\/suno-logo.png\",\"contentUrl\":\"https:\/\/files.sunoresearch.com.br\/n\/uploads\/2021\/09\/suno-logo.png\",\"width\":180,\"height\":180,\"caption\":\"Suno Not\u00edcias\"},\"image\":{\"@id\":\"https:\/\/www.suno.com.br\/noticias\/#\/schema\/logo\/image\/\"},\"sameAs\":[\"https:\/\/facebook.com\/sunoresearch\",\"https:\/\/x.com\/sunoresearch\",\"https:\/\/www.instagram.com\/suno\",\"https:\/\/www.linkedin.com\/company\/suno-research\/\",\"https:\/\/www.youtube.com\/c\/sunoresearch\"]},{\"@type\":\"Person\",\"@id\":\"https:\/\/www.suno.com.br\/noticias\/#\/schema\/person\/658d5fbc74d81f265f5df3562d0038ab\",\"name\":\"Vitor Azevedo\",\"image\":{\"@type\":\"ImageObject\",\"inLanguage\":\"pt-BR\",\"@id\":\"https:\/\/www.suno.com.br\/noticias\/#\/schema\/person\/image\/\",\"url\":\"https:\/\/secure.gravatar.com\/avatar\/62b86195291b446fe380824eb28b99a5?s=96&r=g\",\"contentUrl\":\"https:\/\/secure.gravatar.com\/avatar\/62b86195291b446fe380824eb28b99a5?s=96&r=g\",\"caption\":\"Vitor Azevedo\"},\"description\":\"Formado em jornalismo pela Unesp, escreve sobre economia e neg\u00f3cios para a Suno Not\u00edcias.\",\"url\":\"https:\/\/www.suno.com.br\/noticias\/author\/vitor-azevedo\/\"}]}<\/script>\n<!-- \/ Yoast SEO plugin. -->","yoast_head_json":{"title":"Acionistas da Hapvida (HAPV3) e da NotreDame (GNDI3) aprovam fus\u00e3o","description":"Acionistas da Hapvida e da NotreDame Interm\u00e9dica aprovaram nesta segunda-feira a fus\u00e3o das empresas. Clique aqui para saber mais.","robots":{"index":"index","follow":"follow","max-snippet":"max-snippet:-1","max-image-preview":"max-image-preview:large","max-video-preview":"max-video-preview:-1"},"canonical":"https:\/\/www.suno.com.br\/noticias\/acionistas-hapvida-hapv3-notredame-gndi3-aprovam-fusao\/","og_locale":"pt_BR","og_type":"article","og_title":"Acionistas da Hapvida (HAPV3) e da NotreDame (GNDI3) aprovam fus\u00e3o","og_description":"Acionistas da Hapvida e da NotreDame Interm\u00e9dica aprovaram nesta segunda-feira a fus\u00e3o das empresas. Clique aqui para saber mais.","og_url":"https:\/\/www.suno.com.br\/noticias\/acionistas-hapvida-hapv3-notredame-gndi3-aprovam-fusao\/","og_site_name":"Suno Not\u00edcias","article_publisher":"https:\/\/facebook.com\/sunoresearch","og_image":[{"width":1024,"height":683,"url":"https:\/\/files.sunoresearch.com.br\/n\/uploads\/2021\/03\/5ce309a9-hapvida.jpeg","type":"image\/jpeg"}],"author":"Vitor Azevedo","twitter_card":"summary_large_image","twitter_creator":"@sunoresearch","twitter_site":"@sunoresearch","twitter_misc":{"Escrito por":"Vitor Azevedo","Est. tempo de leitura":"2 minutos"},"schema":{"@context":"https:\/\/schema.org","@graph":[{"@type":"NewsArticle","@id":"https:\/\/www.suno.com.br\/noticias\/acionistas-hapvida-hapv3-notredame-gndi3-aprovam-fusao\/#article","isPartOf":{"@id":"https:\/\/www.suno.com.br\/noticias\/acionistas-hapvida-hapv3-notredame-gndi3-aprovam-fusao\/"},"author":{"name":"Vitor Azevedo","@id":"https:\/\/www.suno.com.br\/noticias\/#\/schema\/person\/658d5fbc74d81f265f5df3562d0038ab"},"headline":"Acionistas da Hapvida (HAPV3) e da NotreDame (GNDI3) aprovam fus\u00e3o","datePublished":"2021-03-29T15:03:35+00:00","dateModified":"2021-06-02T01:10:18+00:00","mainEntityOfPage":{"@id":"https:\/\/www.suno.com.br\/noticias\/acionistas-hapvida-hapv3-notredame-gndi3-aprovam-fusao\/"},"wordCount":384,"publisher":{"@id":"https:\/\/www.suno.com.br\/noticias\/#organization"},"image":{"@id":"https:\/\/www.suno.com.br\/noticias\/acionistas-hapvida-hapv3-notredame-gndi3-aprovam-fusao\/#primaryimage"},"thumbnailUrl":"https:\/\/files.sunoresearch.com.br\/n\/uploads\/2021\/03\/5ce309a9-hapvida-jpeg.webp","keywords":["fus\u00f5es e aquisi\u00e7\u00f5es","Hapvida (HAPV3)","NotreDame Intermedica (GNDI3)"],"articleSection":["Neg\u00f3cios"],"inLanguage":"pt-BR"},{"@type":"WebPage","@id":"https:\/\/www.suno.com.br\/noticias\/acionistas-hapvida-hapv3-notredame-gndi3-aprovam-fusao\/","url":"https:\/\/www.suno.com.br\/noticias\/acionistas-hapvida-hapv3-notredame-gndi3-aprovam-fusao\/","name":"Acionistas da Hapvida (HAPV3) e da NotreDame (GNDI3) aprovam fus\u00e3o","isPartOf":{"@id":"https:\/\/www.suno.com.br\/noticias\/#website"},"primaryImageOfPage":{"@id":"https:\/\/www.suno.com.br\/noticias\/acionistas-hapvida-hapv3-notredame-gndi3-aprovam-fusao\/#primaryimage"},"image":{"@id":"https:\/\/www.suno.com.br\/noticias\/acionistas-hapvida-hapv3-notredame-gndi3-aprovam-fusao\/#primaryimage"},"thumbnailUrl":"https:\/\/files.sunoresearch.com.br\/n\/uploads\/2021\/03\/5ce309a9-hapvida-jpeg.webp","datePublished":"2021-03-29T15:03:35+00:00","dateModified":"2021-06-02T01:10:18+00:00","description":"Acionistas da Hapvida e da NotreDame Interm\u00e9dica aprovaram nesta segunda-feira a fus\u00e3o das empresas. Clique aqui para saber mais.","breadcrumb":{"@id":"https:\/\/www.suno.com.br\/noticias\/acionistas-hapvida-hapv3-notredame-gndi3-aprovam-fusao\/#breadcrumb"},"inLanguage":"pt-BR","potentialAction":[{"@type":"ReadAction","target":["https:\/\/www.suno.com.br\/noticias\/acionistas-hapvida-hapv3-notredame-gndi3-aprovam-fusao\/"]}]},{"@type":"ImageObject","inLanguage":"pt-BR","@id":"https:\/\/www.suno.com.br\/noticias\/acionistas-hapvida-hapv3-notredame-gndi3-aprovam-fusao\/#primaryimage","url":"https:\/\/files.sunoresearch.com.br\/n\/uploads\/2021\/03\/5ce309a9-hapvida-jpeg.webp","contentUrl":"https:\/\/files.sunoresearch.com.br\/n\/uploads\/2021\/03\/5ce309a9-hapvida-jpeg.webp","width":1024,"height":683,"caption":"Fus\u00e3o da Hapvida com a NotreDame \u00e9 aprovada por acionistas"},{"@type":"BreadcrumbList","@id":"https:\/\/www.suno.com.br\/noticias\/acionistas-hapvida-hapv3-notredame-gndi3-aprovam-fusao\/#breadcrumb","itemListElement":[{"@type":"ListItem","position":1,"name":"Not\u00edcias","item":"https:\/\/www.suno.com.br\/noticias\/"},{"@type":"ListItem","position":2,"name":"Neg\u00f3cios","item":"https:\/\/www.suno.com.br\/noticias\/negocios\/"},{"@type":"ListItem","position":3,"name":"Acionistas da Hapvida (HAPV3) e da NotreDame (GNDI3) aprovam fus\u00e3o"}]},{"@type":"WebSite","@id":"https:\/\/www.suno.com.br\/noticias\/#website","url":"https:\/\/www.suno.com.br\/noticias\/","name":"Suno Not\u00edcias","description":"Seu portal de informa\u00e7\u00e3o sobre o mundo dos investimentos","publisher":{"@id":"https:\/\/www.suno.com.br\/noticias\/#organization"},"potentialAction":[{"@type":"SearchAction","target":{"@type":"EntryPoint","urlTemplate":"https:\/\/www.suno.com.br\/noticias\/?s={search_term_string}"},"query-input":{"@type":"PropertyValueSpecification","valueRequired":true,"valueName":"search_term_string"}}],"inLanguage":"pt-BR"},{"@type":"Organization","@id":"https:\/\/www.suno.com.br\/noticias\/#organization","name":"Suno Not\u00edcias","url":"https:\/\/www.suno.com.br\/noticias\/","logo":{"@type":"ImageObject","inLanguage":"pt-BR","@id":"https:\/\/www.suno.com.br\/noticias\/#\/schema\/logo\/image\/","url":"https:\/\/files.sunoresearch.com.br\/n\/uploads\/2021\/09\/suno-logo.png","contentUrl":"https:\/\/files.sunoresearch.com.br\/n\/uploads\/2021\/09\/suno-logo.png","width":180,"height":180,"caption":"Suno Not\u00edcias"},"image":{"@id":"https:\/\/www.suno.com.br\/noticias\/#\/schema\/logo\/image\/"},"sameAs":["https:\/\/facebook.com\/sunoresearch","https:\/\/x.com\/sunoresearch","https:\/\/www.instagram.com\/suno","https:\/\/www.linkedin.com\/company\/suno-research\/","https:\/\/www.youtube.com\/c\/sunoresearch"]},{"@type":"Person","@id":"https:\/\/www.suno.com.br\/noticias\/#\/schema\/person\/658d5fbc74d81f265f5df3562d0038ab","name":"Vitor Azevedo","image":{"@type":"ImageObject","inLanguage":"pt-BR","@id":"https:\/\/www.suno.com.br\/noticias\/#\/schema\/person\/image\/","url":"https:\/\/secure.gravatar.com\/avatar\/62b86195291b446fe380824eb28b99a5?s=96&r=g","contentUrl":"https:\/\/secure.gravatar.com\/avatar\/62b86195291b446fe380824eb28b99a5?s=96&r=g","caption":"Vitor Azevedo"},"description":"Formado em jornalismo pela Unesp, escreve sobre economia e neg\u00f3cios para a Suno Not\u00edcias.","url":"https:\/\/www.suno.com.br\/noticias\/author\/vitor-azevedo\/"}]}},"default_loop_html":"<div class=\"cardsPage__listCard__boxs\"><div class=\"cardsPage__listCard__boxs__img\"><a href=\"https:\/\/www.suno.com.br\/noticias\/acionistas-hapvida-hapv3-notredame-gndi3-aprovam-fusao\/\"><img class=\"mask\" src=\"https:\/\/www.suno.com.br\/noticias\/wp-content\/themes\/suno\/resources\/images\/spotlight\/spotlight1img\/bg-mask.png\" alt=\"Image Mask\"\/><img src=\"https:\/\/files.sunoresearch.com.br\/n\/uploads\/2021\/03\/5ce309a9-hapvida-400x200.webp\" alt=\"Acionistas da Hapvida (HAPV3) e da NotreDame (GNDI3) aprovam fus\u00e3o\"\/><\/a><span class=\"spotlightCategory\"><a href=\"https:\/\/www.suno.com.br\/noticias\/negocios\/\">Neg\u00f3cios<\/a><\/span><\/div><div class=\"cardsPage__listCard__boxs__content\"><a href=\"https:\/\/www.suno.com.br\/noticias\/acionistas-hapvida-hapv3-notredame-gndi3-aprovam-fusao\/\"><h2 class=\"content__title\">Acionistas da Hapvida (HAPV3) e da NotreDame (GNDI3) aprovam fus\u00e3o<\/h2><\/a><div class=\"newsContent__article__meta\"><div class=\"newsContent__article__meta__authorBox\"><a href=\"https:\/\/www.suno.com.br\/noticias\/author\/vitor-azevedo\/\" class=\"authorBox__avatar noMobi\"><img src=\"https:\/\/secure.gravatar.com\/avatar\/62b86195291b446fe380824eb28b99a5?s=96&#038;r=g\" alt=\"Vitor Azevedo\"><\/a><div class=\"authorBox__name\"><span>por\n\t\t\t<a href=\"https:\/\/www.suno.com.br\/noticias\/author\/vitor-azevedo\/\"><span itemprop=\"author\">Vitor Azevedo<\/span><\/a><\/span><time datetime=\"2021-03-29T12:03:35-03:00\" itemprop=\"datePublished\">29\/03\/2021 12:03<\/time><\/div><\/div><\/div><\/div><\/div>","single_layout":"posts","amp_enabled":true,"_links":{"self":[{"href":"https:\/\/www.suno.com.br\/noticias\/wp-json\/wp\/v2\/posts\/135380"}],"collection":[{"href":"https:\/\/www.suno.com.br\/noticias\/wp-json\/wp\/v2\/posts"}],"about":[{"href":"https:\/\/www.suno.com.br\/noticias\/wp-json\/wp\/v2\/types\/post"}],"author":[{"embeddable":true,"href":"https:\/\/www.suno.com.br\/noticias\/wp-json\/wp\/v2\/users\/59"}],"replies":[{"embeddable":true,"href":"https:\/\/www.suno.com.br\/noticias\/wp-json\/wp\/v2\/comments?post=135380"}],"version-history":[{"count":1,"href":"https:\/\/www.suno.com.br\/noticias\/wp-json\/wp\/v2\/posts\/135380\/revisions"}],"predecessor-version":[{"id":135388,"href":"https:\/\/www.suno.com.br\/noticias\/wp-json\/wp\/v2\/posts\/135380\/revisions\/135388"}],"wp:featuredmedia":[{"embeddable":true,"href":"https:\/\/www.suno.com.br\/noticias\/wp-json\/wp\/v2\/media\/127589"}],"wp:attachment":[{"href":"https:\/\/www.suno.com.br\/noticias\/wp-json\/wp\/v2\/media?parent=135380"}],"wp:term":[{"taxonomy":"category","embeddable":true,"href":"https:\/\/www.suno.com.br\/noticias\/wp-json\/wp\/v2\/categories?post=135380"},{"taxonomy":"post_tag","embeddable":true,"href":"https:\/\/www.suno.com.br\/noticias\/wp-json\/wp\/v2\/tags?post=135380"},{"taxonomy":"suno_strategy","embeddable":true,"href":"https:\/\/www.suno.com.br\/noticias\/wp-json\/wp\/v2\/suno_strategy?post=135380"}],"curies":[{"name":"wp","href":"https:\/\/api.w.org\/{rel}","templated":true}]}}