{"id":135272,"date":"2021-03-29T08:07:32","date_gmt":"2021-03-29T11:07:32","guid":{"rendered":"https:\/\/www.suno.com.br\/noticias\/?p=135272"},"modified":"2021-03-29T08:07:32","modified_gmt":"2021-03-29T11:07:32","slug":"cvc-cvcb3-ressarcimento-bonus-acoes","status":"publish","type":"post","link":"https:\/\/www.suno.com.br\/noticias\/cvc-cvcb3-ressarcimento-bonus-acoes\/","title":{"rendered":"CVC (CVCB3) cogita pedir ressarcimento de b\u00f4nus e a\u00e7\u00f5es de ex-diretores"},"content":{"rendered":"<p>Ap\u00f3s os erros cont\u00e1beis da gest\u00e3o passada, a <a href=\"https:\/\/www.suno.com.br\/acoes\/cvcb3\/\"><strong>CVC<\/strong> (CVCB3)<\/a> cogita pedir o ressarcimento de b\u00f4nus e a\u00e7\u00f5es de ex-diretores. A companhia recomendou, na \u00faltima sexta-feira (26), que os acionistas aprovem a arbitragem para a devolu\u00e7\u00e3o dos recursos, em Assembleia Extraordin\u00e1ria que ocorrer\u00e1 no dia 27 de abril.<\/p>\t<div class=\"wrapper-featured-image\">\n\t\t<figure class=\"spotlightImg\">\n\n\t\t\t<picture>\n\t\t\t\t<source media=\"(max-width: 768px)\" srcset=\"https:\/\/files.sunoresearch.com.br\/n\/uploads\/2021\/02\/bd04d1fc-loja-cvc_interior_divulgacao-400x200.webp\">\n\t\t\t\t<img loading=\"lazy\" decoding=\"async\" class=\"newsContent__article__imgCapa lazyloadDisabled \" src=\"https:\/\/files.sunoresearch.com.br\/n\/uploads\/2021\/02\/bd04d1fc-loja-cvc_interior_divulgacao-800x450.webp\" width=\"800\" height=\"450\" alt=\"CVC (CVCB3) cogita pedir ressarcimento de b\u00f4nus e a\u00e7\u00f5es de ex-diretores\" fetchpriority=high \/>\n\t\t\t<\/picture>\n\n\t\t\t<figcaption class=\"wp-caption-text wp-caption-text--show\">CVC (foto: divulga\u00e7\u00e3o)<\/figcaption>\n\t\t<\/figure>\n\t<\/div>\n\n\n\t<p>\n\t\t<a href=\"https:\/\/lp.suno.com.br\/planilha-controle-gastos\/\" target=\"_blank\" data-element=\"shortcode-suno-banner\" title=\"Banner SUNO, clique e saiba mais\">\n\t\t\t<picture>\n\t\t\t\t<source media=\"(max-width: 500px)\" srcset=\"https:\/\/files.sunoresearch.com.br\/n\/uploads\/2023\/03\/400x300-Planilha-controle-de-gastos.png\">\n\t\t\t\t<img class=\"newsContent__article__imgCapa newsContent__article__imgCapa--banner\"\n\t\t\t\t\tsrc=\"https:\/\/files.sunoresearch.com.br\/n\/uploads\/2023\/03\/1420x240-Planilha-controle-de-gastos.png\"\n\t\t\t\t\tdata-promo-id=\"101751\"\t\t\t\t\t\t\t\t\t\twidth='1420' height='240'\t\t\t\t\talt=\"https:\/\/files.sunoresearch.com.br\/n\/uploads\/2023\/03\/1420x240-Planilha-controle-de-gastos.png\"\n\t\t\t\t>\n\t\t\t<\/picture>\n\t\t<\/a>\n\t<\/p>\n\n\n<p>A iniciativa da CVC seria in\u00e9dita no mundo corporativo brasileiro, uma vez que companhias nacionais costumam evitar conflitos desta natureza. Ap\u00f3s a conclus\u00e3o da per\u00edcia acerca da fraude detectada, a operadora de turismo mira quatro ex-executivos &#8212; entre eles o ex-CEO e ex-presidente do Conselho, <strong>Eduardo Falco<\/strong>.<\/p>\n<p>Em nota aos investidores, o presidente da companhia, Leonel Andrade, disse que a decis\u00e3o por seguir adiante com o caso est\u00e1 nas m\u00e3os dos acionistas.<\/p>\n<p>\u201cCabe aos acionistas definirem sobre a proposi\u00e7\u00e3o do Conselho porque, em \u00faltima inst\u00e2ncia, s\u00e3o os donos da companhia que teriam sido afetados. N\u00e3o tenho avalia\u00e7\u00e3o sobre o assunto porque cheguei ap\u00f3s os fatos e n\u00e3o participei da investiga\u00e7\u00e3o, meu olhar \u00e9 para a gest\u00e3o da empresa.&#8221;<\/p>\n<p><a href=\"https:\/\/lp.suno.com.br\/suno-one\/\">Suno One: acesse gratuitamente eBooks, Minicursos, Artigos e V\u00eddeo Aulas sobre investimentos com um \u00fanico cadastro. Clique para saber mais!<\/a><\/p>\n<p>Segundo o jornal <em>Valor Econ\u00f4mico<\/em>, o entendimento de partes relacionadas ao caso \u00e9 de que n\u00e3o foi poss\u00edvel encontrar prova de dolo na conduta dos executivos, mas que inquestionavelmente os erros cont\u00e1beis acabaram por melhorar artificialmente os n\u00fameros da companhia &#8212; elevando os b\u00f4nus dos executivos.<\/p>\n<h2>CVC estima valores e quer seguir seus neg\u00f3cios<\/h2>\n<p>Iniciada em fevereiro de 2020, a investiga\u00e7\u00e3o externa das contas da CVC acabaram por encontrar <strong>erros cont\u00e1beis<\/strong> que somaram R$ 362 milh\u00f5es, impactando na maior parte a receita da empresa. O lucro teve um efeito de R$ 44 milh\u00f5es.<\/p>\n\t<div data-element=\"shortcode-read-more\" class=\"knowMore\">\n\t\t\t\t<span class=\"knowMore__title\">Saiba mais<\/span>\n\t\t\t\t<a class=\"knowMore__link\" href=\"https:\/\/www.suno.com.br\/noticias\/turismo-volta-acoes-exterior-cvc-cvcb3\/\">\n\t\t\tTurismo est\u00e1 de volta? A\u00e7\u00f5es no exterior sobem, j\u00e1 a CVC (CVCB3)...\t\t<\/a>\n\t<\/div>\n\n\n<p>Caso a Assembleia delibere para dar continuidade \u00e0 arbitragem, o pedido de ressarcimento deve come\u00e7ar em R$ 67 milh\u00f5es. O montante foi calculado com base nos impostos pagos pela receita inflada, custos com investiga\u00e7\u00f5es, multa por atrasos na divulga\u00e7\u00e3o de resultados e despesas com renegocia\u00e7\u00e3o de d\u00edvidas.<\/p>\n<p>&#8220;A melhor vit\u00f3ria que a companhia pode ter \u00e9 a KPMG dizer que n\u00e3o h\u00e1 mais risco de continuidade, o que a auditoria havia notificado em balan\u00e7os anteriores\u201d, afirmou Andrade, que chegou \u00e0 companhia em abril de 2020. \u201cO patrim\u00f4nio voltou a ser positivo, a companhia est\u00e1 equalizada, em dia com qualquer obriga\u00e7\u00e3o fiscal, regulat\u00f3ria, e com compliance.\u201d<\/p>\n<h2>Revers\u00e3o de preju\u00edzo no quarto trimestre<\/h2>\n<p>No quarto trimestre do ano passado, a CVC obteve um<strong> <a href=\"https:\/\/www.suno.com.br\/artigos\/lucro-liquido\/\">lucro l\u00edquido<\/a><\/strong> de R$ 392,5 milh\u00f5es, revertendo o preju\u00edzo de R$ 95,8 milh\u00f5es registrado no mesmo per\u00edodo do ano anterior. Por outro lado, no acumulado do ano, a empresa de turismo registrou um preju\u00edzo de R$ 1,2 bilh\u00e3o, contra um preju\u00edzo de R$ 1,9 milh\u00e3o registrado em 2019.<\/p>\n\t<p>\n\t\t<a href=\"https:\/\/lp.suno.com.br\/planilha-da-vida-financeira\/\" target=\"_blank\" data-element=\"shortcode-suno-banner\" title=\"Banner SUNO, clique e saiba mais\">\n\t\t\t<picture>\n\t\t\t\t<source media=\"(max-width: 500px)\" srcset=\"https:\/\/files.sunoresearch.com.br\/n\/uploads\/2023\/04\/400x300-Planilha-vida-financeira-true.png\">\n\t\t\t\t<img class=\"newsContent__article__imgCapa newsContent__article__imgCapa--banner\"\n\t\t\t\t\tsrc=\"https:\/\/files.sunoresearch.com.br\/n\/uploads\/2023\/04\/1420x240-Planilha-vida-financeira-true.png\"\n\t\t\t\t\tdata-promo-id=\"106682\"\t\t\t\t\t\t\t\t\t\twidth='1420' height='240'\t\t\t\t\talt=\"https:\/\/files.sunoresearch.com.br\/n\/uploads\/2023\/04\/1420x240-Planilha-vida-financeira-true.png\"\n\t\t\t\t>\n\t\t\t<\/picture>\n\t\t<\/a>\n\t<\/p>\n\n\n<p>A <strong>gera\u00e7\u00e3o de caixa <\/strong>operacional ao longo de 2020 atingiu R$ 848,6 milh\u00f5es, em compara\u00e7\u00e3o a uma gera\u00e7\u00e3o de caixa de R$ 260,7 milh\u00f5es de 2019.<\/p>\n<p>O resultado foi obtido, segundo a companhia, &#8220;gra\u00e7as a posterga\u00e7\u00e3o dos embarques j\u00e1 contratados e volume reduzido de novas vendas, aliadas a um fluxo de recebimento com menor risco de cr\u00e9dito para a companhia e medidas de conten\u00e7\u00e3o de gastos como resposta \u00e0 crise&#8221;.<\/p>\n<p>A <strong>CVC<\/strong> salientou em seu relat\u00f3rio de resultados que &#8220;o ano de 2020 foi o mais desafiador da hist\u00f3ria da Companhia e do mercado de turismo por conta da pandemia. Estamos implementando diversas a\u00e7\u00f5es para mantermos o protagonismo na retomada do mercado de turismo, al\u00e9m de preparar as bases para o crescimento futuro da companhia&#8221;.<\/p>\n\t<p>\n\t\t<a href=\"https:\/\/lp.suno.com.br\/planilha-de-controle-de-investimentos\/\" target=\"_blank\" data-element=\"shortcode-suno-banner\" title=\"Banner SUNO, clique e saiba mais\">\n\t\t\t<picture>\n\t\t\t\t<source media=\"(max-width: 500px)\" srcset=\"https:\/\/files.sunoresearch.com.br\/n\/uploads\/2023\/03\/400x300-Controle-de-Investimentos.png\">\n\t\t\t\t<img class=\"newsContent__article__imgCapa newsContent__article__imgCapa--banner\"\n\t\t\t\t\tsrc=\"https:\/\/files.sunoresearch.com.br\/n\/uploads\/2023\/03\/1420x240-Controle-de-Investimentos.png\"\n\t\t\t\t\tdata-promo-id=\"75934\"\t\t\t\t\t\t\t\t\t\twidth='1420' height='240'\t\t\t\t\talt=\"https:\/\/files.sunoresearch.com.br\/n\/uploads\/2023\/03\/1420x240-Controle-de-Investimentos.png\"\n\t\t\t\t>\n\t\t\t<\/picture>\n\t\t<\/a>\n\t<\/p>\n\n\n","protected":false},"excerpt":{"rendered":"<p>Ap\u00f3s os erros cont\u00e1beis da gest\u00e3o passada, a CVC (CVCB3) cogita pedir o ressarcimento de b\u00f4nus e a\u00e7\u00f5es de ex-diretores. A companhia recomendou, na \u00faltima sexta-feira (26), que os acionistas aprovem a arbitragem para a devolu\u00e7\u00e3o dos recursos, em Assembleia Extraordin\u00e1ria que ocorrer\u00e1 no dia 27 de abril. CVC (foto: divulga\u00e7\u00e3o) A iniciativa da CVC [&hellip;]<\/p>\n","protected":false},"author":24,"featured_media":120389,"comment_status":"closed","ping_status":"closed","sticky":false,"template":"","format":"standard","meta":[],"categories":[64],"tags":[286,442],"suno_strategy":[],"class_list":["post-135272","post","type-post","status-publish","format-standard","has-post-thumbnail","hentry","category-negocios","tag-acoes","tag-cvc-cvcb3"],"yoast_head":"<!-- This site is optimized with the Yoast SEO plugin v24.4 - https:\/\/yoast.com\/wordpress\/plugins\/seo\/ -->\n<title>CVC (CVCB3) pede ressarcimento de b\u00f4nus e a\u00e7\u00f5es de ex-diretores<\/title>\n<meta name=\"description\" content=\"Ap\u00f3s os erros cont\u00e1beis da gest\u00e3o passada, a CVC (CVCB3) cogita pedir o ressarcimento de b\u00f4nus e a\u00e7\u00f5es de ex-diretores. Saiba mais.\" \/>\n<meta name=\"robots\" content=\"index, follow, max-snippet:-1, max-image-preview:large, max-video-preview:-1\" \/>\n<link rel=\"canonical\" href=\"https:\/\/www.suno.com.br\/noticias\/cvc-cvcb3-ressarcimento-bonus-acoes\/\" \/>\n<meta property=\"og:locale\" content=\"pt_BR\" \/>\n<meta property=\"og:type\" content=\"article\" \/>\n<meta property=\"og:title\" content=\"CVC (CVCB3) pede ressarcimento de b\u00f4nus e a\u00e7\u00f5es de ex-diretores\" \/>\n<meta property=\"og:description\" content=\"Ap\u00f3s os erros cont\u00e1beis da gest\u00e3o passada, a CVC (CVCB3) cogita pedir o ressarcimento de b\u00f4nus e a\u00e7\u00f5es de ex-diretores. Saiba mais.\" \/>\n<meta property=\"og:url\" content=\"https:\/\/www.suno.com.br\/noticias\/cvc-cvcb3-ressarcimento-bonus-acoes\/\" \/>\n<meta property=\"og:site_name\" content=\"Suno Not\u00edcias\" \/>\n<meta property=\"article:publisher\" content=\"https:\/\/facebook.com\/sunoresearch\" \/>\n<meta property=\"og:image\" content=\"https:\/\/files.sunoresearch.com.br\/n\/uploads\/2021\/02\/bd04d1fc-loja-cvc_interior_divulgacao.jpg\" \/>\n\t<meta property=\"og:image:width\" content=\"1280\" \/>\n\t<meta property=\"og:image:height\" content=\"853\" \/>\n\t<meta property=\"og:image:type\" content=\"image\/jpeg\" \/>\n<meta name=\"author\" content=\"Jader Lazarini\" \/>\n<meta name=\"twitter:card\" content=\"summary_large_image\" \/>\n<meta name=\"twitter:creator\" content=\"@sunoresearch\" \/>\n<meta name=\"twitter:site\" content=\"@sunoresearch\" \/>\n<meta name=\"twitter:label1\" content=\"Escrito por\" \/>\n\t<meta name=\"twitter:data1\" content=\"Jader Lazarini\" \/>\n\t<meta name=\"twitter:label2\" content=\"Est. tempo de leitura\" \/>\n\t<meta name=\"twitter:data2\" content=\"3 minutos\" \/>\n<script type=\"application\/ld+json\" class=\"yoast-schema-graph\">{\"@context\":\"https:\/\/schema.org\",\"@graph\":[{\"@type\":\"NewsArticle\",\"@id\":\"https:\/\/www.suno.com.br\/noticias\/cvc-cvcb3-ressarcimento-bonus-acoes\/#article\",\"isPartOf\":{\"@id\":\"https:\/\/www.suno.com.br\/noticias\/cvc-cvcb3-ressarcimento-bonus-acoes\/\"},\"author\":{\"name\":\"Jader Lazarini\",\"@id\":\"https:\/\/www.suno.com.br\/noticias\/#\/schema\/person\/918d79de1f0281f01599b93f9ea6e23f\"},\"headline\":\"CVC (CVCB3) cogita pedir ressarcimento de b\u00f4nus e a\u00e7\u00f5es de ex-diretores\",\"datePublished\":\"2021-03-29T11:07:32+00:00\",\"mainEntityOfPage\":{\"@id\":\"https:\/\/www.suno.com.br\/noticias\/cvc-cvcb3-ressarcimento-bonus-acoes\/\"},\"wordCount\":649,\"publisher\":{\"@id\":\"https:\/\/www.suno.com.br\/noticias\/#organization\"},\"image\":{\"@id\":\"https:\/\/www.suno.com.br\/noticias\/cvc-cvcb3-ressarcimento-bonus-acoes\/#primaryimage\"},\"thumbnailUrl\":\"https:\/\/files.sunoresearch.com.br\/n\/uploads\/2021\/02\/bd04d1fc-loja-cvc_interior_divulgacao-jpg.webp\",\"keywords\":[\"A\u00e7\u00f5es\",\"CVC (CVCB3)\"],\"articleSection\":[\"Neg\u00f3cios\"],\"inLanguage\":\"pt-BR\"},{\"@type\":\"WebPage\",\"@id\":\"https:\/\/www.suno.com.br\/noticias\/cvc-cvcb3-ressarcimento-bonus-acoes\/\",\"url\":\"https:\/\/www.suno.com.br\/noticias\/cvc-cvcb3-ressarcimento-bonus-acoes\/\",\"name\":\"CVC (CVCB3) pede ressarcimento de b\u00f4nus e a\u00e7\u00f5es de ex-diretores\",\"isPartOf\":{\"@id\":\"https:\/\/www.suno.com.br\/noticias\/#website\"},\"primaryImageOfPage\":{\"@id\":\"https:\/\/www.suno.com.br\/noticias\/cvc-cvcb3-ressarcimento-bonus-acoes\/#primaryimage\"},\"image\":{\"@id\":\"https:\/\/www.suno.com.br\/noticias\/cvc-cvcb3-ressarcimento-bonus-acoes\/#primaryimage\"},\"thumbnailUrl\":\"https:\/\/files.sunoresearch.com.br\/n\/uploads\/2021\/02\/bd04d1fc-loja-cvc_interior_divulgacao-jpg.webp\",\"datePublished\":\"2021-03-29T11:07:32+00:00\",\"description\":\"Ap\u00f3s os erros cont\u00e1beis da gest\u00e3o passada, a CVC (CVCB3) cogita pedir o ressarcimento de b\u00f4nus e a\u00e7\u00f5es de ex-diretores. Saiba mais.\",\"breadcrumb\":{\"@id\":\"https:\/\/www.suno.com.br\/noticias\/cvc-cvcb3-ressarcimento-bonus-acoes\/#breadcrumb\"},\"inLanguage\":\"pt-BR\",\"potentialAction\":[{\"@type\":\"ReadAction\",\"target\":[\"https:\/\/www.suno.com.br\/noticias\/cvc-cvcb3-ressarcimento-bonus-acoes\/\"]}]},{\"@type\":\"ImageObject\",\"inLanguage\":\"pt-BR\",\"@id\":\"https:\/\/www.suno.com.br\/noticias\/cvc-cvcb3-ressarcimento-bonus-acoes\/#primaryimage\",\"url\":\"https:\/\/files.sunoresearch.com.br\/n\/uploads\/2021\/02\/bd04d1fc-loja-cvc_interior_divulgacao-jpg.webp\",\"contentUrl\":\"https:\/\/files.sunoresearch.com.br\/n\/uploads\/2021\/02\/bd04d1fc-loja-cvc_interior_divulgacao-jpg.webp\",\"width\":1280,\"height\":853,\"caption\":\"CVC (foto: divulga\u00e7\u00e3o)\"},{\"@type\":\"BreadcrumbList\",\"@id\":\"https:\/\/www.suno.com.br\/noticias\/cvc-cvcb3-ressarcimento-bonus-acoes\/#breadcrumb\",\"itemListElement\":[{\"@type\":\"ListItem\",\"position\":1,\"name\":\"Not\u00edcias\",\"item\":\"https:\/\/www.suno.com.br\/noticias\/\"},{\"@type\":\"ListItem\",\"position\":2,\"name\":\"Neg\u00f3cios\",\"item\":\"https:\/\/www.suno.com.br\/noticias\/negocios\/\"},{\"@type\":\"ListItem\",\"position\":3,\"name\":\"CVC (CVCB3) cogita pedir ressarcimento de b\u00f4nus e a\u00e7\u00f5es de ex-diretores\"}]},{\"@type\":\"WebSite\",\"@id\":\"https:\/\/www.suno.com.br\/noticias\/#website\",\"url\":\"https:\/\/www.suno.com.br\/noticias\/\",\"name\":\"Suno Not\u00edcias\",\"description\":\"Seu portal de informa\u00e7\u00e3o sobre o mundo dos investimentos\",\"publisher\":{\"@id\":\"https:\/\/www.suno.com.br\/noticias\/#organization\"},\"potentialAction\":[{\"@type\":\"SearchAction\",\"target\":{\"@type\":\"EntryPoint\",\"urlTemplate\":\"https:\/\/www.suno.com.br\/noticias\/?s={search_term_string}\"},\"query-input\":{\"@type\":\"PropertyValueSpecification\",\"valueRequired\":true,\"valueName\":\"search_term_string\"}}],\"inLanguage\":\"pt-BR\"},{\"@type\":\"Organization\",\"@id\":\"https:\/\/www.suno.com.br\/noticias\/#organization\",\"name\":\"Suno Not\u00edcias\",\"url\":\"https:\/\/www.suno.com.br\/noticias\/\",\"logo\":{\"@type\":\"ImageObject\",\"inLanguage\":\"pt-BR\",\"@id\":\"https:\/\/www.suno.com.br\/noticias\/#\/schema\/logo\/image\/\",\"url\":\"https:\/\/files.sunoresearch.com.br\/n\/uploads\/2021\/09\/suno-logo.png\",\"contentUrl\":\"https:\/\/files.sunoresearch.com.br\/n\/uploads\/2021\/09\/suno-logo.png\",\"width\":180,\"height\":180,\"caption\":\"Suno Not\u00edcias\"},\"image\":{\"@id\":\"https:\/\/www.suno.com.br\/noticias\/#\/schema\/logo\/image\/\"},\"sameAs\":[\"https:\/\/facebook.com\/sunoresearch\",\"https:\/\/x.com\/sunoresearch\",\"https:\/\/www.instagram.com\/suno\",\"https:\/\/www.linkedin.com\/company\/suno-research\/\",\"https:\/\/www.youtube.com\/c\/sunoresearch\"]},{\"@type\":\"Person\",\"@id\":\"https:\/\/www.suno.com.br\/noticias\/#\/schema\/person\/918d79de1f0281f01599b93f9ea6e23f\",\"name\":\"Jader Lazarini\",\"image\":{\"@type\":\"ImageObject\",\"inLanguage\":\"pt-BR\",\"@id\":\"https:\/\/www.suno.com.br\/noticias\/#\/schema\/person\/image\/\",\"url\":\"https:\/\/secure.gravatar.com\/avatar\/3c1ad8caa51589841baeb923fcddea97?s=96&r=g\",\"contentUrl\":\"https:\/\/secure.gravatar.com\/avatar\/3c1ad8caa51589841baeb923fcddea97?s=96&r=g\",\"caption\":\"Jader Lazarini\"},\"description\":\"Jader Lazarini escreve sobre investimentos, finan\u00e7as, economia e neg\u00f3cios. \u00c9 bacharel em Rela\u00e7\u00f5es Internacionais e analista CNPI (2619).\",\"url\":\"https:\/\/www.suno.com.br\/noticias\/author\/jader-lazarini\/\"}]}<\/script>\n<!-- \/ Yoast SEO plugin. -->","yoast_head_json":{"title":"CVC (CVCB3) pede ressarcimento de b\u00f4nus e a\u00e7\u00f5es de ex-diretores","description":"Ap\u00f3s os erros cont\u00e1beis da gest\u00e3o passada, a CVC (CVCB3) cogita pedir o ressarcimento de b\u00f4nus e a\u00e7\u00f5es de ex-diretores. Saiba mais.","robots":{"index":"index","follow":"follow","max-snippet":"max-snippet:-1","max-image-preview":"max-image-preview:large","max-video-preview":"max-video-preview:-1"},"canonical":"https:\/\/www.suno.com.br\/noticias\/cvc-cvcb3-ressarcimento-bonus-acoes\/","og_locale":"pt_BR","og_type":"article","og_title":"CVC (CVCB3) pede ressarcimento de b\u00f4nus e a\u00e7\u00f5es de ex-diretores","og_description":"Ap\u00f3s os erros cont\u00e1beis da gest\u00e3o passada, a CVC (CVCB3) cogita pedir o ressarcimento de b\u00f4nus e a\u00e7\u00f5es de ex-diretores. Saiba mais.","og_url":"https:\/\/www.suno.com.br\/noticias\/cvc-cvcb3-ressarcimento-bonus-acoes\/","og_site_name":"Suno Not\u00edcias","article_publisher":"https:\/\/facebook.com\/sunoresearch","og_image":[{"width":1280,"height":853,"url":"https:\/\/files.sunoresearch.com.br\/n\/uploads\/2021\/02\/bd04d1fc-loja-cvc_interior_divulgacao.jpg","type":"image\/jpeg"}],"author":"Jader Lazarini","twitter_card":"summary_large_image","twitter_creator":"@sunoresearch","twitter_site":"@sunoresearch","twitter_misc":{"Escrito por":"Jader Lazarini","Est. tempo de leitura":"3 minutos"},"schema":{"@context":"https:\/\/schema.org","@graph":[{"@type":"NewsArticle","@id":"https:\/\/www.suno.com.br\/noticias\/cvc-cvcb3-ressarcimento-bonus-acoes\/#article","isPartOf":{"@id":"https:\/\/www.suno.com.br\/noticias\/cvc-cvcb3-ressarcimento-bonus-acoes\/"},"author":{"name":"Jader Lazarini","@id":"https:\/\/www.suno.com.br\/noticias\/#\/schema\/person\/918d79de1f0281f01599b93f9ea6e23f"},"headline":"CVC (CVCB3) cogita pedir ressarcimento de b\u00f4nus e a\u00e7\u00f5es de ex-diretores","datePublished":"2021-03-29T11:07:32+00:00","mainEntityOfPage":{"@id":"https:\/\/www.suno.com.br\/noticias\/cvc-cvcb3-ressarcimento-bonus-acoes\/"},"wordCount":649,"publisher":{"@id":"https:\/\/www.suno.com.br\/noticias\/#organization"},"image":{"@id":"https:\/\/www.suno.com.br\/noticias\/cvc-cvcb3-ressarcimento-bonus-acoes\/#primaryimage"},"thumbnailUrl":"https:\/\/files.sunoresearch.com.br\/n\/uploads\/2021\/02\/bd04d1fc-loja-cvc_interior_divulgacao-jpg.webp","keywords":["A\u00e7\u00f5es","CVC (CVCB3)"],"articleSection":["Neg\u00f3cios"],"inLanguage":"pt-BR"},{"@type":"WebPage","@id":"https:\/\/www.suno.com.br\/noticias\/cvc-cvcb3-ressarcimento-bonus-acoes\/","url":"https:\/\/www.suno.com.br\/noticias\/cvc-cvcb3-ressarcimento-bonus-acoes\/","name":"CVC (CVCB3) pede ressarcimento de b\u00f4nus e a\u00e7\u00f5es de ex-diretores","isPartOf":{"@id":"https:\/\/www.suno.com.br\/noticias\/#website"},"primaryImageOfPage":{"@id":"https:\/\/www.suno.com.br\/noticias\/cvc-cvcb3-ressarcimento-bonus-acoes\/#primaryimage"},"image":{"@id":"https:\/\/www.suno.com.br\/noticias\/cvc-cvcb3-ressarcimento-bonus-acoes\/#primaryimage"},"thumbnailUrl":"https:\/\/files.sunoresearch.com.br\/n\/uploads\/2021\/02\/bd04d1fc-loja-cvc_interior_divulgacao-jpg.webp","datePublished":"2021-03-29T11:07:32+00:00","description":"Ap\u00f3s os erros cont\u00e1beis da gest\u00e3o passada, a CVC (CVCB3) cogita pedir o ressarcimento de b\u00f4nus e a\u00e7\u00f5es de ex-diretores. Saiba mais.","breadcrumb":{"@id":"https:\/\/www.suno.com.br\/noticias\/cvc-cvcb3-ressarcimento-bonus-acoes\/#breadcrumb"},"inLanguage":"pt-BR","potentialAction":[{"@type":"ReadAction","target":["https:\/\/www.suno.com.br\/noticias\/cvc-cvcb3-ressarcimento-bonus-acoes\/"]}]},{"@type":"ImageObject","inLanguage":"pt-BR","@id":"https:\/\/www.suno.com.br\/noticias\/cvc-cvcb3-ressarcimento-bonus-acoes\/#primaryimage","url":"https:\/\/files.sunoresearch.com.br\/n\/uploads\/2021\/02\/bd04d1fc-loja-cvc_interior_divulgacao-jpg.webp","contentUrl":"https:\/\/files.sunoresearch.com.br\/n\/uploads\/2021\/02\/bd04d1fc-loja-cvc_interior_divulgacao-jpg.webp","width":1280,"height":853,"caption":"CVC (foto: divulga\u00e7\u00e3o)"},{"@type":"BreadcrumbList","@id":"https:\/\/www.suno.com.br\/noticias\/cvc-cvcb3-ressarcimento-bonus-acoes\/#breadcrumb","itemListElement":[{"@type":"ListItem","position":1,"name":"Not\u00edcias","item":"https:\/\/www.suno.com.br\/noticias\/"},{"@type":"ListItem","position":2,"name":"Neg\u00f3cios","item":"https:\/\/www.suno.com.br\/noticias\/negocios\/"},{"@type":"ListItem","position":3,"name":"CVC (CVCB3) cogita pedir ressarcimento de b\u00f4nus e a\u00e7\u00f5es de ex-diretores"}]},{"@type":"WebSite","@id":"https:\/\/www.suno.com.br\/noticias\/#website","url":"https:\/\/www.suno.com.br\/noticias\/","name":"Suno Not\u00edcias","description":"Seu portal de informa\u00e7\u00e3o sobre o mundo dos investimentos","publisher":{"@id":"https:\/\/www.suno.com.br\/noticias\/#organization"},"potentialAction":[{"@type":"SearchAction","target":{"@type":"EntryPoint","urlTemplate":"https:\/\/www.suno.com.br\/noticias\/?s={search_term_string}"},"query-input":{"@type":"PropertyValueSpecification","valueRequired":true,"valueName":"search_term_string"}}],"inLanguage":"pt-BR"},{"@type":"Organization","@id":"https:\/\/www.suno.com.br\/noticias\/#organization","name":"Suno Not\u00edcias","url":"https:\/\/www.suno.com.br\/noticias\/","logo":{"@type":"ImageObject","inLanguage":"pt-BR","@id":"https:\/\/www.suno.com.br\/noticias\/#\/schema\/logo\/image\/","url":"https:\/\/files.sunoresearch.com.br\/n\/uploads\/2021\/09\/suno-logo.png","contentUrl":"https:\/\/files.sunoresearch.com.br\/n\/uploads\/2021\/09\/suno-logo.png","width":180,"height":180,"caption":"Suno Not\u00edcias"},"image":{"@id":"https:\/\/www.suno.com.br\/noticias\/#\/schema\/logo\/image\/"},"sameAs":["https:\/\/facebook.com\/sunoresearch","https:\/\/x.com\/sunoresearch","https:\/\/www.instagram.com\/suno","https:\/\/www.linkedin.com\/company\/suno-research\/","https:\/\/www.youtube.com\/c\/sunoresearch"]},{"@type":"Person","@id":"https:\/\/www.suno.com.br\/noticias\/#\/schema\/person\/918d79de1f0281f01599b93f9ea6e23f","name":"Jader Lazarini","image":{"@type":"ImageObject","inLanguage":"pt-BR","@id":"https:\/\/www.suno.com.br\/noticias\/#\/schema\/person\/image\/","url":"https:\/\/secure.gravatar.com\/avatar\/3c1ad8caa51589841baeb923fcddea97?s=96&r=g","contentUrl":"https:\/\/secure.gravatar.com\/avatar\/3c1ad8caa51589841baeb923fcddea97?s=96&r=g","caption":"Jader Lazarini"},"description":"Jader Lazarini escreve sobre investimentos, finan\u00e7as, economia e neg\u00f3cios. \u00c9 bacharel em Rela\u00e7\u00f5es Internacionais e analista CNPI (2619).","url":"https:\/\/www.suno.com.br\/noticias\/author\/jader-lazarini\/"}]}},"default_loop_html":"<div class=\"cardsPage__listCard__boxs\"><div class=\"cardsPage__listCard__boxs__img\"><a href=\"https:\/\/www.suno.com.br\/noticias\/cvc-cvcb3-ressarcimento-bonus-acoes\/\"><img class=\"mask\" src=\"https:\/\/www.suno.com.br\/noticias\/wp-content\/themes\/suno\/resources\/images\/spotlight\/spotlight1img\/bg-mask.png\" alt=\"Image Mask\"\/><img src=\"https:\/\/files.sunoresearch.com.br\/n\/uploads\/2021\/02\/bd04d1fc-loja-cvc_interior_divulgacao-400x200.webp\" alt=\"CVC (CVCB3) cogita pedir ressarcimento de b\u00f4nus e a\u00e7\u00f5es de ex-diretores\"\/><\/a><span class=\"spotlightCategory\"><a href=\"https:\/\/www.suno.com.br\/noticias\/negocios\/\">Neg\u00f3cios<\/a><\/span><\/div><div class=\"cardsPage__listCard__boxs__content\"><a href=\"https:\/\/www.suno.com.br\/noticias\/cvc-cvcb3-ressarcimento-bonus-acoes\/\"><h2 class=\"content__title\">CVC (CVCB3) cogita pedir ressarcimento de b\u00f4nus e a\u00e7\u00f5es de ex-diretores<\/h2><\/a><div class=\"newsContent__article__meta\"><div class=\"newsContent__article__meta__authorBox\"><a href=\"https:\/\/www.suno.com.br\/noticias\/author\/jader-lazarini\/\" class=\"authorBox__avatar noMobi\"><img src=\"https:\/\/files.sunoresearch.com.br\/n\/uploads\/2021\/01\/178e6598-foto-perfil-2-150x150.jpg\" alt=\"Jader Lazarini\"><\/a><div class=\"authorBox__name\"><span>por\n\t\t\t<a href=\"https:\/\/www.suno.com.br\/noticias\/author\/jader-lazarini\/\"><span itemprop=\"author\">Jader Lazarini<\/span><\/a><\/span><time datetime=\"2021-03-29T08:07:32-03:00\" itemprop=\"datePublished\">29\/03\/2021 08:07<\/time><\/div><\/div><\/div><\/div><\/div>","single_layout":"posts","amp_enabled":true,"_links":{"self":[{"href":"https:\/\/www.suno.com.br\/noticias\/wp-json\/wp\/v2\/posts\/135272"}],"collection":[{"href":"https:\/\/www.suno.com.br\/noticias\/wp-json\/wp\/v2\/posts"}],"about":[{"href":"https:\/\/www.suno.com.br\/noticias\/wp-json\/wp\/v2\/types\/post"}],"author":[{"embeddable":true,"href":"https:\/\/www.suno.com.br\/noticias\/wp-json\/wp\/v2\/users\/24"}],"replies":[{"embeddable":true,"href":"https:\/\/www.suno.com.br\/noticias\/wp-json\/wp\/v2\/comments?post=135272"}],"version-history":[{"count":1,"href":"https:\/\/www.suno.com.br\/noticias\/wp-json\/wp\/v2\/posts\/135272\/revisions"}],"predecessor-version":[{"id":135287,"href":"https:\/\/www.suno.com.br\/noticias\/wp-json\/wp\/v2\/posts\/135272\/revisions\/135287"}],"wp:featuredmedia":[{"embeddable":true,"href":"https:\/\/www.suno.com.br\/noticias\/wp-json\/wp\/v2\/media\/120389"}],"wp:attachment":[{"href":"https:\/\/www.suno.com.br\/noticias\/wp-json\/wp\/v2\/media?parent=135272"}],"wp:term":[{"taxonomy":"category","embeddable":true,"href":"https:\/\/www.suno.com.br\/noticias\/wp-json\/wp\/v2\/categories?post=135272"},{"taxonomy":"post_tag","embeddable":true,"href":"https:\/\/www.suno.com.br\/noticias\/wp-json\/wp\/v2\/tags?post=135272"},{"taxonomy":"suno_strategy","embeddable":true,"href":"https:\/\/www.suno.com.br\/noticias\/wp-json\/wp\/v2\/suno_strategy?post=135272"}],"curies":[{"name":"wp","href":"https:\/\/api.w.org\/{rel}","templated":true}]}}