{"id":135221,"date":"2021-03-27T18:18:46","date_gmt":"2021-03-27T21:18:46","guid":{"rendered":"https:\/\/www.suno.com.br\/noticias\/?p=135221"},"modified":"2021-03-27T20:24:41","modified_gmt":"2021-03-27T23:24:41","slug":"paulo-guedes-covid-coronavac","status":"publish","type":"post","link":"https:\/\/www.suno.com.br\/noticias\/paulo-guedes-covid-coronavac\/","title":{"rendered":"Paulo Guedes \u00e9 vacinado contra covid-19 com Coronavac"},"content":{"rendered":"<p>O ministro da Economia, <a href=\"https:\/\/www.suno.com.br\/tudo-sobre\/paulo-guedes\/\"><strong>Paulo Guedes<\/strong><\/a>, foi vacinado na tarde deste s\u00e1bado (27) em Bras\u00edlia contra o novo coronav\u00edrus (covid-19).<\/p>\t<div class=\"wrapper-featured-image\">\n\t\t<figure class=\"spotlightImg\">\n\n\t\t\t<picture>\n\t\t\t\t<source media=\"(max-width: 768px)\" srcset=\"https:\/\/files.sunoresearch.com.br\/n\/uploads\/2021\/03\/a7a631bc-guedes2-400x200.webp\">\n\t\t\t\t<img loading=\"lazy\" decoding=\"async\" class=\"newsContent__article__imgCapa lazyloadDisabled \" src=\"https:\/\/files.sunoresearch.com.br\/n\/uploads\/2021\/03\/a7a631bc-guedes2-jpg.webp\" width=\"800\" height=\"450\" alt=\"Paulo Guedes \u00e9 vacinado contra covid-19 com Coronavac\" fetchpriority=high \/>\n\t\t\t<\/picture>\n\n\t\t\t<figcaption class=\"wp-caption-text wp-caption-text--show\">O ministro da Economia, Paulo Guedes<\/figcaption>\n\t\t<\/figure>\n\t<\/div>\n\n\n<p><span data-sheets-value=\"{&quot;1&quot;:2,&quot;2&quot;:&quot;&quot;}\" data-sheets-userformat=\"{&quot;2&quot;:6659,&quot;3&quot;:{&quot;1&quot;:0},&quot;4&quot;:[null,2,16777215],&quot;12&quot;:0,&quot;14&quot;:[null,2,0],&quot;15&quot;:&quot;Roboto, RobotoDraft, Helvetica, Arial, sans-serif&quot;}\">\t<p>\n\t\t<a href=\"https:\/\/lp.suno.com.br\/planilha-controle-gastos\/\" target=\"_blank\" data-element=\"shortcode-suno-banner\" title=\"Banner SUNO, clique e saiba mais\">\n\t\t\t<picture>\n\t\t\t\t<source media=\"(max-width: 500px)\" srcset=\"https:\/\/files.sunoresearch.com.br\/n\/uploads\/2023\/03\/400x300-Planilha-controle-de-gastos.png\">\n\t\t\t\t<img class=\"newsContent__article__imgCapa newsContent__article__imgCapa--banner\"\n\t\t\t\t\tsrc=\"https:\/\/files.sunoresearch.com.br\/n\/uploads\/2023\/03\/1420x240-Planilha-controle-de-gastos.png\"\n\t\t\t\t\tdata-promo-id=\"101751\"\t\t\t\t\t\t\t\t\t\twidth='1420' height='240'\t\t\t\t\talt=\"https:\/\/files.sunoresearch.com.br\/n\/uploads\/2023\/03\/1420x240-Planilha-controle-de-gastos.png\"\n\t\t\t\t>\n\t\t\t<\/picture>\n\t\t<\/a>\n\t<\/p>\n\n<\/span><\/p>\n<p>Guedes recebeu uma primeira dose da Coronavac, imunizante produzido no Brasil pelo Instituto Butantan.<\/p>\n<p>O Minist\u00e9rio da Economia n\u00e3o informou o compromisso do ministro a toda a imprensa, mas o momento em que Guedes foi imunizado foi transmitido pela emissora <i>CNN Brasil<\/i>.<\/p>\n<p><span data-sheets-value=\"{&quot;1&quot;:2,&quot;2&quot;:&quot;Suno One: acesse gratuitamente eBooks, Minicursos, Artigos e V\u00eddeo Aulas sobre investimentos com um \u00fanico cadastro. Clique para saber mais!&quot;}\" data-sheets-userformat=\"{&quot;2&quot;:1317635,&quot;3&quot;:{&quot;1&quot;:0},&quot;4&quot;:[null,2,16777215],&quot;11&quot;:4,&quot;12&quot;:0,&quot;14&quot;:[null,2,1136076],&quot;15&quot;:&quot;Roboto, RobotoDraft, Helvetica, Arial, sans-serif&quot;,&quot;21&quot;:1,&quot;23&quot;:1}\" data-sheets-hyperlink=\"https:\/\/lp.suno.com.br\/suno-one\/\"><a class=\"in-cell-link\" href=\"https:\/\/lp.suno.com.br\/suno-one\/\" target=\"_blank\" rel=\"noopener noreferrer\">Suno One: acesse gratuitamente eBooks, Minicursos, Artigos e V\u00eddeo Aulas sobre investimentos com um \u00fanico cadastro. Clique para saber mais!<\/a><\/span><\/p>\n<p>\u201c\u00c9 aquela ideia, n\u00f3s temos que vacinar todos os brasileiros. N\u00f3s temos o aux\u00edlio emergencial para proteger, e temos esses quatro meses em que o aux\u00edlio est\u00e1 funcionando para vacinarmos principalmente os invis\u00edveis, os que precisam ganhar o p\u00e3o de cada dia\u201d, afirmou Guedes.<\/p>\n<p>\u201cTodo mundo acha que \u00e9 bom, n\u00e9? Vamos vacinar\u201d, disse\u00a0Guedes.<\/p>\n<p>Perguntado sobre outros temas, como o Or\u00e7amento rec\u00e9m-aprovado pelo Congresso, mas o ministro disse que &#8220;hoje \u00e9 vacina&#8221;.<\/p>\n<p><span data-sheets-value=\"{&quot;1&quot;:2,&quot;2&quot;:&quot;&quot;}\" data-sheets-userformat=\"{&quot;2&quot;:6723,&quot;3&quot;:{&quot;1&quot;:0},&quot;4&quot;:[null,2,16777215],&quot;9&quot;:0,&quot;12&quot;:0,&quot;14&quot;:[null,2,0],&quot;15&quot;:&quot;Arial&quot;}\">\t<p>\n\t\t<a href=\"https:\/\/lp.suno.com.br\/planilha-da-vida-financeira\/\" target=\"_blank\" data-element=\"shortcode-suno-banner\" title=\"Banner SUNO, clique e saiba mais\">\n\t\t\t<picture>\n\t\t\t\t<source media=\"(max-width: 500px)\" srcset=\"https:\/\/files.sunoresearch.com.br\/n\/uploads\/2023\/04\/400x300-Planilha-vida-financeira-true.png\">\n\t\t\t\t<img class=\"newsContent__article__imgCapa newsContent__article__imgCapa--banner\"\n\t\t\t\t\tsrc=\"https:\/\/files.sunoresearch.com.br\/n\/uploads\/2023\/04\/1420x240-Planilha-vida-financeira-true.png\"\n\t\t\t\t\tdata-promo-id=\"106682\"\t\t\t\t\t\t\t\t\t\twidth='1420' height='240'\t\t\t\t\talt=\"https:\/\/files.sunoresearch.com.br\/n\/uploads\/2023\/04\/1420x240-Planilha-vida-financeira-true.png\"\n\t\t\t\t>\n\t\t\t<\/picture>\n\t\t<\/a>\n\t<\/p>\n\n<\/span><\/p>\n<p>&#8220;Vamos vacinar bastante, bastante&#8221;, disse o ministro, que vem defendendo a vacina\u00e7\u00e3o em massa para que haja a retomada da economia.<\/p>\n<p>&#8220;Vacina\u00e7\u00e3o em massa \u00e9 a melhor pol\u00edtica fiscal, mais barata e de maior impacto sobre a oferta&#8221;, disse Guedes no \u00faltimo domingo em evento do Parlat\u00f3rio, organiza\u00e7\u00e3o sem fins lucrativos que conta com a participa\u00e7\u00e3o do empresariado.<\/p>\n<p>O ministro tem 71 anos. Desde ontem, o Distrito Federal est\u00e1 vacinando pessoas acima de 67 anos.<\/p>\n<p>Guedes foi imunizado em um posto de vacina\u00e7\u00e3o no esquema de drive-thru instalado no Est\u00e1dio Nacional de Bras\u00edlia Man\u00e9 Garrincha.<\/p>\n<p>O ministro deve receber a segunda dose do imunizante no dia 24 de abril, segundo avisou a profissional que o atendeu neste s\u00e1bado.<\/p>\n<h2>Guedes diz que governo vai vacinar um milh\u00e3o de pessoas por dia<\/h2>\n<p>Na \u00faltima quinta-feira (25), Guedes tinha declarado que a estimativa \u00e9 elevar o ritmo de imuniza\u00e7\u00e3o nos pr\u00f3ximos 60 dias, at\u00e9 alcan\u00e7ar a marca de 1 milh\u00e3o de doses aplicadas por dia.<\/p>\n\t<div data-element=\"shortcode-read-more\" class=\"knowMore\">\n\t\t\t\t<span class=\"knowMore__title\">Relembre<\/span>\n\t\t\t\t<a class=\"knowMore__link\" href=\"https:\/\/www.suno.com.br\/noticias\/guedes-orcamento-2021-inexequivel\/\">\n\t\t\tPaulo Guedes avisa Bolsonaro que Or\u00e7amento 2021 \u00e9 imposs\u00edvel de ser executado\t\t<\/a>\n\t<\/div>\n\n\n<p>&#8220;N\u00f3s vamos enfrentar essa segunda onda. As estimativas do governo s\u00e3o que nos pr\u00f3ximos 60 dias vamos estar vacinando a quase 1 milh\u00e3o de pessoas por dia&#8221;, disse Guedes.<\/p>\n<p>&#8220;Vacinando um 1 milh\u00e3o de pessoas por dia vamos acabar vacinando em menos de dois meses os mais vulner\u00e1veis&#8221;, destacou.<\/p>\n<p>A meta de elevar a vacina\u00e7\u00e3o da m\u00e9dia atual de 300 mil pessoas para 1 milh\u00e3o de vacinados a cada dia foi citada ontem pelo novo ministro da Sa\u00fade, Marcelo Queiroga.<\/p>\n<p>O m\u00e9dico rec\u00e9m-empossado, contudo, n\u00e3o havia dado previs\u00e3o de quando isso poderia ocorrer. Ontem, o Pa\u00eds aplicou 595.786 doses, segundo dados do Conselho Nacional de Secret\u00e1rios de Sa\u00fade (CONASS).<\/p>\n<p>O ministro ressaltou que a maior parte dos idosos brasileiros, grupo de risco e priorit\u00e1rio na vacina\u00e7\u00e3o, tem acima de 60 anos e, por isso, com a acelera\u00e7\u00e3o da imuniza\u00e7\u00e3o a taxa de mortalidade deve cair bastante. Ele citou que o setor privado pode contribuir ainda mais para dar celeridade ao processo de vacina\u00e7\u00e3o.<\/p>\n\t<div data-element=\"shortcode-read-more\" class=\"knowMore\">\n\t\t\t\t<span class=\"knowMore__title\">Relembre<\/span>\n\t\t\t\t<a class=\"knowMore__link\" href=\"https:\/\/www.suno.com.br\/noticias\/guedes-orcamento-pandemia-coronavirus\/\">\n\t\t\tLevou uma pandemia para aprendermos a controlar or\u00e7amento, diz Guedes\t\t<\/a>\n\t<\/div>\n\n\n<p>Nesta tarde, Guedes anunciou que os empres\u00e1rios Luciano Hang, dono da varejista Havan, e Carlos Wizard, da holding Sforza, doar\u00e3o 10 milh\u00f5es de doses da vacina contra a covid-19 para o Plano Nacional de Imuniza\u00e7\u00e3o (PNI).<\/p>\n<p>&#8220;Essa ajuda que vem do setor privado pode acelerar ainda mais esse processo. Se tivermos 100 empres\u00e1rios, n\u00f3s teremos 500 milh\u00f5es de vacinas, podemos dobrar os 500 milh\u00f5es que o governo j\u00e1 conseguiu porque a coisa agora n\u00e3o \u00e9 quantidade \u00e9 a velocidade de vacina\u00e7\u00e3o&#8221;, observou.<\/p>\n<p>Diante da alta nos n\u00fameros da pandemia da covid-19 do Pa\u00eds, o ministro da Economia buscou tranquilizar a popula\u00e7\u00e3o e garantiu que a segunda onda da crise sanit\u00e1ria ser\u00e1 enfrentada.<\/p>\n<p>Guedes, contudo, disse que medidas de isolamento &#8211; indicadas pela Organiza\u00e7\u00e3o Mundial da Sa\u00fade para diminuir a contamina\u00e7\u00e3o &#8211; n\u00e3o podem &#8220;derrubar&#8221; a atividade econ\u00f4mica mais uma vez.<\/p>\n<p>&#8220;O isolamento \u00e9 uma tentativa de desacelerar o cont\u00e1gio, mas n\u00f3s n\u00e3o podemos derrubar a economia toda de novo. Ent\u00e3o, n\u00f3s temos que acelerar a vacina\u00e7\u00e3o&#8221;, concluiu.<\/p>\n<p>Na fala \u00e0 imprensa, o ministro <strong>Guedes<\/strong> tamb\u00e9m destacou as medidas adotadas para manuten\u00e7\u00e3o de empregos e aux\u00edlio financeiro da popula\u00e7\u00e3o, como o aux\u00edlio emergencial e programas de cr\u00e9dito e preserva\u00e7\u00e3o de empregos.<\/p>\n<p>As informa\u00e7\u00f5es s\u00e3o do jornal O Estado de S. Paulo.<\/p>\n<p><span data-sheets-value=\"{&quot;1&quot;:2,&quot;2&quot;:&quot;&quot;}\" data-sheets-userformat=\"{&quot;2&quot;:513,&quot;3&quot;:{&quot;1&quot;:0},&quot;12&quot;:0}\">\t<p>\n\t\t<a href=\"https:\/\/lp.suno.com.br\/planilha-de-controle-de-investimentos\/\" target=\"_blank\" data-element=\"shortcode-suno-banner\" title=\"Banner SUNO, clique e saiba mais\">\n\t\t\t<picture>\n\t\t\t\t<source media=\"(max-width: 500px)\" srcset=\"https:\/\/files.sunoresearch.com.br\/n\/uploads\/2023\/03\/400x300-Controle-de-Investimentos.png\">\n\t\t\t\t<img class=\"newsContent__article__imgCapa newsContent__article__imgCapa--banner\"\n\t\t\t\t\tsrc=\"https:\/\/files.sunoresearch.com.br\/n\/uploads\/2023\/03\/1420x240-Controle-de-Investimentos.png\"\n\t\t\t\t\tdata-promo-id=\"75934\"\t\t\t\t\t\t\t\t\t\twidth='1420' height='240'\t\t\t\t\talt=\"https:\/\/files.sunoresearch.com.br\/n\/uploads\/2023\/03\/1420x240-Controle-de-Investimentos.png\"\n\t\t\t\t>\n\t\t\t<\/picture>\n\t\t<\/a>\n\t<\/p>\n\n<\/span><\/p>\n","protected":false},"excerpt":{"rendered":"<p>O ministro da Economia, Paulo Guedes, foi vacinado na tarde deste s\u00e1bado (27) em Bras\u00edlia contra o novo coronav\u00edrus (covid-19). O ministro da Economia, Paulo Guedes Guedes recebeu uma primeira dose da Coronavac, imunizante produzido no Brasil pelo Instituto Butantan. O Minist\u00e9rio da Economia n\u00e3o informou o compromisso do ministro a toda a imprensa, mas [&hellip;]<\/p>\n","protected":false},"author":9,"featured_media":129820,"comment_status":"closed","ping_status":"closed","sticky":false,"template":"","format":"standard","meta":[],"categories":[61],"tags":[909,796],"suno_strategy":[],"class_list":["post-135221","post","type-post","status-publish","format-standard","has-post-thumbnail","hentry","category-politica","tag-ministerio-da-economia","tag-paulo-guedes"],"yoast_head":"<!-- This site is optimized with the Yoast SEO plugin v24.4 - https:\/\/yoast.com\/wordpress\/plugins\/seo\/ -->\n<title>Paulo Guedes \u00e9 vacinado contra covid-19 em Bras\u00edlia<\/title>\n<meta name=\"description\" content=\"O ministro da Economia, Paulo Guedes, foi vacinado na tarde deste s\u00e1bado (27) em Bras\u00edlia contra a covid-19. Clique aqui para saber mais.\" \/>\n<meta name=\"robots\" content=\"index, follow, max-snippet:-1, max-image-preview:large, max-video-preview:-1\" \/>\n<link rel=\"canonical\" href=\"https:\/\/www.suno.com.br\/noticias\/paulo-guedes-covid-coronavac\/\" \/>\n<meta property=\"og:locale\" content=\"pt_BR\" \/>\n<meta property=\"og:type\" content=\"article\" \/>\n<meta property=\"og:title\" content=\"Paulo Guedes \u00e9 vacinado contra covid-19 em Bras\u00edlia\" \/>\n<meta property=\"og:description\" content=\"O ministro da Economia, Paulo Guedes, foi vacinado na tarde deste s\u00e1bado (27) em Bras\u00edlia contra a covid-19. Clique aqui para saber mais.\" \/>\n<meta property=\"og:url\" content=\"https:\/\/www.suno.com.br\/noticias\/paulo-guedes-covid-coronavac\/\" \/>\n<meta property=\"og:site_name\" content=\"Suno Not\u00edcias\" \/>\n<meta property=\"article:publisher\" content=\"https:\/\/facebook.com\/sunoresearch\" \/>\n<meta property=\"og:image\" content=\"https:\/\/files.sunoresearch.com.br\/n\/uploads\/2021\/03\/a7a631bc-guedes2.jpg\" \/>\n\t<meta property=\"og:image:width\" content=\"800\" \/>\n\t<meta property=\"og:image:height\" content=\"450\" \/>\n\t<meta property=\"og:image:type\" content=\"image\/jpeg\" \/>\n<meta name=\"author\" content=\"Carlo Cauti\" \/>\n<meta name=\"twitter:card\" content=\"summary_large_image\" \/>\n<meta name=\"twitter:creator\" content=\"@sunoresearch\" \/>\n<meta name=\"twitter:site\" content=\"@sunoresearch\" \/>\n<meta name=\"twitter:label1\" content=\"Escrito por\" \/>\n\t<meta name=\"twitter:data1\" content=\"Carlo Cauti\" \/>\n\t<meta name=\"twitter:label2\" content=\"Est. tempo de leitura\" \/>\n\t<meta name=\"twitter:data2\" content=\"4 minutos\" \/>\n<script type=\"application\/ld+json\" class=\"yoast-schema-graph\">{\"@context\":\"https:\/\/schema.org\",\"@graph\":[{\"@type\":\"NewsArticle\",\"@id\":\"https:\/\/www.suno.com.br\/noticias\/paulo-guedes-covid-coronavac\/#article\",\"isPartOf\":{\"@id\":\"https:\/\/www.suno.com.br\/noticias\/paulo-guedes-covid-coronavac\/\"},\"author\":{\"name\":\"Carlo Cauti\",\"@id\":\"https:\/\/www.suno.com.br\/noticias\/#\/schema\/person\/e6e0f723cc177805027f4566c1d5e0c8\"},\"headline\":\"Paulo Guedes \u00e9 vacinado contra covid-19 com Coronavac\",\"datePublished\":\"2021-03-27T21:18:46+00:00\",\"dateModified\":\"2021-03-27T23:24:41+00:00\",\"mainEntityOfPage\":{\"@id\":\"https:\/\/www.suno.com.br\/noticias\/paulo-guedes-covid-coronavac\/\"},\"wordCount\":776,\"publisher\":{\"@id\":\"https:\/\/www.suno.com.br\/noticias\/#organization\"},\"image\":{\"@id\":\"https:\/\/www.suno.com.br\/noticias\/paulo-guedes-covid-coronavac\/#primaryimage\"},\"thumbnailUrl\":\"https:\/\/files.sunoresearch.com.br\/n\/uploads\/2021\/03\/a7a631bc-guedes2-jpg.webp\",\"keywords\":[\"Minist\u00e9rio da Economia\",\"Paulo Guedes\"],\"articleSection\":[\"Pol\u00edtica\"],\"inLanguage\":\"pt-BR\"},{\"@type\":\"WebPage\",\"@id\":\"https:\/\/www.suno.com.br\/noticias\/paulo-guedes-covid-coronavac\/\",\"url\":\"https:\/\/www.suno.com.br\/noticias\/paulo-guedes-covid-coronavac\/\",\"name\":\"Paulo Guedes \u00e9 vacinado contra covid-19 em Bras\u00edlia\",\"isPartOf\":{\"@id\":\"https:\/\/www.suno.com.br\/noticias\/#website\"},\"primaryImageOfPage\":{\"@id\":\"https:\/\/www.suno.com.br\/noticias\/paulo-guedes-covid-coronavac\/#primaryimage\"},\"image\":{\"@id\":\"https:\/\/www.suno.com.br\/noticias\/paulo-guedes-covid-coronavac\/#primaryimage\"},\"thumbnailUrl\":\"https:\/\/files.sunoresearch.com.br\/n\/uploads\/2021\/03\/a7a631bc-guedes2-jpg.webp\",\"datePublished\":\"2021-03-27T21:18:46+00:00\",\"dateModified\":\"2021-03-27T23:24:41+00:00\",\"description\":\"O ministro da Economia, Paulo Guedes, foi vacinado na tarde deste s\u00e1bado (27) em Bras\u00edlia contra a covid-19. Clique aqui para saber mais.\",\"breadcrumb\":{\"@id\":\"https:\/\/www.suno.com.br\/noticias\/paulo-guedes-covid-coronavac\/#breadcrumb\"},\"inLanguage\":\"pt-BR\",\"potentialAction\":[{\"@type\":\"ReadAction\",\"target\":[\"https:\/\/www.suno.com.br\/noticias\/paulo-guedes-covid-coronavac\/\"]}]},{\"@type\":\"ImageObject\",\"inLanguage\":\"pt-BR\",\"@id\":\"https:\/\/www.suno.com.br\/noticias\/paulo-guedes-covid-coronavac\/#primaryimage\",\"url\":\"https:\/\/files.sunoresearch.com.br\/n\/uploads\/2021\/03\/a7a631bc-guedes2-jpg.webp\",\"contentUrl\":\"https:\/\/files.sunoresearch.com.br\/n\/uploads\/2021\/03\/a7a631bc-guedes2-jpg.webp\",\"width\":800,\"height\":450,\"caption\":\"O ministro da Economia, Paulo Guedes\"},{\"@type\":\"BreadcrumbList\",\"@id\":\"https:\/\/www.suno.com.br\/noticias\/paulo-guedes-covid-coronavac\/#breadcrumb\",\"itemListElement\":[{\"@type\":\"ListItem\",\"position\":1,\"name\":\"Not\u00edcias\",\"item\":\"https:\/\/www.suno.com.br\/noticias\/\"},{\"@type\":\"ListItem\",\"position\":2,\"name\":\"Pol\u00edtica\",\"item\":\"https:\/\/www.suno.com.br\/noticias\/politica\/\"},{\"@type\":\"ListItem\",\"position\":3,\"name\":\"Paulo Guedes \u00e9 vacinado contra covid-19 com Coronavac\"}]},{\"@type\":\"WebSite\",\"@id\":\"https:\/\/www.suno.com.br\/noticias\/#website\",\"url\":\"https:\/\/www.suno.com.br\/noticias\/\",\"name\":\"Suno Not\u00edcias\",\"description\":\"Seu portal de informa\u00e7\u00e3o sobre o mundo dos investimentos\",\"publisher\":{\"@id\":\"https:\/\/www.suno.com.br\/noticias\/#organization\"},\"potentialAction\":[{\"@type\":\"SearchAction\",\"target\":{\"@type\":\"EntryPoint\",\"urlTemplate\":\"https:\/\/www.suno.com.br\/noticias\/?s={search_term_string}\"},\"query-input\":{\"@type\":\"PropertyValueSpecification\",\"valueRequired\":true,\"valueName\":\"search_term_string\"}}],\"inLanguage\":\"pt-BR\"},{\"@type\":\"Organization\",\"@id\":\"https:\/\/www.suno.com.br\/noticias\/#organization\",\"name\":\"Suno Not\u00edcias\",\"url\":\"https:\/\/www.suno.com.br\/noticias\/\",\"logo\":{\"@type\":\"ImageObject\",\"inLanguage\":\"pt-BR\",\"@id\":\"https:\/\/www.suno.com.br\/noticias\/#\/schema\/logo\/image\/\",\"url\":\"https:\/\/files.sunoresearch.com.br\/n\/uploads\/2021\/09\/suno-logo.png\",\"contentUrl\":\"https:\/\/files.sunoresearch.com.br\/n\/uploads\/2021\/09\/suno-logo.png\",\"width\":180,\"height\":180,\"caption\":\"Suno Not\u00edcias\"},\"image\":{\"@id\":\"https:\/\/www.suno.com.br\/noticias\/#\/schema\/logo\/image\/\"},\"sameAs\":[\"https:\/\/facebook.com\/sunoresearch\",\"https:\/\/x.com\/sunoresearch\",\"https:\/\/www.instagram.com\/suno\",\"https:\/\/www.linkedin.com\/company\/suno-research\/\",\"https:\/\/www.youtube.com\/c\/sunoresearch\"]},{\"@type\":\"Person\",\"@id\":\"https:\/\/www.suno.com.br\/noticias\/#\/schema\/person\/e6e0f723cc177805027f4566c1d5e0c8\",\"name\":\"Carlo Cauti\",\"image\":{\"@type\":\"ImageObject\",\"inLanguage\":\"pt-BR\",\"@id\":\"https:\/\/www.suno.com.br\/noticias\/#\/schema\/person\/image\/\",\"url\":\"https:\/\/secure.gravatar.com\/avatar\/3ada9e0bd164c23abd4792a9606d583c?s=96&r=g\",\"contentUrl\":\"https:\/\/secure.gravatar.com\/avatar\/3ada9e0bd164c23abd4792a9606d583c?s=96&r=g\",\"caption\":\"Carlo Cauti\"},\"description\":\"Editor multim\u00eddia do SUNO Not\u00edcias. Italiano, formado em Ci\u00eancias Pol\u00edticas pela universidade LUISS G. Carli de Roma e mestre cum laude em Rela\u00e7\u00f5es Internacionais, Jornalismo Internacional e de Guerra e em Economia Internacional. Concluiu tamb\u00e9m um MBA em Finan\u00e7as na B3. No Brasil, teve passagem por ve\u00edculos como Estad\u00e3o, Globo, Veja e EXAME. e nas ag\u00eancias de not\u00edcias italianas ANSA e NOVA.\",\"url\":\"https:\/\/www.suno.com.br\/noticias\/author\/carlo-cauti\/\"}]}<\/script>\n<!-- \/ Yoast SEO plugin. -->","yoast_head_json":{"title":"Paulo Guedes \u00e9 vacinado contra covid-19 em Bras\u00edlia","description":"O ministro da Economia, Paulo Guedes, foi vacinado na tarde deste s\u00e1bado (27) em Bras\u00edlia contra a covid-19. Clique aqui para saber mais.","robots":{"index":"index","follow":"follow","max-snippet":"max-snippet:-1","max-image-preview":"max-image-preview:large","max-video-preview":"max-video-preview:-1"},"canonical":"https:\/\/www.suno.com.br\/noticias\/paulo-guedes-covid-coronavac\/","og_locale":"pt_BR","og_type":"article","og_title":"Paulo Guedes \u00e9 vacinado contra covid-19 em Bras\u00edlia","og_description":"O ministro da Economia, Paulo Guedes, foi vacinado na tarde deste s\u00e1bado (27) em Bras\u00edlia contra a covid-19. Clique aqui para saber mais.","og_url":"https:\/\/www.suno.com.br\/noticias\/paulo-guedes-covid-coronavac\/","og_site_name":"Suno Not\u00edcias","article_publisher":"https:\/\/facebook.com\/sunoresearch","og_image":[{"width":800,"height":450,"url":"https:\/\/files.sunoresearch.com.br\/n\/uploads\/2021\/03\/a7a631bc-guedes2.jpg","type":"image\/jpeg"}],"author":"Carlo Cauti","twitter_card":"summary_large_image","twitter_creator":"@sunoresearch","twitter_site":"@sunoresearch","twitter_misc":{"Escrito por":"Carlo Cauti","Est. tempo de leitura":"4 minutos"},"schema":{"@context":"https:\/\/schema.org","@graph":[{"@type":"NewsArticle","@id":"https:\/\/www.suno.com.br\/noticias\/paulo-guedes-covid-coronavac\/#article","isPartOf":{"@id":"https:\/\/www.suno.com.br\/noticias\/paulo-guedes-covid-coronavac\/"},"author":{"name":"Carlo Cauti","@id":"https:\/\/www.suno.com.br\/noticias\/#\/schema\/person\/e6e0f723cc177805027f4566c1d5e0c8"},"headline":"Paulo Guedes \u00e9 vacinado contra covid-19 com Coronavac","datePublished":"2021-03-27T21:18:46+00:00","dateModified":"2021-03-27T23:24:41+00:00","mainEntityOfPage":{"@id":"https:\/\/www.suno.com.br\/noticias\/paulo-guedes-covid-coronavac\/"},"wordCount":776,"publisher":{"@id":"https:\/\/www.suno.com.br\/noticias\/#organization"},"image":{"@id":"https:\/\/www.suno.com.br\/noticias\/paulo-guedes-covid-coronavac\/#primaryimage"},"thumbnailUrl":"https:\/\/files.sunoresearch.com.br\/n\/uploads\/2021\/03\/a7a631bc-guedes2-jpg.webp","keywords":["Minist\u00e9rio da Economia","Paulo Guedes"],"articleSection":["Pol\u00edtica"],"inLanguage":"pt-BR"},{"@type":"WebPage","@id":"https:\/\/www.suno.com.br\/noticias\/paulo-guedes-covid-coronavac\/","url":"https:\/\/www.suno.com.br\/noticias\/paulo-guedes-covid-coronavac\/","name":"Paulo Guedes \u00e9 vacinado contra covid-19 em Bras\u00edlia","isPartOf":{"@id":"https:\/\/www.suno.com.br\/noticias\/#website"},"primaryImageOfPage":{"@id":"https:\/\/www.suno.com.br\/noticias\/paulo-guedes-covid-coronavac\/#primaryimage"},"image":{"@id":"https:\/\/www.suno.com.br\/noticias\/paulo-guedes-covid-coronavac\/#primaryimage"},"thumbnailUrl":"https:\/\/files.sunoresearch.com.br\/n\/uploads\/2021\/03\/a7a631bc-guedes2-jpg.webp","datePublished":"2021-03-27T21:18:46+00:00","dateModified":"2021-03-27T23:24:41+00:00","description":"O ministro da Economia, Paulo Guedes, foi vacinado na tarde deste s\u00e1bado (27) em Bras\u00edlia contra a covid-19. Clique aqui para saber mais.","breadcrumb":{"@id":"https:\/\/www.suno.com.br\/noticias\/paulo-guedes-covid-coronavac\/#breadcrumb"},"inLanguage":"pt-BR","potentialAction":[{"@type":"ReadAction","target":["https:\/\/www.suno.com.br\/noticias\/paulo-guedes-covid-coronavac\/"]}]},{"@type":"ImageObject","inLanguage":"pt-BR","@id":"https:\/\/www.suno.com.br\/noticias\/paulo-guedes-covid-coronavac\/#primaryimage","url":"https:\/\/files.sunoresearch.com.br\/n\/uploads\/2021\/03\/a7a631bc-guedes2-jpg.webp","contentUrl":"https:\/\/files.sunoresearch.com.br\/n\/uploads\/2021\/03\/a7a631bc-guedes2-jpg.webp","width":800,"height":450,"caption":"O ministro da Economia, Paulo Guedes"},{"@type":"BreadcrumbList","@id":"https:\/\/www.suno.com.br\/noticias\/paulo-guedes-covid-coronavac\/#breadcrumb","itemListElement":[{"@type":"ListItem","position":1,"name":"Not\u00edcias","item":"https:\/\/www.suno.com.br\/noticias\/"},{"@type":"ListItem","position":2,"name":"Pol\u00edtica","item":"https:\/\/www.suno.com.br\/noticias\/politica\/"},{"@type":"ListItem","position":3,"name":"Paulo Guedes \u00e9 vacinado contra covid-19 com Coronavac"}]},{"@type":"WebSite","@id":"https:\/\/www.suno.com.br\/noticias\/#website","url":"https:\/\/www.suno.com.br\/noticias\/","name":"Suno Not\u00edcias","description":"Seu portal de informa\u00e7\u00e3o sobre o mundo dos investimentos","publisher":{"@id":"https:\/\/www.suno.com.br\/noticias\/#organization"},"potentialAction":[{"@type":"SearchAction","target":{"@type":"EntryPoint","urlTemplate":"https:\/\/www.suno.com.br\/noticias\/?s={search_term_string}"},"query-input":{"@type":"PropertyValueSpecification","valueRequired":true,"valueName":"search_term_string"}}],"inLanguage":"pt-BR"},{"@type":"Organization","@id":"https:\/\/www.suno.com.br\/noticias\/#organization","name":"Suno Not\u00edcias","url":"https:\/\/www.suno.com.br\/noticias\/","logo":{"@type":"ImageObject","inLanguage":"pt-BR","@id":"https:\/\/www.suno.com.br\/noticias\/#\/schema\/logo\/image\/","url":"https:\/\/files.sunoresearch.com.br\/n\/uploads\/2021\/09\/suno-logo.png","contentUrl":"https:\/\/files.sunoresearch.com.br\/n\/uploads\/2021\/09\/suno-logo.png","width":180,"height":180,"caption":"Suno Not\u00edcias"},"image":{"@id":"https:\/\/www.suno.com.br\/noticias\/#\/schema\/logo\/image\/"},"sameAs":["https:\/\/facebook.com\/sunoresearch","https:\/\/x.com\/sunoresearch","https:\/\/www.instagram.com\/suno","https:\/\/www.linkedin.com\/company\/suno-research\/","https:\/\/www.youtube.com\/c\/sunoresearch"]},{"@type":"Person","@id":"https:\/\/www.suno.com.br\/noticias\/#\/schema\/person\/e6e0f723cc177805027f4566c1d5e0c8","name":"Carlo Cauti","image":{"@type":"ImageObject","inLanguage":"pt-BR","@id":"https:\/\/www.suno.com.br\/noticias\/#\/schema\/person\/image\/","url":"https:\/\/secure.gravatar.com\/avatar\/3ada9e0bd164c23abd4792a9606d583c?s=96&r=g","contentUrl":"https:\/\/secure.gravatar.com\/avatar\/3ada9e0bd164c23abd4792a9606d583c?s=96&r=g","caption":"Carlo Cauti"},"description":"Editor multim\u00eddia do SUNO Not\u00edcias. Italiano, formado em Ci\u00eancias Pol\u00edticas pela universidade LUISS G. Carli de Roma e mestre cum laude em Rela\u00e7\u00f5es Internacionais, Jornalismo Internacional e de Guerra e em Economia Internacional. Concluiu tamb\u00e9m um MBA em Finan\u00e7as na B3. No Brasil, teve passagem por ve\u00edculos como Estad\u00e3o, Globo, Veja e EXAME. e nas ag\u00eancias de not\u00edcias italianas ANSA e NOVA.","url":"https:\/\/www.suno.com.br\/noticias\/author\/carlo-cauti\/"}]}},"default_loop_html":"<div class=\"cardsPage__listCard__boxs\"><div class=\"cardsPage__listCard__boxs__img\"><a href=\"https:\/\/www.suno.com.br\/noticias\/paulo-guedes-covid-coronavac\/\"><img class=\"mask\" src=\"https:\/\/www.suno.com.br\/noticias\/wp-content\/themes\/suno\/resources\/images\/spotlight\/spotlight1img\/bg-mask.png\" alt=\"Image Mask\"\/><img src=\"https:\/\/files.sunoresearch.com.br\/n\/uploads\/2021\/03\/a7a631bc-guedes2-400x200.webp\" alt=\"Paulo Guedes \u00e9 vacinado contra covid-19 com Coronavac\"\/><\/a><span class=\"spotlightCategory\"><a href=\"https:\/\/www.suno.com.br\/noticias\/politica\/\">Pol\u00edtica<\/a><\/span><\/div><div class=\"cardsPage__listCard__boxs__content\"><a href=\"https:\/\/www.suno.com.br\/noticias\/paulo-guedes-covid-coronavac\/\"><h2 class=\"content__title\">Paulo Guedes \u00e9 vacinado contra covid-19 com Coronavac<\/h2><\/a><div class=\"newsContent__article__meta\"><div class=\"newsContent__article__meta__authorBox\"><a href=\"https:\/\/www.suno.com.br\/noticias\/author\/carlo-cauti\/\" class=\"authorBox__avatar noMobi\"><img src=\"https:\/\/files.sunoresearch.com.br\/n\/uploads\/2020\/08\/e3745f9a-perfil-carlo-cauti-150x150.webp\" alt=\"Carlo Cauti\"><\/a><div class=\"authorBox__name\"><span>por\n\t\t\t<a href=\"https:\/\/www.suno.com.br\/noticias\/author\/carlo-cauti\/\"><span itemprop=\"author\">Carlo Cauti<\/span><\/a><\/span><time datetime=\"2021-03-27T18:18:46-03:00\" itemprop=\"datePublished\">27\/03\/2021 18:18<\/time><\/div><\/div><\/div><\/div><\/div>","single_layout":"posts","amp_enabled":true,"_links":{"self":[{"href":"https:\/\/www.suno.com.br\/noticias\/wp-json\/wp\/v2\/posts\/135221"}],"collection":[{"href":"https:\/\/www.suno.com.br\/noticias\/wp-json\/wp\/v2\/posts"}],"about":[{"href":"https:\/\/www.suno.com.br\/noticias\/wp-json\/wp\/v2\/types\/post"}],"author":[{"embeddable":true,"href":"https:\/\/www.suno.com.br\/noticias\/wp-json\/wp\/v2\/users\/9"}],"replies":[{"embeddable":true,"href":"https:\/\/www.suno.com.br\/noticias\/wp-json\/wp\/v2\/comments?post=135221"}],"version-history":[{"count":2,"href":"https:\/\/www.suno.com.br\/noticias\/wp-json\/wp\/v2\/posts\/135221\/revisions"}],"predecessor-version":[{"id":135225,"href":"https:\/\/www.suno.com.br\/noticias\/wp-json\/wp\/v2\/posts\/135221\/revisions\/135225"}],"wp:featuredmedia":[{"embeddable":true,"href":"https:\/\/www.suno.com.br\/noticias\/wp-json\/wp\/v2\/media\/129820"}],"wp:attachment":[{"href":"https:\/\/www.suno.com.br\/noticias\/wp-json\/wp\/v2\/media?parent=135221"}],"wp:term":[{"taxonomy":"category","embeddable":true,"href":"https:\/\/www.suno.com.br\/noticias\/wp-json\/wp\/v2\/categories?post=135221"},{"taxonomy":"post_tag","embeddable":true,"href":"https:\/\/www.suno.com.br\/noticias\/wp-json\/wp\/v2\/tags?post=135221"},{"taxonomy":"suno_strategy","embeddable":true,"href":"https:\/\/www.suno.com.br\/noticias\/wp-json\/wp\/v2\/suno_strategy?post=135221"}],"curies":[{"name":"wp","href":"https:\/\/api.w.org\/{rel}","templated":true}]}}