{"id":135216,"date":"2021-03-27T18:10:21","date_gmt":"2021-03-27T21:10:21","guid":{"rendered":"https:\/\/www.suno.com.br\/noticias\/?p=135216"},"modified":"2021-03-27T18:10:21","modified_gmt":"2021-03-27T21:10:21","slug":"comercio-global-acidente-suez","status":"publish","type":"post","link":"https:\/\/www.suno.com.br\/noticias\/comercio-global-acidente-suez\/","title":{"rendered":"Quanto pesa no com\u00e9rcio global o acidente de Suez"},"content":{"rendered":"<p>O encalhe do navio porta-cont\u00eaineres Ever Given no <strong>Canal de Suez,<\/strong> Egito, ocorre no momento em que o transporte de cont\u00eaineres passa pelo que os operadores do setor definem como uma tempestade perfeita.<\/p>\t<div class=\"wrapper-featured-image\">\n\t\t<figure class=\"spotlightImg\">\n\n\t\t\t<picture>\n\t\t\t\t<source media=\"(max-width: 768px)\" srcset=\"https:\/\/files.sunoresearch.com.br\/n\/uploads\/2021\/03\/4fa5dcd7-petroleosuez-400x200.webp\">\n\t\t\t\t<img loading=\"lazy\" decoding=\"async\" class=\"newsContent__article__imgCapa lazyloadDisabled \" src=\"https:\/\/files.sunoresearch.com.br\/n\/uploads\/2021\/03\/4fa5dcd7-petroleosuez-800x450.webp\" width=\"800\" height=\"450\" alt=\"Quanto pesa no com\u00e9rcio global o acidente de Suez\" fetchpriority=high \/>\n\t\t\t<\/picture>\n\n\t\t\t<figcaption class=\"wp-caption-text wp-caption-text--show\">Imagem do Canal de Suez no Marine Traffic ap\u00f3s o encalhe<\/figcaption>\n\t\t<\/figure>\n\t<\/div>\n\n\n\t<p>\n\t\t<a href=\"https:\/\/lp.suno.com.br\/planilha-controle-gastos\/\" target=\"_blank\" data-element=\"shortcode-suno-banner\" title=\"Banner SUNO, clique e saiba mais\">\n\t\t\t<picture>\n\t\t\t\t<source media=\"(max-width: 500px)\" srcset=\"https:\/\/files.sunoresearch.com.br\/n\/uploads\/2023\/03\/400x300-Planilha-controle-de-gastos.png\">\n\t\t\t\t<img class=\"newsContent__article__imgCapa newsContent__article__imgCapa--banner\"\n\t\t\t\t\tsrc=\"https:\/\/files.sunoresearch.com.br\/n\/uploads\/2023\/03\/1420x240-Planilha-controle-de-gastos.png\"\n\t\t\t\t\tdata-promo-id=\"101751\"\t\t\t\t\t\t\t\t\t\twidth='1420' height='240'\t\t\t\t\talt=\"https:\/\/files.sunoresearch.com.br\/n\/uploads\/2023\/03\/1420x240-Planilha-controle-de-gastos.png\"\n\t\t\t\t>\n\t\t\t<\/picture>\n\t\t<\/a>\n\t<\/p>\n\n\n<p>O acidente de Suez, por onde passa 10% de todo o transporte mar\u00edtimo mundial, teria sido provocado por ventos muito fortes, fora do normal registrado naquela regi\u00e3o, que levaram o navio a se encalhar em um dos pontos mais estreitos do Canal.<\/p>\n<p>A situa\u00e7\u00e3o evidencia a extrema fragilidade e vulnerabilidade do sistema de transporte mar\u00edtimo e, em particular, de infraestruturas estrat\u00e9gicas como o Canal de Suez, mas tamb\u00e9m dos grandes portos, face aos riscos que representam as altera\u00e7\u00f5es clim\u00e1ticas e os eventos meteorol\u00f3gicos que j\u00e1 n\u00e3o podem ser qualificados de extraordin\u00e1rios.<\/p>\n<p><a href=\"https:\/\/lp.suno.com.br\/suno-one\/\">Suno One: acesse gratuitamente eBooks, Minicursos, Artigos e V\u00eddeo Aulas sobre investimentos com um \u00fanico cadastro. Clique para saber mais!<\/a><\/p>\n<p>Al\u00e9m disso, o acidente de Suez ser\u00e1 utilizado pela R\u00fassia e pela China para promover a rota do \u00c1rtico, criando enormes problemas para o pr\u00f3prio <strong>Egito<\/strong> e para o <strong>Oriente M\u00e9dio<\/strong> como um todo, regi\u00e3o j\u00e1 muito complicada.<\/p>\n<h2>Acidente em Suez piora situa\u00e7\u00e3o do com\u00e9rcio mundial<\/h2>\n<p>V\u00e1rios fatores levaram a uma situa\u00e7\u00e3o anormal no setor de transporte mar\u00edtimo:<\/p>\n<ul>\n<li>a interrup\u00e7\u00e3o das cadeias de abastecimento devido \u00e0 primeira fase da pandemia do<strong> novo coronav\u00edrus (covid-19);<\/strong><\/li>\n<li>a estrat\u00e9gia das operadoras para controlar a oferta:<\/li>\n<li>o cancelamento de algumas partidas programadas de navios cargueiros;<\/li>\n<\/ul>\n<p>Al\u00e9m disso, no segundo semestre de 2020 houve um aumento repentino na demanda em alguns mercados, como nos <strong>Estados Unidos<\/strong> e na <strong><a href=\"https:\/\/www.suno.com.br\/artigos\/uniao-europeia\/\">Uni\u00e3o Europeia<\/a>.<\/strong><\/p>\n\t<div data-element=\"shortcode-read-more\" class=\"knowMore\">\n\t\t\t\t<span class=\"knowMore__title\">Leia tamb\u00e9m<\/span>\n\t\t\t\t<a class=\"knowMore__link\" href=\"https:\/\/www.suno.com.br\/noticias\/petroleo-tem-forte-alta-apos-meganavio-encalhar-no-canal-de-suez\/\">\n\t\t\tPetr\u00f3leo tem forte alta ap\u00f3s meganavio encalhar no Canal de Suez\t\t<\/a>\n\t<\/div>\n\n\n<p>Isso levou a um aumento vertiginoso nas taxas de frete nas rotas China-Europa e China-Mediterr\u00e2neo, que passaram de cerca de US$ 900 (cerca de R$ 5 mil) em julho de 2020 para mais de US$ 4,2 mil (cerca de R$ 23 mil) em fevereiro de 2021.<\/p>\n<p>O aumento das tarifas de frete vem acompanhado de uma queda na qualidade do servi\u00e7o e na confiabilidade: quase um ter\u00e7o da frota ativa no mundo, passa em m\u00e9dia sete dias parada no porto. A pontualidade tamb\u00e9m \u00e9 muito baixa. Em janeiro deste ano ocorreu em apenas 34,9% dos casos.<\/p>\n<p>Paralelamente, o n\u00famero m\u00e9dio de dias de atraso dos navios continuou a aumentar, chegando a 6,42 dias em janeiro.<\/p>\n<p>O acidente de Suez piora essa situa\u00e7\u00e3o. O jornal especializado em navega\u00e7\u00e3o comercial <strong>Lloyd\u2019s<\/strong>\u00a0<strong>List<\/strong> estimou que aproximadamente US$ 10 bilh\u00f5es em tr\u00e1fego di\u00e1rio mar\u00edtimo poderiam ser interrompidos por cauda desse bloqueio.<\/p>\n<p>O tamanho do navio encalhado (400 metros de comprimento e capacidade para 20 mil cont\u00eaineres) certamente n\u00e3o ajuda.<\/p>\n<p>\u00c9 o resultado da pol\u00edtica de gigantismo conduzida por grandes empresas nos \u00faltimos anos, principalmente no setor de navios porta-cont\u00eaineres.<\/p>\n<p>Para a seguradora <strong>Allianz global corporate &amp; security,<\/strong> especializada no setor mar\u00edtimo, o tamanho desta unidade tornam uma opera\u00e7\u00e3o de resgate um empreendimento com um custo significativo. Tirar um mega-navio de um espa\u00e7o confinado como Suez ser\u00e1 um desafio.<\/p>\n<p><span style=\"font-weight: 400;\">\t<p>\n\t\t<a href=\"https:\/\/lp.suno.com.br\/planilha-da-vida-financeira\/\" target=\"_blank\" data-element=\"shortcode-suno-banner\" title=\"Banner SUNO, clique e saiba mais\">\n\t\t\t<picture>\n\t\t\t\t<source media=\"(max-width: 500px)\" srcset=\"https:\/\/files.sunoresearch.com.br\/n\/uploads\/2023\/04\/400x300-Planilha-vida-financeira-true.png\">\n\t\t\t\t<img class=\"newsContent__article__imgCapa newsContent__article__imgCapa--banner\"\n\t\t\t\t\tsrc=\"https:\/\/files.sunoresearch.com.br\/n\/uploads\/2023\/04\/1420x240-Planilha-vida-financeira-true.png\"\n\t\t\t\t\tdata-promo-id=\"106682\"\t\t\t\t\t\t\t\t\t\twidth='1420' height='240'\t\t\t\t\talt=\"https:\/\/files.sunoresearch.com.br\/n\/uploads\/2023\/04\/1420x240-Planilha-vida-financeira-true.png\"\n\t\t\t\t>\n\t\t\t<\/picture>\n\t\t<\/a>\n\t<\/p>\n\n<\/span><\/p>\n<p>No entanto,\u00a0 acidentes como este n\u00e3o invertem a tend\u00eancia do gigantismo. Esses enormes porta-cont\u00eaineres t\u00eam capacidade para transportar muito mais mercadorias numa \u00fanica viagem e poluem menos. Eles v\u00e3o na dire\u00e7\u00e3o indicada pela Organiza\u00e7\u00e3o Mar\u00edtima Internacional em termos de efici\u00eancia de carga transportada.<\/p>\n<p>A pergunta \u00e9: se esse \u00e8 o futuro, ser\u00e1 que o <strong>Canal de Suez<\/strong> vai aguentar?<\/p>\n<p><span style=\"font-weight: 400;\">\t<p>\n\t\t<a href=\"https:\/\/lp.suno.com.br\/planilha-de-controle-de-investimentos\/\" target=\"_blank\" data-element=\"shortcode-suno-banner\" title=\"Banner SUNO, clique e saiba mais\">\n\t\t\t<picture>\n\t\t\t\t<source media=\"(max-width: 500px)\" srcset=\"https:\/\/files.sunoresearch.com.br\/n\/uploads\/2023\/03\/400x300-Controle-de-Investimentos.png\">\n\t\t\t\t<img class=\"newsContent__article__imgCapa newsContent__article__imgCapa--banner\"\n\t\t\t\t\tsrc=\"https:\/\/files.sunoresearch.com.br\/n\/uploads\/2023\/03\/1420x240-Controle-de-Investimentos.png\"\n\t\t\t\t\tdata-promo-id=\"75934\"\t\t\t\t\t\t\t\t\t\twidth='1420' height='240'\t\t\t\t\talt=\"https:\/\/files.sunoresearch.com.br\/n\/uploads\/2023\/03\/1420x240-Controle-de-Investimentos.png\"\n\t\t\t\t>\n\t\t\t<\/picture>\n\t\t<\/a>\n\t<\/p>\n\n<\/span><\/p>\n","protected":false},"excerpt":{"rendered":"<p>O encalhe do navio porta-cont\u00eaineres Ever Given no Canal de Suez, Egito, ocorre no momento em que o transporte de cont\u00eaineres passa pelo que os operadores do setor definem como uma tempestade perfeita. Imagem do Canal de Suez no Marine Traffic ap\u00f3s o encalhe O acidente de Suez, por onde passa 10% de todo o [&hellip;]<\/p>\n","protected":false},"author":9,"featured_media":134271,"comment_status":"closed","ping_status":"closed","sticky":false,"template":"","format":"standard","meta":[],"categories":[63],"tags":[106097,923],"suno_strategy":[],"class_list":["post-135216","post","type-post","status-publish","format-standard","has-post-thumbnail","hentry","category-internacional","tag-canal-de-suez","tag-comercio-exterior"],"yoast_head":"<!-- This site is optimized with the Yoast SEO plugin v24.4 - https:\/\/yoast.com\/wordpress\/plugins\/seo\/ -->\n<title>Quanto pesa no com\u00e9rcio global o acidente de Suez<\/title>\n<meta name=\"description\" content=\"O encalhe do navio porta-cont\u00eaineres Ever Given em Suez poderia provocar muitos problemas ao com\u00e9rcio global. Clique aqui e saiba mais.\" \/>\n<meta name=\"robots\" content=\"index, follow, max-snippet:-1, max-image-preview:large, max-video-preview:-1\" \/>\n<link rel=\"canonical\" href=\"https:\/\/www.suno.com.br\/noticias\/comercio-global-acidente-suez\/\" \/>\n<meta property=\"og:locale\" content=\"pt_BR\" \/>\n<meta property=\"og:type\" content=\"article\" \/>\n<meta property=\"og:title\" content=\"Quanto pesa no com\u00e9rcio global o acidente de Suez\" \/>\n<meta property=\"og:description\" content=\"O encalhe do navio porta-cont\u00eaineres Ever Given em Suez poderia provocar muitos problemas ao com\u00e9rcio global. Clique aqui e saiba mais.\" \/>\n<meta property=\"og:url\" content=\"https:\/\/www.suno.com.br\/noticias\/comercio-global-acidente-suez\/\" \/>\n<meta property=\"og:site_name\" content=\"Suno Not\u00edcias\" \/>\n<meta property=\"article:publisher\" content=\"https:\/\/facebook.com\/sunoresearch\" \/>\n<meta property=\"og:image\" content=\"https:\/\/files.sunoresearch.com.br\/n\/uploads\/2021\/03\/4fa5dcd7-petroleosuez.png\" \/>\n\t<meta property=\"og:image:width\" content=\"1447\" \/>\n\t<meta property=\"og:image:height\" content=\"695\" \/>\n\t<meta property=\"og:image:type\" content=\"image\/png\" \/>\n<meta name=\"author\" content=\"Carlo Cauti\" \/>\n<meta name=\"twitter:card\" content=\"summary_large_image\" \/>\n<meta name=\"twitter:creator\" content=\"@sunoresearch\" \/>\n<meta name=\"twitter:site\" content=\"@sunoresearch\" \/>\n<meta name=\"twitter:label1\" content=\"Escrito por\" \/>\n\t<meta name=\"twitter:data1\" content=\"Carlo Cauti\" \/>\n\t<meta name=\"twitter:label2\" content=\"Est. tempo de leitura\" \/>\n\t<meta name=\"twitter:data2\" content=\"3 minutos\" \/>\n<script type=\"application\/ld+json\" class=\"yoast-schema-graph\">{\"@context\":\"https:\/\/schema.org\",\"@graph\":[{\"@type\":\"NewsArticle\",\"@id\":\"https:\/\/www.suno.com.br\/noticias\/comercio-global-acidente-suez\/#article\",\"isPartOf\":{\"@id\":\"https:\/\/www.suno.com.br\/noticias\/comercio-global-acidente-suez\/\"},\"author\":{\"name\":\"Carlo Cauti\",\"@id\":\"https:\/\/www.suno.com.br\/noticias\/#\/schema\/person\/e6e0f723cc177805027f4566c1d5e0c8\"},\"headline\":\"Quanto pesa no com\u00e9rcio global o acidente de Suez\",\"datePublished\":\"2021-03-27T21:10:21+00:00\",\"mainEntityOfPage\":{\"@id\":\"https:\/\/www.suno.com.br\/noticias\/comercio-global-acidente-suez\/\"},\"wordCount\":610,\"publisher\":{\"@id\":\"https:\/\/www.suno.com.br\/noticias\/#organization\"},\"image\":{\"@id\":\"https:\/\/www.suno.com.br\/noticias\/comercio-global-acidente-suez\/#primaryimage\"},\"thumbnailUrl\":\"https:\/\/files.sunoresearch.com.br\/n\/uploads\/2021\/03\/4fa5dcd7-petroleosuez-png.webp\",\"keywords\":[\"Canal de Suez\",\"comercio exterior\"],\"articleSection\":[\"Internacional\"],\"inLanguage\":\"pt-BR\"},{\"@type\":\"WebPage\",\"@id\":\"https:\/\/www.suno.com.br\/noticias\/comercio-global-acidente-suez\/\",\"url\":\"https:\/\/www.suno.com.br\/noticias\/comercio-global-acidente-suez\/\",\"name\":\"Quanto pesa no com\u00e9rcio global o acidente de Suez\",\"isPartOf\":{\"@id\":\"https:\/\/www.suno.com.br\/noticias\/#website\"},\"primaryImageOfPage\":{\"@id\":\"https:\/\/www.suno.com.br\/noticias\/comercio-global-acidente-suez\/#primaryimage\"},\"image\":{\"@id\":\"https:\/\/www.suno.com.br\/noticias\/comercio-global-acidente-suez\/#primaryimage\"},\"thumbnailUrl\":\"https:\/\/files.sunoresearch.com.br\/n\/uploads\/2021\/03\/4fa5dcd7-petroleosuez-png.webp\",\"datePublished\":\"2021-03-27T21:10:21+00:00\",\"description\":\"O encalhe do navio porta-cont\u00eaineres Ever Given em Suez poderia provocar muitos problemas ao com\u00e9rcio global. Clique aqui e saiba mais.\",\"breadcrumb\":{\"@id\":\"https:\/\/www.suno.com.br\/noticias\/comercio-global-acidente-suez\/#breadcrumb\"},\"inLanguage\":\"pt-BR\",\"potentialAction\":[{\"@type\":\"ReadAction\",\"target\":[\"https:\/\/www.suno.com.br\/noticias\/comercio-global-acidente-suez\/\"]}]},{\"@type\":\"ImageObject\",\"inLanguage\":\"pt-BR\",\"@id\":\"https:\/\/www.suno.com.br\/noticias\/comercio-global-acidente-suez\/#primaryimage\",\"url\":\"https:\/\/files.sunoresearch.com.br\/n\/uploads\/2021\/03\/4fa5dcd7-petroleosuez-png.webp\",\"contentUrl\":\"https:\/\/files.sunoresearch.com.br\/n\/uploads\/2021\/03\/4fa5dcd7-petroleosuez-png.webp\",\"width\":1447,\"height\":695,\"caption\":\"Imagem do Canal de Suez no Marine Traffic ap\u00f3s o encalhe\"},{\"@type\":\"BreadcrumbList\",\"@id\":\"https:\/\/www.suno.com.br\/noticias\/comercio-global-acidente-suez\/#breadcrumb\",\"itemListElement\":[{\"@type\":\"ListItem\",\"position\":1,\"name\":\"Not\u00edcias\",\"item\":\"https:\/\/www.suno.com.br\/noticias\/\"},{\"@type\":\"ListItem\",\"position\":2,\"name\":\"Internacional\",\"item\":\"https:\/\/www.suno.com.br\/noticias\/internacional\/\"},{\"@type\":\"ListItem\",\"position\":3,\"name\":\"Quanto pesa no com\u00e9rcio global o acidente de Suez\"}]},{\"@type\":\"WebSite\",\"@id\":\"https:\/\/www.suno.com.br\/noticias\/#website\",\"url\":\"https:\/\/www.suno.com.br\/noticias\/\",\"name\":\"Suno Not\u00edcias\",\"description\":\"Seu portal de informa\u00e7\u00e3o sobre o mundo dos investimentos\",\"publisher\":{\"@id\":\"https:\/\/www.suno.com.br\/noticias\/#organization\"},\"potentialAction\":[{\"@type\":\"SearchAction\",\"target\":{\"@type\":\"EntryPoint\",\"urlTemplate\":\"https:\/\/www.suno.com.br\/noticias\/?s={search_term_string}\"},\"query-input\":{\"@type\":\"PropertyValueSpecification\",\"valueRequired\":true,\"valueName\":\"search_term_string\"}}],\"inLanguage\":\"pt-BR\"},{\"@type\":\"Organization\",\"@id\":\"https:\/\/www.suno.com.br\/noticias\/#organization\",\"name\":\"Suno Not\u00edcias\",\"url\":\"https:\/\/www.suno.com.br\/noticias\/\",\"logo\":{\"@type\":\"ImageObject\",\"inLanguage\":\"pt-BR\",\"@id\":\"https:\/\/www.suno.com.br\/noticias\/#\/schema\/logo\/image\/\",\"url\":\"https:\/\/files.sunoresearch.com.br\/n\/uploads\/2021\/09\/suno-logo.png\",\"contentUrl\":\"https:\/\/files.sunoresearch.com.br\/n\/uploads\/2021\/09\/suno-logo.png\",\"width\":180,\"height\":180,\"caption\":\"Suno Not\u00edcias\"},\"image\":{\"@id\":\"https:\/\/www.suno.com.br\/noticias\/#\/schema\/logo\/image\/\"},\"sameAs\":[\"https:\/\/facebook.com\/sunoresearch\",\"https:\/\/x.com\/sunoresearch\",\"https:\/\/www.instagram.com\/suno\",\"https:\/\/www.linkedin.com\/company\/suno-research\/\",\"https:\/\/www.youtube.com\/c\/sunoresearch\"]},{\"@type\":\"Person\",\"@id\":\"https:\/\/www.suno.com.br\/noticias\/#\/schema\/person\/e6e0f723cc177805027f4566c1d5e0c8\",\"name\":\"Carlo Cauti\",\"image\":{\"@type\":\"ImageObject\",\"inLanguage\":\"pt-BR\",\"@id\":\"https:\/\/www.suno.com.br\/noticias\/#\/schema\/person\/image\/\",\"url\":\"https:\/\/secure.gravatar.com\/avatar\/3ada9e0bd164c23abd4792a9606d583c?s=96&r=g\",\"contentUrl\":\"https:\/\/secure.gravatar.com\/avatar\/3ada9e0bd164c23abd4792a9606d583c?s=96&r=g\",\"caption\":\"Carlo Cauti\"},\"description\":\"Editor multim\u00eddia do SUNO Not\u00edcias. Italiano, formado em Ci\u00eancias Pol\u00edticas pela universidade LUISS G. Carli de Roma e mestre cum laude em Rela\u00e7\u00f5es Internacionais, Jornalismo Internacional e de Guerra e em Economia Internacional. Concluiu tamb\u00e9m um MBA em Finan\u00e7as na B3. No Brasil, teve passagem por ve\u00edculos como Estad\u00e3o, Globo, Veja e EXAME. e nas ag\u00eancias de not\u00edcias italianas ANSA e NOVA.\",\"url\":\"https:\/\/www.suno.com.br\/noticias\/author\/carlo-cauti\/\"}]}<\/script>\n<!-- \/ Yoast SEO plugin. -->","yoast_head_json":{"title":"Quanto pesa no com\u00e9rcio global o acidente de Suez","description":"O encalhe do navio porta-cont\u00eaineres Ever Given em Suez poderia provocar muitos problemas ao com\u00e9rcio global. Clique aqui e saiba mais.","robots":{"index":"index","follow":"follow","max-snippet":"max-snippet:-1","max-image-preview":"max-image-preview:large","max-video-preview":"max-video-preview:-1"},"canonical":"https:\/\/www.suno.com.br\/noticias\/comercio-global-acidente-suez\/","og_locale":"pt_BR","og_type":"article","og_title":"Quanto pesa no com\u00e9rcio global o acidente de Suez","og_description":"O encalhe do navio porta-cont\u00eaineres Ever Given em Suez poderia provocar muitos problemas ao com\u00e9rcio global. Clique aqui e saiba mais.","og_url":"https:\/\/www.suno.com.br\/noticias\/comercio-global-acidente-suez\/","og_site_name":"Suno Not\u00edcias","article_publisher":"https:\/\/facebook.com\/sunoresearch","og_image":[{"width":1447,"height":695,"url":"https:\/\/files.sunoresearch.com.br\/n\/uploads\/2021\/03\/4fa5dcd7-petroleosuez.png","type":"image\/png"}],"author":"Carlo Cauti","twitter_card":"summary_large_image","twitter_creator":"@sunoresearch","twitter_site":"@sunoresearch","twitter_misc":{"Escrito por":"Carlo Cauti","Est. tempo de leitura":"3 minutos"},"schema":{"@context":"https:\/\/schema.org","@graph":[{"@type":"NewsArticle","@id":"https:\/\/www.suno.com.br\/noticias\/comercio-global-acidente-suez\/#article","isPartOf":{"@id":"https:\/\/www.suno.com.br\/noticias\/comercio-global-acidente-suez\/"},"author":{"name":"Carlo Cauti","@id":"https:\/\/www.suno.com.br\/noticias\/#\/schema\/person\/e6e0f723cc177805027f4566c1d5e0c8"},"headline":"Quanto pesa no com\u00e9rcio global o acidente de Suez","datePublished":"2021-03-27T21:10:21+00:00","mainEntityOfPage":{"@id":"https:\/\/www.suno.com.br\/noticias\/comercio-global-acidente-suez\/"},"wordCount":610,"publisher":{"@id":"https:\/\/www.suno.com.br\/noticias\/#organization"},"image":{"@id":"https:\/\/www.suno.com.br\/noticias\/comercio-global-acidente-suez\/#primaryimage"},"thumbnailUrl":"https:\/\/files.sunoresearch.com.br\/n\/uploads\/2021\/03\/4fa5dcd7-petroleosuez-png.webp","keywords":["Canal de Suez","comercio exterior"],"articleSection":["Internacional"],"inLanguage":"pt-BR"},{"@type":"WebPage","@id":"https:\/\/www.suno.com.br\/noticias\/comercio-global-acidente-suez\/","url":"https:\/\/www.suno.com.br\/noticias\/comercio-global-acidente-suez\/","name":"Quanto pesa no com\u00e9rcio global o acidente de Suez","isPartOf":{"@id":"https:\/\/www.suno.com.br\/noticias\/#website"},"primaryImageOfPage":{"@id":"https:\/\/www.suno.com.br\/noticias\/comercio-global-acidente-suez\/#primaryimage"},"image":{"@id":"https:\/\/www.suno.com.br\/noticias\/comercio-global-acidente-suez\/#primaryimage"},"thumbnailUrl":"https:\/\/files.sunoresearch.com.br\/n\/uploads\/2021\/03\/4fa5dcd7-petroleosuez-png.webp","datePublished":"2021-03-27T21:10:21+00:00","description":"O encalhe do navio porta-cont\u00eaineres Ever Given em Suez poderia provocar muitos problemas ao com\u00e9rcio global. Clique aqui e saiba mais.","breadcrumb":{"@id":"https:\/\/www.suno.com.br\/noticias\/comercio-global-acidente-suez\/#breadcrumb"},"inLanguage":"pt-BR","potentialAction":[{"@type":"ReadAction","target":["https:\/\/www.suno.com.br\/noticias\/comercio-global-acidente-suez\/"]}]},{"@type":"ImageObject","inLanguage":"pt-BR","@id":"https:\/\/www.suno.com.br\/noticias\/comercio-global-acidente-suez\/#primaryimage","url":"https:\/\/files.sunoresearch.com.br\/n\/uploads\/2021\/03\/4fa5dcd7-petroleosuez-png.webp","contentUrl":"https:\/\/files.sunoresearch.com.br\/n\/uploads\/2021\/03\/4fa5dcd7-petroleosuez-png.webp","width":1447,"height":695,"caption":"Imagem do Canal de Suez no Marine Traffic ap\u00f3s o encalhe"},{"@type":"BreadcrumbList","@id":"https:\/\/www.suno.com.br\/noticias\/comercio-global-acidente-suez\/#breadcrumb","itemListElement":[{"@type":"ListItem","position":1,"name":"Not\u00edcias","item":"https:\/\/www.suno.com.br\/noticias\/"},{"@type":"ListItem","position":2,"name":"Internacional","item":"https:\/\/www.suno.com.br\/noticias\/internacional\/"},{"@type":"ListItem","position":3,"name":"Quanto pesa no com\u00e9rcio global o acidente de Suez"}]},{"@type":"WebSite","@id":"https:\/\/www.suno.com.br\/noticias\/#website","url":"https:\/\/www.suno.com.br\/noticias\/","name":"Suno Not\u00edcias","description":"Seu portal de informa\u00e7\u00e3o sobre o mundo dos investimentos","publisher":{"@id":"https:\/\/www.suno.com.br\/noticias\/#organization"},"potentialAction":[{"@type":"SearchAction","target":{"@type":"EntryPoint","urlTemplate":"https:\/\/www.suno.com.br\/noticias\/?s={search_term_string}"},"query-input":{"@type":"PropertyValueSpecification","valueRequired":true,"valueName":"search_term_string"}}],"inLanguage":"pt-BR"},{"@type":"Organization","@id":"https:\/\/www.suno.com.br\/noticias\/#organization","name":"Suno Not\u00edcias","url":"https:\/\/www.suno.com.br\/noticias\/","logo":{"@type":"ImageObject","inLanguage":"pt-BR","@id":"https:\/\/www.suno.com.br\/noticias\/#\/schema\/logo\/image\/","url":"https:\/\/files.sunoresearch.com.br\/n\/uploads\/2021\/09\/suno-logo.png","contentUrl":"https:\/\/files.sunoresearch.com.br\/n\/uploads\/2021\/09\/suno-logo.png","width":180,"height":180,"caption":"Suno Not\u00edcias"},"image":{"@id":"https:\/\/www.suno.com.br\/noticias\/#\/schema\/logo\/image\/"},"sameAs":["https:\/\/facebook.com\/sunoresearch","https:\/\/x.com\/sunoresearch","https:\/\/www.instagram.com\/suno","https:\/\/www.linkedin.com\/company\/suno-research\/","https:\/\/www.youtube.com\/c\/sunoresearch"]},{"@type":"Person","@id":"https:\/\/www.suno.com.br\/noticias\/#\/schema\/person\/e6e0f723cc177805027f4566c1d5e0c8","name":"Carlo Cauti","image":{"@type":"ImageObject","inLanguage":"pt-BR","@id":"https:\/\/www.suno.com.br\/noticias\/#\/schema\/person\/image\/","url":"https:\/\/secure.gravatar.com\/avatar\/3ada9e0bd164c23abd4792a9606d583c?s=96&r=g","contentUrl":"https:\/\/secure.gravatar.com\/avatar\/3ada9e0bd164c23abd4792a9606d583c?s=96&r=g","caption":"Carlo Cauti"},"description":"Editor multim\u00eddia do SUNO Not\u00edcias. Italiano, formado em Ci\u00eancias Pol\u00edticas pela universidade LUISS G. Carli de Roma e mestre cum laude em Rela\u00e7\u00f5es Internacionais, Jornalismo Internacional e de Guerra e em Economia Internacional. Concluiu tamb\u00e9m um MBA em Finan\u00e7as na B3. No Brasil, teve passagem por ve\u00edculos como Estad\u00e3o, Globo, Veja e EXAME. e nas ag\u00eancias de not\u00edcias italianas ANSA e NOVA.","url":"https:\/\/www.suno.com.br\/noticias\/author\/carlo-cauti\/"}]}},"default_loop_html":"<div class=\"cardsPage__listCard__boxs\"><div class=\"cardsPage__listCard__boxs__img\"><a href=\"https:\/\/www.suno.com.br\/noticias\/comercio-global-acidente-suez\/\"><img class=\"mask\" src=\"https:\/\/www.suno.com.br\/noticias\/wp-content\/themes\/suno\/resources\/images\/spotlight\/spotlight1img\/bg-mask.png\" alt=\"Image Mask\"\/><img src=\"https:\/\/files.sunoresearch.com.br\/n\/uploads\/2021\/03\/4fa5dcd7-petroleosuez-400x200.webp\" alt=\"Quanto pesa no com\u00e9rcio global o acidente de Suez\"\/><\/a><span class=\"spotlightCategory\"><a href=\"https:\/\/www.suno.com.br\/noticias\/internacional\/\">Internacional<\/a><\/span><\/div><div class=\"cardsPage__listCard__boxs__content\"><a href=\"https:\/\/www.suno.com.br\/noticias\/comercio-global-acidente-suez\/\"><h2 class=\"content__title\">Quanto pesa no com\u00e9rcio global o acidente de Suez<\/h2><\/a><div class=\"newsContent__article__meta\"><div class=\"newsContent__article__meta__authorBox\"><a href=\"https:\/\/www.suno.com.br\/noticias\/author\/carlo-cauti\/\" class=\"authorBox__avatar noMobi\"><img src=\"https:\/\/files.sunoresearch.com.br\/n\/uploads\/2020\/08\/e3745f9a-perfil-carlo-cauti-150x150.webp\" alt=\"Carlo Cauti\"><\/a><div class=\"authorBox__name\"><span>por\n\t\t\t<a href=\"https:\/\/www.suno.com.br\/noticias\/author\/carlo-cauti\/\"><span itemprop=\"author\">Carlo Cauti<\/span><\/a><\/span><time datetime=\"2021-03-27T18:10:21-03:00\" itemprop=\"datePublished\">27\/03\/2021 18:10<\/time><\/div><\/div><\/div><\/div><\/div>","single_layout":"posts","amp_enabled":true,"_links":{"self":[{"href":"https:\/\/www.suno.com.br\/noticias\/wp-json\/wp\/v2\/posts\/135216"}],"collection":[{"href":"https:\/\/www.suno.com.br\/noticias\/wp-json\/wp\/v2\/posts"}],"about":[{"href":"https:\/\/www.suno.com.br\/noticias\/wp-json\/wp\/v2\/types\/post"}],"author":[{"embeddable":true,"href":"https:\/\/www.suno.com.br\/noticias\/wp-json\/wp\/v2\/users\/9"}],"replies":[{"embeddable":true,"href":"https:\/\/www.suno.com.br\/noticias\/wp-json\/wp\/v2\/comments?post=135216"}],"version-history":[{"count":2,"href":"https:\/\/www.suno.com.br\/noticias\/wp-json\/wp\/v2\/posts\/135216\/revisions"}],"predecessor-version":[{"id":135224,"href":"https:\/\/www.suno.com.br\/noticias\/wp-json\/wp\/v2\/posts\/135216\/revisions\/135224"}],"wp:featuredmedia":[{"embeddable":true,"href":"https:\/\/www.suno.com.br\/noticias\/wp-json\/wp\/v2\/media\/134271"}],"wp:attachment":[{"href":"https:\/\/www.suno.com.br\/noticias\/wp-json\/wp\/v2\/media?parent=135216"}],"wp:term":[{"taxonomy":"category","embeddable":true,"href":"https:\/\/www.suno.com.br\/noticias\/wp-json\/wp\/v2\/categories?post=135216"},{"taxonomy":"post_tag","embeddable":true,"href":"https:\/\/www.suno.com.br\/noticias\/wp-json\/wp\/v2\/tags?post=135216"},{"taxonomy":"suno_strategy","embeddable":true,"href":"https:\/\/www.suno.com.br\/noticias\/wp-json\/wp\/v2\/suno_strategy?post=135216"}],"curies":[{"name":"wp","href":"https:\/\/api.w.org\/{rel}","templated":true}]}}