{"id":135180,"date":"2021-03-27T11:14:33","date_gmt":"2021-03-27T14:14:33","guid":{"rendered":"https:\/\/www.suno.com.br\/noticias\/?p=135180"},"modified":"2021-03-27T11:14:33","modified_gmt":"2021-03-27T14:14:33","slug":"guedes-orcamento-2021-inexequivel","status":"publish","type":"post","link":"https:\/\/www.suno.com.br\/noticias\/guedes-orcamento-2021-inexequivel\/","title":{"rendered":"Paulo Guedes avisa Bolsonaro que Or\u00e7amento 2021 \u00e9 imposs\u00edvel de ser executado"},"content":{"rendered":"<p>O ministro da Economia, <a href=\"https:\/\/www.suno.com.br\/tudo-sobre\/paulo-guedes\/\"><strong>Paulo Guedes<\/strong><\/a>, criticou as manobras cont\u00e1beis do Congresso para acrescentar emendas parlamentares e avisou ao presidente da Rep\u00fablica, <strong>Jair Bolsonaro<\/strong>, que n\u00e3o ser\u00e1 poss\u00edvel executar o Or\u00e7amento de 2021.<\/p>\t<div class=\"wrapper-featured-image\">\n\t\t<figure class=\"spotlightImg\">\n\n\t\t\t<picture>\n\t\t\t\t<source media=\"(max-width: 768px)\" srcset=\"https:\/\/files.sunoresearch.com.br\/n\/uploads\/2021\/03\/42dda3a1-paulo-guedes-foto-alan-santos-pr-400x200.webp\">\n\t\t\t\t<img loading=\"lazy\" decoding=\"async\" class=\"newsContent__article__imgCapa lazyloadDisabled \" src=\"https:\/\/files.sunoresearch.com.br\/n\/uploads\/2021\/03\/42dda3a1-paulo-guedes-foto-alan-santos-pr-800x450.webp\" width=\"800\" height=\"450\" alt=\"Paulo Guedes avisa Bolsonaro que Or\u00e7amento 2021 \u00e9 imposs\u00edvel de ser executado\" fetchpriority=high \/>\n\t\t\t<\/picture>\n\n\t\t\t<figcaption class=\"wp-caption-text wp-caption-text--show\">Reforma tribut\u00e1ria deve ser apreciada nesta semana pelo Congresso - Foto Alan Santos PR<\/figcaption>\n\t\t<\/figure>\n\t<\/div>\n\n\n<p><span data-sheets-value=\"{&quot;1&quot;:2,&quot;2&quot;:&quot;&quot;}\" data-sheets-userformat=\"{&quot;2&quot;:6659,&quot;3&quot;:{&quot;1&quot;:0},&quot;4&quot;:[null,2,16777215],&quot;12&quot;:0,&quot;14&quot;:[null,2,0],&quot;15&quot;:&quot;Roboto, RobotoDraft, Helvetica, Arial, sans-serif&quot;}\">\t<p>\n\t\t<a href=\"https:\/\/lp.suno.com.br\/planilha-controle-gastos\/\" target=\"_blank\" data-element=\"shortcode-suno-banner\" title=\"Banner SUNO, clique e saiba mais\">\n\t\t\t<picture>\n\t\t\t\t<source media=\"(max-width: 500px)\" srcset=\"https:\/\/files.sunoresearch.com.br\/n\/uploads\/2023\/03\/400x300-Planilha-controle-de-gastos.png\">\n\t\t\t\t<img class=\"newsContent__article__imgCapa newsContent__article__imgCapa--banner\"\n\t\t\t\t\tsrc=\"https:\/\/files.sunoresearch.com.br\/n\/uploads\/2023\/03\/1420x240-Planilha-controle-de-gastos.png\"\n\t\t\t\t\tdata-promo-id=\"101751\"\t\t\t\t\t\t\t\t\t\twidth='1420' height='240'\t\t\t\t\talt=\"https:\/\/files.sunoresearch.com.br\/n\/uploads\/2023\/03\/1420x240-Planilha-controle-de-gastos.png\"\n\t\t\t\t>\n\t\t\t<\/picture>\n\t\t<\/a>\n\t<\/p>\n\n<\/span><\/p>\n<p>C\u00e1lculos da equipe econ\u00f4mica de Paulo Guedes feitos nesta sexta-feira, 25, mostram que a m\u00e1quina do governo teria que funcionar com apenas R$ 49,5 bilh\u00f5es at\u00e9 o final do ano &#8211; praticamente a metade do que os especialistas consideram o patamar m\u00ednimo para n\u00e3o ter uma paralisa\u00e7\u00e3o.<\/p>\n<p>Esse \u00e9 o espa\u00e7o que sobrar\u00e1 para gastar depois do <strong>contingenciamento de despesas<\/strong> que ter\u00e1 que ser feito para o cumprimento do <strong>teto de gasto<\/strong> (a regra que limita o crescimento das despesas \u00e0 varia\u00e7\u00e3o da infla\u00e7\u00e3o).<\/p>\n<p>S\u00e3o as <strong>despesas discricion\u00e1rias<\/strong>, justamente a de <strong>custeio e investimentos<\/strong>, que garantem o funcionamento da m\u00e1quina e que o governo t\u00eam liberdade para cortar. As outras, como os pagamentos da Previd\u00eancia e os <strong>sal\u00e1rios dos servidores<\/strong>, s\u00e3o de pagamento obrigat\u00f3rio e representam cerca de 90% de todo o Or\u00e7amento.<\/p>\n<p>Os minist\u00e9rios dever\u00e3o ter um corte de 51,3% nas despesas de custeio e investimento. Com esse n\u00edvel de despesas, o Or\u00e7amento de nenhum ministro da Esplanada ficar\u00e1 em p\u00e9. A chiadeira ser\u00e1 geral.<\/p>\n<p><span data-sheets-value=\"{&quot;1&quot;:2,&quot;2&quot;:&quot;Suno One: acesse gratuitamente eBooks, Minicursos, Artigos e V\u00eddeo Aulas sobre investimentos com um \u00fanico cadastro. Clique para saber mais!&quot;}\" data-sheets-userformat=\"{&quot;2&quot;:1317635,&quot;3&quot;:{&quot;1&quot;:0},&quot;4&quot;:[null,2,16777215],&quot;11&quot;:4,&quot;12&quot;:0,&quot;14&quot;:[null,2,1136076],&quot;15&quot;:&quot;Roboto, RobotoDraft, Helvetica, Arial, sans-serif&quot;,&quot;21&quot;:1,&quot;23&quot;:1}\" data-sheets-hyperlink=\"https:\/\/lp.suno.com.br\/suno-one\/\"><a class=\"in-cell-link\" href=\"https:\/\/lp.suno.com.br\/suno-one\/\" target=\"_blank\" rel=\"noopener noreferrer\">Suno One: acesse gratuitamente eBooks, Minicursos, Artigos e V\u00eddeo Aulas sobre investimentos com um \u00fanico cadastro. Clique para saber mais!<\/a><\/span><\/p>\n<p>Esse cen\u00e1rio projeta uma situa\u00e7\u00e3o de paralisa\u00e7\u00e3o da m\u00e1quina, situa\u00e7\u00e3o que os economistas chamam de &#8220;shutdown&#8221;. O cen\u00e1rio complicou porque o Congresso aprovou uma maquiagem nas previs\u00f5es de gastos na Previd\u00eancia, seguro-desemprego e subs\u00eddios para cortar R$ 26 bilh\u00f5es em despesas e abrir espa\u00e7o para um valor gigantesco de <strong>emendas parlamentares<\/strong> de quase R$ 50 bilh\u00f5es (leia abaixo) &#8211; praticamente o mesmo valor que vai sobrar para os ministros tocarem a m\u00e1quina de governo.<\/p>\n<p>O encontro entre Guedes e Bolsonaro ocorreu ainda na quinta-feira, 25, dia da vota\u00e7\u00e3o pelo plen\u00e1rio do Congresso. Mas j\u00e1 nesse encontro Guedes comunicou o presidente que teria que fazer um corte dram\u00e1tico nas despesas para n\u00e3o estourar o teto de gastos.<\/p>\n<p>Antes de Guedes, Bolsonaro tinha recebido, no mesmo dia, o presidente do Banco Central, Roberto Campos Neto. O BC tem os juros para administrar nesse cen\u00e1rio dif\u00edcil e o presidente est\u00e1 preocupado com o risco de queda do PIB em 2021.<\/p>\n<p><span data-sheets-value=\"{&quot;1&quot;:2,&quot;2&quot;:&quot;&quot;}\" data-sheets-userformat=\"{&quot;2&quot;:6723,&quot;3&quot;:{&quot;1&quot;:0},&quot;4&quot;:[null,2,16777215],&quot;9&quot;:0,&quot;12&quot;:0,&quot;14&quot;:[null,2,0],&quot;15&quot;:&quot;Arial&quot;}\">\t<p>\n\t\t<a href=\"https:\/\/lp.suno.com.br\/planilha-da-vida-financeira\/\" target=\"_blank\" data-element=\"shortcode-suno-banner\" title=\"Banner SUNO, clique e saiba mais\">\n\t\t\t<picture>\n\t\t\t\t<source media=\"(max-width: 500px)\" srcset=\"https:\/\/files.sunoresearch.com.br\/n\/uploads\/2023\/04\/400x300-Planilha-vida-financeira-true.png\">\n\t\t\t\t<img class=\"newsContent__article__imgCapa newsContent__article__imgCapa--banner\"\n\t\t\t\t\tsrc=\"https:\/\/files.sunoresearch.com.br\/n\/uploads\/2023\/04\/1420x240-Planilha-vida-financeira-true.png\"\n\t\t\t\t\tdata-promo-id=\"106682\"\t\t\t\t\t\t\t\t\t\twidth='1420' height='240'\t\t\t\t\talt=\"https:\/\/files.sunoresearch.com.br\/n\/uploads\/2023\/04\/1420x240-Planilha-vida-financeira-true.png\"\n\t\t\t\t>\n\t\t\t<\/picture>\n\t\t<\/a>\n\t<\/p>\n\n<\/span><\/p>\n<p><b>Articula\u00e7\u00e3o<\/b><\/p>\n<p>Na \u00e1rea econ\u00f4mica, a avalia\u00e7\u00e3o \u00e9 de que o acordo fechado com os presidentes da C\u00e2mara, Arthur Lira (PP-AL), e do Senado, Rodrigo Pacheco (DEM-MG), para ampliar em R$ 16 bilh\u00f5es as emendas, em troca da aprova\u00e7\u00e3o da PEC que autorizou uma nova rodada do <strong>aux\u00edlio emergencial<\/strong> e medidas de contrapartidas fiscais, n\u00e3o foi cumprido por uma articula\u00e7\u00e3o que teve por tr\u00e1s o dedo, mais uma vez, do ministro do Desenvolvimento Regional, Rog\u00e9rio Marinho, com o intuito de ampliar recursos p\u00fablicos para obras.<\/p>\n<p>Marinho, que j\u00e1 foi secret\u00e1rio especial de Guedes, comandou uma articula\u00e7\u00e3o para reduzir as previs\u00e3o de despesas obrigat\u00f3rias, principalmente de benef\u00edcios do INSS. Com isso, o governo ter\u00e1 que cortar os gastos discricion\u00e1rios, incluindo investimentos e custeio da m\u00e1quina.<\/p>\n<p>Para o consultor de Or\u00e7amento da C\u00e2mara, Ricardo Volpe, o contingenciamento inicial permite o governo trabalhar por uns meses, mas ser\u00e1 preciso uma &#8220;reprioriza\u00e7\u00e3o&#8221; de gastos, com redu\u00e7\u00e3o de outras despesas, em sua maioria parte de emendas de relator<\/p>\n<p>Ele explica que o corte pode ser linear ou seletivo. Ele estima que o dinheiro necess\u00e1rio para o custeio da m\u00e1quina est\u00e1 em torno de R$ 40 bilh\u00f5es, mais R$ 25 bilh\u00f5es para rodar obras em andamento e outros R$ 20 bilh\u00f5es para o cumprimento de obriga\u00e7\u00f5es e m\u00ednimos constitucionais, num total de R$ 85 bilh\u00f5es. Com os R$ 49,5 bilh\u00f5es, previstos pelo Minist\u00e9rio da Economia, o Or\u00e7amento ficar\u00e1 no osso, diz Volpe.<\/p>\n<p>Segundo apurou o Estad\u00e3o, o presidente Bolsonaro n\u00e3o dever\u00e1 vetar o Or\u00e7amento, mesmo com recomenda\u00e7\u00e3o da \u00e1rea econ\u00f4mica de <strong>Paulo Guedes<\/strong>. Devido \u00e0 forma como \u00e9 escrito, \u00e9 muito dif\u00edcil fazer cortes seletivos. O presidente tamb\u00e9m n\u00e3o quer desagradar aliados. Mas ter\u00e1 que decidir quais dos seus ministros na Esplanada ser\u00e3o os mais afetados num contingenciamento dessa magnitude ou mesmo ter\u00e1 que optar pelo estouro do teto de gastos, com as consequ\u00eancias de ser responsabilizado por crime.<\/p>\n<p>As informa\u00e7\u00f5es s\u00e3o do jornal O Estado de S. Paulo.<\/p>\n<p><span data-sheets-value=\"{&quot;1&quot;:2,&quot;2&quot;:&quot;&quot;}\" data-sheets-userformat=\"{&quot;2&quot;:513,&quot;3&quot;:{&quot;1&quot;:0},&quot;12&quot;:0}\">\t<p>\n\t\t<a href=\"https:\/\/lp.suno.com.br\/planilha-de-controle-de-investimentos\/\" target=\"_blank\" data-element=\"shortcode-suno-banner\" title=\"Banner SUNO, clique e saiba mais\">\n\t\t\t<picture>\n\t\t\t\t<source media=\"(max-width: 500px)\" srcset=\"https:\/\/files.sunoresearch.com.br\/n\/uploads\/2023\/03\/400x300-Controle-de-Investimentos.png\">\n\t\t\t\t<img class=\"newsContent__article__imgCapa newsContent__article__imgCapa--banner\"\n\t\t\t\t\tsrc=\"https:\/\/files.sunoresearch.com.br\/n\/uploads\/2023\/03\/1420x240-Controle-de-Investimentos.png\"\n\t\t\t\t\tdata-promo-id=\"75934\"\t\t\t\t\t\t\t\t\t\twidth='1420' height='240'\t\t\t\t\talt=\"https:\/\/files.sunoresearch.com.br\/n\/uploads\/2023\/03\/1420x240-Controle-de-Investimentos.png\"\n\t\t\t\t>\n\t\t\t<\/picture>\n\t\t<\/a>\n\t<\/p>\n\n<\/span><\/p>\n","protected":false},"excerpt":{"rendered":"<p>O ministro da Economia, Paulo Guedes, criticou as manobras cont\u00e1beis do Congresso para acrescentar emendas parlamentares e avisou ao presidente da Rep\u00fablica, Jair Bolsonaro, que n\u00e3o ser\u00e1 poss\u00edvel executar o Or\u00e7amento de 2021. Reforma tribut\u00e1ria deve ser apreciada nesta semana pelo Congresso &#8211; Foto Alan Santos PR C\u00e1lculos da equipe econ\u00f4mica de Paulo Guedes feitos [&hellip;]<\/p>\n","protected":false},"author":43,"featured_media":130411,"comment_status":"closed","ping_status":"closed","sticky":false,"template":"","format":"standard","meta":[],"categories":[61],"tags":[106090,796],"suno_strategy":[],"class_list":["post-135180","post","type-post","status-publish","format-standard","has-post-thumbnail","hentry","category-politica","tag-lei-orcamentaria","tag-paulo-guedes"],"yoast_head":"<!-- This site is optimized with the Yoast SEO plugin v24.4 - https:\/\/yoast.com\/wordpress\/plugins\/seo\/ -->\n<title>Paulo Guedes avisa Bolsonaro que Or\u00e7amento \u00e9 imposs\u00edvel de executar<\/title>\n<meta name=\"description\" content=\"Manobra para inclus\u00e3o de R$ 50 bilh\u00f5es em emendas parlamentares inviabiliza Or\u00e7amento, de acordo com Paulo Guedes. Clique e veja mais!\" \/>\n<meta name=\"robots\" content=\"index, follow, max-snippet:-1, max-image-preview:large, max-video-preview:-1\" \/>\n<link rel=\"canonical\" href=\"https:\/\/www.suno.com.br\/noticias\/guedes-orcamento-2021-inexequivel\/\" \/>\n<meta property=\"og:locale\" content=\"pt_BR\" \/>\n<meta property=\"og:type\" content=\"article\" \/>\n<meta property=\"og:title\" content=\"Paulo Guedes avisa Bolsonaro que Or\u00e7amento \u00e9 imposs\u00edvel de executar\" \/>\n<meta property=\"og:description\" content=\"Manobra para inclus\u00e3o de R$ 50 bilh\u00f5es em emendas parlamentares inviabiliza Or\u00e7amento, de acordo com Paulo Guedes. Clique e veja mais!\" \/>\n<meta property=\"og:url\" content=\"https:\/\/www.suno.com.br\/noticias\/guedes-orcamento-2021-inexequivel\/\" \/>\n<meta property=\"og:site_name\" content=\"Suno Not\u00edcias\" \/>\n<meta property=\"article:publisher\" content=\"https:\/\/facebook.com\/sunoresearch\" \/>\n<meta property=\"article:author\" content=\"https:\/\/www.facebook.com\/sunonoticias\/\" \/>\n<meta property=\"og:image\" content=\"https:\/\/files.sunoresearch.com.br\/n\/uploads\/2021\/03\/42dda3a1-paulo-guedes-foto-alan-santos-pr.jpg\" \/>\n\t<meta property=\"og:image:width\" content=\"1200\" \/>\n\t<meta property=\"og:image:height\" content=\"800\" \/>\n\t<meta property=\"og:image:type\" content=\"image\/jpeg\" \/>\n<meta name=\"author\" content=\"Reda\u00e7\u00e3o Suno Not\u00edcias\" \/>\n<meta name=\"twitter:card\" content=\"summary_large_image\" \/>\n<meta name=\"twitter:creator\" content=\"@https:\/\/twitter.com\/sunoresearch\" \/>\n<meta name=\"twitter:site\" content=\"@sunoresearch\" \/>\n<meta name=\"twitter:label1\" content=\"Escrito por\" \/>\n\t<meta name=\"twitter:data1\" content=\"Reda\u00e7\u00e3o Suno Not\u00edcias\" \/>\n\t<meta name=\"twitter:label2\" content=\"Est. tempo de leitura\" \/>\n\t<meta name=\"twitter:data2\" content=\"4 minutos\" \/>\n<script type=\"application\/ld+json\" class=\"yoast-schema-graph\">{\"@context\":\"https:\/\/schema.org\",\"@graph\":[{\"@type\":\"NewsArticle\",\"@id\":\"https:\/\/www.suno.com.br\/noticias\/guedes-orcamento-2021-inexequivel\/#article\",\"isPartOf\":{\"@id\":\"https:\/\/www.suno.com.br\/noticias\/guedes-orcamento-2021-inexequivel\/\"},\"author\":{\"name\":\"Reda\u00e7\u00e3o Suno Not\u00edcias\",\"@id\":\"https:\/\/www.suno.com.br\/noticias\/#\/schema\/person\/c1b1bd3727fa852bd045e9dbff3673ea\"},\"headline\":\"Paulo Guedes avisa Bolsonaro que Or\u00e7amento 2021 \u00e9 imposs\u00edvel de ser executado\",\"datePublished\":\"2021-03-27T14:14:33+00:00\",\"mainEntityOfPage\":{\"@id\":\"https:\/\/www.suno.com.br\/noticias\/guedes-orcamento-2021-inexequivel\/\"},\"wordCount\":792,\"publisher\":{\"@id\":\"https:\/\/www.suno.com.br\/noticias\/#organization\"},\"image\":{\"@id\":\"https:\/\/www.suno.com.br\/noticias\/guedes-orcamento-2021-inexequivel\/#primaryimage\"},\"thumbnailUrl\":\"https:\/\/files.sunoresearch.com.br\/n\/uploads\/2021\/03\/42dda3a1-paulo-guedes-foto-alan-santos-pr-jpg.webp\",\"keywords\":[\"Lei Or\u00e7ament\u00e1ria\",\"Paulo Guedes\"],\"articleSection\":[\"Pol\u00edtica\"],\"inLanguage\":\"pt-BR\"},{\"@type\":\"WebPage\",\"@id\":\"https:\/\/www.suno.com.br\/noticias\/guedes-orcamento-2021-inexequivel\/\",\"url\":\"https:\/\/www.suno.com.br\/noticias\/guedes-orcamento-2021-inexequivel\/\",\"name\":\"Paulo Guedes avisa Bolsonaro que Or\u00e7amento \u00e9 imposs\u00edvel de executar\",\"isPartOf\":{\"@id\":\"https:\/\/www.suno.com.br\/noticias\/#website\"},\"primaryImageOfPage\":{\"@id\":\"https:\/\/www.suno.com.br\/noticias\/guedes-orcamento-2021-inexequivel\/#primaryimage\"},\"image\":{\"@id\":\"https:\/\/www.suno.com.br\/noticias\/guedes-orcamento-2021-inexequivel\/#primaryimage\"},\"thumbnailUrl\":\"https:\/\/files.sunoresearch.com.br\/n\/uploads\/2021\/03\/42dda3a1-paulo-guedes-foto-alan-santos-pr-jpg.webp\",\"datePublished\":\"2021-03-27T14:14:33+00:00\",\"description\":\"Manobra para inclus\u00e3o de R$ 50 bilh\u00f5es em emendas parlamentares inviabiliza Or\u00e7amento, de acordo com Paulo Guedes. Clique e veja mais!\",\"breadcrumb\":{\"@id\":\"https:\/\/www.suno.com.br\/noticias\/guedes-orcamento-2021-inexequivel\/#breadcrumb\"},\"inLanguage\":\"pt-BR\",\"potentialAction\":[{\"@type\":\"ReadAction\",\"target\":[\"https:\/\/www.suno.com.br\/noticias\/guedes-orcamento-2021-inexequivel\/\"]}]},{\"@type\":\"ImageObject\",\"inLanguage\":\"pt-BR\",\"@id\":\"https:\/\/www.suno.com.br\/noticias\/guedes-orcamento-2021-inexequivel\/#primaryimage\",\"url\":\"https:\/\/files.sunoresearch.com.br\/n\/uploads\/2021\/03\/42dda3a1-paulo-guedes-foto-alan-santos-pr-jpg.webp\",\"contentUrl\":\"https:\/\/files.sunoresearch.com.br\/n\/uploads\/2021\/03\/42dda3a1-paulo-guedes-foto-alan-santos-pr-jpg.webp\",\"width\":1200,\"height\":800,\"caption\":\"Reforma tribut\u00e1ria deve ser apreciada nesta semana pelo Congresso - Foto Alan Santos PR\"},{\"@type\":\"BreadcrumbList\",\"@id\":\"https:\/\/www.suno.com.br\/noticias\/guedes-orcamento-2021-inexequivel\/#breadcrumb\",\"itemListElement\":[{\"@type\":\"ListItem\",\"position\":1,\"name\":\"Not\u00edcias\",\"item\":\"https:\/\/www.suno.com.br\/noticias\/\"},{\"@type\":\"ListItem\",\"position\":2,\"name\":\"Pol\u00edtica\",\"item\":\"https:\/\/www.suno.com.br\/noticias\/politica\/\"},{\"@type\":\"ListItem\",\"position\":3,\"name\":\"Paulo Guedes avisa Bolsonaro que Or\u00e7amento 2021 \u00e9 imposs\u00edvel de ser executado\"}]},{\"@type\":\"WebSite\",\"@id\":\"https:\/\/www.suno.com.br\/noticias\/#website\",\"url\":\"https:\/\/www.suno.com.br\/noticias\/\",\"name\":\"Suno Not\u00edcias\",\"description\":\"Seu portal de informa\u00e7\u00e3o sobre o mundo dos investimentos\",\"publisher\":{\"@id\":\"https:\/\/www.suno.com.br\/noticias\/#organization\"},\"potentialAction\":[{\"@type\":\"SearchAction\",\"target\":{\"@type\":\"EntryPoint\",\"urlTemplate\":\"https:\/\/www.suno.com.br\/noticias\/?s={search_term_string}\"},\"query-input\":{\"@type\":\"PropertyValueSpecification\",\"valueRequired\":true,\"valueName\":\"search_term_string\"}}],\"inLanguage\":\"pt-BR\"},{\"@type\":\"Organization\",\"@id\":\"https:\/\/www.suno.com.br\/noticias\/#organization\",\"name\":\"Suno Not\u00edcias\",\"url\":\"https:\/\/www.suno.com.br\/noticias\/\",\"logo\":{\"@type\":\"ImageObject\",\"inLanguage\":\"pt-BR\",\"@id\":\"https:\/\/www.suno.com.br\/noticias\/#\/schema\/logo\/image\/\",\"url\":\"https:\/\/files.sunoresearch.com.br\/n\/uploads\/2021\/09\/suno-logo.png\",\"contentUrl\":\"https:\/\/files.sunoresearch.com.br\/n\/uploads\/2021\/09\/suno-logo.png\",\"width\":180,\"height\":180,\"caption\":\"Suno Not\u00edcias\"},\"image\":{\"@id\":\"https:\/\/www.suno.com.br\/noticias\/#\/schema\/logo\/image\/\"},\"sameAs\":[\"https:\/\/facebook.com\/sunoresearch\",\"https:\/\/x.com\/sunoresearch\",\"https:\/\/www.instagram.com\/suno\",\"https:\/\/www.linkedin.com\/company\/suno-research\/\",\"https:\/\/www.youtube.com\/c\/sunoresearch\"]},{\"@type\":\"Person\",\"@id\":\"https:\/\/www.suno.com.br\/noticias\/#\/schema\/person\/c1b1bd3727fa852bd045e9dbff3673ea\",\"name\":\"Reda\u00e7\u00e3o Suno Not\u00edcias\",\"image\":{\"@type\":\"ImageObject\",\"inLanguage\":\"pt-BR\",\"@id\":\"https:\/\/www.suno.com.br\/noticias\/#\/schema\/person\/image\/\",\"url\":\"https:\/\/secure.gravatar.com\/avatar\/b8104b9b5a71985d5238ee59fbe418af?s=96&r=g\",\"contentUrl\":\"https:\/\/secure.gravatar.com\/avatar\/b8104b9b5a71985d5238ee59fbe418af?s=96&r=g\",\"caption\":\"Reda\u00e7\u00e3o Suno Not\u00edcias\"},\"description\":\"O Suno Not\u00edcias \u00e9 um portal de informa\u00e7\u00f5es sobre Mercado Financeiro, Pol\u00edtica, Neg\u00f3cios, Economia e Finan\u00e7as Pessoais.\",\"sameAs\":[\"https:\/\/www.suno.com.br\/noticias\",\"https:\/\/www.facebook.com\/sunonoticias\/\",\"https:\/\/www.instagram.com\/sunonoticias\/\",\"https:\/\/x.com\/https:\/\/twitter.com\/sunoresearch\",\"https:\/\/www.youtube.com\/sunonoticias\"],\"url\":\"https:\/\/www.suno.com.br\/noticias\/author\/redacao-suno\/\"}]}<\/script>\n<!-- \/ Yoast SEO plugin. -->","yoast_head_json":{"title":"Paulo Guedes avisa Bolsonaro que Or\u00e7amento \u00e9 imposs\u00edvel de executar","description":"Manobra para inclus\u00e3o de R$ 50 bilh\u00f5es em emendas parlamentares inviabiliza Or\u00e7amento, de acordo com Paulo Guedes. Clique e veja mais!","robots":{"index":"index","follow":"follow","max-snippet":"max-snippet:-1","max-image-preview":"max-image-preview:large","max-video-preview":"max-video-preview:-1"},"canonical":"https:\/\/www.suno.com.br\/noticias\/guedes-orcamento-2021-inexequivel\/","og_locale":"pt_BR","og_type":"article","og_title":"Paulo Guedes avisa Bolsonaro que Or\u00e7amento \u00e9 imposs\u00edvel de executar","og_description":"Manobra para inclus\u00e3o de R$ 50 bilh\u00f5es em emendas parlamentares inviabiliza Or\u00e7amento, de acordo com Paulo Guedes. Clique e veja mais!","og_url":"https:\/\/www.suno.com.br\/noticias\/guedes-orcamento-2021-inexequivel\/","og_site_name":"Suno Not\u00edcias","article_publisher":"https:\/\/facebook.com\/sunoresearch","article_author":"https:\/\/www.facebook.com\/sunonoticias\/","og_image":[{"width":1200,"height":800,"url":"https:\/\/files.sunoresearch.com.br\/n\/uploads\/2021\/03\/42dda3a1-paulo-guedes-foto-alan-santos-pr.jpg","type":"image\/jpeg"}],"author":"Reda\u00e7\u00e3o Suno Not\u00edcias","twitter_card":"summary_large_image","twitter_creator":"@https:\/\/twitter.com\/sunoresearch","twitter_site":"@sunoresearch","twitter_misc":{"Escrito por":"Reda\u00e7\u00e3o Suno Not\u00edcias","Est. tempo de leitura":"4 minutos"},"schema":{"@context":"https:\/\/schema.org","@graph":[{"@type":"NewsArticle","@id":"https:\/\/www.suno.com.br\/noticias\/guedes-orcamento-2021-inexequivel\/#article","isPartOf":{"@id":"https:\/\/www.suno.com.br\/noticias\/guedes-orcamento-2021-inexequivel\/"},"author":{"name":"Reda\u00e7\u00e3o Suno Not\u00edcias","@id":"https:\/\/www.suno.com.br\/noticias\/#\/schema\/person\/c1b1bd3727fa852bd045e9dbff3673ea"},"headline":"Paulo Guedes avisa Bolsonaro que Or\u00e7amento 2021 \u00e9 imposs\u00edvel de ser executado","datePublished":"2021-03-27T14:14:33+00:00","mainEntityOfPage":{"@id":"https:\/\/www.suno.com.br\/noticias\/guedes-orcamento-2021-inexequivel\/"},"wordCount":792,"publisher":{"@id":"https:\/\/www.suno.com.br\/noticias\/#organization"},"image":{"@id":"https:\/\/www.suno.com.br\/noticias\/guedes-orcamento-2021-inexequivel\/#primaryimage"},"thumbnailUrl":"https:\/\/files.sunoresearch.com.br\/n\/uploads\/2021\/03\/42dda3a1-paulo-guedes-foto-alan-santos-pr-jpg.webp","keywords":["Lei Or\u00e7ament\u00e1ria","Paulo Guedes"],"articleSection":["Pol\u00edtica"],"inLanguage":"pt-BR"},{"@type":"WebPage","@id":"https:\/\/www.suno.com.br\/noticias\/guedes-orcamento-2021-inexequivel\/","url":"https:\/\/www.suno.com.br\/noticias\/guedes-orcamento-2021-inexequivel\/","name":"Paulo Guedes avisa Bolsonaro que Or\u00e7amento \u00e9 imposs\u00edvel de executar","isPartOf":{"@id":"https:\/\/www.suno.com.br\/noticias\/#website"},"primaryImageOfPage":{"@id":"https:\/\/www.suno.com.br\/noticias\/guedes-orcamento-2021-inexequivel\/#primaryimage"},"image":{"@id":"https:\/\/www.suno.com.br\/noticias\/guedes-orcamento-2021-inexequivel\/#primaryimage"},"thumbnailUrl":"https:\/\/files.sunoresearch.com.br\/n\/uploads\/2021\/03\/42dda3a1-paulo-guedes-foto-alan-santos-pr-jpg.webp","datePublished":"2021-03-27T14:14:33+00:00","description":"Manobra para inclus\u00e3o de R$ 50 bilh\u00f5es em emendas parlamentares inviabiliza Or\u00e7amento, de acordo com Paulo Guedes. Clique e veja mais!","breadcrumb":{"@id":"https:\/\/www.suno.com.br\/noticias\/guedes-orcamento-2021-inexequivel\/#breadcrumb"},"inLanguage":"pt-BR","potentialAction":[{"@type":"ReadAction","target":["https:\/\/www.suno.com.br\/noticias\/guedes-orcamento-2021-inexequivel\/"]}]},{"@type":"ImageObject","inLanguage":"pt-BR","@id":"https:\/\/www.suno.com.br\/noticias\/guedes-orcamento-2021-inexequivel\/#primaryimage","url":"https:\/\/files.sunoresearch.com.br\/n\/uploads\/2021\/03\/42dda3a1-paulo-guedes-foto-alan-santos-pr-jpg.webp","contentUrl":"https:\/\/files.sunoresearch.com.br\/n\/uploads\/2021\/03\/42dda3a1-paulo-guedes-foto-alan-santos-pr-jpg.webp","width":1200,"height":800,"caption":"Reforma tribut\u00e1ria deve ser apreciada nesta semana pelo Congresso - Foto Alan Santos PR"},{"@type":"BreadcrumbList","@id":"https:\/\/www.suno.com.br\/noticias\/guedes-orcamento-2021-inexequivel\/#breadcrumb","itemListElement":[{"@type":"ListItem","position":1,"name":"Not\u00edcias","item":"https:\/\/www.suno.com.br\/noticias\/"},{"@type":"ListItem","position":2,"name":"Pol\u00edtica","item":"https:\/\/www.suno.com.br\/noticias\/politica\/"},{"@type":"ListItem","position":3,"name":"Paulo Guedes avisa Bolsonaro que Or\u00e7amento 2021 \u00e9 imposs\u00edvel de ser executado"}]},{"@type":"WebSite","@id":"https:\/\/www.suno.com.br\/noticias\/#website","url":"https:\/\/www.suno.com.br\/noticias\/","name":"Suno Not\u00edcias","description":"Seu portal de informa\u00e7\u00e3o sobre o mundo dos investimentos","publisher":{"@id":"https:\/\/www.suno.com.br\/noticias\/#organization"},"potentialAction":[{"@type":"SearchAction","target":{"@type":"EntryPoint","urlTemplate":"https:\/\/www.suno.com.br\/noticias\/?s={search_term_string}"},"query-input":{"@type":"PropertyValueSpecification","valueRequired":true,"valueName":"search_term_string"}}],"inLanguage":"pt-BR"},{"@type":"Organization","@id":"https:\/\/www.suno.com.br\/noticias\/#organization","name":"Suno Not\u00edcias","url":"https:\/\/www.suno.com.br\/noticias\/","logo":{"@type":"ImageObject","inLanguage":"pt-BR","@id":"https:\/\/www.suno.com.br\/noticias\/#\/schema\/logo\/image\/","url":"https:\/\/files.sunoresearch.com.br\/n\/uploads\/2021\/09\/suno-logo.png","contentUrl":"https:\/\/files.sunoresearch.com.br\/n\/uploads\/2021\/09\/suno-logo.png","width":180,"height":180,"caption":"Suno Not\u00edcias"},"image":{"@id":"https:\/\/www.suno.com.br\/noticias\/#\/schema\/logo\/image\/"},"sameAs":["https:\/\/facebook.com\/sunoresearch","https:\/\/x.com\/sunoresearch","https:\/\/www.instagram.com\/suno","https:\/\/www.linkedin.com\/company\/suno-research\/","https:\/\/www.youtube.com\/c\/sunoresearch"]},{"@type":"Person","@id":"https:\/\/www.suno.com.br\/noticias\/#\/schema\/person\/c1b1bd3727fa852bd045e9dbff3673ea","name":"Reda\u00e7\u00e3o Suno Not\u00edcias","image":{"@type":"ImageObject","inLanguage":"pt-BR","@id":"https:\/\/www.suno.com.br\/noticias\/#\/schema\/person\/image\/","url":"https:\/\/secure.gravatar.com\/avatar\/b8104b9b5a71985d5238ee59fbe418af?s=96&r=g","contentUrl":"https:\/\/secure.gravatar.com\/avatar\/b8104b9b5a71985d5238ee59fbe418af?s=96&r=g","caption":"Reda\u00e7\u00e3o Suno Not\u00edcias"},"description":"O Suno Not\u00edcias \u00e9 um portal de informa\u00e7\u00f5es sobre Mercado Financeiro, Pol\u00edtica, Neg\u00f3cios, Economia e Finan\u00e7as Pessoais.","sameAs":["https:\/\/www.suno.com.br\/noticias","https:\/\/www.facebook.com\/sunonoticias\/","https:\/\/www.instagram.com\/sunonoticias\/","https:\/\/x.com\/https:\/\/twitter.com\/sunoresearch","https:\/\/www.youtube.com\/sunonoticias"],"url":"https:\/\/www.suno.com.br\/noticias\/author\/redacao-suno\/"}]}},"default_loop_html":"<div class=\"cardsPage__listCard__boxs\"><div class=\"cardsPage__listCard__boxs__img\"><a href=\"https:\/\/www.suno.com.br\/noticias\/guedes-orcamento-2021-inexequivel\/\"><img class=\"mask\" src=\"https:\/\/www.suno.com.br\/noticias\/wp-content\/themes\/suno\/resources\/images\/spotlight\/spotlight1img\/bg-mask.png\" alt=\"Image Mask\"\/><img src=\"https:\/\/files.sunoresearch.com.br\/n\/uploads\/2021\/03\/42dda3a1-paulo-guedes-foto-alan-santos-pr-400x200.webp\" alt=\"Paulo Guedes avisa Bolsonaro que Or\u00e7amento 2021 \u00e9 imposs\u00edvel de ser executado\"\/><\/a><span class=\"spotlightCategory\"><a href=\"https:\/\/www.suno.com.br\/noticias\/politica\/\">Pol\u00edtica<\/a><\/span><\/div><div class=\"cardsPage__listCard__boxs__content\"><a href=\"https:\/\/www.suno.com.br\/noticias\/guedes-orcamento-2021-inexequivel\/\"><h2 class=\"content__title\">Paulo Guedes avisa Bolsonaro que Or\u00e7amento 2021 \u00e9 imposs\u00edvel de ser executado<\/h2><\/a><div class=\"newsContent__article__meta\"><div class=\"newsContent__article__meta__authorBox\"><a href=\"https:\/\/www.suno.com.br\/noticias\/author\/redacao-suno\/\" class=\"authorBox__avatar noMobi\"><img src=\"https:\/\/files.sunoresearch.com.br\/n\/uploads\/2020\/08\/0ace682d-redacao-1-150x150.webp\" alt=\"Reda\u00e7\u00e3o Suno Not\u00edcias\"><\/a><div class=\"authorBox__name\"><span>por\n\t\t\t<a href=\"https:\/\/www.suno.com.br\/noticias\/author\/redacao-suno\/\"><span itemprop=\"author\">Reda\u00e7\u00e3o Suno Not\u00edcias<\/span><\/a><\/span><time datetime=\"2021-03-27T11:14:33-03:00\" itemprop=\"datePublished\">27\/03\/2021 11:14<\/time><\/div><\/div><\/div><\/div><\/div>","single_layout":"posts","amp_enabled":true,"_links":{"self":[{"href":"https:\/\/www.suno.com.br\/noticias\/wp-json\/wp\/v2\/posts\/135180"}],"collection":[{"href":"https:\/\/www.suno.com.br\/noticias\/wp-json\/wp\/v2\/posts"}],"about":[{"href":"https:\/\/www.suno.com.br\/noticias\/wp-json\/wp\/v2\/types\/post"}],"author":[{"embeddable":true,"href":"https:\/\/www.suno.com.br\/noticias\/wp-json\/wp\/v2\/users\/43"}],"replies":[{"embeddable":true,"href":"https:\/\/www.suno.com.br\/noticias\/wp-json\/wp\/v2\/comments?post=135180"}],"version-history":[{"count":2,"href":"https:\/\/www.suno.com.br\/noticias\/wp-json\/wp\/v2\/posts\/135180\/revisions"}],"predecessor-version":[{"id":135193,"href":"https:\/\/www.suno.com.br\/noticias\/wp-json\/wp\/v2\/posts\/135180\/revisions\/135193"}],"wp:featuredmedia":[{"embeddable":true,"href":"https:\/\/www.suno.com.br\/noticias\/wp-json\/wp\/v2\/media\/130411"}],"wp:attachment":[{"href":"https:\/\/www.suno.com.br\/noticias\/wp-json\/wp\/v2\/media?parent=135180"}],"wp:term":[{"taxonomy":"category","embeddable":true,"href":"https:\/\/www.suno.com.br\/noticias\/wp-json\/wp\/v2\/categories?post=135180"},{"taxonomy":"post_tag","embeddable":true,"href":"https:\/\/www.suno.com.br\/noticias\/wp-json\/wp\/v2\/tags?post=135180"},{"taxonomy":"suno_strategy","embeddable":true,"href":"https:\/\/www.suno.com.br\/noticias\/wp-json\/wp\/v2\/suno_strategy?post=135180"}],"curies":[{"name":"wp","href":"https:\/\/api.w.org\/{rel}","templated":true}]}}