{"id":13506,"date":"2019-01-30T14:54:20","date_gmt":"2019-01-30T16:54:20","guid":{"rendered":"https:\/\/www.suno.com.br\/noticias\/?p=13506"},"modified":"2019-01-30T17:27:21","modified_gmt":"2019-01-30T19:27:21","slug":"hidreletrica-suspende-operacoes-desastre-vale","status":"publish","type":"post","link":"https:\/\/www.suno.com.br\/noticias\/hidreletrica-suspende-operacoes-desastre-vale\/","title":{"rendered":"Hidrel\u00e9trica de Retiro Baixo suspende opera\u00e7\u00f5es ap\u00f3s desastre da Vale"},"content":{"rendered":"<p>A hidrel\u00e9trica de Retiro Baixo (MG), suspendeu suas opera\u00e7\u00f5es. De acordo com comunicado da Eletrobras na \u00faltima ter\u00e7a-feira (29), a paralisa\u00e7\u00e3o \u00e9 para preservar os equipamentos.<\/p>\t<div class=\"wrapper-featured-image\">\n\t\t<figure class=\"spotlightImg\">\n\n\t\t\t<picture>\n\t\t\t\t<source media=\"(max-width: 768px)\" srcset=\"https:\/\/files.sunoresearch.com.br\/n\/uploads\/2019\/01\/14376712-vale-400x200.webp\">\n\t\t\t\t<img loading=\"lazy\" decoding=\"async\" class=\"newsContent__article__imgCapa lazyloadDisabled newsContent__article__imgCapa--noCaption\" src=\"https:\/\/files.sunoresearch.com.br\/n\/uploads\/2019\/01\/14376712-vale-800x450.webp\" width=\"800\" height=\"450\" alt=\"Hidrel\u00e9trica de Retiro Baixo suspende opera\u00e7\u00f5es ap\u00f3s desastre da Vale\" fetchpriority=high \/>\n\t\t\t<\/picture>\n\n\t\t\t<figcaption class=\"wp-caption-text wp-caption-text--hide\">Hidrel\u00e9trica de Retiro Baixo suspende opera\u00e7\u00f5es ap\u00f3s desastre da Vale<\/figcaption>\n\t\t<\/figure>\n\t<\/div>\n\n\n<p>&#8220;Foi interrompida a opera\u00e7\u00e3o da usina, realizados testes de vertedouro e fechadas as tomadas de \u00e1gua para preservar os equipamentos&#8221;, afirmou a Furnas, subsidi\u00e1ria da <strong>Eletrobras<\/strong> e s\u00f3cia da <strong>hidrel\u00e9trica de Retiro Baixo<\/strong>, dias ap\u00f3s a barragem da <strong>Vale<\/strong> ser rompida em Brumadinho (MG).<\/p>\n<p>A usina tem capacidade para 82 megawatts e tem como s\u00f3cios a <strong>Furnas<\/strong>, subsidi\u00e1ria da Eletrobras, e tamb\u00e9m a Cemig.<\/p>\n<p><span style=\"font-size: 1.21429rem;\">A Furnas afirmou que &#8220;est\u00e1 em contato com as autoridades competentes para avaliar os reflexos causados pelo deslocamento da <strong>lama<\/strong> e tomar novas provid\u00eancias&#8221;.<\/span><\/p>\n<p>Al\u00e9m disso, garante que &#8220;a barragem de Retiro Baixo est\u00e1 em condi\u00e7\u00f5es adequadas de seguran\u00e7a&#8221;. De acordo com a empresa, a barragem foi fiscalizada pela <strong>Ag\u00eancia Nacional de Energia El\u00e9trica (Aneel)<\/strong> em 2018.<\/p>\n<p><a href=\"https:\/\/www.suno.com.br\/noticias\/acoes-vale-registram-alta-quarta\/\">Saiba mais:\u00a0A\u00e7\u00f5es da Vale registram forte alta nesta quarta-feira<\/a><\/p>\n<p><a href=\"https:\/\/www.suno.com.br\/noticias\/vale-barragens-producao-reducao\/\">Saiba mais:\u00a0Decis\u00e3o da Vale sobre barragens deve reduzir produ\u00e7\u00e3o<\/a><\/p>\n<div class=\"wall protected-content\">\n<div class=\"mc-column content-text active-extra-styles \" data-block-type=\"unstyled\" data-block-weight=\"28\" data-block-id=\"4\">\n<p class=\"content-text__container \" data-track-category=\"Link no Texto\" data-track-links=\"\">A suspens\u00e3o das opera\u00e7\u00f5es n\u00e3o possui efeitos relevantes na<strong> oferta de energia<\/strong>, porque a unidade \u00e9 de pequeno porte. No entanto, a paralisa\u00e7\u00e3o pode se prolongar de acordo com a quantidade e densidade dos rejeitos.<\/p>\n<h2 data-track-category=\"Link no Texto\">N\u00fameros da trag\u00e9dia<\/h2>\n<p>Nesta quarta-feira (30), foram retomadas as buscas em Brumadinho. Esse \u00e9 o 6\u00ba dia de trabalho e possui o agravante da lama estar mais seca, o que dificulta o trabalho de buscas.<\/p>\n<p>No entanto, de acordo com a Defesa Civil de Minas Gerais, at\u00e9 o momento foram confirmados:<\/p>\n<ul>\n<li>84 mortos (51 identificados);<\/li>\n<li>276 desaparecidos (106 funcion\u00e1rios da Vale e 170 terceirizados ou moradores da cidade).<\/li>\n<\/ul>\n<h2>Hidrel\u00e9trica n\u00e3o funciona desde Mariana<\/h2>\n<\/div>\n<div class=\"mc-column content-text active-extra-styles \" data-block-type=\"unstyled\" data-block-weight=\"47\" data-block-id=\"5\">\n<p class=\"content-text__container \" data-track-category=\"Link no Texto\" data-track-links=\"\">Al\u00e9m da <strong>hidrel\u00e9trica de Retiro Baixo<\/strong>, a de Candonga (MG), ainda n\u00e3o retomou os trabalhos desde 2015 por conta do fluxo de rejeitos do rompimento da barragem da Samarco, empresa da <strong>Vale<\/strong> e da BHP, localizada em <strong>Mariana<\/strong> (MG).<\/p>\n<\/div>\n<\/div>\n","protected":false},"excerpt":{"rendered":"<p>A hidrel\u00e9trica de Retiro Baixo (MG), suspendeu suas opera\u00e7\u00f5es. De acordo com comunicado da Eletrobras na \u00faltima ter\u00e7a-feira (29), a paralisa\u00e7\u00e3o \u00e9 para preservar os equipamentos. Hidrel\u00e9trica de Retiro Baixo suspende opera\u00e7\u00f5es ap\u00f3s desastre da Vale &#8220;Foi interrompida a opera\u00e7\u00e3o da usina, realizados testes de vertedouro e fechadas as tomadas de \u00e1gua para preservar os [&hellip;]<\/p>\n","protected":false},"author":11,"featured_media":13509,"comment_status":"closed","ping_status":"closed","sticky":false,"template":"","format":"standard","meta":[],"categories":[64],"tags":[1032,455,676],"suno_strategy":[],"class_list":["post-13506","post","type-post","status-publish","format-standard","has-post-thumbnail","hentry","category-negocios","tag-brumadinho","tag-eletrobras-elet3-elet5-elet6","tag-vale-vale3"],"yoast_head":"<!-- This site is optimized with the Yoast SEO plugin v24.4 - https:\/\/yoast.com\/wordpress\/plugins\/seo\/ -->\n<title>Hidrel\u00e9trica de Retiro Baixo suspende opera\u00e7\u00f5es ap\u00f3s desastre da Vale<\/title>\n<meta name=\"description\" content=\"Esse \u00e9 segundo acidente de rompimento de barragem da Vale; Em 2015, Mariana (MG) foi devastada pelos rejeitos. Clique para saber mais.\" \/>\n<meta name=\"robots\" content=\"index, follow, max-snippet:-1, max-image-preview:large, max-video-preview:-1\" \/>\n<link rel=\"canonical\" href=\"https:\/\/www.suno.com.br\/noticias\/hidreletrica-suspende-operacoes-desastre-vale\/\" \/>\n<meta property=\"og:locale\" content=\"pt_BR\" \/>\n<meta property=\"og:type\" content=\"article\" \/>\n<meta property=\"og:title\" content=\"Hidrel\u00e9trica de Retiro Baixo suspende opera\u00e7\u00f5es ap\u00f3s desastre da Vale\" \/>\n<meta property=\"og:description\" content=\"Esse \u00e9 segundo acidente de rompimento de barragem da Vale; Em 2015, Mariana (MG) foi devastada pelos rejeitos. Clique para saber mais.\" \/>\n<meta property=\"og:url\" content=\"https:\/\/www.suno.com.br\/noticias\/hidreletrica-suspende-operacoes-desastre-vale\/\" \/>\n<meta property=\"og:site_name\" content=\"Suno Not\u00edcias\" \/>\n<meta property=\"article:publisher\" content=\"https:\/\/facebook.com\/sunoresearch\" \/>\n<meta property=\"og:image\" content=\"https:\/\/files.sunoresearch.com.br\/n\/uploads\/2019\/01\/14376712-vale.jpg\" \/>\n\t<meta property=\"og:image:width\" content=\"1140\" \/>\n\t<meta property=\"og:image:height\" content=\"760\" \/>\n\t<meta property=\"og:image:type\" content=\"image\/jpeg\" \/>\n<meta name=\"author\" content=\"Renan Bandeira\" \/>\n<meta name=\"twitter:card\" content=\"summary_large_image\" \/>\n<meta name=\"twitter:creator\" content=\"@sunoresearch\" \/>\n<meta name=\"twitter:site\" content=\"@sunoresearch\" \/>\n<meta name=\"twitter:label1\" content=\"Escrito por\" \/>\n\t<meta name=\"twitter:data1\" content=\"Renan Bandeira\" \/>\n\t<meta name=\"twitter:label2\" content=\"Est. tempo de leitura\" \/>\n\t<meta name=\"twitter:data2\" content=\"2 minutos\" \/>\n<script type=\"application\/ld+json\" class=\"yoast-schema-graph\">{\"@context\":\"https:\/\/schema.org\",\"@graph\":[{\"@type\":\"NewsArticle\",\"@id\":\"https:\/\/www.suno.com.br\/noticias\/hidreletrica-suspende-operacoes-desastre-vale\/#article\",\"isPartOf\":{\"@id\":\"https:\/\/www.suno.com.br\/noticias\/hidreletrica-suspende-operacoes-desastre-vale\/\"},\"author\":{\"name\":\"Renan Bandeira\",\"@id\":\"https:\/\/www.suno.com.br\/noticias\/#\/schema\/person\/fc144a1c6108bd1dcd43784e88a3c138\"},\"headline\":\"Hidrel\u00e9trica de Retiro Baixo suspende opera\u00e7\u00f5es ap\u00f3s desastre da Vale\",\"datePublished\":\"2019-01-30T16:54:20+00:00\",\"dateModified\":\"2019-01-30T19:27:21+00:00\",\"mainEntityOfPage\":{\"@id\":\"https:\/\/www.suno.com.br\/noticias\/hidreletrica-suspende-operacoes-desastre-vale\/\"},\"wordCount\":346,\"publisher\":{\"@id\":\"https:\/\/www.suno.com.br\/noticias\/#organization\"},\"image\":{\"@id\":\"https:\/\/www.suno.com.br\/noticias\/hidreletrica-suspende-operacoes-desastre-vale\/#primaryimage\"},\"thumbnailUrl\":\"https:\/\/files.sunoresearch.com.br\/n\/uploads\/2019\/01\/14376712-vale-jpg.webp\",\"keywords\":[\"Brumadinho\",\"Eletrobras (ELET3\/ELET5\/ELET6)\",\"Vale (VALE3)\"],\"articleSection\":[\"Neg\u00f3cios\"],\"inLanguage\":\"pt-BR\"},{\"@type\":\"WebPage\",\"@id\":\"https:\/\/www.suno.com.br\/noticias\/hidreletrica-suspende-operacoes-desastre-vale\/\",\"url\":\"https:\/\/www.suno.com.br\/noticias\/hidreletrica-suspende-operacoes-desastre-vale\/\",\"name\":\"Hidrel\u00e9trica de Retiro Baixo suspende opera\u00e7\u00f5es ap\u00f3s desastre da Vale\",\"isPartOf\":{\"@id\":\"https:\/\/www.suno.com.br\/noticias\/#website\"},\"primaryImageOfPage\":{\"@id\":\"https:\/\/www.suno.com.br\/noticias\/hidreletrica-suspende-operacoes-desastre-vale\/#primaryimage\"},\"image\":{\"@id\":\"https:\/\/www.suno.com.br\/noticias\/hidreletrica-suspende-operacoes-desastre-vale\/#primaryimage\"},\"thumbnailUrl\":\"https:\/\/files.sunoresearch.com.br\/n\/uploads\/2019\/01\/14376712-vale-jpg.webp\",\"datePublished\":\"2019-01-30T16:54:20+00:00\",\"dateModified\":\"2019-01-30T19:27:21+00:00\",\"description\":\"Esse \u00e9 segundo acidente de rompimento de barragem da Vale; Em 2015, Mariana (MG) foi devastada pelos rejeitos. Clique para saber mais.\",\"breadcrumb\":{\"@id\":\"https:\/\/www.suno.com.br\/noticias\/hidreletrica-suspende-operacoes-desastre-vale\/#breadcrumb\"},\"inLanguage\":\"pt-BR\",\"potentialAction\":[{\"@type\":\"ReadAction\",\"target\":[\"https:\/\/www.suno.com.br\/noticias\/hidreletrica-suspende-operacoes-desastre-vale\/\"]}]},{\"@type\":\"ImageObject\",\"inLanguage\":\"pt-BR\",\"@id\":\"https:\/\/www.suno.com.br\/noticias\/hidreletrica-suspende-operacoes-desastre-vale\/#primaryimage\",\"url\":\"https:\/\/files.sunoresearch.com.br\/n\/uploads\/2019\/01\/14376712-vale-jpg.webp\",\"contentUrl\":\"https:\/\/files.sunoresearch.com.br\/n\/uploads\/2019\/01\/14376712-vale-jpg.webp\",\"width\":1140,\"height\":760,\"caption\":\"Hidrel\u00e9trica de Retiro Baixo suspende opera\u00e7\u00f5es ap\u00f3s desastre da Vale\"},{\"@type\":\"BreadcrumbList\",\"@id\":\"https:\/\/www.suno.com.br\/noticias\/hidreletrica-suspende-operacoes-desastre-vale\/#breadcrumb\",\"itemListElement\":[{\"@type\":\"ListItem\",\"position\":1,\"name\":\"Not\u00edcias\",\"item\":\"https:\/\/www.suno.com.br\/noticias\/\"},{\"@type\":\"ListItem\",\"position\":2,\"name\":\"Neg\u00f3cios\",\"item\":\"https:\/\/www.suno.com.br\/noticias\/negocios\/\"},{\"@type\":\"ListItem\",\"position\":3,\"name\":\"Hidrel\u00e9trica de Retiro Baixo suspende opera\u00e7\u00f5es ap\u00f3s desastre da Vale\"}]},{\"@type\":\"WebSite\",\"@id\":\"https:\/\/www.suno.com.br\/noticias\/#website\",\"url\":\"https:\/\/www.suno.com.br\/noticias\/\",\"name\":\"Suno Not\u00edcias\",\"description\":\"Seu portal de informa\u00e7\u00e3o sobre o mundo dos investimentos\",\"publisher\":{\"@id\":\"https:\/\/www.suno.com.br\/noticias\/#organization\"},\"potentialAction\":[{\"@type\":\"SearchAction\",\"target\":{\"@type\":\"EntryPoint\",\"urlTemplate\":\"https:\/\/www.suno.com.br\/noticias\/?s={search_term_string}\"},\"query-input\":{\"@type\":\"PropertyValueSpecification\",\"valueRequired\":true,\"valueName\":\"search_term_string\"}}],\"inLanguage\":\"pt-BR\"},{\"@type\":\"Organization\",\"@id\":\"https:\/\/www.suno.com.br\/noticias\/#organization\",\"name\":\"Suno Not\u00edcias\",\"url\":\"https:\/\/www.suno.com.br\/noticias\/\",\"logo\":{\"@type\":\"ImageObject\",\"inLanguage\":\"pt-BR\",\"@id\":\"https:\/\/www.suno.com.br\/noticias\/#\/schema\/logo\/image\/\",\"url\":\"https:\/\/files.sunoresearch.com.br\/n\/uploads\/2021\/09\/suno-logo.png\",\"contentUrl\":\"https:\/\/files.sunoresearch.com.br\/n\/uploads\/2021\/09\/suno-logo.png\",\"width\":180,\"height\":180,\"caption\":\"Suno Not\u00edcias\"},\"image\":{\"@id\":\"https:\/\/www.suno.com.br\/noticias\/#\/schema\/logo\/image\/\"},\"sameAs\":[\"https:\/\/facebook.com\/sunoresearch\",\"https:\/\/x.com\/sunoresearch\",\"https:\/\/www.instagram.com\/suno\",\"https:\/\/www.linkedin.com\/company\/suno-research\/\",\"https:\/\/www.youtube.com\/c\/sunoresearch\"]},{\"@type\":\"Person\",\"@id\":\"https:\/\/www.suno.com.br\/noticias\/#\/schema\/person\/fc144a1c6108bd1dcd43784e88a3c138\",\"name\":\"Renan Bandeira\",\"image\":{\"@type\":\"ImageObject\",\"inLanguage\":\"pt-BR\",\"@id\":\"https:\/\/www.suno.com.br\/noticias\/#\/schema\/person\/image\/\",\"url\":\"https:\/\/secure.gravatar.com\/avatar\/68359cdb608f14f11bbefcb78f3fc747?s=96&r=g\",\"contentUrl\":\"https:\/\/secure.gravatar.com\/avatar\/68359cdb608f14f11bbefcb78f3fc747?s=96&r=g\",\"caption\":\"Renan Bandeira\"},\"description\":\"Renan Bandeira escreve sobre pol\u00edtica e economia para o portal da Suno Research. Antes da Suno, trabalhou em uma rede de televis\u00e3o, onde fazia reportagens sobre os mesmos temas. Estuda na Universidade Metodista de S\u00e3o Paulo.\",\"url\":\"https:\/\/www.suno.com.br\/noticias\/author\/renan-bandeira\/\"}]}<\/script>\n<!-- \/ Yoast SEO plugin. -->","yoast_head_json":{"title":"Hidrel\u00e9trica de Retiro Baixo suspende opera\u00e7\u00f5es ap\u00f3s desastre da Vale","description":"Esse \u00e9 segundo acidente de rompimento de barragem da Vale; Em 2015, Mariana (MG) foi devastada pelos rejeitos. Clique para saber mais.","robots":{"index":"index","follow":"follow","max-snippet":"max-snippet:-1","max-image-preview":"max-image-preview:large","max-video-preview":"max-video-preview:-1"},"canonical":"https:\/\/www.suno.com.br\/noticias\/hidreletrica-suspende-operacoes-desastre-vale\/","og_locale":"pt_BR","og_type":"article","og_title":"Hidrel\u00e9trica de Retiro Baixo suspende opera\u00e7\u00f5es ap\u00f3s desastre da Vale","og_description":"Esse \u00e9 segundo acidente de rompimento de barragem da Vale; Em 2015, Mariana (MG) foi devastada pelos rejeitos. Clique para saber mais.","og_url":"https:\/\/www.suno.com.br\/noticias\/hidreletrica-suspende-operacoes-desastre-vale\/","og_site_name":"Suno Not\u00edcias","article_publisher":"https:\/\/facebook.com\/sunoresearch","og_image":[{"width":1140,"height":760,"url":"https:\/\/files.sunoresearch.com.br\/n\/uploads\/2019\/01\/14376712-vale.jpg","type":"image\/jpeg"}],"author":"Renan Bandeira","twitter_card":"summary_large_image","twitter_creator":"@sunoresearch","twitter_site":"@sunoresearch","twitter_misc":{"Escrito por":"Renan Bandeira","Est. tempo de leitura":"2 minutos"},"schema":{"@context":"https:\/\/schema.org","@graph":[{"@type":"NewsArticle","@id":"https:\/\/www.suno.com.br\/noticias\/hidreletrica-suspende-operacoes-desastre-vale\/#article","isPartOf":{"@id":"https:\/\/www.suno.com.br\/noticias\/hidreletrica-suspende-operacoes-desastre-vale\/"},"author":{"name":"Renan Bandeira","@id":"https:\/\/www.suno.com.br\/noticias\/#\/schema\/person\/fc144a1c6108bd1dcd43784e88a3c138"},"headline":"Hidrel\u00e9trica de Retiro Baixo suspende opera\u00e7\u00f5es ap\u00f3s desastre da Vale","datePublished":"2019-01-30T16:54:20+00:00","dateModified":"2019-01-30T19:27:21+00:00","mainEntityOfPage":{"@id":"https:\/\/www.suno.com.br\/noticias\/hidreletrica-suspende-operacoes-desastre-vale\/"},"wordCount":346,"publisher":{"@id":"https:\/\/www.suno.com.br\/noticias\/#organization"},"image":{"@id":"https:\/\/www.suno.com.br\/noticias\/hidreletrica-suspende-operacoes-desastre-vale\/#primaryimage"},"thumbnailUrl":"https:\/\/files.sunoresearch.com.br\/n\/uploads\/2019\/01\/14376712-vale-jpg.webp","keywords":["Brumadinho","Eletrobras (ELET3\/ELET5\/ELET6)","Vale (VALE3)"],"articleSection":["Neg\u00f3cios"],"inLanguage":"pt-BR"},{"@type":"WebPage","@id":"https:\/\/www.suno.com.br\/noticias\/hidreletrica-suspende-operacoes-desastre-vale\/","url":"https:\/\/www.suno.com.br\/noticias\/hidreletrica-suspende-operacoes-desastre-vale\/","name":"Hidrel\u00e9trica de Retiro Baixo suspende opera\u00e7\u00f5es ap\u00f3s desastre da Vale","isPartOf":{"@id":"https:\/\/www.suno.com.br\/noticias\/#website"},"primaryImageOfPage":{"@id":"https:\/\/www.suno.com.br\/noticias\/hidreletrica-suspende-operacoes-desastre-vale\/#primaryimage"},"image":{"@id":"https:\/\/www.suno.com.br\/noticias\/hidreletrica-suspende-operacoes-desastre-vale\/#primaryimage"},"thumbnailUrl":"https:\/\/files.sunoresearch.com.br\/n\/uploads\/2019\/01\/14376712-vale-jpg.webp","datePublished":"2019-01-30T16:54:20+00:00","dateModified":"2019-01-30T19:27:21+00:00","description":"Esse \u00e9 segundo acidente de rompimento de barragem da Vale; Em 2015, Mariana (MG) foi devastada pelos rejeitos. Clique para saber mais.","breadcrumb":{"@id":"https:\/\/www.suno.com.br\/noticias\/hidreletrica-suspende-operacoes-desastre-vale\/#breadcrumb"},"inLanguage":"pt-BR","potentialAction":[{"@type":"ReadAction","target":["https:\/\/www.suno.com.br\/noticias\/hidreletrica-suspende-operacoes-desastre-vale\/"]}]},{"@type":"ImageObject","inLanguage":"pt-BR","@id":"https:\/\/www.suno.com.br\/noticias\/hidreletrica-suspende-operacoes-desastre-vale\/#primaryimage","url":"https:\/\/files.sunoresearch.com.br\/n\/uploads\/2019\/01\/14376712-vale-jpg.webp","contentUrl":"https:\/\/files.sunoresearch.com.br\/n\/uploads\/2019\/01\/14376712-vale-jpg.webp","width":1140,"height":760,"caption":"Hidrel\u00e9trica de Retiro Baixo suspende opera\u00e7\u00f5es ap\u00f3s desastre da Vale"},{"@type":"BreadcrumbList","@id":"https:\/\/www.suno.com.br\/noticias\/hidreletrica-suspende-operacoes-desastre-vale\/#breadcrumb","itemListElement":[{"@type":"ListItem","position":1,"name":"Not\u00edcias","item":"https:\/\/www.suno.com.br\/noticias\/"},{"@type":"ListItem","position":2,"name":"Neg\u00f3cios","item":"https:\/\/www.suno.com.br\/noticias\/negocios\/"},{"@type":"ListItem","position":3,"name":"Hidrel\u00e9trica de Retiro Baixo suspende opera\u00e7\u00f5es ap\u00f3s desastre da Vale"}]},{"@type":"WebSite","@id":"https:\/\/www.suno.com.br\/noticias\/#website","url":"https:\/\/www.suno.com.br\/noticias\/","name":"Suno Not\u00edcias","description":"Seu portal de informa\u00e7\u00e3o sobre o mundo dos investimentos","publisher":{"@id":"https:\/\/www.suno.com.br\/noticias\/#organization"},"potentialAction":[{"@type":"SearchAction","target":{"@type":"EntryPoint","urlTemplate":"https:\/\/www.suno.com.br\/noticias\/?s={search_term_string}"},"query-input":{"@type":"PropertyValueSpecification","valueRequired":true,"valueName":"search_term_string"}}],"inLanguage":"pt-BR"},{"@type":"Organization","@id":"https:\/\/www.suno.com.br\/noticias\/#organization","name":"Suno Not\u00edcias","url":"https:\/\/www.suno.com.br\/noticias\/","logo":{"@type":"ImageObject","inLanguage":"pt-BR","@id":"https:\/\/www.suno.com.br\/noticias\/#\/schema\/logo\/image\/","url":"https:\/\/files.sunoresearch.com.br\/n\/uploads\/2021\/09\/suno-logo.png","contentUrl":"https:\/\/files.sunoresearch.com.br\/n\/uploads\/2021\/09\/suno-logo.png","width":180,"height":180,"caption":"Suno Not\u00edcias"},"image":{"@id":"https:\/\/www.suno.com.br\/noticias\/#\/schema\/logo\/image\/"},"sameAs":["https:\/\/facebook.com\/sunoresearch","https:\/\/x.com\/sunoresearch","https:\/\/www.instagram.com\/suno","https:\/\/www.linkedin.com\/company\/suno-research\/","https:\/\/www.youtube.com\/c\/sunoresearch"]},{"@type":"Person","@id":"https:\/\/www.suno.com.br\/noticias\/#\/schema\/person\/fc144a1c6108bd1dcd43784e88a3c138","name":"Renan Bandeira","image":{"@type":"ImageObject","inLanguage":"pt-BR","@id":"https:\/\/www.suno.com.br\/noticias\/#\/schema\/person\/image\/","url":"https:\/\/secure.gravatar.com\/avatar\/68359cdb608f14f11bbefcb78f3fc747?s=96&r=g","contentUrl":"https:\/\/secure.gravatar.com\/avatar\/68359cdb608f14f11bbefcb78f3fc747?s=96&r=g","caption":"Renan Bandeira"},"description":"Renan Bandeira escreve sobre pol\u00edtica e economia para o portal da Suno Research. Antes da Suno, trabalhou em uma rede de televis\u00e3o, onde fazia reportagens sobre os mesmos temas. Estuda na Universidade Metodista de S\u00e3o Paulo.","url":"https:\/\/www.suno.com.br\/noticias\/author\/renan-bandeira\/"}]}},"default_loop_html":"<div class=\"cardsPage__listCard__boxs\"><div class=\"cardsPage__listCard__boxs__img\"><a href=\"https:\/\/www.suno.com.br\/noticias\/hidreletrica-suspende-operacoes-desastre-vale\/\"><img class=\"mask\" src=\"https:\/\/www.suno.com.br\/noticias\/wp-content\/themes\/suno\/resources\/images\/spotlight\/spotlight1img\/bg-mask.png\" alt=\"Image Mask\"\/><img src=\"https:\/\/files.sunoresearch.com.br\/n\/uploads\/2019\/01\/14376712-vale-400x200.webp\" alt=\"Hidrel\u00e9trica de Retiro Baixo suspende opera\u00e7\u00f5es ap\u00f3s desastre da Vale\"\/><\/a><span class=\"spotlightCategory\"><a href=\"https:\/\/www.suno.com.br\/noticias\/negocios\/\">Neg\u00f3cios<\/a><\/span><\/div><div class=\"cardsPage__listCard__boxs__content\"><a href=\"https:\/\/www.suno.com.br\/noticias\/hidreletrica-suspende-operacoes-desastre-vale\/\"><h2 class=\"content__title\">Hidrel\u00e9trica de Retiro Baixo suspende opera\u00e7\u00f5es ap\u00f3s desastre da Vale<\/h2><\/a><div class=\"newsContent__article__meta\"><div class=\"newsContent__article__meta__authorBox\"><a href=\"https:\/\/www.suno.com.br\/noticias\/author\/renan-bandeira\/\" class=\"authorBox__avatar noMobi\"><img src=\"https:\/\/secure.gravatar.com\/avatar\/68359cdb608f14f11bbefcb78f3fc747?s=96&#038;r=g\" alt=\"Renan Bandeira\"><\/a><div class=\"authorBox__name\"><span>por\n\t\t\t<a href=\"https:\/\/www.suno.com.br\/noticias\/author\/renan-bandeira\/\"><span itemprop=\"author\">Renan Bandeira<\/span><\/a><\/span><time datetime=\"2019-01-30T14:54:20-02:00\" itemprop=\"datePublished\">30\/01\/2019 14:54<\/time><\/div><\/div><\/div><\/div><\/div>","single_layout":"posts","amp_enabled":true,"_links":{"self":[{"href":"https:\/\/www.suno.com.br\/noticias\/wp-json\/wp\/v2\/posts\/13506"}],"collection":[{"href":"https:\/\/www.suno.com.br\/noticias\/wp-json\/wp\/v2\/posts"}],"about":[{"href":"https:\/\/www.suno.com.br\/noticias\/wp-json\/wp\/v2\/types\/post"}],"author":[{"embeddable":true,"href":"https:\/\/www.suno.com.br\/noticias\/wp-json\/wp\/v2\/users\/11"}],"replies":[{"embeddable":true,"href":"https:\/\/www.suno.com.br\/noticias\/wp-json\/wp\/v2\/comments?post=13506"}],"version-history":[{"count":0,"href":"https:\/\/www.suno.com.br\/noticias\/wp-json\/wp\/v2\/posts\/13506\/revisions"}],"wp:featuredmedia":[{"embeddable":true,"href":"https:\/\/www.suno.com.br\/noticias\/wp-json\/wp\/v2\/media\/13509"}],"wp:attachment":[{"href":"https:\/\/www.suno.com.br\/noticias\/wp-json\/wp\/v2\/media?parent=13506"}],"wp:term":[{"taxonomy":"category","embeddable":true,"href":"https:\/\/www.suno.com.br\/noticias\/wp-json\/wp\/v2\/categories?post=13506"},{"taxonomy":"post_tag","embeddable":true,"href":"https:\/\/www.suno.com.br\/noticias\/wp-json\/wp\/v2\/tags?post=13506"},{"taxonomy":"suno_strategy","embeddable":true,"href":"https:\/\/www.suno.com.br\/noticias\/wp-json\/wp\/v2\/suno_strategy?post=13506"}],"curies":[{"name":"wp","href":"https:\/\/api.w.org\/{rel}","templated":true}]}}