{"id":13489,"date":"2019-01-30T13:12:51","date_gmt":"2019-01-30T15:12:51","guid":{"rendered":"https:\/\/www.suno.com.br\/noticias\/?p=13489"},"modified":"2019-01-30T13:45:31","modified_gmt":"2019-01-30T15:45:31","slug":"toffoli-autoriza-participacao-lula-sepultamento","status":"publish","type":"post","link":"https:\/\/www.suno.com.br\/noticias\/toffoli-autoriza-participacao-lula-sepultamento\/","title":{"rendered":"Toffoli autoriza ida de Lula a sepultamento; ex-presidente decide n\u00e3o ir"},"content":{"rendered":"<p>O presidente do Supremo Tribunal Federal (STF), Dias Toffoli, autorizou o ex-presidente Lula a deixar a pris\u00e3o em Curitiba para presenciar o enterro de seu irm\u00e3. A concess\u00e3o foi dada, no entanto, em cima da hora. Ap\u00f3s perder o sepultamento, o petista decidiu n\u00e3o ir a S\u00e3o Paulo.<\/p>\t<div class=\"wrapper-featured-image\">\n\t\t<figure class=\"spotlightImg\">\n\n\t\t\t<picture>\n\t\t\t\t<source media=\"(max-width: 768px)\" srcset=\"https:\/\/files.sunoresearch.com.br\/n\/uploads\/2018\/11\/aa57a29c-lula-400x200.webp\">\n\t\t\t\t<img loading=\"lazy\" decoding=\"async\" class=\"newsContent__article__imgCapa lazyloadDisabled newsContent__article__imgCapa--noCaption\" src=\"https:\/\/files.sunoresearch.com.br\/n\/uploads\/2018\/11\/aa57a29c-lula-800x450.webp\" width=\"800\" height=\"450\" alt=\"Toffoli autoriza ida de Lula a sepultamento; ex-presidente decide n\u00e3o ir\" fetchpriority=high \/>\n\t\t\t<\/picture>\n\n\t\t\t<figcaption class=\"wp-caption-text wp-caption-text--hide\">Lula<\/figcaption>\n\t\t<\/figure>\n\t<\/div>\n\n\n<p><strong>Dias Toffoli,<\/strong> de plant\u00e3o no recesso do <strong>Judici\u00e1rio,<\/strong> autorizou nesta quarta-feira (30) a sa\u00edda de Lula da Superintend\u00eancia da <strong>Pol\u00edcia Federal<\/strong>. O ex-presidente <strong>Luiz In\u00e1cio Lula da Silva<\/strong> participar\u00e1 da cerim\u00f4nia de sepultamento de\u00a0Genival In\u00e1cio da Silva. O Vav\u00e1, como era conhecido, era seu irm\u00e3o por parte de pai, e morreu na manh\u00e3 desta ter\u00e7a-feira (29), aos 79 anos. Segundo a decis\u00e3o do presidente do <strong>Supremo Tribunal Federal<\/strong> (<strong>STF<\/strong>), Lula poder\u00e1 se encontrar com os familiares na Unidade Militar na Regia\u0303o. O corpo do irm\u00e3o Vav\u00e1 poder\u00e1 ser levado at\u00e9 o local.<\/p>\n<p><a href=\"https:\/\/www.suno.com.br\/noticias\/stj-rejeita-recurso-de-lula\/\">Saiba mais:\u00a0STJ rejeita recurso de Lula sobre o caso do tr\u00edplex do Guaruj\u00e1\u00a0<\/a><\/p>\n<p>&#8220;Por essas razo\u0303es, concedo ordem de habeas corpus de ofi\u0301cio para, na forma da lei, assegurar, ao requerente<strong> Luiz Ina\u0301cio Lula da Silva<\/strong>, o direito de se encontrar exclusivamente com os seus familiares, na data de hoje, em Unidade Militar na Regia\u0303o, inclusive com a possibilidade do corpo do de cujos ser levado a\u0300 referida unidade militar, a crite\u0301rio da fami\u0301lia&#8221;, despachou o presidente do <strong>STF.<\/strong><\/p>\n<p>O presidente do Instituto Lula, <strong>Paulo Okamotto<\/strong>, informou logo ap\u00f3s o sepultamento que <strong>Lula<\/strong> n\u00e3o ir\u00e1 a S\u00e3o Bernardo do Campo para se encontrar com familiares ap\u00f3s o enterro de seu irm\u00e3o. &#8220;O presidente gostaria de participar do enterro e se despedir do seu querido irm\u00e3o. \u00c9 claro que ele tamb\u00e9m quer se encontrar com a fam\u00edlia, mas para isso vai ter outra oportunidade&#8221;, disse <strong>Okamotto<\/strong>.<\/p>\n<p>A defesa de <strong>Lula<\/strong> apresentou um pedido ao <strong>STF<\/strong> para que o ex-presidente pudesse participar do vel\u00f3rio, ocorrido na \u00faltima ter\u00e7a-feira (29), e do sepultamento, realizado \u00e0s 13h desta quarta-feira (30). Ambas as cerim\u00f4nias em <strong>S\u00e3o Bernardo do Campo<\/strong>, na regi\u00e3o metropolitana de S\u00e3o Paulo. No pedido, os advogados argumentaram que existe na <strong>Lei de Execu\u00e7\u00e3o Penal<\/strong> o \u201cdireito humanit\u00e1rio\u201d do <strong>ex-presidente<\/strong> de comparecer ao vel\u00f3rio. O pedido do\u00a0ex-presidente foi rejeitado por inst\u00e2ncias inferiores, mas o STF reverteu a decis\u00e3o.<\/p>\n<p><a href=\"https:\/\/www.suno.com.br\/noticias\/delacao-palocci-propina-lula-dilma\/\">Saiba mais:\u00a0Em dela\u00e7\u00e3o, Palocci relata propina em dinheiro a Lula e racha com Dilma\u00a0<\/a><\/p>\n<p>Segundo <strong>Lei de Execu\u00e7\u00e3o Penal<\/strong>, os condenados que cumprem pena em regime fechado ou semi-aberto e os presos provis\u00f3rios podem obter permiss\u00e3o para sair da cadeia quando h\u00e1 o falecimento ou doen\u00e7a grave do c\u00f4njuge, companheira, ascendente, descendente ou irm\u00e3o. Entretanto, eles devem estar escoltados.<\/p>\n<p>Na d\u00e9cada de 1980, durante sua pris\u00e3o por parte da <strong>ditadura militar, <\/strong>o <strong>ex-presidente\u00a0<\/strong>foi autorizado pela <strong>Justi\u00e7a<\/strong> a comparecer ao vel\u00f3rio da m\u00e3e, Eur\u00eddice Ferreira Mello, a Dona Lindu.<\/p>\n<h2>Entenda o caso Lula<\/h2>\n<p><strong>Lula<\/strong> est\u00e1 preso desde abril de 2018 ap\u00f3s ser condenado por corrup\u00e7\u00e3o passiva e lavagem de dinheiro no caso do tr\u00edplex de <strong>Guaruj\u00e1.<\/strong> O <strong>ex-presidente<\/strong> \u00e9 acusado de ter recebido o apartamento como propina da empreiteira <strong>OAS.<\/strong> Em troca, ele teria conseguido contratos para a empresa junto a <strong>Petrobras.<\/strong> Al\u00e9m disso, teria favorecido a empreiteira em outras obras p\u00fablicas.<\/p>\n<p>Em primeira inst\u00e2ncia, o ent\u00e3o juiz <strong>S\u00e9rgio Moro<\/strong> o condenou <strong>Lula<\/strong> a nove anos e seis meses de pris\u00e3o. Mas em janeiro de 2018, o <strong>Tribunal Regional Federal<\/strong> <strong>da 4\u00aa Regi\u00e3o<\/strong> aumentou a pena do ex-presidente para 12 anos e 1 m\u00eas de pris\u00e3o.<\/p>\n","protected":false},"excerpt":{"rendered":"<p>O presidente do Supremo Tribunal Federal (STF), Dias Toffoli, autorizou o ex-presidente Lula a deixar a pris\u00e3o em Curitiba para presenciar o enterro de seu irm\u00e3. A concess\u00e3o foi dada, no entanto, em cima da hora. Ap\u00f3s perder o sepultamento, o petista decidiu n\u00e3o ir a S\u00e3o Paulo. Lula Dias Toffoli, de plant\u00e3o no recesso [&hellip;]<\/p>\n","protected":false},"author":9,"featured_media":6859,"comment_status":"closed","ping_status":"closed","sticky":false,"template":"","format":"standard","meta":[],"categories":[61],"tags":[1051,709,785],"suno_strategy":[],"class_list":["post-13489","post","type-post","status-publish","format-standard","has-post-thumbnail","hentry","category-politica","tag-dias-toffoli","tag-lula","tag-supremo-tribunal-federal-stf"],"yoast_head":"<!-- This site is optimized with the Yoast SEO plugin v24.4 - https:\/\/yoast.com\/wordpress\/plugins\/seo\/ -->\n<title>Toffoli autoriza ida de Lula a sepultamento; ex-presidente decide n\u00e3o ir<\/title>\n<meta name=\"description\" content=\"Como autoriza\u00e7\u00e3o de Toffoli foi dada em cima da hora, Lula perdeu o sepultamento e decidiu n\u00e3o ir a S\u00e3o Paulo. Clique e saiba+\" \/>\n<meta name=\"robots\" content=\"index, follow, max-snippet:-1, max-image-preview:large, max-video-preview:-1\" \/>\n<link rel=\"canonical\" href=\"https:\/\/www.suno.com.br\/noticias\/toffoli-autoriza-participacao-lula-sepultamento\/\" \/>\n<meta property=\"og:locale\" content=\"pt_BR\" \/>\n<meta property=\"og:type\" content=\"article\" \/>\n<meta property=\"og:title\" content=\"Toffoli autoriza ida de Lula a sepultamento; ex-presidente decide n\u00e3o ir\" \/>\n<meta property=\"og:description\" content=\"Como autoriza\u00e7\u00e3o de Toffoli foi dada em cima da hora, Lula perdeu o sepultamento e decidiu n\u00e3o ir a S\u00e3o Paulo. Clique e saiba+\" \/>\n<meta property=\"og:url\" content=\"https:\/\/www.suno.com.br\/noticias\/toffoli-autoriza-participacao-lula-sepultamento\/\" \/>\n<meta property=\"og:site_name\" content=\"Suno Not\u00edcias\" \/>\n<meta property=\"article:publisher\" content=\"https:\/\/facebook.com\/sunoresearch\" \/>\n<meta property=\"og:image\" content=\"https:\/\/files.sunoresearch.com.br\/n\/uploads\/2018\/11\/aa57a29c-lula.jpg\" \/>\n\t<meta property=\"og:image:width\" content=\"800\" \/>\n\t<meta property=\"og:image:height\" content=\"599\" \/>\n\t<meta property=\"og:image:type\" content=\"image\/jpeg\" \/>\n<meta name=\"author\" content=\"Carlo Cauti\" \/>\n<meta name=\"twitter:card\" content=\"summary_large_image\" \/>\n<meta name=\"twitter:creator\" content=\"@sunoresearch\" \/>\n<meta name=\"twitter:site\" content=\"@sunoresearch\" \/>\n<meta name=\"twitter:label1\" content=\"Escrito por\" \/>\n\t<meta name=\"twitter:data1\" content=\"Carlo Cauti\" \/>\n\t<meta name=\"twitter:label2\" content=\"Est. tempo de leitura\" \/>\n\t<meta name=\"twitter:data2\" content=\"3 minutos\" \/>\n<script type=\"application\/ld+json\" class=\"yoast-schema-graph\">{\"@context\":\"https:\/\/schema.org\",\"@graph\":[{\"@type\":\"NewsArticle\",\"@id\":\"https:\/\/www.suno.com.br\/noticias\/toffoli-autoriza-participacao-lula-sepultamento\/#article\",\"isPartOf\":{\"@id\":\"https:\/\/www.suno.com.br\/noticias\/toffoli-autoriza-participacao-lula-sepultamento\/\"},\"author\":{\"name\":\"Carlo Cauti\",\"@id\":\"https:\/\/www.suno.com.br\/noticias\/#\/schema\/person\/e6e0f723cc177805027f4566c1d5e0c8\"},\"headline\":\"Toffoli autoriza ida de Lula a sepultamento; ex-presidente decide n\u00e3o ir\",\"datePublished\":\"2019-01-30T15:12:51+00:00\",\"dateModified\":\"2019-01-30T15:45:31+00:00\",\"mainEntityOfPage\":{\"@id\":\"https:\/\/www.suno.com.br\/noticias\/toffoli-autoriza-participacao-lula-sepultamento\/\"},\"wordCount\":633,\"publisher\":{\"@id\":\"https:\/\/www.suno.com.br\/noticias\/#organization\"},\"image\":{\"@id\":\"https:\/\/www.suno.com.br\/noticias\/toffoli-autoriza-participacao-lula-sepultamento\/#primaryimage\"},\"thumbnailUrl\":\"https:\/\/files.sunoresearch.com.br\/n\/uploads\/2018\/11\/aa57a29c-lula-jpg.webp\",\"keywords\":[\"Dias Toffoli\",\"Lula\",\"Supremo Tribunal Federal (STF)\"],\"articleSection\":[\"Pol\u00edtica\"],\"inLanguage\":\"pt-BR\"},{\"@type\":\"WebPage\",\"@id\":\"https:\/\/www.suno.com.br\/noticias\/toffoli-autoriza-participacao-lula-sepultamento\/\",\"url\":\"https:\/\/www.suno.com.br\/noticias\/toffoli-autoriza-participacao-lula-sepultamento\/\",\"name\":\"Toffoli autoriza ida de Lula a sepultamento; ex-presidente decide n\u00e3o ir\",\"isPartOf\":{\"@id\":\"https:\/\/www.suno.com.br\/noticias\/#website\"},\"primaryImageOfPage\":{\"@id\":\"https:\/\/www.suno.com.br\/noticias\/toffoli-autoriza-participacao-lula-sepultamento\/#primaryimage\"},\"image\":{\"@id\":\"https:\/\/www.suno.com.br\/noticias\/toffoli-autoriza-participacao-lula-sepultamento\/#primaryimage\"},\"thumbnailUrl\":\"https:\/\/files.sunoresearch.com.br\/n\/uploads\/2018\/11\/aa57a29c-lula-jpg.webp\",\"datePublished\":\"2019-01-30T15:12:51+00:00\",\"dateModified\":\"2019-01-30T15:45:31+00:00\",\"description\":\"Como autoriza\u00e7\u00e3o de Toffoli foi dada em cima da hora, Lula perdeu o sepultamento e decidiu n\u00e3o ir a S\u00e3o Paulo. Clique e saiba+\",\"breadcrumb\":{\"@id\":\"https:\/\/www.suno.com.br\/noticias\/toffoli-autoriza-participacao-lula-sepultamento\/#breadcrumb\"},\"inLanguage\":\"pt-BR\",\"potentialAction\":[{\"@type\":\"ReadAction\",\"target\":[\"https:\/\/www.suno.com.br\/noticias\/toffoli-autoriza-participacao-lula-sepultamento\/\"]}]},{\"@type\":\"ImageObject\",\"inLanguage\":\"pt-BR\",\"@id\":\"https:\/\/www.suno.com.br\/noticias\/toffoli-autoriza-participacao-lula-sepultamento\/#primaryimage\",\"url\":\"https:\/\/files.sunoresearch.com.br\/n\/uploads\/2018\/11\/aa57a29c-lula-jpg.webp\",\"contentUrl\":\"https:\/\/files.sunoresearch.com.br\/n\/uploads\/2018\/11\/aa57a29c-lula-jpg.webp\",\"width\":800,\"height\":599,\"caption\":\"Lula\"},{\"@type\":\"BreadcrumbList\",\"@id\":\"https:\/\/www.suno.com.br\/noticias\/toffoli-autoriza-participacao-lula-sepultamento\/#breadcrumb\",\"itemListElement\":[{\"@type\":\"ListItem\",\"position\":1,\"name\":\"Not\u00edcias\",\"item\":\"https:\/\/www.suno.com.br\/noticias\/\"},{\"@type\":\"ListItem\",\"position\":2,\"name\":\"Pol\u00edtica\",\"item\":\"https:\/\/www.suno.com.br\/noticias\/politica\/\"},{\"@type\":\"ListItem\",\"position\":3,\"name\":\"Toffoli autoriza ida de Lula a sepultamento; ex-presidente decide n\u00e3o ir\"}]},{\"@type\":\"WebSite\",\"@id\":\"https:\/\/www.suno.com.br\/noticias\/#website\",\"url\":\"https:\/\/www.suno.com.br\/noticias\/\",\"name\":\"Suno Not\u00edcias\",\"description\":\"Seu portal de informa\u00e7\u00e3o sobre o mundo dos investimentos\",\"publisher\":{\"@id\":\"https:\/\/www.suno.com.br\/noticias\/#organization\"},\"potentialAction\":[{\"@type\":\"SearchAction\",\"target\":{\"@type\":\"EntryPoint\",\"urlTemplate\":\"https:\/\/www.suno.com.br\/noticias\/?s={search_term_string}\"},\"query-input\":{\"@type\":\"PropertyValueSpecification\",\"valueRequired\":true,\"valueName\":\"search_term_string\"}}],\"inLanguage\":\"pt-BR\"},{\"@type\":\"Organization\",\"@id\":\"https:\/\/www.suno.com.br\/noticias\/#organization\",\"name\":\"Suno Not\u00edcias\",\"url\":\"https:\/\/www.suno.com.br\/noticias\/\",\"logo\":{\"@type\":\"ImageObject\",\"inLanguage\":\"pt-BR\",\"@id\":\"https:\/\/www.suno.com.br\/noticias\/#\/schema\/logo\/image\/\",\"url\":\"https:\/\/files.sunoresearch.com.br\/n\/uploads\/2021\/09\/suno-logo.png\",\"contentUrl\":\"https:\/\/files.sunoresearch.com.br\/n\/uploads\/2021\/09\/suno-logo.png\",\"width\":180,\"height\":180,\"caption\":\"Suno Not\u00edcias\"},\"image\":{\"@id\":\"https:\/\/www.suno.com.br\/noticias\/#\/schema\/logo\/image\/\"},\"sameAs\":[\"https:\/\/facebook.com\/sunoresearch\",\"https:\/\/x.com\/sunoresearch\",\"https:\/\/www.instagram.com\/suno\",\"https:\/\/www.linkedin.com\/company\/suno-research\/\",\"https:\/\/www.youtube.com\/c\/sunoresearch\"]},{\"@type\":\"Person\",\"@id\":\"https:\/\/www.suno.com.br\/noticias\/#\/schema\/person\/e6e0f723cc177805027f4566c1d5e0c8\",\"name\":\"Carlo Cauti\",\"image\":{\"@type\":\"ImageObject\",\"inLanguage\":\"pt-BR\",\"@id\":\"https:\/\/www.suno.com.br\/noticias\/#\/schema\/person\/image\/\",\"url\":\"https:\/\/secure.gravatar.com\/avatar\/3ada9e0bd164c23abd4792a9606d583c?s=96&r=g\",\"contentUrl\":\"https:\/\/secure.gravatar.com\/avatar\/3ada9e0bd164c23abd4792a9606d583c?s=96&r=g\",\"caption\":\"Carlo Cauti\"},\"description\":\"Editor multim\u00eddia do SUNO Not\u00edcias. Italiano, formado em Ci\u00eancias Pol\u00edticas pela universidade LUISS G. Carli de Roma e mestre cum laude em Rela\u00e7\u00f5es Internacionais, Jornalismo Internacional e de Guerra e em Economia Internacional. Concluiu tamb\u00e9m um MBA em Finan\u00e7as na B3. No Brasil, teve passagem por ve\u00edculos como Estad\u00e3o, Globo, Veja e EXAME. e nas ag\u00eancias de not\u00edcias italianas ANSA e NOVA.\",\"url\":\"https:\/\/www.suno.com.br\/noticias\/author\/carlo-cauti\/\"}]}<\/script>\n<!-- \/ Yoast SEO plugin. -->","yoast_head_json":{"title":"Toffoli autoriza ida de Lula a sepultamento; ex-presidente decide n\u00e3o ir","description":"Como autoriza\u00e7\u00e3o de Toffoli foi dada em cima da hora, Lula perdeu o sepultamento e decidiu n\u00e3o ir a S\u00e3o Paulo. Clique e saiba+","robots":{"index":"index","follow":"follow","max-snippet":"max-snippet:-1","max-image-preview":"max-image-preview:large","max-video-preview":"max-video-preview:-1"},"canonical":"https:\/\/www.suno.com.br\/noticias\/toffoli-autoriza-participacao-lula-sepultamento\/","og_locale":"pt_BR","og_type":"article","og_title":"Toffoli autoriza ida de Lula a sepultamento; ex-presidente decide n\u00e3o ir","og_description":"Como autoriza\u00e7\u00e3o de Toffoli foi dada em cima da hora, Lula perdeu o sepultamento e decidiu n\u00e3o ir a S\u00e3o Paulo. Clique e saiba+","og_url":"https:\/\/www.suno.com.br\/noticias\/toffoli-autoriza-participacao-lula-sepultamento\/","og_site_name":"Suno Not\u00edcias","article_publisher":"https:\/\/facebook.com\/sunoresearch","og_image":[{"width":800,"height":599,"url":"https:\/\/files.sunoresearch.com.br\/n\/uploads\/2018\/11\/aa57a29c-lula.jpg","type":"image\/jpeg"}],"author":"Carlo Cauti","twitter_card":"summary_large_image","twitter_creator":"@sunoresearch","twitter_site":"@sunoresearch","twitter_misc":{"Escrito por":"Carlo Cauti","Est. tempo de leitura":"3 minutos"},"schema":{"@context":"https:\/\/schema.org","@graph":[{"@type":"NewsArticle","@id":"https:\/\/www.suno.com.br\/noticias\/toffoli-autoriza-participacao-lula-sepultamento\/#article","isPartOf":{"@id":"https:\/\/www.suno.com.br\/noticias\/toffoli-autoriza-participacao-lula-sepultamento\/"},"author":{"name":"Carlo Cauti","@id":"https:\/\/www.suno.com.br\/noticias\/#\/schema\/person\/e6e0f723cc177805027f4566c1d5e0c8"},"headline":"Toffoli autoriza ida de Lula a sepultamento; ex-presidente decide n\u00e3o ir","datePublished":"2019-01-30T15:12:51+00:00","dateModified":"2019-01-30T15:45:31+00:00","mainEntityOfPage":{"@id":"https:\/\/www.suno.com.br\/noticias\/toffoli-autoriza-participacao-lula-sepultamento\/"},"wordCount":633,"publisher":{"@id":"https:\/\/www.suno.com.br\/noticias\/#organization"},"image":{"@id":"https:\/\/www.suno.com.br\/noticias\/toffoli-autoriza-participacao-lula-sepultamento\/#primaryimage"},"thumbnailUrl":"https:\/\/files.sunoresearch.com.br\/n\/uploads\/2018\/11\/aa57a29c-lula-jpg.webp","keywords":["Dias Toffoli","Lula","Supremo Tribunal Federal (STF)"],"articleSection":["Pol\u00edtica"],"inLanguage":"pt-BR"},{"@type":"WebPage","@id":"https:\/\/www.suno.com.br\/noticias\/toffoli-autoriza-participacao-lula-sepultamento\/","url":"https:\/\/www.suno.com.br\/noticias\/toffoli-autoriza-participacao-lula-sepultamento\/","name":"Toffoli autoriza ida de Lula a sepultamento; ex-presidente decide n\u00e3o ir","isPartOf":{"@id":"https:\/\/www.suno.com.br\/noticias\/#website"},"primaryImageOfPage":{"@id":"https:\/\/www.suno.com.br\/noticias\/toffoli-autoriza-participacao-lula-sepultamento\/#primaryimage"},"image":{"@id":"https:\/\/www.suno.com.br\/noticias\/toffoli-autoriza-participacao-lula-sepultamento\/#primaryimage"},"thumbnailUrl":"https:\/\/files.sunoresearch.com.br\/n\/uploads\/2018\/11\/aa57a29c-lula-jpg.webp","datePublished":"2019-01-30T15:12:51+00:00","dateModified":"2019-01-30T15:45:31+00:00","description":"Como autoriza\u00e7\u00e3o de Toffoli foi dada em cima da hora, Lula perdeu o sepultamento e decidiu n\u00e3o ir a S\u00e3o Paulo. Clique e saiba+","breadcrumb":{"@id":"https:\/\/www.suno.com.br\/noticias\/toffoli-autoriza-participacao-lula-sepultamento\/#breadcrumb"},"inLanguage":"pt-BR","potentialAction":[{"@type":"ReadAction","target":["https:\/\/www.suno.com.br\/noticias\/toffoli-autoriza-participacao-lula-sepultamento\/"]}]},{"@type":"ImageObject","inLanguage":"pt-BR","@id":"https:\/\/www.suno.com.br\/noticias\/toffoli-autoriza-participacao-lula-sepultamento\/#primaryimage","url":"https:\/\/files.sunoresearch.com.br\/n\/uploads\/2018\/11\/aa57a29c-lula-jpg.webp","contentUrl":"https:\/\/files.sunoresearch.com.br\/n\/uploads\/2018\/11\/aa57a29c-lula-jpg.webp","width":800,"height":599,"caption":"Lula"},{"@type":"BreadcrumbList","@id":"https:\/\/www.suno.com.br\/noticias\/toffoli-autoriza-participacao-lula-sepultamento\/#breadcrumb","itemListElement":[{"@type":"ListItem","position":1,"name":"Not\u00edcias","item":"https:\/\/www.suno.com.br\/noticias\/"},{"@type":"ListItem","position":2,"name":"Pol\u00edtica","item":"https:\/\/www.suno.com.br\/noticias\/politica\/"},{"@type":"ListItem","position":3,"name":"Toffoli autoriza ida de Lula a sepultamento; ex-presidente decide n\u00e3o ir"}]},{"@type":"WebSite","@id":"https:\/\/www.suno.com.br\/noticias\/#website","url":"https:\/\/www.suno.com.br\/noticias\/","name":"Suno Not\u00edcias","description":"Seu portal de informa\u00e7\u00e3o sobre o mundo dos investimentos","publisher":{"@id":"https:\/\/www.suno.com.br\/noticias\/#organization"},"potentialAction":[{"@type":"SearchAction","target":{"@type":"EntryPoint","urlTemplate":"https:\/\/www.suno.com.br\/noticias\/?s={search_term_string}"},"query-input":{"@type":"PropertyValueSpecification","valueRequired":true,"valueName":"search_term_string"}}],"inLanguage":"pt-BR"},{"@type":"Organization","@id":"https:\/\/www.suno.com.br\/noticias\/#organization","name":"Suno Not\u00edcias","url":"https:\/\/www.suno.com.br\/noticias\/","logo":{"@type":"ImageObject","inLanguage":"pt-BR","@id":"https:\/\/www.suno.com.br\/noticias\/#\/schema\/logo\/image\/","url":"https:\/\/files.sunoresearch.com.br\/n\/uploads\/2021\/09\/suno-logo.png","contentUrl":"https:\/\/files.sunoresearch.com.br\/n\/uploads\/2021\/09\/suno-logo.png","width":180,"height":180,"caption":"Suno Not\u00edcias"},"image":{"@id":"https:\/\/www.suno.com.br\/noticias\/#\/schema\/logo\/image\/"},"sameAs":["https:\/\/facebook.com\/sunoresearch","https:\/\/x.com\/sunoresearch","https:\/\/www.instagram.com\/suno","https:\/\/www.linkedin.com\/company\/suno-research\/","https:\/\/www.youtube.com\/c\/sunoresearch"]},{"@type":"Person","@id":"https:\/\/www.suno.com.br\/noticias\/#\/schema\/person\/e6e0f723cc177805027f4566c1d5e0c8","name":"Carlo Cauti","image":{"@type":"ImageObject","inLanguage":"pt-BR","@id":"https:\/\/www.suno.com.br\/noticias\/#\/schema\/person\/image\/","url":"https:\/\/secure.gravatar.com\/avatar\/3ada9e0bd164c23abd4792a9606d583c?s=96&r=g","contentUrl":"https:\/\/secure.gravatar.com\/avatar\/3ada9e0bd164c23abd4792a9606d583c?s=96&r=g","caption":"Carlo Cauti"},"description":"Editor multim\u00eddia do SUNO Not\u00edcias. Italiano, formado em Ci\u00eancias Pol\u00edticas pela universidade LUISS G. Carli de Roma e mestre cum laude em Rela\u00e7\u00f5es Internacionais, Jornalismo Internacional e de Guerra e em Economia Internacional. Concluiu tamb\u00e9m um MBA em Finan\u00e7as na B3. No Brasil, teve passagem por ve\u00edculos como Estad\u00e3o, Globo, Veja e EXAME. e nas ag\u00eancias de not\u00edcias italianas ANSA e NOVA.","url":"https:\/\/www.suno.com.br\/noticias\/author\/carlo-cauti\/"}]}},"default_loop_html":"<div class=\"cardsPage__listCard__boxs\"><div class=\"cardsPage__listCard__boxs__img\"><a href=\"https:\/\/www.suno.com.br\/noticias\/toffoli-autoriza-participacao-lula-sepultamento\/\"><img class=\"mask\" src=\"https:\/\/www.suno.com.br\/noticias\/wp-content\/themes\/suno\/resources\/images\/spotlight\/spotlight1img\/bg-mask.png\" alt=\"Image Mask\"\/><img src=\"https:\/\/files.sunoresearch.com.br\/n\/uploads\/2018\/11\/aa57a29c-lula-400x200.webp\" alt=\"Toffoli autoriza ida de Lula a sepultamento; ex-presidente decide n\u00e3o ir\"\/><\/a><span class=\"spotlightCategory\"><a href=\"https:\/\/www.suno.com.br\/noticias\/politica\/\">Pol\u00edtica<\/a><\/span><\/div><div class=\"cardsPage__listCard__boxs__content\"><a href=\"https:\/\/www.suno.com.br\/noticias\/toffoli-autoriza-participacao-lula-sepultamento\/\"><h2 class=\"content__title\">Toffoli autoriza ida de Lula a sepultamento; ex-presidente decide n\u00e3o ir<\/h2><\/a><div class=\"newsContent__article__meta\"><div class=\"newsContent__article__meta__authorBox\"><a href=\"https:\/\/www.suno.com.br\/noticias\/author\/carlo-cauti\/\" class=\"authorBox__avatar noMobi\"><img src=\"https:\/\/files.sunoresearch.com.br\/n\/uploads\/2020\/08\/e3745f9a-perfil-carlo-cauti-150x150.webp\" alt=\"Carlo Cauti\"><\/a><div class=\"authorBox__name\"><span>por\n\t\t\t<a href=\"https:\/\/www.suno.com.br\/noticias\/author\/carlo-cauti\/\"><span itemprop=\"author\">Carlo Cauti<\/span><\/a><\/span><time datetime=\"2019-01-30T13:12:51-02:00\" itemprop=\"datePublished\">30\/01\/2019 13:12<\/time><\/div><\/div><\/div><\/div><\/div>","single_layout":"posts","amp_enabled":true,"_links":{"self":[{"href":"https:\/\/www.suno.com.br\/noticias\/wp-json\/wp\/v2\/posts\/13489"}],"collection":[{"href":"https:\/\/www.suno.com.br\/noticias\/wp-json\/wp\/v2\/posts"}],"about":[{"href":"https:\/\/www.suno.com.br\/noticias\/wp-json\/wp\/v2\/types\/post"}],"author":[{"embeddable":true,"href":"https:\/\/www.suno.com.br\/noticias\/wp-json\/wp\/v2\/users\/9"}],"replies":[{"embeddable":true,"href":"https:\/\/www.suno.com.br\/noticias\/wp-json\/wp\/v2\/comments?post=13489"}],"version-history":[{"count":0,"href":"https:\/\/www.suno.com.br\/noticias\/wp-json\/wp\/v2\/posts\/13489\/revisions"}],"wp:featuredmedia":[{"embeddable":true,"href":"https:\/\/www.suno.com.br\/noticias\/wp-json\/wp\/v2\/media\/6859"}],"wp:attachment":[{"href":"https:\/\/www.suno.com.br\/noticias\/wp-json\/wp\/v2\/media?parent=13489"}],"wp:term":[{"taxonomy":"category","embeddable":true,"href":"https:\/\/www.suno.com.br\/noticias\/wp-json\/wp\/v2\/categories?post=13489"},{"taxonomy":"post_tag","embeddable":true,"href":"https:\/\/www.suno.com.br\/noticias\/wp-json\/wp\/v2\/tags?post=13489"},{"taxonomy":"suno_strategy","embeddable":true,"href":"https:\/\/www.suno.com.br\/noticias\/wp-json\/wp\/v2\/suno_strategy?post=13489"}],"curies":[{"name":"wp","href":"https:\/\/api.w.org\/{rel}","templated":true}]}}