{"id":134609,"date":"2021-03-25T14:36:12","date_gmt":"2021-03-25T17:36:12","guid":{"rendered":"https:\/\/www.suno.com.br\/noticias\/?p=134609"},"modified":"2021-06-21T05:48:41","modified_gmt":"2021-06-21T08:48:41","slug":"guedes-projeto-lei-divida-publica","status":"publish","type":"post","link":"https:\/\/www.suno.com.br\/noticias\/guedes-projeto-lei-divida-publica\/","title":{"rendered":"Guedes: governo enviar\u00e1 projeto para regulamentar meta da d\u00edvida p\u00fablica"},"content":{"rendered":"<p>O ministro da Economia, <a href=\"https:\/\/www.suno.com.br\/tudo-sobre\/paulo-guedes\/\">Paulo <strong>Guedes<\/strong><\/a>, disse nesta quinta-feira (25), a senadores que o governo est\u00e1 &#8220;devendo&#8221; e ir\u00e1 enviar ao Congresso a lei complementar para regulamentar os mecanismos em torno da d\u00edvida p\u00fablica.<\/p>\t<div class=\"wrapper-featured-image\">\n\t\t<figure class=\"spotlightImg\">\n\n\t\t\t<picture>\n\t\t\t\t<source media=\"(max-width: 768px)\" srcset=\"https:\/\/files.sunoresearch.com.br\/n\/uploads\/2021\/03\/42dda3a1-paulo-guedes-foto-alan-santos-pr-400x200.webp\">\n\t\t\t\t<img loading=\"lazy\" decoding=\"async\" class=\"newsContent__article__imgCapa lazyloadDisabled \" src=\"https:\/\/files.sunoresearch.com.br\/n\/uploads\/2021\/03\/42dda3a1-paulo-guedes-foto-alan-santos-pr-800x450.webp\" width=\"800\" height=\"450\" alt=\"Guedes: governo enviar\u00e1 projeto para regulamentar meta da d\u00edvida p\u00fablica\" fetchpriority=high \/>\n\t\t\t<\/picture>\n\n\t\t\t<figcaption class=\"wp-caption-text wp-caption-text--show\">Reforma tribut\u00e1ria deve ser apreciada nesta semana pelo Congresso - Foto Alan Santos PR<\/figcaption>\n\t\t<\/figure>\n\t<\/div>\n\n\n<p><span style=\"font-weight: 400;\">\t<p>\n\t\t<a href=\"https:\/\/lp.suno.com.br\/planilha-controle-gastos\/\" target=\"_blank\" data-element=\"shortcode-suno-banner\" title=\"Banner SUNO, clique e saiba mais\">\n\t\t\t<picture>\n\t\t\t\t<source media=\"(max-width: 500px)\" srcset=\"https:\/\/files.sunoresearch.com.br\/n\/uploads\/2023\/03\/400x300-Planilha-controle-de-gastos.png\">\n\t\t\t\t<img class=\"newsContent__article__imgCapa newsContent__article__imgCapa--banner\"\n\t\t\t\t\tsrc=\"https:\/\/files.sunoresearch.com.br\/n\/uploads\/2023\/03\/1420x240-Planilha-controle-de-gastos.png\"\n\t\t\t\t\tdata-promo-id=\"101751\"\t\t\t\t\t\t\t\t\t\twidth='1420' height='240'\t\t\t\t\talt=\"https:\/\/files.sunoresearch.com.br\/n\/uploads\/2023\/03\/1420x240-Planilha-controle-de-gastos.png\"\n\t\t\t\t>\n\t\t\t<\/picture>\n\t\t<\/a>\n\t<\/p>\n\n<\/span><\/p>\n<p>A <strong>Proposta de Emenda Constitucional<\/strong> (PEC) do aux\u00edlio emergencial trouxe uma meta para a <a href=\"https:\/\/www.suno.com.br\/tudo-sobre\/paulo-guedes\/\">d\u00edvida p\u00fablica<\/a> no arcabou\u00e7o das regras fiscais do pa\u00eds, mas exige uma lei complementar para colocar a quest\u00e3o em pr\u00e1tica. Guedes ouviu do senador Oriovisto Guimar\u00e3es (Podemos-PR) o receio de que esse projeto n\u00e3o seja enviado.<\/p>\n<p>&#8220;N\u00f3s estamos devendo mesmo essa <strong>lei complementar<\/strong>, vamos mandar, podemos fazer um trabalho muito importante&#8221;, respondeu Guedes ao parlamentar. &#8220;Ent\u00e3o na regulamenta\u00e7\u00e3o dos artigos citados pelo senador Oriovisto, n\u00f3s assumimos esse compromisso de toda vez que vender, vai para a redu\u00e7\u00e3o&#8221;, afirmou.<\/p>\n<p><a href=\"https:\/\/lp.suno.com.br\/suno-one\/?ppp=noticias\/hospital-care-pedido-ipo-cvm\/\"><b>Suno One: acesse gratuitamente eBooks, Minicursos, Artigos e V\u00eddeo Aulas sobre investimentos com um \u00fanico cadastro. Clique para saber mais!<\/b><\/a><\/p>\n<p>Em seguida, o ministro da Economia j\u00e1 emendou novos coment\u00e1rios sobre sua ideia de constituir um fundo para robustecer programas sociais e ajudar no combate \u00e0 d\u00edvida p\u00fablica.<\/p>\n<p>Cunhado do &#8220;Fundo Brasil&#8221; por Guedes, o mecanismo poderia ser dividido igualmente, em tr\u00eas partes, para pagamentos a camada mais pobre da popula\u00e7\u00e3o, a investimentos em infraestrutura, e no abatimento de d\u00edvidas, segundo ele. Uma quarta parte ainda poderia existir para possibilitar tamb\u00e9m a renegocia\u00e7\u00e3o de d\u00edvidas dos estados.<\/p>\n<p>&#8220;Tem multa, juros altos. A d\u00edvida estadual cresceu brutalmente. Se fosse no setor privado, voc\u00ea renegocia com desconto. Hoje a d\u00edvida est\u00e1 grande, os estados n\u00e3o conseguem pagar, a Uni\u00e3o acaba dando aval para tudo. Pode ser interessante trocar o aval por um desconto&#8221;, afirmou o ministro.<\/p>\n<p><span style=\"font-weight: 400;\">\t<p>\n\t\t<a href=\"https:\/\/lp.suno.com.br\/planilha-da-vida-financeira\/\" target=\"_blank\" data-element=\"shortcode-suno-banner\" title=\"Banner SUNO, clique e saiba mais\">\n\t\t\t<picture>\n\t\t\t\t<source media=\"(max-width: 500px)\" srcset=\"https:\/\/files.sunoresearch.com.br\/n\/uploads\/2023\/04\/400x300-Planilha-vida-financeira-true.png\">\n\t\t\t\t<img class=\"newsContent__article__imgCapa newsContent__article__imgCapa--banner\"\n\t\t\t\t\tsrc=\"https:\/\/files.sunoresearch.com.br\/n\/uploads\/2023\/04\/1420x240-Planilha-vida-financeira-true.png\"\n\t\t\t\t\tdata-promo-id=\"106682\"\t\t\t\t\t\t\t\t\t\twidth='1420' height='240'\t\t\t\t\talt=\"https:\/\/files.sunoresearch.com.br\/n\/uploads\/2023\/04\/1420x240-Planilha-vida-financeira-true.png\"\n\t\t\t\t>\n\t\t\t<\/picture>\n\t\t<\/a>\n\t<\/p>\n\n<\/span><\/p>\n<h2>Guedes volta a defender que recursos de privatiza\u00e7\u00f5es sejam distribu\u00eddos a mais pobres<\/h2>\n<p>A ideia de Guedes seria de vincular recursos obtidos com o processo de privatiza\u00e7\u00f5es de empresas estatais a um programa de renda \u00e9 semelhante a uma proposta j\u00e1 analisada pela equipe do ministro, de destinar os dividendos pagos por essas companhias a fundo que bancaria pol\u00edticas sociais.<\/p>\n<p>Ainda em setembro do ano passado Guedes j\u00e1 havia defendido dividir os dividendos com os brasileiros mais pobres.<\/p>\n<p>&#8220;Temos os ativos para fazer isso acontecer. N\u00e3o podemos ficar sentados em cima de ativos que est\u00e3o apodrecendo. Estamos descobrindo coisas inacredit\u00e1veis aqui. Um dia vamos conversar sobre isso, sobre esse R$ 1 trilh\u00e3o de ativos. E n\u00e3o \u00e9 s\u00f3 um R$ 1 trilh\u00e3o, \u00e9 R$ 1,3 trilh\u00e3o&#8221;, disse Paulo <strong>Guedes<\/strong> nesta quinta-feira.<\/p>\n<p><em>(Com Estad\u00e3o Conte\u00fado)<\/em><\/p>\n<p><span style=\"font-weight: 400;\">\t<p>\n\t\t<a href=\"https:\/\/lp.suno.com.br\/planilha-de-controle-de-investimentos\/\" target=\"_blank\" data-element=\"shortcode-suno-banner\" title=\"Banner SUNO, clique e saiba mais\">\n\t\t\t<picture>\n\t\t\t\t<source media=\"(max-width: 500px)\" srcset=\"https:\/\/files.sunoresearch.com.br\/n\/uploads\/2023\/03\/400x300-Controle-de-Investimentos.png\">\n\t\t\t\t<img class=\"newsContent__article__imgCapa newsContent__article__imgCapa--banner\"\n\t\t\t\t\tsrc=\"https:\/\/files.sunoresearch.com.br\/n\/uploads\/2023\/03\/1420x240-Controle-de-Investimentos.png\"\n\t\t\t\t\tdata-promo-id=\"75934\"\t\t\t\t\t\t\t\t\t\twidth='1420' height='240'\t\t\t\t\talt=\"https:\/\/files.sunoresearch.com.br\/n\/uploads\/2023\/03\/1420x240-Controle-de-Investimentos.png\"\n\t\t\t\t>\n\t\t\t<\/picture>\n\t\t<\/a>\n\t<\/p>\n\n <\/span><\/p>\n","protected":false},"excerpt":{"rendered":"<p>O ministro da Economia, Paulo Guedes, disse nesta quinta-feira (25), a senadores que o governo est\u00e1 &#8220;devendo&#8221; e ir\u00e1 enviar ao Congresso a lei complementar para regulamentar os mecanismos em torno da d\u00edvida p\u00fablica. Reforma tribut\u00e1ria deve ser apreciada nesta semana pelo Congresso &#8211; Foto Alan Santos PR A Proposta de Emenda Constitucional (PEC) do [&hellip;]<\/p>\n","protected":false},"author":59,"featured_media":130411,"comment_status":"closed","ping_status":"closed","sticky":false,"template":"","format":"standard","meta":[],"categories":[61],"tags":[1265,796],"suno_strategy":[],"class_list":["post-134609","post","type-post","status-publish","format-standard","has-post-thumbnail","hentry","category-politica","tag-divida-publica-federal","tag-paulo-guedes"],"yoast_head":"<!-- This site is optimized with the Yoast SEO plugin v24.4 - https:\/\/yoast.com\/wordpress\/plugins\/seo\/ -->\n<title>Guedes: governo enviar\u00e1 projeto para regulamentar meta da d\u00edvida p\u00fablica<\/title>\n<meta name=\"description\" content=\"O ministro da Economia Paulo Guedes afirmou que o governo enviar\u00e1 um projeto de regulamenta\u00e7\u00e3o da d\u00edvida p\u00fablica. Clique aqui para ler mais\" \/>\n<meta name=\"robots\" content=\"index, follow, max-snippet:-1, max-image-preview:large, max-video-preview:-1\" \/>\n<link rel=\"canonical\" href=\"https:\/\/www.suno.com.br\/noticias\/guedes-projeto-lei-divida-publica\/\" \/>\n<meta property=\"og:locale\" content=\"pt_BR\" \/>\n<meta property=\"og:type\" content=\"article\" \/>\n<meta property=\"og:title\" content=\"Guedes: governo enviar\u00e1 projeto para regulamentar meta da d\u00edvida p\u00fablica\" \/>\n<meta property=\"og:description\" content=\"O ministro da Economia Paulo Guedes afirmou que o governo enviar\u00e1 um projeto de regulamenta\u00e7\u00e3o da d\u00edvida p\u00fablica. Clique aqui para ler mais\" \/>\n<meta property=\"og:url\" content=\"https:\/\/www.suno.com.br\/noticias\/guedes-projeto-lei-divida-publica\/\" \/>\n<meta property=\"og:site_name\" content=\"Suno Not\u00edcias\" \/>\n<meta property=\"article:publisher\" content=\"https:\/\/facebook.com\/sunoresearch\" \/>\n<meta property=\"og:image\" content=\"https:\/\/files.sunoresearch.com.br\/n\/uploads\/2021\/03\/42dda3a1-paulo-guedes-foto-alan-santos-pr.jpg\" \/>\n\t<meta property=\"og:image:width\" content=\"1200\" \/>\n\t<meta property=\"og:image:height\" content=\"800\" \/>\n\t<meta property=\"og:image:type\" content=\"image\/jpeg\" \/>\n<meta name=\"author\" content=\"Vitor Azevedo\" \/>\n<meta name=\"twitter:card\" content=\"summary_large_image\" \/>\n<meta name=\"twitter:creator\" content=\"@sunoresearch\" \/>\n<meta name=\"twitter:site\" content=\"@sunoresearch\" \/>\n<meta name=\"twitter:label1\" content=\"Escrito por\" \/>\n\t<meta name=\"twitter:data1\" content=\"Vitor Azevedo\" \/>\n\t<meta name=\"twitter:label2\" content=\"Est. tempo de leitura\" \/>\n\t<meta name=\"twitter:data2\" content=\"2 minutos\" \/>\n<script type=\"application\/ld+json\" class=\"yoast-schema-graph\">{\"@context\":\"https:\/\/schema.org\",\"@graph\":[{\"@type\":\"NewsArticle\",\"@id\":\"https:\/\/www.suno.com.br\/noticias\/guedes-projeto-lei-divida-publica\/#article\",\"isPartOf\":{\"@id\":\"https:\/\/www.suno.com.br\/noticias\/guedes-projeto-lei-divida-publica\/\"},\"author\":{\"name\":\"Vitor Azevedo\",\"@id\":\"https:\/\/www.suno.com.br\/noticias\/#\/schema\/person\/658d5fbc74d81f265f5df3562d0038ab\"},\"headline\":\"Guedes: governo enviar\u00e1 projeto para regulamentar meta da d\u00edvida p\u00fablica\",\"datePublished\":\"2021-03-25T17:36:12+00:00\",\"dateModified\":\"2021-06-21T08:48:41+00:00\",\"mainEntityOfPage\":{\"@id\":\"https:\/\/www.suno.com.br\/noticias\/guedes-projeto-lei-divida-publica\/\"},\"wordCount\":460,\"publisher\":{\"@id\":\"https:\/\/www.suno.com.br\/noticias\/#organization\"},\"image\":{\"@id\":\"https:\/\/www.suno.com.br\/noticias\/guedes-projeto-lei-divida-publica\/#primaryimage\"},\"thumbnailUrl\":\"https:\/\/files.sunoresearch.com.br\/n\/uploads\/2021\/03\/42dda3a1-paulo-guedes-foto-alan-santos-pr-jpg.webp\",\"keywords\":[\"D\u00edvida P\u00fablica Federal\",\"Paulo Guedes\"],\"articleSection\":[\"Pol\u00edtica\"],\"inLanguage\":\"pt-BR\"},{\"@type\":\"WebPage\",\"@id\":\"https:\/\/www.suno.com.br\/noticias\/guedes-projeto-lei-divida-publica\/\",\"url\":\"https:\/\/www.suno.com.br\/noticias\/guedes-projeto-lei-divida-publica\/\",\"name\":\"Guedes: governo enviar\u00e1 projeto para regulamentar meta da d\u00edvida p\u00fablica\",\"isPartOf\":{\"@id\":\"https:\/\/www.suno.com.br\/noticias\/#website\"},\"primaryImageOfPage\":{\"@id\":\"https:\/\/www.suno.com.br\/noticias\/guedes-projeto-lei-divida-publica\/#primaryimage\"},\"image\":{\"@id\":\"https:\/\/www.suno.com.br\/noticias\/guedes-projeto-lei-divida-publica\/#primaryimage\"},\"thumbnailUrl\":\"https:\/\/files.sunoresearch.com.br\/n\/uploads\/2021\/03\/42dda3a1-paulo-guedes-foto-alan-santos-pr-jpg.webp\",\"datePublished\":\"2021-03-25T17:36:12+00:00\",\"dateModified\":\"2021-06-21T08:48:41+00:00\",\"description\":\"O ministro da Economia Paulo Guedes afirmou que o governo enviar\u00e1 um projeto de regulamenta\u00e7\u00e3o da d\u00edvida p\u00fablica. Clique aqui para ler mais\",\"breadcrumb\":{\"@id\":\"https:\/\/www.suno.com.br\/noticias\/guedes-projeto-lei-divida-publica\/#breadcrumb\"},\"inLanguage\":\"pt-BR\",\"potentialAction\":[{\"@type\":\"ReadAction\",\"target\":[\"https:\/\/www.suno.com.br\/noticias\/guedes-projeto-lei-divida-publica\/\"]}]},{\"@type\":\"ImageObject\",\"inLanguage\":\"pt-BR\",\"@id\":\"https:\/\/www.suno.com.br\/noticias\/guedes-projeto-lei-divida-publica\/#primaryimage\",\"url\":\"https:\/\/files.sunoresearch.com.br\/n\/uploads\/2021\/03\/42dda3a1-paulo-guedes-foto-alan-santos-pr-jpg.webp\",\"contentUrl\":\"https:\/\/files.sunoresearch.com.br\/n\/uploads\/2021\/03\/42dda3a1-paulo-guedes-foto-alan-santos-pr-jpg.webp\",\"width\":1200,\"height\":800,\"caption\":\"Reforma tribut\u00e1ria deve ser apreciada nesta semana pelo Congresso - Foto Alan Santos PR\"},{\"@type\":\"BreadcrumbList\",\"@id\":\"https:\/\/www.suno.com.br\/noticias\/guedes-projeto-lei-divida-publica\/#breadcrumb\",\"itemListElement\":[{\"@type\":\"ListItem\",\"position\":1,\"name\":\"Not\u00edcias\",\"item\":\"https:\/\/www.suno.com.br\/noticias\/\"},{\"@type\":\"ListItem\",\"position\":2,\"name\":\"Pol\u00edtica\",\"item\":\"https:\/\/www.suno.com.br\/noticias\/politica\/\"},{\"@type\":\"ListItem\",\"position\":3,\"name\":\"Guedes: governo enviar\u00e1 projeto para regulamentar meta da d\u00edvida p\u00fablica\"}]},{\"@type\":\"WebSite\",\"@id\":\"https:\/\/www.suno.com.br\/noticias\/#website\",\"url\":\"https:\/\/www.suno.com.br\/noticias\/\",\"name\":\"Suno Not\u00edcias\",\"description\":\"Seu portal de informa\u00e7\u00e3o sobre o mundo dos investimentos\",\"publisher\":{\"@id\":\"https:\/\/www.suno.com.br\/noticias\/#organization\"},\"potentialAction\":[{\"@type\":\"SearchAction\",\"target\":{\"@type\":\"EntryPoint\",\"urlTemplate\":\"https:\/\/www.suno.com.br\/noticias\/?s={search_term_string}\"},\"query-input\":{\"@type\":\"PropertyValueSpecification\",\"valueRequired\":true,\"valueName\":\"search_term_string\"}}],\"inLanguage\":\"pt-BR\"},{\"@type\":\"Organization\",\"@id\":\"https:\/\/www.suno.com.br\/noticias\/#organization\",\"name\":\"Suno Not\u00edcias\",\"url\":\"https:\/\/www.suno.com.br\/noticias\/\",\"logo\":{\"@type\":\"ImageObject\",\"inLanguage\":\"pt-BR\",\"@id\":\"https:\/\/www.suno.com.br\/noticias\/#\/schema\/logo\/image\/\",\"url\":\"https:\/\/files.sunoresearch.com.br\/n\/uploads\/2021\/09\/suno-logo.png\",\"contentUrl\":\"https:\/\/files.sunoresearch.com.br\/n\/uploads\/2021\/09\/suno-logo.png\",\"width\":180,\"height\":180,\"caption\":\"Suno Not\u00edcias\"},\"image\":{\"@id\":\"https:\/\/www.suno.com.br\/noticias\/#\/schema\/logo\/image\/\"},\"sameAs\":[\"https:\/\/facebook.com\/sunoresearch\",\"https:\/\/x.com\/sunoresearch\",\"https:\/\/www.instagram.com\/suno\",\"https:\/\/www.linkedin.com\/company\/suno-research\/\",\"https:\/\/www.youtube.com\/c\/sunoresearch\"]},{\"@type\":\"Person\",\"@id\":\"https:\/\/www.suno.com.br\/noticias\/#\/schema\/person\/658d5fbc74d81f265f5df3562d0038ab\",\"name\":\"Vitor Azevedo\",\"image\":{\"@type\":\"ImageObject\",\"inLanguage\":\"pt-BR\",\"@id\":\"https:\/\/www.suno.com.br\/noticias\/#\/schema\/person\/image\/\",\"url\":\"https:\/\/secure.gravatar.com\/avatar\/62b86195291b446fe380824eb28b99a5?s=96&r=g\",\"contentUrl\":\"https:\/\/secure.gravatar.com\/avatar\/62b86195291b446fe380824eb28b99a5?s=96&r=g\",\"caption\":\"Vitor Azevedo\"},\"description\":\"Formado em jornalismo pela Unesp, escreve sobre economia e neg\u00f3cios para a Suno Not\u00edcias.\",\"url\":\"https:\/\/www.suno.com.br\/noticias\/author\/vitor-azevedo\/\"}]}<\/script>\n<!-- \/ Yoast SEO plugin. -->","yoast_head_json":{"title":"Guedes: governo enviar\u00e1 projeto para regulamentar meta da d\u00edvida p\u00fablica","description":"O ministro da Economia Paulo Guedes afirmou que o governo enviar\u00e1 um projeto de regulamenta\u00e7\u00e3o da d\u00edvida p\u00fablica. Clique aqui para ler mais","robots":{"index":"index","follow":"follow","max-snippet":"max-snippet:-1","max-image-preview":"max-image-preview:large","max-video-preview":"max-video-preview:-1"},"canonical":"https:\/\/www.suno.com.br\/noticias\/guedes-projeto-lei-divida-publica\/","og_locale":"pt_BR","og_type":"article","og_title":"Guedes: governo enviar\u00e1 projeto para regulamentar meta da d\u00edvida p\u00fablica","og_description":"O ministro da Economia Paulo Guedes afirmou que o governo enviar\u00e1 um projeto de regulamenta\u00e7\u00e3o da d\u00edvida p\u00fablica. Clique aqui para ler mais","og_url":"https:\/\/www.suno.com.br\/noticias\/guedes-projeto-lei-divida-publica\/","og_site_name":"Suno Not\u00edcias","article_publisher":"https:\/\/facebook.com\/sunoresearch","og_image":[{"width":1200,"height":800,"url":"https:\/\/files.sunoresearch.com.br\/n\/uploads\/2021\/03\/42dda3a1-paulo-guedes-foto-alan-santos-pr.jpg","type":"image\/jpeg"}],"author":"Vitor Azevedo","twitter_card":"summary_large_image","twitter_creator":"@sunoresearch","twitter_site":"@sunoresearch","twitter_misc":{"Escrito por":"Vitor Azevedo","Est. tempo de leitura":"2 minutos"},"schema":{"@context":"https:\/\/schema.org","@graph":[{"@type":"NewsArticle","@id":"https:\/\/www.suno.com.br\/noticias\/guedes-projeto-lei-divida-publica\/#article","isPartOf":{"@id":"https:\/\/www.suno.com.br\/noticias\/guedes-projeto-lei-divida-publica\/"},"author":{"name":"Vitor Azevedo","@id":"https:\/\/www.suno.com.br\/noticias\/#\/schema\/person\/658d5fbc74d81f265f5df3562d0038ab"},"headline":"Guedes: governo enviar\u00e1 projeto para regulamentar meta da d\u00edvida p\u00fablica","datePublished":"2021-03-25T17:36:12+00:00","dateModified":"2021-06-21T08:48:41+00:00","mainEntityOfPage":{"@id":"https:\/\/www.suno.com.br\/noticias\/guedes-projeto-lei-divida-publica\/"},"wordCount":460,"publisher":{"@id":"https:\/\/www.suno.com.br\/noticias\/#organization"},"image":{"@id":"https:\/\/www.suno.com.br\/noticias\/guedes-projeto-lei-divida-publica\/#primaryimage"},"thumbnailUrl":"https:\/\/files.sunoresearch.com.br\/n\/uploads\/2021\/03\/42dda3a1-paulo-guedes-foto-alan-santos-pr-jpg.webp","keywords":["D\u00edvida P\u00fablica Federal","Paulo Guedes"],"articleSection":["Pol\u00edtica"],"inLanguage":"pt-BR"},{"@type":"WebPage","@id":"https:\/\/www.suno.com.br\/noticias\/guedes-projeto-lei-divida-publica\/","url":"https:\/\/www.suno.com.br\/noticias\/guedes-projeto-lei-divida-publica\/","name":"Guedes: governo enviar\u00e1 projeto para regulamentar meta da d\u00edvida p\u00fablica","isPartOf":{"@id":"https:\/\/www.suno.com.br\/noticias\/#website"},"primaryImageOfPage":{"@id":"https:\/\/www.suno.com.br\/noticias\/guedes-projeto-lei-divida-publica\/#primaryimage"},"image":{"@id":"https:\/\/www.suno.com.br\/noticias\/guedes-projeto-lei-divida-publica\/#primaryimage"},"thumbnailUrl":"https:\/\/files.sunoresearch.com.br\/n\/uploads\/2021\/03\/42dda3a1-paulo-guedes-foto-alan-santos-pr-jpg.webp","datePublished":"2021-03-25T17:36:12+00:00","dateModified":"2021-06-21T08:48:41+00:00","description":"O ministro da Economia Paulo Guedes afirmou que o governo enviar\u00e1 um projeto de regulamenta\u00e7\u00e3o da d\u00edvida p\u00fablica. Clique aqui para ler mais","breadcrumb":{"@id":"https:\/\/www.suno.com.br\/noticias\/guedes-projeto-lei-divida-publica\/#breadcrumb"},"inLanguage":"pt-BR","potentialAction":[{"@type":"ReadAction","target":["https:\/\/www.suno.com.br\/noticias\/guedes-projeto-lei-divida-publica\/"]}]},{"@type":"ImageObject","inLanguage":"pt-BR","@id":"https:\/\/www.suno.com.br\/noticias\/guedes-projeto-lei-divida-publica\/#primaryimage","url":"https:\/\/files.sunoresearch.com.br\/n\/uploads\/2021\/03\/42dda3a1-paulo-guedes-foto-alan-santos-pr-jpg.webp","contentUrl":"https:\/\/files.sunoresearch.com.br\/n\/uploads\/2021\/03\/42dda3a1-paulo-guedes-foto-alan-santos-pr-jpg.webp","width":1200,"height":800,"caption":"Reforma tribut\u00e1ria deve ser apreciada nesta semana pelo Congresso - Foto Alan Santos PR"},{"@type":"BreadcrumbList","@id":"https:\/\/www.suno.com.br\/noticias\/guedes-projeto-lei-divida-publica\/#breadcrumb","itemListElement":[{"@type":"ListItem","position":1,"name":"Not\u00edcias","item":"https:\/\/www.suno.com.br\/noticias\/"},{"@type":"ListItem","position":2,"name":"Pol\u00edtica","item":"https:\/\/www.suno.com.br\/noticias\/politica\/"},{"@type":"ListItem","position":3,"name":"Guedes: governo enviar\u00e1 projeto para regulamentar meta da d\u00edvida p\u00fablica"}]},{"@type":"WebSite","@id":"https:\/\/www.suno.com.br\/noticias\/#website","url":"https:\/\/www.suno.com.br\/noticias\/","name":"Suno Not\u00edcias","description":"Seu portal de informa\u00e7\u00e3o sobre o mundo dos investimentos","publisher":{"@id":"https:\/\/www.suno.com.br\/noticias\/#organization"},"potentialAction":[{"@type":"SearchAction","target":{"@type":"EntryPoint","urlTemplate":"https:\/\/www.suno.com.br\/noticias\/?s={search_term_string}"},"query-input":{"@type":"PropertyValueSpecification","valueRequired":true,"valueName":"search_term_string"}}],"inLanguage":"pt-BR"},{"@type":"Organization","@id":"https:\/\/www.suno.com.br\/noticias\/#organization","name":"Suno Not\u00edcias","url":"https:\/\/www.suno.com.br\/noticias\/","logo":{"@type":"ImageObject","inLanguage":"pt-BR","@id":"https:\/\/www.suno.com.br\/noticias\/#\/schema\/logo\/image\/","url":"https:\/\/files.sunoresearch.com.br\/n\/uploads\/2021\/09\/suno-logo.png","contentUrl":"https:\/\/files.sunoresearch.com.br\/n\/uploads\/2021\/09\/suno-logo.png","width":180,"height":180,"caption":"Suno Not\u00edcias"},"image":{"@id":"https:\/\/www.suno.com.br\/noticias\/#\/schema\/logo\/image\/"},"sameAs":["https:\/\/facebook.com\/sunoresearch","https:\/\/x.com\/sunoresearch","https:\/\/www.instagram.com\/suno","https:\/\/www.linkedin.com\/company\/suno-research\/","https:\/\/www.youtube.com\/c\/sunoresearch"]},{"@type":"Person","@id":"https:\/\/www.suno.com.br\/noticias\/#\/schema\/person\/658d5fbc74d81f265f5df3562d0038ab","name":"Vitor Azevedo","image":{"@type":"ImageObject","inLanguage":"pt-BR","@id":"https:\/\/www.suno.com.br\/noticias\/#\/schema\/person\/image\/","url":"https:\/\/secure.gravatar.com\/avatar\/62b86195291b446fe380824eb28b99a5?s=96&r=g","contentUrl":"https:\/\/secure.gravatar.com\/avatar\/62b86195291b446fe380824eb28b99a5?s=96&r=g","caption":"Vitor Azevedo"},"description":"Formado em jornalismo pela Unesp, escreve sobre economia e neg\u00f3cios para a Suno Not\u00edcias.","url":"https:\/\/www.suno.com.br\/noticias\/author\/vitor-azevedo\/"}]}},"default_loop_html":"<div class=\"cardsPage__listCard__boxs\"><div class=\"cardsPage__listCard__boxs__img\"><a href=\"https:\/\/www.suno.com.br\/noticias\/guedes-projeto-lei-divida-publica\/\"><img class=\"mask\" src=\"https:\/\/www.suno.com.br\/noticias\/wp-content\/themes\/suno\/resources\/images\/spotlight\/spotlight1img\/bg-mask.png\" alt=\"Image Mask\"\/><img src=\"https:\/\/files.sunoresearch.com.br\/n\/uploads\/2021\/03\/42dda3a1-paulo-guedes-foto-alan-santos-pr-400x200.webp\" alt=\"Guedes: governo enviar\u00e1 projeto para regulamentar meta da d\u00edvida p\u00fablica\"\/><\/a><span class=\"spotlightCategory\"><a href=\"https:\/\/www.suno.com.br\/noticias\/politica\/\">Pol\u00edtica<\/a><\/span><\/div><div class=\"cardsPage__listCard__boxs__content\"><a href=\"https:\/\/www.suno.com.br\/noticias\/guedes-projeto-lei-divida-publica\/\"><h2 class=\"content__title\">Guedes: governo enviar\u00e1 projeto para regulamentar meta da d\u00edvida p\u00fablica<\/h2><\/a><div class=\"newsContent__article__meta\"><div class=\"newsContent__article__meta__authorBox\"><a href=\"https:\/\/www.suno.com.br\/noticias\/author\/vitor-azevedo\/\" class=\"authorBox__avatar noMobi\"><img src=\"https:\/\/secure.gravatar.com\/avatar\/62b86195291b446fe380824eb28b99a5?s=96&#038;r=g\" alt=\"Vitor Azevedo\"><\/a><div class=\"authorBox__name\"><span>por\n\t\t\t<a href=\"https:\/\/www.suno.com.br\/noticias\/author\/vitor-azevedo\/\"><span itemprop=\"author\">Vitor Azevedo<\/span><\/a><\/span><time datetime=\"2021-03-25T14:36:12-03:00\" itemprop=\"datePublished\">25\/03\/2021 14:36<\/time><\/div><\/div><\/div><\/div><\/div>","single_layout":"posts","amp_enabled":true,"_links":{"self":[{"href":"https:\/\/www.suno.com.br\/noticias\/wp-json\/wp\/v2\/posts\/134609"}],"collection":[{"href":"https:\/\/www.suno.com.br\/noticias\/wp-json\/wp\/v2\/posts"}],"about":[{"href":"https:\/\/www.suno.com.br\/noticias\/wp-json\/wp\/v2\/types\/post"}],"author":[{"embeddable":true,"href":"https:\/\/www.suno.com.br\/noticias\/wp-json\/wp\/v2\/users\/59"}],"replies":[{"embeddable":true,"href":"https:\/\/www.suno.com.br\/noticias\/wp-json\/wp\/v2\/comments?post=134609"}],"version-history":[{"count":2,"href":"https:\/\/www.suno.com.br\/noticias\/wp-json\/wp\/v2\/posts\/134609\/revisions"}],"predecessor-version":[{"id":134620,"href":"https:\/\/www.suno.com.br\/noticias\/wp-json\/wp\/v2\/posts\/134609\/revisions\/134620"}],"wp:featuredmedia":[{"embeddable":true,"href":"https:\/\/www.suno.com.br\/noticias\/wp-json\/wp\/v2\/media\/130411"}],"wp:attachment":[{"href":"https:\/\/www.suno.com.br\/noticias\/wp-json\/wp\/v2\/media?parent=134609"}],"wp:term":[{"taxonomy":"category","embeddable":true,"href":"https:\/\/www.suno.com.br\/noticias\/wp-json\/wp\/v2\/categories?post=134609"},{"taxonomy":"post_tag","embeddable":true,"href":"https:\/\/www.suno.com.br\/noticias\/wp-json\/wp\/v2\/tags?post=134609"},{"taxonomy":"suno_strategy","embeddable":true,"href":"https:\/\/www.suno.com.br\/noticias\/wp-json\/wp\/v2\/suno_strategy?post=134609"}],"curies":[{"name":"wp","href":"https:\/\/api.w.org\/{rel}","templated":true}]}}