{"id":134442,"date":"2021-03-25T07:44:32","date_gmt":"2021-03-25T10:44:32","guid":{"rendered":"https:\/\/www.suno.com.br\/noticias\/?p=134442"},"modified":"2021-03-25T18:41:19","modified_gmt":"2021-03-25T21:41:19","slug":"rodrigo-limp-nascimento-presidencia-eletrobras-elet3","status":"publish","type":"post","link":"https:\/\/www.suno.com.br\/noticias\/rodrigo-limp-nascimento-presidencia-eletrobras-elet3\/","title":{"rendered":"Rodrigo Limp \u00e9 indicado para assumir presid\u00eancia da Eletrobras (ELET3)"},"content":{"rendered":"<p>O conselho de administra\u00e7\u00e3o da <a href=\"https:\/\/www.suno.com.br\/acoes\/elet3\/\"><strong>Eletrobras<\/strong> (ELET3)<\/a> decidiu por recomendar Rodrigo Limp Nascimento para uma vaga no colegiado. Segundo o documento, a inten\u00e7\u00e3o \u00e9 que ele assuma uma cadeira no conselho para que, posteriormente, possa ocupar o cargo de presidente da estatal &#8211; uma vez que fazer parte da mesa \u00e9 um precedente para chegar ao posto.<\/p>\t<div class=\"wrapper-featured-image\">\n\t\t<figure class=\"spotlightImg\">\n\n\t\t\t<picture>\n\t\t\t\t<source media=\"(max-width: 768px)\" srcset=\"https:\/\/files.sunoresearch.com.br\/n\/uploads\/2021\/03\/8ddce5e3-eletrobras-1-1-800x450-1-400x200.webp\">\n\t\t\t\t<img loading=\"lazy\" decoding=\"async\" class=\"newsContent__article__imgCapa lazyloadDisabled \" src=\"https:\/\/files.sunoresearch.com.br\/n\/uploads\/2021\/03\/8ddce5e3-eletrobras-1-1-800x450-1-jpg.webp\" width=\"800\" height=\"450\" alt=\"Rodrigo Limp \u00e9 indicado para assumir presid\u00eancia da Eletrobras (ELET3)\" fetchpriority=high \/>\n\t\t\t<\/picture>\n\n\t\t\t<figcaption class=\"wp-caption-text wp-caption-text--show\">Governo Federal indica novo nome \u00e0 presid\u00eancia da Eletrobras<\/figcaption>\n\t\t<\/figure>\n\t<\/div>\n\n\n<p><span style=\"font-weight: 400;\">\t<p>\n\t\t<a href=\"https:\/\/lp.suno.com.br\/planilha-controle-gastos\/\" target=\"_blank\" data-element=\"shortcode-suno-banner\" title=\"Banner SUNO, clique e saiba mais\">\n\t\t\t<picture>\n\t\t\t\t<source media=\"(max-width: 500px)\" srcset=\"https:\/\/files.sunoresearch.com.br\/n\/uploads\/2023\/03\/400x300-Planilha-controle-de-gastos.png\">\n\t\t\t\t<img class=\"newsContent__article__imgCapa newsContent__article__imgCapa--banner\"\n\t\t\t\t\tsrc=\"https:\/\/files.sunoresearch.com.br\/n\/uploads\/2023\/03\/1420x240-Planilha-controle-de-gastos.png\"\n\t\t\t\t\tdata-promo-id=\"101751\"\t\t\t\t\t\t\t\t\t\twidth='1420' height='240'\t\t\t\t\talt=\"https:\/\/files.sunoresearch.com.br\/n\/uploads\/2023\/03\/1420x240-Planilha-controle-de-gastos.png\"\n\t\t\t\t>\n\t\t\t<\/picture>\n\t\t<\/a>\n\t<\/p>\n\n<\/span><\/p>\n<p>Limp foi <strong>indicado \u00e0 presid\u00eancia pelo Governo Federal<\/strong>, controlador da Eletrobras. Ele \u00e9, atualmente, secret\u00e1rio de energia el\u00e9trica do Minist\u00e9rio de Minas e Energia e foi diretor da <a href=\"https:\/\/www.suno.com.br\/artigos\/agencias-reguladoras\/\">Ag\u00eancia Nacional de Energia El\u00e9trica<\/a>, a Aneel, entre mar\u00e7o de 2018 e maio de 2020.<\/p>\n<p><iframe loading=\"lazy\" title=\"\ud83d\udd34Novo presidente da Eletrobras (ELET3), Petrobras (PETR4) reclama de concorr\u00eancia\" width=\"1080\" height=\"608\" src=\"https:\/\/www.youtube.com\/embed\/7QgCiq1SyPU?feature=oembed&#038;enablejsapi=1&#038;origin=https:\/\/www.suno.com.br\" frameborder=\"0\" allow=\"accelerometer; autoplay; clipboard-write; encrypted-media; gyroscope; picture-in-picture\" allowfullscreen><\/iframe><\/p>\n<p>O candidato ao posto de presidente da Eletrobras \u00e9 <strong>engenheiro eletricista formado<\/strong> pela Universidade Federal de Juiz de Fora (UFJF) e possui MBA em administra\u00e7\u00e3o de empresa de energia el\u00e9trica pela Funda\u00e7\u00e3o Get\u00falio Vargas (FGV) . Al\u00e9m disso, \u00e9 mestre em economia do setor p\u00fablico e p\u00f3s-graduado em direito regulat\u00f3rio, estes dois t\u00edtulos concedidos pela Universidade de Bras\u00edlia (UnB).<\/p>\n<p><a href=\"https:\/\/lp.suno.com.br\/suno-one\/?ppp=noticias\/hospital-care-pedido-ipo-cvm\/\"><b>Suno One: acesse gratuitamente eBooks, Minicursos, Artigos e V\u00eddeo Aulas sobre investimentos com um \u00fanico cadastro. Clique para saber mais!<\/b><\/a><\/p>\n<p>Segundo o documento, publicado no fim da noite desta quarta-feira (24), Limp, foi aprovado pelo conselho e avaliado e recomendado pelo Comit\u00ea de Pessoas, Elegibilidade, Sucess\u00e3o e Remunera\u00e7\u00e3o.<\/p>\n<p>A indica\u00e7\u00e3o do governo, por\u00e9m, passou por cima da assessoria Korn &amp; Ferry, contratada para trabalhar com a sele\u00e7\u00e3o de nomes no in\u00edcio de fevereiro.<\/p>\n<p>Para ocupar o cargo, Rodrigo Limp Nascimento tem agora de ser aprovado pelo minist\u00e9rio da Casa Civil. Ap\u00f3s isso, ser\u00e1 levado ao posto pelo <a href=\"https:\/\/www.suno.com.br\/artigos\/conselho-administracao\/\">conselho de administra\u00e7\u00e3o<\/a>.<\/p>\n<p><span style=\"font-weight: 400;\">\t<p>\n\t\t<a href=\"https:\/\/lp.suno.com.br\/planilha-da-vida-financeira\/\" target=\"_blank\" data-element=\"shortcode-suno-banner\" title=\"Banner SUNO, clique e saiba mais\">\n\t\t\t<picture>\n\t\t\t\t<source media=\"(max-width: 500px)\" srcset=\"https:\/\/files.sunoresearch.com.br\/n\/uploads\/2023\/04\/400x300-Planilha-vida-financeira-true.png\">\n\t\t\t\t<img class=\"newsContent__article__imgCapa newsContent__article__imgCapa--banner\"\n\t\t\t\t\tsrc=\"https:\/\/files.sunoresearch.com.br\/n\/uploads\/2023\/04\/1420x240-Planilha-vida-financeira-true.png\"\n\t\t\t\t\tdata-promo-id=\"106682\"\t\t\t\t\t\t\t\t\t\twidth='1420' height='240'\t\t\t\t\talt=\"https:\/\/files.sunoresearch.com.br\/n\/uploads\/2023\/04\/1420x240-Planilha-vida-financeira-true.png\"\n\t\t\t\t>\n\t\t\t<\/picture>\n\t\t<\/a>\n\t<\/p>\n\n<\/span><\/p>\n<h2>Conselheiro da Eletrobras deixa cargo ap\u00f3s indica\u00e7\u00e3o de Limp<\/h2>\n<p>Ap\u00f3s a indica\u00e7\u00e3o de Limp, Mauro Gentile Rodrigues Cunha, coordenador do Comit\u00ea de Auditoria e Risco Estatu\u00e1rio e membro do conselho de administra\u00e7\u00e3o da estatal pediu demiss\u00e3o.<\/p>\n<p>Cunha deixou o cargo por n\u00e3o concordar com a escolha do novo presidente da <strong>Eletrobras<\/strong>, afirmando que Uni\u00e3o passou por cima da consultoria contratada &#8211; o que indicaria quebra de governan\u00e7a.<\/p>\n<p><span style=\"font-weight: 400;\">\t<p>\n\t\t<a href=\"https:\/\/lp.suno.com.br\/planilha-de-controle-de-investimentos\/\" target=\"_blank\" data-element=\"shortcode-suno-banner\" title=\"Banner SUNO, clique e saiba mais\">\n\t\t\t<picture>\n\t\t\t\t<source media=\"(max-width: 500px)\" srcset=\"https:\/\/files.sunoresearch.com.br\/n\/uploads\/2023\/03\/400x300-Controle-de-Investimentos.png\">\n\t\t\t\t<img class=\"newsContent__article__imgCapa newsContent__article__imgCapa--banner\"\n\t\t\t\t\tsrc=\"https:\/\/files.sunoresearch.com.br\/n\/uploads\/2023\/03\/1420x240-Controle-de-Investimentos.png\"\n\t\t\t\t\tdata-promo-id=\"75934\"\t\t\t\t\t\t\t\t\t\twidth='1420' height='240'\t\t\t\t\talt=\"https:\/\/files.sunoresearch.com.br\/n\/uploads\/2023\/03\/1420x240-Controle-de-Investimentos.png\"\n\t\t\t\t>\n\t\t\t<\/picture>\n\t\t<\/a>\n\t<\/p>\n\n<\/span><\/p>\n","protected":false},"excerpt":{"rendered":"<p>O conselho de administra\u00e7\u00e3o da Eletrobras (ELET3) decidiu por recomendar Rodrigo Limp Nascimento para uma vaga no colegiado. Segundo o documento, a inten\u00e7\u00e3o \u00e9 que ele assuma uma cadeira no conselho para que, posteriormente, possa ocupar o cargo de presidente da estatal &#8211; uma vez que fazer parte da mesa \u00e9 um precedente para chegar [&hellip;]<\/p>\n","protected":false},"author":59,"featured_media":128128,"comment_status":"closed","ping_status":"closed","sticky":false,"template":"","format":"standard","meta":[],"categories":[64],"tags":[455],"suno_strategy":[],"class_list":["post-134442","post","type-post","status-publish","format-standard","has-post-thumbnail","hentry","category-negocios","tag-eletrobras-elet3-elet5-elet6"],"yoast_head":"<!-- This site is optimized with the Yoast SEO plugin v24.4 - https:\/\/yoast.com\/wordpress\/plugins\/seo\/ -->\n<title>Rodrigo Limp \u00e9 indicado para assumir presid\u00eancia da Eletrobras (ELET3)<\/title>\n<meta name=\"description\" content=\"Rodrigo Limp, secret\u00e1rio do Minist\u00e9rio de Minas e Energia, foi indicado \u00e0 presid\u00eancia da Eletrobras pela Uni\u00e3o. Clique aqui para saber mais.\" \/>\n<meta name=\"robots\" content=\"index, follow, max-snippet:-1, max-image-preview:large, max-video-preview:-1\" \/>\n<link rel=\"canonical\" href=\"https:\/\/www.suno.com.br\/noticias\/rodrigo-limp-nascimento-presidencia-eletrobras-elet3\/\" \/>\n<meta property=\"og:locale\" content=\"pt_BR\" \/>\n<meta property=\"og:type\" content=\"article\" \/>\n<meta property=\"og:title\" content=\"Rodrigo Limp \u00e9 indicado para assumir presid\u00eancia da Eletrobras (ELET3)\" \/>\n<meta property=\"og:description\" content=\"Rodrigo Limp, secret\u00e1rio do Minist\u00e9rio de Minas e Energia, foi indicado \u00e0 presid\u00eancia da Eletrobras pela Uni\u00e3o. Clique aqui para saber mais.\" \/>\n<meta property=\"og:url\" content=\"https:\/\/www.suno.com.br\/noticias\/rodrigo-limp-nascimento-presidencia-eletrobras-elet3\/\" \/>\n<meta property=\"og:site_name\" content=\"Suno Not\u00edcias\" \/>\n<meta property=\"article:publisher\" content=\"https:\/\/facebook.com\/sunoresearch\" \/>\n<meta property=\"og:image\" content=\"https:\/\/files.sunoresearch.com.br\/n\/uploads\/2021\/03\/8ddce5e3-eletrobras-1-1-800x450-1.jpg\" \/>\n\t<meta property=\"og:image:width\" content=\"800\" \/>\n\t<meta property=\"og:image:height\" content=\"450\" \/>\n\t<meta property=\"og:image:type\" content=\"image\/jpeg\" \/>\n<meta name=\"author\" content=\"Vitor Azevedo\" \/>\n<meta name=\"twitter:card\" content=\"summary_large_image\" \/>\n<meta name=\"twitter:creator\" content=\"@sunoresearch\" \/>\n<meta name=\"twitter:site\" content=\"@sunoresearch\" \/>\n<meta name=\"twitter:label1\" content=\"Escrito por\" \/>\n\t<meta name=\"twitter:data1\" content=\"Vitor Azevedo\" \/>\n\t<meta name=\"twitter:label2\" content=\"Est. tempo de leitura\" \/>\n\t<meta name=\"twitter:data2\" content=\"2 minutos\" \/>\n<script type=\"application\/ld+json\" class=\"yoast-schema-graph\">{\"@context\":\"https:\/\/schema.org\",\"@graph\":[{\"@type\":\"NewsArticle\",\"@id\":\"https:\/\/www.suno.com.br\/noticias\/rodrigo-limp-nascimento-presidencia-eletrobras-elet3\/#article\",\"isPartOf\":{\"@id\":\"https:\/\/www.suno.com.br\/noticias\/rodrigo-limp-nascimento-presidencia-eletrobras-elet3\/\"},\"author\":{\"name\":\"Vitor Azevedo\",\"@id\":\"https:\/\/www.suno.com.br\/noticias\/#\/schema\/person\/658d5fbc74d81f265f5df3562d0038ab\"},\"headline\":\"Rodrigo Limp \u00e9 indicado para assumir presid\u00eancia da Eletrobras (ELET3)\",\"datePublished\":\"2021-03-25T10:44:32+00:00\",\"dateModified\":\"2021-03-25T21:41:19+00:00\",\"mainEntityOfPage\":{\"@id\":\"https:\/\/www.suno.com.br\/noticias\/rodrigo-limp-nascimento-presidencia-eletrobras-elet3\/\"},\"wordCount\":382,\"publisher\":{\"@id\":\"https:\/\/www.suno.com.br\/noticias\/#organization\"},\"image\":{\"@id\":\"https:\/\/www.suno.com.br\/noticias\/rodrigo-limp-nascimento-presidencia-eletrobras-elet3\/#primaryimage\"},\"thumbnailUrl\":\"https:\/\/files.sunoresearch.com.br\/n\/uploads\/2021\/03\/8ddce5e3-eletrobras-1-1-800x450-1-jpg.webp\",\"keywords\":[\"Eletrobras (ELET3\/ELET5\/ELET6)\"],\"articleSection\":[\"Neg\u00f3cios\"],\"inLanguage\":\"pt-BR\"},{\"@type\":\"WebPage\",\"@id\":\"https:\/\/www.suno.com.br\/noticias\/rodrigo-limp-nascimento-presidencia-eletrobras-elet3\/\",\"url\":\"https:\/\/www.suno.com.br\/noticias\/rodrigo-limp-nascimento-presidencia-eletrobras-elet3\/\",\"name\":\"Rodrigo Limp \u00e9 indicado para assumir presid\u00eancia da Eletrobras (ELET3)\",\"isPartOf\":{\"@id\":\"https:\/\/www.suno.com.br\/noticias\/#website\"},\"primaryImageOfPage\":{\"@id\":\"https:\/\/www.suno.com.br\/noticias\/rodrigo-limp-nascimento-presidencia-eletrobras-elet3\/#primaryimage\"},\"image\":{\"@id\":\"https:\/\/www.suno.com.br\/noticias\/rodrigo-limp-nascimento-presidencia-eletrobras-elet3\/#primaryimage\"},\"thumbnailUrl\":\"https:\/\/files.sunoresearch.com.br\/n\/uploads\/2021\/03\/8ddce5e3-eletrobras-1-1-800x450-1-jpg.webp\",\"datePublished\":\"2021-03-25T10:44:32+00:00\",\"dateModified\":\"2021-03-25T21:41:19+00:00\",\"description\":\"Rodrigo Limp, secret\u00e1rio do Minist\u00e9rio de Minas e Energia, foi indicado \u00e0 presid\u00eancia da Eletrobras pela Uni\u00e3o. Clique aqui para saber mais.\",\"breadcrumb\":{\"@id\":\"https:\/\/www.suno.com.br\/noticias\/rodrigo-limp-nascimento-presidencia-eletrobras-elet3\/#breadcrumb\"},\"inLanguage\":\"pt-BR\",\"potentialAction\":[{\"@type\":\"ReadAction\",\"target\":[\"https:\/\/www.suno.com.br\/noticias\/rodrigo-limp-nascimento-presidencia-eletrobras-elet3\/\"]}]},{\"@type\":\"ImageObject\",\"inLanguage\":\"pt-BR\",\"@id\":\"https:\/\/www.suno.com.br\/noticias\/rodrigo-limp-nascimento-presidencia-eletrobras-elet3\/#primaryimage\",\"url\":\"https:\/\/files.sunoresearch.com.br\/n\/uploads\/2021\/03\/8ddce5e3-eletrobras-1-1-800x450-1-jpg.webp\",\"contentUrl\":\"https:\/\/files.sunoresearch.com.br\/n\/uploads\/2021\/03\/8ddce5e3-eletrobras-1-1-800x450-1-jpg.webp\",\"width\":800,\"height\":450,\"caption\":\"Governo Federal indica novo nome \u00e0 presid\u00eancia da Eletrobras\"},{\"@type\":\"BreadcrumbList\",\"@id\":\"https:\/\/www.suno.com.br\/noticias\/rodrigo-limp-nascimento-presidencia-eletrobras-elet3\/#breadcrumb\",\"itemListElement\":[{\"@type\":\"ListItem\",\"position\":1,\"name\":\"Not\u00edcias\",\"item\":\"https:\/\/www.suno.com.br\/noticias\/\"},{\"@type\":\"ListItem\",\"position\":2,\"name\":\"Neg\u00f3cios\",\"item\":\"https:\/\/www.suno.com.br\/noticias\/negocios\/\"},{\"@type\":\"ListItem\",\"position\":3,\"name\":\"Rodrigo Limp \u00e9 indicado para assumir presid\u00eancia da Eletrobras (ELET3)\"}]},{\"@type\":\"WebSite\",\"@id\":\"https:\/\/www.suno.com.br\/noticias\/#website\",\"url\":\"https:\/\/www.suno.com.br\/noticias\/\",\"name\":\"Suno Not\u00edcias\",\"description\":\"Seu portal de informa\u00e7\u00e3o sobre o mundo dos investimentos\",\"publisher\":{\"@id\":\"https:\/\/www.suno.com.br\/noticias\/#organization\"},\"potentialAction\":[{\"@type\":\"SearchAction\",\"target\":{\"@type\":\"EntryPoint\",\"urlTemplate\":\"https:\/\/www.suno.com.br\/noticias\/?s={search_term_string}\"},\"query-input\":{\"@type\":\"PropertyValueSpecification\",\"valueRequired\":true,\"valueName\":\"search_term_string\"}}],\"inLanguage\":\"pt-BR\"},{\"@type\":\"Organization\",\"@id\":\"https:\/\/www.suno.com.br\/noticias\/#organization\",\"name\":\"Suno Not\u00edcias\",\"url\":\"https:\/\/www.suno.com.br\/noticias\/\",\"logo\":{\"@type\":\"ImageObject\",\"inLanguage\":\"pt-BR\",\"@id\":\"https:\/\/www.suno.com.br\/noticias\/#\/schema\/logo\/image\/\",\"url\":\"https:\/\/files.sunoresearch.com.br\/n\/uploads\/2021\/09\/suno-logo.png\",\"contentUrl\":\"https:\/\/files.sunoresearch.com.br\/n\/uploads\/2021\/09\/suno-logo.png\",\"width\":180,\"height\":180,\"caption\":\"Suno Not\u00edcias\"},\"image\":{\"@id\":\"https:\/\/www.suno.com.br\/noticias\/#\/schema\/logo\/image\/\"},\"sameAs\":[\"https:\/\/facebook.com\/sunoresearch\",\"https:\/\/x.com\/sunoresearch\",\"https:\/\/www.instagram.com\/suno\",\"https:\/\/www.linkedin.com\/company\/suno-research\/\",\"https:\/\/www.youtube.com\/c\/sunoresearch\"]},{\"@type\":\"Person\",\"@id\":\"https:\/\/www.suno.com.br\/noticias\/#\/schema\/person\/658d5fbc74d81f265f5df3562d0038ab\",\"name\":\"Vitor Azevedo\",\"image\":{\"@type\":\"ImageObject\",\"inLanguage\":\"pt-BR\",\"@id\":\"https:\/\/www.suno.com.br\/noticias\/#\/schema\/person\/image\/\",\"url\":\"https:\/\/secure.gravatar.com\/avatar\/62b86195291b446fe380824eb28b99a5?s=96&r=g\",\"contentUrl\":\"https:\/\/secure.gravatar.com\/avatar\/62b86195291b446fe380824eb28b99a5?s=96&r=g\",\"caption\":\"Vitor Azevedo\"},\"description\":\"Formado em jornalismo pela Unesp, escreve sobre economia e neg\u00f3cios para a Suno Not\u00edcias.\",\"url\":\"https:\/\/www.suno.com.br\/noticias\/author\/vitor-azevedo\/\"}]}<\/script>\n<!-- \/ Yoast SEO plugin. -->","yoast_head_json":{"title":"Rodrigo Limp \u00e9 indicado para assumir presid\u00eancia da Eletrobras (ELET3)","description":"Rodrigo Limp, secret\u00e1rio do Minist\u00e9rio de Minas e Energia, foi indicado \u00e0 presid\u00eancia da Eletrobras pela Uni\u00e3o. Clique aqui para saber mais.","robots":{"index":"index","follow":"follow","max-snippet":"max-snippet:-1","max-image-preview":"max-image-preview:large","max-video-preview":"max-video-preview:-1"},"canonical":"https:\/\/www.suno.com.br\/noticias\/rodrigo-limp-nascimento-presidencia-eletrobras-elet3\/","og_locale":"pt_BR","og_type":"article","og_title":"Rodrigo Limp \u00e9 indicado para assumir presid\u00eancia da Eletrobras (ELET3)","og_description":"Rodrigo Limp, secret\u00e1rio do Minist\u00e9rio de Minas e Energia, foi indicado \u00e0 presid\u00eancia da Eletrobras pela Uni\u00e3o. Clique aqui para saber mais.","og_url":"https:\/\/www.suno.com.br\/noticias\/rodrigo-limp-nascimento-presidencia-eletrobras-elet3\/","og_site_name":"Suno Not\u00edcias","article_publisher":"https:\/\/facebook.com\/sunoresearch","og_image":[{"width":800,"height":450,"url":"https:\/\/files.sunoresearch.com.br\/n\/uploads\/2021\/03\/8ddce5e3-eletrobras-1-1-800x450-1.jpg","type":"image\/jpeg"}],"author":"Vitor Azevedo","twitter_card":"summary_large_image","twitter_creator":"@sunoresearch","twitter_site":"@sunoresearch","twitter_misc":{"Escrito por":"Vitor Azevedo","Est. tempo de leitura":"2 minutos"},"schema":{"@context":"https:\/\/schema.org","@graph":[{"@type":"NewsArticle","@id":"https:\/\/www.suno.com.br\/noticias\/rodrigo-limp-nascimento-presidencia-eletrobras-elet3\/#article","isPartOf":{"@id":"https:\/\/www.suno.com.br\/noticias\/rodrigo-limp-nascimento-presidencia-eletrobras-elet3\/"},"author":{"name":"Vitor Azevedo","@id":"https:\/\/www.suno.com.br\/noticias\/#\/schema\/person\/658d5fbc74d81f265f5df3562d0038ab"},"headline":"Rodrigo Limp \u00e9 indicado para assumir presid\u00eancia da Eletrobras (ELET3)","datePublished":"2021-03-25T10:44:32+00:00","dateModified":"2021-03-25T21:41:19+00:00","mainEntityOfPage":{"@id":"https:\/\/www.suno.com.br\/noticias\/rodrigo-limp-nascimento-presidencia-eletrobras-elet3\/"},"wordCount":382,"publisher":{"@id":"https:\/\/www.suno.com.br\/noticias\/#organization"},"image":{"@id":"https:\/\/www.suno.com.br\/noticias\/rodrigo-limp-nascimento-presidencia-eletrobras-elet3\/#primaryimage"},"thumbnailUrl":"https:\/\/files.sunoresearch.com.br\/n\/uploads\/2021\/03\/8ddce5e3-eletrobras-1-1-800x450-1-jpg.webp","keywords":["Eletrobras (ELET3\/ELET5\/ELET6)"],"articleSection":["Neg\u00f3cios"],"inLanguage":"pt-BR"},{"@type":"WebPage","@id":"https:\/\/www.suno.com.br\/noticias\/rodrigo-limp-nascimento-presidencia-eletrobras-elet3\/","url":"https:\/\/www.suno.com.br\/noticias\/rodrigo-limp-nascimento-presidencia-eletrobras-elet3\/","name":"Rodrigo Limp \u00e9 indicado para assumir presid\u00eancia da Eletrobras (ELET3)","isPartOf":{"@id":"https:\/\/www.suno.com.br\/noticias\/#website"},"primaryImageOfPage":{"@id":"https:\/\/www.suno.com.br\/noticias\/rodrigo-limp-nascimento-presidencia-eletrobras-elet3\/#primaryimage"},"image":{"@id":"https:\/\/www.suno.com.br\/noticias\/rodrigo-limp-nascimento-presidencia-eletrobras-elet3\/#primaryimage"},"thumbnailUrl":"https:\/\/files.sunoresearch.com.br\/n\/uploads\/2021\/03\/8ddce5e3-eletrobras-1-1-800x450-1-jpg.webp","datePublished":"2021-03-25T10:44:32+00:00","dateModified":"2021-03-25T21:41:19+00:00","description":"Rodrigo Limp, secret\u00e1rio do Minist\u00e9rio de Minas e Energia, foi indicado \u00e0 presid\u00eancia da Eletrobras pela Uni\u00e3o. Clique aqui para saber mais.","breadcrumb":{"@id":"https:\/\/www.suno.com.br\/noticias\/rodrigo-limp-nascimento-presidencia-eletrobras-elet3\/#breadcrumb"},"inLanguage":"pt-BR","potentialAction":[{"@type":"ReadAction","target":["https:\/\/www.suno.com.br\/noticias\/rodrigo-limp-nascimento-presidencia-eletrobras-elet3\/"]}]},{"@type":"ImageObject","inLanguage":"pt-BR","@id":"https:\/\/www.suno.com.br\/noticias\/rodrigo-limp-nascimento-presidencia-eletrobras-elet3\/#primaryimage","url":"https:\/\/files.sunoresearch.com.br\/n\/uploads\/2021\/03\/8ddce5e3-eletrobras-1-1-800x450-1-jpg.webp","contentUrl":"https:\/\/files.sunoresearch.com.br\/n\/uploads\/2021\/03\/8ddce5e3-eletrobras-1-1-800x450-1-jpg.webp","width":800,"height":450,"caption":"Governo Federal indica novo nome \u00e0 presid\u00eancia da Eletrobras"},{"@type":"BreadcrumbList","@id":"https:\/\/www.suno.com.br\/noticias\/rodrigo-limp-nascimento-presidencia-eletrobras-elet3\/#breadcrumb","itemListElement":[{"@type":"ListItem","position":1,"name":"Not\u00edcias","item":"https:\/\/www.suno.com.br\/noticias\/"},{"@type":"ListItem","position":2,"name":"Neg\u00f3cios","item":"https:\/\/www.suno.com.br\/noticias\/negocios\/"},{"@type":"ListItem","position":3,"name":"Rodrigo Limp \u00e9 indicado para assumir presid\u00eancia da Eletrobras (ELET3)"}]},{"@type":"WebSite","@id":"https:\/\/www.suno.com.br\/noticias\/#website","url":"https:\/\/www.suno.com.br\/noticias\/","name":"Suno Not\u00edcias","description":"Seu portal de informa\u00e7\u00e3o sobre o mundo dos investimentos","publisher":{"@id":"https:\/\/www.suno.com.br\/noticias\/#organization"},"potentialAction":[{"@type":"SearchAction","target":{"@type":"EntryPoint","urlTemplate":"https:\/\/www.suno.com.br\/noticias\/?s={search_term_string}"},"query-input":{"@type":"PropertyValueSpecification","valueRequired":true,"valueName":"search_term_string"}}],"inLanguage":"pt-BR"},{"@type":"Organization","@id":"https:\/\/www.suno.com.br\/noticias\/#organization","name":"Suno Not\u00edcias","url":"https:\/\/www.suno.com.br\/noticias\/","logo":{"@type":"ImageObject","inLanguage":"pt-BR","@id":"https:\/\/www.suno.com.br\/noticias\/#\/schema\/logo\/image\/","url":"https:\/\/files.sunoresearch.com.br\/n\/uploads\/2021\/09\/suno-logo.png","contentUrl":"https:\/\/files.sunoresearch.com.br\/n\/uploads\/2021\/09\/suno-logo.png","width":180,"height":180,"caption":"Suno Not\u00edcias"},"image":{"@id":"https:\/\/www.suno.com.br\/noticias\/#\/schema\/logo\/image\/"},"sameAs":["https:\/\/facebook.com\/sunoresearch","https:\/\/x.com\/sunoresearch","https:\/\/www.instagram.com\/suno","https:\/\/www.linkedin.com\/company\/suno-research\/","https:\/\/www.youtube.com\/c\/sunoresearch"]},{"@type":"Person","@id":"https:\/\/www.suno.com.br\/noticias\/#\/schema\/person\/658d5fbc74d81f265f5df3562d0038ab","name":"Vitor Azevedo","image":{"@type":"ImageObject","inLanguage":"pt-BR","@id":"https:\/\/www.suno.com.br\/noticias\/#\/schema\/person\/image\/","url":"https:\/\/secure.gravatar.com\/avatar\/62b86195291b446fe380824eb28b99a5?s=96&r=g","contentUrl":"https:\/\/secure.gravatar.com\/avatar\/62b86195291b446fe380824eb28b99a5?s=96&r=g","caption":"Vitor Azevedo"},"description":"Formado em jornalismo pela Unesp, escreve sobre economia e neg\u00f3cios para a Suno Not\u00edcias.","url":"https:\/\/www.suno.com.br\/noticias\/author\/vitor-azevedo\/"}]}},"default_loop_html":"<div class=\"cardsPage__listCard__boxs\"><div class=\"cardsPage__listCard__boxs__img\"><a href=\"https:\/\/www.suno.com.br\/noticias\/rodrigo-limp-nascimento-presidencia-eletrobras-elet3\/\"><img class=\"mask\" src=\"https:\/\/www.suno.com.br\/noticias\/wp-content\/themes\/suno\/resources\/images\/spotlight\/spotlight1img\/bg-mask.png\" alt=\"Image Mask\"\/><img src=\"https:\/\/files.sunoresearch.com.br\/n\/uploads\/2021\/03\/8ddce5e3-eletrobras-1-1-800x450-1-400x200.webp\" alt=\"Rodrigo Limp \u00e9 indicado para assumir presid\u00eancia da Eletrobras (ELET3)\"\/><\/a><span class=\"spotlightCategory\"><a href=\"https:\/\/www.suno.com.br\/noticias\/negocios\/\">Neg\u00f3cios<\/a><\/span><\/div><div class=\"cardsPage__listCard__boxs__content\"><a href=\"https:\/\/www.suno.com.br\/noticias\/rodrigo-limp-nascimento-presidencia-eletrobras-elet3\/\"><h2 class=\"content__title\">Rodrigo Limp \u00e9 indicado para assumir presid\u00eancia da Eletrobras (ELET3)<\/h2><\/a><div class=\"newsContent__article__meta\"><div class=\"newsContent__article__meta__authorBox\"><a href=\"https:\/\/www.suno.com.br\/noticias\/author\/vitor-azevedo\/\" class=\"authorBox__avatar noMobi\"><img src=\"https:\/\/secure.gravatar.com\/avatar\/62b86195291b446fe380824eb28b99a5?s=96&#038;r=g\" alt=\"Vitor Azevedo\"><\/a><div class=\"authorBox__name\"><span>por\n\t\t\t<a href=\"https:\/\/www.suno.com.br\/noticias\/author\/vitor-azevedo\/\"><span itemprop=\"author\">Vitor Azevedo<\/span><\/a><\/span><time datetime=\"2021-03-25T07:44:32-03:00\" itemprop=\"datePublished\">25\/03\/2021 07:44<\/time><\/div><\/div><\/div><\/div><\/div>","single_layout":"posts","amp_enabled":true,"_links":{"self":[{"href":"https:\/\/www.suno.com.br\/noticias\/wp-json\/wp\/v2\/posts\/134442"}],"collection":[{"href":"https:\/\/www.suno.com.br\/noticias\/wp-json\/wp\/v2\/posts"}],"about":[{"href":"https:\/\/www.suno.com.br\/noticias\/wp-json\/wp\/v2\/types\/post"}],"author":[{"embeddable":true,"href":"https:\/\/www.suno.com.br\/noticias\/wp-json\/wp\/v2\/users\/59"}],"replies":[{"embeddable":true,"href":"https:\/\/www.suno.com.br\/noticias\/wp-json\/wp\/v2\/comments?post=134442"}],"version-history":[{"count":3,"href":"https:\/\/www.suno.com.br\/noticias\/wp-json\/wp\/v2\/posts\/134442\/revisions"}],"predecessor-version":[{"id":134733,"href":"https:\/\/www.suno.com.br\/noticias\/wp-json\/wp\/v2\/posts\/134442\/revisions\/134733"}],"wp:featuredmedia":[{"embeddable":true,"href":"https:\/\/www.suno.com.br\/noticias\/wp-json\/wp\/v2\/media\/128128"}],"wp:attachment":[{"href":"https:\/\/www.suno.com.br\/noticias\/wp-json\/wp\/v2\/media?parent=134442"}],"wp:term":[{"taxonomy":"category","embeddable":true,"href":"https:\/\/www.suno.com.br\/noticias\/wp-json\/wp\/v2\/categories?post=134442"},{"taxonomy":"post_tag","embeddable":true,"href":"https:\/\/www.suno.com.br\/noticias\/wp-json\/wp\/v2\/tags?post=134442"},{"taxonomy":"suno_strategy","embeddable":true,"href":"https:\/\/www.suno.com.br\/noticias\/wp-json\/wp\/v2\/suno_strategy?post=134442"}],"curies":[{"name":"wp","href":"https:\/\/api.w.org\/{rel}","templated":true}]}}