{"id":134332,"date":"2021-03-24T17:55:08","date_gmt":"2021-03-24T20:55:08","guid":{"rendered":"https:\/\/www.suno.com.br\/noticias\/?p=134332"},"modified":"2021-05-29T20:28:46","modified_gmt":"2021-05-29T23:28:46","slug":"mxrf11-fica-entre-as-maiores-altas-do-dia-e-ifix-avanca-002","status":"publish","type":"post","link":"https:\/\/www.suno.com.br\/noticias\/mxrf11-fica-entre-as-maiores-altas-do-dia-e-ifix-avanca-002\/","title":{"rendered":"MXRF11 fica entre as maiores altas do dia e IFIX avan\u00e7a 0,02%"},"content":{"rendered":"<p>O <b>IFIX<\/b>, \u00edndice de Fundos Imobili\u00e1rios da B3, fechou nesta quarta-feira (24), aos 2.814,61 pontos, apresentando leve alta de 0,02%.<\/p>\t<div class=\"wrapper-featured-image\">\n\t\t<figure class=\"spotlightImg\">\n\n\t\t\t<picture>\n\t\t\t\t<source media=\"(max-width: 768px)\" srcset=\"https:\/\/files.sunoresearch.com.br\/n\/uploads\/2021\/02\/be5cd6c2-ifix-400x200.webp\">\n\t\t\t\t<img loading=\"lazy\" decoding=\"async\" class=\"newsContent__article__imgCapa lazyloadDisabled \" src=\"https:\/\/files.sunoresearch.com.br\/n\/uploads\/2021\/02\/be5cd6c2-ifix-800x450.webp\" width=\"800\" height=\"450\" alt=\"MXRF11 fica entre as maiores altas do dia e IFIX avan\u00e7a 0,02%\" fetchpriority=high \/>\n\t\t\t<\/picture>\n\n\t\t\t<figcaption class=\"wp-caption-text wp-caption-text--show\">Fundos Imobili\u00e1rios (FIIs): mercado festeja isen\u00e7\u00e3o de impostos sobre rendimentos: <\/figcaption>\n\t\t<\/figure>\n\t<\/div>\n\n\n\t<p>\n\t\t<a href=\"https:\/\/lp.suno.com.br\/planilha-controle-gastos\/\" target=\"_blank\" data-element=\"shortcode-suno-banner\" title=\"Banner SUNO, clique e saiba mais\">\n\t\t\t<picture>\n\t\t\t\t<source media=\"(max-width: 500px)\" srcset=\"https:\/\/files.sunoresearch.com.br\/n\/uploads\/2023\/03\/400x300-Planilha-controle-de-gastos.png\">\n\t\t\t\t<img class=\"newsContent__article__imgCapa newsContent__article__imgCapa--banner\"\n\t\t\t\t\tsrc=\"https:\/\/files.sunoresearch.com.br\/n\/uploads\/2023\/03\/1420x240-Planilha-controle-de-gastos.png\"\n\t\t\t\t\tdata-promo-id=\"101751\"\t\t\t\t\t\t\t\t\t\twidth='1420' height='240'\t\t\t\t\talt=\"https:\/\/files.sunoresearch.com.br\/n\/uploads\/2023\/03\/1420x240-Planilha-controle-de-gastos.png\"\n\t\t\t\t>\n\t\t\t<\/picture>\n\t\t<\/a>\n\t<\/p>\n\n\n<p>Com o resultado do <strong><a href=\"https:\/\/www.suno.com.br\/artigos\/ifix\/\">IFIX<\/a> hoje,<\/strong> o \u00edndice acumula uma queda de 1,94% no ano. Em 2020 reportou uma queda de 11,79%.<\/p>\n<p>Al\u00e9m disso, durante o dia o mercado ficou atento ao\u00a0<strong>RBHY11<\/strong>. A Bolsa de Valores de S\u00e3o Paulo (B3) informou que amanh\u00e3 (25) ser\u00e3o iniciados, no mercado de bolsa, os neg\u00f3cios com as cotas subscritas e integralizadas de emiss\u00e3o do FII.<\/p>\n<p><a href=\"https:\/\/lp.suno.com.br\/suno-one\/\">Suno One: acesse gratuitamente eBooks, Minicursos, Artigos e V\u00eddeo Aulas sobre investimentos com um \u00fanico cadastro. Clique para saber mais!<\/a><\/p>\n<p>O RBHY11 \u00e9 destinado a investidores em geral, no entanto, at\u00e9 que o fundo fa\u00e7a uma oferta p\u00fablica, ou at\u00e9 que apresente um prospecto, somente os investidores profissionais poder\u00e3o adquirir cotas no mercado secund\u00e1rio.<\/p>\n<p>Na primeira emiss\u00e3o de cotas do FII Rio Bravo Credito Imobili\u00e1rio High Yield, encerrada em 1 de fevereiro, foram subscritas e integralizadas 600 mil cotas, ao pre\u00e7o de R$ 100 cada uma. O valor total da oferta foi de R$ 60 milh\u00f5es.<\/p>\n<p>O mercado ainda seguiu de olho no FII <strong>NewPort Renda Urbana<\/strong> (<strong>NEWU11<\/strong>), que firmou um contrato de loca\u00e7\u00e3o com a empresa AMO- Assist\u00eancia Disciplinar em Oncologia. O<strong> fundo imobili\u00e1rio<\/strong> locou dois conjuntos do Edif\u00edcio Suarez Trade, localizado em Salvador, na Bahia, com \u00e1rea total de 770 metros quadrados.<\/p>\n<p>O contrato de loca\u00e7\u00e3o tem prazo determinado de sessenta meses, com in\u00edcio em 18 de mar\u00e7o deste ano. O valor da loca\u00e7\u00e3o \u00e9 de R$ 26,950, correspondente a R$ 35 por metro quadrado.<\/p>\n<p>Segundo o fato relevante divulgado pelo NEWU11, foi concedido per\u00edodo de car\u00eancia de 3 meses e em caso de rescis\u00e3o antecipada, a locat\u00e1ria dever\u00e1 ressarcir o fundo com multa inicial de 6 alugueis e cumprir 180 dias de aviso pr\u00e9vio.<\/p>\n<p>Ao final do preg\u00e3o de hoje, o FII <strong>EDGA11<\/strong> anunciou que pagar\u00e1 R$ 0,148 em proventos referente ao m\u00eas de fevereiro. A data base \u00e9 hoje e o pagamento deve acontecer no dia 31 de mar\u00e7o.<\/p>\n<h2>FIIs que pagar\u00e3o rendimentos na semana<\/h2>\n<p>Confira tamb\u00e9m os FIIs que ainda pagar\u00e3o rendimentos no decorrer desta semana<\/p>\n<ul>\n<li><strong>ALZR11<\/strong>: R$ 0,59 por cota, no dia 25 de mar\u00e7o<\/li>\n<li><strong>FCFL11<\/strong>: R$ 0,61 por cota, no dia 25 de mar\u00e7o<\/li>\n<li><strong>XPIN11<\/strong>: R$ 0,62 por cota, no dia 25 de mar\u00e7o<\/li>\n<li><strong>XPML11<\/strong>: R$ 0,25 por cota, no dia 25 de mar\u00e7o<\/li>\n<li><strong>BCIA11<\/strong>: R$ 0,64 por cota, no dia 26 de mar\u00e7o<\/li>\n<li><strong>PATC11<\/strong>: R$ 14,35 por cota, no dia 26 de mar\u00e7o<\/li>\n<\/ul>\n\t<div data-element=\"shortcode-read-more\" class=\"knowMore\">\n\t\t\t\t<span class=\"knowMore__title\">Leia tamb\u00e9m<\/span>\n\t\t\t\t<a class=\"knowMore__link\" href=\"https:\/\/www.suno.com.br\/noticias\/ifix-irdm11-fecha-em-queda\/\">\n\t\t\tIRDM11 lidera as maiores altas do dia e IFIX fecha em queda\t\t<\/a>\n\t<\/div>\n\n\n<h2>Maiores altas e baixas do dia<\/h2>\n<p>Confira as maiores altas e baixas do dia no IFIX:<\/p>\n<h3>Maiores Altas do dia\u00a0no IFIX:<\/h3>\n<ul>\n<li><strong>BTCR11<\/strong>: +2,38%\/ R$ 93,38<\/li>\n<li><strong>BCIA11<\/strong>: +1,87% \/ R$ 103,40<\/li>\n<li><strong>TEPP11<\/strong>: + 1,18% \/R$ 81,50<\/li>\n<li><strong>MXRF11<\/strong>: +1,07% \/R$ 10,42<\/li>\n<li><strong>SARE11<\/strong>: + 1,04% \/R$ 96,59<\/li>\n<\/ul>\n\t<p>\n\t\t<a href=\"https:\/\/lp.suno.com.br\/planilha-da-vida-financeira\/\" target=\"_blank\" data-element=\"shortcode-suno-banner\" title=\"Banner SUNO, clique e saiba mais\">\n\t\t\t<picture>\n\t\t\t\t<source media=\"(max-width: 500px)\" srcset=\"https:\/\/files.sunoresearch.com.br\/n\/uploads\/2023\/04\/400x300-Planilha-vida-financeira-true.png\">\n\t\t\t\t<img class=\"newsContent__article__imgCapa newsContent__article__imgCapa--banner\"\n\t\t\t\t\tsrc=\"https:\/\/files.sunoresearch.com.br\/n\/uploads\/2023\/04\/1420x240-Planilha-vida-financeira-true.png\"\n\t\t\t\t\tdata-promo-id=\"106682\"\t\t\t\t\t\t\t\t\t\twidth='1420' height='240'\t\t\t\t\talt=\"https:\/\/files.sunoresearch.com.br\/n\/uploads\/2023\/04\/1420x240-Planilha-vida-financeira-true.png\"\n\t\t\t\t>\n\t\t\t<\/picture>\n\t\t<\/a>\n\t<\/p>\n\n\n<h3>Maiores Baixas do dia no IFIX:<\/h3>\n<ul>\n<li><strong>GGRC11<\/strong>: -2,78% \/ R$ 126,77<\/li>\n<li><strong>FIGS11<\/strong>: -1,89% \/ R$ 59,02<\/li>\n<li><b>IRDM11<\/b>: -1,37% \/ R$ 136,01<\/li>\n<li><strong>VTLT11<\/strong>: -1,23% \/ R$ 110,41<\/li>\n<li><strong>SDIL11<\/strong>: -1,19% \/ R$ 97,62<\/li>\n<\/ul>\n<h2>O que \u00e9 o IFIX<\/h2>\n<p>O <b>IFIX <\/b>\u00e9 um indicador criado pela <a href=\"https:\/\/www.suno.com.br\/artigos\/b3\/\"><strong>Bolsa de Valores de S\u00e3o Paulo (B3)<\/strong><\/a> que tem como objetivo a medi\u00e7\u00e3o da performance de uma carteira composta por cotas de <strong>Fundos Imobili\u00e1rios.<\/strong><\/p>\n\t<p>\n\t\t<a href=\"https:\/\/lp.suno.com.br\/planilha-de-controle-de-investimentos\/\" target=\"_blank\" data-element=\"shortcode-suno-banner\" title=\"Banner SUNO, clique e saiba mais\">\n\t\t\t<picture>\n\t\t\t\t<source media=\"(max-width: 500px)\" srcset=\"https:\/\/files.sunoresearch.com.br\/n\/uploads\/2023\/03\/400x300-Controle-de-Investimentos.png\">\n\t\t\t\t<img class=\"newsContent__article__imgCapa newsContent__article__imgCapa--banner\"\n\t\t\t\t\tsrc=\"https:\/\/files.sunoresearch.com.br\/n\/uploads\/2023\/03\/1420x240-Controle-de-Investimentos.png\"\n\t\t\t\t\tdata-promo-id=\"75934\"\t\t\t\t\t\t\t\t\t\twidth='1420' height='240'\t\t\t\t\talt=\"https:\/\/files.sunoresearch.com.br\/n\/uploads\/2023\/03\/1420x240-Controle-de-Investimentos.png\"\n\t\t\t\t>\n\t\t\t<\/picture>\n\t\t<\/a>\n\t<\/p>\n\n\n","protected":false},"excerpt":{"rendered":"<p>O IFIX, \u00edndice de Fundos Imobili\u00e1rios da B3, fechou nesta quarta-feira (24), aos 2.814,61 pontos, apresentando leve alta de 0,02%. Fundos Imobili\u00e1rios (FIIs): mercado festeja isen\u00e7\u00e3o de impostos sobre rendimentos: Com o resultado do IFIX hoje, o \u00edndice acumula uma queda de 1,94% no ano. Em 2020 reportou uma queda de 11,79%. Al\u00e9m disso, durante [&hellip;]<\/p>\n","protected":false},"author":39,"featured_media":121006,"comment_status":"closed","ping_status":"closed","sticky":false,"template":"","format":"standard","meta":[],"categories":[66,60],"tags":[106080,315,2689,106079,106078],"suno_strategy":[],"class_list":["post-134332","post","type-post","status-publish","format-standard","has-post-thumbnail","hentry","category-fiis","category-mercado","tag-edga11","tag-fundos-imobiliarios-fiis","tag-ifix","tag-newu11","tag-rbhy11"],"yoast_head":"<!-- This site is optimized with the Yoast SEO plugin v24.4 - https:\/\/yoast.com\/wordpress\/plugins\/seo\/ -->\n<title>MXRF11 fica entre as maiores altas do dia e IFIX avan\u00e7a 0,02%<\/title>\n<meta name=\"description\" content=\"O IFIX fechou nesta quarta-feira (24), aos 2.814,61 pontos, apresentando leve alta de 0,02%. Clique aqui e saiba mais sobre o IFIX hoje!\" \/>\n<meta name=\"robots\" content=\"index, follow, max-snippet:-1, max-image-preview:large, max-video-preview:-1\" \/>\n<link rel=\"canonical\" href=\"https:\/\/www.suno.com.br\/noticias\/mxrf11-fica-entre-as-maiores-altas-do-dia-e-ifix-avanca-002\/\" \/>\n<meta property=\"og:locale\" content=\"pt_BR\" \/>\n<meta property=\"og:type\" content=\"article\" \/>\n<meta property=\"og:title\" content=\"MXRF11 fica entre as maiores altas do dia e IFIX avan\u00e7a 0,02%\" \/>\n<meta property=\"og:description\" content=\"O IFIX fechou nesta quarta-feira (24), aos 2.814,61 pontos, apresentando leve alta de 0,02%. Clique aqui e saiba mais sobre o IFIX hoje!\" \/>\n<meta property=\"og:url\" content=\"https:\/\/www.suno.com.br\/noticias\/mxrf11-fica-entre-as-maiores-altas-do-dia-e-ifix-avanca-002\/\" \/>\n<meta property=\"og:site_name\" content=\"Suno Not\u00edcias\" \/>\n<meta property=\"article:publisher\" content=\"https:\/\/facebook.com\/sunoresearch\" \/>\n<meta property=\"og:image\" content=\"https:\/\/files.sunoresearch.com.br\/n\/uploads\/2021\/02\/be5cd6c2-ifix.jpg\" \/>\n\t<meta property=\"og:image:width\" content=\"2000\" \/>\n\t<meta property=\"og:image:height\" content=\"1333\" \/>\n\t<meta property=\"og:image:type\" content=\"image\/jpeg\" \/>\n<meta name=\"author\" content=\"Laura Moutinho\" \/>\n<meta name=\"twitter:card\" content=\"summary_large_image\" \/>\n<meta name=\"twitter:creator\" content=\"@sunoresearch\" \/>\n<meta name=\"twitter:site\" content=\"@sunoresearch\" \/>\n<meta name=\"twitter:label1\" content=\"Escrito por\" \/>\n\t<meta name=\"twitter:data1\" content=\"Laura Moutinho\" \/>\n\t<meta name=\"twitter:label2\" content=\"Est. tempo de leitura\" \/>\n\t<meta name=\"twitter:data2\" content=\"3 minutos\" \/>\n<script type=\"application\/ld+json\" class=\"yoast-schema-graph\">{\"@context\":\"https:\/\/schema.org\",\"@graph\":[{\"@type\":\"NewsArticle\",\"@id\":\"https:\/\/www.suno.com.br\/noticias\/mxrf11-fica-entre-as-maiores-altas-do-dia-e-ifix-avanca-002\/#article\",\"isPartOf\":{\"@id\":\"https:\/\/www.suno.com.br\/noticias\/mxrf11-fica-entre-as-maiores-altas-do-dia-e-ifix-avanca-002\/\"},\"author\":{\"name\":\"Laura Moutinho\",\"@id\":\"https:\/\/www.suno.com.br\/noticias\/#\/schema\/person\/3df0d2808748b74496efe5dbeaef2c72\"},\"headline\":\"MXRF11 fica entre as maiores altas do dia e IFIX avan\u00e7a 0,02%\",\"datePublished\":\"2021-03-24T20:55:08+00:00\",\"dateModified\":\"2021-05-29T23:28:46+00:00\",\"mainEntityOfPage\":{\"@id\":\"https:\/\/www.suno.com.br\/noticias\/mxrf11-fica-entre-as-maiores-altas-do-dia-e-ifix-avanca-002\/\"},\"wordCount\":538,\"publisher\":{\"@id\":\"https:\/\/www.suno.com.br\/noticias\/#organization\"},\"image\":{\"@id\":\"https:\/\/www.suno.com.br\/noticias\/mxrf11-fica-entre-as-maiores-altas-do-dia-e-ifix-avanca-002\/#primaryimage\"},\"thumbnailUrl\":\"https:\/\/files.sunoresearch.com.br\/n\/uploads\/2021\/02\/be5cd6c2-ifix-jpg.webp\",\"keywords\":[\"EDGA11\",\"Fundos Imobili\u00e1rios (FIIs)\",\"IFIX\",\"NEWU11\",\"RBHY11\"],\"articleSection\":[\"FIIs\",\"Mercado\"],\"inLanguage\":\"pt-BR\"},{\"@type\":\"WebPage\",\"@id\":\"https:\/\/www.suno.com.br\/noticias\/mxrf11-fica-entre-as-maiores-altas-do-dia-e-ifix-avanca-002\/\",\"url\":\"https:\/\/www.suno.com.br\/noticias\/mxrf11-fica-entre-as-maiores-altas-do-dia-e-ifix-avanca-002\/\",\"name\":\"MXRF11 fica entre as maiores altas do dia e IFIX avan\u00e7a 0,02%\",\"isPartOf\":{\"@id\":\"https:\/\/www.suno.com.br\/noticias\/#website\"},\"primaryImageOfPage\":{\"@id\":\"https:\/\/www.suno.com.br\/noticias\/mxrf11-fica-entre-as-maiores-altas-do-dia-e-ifix-avanca-002\/#primaryimage\"},\"image\":{\"@id\":\"https:\/\/www.suno.com.br\/noticias\/mxrf11-fica-entre-as-maiores-altas-do-dia-e-ifix-avanca-002\/#primaryimage\"},\"thumbnailUrl\":\"https:\/\/files.sunoresearch.com.br\/n\/uploads\/2021\/02\/be5cd6c2-ifix-jpg.webp\",\"datePublished\":\"2021-03-24T20:55:08+00:00\",\"dateModified\":\"2021-05-29T23:28:46+00:00\",\"description\":\"O IFIX fechou nesta quarta-feira (24), aos 2.814,61 pontos, apresentando leve alta de 0,02%. Clique aqui e saiba mais sobre o IFIX hoje!\",\"breadcrumb\":{\"@id\":\"https:\/\/www.suno.com.br\/noticias\/mxrf11-fica-entre-as-maiores-altas-do-dia-e-ifix-avanca-002\/#breadcrumb\"},\"inLanguage\":\"pt-BR\",\"potentialAction\":[{\"@type\":\"ReadAction\",\"target\":[\"https:\/\/www.suno.com.br\/noticias\/mxrf11-fica-entre-as-maiores-altas-do-dia-e-ifix-avanca-002\/\"]}]},{\"@type\":\"ImageObject\",\"inLanguage\":\"pt-BR\",\"@id\":\"https:\/\/www.suno.com.br\/noticias\/mxrf11-fica-entre-as-maiores-altas-do-dia-e-ifix-avanca-002\/#primaryimage\",\"url\":\"https:\/\/files.sunoresearch.com.br\/n\/uploads\/2021\/02\/be5cd6c2-ifix-jpg.webp\",\"contentUrl\":\"https:\/\/files.sunoresearch.com.br\/n\/uploads\/2021\/02\/be5cd6c2-ifix-jpg.webp\",\"width\":2000,\"height\":1333,\"caption\":\"Fundos Imobili\u00e1rios (FIIs): mercado festeja isen\u00e7\u00e3o de impostos sobre rendimentos:\"},{\"@type\":\"BreadcrumbList\",\"@id\":\"https:\/\/www.suno.com.br\/noticias\/mxrf11-fica-entre-as-maiores-altas-do-dia-e-ifix-avanca-002\/#breadcrumb\",\"itemListElement\":[{\"@type\":\"ListItem\",\"position\":1,\"name\":\"Not\u00edcias\",\"item\":\"https:\/\/www.suno.com.br\/noticias\/\"},{\"@type\":\"ListItem\",\"position\":2,\"name\":\"FIIs\",\"item\":\"https:\/\/www.suno.com.br\/noticias\/fiis\/\"},{\"@type\":\"ListItem\",\"position\":3,\"name\":\"MXRF11 fica entre as maiores altas do dia e IFIX avan\u00e7a 0,02%\"}]},{\"@type\":\"WebSite\",\"@id\":\"https:\/\/www.suno.com.br\/noticias\/#website\",\"url\":\"https:\/\/www.suno.com.br\/noticias\/\",\"name\":\"Suno Not\u00edcias\",\"description\":\"Seu portal de informa\u00e7\u00e3o sobre o mundo dos investimentos\",\"publisher\":{\"@id\":\"https:\/\/www.suno.com.br\/noticias\/#organization\"},\"potentialAction\":[{\"@type\":\"SearchAction\",\"target\":{\"@type\":\"EntryPoint\",\"urlTemplate\":\"https:\/\/www.suno.com.br\/noticias\/?s={search_term_string}\"},\"query-input\":{\"@type\":\"PropertyValueSpecification\",\"valueRequired\":true,\"valueName\":\"search_term_string\"}}],\"inLanguage\":\"pt-BR\"},{\"@type\":\"Organization\",\"@id\":\"https:\/\/www.suno.com.br\/noticias\/#organization\",\"name\":\"Suno Not\u00edcias\",\"url\":\"https:\/\/www.suno.com.br\/noticias\/\",\"logo\":{\"@type\":\"ImageObject\",\"inLanguage\":\"pt-BR\",\"@id\":\"https:\/\/www.suno.com.br\/noticias\/#\/schema\/logo\/image\/\",\"url\":\"https:\/\/files.sunoresearch.com.br\/n\/uploads\/2021\/09\/suno-logo.png\",\"contentUrl\":\"https:\/\/files.sunoresearch.com.br\/n\/uploads\/2021\/09\/suno-logo.png\",\"width\":180,\"height\":180,\"caption\":\"Suno Not\u00edcias\"},\"image\":{\"@id\":\"https:\/\/www.suno.com.br\/noticias\/#\/schema\/logo\/image\/\"},\"sameAs\":[\"https:\/\/facebook.com\/sunoresearch\",\"https:\/\/x.com\/sunoresearch\",\"https:\/\/www.instagram.com\/suno\",\"https:\/\/www.linkedin.com\/company\/suno-research\/\",\"https:\/\/www.youtube.com\/c\/sunoresearch\"]},{\"@type\":\"Person\",\"@id\":\"https:\/\/www.suno.com.br\/noticias\/#\/schema\/person\/3df0d2808748b74496efe5dbeaef2c72\",\"name\":\"Laura Moutinho\",\"image\":{\"@type\":\"ImageObject\",\"inLanguage\":\"pt-BR\",\"@id\":\"https:\/\/www.suno.com.br\/noticias\/#\/schema\/person\/image\/\",\"url\":\"https:\/\/secure.gravatar.com\/avatar\/7571c7c8ca3a6fca5e41384ece5557ff?s=96&r=g\",\"contentUrl\":\"https:\/\/secure.gravatar.com\/avatar\/7571c7c8ca3a6fca5e41384ece5557ff?s=96&r=g\",\"caption\":\"Laura Moutinho\"},\"description\":\"Estagi\u00e1ria na Suno Not\u00edcias, escreve not\u00edcias que afetam o mercado financeiro. Estuda administra\u00e7\u00e3o na Universidade Presbiteriana Mackenzie.\",\"url\":\"https:\/\/www.suno.com.br\/noticias\/author\/laura-moutinho\/\"}]}<\/script>\n<!-- \/ Yoast SEO plugin. -->","yoast_head_json":{"title":"MXRF11 fica entre as maiores altas do dia e IFIX avan\u00e7a 0,02%","description":"O IFIX fechou nesta quarta-feira (24), aos 2.814,61 pontos, apresentando leve alta de 0,02%. Clique aqui e saiba mais sobre o IFIX hoje!","robots":{"index":"index","follow":"follow","max-snippet":"max-snippet:-1","max-image-preview":"max-image-preview:large","max-video-preview":"max-video-preview:-1"},"canonical":"https:\/\/www.suno.com.br\/noticias\/mxrf11-fica-entre-as-maiores-altas-do-dia-e-ifix-avanca-002\/","og_locale":"pt_BR","og_type":"article","og_title":"MXRF11 fica entre as maiores altas do dia e IFIX avan\u00e7a 0,02%","og_description":"O IFIX fechou nesta quarta-feira (24), aos 2.814,61 pontos, apresentando leve alta de 0,02%. Clique aqui e saiba mais sobre o IFIX hoje!","og_url":"https:\/\/www.suno.com.br\/noticias\/mxrf11-fica-entre-as-maiores-altas-do-dia-e-ifix-avanca-002\/","og_site_name":"Suno Not\u00edcias","article_publisher":"https:\/\/facebook.com\/sunoresearch","og_image":[{"width":2000,"height":1333,"url":"https:\/\/files.sunoresearch.com.br\/n\/uploads\/2021\/02\/be5cd6c2-ifix.jpg","type":"image\/jpeg"}],"author":"Laura Moutinho","twitter_card":"summary_large_image","twitter_creator":"@sunoresearch","twitter_site":"@sunoresearch","twitter_misc":{"Escrito por":"Laura Moutinho","Est. tempo de leitura":"3 minutos"},"schema":{"@context":"https:\/\/schema.org","@graph":[{"@type":"NewsArticle","@id":"https:\/\/www.suno.com.br\/noticias\/mxrf11-fica-entre-as-maiores-altas-do-dia-e-ifix-avanca-002\/#article","isPartOf":{"@id":"https:\/\/www.suno.com.br\/noticias\/mxrf11-fica-entre-as-maiores-altas-do-dia-e-ifix-avanca-002\/"},"author":{"name":"Laura Moutinho","@id":"https:\/\/www.suno.com.br\/noticias\/#\/schema\/person\/3df0d2808748b74496efe5dbeaef2c72"},"headline":"MXRF11 fica entre as maiores altas do dia e IFIX avan\u00e7a 0,02%","datePublished":"2021-03-24T20:55:08+00:00","dateModified":"2021-05-29T23:28:46+00:00","mainEntityOfPage":{"@id":"https:\/\/www.suno.com.br\/noticias\/mxrf11-fica-entre-as-maiores-altas-do-dia-e-ifix-avanca-002\/"},"wordCount":538,"publisher":{"@id":"https:\/\/www.suno.com.br\/noticias\/#organization"},"image":{"@id":"https:\/\/www.suno.com.br\/noticias\/mxrf11-fica-entre-as-maiores-altas-do-dia-e-ifix-avanca-002\/#primaryimage"},"thumbnailUrl":"https:\/\/files.sunoresearch.com.br\/n\/uploads\/2021\/02\/be5cd6c2-ifix-jpg.webp","keywords":["EDGA11","Fundos Imobili\u00e1rios (FIIs)","IFIX","NEWU11","RBHY11"],"articleSection":["FIIs","Mercado"],"inLanguage":"pt-BR"},{"@type":"WebPage","@id":"https:\/\/www.suno.com.br\/noticias\/mxrf11-fica-entre-as-maiores-altas-do-dia-e-ifix-avanca-002\/","url":"https:\/\/www.suno.com.br\/noticias\/mxrf11-fica-entre-as-maiores-altas-do-dia-e-ifix-avanca-002\/","name":"MXRF11 fica entre as maiores altas do dia e IFIX avan\u00e7a 0,02%","isPartOf":{"@id":"https:\/\/www.suno.com.br\/noticias\/#website"},"primaryImageOfPage":{"@id":"https:\/\/www.suno.com.br\/noticias\/mxrf11-fica-entre-as-maiores-altas-do-dia-e-ifix-avanca-002\/#primaryimage"},"image":{"@id":"https:\/\/www.suno.com.br\/noticias\/mxrf11-fica-entre-as-maiores-altas-do-dia-e-ifix-avanca-002\/#primaryimage"},"thumbnailUrl":"https:\/\/files.sunoresearch.com.br\/n\/uploads\/2021\/02\/be5cd6c2-ifix-jpg.webp","datePublished":"2021-03-24T20:55:08+00:00","dateModified":"2021-05-29T23:28:46+00:00","description":"O IFIX fechou nesta quarta-feira (24), aos 2.814,61 pontos, apresentando leve alta de 0,02%. Clique aqui e saiba mais sobre o IFIX hoje!","breadcrumb":{"@id":"https:\/\/www.suno.com.br\/noticias\/mxrf11-fica-entre-as-maiores-altas-do-dia-e-ifix-avanca-002\/#breadcrumb"},"inLanguage":"pt-BR","potentialAction":[{"@type":"ReadAction","target":["https:\/\/www.suno.com.br\/noticias\/mxrf11-fica-entre-as-maiores-altas-do-dia-e-ifix-avanca-002\/"]}]},{"@type":"ImageObject","inLanguage":"pt-BR","@id":"https:\/\/www.suno.com.br\/noticias\/mxrf11-fica-entre-as-maiores-altas-do-dia-e-ifix-avanca-002\/#primaryimage","url":"https:\/\/files.sunoresearch.com.br\/n\/uploads\/2021\/02\/be5cd6c2-ifix-jpg.webp","contentUrl":"https:\/\/files.sunoresearch.com.br\/n\/uploads\/2021\/02\/be5cd6c2-ifix-jpg.webp","width":2000,"height":1333,"caption":"Fundos Imobili\u00e1rios (FIIs): mercado festeja isen\u00e7\u00e3o de impostos sobre rendimentos:"},{"@type":"BreadcrumbList","@id":"https:\/\/www.suno.com.br\/noticias\/mxrf11-fica-entre-as-maiores-altas-do-dia-e-ifix-avanca-002\/#breadcrumb","itemListElement":[{"@type":"ListItem","position":1,"name":"Not\u00edcias","item":"https:\/\/www.suno.com.br\/noticias\/"},{"@type":"ListItem","position":2,"name":"FIIs","item":"https:\/\/www.suno.com.br\/noticias\/fiis\/"},{"@type":"ListItem","position":3,"name":"MXRF11 fica entre as maiores altas do dia e IFIX avan\u00e7a 0,02%"}]},{"@type":"WebSite","@id":"https:\/\/www.suno.com.br\/noticias\/#website","url":"https:\/\/www.suno.com.br\/noticias\/","name":"Suno Not\u00edcias","description":"Seu portal de informa\u00e7\u00e3o sobre o mundo dos investimentos","publisher":{"@id":"https:\/\/www.suno.com.br\/noticias\/#organization"},"potentialAction":[{"@type":"SearchAction","target":{"@type":"EntryPoint","urlTemplate":"https:\/\/www.suno.com.br\/noticias\/?s={search_term_string}"},"query-input":{"@type":"PropertyValueSpecification","valueRequired":true,"valueName":"search_term_string"}}],"inLanguage":"pt-BR"},{"@type":"Organization","@id":"https:\/\/www.suno.com.br\/noticias\/#organization","name":"Suno Not\u00edcias","url":"https:\/\/www.suno.com.br\/noticias\/","logo":{"@type":"ImageObject","inLanguage":"pt-BR","@id":"https:\/\/www.suno.com.br\/noticias\/#\/schema\/logo\/image\/","url":"https:\/\/files.sunoresearch.com.br\/n\/uploads\/2021\/09\/suno-logo.png","contentUrl":"https:\/\/files.sunoresearch.com.br\/n\/uploads\/2021\/09\/suno-logo.png","width":180,"height":180,"caption":"Suno Not\u00edcias"},"image":{"@id":"https:\/\/www.suno.com.br\/noticias\/#\/schema\/logo\/image\/"},"sameAs":["https:\/\/facebook.com\/sunoresearch","https:\/\/x.com\/sunoresearch","https:\/\/www.instagram.com\/suno","https:\/\/www.linkedin.com\/company\/suno-research\/","https:\/\/www.youtube.com\/c\/sunoresearch"]},{"@type":"Person","@id":"https:\/\/www.suno.com.br\/noticias\/#\/schema\/person\/3df0d2808748b74496efe5dbeaef2c72","name":"Laura Moutinho","image":{"@type":"ImageObject","inLanguage":"pt-BR","@id":"https:\/\/www.suno.com.br\/noticias\/#\/schema\/person\/image\/","url":"https:\/\/secure.gravatar.com\/avatar\/7571c7c8ca3a6fca5e41384ece5557ff?s=96&r=g","contentUrl":"https:\/\/secure.gravatar.com\/avatar\/7571c7c8ca3a6fca5e41384ece5557ff?s=96&r=g","caption":"Laura Moutinho"},"description":"Estagi\u00e1ria na Suno Not\u00edcias, escreve not\u00edcias que afetam o mercado financeiro. Estuda administra\u00e7\u00e3o na Universidade Presbiteriana Mackenzie.","url":"https:\/\/www.suno.com.br\/noticias\/author\/laura-moutinho\/"}]}},"default_loop_html":"<div class=\"cardsPage__listCard__boxs\"><div class=\"cardsPage__listCard__boxs__img\"><a href=\"https:\/\/www.suno.com.br\/noticias\/mxrf11-fica-entre-as-maiores-altas-do-dia-e-ifix-avanca-002\/\"><img class=\"mask\" src=\"https:\/\/www.suno.com.br\/noticias\/wp-content\/themes\/suno\/resources\/images\/spotlight\/spotlight1img\/bg-mask.png\" alt=\"Image Mask\"\/><img src=\"https:\/\/files.sunoresearch.com.br\/n\/uploads\/2021\/02\/be5cd6c2-ifix-400x200.webp\" alt=\"MXRF11 fica entre as maiores altas do dia e IFIX avan\u00e7a 0,02%\"\/><\/a><span class=\"spotlightCategory\"><a href=\"https:\/\/www.suno.com.br\/noticias\/fiis\/\">FIIs<\/a><\/span><\/div><div class=\"cardsPage__listCard__boxs__content\"><a href=\"https:\/\/www.suno.com.br\/noticias\/mxrf11-fica-entre-as-maiores-altas-do-dia-e-ifix-avanca-002\/\"><h2 class=\"content__title\">MXRF11 fica entre as maiores altas do dia e IFIX avan\u00e7a 0,02%<\/h2><\/a><div class=\"newsContent__article__meta\"><div class=\"newsContent__article__meta__authorBox\"><a href=\"https:\/\/www.suno.com.br\/noticias\/author\/laura-moutinho\/\" class=\"authorBox__avatar noMobi\"><img src=\"https:\/\/files.sunoresearch.com.br\/n\/uploads\/2020\/08\/531ff69d-whatsapp-image-2020-08-03-at-14.54.38-150x150.webp\" alt=\"Laura Moutinho\"><\/a><div class=\"authorBox__name\"><span>por\n\t\t\t<a href=\"https:\/\/www.suno.com.br\/noticias\/author\/laura-moutinho\/\"><span itemprop=\"author\">Laura Moutinho<\/span><\/a><\/span><time datetime=\"2021-03-24T17:55:08-03:00\" itemprop=\"datePublished\">24\/03\/2021 17:55<\/time><\/div><\/div><\/div><\/div><\/div>","single_layout":"posts","amp_enabled":true,"_links":{"self":[{"href":"https:\/\/www.suno.com.br\/noticias\/wp-json\/wp\/v2\/posts\/134332"}],"collection":[{"href":"https:\/\/www.suno.com.br\/noticias\/wp-json\/wp\/v2\/posts"}],"about":[{"href":"https:\/\/www.suno.com.br\/noticias\/wp-json\/wp\/v2\/types\/post"}],"author":[{"embeddable":true,"href":"https:\/\/www.suno.com.br\/noticias\/wp-json\/wp\/v2\/users\/39"}],"replies":[{"embeddable":true,"href":"https:\/\/www.suno.com.br\/noticias\/wp-json\/wp\/v2\/comments?post=134332"}],"version-history":[{"count":3,"href":"https:\/\/www.suno.com.br\/noticias\/wp-json\/wp\/v2\/posts\/134332\/revisions"}],"predecessor-version":[{"id":134358,"href":"https:\/\/www.suno.com.br\/noticias\/wp-json\/wp\/v2\/posts\/134332\/revisions\/134358"}],"wp:featuredmedia":[{"embeddable":true,"href":"https:\/\/www.suno.com.br\/noticias\/wp-json\/wp\/v2\/media\/121006"}],"wp:attachment":[{"href":"https:\/\/www.suno.com.br\/noticias\/wp-json\/wp\/v2\/media?parent=134332"}],"wp:term":[{"taxonomy":"category","embeddable":true,"href":"https:\/\/www.suno.com.br\/noticias\/wp-json\/wp\/v2\/categories?post=134332"},{"taxonomy":"post_tag","embeddable":true,"href":"https:\/\/www.suno.com.br\/noticias\/wp-json\/wp\/v2\/tags?post=134332"},{"taxonomy":"suno_strategy","embeddable":true,"href":"https:\/\/www.suno.com.br\/noticias\/wp-json\/wp\/v2\/suno_strategy?post=134332"}],"curies":[{"name":"wp","href":"https:\/\/api.w.org\/{rel}","templated":true}]}}