{"id":13433,"date":"2019-01-30T08:51:40","date_gmt":"2019-01-30T10:51:40","guid":{"rendered":"https:\/\/www.suno.com.br\/noticias\/?p=13433"},"modified":"2019-01-30T23:36:50","modified_gmt":"2019-01-31T01:36:50","slug":"vale-barragens-producao-reducao","status":"publish","type":"post","link":"https:\/\/www.suno.com.br\/noticias\/vale-barragens-producao-reducao\/","title":{"rendered":"Decis\u00e3o da Vale sobre barragens deve reduzir produ\u00e7\u00e3o"},"content":{"rendered":"<p>O presidente-executivo da Vale S.A. (VALE3), <strong>Fabio Schvartsman<\/strong>, informou que a suspens\u00e3o das atividades das minas perto das dez barragens a serem descomissionadas resultar\u00e1 na <strong>redu\u00e7\u00e3o de produ\u00e7\u00e3o<\/strong> de min\u00e9rio de ferro. A proje\u00e7\u00e3o \u00e9 de menos<strong>\u00a0<\/strong><strong>40 milh\u00f5es de toneladas<\/strong> de min\u00e9rio de ferro ao ano.<\/p>\t<div class=\"wrapper-featured-image\">\n\t\t<figure class=\"spotlightImg\">\n\n\t\t\t<picture>\n\t\t\t\t<source media=\"(max-width: 768px)\" srcset=\"https:\/\/files.sunoresearch.com.br\/n\/uploads\/2019\/01\/828910a8-vale-400x200.webp\">\n\t\t\t\t<img loading=\"lazy\" decoding=\"async\" class=\"newsContent__article__imgCapa lazyloadDisabled newsContent__article__imgCapa--noCaption\" src=\"https:\/\/files.sunoresearch.com.br\/n\/uploads\/2019\/01\/828910a8-vale-800x450.webp\" width=\"800\" height=\"450\" alt=\"Decis\u00e3o da Vale sobre barragens deve reduzir produ\u00e7\u00e3o\" fetchpriority=high \/>\n\t\t\t<\/picture>\n\n\t\t\t<figcaption class=\"wp-caption-text wp-caption-text--hide\">O presidente da Vale, Fabio Schvartsman. (Ag\u00eancia Brasil)<\/figcaption>\n\t\t<\/figure>\n\t<\/div>\n\n\n<p>O an\u00fancio foi feito em meio \u00e0 coletiva de Imprensa na ter\u00e7a-feira (29). Em 2017, a <strong>Vale<\/strong> produziu 366,511 milh\u00f5es de toneladas de min\u00e9rio de ferro.<\/p>\n<p>Em paralelo, a mineradora ter\u00e1 de <strong>reduzir a produ\u00e7\u00e3o<\/strong> em cerca de 10 milh\u00f5es de toneladas de pelotas (pequenas bolinhas feitas a partir de min\u00e9rio de ferro fino, usadas na fabrica\u00e7\u00e3o de a\u00e7o).<\/p>\n<p>A produ\u00e7\u00e3o em 2017 contabilizou 50,3 milh\u00f5es de toneladas de pelotas.<\/p>\n<p><a href=\"https:\/\/www.suno.com.br\/noticias\/acidente-gerar-impacto-vale-itau\/\">Saiba mais &#8211;\u00a0Acidente pode gerar impacto entre R$ 30 bi e R$ 110 bi \u00e0 Vale, diz Ita\u00fa\u00a0<\/a><\/p>\n<p><a href=\"https:\/\/www.suno.com.br\/noticias\/novo-patamar-acoes-vale-r40\/\">Saiba mais &#8211;\u00a0Novo patamar para a\u00e7\u00f5es da Vale \u00e9 perto dos R$ 40, diz Luiz Barsi\u00a0<\/a><\/p>\n<p>A Vale produz:<\/p>\n<ul>\n<li><strong>min\u00e9rio de ferro<\/strong>;<\/li>\n<li>carv\u00e3o;<\/li>\n<li>n\u00edquel;<\/li>\n<li>cobre,<\/li>\n<li>cobalto;<\/li>\n<li><strong>pelotas<\/strong>;<\/li>\n<li>e outros metais.<\/li>\n<\/ul>\n<h2>Barragens descomissionadas<\/h2>\n<p><span style=\"font-size: 1.21429rem;\">As barragens que ser\u00e3o descomissionadas s\u00e3o similares a de <strong>Mariana<\/strong> e de <strong>Brumadinho<\/strong>, e<\/span>\u00a0est\u00e3o concentradas em Minas Gerais.<\/p>\n<p><strong>Descomissionar<\/strong>, informou o presidente da <strong>Vale<\/strong>, significa deixar de ser barragem. Ou seja, a \u00e1rea \u00e9 esvaziada e\/ou integrada ao meio ambiente.<\/p>\n<p>As\u00a0<strong>barragens<\/strong>\u00a0a serem desligadas utilizam o m\u00e9todo\u00a0de alteamento a montante em sua estrutura.<\/p>\n<p>Assim, apesar de serem comuns e possu\u00edrem <strong>baixo custo de implanta\u00e7\u00e3o<\/strong>, especialistas consideram essa variedade de barragem <strong>menos segura<\/strong>, por conta dos <strong>riscos<\/strong> de acidentes.<\/p>\n<p>O m\u00e9todo de alteamento a montante \u00e9 constitu\u00eddo pela constru\u00e7\u00e3o de degraus, assim que a barragem enche. Sobre um dique predisposto.<\/p>\n<p>&#8220;Depois que esse desastre aconteceu, n\u00e3o podemos mais conviver com esse tipo de <strong>barragem<\/strong>&#8220;, declarou o presidente da Vale, <strong>Fabio Schvartsman<\/strong>.<\/p>\n<p>&#8220;Tomamos a decis\u00e3o que foi referendada pelo conselho da companhia hoje. De eliminar, acabar com todas as barragens a montante, descomissionando todas elas com efeito imediato&#8221;, completou.<\/p>\n<p><a href=\"https:\/\/www.suno.com.br\/noticias\/onyx-lorenzoni-afastar-diretoria-vale\/\">Saiba mais &#8211;\u00a0Onyx Lorenzoni diz que governo n\u00e3o vai afastar a diretoria da Vale\u00a0<\/a><\/p>\n<p><a href=\"https:\/\/www.suno.com.br\/noticias\/previ-vale-beneficios-brumadinho\/\">Saiba mais &#8211;\u00a0Previ diz que queda da Vale n\u00e3o compromete pagamento de benef\u00edcios\u00a0<\/a><\/p>\n<p><strong>Schvartsman<\/strong> explicou que existiam 19 barragens com a constru\u00e7\u00e3o a montante, similar \u00e0 barragem de <strong>Mariana<\/strong> e de <strong>Brumadinho<\/strong>. Contudo, nove das barragens j\u00e1 haviam sido &#8220;<strong>descomissionadas<\/strong>&#8220;, e restavam dez.<\/p>\n<p>Em raz\u00e3o da inatividade dessas barragens, n\u00e3o havia recebimento de rejeitos de minera\u00e7\u00e3o.<\/p>\n<p>A decis\u00e3o anunciada por\u00a0<strong>Schvartsman<\/strong>, ent\u00e3o, \u00e9 uma maneira de otimizar a elimina\u00e7\u00e3o das estruturas com alteamento a montante.<\/p>\n<p>Com investimento de R$ 5 bilh\u00f5es para a retirada das barragens, o <strong>descomissionamento<\/strong> deve levar cerca de tr\u00eas anos, conforme a <strong>Vale<\/strong>.<\/p>\n<p>Segundo o presidente-executivo, existem laudos de auditorias recentes afirmando que todas as estruturas demonstram perfeita estabilidade. Todavia, a <strong>Vale<\/strong> resolveu &#8220;n\u00e3o aceitar apenas esses laudos e decidimos agir de outra maneira&#8221;.<\/p>\n<p><a href=\"https:\/\/www.suno.com.br\/noticias\/escritorios-eua-abrir-acao-coletiva-vale\/\">Saiba mais &#8211;\u00a0Escrit\u00f3rios dos EUA pretendem abrir a\u00e7\u00e3o coletiva contra Vale\u00a0<\/a><\/p>\n<h2>Trag\u00e9dia de Brumadinho<\/h2>\n<p>O rompimento da barragem 1 da mina C\u00f3rrego do Feij\u00e3o no munic\u00edpio de <strong>Brumadinho<\/strong> concentrou as aten\u00e7\u00f5es da esfera p\u00fablica brasileira.<\/p>\n<p>De propriedade da mineradora <strong>Vale<\/strong>, a libera\u00e7\u00e3o de 13 milh\u00f5es de metros c\u00fabicos (m\u00b3) de lama, consequ\u00eancia do colapso da barragem, afetou a \u00e1rea administrativa e arredores da companhia. Dentre as v\u00edtimas est\u00e3o moradores e funcion\u00e1rios.<\/p>\n<p>At\u00e9 o momento, foram confirmadas pela Defesa Civil de Minas Gerais:<\/p>\n<ul>\n<li>84 mortes;<\/li>\n<li>276 pessoas desaparecidas.<\/li>\n<\/ul>\n<p>H\u00e1 menos de quatro anos atr\u00e1s, em 5 de novembro de 2015, o Brasil parava para assistir ao desastre de <strong>Mariana<\/strong>.<\/p>\n<p>O rompimento da barragem do Fund\u00e3o, da mineradora <strong>Samarco<\/strong>, no munic\u00edpio de <strong>Mariana<\/strong>, deixou 19 mortos e centenas de desabrigados.<\/p>\n<p>A <strong>Samarco<\/strong> \u00e9 uma <a href=\"https:\/\/www.suno.com.br\/artigos\/joint-venture\/\">joint-venture<\/a> (empresa conjunta) controlada pela BHP Billiton e pela <strong>Vale<\/strong>.<\/p>\n","protected":false},"excerpt":{"rendered":"<p>O presidente-executivo da Vale S.A. (VALE3), Fabio Schvartsman, informou que a suspens\u00e3o das atividades das minas perto das dez barragens a serem descomissionadas resultar\u00e1 na redu\u00e7\u00e3o de produ\u00e7\u00e3o de min\u00e9rio de ferro. A proje\u00e7\u00e3o \u00e9 de menos\u00a040 milh\u00f5es de toneladas de min\u00e9rio de ferro ao ano. O presidente da Vale, Fabio Schvartsman. (Ag\u00eancia Brasil) O [&hellip;]<\/p>\n","protected":false},"author":12,"featured_media":13434,"comment_status":"closed","ping_status":"closed","sticky":false,"template":"","format":"standard","meta":[],"categories":[64],"tags":[676],"suno_strategy":[],"class_list":["post-13433","post","type-post","status-publish","format-standard","has-post-thumbnail","hentry","category-negocios","tag-vale-vale3"],"yoast_head":"<!-- This site is optimized with the Yoast SEO plugin v24.4 - https:\/\/yoast.com\/wordpress\/plugins\/seo\/ -->\n<title>Decis\u00e3o da Vale sobre barragens deve reduzir produ\u00e7\u00e3o<\/title>\n<meta name=\"description\" content=\"O presidente da Vale anunciou que n\u00e3o haver\u00e3o mais barragens como de Brumadinho e Mariana na mineradora. Clique para saber mais.\" \/>\n<meta name=\"robots\" content=\"index, follow, max-snippet:-1, max-image-preview:large, max-video-preview:-1\" \/>\n<link rel=\"canonical\" href=\"https:\/\/www.suno.com.br\/noticias\/vale-barragens-producao-reducao\/\" \/>\n<meta property=\"og:locale\" content=\"pt_BR\" \/>\n<meta property=\"og:type\" content=\"article\" \/>\n<meta property=\"og:title\" content=\"Decis\u00e3o da Vale sobre barragens deve reduzir produ\u00e7\u00e3o\" \/>\n<meta property=\"og:description\" content=\"O presidente da Vale anunciou que n\u00e3o haver\u00e3o mais barragens como de Brumadinho e Mariana na mineradora. Clique para saber mais.\" \/>\n<meta property=\"og:url\" content=\"https:\/\/www.suno.com.br\/noticias\/vale-barragens-producao-reducao\/\" \/>\n<meta property=\"og:site_name\" content=\"Suno Not\u00edcias\" \/>\n<meta property=\"article:publisher\" content=\"https:\/\/facebook.com\/sunoresearch\" \/>\n<meta property=\"og:image\" content=\"https:\/\/files.sunoresearch.com.br\/n\/uploads\/2019\/01\/828910a8-vale.jpg\" \/>\n\t<meta property=\"og:image:width\" content=\"1140\" \/>\n\t<meta property=\"og:image:height\" content=\"760\" \/>\n\t<meta property=\"og:image:type\" content=\"image\/jpeg\" \/>\n<meta name=\"author\" content=\"Amanda Gushiken\" \/>\n<meta name=\"twitter:card\" content=\"summary_large_image\" \/>\n<meta name=\"twitter:creator\" content=\"@sunoresearch\" \/>\n<meta name=\"twitter:site\" content=\"@sunoresearch\" \/>\n<meta name=\"twitter:label1\" content=\"Escrito por\" \/>\n\t<meta name=\"twitter:data1\" content=\"Amanda Gushiken\" \/>\n\t<meta name=\"twitter:label2\" content=\"Est. tempo de leitura\" \/>\n\t<meta name=\"twitter:data2\" content=\"3 minutos\" \/>\n<script type=\"application\/ld+json\" class=\"yoast-schema-graph\">{\"@context\":\"https:\/\/schema.org\",\"@graph\":[{\"@type\":\"NewsArticle\",\"@id\":\"https:\/\/www.suno.com.br\/noticias\/vale-barragens-producao-reducao\/#article\",\"isPartOf\":{\"@id\":\"https:\/\/www.suno.com.br\/noticias\/vale-barragens-producao-reducao\/\"},\"author\":{\"name\":\"Amanda Gushiken\",\"@id\":\"https:\/\/www.suno.com.br\/noticias\/#\/schema\/person\/a5b06fa4e879d8e8e119c6ed3cd630d1\"},\"headline\":\"Decis\u00e3o da Vale sobre barragens deve reduzir produ\u00e7\u00e3o\",\"datePublished\":\"2019-01-30T10:51:40+00:00\",\"dateModified\":\"2019-01-31T01:36:50+00:00\",\"mainEntityOfPage\":{\"@id\":\"https:\/\/www.suno.com.br\/noticias\/vale-barragens-producao-reducao\/\"},\"wordCount\":654,\"publisher\":{\"@id\":\"https:\/\/www.suno.com.br\/noticias\/#organization\"},\"image\":{\"@id\":\"https:\/\/www.suno.com.br\/noticias\/vale-barragens-producao-reducao\/#primaryimage\"},\"thumbnailUrl\":\"https:\/\/files.sunoresearch.com.br\/n\/uploads\/2019\/01\/828910a8-vale-jpg.webp\",\"keywords\":[\"Vale (VALE3)\"],\"articleSection\":[\"Neg\u00f3cios\"],\"inLanguage\":\"pt-BR\"},{\"@type\":\"WebPage\",\"@id\":\"https:\/\/www.suno.com.br\/noticias\/vale-barragens-producao-reducao\/\",\"url\":\"https:\/\/www.suno.com.br\/noticias\/vale-barragens-producao-reducao\/\",\"name\":\"Decis\u00e3o da Vale sobre barragens deve reduzir produ\u00e7\u00e3o\",\"isPartOf\":{\"@id\":\"https:\/\/www.suno.com.br\/noticias\/#website\"},\"primaryImageOfPage\":{\"@id\":\"https:\/\/www.suno.com.br\/noticias\/vale-barragens-producao-reducao\/#primaryimage\"},\"image\":{\"@id\":\"https:\/\/www.suno.com.br\/noticias\/vale-barragens-producao-reducao\/#primaryimage\"},\"thumbnailUrl\":\"https:\/\/files.sunoresearch.com.br\/n\/uploads\/2019\/01\/828910a8-vale-jpg.webp\",\"datePublished\":\"2019-01-30T10:51:40+00:00\",\"dateModified\":\"2019-01-31T01:36:50+00:00\",\"description\":\"O presidente da Vale anunciou que n\u00e3o haver\u00e3o mais barragens como de Brumadinho e Mariana na mineradora. Clique para saber mais.\",\"breadcrumb\":{\"@id\":\"https:\/\/www.suno.com.br\/noticias\/vale-barragens-producao-reducao\/#breadcrumb\"},\"inLanguage\":\"pt-BR\",\"potentialAction\":[{\"@type\":\"ReadAction\",\"target\":[\"https:\/\/www.suno.com.br\/noticias\/vale-barragens-producao-reducao\/\"]}]},{\"@type\":\"ImageObject\",\"inLanguage\":\"pt-BR\",\"@id\":\"https:\/\/www.suno.com.br\/noticias\/vale-barragens-producao-reducao\/#primaryimage\",\"url\":\"https:\/\/files.sunoresearch.com.br\/n\/uploads\/2019\/01\/828910a8-vale-jpg.webp\",\"contentUrl\":\"https:\/\/files.sunoresearch.com.br\/n\/uploads\/2019\/01\/828910a8-vale-jpg.webp\",\"width\":1140,\"height\":760,\"caption\":\"O presidente da Vale, Fabio Schvartsman. (Ag\u00eancia Brasil)\"},{\"@type\":\"BreadcrumbList\",\"@id\":\"https:\/\/www.suno.com.br\/noticias\/vale-barragens-producao-reducao\/#breadcrumb\",\"itemListElement\":[{\"@type\":\"ListItem\",\"position\":1,\"name\":\"Not\u00edcias\",\"item\":\"https:\/\/www.suno.com.br\/noticias\/\"},{\"@type\":\"ListItem\",\"position\":2,\"name\":\"Neg\u00f3cios\",\"item\":\"https:\/\/www.suno.com.br\/noticias\/negocios\/\"},{\"@type\":\"ListItem\",\"position\":3,\"name\":\"Decis\u00e3o da Vale sobre barragens deve reduzir produ\u00e7\u00e3o\"}]},{\"@type\":\"WebSite\",\"@id\":\"https:\/\/www.suno.com.br\/noticias\/#website\",\"url\":\"https:\/\/www.suno.com.br\/noticias\/\",\"name\":\"Suno Not\u00edcias\",\"description\":\"Seu portal de informa\u00e7\u00e3o sobre o mundo dos investimentos\",\"publisher\":{\"@id\":\"https:\/\/www.suno.com.br\/noticias\/#organization\"},\"potentialAction\":[{\"@type\":\"SearchAction\",\"target\":{\"@type\":\"EntryPoint\",\"urlTemplate\":\"https:\/\/www.suno.com.br\/noticias\/?s={search_term_string}\"},\"query-input\":{\"@type\":\"PropertyValueSpecification\",\"valueRequired\":true,\"valueName\":\"search_term_string\"}}],\"inLanguage\":\"pt-BR\"},{\"@type\":\"Organization\",\"@id\":\"https:\/\/www.suno.com.br\/noticias\/#organization\",\"name\":\"Suno Not\u00edcias\",\"url\":\"https:\/\/www.suno.com.br\/noticias\/\",\"logo\":{\"@type\":\"ImageObject\",\"inLanguage\":\"pt-BR\",\"@id\":\"https:\/\/www.suno.com.br\/noticias\/#\/schema\/logo\/image\/\",\"url\":\"https:\/\/files.sunoresearch.com.br\/n\/uploads\/2021\/09\/suno-logo.png\",\"contentUrl\":\"https:\/\/files.sunoresearch.com.br\/n\/uploads\/2021\/09\/suno-logo.png\",\"width\":180,\"height\":180,\"caption\":\"Suno Not\u00edcias\"},\"image\":{\"@id\":\"https:\/\/www.suno.com.br\/noticias\/#\/schema\/logo\/image\/\"},\"sameAs\":[\"https:\/\/facebook.com\/sunoresearch\",\"https:\/\/x.com\/sunoresearch\",\"https:\/\/www.instagram.com\/suno\",\"https:\/\/www.linkedin.com\/company\/suno-research\/\",\"https:\/\/www.youtube.com\/c\/sunoresearch\"]},{\"@type\":\"Person\",\"@id\":\"https:\/\/www.suno.com.br\/noticias\/#\/schema\/person\/a5b06fa4e879d8e8e119c6ed3cd630d1\",\"name\":\"Amanda Gushiken\",\"image\":{\"@type\":\"ImageObject\",\"inLanguage\":\"pt-BR\",\"@id\":\"https:\/\/www.suno.com.br\/noticias\/#\/schema\/person\/image\/\",\"url\":\"https:\/\/secure.gravatar.com\/avatar\/ecd84705e6b65e3685ae80d725501fbe?s=96&r=g\",\"contentUrl\":\"https:\/\/secure.gravatar.com\/avatar\/ecd84705e6b65e3685ae80d725501fbe?s=96&r=g\",\"caption\":\"Amanda Gushiken\"},\"description\":\"Amanda Sayuri Gushiken escreve sobre finan\u00e7as e neg\u00f3cios para o portal Suno Not\u00edcias. Antes, trabalhou selecionando not\u00edcias da imprensa para clientes do mercado financeiro. Tamb\u00e9m desenvolveu pesquisa acad\u00eamica pela Universidade Anhembi Morumbi na \u00e1rea de Teorias da Comunica\u00e7\u00e3o e \u00e9 fot\u00f3grafa nas horas vagas.\",\"url\":\"https:\/\/www.suno.com.br\/noticias\/author\/amanda\/\"}]}<\/script>\n<!-- \/ Yoast SEO plugin. -->","yoast_head_json":{"title":"Decis\u00e3o da Vale sobre barragens deve reduzir produ\u00e7\u00e3o","description":"O presidente da Vale anunciou que n\u00e3o haver\u00e3o mais barragens como de Brumadinho e Mariana na mineradora. Clique para saber mais.","robots":{"index":"index","follow":"follow","max-snippet":"max-snippet:-1","max-image-preview":"max-image-preview:large","max-video-preview":"max-video-preview:-1"},"canonical":"https:\/\/www.suno.com.br\/noticias\/vale-barragens-producao-reducao\/","og_locale":"pt_BR","og_type":"article","og_title":"Decis\u00e3o da Vale sobre barragens deve reduzir produ\u00e7\u00e3o","og_description":"O presidente da Vale anunciou que n\u00e3o haver\u00e3o mais barragens como de Brumadinho e Mariana na mineradora. Clique para saber mais.","og_url":"https:\/\/www.suno.com.br\/noticias\/vale-barragens-producao-reducao\/","og_site_name":"Suno Not\u00edcias","article_publisher":"https:\/\/facebook.com\/sunoresearch","og_image":[{"width":1140,"height":760,"url":"https:\/\/files.sunoresearch.com.br\/n\/uploads\/2019\/01\/828910a8-vale.jpg","type":"image\/jpeg"}],"author":"Amanda Gushiken","twitter_card":"summary_large_image","twitter_creator":"@sunoresearch","twitter_site":"@sunoresearch","twitter_misc":{"Escrito por":"Amanda Gushiken","Est. tempo de leitura":"3 minutos"},"schema":{"@context":"https:\/\/schema.org","@graph":[{"@type":"NewsArticle","@id":"https:\/\/www.suno.com.br\/noticias\/vale-barragens-producao-reducao\/#article","isPartOf":{"@id":"https:\/\/www.suno.com.br\/noticias\/vale-barragens-producao-reducao\/"},"author":{"name":"Amanda Gushiken","@id":"https:\/\/www.suno.com.br\/noticias\/#\/schema\/person\/a5b06fa4e879d8e8e119c6ed3cd630d1"},"headline":"Decis\u00e3o da Vale sobre barragens deve reduzir produ\u00e7\u00e3o","datePublished":"2019-01-30T10:51:40+00:00","dateModified":"2019-01-31T01:36:50+00:00","mainEntityOfPage":{"@id":"https:\/\/www.suno.com.br\/noticias\/vale-barragens-producao-reducao\/"},"wordCount":654,"publisher":{"@id":"https:\/\/www.suno.com.br\/noticias\/#organization"},"image":{"@id":"https:\/\/www.suno.com.br\/noticias\/vale-barragens-producao-reducao\/#primaryimage"},"thumbnailUrl":"https:\/\/files.sunoresearch.com.br\/n\/uploads\/2019\/01\/828910a8-vale-jpg.webp","keywords":["Vale (VALE3)"],"articleSection":["Neg\u00f3cios"],"inLanguage":"pt-BR"},{"@type":"WebPage","@id":"https:\/\/www.suno.com.br\/noticias\/vale-barragens-producao-reducao\/","url":"https:\/\/www.suno.com.br\/noticias\/vale-barragens-producao-reducao\/","name":"Decis\u00e3o da Vale sobre barragens deve reduzir produ\u00e7\u00e3o","isPartOf":{"@id":"https:\/\/www.suno.com.br\/noticias\/#website"},"primaryImageOfPage":{"@id":"https:\/\/www.suno.com.br\/noticias\/vale-barragens-producao-reducao\/#primaryimage"},"image":{"@id":"https:\/\/www.suno.com.br\/noticias\/vale-barragens-producao-reducao\/#primaryimage"},"thumbnailUrl":"https:\/\/files.sunoresearch.com.br\/n\/uploads\/2019\/01\/828910a8-vale-jpg.webp","datePublished":"2019-01-30T10:51:40+00:00","dateModified":"2019-01-31T01:36:50+00:00","description":"O presidente da Vale anunciou que n\u00e3o haver\u00e3o mais barragens como de Brumadinho e Mariana na mineradora. Clique para saber mais.","breadcrumb":{"@id":"https:\/\/www.suno.com.br\/noticias\/vale-barragens-producao-reducao\/#breadcrumb"},"inLanguage":"pt-BR","potentialAction":[{"@type":"ReadAction","target":["https:\/\/www.suno.com.br\/noticias\/vale-barragens-producao-reducao\/"]}]},{"@type":"ImageObject","inLanguage":"pt-BR","@id":"https:\/\/www.suno.com.br\/noticias\/vale-barragens-producao-reducao\/#primaryimage","url":"https:\/\/files.sunoresearch.com.br\/n\/uploads\/2019\/01\/828910a8-vale-jpg.webp","contentUrl":"https:\/\/files.sunoresearch.com.br\/n\/uploads\/2019\/01\/828910a8-vale-jpg.webp","width":1140,"height":760,"caption":"O presidente da Vale, Fabio Schvartsman. (Ag\u00eancia Brasil)"},{"@type":"BreadcrumbList","@id":"https:\/\/www.suno.com.br\/noticias\/vale-barragens-producao-reducao\/#breadcrumb","itemListElement":[{"@type":"ListItem","position":1,"name":"Not\u00edcias","item":"https:\/\/www.suno.com.br\/noticias\/"},{"@type":"ListItem","position":2,"name":"Neg\u00f3cios","item":"https:\/\/www.suno.com.br\/noticias\/negocios\/"},{"@type":"ListItem","position":3,"name":"Decis\u00e3o da Vale sobre barragens deve reduzir produ\u00e7\u00e3o"}]},{"@type":"WebSite","@id":"https:\/\/www.suno.com.br\/noticias\/#website","url":"https:\/\/www.suno.com.br\/noticias\/","name":"Suno Not\u00edcias","description":"Seu portal de informa\u00e7\u00e3o sobre o mundo dos investimentos","publisher":{"@id":"https:\/\/www.suno.com.br\/noticias\/#organization"},"potentialAction":[{"@type":"SearchAction","target":{"@type":"EntryPoint","urlTemplate":"https:\/\/www.suno.com.br\/noticias\/?s={search_term_string}"},"query-input":{"@type":"PropertyValueSpecification","valueRequired":true,"valueName":"search_term_string"}}],"inLanguage":"pt-BR"},{"@type":"Organization","@id":"https:\/\/www.suno.com.br\/noticias\/#organization","name":"Suno Not\u00edcias","url":"https:\/\/www.suno.com.br\/noticias\/","logo":{"@type":"ImageObject","inLanguage":"pt-BR","@id":"https:\/\/www.suno.com.br\/noticias\/#\/schema\/logo\/image\/","url":"https:\/\/files.sunoresearch.com.br\/n\/uploads\/2021\/09\/suno-logo.png","contentUrl":"https:\/\/files.sunoresearch.com.br\/n\/uploads\/2021\/09\/suno-logo.png","width":180,"height":180,"caption":"Suno Not\u00edcias"},"image":{"@id":"https:\/\/www.suno.com.br\/noticias\/#\/schema\/logo\/image\/"},"sameAs":["https:\/\/facebook.com\/sunoresearch","https:\/\/x.com\/sunoresearch","https:\/\/www.instagram.com\/suno","https:\/\/www.linkedin.com\/company\/suno-research\/","https:\/\/www.youtube.com\/c\/sunoresearch"]},{"@type":"Person","@id":"https:\/\/www.suno.com.br\/noticias\/#\/schema\/person\/a5b06fa4e879d8e8e119c6ed3cd630d1","name":"Amanda Gushiken","image":{"@type":"ImageObject","inLanguage":"pt-BR","@id":"https:\/\/www.suno.com.br\/noticias\/#\/schema\/person\/image\/","url":"https:\/\/secure.gravatar.com\/avatar\/ecd84705e6b65e3685ae80d725501fbe?s=96&r=g","contentUrl":"https:\/\/secure.gravatar.com\/avatar\/ecd84705e6b65e3685ae80d725501fbe?s=96&r=g","caption":"Amanda Gushiken"},"description":"Amanda Sayuri Gushiken escreve sobre finan\u00e7as e neg\u00f3cios para o portal Suno Not\u00edcias. Antes, trabalhou selecionando not\u00edcias da imprensa para clientes do mercado financeiro. Tamb\u00e9m desenvolveu pesquisa acad\u00eamica pela Universidade Anhembi Morumbi na \u00e1rea de Teorias da Comunica\u00e7\u00e3o e \u00e9 fot\u00f3grafa nas horas vagas.","url":"https:\/\/www.suno.com.br\/noticias\/author\/amanda\/"}]}},"default_loop_html":"<div class=\"cardsPage__listCard__boxs\"><div class=\"cardsPage__listCard__boxs__img\"><a href=\"https:\/\/www.suno.com.br\/noticias\/vale-barragens-producao-reducao\/\"><img class=\"mask\" src=\"https:\/\/www.suno.com.br\/noticias\/wp-content\/themes\/suno\/resources\/images\/spotlight\/spotlight1img\/bg-mask.png\" alt=\"Image Mask\"\/><img src=\"https:\/\/files.sunoresearch.com.br\/n\/uploads\/2019\/01\/828910a8-vale-400x200.webp\" alt=\"Decis\u00e3o da Vale sobre barragens deve reduzir produ\u00e7\u00e3o\"\/><\/a><span class=\"spotlightCategory\"><a href=\"https:\/\/www.suno.com.br\/noticias\/negocios\/\">Neg\u00f3cios<\/a><\/span><\/div><div class=\"cardsPage__listCard__boxs__content\"><a href=\"https:\/\/www.suno.com.br\/noticias\/vale-barragens-producao-reducao\/\"><h2 class=\"content__title\">Decis\u00e3o da Vale sobre barragens deve reduzir produ\u00e7\u00e3o<\/h2><\/a><div class=\"newsContent__article__meta\"><div class=\"newsContent__article__meta__authorBox\"><a href=\"https:\/\/www.suno.com.br\/noticias\/author\/amanda\/\" class=\"authorBox__avatar noMobi\"><img src=\"https:\/\/files.sunoresearch.com.br\/n\/uploads\/2018\/11\/c6ad30be-amanda-150x150.webp\" alt=\"Amanda Gushiken\"><\/a><div class=\"authorBox__name\"><span>por\n\t\t\t<a href=\"https:\/\/www.suno.com.br\/noticias\/author\/amanda\/\"><span itemprop=\"author\">Amanda Gushiken<\/span><\/a><\/span><time datetime=\"2019-01-30T08:51:40-02:00\" itemprop=\"datePublished\">30\/01\/2019 08:51<\/time><\/div><\/div><\/div><\/div><\/div>","single_layout":"posts","amp_enabled":true,"_links":{"self":[{"href":"https:\/\/www.suno.com.br\/noticias\/wp-json\/wp\/v2\/posts\/13433"}],"collection":[{"href":"https:\/\/www.suno.com.br\/noticias\/wp-json\/wp\/v2\/posts"}],"about":[{"href":"https:\/\/www.suno.com.br\/noticias\/wp-json\/wp\/v2\/types\/post"}],"author":[{"embeddable":true,"href":"https:\/\/www.suno.com.br\/noticias\/wp-json\/wp\/v2\/users\/12"}],"replies":[{"embeddable":true,"href":"https:\/\/www.suno.com.br\/noticias\/wp-json\/wp\/v2\/comments?post=13433"}],"version-history":[{"count":0,"href":"https:\/\/www.suno.com.br\/noticias\/wp-json\/wp\/v2\/posts\/13433\/revisions"}],"wp:featuredmedia":[{"embeddable":true,"href":"https:\/\/www.suno.com.br\/noticias\/wp-json\/wp\/v2\/media\/13434"}],"wp:attachment":[{"href":"https:\/\/www.suno.com.br\/noticias\/wp-json\/wp\/v2\/media?parent=13433"}],"wp:term":[{"taxonomy":"category","embeddable":true,"href":"https:\/\/www.suno.com.br\/noticias\/wp-json\/wp\/v2\/categories?post=13433"},{"taxonomy":"post_tag","embeddable":true,"href":"https:\/\/www.suno.com.br\/noticias\/wp-json\/wp\/v2\/tags?post=13433"},{"taxonomy":"suno_strategy","embeddable":true,"href":"https:\/\/www.suno.com.br\/noticias\/wp-json\/wp\/v2\/suno_strategy?post=13433"}],"curies":[{"name":"wp","href":"https:\/\/api.w.org\/{rel}","templated":true}]}}