{"id":134321,"date":"2021-03-24T16:43:25","date_gmt":"2021-03-24T19:43:25","guid":{"rendered":"https:\/\/www.suno.com.br\/noticias\/?p=134321"},"modified":"2021-03-24T19:15:44","modified_gmt":"2021-03-24T22:15:44","slug":"tim-tims3-enel-plantas-solares","status":"publish","type":"post","link":"https:\/\/www.suno.com.br\/noticias\/tim-tims3-enel-plantas-solares\/","title":{"rendered":"Tim (TIMS3) e Enel iniciam constru\u00e7\u00e3o das duas maiores plantas solares comerciais na AL"},"content":{"rendered":"<p>A <a href=\"https:\/\/www.suno.com.br\/acoes\/tims3\/\"><strong>Tim<\/strong> (TIMS3)<\/a> e a Enel X Brasil anunciaram, nesta quarta-feira (24), o in\u00edcio das obras para constru\u00e7\u00e3o de duas maiores usinas solares comerciais na Am\u00e9rica Latina. O projeto est\u00e1 em desenvolvimento desde abril do ano passado e contar\u00e1 com mais de 24 mil pain\u00e9is solares localizados na Bahia.<\/p>\t<div class=\"wrapper-featured-image\">\n\t\t<figure class=\"spotlightImg\">\n\n\t\t\t<picture>\n\t\t\t\t<source media=\"(max-width: 768px)\" srcset=\"https:\/\/files.sunoresearch.com.br\/n\/uploads\/2021\/03\/6164f846-tim_1-400x200.webp\">\n\t\t\t\t<img loading=\"lazy\" decoding=\"async\" class=\"newsContent__article__imgCapa lazyloadDisabled \" src=\"https:\/\/files.sunoresearch.com.br\/n\/uploads\/2021\/03\/6164f846-tim_1-800x450.webp\" width=\"800\" height=\"450\" alt=\"Tim (TIMS3) e Enel iniciam constru\u00e7\u00e3o das duas maiores plantas solares comerciais na AL\" fetchpriority=high \/>\n\t\t\t<\/picture>\n\n\t\t\t<figcaption class=\"wp-caption-text wp-caption-text--show\">Tim (TIMS3) Loja. Foto: Divulga\u00e7\u00e3o<\/figcaption>\n\t\t<\/figure>\n\t<\/div>\n\n\n\t<p>\n\t\t<a href=\"https:\/\/lp.suno.com.br\/planilha-controle-gastos\/\" target=\"_blank\" data-element=\"shortcode-suno-banner\" title=\"Banner SUNO, clique e saiba mais\">\n\t\t\t<picture>\n\t\t\t\t<source media=\"(max-width: 500px)\" srcset=\"https:\/\/files.sunoresearch.com.br\/n\/uploads\/2023\/03\/400x300-Planilha-controle-de-gastos.png\">\n\t\t\t\t<img class=\"newsContent__article__imgCapa newsContent__article__imgCapa--banner\"\n\t\t\t\t\tsrc=\"https:\/\/files.sunoresearch.com.br\/n\/uploads\/2023\/03\/1420x240-Planilha-controle-de-gastos.png\"\n\t\t\t\t\tdata-promo-id=\"101751\"\t\t\t\t\t\t\t\t\t\twidth='1420' height='240'\t\t\t\t\talt=\"https:\/\/files.sunoresearch.com.br\/n\/uploads\/2023\/03\/1420x240-Planilha-controle-de-gastos.png\"\n\t\t\t\t>\n\t\t\t<\/picture>\n\t\t<\/a>\n\t<\/p>\n\n\n<p>A Tim destaca em seu comunicado que este \u00e9 o maior projeto de gera\u00e7\u00e3o de energia para um cliente <strong>Enel X<\/strong> na Am\u00e9rica Latina, e que evitar\u00e1 a emiss\u00e3o de cerca de 13.360 toneladas de <a href=\"https:\/\/www.suno.com.br\/noticias\/como-funciona-sistema-emissao-carbono\/\">di\u00f3xido de carbono<\/a> na atmosfera por ano.<\/p>\n<p><iframe loading=\"lazy\" title=\"\ud83d\udd34Carrefour (CRFB3) compra BIG, B3 (B3SA3) ajusta valor de dividendos.\" width=\"1080\" height=\"608\" src=\"https:\/\/www.youtube.com\/embed\/6HrmC_g98dw?feature=oembed&#038;enablejsapi=1&#038;origin=https:\/\/www.suno.com.br\" frameborder=\"0\" allow=\"accelerometer; autoplay; clipboard-write; encrypted-media; gyroscope; picture-in-picture\" allowfullscreen><\/iframe><\/p>\n<p>As usinas estar\u00e3o dispon\u00edveis para a companhia telef\u00f4nica durante 15 anos, e devem atender 716 antenas da companhia na \u00e1rea de concess\u00e3o da Coelba.<\/p>\n<p><a href=\"https:\/\/lp.suno.com.br\/suno-one\/\"> Suno One: acesse gratuitamente eBooks, Minicursos, Artigos e V\u00eddeo Aulas sobre investimentos com um \u00fanico cadastro. Clique para saber mais!<\/a><\/p>\n<p>A Tim e a Enel esperam que as plantas estejam em opera\u00e7\u00e3o j\u00e1 no segundo semestre de 2021.<\/p>\n<p>Atualmente, a companhia de telefonia j\u00e1 conta com 34<strong> usinas de energia solar<\/strong>, h\u00eddrica e de biog\u00e1s em opera\u00e7\u00e3o, ao passo que espera atingiu 66 unidades j\u00e1 no ano que vem.<\/p>\n\t<div data-element=\"shortcode-read-more\" class=\"knowMore\">\n\t\t\t\t<span class=\"knowMore__title\">Leia tamb\u00e9m <\/span>\n\t\t\t\t<a class=\"knowMore__link\" href=\"https:\/\/www.suno.com.br\/noticias\/tim-tims3-datacenters-nuvem\/\">\n\t\t\tTIM (TIMS3) \u00e9 a 1\u00aa operadora no Brasil a migrar datacenters para nuvem\t\t<\/a>\n\t<\/div>\n\n\n<p>O Chief Business Support Officer da Tim, <strong>Bruno Gentil,<\/strong> destaca que &#8220;Fontes renov\u00e1veis s\u00e3o importantes n\u00e3o s\u00f3 para promover a redu\u00e7\u00e3o de custos, mas \u2013 principalmente \u2013 para atender a uma demanda crescente de toda a sociedade por energia limpa, garantindo a <a href=\"https:\/\/www.suno.com.br\/artigos\/esg\/\">preserva\u00e7\u00e3o do meio ambiente e a qualidade de vida da popula\u00e7\u00e3o.<\/a> Contamos com parceiros como a Enel X, que priorizam solu\u00e7\u00f5es para o futuro, em projetos e investimentos que realizamos pelo pa\u00eds, em busca da efici\u00eancia energ\u00e9tica&#8221;.<\/p>\n\t<p>\n\t\t<a href=\"https:\/\/lp.suno.com.br\/planilha-da-vida-financeira\/\" target=\"_blank\" data-element=\"shortcode-suno-banner\" title=\"Banner SUNO, clique e saiba mais\">\n\t\t\t<picture>\n\t\t\t\t<source media=\"(max-width: 500px)\" srcset=\"https:\/\/files.sunoresearch.com.br\/n\/uploads\/2023\/04\/400x300-Planilha-vida-financeira-true.png\">\n\t\t\t\t<img class=\"newsContent__article__imgCapa newsContent__article__imgCapa--banner\"\n\t\t\t\t\tsrc=\"https:\/\/files.sunoresearch.com.br\/n\/uploads\/2023\/04\/1420x240-Planilha-vida-financeira-true.png\"\n\t\t\t\t\tdata-promo-id=\"106682\"\t\t\t\t\t\t\t\t\t\twidth='1420' height='240'\t\t\t\t\talt=\"https:\/\/files.sunoresearch.com.br\/n\/uploads\/2023\/04\/1420x240-Planilha-vida-financeira-true.png\"\n\t\t\t\t>\n\t\t\t<\/picture>\n\t\t<\/a>\n\t<\/p>\n\n\n<p>Por sua vez, o respons\u00e1vel pela Enel X no Brasil, <strong>Francisco Scroffa,<\/strong> explica que &#8220;o neg\u00f3cio de constru\u00e7\u00e3o de usinas solares em gera\u00e7\u00e3o distribu\u00edda continua sendo um dos focos da estrat\u00e9gia da Enel X no Brasil e a Regi\u00e3o Nordeste tem se destacado no desenvolvimento de projetos deste tipo, gra\u00e7as \u00e0 abund\u00e2ncia de recursos naturais, como a luz solar, ao longo de todo o ano&#8221;.<\/p>\n<h2>Cota\u00e7\u00e3o da Tim<\/h2>\n<p>Por volta das 16h30 desta quarta-feira, a a\u00e7\u00e3o da<strong> Tim (TIMS3)<\/strong> operava em queda de 2,46%, valendo R$ 12,71.<\/p>\n\t<p>\n\t\t<a href=\"https:\/\/lp.suno.com.br\/planilha-de-controle-de-investimentos\/\" target=\"_blank\" data-element=\"shortcode-suno-banner\" title=\"Banner SUNO, clique e saiba mais\">\n\t\t\t<picture>\n\t\t\t\t<source media=\"(max-width: 500px)\" srcset=\"https:\/\/files.sunoresearch.com.br\/n\/uploads\/2023\/03\/400x300-Controle-de-Investimentos.png\">\n\t\t\t\t<img class=\"newsContent__article__imgCapa newsContent__article__imgCapa--banner\"\n\t\t\t\t\tsrc=\"https:\/\/files.sunoresearch.com.br\/n\/uploads\/2023\/03\/1420x240-Controle-de-Investimentos.png\"\n\t\t\t\t\tdata-promo-id=\"75934\"\t\t\t\t\t\t\t\t\t\twidth='1420' height='240'\t\t\t\t\talt=\"https:\/\/files.sunoresearch.com.br\/n\/uploads\/2023\/03\/1420x240-Controle-de-Investimentos.png\"\n\t\t\t\t>\n\t\t\t<\/picture>\n\t\t<\/a>\n\t<\/p>\n\n\n","protected":false},"excerpt":{"rendered":"<p>A Tim (TIMS3) e a Enel X Brasil anunciaram, nesta quarta-feira (24), o in\u00edcio das obras para constru\u00e7\u00e3o de duas maiores usinas solares comerciais na Am\u00e9rica Latina. O projeto est\u00e1 em desenvolvimento desde abril do ano passado e contar\u00e1 com mais de 24 mil pain\u00e9is solares localizados na Bahia. Tim (TIMS3) Loja. Foto: Divulga\u00e7\u00e3o A [&hellip;]<\/p>\n","protected":false},"author":39,"featured_media":130492,"comment_status":"closed","ping_status":"closed","sticky":false,"template":"","format":"standard","meta":[],"categories":[64],"tags":[816,663],"suno_strategy":[],"class_list":["post-134321","post","type-post","status-publish","format-standard","has-post-thumbnail","hentry","category-negocios","tag-enel","tag-tim-tims3"],"yoast_head":"<!-- This site is optimized with the Yoast SEO plugin v24.4 - https:\/\/yoast.com\/wordpress\/plugins\/seo\/ -->\n<title>Tim e Enel iniciam constru\u00e7\u00e3o de duas plantas solares comerciais<\/title>\n<meta name=\"description\" content=\"A Tim (TIMS3) e a Enel X Brasil anunciaram o in\u00edcio das obras para constru\u00e7\u00e3o de duas novas usinas solares. clique aqui e saiba mais!\" \/>\n<meta name=\"robots\" content=\"index, follow, max-snippet:-1, max-image-preview:large, max-video-preview:-1\" \/>\n<link rel=\"canonical\" href=\"https:\/\/www.suno.com.br\/noticias\/tim-tims3-enel-plantas-solares\/\" \/>\n<meta property=\"og:locale\" content=\"pt_BR\" \/>\n<meta property=\"og:type\" content=\"article\" \/>\n<meta property=\"og:title\" content=\"Tim e Enel iniciam constru\u00e7\u00e3o de duas plantas solares comerciais\" \/>\n<meta property=\"og:description\" content=\"A Tim (TIMS3) e a Enel X Brasil anunciaram o in\u00edcio das obras para constru\u00e7\u00e3o de duas novas usinas solares. clique aqui e saiba mais!\" \/>\n<meta property=\"og:url\" content=\"https:\/\/www.suno.com.br\/noticias\/tim-tims3-enel-plantas-solares\/\" \/>\n<meta property=\"og:site_name\" content=\"Suno Not\u00edcias\" \/>\n<meta property=\"article:publisher\" content=\"https:\/\/facebook.com\/sunoresearch\" \/>\n<meta property=\"og:image\" content=\"https:\/\/files.sunoresearch.com.br\/n\/uploads\/2021\/03\/6164f846-tim_1.jpg\" \/>\n\t<meta property=\"og:image:width\" content=\"1200\" \/>\n\t<meta property=\"og:image:height\" content=\"802\" \/>\n\t<meta property=\"og:image:type\" content=\"image\/jpeg\" \/>\n<meta name=\"author\" content=\"Laura Moutinho\" \/>\n<meta name=\"twitter:card\" content=\"summary_large_image\" \/>\n<meta name=\"twitter:creator\" content=\"@sunoresearch\" \/>\n<meta name=\"twitter:site\" content=\"@sunoresearch\" \/>\n<meta name=\"twitter:label1\" content=\"Escrito por\" \/>\n\t<meta name=\"twitter:data1\" content=\"Laura Moutinho\" \/>\n\t<meta name=\"twitter:label2\" content=\"Est. tempo de leitura\" \/>\n\t<meta name=\"twitter:data2\" content=\"2 minutos\" \/>\n<script type=\"application\/ld+json\" class=\"yoast-schema-graph\">{\"@context\":\"https:\/\/schema.org\",\"@graph\":[{\"@type\":\"NewsArticle\",\"@id\":\"https:\/\/www.suno.com.br\/noticias\/tim-tims3-enel-plantas-solares\/#article\",\"isPartOf\":{\"@id\":\"https:\/\/www.suno.com.br\/noticias\/tim-tims3-enel-plantas-solares\/\"},\"author\":{\"name\":\"Laura Moutinho\",\"@id\":\"https:\/\/www.suno.com.br\/noticias\/#\/schema\/person\/3df0d2808748b74496efe5dbeaef2c72\"},\"headline\":\"Tim (TIMS3) e Enel iniciam constru\u00e7\u00e3o das duas maiores plantas solares comerciais na AL\",\"datePublished\":\"2021-03-24T19:43:25+00:00\",\"dateModified\":\"2021-03-24T22:15:44+00:00\",\"mainEntityOfPage\":{\"@id\":\"https:\/\/www.suno.com.br\/noticias\/tim-tims3-enel-plantas-solares\/\"},\"wordCount\":415,\"publisher\":{\"@id\":\"https:\/\/www.suno.com.br\/noticias\/#organization\"},\"image\":{\"@id\":\"https:\/\/www.suno.com.br\/noticias\/tim-tims3-enel-plantas-solares\/#primaryimage\"},\"thumbnailUrl\":\"https:\/\/files.sunoresearch.com.br\/n\/uploads\/2021\/03\/6164f846-tim_1-jpg.webp\",\"keywords\":[\"Enel\",\"TIM (TIMS3)\"],\"articleSection\":[\"Neg\u00f3cios\"],\"inLanguage\":\"pt-BR\"},{\"@type\":\"WebPage\",\"@id\":\"https:\/\/www.suno.com.br\/noticias\/tim-tims3-enel-plantas-solares\/\",\"url\":\"https:\/\/www.suno.com.br\/noticias\/tim-tims3-enel-plantas-solares\/\",\"name\":\"Tim e Enel iniciam constru\u00e7\u00e3o de duas plantas solares comerciais\",\"isPartOf\":{\"@id\":\"https:\/\/www.suno.com.br\/noticias\/#website\"},\"primaryImageOfPage\":{\"@id\":\"https:\/\/www.suno.com.br\/noticias\/tim-tims3-enel-plantas-solares\/#primaryimage\"},\"image\":{\"@id\":\"https:\/\/www.suno.com.br\/noticias\/tim-tims3-enel-plantas-solares\/#primaryimage\"},\"thumbnailUrl\":\"https:\/\/files.sunoresearch.com.br\/n\/uploads\/2021\/03\/6164f846-tim_1-jpg.webp\",\"datePublished\":\"2021-03-24T19:43:25+00:00\",\"dateModified\":\"2021-03-24T22:15:44+00:00\",\"description\":\"A Tim (TIMS3) e a Enel X Brasil anunciaram o in\u00edcio das obras para constru\u00e7\u00e3o de duas novas usinas solares. clique aqui e saiba mais!\",\"breadcrumb\":{\"@id\":\"https:\/\/www.suno.com.br\/noticias\/tim-tims3-enel-plantas-solares\/#breadcrumb\"},\"inLanguage\":\"pt-BR\",\"potentialAction\":[{\"@type\":\"ReadAction\",\"target\":[\"https:\/\/www.suno.com.br\/noticias\/tim-tims3-enel-plantas-solares\/\"]}]},{\"@type\":\"ImageObject\",\"inLanguage\":\"pt-BR\",\"@id\":\"https:\/\/www.suno.com.br\/noticias\/tim-tims3-enel-plantas-solares\/#primaryimage\",\"url\":\"https:\/\/files.sunoresearch.com.br\/n\/uploads\/2021\/03\/6164f846-tim_1-jpg.webp\",\"contentUrl\":\"https:\/\/files.sunoresearch.com.br\/n\/uploads\/2021\/03\/6164f846-tim_1-jpg.webp\",\"width\":1200,\"height\":802,\"caption\":\"Tim (TIMS3) Loja. Foto: Divulga\u00e7\u00e3o\"},{\"@type\":\"BreadcrumbList\",\"@id\":\"https:\/\/www.suno.com.br\/noticias\/tim-tims3-enel-plantas-solares\/#breadcrumb\",\"itemListElement\":[{\"@type\":\"ListItem\",\"position\":1,\"name\":\"Not\u00edcias\",\"item\":\"https:\/\/www.suno.com.br\/noticias\/\"},{\"@type\":\"ListItem\",\"position\":2,\"name\":\"Neg\u00f3cios\",\"item\":\"https:\/\/www.suno.com.br\/noticias\/negocios\/\"},{\"@type\":\"ListItem\",\"position\":3,\"name\":\"Tim (TIMS3) e Enel iniciam constru\u00e7\u00e3o das duas maiores plantas solares comerciais na AL\"}]},{\"@type\":\"WebSite\",\"@id\":\"https:\/\/www.suno.com.br\/noticias\/#website\",\"url\":\"https:\/\/www.suno.com.br\/noticias\/\",\"name\":\"Suno Not\u00edcias\",\"description\":\"Seu portal de informa\u00e7\u00e3o sobre o mundo dos investimentos\",\"publisher\":{\"@id\":\"https:\/\/www.suno.com.br\/noticias\/#organization\"},\"potentialAction\":[{\"@type\":\"SearchAction\",\"target\":{\"@type\":\"EntryPoint\",\"urlTemplate\":\"https:\/\/www.suno.com.br\/noticias\/?s={search_term_string}\"},\"query-input\":{\"@type\":\"PropertyValueSpecification\",\"valueRequired\":true,\"valueName\":\"search_term_string\"}}],\"inLanguage\":\"pt-BR\"},{\"@type\":\"Organization\",\"@id\":\"https:\/\/www.suno.com.br\/noticias\/#organization\",\"name\":\"Suno Not\u00edcias\",\"url\":\"https:\/\/www.suno.com.br\/noticias\/\",\"logo\":{\"@type\":\"ImageObject\",\"inLanguage\":\"pt-BR\",\"@id\":\"https:\/\/www.suno.com.br\/noticias\/#\/schema\/logo\/image\/\",\"url\":\"https:\/\/files.sunoresearch.com.br\/n\/uploads\/2021\/09\/suno-logo.png\",\"contentUrl\":\"https:\/\/files.sunoresearch.com.br\/n\/uploads\/2021\/09\/suno-logo.png\",\"width\":180,\"height\":180,\"caption\":\"Suno Not\u00edcias\"},\"image\":{\"@id\":\"https:\/\/www.suno.com.br\/noticias\/#\/schema\/logo\/image\/\"},\"sameAs\":[\"https:\/\/facebook.com\/sunoresearch\",\"https:\/\/x.com\/sunoresearch\",\"https:\/\/www.instagram.com\/suno\",\"https:\/\/www.linkedin.com\/company\/suno-research\/\",\"https:\/\/www.youtube.com\/c\/sunoresearch\"]},{\"@type\":\"Person\",\"@id\":\"https:\/\/www.suno.com.br\/noticias\/#\/schema\/person\/3df0d2808748b74496efe5dbeaef2c72\",\"name\":\"Laura Moutinho\",\"image\":{\"@type\":\"ImageObject\",\"inLanguage\":\"pt-BR\",\"@id\":\"https:\/\/www.suno.com.br\/noticias\/#\/schema\/person\/image\/\",\"url\":\"https:\/\/secure.gravatar.com\/avatar\/7571c7c8ca3a6fca5e41384ece5557ff?s=96&r=g\",\"contentUrl\":\"https:\/\/secure.gravatar.com\/avatar\/7571c7c8ca3a6fca5e41384ece5557ff?s=96&r=g\",\"caption\":\"Laura Moutinho\"},\"description\":\"Estagi\u00e1ria na Suno Not\u00edcias, escreve not\u00edcias que afetam o mercado financeiro. Estuda administra\u00e7\u00e3o na Universidade Presbiteriana Mackenzie.\",\"url\":\"https:\/\/www.suno.com.br\/noticias\/author\/laura-moutinho\/\"}]}<\/script>\n<!-- \/ Yoast SEO plugin. -->","yoast_head_json":{"title":"Tim e Enel iniciam constru\u00e7\u00e3o de duas plantas solares comerciais","description":"A Tim (TIMS3) e a Enel X Brasil anunciaram o in\u00edcio das obras para constru\u00e7\u00e3o de duas novas usinas solares. clique aqui e saiba mais!","robots":{"index":"index","follow":"follow","max-snippet":"max-snippet:-1","max-image-preview":"max-image-preview:large","max-video-preview":"max-video-preview:-1"},"canonical":"https:\/\/www.suno.com.br\/noticias\/tim-tims3-enel-plantas-solares\/","og_locale":"pt_BR","og_type":"article","og_title":"Tim e Enel iniciam constru\u00e7\u00e3o de duas plantas solares comerciais","og_description":"A Tim (TIMS3) e a Enel X Brasil anunciaram o in\u00edcio das obras para constru\u00e7\u00e3o de duas novas usinas solares. clique aqui e saiba mais!","og_url":"https:\/\/www.suno.com.br\/noticias\/tim-tims3-enel-plantas-solares\/","og_site_name":"Suno Not\u00edcias","article_publisher":"https:\/\/facebook.com\/sunoresearch","og_image":[{"width":1200,"height":802,"url":"https:\/\/files.sunoresearch.com.br\/n\/uploads\/2021\/03\/6164f846-tim_1.jpg","type":"image\/jpeg"}],"author":"Laura Moutinho","twitter_card":"summary_large_image","twitter_creator":"@sunoresearch","twitter_site":"@sunoresearch","twitter_misc":{"Escrito por":"Laura Moutinho","Est. tempo de leitura":"2 minutos"},"schema":{"@context":"https:\/\/schema.org","@graph":[{"@type":"NewsArticle","@id":"https:\/\/www.suno.com.br\/noticias\/tim-tims3-enel-plantas-solares\/#article","isPartOf":{"@id":"https:\/\/www.suno.com.br\/noticias\/tim-tims3-enel-plantas-solares\/"},"author":{"name":"Laura Moutinho","@id":"https:\/\/www.suno.com.br\/noticias\/#\/schema\/person\/3df0d2808748b74496efe5dbeaef2c72"},"headline":"Tim (TIMS3) e Enel iniciam constru\u00e7\u00e3o das duas maiores plantas solares comerciais na AL","datePublished":"2021-03-24T19:43:25+00:00","dateModified":"2021-03-24T22:15:44+00:00","mainEntityOfPage":{"@id":"https:\/\/www.suno.com.br\/noticias\/tim-tims3-enel-plantas-solares\/"},"wordCount":415,"publisher":{"@id":"https:\/\/www.suno.com.br\/noticias\/#organization"},"image":{"@id":"https:\/\/www.suno.com.br\/noticias\/tim-tims3-enel-plantas-solares\/#primaryimage"},"thumbnailUrl":"https:\/\/files.sunoresearch.com.br\/n\/uploads\/2021\/03\/6164f846-tim_1-jpg.webp","keywords":["Enel","TIM (TIMS3)"],"articleSection":["Neg\u00f3cios"],"inLanguage":"pt-BR"},{"@type":"WebPage","@id":"https:\/\/www.suno.com.br\/noticias\/tim-tims3-enel-plantas-solares\/","url":"https:\/\/www.suno.com.br\/noticias\/tim-tims3-enel-plantas-solares\/","name":"Tim e Enel iniciam constru\u00e7\u00e3o de duas plantas solares comerciais","isPartOf":{"@id":"https:\/\/www.suno.com.br\/noticias\/#website"},"primaryImageOfPage":{"@id":"https:\/\/www.suno.com.br\/noticias\/tim-tims3-enel-plantas-solares\/#primaryimage"},"image":{"@id":"https:\/\/www.suno.com.br\/noticias\/tim-tims3-enel-plantas-solares\/#primaryimage"},"thumbnailUrl":"https:\/\/files.sunoresearch.com.br\/n\/uploads\/2021\/03\/6164f846-tim_1-jpg.webp","datePublished":"2021-03-24T19:43:25+00:00","dateModified":"2021-03-24T22:15:44+00:00","description":"A Tim (TIMS3) e a Enel X Brasil anunciaram o in\u00edcio das obras para constru\u00e7\u00e3o de duas novas usinas solares. clique aqui e saiba mais!","breadcrumb":{"@id":"https:\/\/www.suno.com.br\/noticias\/tim-tims3-enel-plantas-solares\/#breadcrumb"},"inLanguage":"pt-BR","potentialAction":[{"@type":"ReadAction","target":["https:\/\/www.suno.com.br\/noticias\/tim-tims3-enel-plantas-solares\/"]}]},{"@type":"ImageObject","inLanguage":"pt-BR","@id":"https:\/\/www.suno.com.br\/noticias\/tim-tims3-enel-plantas-solares\/#primaryimage","url":"https:\/\/files.sunoresearch.com.br\/n\/uploads\/2021\/03\/6164f846-tim_1-jpg.webp","contentUrl":"https:\/\/files.sunoresearch.com.br\/n\/uploads\/2021\/03\/6164f846-tim_1-jpg.webp","width":1200,"height":802,"caption":"Tim (TIMS3) Loja. Foto: Divulga\u00e7\u00e3o"},{"@type":"BreadcrumbList","@id":"https:\/\/www.suno.com.br\/noticias\/tim-tims3-enel-plantas-solares\/#breadcrumb","itemListElement":[{"@type":"ListItem","position":1,"name":"Not\u00edcias","item":"https:\/\/www.suno.com.br\/noticias\/"},{"@type":"ListItem","position":2,"name":"Neg\u00f3cios","item":"https:\/\/www.suno.com.br\/noticias\/negocios\/"},{"@type":"ListItem","position":3,"name":"Tim (TIMS3) e Enel iniciam constru\u00e7\u00e3o das duas maiores plantas solares comerciais na AL"}]},{"@type":"WebSite","@id":"https:\/\/www.suno.com.br\/noticias\/#website","url":"https:\/\/www.suno.com.br\/noticias\/","name":"Suno Not\u00edcias","description":"Seu portal de informa\u00e7\u00e3o sobre o mundo dos investimentos","publisher":{"@id":"https:\/\/www.suno.com.br\/noticias\/#organization"},"potentialAction":[{"@type":"SearchAction","target":{"@type":"EntryPoint","urlTemplate":"https:\/\/www.suno.com.br\/noticias\/?s={search_term_string}"},"query-input":{"@type":"PropertyValueSpecification","valueRequired":true,"valueName":"search_term_string"}}],"inLanguage":"pt-BR"},{"@type":"Organization","@id":"https:\/\/www.suno.com.br\/noticias\/#organization","name":"Suno Not\u00edcias","url":"https:\/\/www.suno.com.br\/noticias\/","logo":{"@type":"ImageObject","inLanguage":"pt-BR","@id":"https:\/\/www.suno.com.br\/noticias\/#\/schema\/logo\/image\/","url":"https:\/\/files.sunoresearch.com.br\/n\/uploads\/2021\/09\/suno-logo.png","contentUrl":"https:\/\/files.sunoresearch.com.br\/n\/uploads\/2021\/09\/suno-logo.png","width":180,"height":180,"caption":"Suno Not\u00edcias"},"image":{"@id":"https:\/\/www.suno.com.br\/noticias\/#\/schema\/logo\/image\/"},"sameAs":["https:\/\/facebook.com\/sunoresearch","https:\/\/x.com\/sunoresearch","https:\/\/www.instagram.com\/suno","https:\/\/www.linkedin.com\/company\/suno-research\/","https:\/\/www.youtube.com\/c\/sunoresearch"]},{"@type":"Person","@id":"https:\/\/www.suno.com.br\/noticias\/#\/schema\/person\/3df0d2808748b74496efe5dbeaef2c72","name":"Laura Moutinho","image":{"@type":"ImageObject","inLanguage":"pt-BR","@id":"https:\/\/www.suno.com.br\/noticias\/#\/schema\/person\/image\/","url":"https:\/\/secure.gravatar.com\/avatar\/7571c7c8ca3a6fca5e41384ece5557ff?s=96&r=g","contentUrl":"https:\/\/secure.gravatar.com\/avatar\/7571c7c8ca3a6fca5e41384ece5557ff?s=96&r=g","caption":"Laura Moutinho"},"description":"Estagi\u00e1ria na Suno Not\u00edcias, escreve not\u00edcias que afetam o mercado financeiro. Estuda administra\u00e7\u00e3o na Universidade Presbiteriana Mackenzie.","url":"https:\/\/www.suno.com.br\/noticias\/author\/laura-moutinho\/"}]}},"default_loop_html":"<div class=\"cardsPage__listCard__boxs\"><div class=\"cardsPage__listCard__boxs__img\"><a href=\"https:\/\/www.suno.com.br\/noticias\/tim-tims3-enel-plantas-solares\/\"><img class=\"mask\" src=\"https:\/\/www.suno.com.br\/noticias\/wp-content\/themes\/suno\/resources\/images\/spotlight\/spotlight1img\/bg-mask.png\" alt=\"Image Mask\"\/><img src=\"https:\/\/files.sunoresearch.com.br\/n\/uploads\/2021\/03\/6164f846-tim_1-400x200.webp\" alt=\"Tim (TIMS3) e Enel iniciam constru\u00e7\u00e3o das duas maiores plantas solares comerciais na AL\"\/><\/a><span class=\"spotlightCategory\"><a href=\"https:\/\/www.suno.com.br\/noticias\/negocios\/\">Neg\u00f3cios<\/a><\/span><\/div><div class=\"cardsPage__listCard__boxs__content\"><a href=\"https:\/\/www.suno.com.br\/noticias\/tim-tims3-enel-plantas-solares\/\"><h2 class=\"content__title\">Tim (TIMS3) e Enel iniciam constru\u00e7\u00e3o das duas maiores plantas solares comerciais na AL<\/h2><\/a><div class=\"newsContent__article__meta\"><div class=\"newsContent__article__meta__authorBox\"><a href=\"https:\/\/www.suno.com.br\/noticias\/author\/laura-moutinho\/\" class=\"authorBox__avatar noMobi\"><img src=\"https:\/\/files.sunoresearch.com.br\/n\/uploads\/2020\/08\/531ff69d-whatsapp-image-2020-08-03-at-14.54.38-150x150.webp\" alt=\"Laura Moutinho\"><\/a><div class=\"authorBox__name\"><span>por\n\t\t\t<a href=\"https:\/\/www.suno.com.br\/noticias\/author\/laura-moutinho\/\"><span itemprop=\"author\">Laura Moutinho<\/span><\/a><\/span><time datetime=\"2021-03-24T16:43:25-03:00\" itemprop=\"datePublished\">24\/03\/2021 16:43<\/time><\/div><\/div><\/div><\/div><\/div>","single_layout":"posts","amp_enabled":true,"_links":{"self":[{"href":"https:\/\/www.suno.com.br\/noticias\/wp-json\/wp\/v2\/posts\/134321"}],"collection":[{"href":"https:\/\/www.suno.com.br\/noticias\/wp-json\/wp\/v2\/posts"}],"about":[{"href":"https:\/\/www.suno.com.br\/noticias\/wp-json\/wp\/v2\/types\/post"}],"author":[{"embeddable":true,"href":"https:\/\/www.suno.com.br\/noticias\/wp-json\/wp\/v2\/users\/39"}],"replies":[{"embeddable":true,"href":"https:\/\/www.suno.com.br\/noticias\/wp-json\/wp\/v2\/comments?post=134321"}],"version-history":[{"count":3,"href":"https:\/\/www.suno.com.br\/noticias\/wp-json\/wp\/v2\/posts\/134321\/revisions"}],"predecessor-version":[{"id":134396,"href":"https:\/\/www.suno.com.br\/noticias\/wp-json\/wp\/v2\/posts\/134321\/revisions\/134396"}],"wp:featuredmedia":[{"embeddable":true,"href":"https:\/\/www.suno.com.br\/noticias\/wp-json\/wp\/v2\/media\/130492"}],"wp:attachment":[{"href":"https:\/\/www.suno.com.br\/noticias\/wp-json\/wp\/v2\/media?parent=134321"}],"wp:term":[{"taxonomy":"category","embeddable":true,"href":"https:\/\/www.suno.com.br\/noticias\/wp-json\/wp\/v2\/categories?post=134321"},{"taxonomy":"post_tag","embeddable":true,"href":"https:\/\/www.suno.com.br\/noticias\/wp-json\/wp\/v2\/tags?post=134321"},{"taxonomy":"suno_strategy","embeddable":true,"href":"https:\/\/www.suno.com.br\/noticias\/wp-json\/wp\/v2\/suno_strategy?post=134321"}],"curies":[{"name":"wp","href":"https:\/\/api.w.org\/{rel}","templated":true}]}}