{"id":134168,"date":"2021-03-24T11:05:24","date_gmt":"2021-03-24T14:05:24","guid":{"rendered":"https:\/\/www.suno.com.br\/noticias\/?p=134168"},"modified":"2021-03-24T11:06:15","modified_gmt":"2021-03-24T14:06:15","slug":"carrefour-crfb3-sobe-abertura-compra-big","status":"publish","type":"post","link":"https:\/\/www.suno.com.br\/noticias\/carrefour-crfb3-sobe-abertura-compra-big\/","title":{"rendered":"Carrefour (CRFB3) dispara 15% na abertura ap\u00f3s compra do Grupo BIG; UBS v\u00ea consolida\u00e7\u00e3o da empresa"},"content":{"rendered":"<p>As a\u00e7\u00f5es do <a href=\"https:\/\/www.suno.com.br\/acoes\/crfb3\/\"><strong>Carrefour<\/strong> (CRFB3)<\/a> abriram em forte alta na manh\u00e3 desta quarta-feira (24). Logo ap\u00f3s a empresa anunciar a <a href=\"https:\/\/www.suno.com.br\/noticias\/carrefour-crfb3-compra-big-gigante-varejo\/\">compra do Grupo BIG por R$ 7,5 bilh\u00f5es<\/a>, os pap\u00e9is ordin\u00e1rios da varejista subiam 15% depois do sino tocar na Bolsa brasileira. Para o UBS, o movimento consolida as opera\u00e7\u00f5es da empresa no Brasil.<\/p>\t<div class=\"wrapper-featured-image\">\n\t\t<figure class=\"spotlightImg\">\n\n\t\t\t<picture>\n\t\t\t\t<source media=\"(max-width: 768px)\" srcset=\"https:\/\/files.sunoresearch.com.br\/n\/uploads\/2020\/11\/a26ff087-carrefour-e1690373191220-400x200.jpg\">\n\t\t\t\t<img loading=\"lazy\" decoding=\"async\" class=\"newsContent__article__imgCapa lazyloadDisabled \" src=\"https:\/\/files.sunoresearch.com.br\/n\/uploads\/2020\/11\/a26ff087-carrefour-e1690373191220-800x450.jpg\" width=\"800\" height=\"450\" alt=\"Carrefour (CRFB3) dispara 15% na abertura ap\u00f3s compra do Grupo BIG; UBS v\u00ea consolida\u00e7\u00e3o da empresa\" fetchpriority=high \/>\n\t\t\t<\/picture>\n\n\t\t\t<figcaption class=\"wp-caption-text wp-caption-text--show\">Carrefour (CRFB3). Foto: Divulga\u00e7\u00e3o.<\/figcaption>\n\t\t<\/figure>\n\t<\/div>\n\n\n\t<p>\n\t\t<a href=\"https:\/\/lp.suno.com.br\/planilha-controle-gastos\/\" target=\"_blank\" data-element=\"shortcode-suno-banner\" title=\"Banner SUNO, clique e saiba mais\">\n\t\t\t<picture>\n\t\t\t\t<source media=\"(max-width: 500px)\" srcset=\"https:\/\/files.sunoresearch.com.br\/n\/uploads\/2023\/03\/400x300-Planilha-controle-de-gastos.png\">\n\t\t\t\t<img class=\"newsContent__article__imgCapa newsContent__article__imgCapa--banner\"\n\t\t\t\t\tsrc=\"https:\/\/files.sunoresearch.com.br\/n\/uploads\/2023\/03\/1420x240-Planilha-controle-de-gastos.png\"\n\t\t\t\t\tdata-promo-id=\"101751\"\t\t\t\t\t\t\t\t\t\twidth='1420' height='240'\t\t\t\t\talt=\"https:\/\/files.sunoresearch.com.br\/n\/uploads\/2023\/03\/1420x240-Planilha-controle-de-gastos.png\"\n\t\t\t\t>\n\t\t\t<\/picture>\n\t\t<\/a>\n\t<\/p>\n\n\n<p>&#8220;O neg\u00f3cio posiciona estrategicamente o Carrefour como l\u00edder do setor de varejo alimentar do Pa\u00eds&#8221;, diz o relat\u00f3rio da institui\u00e7\u00e3o. A compra do <strong>BIG<\/strong>, que \u00e9 terceira maior do segmento, pode criar uma gigante que fatura R$ 100 bilh\u00f5es por ano.<\/p>\n<p>Para o <strong>UBS<\/strong>, enquanto os acionistas do Carrefour demandam mais recompras de a\u00e7\u00f5es com o capital excedente, a gest\u00e3o da empresa tem observado oportunidades de <a href=\"https:\/\/www.suno.com.br\/artigos\/fusoes-aquisicoes\/\">fus\u00f5es e aquisi\u00e7\u00f5es<\/a>, com o objetivo de criar mais valor a longo prazo, e a not\u00edcia de hoje \u00e9 um sinal disto.<\/p>\n<p><a href=\"https:\/\/lp.suno.com.br\/suno-one\/\">Suno One: acesse gratuitamente eBooks, Minicursos, Artigos e V\u00eddeo Aulas sobre investimentos com um \u00fanico cadastro. Clique para saber mais!<\/a><\/p>\n<p>&#8220;Em nossa opini\u00e3o, este neg\u00f3cio \u00e9 feito em um m\u00faltiplo atraente com altas sinergias e fortalece significativamente sua competitividade. Esperamos que os investidores respondam positivamente ao neg\u00f3cio.&#8221;<\/p>\n<p>O banco su\u00ed\u00e7o recomenda compra das a\u00e7\u00f5es do Carrefour, com <strong>pre\u00e7o-alvo<\/strong> de R$ 22,50. Ap\u00f3s disparar na abertura, os pap\u00e9is atenuam o movimento operando com um avan\u00e7o de 12,8%, por volta das 11h05.<\/p>\n\t<div data-element=\"shortcode-read-more\" class=\"knowMore\">\n\t\t\t\t<span class=\"knowMore__title\">Leia tamb\u00e9m<\/span>\n\t\t\t\t<a class=\"knowMore__link\" href=\"https:\/\/www.suno.com.br\/noticias\/carrefour-crfb3-compra-big-gigante-varejo\/\">\n\t\t\tCarrefour (CRFB3) compra BIG por R$ 7,5 bilh\u00f5es e cria gigante do varejo\t\t<\/a>\n\t<\/div>\n\n\n<h2>Neg\u00f3cio eleva alavancagem do Carrefour, diz XP Investimentos<\/h2>\n<p>Em relat\u00f3rio divulgado nesta manh\u00e3, a<strong> XP Investimentos<\/strong> ressaltou que o neg\u00f3cio pode elevar o \u00edndice de endividamento da empresa, embora os m\u00faltiplos tamb\u00e9m pare\u00e7am convidativos.<\/p>\n\t<p>\n\t\t<a href=\"https:\/\/lp.suno.com.br\/planilha-da-vida-financeira\/\" target=\"_blank\" data-element=\"shortcode-suno-banner\" title=\"Banner SUNO, clique e saiba mais\">\n\t\t\t<picture>\n\t\t\t\t<source media=\"(max-width: 500px)\" srcset=\"https:\/\/files.sunoresearch.com.br\/n\/uploads\/2023\/04\/400x300-Planilha-vida-financeira-true.png\">\n\t\t\t\t<img class=\"newsContent__article__imgCapa newsContent__article__imgCapa--banner\"\n\t\t\t\t\tsrc=\"https:\/\/files.sunoresearch.com.br\/n\/uploads\/2023\/04\/1420x240-Planilha-vida-financeira-true.png\"\n\t\t\t\t\tdata-promo-id=\"106682\"\t\t\t\t\t\t\t\t\t\twidth='1420' height='240'\t\t\t\t\talt=\"https:\/\/files.sunoresearch.com.br\/n\/uploads\/2023\/04\/1420x240-Planilha-vida-financeira-true.png\"\n\t\t\t\t>\n\t\t\t<\/picture>\n\t\t<\/a>\n\t<\/p>\n\n\n<p>O valor total de R$ 7,5 bilh\u00f5es implica em um m\u00faltiplo de 7,8 vezes o <a href=\"https:\/\/www.suno.com.br\/artigos\/ebitda\/#:~:text=Ebitda%20(em%20ingl%C3%AAs%2C%20Earnings%20Before,mercado%20de%20bolsa%20de%20valores.\"><strong>Ebitda<\/strong> (lucro antes de juros, impostos, deprecia\u00e7\u00e3o e amortiza\u00e7\u00e3o)<\/a> de 2020, enquanto o Carrefour espera que esse m\u00faltiplo seja de 4,1 vezes ap\u00f3s as sinergias a serem capturadas nos pr\u00f3ximos tr\u00eas anos.<\/p>\n<p>&#8220;Com a transa\u00e7\u00e3o, a<strong> alavancagem financeira<\/strong> (medida pela rela\u00e7\u00e3o entre d\u00edvida l\u00edquida e Ebitda) do Carrefour estimada para 2022 vai para aproximadamente 1,4 vez, frente a 0,8 vez anteriormente.&#8221;<\/p>\n<p>A corretora, contudo, v\u00ea a transa\u00e7\u00e3o como positiva pois &#8220;acelera de forma relevante a expans\u00e3o do <strong>Carrefour<\/strong>, enquanto h\u00e1 muita sinergia a ser capturada, principalmente atrav\u00e9s da melhora das margens&#8221;.<\/p>\n\t<p>\n\t\t<a href=\"https:\/\/lp.suno.com.br\/planilha-de-controle-de-investimentos\/\" target=\"_blank\" data-element=\"shortcode-suno-banner\" title=\"Banner SUNO, clique e saiba mais\">\n\t\t\t<picture>\n\t\t\t\t<source media=\"(max-width: 500px)\" srcset=\"https:\/\/files.sunoresearch.com.br\/n\/uploads\/2023\/03\/400x300-Controle-de-Investimentos.png\">\n\t\t\t\t<img class=\"newsContent__article__imgCapa newsContent__article__imgCapa--banner\"\n\t\t\t\t\tsrc=\"https:\/\/files.sunoresearch.com.br\/n\/uploads\/2023\/03\/1420x240-Controle-de-Investimentos.png\"\n\t\t\t\t\tdata-promo-id=\"75934\"\t\t\t\t\t\t\t\t\t\twidth='1420' height='240'\t\t\t\t\talt=\"https:\/\/files.sunoresearch.com.br\/n\/uploads\/2023\/03\/1420x240-Controle-de-Investimentos.png\"\n\t\t\t\t>\n\t\t\t<\/picture>\n\t\t<\/a>\n\t<\/p>\n\n\n","protected":false},"excerpt":{"rendered":"<p>As a\u00e7\u00f5es do Carrefour (CRFB3) abriram em forte alta na manh\u00e3 desta quarta-feira (24). Logo ap\u00f3s a empresa anunciar a compra do Grupo BIG por R$ 7,5 bilh\u00f5es, os pap\u00e9is ordin\u00e1rios da varejista subiam 15% depois do sino tocar na Bolsa brasileira. Para o UBS, o movimento consolida as opera\u00e7\u00f5es da empresa no Brasil. Carrefour [&hellip;]<\/p>\n","protected":false},"author":24,"featured_media":101648,"comment_status":"closed","ping_status":"closed","sticky":false,"template":"","format":"standard","meta":[],"categories":[64],"tags":[405,105816,62812,104686],"suno_strategy":[],"class_list":["post-134168","post","type-post","status-publish","format-standard","has-post-thumbnail","hentry","category-negocios","tag-carrefour-crfb3","tag-especialistas","tag-fusoes-e-aquisicoes","tag-grupo-big"],"yoast_head":"<!-- This site is optimized with the Yoast SEO plugin v24.4 - https:\/\/yoast.com\/wordpress\/plugins\/seo\/ -->\n<title>Carrefour (CRFB3) dispara 15% na abertura ap\u00f3s compra do Grupo BIG<\/title>\n<meta name=\"description\" content=\"As a\u00e7\u00f5es do Carrefour (CRFB3) abriram em forte alta na manh\u00e3 desta quarta. O banco UBS v\u00ea a compra do BIG com bons olhos. Saiba mais.\" \/>\n<meta name=\"robots\" content=\"index, follow, max-snippet:-1, max-image-preview:large, max-video-preview:-1\" \/>\n<link rel=\"canonical\" href=\"https:\/\/www.suno.com.br\/noticias\/carrefour-crfb3-sobe-abertura-compra-big\/\" \/>\n<meta property=\"og:locale\" content=\"pt_BR\" \/>\n<meta property=\"og:type\" content=\"article\" \/>\n<meta property=\"og:title\" content=\"Carrefour (CRFB3) dispara 15% na abertura ap\u00f3s compra do Grupo BIG\" \/>\n<meta property=\"og:description\" content=\"As a\u00e7\u00f5es do Carrefour (CRFB3) abriram em forte alta na manh\u00e3 desta quarta. O banco UBS v\u00ea a compra do BIG com bons olhos. Saiba mais.\" \/>\n<meta property=\"og:url\" content=\"https:\/\/www.suno.com.br\/noticias\/carrefour-crfb3-sobe-abertura-compra-big\/\" \/>\n<meta property=\"og:site_name\" content=\"Suno Not\u00edcias\" \/>\n<meta property=\"article:publisher\" content=\"https:\/\/facebook.com\/sunoresearch\" \/>\n<meta property=\"og:image\" content=\"https:\/\/files.sunoresearch.com.br\/n\/uploads\/2020\/11\/a26ff087-carrefour-e1690373191220.jpg\" \/>\n\t<meta property=\"og:image:width\" content=\"1200\" \/>\n\t<meta property=\"og:image:height\" content=\"800\" \/>\n\t<meta property=\"og:image:type\" content=\"image\/jpeg\" \/>\n<meta name=\"author\" content=\"Jader Lazarini\" \/>\n<meta name=\"twitter:card\" content=\"summary_large_image\" \/>\n<meta name=\"twitter:creator\" content=\"@sunoresearch\" \/>\n<meta name=\"twitter:site\" content=\"@sunoresearch\" \/>\n<meta name=\"twitter:label1\" content=\"Escrito por\" \/>\n\t<meta name=\"twitter:data1\" content=\"Jader Lazarini\" \/>\n\t<meta name=\"twitter:label2\" content=\"Est. tempo de leitura\" \/>\n\t<meta name=\"twitter:data2\" content=\"2 minutos\" \/>\n<script type=\"application\/ld+json\" class=\"yoast-schema-graph\">{\"@context\":\"https:\/\/schema.org\",\"@graph\":[{\"@type\":\"NewsArticle\",\"@id\":\"https:\/\/www.suno.com.br\/noticias\/carrefour-crfb3-sobe-abertura-compra-big\/#article\",\"isPartOf\":{\"@id\":\"https:\/\/www.suno.com.br\/noticias\/carrefour-crfb3-sobe-abertura-compra-big\/\"},\"author\":{\"name\":\"Jader Lazarini\",\"@id\":\"https:\/\/www.suno.com.br\/noticias\/#\/schema\/person\/918d79de1f0281f01599b93f9ea6e23f\"},\"headline\":\"Carrefour (CRFB3) dispara 15% na abertura ap\u00f3s compra do Grupo BIG; UBS v\u00ea consolida\u00e7\u00e3o da empresa\",\"datePublished\":\"2021-03-24T14:05:24+00:00\",\"dateModified\":\"2021-03-24T14:06:15+00:00\",\"mainEntityOfPage\":{\"@id\":\"https:\/\/www.suno.com.br\/noticias\/carrefour-crfb3-sobe-abertura-compra-big\/\"},\"wordCount\":429,\"publisher\":{\"@id\":\"https:\/\/www.suno.com.br\/noticias\/#organization\"},\"image\":{\"@id\":\"https:\/\/www.suno.com.br\/noticias\/carrefour-crfb3-sobe-abertura-compra-big\/#primaryimage\"},\"thumbnailUrl\":\"https:\/\/files.sunoresearch.com.br\/n\/uploads\/2020\/11\/a26ff087-carrefour-e1690373191220.jpg\",\"keywords\":[\"Carrefour (CRFB3)\",\"Especialistas\",\"fus\u00f5es e aquisi\u00e7\u00f5es\",\"grupo Big\"],\"articleSection\":[\"Neg\u00f3cios\"],\"inLanguage\":\"pt-BR\"},{\"@type\":\"WebPage\",\"@id\":\"https:\/\/www.suno.com.br\/noticias\/carrefour-crfb3-sobe-abertura-compra-big\/\",\"url\":\"https:\/\/www.suno.com.br\/noticias\/carrefour-crfb3-sobe-abertura-compra-big\/\",\"name\":\"Carrefour (CRFB3) dispara 15% na abertura ap\u00f3s compra do Grupo BIG\",\"isPartOf\":{\"@id\":\"https:\/\/www.suno.com.br\/noticias\/#website\"},\"primaryImageOfPage\":{\"@id\":\"https:\/\/www.suno.com.br\/noticias\/carrefour-crfb3-sobe-abertura-compra-big\/#primaryimage\"},\"image\":{\"@id\":\"https:\/\/www.suno.com.br\/noticias\/carrefour-crfb3-sobe-abertura-compra-big\/#primaryimage\"},\"thumbnailUrl\":\"https:\/\/files.sunoresearch.com.br\/n\/uploads\/2020\/11\/a26ff087-carrefour-e1690373191220.jpg\",\"datePublished\":\"2021-03-24T14:05:24+00:00\",\"dateModified\":\"2021-03-24T14:06:15+00:00\",\"description\":\"As a\u00e7\u00f5es do Carrefour (CRFB3) abriram em forte alta na manh\u00e3 desta quarta. O banco UBS v\u00ea a compra do BIG com bons olhos. Saiba mais.\",\"breadcrumb\":{\"@id\":\"https:\/\/www.suno.com.br\/noticias\/carrefour-crfb3-sobe-abertura-compra-big\/#breadcrumb\"},\"inLanguage\":\"pt-BR\",\"potentialAction\":[{\"@type\":\"ReadAction\",\"target\":[\"https:\/\/www.suno.com.br\/noticias\/carrefour-crfb3-sobe-abertura-compra-big\/\"]}]},{\"@type\":\"ImageObject\",\"inLanguage\":\"pt-BR\",\"@id\":\"https:\/\/www.suno.com.br\/noticias\/carrefour-crfb3-sobe-abertura-compra-big\/#primaryimage\",\"url\":\"https:\/\/files.sunoresearch.com.br\/n\/uploads\/2020\/11\/a26ff087-carrefour-e1690373191220.jpg\",\"contentUrl\":\"https:\/\/files.sunoresearch.com.br\/n\/uploads\/2020\/11\/a26ff087-carrefour-e1690373191220.jpg\",\"width\":1200,\"height\":800,\"caption\":\"Carrefour (CRFB3). Foto: Divulga\u00e7\u00e3o.\"},{\"@type\":\"BreadcrumbList\",\"@id\":\"https:\/\/www.suno.com.br\/noticias\/carrefour-crfb3-sobe-abertura-compra-big\/#breadcrumb\",\"itemListElement\":[{\"@type\":\"ListItem\",\"position\":1,\"name\":\"Not\u00edcias\",\"item\":\"https:\/\/www.suno.com.br\/noticias\/\"},{\"@type\":\"ListItem\",\"position\":2,\"name\":\"Neg\u00f3cios\",\"item\":\"https:\/\/www.suno.com.br\/noticias\/negocios\/\"},{\"@type\":\"ListItem\",\"position\":3,\"name\":\"Carrefour (CRFB3) dispara 15% na abertura ap\u00f3s compra do Grupo BIG; UBS v\u00ea consolida\u00e7\u00e3o da empresa\"}]},{\"@type\":\"WebSite\",\"@id\":\"https:\/\/www.suno.com.br\/noticias\/#website\",\"url\":\"https:\/\/www.suno.com.br\/noticias\/\",\"name\":\"Suno Not\u00edcias\",\"description\":\"Seu portal de informa\u00e7\u00e3o sobre o mundo dos investimentos\",\"publisher\":{\"@id\":\"https:\/\/www.suno.com.br\/noticias\/#organization\"},\"potentialAction\":[{\"@type\":\"SearchAction\",\"target\":{\"@type\":\"EntryPoint\",\"urlTemplate\":\"https:\/\/www.suno.com.br\/noticias\/?s={search_term_string}\"},\"query-input\":{\"@type\":\"PropertyValueSpecification\",\"valueRequired\":true,\"valueName\":\"search_term_string\"}}],\"inLanguage\":\"pt-BR\"},{\"@type\":\"Organization\",\"@id\":\"https:\/\/www.suno.com.br\/noticias\/#organization\",\"name\":\"Suno Not\u00edcias\",\"url\":\"https:\/\/www.suno.com.br\/noticias\/\",\"logo\":{\"@type\":\"ImageObject\",\"inLanguage\":\"pt-BR\",\"@id\":\"https:\/\/www.suno.com.br\/noticias\/#\/schema\/logo\/image\/\",\"url\":\"https:\/\/files.sunoresearch.com.br\/n\/uploads\/2021\/09\/suno-logo.png\",\"contentUrl\":\"https:\/\/files.sunoresearch.com.br\/n\/uploads\/2021\/09\/suno-logo.png\",\"width\":180,\"height\":180,\"caption\":\"Suno Not\u00edcias\"},\"image\":{\"@id\":\"https:\/\/www.suno.com.br\/noticias\/#\/schema\/logo\/image\/\"},\"sameAs\":[\"https:\/\/facebook.com\/sunoresearch\",\"https:\/\/x.com\/sunoresearch\",\"https:\/\/www.instagram.com\/suno\",\"https:\/\/www.linkedin.com\/company\/suno-research\/\",\"https:\/\/www.youtube.com\/c\/sunoresearch\"]},{\"@type\":\"Person\",\"@id\":\"https:\/\/www.suno.com.br\/noticias\/#\/schema\/person\/918d79de1f0281f01599b93f9ea6e23f\",\"name\":\"Jader Lazarini\",\"image\":{\"@type\":\"ImageObject\",\"inLanguage\":\"pt-BR\",\"@id\":\"https:\/\/www.suno.com.br\/noticias\/#\/schema\/person\/image\/\",\"url\":\"https:\/\/secure.gravatar.com\/avatar\/3c1ad8caa51589841baeb923fcddea97?s=96&r=g\",\"contentUrl\":\"https:\/\/secure.gravatar.com\/avatar\/3c1ad8caa51589841baeb923fcddea97?s=96&r=g\",\"caption\":\"Jader Lazarini\"},\"description\":\"Jader Lazarini escreve sobre investimentos, finan\u00e7as, economia e neg\u00f3cios. \u00c9 bacharel em Rela\u00e7\u00f5es Internacionais e analista CNPI (2619).\",\"url\":\"https:\/\/www.suno.com.br\/noticias\/author\/jader-lazarini\/\"}]}<\/script>\n<!-- \/ Yoast SEO plugin. -->","yoast_head_json":{"title":"Carrefour (CRFB3) dispara 15% na abertura ap\u00f3s compra do Grupo BIG","description":"As a\u00e7\u00f5es do Carrefour (CRFB3) abriram em forte alta na manh\u00e3 desta quarta. O banco UBS v\u00ea a compra do BIG com bons olhos. Saiba mais.","robots":{"index":"index","follow":"follow","max-snippet":"max-snippet:-1","max-image-preview":"max-image-preview:large","max-video-preview":"max-video-preview:-1"},"canonical":"https:\/\/www.suno.com.br\/noticias\/carrefour-crfb3-sobe-abertura-compra-big\/","og_locale":"pt_BR","og_type":"article","og_title":"Carrefour (CRFB3) dispara 15% na abertura ap\u00f3s compra do Grupo BIG","og_description":"As a\u00e7\u00f5es do Carrefour (CRFB3) abriram em forte alta na manh\u00e3 desta quarta. O banco UBS v\u00ea a compra do BIG com bons olhos. Saiba mais.","og_url":"https:\/\/www.suno.com.br\/noticias\/carrefour-crfb3-sobe-abertura-compra-big\/","og_site_name":"Suno Not\u00edcias","article_publisher":"https:\/\/facebook.com\/sunoresearch","og_image":[{"width":1200,"height":800,"url":"https:\/\/files.sunoresearch.com.br\/n\/uploads\/2020\/11\/a26ff087-carrefour-e1690373191220.jpg","type":"image\/jpeg"}],"author":"Jader Lazarini","twitter_card":"summary_large_image","twitter_creator":"@sunoresearch","twitter_site":"@sunoresearch","twitter_misc":{"Escrito por":"Jader Lazarini","Est. tempo de leitura":"2 minutos"},"schema":{"@context":"https:\/\/schema.org","@graph":[{"@type":"NewsArticle","@id":"https:\/\/www.suno.com.br\/noticias\/carrefour-crfb3-sobe-abertura-compra-big\/#article","isPartOf":{"@id":"https:\/\/www.suno.com.br\/noticias\/carrefour-crfb3-sobe-abertura-compra-big\/"},"author":{"name":"Jader Lazarini","@id":"https:\/\/www.suno.com.br\/noticias\/#\/schema\/person\/918d79de1f0281f01599b93f9ea6e23f"},"headline":"Carrefour (CRFB3) dispara 15% na abertura ap\u00f3s compra do Grupo BIG; UBS v\u00ea consolida\u00e7\u00e3o da empresa","datePublished":"2021-03-24T14:05:24+00:00","dateModified":"2021-03-24T14:06:15+00:00","mainEntityOfPage":{"@id":"https:\/\/www.suno.com.br\/noticias\/carrefour-crfb3-sobe-abertura-compra-big\/"},"wordCount":429,"publisher":{"@id":"https:\/\/www.suno.com.br\/noticias\/#organization"},"image":{"@id":"https:\/\/www.suno.com.br\/noticias\/carrefour-crfb3-sobe-abertura-compra-big\/#primaryimage"},"thumbnailUrl":"https:\/\/files.sunoresearch.com.br\/n\/uploads\/2020\/11\/a26ff087-carrefour-e1690373191220.jpg","keywords":["Carrefour (CRFB3)","Especialistas","fus\u00f5es e aquisi\u00e7\u00f5es","grupo Big"],"articleSection":["Neg\u00f3cios"],"inLanguage":"pt-BR"},{"@type":"WebPage","@id":"https:\/\/www.suno.com.br\/noticias\/carrefour-crfb3-sobe-abertura-compra-big\/","url":"https:\/\/www.suno.com.br\/noticias\/carrefour-crfb3-sobe-abertura-compra-big\/","name":"Carrefour (CRFB3) dispara 15% na abertura ap\u00f3s compra do Grupo BIG","isPartOf":{"@id":"https:\/\/www.suno.com.br\/noticias\/#website"},"primaryImageOfPage":{"@id":"https:\/\/www.suno.com.br\/noticias\/carrefour-crfb3-sobe-abertura-compra-big\/#primaryimage"},"image":{"@id":"https:\/\/www.suno.com.br\/noticias\/carrefour-crfb3-sobe-abertura-compra-big\/#primaryimage"},"thumbnailUrl":"https:\/\/files.sunoresearch.com.br\/n\/uploads\/2020\/11\/a26ff087-carrefour-e1690373191220.jpg","datePublished":"2021-03-24T14:05:24+00:00","dateModified":"2021-03-24T14:06:15+00:00","description":"As a\u00e7\u00f5es do Carrefour (CRFB3) abriram em forte alta na manh\u00e3 desta quarta. O banco UBS v\u00ea a compra do BIG com bons olhos. Saiba mais.","breadcrumb":{"@id":"https:\/\/www.suno.com.br\/noticias\/carrefour-crfb3-sobe-abertura-compra-big\/#breadcrumb"},"inLanguage":"pt-BR","potentialAction":[{"@type":"ReadAction","target":["https:\/\/www.suno.com.br\/noticias\/carrefour-crfb3-sobe-abertura-compra-big\/"]}]},{"@type":"ImageObject","inLanguage":"pt-BR","@id":"https:\/\/www.suno.com.br\/noticias\/carrefour-crfb3-sobe-abertura-compra-big\/#primaryimage","url":"https:\/\/files.sunoresearch.com.br\/n\/uploads\/2020\/11\/a26ff087-carrefour-e1690373191220.jpg","contentUrl":"https:\/\/files.sunoresearch.com.br\/n\/uploads\/2020\/11\/a26ff087-carrefour-e1690373191220.jpg","width":1200,"height":800,"caption":"Carrefour (CRFB3). Foto: Divulga\u00e7\u00e3o."},{"@type":"BreadcrumbList","@id":"https:\/\/www.suno.com.br\/noticias\/carrefour-crfb3-sobe-abertura-compra-big\/#breadcrumb","itemListElement":[{"@type":"ListItem","position":1,"name":"Not\u00edcias","item":"https:\/\/www.suno.com.br\/noticias\/"},{"@type":"ListItem","position":2,"name":"Neg\u00f3cios","item":"https:\/\/www.suno.com.br\/noticias\/negocios\/"},{"@type":"ListItem","position":3,"name":"Carrefour (CRFB3) dispara 15% na abertura ap\u00f3s compra do Grupo BIG; UBS v\u00ea consolida\u00e7\u00e3o da empresa"}]},{"@type":"WebSite","@id":"https:\/\/www.suno.com.br\/noticias\/#website","url":"https:\/\/www.suno.com.br\/noticias\/","name":"Suno Not\u00edcias","description":"Seu portal de informa\u00e7\u00e3o sobre o mundo dos investimentos","publisher":{"@id":"https:\/\/www.suno.com.br\/noticias\/#organization"},"potentialAction":[{"@type":"SearchAction","target":{"@type":"EntryPoint","urlTemplate":"https:\/\/www.suno.com.br\/noticias\/?s={search_term_string}"},"query-input":{"@type":"PropertyValueSpecification","valueRequired":true,"valueName":"search_term_string"}}],"inLanguage":"pt-BR"},{"@type":"Organization","@id":"https:\/\/www.suno.com.br\/noticias\/#organization","name":"Suno Not\u00edcias","url":"https:\/\/www.suno.com.br\/noticias\/","logo":{"@type":"ImageObject","inLanguage":"pt-BR","@id":"https:\/\/www.suno.com.br\/noticias\/#\/schema\/logo\/image\/","url":"https:\/\/files.sunoresearch.com.br\/n\/uploads\/2021\/09\/suno-logo.png","contentUrl":"https:\/\/files.sunoresearch.com.br\/n\/uploads\/2021\/09\/suno-logo.png","width":180,"height":180,"caption":"Suno Not\u00edcias"},"image":{"@id":"https:\/\/www.suno.com.br\/noticias\/#\/schema\/logo\/image\/"},"sameAs":["https:\/\/facebook.com\/sunoresearch","https:\/\/x.com\/sunoresearch","https:\/\/www.instagram.com\/suno","https:\/\/www.linkedin.com\/company\/suno-research\/","https:\/\/www.youtube.com\/c\/sunoresearch"]},{"@type":"Person","@id":"https:\/\/www.suno.com.br\/noticias\/#\/schema\/person\/918d79de1f0281f01599b93f9ea6e23f","name":"Jader Lazarini","image":{"@type":"ImageObject","inLanguage":"pt-BR","@id":"https:\/\/www.suno.com.br\/noticias\/#\/schema\/person\/image\/","url":"https:\/\/secure.gravatar.com\/avatar\/3c1ad8caa51589841baeb923fcddea97?s=96&r=g","contentUrl":"https:\/\/secure.gravatar.com\/avatar\/3c1ad8caa51589841baeb923fcddea97?s=96&r=g","caption":"Jader Lazarini"},"description":"Jader Lazarini escreve sobre investimentos, finan\u00e7as, economia e neg\u00f3cios. \u00c9 bacharel em Rela\u00e7\u00f5es Internacionais e analista CNPI (2619).","url":"https:\/\/www.suno.com.br\/noticias\/author\/jader-lazarini\/"}]}},"default_loop_html":"<div class=\"cardsPage__listCard__boxs\"><div class=\"cardsPage__listCard__boxs__img\"><a href=\"https:\/\/www.suno.com.br\/noticias\/carrefour-crfb3-sobe-abertura-compra-big\/\"><img class=\"mask\" src=\"https:\/\/www.suno.com.br\/noticias\/wp-content\/themes\/suno\/resources\/images\/spotlight\/spotlight1img\/bg-mask.png\" alt=\"Image Mask\"\/><img src=\"https:\/\/files.sunoresearch.com.br\/n\/uploads\/2020\/11\/a26ff087-carrefour-e1690373191220-400x200.jpg\" alt=\"Carrefour (CRFB3) dispara 15% na abertura ap\u00f3s compra do Grupo BIG; UBS v\u00ea consolida\u00e7\u00e3o da empresa\"\/><\/a><span class=\"spotlightCategory\"><a href=\"https:\/\/www.suno.com.br\/noticias\/negocios\/\">Neg\u00f3cios<\/a><\/span><\/div><div class=\"cardsPage__listCard__boxs__content\"><a href=\"https:\/\/www.suno.com.br\/noticias\/carrefour-crfb3-sobe-abertura-compra-big\/\"><h2 class=\"content__title\">Carrefour (CRFB3) dispara 15% na abertura ap\u00f3s compra do Grupo BIG; UBS v\u00ea consolida\u00e7\u00e3o da empresa<\/h2><\/a><div class=\"newsContent__article__meta\"><div class=\"newsContent__article__meta__authorBox\"><a href=\"https:\/\/www.suno.com.br\/noticias\/author\/jader-lazarini\/\" class=\"authorBox__avatar noMobi\"><img src=\"https:\/\/files.sunoresearch.com.br\/n\/uploads\/2021\/01\/178e6598-foto-perfil-2-150x150.jpg\" alt=\"Jader Lazarini\"><\/a><div class=\"authorBox__name\"><span>por\n\t\t\t<a href=\"https:\/\/www.suno.com.br\/noticias\/author\/jader-lazarini\/\"><span itemprop=\"author\">Jader Lazarini<\/span><\/a><\/span><time datetime=\"2021-03-24T11:05:24-03:00\" itemprop=\"datePublished\">24\/03\/2021 11:05<\/time><\/div><\/div><\/div><\/div><\/div>","single_layout":"posts","amp_enabled":true,"_links":{"self":[{"href":"https:\/\/www.suno.com.br\/noticias\/wp-json\/wp\/v2\/posts\/134168"}],"collection":[{"href":"https:\/\/www.suno.com.br\/noticias\/wp-json\/wp\/v2\/posts"}],"about":[{"href":"https:\/\/www.suno.com.br\/noticias\/wp-json\/wp\/v2\/types\/post"}],"author":[{"embeddable":true,"href":"https:\/\/www.suno.com.br\/noticias\/wp-json\/wp\/v2\/users\/24"}],"replies":[{"embeddable":true,"href":"https:\/\/www.suno.com.br\/noticias\/wp-json\/wp\/v2\/comments?post=134168"}],"version-history":[{"count":3,"href":"https:\/\/www.suno.com.br\/noticias\/wp-json\/wp\/v2\/posts\/134168\/revisions"}],"predecessor-version":[{"id":134219,"href":"https:\/\/www.suno.com.br\/noticias\/wp-json\/wp\/v2\/posts\/134168\/revisions\/134219"}],"wp:featuredmedia":[{"embeddable":true,"href":"https:\/\/www.suno.com.br\/noticias\/wp-json\/wp\/v2\/media\/101648"}],"wp:attachment":[{"href":"https:\/\/www.suno.com.br\/noticias\/wp-json\/wp\/v2\/media?parent=134168"}],"wp:term":[{"taxonomy":"category","embeddable":true,"href":"https:\/\/www.suno.com.br\/noticias\/wp-json\/wp\/v2\/categories?post=134168"},{"taxonomy":"post_tag","embeddable":true,"href":"https:\/\/www.suno.com.br\/noticias\/wp-json\/wp\/v2\/tags?post=134168"},{"taxonomy":"suno_strategy","embeddable":true,"href":"https:\/\/www.suno.com.br\/noticias\/wp-json\/wp\/v2\/suno_strategy?post=134168"}],"curies":[{"name":"wp","href":"https:\/\/api.w.org\/{rel}","templated":true}]}}