{"id":134064,"date":"2021-03-23T18:37:05","date_gmt":"2021-03-23T21:37:05","guid":{"rendered":"https:\/\/www.suno.com.br\/noticias\/?p=134064"},"modified":"2021-03-23T19:06:47","modified_gmt":"2021-03-23T22:06:47","slug":"cvm-multa-eike-batista-por-conflito-de-interesse-em-caso-da-mmx-mmxm3","status":"publish","type":"post","link":"https:\/\/www.suno.com.br\/noticias\/cvm-multa-eike-batista-por-conflito-de-interesse-em-caso-da-mmx-mmxm3\/","title":{"rendered":"CVM multa Eike Batista por conflito de interesse em caso da MMX (MMXM3)"},"content":{"rendered":"<p>A <a href=\"https:\/\/www.suno.com.br\/artigos\/cvm\/\">Comiss\u00e3o de Valores Mobili\u00e1rios (<strong>CVM<\/strong>)<\/a> decidiu, por maioria, multar o empres\u00e1rio <a href=\"https:\/\/www.suno.com.br\/tudo-sobre\/eike-batista\/\">Eike Batista<\/a> em R$ 150 mil por ter votado em situa\u00e7\u00e3o de conflito de interesse na reuni\u00e3o conselho de administra\u00e7\u00e3o da <a href=\"https:\/\/www.suno.com.br\/acoes\/mmxm3\/\">MMX Minera\u00e7\u00e3o (MMXM3)<\/a>, que aprovou, em 2015, a quebra de um contrato de fornecimento de energia el\u00e9trica firmado com a MPX Energia, empresa irm\u00e3 da mineradora rebatizada de <a href=\"https:\/\/www.suno.com.br\/acoes\/enev3\/\">Eneva (ENEV3)<\/a>.<\/p>\t<div class=\"wrapper-featured-image\">\n\t\t<figure class=\"spotlightImg\">\n\n\t\t\t<picture>\n\t\t\t\t<source media=\"(max-width: 768px)\" srcset=\"https:\/\/files.sunoresearch.com.br\/n\/uploads\/2021\/03\/c5fed097-37841300935_9f816599fb_b-400x200.webp\">\n\t\t\t\t<img loading=\"lazy\" decoding=\"async\" class=\"newsContent__article__imgCapa lazyloadDisabled \" src=\"https:\/\/files.sunoresearch.com.br\/n\/uploads\/2021\/03\/c5fed097-37841300935_9f816599fb_b-800x450.webp\" width=\"800\" height=\"450\" alt=\"CVM multa Eike Batista por conflito de interesse em caso da MMX (MMXM3)\" fetchpriority=high \/>\n\t\t\t<\/picture>\n\n\t\t\t<figcaption class=\"wp-caption-text wp-caption-text--show\">Eike Batista. Foto: Lula Marques\/AGPT<\/figcaption>\n\t\t<\/figure>\n\t<\/div>\n\n\n\t<p>\n\t\t<a href=\"https:\/\/lp.suno.com.br\/planilha-controle-gastos\/\" target=\"_blank\" data-element=\"shortcode-suno-banner\" title=\"Banner SUNO, clique e saiba mais\">\n\t\t\t<picture>\n\t\t\t\t<source media=\"(max-width: 500px)\" srcset=\"https:\/\/files.sunoresearch.com.br\/n\/uploads\/2023\/03\/400x300-Planilha-controle-de-gastos.png\">\n\t\t\t\t<img class=\"newsContent__article__imgCapa newsContent__article__imgCapa--banner\"\n\t\t\t\t\tsrc=\"https:\/\/files.sunoresearch.com.br\/n\/uploads\/2023\/03\/1420x240-Planilha-controle-de-gastos.png\"\n\t\t\t\t\tdata-promo-id=\"101751\"\t\t\t\t\t\t\t\t\t\twidth='1420' height='240'\t\t\t\t\talt=\"https:\/\/files.sunoresearch.com.br\/n\/uploads\/2023\/03\/1420x240-Planilha-controle-de-gastos.png\"\n\t\t\t\t>\n\t\t\t<\/picture>\n\t\t<\/a>\n\t<\/p>\n\n\n<p>Na \u00e9poca, <strong>Eike Batista<\/strong> era membro do conselho e controlador da mineradora. Ao mesmo tempo, era titular de 19,95% do capital social da Eneva, empresa na qual tinha o controle compartilhado com a alem\u00e3 E.ON., por meio de um acordo de acionistas que estabelecia direitos econ\u00f4micos e pol\u00edticos iguais entre eles.<\/p>\n<p>A superintend\u00eancia de rela\u00e7\u00f5es com empresas (SEP) da CVM concluiu que, pela posi\u00e7\u00e3o que ocupava em ambas as companhias, o empres\u00e1rio n\u00e3o poderia intervir na opera\u00e7\u00e3o. O artigo 156 da Lei das S.A. veda ao administrador intervir em qualquer opera\u00e7\u00e3o social em que tiver interesse conflitante com o da companhia. O racional \u00e9 impedir que ele exer\u00e7a seu voto quando n\u00e3o puder ser imparcial.<\/p>\n<p><a href=\"https:\/\/lp.suno.com.br\/suno-one\/\">Suno One: acesse gratuitamente eBooks, Minicursos, Artigos e V\u00eddeo Aulas sobre investimentos com um \u00fanico cadastro. Clique para saber mais!<\/a><\/p>\n<p>O processo foi aberto por reclama\u00e7\u00e3o de um acionista, para quem o pre\u00e7o da energia acordado nos contratos era vantajoso para a MMX, independentemente da sua utiliza\u00e7\u00e3o. A venda da energia contratada a terceiros ou a liquida\u00e7\u00e3o na C\u00e2mara de Comercializa\u00e7\u00e3o de Energia El\u00e9trica (CCEE) poderia gerar ganhos superiores a R$ 1 bilh\u00e3o. O fim do contrato, por sua vez, gerou uma compensa\u00e7\u00e3o de apenas R$ 40 milh\u00f5es pela <strong>Eneva<\/strong>.<\/p>\n<h2>Eike Batista tinha interesse particular indireto, diz CVM<\/h2>\n<p>A relatora do caso, diretora Fl\u00e1via Perlingeiro, entendeu que havia <strong>interesse particular indireto<\/strong> do administrador no fim do contrato. Em seu voto, ela refor\u00e7ou seu entendimento de que o conflito de interesses \u00e9 de natureza formal, ou seja, o administrador fica automaticamente impedido de votar.<\/p>\n<p>A an\u00e1lise do acordo de acionistas da Eneva demonstrou que Eike era parte do grupo de controle da empresa, j\u00e1 que o documento lhe assegurava a maioria dos votos nas delibera\u00e7\u00f5es da Assembleia Geral e o poder de eleger a maioria dos administradores da Eneva, ao lado de sua s\u00f3cia alem\u00e3.<\/p>\n\t<div data-element=\"shortcode-read-more\" class=\"knowMore\">\n\t\t\t\t<span class=\"knowMore__title\">Leia mais<\/span>\n\t\t\t\t<a class=\"knowMore__link\" href=\"https:\/\/www.suno.com.br\/noticias\/eike-batista-condenado-insider-trading-manipulacao-mercado\/\">\n\t\t\tEike Batista \u00e9 condenado por insider trading e manipula\u00e7\u00e3o de mercado\t\t<\/a>\n\t<\/div>\n\n\n<p>&#8220;Considero o fato de que o acusado, em conjunto com a <strong>E.ON<\/strong>, dirigia as atividades sociais da Eneva e orientava o funcionamento de seus \u00f3rg\u00e3os suficiente para lhe gerar o dever de abster-se de participar da delibera\u00e7\u00e3o sobre a celebra\u00e7\u00e3o do distrato&#8221;, escreveu em seu voto, descartando a alega\u00e7\u00e3o de Eike de que n\u00e3o exercia o controle de fato da Eneva.<\/p>\n<p>Perlingeiro destacou que nem todo e qualquer interesse pessoal indireto implica a veda\u00e7\u00e3o prevista no artigo 156. Isso porque, em alguns casos, ainda que o administrador possa ter interesse na opera\u00e7\u00e3o, a decis\u00e3o da outra parte envolvida pode n\u00e3o estar sujeita \u00e0 sua influ\u00eancia. No caso concreto, entretanto, Eike tinha poder sobre as decis\u00f5es de ambas as companhias.<\/p>\n\t<p>\n\t\t<a href=\"https:\/\/lp.suno.com.br\/planilha-da-vida-financeira\/\" target=\"_blank\" data-element=\"shortcode-suno-banner\" title=\"Banner SUNO, clique e saiba mais\">\n\t\t\t<picture>\n\t\t\t\t<source media=\"(max-width: 500px)\" srcset=\"https:\/\/files.sunoresearch.com.br\/n\/uploads\/2023\/04\/400x300-Planilha-vida-financeira-true.png\">\n\t\t\t\t<img class=\"newsContent__article__imgCapa newsContent__article__imgCapa--banner\"\n\t\t\t\t\tsrc=\"https:\/\/files.sunoresearch.com.br\/n\/uploads\/2023\/04\/1420x240-Planilha-vida-financeira-true.png\"\n\t\t\t\t\tdata-promo-id=\"106682\"\t\t\t\t\t\t\t\t\t\twidth='1420' height='240'\t\t\t\t\talt=\"https:\/\/files.sunoresearch.com.br\/n\/uploads\/2023\/04\/1420x240-Planilha-vida-financeira-true.png\"\n\t\t\t\t>\n\t\t\t<\/picture>\n\t\t<\/a>\n\t<\/p>\n\n\n<p>O diretor Alexandre Rangel divergiu do voto da relatora, defendendo a tese de conflito material, em que o voto ocorre e s\u00f3 depois se verifica se houve conflito de interesses. Ele pediu a absolvi\u00e7\u00e3o de Eike Batista. O empres\u00e1rio ainda pode recorrer ao Conselho de Recursos do Sistema Financeiro Nacional (CRSFN) contra a decis\u00e3o da <strong>CVM<\/strong>.<\/p>\n<p><em>(Com informa\u00e7\u00f5es do Estad\u00e3o Conte\u00fado)<\/em><\/p>\n\t<p>\n\t\t<a href=\"https:\/\/lp.suno.com.br\/planilha-de-controle-de-investimentos\/\" target=\"_blank\" data-element=\"shortcode-suno-banner\" title=\"Banner SUNO, clique e saiba mais\">\n\t\t\t<picture>\n\t\t\t\t<source media=\"(max-width: 500px)\" srcset=\"https:\/\/files.sunoresearch.com.br\/n\/uploads\/2023\/03\/400x300-Controle-de-Investimentos.png\">\n\t\t\t\t<img class=\"newsContent__article__imgCapa newsContent__article__imgCapa--banner\"\n\t\t\t\t\tsrc=\"https:\/\/files.sunoresearch.com.br\/n\/uploads\/2023\/03\/1420x240-Controle-de-Investimentos.png\"\n\t\t\t\t\tdata-promo-id=\"75934\"\t\t\t\t\t\t\t\t\t\twidth='1420' height='240'\t\t\t\t\talt=\"https:\/\/files.sunoresearch.com.br\/n\/uploads\/2023\/03\/1420x240-Controle-de-Investimentos.png\"\n\t\t\t\t>\n\t\t\t<\/picture>\n\t\t<\/a>\n\t<\/p>\n\n\n","protected":false},"excerpt":{"rendered":"<p>A Comiss\u00e3o de Valores Mobili\u00e1rios (CVM) decidiu, por maioria, multar o empres\u00e1rio Eike Batista em R$ 150 mil por ter votado em situa\u00e7\u00e3o de conflito de interesse na reuni\u00e3o conselho de administra\u00e7\u00e3o da MMX Minera\u00e7\u00e3o (MMXM3), que aprovou, em 2015, a quebra de um contrato de fornecimento de energia el\u00e9trica firmado com a MPX Energia, [&hellip;]<\/p>\n","protected":false},"author":35,"featured_media":134068,"comment_status":"closed","ping_status":"closed","sticky":false,"template":"","format":"standard","meta":[],"categories":[64],"tags":[],"suno_strategy":[],"class_list":["post-134064","post","type-post","status-publish","format-standard","has-post-thumbnail","hentry","category-negocios"],"yoast_head":"<!-- This site is optimized with the Yoast SEO plugin v24.4 - https:\/\/yoast.com\/wordpress\/plugins\/seo\/ -->\n<title>CVM multa Eike Batista por conflito de interesse em caso da MMX (MMXM3)<\/title>\n<meta name=\"description\" content=\"A CVM decidiu multar o empres\u00e1rio Eike Batista em R$ 150 mil por ter votado em situa\u00e7\u00e3o de conflito de interesse em reuni\u00e3o da MMX (MMXM3).\" \/>\n<meta name=\"robots\" content=\"index, follow, max-snippet:-1, max-image-preview:large, max-video-preview:-1\" \/>\n<link rel=\"canonical\" href=\"https:\/\/www.suno.com.br\/noticias\/cvm-multa-eike-batista-por-conflito-de-interesse-em-caso-da-mmx-mmxm3\/\" \/>\n<meta property=\"og:locale\" content=\"pt_BR\" \/>\n<meta property=\"og:type\" content=\"article\" \/>\n<meta property=\"og:title\" content=\"CVM multa Eike Batista por conflito de interesse em caso da MMX (MMXM3)\" \/>\n<meta property=\"og:description\" content=\"A CVM decidiu multar o empres\u00e1rio Eike Batista em R$ 150 mil por ter votado em situa\u00e7\u00e3o de conflito de interesse em reuni\u00e3o da MMX (MMXM3).\" \/>\n<meta property=\"og:url\" content=\"https:\/\/www.suno.com.br\/noticias\/cvm-multa-eike-batista-por-conflito-de-interesse-em-caso-da-mmx-mmxm3\/\" \/>\n<meta property=\"og:site_name\" content=\"Suno Not\u00edcias\" \/>\n<meta property=\"article:publisher\" content=\"https:\/\/facebook.com\/sunoresearch\" \/>\n<meta property=\"og:image\" content=\"https:\/\/files.sunoresearch.com.br\/n\/uploads\/2021\/03\/c5fed097-37841300935_9f816599fb_b.jpg\" \/>\n\t<meta property=\"og:image:width\" content=\"1024\" \/>\n\t<meta property=\"og:image:height\" content=\"595\" \/>\n\t<meta property=\"og:image:type\" content=\"image\/jpeg\" \/>\n<meta name=\"author\" content=\"Arthur Guimar\u00e3es\" \/>\n<meta name=\"twitter:card\" content=\"summary_large_image\" \/>\n<meta name=\"twitter:creator\" content=\"@sunoresearch\" \/>\n<meta name=\"twitter:site\" content=\"@sunoresearch\" \/>\n<meta name=\"twitter:label1\" content=\"Escrito por\" \/>\n\t<meta name=\"twitter:data1\" content=\"Arthur Guimar\u00e3es\" \/>\n\t<meta name=\"twitter:label2\" content=\"Est. tempo de leitura\" \/>\n\t<meta name=\"twitter:data2\" content=\"3 minutos\" \/>\n<script type=\"application\/ld+json\" class=\"yoast-schema-graph\">{\"@context\":\"https:\/\/schema.org\",\"@graph\":[{\"@type\":\"NewsArticle\",\"@id\":\"https:\/\/www.suno.com.br\/noticias\/cvm-multa-eike-batista-por-conflito-de-interesse-em-caso-da-mmx-mmxm3\/#article\",\"isPartOf\":{\"@id\":\"https:\/\/www.suno.com.br\/noticias\/cvm-multa-eike-batista-por-conflito-de-interesse-em-caso-da-mmx-mmxm3\/\"},\"author\":{\"name\":\"Arthur Guimar\u00e3es\",\"@id\":\"https:\/\/www.suno.com.br\/noticias\/#\/schema\/person\/053a750a709a263919a20f976caae91c\"},\"headline\":\"CVM multa Eike Batista por conflito de interesse em caso da MMX (MMXM3)\",\"datePublished\":\"2021-03-23T21:37:05+00:00\",\"dateModified\":\"2021-03-23T22:06:47+00:00\",\"mainEntityOfPage\":{\"@id\":\"https:\/\/www.suno.com.br\/noticias\/cvm-multa-eike-batista-por-conflito-de-interesse-em-caso-da-mmx-mmxm3\/\"},\"wordCount\":626,\"publisher\":{\"@id\":\"https:\/\/www.suno.com.br\/noticias\/#organization\"},\"image\":{\"@id\":\"https:\/\/www.suno.com.br\/noticias\/cvm-multa-eike-batista-por-conflito-de-interesse-em-caso-da-mmx-mmxm3\/#primaryimage\"},\"thumbnailUrl\":\"https:\/\/files.sunoresearch.com.br\/n\/uploads\/2021\/03\/c5fed097-37841300935_9f816599fb_b-jpg.webp\",\"articleSection\":[\"Neg\u00f3cios\"],\"inLanguage\":\"pt-BR\"},{\"@type\":\"WebPage\",\"@id\":\"https:\/\/www.suno.com.br\/noticias\/cvm-multa-eike-batista-por-conflito-de-interesse-em-caso-da-mmx-mmxm3\/\",\"url\":\"https:\/\/www.suno.com.br\/noticias\/cvm-multa-eike-batista-por-conflito-de-interesse-em-caso-da-mmx-mmxm3\/\",\"name\":\"CVM multa Eike Batista por conflito de interesse em caso da MMX (MMXM3)\",\"isPartOf\":{\"@id\":\"https:\/\/www.suno.com.br\/noticias\/#website\"},\"primaryImageOfPage\":{\"@id\":\"https:\/\/www.suno.com.br\/noticias\/cvm-multa-eike-batista-por-conflito-de-interesse-em-caso-da-mmx-mmxm3\/#primaryimage\"},\"image\":{\"@id\":\"https:\/\/www.suno.com.br\/noticias\/cvm-multa-eike-batista-por-conflito-de-interesse-em-caso-da-mmx-mmxm3\/#primaryimage\"},\"thumbnailUrl\":\"https:\/\/files.sunoresearch.com.br\/n\/uploads\/2021\/03\/c5fed097-37841300935_9f816599fb_b-jpg.webp\",\"datePublished\":\"2021-03-23T21:37:05+00:00\",\"dateModified\":\"2021-03-23T22:06:47+00:00\",\"description\":\"A CVM decidiu multar o empres\u00e1rio Eike Batista em R$ 150 mil por ter votado em situa\u00e7\u00e3o de conflito de interesse em reuni\u00e3o da MMX (MMXM3).\",\"breadcrumb\":{\"@id\":\"https:\/\/www.suno.com.br\/noticias\/cvm-multa-eike-batista-por-conflito-de-interesse-em-caso-da-mmx-mmxm3\/#breadcrumb\"},\"inLanguage\":\"pt-BR\",\"potentialAction\":[{\"@type\":\"ReadAction\",\"target\":[\"https:\/\/www.suno.com.br\/noticias\/cvm-multa-eike-batista-por-conflito-de-interesse-em-caso-da-mmx-mmxm3\/\"]}]},{\"@type\":\"ImageObject\",\"inLanguage\":\"pt-BR\",\"@id\":\"https:\/\/www.suno.com.br\/noticias\/cvm-multa-eike-batista-por-conflito-de-interesse-em-caso-da-mmx-mmxm3\/#primaryimage\",\"url\":\"https:\/\/files.sunoresearch.com.br\/n\/uploads\/2021\/03\/c5fed097-37841300935_9f816599fb_b-jpg.webp\",\"contentUrl\":\"https:\/\/files.sunoresearch.com.br\/n\/uploads\/2021\/03\/c5fed097-37841300935_9f816599fb_b-jpg.webp\",\"width\":1024,\"height\":595,\"caption\":\"Eike Batista. Foto: Lula Marques\/AGPT\"},{\"@type\":\"BreadcrumbList\",\"@id\":\"https:\/\/www.suno.com.br\/noticias\/cvm-multa-eike-batista-por-conflito-de-interesse-em-caso-da-mmx-mmxm3\/#breadcrumb\",\"itemListElement\":[{\"@type\":\"ListItem\",\"position\":1,\"name\":\"Not\u00edcias\",\"item\":\"https:\/\/www.suno.com.br\/noticias\/\"},{\"@type\":\"ListItem\",\"position\":2,\"name\":\"Neg\u00f3cios\",\"item\":\"https:\/\/www.suno.com.br\/noticias\/negocios\/\"},{\"@type\":\"ListItem\",\"position\":3,\"name\":\"CVM multa Eike Batista por conflito de interesse em caso da MMX (MMXM3)\"}]},{\"@type\":\"WebSite\",\"@id\":\"https:\/\/www.suno.com.br\/noticias\/#website\",\"url\":\"https:\/\/www.suno.com.br\/noticias\/\",\"name\":\"Suno Not\u00edcias\",\"description\":\"Seu portal de informa\u00e7\u00e3o sobre o mundo dos investimentos\",\"publisher\":{\"@id\":\"https:\/\/www.suno.com.br\/noticias\/#organization\"},\"potentialAction\":[{\"@type\":\"SearchAction\",\"target\":{\"@type\":\"EntryPoint\",\"urlTemplate\":\"https:\/\/www.suno.com.br\/noticias\/?s={search_term_string}\"},\"query-input\":{\"@type\":\"PropertyValueSpecification\",\"valueRequired\":true,\"valueName\":\"search_term_string\"}}],\"inLanguage\":\"pt-BR\"},{\"@type\":\"Organization\",\"@id\":\"https:\/\/www.suno.com.br\/noticias\/#organization\",\"name\":\"Suno Not\u00edcias\",\"url\":\"https:\/\/www.suno.com.br\/noticias\/\",\"logo\":{\"@type\":\"ImageObject\",\"inLanguage\":\"pt-BR\",\"@id\":\"https:\/\/www.suno.com.br\/noticias\/#\/schema\/logo\/image\/\",\"url\":\"https:\/\/files.sunoresearch.com.br\/n\/uploads\/2021\/09\/suno-logo.png\",\"contentUrl\":\"https:\/\/files.sunoresearch.com.br\/n\/uploads\/2021\/09\/suno-logo.png\",\"width\":180,\"height\":180,\"caption\":\"Suno Not\u00edcias\"},\"image\":{\"@id\":\"https:\/\/www.suno.com.br\/noticias\/#\/schema\/logo\/image\/\"},\"sameAs\":[\"https:\/\/facebook.com\/sunoresearch\",\"https:\/\/x.com\/sunoresearch\",\"https:\/\/www.instagram.com\/suno\",\"https:\/\/www.linkedin.com\/company\/suno-research\/\",\"https:\/\/www.youtube.com\/c\/sunoresearch\"]},{\"@type\":\"Person\",\"@id\":\"https:\/\/www.suno.com.br\/noticias\/#\/schema\/person\/053a750a709a263919a20f976caae91c\",\"name\":\"Arthur Guimar\u00e3es\",\"image\":{\"@type\":\"ImageObject\",\"inLanguage\":\"pt-BR\",\"@id\":\"https:\/\/www.suno.com.br\/noticias\/#\/schema\/person\/image\/\",\"url\":\"https:\/\/secure.gravatar.com\/avatar\/1affd86a11209ae09eb6dd3bcad3e96c?s=96&r=g\",\"contentUrl\":\"https:\/\/secure.gravatar.com\/avatar\/1affd86a11209ae09eb6dd3bcad3e96c?s=96&r=g\",\"caption\":\"Arthur Guimar\u00e3es\"},\"description\":\"Arthur Guimar\u00e3es escreve sobre pol\u00edtica, economia e neg\u00f3cios para o portal de not\u00edcias da Suno Research. Atualmente, \u00e9 estudante de jornalismo pela Faculdade C\u00e1sper L\u00edbero.\",\"url\":\"https:\/\/www.suno.com.br\/noticias\/author\/arthur-guimaraes\/\"}]}<\/script>\n<!-- \/ Yoast SEO plugin. -->","yoast_head_json":{"title":"CVM multa Eike Batista por conflito de interesse em caso da MMX (MMXM3)","description":"A CVM decidiu multar o empres\u00e1rio Eike Batista em R$ 150 mil por ter votado em situa\u00e7\u00e3o de conflito de interesse em reuni\u00e3o da MMX (MMXM3).","robots":{"index":"index","follow":"follow","max-snippet":"max-snippet:-1","max-image-preview":"max-image-preview:large","max-video-preview":"max-video-preview:-1"},"canonical":"https:\/\/www.suno.com.br\/noticias\/cvm-multa-eike-batista-por-conflito-de-interesse-em-caso-da-mmx-mmxm3\/","og_locale":"pt_BR","og_type":"article","og_title":"CVM multa Eike Batista por conflito de interesse em caso da MMX (MMXM3)","og_description":"A CVM decidiu multar o empres\u00e1rio Eike Batista em R$ 150 mil por ter votado em situa\u00e7\u00e3o de conflito de interesse em reuni\u00e3o da MMX (MMXM3).","og_url":"https:\/\/www.suno.com.br\/noticias\/cvm-multa-eike-batista-por-conflito-de-interesse-em-caso-da-mmx-mmxm3\/","og_site_name":"Suno Not\u00edcias","article_publisher":"https:\/\/facebook.com\/sunoresearch","og_image":[{"width":1024,"height":595,"url":"https:\/\/files.sunoresearch.com.br\/n\/uploads\/2021\/03\/c5fed097-37841300935_9f816599fb_b.jpg","type":"image\/jpeg"}],"author":"Arthur Guimar\u00e3es","twitter_card":"summary_large_image","twitter_creator":"@sunoresearch","twitter_site":"@sunoresearch","twitter_misc":{"Escrito por":"Arthur Guimar\u00e3es","Est. tempo de leitura":"3 minutos"},"schema":{"@context":"https:\/\/schema.org","@graph":[{"@type":"NewsArticle","@id":"https:\/\/www.suno.com.br\/noticias\/cvm-multa-eike-batista-por-conflito-de-interesse-em-caso-da-mmx-mmxm3\/#article","isPartOf":{"@id":"https:\/\/www.suno.com.br\/noticias\/cvm-multa-eike-batista-por-conflito-de-interesse-em-caso-da-mmx-mmxm3\/"},"author":{"name":"Arthur Guimar\u00e3es","@id":"https:\/\/www.suno.com.br\/noticias\/#\/schema\/person\/053a750a709a263919a20f976caae91c"},"headline":"CVM multa Eike Batista por conflito de interesse em caso da MMX (MMXM3)","datePublished":"2021-03-23T21:37:05+00:00","dateModified":"2021-03-23T22:06:47+00:00","mainEntityOfPage":{"@id":"https:\/\/www.suno.com.br\/noticias\/cvm-multa-eike-batista-por-conflito-de-interesse-em-caso-da-mmx-mmxm3\/"},"wordCount":626,"publisher":{"@id":"https:\/\/www.suno.com.br\/noticias\/#organization"},"image":{"@id":"https:\/\/www.suno.com.br\/noticias\/cvm-multa-eike-batista-por-conflito-de-interesse-em-caso-da-mmx-mmxm3\/#primaryimage"},"thumbnailUrl":"https:\/\/files.sunoresearch.com.br\/n\/uploads\/2021\/03\/c5fed097-37841300935_9f816599fb_b-jpg.webp","articleSection":["Neg\u00f3cios"],"inLanguage":"pt-BR"},{"@type":"WebPage","@id":"https:\/\/www.suno.com.br\/noticias\/cvm-multa-eike-batista-por-conflito-de-interesse-em-caso-da-mmx-mmxm3\/","url":"https:\/\/www.suno.com.br\/noticias\/cvm-multa-eike-batista-por-conflito-de-interesse-em-caso-da-mmx-mmxm3\/","name":"CVM multa Eike Batista por conflito de interesse em caso da MMX (MMXM3)","isPartOf":{"@id":"https:\/\/www.suno.com.br\/noticias\/#website"},"primaryImageOfPage":{"@id":"https:\/\/www.suno.com.br\/noticias\/cvm-multa-eike-batista-por-conflito-de-interesse-em-caso-da-mmx-mmxm3\/#primaryimage"},"image":{"@id":"https:\/\/www.suno.com.br\/noticias\/cvm-multa-eike-batista-por-conflito-de-interesse-em-caso-da-mmx-mmxm3\/#primaryimage"},"thumbnailUrl":"https:\/\/files.sunoresearch.com.br\/n\/uploads\/2021\/03\/c5fed097-37841300935_9f816599fb_b-jpg.webp","datePublished":"2021-03-23T21:37:05+00:00","dateModified":"2021-03-23T22:06:47+00:00","description":"A CVM decidiu multar o empres\u00e1rio Eike Batista em R$ 150 mil por ter votado em situa\u00e7\u00e3o de conflito de interesse em reuni\u00e3o da MMX (MMXM3).","breadcrumb":{"@id":"https:\/\/www.suno.com.br\/noticias\/cvm-multa-eike-batista-por-conflito-de-interesse-em-caso-da-mmx-mmxm3\/#breadcrumb"},"inLanguage":"pt-BR","potentialAction":[{"@type":"ReadAction","target":["https:\/\/www.suno.com.br\/noticias\/cvm-multa-eike-batista-por-conflito-de-interesse-em-caso-da-mmx-mmxm3\/"]}]},{"@type":"ImageObject","inLanguage":"pt-BR","@id":"https:\/\/www.suno.com.br\/noticias\/cvm-multa-eike-batista-por-conflito-de-interesse-em-caso-da-mmx-mmxm3\/#primaryimage","url":"https:\/\/files.sunoresearch.com.br\/n\/uploads\/2021\/03\/c5fed097-37841300935_9f816599fb_b-jpg.webp","contentUrl":"https:\/\/files.sunoresearch.com.br\/n\/uploads\/2021\/03\/c5fed097-37841300935_9f816599fb_b-jpg.webp","width":1024,"height":595,"caption":"Eike Batista. Foto: Lula Marques\/AGPT"},{"@type":"BreadcrumbList","@id":"https:\/\/www.suno.com.br\/noticias\/cvm-multa-eike-batista-por-conflito-de-interesse-em-caso-da-mmx-mmxm3\/#breadcrumb","itemListElement":[{"@type":"ListItem","position":1,"name":"Not\u00edcias","item":"https:\/\/www.suno.com.br\/noticias\/"},{"@type":"ListItem","position":2,"name":"Neg\u00f3cios","item":"https:\/\/www.suno.com.br\/noticias\/negocios\/"},{"@type":"ListItem","position":3,"name":"CVM multa Eike Batista por conflito de interesse em caso da MMX (MMXM3)"}]},{"@type":"WebSite","@id":"https:\/\/www.suno.com.br\/noticias\/#website","url":"https:\/\/www.suno.com.br\/noticias\/","name":"Suno Not\u00edcias","description":"Seu portal de informa\u00e7\u00e3o sobre o mundo dos investimentos","publisher":{"@id":"https:\/\/www.suno.com.br\/noticias\/#organization"},"potentialAction":[{"@type":"SearchAction","target":{"@type":"EntryPoint","urlTemplate":"https:\/\/www.suno.com.br\/noticias\/?s={search_term_string}"},"query-input":{"@type":"PropertyValueSpecification","valueRequired":true,"valueName":"search_term_string"}}],"inLanguage":"pt-BR"},{"@type":"Organization","@id":"https:\/\/www.suno.com.br\/noticias\/#organization","name":"Suno Not\u00edcias","url":"https:\/\/www.suno.com.br\/noticias\/","logo":{"@type":"ImageObject","inLanguage":"pt-BR","@id":"https:\/\/www.suno.com.br\/noticias\/#\/schema\/logo\/image\/","url":"https:\/\/files.sunoresearch.com.br\/n\/uploads\/2021\/09\/suno-logo.png","contentUrl":"https:\/\/files.sunoresearch.com.br\/n\/uploads\/2021\/09\/suno-logo.png","width":180,"height":180,"caption":"Suno Not\u00edcias"},"image":{"@id":"https:\/\/www.suno.com.br\/noticias\/#\/schema\/logo\/image\/"},"sameAs":["https:\/\/facebook.com\/sunoresearch","https:\/\/x.com\/sunoresearch","https:\/\/www.instagram.com\/suno","https:\/\/www.linkedin.com\/company\/suno-research\/","https:\/\/www.youtube.com\/c\/sunoresearch"]},{"@type":"Person","@id":"https:\/\/www.suno.com.br\/noticias\/#\/schema\/person\/053a750a709a263919a20f976caae91c","name":"Arthur Guimar\u00e3es","image":{"@type":"ImageObject","inLanguage":"pt-BR","@id":"https:\/\/www.suno.com.br\/noticias\/#\/schema\/person\/image\/","url":"https:\/\/secure.gravatar.com\/avatar\/1affd86a11209ae09eb6dd3bcad3e96c?s=96&r=g","contentUrl":"https:\/\/secure.gravatar.com\/avatar\/1affd86a11209ae09eb6dd3bcad3e96c?s=96&r=g","caption":"Arthur Guimar\u00e3es"},"description":"Arthur Guimar\u00e3es escreve sobre pol\u00edtica, economia e neg\u00f3cios para o portal de not\u00edcias da Suno Research. Atualmente, \u00e9 estudante de jornalismo pela Faculdade C\u00e1sper L\u00edbero.","url":"https:\/\/www.suno.com.br\/noticias\/author\/arthur-guimaraes\/"}]}},"default_loop_html":"<div class=\"cardsPage__listCard__boxs\"><div class=\"cardsPage__listCard__boxs__img\"><a href=\"https:\/\/www.suno.com.br\/noticias\/cvm-multa-eike-batista-por-conflito-de-interesse-em-caso-da-mmx-mmxm3\/\"><img class=\"mask\" src=\"https:\/\/www.suno.com.br\/noticias\/wp-content\/themes\/suno\/resources\/images\/spotlight\/spotlight1img\/bg-mask.png\" alt=\"Image Mask\"\/><img src=\"https:\/\/files.sunoresearch.com.br\/n\/uploads\/2021\/03\/c5fed097-37841300935_9f816599fb_b-400x200.webp\" alt=\"CVM multa Eike Batista por conflito de interesse em caso da MMX (MMXM3)\"\/><\/a><span class=\"spotlightCategory\"><a href=\"https:\/\/www.suno.com.br\/noticias\/negocios\/\">Neg\u00f3cios<\/a><\/span><\/div><div class=\"cardsPage__listCard__boxs__content\"><a href=\"https:\/\/www.suno.com.br\/noticias\/cvm-multa-eike-batista-por-conflito-de-interesse-em-caso-da-mmx-mmxm3\/\"><h2 class=\"content__title\">CVM multa Eike Batista por conflito de interesse em caso da MMX (MMXM3)<\/h2><\/a><div class=\"newsContent__article__meta\"><div class=\"newsContent__article__meta__authorBox\"><a href=\"https:\/\/www.suno.com.br\/noticias\/author\/arthur-guimaraes\/\" class=\"authorBox__avatar noMobi\"><img src=\"https:\/\/files.sunoresearch.com.br\/n\/uploads\/2020\/02\/dfb40897-eu-150x150.webp\" alt=\"Arthur Guimar\u00e3es\"><\/a><div class=\"authorBox__name\"><span>por\n\t\t\t<a href=\"https:\/\/www.suno.com.br\/noticias\/author\/arthur-guimaraes\/\"><span itemprop=\"author\">Arthur Guimar\u00e3es<\/span><\/a><\/span><time datetime=\"2021-03-23T18:37:05-03:00\" itemprop=\"datePublished\">23\/03\/2021 18:37<\/time><\/div><\/div><\/div><\/div><\/div>","single_layout":"posts","amp_enabled":true,"_links":{"self":[{"href":"https:\/\/www.suno.com.br\/noticias\/wp-json\/wp\/v2\/posts\/134064"}],"collection":[{"href":"https:\/\/www.suno.com.br\/noticias\/wp-json\/wp\/v2\/posts"}],"about":[{"href":"https:\/\/www.suno.com.br\/noticias\/wp-json\/wp\/v2\/types\/post"}],"author":[{"embeddable":true,"href":"https:\/\/www.suno.com.br\/noticias\/wp-json\/wp\/v2\/users\/35"}],"replies":[{"embeddable":true,"href":"https:\/\/www.suno.com.br\/noticias\/wp-json\/wp\/v2\/comments?post=134064"}],"version-history":[{"count":3,"href":"https:\/\/www.suno.com.br\/noticias\/wp-json\/wp\/v2\/posts\/134064\/revisions"}],"predecessor-version":[{"id":134085,"href":"https:\/\/www.suno.com.br\/noticias\/wp-json\/wp\/v2\/posts\/134064\/revisions\/134085"}],"wp:featuredmedia":[{"embeddable":true,"href":"https:\/\/www.suno.com.br\/noticias\/wp-json\/wp\/v2\/media\/134068"}],"wp:attachment":[{"href":"https:\/\/www.suno.com.br\/noticias\/wp-json\/wp\/v2\/media?parent=134064"}],"wp:term":[{"taxonomy":"category","embeddable":true,"href":"https:\/\/www.suno.com.br\/noticias\/wp-json\/wp\/v2\/categories?post=134064"},{"taxonomy":"post_tag","embeddable":true,"href":"https:\/\/www.suno.com.br\/noticias\/wp-json\/wp\/v2\/tags?post=134064"},{"taxonomy":"suno_strategy","embeddable":true,"href":"https:\/\/www.suno.com.br\/noticias\/wp-json\/wp\/v2\/suno_strategy?post=134064"}],"curies":[{"name":"wp","href":"https:\/\/api.w.org\/{rel}","templated":true}]}}