{"id":133983,"date":"2021-03-23T17:25:52","date_gmt":"2021-03-23T20:25:52","guid":{"rendered":"https:\/\/www.suno.com.br\/noticias\/?p=133983"},"modified":"2021-03-23T19:42:48","modified_gmt":"2021-03-23T22:42:48","slug":"aneel-processo-concessao-ceee","status":"publish","type":"post","link":"https:\/\/www.suno.com.br\/noticias\/aneel-processo-concessao-ceee\/","title":{"rendered":"Aneel decide abrir novo processo de extin\u00e7\u00e3o da concess\u00e3o da CEEE"},"content":{"rendered":"<p>A diretoria da<a href=\"https:\/\/www.suno.com.br\/artigos\/agencias-reguladoras\/\"> Ag\u00eancia Nacional de Energia El\u00e9trica (Aneel)<\/a> decidiu, nesta ter\u00e7a-feira (23), abrir um novo processo administrativo contra a Companhia\u00a0 Estadual de Energia El\u00e9trica (CEEE) que pode resultar na extin\u00e7\u00e3o da concess\u00e3o.<\/p>\t<div class=\"wrapper-featured-image\">\n\t\t<figure class=\"spotlightImg\">\n\n\t\t\t<picture>\n\t\t\t\t<source media=\"(max-width: 768px)\" srcset=\"https:\/\/files.sunoresearch.com.br\/n\/uploads\/2018\/11\/154e2f68-aneel-400x200.webp\">\n\t\t\t\t<img loading=\"lazy\" decoding=\"async\" class=\"newsContent__article__imgCapa lazyloadDisabled \" src=\"https:\/\/files.sunoresearch.com.br\/n\/uploads\/2018\/11\/154e2f68-aneel-800x450.webp\" width=\"800\" height=\"450\" alt=\"Aneel decide abrir novo processo de extin\u00e7\u00e3o da concess\u00e3o da CEEE\" fetchpriority=high \/>\n\t\t\t<\/picture>\n\n\t\t\t<figcaption class=\"wp-caption-text wp-caption-text--show\">Aneel<\/figcaption>\n\t\t<\/figure>\n\t<\/div>\n\n\n\t<p>\n\t\t<a href=\"https:\/\/lp.suno.com.br\/planilha-controle-gastos\/\" target=\"_blank\" data-element=\"shortcode-suno-banner\" title=\"Banner SUNO, clique e saiba mais\">\n\t\t\t<picture>\n\t\t\t\t<source media=\"(max-width: 500px)\" srcset=\"https:\/\/files.sunoresearch.com.br\/n\/uploads\/2023\/03\/400x300-Planilha-controle-de-gastos.png\">\n\t\t\t\t<img class=\"newsContent__article__imgCapa newsContent__article__imgCapa--banner\"\n\t\t\t\t\tsrc=\"https:\/\/files.sunoresearch.com.br\/n\/uploads\/2023\/03\/1420x240-Planilha-controle-de-gastos.png\"\n\t\t\t\t\tdata-promo-id=\"101751\"\t\t\t\t\t\t\t\t\t\twidth='1420' height='240'\t\t\t\t\talt=\"https:\/\/files.sunoresearch.com.br\/n\/uploads\/2023\/03\/1420x240-Planilha-controle-de-gastos.png\"\n\t\t\t\t>\n\t\t\t<\/picture>\n\t\t<\/a>\n\t<\/p>\n\n\n<p>A delibera\u00e7\u00e3o da Aneel foi motivada pelo descumprimento, por dois anos seguidos, dos crit\u00e9rios de efici\u00eancia de gest\u00e3o econ\u00f4mica e financeira da empresa.<\/p>\n<p>A decis\u00e3o foi tomada durante verifica\u00e7\u00e3o do cumprimento de cl\u00e1usulas de efici\u00eancia na presta\u00e7\u00e3o do servi\u00e7o de distribui\u00e7\u00e3o referentes ao ano de 2019. Al\u00e9m disso, o processo foi relatado pela diretora Elisa Bastos.<\/p>\n<p><a href=\"https:\/\/lp.suno.com.br\/suno-one\/\">Suno One: acesse gratuitamente eBooks, Minicursos, Artigos e V\u00eddeo Aulas sobre investimentos com um \u00fanico cadastro. Clique para saber mais!<\/a><\/p>\n<p>Em seu voto, a diretora ressaltou que em 2019, a empresa tamb\u00e9m n\u00e3o cumpriu os indicadores de qualidade do fornecimento de energia, que medem a dura\u00e7\u00e3o e frequ\u00eancias de interrup\u00e7\u00f5es do servi\u00e7o.<\/p>\n<p>A distribuidora enfrenta uma<strong><a href=\"https:\/\/www.suno.com.br\/artigos\/crise-financeira\/\"> crise financeira<\/a><\/strong>. Em manifesta\u00e7\u00e3o \u00e0 ag\u00eancia, a empresa afirmou que seu quadro econ\u00f4mico ser\u00e1 restabelecido com a troca de controle da concess\u00e3o. O leil\u00e3o estava marcado para 31 de mar\u00e7o, mas uma decis\u00e3o liminar da Justi\u00e7a do Rio Grande do Sul suspendeu a venda da estatal ga\u00facha. O governo recorreu, mas teve o pedido negado.<\/p>\n<h2>Aneel j\u00e1 havia aberto processo de caducidade da concess\u00e3o<\/h2>\n<p>A Aneel j\u00e1 havia aberto um processo de caducidade da concess\u00e3o, mas foi suspenso devido ao <a href=\"https:\/\/www.suno.com.br\/artigos\/privatizacao\/\">processo de privatiza\u00e7\u00e3o<\/a>. No primeiro caso, a infra\u00e7\u00e3o foi motivada pelo desequil\u00edbrio econ\u00f4mico-financeiro da concess\u00e3o.<\/p>\n<p>Durante a an\u00e1lise do tema, o diretor-geral da ag\u00eancia, Andr\u00e9 Pepitone, afirmou que a abertura de um novo processo de cassa\u00e7\u00e3o da concess\u00e3o n\u00e3o atrapalha o processo de <strong>privatiza\u00e7\u00e3o.<\/strong> &#8220;Pelo contr\u00e1rio, \u00e9 um sinal claro ao atual acionista de que ele n\u00e3o tem condi\u00e7\u00f5es de gerir a concess\u00e3o e, se ele n\u00e3o tomar provid\u00eancias, poder\u00e1 se culminar com a caducidade do contrato&#8221;, afirmou.<\/p>\n\t<div data-element=\"shortcode-read-more\" class=\"knowMore\">\n\t\t\t\t<span class=\"knowMore__title\">Leia tamb\u00e9m<\/span>\n\t\t\t\t<a class=\"knowMore__link\" href=\"https:\/\/www.suno.com.br\/noticias\/aneel-consulta-publica-bandeira-energia-eletrica\/\">\n\t\t\tAneel abre consulta p\u00fablica e energia el\u00e9trica pode ficar mais cara\t\t<\/a>\n\t<\/div>\n\n\n<p>O diretor tamb\u00e9m citou a CEB, distribuidora que atua em Bras\u00edlia, e tamb\u00e9m descumpriu os indicadores de qualidade em 2019. Ele afirmou que neste caso o problema j\u00e1 foi resolvido, j\u00e1 que a empresa foi leiloada recentemente e repassada para a Bahia Energia, do grupo espanhol <strong>Neoenergia.<\/strong><\/p>\n<p>A diretoria tamb\u00e9m reconheceu falta de confiabilidade dos indicadores referentes \u00e0 2019 apresentados pelas distribuidoras <strong>Enel<\/strong> Goi\u00e1s e pela <strong>Cemig,<\/strong> que opera em Minas Gerais.<\/p>\n\t<p>\n\t\t<a href=\"https:\/\/lp.suno.com.br\/planilha-da-vida-financeira\/\" target=\"_blank\" data-element=\"shortcode-suno-banner\" title=\"Banner SUNO, clique e saiba mais\">\n\t\t\t<picture>\n\t\t\t\t<source media=\"(max-width: 500px)\" srcset=\"https:\/\/files.sunoresearch.com.br\/n\/uploads\/2023\/04\/400x300-Planilha-vida-financeira-true.png\">\n\t\t\t\t<img class=\"newsContent__article__imgCapa newsContent__article__imgCapa--banner\"\n\t\t\t\t\tsrc=\"https:\/\/files.sunoresearch.com.br\/n\/uploads\/2023\/04\/1420x240-Planilha-vida-financeira-true.png\"\n\t\t\t\t\tdata-promo-id=\"106682\"\t\t\t\t\t\t\t\t\t\twidth='1420' height='240'\t\t\t\t\talt=\"https:\/\/files.sunoresearch.com.br\/n\/uploads\/2023\/04\/1420x240-Planilha-vida-financeira-true.png\"\n\t\t\t\t>\n\t\t\t<\/picture>\n\t\t<\/a>\n\t<\/p>\n\n\n<p>Ao propor a n\u00e3o aprova\u00e7\u00e3o dos par\u00e2metros apresentados pela Enel Goi\u00e1s, a relatora sugeriu aguardar a conclus\u00e3o da an\u00e1lise de um recurso administrativo da empresa que trata de irregularidades no processo de apura\u00e7\u00e3o dos indicadores de 2019, o que pode, eventualmente, levar a distribuidora a recalcular os dados.<\/p>\n<p><em>Com informa\u00e7\u00f5es do Estad\u00e3o Conte\u00fado.<\/em><\/p>\n\t<p>\n\t\t<a href=\"https:\/\/lp.suno.com.br\/planilha-de-controle-de-investimentos\/\" target=\"_blank\" data-element=\"shortcode-suno-banner\" title=\"Banner SUNO, clique e saiba mais\">\n\t\t\t<picture>\n\t\t\t\t<source media=\"(max-width: 500px)\" srcset=\"https:\/\/files.sunoresearch.com.br\/n\/uploads\/2023\/03\/400x300-Controle-de-Investimentos.png\">\n\t\t\t\t<img class=\"newsContent__article__imgCapa newsContent__article__imgCapa--banner\"\n\t\t\t\t\tsrc=\"https:\/\/files.sunoresearch.com.br\/n\/uploads\/2023\/03\/1420x240-Controle-de-Investimentos.png\"\n\t\t\t\t\tdata-promo-id=\"75934\"\t\t\t\t\t\t\t\t\t\twidth='1420' height='240'\t\t\t\t\talt=\"https:\/\/files.sunoresearch.com.br\/n\/uploads\/2023\/03\/1420x240-Controle-de-Investimentos.png\"\n\t\t\t\t>\n\t\t\t<\/picture>\n\t\t<\/a>\n\t<\/p>\n\n\n","protected":false},"excerpt":{"rendered":"<p>A diretoria da Ag\u00eancia Nacional de Energia El\u00e9trica (Aneel) decidiu, nesta ter\u00e7a-feira (23), abrir um novo processo administrativo contra a Companhia\u00a0 Estadual de Energia El\u00e9trica (CEEE) que pode resultar na extin\u00e7\u00e3o da concess\u00e3o. Aneel A delibera\u00e7\u00e3o da Aneel foi motivada pelo descumprimento, por dois anos seguidos, dos crit\u00e9rios de efici\u00eancia de gest\u00e3o econ\u00f4mica e financeira [&hellip;]<\/p>\n","protected":false},"author":39,"featured_media":6297,"comment_status":"closed","ping_status":"closed","sticky":false,"template":"","format":"standard","meta":[],"categories":[64],"tags":[896,411,104997],"suno_strategy":[],"class_list":["post-133983","post","type-post","status-publish","format-standard","has-post-thumbnail","hentry","category-negocios","tag-aneel","tag-ceee-d-ceed3-ceed4-ceeb6","tag-concessoes"],"yoast_head":"<!-- This site is optimized with the Yoast SEO plugin v24.4 - https:\/\/yoast.com\/wordpress\/plugins\/seo\/ -->\n<title>Aneel decide abrir novo processo de extin\u00e7\u00e3o da concess\u00e3o da CEEE<\/title>\n<meta name=\"description\" content=\"A diretoria da Aneel abrir\u00e1 um processo administrativo contra a CEEE, que pode resultar na extin\u00e7\u00e3o da concess\u00e3o. Clique aqui e saiba mais\" \/>\n<meta name=\"robots\" content=\"index, follow, max-snippet:-1, max-image-preview:large, max-video-preview:-1\" \/>\n<link rel=\"canonical\" href=\"https:\/\/www.suno.com.br\/noticias\/aneel-processo-concessao-ceee\/\" \/>\n<meta property=\"og:locale\" content=\"pt_BR\" \/>\n<meta property=\"og:type\" content=\"article\" \/>\n<meta property=\"og:title\" content=\"Aneel decide abrir novo processo de extin\u00e7\u00e3o da concess\u00e3o da CEEE\" \/>\n<meta property=\"og:description\" content=\"A diretoria da Aneel abrir\u00e1 um processo administrativo contra a CEEE, que pode resultar na extin\u00e7\u00e3o da concess\u00e3o. Clique aqui e saiba mais\" \/>\n<meta property=\"og:url\" content=\"https:\/\/www.suno.com.br\/noticias\/aneel-processo-concessao-ceee\/\" \/>\n<meta property=\"og:site_name\" content=\"Suno Not\u00edcias\" \/>\n<meta property=\"article:publisher\" content=\"https:\/\/facebook.com\/sunoresearch\" \/>\n<meta property=\"og:image\" content=\"https:\/\/files.sunoresearch.com.br\/n\/uploads\/2018\/11\/154e2f68-aneel.jpg\" \/>\n\t<meta property=\"og:image:width\" content=\"1920\" \/>\n\t<meta property=\"og:image:height\" content=\"1077\" \/>\n\t<meta property=\"og:image:type\" content=\"image\/jpeg\" \/>\n<meta name=\"author\" content=\"Laura Moutinho\" \/>\n<meta name=\"twitter:card\" content=\"summary_large_image\" \/>\n<meta name=\"twitter:creator\" content=\"@sunoresearch\" \/>\n<meta name=\"twitter:site\" content=\"@sunoresearch\" \/>\n<meta name=\"twitter:label1\" content=\"Escrito por\" \/>\n\t<meta name=\"twitter:data1\" content=\"Laura Moutinho\" \/>\n\t<meta name=\"twitter:label2\" content=\"Est. tempo de leitura\" \/>\n\t<meta name=\"twitter:data2\" content=\"3 minutos\" \/>\n<script type=\"application\/ld+json\" class=\"yoast-schema-graph\">{\"@context\":\"https:\/\/schema.org\",\"@graph\":[{\"@type\":\"NewsArticle\",\"@id\":\"https:\/\/www.suno.com.br\/noticias\/aneel-processo-concessao-ceee\/#article\",\"isPartOf\":{\"@id\":\"https:\/\/www.suno.com.br\/noticias\/aneel-processo-concessao-ceee\/\"},\"author\":{\"name\":\"Laura Moutinho\",\"@id\":\"https:\/\/www.suno.com.br\/noticias\/#\/schema\/person\/3df0d2808748b74496efe5dbeaef2c72\"},\"headline\":\"Aneel decide abrir novo processo de extin\u00e7\u00e3o da concess\u00e3o da CEEE\",\"datePublished\":\"2021-03-23T20:25:52+00:00\",\"dateModified\":\"2021-03-23T22:42:48+00:00\",\"mainEntityOfPage\":{\"@id\":\"https:\/\/www.suno.com.br\/noticias\/aneel-processo-concessao-ceee\/\"},\"wordCount\":517,\"publisher\":{\"@id\":\"https:\/\/www.suno.com.br\/noticias\/#organization\"},\"image\":{\"@id\":\"https:\/\/www.suno.com.br\/noticias\/aneel-processo-concessao-ceee\/#primaryimage\"},\"thumbnailUrl\":\"https:\/\/files.sunoresearch.com.br\/n\/uploads\/2018\/11\/154e2f68-aneel-jpg.webp\",\"keywords\":[\"Aneel\",\"CEEE-D (CEED3\/CEED4\/CEEB6)\",\"concess\u00f5es\"],\"articleSection\":[\"Neg\u00f3cios\"],\"inLanguage\":\"pt-BR\"},{\"@type\":\"WebPage\",\"@id\":\"https:\/\/www.suno.com.br\/noticias\/aneel-processo-concessao-ceee\/\",\"url\":\"https:\/\/www.suno.com.br\/noticias\/aneel-processo-concessao-ceee\/\",\"name\":\"Aneel decide abrir novo processo de extin\u00e7\u00e3o da concess\u00e3o da CEEE\",\"isPartOf\":{\"@id\":\"https:\/\/www.suno.com.br\/noticias\/#website\"},\"primaryImageOfPage\":{\"@id\":\"https:\/\/www.suno.com.br\/noticias\/aneel-processo-concessao-ceee\/#primaryimage\"},\"image\":{\"@id\":\"https:\/\/www.suno.com.br\/noticias\/aneel-processo-concessao-ceee\/#primaryimage\"},\"thumbnailUrl\":\"https:\/\/files.sunoresearch.com.br\/n\/uploads\/2018\/11\/154e2f68-aneel-jpg.webp\",\"datePublished\":\"2021-03-23T20:25:52+00:00\",\"dateModified\":\"2021-03-23T22:42:48+00:00\",\"description\":\"A diretoria da Aneel abrir\u00e1 um processo administrativo contra a CEEE, que pode resultar na extin\u00e7\u00e3o da concess\u00e3o. Clique aqui e saiba mais\",\"breadcrumb\":{\"@id\":\"https:\/\/www.suno.com.br\/noticias\/aneel-processo-concessao-ceee\/#breadcrumb\"},\"inLanguage\":\"pt-BR\",\"potentialAction\":[{\"@type\":\"ReadAction\",\"target\":[\"https:\/\/www.suno.com.br\/noticias\/aneel-processo-concessao-ceee\/\"]}]},{\"@type\":\"ImageObject\",\"inLanguage\":\"pt-BR\",\"@id\":\"https:\/\/www.suno.com.br\/noticias\/aneel-processo-concessao-ceee\/#primaryimage\",\"url\":\"https:\/\/files.sunoresearch.com.br\/n\/uploads\/2018\/11\/154e2f68-aneel-jpg.webp\",\"contentUrl\":\"https:\/\/files.sunoresearch.com.br\/n\/uploads\/2018\/11\/154e2f68-aneel-jpg.webp\",\"width\":1920,\"height\":1077,\"caption\":\"Aneel\"},{\"@type\":\"BreadcrumbList\",\"@id\":\"https:\/\/www.suno.com.br\/noticias\/aneel-processo-concessao-ceee\/#breadcrumb\",\"itemListElement\":[{\"@type\":\"ListItem\",\"position\":1,\"name\":\"Not\u00edcias\",\"item\":\"https:\/\/www.suno.com.br\/noticias\/\"},{\"@type\":\"ListItem\",\"position\":2,\"name\":\"Neg\u00f3cios\",\"item\":\"https:\/\/www.suno.com.br\/noticias\/negocios\/\"},{\"@type\":\"ListItem\",\"position\":3,\"name\":\"Aneel decide abrir novo processo de extin\u00e7\u00e3o da concess\u00e3o da CEEE\"}]},{\"@type\":\"WebSite\",\"@id\":\"https:\/\/www.suno.com.br\/noticias\/#website\",\"url\":\"https:\/\/www.suno.com.br\/noticias\/\",\"name\":\"Suno Not\u00edcias\",\"description\":\"Seu portal de informa\u00e7\u00e3o sobre o mundo dos investimentos\",\"publisher\":{\"@id\":\"https:\/\/www.suno.com.br\/noticias\/#organization\"},\"potentialAction\":[{\"@type\":\"SearchAction\",\"target\":{\"@type\":\"EntryPoint\",\"urlTemplate\":\"https:\/\/www.suno.com.br\/noticias\/?s={search_term_string}\"},\"query-input\":{\"@type\":\"PropertyValueSpecification\",\"valueRequired\":true,\"valueName\":\"search_term_string\"}}],\"inLanguage\":\"pt-BR\"},{\"@type\":\"Organization\",\"@id\":\"https:\/\/www.suno.com.br\/noticias\/#organization\",\"name\":\"Suno Not\u00edcias\",\"url\":\"https:\/\/www.suno.com.br\/noticias\/\",\"logo\":{\"@type\":\"ImageObject\",\"inLanguage\":\"pt-BR\",\"@id\":\"https:\/\/www.suno.com.br\/noticias\/#\/schema\/logo\/image\/\",\"url\":\"https:\/\/files.sunoresearch.com.br\/n\/uploads\/2021\/09\/suno-logo.png\",\"contentUrl\":\"https:\/\/files.sunoresearch.com.br\/n\/uploads\/2021\/09\/suno-logo.png\",\"width\":180,\"height\":180,\"caption\":\"Suno Not\u00edcias\"},\"image\":{\"@id\":\"https:\/\/www.suno.com.br\/noticias\/#\/schema\/logo\/image\/\"},\"sameAs\":[\"https:\/\/facebook.com\/sunoresearch\",\"https:\/\/x.com\/sunoresearch\",\"https:\/\/www.instagram.com\/suno\",\"https:\/\/www.linkedin.com\/company\/suno-research\/\",\"https:\/\/www.youtube.com\/c\/sunoresearch\"]},{\"@type\":\"Person\",\"@id\":\"https:\/\/www.suno.com.br\/noticias\/#\/schema\/person\/3df0d2808748b74496efe5dbeaef2c72\",\"name\":\"Laura Moutinho\",\"image\":{\"@type\":\"ImageObject\",\"inLanguage\":\"pt-BR\",\"@id\":\"https:\/\/www.suno.com.br\/noticias\/#\/schema\/person\/image\/\",\"url\":\"https:\/\/secure.gravatar.com\/avatar\/7571c7c8ca3a6fca5e41384ece5557ff?s=96&r=g\",\"contentUrl\":\"https:\/\/secure.gravatar.com\/avatar\/7571c7c8ca3a6fca5e41384ece5557ff?s=96&r=g\",\"caption\":\"Laura Moutinho\"},\"description\":\"Estagi\u00e1ria na Suno Not\u00edcias, escreve not\u00edcias que afetam o mercado financeiro. Estuda administra\u00e7\u00e3o na Universidade Presbiteriana Mackenzie.\",\"url\":\"https:\/\/www.suno.com.br\/noticias\/author\/laura-moutinho\/\"}]}<\/script>\n<!-- \/ Yoast SEO plugin. -->","yoast_head_json":{"title":"Aneel decide abrir novo processo de extin\u00e7\u00e3o da concess\u00e3o da CEEE","description":"A diretoria da Aneel abrir\u00e1 um processo administrativo contra a CEEE, que pode resultar na extin\u00e7\u00e3o da concess\u00e3o. Clique aqui e saiba mais","robots":{"index":"index","follow":"follow","max-snippet":"max-snippet:-1","max-image-preview":"max-image-preview:large","max-video-preview":"max-video-preview:-1"},"canonical":"https:\/\/www.suno.com.br\/noticias\/aneel-processo-concessao-ceee\/","og_locale":"pt_BR","og_type":"article","og_title":"Aneel decide abrir novo processo de extin\u00e7\u00e3o da concess\u00e3o da CEEE","og_description":"A diretoria da Aneel abrir\u00e1 um processo administrativo contra a CEEE, que pode resultar na extin\u00e7\u00e3o da concess\u00e3o. Clique aqui e saiba mais","og_url":"https:\/\/www.suno.com.br\/noticias\/aneel-processo-concessao-ceee\/","og_site_name":"Suno Not\u00edcias","article_publisher":"https:\/\/facebook.com\/sunoresearch","og_image":[{"width":1920,"height":1077,"url":"https:\/\/files.sunoresearch.com.br\/n\/uploads\/2018\/11\/154e2f68-aneel.jpg","type":"image\/jpeg"}],"author":"Laura Moutinho","twitter_card":"summary_large_image","twitter_creator":"@sunoresearch","twitter_site":"@sunoresearch","twitter_misc":{"Escrito por":"Laura Moutinho","Est. tempo de leitura":"3 minutos"},"schema":{"@context":"https:\/\/schema.org","@graph":[{"@type":"NewsArticle","@id":"https:\/\/www.suno.com.br\/noticias\/aneel-processo-concessao-ceee\/#article","isPartOf":{"@id":"https:\/\/www.suno.com.br\/noticias\/aneel-processo-concessao-ceee\/"},"author":{"name":"Laura Moutinho","@id":"https:\/\/www.suno.com.br\/noticias\/#\/schema\/person\/3df0d2808748b74496efe5dbeaef2c72"},"headline":"Aneel decide abrir novo processo de extin\u00e7\u00e3o da concess\u00e3o da CEEE","datePublished":"2021-03-23T20:25:52+00:00","dateModified":"2021-03-23T22:42:48+00:00","mainEntityOfPage":{"@id":"https:\/\/www.suno.com.br\/noticias\/aneel-processo-concessao-ceee\/"},"wordCount":517,"publisher":{"@id":"https:\/\/www.suno.com.br\/noticias\/#organization"},"image":{"@id":"https:\/\/www.suno.com.br\/noticias\/aneel-processo-concessao-ceee\/#primaryimage"},"thumbnailUrl":"https:\/\/files.sunoresearch.com.br\/n\/uploads\/2018\/11\/154e2f68-aneel-jpg.webp","keywords":["Aneel","CEEE-D (CEED3\/CEED4\/CEEB6)","concess\u00f5es"],"articleSection":["Neg\u00f3cios"],"inLanguage":"pt-BR"},{"@type":"WebPage","@id":"https:\/\/www.suno.com.br\/noticias\/aneel-processo-concessao-ceee\/","url":"https:\/\/www.suno.com.br\/noticias\/aneel-processo-concessao-ceee\/","name":"Aneel decide abrir novo processo de extin\u00e7\u00e3o da concess\u00e3o da CEEE","isPartOf":{"@id":"https:\/\/www.suno.com.br\/noticias\/#website"},"primaryImageOfPage":{"@id":"https:\/\/www.suno.com.br\/noticias\/aneel-processo-concessao-ceee\/#primaryimage"},"image":{"@id":"https:\/\/www.suno.com.br\/noticias\/aneel-processo-concessao-ceee\/#primaryimage"},"thumbnailUrl":"https:\/\/files.sunoresearch.com.br\/n\/uploads\/2018\/11\/154e2f68-aneel-jpg.webp","datePublished":"2021-03-23T20:25:52+00:00","dateModified":"2021-03-23T22:42:48+00:00","description":"A diretoria da Aneel abrir\u00e1 um processo administrativo contra a CEEE, que pode resultar na extin\u00e7\u00e3o da concess\u00e3o. Clique aqui e saiba mais","breadcrumb":{"@id":"https:\/\/www.suno.com.br\/noticias\/aneel-processo-concessao-ceee\/#breadcrumb"},"inLanguage":"pt-BR","potentialAction":[{"@type":"ReadAction","target":["https:\/\/www.suno.com.br\/noticias\/aneel-processo-concessao-ceee\/"]}]},{"@type":"ImageObject","inLanguage":"pt-BR","@id":"https:\/\/www.suno.com.br\/noticias\/aneel-processo-concessao-ceee\/#primaryimage","url":"https:\/\/files.sunoresearch.com.br\/n\/uploads\/2018\/11\/154e2f68-aneel-jpg.webp","contentUrl":"https:\/\/files.sunoresearch.com.br\/n\/uploads\/2018\/11\/154e2f68-aneel-jpg.webp","width":1920,"height":1077,"caption":"Aneel"},{"@type":"BreadcrumbList","@id":"https:\/\/www.suno.com.br\/noticias\/aneel-processo-concessao-ceee\/#breadcrumb","itemListElement":[{"@type":"ListItem","position":1,"name":"Not\u00edcias","item":"https:\/\/www.suno.com.br\/noticias\/"},{"@type":"ListItem","position":2,"name":"Neg\u00f3cios","item":"https:\/\/www.suno.com.br\/noticias\/negocios\/"},{"@type":"ListItem","position":3,"name":"Aneel decide abrir novo processo de extin\u00e7\u00e3o da concess\u00e3o da CEEE"}]},{"@type":"WebSite","@id":"https:\/\/www.suno.com.br\/noticias\/#website","url":"https:\/\/www.suno.com.br\/noticias\/","name":"Suno Not\u00edcias","description":"Seu portal de informa\u00e7\u00e3o sobre o mundo dos investimentos","publisher":{"@id":"https:\/\/www.suno.com.br\/noticias\/#organization"},"potentialAction":[{"@type":"SearchAction","target":{"@type":"EntryPoint","urlTemplate":"https:\/\/www.suno.com.br\/noticias\/?s={search_term_string}"},"query-input":{"@type":"PropertyValueSpecification","valueRequired":true,"valueName":"search_term_string"}}],"inLanguage":"pt-BR"},{"@type":"Organization","@id":"https:\/\/www.suno.com.br\/noticias\/#organization","name":"Suno Not\u00edcias","url":"https:\/\/www.suno.com.br\/noticias\/","logo":{"@type":"ImageObject","inLanguage":"pt-BR","@id":"https:\/\/www.suno.com.br\/noticias\/#\/schema\/logo\/image\/","url":"https:\/\/files.sunoresearch.com.br\/n\/uploads\/2021\/09\/suno-logo.png","contentUrl":"https:\/\/files.sunoresearch.com.br\/n\/uploads\/2021\/09\/suno-logo.png","width":180,"height":180,"caption":"Suno Not\u00edcias"},"image":{"@id":"https:\/\/www.suno.com.br\/noticias\/#\/schema\/logo\/image\/"},"sameAs":["https:\/\/facebook.com\/sunoresearch","https:\/\/x.com\/sunoresearch","https:\/\/www.instagram.com\/suno","https:\/\/www.linkedin.com\/company\/suno-research\/","https:\/\/www.youtube.com\/c\/sunoresearch"]},{"@type":"Person","@id":"https:\/\/www.suno.com.br\/noticias\/#\/schema\/person\/3df0d2808748b74496efe5dbeaef2c72","name":"Laura Moutinho","image":{"@type":"ImageObject","inLanguage":"pt-BR","@id":"https:\/\/www.suno.com.br\/noticias\/#\/schema\/person\/image\/","url":"https:\/\/secure.gravatar.com\/avatar\/7571c7c8ca3a6fca5e41384ece5557ff?s=96&r=g","contentUrl":"https:\/\/secure.gravatar.com\/avatar\/7571c7c8ca3a6fca5e41384ece5557ff?s=96&r=g","caption":"Laura Moutinho"},"description":"Estagi\u00e1ria na Suno Not\u00edcias, escreve not\u00edcias que afetam o mercado financeiro. Estuda administra\u00e7\u00e3o na Universidade Presbiteriana Mackenzie.","url":"https:\/\/www.suno.com.br\/noticias\/author\/laura-moutinho\/"}]}},"default_loop_html":"<div class=\"cardsPage__listCard__boxs\"><div class=\"cardsPage__listCard__boxs__img\"><a href=\"https:\/\/www.suno.com.br\/noticias\/aneel-processo-concessao-ceee\/\"><img class=\"mask\" src=\"https:\/\/www.suno.com.br\/noticias\/wp-content\/themes\/suno\/resources\/images\/spotlight\/spotlight1img\/bg-mask.png\" alt=\"Image Mask\"\/><img src=\"https:\/\/files.sunoresearch.com.br\/n\/uploads\/2018\/11\/154e2f68-aneel-400x200.webp\" alt=\"Aneel decide abrir novo processo de extin\u00e7\u00e3o da concess\u00e3o da CEEE\"\/><\/a><span class=\"spotlightCategory\"><a href=\"https:\/\/www.suno.com.br\/noticias\/negocios\/\">Neg\u00f3cios<\/a><\/span><\/div><div class=\"cardsPage__listCard__boxs__content\"><a href=\"https:\/\/www.suno.com.br\/noticias\/aneel-processo-concessao-ceee\/\"><h2 class=\"content__title\">Aneel decide abrir novo processo de extin\u00e7\u00e3o da concess\u00e3o da CEEE<\/h2><\/a><div class=\"newsContent__article__meta\"><div class=\"newsContent__article__meta__authorBox\"><a href=\"https:\/\/www.suno.com.br\/noticias\/author\/laura-moutinho\/\" class=\"authorBox__avatar noMobi\"><img src=\"https:\/\/files.sunoresearch.com.br\/n\/uploads\/2020\/08\/531ff69d-whatsapp-image-2020-08-03-at-14.54.38-150x150.webp\" alt=\"Laura Moutinho\"><\/a><div class=\"authorBox__name\"><span>por\n\t\t\t<a href=\"https:\/\/www.suno.com.br\/noticias\/author\/laura-moutinho\/\"><span itemprop=\"author\">Laura Moutinho<\/span><\/a><\/span><time datetime=\"2021-03-23T17:25:52-03:00\" itemprop=\"datePublished\">23\/03\/2021 17:25<\/time><\/div><\/div><\/div><\/div><\/div>","single_layout":"posts","amp_enabled":true,"_links":{"self":[{"href":"https:\/\/www.suno.com.br\/noticias\/wp-json\/wp\/v2\/posts\/133983"}],"collection":[{"href":"https:\/\/www.suno.com.br\/noticias\/wp-json\/wp\/v2\/posts"}],"about":[{"href":"https:\/\/www.suno.com.br\/noticias\/wp-json\/wp\/v2\/types\/post"}],"author":[{"embeddable":true,"href":"https:\/\/www.suno.com.br\/noticias\/wp-json\/wp\/v2\/users\/39"}],"replies":[{"embeddable":true,"href":"https:\/\/www.suno.com.br\/noticias\/wp-json\/wp\/v2\/comments?post=133983"}],"version-history":[{"count":3,"href":"https:\/\/www.suno.com.br\/noticias\/wp-json\/wp\/v2\/posts\/133983\/revisions"}],"predecessor-version":[{"id":134048,"href":"https:\/\/www.suno.com.br\/noticias\/wp-json\/wp\/v2\/posts\/133983\/revisions\/134048"}],"wp:featuredmedia":[{"embeddable":true,"href":"https:\/\/www.suno.com.br\/noticias\/wp-json\/wp\/v2\/media\/6297"}],"wp:attachment":[{"href":"https:\/\/www.suno.com.br\/noticias\/wp-json\/wp\/v2\/media?parent=133983"}],"wp:term":[{"taxonomy":"category","embeddable":true,"href":"https:\/\/www.suno.com.br\/noticias\/wp-json\/wp\/v2\/categories?post=133983"},{"taxonomy":"post_tag","embeddable":true,"href":"https:\/\/www.suno.com.br\/noticias\/wp-json\/wp\/v2\/tags?post=133983"},{"taxonomy":"suno_strategy","embeddable":true,"href":"https:\/\/www.suno.com.br\/noticias\/wp-json\/wp\/v2\/suno_strategy?post=133983"}],"curies":[{"name":"wp","href":"https:\/\/api.w.org\/{rel}","templated":true}]}}