{"id":133952,"date":"2021-03-23T14:27:03","date_gmt":"2021-03-23T17:27:03","guid":{"rendered":"https:\/\/www.suno.com.br\/noticias\/?p=133952"},"modified":"2021-03-23T14:27:52","modified_gmt":"2021-03-23T17:27:52","slug":"aneel-consulta-publica-bandeira-energia-eletrica","status":"publish","type":"post","link":"https:\/\/www.suno.com.br\/noticias\/aneel-consulta-publica-bandeira-energia-eletrica\/","title":{"rendered":"Aneel abre consulta p\u00fablica e energia el\u00e9trica pode ficar mais cara"},"content":{"rendered":"<p>A <a href=\"https:\/\/www.suno.com.br\/artigos\/agencias-reguladoras\/\">Ag\u00eancia Nacional de <strong>Energia El\u00e9trica<\/strong><\/a> (Aneel) prop\u00f4s nesta ter\u00e7a-feira (23) novos valores para o sistema de bandeiras tarif\u00e1rias. O mecanismo representa se haver\u00e1 ou n\u00e3o cobran\u00e7a adicional nas contas de luz dos consumidores, a depender das condi\u00e7\u00f5es de energia el\u00e9trica do Pa\u00eds. Os reajustes ainda v\u00e3o passar por consulta p\u00fablica.<\/p>\t<div class=\"wrapper-featured-image\">\n\t\t<figure class=\"spotlightImg\">\n\n\t\t\t<picture>\n\t\t\t\t<source media=\"(max-width: 768px)\" srcset=\"https:\/\/files.sunoresearch.com.br\/n\/uploads\/2021\/02\/71e43f02-neonergia-ipo-acoes-400x200.webp\">\n\t\t\t\t<img loading=\"lazy\" decoding=\"async\" class=\"newsContent__article__imgCapa lazyloadDisabled \" src=\"https:\/\/files.sunoresearch.com.br\/n\/uploads\/2021\/02\/71e43f02-neonergia-ipo-acoes-800x450.webp\" width=\"800\" height=\"450\" alt=\"Aneel abre consulta p\u00fablica e energia el\u00e9trica pode ficar mais cara\" fetchpriority=high \/>\n\t\t\t<\/picture>\n\n\t\t\t<figcaption class=\"wp-caption-text wp-caption-text--show\">Aneel abre consulta para definir novos pre\u00e7os para bandeiras de energia el\u00e9trica<\/figcaption>\n\t\t<\/figure>\n\t<\/div>\n\n\n<p><span style=\"font-weight: 400;\">\t<p>\n\t\t<a href=\"https:\/\/lp.suno.com.br\/planilha-controle-gastos\/\" target=\"_blank\" data-element=\"shortcode-suno-banner\" title=\"Banner SUNO, clique e saiba mais\">\n\t\t\t<picture>\n\t\t\t\t<source media=\"(max-width: 500px)\" srcset=\"https:\/\/files.sunoresearch.com.br\/n\/uploads\/2023\/03\/400x300-Planilha-controle-de-gastos.png\">\n\t\t\t\t<img class=\"newsContent__article__imgCapa newsContent__article__imgCapa--banner\"\n\t\t\t\t\tsrc=\"https:\/\/files.sunoresearch.com.br\/n\/uploads\/2023\/03\/1420x240-Planilha-controle-de-gastos.png\"\n\t\t\t\t\tdata-promo-id=\"101751\"\t\t\t\t\t\t\t\t\t\twidth='1420' height='240'\t\t\t\t\talt=\"https:\/\/files.sunoresearch.com.br\/n\/uploads\/2023\/03\/1420x240-Planilha-controle-de-gastos.png\"\n\t\t\t\t>\n\t\t\t<\/picture>\n\t\t<\/a>\n\t<\/p>\n\n<\/span><\/p>\n<p>Pela proposta, as taxas cobradas pela energia el\u00e9trica quando ag\u00eancia acionar <strong>bandeira vermelha<\/strong>, nos patamares 1 e 2, ir\u00e3o aumentar. No patamar 1, a taxa adicional pode subir de R$ 4,169 a cada 100 quilowatts-hora (kWh) consumidos para R$ 4,599 &#8211; aumento de 10%. J\u00e1 no patamar 2, o mais caro do sistema, o reajuste pode chegar a 21%, passando de R$ 6,243 a cada 100 kWh para R$ 7,571.<\/p>\n<p>O relator do processo, diretor Sandoval Feitosa, afirmou em seu voto que as <strong>eleva\u00e7\u00f5es nessas faixas eram esperadas<\/strong> em fun\u00e7\u00e3o de os custos da opera\u00e7\u00e3o refletirem indexadores econ\u00f4micos, como a infla\u00e7\u00e3o. Tamb\u00e9m pesou os valores dos contratos das usinas termel\u00e9tricas &#8211; que s\u00e3o acionadas quando h\u00e1 restri\u00e7\u00f5es na gera\u00e7\u00e3o de energia mais barata.<\/p>\n<p><a href=\"https:\/\/lp.suno.com.br\/suno-one\/?ppp=noticias\/hospital-care-pedido-ipo-cvm\/\"><b>Suno One: acesse gratuitamente eBooks, Minicursos, Artigos e V\u00eddeo Aulas sobre investimentos com um \u00fanico cadastro. Clique para saber mais!<\/b><\/a><\/p>\n<p>O diretor da Aneel ressalta que, apesar dos aumentos nos pre\u00e7os da energia el\u00e9trica serem mais expressivos nesses patamares, a frequ\u00eancia dos acionamentos da bandeira vermelha &#8220;tende a ser menor&#8221;.<\/p>\n<p>No caso da bandeira amarela, a previs\u00e3o \u00e9 de uma redu\u00e7\u00e3o de 26% no valor. A cobran\u00e7a passaria de R$ 1,343 a cada 100 kWh para R$ 0,996. Isso foi poss\u00edvel, segundo o relator, porque parte dos elementos que s\u00e3o considerados para revis\u00e3o das bandeiras foram incorporados nos reajustes tarif\u00e1rios das distribuidoras nos \u00faltimos dois anos.<\/p>\n<p>A proposta passar\u00e1 por consulta p\u00fablica de 24 de mar\u00e7o a 7 de maio, e poder\u00e1 ser modificada. Ap\u00f3s essa fase, a diretoria votar\u00e1 uma proposta final para os valores das bandeiras tarif\u00e1rias de energia el\u00e9trica para 2021.<\/p>\n<h2>Em 2020, cobran\u00e7a de energia el\u00e9trica por bandeiras\u00a0 foi suspensa<\/h2>\n<p>No ano passado, a ag\u00eancia reguladora suspendeu a cobran\u00e7a das taxas adicionais em maio devido \u00e0 pandemia do novo coronav\u00edrus. Os custos foram cobertos pela chamada conta-covid, medida para al\u00edvio financeiro das distribuidoras. A Aneel tamb\u00e9m n\u00e3o analisou reajustes nos valores das bandeiras.<\/p>\n<p><span style=\"font-weight: 400;\">\u00a0\t<p>\n\t\t<a href=\"https:\/\/lp.suno.com.br\/planilha-da-vida-financeira\/\" target=\"_blank\" data-element=\"shortcode-suno-banner\" title=\"Banner SUNO, clique e saiba mais\">\n\t\t\t<picture>\n\t\t\t\t<source media=\"(max-width: 500px)\" srcset=\"https:\/\/files.sunoresearch.com.br\/n\/uploads\/2023\/04\/400x300-Planilha-vida-financeira-true.png\">\n\t\t\t\t<img class=\"newsContent__article__imgCapa newsContent__article__imgCapa--banner\"\n\t\t\t\t\tsrc=\"https:\/\/files.sunoresearch.com.br\/n\/uploads\/2023\/04\/1420x240-Planilha-vida-financeira-true.png\"\n\t\t\t\t\tdata-promo-id=\"106682\"\t\t\t\t\t\t\t\t\t\twidth='1420' height='240'\t\t\t\t\talt=\"https:\/\/files.sunoresearch.com.br\/n\/uploads\/2023\/04\/1420x240-Planilha-vida-financeira-true.png\"\n\t\t\t\t>\n\t\t\t<\/picture>\n\t\t<\/a>\n\t<\/p>\n\n<\/span><\/p>\n<p>Com a piora no n\u00edvel dos reservat\u00f3rios, a ag\u00eancia retomou a aplica\u00e7\u00e3o das bandeiras tarif\u00e1rias antes do previsto, e acionou bandeira vermelha patamar 2 em dezembro. Em janeiro, fevereiro e mar\u00e7o a cobran\u00e7a adicional foi mantida, mas no patamar amarelo. A bandeira para o pre\u00e7o da energia el\u00e9trica no m\u00eas de abril ser\u00e1 divulgada na pr\u00f3xima sexta, 26.<\/p>\n<p>As bandeiras tarif\u00e1rias foram criadas em 2015 para sinalizar ao consumidor o custo da gera\u00e7\u00e3o de energia el\u00e9trica no Pa\u00eds. Na pr\u00e1tica, as cores e modalidades &#8211; verde, amarela ou vermelha- indicam se haver\u00e1 ou n\u00e3o cobran\u00e7a extra nas contas de luz.<\/p>\n<p>A bandeira verde, quando n\u00e3o h\u00e1 cobran\u00e7a adicional, significa que o custo para produzir <strong>energia el\u00e9trica<\/strong> est\u00e1 baixo. O acionamento das bandeiras amarela e vermelha representam um aumento no custo da gera\u00e7\u00e3o, o que est\u00e1 ligado principalmente ao volume dos reservat\u00f3rios das hidrel\u00e9tricas e das chuvas.<\/p>\n<p><em>(Com Estad\u00e3o Conte\u00fado)<\/em><\/p>\n<p><span style=\"font-weight: 400;\">\t<p>\n\t\t<a href=\"https:\/\/lp.suno.com.br\/planilha-de-controle-de-investimentos\/\" target=\"_blank\" data-element=\"shortcode-suno-banner\" title=\"Banner SUNO, clique e saiba mais\">\n\t\t\t<picture>\n\t\t\t\t<source media=\"(max-width: 500px)\" srcset=\"https:\/\/files.sunoresearch.com.br\/n\/uploads\/2023\/03\/400x300-Controle-de-Investimentos.png\">\n\t\t\t\t<img class=\"newsContent__article__imgCapa newsContent__article__imgCapa--banner\"\n\t\t\t\t\tsrc=\"https:\/\/files.sunoresearch.com.br\/n\/uploads\/2023\/03\/1420x240-Controle-de-Investimentos.png\"\n\t\t\t\t\tdata-promo-id=\"75934\"\t\t\t\t\t\t\t\t\t\twidth='1420' height='240'\t\t\t\t\talt=\"https:\/\/files.sunoresearch.com.br\/n\/uploads\/2023\/03\/1420x240-Controle-de-Investimentos.png\"\n\t\t\t\t>\n\t\t\t<\/picture>\n\t\t<\/a>\n\t<\/p>\n\n <\/span><\/p>\n","protected":false},"excerpt":{"rendered":"<p>A Ag\u00eancia Nacional de Energia El\u00e9trica (Aneel) prop\u00f4s nesta ter\u00e7a-feira (23) novos valores para o sistema de bandeiras tarif\u00e1rias. O mecanismo representa se haver\u00e1 ou n\u00e3o cobran\u00e7a adicional nas contas de luz dos consumidores, a depender das condi\u00e7\u00f5es de energia el\u00e9trica do Pa\u00eds. Os reajustes ainda v\u00e3o passar por consulta p\u00fablica. Aneel abre consulta para [&hellip;]<\/p>\n","protected":false},"author":59,"featured_media":120312,"comment_status":"closed","ping_status":"closed","sticky":false,"template":"","format":"standard","meta":[],"categories":[62],"tags":[896,2153],"suno_strategy":[],"class_list":["post-133952","post","type-post","status-publish","format-standard","has-post-thumbnail","hentry","category-economia","tag-aneel","tag-energia-eletrica"],"yoast_head":"<!-- This site is optimized with the Yoast SEO plugin v24.4 - https:\/\/yoast.com\/wordpress\/plugins\/seo\/ -->\n<title>Aneel abre consulta p\u00fablica e energia el\u00e9trica pode ficar mais cara<\/title>\n<meta name=\"description\" content=\"A Aneel abriu consulta p\u00fablica para revisar os pre\u00e7os das bandeiras de energia el\u00e9trica, que podem encarecer. Clique aqui para saber mais.\" \/>\n<meta name=\"robots\" content=\"index, follow, max-snippet:-1, max-image-preview:large, max-video-preview:-1\" \/>\n<link rel=\"canonical\" href=\"https:\/\/www.suno.com.br\/noticias\/aneel-consulta-publica-bandeira-energia-eletrica\/\" \/>\n<meta property=\"og:locale\" content=\"pt_BR\" \/>\n<meta property=\"og:type\" content=\"article\" \/>\n<meta property=\"og:title\" content=\"Aneel abre consulta p\u00fablica e energia el\u00e9trica pode ficar mais cara\" \/>\n<meta property=\"og:description\" content=\"A Aneel abriu consulta p\u00fablica para revisar os pre\u00e7os das bandeiras de energia el\u00e9trica, que podem encarecer. Clique aqui para saber mais.\" \/>\n<meta property=\"og:url\" content=\"https:\/\/www.suno.com.br\/noticias\/aneel-consulta-publica-bandeira-energia-eletrica\/\" \/>\n<meta property=\"og:site_name\" content=\"Suno Not\u00edcias\" \/>\n<meta property=\"article:publisher\" content=\"https:\/\/facebook.com\/sunoresearch\" \/>\n<meta property=\"og:image\" content=\"https:\/\/files.sunoresearch.com.br\/n\/uploads\/2021\/02\/71e43f02-neonergia-ipo-acoes.jpg\" \/>\n\t<meta property=\"og:image:width\" content=\"1140\" \/>\n\t<meta property=\"og:image:height\" content=\"760\" \/>\n\t<meta property=\"og:image:type\" content=\"image\/jpeg\" \/>\n<meta name=\"author\" content=\"Vitor Azevedo\" \/>\n<meta name=\"twitter:card\" content=\"summary_large_image\" \/>\n<meta name=\"twitter:creator\" content=\"@sunoresearch\" \/>\n<meta name=\"twitter:site\" content=\"@sunoresearch\" \/>\n<meta name=\"twitter:label1\" content=\"Escrito por\" \/>\n\t<meta name=\"twitter:data1\" content=\"Vitor Azevedo\" \/>\n\t<meta name=\"twitter:label2\" content=\"Est. tempo de leitura\" \/>\n\t<meta name=\"twitter:data2\" content=\"3 minutos\" \/>\n<script type=\"application\/ld+json\" class=\"yoast-schema-graph\">{\"@context\":\"https:\/\/schema.org\",\"@graph\":[{\"@type\":\"NewsArticle\",\"@id\":\"https:\/\/www.suno.com.br\/noticias\/aneel-consulta-publica-bandeira-energia-eletrica\/#article\",\"isPartOf\":{\"@id\":\"https:\/\/www.suno.com.br\/noticias\/aneel-consulta-publica-bandeira-energia-eletrica\/\"},\"author\":{\"name\":\"Vitor Azevedo\",\"@id\":\"https:\/\/www.suno.com.br\/noticias\/#\/schema\/person\/658d5fbc74d81f265f5df3562d0038ab\"},\"headline\":\"Aneel abre consulta p\u00fablica e energia el\u00e9trica pode ficar mais cara\",\"datePublished\":\"2021-03-23T17:27:03+00:00\",\"dateModified\":\"2021-03-23T17:27:52+00:00\",\"mainEntityOfPage\":{\"@id\":\"https:\/\/www.suno.com.br\/noticias\/aneel-consulta-publica-bandeira-energia-eletrica\/\"},\"wordCount\":591,\"publisher\":{\"@id\":\"https:\/\/www.suno.com.br\/noticias\/#organization\"},\"image\":{\"@id\":\"https:\/\/www.suno.com.br\/noticias\/aneel-consulta-publica-bandeira-energia-eletrica\/#primaryimage\"},\"thumbnailUrl\":\"https:\/\/files.sunoresearch.com.br\/n\/uploads\/2021\/02\/71e43f02-neonergia-ipo-acoes-jpg.webp\",\"keywords\":[\"Aneel\",\"energia el\u00e9trica\"],\"articleSection\":[\"Economia\"],\"inLanguage\":\"pt-BR\"},{\"@type\":\"WebPage\",\"@id\":\"https:\/\/www.suno.com.br\/noticias\/aneel-consulta-publica-bandeira-energia-eletrica\/\",\"url\":\"https:\/\/www.suno.com.br\/noticias\/aneel-consulta-publica-bandeira-energia-eletrica\/\",\"name\":\"Aneel abre consulta p\u00fablica e energia el\u00e9trica pode ficar mais cara\",\"isPartOf\":{\"@id\":\"https:\/\/www.suno.com.br\/noticias\/#website\"},\"primaryImageOfPage\":{\"@id\":\"https:\/\/www.suno.com.br\/noticias\/aneel-consulta-publica-bandeira-energia-eletrica\/#primaryimage\"},\"image\":{\"@id\":\"https:\/\/www.suno.com.br\/noticias\/aneel-consulta-publica-bandeira-energia-eletrica\/#primaryimage\"},\"thumbnailUrl\":\"https:\/\/files.sunoresearch.com.br\/n\/uploads\/2021\/02\/71e43f02-neonergia-ipo-acoes-jpg.webp\",\"datePublished\":\"2021-03-23T17:27:03+00:00\",\"dateModified\":\"2021-03-23T17:27:52+00:00\",\"description\":\"A Aneel abriu consulta p\u00fablica para revisar os pre\u00e7os das bandeiras de energia el\u00e9trica, que podem encarecer. Clique aqui para saber mais.\",\"breadcrumb\":{\"@id\":\"https:\/\/www.suno.com.br\/noticias\/aneel-consulta-publica-bandeira-energia-eletrica\/#breadcrumb\"},\"inLanguage\":\"pt-BR\",\"potentialAction\":[{\"@type\":\"ReadAction\",\"target\":[\"https:\/\/www.suno.com.br\/noticias\/aneel-consulta-publica-bandeira-energia-eletrica\/\"]}]},{\"@type\":\"ImageObject\",\"inLanguage\":\"pt-BR\",\"@id\":\"https:\/\/www.suno.com.br\/noticias\/aneel-consulta-publica-bandeira-energia-eletrica\/#primaryimage\",\"url\":\"https:\/\/files.sunoresearch.com.br\/n\/uploads\/2021\/02\/71e43f02-neonergia-ipo-acoes-jpg.webp\",\"contentUrl\":\"https:\/\/files.sunoresearch.com.br\/n\/uploads\/2021\/02\/71e43f02-neonergia-ipo-acoes-jpg.webp\",\"width\":1140,\"height\":760,\"caption\":\"Aneel abre consulta para definir novos pre\u00e7os para bandeiras de energia el\u00e9trica\"},{\"@type\":\"BreadcrumbList\",\"@id\":\"https:\/\/www.suno.com.br\/noticias\/aneel-consulta-publica-bandeira-energia-eletrica\/#breadcrumb\",\"itemListElement\":[{\"@type\":\"ListItem\",\"position\":1,\"name\":\"Not\u00edcias\",\"item\":\"https:\/\/www.suno.com.br\/noticias\/\"},{\"@type\":\"ListItem\",\"position\":2,\"name\":\"Economia\",\"item\":\"https:\/\/www.suno.com.br\/noticias\/economia\/\"},{\"@type\":\"ListItem\",\"position\":3,\"name\":\"Aneel abre consulta p\u00fablica e energia el\u00e9trica pode ficar mais cara\"}]},{\"@type\":\"WebSite\",\"@id\":\"https:\/\/www.suno.com.br\/noticias\/#website\",\"url\":\"https:\/\/www.suno.com.br\/noticias\/\",\"name\":\"Suno Not\u00edcias\",\"description\":\"Seu portal de informa\u00e7\u00e3o sobre o mundo dos investimentos\",\"publisher\":{\"@id\":\"https:\/\/www.suno.com.br\/noticias\/#organization\"},\"potentialAction\":[{\"@type\":\"SearchAction\",\"target\":{\"@type\":\"EntryPoint\",\"urlTemplate\":\"https:\/\/www.suno.com.br\/noticias\/?s={search_term_string}\"},\"query-input\":{\"@type\":\"PropertyValueSpecification\",\"valueRequired\":true,\"valueName\":\"search_term_string\"}}],\"inLanguage\":\"pt-BR\"},{\"@type\":\"Organization\",\"@id\":\"https:\/\/www.suno.com.br\/noticias\/#organization\",\"name\":\"Suno Not\u00edcias\",\"url\":\"https:\/\/www.suno.com.br\/noticias\/\",\"logo\":{\"@type\":\"ImageObject\",\"inLanguage\":\"pt-BR\",\"@id\":\"https:\/\/www.suno.com.br\/noticias\/#\/schema\/logo\/image\/\",\"url\":\"https:\/\/files.sunoresearch.com.br\/n\/uploads\/2021\/09\/suno-logo.png\",\"contentUrl\":\"https:\/\/files.sunoresearch.com.br\/n\/uploads\/2021\/09\/suno-logo.png\",\"width\":180,\"height\":180,\"caption\":\"Suno Not\u00edcias\"},\"image\":{\"@id\":\"https:\/\/www.suno.com.br\/noticias\/#\/schema\/logo\/image\/\"},\"sameAs\":[\"https:\/\/facebook.com\/sunoresearch\",\"https:\/\/x.com\/sunoresearch\",\"https:\/\/www.instagram.com\/suno\",\"https:\/\/www.linkedin.com\/company\/suno-research\/\",\"https:\/\/www.youtube.com\/c\/sunoresearch\"]},{\"@type\":\"Person\",\"@id\":\"https:\/\/www.suno.com.br\/noticias\/#\/schema\/person\/658d5fbc74d81f265f5df3562d0038ab\",\"name\":\"Vitor Azevedo\",\"image\":{\"@type\":\"ImageObject\",\"inLanguage\":\"pt-BR\",\"@id\":\"https:\/\/www.suno.com.br\/noticias\/#\/schema\/person\/image\/\",\"url\":\"https:\/\/secure.gravatar.com\/avatar\/62b86195291b446fe380824eb28b99a5?s=96&r=g\",\"contentUrl\":\"https:\/\/secure.gravatar.com\/avatar\/62b86195291b446fe380824eb28b99a5?s=96&r=g\",\"caption\":\"Vitor Azevedo\"},\"description\":\"Formado em jornalismo pela Unesp, escreve sobre economia e neg\u00f3cios para a Suno Not\u00edcias.\",\"url\":\"https:\/\/www.suno.com.br\/noticias\/author\/vitor-azevedo\/\"}]}<\/script>\n<!-- \/ Yoast SEO plugin. -->","yoast_head_json":{"title":"Aneel abre consulta p\u00fablica e energia el\u00e9trica pode ficar mais cara","description":"A Aneel abriu consulta p\u00fablica para revisar os pre\u00e7os das bandeiras de energia el\u00e9trica, que podem encarecer. Clique aqui para saber mais.","robots":{"index":"index","follow":"follow","max-snippet":"max-snippet:-1","max-image-preview":"max-image-preview:large","max-video-preview":"max-video-preview:-1"},"canonical":"https:\/\/www.suno.com.br\/noticias\/aneel-consulta-publica-bandeira-energia-eletrica\/","og_locale":"pt_BR","og_type":"article","og_title":"Aneel abre consulta p\u00fablica e energia el\u00e9trica pode ficar mais cara","og_description":"A Aneel abriu consulta p\u00fablica para revisar os pre\u00e7os das bandeiras de energia el\u00e9trica, que podem encarecer. Clique aqui para saber mais.","og_url":"https:\/\/www.suno.com.br\/noticias\/aneel-consulta-publica-bandeira-energia-eletrica\/","og_site_name":"Suno Not\u00edcias","article_publisher":"https:\/\/facebook.com\/sunoresearch","og_image":[{"width":1140,"height":760,"url":"https:\/\/files.sunoresearch.com.br\/n\/uploads\/2021\/02\/71e43f02-neonergia-ipo-acoes.jpg","type":"image\/jpeg"}],"author":"Vitor Azevedo","twitter_card":"summary_large_image","twitter_creator":"@sunoresearch","twitter_site":"@sunoresearch","twitter_misc":{"Escrito por":"Vitor Azevedo","Est. tempo de leitura":"3 minutos"},"schema":{"@context":"https:\/\/schema.org","@graph":[{"@type":"NewsArticle","@id":"https:\/\/www.suno.com.br\/noticias\/aneel-consulta-publica-bandeira-energia-eletrica\/#article","isPartOf":{"@id":"https:\/\/www.suno.com.br\/noticias\/aneel-consulta-publica-bandeira-energia-eletrica\/"},"author":{"name":"Vitor Azevedo","@id":"https:\/\/www.suno.com.br\/noticias\/#\/schema\/person\/658d5fbc74d81f265f5df3562d0038ab"},"headline":"Aneel abre consulta p\u00fablica e energia el\u00e9trica pode ficar mais cara","datePublished":"2021-03-23T17:27:03+00:00","dateModified":"2021-03-23T17:27:52+00:00","mainEntityOfPage":{"@id":"https:\/\/www.suno.com.br\/noticias\/aneel-consulta-publica-bandeira-energia-eletrica\/"},"wordCount":591,"publisher":{"@id":"https:\/\/www.suno.com.br\/noticias\/#organization"},"image":{"@id":"https:\/\/www.suno.com.br\/noticias\/aneel-consulta-publica-bandeira-energia-eletrica\/#primaryimage"},"thumbnailUrl":"https:\/\/files.sunoresearch.com.br\/n\/uploads\/2021\/02\/71e43f02-neonergia-ipo-acoes-jpg.webp","keywords":["Aneel","energia el\u00e9trica"],"articleSection":["Economia"],"inLanguage":"pt-BR"},{"@type":"WebPage","@id":"https:\/\/www.suno.com.br\/noticias\/aneel-consulta-publica-bandeira-energia-eletrica\/","url":"https:\/\/www.suno.com.br\/noticias\/aneel-consulta-publica-bandeira-energia-eletrica\/","name":"Aneel abre consulta p\u00fablica e energia el\u00e9trica pode ficar mais cara","isPartOf":{"@id":"https:\/\/www.suno.com.br\/noticias\/#website"},"primaryImageOfPage":{"@id":"https:\/\/www.suno.com.br\/noticias\/aneel-consulta-publica-bandeira-energia-eletrica\/#primaryimage"},"image":{"@id":"https:\/\/www.suno.com.br\/noticias\/aneel-consulta-publica-bandeira-energia-eletrica\/#primaryimage"},"thumbnailUrl":"https:\/\/files.sunoresearch.com.br\/n\/uploads\/2021\/02\/71e43f02-neonergia-ipo-acoes-jpg.webp","datePublished":"2021-03-23T17:27:03+00:00","dateModified":"2021-03-23T17:27:52+00:00","description":"A Aneel abriu consulta p\u00fablica para revisar os pre\u00e7os das bandeiras de energia el\u00e9trica, que podem encarecer. Clique aqui para saber mais.","breadcrumb":{"@id":"https:\/\/www.suno.com.br\/noticias\/aneel-consulta-publica-bandeira-energia-eletrica\/#breadcrumb"},"inLanguage":"pt-BR","potentialAction":[{"@type":"ReadAction","target":["https:\/\/www.suno.com.br\/noticias\/aneel-consulta-publica-bandeira-energia-eletrica\/"]}]},{"@type":"ImageObject","inLanguage":"pt-BR","@id":"https:\/\/www.suno.com.br\/noticias\/aneel-consulta-publica-bandeira-energia-eletrica\/#primaryimage","url":"https:\/\/files.sunoresearch.com.br\/n\/uploads\/2021\/02\/71e43f02-neonergia-ipo-acoes-jpg.webp","contentUrl":"https:\/\/files.sunoresearch.com.br\/n\/uploads\/2021\/02\/71e43f02-neonergia-ipo-acoes-jpg.webp","width":1140,"height":760,"caption":"Aneel abre consulta para definir novos pre\u00e7os para bandeiras de energia el\u00e9trica"},{"@type":"BreadcrumbList","@id":"https:\/\/www.suno.com.br\/noticias\/aneel-consulta-publica-bandeira-energia-eletrica\/#breadcrumb","itemListElement":[{"@type":"ListItem","position":1,"name":"Not\u00edcias","item":"https:\/\/www.suno.com.br\/noticias\/"},{"@type":"ListItem","position":2,"name":"Economia","item":"https:\/\/www.suno.com.br\/noticias\/economia\/"},{"@type":"ListItem","position":3,"name":"Aneel abre consulta p\u00fablica e energia el\u00e9trica pode ficar mais cara"}]},{"@type":"WebSite","@id":"https:\/\/www.suno.com.br\/noticias\/#website","url":"https:\/\/www.suno.com.br\/noticias\/","name":"Suno Not\u00edcias","description":"Seu portal de informa\u00e7\u00e3o sobre o mundo dos investimentos","publisher":{"@id":"https:\/\/www.suno.com.br\/noticias\/#organization"},"potentialAction":[{"@type":"SearchAction","target":{"@type":"EntryPoint","urlTemplate":"https:\/\/www.suno.com.br\/noticias\/?s={search_term_string}"},"query-input":{"@type":"PropertyValueSpecification","valueRequired":true,"valueName":"search_term_string"}}],"inLanguage":"pt-BR"},{"@type":"Organization","@id":"https:\/\/www.suno.com.br\/noticias\/#organization","name":"Suno Not\u00edcias","url":"https:\/\/www.suno.com.br\/noticias\/","logo":{"@type":"ImageObject","inLanguage":"pt-BR","@id":"https:\/\/www.suno.com.br\/noticias\/#\/schema\/logo\/image\/","url":"https:\/\/files.sunoresearch.com.br\/n\/uploads\/2021\/09\/suno-logo.png","contentUrl":"https:\/\/files.sunoresearch.com.br\/n\/uploads\/2021\/09\/suno-logo.png","width":180,"height":180,"caption":"Suno Not\u00edcias"},"image":{"@id":"https:\/\/www.suno.com.br\/noticias\/#\/schema\/logo\/image\/"},"sameAs":["https:\/\/facebook.com\/sunoresearch","https:\/\/x.com\/sunoresearch","https:\/\/www.instagram.com\/suno","https:\/\/www.linkedin.com\/company\/suno-research\/","https:\/\/www.youtube.com\/c\/sunoresearch"]},{"@type":"Person","@id":"https:\/\/www.suno.com.br\/noticias\/#\/schema\/person\/658d5fbc74d81f265f5df3562d0038ab","name":"Vitor Azevedo","image":{"@type":"ImageObject","inLanguage":"pt-BR","@id":"https:\/\/www.suno.com.br\/noticias\/#\/schema\/person\/image\/","url":"https:\/\/secure.gravatar.com\/avatar\/62b86195291b446fe380824eb28b99a5?s=96&r=g","contentUrl":"https:\/\/secure.gravatar.com\/avatar\/62b86195291b446fe380824eb28b99a5?s=96&r=g","caption":"Vitor Azevedo"},"description":"Formado em jornalismo pela Unesp, escreve sobre economia e neg\u00f3cios para a Suno Not\u00edcias.","url":"https:\/\/www.suno.com.br\/noticias\/author\/vitor-azevedo\/"}]}},"default_loop_html":"<div class=\"cardsPage__listCard__boxs\"><div class=\"cardsPage__listCard__boxs__img\"><a href=\"https:\/\/www.suno.com.br\/noticias\/aneel-consulta-publica-bandeira-energia-eletrica\/\"><img class=\"mask\" src=\"https:\/\/www.suno.com.br\/noticias\/wp-content\/themes\/suno\/resources\/images\/spotlight\/spotlight1img\/bg-mask.png\" alt=\"Image Mask\"\/><img src=\"https:\/\/files.sunoresearch.com.br\/n\/uploads\/2021\/02\/71e43f02-neonergia-ipo-acoes-400x200.webp\" alt=\"Aneel abre consulta p\u00fablica e energia el\u00e9trica pode ficar mais cara\"\/><\/a><span class=\"spotlightCategory\"><a href=\"https:\/\/www.suno.com.br\/noticias\/economia\/\">Economia<\/a><\/span><\/div><div class=\"cardsPage__listCard__boxs__content\"><a href=\"https:\/\/www.suno.com.br\/noticias\/aneel-consulta-publica-bandeira-energia-eletrica\/\"><h2 class=\"content__title\">Aneel abre consulta p\u00fablica e energia el\u00e9trica pode ficar mais cara<\/h2><\/a><div class=\"newsContent__article__meta\"><div class=\"newsContent__article__meta__authorBox\"><a href=\"https:\/\/www.suno.com.br\/noticias\/author\/vitor-azevedo\/\" class=\"authorBox__avatar noMobi\"><img src=\"https:\/\/secure.gravatar.com\/avatar\/62b86195291b446fe380824eb28b99a5?s=96&#038;r=g\" alt=\"Vitor Azevedo\"><\/a><div class=\"authorBox__name\"><span>por\n\t\t\t<a href=\"https:\/\/www.suno.com.br\/noticias\/author\/vitor-azevedo\/\"><span itemprop=\"author\">Vitor Azevedo<\/span><\/a><\/span><time datetime=\"2021-03-23T14:27:03-03:00\" itemprop=\"datePublished\">23\/03\/2021 14:27<\/time><\/div><\/div><\/div><\/div><\/div>","single_layout":"posts","amp_enabled":true,"_links":{"self":[{"href":"https:\/\/www.suno.com.br\/noticias\/wp-json\/wp\/v2\/posts\/133952"}],"collection":[{"href":"https:\/\/www.suno.com.br\/noticias\/wp-json\/wp\/v2\/posts"}],"about":[{"href":"https:\/\/www.suno.com.br\/noticias\/wp-json\/wp\/v2\/types\/post"}],"author":[{"embeddable":true,"href":"https:\/\/www.suno.com.br\/noticias\/wp-json\/wp\/v2\/users\/59"}],"replies":[{"embeddable":true,"href":"https:\/\/www.suno.com.br\/noticias\/wp-json\/wp\/v2\/comments?post=133952"}],"version-history":[{"count":3,"href":"https:\/\/www.suno.com.br\/noticias\/wp-json\/wp\/v2\/posts\/133952\/revisions"}],"predecessor-version":[{"id":133982,"href":"https:\/\/www.suno.com.br\/noticias\/wp-json\/wp\/v2\/posts\/133952\/revisions\/133982"}],"wp:featuredmedia":[{"embeddable":true,"href":"https:\/\/www.suno.com.br\/noticias\/wp-json\/wp\/v2\/media\/120312"}],"wp:attachment":[{"href":"https:\/\/www.suno.com.br\/noticias\/wp-json\/wp\/v2\/media?parent=133952"}],"wp:term":[{"taxonomy":"category","embeddable":true,"href":"https:\/\/www.suno.com.br\/noticias\/wp-json\/wp\/v2\/categories?post=133952"},{"taxonomy":"post_tag","embeddable":true,"href":"https:\/\/www.suno.com.br\/noticias\/wp-json\/wp\/v2\/tags?post=133952"},{"taxonomy":"suno_strategy","embeddable":true,"href":"https:\/\/www.suno.com.br\/noticias\/wp-json\/wp\/v2\/suno_strategy?post=133952"}],"curies":[{"name":"wp","href":"https:\/\/api.w.org\/{rel}","templated":true}]}}