{"id":133922,"date":"2021-03-23T19:00:48","date_gmt":"2021-03-23T22:00:48","guid":{"rendered":"https:\/\/www.suno.com.br\/noticias\/?p=133922"},"modified":"2021-05-12T13:45:15","modified_gmt":"2021-05-12T16:45:15","slug":"renda-basica-morrer-reformas","status":"publish","type":"post","link":"https:\/\/www.suno.com.br\/noticias\/renda-basica-morrer-reformas\/","title":{"rendered":"Renda b\u00e1sica: proposta deve morrer na praia com paralisa\u00e7\u00e3o das reformas"},"content":{"rendered":"<p>De tempos em tempos, a discuss\u00e3o de uma <strong>renda b\u00e1sica<\/strong> no Brasil ganha for\u00e7a e volta \u00e0 discuss\u00e3o p\u00fablica. Nesta semana, um grupo de empres\u00e1rios, intitulado Movimento Converg\u00eancia Brasil, divulgou a proposta que busca direcionar parte dos recursos \u00e0s fam\u00edlias pobres. A pol\u00eamica, no entanto, veio sobre a forma de financiamento dessa renda b\u00e1sica, o que deve fazer com que a proposta morra na praia, segundo especialistas.<\/p>\t<div class=\"wrapper-featured-image\">\n\t\t<figure class=\"spotlightImg\">\n\n\t\t\t<picture>\n\t\t\t\t<source media=\"(max-width: 768px)\" srcset=\"https:\/\/files.sunoresearch.com.br\/n\/uploads\/2020\/09\/ed20f3e0-reais-800x450-1-400x200.webp\">\n\t\t\t\t<img loading=\"lazy\" decoding=\"async\" class=\"newsContent__article__imgCapa lazyloadDisabled \" src=\"https:\/\/files.sunoresearch.com.br\/n\/uploads\/2020\/09\/ed20f3e0-reais-800x450-1-jpg.webp\" width=\"800\" height=\"450\" alt=\"Renda b\u00e1sica: proposta deve morrer na praia com paralisa\u00e7\u00e3o das reformas\" fetchpriority=high \/>\n\t\t\t<\/picture>\n\n\t\t\t<figcaption class=\"wp-caption-text wp-caption-text--show\">Renda fixa - Foto: Pixabay<\/figcaption>\n\t\t<\/figure>\n\t<\/div>\n\n\n<p><span data-sheets-value=\"{&quot;1&quot;:2,&quot;2&quot;:&quot;&quot;}\" data-sheets-userformat=\"{&quot;2&quot;:6659,&quot;3&quot;:{&quot;1&quot;:0},&quot;4&quot;:[null,2,16777215],&quot;12&quot;:0,&quot;14&quot;:[null,2,0],&quot;15&quot;:&quot;Roboto, RobotoDraft, Helvetica, Arial, sans-serif&quot;}\">\t<p>\n\t\t<a href=\"https:\/\/lp.suno.com.br\/planilha-controle-gastos\/\" target=\"_blank\" data-element=\"shortcode-suno-banner\" title=\"Banner SUNO, clique e saiba mais\">\n\t\t\t<picture>\n\t\t\t\t<source media=\"(max-width: 500px)\" srcset=\"https:\/\/files.sunoresearch.com.br\/n\/uploads\/2023\/03\/400x300-Planilha-controle-de-gastos.png\">\n\t\t\t\t<img class=\"newsContent__article__imgCapa newsContent__article__imgCapa--banner\"\n\t\t\t\t\tsrc=\"https:\/\/files.sunoresearch.com.br\/n\/uploads\/2023\/03\/1420x240-Planilha-controle-de-gastos.png\"\n\t\t\t\t\tdata-promo-id=\"101751\"\t\t\t\t\t\t\t\t\t\twidth='1420' height='240'\t\t\t\t\talt=\"https:\/\/files.sunoresearch.com.br\/n\/uploads\/2023\/03\/1420x240-Planilha-controle-de-gastos.png\"\n\t\t\t\t>\n\t\t\t<\/picture>\n\t\t<\/a>\n\t<\/p>\n\n<\/span><\/p>\n<p>De acordo com o Movimento, que tem Luiza Trajano, fundadora do <a href=\"https:\/\/www.suno.com.br\/acoes\/mglu3\/\">Magazine Luiza (MGLU3)<\/a> e Jorge Gerdau Johannpeter, ex-presidente do conselho de administra\u00e7\u00e3o da <a href=\"https:\/\/www.suno.com.br\/acoes\/ggbr4\/\">Gerdau (GGBR4)<\/a> entre os membros, o Pa\u00eds pagaria um aux\u00edlio financeiro aos mais pobres com um or\u00e7amento oriundo do dinheiro captado com as privatiza\u00e7\u00f5es e da reforma administrativa.<\/p>\n<p>Segundo especialistas ouvidos pelo <strong>SUNO Not\u00edcias<\/strong>, a forma de financiamento, no entanto, \u00e9 irreal, j\u00e1 que a agenda de reformas ou mesmo a aprova\u00e7\u00e3o de uma reforma administrativa robusta n\u00e3o t\u00eam grandes possibilidades de serem aprovadas pelo Congresso ou mesmo pautadas pelo governo Bolsonaro.<\/p>\n<p><span data-sheets-value=\"{&quot;1&quot;:2,&quot;2&quot;:&quot;Suno One: acesse gratuitamente eBooks, Minicursos, Artigos e V\u00eddeo Aulas sobre investimentos com um \u00fanico cadastro. Clique para saber mais!&quot;}\" data-sheets-userformat=\"{&quot;2&quot;:1317635,&quot;3&quot;:{&quot;1&quot;:0},&quot;4&quot;:[null,2,16777215],&quot;11&quot;:4,&quot;12&quot;:0,&quot;14&quot;:[null,2,1136076],&quot;15&quot;:&quot;Roboto, RobotoDraft, Helvetica, Arial, sans-serif&quot;,&quot;21&quot;:1,&quot;23&quot;:1}\" data-sheets-hyperlink=\"https:\/\/lp.suno.com.br\/suno-one\/\"><a class=\"in-cell-link\" href=\"https:\/\/lp.suno.com.br\/suno-one\/\" target=\"_blank\" rel=\"noopener noreferrer\">Suno One: acesse gratuitamente eBooks, Minicursos, Artigos e V\u00eddeo Aulas sobre investimentos com um \u00fanico cadastro. Clique para saber mais!<\/a><\/span><\/p>\n<p>&#8220;O que estamos vendo \u00e9 um atraso grande nessa agenda de privatiza\u00e7\u00f5es e da reforma [administrativa]. Por isso, \u00e9 pouco prov\u00e1vel que prospere qualquer inciativa de dar uma renda b\u00e1sica \u00e0 popula\u00e7\u00e3o. Independente da minha opini\u00e3o a respeito, mas me baseio da minha avalia\u00e7\u00e3o acerca da situa\u00e7\u00e3o conjuntural do Pa\u00eds&#8221;, disse Pedro Paulo Silveira, economista chefe da Nova Futura.<\/p>\n<p>De acordo com publica\u00e7\u00e3o do &#8220;O Estado de S. Paulo&#8221;, o grupo prop\u00f5e vincular de 5% a 10% da economia obtida com a reforma administrativa a um programa de transfer\u00eancia de renda a vulner\u00e1veis.<\/p>\n<p>Al\u00e9m disso, o montante obtido com as privatiza\u00e7\u00f5es, prometidas por Paulo Guedes, tamb\u00e9m engrossaria o or\u00e7amento. Ao todo, seriam at\u00e9 R$ 318,5 bilh\u00f5es em dez anos da reforma administrativa e outro R$ 1 trilh\u00e3o das privatiza\u00e7\u00f5es, segundo o jornal.<\/p>\n<p>Para\u00a0Alan Gandelman, <a href=\"https:\/\/www.suno.com.br\/artigos\/ceo\/\">diretor-presidente (CEO)<\/a> da Planner, a janela para que o governo realize qualquer reforma ir\u00e1 se fechar rapidamente, j\u00e1 que 2022 \u00e9 ano eleitoral e as aten\u00e7\u00f5es devem ser voltadas \u00e0 sucess\u00e3o presidencial.<\/p>\n<p>&#8220;Tem que ter vontade pol\u00edtica [para as reformas]. Temos esse resto do ano para fazer coisas dessa natureza, pois ano que vem o ano ser\u00e1 polarizado com elei\u00e7\u00f5es. Ent\u00e3o, naturalmente, no Congresso em ano de elei\u00e7\u00e3o nada anda. Temos o restante desse ano para fazer algo da magnitude&#8221;, disse Gandelman.<\/p>\n<h2>Financiamento da renda b\u00e1sica precisa fugir de or\u00e7amento<\/h2>\n<p>Com a criticidade em rela\u00e7\u00e3o as reformas ou privatiza\u00e7\u00f5es, haveria a possibilidade de o Or\u00e7amento p\u00fablico dar conta de uma renda aos mais pobres. Mas, de acordo com os especialistas, no momento o Pa\u00eds n\u00e3o tem a possibilidade de pensar em um plano como esse, j\u00e1 que o Estado n\u00e3o deve mais se endividar.<\/p>\n<p>&#8220;Hoje, n\u00e3o h\u00e1 a menor possibilidade de fazer um tipo de novo Bolsa Fam\u00edlia ou algo muito social que de fato voc\u00ea comp\u00f5e que haja de fato essa renda sist\u00eamica sem estourar os cofres p\u00fablicos&#8221;, disse Alan Gandelman.<\/p>\n\t<div data-element=\"shortcode-read-more\" class=\"knowMore\">\n\t\t\t\t<span class=\"knowMore__title\">Veja Tamb\u00e9m<\/span>\n\t\t\t\t<a class=\"knowMore__link\" href=\"https:\/\/www.suno.com.br\/noticias\/copom-risco-fiscal-pressiona-inflacao-goldman-sachs\/\">\n\t\t\tCopom enxerga risco fiscal pressionando balan\u00e7o de riscos e infla\u00e7\u00e3o, diz Goldman Sachs\t\t<\/a>\n\t<\/div>\n\n\n<p>Para Pedro Paulo Silveira, economista chefe da Nova Futura, com o n\u00edvel de endividamento p\u00fablico crescente e um d\u00e9ficit prim\u00e1rio para at\u00e9 2025, uma renda b\u00e1sica tem poucas chances de prosperar.<\/p>\n<p>&#8220;Com um d\u00e9ficit prim\u00e1rio at\u00e9 2025, segundo o Focus, eu sinceramente acho dif\u00edcil essa discuss\u00e3o prosperar&#8221;, disse. A Confedera\u00e7\u00e3o Nacional da Ind\u00fastria (CNI), por exemplo, projeta que a rela\u00e7\u00e3o d\u00edvida bruta do setor p\u00fablico e <a href=\"https:\/\/www.suno.com.br\/artigos\/pib-produto-interno-bruto\/\">Produto Interno Bruto (PIB)<\/a> deve alcan\u00e7ar o patamar de 91,1% neste ano, ante 89% do PIB no ano passado.<\/p>\n<p>&#8220;Dada a nossa situa\u00e7\u00e3o or\u00e7ament\u00e1ria e o projetado e n\u00e3o corra nada de diferente do que \u00e9 projetado hoje, acho que \u00e9 baixa a probabilidade de o mercado aceitar dado que a d\u00edvida aumentaria, <a href=\"https:\/\/www.suno.com.br\/artigos\/taxa-selic\/\">taxa b\u00e1sica de juros (Selic)<\/a>, aumentaria e isso colocaria a economia brasileira em outra trajet\u00f3ria&#8221;, concluiu sobre a <strong>renda b\u00e1sica<\/strong>.<\/p>\n<p><span data-sheets-value=\"{&quot;1&quot;:2,&quot;2&quot;:&quot;&quot;}\" data-sheets-userformat=\"{&quot;2&quot;:513,&quot;3&quot;:{&quot;1&quot;:0},&quot;12&quot;:0}\">\t<p>\n\t\t<a href=\"https:\/\/lp.suno.com.br\/planilha-de-controle-de-investimentos\/\" target=\"_blank\" data-element=\"shortcode-suno-banner\" title=\"Banner SUNO, clique e saiba mais\">\n\t\t\t<picture>\n\t\t\t\t<source media=\"(max-width: 500px)\" srcset=\"https:\/\/files.sunoresearch.com.br\/n\/uploads\/2023\/03\/400x300-Controle-de-Investimentos.png\">\n\t\t\t\t<img class=\"newsContent__article__imgCapa newsContent__article__imgCapa--banner\"\n\t\t\t\t\tsrc=\"https:\/\/files.sunoresearch.com.br\/n\/uploads\/2023\/03\/1420x240-Controle-de-Investimentos.png\"\n\t\t\t\t\tdata-promo-id=\"75934\"\t\t\t\t\t\t\t\t\t\twidth='1420' height='240'\t\t\t\t\talt=\"https:\/\/files.sunoresearch.com.br\/n\/uploads\/2023\/03\/1420x240-Controle-de-Investimentos.png\"\n\t\t\t\t>\n\t\t\t<\/picture>\n\t\t<\/a>\n\t<\/p>\n\n<\/span><\/p>\n","protected":false},"excerpt":{"rendered":"<p>De tempos em tempos, a discuss\u00e3o de uma renda b\u00e1sica no Brasil ganha for\u00e7a e volta \u00e0 discuss\u00e3o p\u00fablica. Nesta semana, um grupo de empres\u00e1rios, intitulado Movimento Converg\u00eancia Brasil, divulgou a proposta que busca direcionar parte dos recursos \u00e0s fam\u00edlias pobres. A pol\u00eamica, no entanto, veio sobre a forma de financiamento dessa renda b\u00e1sica, o [&hellip;]<\/p>\n","protected":false},"author":27,"featured_media":87584,"comment_status":"closed","ping_status":"closed","sticky":false,"template":"","format":"standard","meta":[],"categories":[62],"tags":[17139,12737,105815,106073,69171,83329],"suno_strategy":[],"class_list":["post-133922","post","type-post","status-publish","format-standard","has-post-thumbnail","hentry","category-economia","tag-auxilio-emergencial","tag-coronavoucher","tag-especial","tag-movimento-convergencia-brasil","tag-renda-basica","tag-teto-de-gastos"],"yoast_head":"<!-- This site is optimized with the Yoast SEO plugin v24.4 - https:\/\/yoast.com\/wordpress\/plugins\/seo\/ -->\n<title>Renda b\u00e1sica: proposta deve ter morrer na praia com reformas paradas<\/title>\n<meta name=\"description\" content=\"Para especialistas, renda b\u00e1sica do Movimento Converg\u00eancia Brasil n\u00e3o deve andar gra\u00e7as a forma de financiamento. Clique para ler.\" \/>\n<meta name=\"robots\" content=\"index, follow, max-snippet:-1, max-image-preview:large, max-video-preview:-1\" \/>\n<link rel=\"canonical\" href=\"https:\/\/www.suno.com.br\/noticias\/renda-basica-morrer-reformas\/\" \/>\n<meta property=\"og:locale\" content=\"pt_BR\" \/>\n<meta property=\"og:type\" content=\"article\" \/>\n<meta property=\"og:title\" content=\"Renda b\u00e1sica: proposta deve ter morrer na praia com reformas paradas\" \/>\n<meta property=\"og:description\" content=\"Para especialistas, renda b\u00e1sica do Movimento Converg\u00eancia Brasil n\u00e3o deve andar gra\u00e7as a forma de financiamento. Clique para ler.\" \/>\n<meta property=\"og:url\" content=\"https:\/\/www.suno.com.br\/noticias\/renda-basica-morrer-reformas\/\" \/>\n<meta property=\"og:site_name\" content=\"Suno Not\u00edcias\" \/>\n<meta property=\"article:publisher\" content=\"https:\/\/facebook.com\/sunoresearch\" \/>\n<meta property=\"og:image\" content=\"https:\/\/files.sunoresearch.com.br\/n\/uploads\/2020\/09\/ed20f3e0-reais-800x450-1.jpg\" \/>\n\t<meta property=\"og:image:width\" content=\"800\" \/>\n\t<meta property=\"og:image:height\" content=\"450\" \/>\n\t<meta property=\"og:image:type\" content=\"image\/jpeg\" \/>\n<meta name=\"author\" content=\"Vinicius Pereira\" \/>\n<meta name=\"twitter:card\" content=\"summary_large_image\" \/>\n<meta name=\"twitter:creator\" content=\"@https:\/\/twitter.com\/viniciuspjornal\" \/>\n<meta name=\"twitter:site\" content=\"@sunoresearch\" \/>\n<meta name=\"twitter:label1\" content=\"Escrito por\" \/>\n\t<meta name=\"twitter:data1\" content=\"Vinicius Pereira\" \/>\n\t<meta name=\"twitter:label2\" content=\"Est. tempo de leitura\" \/>\n\t<meta name=\"twitter:data2\" content=\"4 minutos\" \/>\n<script type=\"application\/ld+json\" class=\"yoast-schema-graph\">{\"@context\":\"https:\/\/schema.org\",\"@graph\":[{\"@type\":\"NewsArticle\",\"@id\":\"https:\/\/www.suno.com.br\/noticias\/renda-basica-morrer-reformas\/#article\",\"isPartOf\":{\"@id\":\"https:\/\/www.suno.com.br\/noticias\/renda-basica-morrer-reformas\/\"},\"author\":{\"name\":\"Vinicius Pereira\",\"@id\":\"https:\/\/www.suno.com.br\/noticias\/#\/schema\/person\/a20761b96e4df7eb57f1f9e41be1dbf3\"},\"headline\":\"Renda b\u00e1sica: proposta deve morrer na praia com paralisa\u00e7\u00e3o das reformas\",\"datePublished\":\"2021-03-23T22:00:48+00:00\",\"dateModified\":\"2021-05-12T16:45:15+00:00\",\"mainEntityOfPage\":{\"@id\":\"https:\/\/www.suno.com.br\/noticias\/renda-basica-morrer-reformas\/\"},\"wordCount\":730,\"publisher\":{\"@id\":\"https:\/\/www.suno.com.br\/noticias\/#organization\"},\"image\":{\"@id\":\"https:\/\/www.suno.com.br\/noticias\/renda-basica-morrer-reformas\/#primaryimage\"},\"thumbnailUrl\":\"https:\/\/files.sunoresearch.com.br\/n\/uploads\/2020\/09\/ed20f3e0-reais-800x450-1-jpg.webp\",\"keywords\":[\"aux\u00edlio emergencial\",\"coronavoucher\",\"Especiais\",\"Movimento Converg\u00eancia Brasil\",\"renda b\u00e1sica\",\"teto de gastos\"],\"articleSection\":[\"Economia\"],\"inLanguage\":\"pt-BR\"},{\"@type\":\"WebPage\",\"@id\":\"https:\/\/www.suno.com.br\/noticias\/renda-basica-morrer-reformas\/\",\"url\":\"https:\/\/www.suno.com.br\/noticias\/renda-basica-morrer-reformas\/\",\"name\":\"Renda b\u00e1sica: proposta deve ter morrer na praia com reformas paradas\",\"isPartOf\":{\"@id\":\"https:\/\/www.suno.com.br\/noticias\/#website\"},\"primaryImageOfPage\":{\"@id\":\"https:\/\/www.suno.com.br\/noticias\/renda-basica-morrer-reformas\/#primaryimage\"},\"image\":{\"@id\":\"https:\/\/www.suno.com.br\/noticias\/renda-basica-morrer-reformas\/#primaryimage\"},\"thumbnailUrl\":\"https:\/\/files.sunoresearch.com.br\/n\/uploads\/2020\/09\/ed20f3e0-reais-800x450-1-jpg.webp\",\"datePublished\":\"2021-03-23T22:00:48+00:00\",\"dateModified\":\"2021-05-12T16:45:15+00:00\",\"description\":\"Para especialistas, renda b\u00e1sica do Movimento Converg\u00eancia Brasil n\u00e3o deve andar gra\u00e7as a forma de financiamento. Clique para ler.\",\"breadcrumb\":{\"@id\":\"https:\/\/www.suno.com.br\/noticias\/renda-basica-morrer-reformas\/#breadcrumb\"},\"inLanguage\":\"pt-BR\",\"potentialAction\":[{\"@type\":\"ReadAction\",\"target\":[\"https:\/\/www.suno.com.br\/noticias\/renda-basica-morrer-reformas\/\"]}]},{\"@type\":\"ImageObject\",\"inLanguage\":\"pt-BR\",\"@id\":\"https:\/\/www.suno.com.br\/noticias\/renda-basica-morrer-reformas\/#primaryimage\",\"url\":\"https:\/\/files.sunoresearch.com.br\/n\/uploads\/2020\/09\/ed20f3e0-reais-800x450-1-jpg.webp\",\"contentUrl\":\"https:\/\/files.sunoresearch.com.br\/n\/uploads\/2020\/09\/ed20f3e0-reais-800x450-1-jpg.webp\",\"width\":800,\"height\":450,\"caption\":\"Renda fixa - Foto: Pixabay\"},{\"@type\":\"BreadcrumbList\",\"@id\":\"https:\/\/www.suno.com.br\/noticias\/renda-basica-morrer-reformas\/#breadcrumb\",\"itemListElement\":[{\"@type\":\"ListItem\",\"position\":1,\"name\":\"Not\u00edcias\",\"item\":\"https:\/\/www.suno.com.br\/noticias\/\"},{\"@type\":\"ListItem\",\"position\":2,\"name\":\"Economia\",\"item\":\"https:\/\/www.suno.com.br\/noticias\/economia\/\"},{\"@type\":\"ListItem\",\"position\":3,\"name\":\"Renda b\u00e1sica: proposta deve morrer na praia com paralisa\u00e7\u00e3o das reformas\"}]},{\"@type\":\"WebSite\",\"@id\":\"https:\/\/www.suno.com.br\/noticias\/#website\",\"url\":\"https:\/\/www.suno.com.br\/noticias\/\",\"name\":\"Suno Not\u00edcias\",\"description\":\"Seu portal de informa\u00e7\u00e3o sobre o mundo dos investimentos\",\"publisher\":{\"@id\":\"https:\/\/www.suno.com.br\/noticias\/#organization\"},\"potentialAction\":[{\"@type\":\"SearchAction\",\"target\":{\"@type\":\"EntryPoint\",\"urlTemplate\":\"https:\/\/www.suno.com.br\/noticias\/?s={search_term_string}\"},\"query-input\":{\"@type\":\"PropertyValueSpecification\",\"valueRequired\":true,\"valueName\":\"search_term_string\"}}],\"inLanguage\":\"pt-BR\"},{\"@type\":\"Organization\",\"@id\":\"https:\/\/www.suno.com.br\/noticias\/#organization\",\"name\":\"Suno Not\u00edcias\",\"url\":\"https:\/\/www.suno.com.br\/noticias\/\",\"logo\":{\"@type\":\"ImageObject\",\"inLanguage\":\"pt-BR\",\"@id\":\"https:\/\/www.suno.com.br\/noticias\/#\/schema\/logo\/image\/\",\"url\":\"https:\/\/files.sunoresearch.com.br\/n\/uploads\/2021\/09\/suno-logo.png\",\"contentUrl\":\"https:\/\/files.sunoresearch.com.br\/n\/uploads\/2021\/09\/suno-logo.png\",\"width\":180,\"height\":180,\"caption\":\"Suno Not\u00edcias\"},\"image\":{\"@id\":\"https:\/\/www.suno.com.br\/noticias\/#\/schema\/logo\/image\/\"},\"sameAs\":[\"https:\/\/facebook.com\/sunoresearch\",\"https:\/\/x.com\/sunoresearch\",\"https:\/\/www.instagram.com\/suno\",\"https:\/\/www.linkedin.com\/company\/suno-research\/\",\"https:\/\/www.youtube.com\/c\/sunoresearch\"]},{\"@type\":\"Person\",\"@id\":\"https:\/\/www.suno.com.br\/noticias\/#\/schema\/person\/a20761b96e4df7eb57f1f9e41be1dbf3\",\"name\":\"Vinicius Pereira\",\"image\":{\"@type\":\"ImageObject\",\"inLanguage\":\"pt-BR\",\"@id\":\"https:\/\/www.suno.com.br\/noticias\/#\/schema\/person\/image\/\",\"url\":\"https:\/\/secure.gravatar.com\/avatar\/783866b933198f5cc4c5d03fcc8b1301?s=96&r=g\",\"contentUrl\":\"https:\/\/secure.gravatar.com\/avatar\/783866b933198f5cc4c5d03fcc8b1301?s=96&r=g\",\"caption\":\"Vinicius Pereira\"},\"description\":\"Vinicius Pereira foi rep\u00f3rter de economia da Folha de S.Paulo, stringer do jornal no Canad\u00e1 e colaborador de VEJA. J\u00e1 escreveu tamb\u00e9m para BBC Brasil, The Intercept Brasil e UOL. Tem MBA em Informa\u00e7\u00f5es Econ\u00f4mico-Financeiras e Mercado de Capitais pela FIA\/B3.\",\"sameAs\":[\"https:\/\/x.com\/https:\/\/twitter.com\/viniciuspjornal\"],\"url\":\"https:\/\/www.suno.com.br\/noticias\/author\/vinicius-pereira\/\"}]}<\/script>\n<!-- \/ Yoast SEO plugin. -->","yoast_head_json":{"title":"Renda b\u00e1sica: proposta deve ter morrer na praia com reformas paradas","description":"Para especialistas, renda b\u00e1sica do Movimento Converg\u00eancia Brasil n\u00e3o deve andar gra\u00e7as a forma de financiamento. Clique para ler.","robots":{"index":"index","follow":"follow","max-snippet":"max-snippet:-1","max-image-preview":"max-image-preview:large","max-video-preview":"max-video-preview:-1"},"canonical":"https:\/\/www.suno.com.br\/noticias\/renda-basica-morrer-reformas\/","og_locale":"pt_BR","og_type":"article","og_title":"Renda b\u00e1sica: proposta deve ter morrer na praia com reformas paradas","og_description":"Para especialistas, renda b\u00e1sica do Movimento Converg\u00eancia Brasil n\u00e3o deve andar gra\u00e7as a forma de financiamento. Clique para ler.","og_url":"https:\/\/www.suno.com.br\/noticias\/renda-basica-morrer-reformas\/","og_site_name":"Suno Not\u00edcias","article_publisher":"https:\/\/facebook.com\/sunoresearch","og_image":[{"width":800,"height":450,"url":"https:\/\/files.sunoresearch.com.br\/n\/uploads\/2020\/09\/ed20f3e0-reais-800x450-1.jpg","type":"image\/jpeg"}],"author":"Vinicius Pereira","twitter_card":"summary_large_image","twitter_creator":"@https:\/\/twitter.com\/viniciuspjornal","twitter_site":"@sunoresearch","twitter_misc":{"Escrito por":"Vinicius Pereira","Est. tempo de leitura":"4 minutos"},"schema":{"@context":"https:\/\/schema.org","@graph":[{"@type":"NewsArticle","@id":"https:\/\/www.suno.com.br\/noticias\/renda-basica-morrer-reformas\/#article","isPartOf":{"@id":"https:\/\/www.suno.com.br\/noticias\/renda-basica-morrer-reformas\/"},"author":{"name":"Vinicius Pereira","@id":"https:\/\/www.suno.com.br\/noticias\/#\/schema\/person\/a20761b96e4df7eb57f1f9e41be1dbf3"},"headline":"Renda b\u00e1sica: proposta deve morrer na praia com paralisa\u00e7\u00e3o das reformas","datePublished":"2021-03-23T22:00:48+00:00","dateModified":"2021-05-12T16:45:15+00:00","mainEntityOfPage":{"@id":"https:\/\/www.suno.com.br\/noticias\/renda-basica-morrer-reformas\/"},"wordCount":730,"publisher":{"@id":"https:\/\/www.suno.com.br\/noticias\/#organization"},"image":{"@id":"https:\/\/www.suno.com.br\/noticias\/renda-basica-morrer-reformas\/#primaryimage"},"thumbnailUrl":"https:\/\/files.sunoresearch.com.br\/n\/uploads\/2020\/09\/ed20f3e0-reais-800x450-1-jpg.webp","keywords":["aux\u00edlio emergencial","coronavoucher","Especiais","Movimento Converg\u00eancia Brasil","renda b\u00e1sica","teto de gastos"],"articleSection":["Economia"],"inLanguage":"pt-BR"},{"@type":"WebPage","@id":"https:\/\/www.suno.com.br\/noticias\/renda-basica-morrer-reformas\/","url":"https:\/\/www.suno.com.br\/noticias\/renda-basica-morrer-reformas\/","name":"Renda b\u00e1sica: proposta deve ter morrer na praia com reformas paradas","isPartOf":{"@id":"https:\/\/www.suno.com.br\/noticias\/#website"},"primaryImageOfPage":{"@id":"https:\/\/www.suno.com.br\/noticias\/renda-basica-morrer-reformas\/#primaryimage"},"image":{"@id":"https:\/\/www.suno.com.br\/noticias\/renda-basica-morrer-reformas\/#primaryimage"},"thumbnailUrl":"https:\/\/files.sunoresearch.com.br\/n\/uploads\/2020\/09\/ed20f3e0-reais-800x450-1-jpg.webp","datePublished":"2021-03-23T22:00:48+00:00","dateModified":"2021-05-12T16:45:15+00:00","description":"Para especialistas, renda b\u00e1sica do Movimento Converg\u00eancia Brasil n\u00e3o deve andar gra\u00e7as a forma de financiamento. Clique para ler.","breadcrumb":{"@id":"https:\/\/www.suno.com.br\/noticias\/renda-basica-morrer-reformas\/#breadcrumb"},"inLanguage":"pt-BR","potentialAction":[{"@type":"ReadAction","target":["https:\/\/www.suno.com.br\/noticias\/renda-basica-morrer-reformas\/"]}]},{"@type":"ImageObject","inLanguage":"pt-BR","@id":"https:\/\/www.suno.com.br\/noticias\/renda-basica-morrer-reformas\/#primaryimage","url":"https:\/\/files.sunoresearch.com.br\/n\/uploads\/2020\/09\/ed20f3e0-reais-800x450-1-jpg.webp","contentUrl":"https:\/\/files.sunoresearch.com.br\/n\/uploads\/2020\/09\/ed20f3e0-reais-800x450-1-jpg.webp","width":800,"height":450,"caption":"Renda fixa - Foto: Pixabay"},{"@type":"BreadcrumbList","@id":"https:\/\/www.suno.com.br\/noticias\/renda-basica-morrer-reformas\/#breadcrumb","itemListElement":[{"@type":"ListItem","position":1,"name":"Not\u00edcias","item":"https:\/\/www.suno.com.br\/noticias\/"},{"@type":"ListItem","position":2,"name":"Economia","item":"https:\/\/www.suno.com.br\/noticias\/economia\/"},{"@type":"ListItem","position":3,"name":"Renda b\u00e1sica: proposta deve morrer na praia com paralisa\u00e7\u00e3o das reformas"}]},{"@type":"WebSite","@id":"https:\/\/www.suno.com.br\/noticias\/#website","url":"https:\/\/www.suno.com.br\/noticias\/","name":"Suno Not\u00edcias","description":"Seu portal de informa\u00e7\u00e3o sobre o mundo dos investimentos","publisher":{"@id":"https:\/\/www.suno.com.br\/noticias\/#organization"},"potentialAction":[{"@type":"SearchAction","target":{"@type":"EntryPoint","urlTemplate":"https:\/\/www.suno.com.br\/noticias\/?s={search_term_string}"},"query-input":{"@type":"PropertyValueSpecification","valueRequired":true,"valueName":"search_term_string"}}],"inLanguage":"pt-BR"},{"@type":"Organization","@id":"https:\/\/www.suno.com.br\/noticias\/#organization","name":"Suno Not\u00edcias","url":"https:\/\/www.suno.com.br\/noticias\/","logo":{"@type":"ImageObject","inLanguage":"pt-BR","@id":"https:\/\/www.suno.com.br\/noticias\/#\/schema\/logo\/image\/","url":"https:\/\/files.sunoresearch.com.br\/n\/uploads\/2021\/09\/suno-logo.png","contentUrl":"https:\/\/files.sunoresearch.com.br\/n\/uploads\/2021\/09\/suno-logo.png","width":180,"height":180,"caption":"Suno Not\u00edcias"},"image":{"@id":"https:\/\/www.suno.com.br\/noticias\/#\/schema\/logo\/image\/"},"sameAs":["https:\/\/facebook.com\/sunoresearch","https:\/\/x.com\/sunoresearch","https:\/\/www.instagram.com\/suno","https:\/\/www.linkedin.com\/company\/suno-research\/","https:\/\/www.youtube.com\/c\/sunoresearch"]},{"@type":"Person","@id":"https:\/\/www.suno.com.br\/noticias\/#\/schema\/person\/a20761b96e4df7eb57f1f9e41be1dbf3","name":"Vinicius Pereira","image":{"@type":"ImageObject","inLanguage":"pt-BR","@id":"https:\/\/www.suno.com.br\/noticias\/#\/schema\/person\/image\/","url":"https:\/\/secure.gravatar.com\/avatar\/783866b933198f5cc4c5d03fcc8b1301?s=96&r=g","contentUrl":"https:\/\/secure.gravatar.com\/avatar\/783866b933198f5cc4c5d03fcc8b1301?s=96&r=g","caption":"Vinicius Pereira"},"description":"Vinicius Pereira foi rep\u00f3rter de economia da Folha de S.Paulo, stringer do jornal no Canad\u00e1 e colaborador de VEJA. J\u00e1 escreveu tamb\u00e9m para BBC Brasil, The Intercept Brasil e UOL. Tem MBA em Informa\u00e7\u00f5es Econ\u00f4mico-Financeiras e Mercado de Capitais pela FIA\/B3.","sameAs":["https:\/\/x.com\/https:\/\/twitter.com\/viniciuspjornal"],"url":"https:\/\/www.suno.com.br\/noticias\/author\/vinicius-pereira\/"}]}},"default_loop_html":"<div class=\"cardsPage__listCard__boxs\"><div class=\"cardsPage__listCard__boxs__img\"><a href=\"https:\/\/www.suno.com.br\/noticias\/renda-basica-morrer-reformas\/\"><img class=\"mask\" src=\"https:\/\/www.suno.com.br\/noticias\/wp-content\/themes\/suno\/resources\/images\/spotlight\/spotlight1img\/bg-mask.png\" alt=\"Image Mask\"\/><img src=\"https:\/\/files.sunoresearch.com.br\/n\/uploads\/2020\/09\/ed20f3e0-reais-800x450-1-400x200.webp\" alt=\"Renda b\u00e1sica: proposta deve morrer na praia com paralisa\u00e7\u00e3o das reformas\"\/><\/a><span class=\"spotlightCategory\"><a href=\"https:\/\/www.suno.com.br\/noticias\/economia\/\">Economia<\/a><\/span><\/div><div class=\"cardsPage__listCard__boxs__content\"><a href=\"https:\/\/www.suno.com.br\/noticias\/renda-basica-morrer-reformas\/\"><h2 class=\"content__title\">Renda b\u00e1sica: proposta deve morrer na praia com paralisa\u00e7\u00e3o das reformas<\/h2><\/a><div class=\"newsContent__article__meta\"><div class=\"newsContent__article__meta__authorBox\"><a href=\"https:\/\/www.suno.com.br\/noticias\/author\/vinicius-pereira\/\" class=\"authorBox__avatar noMobi\"><img src=\"https:\/\/files.sunoresearch.com.br\/n\/uploads\/2020\/08\/77510613-whatsapp-image-2020-08-03-at-13.40.40-150x150.webp\" alt=\"Vinicius Pereira\"><\/a><div class=\"authorBox__name\"><span>por\n\t\t\t<a href=\"https:\/\/www.suno.com.br\/noticias\/author\/vinicius-pereira\/\"><span itemprop=\"author\">Vinicius Pereira<\/span><\/a><\/span><time datetime=\"2021-03-23T19:00:48-03:00\" itemprop=\"datePublished\">23\/03\/2021 19:00<\/time><\/div><\/div><\/div><\/div><\/div>","single_layout":"posts","amp_enabled":true,"_links":{"self":[{"href":"https:\/\/www.suno.com.br\/noticias\/wp-json\/wp\/v2\/posts\/133922"}],"collection":[{"href":"https:\/\/www.suno.com.br\/noticias\/wp-json\/wp\/v2\/posts"}],"about":[{"href":"https:\/\/www.suno.com.br\/noticias\/wp-json\/wp\/v2\/types\/post"}],"author":[{"embeddable":true,"href":"https:\/\/www.suno.com.br\/noticias\/wp-json\/wp\/v2\/users\/27"}],"replies":[{"embeddable":true,"href":"https:\/\/www.suno.com.br\/noticias\/wp-json\/wp\/v2\/comments?post=133922"}],"version-history":[{"count":3,"href":"https:\/\/www.suno.com.br\/noticias\/wp-json\/wp\/v2\/posts\/133922\/revisions"}],"predecessor-version":[{"id":134079,"href":"https:\/\/www.suno.com.br\/noticias\/wp-json\/wp\/v2\/posts\/133922\/revisions\/134079"}],"wp:featuredmedia":[{"embeddable":true,"href":"https:\/\/www.suno.com.br\/noticias\/wp-json\/wp\/v2\/media\/87584"}],"wp:attachment":[{"href":"https:\/\/www.suno.com.br\/noticias\/wp-json\/wp\/v2\/media?parent=133922"}],"wp:term":[{"taxonomy":"category","embeddable":true,"href":"https:\/\/www.suno.com.br\/noticias\/wp-json\/wp\/v2\/categories?post=133922"},{"taxonomy":"post_tag","embeddable":true,"href":"https:\/\/www.suno.com.br\/noticias\/wp-json\/wp\/v2\/tags?post=133922"},{"taxonomy":"suno_strategy","embeddable":true,"href":"https:\/\/www.suno.com.br\/noticias\/wp-json\/wp\/v2\/suno_strategy?post=133922"}],"curies":[{"name":"wp","href":"https:\/\/api.w.org\/{rel}","templated":true}]}}