{"id":133842,"date":"2021-03-23T08:15:39","date_gmt":"2021-03-23T11:15:39","guid":{"rendered":"https:\/\/www.suno.com.br\/noticias\/?p=133842"},"modified":"2021-05-10T13:29:18","modified_gmt":"2021-05-10T16:29:18","slug":"agenda-do-dia-ata-copom-tele-track-field","status":"publish","type":"post","link":"https:\/\/www.suno.com.br\/noticias\/agenda-do-dia-ata-copom-tele-track-field\/","title":{"rendered":"Agenda do dia: ata do Copom, primeira tele da Track &#038; Field (TFCO4)"},"content":{"rendered":"<p>Na <strong>agenda do dia<\/strong> desta ter\u00e7a-feira (23), o destaque no Brasil vai para a publica\u00e7\u00e3o, pelo Banco Central, da ata do Copom. Ainda em rela\u00e7\u00e3o com autoridades, o ministro da Economia Paulo Guedes e o presidente do Banco Central Roberto Campos Neto participam de eventos p\u00fablicos e devem falar ao p\u00fablico.<\/p>\t<div class=\"wrapper-featured-image\">\n\t\t<figure class=\"spotlightImg\">\n\n\t\t\t<picture>\n\t\t\t\t<source media=\"(max-width: 768px)\" srcset=\"https:\/\/files.sunoresearch.com.br\/n\/uploads\/2021\/01\/42eff0a7-copom-400x200.webp\">\n\t\t\t\t<img loading=\"lazy\" decoding=\"async\" class=\"newsContent__article__imgCapa lazyloadDisabled \" src=\"https:\/\/files.sunoresearch.com.br\/n\/uploads\/2021\/01\/42eff0a7-copom-800x450.webp\" width=\"800\" height=\"450\" alt=\"Agenda do dia: ata do Copom, primeira tele da Track &#038; Field (TFCO4)\" fetchpriority=high \/>\n\t\t\t<\/picture>\n\n\t\t\t<figcaption class=\"wp-caption-text wp-caption-text--show\">Divulga\u00e7\u00e3o pelo BC da ata do Copom \u00e9 destaque na agenda do dia<\/figcaption>\n\t\t<\/figure>\n\t<\/div>\n\n\n<p><span style=\"font-weight: 400;\">\t<p>\n\t\t<a href=\"https:\/\/lp.suno.com.br\/planilha-controle-gastos\/\" target=\"_blank\" data-element=\"shortcode-suno-banner\" title=\"Banner SUNO, clique e saiba mais\">\n\t\t\t<picture>\n\t\t\t\t<source media=\"(max-width: 500px)\" srcset=\"https:\/\/files.sunoresearch.com.br\/n\/uploads\/2023\/03\/400x300-Planilha-controle-de-gastos.png\">\n\t\t\t\t<img class=\"newsContent__article__imgCapa newsContent__article__imgCapa--banner\"\n\t\t\t\t\tsrc=\"https:\/\/files.sunoresearch.com.br\/n\/uploads\/2023\/03\/1420x240-Planilha-controle-de-gastos.png\"\n\t\t\t\t\tdata-promo-id=\"101751\"\t\t\t\t\t\t\t\t\t\twidth='1420' height='240'\t\t\t\t\talt=\"https:\/\/files.sunoresearch.com.br\/n\/uploads\/2023\/03\/1420x240-Planilha-controle-de-gastos.png\"\n\t\t\t\t>\n\t\t\t<\/picture>\n\t\t<\/a>\n\t<\/p>\n\n<\/span><\/p>\n<p>No <strong>\u00e2mbito corporativo<\/strong> da agenda do dia, a <a href=\"https:\/\/www.suno.com.br\/acoes\/tfco4\/\">Track &amp; Field (TFCO4)<\/a> e a <a href=\"https:\/\/www.suno.com.br\/acoes\/alup11\/\">Alupar (ALUP11)<\/a> realizam suas teleconfer\u00eancias de resultado, ap\u00f3s tornarem p\u00fablicos seus balan\u00e7os nesta segunda (22).<\/p>\n<p>Quanto aos dados macroecon\u00f4micos, os Estados Unidos divulgam n\u00fameros do seu sistema banc\u00e1rio e tamb\u00e9m do setor imobili\u00e1rio, com o saldo da conta corrente no quarto trimestre de 2020 e a venda de casas novas em fevereiro.<\/p>\n<p><a href=\"https:\/\/lp.suno.com.br\/suno-one\/?ppp=noticias\/hospital-care-pedido-ipo-cvm\/\"><b>Suno One: acesse gratuitamente eBooks, Minicursos, Artigos e V\u00eddeo Aulas sobre investimentos com um \u00fanico cadastro. Clique para saber mais!<\/b><\/a><\/p>\n<h2>Ata do Copom \u00e9 destaque na agenda do dia<\/h2>\n<p>O Banco Central divulgou \u00e0s 8h a ata do Copom, que traz mais detalhes sobre a decis\u00e3o da institui\u00e7\u00e3o em elevar o juros em 75 pontos-base na \u00faltima semana bem como a an\u00e1lise das autoridades sobre o atual cen\u00e1rio econ\u00f4mico brasileiro.<\/p>\n<p>Ainda na pol\u00edtica, o presidente do Banco Central, <a href=\"https:\/\/www.suno.com.br\/tudo-sobre\/roberto-campos-neto\/\">Roberto Campos Neto<\/a>, participa da abertura do Lift Day \u00e0s 9h. O evento \u00e9 o encontro do programa de inova\u00e7\u00e3o para o setor financeiro estimulado pela institui\u00e7\u00e3o. Mais tarde, \u00e0s 17h, Campos Neto participa tamb\u00e9m de evento da Associa\u00e7\u00e3o Brasileira de Empresas de Cart\u00f5es de Cr\u00e9dito e Servi\u00e7os (Abecs).<\/p>\n<p>O ministro da Economia, Paulo Guedes, participa \u00e0s 18h de um encontro intitulado &#8220;Desafios para o Brasil no p\u00f3s-pandemia&#8221;.<\/p>\n<p>Fora isso, a agenda do dia das principais autoridades brasileiras no \u00e2mbito econ\u00f4mico \u00e9 composta de reuni\u00f5es.<\/p>\n<h2>Track and Field realiza teleconfer\u00eancia<\/h2>\n<p><span style=\"font-weight: 400;\">\t<p>\n\t\t<a href=\"https:\/\/lp.suno.com.br\/planilha-da-vida-financeira\/\" target=\"_blank\" data-element=\"shortcode-suno-banner\" title=\"Banner SUNO, clique e saiba mais\">\n\t\t\t<picture>\n\t\t\t\t<source media=\"(max-width: 500px)\" srcset=\"https:\/\/files.sunoresearch.com.br\/n\/uploads\/2023\/04\/400x300-Planilha-vida-financeira-true.png\">\n\t\t\t\t<img class=\"newsContent__article__imgCapa newsContent__article__imgCapa--banner\"\n\t\t\t\t\tsrc=\"https:\/\/files.sunoresearch.com.br\/n\/uploads\/2023\/04\/1420x240-Planilha-vida-financeira-true.png\"\n\t\t\t\t\tdata-promo-id=\"106682\"\t\t\t\t\t\t\t\t\t\twidth='1420' height='240'\t\t\t\t\talt=\"https:\/\/files.sunoresearch.com.br\/n\/uploads\/2023\/04\/1420x240-Planilha-vida-financeira-true.png\"\n\t\t\t\t>\n\t\t\t<\/picture>\n\t\t<\/a>\n\t<\/p>\n\n<\/span><\/p>\n<p>A Track and Field tem marcado na agenda do dia sua teleconfer\u00eancia para \u00e0s 11h, ap\u00f3s divulgar na noite desta segunda que seu lucro l\u00edquido recuou 26,5% na base anual no quarto trimestre. Essa ser\u00e1 a primeira reuni\u00e3o aberta da companhia com analistas e investidores ap\u00f3s a sua estreia na B3, que ocorreu em outubro do ano passado.<\/p>\n<p>A Alupar tamb\u00e9m fala com investidores ao meio dia ap\u00f3s ver seu lucro crescer quase tr\u00eas vezes na base anual no quarto trimestre.<\/p>\n<h2>Estados Unidos e Jap\u00e3o divulgam dados<\/h2>\n<p>Nos dados econ\u00f4micos, os destaques da agenda do dia v\u00e3o para a publica\u00e7\u00e3o dos Estados Unidos de dados do seus sistema banc\u00e1rio do quarto trimestre de 2020, \u00e0s 9h30, bem como para a divulga\u00e7\u00e3o da venda de casas nova em fevereiro, \u00e0s 11h, e para a sondagem industrial feita pelo Federal Reserve de Richmond, no mesmo hor\u00e1rio.<\/p>\n<p>Mais cedo, o Reino Unido divulgou dados do emprego, com a varia\u00e7\u00e3o da taxa de desemprego ficando em 5%, melhor do que os 5,2% esperado pelo mercado.<\/p>\n<p>Mais tarde, por \u00faltimo na <strong>agenda do dia<\/strong>, o Jap\u00e3o divulga \u00e0s 21h30 seus PMIs da ind\u00fastria, dos servi\u00e7os e composto para o m\u00eas de mar\u00e7o.<\/p>\n<p><span style=\"font-weight: 400;\">\t<p>\n\t\t<a href=\"https:\/\/lp.suno.com.br\/planilha-de-controle-de-investimentos\/\" target=\"_blank\" data-element=\"shortcode-suno-banner\" title=\"Banner SUNO, clique e saiba mais\">\n\t\t\t<picture>\n\t\t\t\t<source media=\"(max-width: 500px)\" srcset=\"https:\/\/files.sunoresearch.com.br\/n\/uploads\/2023\/03\/400x300-Controle-de-Investimentos.png\">\n\t\t\t\t<img class=\"newsContent__article__imgCapa newsContent__article__imgCapa--banner\"\n\t\t\t\t\tsrc=\"https:\/\/files.sunoresearch.com.br\/n\/uploads\/2023\/03\/1420x240-Controle-de-Investimentos.png\"\n\t\t\t\t\tdata-promo-id=\"75934\"\t\t\t\t\t\t\t\t\t\twidth='1420' height='240'\t\t\t\t\talt=\"https:\/\/files.sunoresearch.com.br\/n\/uploads\/2023\/03\/1420x240-Controle-de-Investimentos.png\"\n\t\t\t\t>\n\t\t\t<\/picture>\n\t\t<\/a>\n\t<\/p>\n\n <\/span><\/p>\n","protected":false},"excerpt":{"rendered":"<p>Na agenda do dia desta ter\u00e7a-feira (23), o destaque no Brasil vai para a publica\u00e7\u00e3o, pelo Banco Central, da ata do Copom. Ainda em rela\u00e7\u00e3o com autoridades, o ministro da Economia Paulo Guedes e o presidente do Banco Central Roberto Campos Neto participam de eventos p\u00fablicos e devem falar ao p\u00fablico. Divulga\u00e7\u00e3o pelo BC da [&hellip;]<\/p>\n","protected":false},"author":59,"featured_media":116353,"comment_status":"closed","ping_status":"closed","sticky":false,"template":"","format":"standard","meta":[],"categories":[60],"tags":[357,1104,2722],"suno_strategy":[],"class_list":["post-133842","post","type-post","status-publish","format-standard","has-post-thumbnail","hentry","category-mercado","tag-alupar-alup11-alup3-alup4","tag-copom","tag-track-field-tfco4"],"yoast_head":"<!-- This site is optimized with the Yoast SEO plugin v24.4 - https:\/\/yoast.com\/wordpress\/plugins\/seo\/ -->\n<title>Agenda do dia: ata do Copom, primeira tele da Track &amp; Field (TFCO4)<\/title>\n<meta name=\"description\" content=\"Ata do Copom \u00e9 destaque na agenda do dia desta ter\u00e7a-feira, bem como a primeira tele da Track &amp; Field. Clique aqui para saber mais.\" \/>\n<meta name=\"robots\" content=\"index, follow, max-snippet:-1, max-image-preview:large, max-video-preview:-1\" \/>\n<link rel=\"canonical\" href=\"https:\/\/www.suno.com.br\/noticias\/agenda-do-dia-ata-copom-tele-track-field\/\" \/>\n<meta property=\"og:locale\" content=\"pt_BR\" \/>\n<meta property=\"og:type\" content=\"article\" \/>\n<meta property=\"og:title\" content=\"Agenda do dia: ata do Copom, primeira tele da Track &amp; Field (TFCO4)\" \/>\n<meta property=\"og:description\" content=\"Ata do Copom \u00e9 destaque na agenda do dia desta ter\u00e7a-feira, bem como a primeira tele da Track &amp; Field. Clique aqui para saber mais.\" \/>\n<meta property=\"og:url\" content=\"https:\/\/www.suno.com.br\/noticias\/agenda-do-dia-ata-copom-tele-track-field\/\" \/>\n<meta property=\"og:site_name\" content=\"Suno Not\u00edcias\" \/>\n<meta property=\"article:publisher\" content=\"https:\/\/facebook.com\/sunoresearch\" \/>\n<meta property=\"og:image\" content=\"https:\/\/files.sunoresearch.com.br\/n\/uploads\/2021\/01\/42eff0a7-copom.jpg\" \/>\n\t<meta property=\"og:image:width\" content=\"1024\" \/>\n\t<meta property=\"og:image:height\" content=\"683\" \/>\n\t<meta property=\"og:image:type\" content=\"image\/jpeg\" \/>\n<meta name=\"author\" content=\"Vitor Azevedo\" \/>\n<meta name=\"twitter:card\" content=\"summary_large_image\" \/>\n<meta name=\"twitter:creator\" content=\"@sunoresearch\" \/>\n<meta name=\"twitter:site\" content=\"@sunoresearch\" \/>\n<meta name=\"twitter:label1\" content=\"Escrito por\" \/>\n\t<meta name=\"twitter:data1\" content=\"Vitor Azevedo\" \/>\n\t<meta name=\"twitter:label2\" content=\"Est. tempo de leitura\" \/>\n\t<meta name=\"twitter:data2\" content=\"3 minutos\" \/>\n<script type=\"application\/ld+json\" class=\"yoast-schema-graph\">{\"@context\":\"https:\/\/schema.org\",\"@graph\":[{\"@type\":\"NewsArticle\",\"@id\":\"https:\/\/www.suno.com.br\/noticias\/agenda-do-dia-ata-copom-tele-track-field\/#article\",\"isPartOf\":{\"@id\":\"https:\/\/www.suno.com.br\/noticias\/agenda-do-dia-ata-copom-tele-track-field\/\"},\"author\":{\"name\":\"Vitor Azevedo\",\"@id\":\"https:\/\/www.suno.com.br\/noticias\/#\/schema\/person\/658d5fbc74d81f265f5df3562d0038ab\"},\"headline\":\"Agenda do dia: ata do Copom, primeira tele da Track &#038; Field (TFCO4)\",\"datePublished\":\"2021-03-23T11:15:39+00:00\",\"dateModified\":\"2021-05-10T16:29:18+00:00\",\"mainEntityOfPage\":{\"@id\":\"https:\/\/www.suno.com.br\/noticias\/agenda-do-dia-ata-copom-tele-track-field\/\"},\"wordCount\":545,\"publisher\":{\"@id\":\"https:\/\/www.suno.com.br\/noticias\/#organization\"},\"image\":{\"@id\":\"https:\/\/www.suno.com.br\/noticias\/agenda-do-dia-ata-copom-tele-track-field\/#primaryimage\"},\"thumbnailUrl\":\"https:\/\/files.sunoresearch.com.br\/n\/uploads\/2021\/01\/42eff0a7-copom-jpg.webp\",\"keywords\":[\"Alupar (ALUP11\/ALUP3\/ALUP4)\",\"Copom\",\"Track &amp; Field (TFCO4)\"],\"articleSection\":[\"Mercado\"],\"inLanguage\":\"pt-BR\"},{\"@type\":\"WebPage\",\"@id\":\"https:\/\/www.suno.com.br\/noticias\/agenda-do-dia-ata-copom-tele-track-field\/\",\"url\":\"https:\/\/www.suno.com.br\/noticias\/agenda-do-dia-ata-copom-tele-track-field\/\",\"name\":\"Agenda do dia: ata do Copom, primeira tele da Track & Field (TFCO4)\",\"isPartOf\":{\"@id\":\"https:\/\/www.suno.com.br\/noticias\/#website\"},\"primaryImageOfPage\":{\"@id\":\"https:\/\/www.suno.com.br\/noticias\/agenda-do-dia-ata-copom-tele-track-field\/#primaryimage\"},\"image\":{\"@id\":\"https:\/\/www.suno.com.br\/noticias\/agenda-do-dia-ata-copom-tele-track-field\/#primaryimage\"},\"thumbnailUrl\":\"https:\/\/files.sunoresearch.com.br\/n\/uploads\/2021\/01\/42eff0a7-copom-jpg.webp\",\"datePublished\":\"2021-03-23T11:15:39+00:00\",\"dateModified\":\"2021-05-10T16:29:18+00:00\",\"description\":\"Ata do Copom \u00e9 destaque na agenda do dia desta ter\u00e7a-feira, bem como a primeira tele da Track & Field. Clique aqui para saber mais.\",\"breadcrumb\":{\"@id\":\"https:\/\/www.suno.com.br\/noticias\/agenda-do-dia-ata-copom-tele-track-field\/#breadcrumb\"},\"inLanguage\":\"pt-BR\",\"potentialAction\":[{\"@type\":\"ReadAction\",\"target\":[\"https:\/\/www.suno.com.br\/noticias\/agenda-do-dia-ata-copom-tele-track-field\/\"]}]},{\"@type\":\"ImageObject\",\"inLanguage\":\"pt-BR\",\"@id\":\"https:\/\/www.suno.com.br\/noticias\/agenda-do-dia-ata-copom-tele-track-field\/#primaryimage\",\"url\":\"https:\/\/files.sunoresearch.com.br\/n\/uploads\/2021\/01\/42eff0a7-copom-jpg.webp\",\"contentUrl\":\"https:\/\/files.sunoresearch.com.br\/n\/uploads\/2021\/01\/42eff0a7-copom-jpg.webp\",\"width\":1024,\"height\":683,\"caption\":\"Divulga\u00e7\u00e3o pelo BC da ata do Copom \u00e9 destaque na agenda do dia\"},{\"@type\":\"BreadcrumbList\",\"@id\":\"https:\/\/www.suno.com.br\/noticias\/agenda-do-dia-ata-copom-tele-track-field\/#breadcrumb\",\"itemListElement\":[{\"@type\":\"ListItem\",\"position\":1,\"name\":\"Not\u00edcias\",\"item\":\"https:\/\/www.suno.com.br\/noticias\/\"},{\"@type\":\"ListItem\",\"position\":2,\"name\":\"Mercado\",\"item\":\"https:\/\/www.suno.com.br\/noticias\/mercado\/\"},{\"@type\":\"ListItem\",\"position\":3,\"name\":\"Agenda do dia: ata do Copom, primeira tele da Track &#038; Field (TFCO4)\"}]},{\"@type\":\"WebSite\",\"@id\":\"https:\/\/www.suno.com.br\/noticias\/#website\",\"url\":\"https:\/\/www.suno.com.br\/noticias\/\",\"name\":\"Suno Not\u00edcias\",\"description\":\"Seu portal de informa\u00e7\u00e3o sobre o mundo dos investimentos\",\"publisher\":{\"@id\":\"https:\/\/www.suno.com.br\/noticias\/#organization\"},\"potentialAction\":[{\"@type\":\"SearchAction\",\"target\":{\"@type\":\"EntryPoint\",\"urlTemplate\":\"https:\/\/www.suno.com.br\/noticias\/?s={search_term_string}\"},\"query-input\":{\"@type\":\"PropertyValueSpecification\",\"valueRequired\":true,\"valueName\":\"search_term_string\"}}],\"inLanguage\":\"pt-BR\"},{\"@type\":\"Organization\",\"@id\":\"https:\/\/www.suno.com.br\/noticias\/#organization\",\"name\":\"Suno Not\u00edcias\",\"url\":\"https:\/\/www.suno.com.br\/noticias\/\",\"logo\":{\"@type\":\"ImageObject\",\"inLanguage\":\"pt-BR\",\"@id\":\"https:\/\/www.suno.com.br\/noticias\/#\/schema\/logo\/image\/\",\"url\":\"https:\/\/files.sunoresearch.com.br\/n\/uploads\/2021\/09\/suno-logo.png\",\"contentUrl\":\"https:\/\/files.sunoresearch.com.br\/n\/uploads\/2021\/09\/suno-logo.png\",\"width\":180,\"height\":180,\"caption\":\"Suno Not\u00edcias\"},\"image\":{\"@id\":\"https:\/\/www.suno.com.br\/noticias\/#\/schema\/logo\/image\/\"},\"sameAs\":[\"https:\/\/facebook.com\/sunoresearch\",\"https:\/\/x.com\/sunoresearch\",\"https:\/\/www.instagram.com\/suno\",\"https:\/\/www.linkedin.com\/company\/suno-research\/\",\"https:\/\/www.youtube.com\/c\/sunoresearch\"]},{\"@type\":\"Person\",\"@id\":\"https:\/\/www.suno.com.br\/noticias\/#\/schema\/person\/658d5fbc74d81f265f5df3562d0038ab\",\"name\":\"Vitor Azevedo\",\"image\":{\"@type\":\"ImageObject\",\"inLanguage\":\"pt-BR\",\"@id\":\"https:\/\/www.suno.com.br\/noticias\/#\/schema\/person\/image\/\",\"url\":\"https:\/\/secure.gravatar.com\/avatar\/62b86195291b446fe380824eb28b99a5?s=96&r=g\",\"contentUrl\":\"https:\/\/secure.gravatar.com\/avatar\/62b86195291b446fe380824eb28b99a5?s=96&r=g\",\"caption\":\"Vitor Azevedo\"},\"description\":\"Formado em jornalismo pela Unesp, escreve sobre economia e neg\u00f3cios para a Suno Not\u00edcias.\",\"url\":\"https:\/\/www.suno.com.br\/noticias\/author\/vitor-azevedo\/\"}]}<\/script>\n<!-- \/ Yoast SEO plugin. -->","yoast_head_json":{"title":"Agenda do dia: ata do Copom, primeira tele da Track & Field (TFCO4)","description":"Ata do Copom \u00e9 destaque na agenda do dia desta ter\u00e7a-feira, bem como a primeira tele da Track & Field. Clique aqui para saber mais.","robots":{"index":"index","follow":"follow","max-snippet":"max-snippet:-1","max-image-preview":"max-image-preview:large","max-video-preview":"max-video-preview:-1"},"canonical":"https:\/\/www.suno.com.br\/noticias\/agenda-do-dia-ata-copom-tele-track-field\/","og_locale":"pt_BR","og_type":"article","og_title":"Agenda do dia: ata do Copom, primeira tele da Track & Field (TFCO4)","og_description":"Ata do Copom \u00e9 destaque na agenda do dia desta ter\u00e7a-feira, bem como a primeira tele da Track & Field. Clique aqui para saber mais.","og_url":"https:\/\/www.suno.com.br\/noticias\/agenda-do-dia-ata-copom-tele-track-field\/","og_site_name":"Suno Not\u00edcias","article_publisher":"https:\/\/facebook.com\/sunoresearch","og_image":[{"width":1024,"height":683,"url":"https:\/\/files.sunoresearch.com.br\/n\/uploads\/2021\/01\/42eff0a7-copom.jpg","type":"image\/jpeg"}],"author":"Vitor Azevedo","twitter_card":"summary_large_image","twitter_creator":"@sunoresearch","twitter_site":"@sunoresearch","twitter_misc":{"Escrito por":"Vitor Azevedo","Est. tempo de leitura":"3 minutos"},"schema":{"@context":"https:\/\/schema.org","@graph":[{"@type":"NewsArticle","@id":"https:\/\/www.suno.com.br\/noticias\/agenda-do-dia-ata-copom-tele-track-field\/#article","isPartOf":{"@id":"https:\/\/www.suno.com.br\/noticias\/agenda-do-dia-ata-copom-tele-track-field\/"},"author":{"name":"Vitor Azevedo","@id":"https:\/\/www.suno.com.br\/noticias\/#\/schema\/person\/658d5fbc74d81f265f5df3562d0038ab"},"headline":"Agenda do dia: ata do Copom, primeira tele da Track &#038; Field (TFCO4)","datePublished":"2021-03-23T11:15:39+00:00","dateModified":"2021-05-10T16:29:18+00:00","mainEntityOfPage":{"@id":"https:\/\/www.suno.com.br\/noticias\/agenda-do-dia-ata-copom-tele-track-field\/"},"wordCount":545,"publisher":{"@id":"https:\/\/www.suno.com.br\/noticias\/#organization"},"image":{"@id":"https:\/\/www.suno.com.br\/noticias\/agenda-do-dia-ata-copom-tele-track-field\/#primaryimage"},"thumbnailUrl":"https:\/\/files.sunoresearch.com.br\/n\/uploads\/2021\/01\/42eff0a7-copom-jpg.webp","keywords":["Alupar (ALUP11\/ALUP3\/ALUP4)","Copom","Track &amp; Field (TFCO4)"],"articleSection":["Mercado"],"inLanguage":"pt-BR"},{"@type":"WebPage","@id":"https:\/\/www.suno.com.br\/noticias\/agenda-do-dia-ata-copom-tele-track-field\/","url":"https:\/\/www.suno.com.br\/noticias\/agenda-do-dia-ata-copom-tele-track-field\/","name":"Agenda do dia: ata do Copom, primeira tele da Track & Field (TFCO4)","isPartOf":{"@id":"https:\/\/www.suno.com.br\/noticias\/#website"},"primaryImageOfPage":{"@id":"https:\/\/www.suno.com.br\/noticias\/agenda-do-dia-ata-copom-tele-track-field\/#primaryimage"},"image":{"@id":"https:\/\/www.suno.com.br\/noticias\/agenda-do-dia-ata-copom-tele-track-field\/#primaryimage"},"thumbnailUrl":"https:\/\/files.sunoresearch.com.br\/n\/uploads\/2021\/01\/42eff0a7-copom-jpg.webp","datePublished":"2021-03-23T11:15:39+00:00","dateModified":"2021-05-10T16:29:18+00:00","description":"Ata do Copom \u00e9 destaque na agenda do dia desta ter\u00e7a-feira, bem como a primeira tele da Track & Field. Clique aqui para saber mais.","breadcrumb":{"@id":"https:\/\/www.suno.com.br\/noticias\/agenda-do-dia-ata-copom-tele-track-field\/#breadcrumb"},"inLanguage":"pt-BR","potentialAction":[{"@type":"ReadAction","target":["https:\/\/www.suno.com.br\/noticias\/agenda-do-dia-ata-copom-tele-track-field\/"]}]},{"@type":"ImageObject","inLanguage":"pt-BR","@id":"https:\/\/www.suno.com.br\/noticias\/agenda-do-dia-ata-copom-tele-track-field\/#primaryimage","url":"https:\/\/files.sunoresearch.com.br\/n\/uploads\/2021\/01\/42eff0a7-copom-jpg.webp","contentUrl":"https:\/\/files.sunoresearch.com.br\/n\/uploads\/2021\/01\/42eff0a7-copom-jpg.webp","width":1024,"height":683,"caption":"Divulga\u00e7\u00e3o pelo BC da ata do Copom \u00e9 destaque na agenda do dia"},{"@type":"BreadcrumbList","@id":"https:\/\/www.suno.com.br\/noticias\/agenda-do-dia-ata-copom-tele-track-field\/#breadcrumb","itemListElement":[{"@type":"ListItem","position":1,"name":"Not\u00edcias","item":"https:\/\/www.suno.com.br\/noticias\/"},{"@type":"ListItem","position":2,"name":"Mercado","item":"https:\/\/www.suno.com.br\/noticias\/mercado\/"},{"@type":"ListItem","position":3,"name":"Agenda do dia: ata do Copom, primeira tele da Track &#038; Field (TFCO4)"}]},{"@type":"WebSite","@id":"https:\/\/www.suno.com.br\/noticias\/#website","url":"https:\/\/www.suno.com.br\/noticias\/","name":"Suno Not\u00edcias","description":"Seu portal de informa\u00e7\u00e3o sobre o mundo dos investimentos","publisher":{"@id":"https:\/\/www.suno.com.br\/noticias\/#organization"},"potentialAction":[{"@type":"SearchAction","target":{"@type":"EntryPoint","urlTemplate":"https:\/\/www.suno.com.br\/noticias\/?s={search_term_string}"},"query-input":{"@type":"PropertyValueSpecification","valueRequired":true,"valueName":"search_term_string"}}],"inLanguage":"pt-BR"},{"@type":"Organization","@id":"https:\/\/www.suno.com.br\/noticias\/#organization","name":"Suno Not\u00edcias","url":"https:\/\/www.suno.com.br\/noticias\/","logo":{"@type":"ImageObject","inLanguage":"pt-BR","@id":"https:\/\/www.suno.com.br\/noticias\/#\/schema\/logo\/image\/","url":"https:\/\/files.sunoresearch.com.br\/n\/uploads\/2021\/09\/suno-logo.png","contentUrl":"https:\/\/files.sunoresearch.com.br\/n\/uploads\/2021\/09\/suno-logo.png","width":180,"height":180,"caption":"Suno Not\u00edcias"},"image":{"@id":"https:\/\/www.suno.com.br\/noticias\/#\/schema\/logo\/image\/"},"sameAs":["https:\/\/facebook.com\/sunoresearch","https:\/\/x.com\/sunoresearch","https:\/\/www.instagram.com\/suno","https:\/\/www.linkedin.com\/company\/suno-research\/","https:\/\/www.youtube.com\/c\/sunoresearch"]},{"@type":"Person","@id":"https:\/\/www.suno.com.br\/noticias\/#\/schema\/person\/658d5fbc74d81f265f5df3562d0038ab","name":"Vitor Azevedo","image":{"@type":"ImageObject","inLanguage":"pt-BR","@id":"https:\/\/www.suno.com.br\/noticias\/#\/schema\/person\/image\/","url":"https:\/\/secure.gravatar.com\/avatar\/62b86195291b446fe380824eb28b99a5?s=96&r=g","contentUrl":"https:\/\/secure.gravatar.com\/avatar\/62b86195291b446fe380824eb28b99a5?s=96&r=g","caption":"Vitor Azevedo"},"description":"Formado em jornalismo pela Unesp, escreve sobre economia e neg\u00f3cios para a Suno Not\u00edcias.","url":"https:\/\/www.suno.com.br\/noticias\/author\/vitor-azevedo\/"}]}},"default_loop_html":"<div class=\"cardsPage__listCard__boxs\"><div class=\"cardsPage__listCard__boxs__img\"><a href=\"https:\/\/www.suno.com.br\/noticias\/agenda-do-dia-ata-copom-tele-track-field\/\"><img class=\"mask\" src=\"https:\/\/www.suno.com.br\/noticias\/wp-content\/themes\/suno\/resources\/images\/spotlight\/spotlight1img\/bg-mask.png\" alt=\"Image Mask\"\/><img src=\"https:\/\/files.sunoresearch.com.br\/n\/uploads\/2021\/01\/42eff0a7-copom-400x200.webp\" alt=\"Agenda do dia: ata do Copom, primeira tele da Track &#038; Field (TFCO4)\"\/><\/a><span class=\"spotlightCategory\"><a href=\"https:\/\/www.suno.com.br\/noticias\/mercado\/\">Mercado<\/a><\/span><\/div><div class=\"cardsPage__listCard__boxs__content\"><a href=\"https:\/\/www.suno.com.br\/noticias\/agenda-do-dia-ata-copom-tele-track-field\/\"><h2 class=\"content__title\">Agenda do dia: ata do Copom, primeira tele da Track &#038; Field (TFCO4)<\/h2><\/a><div class=\"newsContent__article__meta\"><div class=\"newsContent__article__meta__authorBox\"><a href=\"https:\/\/www.suno.com.br\/noticias\/author\/vitor-azevedo\/\" class=\"authorBox__avatar noMobi\"><img src=\"https:\/\/secure.gravatar.com\/avatar\/62b86195291b446fe380824eb28b99a5?s=96&#038;r=g\" alt=\"Vitor Azevedo\"><\/a><div class=\"authorBox__name\"><span>por\n\t\t\t<a href=\"https:\/\/www.suno.com.br\/noticias\/author\/vitor-azevedo\/\"><span itemprop=\"author\">Vitor Azevedo<\/span><\/a><\/span><time datetime=\"2021-03-23T08:15:39-03:00\" itemprop=\"datePublished\">23\/03\/2021 08:15<\/time><\/div><\/div><\/div><\/div><\/div>","single_layout":"posts","amp_enabled":true,"_links":{"self":[{"href":"https:\/\/www.suno.com.br\/noticias\/wp-json\/wp\/v2\/posts\/133842"}],"collection":[{"href":"https:\/\/www.suno.com.br\/noticias\/wp-json\/wp\/v2\/posts"}],"about":[{"href":"https:\/\/www.suno.com.br\/noticias\/wp-json\/wp\/v2\/types\/post"}],"author":[{"embeddable":true,"href":"https:\/\/www.suno.com.br\/noticias\/wp-json\/wp\/v2\/users\/59"}],"replies":[{"embeddable":true,"href":"https:\/\/www.suno.com.br\/noticias\/wp-json\/wp\/v2\/comments?post=133842"}],"version-history":[{"count":1,"href":"https:\/\/www.suno.com.br\/noticias\/wp-json\/wp\/v2\/posts\/133842\/revisions"}],"predecessor-version":[{"id":133857,"href":"https:\/\/www.suno.com.br\/noticias\/wp-json\/wp\/v2\/posts\/133842\/revisions\/133857"}],"wp:featuredmedia":[{"embeddable":true,"href":"https:\/\/www.suno.com.br\/noticias\/wp-json\/wp\/v2\/media\/116353"}],"wp:attachment":[{"href":"https:\/\/www.suno.com.br\/noticias\/wp-json\/wp\/v2\/media?parent=133842"}],"wp:term":[{"taxonomy":"category","embeddable":true,"href":"https:\/\/www.suno.com.br\/noticias\/wp-json\/wp\/v2\/categories?post=133842"},{"taxonomy":"post_tag","embeddable":true,"href":"https:\/\/www.suno.com.br\/noticias\/wp-json\/wp\/v2\/tags?post=133842"},{"taxonomy":"suno_strategy","embeddable":true,"href":"https:\/\/www.suno.com.br\/noticias\/wp-json\/wp\/v2\/suno_strategy?post=133842"}],"curies":[{"name":"wp","href":"https:\/\/api.w.org\/{rel}","templated":true}]}}