{"id":13371,"date":"2019-01-29T18:25:17","date_gmt":"2019-01-29T20:25:17","guid":{"rendered":"https:\/\/www.suno.com.br\/noticias\/?p=13371"},"modified":"2021-02-17T23:06:49","modified_gmt":"2021-02-18T02:06:49","slug":"dolar-menor-valor-euro","status":"publish","type":"post","link":"https:\/\/www.suno.com.br\/noticias\/dolar-menor-valor-euro\/","title":{"rendered":"D\u00f3lar cai 1,14% e tem menor valor em duas semana; Euro fecha em queda"},"content":{"rendered":"<p style=\"text-align: left;\">Com os olhares voltados ao cen\u00e1rio externo, o d\u00f3lar caiu 1,14% nesta ter\u00e7a-feira (29), cotado a R$\u00a03,72 na venda.<\/p>\t<div class=\"wrapper-featured-image\">\n\t\t<figure class=\"spotlightImg\">\n\n\t\t\t<picture>\n\t\t\t\t<source media=\"(max-width: 768px)\" srcset=\"https:\/\/files.sunoresearch.com.br\/n\/uploads\/2019\/01\/1e328bf6-d\u00f3lar-400x200.webp\">\n\t\t\t\t<img loading=\"lazy\" decoding=\"async\" class=\"newsContent__article__imgCapa lazyloadDisabled newsContent__article__imgCapa--noCaption\" src=\"https:\/\/files.sunoresearch.com.br\/n\/uploads\/2019\/01\/1e328bf6-d\u00f3lar.jpg\" width=\"800\" height=\"450\" alt=\"D\u00f3lar cai 1,14% e tem menor valor em duas semana; Euro fecha em queda\" fetchpriority=high \/>\n\t\t\t<\/picture>\n\n\t\t\t<figcaption class=\"wp-caption-text wp-caption-text--hide\">O d\u00f3lar encerrou nesta sexta-feira em alta de 1,14%, negociado a R$ 5,326 na venda, batendo um novo record. Clique aqui para saber mais<\/figcaption>\n\t\t<\/figure>\n\t<\/div>\n\n<p style=\"text-align: left;\">Com os olhares voltados ao cen\u00e1rio externo, o d\u00f3lar caiu 1,14% nesta ter\u00e7a-feira (29), cotado a R$\u00a03,72 na venda.<\/p>\n\n<p>Com uma semana intensa, o mercado analisa os desdobramentos da agenda mundial. Nos <strong>Estados Unidos<\/strong>, o encontro entre membros do <strong>Federal Reserve<\/strong> (Banco Central americano) \u00e9 destaque.<\/p>\n<p>Al\u00e9m disso,<strong> EUA<\/strong> e <strong>China<\/strong> ir\u00e3o iniciar uma nova rodada de negocia\u00e7\u00f5es com o objetivo de colocar fim a guerra comercial entre os dois pa\u00edses.<\/p>\n<p>No <strong>Reino Unido<\/strong>, ser\u00e1 votado nesta ter\u00e7a-feira (29) o plano B para a sa\u00edda do pa\u00eds da <strong>Uni\u00e3o Europ\u00e9ia<\/strong>.<\/p>\n<p>As outras moedas tamb\u00e9m ca\u00edram ante o real.<\/p>\n<ul>\n<li style=\"list-style-type: none;\">\n<ul>\n<li><strong>Euro:<\/strong>\u00a0queda de 1,084%, a R$ 4,2541;<\/li>\n<li><strong>Libra esterlina:<\/strong>\u00a0queda de\u00a01,785 %, a R$ 4,8628;<\/li>\n<\/ul>\n<\/li>\n<\/ul>\n<h2>Atua\u00e7\u00e3o do Banco Central<\/h2>\n<p>O <strong>Banco Central<\/strong> (BC), realizou o leil\u00e3o\u00a0de 13,4 mil contratos de <a href=\"https:\/\/www.suno.com.br\/artigos\/swap-cambial\/\">swap cambial<\/a> tradicional. O swap equivale \u00e0 venda futura de d\u00f3lares.<\/p>\n<p>Com isso, foram rolados\u00a0US$ 12,73 bilh\u00f5es de um total de US$ 13,398 bilh\u00f5es, que encerram em fevereiro.<\/p>\n<h2>Fed<\/h2>\n<p>O <strong>Banco Central dos Estados Unidos (Fed)<\/strong> inicia nesta ter\u00e7a-feira a reuni\u00e3o para tratar da pol\u00edtica monet\u00e1ria americana. De acordo com a Reuters, o banco dever\u00e1 indicar uma estabilidade nas taxas de juros. Em dezembro, o <strong>Fed<\/strong> <a href=\"https:\/\/www.suno.com.br\/noticias\/fed-aumenta-taxas-juros\/\">aumentou a taxa b\u00e1sica de juros<\/a> de 2,25% para 2,5%<\/p>\n<p>Ademais, as discuss\u00f5es sobre poss\u00edveis riscos para a economia americana tamb\u00e9m entraram na pauta do banco.<\/p>\n<p>Nos \u00faltimos meses, o presidente americano <strong>Donald Trump<\/strong> <a href=\"http:\/\/Fed aumenta pela quarta vez neste ano a taxa b\u00e1sica de juros Fonte: https:\/\/www.suno.com.br\/noticias\/fed-aumenta-taxas-juros\/\">criticou a pol\u00edtica monet\u00e1ria do Fed<\/a>. Em dezembro de 2018, <strong>Trump<\/strong> afirmou em sua conta no Twitter que o \u00fanico problema da economia americana era o <strong>Fed<\/strong>. Em janeiro, Trump voltou atacar a eleva\u00e7\u00e3o da taxa de juros realizada pelo banco.<\/p>\n<p>Houve especula\u00e7\u00f5es sobre uma poss\u00edvel sa\u00edda do presidente da institui\u00e7\u00e3o, <strong>Jerome Powell<\/strong>. No entanto, Powell confirmou sua perman\u00eancia, mesmo que Trump pedisse a sua sa\u00edda.<\/p>\n<h2>Guerra comercial<\/h2>\n<p>Na pr\u00f3xima quarta-feira (30) ter\u00e1 in\u00edcio uma nova rodada de negocia\u00e7\u00f5es entre os <strong>Estados Unidos<\/strong> e a <strong>China<\/strong>. O vice-premi\u00ea chin\u00eas, Liu He, desembarcar\u00e1 em Washington para as tratativas com autoridades americanas. He dever\u00e1 se encontrar com o secret\u00e1rio do Tesouro dos EUA, <strong>Steven Mnuchin<\/strong>.<\/p>\n<p>O mercado aguarda uma redu\u00e7\u00e3o das tens\u00f5es entre os dois pa\u00eds o quanto antes. A gigante norte-americana <strong>Apple<\/strong>, por exemplo, teve corte nas vendas na China. Entre os principais fatores para a queda est\u00e1 o reflexo da guerra comercial.<\/p>\n<p>\u201cAcreditamos que o ambiente econ\u00f4mico da <strong>China<\/strong> foi muito afetado pelas crescentes tens\u00f5es comerciais com os <strong>Estados Unidos<\/strong>\u201d, disse o CEO da <strong>Apple<\/strong>, Tio Cook, na ocasi\u00e3o.<\/p>\n<p><a href=\"https:\/\/www.suno.com.br\/noticias\/apple-reduz-expectativas-receita\/\">Saiba mais: Apple reduz expectativas de vendas devido \u00e0 China<\/a><\/p>\n<p>Al\u00e9m disso, na \u00faltima segunda-feira autoridades norte-americanas acusaram a empresa chinesa <strong>Huawei<\/strong> de fraude. As disputas envolvendo os Estados Unidos e a empresa podem gerar atritos na j\u00e1 conflituosa rela\u00e7\u00e3o entre EUA e China.<\/p>\n<p><a href=\"https:\/\/www.suno.com.br\/noticias\/estados-unidos-acusam-huawei-fraude\/\">Saiba mais: Estados Unidos acusam Huawei de roubar segredos comerciais e fraude<\/a><\/p>\n<h2>Brexit<\/h2>\n<p>O Parlamento brit\u00e2nico se re\u00fane nesta ter\u00e7a-feira (29) para votar as mudan\u00e7as do acordo\u00a0recusada pelos parlamentares no \u00faltimo dia 16 de janeiro.<\/p>\n<p>Considerada uma derrota hist\u00f3rica, a proposta de <strong>Theresa May<\/strong> foi rejeitada por 432 votos a favor e 202 contr\u00e1rios.<\/p>\n<p><a href=\"https:\/\/www.suno.com.br\/noticias\/derrota-brexit-may-voto-desconfianca\/\">Saiba mais: Ap\u00f3s derrota no Brexit, Theresa May sobrevive a voto de desconfian\u00e7a<\/a><\/p>\n<p>Dias depois, o trabalhista Jerimy Corbyn prop\u00f4s um voto de confian\u00e7a para derrubar a primeira-ministra. No entanto, <strong>May<\/strong> conseguiu reverter a situa\u00e7\u00e3o e continuar no cargo.<\/p>\n<h2>Bolsonaro<\/h2>\n<p>O presidente <strong>Jair Bolsonaro<\/strong> passa bem ap\u00f3s uma cirurgia para retirada de uma bolsa de colostomia. Segundo os m\u00e9dicos, <strong>Bolsonaro<\/strong> apresenta &#8220;boa evolu\u00e7\u00e3o cl\u00ednica&#8221;. Ele permanece internado na Unidade de Terapia Intensiva (UTI) do Hospital Albert Einstein, em S\u00e3o Paulo.<\/p>\n<p>Por outro lado, cresce as expectativas para a posse dos congressistas, que ocorrer\u00e1 no dia primeiro de fevereiro. O mercado est\u00e1 de olho nas articula\u00e7\u00f5es pol\u00edticas para as\u00a0<span style=\"font-size: 1.1429rem;\">elei\u00e7\u00f5es dos presidentes da C\u00e2mara e do Senado.\u00a0 O deputado Rodrigo Maia (DEM) e o senador\u00a0<\/span><span style=\"font-size: 1.1429rem;\">Renan Calheiros (MDB) s\u00e3o alguns dos nomes fortes at\u00e9 o momento para presidir a C\u00e2mara e o Senado respectivamente.\u00a0<\/span><\/p>\n<h2>\u00daltima cota\u00e7\u00e3o<\/h2>\n<p>Na \u00faltima segunda-feira (28), o <strong>d\u00f3lar<\/strong> operou em queda de 0,17% cotado a R$ 3,7655.<\/p>\n","protected":false},"excerpt":{"rendered":"<p>Com os olhares voltados ao cen\u00e1rio externo, o d\u00f3lar caiu 1,14% nesta ter\u00e7a-feira (29), cotado a R$\u00a03,72 na venda. O d\u00f3lar encerrou nesta sexta-feira em alta de 1,14%, negociado a R$ 5,326 na venda, batendo um novo record. Clique aqui para saber mais Com os olhares voltados ao cen\u00e1rio externo, o d\u00f3lar caiu 1,14% nesta [&hellip;]<\/p>\n","protected":false},"author":14,"featured_media":12723,"comment_status":"closed","ping_status":"closed","sticky":false,"template":"","format":"standard","meta":[],"categories":[60],"tags":[753,711,326,724,793,958,776,719],"suno_strategy":[],"class_list":["post-13371","post","type-post","status-publish","format-standard","has-post-thumbnail","hentry","category-mercado","tag-brexit","tag-china","tag-dolar","tag-donald-trump","tag-estados-unidos-eua","tag-euro","tag-federal-reseve-fed","tag-jair-bolsonaro"],"yoast_head":"<!-- This site is optimized with the Yoast SEO plugin v24.4 - https:\/\/yoast.com\/wordpress\/plugins\/seo\/ -->\n<title>D\u00f3lar cai 1,14% e tem menor valor em duas semana; Euro fecha em queda<\/title>\n<meta name=\"description\" content=\"O d\u00f3lar apresentou queda expresiva nesta ter\u00e7a-feira (29). No cen\u00e1rio externo, os mercados esperam pelo FED. Clique para saber mais.\" \/>\n<meta name=\"robots\" content=\"index, follow, max-snippet:-1, max-image-preview:large, max-video-preview:-1\" \/>\n<link rel=\"canonical\" href=\"https:\/\/www.suno.com.br\/noticias\/dolar-menor-valor-euro\/\" \/>\n<meta property=\"og:locale\" content=\"pt_BR\" \/>\n<meta property=\"og:type\" content=\"article\" \/>\n<meta property=\"og:title\" content=\"D\u00f3lar cai 1,14% e tem menor valor em duas semana; Euro fecha em queda\" \/>\n<meta property=\"og:description\" content=\"O d\u00f3lar apresentou queda expresiva nesta ter\u00e7a-feira (29). No cen\u00e1rio externo, os mercados esperam pelo FED. Clique para saber mais.\" \/>\n<meta property=\"og:url\" content=\"https:\/\/www.suno.com.br\/noticias\/dolar-menor-valor-euro\/\" \/>\n<meta property=\"og:site_name\" content=\"Suno Not\u00edcias\" \/>\n<meta property=\"article:publisher\" content=\"https:\/\/facebook.com\/sunoresearch\" \/>\n<meta property=\"og:image\" content=\"https:\/\/files.sunoresearch.com.br\/n\/uploads\/2019\/01\/1e328bf6-d\u00f3lar.jpg\" \/>\n\t<meta property=\"og:image:width\" content=\"450\" \/>\n\t<meta property=\"og:image:height\" content=\"251\" \/>\n\t<meta property=\"og:image:type\" content=\"image\/jpeg\" \/>\n<meta name=\"author\" content=\"Renan Dantas\" \/>\n<meta name=\"twitter:card\" content=\"summary_large_image\" \/>\n<meta name=\"twitter:creator\" content=\"@sunoresearch\" \/>\n<meta name=\"twitter:site\" content=\"@sunoresearch\" \/>\n<meta name=\"twitter:label1\" content=\"Escrito por\" \/>\n\t<meta name=\"twitter:data1\" content=\"Renan Dantas\" \/>\n\t<meta name=\"twitter:label2\" content=\"Est. tempo de leitura\" \/>\n\t<meta name=\"twitter:data2\" content=\"4 minutos\" \/>\n<script type=\"application\/ld+json\" class=\"yoast-schema-graph\">{\"@context\":\"https:\/\/schema.org\",\"@graph\":[{\"@type\":\"NewsArticle\",\"@id\":\"https:\/\/www.suno.com.br\/noticias\/dolar-menor-valor-euro\/#article\",\"isPartOf\":{\"@id\":\"https:\/\/www.suno.com.br\/noticias\/dolar-menor-valor-euro\/\"},\"author\":{\"name\":\"Renan Dantas\",\"@id\":\"https:\/\/www.suno.com.br\/noticias\/#\/schema\/person\/3f7693d5795a3f6d5ce15309ee785699\"},\"headline\":\"D\u00f3lar cai 1,14% e tem menor valor em duas semana; Euro fecha em queda\",\"datePublished\":\"2019-01-29T20:25:17+00:00\",\"dateModified\":\"2021-02-18T02:06:49+00:00\",\"mainEntityOfPage\":{\"@id\":\"https:\/\/www.suno.com.br\/noticias\/dolar-menor-valor-euro\/\"},\"wordCount\":776,\"publisher\":{\"@id\":\"https:\/\/www.suno.com.br\/noticias\/#organization\"},\"image\":{\"@id\":\"https:\/\/www.suno.com.br\/noticias\/dolar-menor-valor-euro\/#primaryimage\"},\"thumbnailUrl\":\"https:\/\/files.sunoresearch.com.br\/n\/uploads\/2019\/01\/1e328bf6-d\u00f3lar.jpg\",\"keywords\":[\"Brexit\",\"China\",\"d\u00f3lar\",\"Donald Trump\",\"Estados Unidos (EUA)\",\"Euro\",\"Federal Reserve (FED)\",\"Jair Bolsonaro\"],\"articleSection\":[\"Mercado\"],\"inLanguage\":\"pt-BR\"},{\"@type\":\"WebPage\",\"@id\":\"https:\/\/www.suno.com.br\/noticias\/dolar-menor-valor-euro\/\",\"url\":\"https:\/\/www.suno.com.br\/noticias\/dolar-menor-valor-euro\/\",\"name\":\"D\u00f3lar cai 1,14% e tem menor valor em duas semana; Euro fecha em queda\",\"isPartOf\":{\"@id\":\"https:\/\/www.suno.com.br\/noticias\/#website\"},\"primaryImageOfPage\":{\"@id\":\"https:\/\/www.suno.com.br\/noticias\/dolar-menor-valor-euro\/#primaryimage\"},\"image\":{\"@id\":\"https:\/\/www.suno.com.br\/noticias\/dolar-menor-valor-euro\/#primaryimage\"},\"thumbnailUrl\":\"https:\/\/files.sunoresearch.com.br\/n\/uploads\/2019\/01\/1e328bf6-d\u00f3lar.jpg\",\"datePublished\":\"2019-01-29T20:25:17+00:00\",\"dateModified\":\"2021-02-18T02:06:49+00:00\",\"description\":\"O d\u00f3lar apresentou queda expresiva nesta ter\u00e7a-feira (29). No cen\u00e1rio externo, os mercados esperam pelo FED. Clique para saber mais.\",\"breadcrumb\":{\"@id\":\"https:\/\/www.suno.com.br\/noticias\/dolar-menor-valor-euro\/#breadcrumb\"},\"inLanguage\":\"pt-BR\",\"potentialAction\":[{\"@type\":\"ReadAction\",\"target\":[\"https:\/\/www.suno.com.br\/noticias\/dolar-menor-valor-euro\/\"]}]},{\"@type\":\"ImageObject\",\"inLanguage\":\"pt-BR\",\"@id\":\"https:\/\/www.suno.com.br\/noticias\/dolar-menor-valor-euro\/#primaryimage\",\"url\":\"https:\/\/files.sunoresearch.com.br\/n\/uploads\/2019\/01\/1e328bf6-d\u00f3lar.jpg\",\"contentUrl\":\"https:\/\/files.sunoresearch.com.br\/n\/uploads\/2019\/01\/1e328bf6-d\u00f3lar.jpg\",\"width\":450,\"height\":251,\"caption\":\"O d\u00f3lar encerrou nesta sexta-feira em alta de 1,14%, negociado a R$ 5,326 na venda, batendo um novo record. Clique aqui para saber mais\"},{\"@type\":\"BreadcrumbList\",\"@id\":\"https:\/\/www.suno.com.br\/noticias\/dolar-menor-valor-euro\/#breadcrumb\",\"itemListElement\":[{\"@type\":\"ListItem\",\"position\":1,\"name\":\"Not\u00edcias\",\"item\":\"https:\/\/www.suno.com.br\/noticias\/\"},{\"@type\":\"ListItem\",\"position\":2,\"name\":\"Mercado\",\"item\":\"https:\/\/www.suno.com.br\/noticias\/mercado\/\"},{\"@type\":\"ListItem\",\"position\":3,\"name\":\"D\u00f3lar cai 1,14% e tem menor valor em duas semana; Euro fecha em queda\"}]},{\"@type\":\"WebSite\",\"@id\":\"https:\/\/www.suno.com.br\/noticias\/#website\",\"url\":\"https:\/\/www.suno.com.br\/noticias\/\",\"name\":\"Suno Not\u00edcias\",\"description\":\"Seu portal de informa\u00e7\u00e3o sobre o mundo dos investimentos\",\"publisher\":{\"@id\":\"https:\/\/www.suno.com.br\/noticias\/#organization\"},\"potentialAction\":[{\"@type\":\"SearchAction\",\"target\":{\"@type\":\"EntryPoint\",\"urlTemplate\":\"https:\/\/www.suno.com.br\/noticias\/?s={search_term_string}\"},\"query-input\":{\"@type\":\"PropertyValueSpecification\",\"valueRequired\":true,\"valueName\":\"search_term_string\"}}],\"inLanguage\":\"pt-BR\"},{\"@type\":\"Organization\",\"@id\":\"https:\/\/www.suno.com.br\/noticias\/#organization\",\"name\":\"Suno Not\u00edcias\",\"url\":\"https:\/\/www.suno.com.br\/noticias\/\",\"logo\":{\"@type\":\"ImageObject\",\"inLanguage\":\"pt-BR\",\"@id\":\"https:\/\/www.suno.com.br\/noticias\/#\/schema\/logo\/image\/\",\"url\":\"https:\/\/files.sunoresearch.com.br\/n\/uploads\/2021\/09\/suno-logo.png\",\"contentUrl\":\"https:\/\/files.sunoresearch.com.br\/n\/uploads\/2021\/09\/suno-logo.png\",\"width\":180,\"height\":180,\"caption\":\"Suno Not\u00edcias\"},\"image\":{\"@id\":\"https:\/\/www.suno.com.br\/noticias\/#\/schema\/logo\/image\/\"},\"sameAs\":[\"https:\/\/facebook.com\/sunoresearch\",\"https:\/\/x.com\/sunoresearch\",\"https:\/\/www.instagram.com\/suno\",\"https:\/\/www.linkedin.com\/company\/suno-research\/\",\"https:\/\/www.youtube.com\/c\/sunoresearch\"]},{\"@type\":\"Person\",\"@id\":\"https:\/\/www.suno.com.br\/noticias\/#\/schema\/person\/3f7693d5795a3f6d5ce15309ee785699\",\"name\":\"Renan Dantas\",\"image\":{\"@type\":\"ImageObject\",\"inLanguage\":\"pt-BR\",\"@id\":\"https:\/\/www.suno.com.br\/noticias\/#\/schema\/person\/image\/\",\"url\":\"https:\/\/secure.gravatar.com\/avatar\/1787b83e7484a08e51d62ac8b41c8396?s=96&r=g\",\"contentUrl\":\"https:\/\/secure.gravatar.com\/avatar\/1787b83e7484a08e51d62ac8b41c8396?s=96&r=g\",\"caption\":\"Renan Dantas\"},\"description\":\"Escreve sobre pol\u00edtica e mercado financeiro para o portal Suno Not\u00edcias. Antes, atuou na assessoria de comunica\u00e7\u00e3o do Minist\u00e9rio P\u00fablico do Trabalho e na R\u00e1dio Mackenzie, onde apresentava e produzia um programa sobre artistas da m\u00fasica brasileira. \u00c9 estudante na Universidade Presbiteriana Mackenzie.\",\"url\":\"https:\/\/www.suno.com.br\/noticias\/author\/renan-dantas\/\"}]}<\/script>\n<!-- \/ Yoast SEO plugin. -->","yoast_head_json":{"title":"D\u00f3lar cai 1,14% e tem menor valor em duas semana; Euro fecha em queda","description":"O d\u00f3lar apresentou queda expresiva nesta ter\u00e7a-feira (29). No cen\u00e1rio externo, os mercados esperam pelo FED. Clique para saber mais.","robots":{"index":"index","follow":"follow","max-snippet":"max-snippet:-1","max-image-preview":"max-image-preview:large","max-video-preview":"max-video-preview:-1"},"canonical":"https:\/\/www.suno.com.br\/noticias\/dolar-menor-valor-euro\/","og_locale":"pt_BR","og_type":"article","og_title":"D\u00f3lar cai 1,14% e tem menor valor em duas semana; Euro fecha em queda","og_description":"O d\u00f3lar apresentou queda expresiva nesta ter\u00e7a-feira (29). No cen\u00e1rio externo, os mercados esperam pelo FED. Clique para saber mais.","og_url":"https:\/\/www.suno.com.br\/noticias\/dolar-menor-valor-euro\/","og_site_name":"Suno Not\u00edcias","article_publisher":"https:\/\/facebook.com\/sunoresearch","og_image":[{"width":450,"height":251,"url":"https:\/\/files.sunoresearch.com.br\/n\/uploads\/2019\/01\/1e328bf6-d\u00f3lar.jpg","type":"image\/jpeg"}],"author":"Renan Dantas","twitter_card":"summary_large_image","twitter_creator":"@sunoresearch","twitter_site":"@sunoresearch","twitter_misc":{"Escrito por":"Renan Dantas","Est. tempo de leitura":"4 minutos"},"schema":{"@context":"https:\/\/schema.org","@graph":[{"@type":"NewsArticle","@id":"https:\/\/www.suno.com.br\/noticias\/dolar-menor-valor-euro\/#article","isPartOf":{"@id":"https:\/\/www.suno.com.br\/noticias\/dolar-menor-valor-euro\/"},"author":{"name":"Renan Dantas","@id":"https:\/\/www.suno.com.br\/noticias\/#\/schema\/person\/3f7693d5795a3f6d5ce15309ee785699"},"headline":"D\u00f3lar cai 1,14% e tem menor valor em duas semana; Euro fecha em queda","datePublished":"2019-01-29T20:25:17+00:00","dateModified":"2021-02-18T02:06:49+00:00","mainEntityOfPage":{"@id":"https:\/\/www.suno.com.br\/noticias\/dolar-menor-valor-euro\/"},"wordCount":776,"publisher":{"@id":"https:\/\/www.suno.com.br\/noticias\/#organization"},"image":{"@id":"https:\/\/www.suno.com.br\/noticias\/dolar-menor-valor-euro\/#primaryimage"},"thumbnailUrl":"https:\/\/files.sunoresearch.com.br\/n\/uploads\/2019\/01\/1e328bf6-d\u00f3lar.jpg","keywords":["Brexit","China","d\u00f3lar","Donald Trump","Estados Unidos (EUA)","Euro","Federal Reserve (FED)","Jair Bolsonaro"],"articleSection":["Mercado"],"inLanguage":"pt-BR"},{"@type":"WebPage","@id":"https:\/\/www.suno.com.br\/noticias\/dolar-menor-valor-euro\/","url":"https:\/\/www.suno.com.br\/noticias\/dolar-menor-valor-euro\/","name":"D\u00f3lar cai 1,14% e tem menor valor em duas semana; Euro fecha em queda","isPartOf":{"@id":"https:\/\/www.suno.com.br\/noticias\/#website"},"primaryImageOfPage":{"@id":"https:\/\/www.suno.com.br\/noticias\/dolar-menor-valor-euro\/#primaryimage"},"image":{"@id":"https:\/\/www.suno.com.br\/noticias\/dolar-menor-valor-euro\/#primaryimage"},"thumbnailUrl":"https:\/\/files.sunoresearch.com.br\/n\/uploads\/2019\/01\/1e328bf6-d\u00f3lar.jpg","datePublished":"2019-01-29T20:25:17+00:00","dateModified":"2021-02-18T02:06:49+00:00","description":"O d\u00f3lar apresentou queda expresiva nesta ter\u00e7a-feira (29). No cen\u00e1rio externo, os mercados esperam pelo FED. Clique para saber mais.","breadcrumb":{"@id":"https:\/\/www.suno.com.br\/noticias\/dolar-menor-valor-euro\/#breadcrumb"},"inLanguage":"pt-BR","potentialAction":[{"@type":"ReadAction","target":["https:\/\/www.suno.com.br\/noticias\/dolar-menor-valor-euro\/"]}]},{"@type":"ImageObject","inLanguage":"pt-BR","@id":"https:\/\/www.suno.com.br\/noticias\/dolar-menor-valor-euro\/#primaryimage","url":"https:\/\/files.sunoresearch.com.br\/n\/uploads\/2019\/01\/1e328bf6-d\u00f3lar.jpg","contentUrl":"https:\/\/files.sunoresearch.com.br\/n\/uploads\/2019\/01\/1e328bf6-d\u00f3lar.jpg","width":450,"height":251,"caption":"O d\u00f3lar encerrou nesta sexta-feira em alta de 1,14%, negociado a R$ 5,326 na venda, batendo um novo record. Clique aqui para saber mais"},{"@type":"BreadcrumbList","@id":"https:\/\/www.suno.com.br\/noticias\/dolar-menor-valor-euro\/#breadcrumb","itemListElement":[{"@type":"ListItem","position":1,"name":"Not\u00edcias","item":"https:\/\/www.suno.com.br\/noticias\/"},{"@type":"ListItem","position":2,"name":"Mercado","item":"https:\/\/www.suno.com.br\/noticias\/mercado\/"},{"@type":"ListItem","position":3,"name":"D\u00f3lar cai 1,14% e tem menor valor em duas semana; Euro fecha em queda"}]},{"@type":"WebSite","@id":"https:\/\/www.suno.com.br\/noticias\/#website","url":"https:\/\/www.suno.com.br\/noticias\/","name":"Suno Not\u00edcias","description":"Seu portal de informa\u00e7\u00e3o sobre o mundo dos investimentos","publisher":{"@id":"https:\/\/www.suno.com.br\/noticias\/#organization"},"potentialAction":[{"@type":"SearchAction","target":{"@type":"EntryPoint","urlTemplate":"https:\/\/www.suno.com.br\/noticias\/?s={search_term_string}"},"query-input":{"@type":"PropertyValueSpecification","valueRequired":true,"valueName":"search_term_string"}}],"inLanguage":"pt-BR"},{"@type":"Organization","@id":"https:\/\/www.suno.com.br\/noticias\/#organization","name":"Suno Not\u00edcias","url":"https:\/\/www.suno.com.br\/noticias\/","logo":{"@type":"ImageObject","inLanguage":"pt-BR","@id":"https:\/\/www.suno.com.br\/noticias\/#\/schema\/logo\/image\/","url":"https:\/\/files.sunoresearch.com.br\/n\/uploads\/2021\/09\/suno-logo.png","contentUrl":"https:\/\/files.sunoresearch.com.br\/n\/uploads\/2021\/09\/suno-logo.png","width":180,"height":180,"caption":"Suno Not\u00edcias"},"image":{"@id":"https:\/\/www.suno.com.br\/noticias\/#\/schema\/logo\/image\/"},"sameAs":["https:\/\/facebook.com\/sunoresearch","https:\/\/x.com\/sunoresearch","https:\/\/www.instagram.com\/suno","https:\/\/www.linkedin.com\/company\/suno-research\/","https:\/\/www.youtube.com\/c\/sunoresearch"]},{"@type":"Person","@id":"https:\/\/www.suno.com.br\/noticias\/#\/schema\/person\/3f7693d5795a3f6d5ce15309ee785699","name":"Renan Dantas","image":{"@type":"ImageObject","inLanguage":"pt-BR","@id":"https:\/\/www.suno.com.br\/noticias\/#\/schema\/person\/image\/","url":"https:\/\/secure.gravatar.com\/avatar\/1787b83e7484a08e51d62ac8b41c8396?s=96&r=g","contentUrl":"https:\/\/secure.gravatar.com\/avatar\/1787b83e7484a08e51d62ac8b41c8396?s=96&r=g","caption":"Renan Dantas"},"description":"Escreve sobre pol\u00edtica e mercado financeiro para o portal Suno Not\u00edcias. Antes, atuou na assessoria de comunica\u00e7\u00e3o do Minist\u00e9rio P\u00fablico do Trabalho e na R\u00e1dio Mackenzie, onde apresentava e produzia um programa sobre artistas da m\u00fasica brasileira. \u00c9 estudante na Universidade Presbiteriana Mackenzie.","url":"https:\/\/www.suno.com.br\/noticias\/author\/renan-dantas\/"}]}},"default_loop_html":"<div class=\"cardsPage__listCard__boxs\"><div class=\"cardsPage__listCard__boxs__img\"><a href=\"https:\/\/www.suno.com.br\/noticias\/dolar-menor-valor-euro\/\"><img class=\"mask\" src=\"https:\/\/www.suno.com.br\/noticias\/wp-content\/themes\/suno\/resources\/images\/spotlight\/spotlight1img\/bg-mask.png\" alt=\"Image Mask\"\/><img src=\"https:\/\/files.sunoresearch.com.br\/n\/uploads\/2019\/01\/1e328bf6-d\u00f3lar-400x200.webp\" alt=\"D\u00f3lar cai 1,14% e tem menor valor em duas semana; Euro fecha em queda\"\/><\/a><span class=\"spotlightCategory\"><a href=\"https:\/\/www.suno.com.br\/noticias\/mercado\/\">Mercado<\/a><\/span><\/div><div class=\"cardsPage__listCard__boxs__content\"><a href=\"https:\/\/www.suno.com.br\/noticias\/dolar-menor-valor-euro\/\"><h2 class=\"content__title\">D\u00f3lar cai 1,14% e tem menor valor em duas semana; Euro fecha em queda<\/h2><\/a><div class=\"newsContent__article__meta\"><div class=\"newsContent__article__meta__authorBox\"><a href=\"https:\/\/www.suno.com.br\/noticias\/author\/renan-dantas\/\" class=\"authorBox__avatar noMobi\"><img src=\"https:\/\/secure.gravatar.com\/avatar\/1787b83e7484a08e51d62ac8b41c8396?s=96&#038;r=g\" alt=\"Renan Dantas\"><\/a><div class=\"authorBox__name\"><span>por\n\t\t\t<a href=\"https:\/\/www.suno.com.br\/noticias\/author\/renan-dantas\/\"><span itemprop=\"author\">Renan Dantas<\/span><\/a><\/span><time datetime=\"2019-01-29T18:25:17-02:00\" itemprop=\"datePublished\">29\/01\/2019 18:25<\/time><\/div><\/div><\/div><\/div><\/div>","single_layout":"posts","amp_enabled":true,"_links":{"self":[{"href":"https:\/\/www.suno.com.br\/noticias\/wp-json\/wp\/v2\/posts\/13371"}],"collection":[{"href":"https:\/\/www.suno.com.br\/noticias\/wp-json\/wp\/v2\/posts"}],"about":[{"href":"https:\/\/www.suno.com.br\/noticias\/wp-json\/wp\/v2\/types\/post"}],"author":[{"embeddable":true,"href":"https:\/\/www.suno.com.br\/noticias\/wp-json\/wp\/v2\/users\/14"}],"replies":[{"embeddable":true,"href":"https:\/\/www.suno.com.br\/noticias\/wp-json\/wp\/v2\/comments?post=13371"}],"version-history":[{"count":0,"href":"https:\/\/www.suno.com.br\/noticias\/wp-json\/wp\/v2\/posts\/13371\/revisions"}],"wp:featuredmedia":[{"embeddable":true,"href":"https:\/\/www.suno.com.br\/noticias\/wp-json\/wp\/v2\/media\/12723"}],"wp:attachment":[{"href":"https:\/\/www.suno.com.br\/noticias\/wp-json\/wp\/v2\/media?parent=13371"}],"wp:term":[{"taxonomy":"category","embeddable":true,"href":"https:\/\/www.suno.com.br\/noticias\/wp-json\/wp\/v2\/categories?post=13371"},{"taxonomy":"post_tag","embeddable":true,"href":"https:\/\/www.suno.com.br\/noticias\/wp-json\/wp\/v2\/tags?post=13371"},{"taxonomy":"suno_strategy","embeddable":true,"href":"https:\/\/www.suno.com.br\/noticias\/wp-json\/wp\/v2\/suno_strategy?post=13371"}],"curies":[{"name":"wp","href":"https:\/\/api.w.org\/{rel}","templated":true}]}}