{"id":133571,"date":"2021-03-22T09:00:30","date_gmt":"2021-03-22T12:00:30","guid":{"rendered":"https:\/\/www.suno.com.br\/noticias\/?p=133571"},"modified":"2021-05-12T15:01:13","modified_gmt":"2021-05-12T18:01:13","slug":"lira-turca-despenca-temor-emergentes","status":"publish","type":"post","link":"https:\/\/www.suno.com.br\/noticias\/lira-turca-despenca-temor-emergentes\/","title":{"rendered":"Lira turca despenca ap\u00f3s interfer\u00eancia e traz temor sobre emergentes"},"content":{"rendered":"<p>Ap\u00f3s a abertura dos mercados na Europa, a<strong> lira turca<\/strong> chegou a despecar 17% frente ao d\u00f3lar. O mercado reage \u00e0 decis\u00e3o do presidente turco Recep Tayyip Erdogan demitir o l\u00edder do <a href=\"https:\/\/www.suno.com.br\/artigos\/bacen\/\">Banco Central<\/a> do pa\u00eds.<\/p>\t<div class=\"wrapper-featured-image\">\n\t\t<figure class=\"spotlightImg\">\n\n\t\t\t<picture>\n\t\t\t\t<source media=\"(max-width: 768px)\" srcset=\"https:\/\/files.sunoresearch.com.br\/n\/uploads\/2021\/03\/6abf99ec-flag-of-turkey-3036191_1280-400x200.webp\">\n\t\t\t\t<img loading=\"lazy\" decoding=\"async\" class=\"newsContent__article__imgCapa lazyloadDisabled \" src=\"https:\/\/files.sunoresearch.com.br\/n\/uploads\/2021\/03\/6abf99ec-flag-of-turkey-3036191_1280-800x450.webp\" width=\"800\" height=\"450\" alt=\"Lira turca despenca ap\u00f3s interfer\u00eancia e traz temor sobre emergentes\" fetchpriority=high \/>\n\t\t\t<\/picture>\n\n\t\t\t<figcaption class=\"wp-caption-text wp-caption-text--show\">Bandeira da Turquia. Foto: Pixabay.<\/figcaption>\n\t\t<\/figure>\n\t<\/div>\n\n\n\t<p>\n\t\t<a href=\"https:\/\/lp.suno.com.br\/planilha-controle-gastos\/\" target=\"_blank\" data-element=\"shortcode-suno-banner\" title=\"Banner SUNO, clique e saiba mais\">\n\t\t\t<picture>\n\t\t\t\t<source media=\"(max-width: 500px)\" srcset=\"https:\/\/files.sunoresearch.com.br\/n\/uploads\/2023\/03\/400x300-Planilha-controle-de-gastos.png\">\n\t\t\t\t<img class=\"newsContent__article__imgCapa newsContent__article__imgCapa--banner\"\n\t\t\t\t\tsrc=\"https:\/\/files.sunoresearch.com.br\/n\/uploads\/2023\/03\/1420x240-Planilha-controle-de-gastos.png\"\n\t\t\t\t\tdata-promo-id=\"101751\"\t\t\t\t\t\t\t\t\t\twidth='1420' height='240'\t\t\t\t\talt=\"https:\/\/files.sunoresearch.com.br\/n\/uploads\/2023\/03\/1420x240-Planilha-controle-de-gastos.png\"\n\t\t\t\t>\n\t\t\t<\/picture>\n\t\t<\/a>\n\t<\/p>\n\n\n<p>O ato foi comunicado em di\u00e1rio oficial no \u00faltimo s\u00e1bado (20) e ocorreu dois dias ap\u00f3s uma alta dos juros no pa\u00eds acima do esperado por analistas, para 19%. Ap\u00f3s o sino tocar e as bolsas abrirem, o d\u00f3lar operava pr\u00f3ximo as 8,40 liras. H\u00e1 um debate sobre a possibilidade do movimento atingir outros <a href=\"https:\/\/www.suno.com.br\/artigos\/paises-emergentes\/\">mercados emergentes<\/a>, como o <strong>Brasil<\/strong>.<\/p>\n<p>O economista-chefe do Instituto de Finan\u00e7as Internacional (IIF, na sigla em ingl\u00eas), Robin Brooks, afirmou que algo semelhante ocorreu em 2018, quando a Turquia &#8220;era vista como idiossincr\u00e1tica, mas tivemos muito cont\u00e1gio&#8221;. Segundo ele, os sinais iniciais s\u00e3o semelhantes hoje.<\/p>\n<p><a href=\"https:\/\/lp.suno.com.br\/suno-one\/\">Suno One: acesse gratuitamente eBooks, Minicursos, Artigos e V\u00eddeo Aulas sobre investimentos com um \u00fanico cadastro. Clique para saber mais!<\/a><\/p>\n<p>Em seu Twitter, Brooks escreveu que &#8220;o Brasil est\u00e1 sendo citado nos mercados como o mais vulner\u00e1vel, j\u00e1 que o Banco Central tamb\u00e9m subiu <i>(juros)<\/i> esta semana&#8221;. O economista afirma que a \u00faltima vez que o d\u00f3lar atingiu o n\u00edvel pr\u00f3ximo a 8,50 liras foi em novembro, e cita que o valor vem sendo cogitado por analistas.<\/p>\n<p>Com a alta recente nos rendimentos dos <strong>Treasuries<\/strong>, t\u00edtulos do Tesouro norte-americano, Brooks diz haver um cen\u00e1rio complicado para moedas emergentes, uma vez que os bancos centrais locais vem sendo obrigados a aumentar suas <a href=\"https:\/\/www.suno.com.br\/artigos\/taxa-de-juros\/\">taxas de juros<\/a>.<\/p>\n\t<p>\n\t\t<a href=\"https:\/\/lp.suno.com.br\/planilha-da-vida-financeira\/\" target=\"_blank\" data-element=\"shortcode-suno-banner\" title=\"Banner SUNO, clique e saiba mais\">\n\t\t\t<picture>\n\t\t\t\t<source media=\"(max-width: 500px)\" srcset=\"https:\/\/files.sunoresearch.com.br\/n\/uploads\/2023\/04\/400x300-Planilha-vida-financeira-true.png\">\n\t\t\t\t<img class=\"newsContent__article__imgCapa newsContent__article__imgCapa--banner\"\n\t\t\t\t\tsrc=\"https:\/\/files.sunoresearch.com.br\/n\/uploads\/2023\/04\/1420x240-Planilha-vida-financeira-true.png\"\n\t\t\t\t\tdata-promo-id=\"106682\"\t\t\t\t\t\t\t\t\t\twidth='1420' height='240'\t\t\t\t\talt=\"https:\/\/files.sunoresearch.com.br\/n\/uploads\/2023\/04\/1420x240-Planilha-vida-financeira-true.png\"\n\t\t\t\t>\n\t\t\t<\/picture>\n\t\t<\/a>\n\t<\/p>\n\n\n<h2>Lira turca sofre com intefer\u00eancias no BC<\/h2>\n<p>O movimento na Turquia veio ap\u00f3s um aumento de 200 pontos-base na mais recente decis\u00e3o de <strong>pol\u00edtica monet\u00e1ria<\/strong> do pa\u00eds, superior ao consenso de eleva\u00e7\u00e3o em 100 pontos. Erdogan destituiu o ent\u00e3o presidente do Banco Central, Naci Agbal. Sahap Kavcioglu foi nomeado como o novo chefe da autoridade monet\u00e1ria local. Desde 2019, \u00e9 a terceira vez que o titular do cargo \u00e9 destitu\u00eddo por Erdogan.<\/p>\n\t<div data-element=\"shortcode-read-more\" class=\"knowMore\">\n\t\t\t\t<span class=\"knowMore__title\">Saiba mais<\/span>\n\t\t\t\t<a class=\"knowMore__link\" href=\"https:\/\/www.suno.com.br\/noticias\/g-7-injecao-recursos-instrumento-fmi\/\">\n\t\t\tG-7 apoia inje\u00e7\u00e3o de recursos a pa\u00edses pobres por instrumento do FMI\t\t<\/a>\n\t<\/div>\n\n\n<p>Kavcioglu se apresenta nas redes sociais como deputado pelo Partido da Justi\u00e7a de Desenvolvimento (AKP, na sigla em turco), o mesmo do presidente Erdogan. Al\u00e9m disso, mant\u00e9m uma coluna de economia no jornal <i>Yeni Safak<\/i>.<\/p>\n<p>A pol\u00edtica de Abgal para aumentar taxas e, dessa forma, combater o crescimento da infla\u00e7\u00e3o tendem a valorizar a <strong>lira turca<\/strong>. Ao assumir o BC, ele encerrou uma estrutura de financiamento complexa e procurou estabilizar os pre\u00e7os na economia.<\/p>\n<p><em>Com informa\u00e7\u00f5es do Estad\u00e3o Conte\u00fado.\u00a0<\/em><\/p>\n\t<p>\n\t\t<a href=\"https:\/\/lp.suno.com.br\/planilha-de-controle-de-investimentos\/\" target=\"_blank\" data-element=\"shortcode-suno-banner\" title=\"Banner SUNO, clique e saiba mais\">\n\t\t\t<picture>\n\t\t\t\t<source media=\"(max-width: 500px)\" srcset=\"https:\/\/files.sunoresearch.com.br\/n\/uploads\/2023\/03\/400x300-Controle-de-Investimentos.png\">\n\t\t\t\t<img class=\"newsContent__article__imgCapa newsContent__article__imgCapa--banner\"\n\t\t\t\t\tsrc=\"https:\/\/files.sunoresearch.com.br\/n\/uploads\/2023\/03\/1420x240-Controle-de-Investimentos.png\"\n\t\t\t\t\tdata-promo-id=\"75934\"\t\t\t\t\t\t\t\t\t\twidth='1420' height='240'\t\t\t\t\talt=\"https:\/\/files.sunoresearch.com.br\/n\/uploads\/2023\/03\/1420x240-Controle-de-Investimentos.png\"\n\t\t\t\t>\n\t\t\t<\/picture>\n\t\t<\/a>\n\t<\/p>\n\n\n","protected":false},"excerpt":{"rendered":"<p>Ap\u00f3s a abertura dos mercados na Europa, a lira turca chegou a despecar 17% frente ao d\u00f3lar. O mercado reage \u00e0 decis\u00e3o do presidente turco Recep Tayyip Erdogan demitir o l\u00edder do Banco Central do pa\u00eds. Bandeira da Turquia. Foto: Pixabay. O ato foi comunicado em di\u00e1rio oficial no \u00faltimo s\u00e1bado (20) e ocorreu dois [&hellip;]<\/p>\n","protected":false},"author":24,"featured_media":137693,"comment_status":"closed","ping_status":"closed","sticky":false,"template":"","format":"standard","meta":[],"categories":[63],"tags":[326,1635,20375,2448,1752],"suno_strategy":[],"class_list":["post-133571","post","type-post","status-publish","format-standard","has-post-thumbnail","hentry","category-internacional","tag-dolar","tag-mercado-financeiro","tag-paises-emergentes","tag-politica-monetaria","tag-taxa-de-juros"],"yoast_head":"<!-- This site is optimized with the Yoast SEO plugin v24.4 - https:\/\/yoast.com\/wordpress\/plugins\/seo\/ -->\n<title>Lira turca despenca ap\u00f3s interfer\u00eancia e traz temor sobre emergentes<\/title>\n<meta name=\"description\" content=\"Ap\u00f3s a abertura dos mercados na Europa, a lira turca chegou a despecar 17% frente ao d\u00f3lar, trazendo temor aos emergentes. Saiba mais.\" \/>\n<meta name=\"robots\" content=\"index, follow, max-snippet:-1, max-image-preview:large, max-video-preview:-1\" \/>\n<link rel=\"canonical\" href=\"https:\/\/www.suno.com.br\/noticias\/lira-turca-despenca-temor-emergentes\/\" \/>\n<meta property=\"og:locale\" content=\"pt_BR\" \/>\n<meta property=\"og:type\" content=\"article\" \/>\n<meta property=\"og:title\" content=\"Lira turca despenca ap\u00f3s interfer\u00eancia e traz temor sobre emergentes\" \/>\n<meta property=\"og:description\" content=\"Ap\u00f3s a abertura dos mercados na Europa, a lira turca chegou a despecar 17% frente ao d\u00f3lar, trazendo temor aos emergentes. Saiba mais.\" \/>\n<meta property=\"og:url\" content=\"https:\/\/www.suno.com.br\/noticias\/lira-turca-despenca-temor-emergentes\/\" \/>\n<meta property=\"og:site_name\" content=\"Suno Not\u00edcias\" \/>\n<meta property=\"article:publisher\" content=\"https:\/\/facebook.com\/sunoresearch\" \/>\n<meta property=\"og:image\" content=\"https:\/\/files.sunoresearch.com.br\/n\/uploads\/2021\/03\/6abf99ec-flag-of-turkey-3036191_1280.jpg\" \/>\n\t<meta property=\"og:image:width\" content=\"1280\" \/>\n\t<meta property=\"og:image:height\" content=\"853\" \/>\n\t<meta property=\"og:image:type\" content=\"image\/jpeg\" \/>\n<meta name=\"author\" content=\"Jader Lazarini\" \/>\n<meta name=\"twitter:card\" content=\"summary_large_image\" \/>\n<meta name=\"twitter:creator\" content=\"@sunoresearch\" \/>\n<meta name=\"twitter:site\" content=\"@sunoresearch\" \/>\n<meta name=\"twitter:label1\" content=\"Escrito por\" \/>\n\t<meta name=\"twitter:data1\" content=\"Jader Lazarini\" \/>\n\t<meta name=\"twitter:label2\" content=\"Est. tempo de leitura\" \/>\n\t<meta name=\"twitter:data2\" content=\"2 minutos\" \/>\n<script type=\"application\/ld+json\" class=\"yoast-schema-graph\">{\"@context\":\"https:\/\/schema.org\",\"@graph\":[{\"@type\":\"NewsArticle\",\"@id\":\"https:\/\/www.suno.com.br\/noticias\/lira-turca-despenca-temor-emergentes\/#article\",\"isPartOf\":{\"@id\":\"https:\/\/www.suno.com.br\/noticias\/lira-turca-despenca-temor-emergentes\/\"},\"author\":{\"name\":\"Jader Lazarini\",\"@id\":\"https:\/\/www.suno.com.br\/noticias\/#\/schema\/person\/918d79de1f0281f01599b93f9ea6e23f\"},\"headline\":\"Lira turca despenca ap\u00f3s interfer\u00eancia e traz temor sobre emergentes\",\"datePublished\":\"2021-03-22T12:00:30+00:00\",\"dateModified\":\"2021-05-12T18:01:13+00:00\",\"mainEntityOfPage\":{\"@id\":\"https:\/\/www.suno.com.br\/noticias\/lira-turca-despenca-temor-emergentes\/\"},\"wordCount\":460,\"publisher\":{\"@id\":\"https:\/\/www.suno.com.br\/noticias\/#organization\"},\"image\":{\"@id\":\"https:\/\/www.suno.com.br\/noticias\/lira-turca-despenca-temor-emergentes\/#primaryimage\"},\"thumbnailUrl\":\"https:\/\/files.sunoresearch.com.br\/n\/uploads\/2021\/03\/6abf99ec-flag-of-turkey-3036191_1280-jpg.webp\",\"keywords\":[\"d\u00f3lar\",\"mercado financeiro\",\"pa\u00edses emergentes\",\"pol\u00edtica monet\u00e1ria\",\"taxa de juros\"],\"articleSection\":[\"Internacional\"],\"inLanguage\":\"pt-BR\"},{\"@type\":\"WebPage\",\"@id\":\"https:\/\/www.suno.com.br\/noticias\/lira-turca-despenca-temor-emergentes\/\",\"url\":\"https:\/\/www.suno.com.br\/noticias\/lira-turca-despenca-temor-emergentes\/\",\"name\":\"Lira turca despenca ap\u00f3s interfer\u00eancia e traz temor sobre emergentes\",\"isPartOf\":{\"@id\":\"https:\/\/www.suno.com.br\/noticias\/#website\"},\"primaryImageOfPage\":{\"@id\":\"https:\/\/www.suno.com.br\/noticias\/lira-turca-despenca-temor-emergentes\/#primaryimage\"},\"image\":{\"@id\":\"https:\/\/www.suno.com.br\/noticias\/lira-turca-despenca-temor-emergentes\/#primaryimage\"},\"thumbnailUrl\":\"https:\/\/files.sunoresearch.com.br\/n\/uploads\/2021\/03\/6abf99ec-flag-of-turkey-3036191_1280-jpg.webp\",\"datePublished\":\"2021-03-22T12:00:30+00:00\",\"dateModified\":\"2021-05-12T18:01:13+00:00\",\"description\":\"Ap\u00f3s a abertura dos mercados na Europa, a lira turca chegou a despecar 17% frente ao d\u00f3lar, trazendo temor aos emergentes. Saiba mais.\",\"breadcrumb\":{\"@id\":\"https:\/\/www.suno.com.br\/noticias\/lira-turca-despenca-temor-emergentes\/#breadcrumb\"},\"inLanguage\":\"pt-BR\",\"potentialAction\":[{\"@type\":\"ReadAction\",\"target\":[\"https:\/\/www.suno.com.br\/noticias\/lira-turca-despenca-temor-emergentes\/\"]}]},{\"@type\":\"ImageObject\",\"inLanguage\":\"pt-BR\",\"@id\":\"https:\/\/www.suno.com.br\/noticias\/lira-turca-despenca-temor-emergentes\/#primaryimage\",\"url\":\"https:\/\/files.sunoresearch.com.br\/n\/uploads\/2021\/03\/6abf99ec-flag-of-turkey-3036191_1280-jpg.webp\",\"contentUrl\":\"https:\/\/files.sunoresearch.com.br\/n\/uploads\/2021\/03\/6abf99ec-flag-of-turkey-3036191_1280-jpg.webp\",\"width\":1280,\"height\":853,\"caption\":\"Bandeira da Turquia. Foto: Pixabay.\"},{\"@type\":\"BreadcrumbList\",\"@id\":\"https:\/\/www.suno.com.br\/noticias\/lira-turca-despenca-temor-emergentes\/#breadcrumb\",\"itemListElement\":[{\"@type\":\"ListItem\",\"position\":1,\"name\":\"Not\u00edcias\",\"item\":\"https:\/\/www.suno.com.br\/noticias\/\"},{\"@type\":\"ListItem\",\"position\":2,\"name\":\"Internacional\",\"item\":\"https:\/\/www.suno.com.br\/noticias\/internacional\/\"},{\"@type\":\"ListItem\",\"position\":3,\"name\":\"Lira turca despenca ap\u00f3s interfer\u00eancia e traz temor sobre emergentes\"}]},{\"@type\":\"WebSite\",\"@id\":\"https:\/\/www.suno.com.br\/noticias\/#website\",\"url\":\"https:\/\/www.suno.com.br\/noticias\/\",\"name\":\"Suno Not\u00edcias\",\"description\":\"Seu portal de informa\u00e7\u00e3o sobre o mundo dos investimentos\",\"publisher\":{\"@id\":\"https:\/\/www.suno.com.br\/noticias\/#organization\"},\"potentialAction\":[{\"@type\":\"SearchAction\",\"target\":{\"@type\":\"EntryPoint\",\"urlTemplate\":\"https:\/\/www.suno.com.br\/noticias\/?s={search_term_string}\"},\"query-input\":{\"@type\":\"PropertyValueSpecification\",\"valueRequired\":true,\"valueName\":\"search_term_string\"}}],\"inLanguage\":\"pt-BR\"},{\"@type\":\"Organization\",\"@id\":\"https:\/\/www.suno.com.br\/noticias\/#organization\",\"name\":\"Suno Not\u00edcias\",\"url\":\"https:\/\/www.suno.com.br\/noticias\/\",\"logo\":{\"@type\":\"ImageObject\",\"inLanguage\":\"pt-BR\",\"@id\":\"https:\/\/www.suno.com.br\/noticias\/#\/schema\/logo\/image\/\",\"url\":\"https:\/\/files.sunoresearch.com.br\/n\/uploads\/2021\/09\/suno-logo.png\",\"contentUrl\":\"https:\/\/files.sunoresearch.com.br\/n\/uploads\/2021\/09\/suno-logo.png\",\"width\":180,\"height\":180,\"caption\":\"Suno Not\u00edcias\"},\"image\":{\"@id\":\"https:\/\/www.suno.com.br\/noticias\/#\/schema\/logo\/image\/\"},\"sameAs\":[\"https:\/\/facebook.com\/sunoresearch\",\"https:\/\/x.com\/sunoresearch\",\"https:\/\/www.instagram.com\/suno\",\"https:\/\/www.linkedin.com\/company\/suno-research\/\",\"https:\/\/www.youtube.com\/c\/sunoresearch\"]},{\"@type\":\"Person\",\"@id\":\"https:\/\/www.suno.com.br\/noticias\/#\/schema\/person\/918d79de1f0281f01599b93f9ea6e23f\",\"name\":\"Jader Lazarini\",\"image\":{\"@type\":\"ImageObject\",\"inLanguage\":\"pt-BR\",\"@id\":\"https:\/\/www.suno.com.br\/noticias\/#\/schema\/person\/image\/\",\"url\":\"https:\/\/secure.gravatar.com\/avatar\/3c1ad8caa51589841baeb923fcddea97?s=96&r=g\",\"contentUrl\":\"https:\/\/secure.gravatar.com\/avatar\/3c1ad8caa51589841baeb923fcddea97?s=96&r=g\",\"caption\":\"Jader Lazarini\"},\"description\":\"Jader Lazarini escreve sobre investimentos, finan\u00e7as, economia e neg\u00f3cios. \u00c9 bacharel em Rela\u00e7\u00f5es Internacionais e analista CNPI (2619).\",\"url\":\"https:\/\/www.suno.com.br\/noticias\/author\/jader-lazarini\/\"}]}<\/script>\n<!-- \/ Yoast SEO plugin. -->","yoast_head_json":{"title":"Lira turca despenca ap\u00f3s interfer\u00eancia e traz temor sobre emergentes","description":"Ap\u00f3s a abertura dos mercados na Europa, a lira turca chegou a despecar 17% frente ao d\u00f3lar, trazendo temor aos emergentes. Saiba mais.","robots":{"index":"index","follow":"follow","max-snippet":"max-snippet:-1","max-image-preview":"max-image-preview:large","max-video-preview":"max-video-preview:-1"},"canonical":"https:\/\/www.suno.com.br\/noticias\/lira-turca-despenca-temor-emergentes\/","og_locale":"pt_BR","og_type":"article","og_title":"Lira turca despenca ap\u00f3s interfer\u00eancia e traz temor sobre emergentes","og_description":"Ap\u00f3s a abertura dos mercados na Europa, a lira turca chegou a despecar 17% frente ao d\u00f3lar, trazendo temor aos emergentes. Saiba mais.","og_url":"https:\/\/www.suno.com.br\/noticias\/lira-turca-despenca-temor-emergentes\/","og_site_name":"Suno Not\u00edcias","article_publisher":"https:\/\/facebook.com\/sunoresearch","og_image":[{"width":1280,"height":853,"url":"https:\/\/files.sunoresearch.com.br\/n\/uploads\/2021\/03\/6abf99ec-flag-of-turkey-3036191_1280.jpg","type":"image\/jpeg"}],"author":"Jader Lazarini","twitter_card":"summary_large_image","twitter_creator":"@sunoresearch","twitter_site":"@sunoresearch","twitter_misc":{"Escrito por":"Jader Lazarini","Est. tempo de leitura":"2 minutos"},"schema":{"@context":"https:\/\/schema.org","@graph":[{"@type":"NewsArticle","@id":"https:\/\/www.suno.com.br\/noticias\/lira-turca-despenca-temor-emergentes\/#article","isPartOf":{"@id":"https:\/\/www.suno.com.br\/noticias\/lira-turca-despenca-temor-emergentes\/"},"author":{"name":"Jader Lazarini","@id":"https:\/\/www.suno.com.br\/noticias\/#\/schema\/person\/918d79de1f0281f01599b93f9ea6e23f"},"headline":"Lira turca despenca ap\u00f3s interfer\u00eancia e traz temor sobre emergentes","datePublished":"2021-03-22T12:00:30+00:00","dateModified":"2021-05-12T18:01:13+00:00","mainEntityOfPage":{"@id":"https:\/\/www.suno.com.br\/noticias\/lira-turca-despenca-temor-emergentes\/"},"wordCount":460,"publisher":{"@id":"https:\/\/www.suno.com.br\/noticias\/#organization"},"image":{"@id":"https:\/\/www.suno.com.br\/noticias\/lira-turca-despenca-temor-emergentes\/#primaryimage"},"thumbnailUrl":"https:\/\/files.sunoresearch.com.br\/n\/uploads\/2021\/03\/6abf99ec-flag-of-turkey-3036191_1280-jpg.webp","keywords":["d\u00f3lar","mercado financeiro","pa\u00edses emergentes","pol\u00edtica monet\u00e1ria","taxa de juros"],"articleSection":["Internacional"],"inLanguage":"pt-BR"},{"@type":"WebPage","@id":"https:\/\/www.suno.com.br\/noticias\/lira-turca-despenca-temor-emergentes\/","url":"https:\/\/www.suno.com.br\/noticias\/lira-turca-despenca-temor-emergentes\/","name":"Lira turca despenca ap\u00f3s interfer\u00eancia e traz temor sobre emergentes","isPartOf":{"@id":"https:\/\/www.suno.com.br\/noticias\/#website"},"primaryImageOfPage":{"@id":"https:\/\/www.suno.com.br\/noticias\/lira-turca-despenca-temor-emergentes\/#primaryimage"},"image":{"@id":"https:\/\/www.suno.com.br\/noticias\/lira-turca-despenca-temor-emergentes\/#primaryimage"},"thumbnailUrl":"https:\/\/files.sunoresearch.com.br\/n\/uploads\/2021\/03\/6abf99ec-flag-of-turkey-3036191_1280-jpg.webp","datePublished":"2021-03-22T12:00:30+00:00","dateModified":"2021-05-12T18:01:13+00:00","description":"Ap\u00f3s a abertura dos mercados na Europa, a lira turca chegou a despecar 17% frente ao d\u00f3lar, trazendo temor aos emergentes. Saiba mais.","breadcrumb":{"@id":"https:\/\/www.suno.com.br\/noticias\/lira-turca-despenca-temor-emergentes\/#breadcrumb"},"inLanguage":"pt-BR","potentialAction":[{"@type":"ReadAction","target":["https:\/\/www.suno.com.br\/noticias\/lira-turca-despenca-temor-emergentes\/"]}]},{"@type":"ImageObject","inLanguage":"pt-BR","@id":"https:\/\/www.suno.com.br\/noticias\/lira-turca-despenca-temor-emergentes\/#primaryimage","url":"https:\/\/files.sunoresearch.com.br\/n\/uploads\/2021\/03\/6abf99ec-flag-of-turkey-3036191_1280-jpg.webp","contentUrl":"https:\/\/files.sunoresearch.com.br\/n\/uploads\/2021\/03\/6abf99ec-flag-of-turkey-3036191_1280-jpg.webp","width":1280,"height":853,"caption":"Bandeira da Turquia. Foto: Pixabay."},{"@type":"BreadcrumbList","@id":"https:\/\/www.suno.com.br\/noticias\/lira-turca-despenca-temor-emergentes\/#breadcrumb","itemListElement":[{"@type":"ListItem","position":1,"name":"Not\u00edcias","item":"https:\/\/www.suno.com.br\/noticias\/"},{"@type":"ListItem","position":2,"name":"Internacional","item":"https:\/\/www.suno.com.br\/noticias\/internacional\/"},{"@type":"ListItem","position":3,"name":"Lira turca despenca ap\u00f3s interfer\u00eancia e traz temor sobre emergentes"}]},{"@type":"WebSite","@id":"https:\/\/www.suno.com.br\/noticias\/#website","url":"https:\/\/www.suno.com.br\/noticias\/","name":"Suno Not\u00edcias","description":"Seu portal de informa\u00e7\u00e3o sobre o mundo dos investimentos","publisher":{"@id":"https:\/\/www.suno.com.br\/noticias\/#organization"},"potentialAction":[{"@type":"SearchAction","target":{"@type":"EntryPoint","urlTemplate":"https:\/\/www.suno.com.br\/noticias\/?s={search_term_string}"},"query-input":{"@type":"PropertyValueSpecification","valueRequired":true,"valueName":"search_term_string"}}],"inLanguage":"pt-BR"},{"@type":"Organization","@id":"https:\/\/www.suno.com.br\/noticias\/#organization","name":"Suno Not\u00edcias","url":"https:\/\/www.suno.com.br\/noticias\/","logo":{"@type":"ImageObject","inLanguage":"pt-BR","@id":"https:\/\/www.suno.com.br\/noticias\/#\/schema\/logo\/image\/","url":"https:\/\/files.sunoresearch.com.br\/n\/uploads\/2021\/09\/suno-logo.png","contentUrl":"https:\/\/files.sunoresearch.com.br\/n\/uploads\/2021\/09\/suno-logo.png","width":180,"height":180,"caption":"Suno Not\u00edcias"},"image":{"@id":"https:\/\/www.suno.com.br\/noticias\/#\/schema\/logo\/image\/"},"sameAs":["https:\/\/facebook.com\/sunoresearch","https:\/\/x.com\/sunoresearch","https:\/\/www.instagram.com\/suno","https:\/\/www.linkedin.com\/company\/suno-research\/","https:\/\/www.youtube.com\/c\/sunoresearch"]},{"@type":"Person","@id":"https:\/\/www.suno.com.br\/noticias\/#\/schema\/person\/918d79de1f0281f01599b93f9ea6e23f","name":"Jader Lazarini","image":{"@type":"ImageObject","inLanguage":"pt-BR","@id":"https:\/\/www.suno.com.br\/noticias\/#\/schema\/person\/image\/","url":"https:\/\/secure.gravatar.com\/avatar\/3c1ad8caa51589841baeb923fcddea97?s=96&r=g","contentUrl":"https:\/\/secure.gravatar.com\/avatar\/3c1ad8caa51589841baeb923fcddea97?s=96&r=g","caption":"Jader Lazarini"},"description":"Jader Lazarini escreve sobre investimentos, finan\u00e7as, economia e neg\u00f3cios. \u00c9 bacharel em Rela\u00e7\u00f5es Internacionais e analista CNPI (2619).","url":"https:\/\/www.suno.com.br\/noticias\/author\/jader-lazarini\/"}]}},"default_loop_html":"<div class=\"cardsPage__listCard__boxs\"><div class=\"cardsPage__listCard__boxs__img\"><a href=\"https:\/\/www.suno.com.br\/noticias\/lira-turca-despenca-temor-emergentes\/\"><img class=\"mask\" src=\"https:\/\/www.suno.com.br\/noticias\/wp-content\/themes\/suno\/resources\/images\/spotlight\/spotlight1img\/bg-mask.png\" alt=\"Image Mask\"\/><img src=\"https:\/\/files.sunoresearch.com.br\/n\/uploads\/2021\/03\/6abf99ec-flag-of-turkey-3036191_1280-400x200.webp\" alt=\"Lira turca despenca ap\u00f3s interfer\u00eancia e traz temor sobre emergentes\"\/><\/a><span class=\"spotlightCategory\"><a href=\"https:\/\/www.suno.com.br\/noticias\/internacional\/\">Internacional<\/a><\/span><\/div><div class=\"cardsPage__listCard__boxs__content\"><a href=\"https:\/\/www.suno.com.br\/noticias\/lira-turca-despenca-temor-emergentes\/\"><h2 class=\"content__title\">Lira turca despenca ap\u00f3s interfer\u00eancia e traz temor sobre emergentes<\/h2><\/a><div class=\"newsContent__article__meta\"><div class=\"newsContent__article__meta__authorBox\"><a href=\"https:\/\/www.suno.com.br\/noticias\/author\/jader-lazarini\/\" class=\"authorBox__avatar noMobi\"><img src=\"https:\/\/files.sunoresearch.com.br\/n\/uploads\/2021\/01\/178e6598-foto-perfil-2-150x150.jpg\" alt=\"Jader Lazarini\"><\/a><div class=\"authorBox__name\"><span>por\n\t\t\t<a href=\"https:\/\/www.suno.com.br\/noticias\/author\/jader-lazarini\/\"><span itemprop=\"author\">Jader Lazarini<\/span><\/a><\/span><time datetime=\"2021-03-22T09:00:30-03:00\" itemprop=\"datePublished\">22\/03\/2021 09:00<\/time><\/div><\/div><\/div><\/div><\/div>","single_layout":"posts","amp_enabled":true,"_links":{"self":[{"href":"https:\/\/www.suno.com.br\/noticias\/wp-json\/wp\/v2\/posts\/133571"}],"collection":[{"href":"https:\/\/www.suno.com.br\/noticias\/wp-json\/wp\/v2\/posts"}],"about":[{"href":"https:\/\/www.suno.com.br\/noticias\/wp-json\/wp\/v2\/types\/post"}],"author":[{"embeddable":true,"href":"https:\/\/www.suno.com.br\/noticias\/wp-json\/wp\/v2\/users\/24"}],"replies":[{"embeddable":true,"href":"https:\/\/www.suno.com.br\/noticias\/wp-json\/wp\/v2\/comments?post=133571"}],"version-history":[{"count":2,"href":"https:\/\/www.suno.com.br\/noticias\/wp-json\/wp\/v2\/posts\/133571\/revisions"}],"predecessor-version":[{"id":133601,"href":"https:\/\/www.suno.com.br\/noticias\/wp-json\/wp\/v2\/posts\/133571\/revisions\/133601"}],"wp:featuredmedia":[{"embeddable":true,"href":"https:\/\/www.suno.com.br\/noticias\/wp-json\/wp\/v2\/media\/137693"}],"wp:attachment":[{"href":"https:\/\/www.suno.com.br\/noticias\/wp-json\/wp\/v2\/media?parent=133571"}],"wp:term":[{"taxonomy":"category","embeddable":true,"href":"https:\/\/www.suno.com.br\/noticias\/wp-json\/wp\/v2\/categories?post=133571"},{"taxonomy":"post_tag","embeddable":true,"href":"https:\/\/www.suno.com.br\/noticias\/wp-json\/wp\/v2\/tags?post=133571"},{"taxonomy":"suno_strategy","embeddable":true,"href":"https:\/\/www.suno.com.br\/noticias\/wp-json\/wp\/v2\/suno_strategy?post=133571"}],"curies":[{"name":"wp","href":"https:\/\/api.w.org\/{rel}","templated":true}]}}