{"id":13348,"date":"2019-01-29T13:17:27","date_gmt":"2019-01-29T15:17:27","guid":{"rendered":"https:\/\/www.suno.com.br\/noticias\/?p=13348"},"modified":"2019-01-29T13:17:27","modified_gmt":"2019-01-29T15:17:27","slug":"onyx-lorenzoni-afastar-diretoria-vale","status":"publish","type":"post","link":"https:\/\/www.suno.com.br\/noticias\/onyx-lorenzoni-afastar-diretoria-vale\/","title":{"rendered":"Onyx Lorenzoni diz que governo n\u00e3o vai afastar a diretoria da Vale"},"content":{"rendered":"<p>O ministro da Casa Civil, Onyx Lorenzoni, afirmou nesta ter\u00e7a (29) que n\u00e3o h\u00e1 como o governo federal interferir na Vale e afastar sua diretoria. A hip\u00f3tese foi ventilada ap\u00f3s o <a href=\"https:\/\/www.suno.com.br\/artigos\/vale-analise-sobre-suas-acoes-apos-o-acidente-em-brumadinho\/\">rompimento da barragem em Brumadinho (MG)<\/a>.<\/p>\t<div class=\"wrapper-featured-image\">\n\t\t<figure class=\"spotlightImg\">\n\n\t\t\t<picture>\n\t\t\t\t<source media=\"(max-width: 768px)\" srcset=\"https:\/\/files.sunoresearch.com.br\/n\/uploads\/2019\/01\/65061e0b-onyx-lorenzoni2-400x200.webp\">\n\t\t\t\t<img loading=\"lazy\" decoding=\"async\" class=\"newsContent__article__imgCapa lazyloadDisabled newsContent__article__imgCapa--noCaption\" src=\"https:\/\/files.sunoresearch.com.br\/n\/uploads\/2019\/01\/65061e0b-onyx-lorenzoni2-jpg.webp\" width=\"800\" height=\"450\" alt=\"Onyx Lorenzoni diz que governo n\u00e3o vai afastar a diretoria da Vale\" fetchpriority=high \/>\n\t\t\t<\/picture>\n\n\t\t\t<figcaption class=\"wp-caption-text wp-caption-text--hide\">coronavoucher - Onyx<\/figcaption>\n\t\t<\/figure>\n\t<\/div>\n\n\n<p>&#8220;Temos que aguardar o andamento das investiga\u00e7\u00f5es. N\u00e3o cabe ao governo federal apoiar nenhuma empresa ou diretoria de qualquer empresa que n\u00e3o seja de sua absoluta responsabilidade&#8221;, disse <strong>Onyx Lorenzoni<\/strong>, sobre afastar os diretores da <strong>Vale<\/strong>. O ministro participou de entrevista coletiva no Pal\u00e1cio do Planalto.<\/p>\n<p><a href=\"https:\/\/www.suno.com.br\/noticias\/moura-governo-afastar-diretoria-vale\/\">Saiba mais: Mour\u00e3o diz que governo federal estuda afastar diretoria da Vale<\/a><\/p>\n<p>Ele disse que a golden share que o governo det\u00e9m na <strong>Vale<\/strong> n\u00e3o lhe d\u00e1 o poder de interfer\u00eancia na gest\u00e3o. A\u00e7\u00f5es golden share s\u00e3o pap\u00e9is que pertencem ao Estado e lhe conferem direitos especiais de car\u00e1ter estrat\u00e9gico, com o poder de veto em algumas decis\u00f5es.<\/p>\n<p>&#8220;N\u00e3o h\u00e1 condi\u00e7\u00e3o de haver qualquer grau de interfer\u00eancia. N\u00e3o seria uma boa sinaliza\u00e7\u00e3o para o mercado&#8221;, declarou. &#8220;\u00c9 preciso ter prud\u00eancia para saber que o que est\u00e1 em jogo, al\u00e9m da vida das fam\u00edlias, \u00e9 um setor econ\u00f4mico muito relevante para o pa\u00eds. \u00c9 preciso ter equil\u00edbrio&#8221;.<\/p>\n<p><a href=\"https:\/\/www.suno.com.br\/noticias\/assessoria-desautoriza-advogado-vale-responsabilidade\/\">Saiba mais: Assessoria desautoriza advogado que isentou Vale de responsabilidade<\/a><\/p>\n<h2>Lorenzoni contraria Mour\u00e3o<\/h2>\n<p>Na segunda (28), o presidente interino <strong>Hamilton Mour\u00e3o<\/strong> havia declarado que o governo estudava essa possibilidade. O afastamento se daria enquanto durassem as investiga\u00e7\u00f5es sobre a trag\u00e9dia.<\/p>\n<p>\u201cEssa quest\u00e3o da diretoria da <strong>Vale<\/strong> est\u00e1 sendo estudada pelo grupo de crise. Vamos aguardar quais s\u00e3o as linhas de a\u00e7\u00e3o que eles est\u00e3o levantando\u201d, afirmou <strong>Mour\u00e3o<\/strong>. \u201cTem de estudar isso, n\u00e3o tenho certeza se [o Poder Executivo] pode fazer essa recomenda\u00e7\u00e3o\u201d.<\/p>\n<p>O gabinete de crise foi criado pelo Pal\u00e1cio do Planalto para acompanhar a trag\u00e9dia em <strong>Brumadinho<\/strong>. Ele voltou a se reunir na manh\u00e3 desta segunda. Dois assuntos s\u00e3o prioridade para o gabinete. Um deles \u00e9 decidir sobre a libera\u00e7\u00e3o de ajuda financeira \u00e0s fam\u00edlias atingidas pela trag\u00e9dia, como libera\u00e7\u00e3o do saque do FGTS e o pagamento de b\u00f4nus do Bolsa Fam\u00edlia, por exemplo). O outro \u00e9 definir as medidas emergenciais para avaliar com mais precis\u00e3o o estado das quase 800 barragens de rejeito de min\u00e9rio no Pa\u00eds.<\/p>\n","protected":false},"excerpt":{"rendered":"<p>O ministro da Casa Civil, Onyx Lorenzoni, afirmou nesta ter\u00e7a (29) que n\u00e3o h\u00e1 como o governo federal interferir na Vale e afastar sua diretoria. A hip\u00f3tese foi ventilada ap\u00f3s o rompimento da barragem em Brumadinho (MG). coronavoucher &#8211; Onyx &#8220;Temos que aguardar o andamento das investiga\u00e7\u00f5es. N\u00e3o cabe ao governo federal apoiar nenhuma empresa [&hellip;]<\/p>\n","protected":false},"author":13,"featured_media":10761,"comment_status":"closed","ping_status":"closed","sticky":false,"template":"","format":"standard","meta":[],"categories":[61],"tags":[1032,1019,939,676],"suno_strategy":[],"class_list":["post-13348","post","type-post","status-publish","format-standard","has-post-thumbnail","hentry","category-politica","tag-brumadinho","tag-hamilton-mourao","tag-onyx-lorenzoni","tag-vale-vale3"],"yoast_head":"<!-- This site is optimized with the Yoast SEO plugin v24.4 - https:\/\/yoast.com\/wordpress\/plugins\/seo\/ -->\n<title>Onyx Lorenzoni diz que governo n\u00e3o vai afastar a diretoria da Vale<\/title>\n<meta name=\"description\" content=\"O ministro da Casa Civil, Onyx Lorenzoni, afirmou que n\u00e3o h\u00e1 como o governo interferir na Vale e afastar sua diretoria. Clique e saiba+\" \/>\n<meta name=\"robots\" content=\"index, follow, max-snippet:-1, max-image-preview:large, max-video-preview:-1\" \/>\n<link rel=\"canonical\" href=\"https:\/\/www.suno.com.br\/noticias\/onyx-lorenzoni-afastar-diretoria-vale\/\" \/>\n<meta property=\"og:locale\" content=\"pt_BR\" \/>\n<meta property=\"og:type\" content=\"article\" \/>\n<meta property=\"og:title\" content=\"Onyx Lorenzoni diz que governo n\u00e3o vai afastar a diretoria da Vale\" \/>\n<meta property=\"og:description\" content=\"O ministro da Casa Civil, Onyx Lorenzoni, afirmou que n\u00e3o h\u00e1 como o governo interferir na Vale e afastar sua diretoria. Clique e saiba+\" \/>\n<meta property=\"og:url\" content=\"https:\/\/www.suno.com.br\/noticias\/onyx-lorenzoni-afastar-diretoria-vale\/\" \/>\n<meta property=\"og:site_name\" content=\"Suno Not\u00edcias\" \/>\n<meta property=\"article:publisher\" content=\"https:\/\/facebook.com\/sunoresearch\" \/>\n<meta property=\"og:image\" content=\"https:\/\/files.sunoresearch.com.br\/n\/uploads\/2019\/01\/65061e0b-onyx-lorenzoni2.jpg\" \/>\n\t<meta property=\"og:image:width\" content=\"652\" \/>\n\t<meta property=\"og:image:height\" content=\"408\" \/>\n\t<meta property=\"og:image:type\" content=\"image\/jpeg\" \/>\n<meta name=\"author\" content=\"Guilherme Caetano\" \/>\n<meta name=\"twitter:card\" content=\"summary_large_image\" \/>\n<meta name=\"twitter:creator\" content=\"@sunoresearch\" \/>\n<meta name=\"twitter:site\" content=\"@sunoresearch\" \/>\n<meta name=\"twitter:label1\" content=\"Escrito por\" \/>\n\t<meta name=\"twitter:data1\" content=\"Guilherme Caetano\" \/>\n\t<meta name=\"twitter:label2\" content=\"Est. tempo de leitura\" \/>\n\t<meta name=\"twitter:data2\" content=\"2 minutos\" \/>\n<script type=\"application\/ld+json\" class=\"yoast-schema-graph\">{\"@context\":\"https:\/\/schema.org\",\"@graph\":[{\"@type\":\"NewsArticle\",\"@id\":\"https:\/\/www.suno.com.br\/noticias\/onyx-lorenzoni-afastar-diretoria-vale\/#article\",\"isPartOf\":{\"@id\":\"https:\/\/www.suno.com.br\/noticias\/onyx-lorenzoni-afastar-diretoria-vale\/\"},\"author\":{\"name\":\"Guilherme Caetano\",\"@id\":\"https:\/\/www.suno.com.br\/noticias\/#\/schema\/person\/0d0c9687cd2f600c564f25980c140de9\"},\"headline\":\"Onyx Lorenzoni diz que governo n\u00e3o vai afastar a diretoria da Vale\",\"datePublished\":\"2019-01-29T15:17:27+00:00\",\"mainEntityOfPage\":{\"@id\":\"https:\/\/www.suno.com.br\/noticias\/onyx-lorenzoni-afastar-diretoria-vale\/\"},\"wordCount\":416,\"publisher\":{\"@id\":\"https:\/\/www.suno.com.br\/noticias\/#organization\"},\"image\":{\"@id\":\"https:\/\/www.suno.com.br\/noticias\/onyx-lorenzoni-afastar-diretoria-vale\/#primaryimage\"},\"thumbnailUrl\":\"https:\/\/files.sunoresearch.com.br\/n\/uploads\/2019\/01\/65061e0b-onyx-lorenzoni2-jpg.webp\",\"keywords\":[\"Brumadinho\",\"Hamilton Mour\u00e3o\",\"Onyx Lorenzoni\",\"Vale (VALE3)\"],\"articleSection\":[\"Pol\u00edtica\"],\"inLanguage\":\"pt-BR\"},{\"@type\":\"WebPage\",\"@id\":\"https:\/\/www.suno.com.br\/noticias\/onyx-lorenzoni-afastar-diretoria-vale\/\",\"url\":\"https:\/\/www.suno.com.br\/noticias\/onyx-lorenzoni-afastar-diretoria-vale\/\",\"name\":\"Onyx Lorenzoni diz que governo n\u00e3o vai afastar a diretoria da Vale\",\"isPartOf\":{\"@id\":\"https:\/\/www.suno.com.br\/noticias\/#website\"},\"primaryImageOfPage\":{\"@id\":\"https:\/\/www.suno.com.br\/noticias\/onyx-lorenzoni-afastar-diretoria-vale\/#primaryimage\"},\"image\":{\"@id\":\"https:\/\/www.suno.com.br\/noticias\/onyx-lorenzoni-afastar-diretoria-vale\/#primaryimage\"},\"thumbnailUrl\":\"https:\/\/files.sunoresearch.com.br\/n\/uploads\/2019\/01\/65061e0b-onyx-lorenzoni2-jpg.webp\",\"datePublished\":\"2019-01-29T15:17:27+00:00\",\"description\":\"O ministro da Casa Civil, Onyx Lorenzoni, afirmou que n\u00e3o h\u00e1 como o governo interferir na Vale e afastar sua diretoria. Clique e saiba+\",\"breadcrumb\":{\"@id\":\"https:\/\/www.suno.com.br\/noticias\/onyx-lorenzoni-afastar-diretoria-vale\/#breadcrumb\"},\"inLanguage\":\"pt-BR\",\"potentialAction\":[{\"@type\":\"ReadAction\",\"target\":[\"https:\/\/www.suno.com.br\/noticias\/onyx-lorenzoni-afastar-diretoria-vale\/\"]}]},{\"@type\":\"ImageObject\",\"inLanguage\":\"pt-BR\",\"@id\":\"https:\/\/www.suno.com.br\/noticias\/onyx-lorenzoni-afastar-diretoria-vale\/#primaryimage\",\"url\":\"https:\/\/files.sunoresearch.com.br\/n\/uploads\/2019\/01\/65061e0b-onyx-lorenzoni2-jpg.webp\",\"contentUrl\":\"https:\/\/files.sunoresearch.com.br\/n\/uploads\/2019\/01\/65061e0b-onyx-lorenzoni2-jpg.webp\",\"width\":652,\"height\":408,\"caption\":\"coronavoucher - Onyx\"},{\"@type\":\"BreadcrumbList\",\"@id\":\"https:\/\/www.suno.com.br\/noticias\/onyx-lorenzoni-afastar-diretoria-vale\/#breadcrumb\",\"itemListElement\":[{\"@type\":\"ListItem\",\"position\":1,\"name\":\"Not\u00edcias\",\"item\":\"https:\/\/www.suno.com.br\/noticias\/\"},{\"@type\":\"ListItem\",\"position\":2,\"name\":\"Pol\u00edtica\",\"item\":\"https:\/\/www.suno.com.br\/noticias\/politica\/\"},{\"@type\":\"ListItem\",\"position\":3,\"name\":\"Onyx Lorenzoni diz que governo n\u00e3o vai afastar a diretoria da Vale\"}]},{\"@type\":\"WebSite\",\"@id\":\"https:\/\/www.suno.com.br\/noticias\/#website\",\"url\":\"https:\/\/www.suno.com.br\/noticias\/\",\"name\":\"Suno Not\u00edcias\",\"description\":\"Seu portal de informa\u00e7\u00e3o sobre o mundo dos investimentos\",\"publisher\":{\"@id\":\"https:\/\/www.suno.com.br\/noticias\/#organization\"},\"potentialAction\":[{\"@type\":\"SearchAction\",\"target\":{\"@type\":\"EntryPoint\",\"urlTemplate\":\"https:\/\/www.suno.com.br\/noticias\/?s={search_term_string}\"},\"query-input\":{\"@type\":\"PropertyValueSpecification\",\"valueRequired\":true,\"valueName\":\"search_term_string\"}}],\"inLanguage\":\"pt-BR\"},{\"@type\":\"Organization\",\"@id\":\"https:\/\/www.suno.com.br\/noticias\/#organization\",\"name\":\"Suno Not\u00edcias\",\"url\":\"https:\/\/www.suno.com.br\/noticias\/\",\"logo\":{\"@type\":\"ImageObject\",\"inLanguage\":\"pt-BR\",\"@id\":\"https:\/\/www.suno.com.br\/noticias\/#\/schema\/logo\/image\/\",\"url\":\"https:\/\/files.sunoresearch.com.br\/n\/uploads\/2021\/09\/suno-logo.png\",\"contentUrl\":\"https:\/\/files.sunoresearch.com.br\/n\/uploads\/2021\/09\/suno-logo.png\",\"width\":180,\"height\":180,\"caption\":\"Suno Not\u00edcias\"},\"image\":{\"@id\":\"https:\/\/www.suno.com.br\/noticias\/#\/schema\/logo\/image\/\"},\"sameAs\":[\"https:\/\/facebook.com\/sunoresearch\",\"https:\/\/x.com\/sunoresearch\",\"https:\/\/www.instagram.com\/suno\",\"https:\/\/www.linkedin.com\/company\/suno-research\/\",\"https:\/\/www.youtube.com\/c\/sunoresearch\"]},{\"@type\":\"Person\",\"@id\":\"https:\/\/www.suno.com.br\/noticias\/#\/schema\/person\/0d0c9687cd2f600c564f25980c140de9\",\"name\":\"Guilherme Caetano\",\"image\":{\"@type\":\"ImageObject\",\"inLanguage\":\"pt-BR\",\"@id\":\"https:\/\/www.suno.com.br\/noticias\/#\/schema\/person\/image\/\",\"url\":\"https:\/\/secure.gravatar.com\/avatar\/e48357351a01702a0d19307070e081bf?s=96&r=g\",\"contentUrl\":\"https:\/\/secure.gravatar.com\/avatar\/e48357351a01702a0d19307070e081bf?s=96&r=g\",\"caption\":\"Guilherme Caetano\"},\"description\":\"Formado em jornalismo pela Escola de Comunica\u00e7\u00f5es e Artes da USP, Guilherme Caetano escreve para o portal de not\u00edcias da Suno Research. Passou pelas reda\u00e7\u00f5es da Folha de S.Paulo e da revista \u00c9poca.\",\"url\":\"https:\/\/www.suno.com.br\/noticias\/author\/guilherme-caetano\/\"}]}<\/script>\n<!-- \/ Yoast SEO plugin. -->","yoast_head_json":{"title":"Onyx Lorenzoni diz que governo n\u00e3o vai afastar a diretoria da Vale","description":"O ministro da Casa Civil, Onyx Lorenzoni, afirmou que n\u00e3o h\u00e1 como o governo interferir na Vale e afastar sua diretoria. Clique e saiba+","robots":{"index":"index","follow":"follow","max-snippet":"max-snippet:-1","max-image-preview":"max-image-preview:large","max-video-preview":"max-video-preview:-1"},"canonical":"https:\/\/www.suno.com.br\/noticias\/onyx-lorenzoni-afastar-diretoria-vale\/","og_locale":"pt_BR","og_type":"article","og_title":"Onyx Lorenzoni diz que governo n\u00e3o vai afastar a diretoria da Vale","og_description":"O ministro da Casa Civil, Onyx Lorenzoni, afirmou que n\u00e3o h\u00e1 como o governo interferir na Vale e afastar sua diretoria. Clique e saiba+","og_url":"https:\/\/www.suno.com.br\/noticias\/onyx-lorenzoni-afastar-diretoria-vale\/","og_site_name":"Suno Not\u00edcias","article_publisher":"https:\/\/facebook.com\/sunoresearch","og_image":[{"width":652,"height":408,"url":"https:\/\/files.sunoresearch.com.br\/n\/uploads\/2019\/01\/65061e0b-onyx-lorenzoni2.jpg","type":"image\/jpeg"}],"author":"Guilherme Caetano","twitter_card":"summary_large_image","twitter_creator":"@sunoresearch","twitter_site":"@sunoresearch","twitter_misc":{"Escrito por":"Guilherme Caetano","Est. tempo de leitura":"2 minutos"},"schema":{"@context":"https:\/\/schema.org","@graph":[{"@type":"NewsArticle","@id":"https:\/\/www.suno.com.br\/noticias\/onyx-lorenzoni-afastar-diretoria-vale\/#article","isPartOf":{"@id":"https:\/\/www.suno.com.br\/noticias\/onyx-lorenzoni-afastar-diretoria-vale\/"},"author":{"name":"Guilherme Caetano","@id":"https:\/\/www.suno.com.br\/noticias\/#\/schema\/person\/0d0c9687cd2f600c564f25980c140de9"},"headline":"Onyx Lorenzoni diz que governo n\u00e3o vai afastar a diretoria da Vale","datePublished":"2019-01-29T15:17:27+00:00","mainEntityOfPage":{"@id":"https:\/\/www.suno.com.br\/noticias\/onyx-lorenzoni-afastar-diretoria-vale\/"},"wordCount":416,"publisher":{"@id":"https:\/\/www.suno.com.br\/noticias\/#organization"},"image":{"@id":"https:\/\/www.suno.com.br\/noticias\/onyx-lorenzoni-afastar-diretoria-vale\/#primaryimage"},"thumbnailUrl":"https:\/\/files.sunoresearch.com.br\/n\/uploads\/2019\/01\/65061e0b-onyx-lorenzoni2-jpg.webp","keywords":["Brumadinho","Hamilton Mour\u00e3o","Onyx Lorenzoni","Vale (VALE3)"],"articleSection":["Pol\u00edtica"],"inLanguage":"pt-BR"},{"@type":"WebPage","@id":"https:\/\/www.suno.com.br\/noticias\/onyx-lorenzoni-afastar-diretoria-vale\/","url":"https:\/\/www.suno.com.br\/noticias\/onyx-lorenzoni-afastar-diretoria-vale\/","name":"Onyx Lorenzoni diz que governo n\u00e3o vai afastar a diretoria da Vale","isPartOf":{"@id":"https:\/\/www.suno.com.br\/noticias\/#website"},"primaryImageOfPage":{"@id":"https:\/\/www.suno.com.br\/noticias\/onyx-lorenzoni-afastar-diretoria-vale\/#primaryimage"},"image":{"@id":"https:\/\/www.suno.com.br\/noticias\/onyx-lorenzoni-afastar-diretoria-vale\/#primaryimage"},"thumbnailUrl":"https:\/\/files.sunoresearch.com.br\/n\/uploads\/2019\/01\/65061e0b-onyx-lorenzoni2-jpg.webp","datePublished":"2019-01-29T15:17:27+00:00","description":"O ministro da Casa Civil, Onyx Lorenzoni, afirmou que n\u00e3o h\u00e1 como o governo interferir na Vale e afastar sua diretoria. Clique e saiba+","breadcrumb":{"@id":"https:\/\/www.suno.com.br\/noticias\/onyx-lorenzoni-afastar-diretoria-vale\/#breadcrumb"},"inLanguage":"pt-BR","potentialAction":[{"@type":"ReadAction","target":["https:\/\/www.suno.com.br\/noticias\/onyx-lorenzoni-afastar-diretoria-vale\/"]}]},{"@type":"ImageObject","inLanguage":"pt-BR","@id":"https:\/\/www.suno.com.br\/noticias\/onyx-lorenzoni-afastar-diretoria-vale\/#primaryimage","url":"https:\/\/files.sunoresearch.com.br\/n\/uploads\/2019\/01\/65061e0b-onyx-lorenzoni2-jpg.webp","contentUrl":"https:\/\/files.sunoresearch.com.br\/n\/uploads\/2019\/01\/65061e0b-onyx-lorenzoni2-jpg.webp","width":652,"height":408,"caption":"coronavoucher - Onyx"},{"@type":"BreadcrumbList","@id":"https:\/\/www.suno.com.br\/noticias\/onyx-lorenzoni-afastar-diretoria-vale\/#breadcrumb","itemListElement":[{"@type":"ListItem","position":1,"name":"Not\u00edcias","item":"https:\/\/www.suno.com.br\/noticias\/"},{"@type":"ListItem","position":2,"name":"Pol\u00edtica","item":"https:\/\/www.suno.com.br\/noticias\/politica\/"},{"@type":"ListItem","position":3,"name":"Onyx Lorenzoni diz que governo n\u00e3o vai afastar a diretoria da Vale"}]},{"@type":"WebSite","@id":"https:\/\/www.suno.com.br\/noticias\/#website","url":"https:\/\/www.suno.com.br\/noticias\/","name":"Suno Not\u00edcias","description":"Seu portal de informa\u00e7\u00e3o sobre o mundo dos investimentos","publisher":{"@id":"https:\/\/www.suno.com.br\/noticias\/#organization"},"potentialAction":[{"@type":"SearchAction","target":{"@type":"EntryPoint","urlTemplate":"https:\/\/www.suno.com.br\/noticias\/?s={search_term_string}"},"query-input":{"@type":"PropertyValueSpecification","valueRequired":true,"valueName":"search_term_string"}}],"inLanguage":"pt-BR"},{"@type":"Organization","@id":"https:\/\/www.suno.com.br\/noticias\/#organization","name":"Suno Not\u00edcias","url":"https:\/\/www.suno.com.br\/noticias\/","logo":{"@type":"ImageObject","inLanguage":"pt-BR","@id":"https:\/\/www.suno.com.br\/noticias\/#\/schema\/logo\/image\/","url":"https:\/\/files.sunoresearch.com.br\/n\/uploads\/2021\/09\/suno-logo.png","contentUrl":"https:\/\/files.sunoresearch.com.br\/n\/uploads\/2021\/09\/suno-logo.png","width":180,"height":180,"caption":"Suno Not\u00edcias"},"image":{"@id":"https:\/\/www.suno.com.br\/noticias\/#\/schema\/logo\/image\/"},"sameAs":["https:\/\/facebook.com\/sunoresearch","https:\/\/x.com\/sunoresearch","https:\/\/www.instagram.com\/suno","https:\/\/www.linkedin.com\/company\/suno-research\/","https:\/\/www.youtube.com\/c\/sunoresearch"]},{"@type":"Person","@id":"https:\/\/www.suno.com.br\/noticias\/#\/schema\/person\/0d0c9687cd2f600c564f25980c140de9","name":"Guilherme Caetano","image":{"@type":"ImageObject","inLanguage":"pt-BR","@id":"https:\/\/www.suno.com.br\/noticias\/#\/schema\/person\/image\/","url":"https:\/\/secure.gravatar.com\/avatar\/e48357351a01702a0d19307070e081bf?s=96&r=g","contentUrl":"https:\/\/secure.gravatar.com\/avatar\/e48357351a01702a0d19307070e081bf?s=96&r=g","caption":"Guilherme Caetano"},"description":"Formado em jornalismo pela Escola de Comunica\u00e7\u00f5es e Artes da USP, Guilherme Caetano escreve para o portal de not\u00edcias da Suno Research. Passou pelas reda\u00e7\u00f5es da Folha de S.Paulo e da revista \u00c9poca.","url":"https:\/\/www.suno.com.br\/noticias\/author\/guilherme-caetano\/"}]}},"default_loop_html":"<div class=\"cardsPage__listCard__boxs\"><div class=\"cardsPage__listCard__boxs__img\"><a href=\"https:\/\/www.suno.com.br\/noticias\/onyx-lorenzoni-afastar-diretoria-vale\/\"><img class=\"mask\" src=\"https:\/\/www.suno.com.br\/noticias\/wp-content\/themes\/suno\/resources\/images\/spotlight\/spotlight1img\/bg-mask.png\" alt=\"Image Mask\"\/><img src=\"https:\/\/files.sunoresearch.com.br\/n\/uploads\/2019\/01\/65061e0b-onyx-lorenzoni2-400x200.webp\" alt=\"Onyx Lorenzoni diz que governo n\u00e3o vai afastar a diretoria da Vale\"\/><\/a><span class=\"spotlightCategory\"><a href=\"https:\/\/www.suno.com.br\/noticias\/politica\/\">Pol\u00edtica<\/a><\/span><\/div><div class=\"cardsPage__listCard__boxs__content\"><a href=\"https:\/\/www.suno.com.br\/noticias\/onyx-lorenzoni-afastar-diretoria-vale\/\"><h2 class=\"content__title\">Onyx Lorenzoni diz que governo n\u00e3o vai afastar a diretoria da Vale<\/h2><\/a><div class=\"newsContent__article__meta\"><div class=\"newsContent__article__meta__authorBox\"><a href=\"https:\/\/www.suno.com.br\/noticias\/author\/guilherme-caetano\/\" class=\"authorBox__avatar noMobi\"><img src=\"https:\/\/secure.gravatar.com\/avatar\/e48357351a01702a0d19307070e081bf?s=96&#038;r=g\" alt=\"Guilherme Caetano\"><\/a><div class=\"authorBox__name\"><span>por\n\t\t\t<a href=\"https:\/\/www.suno.com.br\/noticias\/author\/guilherme-caetano\/\"><span itemprop=\"author\">Guilherme Caetano<\/span><\/a><\/span><time datetime=\"2019-01-29T13:17:27-02:00\" itemprop=\"datePublished\">29\/01\/2019 13:17<\/time><\/div><\/div><\/div><\/div><\/div>","single_layout":"posts","amp_enabled":true,"_links":{"self":[{"href":"https:\/\/www.suno.com.br\/noticias\/wp-json\/wp\/v2\/posts\/13348"}],"collection":[{"href":"https:\/\/www.suno.com.br\/noticias\/wp-json\/wp\/v2\/posts"}],"about":[{"href":"https:\/\/www.suno.com.br\/noticias\/wp-json\/wp\/v2\/types\/post"}],"author":[{"embeddable":true,"href":"https:\/\/www.suno.com.br\/noticias\/wp-json\/wp\/v2\/users\/13"}],"replies":[{"embeddable":true,"href":"https:\/\/www.suno.com.br\/noticias\/wp-json\/wp\/v2\/comments?post=13348"}],"version-history":[{"count":0,"href":"https:\/\/www.suno.com.br\/noticias\/wp-json\/wp\/v2\/posts\/13348\/revisions"}],"wp:featuredmedia":[{"embeddable":true,"href":"https:\/\/www.suno.com.br\/noticias\/wp-json\/wp\/v2\/media\/10761"}],"wp:attachment":[{"href":"https:\/\/www.suno.com.br\/noticias\/wp-json\/wp\/v2\/media?parent=13348"}],"wp:term":[{"taxonomy":"category","embeddable":true,"href":"https:\/\/www.suno.com.br\/noticias\/wp-json\/wp\/v2\/categories?post=13348"},{"taxonomy":"post_tag","embeddable":true,"href":"https:\/\/www.suno.com.br\/noticias\/wp-json\/wp\/v2\/tags?post=13348"},{"taxonomy":"suno_strategy","embeddable":true,"href":"https:\/\/www.suno.com.br\/noticias\/wp-json\/wp\/v2\/suno_strategy?post=13348"}],"curies":[{"name":"wp","href":"https:\/\/api.w.org\/{rel}","templated":true}]}}