{"id":133478,"date":"2021-03-20T15:00:03","date_gmt":"2021-03-20T18:00:03","guid":{"rendered":"https:\/\/www.suno.com.br\/noticias\/?p=133478"},"modified":"2021-03-20T15:00:03","modified_gmt":"2021-03-20T18:00:03","slug":"auxilio-emergencial-necessidade-basica","status":"publish","type":"post","link":"https:\/\/www.suno.com.br\/noticias\/auxilio-emergencial-necessidade-basica\/","title":{"rendered":"Aux\u00edlio emergencial n\u00e3o garante um ter\u00e7o da necessidade b\u00e1sica de fam\u00edlias"},"content":{"rendered":"<p>O <strong>aux\u00edlio emergencial<\/strong> aprovado proposto pelo governo federal e aprovado pelo Congresso n\u00e3o \u00e9 capaz de atender ao m\u00ednimo necess\u00e1rio de alimenta\u00e7\u00e3o, higiene pessoal e limpeza de uma fam\u00edlia.<\/p>\t<div class=\"wrapper-featured-image\">\n\t\t<figure class=\"spotlightImg\">\n\n\t\t\t<picture>\n\t\t\t\t<source media=\"(max-width: 768px)\" srcset=\"https:\/\/files.sunoresearch.com.br\/n\/uploads\/2021\/03\/770129f2-auxilioemergencial-400x200.webp\">\n\t\t\t\t<img loading=\"lazy\" decoding=\"async\" class=\"newsContent__article__imgCapa lazyloadDisabled \" src=\"https:\/\/files.sunoresearch.com.br\/n\/uploads\/2021\/03\/770129f2-auxilioemergencial-800x450.webp\" width=\"800\" height=\"450\" alt=\"Aux\u00edlio emergencial n\u00e3o garante um ter\u00e7o da necessidade b\u00e1sica de fam\u00edlias\" fetchpriority=high \/>\n\t\t\t<\/picture>\n\n\t\t\t<figcaption class=\"wp-caption-text wp-caption-text--show\">Celular com aplicativo da Caixa Econ\u00f4mica Federal (CEF)<\/figcaption>\n\t\t<\/figure>\n\t<\/div>\n\n\n<p><span data-sheets-value=\"{&quot;1&quot;:2,&quot;2&quot;:&quot;&quot;}\" data-sheets-userformat=\"{&quot;2&quot;:6659,&quot;3&quot;:{&quot;1&quot;:0},&quot;4&quot;:[null,2,16777215],&quot;12&quot;:0,&quot;14&quot;:[null,2,0],&quot;15&quot;:&quot;Roboto, RobotoDraft, Helvetica, Arial, sans-serif&quot;}\">\t<p>\n\t\t<a href=\"https:\/\/lp.suno.com.br\/planilha-controle-gastos\/\" target=\"_blank\" data-element=\"shortcode-suno-banner\" title=\"Banner SUNO, clique e saiba mais\">\n\t\t\t<picture>\n\t\t\t\t<source media=\"(max-width: 500px)\" srcset=\"https:\/\/files.sunoresearch.com.br\/n\/uploads\/2023\/03\/400x300-Planilha-controle-de-gastos.png\">\n\t\t\t\t<img class=\"newsContent__article__imgCapa newsContent__article__imgCapa--banner\"\n\t\t\t\t\tsrc=\"https:\/\/files.sunoresearch.com.br\/n\/uploads\/2023\/03\/1420x240-Planilha-controle-de-gastos.png\"\n\t\t\t\t\tdata-promo-id=\"101751\"\t\t\t\t\t\t\t\t\t\twidth='1420' height='240'\t\t\t\t\talt=\"https:\/\/files.sunoresearch.com.br\/n\/uploads\/2023\/03\/1420x240-Planilha-controle-de-gastos.png\"\n\t\t\t\t>\n\t\t\t<\/picture>\n\t\t<\/a>\n\t<\/p>\n\n<\/span><\/p>\n<p>No m\u00eas passado, o <strong>custo da cesta b\u00e1sica<\/strong> na capital paulista para uma fam\u00edlia de quatro pessoas ficou em R$ 1.014,63, segundo levantamento da Funda\u00e7\u00e3o Procon de S\u00e3o Paulo feito em parceria com o Departamento Intersindical de Estat\u00edstica e Estudos Socioecon\u00f4micos (Dieese). Houve at\u00e9 um pequeno recuo do valor em rela\u00e7\u00e3o a janeiro, de 0,11%, por causa dos produtos de limpeza. Eles ficaram, em m\u00e9dia, 3,5% mais baratos, com a queda de quase 6% no pre\u00e7o do sab\u00e3o em p\u00f3.<\/p>\n<p>Mesmo assim, o valor da cesta b\u00e1sica est\u00e1 muito mais pr\u00f3ximo do <a href=\"https:\/\/www.suno.com.br\/artigos\/salario-minimo\/\">sal\u00e1rio m\u00ednimo<\/a>, hoje em R$ 1.100, do que do novo aux\u00edlio emergencial. O novo benef\u00edcio vai de R$ 150 mensais, para fam\u00edlias de uma pessoa s\u00f3, a R$ 375, no caso de mulheres que s\u00e3o as \u00fanicas provedoras da casa. Na m\u00e9dia, o novo aux\u00edlio ser\u00e1 de R$ 250 por fam\u00edlia.<\/p>\n<p>S\u00f3 o desembolso com alimentos b\u00e1sicos, como arroz, feij\u00e3o, carne e outros 25 itens que entram na composi\u00e7\u00e3o da cesta de comida, atingiu R$ 893,56 em fevereiro. Foi praticamente a mesma cifra do m\u00eas anterior.<\/p>\n<p><span data-sheets-value=\"{&quot;1&quot;:2,&quot;2&quot;:&quot;Suno One: acesse gratuitamente eBooks, Minicursos, Artigos e V\u00eddeo Aulas sobre investimentos com um \u00fanico cadastro. Clique para saber mais!&quot;}\" data-sheets-userformat=\"{&quot;2&quot;:1317635,&quot;3&quot;:{&quot;1&quot;:0},&quot;4&quot;:[null,2,16777215],&quot;11&quot;:4,&quot;12&quot;:0,&quot;14&quot;:[null,2,1136076],&quot;15&quot;:&quot;Roboto, RobotoDraft, Helvetica, Arial, sans-serif&quot;,&quot;21&quot;:1,&quot;23&quot;:1}\" data-sheets-hyperlink=\"https:\/\/lp.suno.com.br\/suno-one\/\"><a class=\"in-cell-link\" href=\"https:\/\/lp.suno.com.br\/suno-one\/\" target=\"_blank\" rel=\"noopener noreferrer\">Suno One: acesse gratuitamente eBooks, Minicursos, Artigos e V\u00eddeo Aulas sobre investimentos com um \u00fanico cadastro. Clique para saber mais!<\/a><\/span><\/p>\n<p>Fam\u00edlias com a <strong>mulher como \u00fanica provedora<\/strong> e que v\u00e3o receber R$ 375 conseguem comprar 40% da cesta de alimentos. Isso corresponde a uma compra de supermercado bem enxuta, s\u00f3 com arroz, feij\u00e3o, \u00f3leo de soja, alho, cebola e carne de segunda para preparar a principal refei\u00e7\u00e3o do dia. E um caf\u00e9 da manh\u00e3 com caf\u00e9, a\u00e7\u00facar, p\u00e3o com margarina, mas sem leite, alimento fundamental para m\u00e3es com crian\u00e7as pequenas.<\/p>\n<p>Para a m\u00e9dia das fam\u00edlias que ter\u00e3o um benef\u00edcio de R$ 250, os recursos ser\u00e3o suficientes apenas para bancar menos de um ter\u00e7o da despesa com alimenta\u00e7\u00e3o b\u00e1sica &#8211; 27,97%. Isto \u00e9, essa quantia \u00e9 suficiente para cobrir os gastos para compra de arroz, feij\u00e3o, \u00f3leo, cebola, alho e carne de segunda para o preparo da principal refei\u00e7\u00e3o do dia. Mas n\u00e3o sobra dinheiro para os alimentos do caf\u00e9 da manh\u00e3.<\/p>\n<p><b>S\u00f3 limpeza<\/b><\/p>\n<p>As fam\u00edlias que v\u00e3o embolsar um aux\u00edlio de R$ 150 ter\u00e3o dinheiro apenas para fazer frente \u00e0s despesas com as cestas de <strong>higiene pessoal<\/strong> (R$ 76,26) e <strong>limpeza da casa<\/strong> (R$ 46,81). Com o troco R$ 28,93, ser\u00e1 poss\u00edvel comprar um pacote de 5 quilos de arroz (R$ 23,34) e menos de 1 quilo de feij\u00e3o carioquinha (R$ 6,78).<\/p>\n<p>&#8220;A situa\u00e7\u00e3o \u00e9 preocupante, \u00e9 de pauperiza\u00e7\u00e3o da sociedade&#8221;, afirma Marcos Pujol, diretor da Escola de Prote\u00e7\u00e3o e Defesa do Consumidor da Funda\u00e7\u00e3o Procon-SP. Ele argumenta que o quadro fica ainda mais complicado para a popula\u00e7\u00e3o manter o consumo de itens b\u00e1sicos, diante dos aumentos de pre\u00e7os da comida e tamb\u00e9m de outros itens que est\u00e3o fora da cesta b\u00e1sica. &#8220;O aluguel est\u00e1 subindo e as fam\u00edlias t\u00eam gastos com material escolar e outros produtos e servi\u00e7os b\u00e1sicos que est\u00e3o fora da cesta.&#8221;<\/p>\n<p><span data-sheets-value=\"{&quot;1&quot;:2,&quot;2&quot;:&quot;&quot;}\" data-sheets-userformat=\"{&quot;2&quot;:6723,&quot;3&quot;:{&quot;1&quot;:0},&quot;4&quot;:[null,2,16777215],&quot;9&quot;:0,&quot;12&quot;:0,&quot;14&quot;:[null,2,0],&quot;15&quot;:&quot;Arial&quot;}\">\t<p>\n\t\t<a href=\"https:\/\/lp.suno.com.br\/planilha-da-vida-financeira\/\" target=\"_blank\" data-element=\"shortcode-suno-banner\" title=\"Banner SUNO, clique e saiba mais\">\n\t\t\t<picture>\n\t\t\t\t<source media=\"(max-width: 500px)\" srcset=\"https:\/\/files.sunoresearch.com.br\/n\/uploads\/2023\/04\/400x300-Planilha-vida-financeira-true.png\">\n\t\t\t\t<img class=\"newsContent__article__imgCapa newsContent__article__imgCapa--banner\"\n\t\t\t\t\tsrc=\"https:\/\/files.sunoresearch.com.br\/n\/uploads\/2023\/04\/1420x240-Planilha-vida-financeira-true.png\"\n\t\t\t\t\tdata-promo-id=\"106682\"\t\t\t\t\t\t\t\t\t\twidth='1420' height='240'\t\t\t\t\talt=\"https:\/\/files.sunoresearch.com.br\/n\/uploads\/2023\/04\/1420x240-Planilha-vida-financeira-true.png\"\n\t\t\t\t>\n\t\t\t<\/picture>\n\t\t<\/a>\n\t<\/p>\n\n<\/span><\/p>\n<p><b>Pechinchas<\/b><\/p>\n<p>O valor da cesta b\u00e1sica pesquisado pelo Procon considera os pre\u00e7os mais baixos de cada item em 40 supermercados da cidade de S\u00e3o Paulo. Na pr\u00e1tica, esse custo acaba sendo inating\u00edvel para um consumidor, que n\u00e3o tem a disponibilidade de fazer esse mesmo tipo de levantamento de pre\u00e7o quando vai \u00e0s compras.<\/p>\n<p>Na opini\u00e3o do diretor do Procon, a situa\u00e7\u00e3o j\u00e1 era cr\u00edtica para fazer frente ao custo da cesta b\u00e1sica quando o aux\u00edlio emergencial era de R$ 600. Agora piorou com o valor muito menor do benef\u00edcio, diz, lembrando do avan\u00e7o da infla\u00e7\u00e3o e da grande massa de trabalhadores desempregados, que n\u00e3o para de crescer com o agravamento da pandemia. &#8220;\u00c9 uma crise nunca antes vista e o Brasil vai chegar a um colapso social.&#8221;<\/p>\n<p>No m\u00eas passado, a <a href=\"https:\/\/www.suno.com.br\/artigos\/indices-de-inflacao\/\">infla\u00e7\u00e3o oficial<\/a> pesou no bolso das fam\u00edlias de maior e de menor renda. Para os domic\u00edlios que recebem at\u00e9 40 sal\u00e1rios m\u00ednimos, o <a href=\"https:\/\/www.suno.com.br\/artigos\/ipca\/\">\u00cdndice de Pre\u00e7os ao Consumidor Amplo (IPCA)<\/a> subiu 0,86%, a maior alta para fevereiro desde 2016. O <a href=\"https:\/\/www.suno.com.br\/artigos\/inpc\/\">\u00cdndice Nacional de Pre\u00e7os ao Consumidor (INPC)<\/a>, que mede o custo de vida das fam\u00edlias com renda de at\u00e9 cinco sal\u00e1rios m\u00ednimos, subiu 0,82%. Os pre\u00e7os dos alimentos desaceleraram em geral, mas a carne que \u00e9 um item b\u00e1sico do prato do brasileiro, voltou a subir.<\/p>\n<p>A infla\u00e7\u00e3o pressionada continua tirando o sono das autoridades monet\u00e1rias. Tanto \u00e9 que o <a href=\"https:\/\/www.suno.com.br\/artigos\/copom\/\">Comit\u00ea de Pol\u00edtica Monet\u00e1ria (Copom)<\/a> do Banco Central <a href=\"https:\/\/www.suno.com.br\/noticias\/copom-eleva-selic-apos-anos-cortes\/\">elevou os juros b\u00e1sicos<\/a> esta semana em 0,75 ponto porcentual, ap\u00f3s quase seis anos de redu\u00e7\u00e3o, para conter o avan\u00e7o de pre\u00e7os. Os juros b\u00e1sicos estavam no piso hist\u00f3rico de 2% desde agosto de 2020, quando o <strong>aux\u00edlio emergencial<\/strong> foi renovado pela primeira vez. As informa\u00e7\u00f5es s\u00e3o do jornal <b>O Estado de S. Paulo.<\/b><\/p>\n<p><span data-sheets-value=\"{&quot;1&quot;:2,&quot;2&quot;:&quot;&quot;}\" data-sheets-userformat=\"{&quot;2&quot;:513,&quot;3&quot;:{&quot;1&quot;:0},&quot;12&quot;:0}\">\t<p>\n\t\t<a href=\"https:\/\/lp.suno.com.br\/planilha-de-controle-de-investimentos\/\" target=\"_blank\" data-element=\"shortcode-suno-banner\" title=\"Banner SUNO, clique e saiba mais\">\n\t\t\t<picture>\n\t\t\t\t<source media=\"(max-width: 500px)\" srcset=\"https:\/\/files.sunoresearch.com.br\/n\/uploads\/2023\/03\/400x300-Controle-de-Investimentos.png\">\n\t\t\t\t<img class=\"newsContent__article__imgCapa newsContent__article__imgCapa--banner\"\n\t\t\t\t\tsrc=\"https:\/\/files.sunoresearch.com.br\/n\/uploads\/2023\/03\/1420x240-Controle-de-Investimentos.png\"\n\t\t\t\t\tdata-promo-id=\"75934\"\t\t\t\t\t\t\t\t\t\twidth='1420' height='240'\t\t\t\t\talt=\"https:\/\/files.sunoresearch.com.br\/n\/uploads\/2023\/03\/1420x240-Controle-de-Investimentos.png\"\n\t\t\t\t>\n\t\t\t<\/picture>\n\t\t<\/a>\n\t<\/p>\n\n<\/span><\/p>\n","protected":false},"excerpt":{"rendered":"<p>O aux\u00edlio emergencial aprovado proposto pelo governo federal e aprovado pelo Congresso n\u00e3o \u00e9 capaz de atender ao m\u00ednimo necess\u00e1rio de alimenta\u00e7\u00e3o, higiene pessoal e limpeza de uma fam\u00edlia. Celular com aplicativo da Caixa Econ\u00f4mica Federal (CEF) No m\u00eas passado, o custo da cesta b\u00e1sica na capital paulista para uma fam\u00edlia de quatro pessoas ficou [&hellip;]<\/p>\n","protected":false},"author":43,"featured_media":127638,"comment_status":"closed","ping_status":"closed","sticky":false,"template":"","format":"standard","meta":[],"categories":[62],"tags":[17139],"suno_strategy":[],"class_list":["post-133478","post","type-post","status-publish","format-standard","has-post-thumbnail","hentry","category-economia","tag-auxilio-emergencial"],"yoast_head":"<!-- This site is optimized with the Yoast SEO plugin v24.4 - https:\/\/yoast.com\/wordpress\/plugins\/seo\/ -->\n<title>Aux\u00edlio emergencial atende a 30% da necessidade b\u00e1sica de fam\u00edlias<\/title>\n<meta name=\"description\" content=\"A nova rodada de aux\u00edlio emergencial n\u00e3o garante m\u00ednimo de alimenta\u00e7\u00e3o, higiene pessoal e limpeza. Clique e saiba mais!\" \/>\n<meta name=\"robots\" content=\"index, follow, max-snippet:-1, max-image-preview:large, max-video-preview:-1\" \/>\n<link rel=\"canonical\" href=\"https:\/\/www.suno.com.br\/noticias\/auxilio-emergencial-necessidade-basica\/\" \/>\n<meta property=\"og:locale\" content=\"pt_BR\" \/>\n<meta property=\"og:type\" content=\"article\" \/>\n<meta property=\"og:title\" content=\"Aux\u00edlio emergencial atende a 30% da necessidade b\u00e1sica de fam\u00edlias\" \/>\n<meta property=\"og:description\" content=\"A nova rodada de aux\u00edlio emergencial n\u00e3o garante m\u00ednimo de alimenta\u00e7\u00e3o, higiene pessoal e limpeza. Clique e saiba mais!\" \/>\n<meta property=\"og:url\" content=\"https:\/\/www.suno.com.br\/noticias\/auxilio-emergencial-necessidade-basica\/\" \/>\n<meta property=\"og:site_name\" content=\"Suno Not\u00edcias\" \/>\n<meta property=\"article:publisher\" content=\"https:\/\/facebook.com\/sunoresearch\" \/>\n<meta property=\"article:author\" content=\"https:\/\/www.facebook.com\/sunonoticias\/\" \/>\n<meta property=\"og:image\" content=\"https:\/\/files.sunoresearch.com.br\/n\/uploads\/2021\/03\/770129f2-auxilioemergencial.jpg\" \/>\n\t<meta property=\"og:image:width\" content=\"1024\" \/>\n\t<meta property=\"og:image:height\" content=\"768\" \/>\n\t<meta property=\"og:image:type\" content=\"image\/jpeg\" \/>\n<meta name=\"author\" content=\"Reda\u00e7\u00e3o Suno Not\u00edcias\" \/>\n<meta name=\"twitter:card\" content=\"summary_large_image\" \/>\n<meta name=\"twitter:creator\" content=\"@https:\/\/twitter.com\/sunoresearch\" \/>\n<meta name=\"twitter:site\" content=\"@sunoresearch\" \/>\n<meta name=\"twitter:label1\" content=\"Escrito por\" \/>\n\t<meta name=\"twitter:data1\" content=\"Reda\u00e7\u00e3o Suno Not\u00edcias\" \/>\n\t<meta name=\"twitter:label2\" content=\"Est. tempo de leitura\" \/>\n\t<meta name=\"twitter:data2\" content=\"4 minutos\" \/>\n<script type=\"application\/ld+json\" class=\"yoast-schema-graph\">{\"@context\":\"https:\/\/schema.org\",\"@graph\":[{\"@type\":\"NewsArticle\",\"@id\":\"https:\/\/www.suno.com.br\/noticias\/auxilio-emergencial-necessidade-basica\/#article\",\"isPartOf\":{\"@id\":\"https:\/\/www.suno.com.br\/noticias\/auxilio-emergencial-necessidade-basica\/\"},\"author\":{\"name\":\"Reda\u00e7\u00e3o Suno Not\u00edcias\",\"@id\":\"https:\/\/www.suno.com.br\/noticias\/#\/schema\/person\/c1b1bd3727fa852bd045e9dbff3673ea\"},\"headline\":\"Aux\u00edlio emergencial n\u00e3o garante um ter\u00e7o da necessidade b\u00e1sica de fam\u00edlias\",\"datePublished\":\"2021-03-20T18:00:03+00:00\",\"mainEntityOfPage\":{\"@id\":\"https:\/\/www.suno.com.br\/noticias\/auxilio-emergencial-necessidade-basica\/\"},\"wordCount\":907,\"publisher\":{\"@id\":\"https:\/\/www.suno.com.br\/noticias\/#organization\"},\"image\":{\"@id\":\"https:\/\/www.suno.com.br\/noticias\/auxilio-emergencial-necessidade-basica\/#primaryimage\"},\"thumbnailUrl\":\"https:\/\/files.sunoresearch.com.br\/n\/uploads\/2021\/03\/770129f2-auxilioemergencial-jpg.webp\",\"keywords\":[\"aux\u00edlio emergencial\"],\"articleSection\":[\"Economia\"],\"inLanguage\":\"pt-BR\"},{\"@type\":\"WebPage\",\"@id\":\"https:\/\/www.suno.com.br\/noticias\/auxilio-emergencial-necessidade-basica\/\",\"url\":\"https:\/\/www.suno.com.br\/noticias\/auxilio-emergencial-necessidade-basica\/\",\"name\":\"Aux\u00edlio emergencial atende a 30% da necessidade b\u00e1sica de fam\u00edlias\",\"isPartOf\":{\"@id\":\"https:\/\/www.suno.com.br\/noticias\/#website\"},\"primaryImageOfPage\":{\"@id\":\"https:\/\/www.suno.com.br\/noticias\/auxilio-emergencial-necessidade-basica\/#primaryimage\"},\"image\":{\"@id\":\"https:\/\/www.suno.com.br\/noticias\/auxilio-emergencial-necessidade-basica\/#primaryimage\"},\"thumbnailUrl\":\"https:\/\/files.sunoresearch.com.br\/n\/uploads\/2021\/03\/770129f2-auxilioemergencial-jpg.webp\",\"datePublished\":\"2021-03-20T18:00:03+00:00\",\"description\":\"A nova rodada de aux\u00edlio emergencial n\u00e3o garante m\u00ednimo de alimenta\u00e7\u00e3o, higiene pessoal e limpeza. Clique e saiba mais!\",\"breadcrumb\":{\"@id\":\"https:\/\/www.suno.com.br\/noticias\/auxilio-emergencial-necessidade-basica\/#breadcrumb\"},\"inLanguage\":\"pt-BR\",\"potentialAction\":[{\"@type\":\"ReadAction\",\"target\":[\"https:\/\/www.suno.com.br\/noticias\/auxilio-emergencial-necessidade-basica\/\"]}]},{\"@type\":\"ImageObject\",\"inLanguage\":\"pt-BR\",\"@id\":\"https:\/\/www.suno.com.br\/noticias\/auxilio-emergencial-necessidade-basica\/#primaryimage\",\"url\":\"https:\/\/files.sunoresearch.com.br\/n\/uploads\/2021\/03\/770129f2-auxilioemergencial-jpg.webp\",\"contentUrl\":\"https:\/\/files.sunoresearch.com.br\/n\/uploads\/2021\/03\/770129f2-auxilioemergencial-jpg.webp\",\"width\":1024,\"height\":768,\"caption\":\"Celular com aplicativo da Caixa Econ\u00f4mica Federal (CEF)\"},{\"@type\":\"BreadcrumbList\",\"@id\":\"https:\/\/www.suno.com.br\/noticias\/auxilio-emergencial-necessidade-basica\/#breadcrumb\",\"itemListElement\":[{\"@type\":\"ListItem\",\"position\":1,\"name\":\"Not\u00edcias\",\"item\":\"https:\/\/www.suno.com.br\/noticias\/\"},{\"@type\":\"ListItem\",\"position\":2,\"name\":\"Economia\",\"item\":\"https:\/\/www.suno.com.br\/noticias\/economia\/\"},{\"@type\":\"ListItem\",\"position\":3,\"name\":\"Aux\u00edlio emergencial n\u00e3o garante um ter\u00e7o da necessidade b\u00e1sica de fam\u00edlias\"}]},{\"@type\":\"WebSite\",\"@id\":\"https:\/\/www.suno.com.br\/noticias\/#website\",\"url\":\"https:\/\/www.suno.com.br\/noticias\/\",\"name\":\"Suno Not\u00edcias\",\"description\":\"Seu portal de informa\u00e7\u00e3o sobre o mundo dos investimentos\",\"publisher\":{\"@id\":\"https:\/\/www.suno.com.br\/noticias\/#organization\"},\"potentialAction\":[{\"@type\":\"SearchAction\",\"target\":{\"@type\":\"EntryPoint\",\"urlTemplate\":\"https:\/\/www.suno.com.br\/noticias\/?s={search_term_string}\"},\"query-input\":{\"@type\":\"PropertyValueSpecification\",\"valueRequired\":true,\"valueName\":\"search_term_string\"}}],\"inLanguage\":\"pt-BR\"},{\"@type\":\"Organization\",\"@id\":\"https:\/\/www.suno.com.br\/noticias\/#organization\",\"name\":\"Suno Not\u00edcias\",\"url\":\"https:\/\/www.suno.com.br\/noticias\/\",\"logo\":{\"@type\":\"ImageObject\",\"inLanguage\":\"pt-BR\",\"@id\":\"https:\/\/www.suno.com.br\/noticias\/#\/schema\/logo\/image\/\",\"url\":\"https:\/\/files.sunoresearch.com.br\/n\/uploads\/2021\/09\/suno-logo.png\",\"contentUrl\":\"https:\/\/files.sunoresearch.com.br\/n\/uploads\/2021\/09\/suno-logo.png\",\"width\":180,\"height\":180,\"caption\":\"Suno Not\u00edcias\"},\"image\":{\"@id\":\"https:\/\/www.suno.com.br\/noticias\/#\/schema\/logo\/image\/\"},\"sameAs\":[\"https:\/\/facebook.com\/sunoresearch\",\"https:\/\/x.com\/sunoresearch\",\"https:\/\/www.instagram.com\/suno\",\"https:\/\/www.linkedin.com\/company\/suno-research\/\",\"https:\/\/www.youtube.com\/c\/sunoresearch\"]},{\"@type\":\"Person\",\"@id\":\"https:\/\/www.suno.com.br\/noticias\/#\/schema\/person\/c1b1bd3727fa852bd045e9dbff3673ea\",\"name\":\"Reda\u00e7\u00e3o Suno Not\u00edcias\",\"image\":{\"@type\":\"ImageObject\",\"inLanguage\":\"pt-BR\",\"@id\":\"https:\/\/www.suno.com.br\/noticias\/#\/schema\/person\/image\/\",\"url\":\"https:\/\/secure.gravatar.com\/avatar\/b8104b9b5a71985d5238ee59fbe418af?s=96&r=g\",\"contentUrl\":\"https:\/\/secure.gravatar.com\/avatar\/b8104b9b5a71985d5238ee59fbe418af?s=96&r=g\",\"caption\":\"Reda\u00e7\u00e3o Suno Not\u00edcias\"},\"description\":\"O Suno Not\u00edcias \u00e9 um portal de informa\u00e7\u00f5es sobre Mercado Financeiro, Pol\u00edtica, Neg\u00f3cios, Economia e Finan\u00e7as Pessoais.\",\"sameAs\":[\"https:\/\/www.suno.com.br\/noticias\",\"https:\/\/www.facebook.com\/sunonoticias\/\",\"https:\/\/www.instagram.com\/sunonoticias\/\",\"https:\/\/x.com\/https:\/\/twitter.com\/sunoresearch\",\"https:\/\/www.youtube.com\/sunonoticias\"],\"url\":\"https:\/\/www.suno.com.br\/noticias\/author\/redacao-suno\/\"}]}<\/script>\n<!-- \/ Yoast SEO plugin. -->","yoast_head_json":{"title":"Aux\u00edlio emergencial atende a 30% da necessidade b\u00e1sica de fam\u00edlias","description":"A nova rodada de aux\u00edlio emergencial n\u00e3o garante m\u00ednimo de alimenta\u00e7\u00e3o, higiene pessoal e limpeza. Clique e saiba mais!","robots":{"index":"index","follow":"follow","max-snippet":"max-snippet:-1","max-image-preview":"max-image-preview:large","max-video-preview":"max-video-preview:-1"},"canonical":"https:\/\/www.suno.com.br\/noticias\/auxilio-emergencial-necessidade-basica\/","og_locale":"pt_BR","og_type":"article","og_title":"Aux\u00edlio emergencial atende a 30% da necessidade b\u00e1sica de fam\u00edlias","og_description":"A nova rodada de aux\u00edlio emergencial n\u00e3o garante m\u00ednimo de alimenta\u00e7\u00e3o, higiene pessoal e limpeza. Clique e saiba mais!","og_url":"https:\/\/www.suno.com.br\/noticias\/auxilio-emergencial-necessidade-basica\/","og_site_name":"Suno Not\u00edcias","article_publisher":"https:\/\/facebook.com\/sunoresearch","article_author":"https:\/\/www.facebook.com\/sunonoticias\/","og_image":[{"width":1024,"height":768,"url":"https:\/\/files.sunoresearch.com.br\/n\/uploads\/2021\/03\/770129f2-auxilioemergencial.jpg","type":"image\/jpeg"}],"author":"Reda\u00e7\u00e3o Suno Not\u00edcias","twitter_card":"summary_large_image","twitter_creator":"@https:\/\/twitter.com\/sunoresearch","twitter_site":"@sunoresearch","twitter_misc":{"Escrito por":"Reda\u00e7\u00e3o Suno Not\u00edcias","Est. tempo de leitura":"4 minutos"},"schema":{"@context":"https:\/\/schema.org","@graph":[{"@type":"NewsArticle","@id":"https:\/\/www.suno.com.br\/noticias\/auxilio-emergencial-necessidade-basica\/#article","isPartOf":{"@id":"https:\/\/www.suno.com.br\/noticias\/auxilio-emergencial-necessidade-basica\/"},"author":{"name":"Reda\u00e7\u00e3o Suno Not\u00edcias","@id":"https:\/\/www.suno.com.br\/noticias\/#\/schema\/person\/c1b1bd3727fa852bd045e9dbff3673ea"},"headline":"Aux\u00edlio emergencial n\u00e3o garante um ter\u00e7o da necessidade b\u00e1sica de fam\u00edlias","datePublished":"2021-03-20T18:00:03+00:00","mainEntityOfPage":{"@id":"https:\/\/www.suno.com.br\/noticias\/auxilio-emergencial-necessidade-basica\/"},"wordCount":907,"publisher":{"@id":"https:\/\/www.suno.com.br\/noticias\/#organization"},"image":{"@id":"https:\/\/www.suno.com.br\/noticias\/auxilio-emergencial-necessidade-basica\/#primaryimage"},"thumbnailUrl":"https:\/\/files.sunoresearch.com.br\/n\/uploads\/2021\/03\/770129f2-auxilioemergencial-jpg.webp","keywords":["aux\u00edlio emergencial"],"articleSection":["Economia"],"inLanguage":"pt-BR"},{"@type":"WebPage","@id":"https:\/\/www.suno.com.br\/noticias\/auxilio-emergencial-necessidade-basica\/","url":"https:\/\/www.suno.com.br\/noticias\/auxilio-emergencial-necessidade-basica\/","name":"Aux\u00edlio emergencial atende a 30% da necessidade b\u00e1sica de fam\u00edlias","isPartOf":{"@id":"https:\/\/www.suno.com.br\/noticias\/#website"},"primaryImageOfPage":{"@id":"https:\/\/www.suno.com.br\/noticias\/auxilio-emergencial-necessidade-basica\/#primaryimage"},"image":{"@id":"https:\/\/www.suno.com.br\/noticias\/auxilio-emergencial-necessidade-basica\/#primaryimage"},"thumbnailUrl":"https:\/\/files.sunoresearch.com.br\/n\/uploads\/2021\/03\/770129f2-auxilioemergencial-jpg.webp","datePublished":"2021-03-20T18:00:03+00:00","description":"A nova rodada de aux\u00edlio emergencial n\u00e3o garante m\u00ednimo de alimenta\u00e7\u00e3o, higiene pessoal e limpeza. Clique e saiba mais!","breadcrumb":{"@id":"https:\/\/www.suno.com.br\/noticias\/auxilio-emergencial-necessidade-basica\/#breadcrumb"},"inLanguage":"pt-BR","potentialAction":[{"@type":"ReadAction","target":["https:\/\/www.suno.com.br\/noticias\/auxilio-emergencial-necessidade-basica\/"]}]},{"@type":"ImageObject","inLanguage":"pt-BR","@id":"https:\/\/www.suno.com.br\/noticias\/auxilio-emergencial-necessidade-basica\/#primaryimage","url":"https:\/\/files.sunoresearch.com.br\/n\/uploads\/2021\/03\/770129f2-auxilioemergencial-jpg.webp","contentUrl":"https:\/\/files.sunoresearch.com.br\/n\/uploads\/2021\/03\/770129f2-auxilioemergencial-jpg.webp","width":1024,"height":768,"caption":"Celular com aplicativo da Caixa Econ\u00f4mica Federal (CEF)"},{"@type":"BreadcrumbList","@id":"https:\/\/www.suno.com.br\/noticias\/auxilio-emergencial-necessidade-basica\/#breadcrumb","itemListElement":[{"@type":"ListItem","position":1,"name":"Not\u00edcias","item":"https:\/\/www.suno.com.br\/noticias\/"},{"@type":"ListItem","position":2,"name":"Economia","item":"https:\/\/www.suno.com.br\/noticias\/economia\/"},{"@type":"ListItem","position":3,"name":"Aux\u00edlio emergencial n\u00e3o garante um ter\u00e7o da necessidade b\u00e1sica de fam\u00edlias"}]},{"@type":"WebSite","@id":"https:\/\/www.suno.com.br\/noticias\/#website","url":"https:\/\/www.suno.com.br\/noticias\/","name":"Suno Not\u00edcias","description":"Seu portal de informa\u00e7\u00e3o sobre o mundo dos investimentos","publisher":{"@id":"https:\/\/www.suno.com.br\/noticias\/#organization"},"potentialAction":[{"@type":"SearchAction","target":{"@type":"EntryPoint","urlTemplate":"https:\/\/www.suno.com.br\/noticias\/?s={search_term_string}"},"query-input":{"@type":"PropertyValueSpecification","valueRequired":true,"valueName":"search_term_string"}}],"inLanguage":"pt-BR"},{"@type":"Organization","@id":"https:\/\/www.suno.com.br\/noticias\/#organization","name":"Suno Not\u00edcias","url":"https:\/\/www.suno.com.br\/noticias\/","logo":{"@type":"ImageObject","inLanguage":"pt-BR","@id":"https:\/\/www.suno.com.br\/noticias\/#\/schema\/logo\/image\/","url":"https:\/\/files.sunoresearch.com.br\/n\/uploads\/2021\/09\/suno-logo.png","contentUrl":"https:\/\/files.sunoresearch.com.br\/n\/uploads\/2021\/09\/suno-logo.png","width":180,"height":180,"caption":"Suno Not\u00edcias"},"image":{"@id":"https:\/\/www.suno.com.br\/noticias\/#\/schema\/logo\/image\/"},"sameAs":["https:\/\/facebook.com\/sunoresearch","https:\/\/x.com\/sunoresearch","https:\/\/www.instagram.com\/suno","https:\/\/www.linkedin.com\/company\/suno-research\/","https:\/\/www.youtube.com\/c\/sunoresearch"]},{"@type":"Person","@id":"https:\/\/www.suno.com.br\/noticias\/#\/schema\/person\/c1b1bd3727fa852bd045e9dbff3673ea","name":"Reda\u00e7\u00e3o Suno Not\u00edcias","image":{"@type":"ImageObject","inLanguage":"pt-BR","@id":"https:\/\/www.suno.com.br\/noticias\/#\/schema\/person\/image\/","url":"https:\/\/secure.gravatar.com\/avatar\/b8104b9b5a71985d5238ee59fbe418af?s=96&r=g","contentUrl":"https:\/\/secure.gravatar.com\/avatar\/b8104b9b5a71985d5238ee59fbe418af?s=96&r=g","caption":"Reda\u00e7\u00e3o Suno Not\u00edcias"},"description":"O Suno Not\u00edcias \u00e9 um portal de informa\u00e7\u00f5es sobre Mercado Financeiro, Pol\u00edtica, Neg\u00f3cios, Economia e Finan\u00e7as Pessoais.","sameAs":["https:\/\/www.suno.com.br\/noticias","https:\/\/www.facebook.com\/sunonoticias\/","https:\/\/www.instagram.com\/sunonoticias\/","https:\/\/x.com\/https:\/\/twitter.com\/sunoresearch","https:\/\/www.youtube.com\/sunonoticias"],"url":"https:\/\/www.suno.com.br\/noticias\/author\/redacao-suno\/"}]}},"default_loop_html":"<div class=\"cardsPage__listCard__boxs\"><div class=\"cardsPage__listCard__boxs__img\"><a href=\"https:\/\/www.suno.com.br\/noticias\/auxilio-emergencial-necessidade-basica\/\"><img class=\"mask\" src=\"https:\/\/www.suno.com.br\/noticias\/wp-content\/themes\/suno\/resources\/images\/spotlight\/spotlight1img\/bg-mask.png\" alt=\"Image Mask\"\/><img src=\"https:\/\/files.sunoresearch.com.br\/n\/uploads\/2021\/03\/770129f2-auxilioemergencial-400x200.webp\" alt=\"Aux\u00edlio emergencial n\u00e3o garante um ter\u00e7o da necessidade b\u00e1sica de fam\u00edlias\"\/><\/a><span class=\"spotlightCategory\"><a href=\"https:\/\/www.suno.com.br\/noticias\/economia\/\">Economia<\/a><\/span><\/div><div class=\"cardsPage__listCard__boxs__content\"><a href=\"https:\/\/www.suno.com.br\/noticias\/auxilio-emergencial-necessidade-basica\/\"><h2 class=\"content__title\">Aux\u00edlio emergencial n\u00e3o garante um ter\u00e7o da necessidade b\u00e1sica de fam\u00edlias<\/h2><\/a><div class=\"newsContent__article__meta\"><div class=\"newsContent__article__meta__authorBox\"><a href=\"https:\/\/www.suno.com.br\/noticias\/author\/redacao-suno\/\" class=\"authorBox__avatar noMobi\"><img src=\"https:\/\/files.sunoresearch.com.br\/n\/uploads\/2020\/08\/0ace682d-redacao-1-150x150.webp\" alt=\"Reda\u00e7\u00e3o Suno Not\u00edcias\"><\/a><div class=\"authorBox__name\"><span>por\n\t\t\t<a href=\"https:\/\/www.suno.com.br\/noticias\/author\/redacao-suno\/\"><span itemprop=\"author\">Reda\u00e7\u00e3o Suno Not\u00edcias<\/span><\/a><\/span><time datetime=\"2021-03-20T15:00:03-03:00\" itemprop=\"datePublished\">20\/03\/2021 15:00<\/time><\/div><\/div><\/div><\/div><\/div>","single_layout":"posts","amp_enabled":true,"_links":{"self":[{"href":"https:\/\/www.suno.com.br\/noticias\/wp-json\/wp\/v2\/posts\/133478"}],"collection":[{"href":"https:\/\/www.suno.com.br\/noticias\/wp-json\/wp\/v2\/posts"}],"about":[{"href":"https:\/\/www.suno.com.br\/noticias\/wp-json\/wp\/v2\/types\/post"}],"author":[{"embeddable":true,"href":"https:\/\/www.suno.com.br\/noticias\/wp-json\/wp\/v2\/users\/43"}],"replies":[{"embeddable":true,"href":"https:\/\/www.suno.com.br\/noticias\/wp-json\/wp\/v2\/comments?post=133478"}],"version-history":[{"count":2,"href":"https:\/\/www.suno.com.br\/noticias\/wp-json\/wp\/v2\/posts\/133478\/revisions"}],"predecessor-version":[{"id":133483,"href":"https:\/\/www.suno.com.br\/noticias\/wp-json\/wp\/v2\/posts\/133478\/revisions\/133483"}],"wp:featuredmedia":[{"embeddable":true,"href":"https:\/\/www.suno.com.br\/noticias\/wp-json\/wp\/v2\/media\/127638"}],"wp:attachment":[{"href":"https:\/\/www.suno.com.br\/noticias\/wp-json\/wp\/v2\/media?parent=133478"}],"wp:term":[{"taxonomy":"category","embeddable":true,"href":"https:\/\/www.suno.com.br\/noticias\/wp-json\/wp\/v2\/categories?post=133478"},{"taxonomy":"post_tag","embeddable":true,"href":"https:\/\/www.suno.com.br\/noticias\/wp-json\/wp\/v2\/tags?post=133478"},{"taxonomy":"suno_strategy","embeddable":true,"href":"https:\/\/www.suno.com.br\/noticias\/wp-json\/wp\/v2\/suno_strategy?post=133478"}],"curies":[{"name":"wp","href":"https:\/\/api.w.org\/{rel}","templated":true}]}}