{"id":133229,"date":"2021-03-19T12:04:46","date_gmt":"2021-03-19T15:04:46","guid":{"rendered":"https:\/\/www.suno.com.br\/noticias\/?p=133229"},"modified":"2021-05-30T19:06:47","modified_gmt":"2021-05-30T22:06:47","slug":"suno-propoe-cisao-ativos-da-brmalls-brml3-fundo-imobiliario","status":"publish","type":"post","link":"https:\/\/www.suno.com.br\/noticias\/suno-propoe-cisao-ativos-da-brmalls-brml3-fundo-imobiliario\/","title":{"rendered":"Suno Asset prop\u00f5e cis\u00e3o de ativos da BrMalls (BRML3) em fundos imobili\u00e1rios"},"content":{"rendered":"<p>Em uma carta aberta, a Suno Asset, do grupo Suno, prop\u00f4s ao conselho de administra\u00e7\u00e3o da <a href=\"https:\/\/www.suno.com.br\/acoes\/brml3\/\" target=\"_blank\" rel=\"noopener noreferrer\"><strong>BRMalls<\/strong> (BRML3)<\/a> uma cis\u00e3o de ativos para &#8220;destravar&#8221; valor aos acionistas da empresa. Segundo a proposta, os ativos da BRMalls seriam detidos por um ou mais fundos imobili\u00e1rios. A empresa se tornaria, prioritariamente, uma administradora de ativos imobili\u00e1rios. <a href=\"https:\/\/www.suno.com.br\/artigos\/carta-aberta-grupo-suno-mercado-sobre-brmalls-brml3\/\">Veja aqui a carta completa<\/a>.<\/p>\t<div class=\"wrapper-featured-image\">\n\t\t<figure class=\"spotlightImg\">\n\n\t\t\t<picture>\n\t\t\t\t<source media=\"(max-width: 768px)\" srcset=\"https:\/\/files.sunoresearch.com.br\/n\/uploads\/2021\/01\/d640adb9-brmalls-400x200.webp\">\n\t\t\t\t<img loading=\"lazy\" decoding=\"async\" class=\"newsContent__article__imgCapa lazyloadDisabled \" src=\"https:\/\/files.sunoresearch.com.br\/n\/uploads\/2021\/01\/d640adb9-brmalls-jpg.webp\" width=\"800\" height=\"450\" alt=\"Suno Asset prop\u00f5e cis\u00e3o de ativos da BrMalls (BRML3) em fundos imobili\u00e1rios\" fetchpriority=high \/>\n\t\t\t<\/picture>\n\n\t\t\t<figcaption class=\"wp-caption-text wp-caption-text--show\">BrMalls (BRML3) considera conversar sobre fus\u00e3o com Aliansce Sonae (ALSO3).<\/figcaption>\n\t\t<\/figure>\n\t<\/div>\n\n\n<p><span style=\"font-weight: 400;\">\t<p>\n\t\t<a href=\"https:\/\/lp.suno.com.br\/planilha-controle-gastos\/\" target=\"_blank\" data-element=\"shortcode-suno-banner\" title=\"Banner SUNO, clique e saiba mais\">\n\t\t\t<picture>\n\t\t\t\t<source media=\"(max-width: 500px)\" srcset=\"https:\/\/files.sunoresearch.com.br\/n\/uploads\/2023\/03\/400x300-Planilha-controle-de-gastos.png\">\n\t\t\t\t<img class=\"newsContent__article__imgCapa newsContent__article__imgCapa--banner\"\n\t\t\t\t\tsrc=\"https:\/\/files.sunoresearch.com.br\/n\/uploads\/2023\/03\/1420x240-Planilha-controle-de-gastos.png\"\n\t\t\t\t\tdata-promo-id=\"101751\"\t\t\t\t\t\t\t\t\t\twidth='1420' height='240'\t\t\t\t\talt=\"https:\/\/files.sunoresearch.com.br\/n\/uploads\/2023\/03\/1420x240-Planilha-controle-de-gastos.png\"\n\t\t\t\t>\n\t\t\t<\/picture>\n\t\t<\/a>\n\t<\/p>\n\n<\/span><\/p>\n<p>&#8220;Por que isso \u00e9 uma oportunidade de destravar valor ao acionista? Considerando fundos imobili\u00e1rios do segmento listados em bolsa, estimativas indicam que os ativos da BRMalls poderiam ser melhor avaliados se estivessem sob essa estrutura&#8221;, declararam o presidente do Conselho do <strong>Grupo Suno,<\/strong> Tiago Reis, e o CIO da Suno Asset, Vitor Duarte.<\/p>\n<p>Na vis\u00e3o dos executivos da Suno, a mudan\u00e7a de estrutura da BRMalls, com a cria\u00e7\u00e3o de dois neg\u00f3cios separados, traria as seguintes vantagens:<\/p>\n<ul>\n<li>Seria uma melhor oportunidade para acionistas e administradores manterem o neg\u00f3cio competitivo no longo prazo.<\/li>\n<li>Ficaria mais claro o valor do neg\u00f3cio de propriedades, que hoje est\u00e1 envolto no desconto que o mercado aplica \u00e0 empresa.<\/li>\n<li>A empresa gestora dos im\u00f3veis poderia dar maior foco ao neg\u00f3cio, possuindo times competentes e totalmente independentes para fomentar o crescimento e a inova\u00e7\u00e3o.<\/li>\n<li>O modelo traria melhor estrutura para funding, possibilitando a continuidade do crescimento de ativos.<\/li>\n<\/ul>\n<p><span style=\"font-weight: 400;\">\u00a0<\/span><a href=\"https:\/\/lp.suno.com.br\/suno-one\/?ppp=noticias\/hospital-care-pedido-ipo-cvm\/\"><b>Suno One: acesse gratuitamente eBooks, Minicursos, Artigos e V\u00eddeo Aulas sobre investimentos com um \u00fanico cadastro. Clique para saber mais!<\/b><\/a><\/p>\n<p>Al\u00e9m disso, a <strong>Suno Asset<\/strong> destacou que outros grandes players no mercado aplicaram com sucesso ou estudam replicar o conceito para beneficiar seus acionistas, como por exemplo,\u00a0<a href=\"https:\/\/www.suno.com.br\/acoes\/cyre3\/\" target=\"_blank\" rel=\"noopener noreferrer\">Cyrela Comercial Properties (CYRE3)<\/a>,\u00a0<a href=\"https:\/\/www.suno.com.br\/acoes\/brpr3\/\" target=\"_blank\" rel=\"noopener noreferrer\">BR Properties (BRPR3)<\/a>, <a href=\"https:\/\/www.suno.com.br\/acoes\/gfsa3\/\" target=\"_blank\" rel=\"noopener noreferrer\">Gafisa (GFSA3)<\/a> e v\u00e1rios fundos imobili\u00e1rios.<\/p>\n<h2>Suno Asset se oferece para gerir fundos da BrMalls<\/h2>\n<p>De acordo com a carta divulgada ao mercado na manh\u00e3 desta sexta-feira (19), a Suno Asset se apresentou para ser a gestora do fundo imobili\u00e1rio, caso este seja criado. A identifica\u00e7\u00e3o da oportunidade foi feita em parceria com a <strong>Aurora Capital<\/strong>, gestora de fundos que det\u00e9m participa\u00e7\u00e3o acion\u00e1ria na companhia de shoppings.<\/p>\n<p>&#8220;Ao estudar a viabilidade societ\u00e1ria, cont\u00e1bil e fiscal dessa opera\u00e7\u00e3o a conclus\u00e3o \u00e9 que a transa\u00e7\u00e3o n\u00e3o apenas \u00e9 poss\u00edvel, mas \u00e9 a \u00fanica maneira de<strong> cria\u00e7\u00e3o de valor<\/strong> segura e r\u00e1pida para os acionistas&#8221;, afirmaram os porta-vozes da Suno.<\/p>\n<p><span style=\"font-weight: 400;\">\u00a0\t<p>\n\t\t<a href=\"https:\/\/lp.suno.com.br\/planilha-da-vida-financeira\/\" target=\"_blank\" data-element=\"shortcode-suno-banner\" title=\"Banner SUNO, clique e saiba mais\">\n\t\t\t<picture>\n\t\t\t\t<source media=\"(max-width: 500px)\" srcset=\"https:\/\/files.sunoresearch.com.br\/n\/uploads\/2023\/04\/400x300-Planilha-vida-financeira-true.png\">\n\t\t\t\t<img class=\"newsContent__article__imgCapa newsContent__article__imgCapa--banner\"\n\t\t\t\t\tsrc=\"https:\/\/files.sunoresearch.com.br\/n\/uploads\/2023\/04\/1420x240-Planilha-vida-financeira-true.png\"\n\t\t\t\t\tdata-promo-id=\"106682\"\t\t\t\t\t\t\t\t\t\twidth='1420' height='240'\t\t\t\t\talt=\"https:\/\/files.sunoresearch.com.br\/n\/uploads\/2023\/04\/1420x240-Planilha-vida-financeira-true.png\"\n\t\t\t\t>\n\t\t\t<\/picture>\n\t\t<\/a>\n\t<\/p>\n\n<\/span><\/p>\n<p>Para que a opera\u00e7\u00e3o tenha \u00eaxito, no entanto, ser\u00e1 necess\u00e1rio fazer renegocia\u00e7\u00f5es com credores da companhia e co-investidores dos shoppings, bem como altera\u00e7\u00f5es cont\u00e1beis e no Estatuto Social da BRMalls, atos que dependem da a\u00e7\u00e3o decisiva do Conselho de Administra\u00e7\u00e3o e dos demais administradores da companhia e investidas.<\/p>\n<p>Segundo o documento enviado pela Suno, empresas administradoras de shoppings t\u00eam passado por fortes mudan\u00e7as nas \u00faltimas d\u00e9cadas devido \u00e0 evolu\u00e7\u00e3o tecnol\u00f3gica, mas este processo se intensificou com a pandemia. Neste contexto, as a\u00e7\u00f5es da BRMalls tiveram um desempenho &#8220;significativamente inferior a seus pares&#8221; nos \u00faltimos anos.\u00a0Na vis\u00e3o de Reis e Duarte, apesar dos esfor\u00e7os da administra\u00e7\u00e3o, n\u00e3o est\u00e3o claros os planos para mudar essa situa\u00e7\u00e3o.<\/p>\n<p>Mesmo assim, eles se mostram otimistas com a oportunidade de mudan\u00e7a da <strong>BRMalls<\/strong>, ao declarar que existe uma demanda cativa por fundos imobili\u00e1rios no mercado, causada principalmente pelas vantagens tribut\u00e1rias e dividendos recorrentes. Hoje, mais de 1,2 milh\u00e3o de brasileiros alocam seu capital nessa modalidade de investimentos.<\/p>\n<p><em>O Suno Not\u00edcias, a Suno Asset e a Suno Research s\u00e3o empresas do Grupo Suno e atuam de forma independente. A Suno honra seu compromisso com a transpar\u00eancia e a busca por informa\u00e7\u00f5es id\u00f4neas e fidedignas, neste sentido entendemos como relevante dar total transpar\u00eancia ao mercado sobre os interesses financeiros e comerciais da Suno. Ressaltamos que a comunica\u00e7\u00e3o n\u00e3o \u00e9 uma recomenda\u00e7\u00e3o de investimento e foi endere\u00e7ada de forma independente pela Suno Asset.<\/em><\/p>\n<p><span style=\"font-weight: 400;\">\u00a0\t<p>\n\t\t<a href=\"https:\/\/lp.suno.com.br\/planilha-de-controle-de-investimentos\/\" target=\"_blank\" data-element=\"shortcode-suno-banner\" title=\"Banner SUNO, clique e saiba mais\">\n\t\t\t<picture>\n\t\t\t\t<source media=\"(max-width: 500px)\" srcset=\"https:\/\/files.sunoresearch.com.br\/n\/uploads\/2023\/03\/400x300-Controle-de-Investimentos.png\">\n\t\t\t\t<img class=\"newsContent__article__imgCapa newsContent__article__imgCapa--banner\"\n\t\t\t\t\tsrc=\"https:\/\/files.sunoresearch.com.br\/n\/uploads\/2023\/03\/1420x240-Controle-de-Investimentos.png\"\n\t\t\t\t\tdata-promo-id=\"75934\"\t\t\t\t\t\t\t\t\t\twidth='1420' height='240'\t\t\t\t\talt=\"https:\/\/files.sunoresearch.com.br\/n\/uploads\/2023\/03\/1420x240-Controle-de-Investimentos.png\"\n\t\t\t\t>\n\t\t\t<\/picture>\n\t\t<\/a>\n\t<\/p>\n\n<\/span><\/p>\n","protected":false},"excerpt":{"rendered":"<p>Em uma carta aberta, a Suno Asset, do grupo Suno, prop\u00f4s ao conselho de administra\u00e7\u00e3o da BRMalls (BRML3) uma cis\u00e3o de ativos para &#8220;destravar&#8221; valor aos acionistas da empresa. Segundo a proposta, os ativos da BRMalls seriam detidos por um ou mais fundos imobili\u00e1rios. A empresa se tornaria, prioritariamente, uma administradora de ativos imobili\u00e1rios. Veja [&hellip;]<\/p>\n","protected":false},"author":60,"featured_media":112347,"comment_status":"closed","ping_status":"closed","sticky":false,"template":"","format":"standard","meta":[],"categories":[64],"tags":[79856,315,105966],"suno_strategy":[],"class_list":["post-133229","post","type-post","status-publish","format-standard","has-post-thumbnail","hentry","category-negocios","tag-br-malls-brml3","tag-fundos-imobiliarios-fiis","tag-suno-asset"],"yoast_head":"<!-- This site is optimized with the Yoast SEO plugin v24.4 - https:\/\/yoast.com\/wordpress\/plugins\/seo\/ -->\n<title>BrMalls (BRML3): Suno Asset prop\u00f5e cis\u00e3o de ativos da empresa<\/title>\n<meta name=\"description\" content=\"Em carta aberta, a Suno Asset prop\u00f4s ao conselho de administra\u00e7\u00e3o da BRMalls (BRML3) uma cis\u00e3o de ativos para &quot;destravar&quot; valor. Leia aqui.\" \/>\n<meta name=\"robots\" content=\"index, follow, max-snippet:-1, max-image-preview:large, max-video-preview:-1\" \/>\n<link rel=\"canonical\" href=\"https:\/\/www.suno.com.br\/noticias\/suno-propoe-cisao-ativos-da-brmalls-brml3-fundo-imobiliario\/\" \/>\n<meta property=\"og:locale\" content=\"pt_BR\" \/>\n<meta property=\"og:type\" content=\"article\" \/>\n<meta property=\"og:title\" content=\"BrMalls (BRML3): Suno Asset prop\u00f5e cis\u00e3o de ativos da empresa\" \/>\n<meta property=\"og:description\" content=\"Em carta aberta, a Suno Asset prop\u00f4s ao conselho de administra\u00e7\u00e3o da BRMalls (BRML3) uma cis\u00e3o de ativos para &quot;destravar&quot; valor. Leia aqui.\" \/>\n<meta property=\"og:url\" content=\"https:\/\/www.suno.com.br\/noticias\/suno-propoe-cisao-ativos-da-brmalls-brml3-fundo-imobiliario\/\" \/>\n<meta property=\"og:site_name\" content=\"Suno Not\u00edcias\" \/>\n<meta property=\"article:publisher\" content=\"https:\/\/facebook.com\/sunoresearch\" \/>\n<meta property=\"og:image\" content=\"https:\/\/files.sunoresearch.com.br\/n\/uploads\/2021\/01\/d640adb9-brmalls.jpg\" \/>\n\t<meta property=\"og:image:width\" content=\"800\" \/>\n\t<meta property=\"og:image:height\" content=\"450\" \/>\n\t<meta property=\"og:image:type\" content=\"image\/jpeg\" \/>\n<meta name=\"author\" content=\"Natalia G\u00f3mez\" \/>\n<meta name=\"twitter:card\" content=\"summary_large_image\" \/>\n<meta name=\"twitter:creator\" content=\"@sunoresearch\" \/>\n<meta name=\"twitter:site\" content=\"@sunoresearch\" \/>\n<meta name=\"twitter:label1\" content=\"Escrito por\" \/>\n\t<meta name=\"twitter:data1\" content=\"Natalia G\u00f3mez\" \/>\n\t<meta name=\"twitter:label2\" content=\"Est. tempo de leitura\" \/>\n\t<meta name=\"twitter:data2\" content=\"3 minutos\" \/>\n<script type=\"application\/ld+json\" class=\"yoast-schema-graph\">{\"@context\":\"https:\/\/schema.org\",\"@graph\":[{\"@type\":\"NewsArticle\",\"@id\":\"https:\/\/www.suno.com.br\/noticias\/suno-propoe-cisao-ativos-da-brmalls-brml3-fundo-imobiliario\/#article\",\"isPartOf\":{\"@id\":\"https:\/\/www.suno.com.br\/noticias\/suno-propoe-cisao-ativos-da-brmalls-brml3-fundo-imobiliario\/\"},\"author\":{\"name\":\"Natalia G\u00f3mez\",\"@id\":\"https:\/\/www.suno.com.br\/noticias\/#\/schema\/person\/1b24d67c140a42e864ef414497edb164\"},\"headline\":\"Suno Asset prop\u00f5e cis\u00e3o de ativos da BrMalls (BRML3) em fundos imobili\u00e1rios\",\"datePublished\":\"2021-03-19T15:04:46+00:00\",\"dateModified\":\"2021-05-30T22:06:47+00:00\",\"mainEntityOfPage\":{\"@id\":\"https:\/\/www.suno.com.br\/noticias\/suno-propoe-cisao-ativos-da-brmalls-brml3-fundo-imobiliario\/\"},\"wordCount\":686,\"publisher\":{\"@id\":\"https:\/\/www.suno.com.br\/noticias\/#organization\"},\"image\":{\"@id\":\"https:\/\/www.suno.com.br\/noticias\/suno-propoe-cisao-ativos-da-brmalls-brml3-fundo-imobiliario\/#primaryimage\"},\"thumbnailUrl\":\"https:\/\/files.sunoresearch.com.br\/n\/uploads\/2021\/01\/d640adb9-brmalls-jpg.webp\",\"keywords\":[\"BRMalls (BRML3)\",\"Fundos Imobili\u00e1rios (FIIs)\",\"Suno Asset\"],\"articleSection\":[\"Neg\u00f3cios\"],\"inLanguage\":\"pt-BR\"},{\"@type\":\"WebPage\",\"@id\":\"https:\/\/www.suno.com.br\/noticias\/suno-propoe-cisao-ativos-da-brmalls-brml3-fundo-imobiliario\/\",\"url\":\"https:\/\/www.suno.com.br\/noticias\/suno-propoe-cisao-ativos-da-brmalls-brml3-fundo-imobiliario\/\",\"name\":\"BrMalls (BRML3): Suno Asset prop\u00f5e cis\u00e3o de ativos da empresa\",\"isPartOf\":{\"@id\":\"https:\/\/www.suno.com.br\/noticias\/#website\"},\"primaryImageOfPage\":{\"@id\":\"https:\/\/www.suno.com.br\/noticias\/suno-propoe-cisao-ativos-da-brmalls-brml3-fundo-imobiliario\/#primaryimage\"},\"image\":{\"@id\":\"https:\/\/www.suno.com.br\/noticias\/suno-propoe-cisao-ativos-da-brmalls-brml3-fundo-imobiliario\/#primaryimage\"},\"thumbnailUrl\":\"https:\/\/files.sunoresearch.com.br\/n\/uploads\/2021\/01\/d640adb9-brmalls-jpg.webp\",\"datePublished\":\"2021-03-19T15:04:46+00:00\",\"dateModified\":\"2021-05-30T22:06:47+00:00\",\"description\":\"Em carta aberta, a Suno Asset prop\u00f4s ao conselho de administra\u00e7\u00e3o da BRMalls (BRML3) uma cis\u00e3o de ativos para \\\"destravar\\\" valor. Leia aqui.\",\"breadcrumb\":{\"@id\":\"https:\/\/www.suno.com.br\/noticias\/suno-propoe-cisao-ativos-da-brmalls-brml3-fundo-imobiliario\/#breadcrumb\"},\"inLanguage\":\"pt-BR\",\"potentialAction\":[{\"@type\":\"ReadAction\",\"target\":[\"https:\/\/www.suno.com.br\/noticias\/suno-propoe-cisao-ativos-da-brmalls-brml3-fundo-imobiliario\/\"]}]},{\"@type\":\"ImageObject\",\"inLanguage\":\"pt-BR\",\"@id\":\"https:\/\/www.suno.com.br\/noticias\/suno-propoe-cisao-ativos-da-brmalls-brml3-fundo-imobiliario\/#primaryimage\",\"url\":\"https:\/\/files.sunoresearch.com.br\/n\/uploads\/2021\/01\/d640adb9-brmalls-jpg.webp\",\"contentUrl\":\"https:\/\/files.sunoresearch.com.br\/n\/uploads\/2021\/01\/d640adb9-brmalls-jpg.webp\",\"width\":800,\"height\":450,\"caption\":\"BrMalls (BRML3) considera conversar sobre fus\u00e3o com Aliansce Sonae (ALSO3).\"},{\"@type\":\"BreadcrumbList\",\"@id\":\"https:\/\/www.suno.com.br\/noticias\/suno-propoe-cisao-ativos-da-brmalls-brml3-fundo-imobiliario\/#breadcrumb\",\"itemListElement\":[{\"@type\":\"ListItem\",\"position\":1,\"name\":\"Not\u00edcias\",\"item\":\"https:\/\/www.suno.com.br\/noticias\/\"},{\"@type\":\"ListItem\",\"position\":2,\"name\":\"Neg\u00f3cios\",\"item\":\"https:\/\/www.suno.com.br\/noticias\/negocios\/\"},{\"@type\":\"ListItem\",\"position\":3,\"name\":\"Suno Asset prop\u00f5e cis\u00e3o de ativos da BrMalls (BRML3) em fundos imobili\u00e1rios\"}]},{\"@type\":\"WebSite\",\"@id\":\"https:\/\/www.suno.com.br\/noticias\/#website\",\"url\":\"https:\/\/www.suno.com.br\/noticias\/\",\"name\":\"Suno Not\u00edcias\",\"description\":\"Seu portal de informa\u00e7\u00e3o sobre o mundo dos investimentos\",\"publisher\":{\"@id\":\"https:\/\/www.suno.com.br\/noticias\/#organization\"},\"potentialAction\":[{\"@type\":\"SearchAction\",\"target\":{\"@type\":\"EntryPoint\",\"urlTemplate\":\"https:\/\/www.suno.com.br\/noticias\/?s={search_term_string}\"},\"query-input\":{\"@type\":\"PropertyValueSpecification\",\"valueRequired\":true,\"valueName\":\"search_term_string\"}}],\"inLanguage\":\"pt-BR\"},{\"@type\":\"Organization\",\"@id\":\"https:\/\/www.suno.com.br\/noticias\/#organization\",\"name\":\"Suno Not\u00edcias\",\"url\":\"https:\/\/www.suno.com.br\/noticias\/\",\"logo\":{\"@type\":\"ImageObject\",\"inLanguage\":\"pt-BR\",\"@id\":\"https:\/\/www.suno.com.br\/noticias\/#\/schema\/logo\/image\/\",\"url\":\"https:\/\/files.sunoresearch.com.br\/n\/uploads\/2021\/09\/suno-logo.png\",\"contentUrl\":\"https:\/\/files.sunoresearch.com.br\/n\/uploads\/2021\/09\/suno-logo.png\",\"width\":180,\"height\":180,\"caption\":\"Suno Not\u00edcias\"},\"image\":{\"@id\":\"https:\/\/www.suno.com.br\/noticias\/#\/schema\/logo\/image\/\"},\"sameAs\":[\"https:\/\/facebook.com\/sunoresearch\",\"https:\/\/x.com\/sunoresearch\",\"https:\/\/www.instagram.com\/suno\",\"https:\/\/www.linkedin.com\/company\/suno-research\/\",\"https:\/\/www.youtube.com\/c\/sunoresearch\"]},{\"@type\":\"Person\",\"@id\":\"https:\/\/www.suno.com.br\/noticias\/#\/schema\/person\/1b24d67c140a42e864ef414497edb164\",\"name\":\"Natalia G\u00f3mez\",\"image\":{\"@type\":\"ImageObject\",\"inLanguage\":\"pt-BR\",\"@id\":\"https:\/\/www.suno.com.br\/noticias\/#\/schema\/person\/image\/\",\"url\":\"https:\/\/secure.gravatar.com\/avatar\/9e957e0b2b485c2d42c3f4145c16d940?s=96&r=g\",\"contentUrl\":\"https:\/\/secure.gravatar.com\/avatar\/9e957e0b2b485c2d42c3f4145c16d940?s=96&r=g\",\"caption\":\"Natalia G\u00f3mez\"},\"description\":\"Editora do Suno Not\u00edcias desde outubro de 2020, \u00e9 jornalista formada pela PUC-SP, com p\u00f3s-gradua\u00e7\u00e3o em jornalismo liter\u00e1rio. Atua no mercado financeiro desde 2003, quando iniciou a carreira no jornal econ\u00f4mico DCI, cobrindo o setor de alimentos no caderno de Ind\u00fastria. Foi trainee do jornal Valor Econ\u00f4mico, onde atuou no Caderno de Empresas por quase tr\u00eas anos. L\u00e1, cobriu o setor de ind\u00fastria, com foco em siderurgia, embalagens e aeroespacial. Fez coberturas setoriais em viagens para S\u00e3o Jos\u00e9 dos Campos e Franca (SP), al\u00e9m de coberturas internacionais na Alemanha e na Su\u00e9cia. Trabalhou por cinco anos na Ag\u00eancia Estado\/Broadcast, do Grupo Estado, onde foi rep\u00f3rter dos setores de minera\u00e7\u00e3o e siderurgia, alimentos e bebidas e finan\u00e7as. Foi premiada como o pr\u00eamio Destaque de Reportagem da AE em 2007 e 2008. Al\u00e9m de atuar no servi\u00e7o de not\u00edcias em tempo real, fez participa\u00e7\u00f5es no caderno de Economia do jornal Estado de S.Paulo e na R\u00e1dio Eldorado. Ainda no Grupo Estado, foi editora assistente da editoria Empresas e Setores, atuando com edi\u00e7\u00e3o e pauta, al\u00e9m de cobrir mercados diariamente com o cen\u00e1rio de bolsa e fazer reportagens especiais com foco em governan\u00e7a corporativa. Trabalhou tamb\u00e9m como correspondente de finan\u00e7as no servi\u00e7o da Thomson Reuters em portugu\u00eas por quase um ano. Atuou por cerca de oito anos como jornalista independente, contribuindo para ve\u00edculos como UOL Economia, Infomoney e Revista Voc\u00ea SA, al\u00e9m de ter trabalhado em projetos na \u00e1rea de conte\u00fado e comunica\u00e7\u00e3o de institui\u00e7\u00f5es financeiras como Anbima, Banco BS2, Banco Pine, Ita\u00fa BBA e EQI.\",\"url\":\"https:\/\/www.suno.com.br\/noticias\/author\/natalia-gomez\/\"}]}<\/script>\n<!-- \/ Yoast SEO plugin. -->","yoast_head_json":{"title":"BrMalls (BRML3): Suno Asset prop\u00f5e cis\u00e3o de ativos da empresa","description":"Em carta aberta, a Suno Asset prop\u00f4s ao conselho de administra\u00e7\u00e3o da BRMalls (BRML3) uma cis\u00e3o de ativos para \"destravar\" valor. Leia aqui.","robots":{"index":"index","follow":"follow","max-snippet":"max-snippet:-1","max-image-preview":"max-image-preview:large","max-video-preview":"max-video-preview:-1"},"canonical":"https:\/\/www.suno.com.br\/noticias\/suno-propoe-cisao-ativos-da-brmalls-brml3-fundo-imobiliario\/","og_locale":"pt_BR","og_type":"article","og_title":"BrMalls (BRML3): Suno Asset prop\u00f5e cis\u00e3o de ativos da empresa","og_description":"Em carta aberta, a Suno Asset prop\u00f4s ao conselho de administra\u00e7\u00e3o da BRMalls (BRML3) uma cis\u00e3o de ativos para \"destravar\" valor. Leia aqui.","og_url":"https:\/\/www.suno.com.br\/noticias\/suno-propoe-cisao-ativos-da-brmalls-brml3-fundo-imobiliario\/","og_site_name":"Suno Not\u00edcias","article_publisher":"https:\/\/facebook.com\/sunoresearch","og_image":[{"width":800,"height":450,"url":"https:\/\/files.sunoresearch.com.br\/n\/uploads\/2021\/01\/d640adb9-brmalls.jpg","type":"image\/jpeg"}],"author":"Natalia G\u00f3mez","twitter_card":"summary_large_image","twitter_creator":"@sunoresearch","twitter_site":"@sunoresearch","twitter_misc":{"Escrito por":"Natalia G\u00f3mez","Est. tempo de leitura":"3 minutos"},"schema":{"@context":"https:\/\/schema.org","@graph":[{"@type":"NewsArticle","@id":"https:\/\/www.suno.com.br\/noticias\/suno-propoe-cisao-ativos-da-brmalls-brml3-fundo-imobiliario\/#article","isPartOf":{"@id":"https:\/\/www.suno.com.br\/noticias\/suno-propoe-cisao-ativos-da-brmalls-brml3-fundo-imobiliario\/"},"author":{"name":"Natalia G\u00f3mez","@id":"https:\/\/www.suno.com.br\/noticias\/#\/schema\/person\/1b24d67c140a42e864ef414497edb164"},"headline":"Suno Asset prop\u00f5e cis\u00e3o de ativos da BrMalls (BRML3) em fundos imobili\u00e1rios","datePublished":"2021-03-19T15:04:46+00:00","dateModified":"2021-05-30T22:06:47+00:00","mainEntityOfPage":{"@id":"https:\/\/www.suno.com.br\/noticias\/suno-propoe-cisao-ativos-da-brmalls-brml3-fundo-imobiliario\/"},"wordCount":686,"publisher":{"@id":"https:\/\/www.suno.com.br\/noticias\/#organization"},"image":{"@id":"https:\/\/www.suno.com.br\/noticias\/suno-propoe-cisao-ativos-da-brmalls-brml3-fundo-imobiliario\/#primaryimage"},"thumbnailUrl":"https:\/\/files.sunoresearch.com.br\/n\/uploads\/2021\/01\/d640adb9-brmalls-jpg.webp","keywords":["BRMalls (BRML3)","Fundos Imobili\u00e1rios (FIIs)","Suno Asset"],"articleSection":["Neg\u00f3cios"],"inLanguage":"pt-BR"},{"@type":"WebPage","@id":"https:\/\/www.suno.com.br\/noticias\/suno-propoe-cisao-ativos-da-brmalls-brml3-fundo-imobiliario\/","url":"https:\/\/www.suno.com.br\/noticias\/suno-propoe-cisao-ativos-da-brmalls-brml3-fundo-imobiliario\/","name":"BrMalls (BRML3): Suno Asset prop\u00f5e cis\u00e3o de ativos da empresa","isPartOf":{"@id":"https:\/\/www.suno.com.br\/noticias\/#website"},"primaryImageOfPage":{"@id":"https:\/\/www.suno.com.br\/noticias\/suno-propoe-cisao-ativos-da-brmalls-brml3-fundo-imobiliario\/#primaryimage"},"image":{"@id":"https:\/\/www.suno.com.br\/noticias\/suno-propoe-cisao-ativos-da-brmalls-brml3-fundo-imobiliario\/#primaryimage"},"thumbnailUrl":"https:\/\/files.sunoresearch.com.br\/n\/uploads\/2021\/01\/d640adb9-brmalls-jpg.webp","datePublished":"2021-03-19T15:04:46+00:00","dateModified":"2021-05-30T22:06:47+00:00","description":"Em carta aberta, a Suno Asset prop\u00f4s ao conselho de administra\u00e7\u00e3o da BRMalls (BRML3) uma cis\u00e3o de ativos para \"destravar\" valor. Leia aqui.","breadcrumb":{"@id":"https:\/\/www.suno.com.br\/noticias\/suno-propoe-cisao-ativos-da-brmalls-brml3-fundo-imobiliario\/#breadcrumb"},"inLanguage":"pt-BR","potentialAction":[{"@type":"ReadAction","target":["https:\/\/www.suno.com.br\/noticias\/suno-propoe-cisao-ativos-da-brmalls-brml3-fundo-imobiliario\/"]}]},{"@type":"ImageObject","inLanguage":"pt-BR","@id":"https:\/\/www.suno.com.br\/noticias\/suno-propoe-cisao-ativos-da-brmalls-brml3-fundo-imobiliario\/#primaryimage","url":"https:\/\/files.sunoresearch.com.br\/n\/uploads\/2021\/01\/d640adb9-brmalls-jpg.webp","contentUrl":"https:\/\/files.sunoresearch.com.br\/n\/uploads\/2021\/01\/d640adb9-brmalls-jpg.webp","width":800,"height":450,"caption":"BrMalls (BRML3) considera conversar sobre fus\u00e3o com Aliansce Sonae (ALSO3)."},{"@type":"BreadcrumbList","@id":"https:\/\/www.suno.com.br\/noticias\/suno-propoe-cisao-ativos-da-brmalls-brml3-fundo-imobiliario\/#breadcrumb","itemListElement":[{"@type":"ListItem","position":1,"name":"Not\u00edcias","item":"https:\/\/www.suno.com.br\/noticias\/"},{"@type":"ListItem","position":2,"name":"Neg\u00f3cios","item":"https:\/\/www.suno.com.br\/noticias\/negocios\/"},{"@type":"ListItem","position":3,"name":"Suno Asset prop\u00f5e cis\u00e3o de ativos da BrMalls (BRML3) em fundos imobili\u00e1rios"}]},{"@type":"WebSite","@id":"https:\/\/www.suno.com.br\/noticias\/#website","url":"https:\/\/www.suno.com.br\/noticias\/","name":"Suno Not\u00edcias","description":"Seu portal de informa\u00e7\u00e3o sobre o mundo dos investimentos","publisher":{"@id":"https:\/\/www.suno.com.br\/noticias\/#organization"},"potentialAction":[{"@type":"SearchAction","target":{"@type":"EntryPoint","urlTemplate":"https:\/\/www.suno.com.br\/noticias\/?s={search_term_string}"},"query-input":{"@type":"PropertyValueSpecification","valueRequired":true,"valueName":"search_term_string"}}],"inLanguage":"pt-BR"},{"@type":"Organization","@id":"https:\/\/www.suno.com.br\/noticias\/#organization","name":"Suno Not\u00edcias","url":"https:\/\/www.suno.com.br\/noticias\/","logo":{"@type":"ImageObject","inLanguage":"pt-BR","@id":"https:\/\/www.suno.com.br\/noticias\/#\/schema\/logo\/image\/","url":"https:\/\/files.sunoresearch.com.br\/n\/uploads\/2021\/09\/suno-logo.png","contentUrl":"https:\/\/files.sunoresearch.com.br\/n\/uploads\/2021\/09\/suno-logo.png","width":180,"height":180,"caption":"Suno Not\u00edcias"},"image":{"@id":"https:\/\/www.suno.com.br\/noticias\/#\/schema\/logo\/image\/"},"sameAs":["https:\/\/facebook.com\/sunoresearch","https:\/\/x.com\/sunoresearch","https:\/\/www.instagram.com\/suno","https:\/\/www.linkedin.com\/company\/suno-research\/","https:\/\/www.youtube.com\/c\/sunoresearch"]},{"@type":"Person","@id":"https:\/\/www.suno.com.br\/noticias\/#\/schema\/person\/1b24d67c140a42e864ef414497edb164","name":"Natalia G\u00f3mez","image":{"@type":"ImageObject","inLanguage":"pt-BR","@id":"https:\/\/www.suno.com.br\/noticias\/#\/schema\/person\/image\/","url":"https:\/\/secure.gravatar.com\/avatar\/9e957e0b2b485c2d42c3f4145c16d940?s=96&r=g","contentUrl":"https:\/\/secure.gravatar.com\/avatar\/9e957e0b2b485c2d42c3f4145c16d940?s=96&r=g","caption":"Natalia G\u00f3mez"},"description":"Editora do Suno Not\u00edcias desde outubro de 2020, \u00e9 jornalista formada pela PUC-SP, com p\u00f3s-gradua\u00e7\u00e3o em jornalismo liter\u00e1rio. Atua no mercado financeiro desde 2003, quando iniciou a carreira no jornal econ\u00f4mico DCI, cobrindo o setor de alimentos no caderno de Ind\u00fastria. Foi trainee do jornal Valor Econ\u00f4mico, onde atuou no Caderno de Empresas por quase tr\u00eas anos. L\u00e1, cobriu o setor de ind\u00fastria, com foco em siderurgia, embalagens e aeroespacial. Fez coberturas setoriais em viagens para S\u00e3o Jos\u00e9 dos Campos e Franca (SP), al\u00e9m de coberturas internacionais na Alemanha e na Su\u00e9cia. Trabalhou por cinco anos na Ag\u00eancia Estado\/Broadcast, do Grupo Estado, onde foi rep\u00f3rter dos setores de minera\u00e7\u00e3o e siderurgia, alimentos e bebidas e finan\u00e7as. Foi premiada como o pr\u00eamio Destaque de Reportagem da AE em 2007 e 2008. Al\u00e9m de atuar no servi\u00e7o de not\u00edcias em tempo real, fez participa\u00e7\u00f5es no caderno de Economia do jornal Estado de S.Paulo e na R\u00e1dio Eldorado. Ainda no Grupo Estado, foi editora assistente da editoria Empresas e Setores, atuando com edi\u00e7\u00e3o e pauta, al\u00e9m de cobrir mercados diariamente com o cen\u00e1rio de bolsa e fazer reportagens especiais com foco em governan\u00e7a corporativa. Trabalhou tamb\u00e9m como correspondente de finan\u00e7as no servi\u00e7o da Thomson Reuters em portugu\u00eas por quase um ano. Atuou por cerca de oito anos como jornalista independente, contribuindo para ve\u00edculos como UOL Economia, Infomoney e Revista Voc\u00ea SA, al\u00e9m de ter trabalhado em projetos na \u00e1rea de conte\u00fado e comunica\u00e7\u00e3o de institui\u00e7\u00f5es financeiras como Anbima, Banco BS2, Banco Pine, Ita\u00fa BBA e EQI.","url":"https:\/\/www.suno.com.br\/noticias\/author\/natalia-gomez\/"}]}},"default_loop_html":"<div class=\"cardsPage__listCard__boxs\"><div class=\"cardsPage__listCard__boxs__img\"><a href=\"https:\/\/www.suno.com.br\/noticias\/suno-propoe-cisao-ativos-da-brmalls-brml3-fundo-imobiliario\/\"><img class=\"mask\" src=\"https:\/\/www.suno.com.br\/noticias\/wp-content\/themes\/suno\/resources\/images\/spotlight\/spotlight1img\/bg-mask.png\" alt=\"Image Mask\"\/><img src=\"https:\/\/files.sunoresearch.com.br\/n\/uploads\/2021\/01\/d640adb9-brmalls-400x200.webp\" alt=\"Suno Asset prop\u00f5e cis\u00e3o de ativos da BrMalls (BRML3) em fundos imobili\u00e1rios\"\/><\/a><span class=\"spotlightCategory\"><a href=\"https:\/\/www.suno.com.br\/noticias\/negocios\/\">Neg\u00f3cios<\/a><\/span><\/div><div class=\"cardsPage__listCard__boxs__content\"><a href=\"https:\/\/www.suno.com.br\/noticias\/suno-propoe-cisao-ativos-da-brmalls-brml3-fundo-imobiliario\/\"><h2 class=\"content__title\">Suno Asset prop\u00f5e cis\u00e3o de ativos da BrMalls (BRML3) em fundos imobili\u00e1rios<\/h2><\/a><div class=\"newsContent__article__meta\"><div class=\"newsContent__article__meta__authorBox\"><a href=\"https:\/\/www.suno.com.br\/noticias\/author\/natalia-gomez\/\" class=\"authorBox__avatar noMobi\"><img src=\"https:\/\/secure.gravatar.com\/avatar\/9e957e0b2b485c2d42c3f4145c16d940?s=96&#038;r=g\" alt=\"Natalia G\u00f3mez\"><\/a><div class=\"authorBox__name\"><span>por\n\t\t\t<a href=\"https:\/\/www.suno.com.br\/noticias\/author\/natalia-gomez\/\"><span itemprop=\"author\">Natalia G\u00f3mez<\/span><\/a><\/span><time datetime=\"2021-03-19T12:04:46-03:00\" itemprop=\"datePublished\">19\/03\/2021 12:04<\/time><\/div><\/div><\/div><\/div><\/div>","single_layout":"posts","amp_enabled":true,"_links":{"self":[{"href":"https:\/\/www.suno.com.br\/noticias\/wp-json\/wp\/v2\/posts\/133229"}],"collection":[{"href":"https:\/\/www.suno.com.br\/noticias\/wp-json\/wp\/v2\/posts"}],"about":[{"href":"https:\/\/www.suno.com.br\/noticias\/wp-json\/wp\/v2\/types\/post"}],"author":[{"embeddable":true,"href":"https:\/\/www.suno.com.br\/noticias\/wp-json\/wp\/v2\/users\/60"}],"replies":[{"embeddable":true,"href":"https:\/\/www.suno.com.br\/noticias\/wp-json\/wp\/v2\/comments?post=133229"}],"version-history":[{"count":7,"href":"https:\/\/www.suno.com.br\/noticias\/wp-json\/wp\/v2\/posts\/133229\/revisions"}],"predecessor-version":[{"id":133262,"href":"https:\/\/www.suno.com.br\/noticias\/wp-json\/wp\/v2\/posts\/133229\/revisions\/133262"}],"wp:featuredmedia":[{"embeddable":true,"href":"https:\/\/www.suno.com.br\/noticias\/wp-json\/wp\/v2\/media\/112347"}],"wp:attachment":[{"href":"https:\/\/www.suno.com.br\/noticias\/wp-json\/wp\/v2\/media?parent=133229"}],"wp:term":[{"taxonomy":"category","embeddable":true,"href":"https:\/\/www.suno.com.br\/noticias\/wp-json\/wp\/v2\/categories?post=133229"},{"taxonomy":"post_tag","embeddable":true,"href":"https:\/\/www.suno.com.br\/noticias\/wp-json\/wp\/v2\/tags?post=133229"},{"taxonomy":"suno_strategy","embeddable":true,"href":"https:\/\/www.suno.com.br\/noticias\/wp-json\/wp\/v2\/suno_strategy?post=133229"}],"curies":[{"name":"wp","href":"https:\/\/api.w.org\/{rel}","templated":true}]}}