{"id":133215,"date":"2021-03-19T11:21:26","date_gmt":"2021-03-19T14:21:26","guid":{"rendered":"https:\/\/www.suno.com.br\/noticias\/?p=133215"},"modified":"2021-03-19T11:21:54","modified_gmt":"2021-03-19T14:21:54","slug":"cade-aprova-grupo-medisanitas-notre-dame-intermedica","status":"publish","type":"post","link":"https:\/\/www.suno.com.br\/noticias\/cade-aprova-grupo-medisanitas-notre-dame-intermedica\/","title":{"rendered":"Notre Dame Interm\u00e9dica (GNDI): Cade aprova compra da Medisanitas"},"content":{"rendered":"<p>A compra das empresas do Grupo Medisanitas Brasil pela <a href=\"https:\/\/www.suno.com.br\/acoes\/gndi3\/\" target=\"_blank\" rel=\"noopener noreferrer\"><strong>Notre Dame Interm\u00e9dica<\/strong> (GNDI)<\/a> foi aprovada pela Superintend\u00eancia-Geral do <a href=\"https:\/\/www.suno.com.br\/artigos\/cade\/\" target=\"_blank\" rel=\"noopener noreferrer\">Conselho Administrativo de Defesa Econ\u00f4mica (Cade)<\/a> sem restri\u00e7\u00f5es, conforme despacho publicado no Di\u00e1rio Oficial da Uni\u00e3o (DOU).<\/p>\t<div class=\"wrapper-featured-image\">\n\t\t<figure class=\"spotlightImg\">\n\n\t\t\t<picture>\n\t\t\t\t<source media=\"(max-width: 768px)\" srcset=\"https:\/\/files.sunoresearch.com.br\/n\/uploads\/2021\/01\/03fec173-notredame-intermedica-800x450-1-400x200.webp\">\n\t\t\t\t<img loading=\"lazy\" decoding=\"async\" class=\"newsContent__article__imgCapa lazyloadDisabled \" src=\"https:\/\/files.sunoresearch.com.br\/n\/uploads\/2021\/01\/03fec173-notredame-intermedica-800x450-1-jpg.webp\" width=\"800\" height=\"450\" alt=\"Notre Dame Interm\u00e9dica (GNDI): Cade aprova compra da Medisanitas\" fetchpriority=high \/>\n\t\t\t<\/picture>\n\n\t\t\t<figcaption class=\"wp-caption-text wp-caption-text--show\">NotreDame Interm\u00e9dica (GNDI3): conhe\u00e7a a tese da Equitas<\/figcaption>\n\t\t<\/figure>\n\t<\/div>\n\n\n\t<p>\n\t\t<a href=\"https:\/\/lp.suno.com.br\/planilha-controle-gastos\/\" target=\"_blank\" data-element=\"shortcode-suno-banner\" title=\"Banner SUNO, clique e saiba mais\">\n\t\t\t<picture>\n\t\t\t\t<source media=\"(max-width: 500px)\" srcset=\"https:\/\/files.sunoresearch.com.br\/n\/uploads\/2023\/03\/400x300-Planilha-controle-de-gastos.png\">\n\t\t\t\t<img class=\"newsContent__article__imgCapa newsContent__article__imgCapa--banner\"\n\t\t\t\t\tsrc=\"https:\/\/files.sunoresearch.com.br\/n\/uploads\/2023\/03\/1420x240-Planilha-controle-de-gastos.png\"\n\t\t\t\t\tdata-promo-id=\"101751\"\t\t\t\t\t\t\t\t\t\twidth='1420' height='240'\t\t\t\t\talt=\"https:\/\/files.sunoresearch.com.br\/n\/uploads\/2023\/03\/1420x240-Planilha-controle-de-gastos.png\"\n\t\t\t\t>\n\t\t\t<\/picture>\n\t\t<\/a>\n\t<\/p>\n\n\n<p>Depois que a <a href=\"https:\/\/www.suno.com.br\/artigos\/fusoes-aquisicoes\/\" target=\"_blank\" rel=\"noopener noreferrer\">compra for conclu\u00edda<\/a>, a Interm\u00e9dica passar\u00e1 a deter, indiretamente, 100% das entidades que comp\u00f5em o Grupo Medisanitas Brasil &#8211; que abrange Medisanitas Brasil, OSI Participa\u00e7\u00f5es, OSI Investimentos, Com Vc Drogaria, Minas Sa\u00fade, Servi\u00e7os Operativos, Centro Oftalmol\u00f3gico, Centro Cl\u00ednico Venda Nova e Centro M\u00e9dico e Hospital Keralty.<\/p>\n<p>O neg\u00f3cio foi anunciado em agosto do ano passado por R$ 1 bilh\u00e3o.<\/p>\n<p>O<strong> Grupo Medisanitas<\/strong> concentra as opera\u00e7\u00f5es brasileiras do grupo colombiano Keralty, que possui neg\u00f3cios na Venezuela, Col\u00f4mbia, Peru, M\u00e9xico, Estados Unidos, Europa, Indon\u00e9sia e Filipinas. O Grupo Keralty est\u00e1 no Brasil desde 2011 com atua\u00e7\u00e3o principalmente em Minas Gerais.<\/p>\n<p><a href=\"https:\/\/lp.suno.com.br\/suno-one\/?ppp=noticias\/hospital-care-pedido-ipo-cvm\/\"><b>Suno One: acesse gratuitamente eBooks, Minicursos, Artigos e V\u00eddeo Aulas sobre investimentos com um \u00fanico cadastro. Clique para saber mais!<\/b><\/a><\/p>\n<p>Em Minas, a Medisanitas tem uma carteira de aproximadamente 340 mil <strong>benefici\u00e1rios de planos de sa\u00fade<\/strong> e 3 mil benefici\u00e1rios dental, em sua maioria na carteira empresarial.<b><\/b><\/p>\n<p>O grupo tem uma rede pr\u00f3pria em Minas que inclui um hospital, um pronto-socorro, cinco centros cl\u00ednicos, cinco laborat\u00f3rios de an\u00e1lises cl\u00ednicas, tr\u00eas cl\u00ednicas odontol\u00f3gicas, um centro oftalmol\u00f3gico e uma cl\u00ednica oncol\u00f3gica.<\/p>\n<h2>Opera\u00e7\u00e3o amplia presen\u00e7a da Notre Dame Interm\u00e9dica em Minas Gerais<\/h2>\n<p>As empresas informaram ao Cade que, &#8220;para a Notre Dame Interm\u00e9dica, a opera\u00e7\u00e3o se justifica no contexto da expans\u00e3o estrat\u00e9gica de suas atividades em Minas Gerais, considerando as sinergias operacionais e administrativas que as atividades do Grupo Medisanitas Brasil ir\u00e3o trazer&#8221;.<\/p>\n<p><span style=\"font-weight: 400;\">\u00a0\t<p>\n\t\t<a href=\"https:\/\/lp.suno.com.br\/planilha-da-vida-financeira\/\" target=\"_blank\" data-element=\"shortcode-suno-banner\" title=\"Banner SUNO, clique e saiba mais\">\n\t\t\t<picture>\n\t\t\t\t<source media=\"(max-width: 500px)\" srcset=\"https:\/\/files.sunoresearch.com.br\/n\/uploads\/2023\/04\/400x300-Planilha-vida-financeira-true.png\">\n\t\t\t\t<img class=\"newsContent__article__imgCapa newsContent__article__imgCapa--banner\"\n\t\t\t\t\tsrc=\"https:\/\/files.sunoresearch.com.br\/n\/uploads\/2023\/04\/1420x240-Planilha-vida-financeira-true.png\"\n\t\t\t\t\tdata-promo-id=\"106682\"\t\t\t\t\t\t\t\t\t\twidth='1420' height='240'\t\t\t\t\talt=\"https:\/\/files.sunoresearch.com.br\/n\/uploads\/2023\/04\/1420x240-Planilha-vida-financeira-true.png\"\n\t\t\t\t>\n\t\t\t<\/picture>\n\t\t<\/a>\n\t<\/p>\n\n<\/span><\/p>\n<p>Tamb\u00e9m dissera que, &#8220;para os vendedores, a opera\u00e7\u00e3o fortalece a capacidade financeira do Grupo Keralty e contribui para sua expans\u00e3o operacional, para novos desenvolvimentos em suas opera\u00e7\u00f5es em planos de sa\u00fade m\u00e9dico-hospitalares e assist\u00eancia m\u00e9dica em pa\u00edses de valor estrat\u00e9gico para o grupo (Estados Unidos, M\u00e9xico, Col\u00f4mbia e Peru) e visa a acelerar o cumprimento de desafios estrat\u00e9gicos enfrentados pelo Grupo Keralty&#8221;.<\/p>\n<p>Al\u00e9m do Cade, a opera\u00e7\u00e3o da <strong>Notre Dame Interm\u00e9dica<\/strong> tamb\u00e9m est\u00e1 sujeita \u00e0 aprova\u00e7\u00e3o da Ag\u00eancia Nacional de Sa\u00fade Suplementar (ANS).<\/p>\n<p>(Com Estad\u00e3o Conte\u00fado)<\/p>\n<p><span style=\"font-weight: 400;\">\t<p>\n\t\t<a href=\"https:\/\/lp.suno.com.br\/planilha-de-controle-de-investimentos\/\" target=\"_blank\" data-element=\"shortcode-suno-banner\" title=\"Banner SUNO, clique e saiba mais\">\n\t\t\t<picture>\n\t\t\t\t<source media=\"(max-width: 500px)\" srcset=\"https:\/\/files.sunoresearch.com.br\/n\/uploads\/2023\/03\/400x300-Controle-de-Investimentos.png\">\n\t\t\t\t<img class=\"newsContent__article__imgCapa newsContent__article__imgCapa--banner\"\n\t\t\t\t\tsrc=\"https:\/\/files.sunoresearch.com.br\/n\/uploads\/2023\/03\/1420x240-Controle-de-Investimentos.png\"\n\t\t\t\t\tdata-promo-id=\"75934\"\t\t\t\t\t\t\t\t\t\twidth='1420' height='240'\t\t\t\t\talt=\"https:\/\/files.sunoresearch.com.br\/n\/uploads\/2023\/03\/1420x240-Controle-de-Investimentos.png\"\n\t\t\t\t>\n\t\t\t<\/picture>\n\t\t<\/a>\n\t<\/p>\n\n<\/span><\/p>\n","protected":false},"excerpt":{"rendered":"<p>A compra das empresas do Grupo Medisanitas Brasil pela Notre Dame Interm\u00e9dica (GNDI) foi aprovada pela Superintend\u00eancia-Geral do Conselho Administrativo de Defesa Econ\u00f4mica (Cade) sem restri\u00e7\u00f5es, conforme despacho publicado no Di\u00e1rio Oficial da Uni\u00e3o (DOU). NotreDame Interm\u00e9dica (GNDI3): conhe\u00e7a a tese da Equitas Depois que a compra for conclu\u00edda, a Interm\u00e9dica passar\u00e1 a deter, indiretamente, [&hellip;]<\/p>\n","protected":false},"author":67,"featured_media":112046,"comment_status":"closed","ping_status":"closed","sticky":false,"template":"","format":"standard","meta":[],"categories":[64],"tags":[512],"suno_strategy":[],"class_list":["post-133215","post","type-post","status-publish","format-standard","has-post-thumbnail","hentry","category-negocios","tag-notredame-intermedica-gndi3"],"yoast_head":"<!-- This site is optimized with the Yoast SEO plugin v24.4 - https:\/\/yoast.com\/wordpress\/plugins\/seo\/ -->\n<title>Notre Dame Interm\u00e9dica (GNDI): Cade aprova compra da Medisanitas<\/title>\n<meta name=\"description\" content=\"A compra das empresas do Grupo Medisanitas Brasil pela Notre Dame Interm\u00e9dica (GNDI) foi aprovada pelo Cade sem restri\u00e7\u00f5es. Leia aqui.\" \/>\n<meta name=\"robots\" content=\"index, follow, max-snippet:-1, max-image-preview:large, max-video-preview:-1\" \/>\n<link rel=\"canonical\" href=\"https:\/\/www.suno.com.br\/noticias\/cade-aprova-grupo-medisanitas-notre-dame-intermedica\/\" \/>\n<meta property=\"og:locale\" content=\"pt_BR\" \/>\n<meta property=\"og:type\" content=\"article\" \/>\n<meta property=\"og:title\" content=\"Notre Dame Interm\u00e9dica (GNDI): Cade aprova compra da Medisanitas\" \/>\n<meta property=\"og:description\" content=\"A compra das empresas do Grupo Medisanitas Brasil pela Notre Dame Interm\u00e9dica (GNDI) foi aprovada pelo Cade sem restri\u00e7\u00f5es. Leia aqui.\" \/>\n<meta property=\"og:url\" content=\"https:\/\/www.suno.com.br\/noticias\/cade-aprova-grupo-medisanitas-notre-dame-intermedica\/\" \/>\n<meta property=\"og:site_name\" content=\"Suno Not\u00edcias\" \/>\n<meta property=\"article:publisher\" content=\"https:\/\/facebook.com\/sunoresearch\" \/>\n<meta property=\"og:image\" content=\"https:\/\/files.sunoresearch.com.br\/n\/uploads\/2021\/01\/03fec173-notredame-intermedica-800x450-1.jpg\" \/>\n\t<meta property=\"og:image:width\" content=\"800\" \/>\n\t<meta property=\"og:image:height\" content=\"450\" \/>\n\t<meta property=\"og:image:type\" content=\"image\/jpeg\" \/>\n<meta name=\"author\" content=\"Estad\u00e3o Conte\u00fado\" \/>\n<meta name=\"twitter:card\" content=\"summary_large_image\" \/>\n<meta name=\"twitter:creator\" content=\"@sunoresearch\" \/>\n<meta name=\"twitter:site\" content=\"@sunoresearch\" \/>\n<meta name=\"twitter:label1\" content=\"Escrito por\" \/>\n\t<meta name=\"twitter:data1\" content=\"Estad\u00e3o Conte\u00fado\" \/>\n\t<meta name=\"twitter:label2\" content=\"Est. tempo de leitura\" \/>\n\t<meta name=\"twitter:data2\" content=\"2 minutos\" \/>\n<script type=\"application\/ld+json\" class=\"yoast-schema-graph\">{\"@context\":\"https:\/\/schema.org\",\"@graph\":[{\"@type\":\"NewsArticle\",\"@id\":\"https:\/\/www.suno.com.br\/noticias\/cade-aprova-grupo-medisanitas-notre-dame-intermedica\/#article\",\"isPartOf\":{\"@id\":\"https:\/\/www.suno.com.br\/noticias\/cade-aprova-grupo-medisanitas-notre-dame-intermedica\/\"},\"author\":{\"name\":\"Estad\u00e3o Conte\u00fado\",\"@id\":\"https:\/\/www.suno.com.br\/noticias\/#\/schema\/person\/4f2e53f9f48009717a277c28e3938c8a\"},\"headline\":\"Notre Dame Interm\u00e9dica (GNDI): Cade aprova compra da Medisanitas\",\"datePublished\":\"2021-03-19T14:21:26+00:00\",\"dateModified\":\"2021-03-19T14:21:54+00:00\",\"mainEntityOfPage\":{\"@id\":\"https:\/\/www.suno.com.br\/noticias\/cade-aprova-grupo-medisanitas-notre-dame-intermedica\/\"},\"wordCount\":433,\"publisher\":{\"@id\":\"https:\/\/www.suno.com.br\/noticias\/#organization\"},\"image\":{\"@id\":\"https:\/\/www.suno.com.br\/noticias\/cade-aprova-grupo-medisanitas-notre-dame-intermedica\/#primaryimage\"},\"thumbnailUrl\":\"https:\/\/files.sunoresearch.com.br\/n\/uploads\/2021\/01\/03fec173-notredame-intermedica-800x450-1-jpg.webp\",\"keywords\":[\"NotreDame Intermedica (GNDI3)\"],\"articleSection\":[\"Neg\u00f3cios\"],\"inLanguage\":\"pt-BR\"},{\"@type\":\"WebPage\",\"@id\":\"https:\/\/www.suno.com.br\/noticias\/cade-aprova-grupo-medisanitas-notre-dame-intermedica\/\",\"url\":\"https:\/\/www.suno.com.br\/noticias\/cade-aprova-grupo-medisanitas-notre-dame-intermedica\/\",\"name\":\"Notre Dame Interm\u00e9dica (GNDI): Cade aprova compra da Medisanitas\",\"isPartOf\":{\"@id\":\"https:\/\/www.suno.com.br\/noticias\/#website\"},\"primaryImageOfPage\":{\"@id\":\"https:\/\/www.suno.com.br\/noticias\/cade-aprova-grupo-medisanitas-notre-dame-intermedica\/#primaryimage\"},\"image\":{\"@id\":\"https:\/\/www.suno.com.br\/noticias\/cade-aprova-grupo-medisanitas-notre-dame-intermedica\/#primaryimage\"},\"thumbnailUrl\":\"https:\/\/files.sunoresearch.com.br\/n\/uploads\/2021\/01\/03fec173-notredame-intermedica-800x450-1-jpg.webp\",\"datePublished\":\"2021-03-19T14:21:26+00:00\",\"dateModified\":\"2021-03-19T14:21:54+00:00\",\"description\":\"A compra das empresas do Grupo Medisanitas Brasil pela Notre Dame Interm\u00e9dica (GNDI) foi aprovada pelo Cade sem restri\u00e7\u00f5es. Leia aqui.\",\"breadcrumb\":{\"@id\":\"https:\/\/www.suno.com.br\/noticias\/cade-aprova-grupo-medisanitas-notre-dame-intermedica\/#breadcrumb\"},\"inLanguage\":\"pt-BR\",\"potentialAction\":[{\"@type\":\"ReadAction\",\"target\":[\"https:\/\/www.suno.com.br\/noticias\/cade-aprova-grupo-medisanitas-notre-dame-intermedica\/\"]}]},{\"@type\":\"ImageObject\",\"inLanguage\":\"pt-BR\",\"@id\":\"https:\/\/www.suno.com.br\/noticias\/cade-aprova-grupo-medisanitas-notre-dame-intermedica\/#primaryimage\",\"url\":\"https:\/\/files.sunoresearch.com.br\/n\/uploads\/2021\/01\/03fec173-notredame-intermedica-800x450-1-jpg.webp\",\"contentUrl\":\"https:\/\/files.sunoresearch.com.br\/n\/uploads\/2021\/01\/03fec173-notredame-intermedica-800x450-1-jpg.webp\",\"width\":800,\"height\":450,\"caption\":\"NotreDame Interm\u00e9dica (GNDI3): conhe\u00e7a a tese da Equitas\"},{\"@type\":\"BreadcrumbList\",\"@id\":\"https:\/\/www.suno.com.br\/noticias\/cade-aprova-grupo-medisanitas-notre-dame-intermedica\/#breadcrumb\",\"itemListElement\":[{\"@type\":\"ListItem\",\"position\":1,\"name\":\"Not\u00edcias\",\"item\":\"https:\/\/www.suno.com.br\/noticias\/\"},{\"@type\":\"ListItem\",\"position\":2,\"name\":\"Neg\u00f3cios\",\"item\":\"https:\/\/www.suno.com.br\/noticias\/negocios\/\"},{\"@type\":\"ListItem\",\"position\":3,\"name\":\"Notre Dame Interm\u00e9dica (GNDI): Cade aprova compra da Medisanitas\"}]},{\"@type\":\"WebSite\",\"@id\":\"https:\/\/www.suno.com.br\/noticias\/#website\",\"url\":\"https:\/\/www.suno.com.br\/noticias\/\",\"name\":\"Suno Not\u00edcias\",\"description\":\"Seu portal de informa\u00e7\u00e3o sobre o mundo dos investimentos\",\"publisher\":{\"@id\":\"https:\/\/www.suno.com.br\/noticias\/#organization\"},\"potentialAction\":[{\"@type\":\"SearchAction\",\"target\":{\"@type\":\"EntryPoint\",\"urlTemplate\":\"https:\/\/www.suno.com.br\/noticias\/?s={search_term_string}\"},\"query-input\":{\"@type\":\"PropertyValueSpecification\",\"valueRequired\":true,\"valueName\":\"search_term_string\"}}],\"inLanguage\":\"pt-BR\"},{\"@type\":\"Organization\",\"@id\":\"https:\/\/www.suno.com.br\/noticias\/#organization\",\"name\":\"Suno Not\u00edcias\",\"url\":\"https:\/\/www.suno.com.br\/noticias\/\",\"logo\":{\"@type\":\"ImageObject\",\"inLanguage\":\"pt-BR\",\"@id\":\"https:\/\/www.suno.com.br\/noticias\/#\/schema\/logo\/image\/\",\"url\":\"https:\/\/files.sunoresearch.com.br\/n\/uploads\/2021\/09\/suno-logo.png\",\"contentUrl\":\"https:\/\/files.sunoresearch.com.br\/n\/uploads\/2021\/09\/suno-logo.png\",\"width\":180,\"height\":180,\"caption\":\"Suno Not\u00edcias\"},\"image\":{\"@id\":\"https:\/\/www.suno.com.br\/noticias\/#\/schema\/logo\/image\/\"},\"sameAs\":[\"https:\/\/facebook.com\/sunoresearch\",\"https:\/\/x.com\/sunoresearch\",\"https:\/\/www.instagram.com\/suno\",\"https:\/\/www.linkedin.com\/company\/suno-research\/\",\"https:\/\/www.youtube.com\/c\/sunoresearch\"]},{\"@type\":\"Person\",\"@id\":\"https:\/\/www.suno.com.br\/noticias\/#\/schema\/person\/4f2e53f9f48009717a277c28e3938c8a\",\"name\":\"Estad\u00e3o Conte\u00fado\",\"image\":{\"@type\":\"ImageObject\",\"inLanguage\":\"pt-BR\",\"@id\":\"https:\/\/www.suno.com.br\/noticias\/#\/schema\/person\/image\/\",\"url\":\"https:\/\/secure.gravatar.com\/avatar\/eb9039357bfac83b68aaa4bd5b2a2047?s=96&r=g\",\"contentUrl\":\"https:\/\/secure.gravatar.com\/avatar\/eb9039357bfac83b68aaa4bd5b2a2047?s=96&r=g\",\"caption\":\"Estad\u00e3o Conte\u00fado\"},\"url\":\"https:\/\/www.suno.com.br\/noticias\/author\/estadao-conteudo\/\"}]}<\/script>\n<!-- \/ Yoast SEO plugin. -->","yoast_head_json":{"title":"Notre Dame Interm\u00e9dica (GNDI): Cade aprova compra da Medisanitas","description":"A compra das empresas do Grupo Medisanitas Brasil pela Notre Dame Interm\u00e9dica (GNDI) foi aprovada pelo Cade sem restri\u00e7\u00f5es. Leia aqui.","robots":{"index":"index","follow":"follow","max-snippet":"max-snippet:-1","max-image-preview":"max-image-preview:large","max-video-preview":"max-video-preview:-1"},"canonical":"https:\/\/www.suno.com.br\/noticias\/cade-aprova-grupo-medisanitas-notre-dame-intermedica\/","og_locale":"pt_BR","og_type":"article","og_title":"Notre Dame Interm\u00e9dica (GNDI): Cade aprova compra da Medisanitas","og_description":"A compra das empresas do Grupo Medisanitas Brasil pela Notre Dame Interm\u00e9dica (GNDI) foi aprovada pelo Cade sem restri\u00e7\u00f5es. Leia aqui.","og_url":"https:\/\/www.suno.com.br\/noticias\/cade-aprova-grupo-medisanitas-notre-dame-intermedica\/","og_site_name":"Suno Not\u00edcias","article_publisher":"https:\/\/facebook.com\/sunoresearch","og_image":[{"width":800,"height":450,"url":"https:\/\/files.sunoresearch.com.br\/n\/uploads\/2021\/01\/03fec173-notredame-intermedica-800x450-1.jpg","type":"image\/jpeg"}],"author":"Estad\u00e3o Conte\u00fado","twitter_card":"summary_large_image","twitter_creator":"@sunoresearch","twitter_site":"@sunoresearch","twitter_misc":{"Escrito por":"Estad\u00e3o Conte\u00fado","Est. tempo de leitura":"2 minutos"},"schema":{"@context":"https:\/\/schema.org","@graph":[{"@type":"NewsArticle","@id":"https:\/\/www.suno.com.br\/noticias\/cade-aprova-grupo-medisanitas-notre-dame-intermedica\/#article","isPartOf":{"@id":"https:\/\/www.suno.com.br\/noticias\/cade-aprova-grupo-medisanitas-notre-dame-intermedica\/"},"author":{"name":"Estad\u00e3o Conte\u00fado","@id":"https:\/\/www.suno.com.br\/noticias\/#\/schema\/person\/4f2e53f9f48009717a277c28e3938c8a"},"headline":"Notre Dame Interm\u00e9dica (GNDI): Cade aprova compra da Medisanitas","datePublished":"2021-03-19T14:21:26+00:00","dateModified":"2021-03-19T14:21:54+00:00","mainEntityOfPage":{"@id":"https:\/\/www.suno.com.br\/noticias\/cade-aprova-grupo-medisanitas-notre-dame-intermedica\/"},"wordCount":433,"publisher":{"@id":"https:\/\/www.suno.com.br\/noticias\/#organization"},"image":{"@id":"https:\/\/www.suno.com.br\/noticias\/cade-aprova-grupo-medisanitas-notre-dame-intermedica\/#primaryimage"},"thumbnailUrl":"https:\/\/files.sunoresearch.com.br\/n\/uploads\/2021\/01\/03fec173-notredame-intermedica-800x450-1-jpg.webp","keywords":["NotreDame Intermedica (GNDI3)"],"articleSection":["Neg\u00f3cios"],"inLanguage":"pt-BR"},{"@type":"WebPage","@id":"https:\/\/www.suno.com.br\/noticias\/cade-aprova-grupo-medisanitas-notre-dame-intermedica\/","url":"https:\/\/www.suno.com.br\/noticias\/cade-aprova-grupo-medisanitas-notre-dame-intermedica\/","name":"Notre Dame Interm\u00e9dica (GNDI): Cade aprova compra da Medisanitas","isPartOf":{"@id":"https:\/\/www.suno.com.br\/noticias\/#website"},"primaryImageOfPage":{"@id":"https:\/\/www.suno.com.br\/noticias\/cade-aprova-grupo-medisanitas-notre-dame-intermedica\/#primaryimage"},"image":{"@id":"https:\/\/www.suno.com.br\/noticias\/cade-aprova-grupo-medisanitas-notre-dame-intermedica\/#primaryimage"},"thumbnailUrl":"https:\/\/files.sunoresearch.com.br\/n\/uploads\/2021\/01\/03fec173-notredame-intermedica-800x450-1-jpg.webp","datePublished":"2021-03-19T14:21:26+00:00","dateModified":"2021-03-19T14:21:54+00:00","description":"A compra das empresas do Grupo Medisanitas Brasil pela Notre Dame Interm\u00e9dica (GNDI) foi aprovada pelo Cade sem restri\u00e7\u00f5es. Leia aqui.","breadcrumb":{"@id":"https:\/\/www.suno.com.br\/noticias\/cade-aprova-grupo-medisanitas-notre-dame-intermedica\/#breadcrumb"},"inLanguage":"pt-BR","potentialAction":[{"@type":"ReadAction","target":["https:\/\/www.suno.com.br\/noticias\/cade-aprova-grupo-medisanitas-notre-dame-intermedica\/"]}]},{"@type":"ImageObject","inLanguage":"pt-BR","@id":"https:\/\/www.suno.com.br\/noticias\/cade-aprova-grupo-medisanitas-notre-dame-intermedica\/#primaryimage","url":"https:\/\/files.sunoresearch.com.br\/n\/uploads\/2021\/01\/03fec173-notredame-intermedica-800x450-1-jpg.webp","contentUrl":"https:\/\/files.sunoresearch.com.br\/n\/uploads\/2021\/01\/03fec173-notredame-intermedica-800x450-1-jpg.webp","width":800,"height":450,"caption":"NotreDame Interm\u00e9dica (GNDI3): conhe\u00e7a a tese da Equitas"},{"@type":"BreadcrumbList","@id":"https:\/\/www.suno.com.br\/noticias\/cade-aprova-grupo-medisanitas-notre-dame-intermedica\/#breadcrumb","itemListElement":[{"@type":"ListItem","position":1,"name":"Not\u00edcias","item":"https:\/\/www.suno.com.br\/noticias\/"},{"@type":"ListItem","position":2,"name":"Neg\u00f3cios","item":"https:\/\/www.suno.com.br\/noticias\/negocios\/"},{"@type":"ListItem","position":3,"name":"Notre Dame Interm\u00e9dica (GNDI): Cade aprova compra da Medisanitas"}]},{"@type":"WebSite","@id":"https:\/\/www.suno.com.br\/noticias\/#website","url":"https:\/\/www.suno.com.br\/noticias\/","name":"Suno Not\u00edcias","description":"Seu portal de informa\u00e7\u00e3o sobre o mundo dos investimentos","publisher":{"@id":"https:\/\/www.suno.com.br\/noticias\/#organization"},"potentialAction":[{"@type":"SearchAction","target":{"@type":"EntryPoint","urlTemplate":"https:\/\/www.suno.com.br\/noticias\/?s={search_term_string}"},"query-input":{"@type":"PropertyValueSpecification","valueRequired":true,"valueName":"search_term_string"}}],"inLanguage":"pt-BR"},{"@type":"Organization","@id":"https:\/\/www.suno.com.br\/noticias\/#organization","name":"Suno Not\u00edcias","url":"https:\/\/www.suno.com.br\/noticias\/","logo":{"@type":"ImageObject","inLanguage":"pt-BR","@id":"https:\/\/www.suno.com.br\/noticias\/#\/schema\/logo\/image\/","url":"https:\/\/files.sunoresearch.com.br\/n\/uploads\/2021\/09\/suno-logo.png","contentUrl":"https:\/\/files.sunoresearch.com.br\/n\/uploads\/2021\/09\/suno-logo.png","width":180,"height":180,"caption":"Suno Not\u00edcias"},"image":{"@id":"https:\/\/www.suno.com.br\/noticias\/#\/schema\/logo\/image\/"},"sameAs":["https:\/\/facebook.com\/sunoresearch","https:\/\/x.com\/sunoresearch","https:\/\/www.instagram.com\/suno","https:\/\/www.linkedin.com\/company\/suno-research\/","https:\/\/www.youtube.com\/c\/sunoresearch"]},{"@type":"Person","@id":"https:\/\/www.suno.com.br\/noticias\/#\/schema\/person\/4f2e53f9f48009717a277c28e3938c8a","name":"Estad\u00e3o Conte\u00fado","image":{"@type":"ImageObject","inLanguage":"pt-BR","@id":"https:\/\/www.suno.com.br\/noticias\/#\/schema\/person\/image\/","url":"https:\/\/secure.gravatar.com\/avatar\/eb9039357bfac83b68aaa4bd5b2a2047?s=96&r=g","contentUrl":"https:\/\/secure.gravatar.com\/avatar\/eb9039357bfac83b68aaa4bd5b2a2047?s=96&r=g","caption":"Estad\u00e3o Conte\u00fado"},"url":"https:\/\/www.suno.com.br\/noticias\/author\/estadao-conteudo\/"}]}},"default_loop_html":"<div class=\"cardsPage__listCard__boxs\"><div class=\"cardsPage__listCard__boxs__img\"><a href=\"https:\/\/www.suno.com.br\/noticias\/cade-aprova-grupo-medisanitas-notre-dame-intermedica\/\"><img class=\"mask\" src=\"https:\/\/www.suno.com.br\/noticias\/wp-content\/themes\/suno\/resources\/images\/spotlight\/spotlight1img\/bg-mask.png\" alt=\"Image Mask\"\/><img src=\"https:\/\/files.sunoresearch.com.br\/n\/uploads\/2021\/01\/03fec173-notredame-intermedica-800x450-1-400x200.webp\" alt=\"Notre Dame Interm\u00e9dica (GNDI): Cade aprova compra da Medisanitas\"\/><\/a><span class=\"spotlightCategory\"><a href=\"https:\/\/www.suno.com.br\/noticias\/negocios\/\">Neg\u00f3cios<\/a><\/span><\/div><div class=\"cardsPage__listCard__boxs__content\"><a href=\"https:\/\/www.suno.com.br\/noticias\/cade-aprova-grupo-medisanitas-notre-dame-intermedica\/\"><h2 class=\"content__title\">Notre Dame Interm\u00e9dica (GNDI): Cade aprova compra da Medisanitas<\/h2><\/a><div class=\"newsContent__article__meta\"><div class=\"newsContent__article__meta__authorBox\"><a href=\"https:\/\/www.suno.com.br\/noticias\/author\/estadao-conteudo\/\" class=\"authorBox__avatar noMobi\"><img src=\"https:\/\/files.sunoresearch.com.br\/n\/uploads\/2021\/02\/7129a3ae-logo-estadao-150x150.webp\" alt=\"Estad\u00e3o Conte\u00fado\"><\/a><div class=\"authorBox__name\"><span>por\n\t\t\t<a href=\"https:\/\/www.suno.com.br\/noticias\/author\/estadao-conteudo\/\"><span itemprop=\"author\">Estad\u00e3o Conte\u00fado<\/span><\/a><\/span><time datetime=\"2021-03-19T11:21:26-03:00\" itemprop=\"datePublished\">19\/03\/2021 11:21<\/time><\/div><\/div><\/div><\/div><\/div>","single_layout":"posts","amp_enabled":true,"_links":{"self":[{"href":"https:\/\/www.suno.com.br\/noticias\/wp-json\/wp\/v2\/posts\/133215"}],"collection":[{"href":"https:\/\/www.suno.com.br\/noticias\/wp-json\/wp\/v2\/posts"}],"about":[{"href":"https:\/\/www.suno.com.br\/noticias\/wp-json\/wp\/v2\/types\/post"}],"author":[{"embeddable":true,"href":"https:\/\/www.suno.com.br\/noticias\/wp-json\/wp\/v2\/users\/67"}],"replies":[{"embeddable":true,"href":"https:\/\/www.suno.com.br\/noticias\/wp-json\/wp\/v2\/comments?post=133215"}],"version-history":[{"count":2,"href":"https:\/\/www.suno.com.br\/noticias\/wp-json\/wp\/v2\/posts\/133215\/revisions"}],"predecessor-version":[{"id":133226,"href":"https:\/\/www.suno.com.br\/noticias\/wp-json\/wp\/v2\/posts\/133215\/revisions\/133226"}],"wp:featuredmedia":[{"embeddable":true,"href":"https:\/\/www.suno.com.br\/noticias\/wp-json\/wp\/v2\/media\/112046"}],"wp:attachment":[{"href":"https:\/\/www.suno.com.br\/noticias\/wp-json\/wp\/v2\/media?parent=133215"}],"wp:term":[{"taxonomy":"category","embeddable":true,"href":"https:\/\/www.suno.com.br\/noticias\/wp-json\/wp\/v2\/categories?post=133215"},{"taxonomy":"post_tag","embeddable":true,"href":"https:\/\/www.suno.com.br\/noticias\/wp-json\/wp\/v2\/tags?post=133215"},{"taxonomy":"suno_strategy","embeddable":true,"href":"https:\/\/www.suno.com.br\/noticias\/wp-json\/wp\/v2\/suno_strategy?post=133215"}],"curies":[{"name":"wp","href":"https:\/\/api.w.org\/{rel}","templated":true}]}}