{"id":133078,"date":"2021-03-19T07:42:46","date_gmt":"2021-03-19T10:42:46","guid":{"rendered":"https:\/\/www.suno.com.br\/noticias\/?p=133078"},"modified":"2021-03-19T08:59:03","modified_gmt":"2021-03-19T11:59:03","slug":"banco-do-brasil-bbas3-andre-brando-fausto-ribeiro","status":"publish","type":"post","link":"https:\/\/www.suno.com.br\/noticias\/banco-do-brasil-bbas3-andre-brando-fausto-ribeiro\/","title":{"rendered":"Banco do Brasil (BBAS3): Governo escolhe Fausto Ribeiro como novo presidente"},"content":{"rendered":"<p>Ap\u00f3s Andr\u00e9 Brand\u00e3o ter apresentado a carta de ren\u00fancia ontem, o governo escolheu o presidente da BB Administradora de Cons\u00f3rcios, Fausto de Andrade Ribeiro, para assumir a presid\u00eancia do <a href=\"https:\/\/www.suno.com.br\/acoes\/bbas3\/\"><strong>Banco do Brasil<\/strong> (BBAS3).<\/a><\/p>\n\t<p>\n\t\t<a href=\"https:\/\/lp.suno.com.br\/planilha-controle-gastos\/\" target=\"_blank\" data-element=\"shortcode-suno-banner\" title=\"Banner SUNO, clique e saiba mais\">\n\t\t\t<picture>\n\t\t\t\t<source media=\"(max-width: 500px)\" srcset=\"https:\/\/files.sunoresearch.com.br\/n\/uploads\/2023\/03\/400x300-Planilha-controle-de-gastos.png\">\n\t\t\t\t<img class=\"newsContent__article__imgCapa newsContent__article__imgCapa--banner\"\n\t\t\t\t\tsrc=\"https:\/\/files.sunoresearch.com.br\/n\/uploads\/2023\/03\/1420x240-Planilha-controle-de-gastos.png\"\n\t\t\t\t\tdata-promo-id=\"101751\"\t\t\t\t\t\t\t\t\t\twidth='1420' height='240'\t\t\t\t\talt=\"https:\/\/files.sunoresearch.com.br\/n\/uploads\/2023\/03\/1420x240-Planilha-controle-de-gastos.png\"\n\t\t\t\t>\n\t\t\t<\/picture>\n\t\t<\/a>\n\t<\/p>\n\n\n<p>Ribeiro tamb\u00e9m vai preencher o lugar ocupado por Brand\u00e3o no conselho de administra\u00e7\u00e3o do banco. De acordo com o <strong>Minist\u00e9rio da Economia<\/strong>, o nome ser\u00e1 encaminhado para an\u00e1lise do Comit\u00ea de Pessoas, Remunera\u00e7\u00e3o e Elegibilidade do Banco do Brasil.<\/p>\n<p><a href=\"https:\/\/lp.suno.com.br\/suno-one\/\">Suno One: acesse gratuitamente eBooks, Minicursos, Artigos e V\u00eddeo Aulas sobre investimentos com um \u00fanico cadastro. Clique para saber mais!<\/a><\/p>\n<p><strong>Fausto de Andrade Ribeiro<\/strong>, 52 anos, \u00e9 presidente da subsidi\u00e1ria do BB desde setembro de 2020. Antes de assumir o cargo, ele foi gerente executivo do banco por quase quatro anos, respons\u00e1vel pela \u00e1rea de canais de terceiros, como correspondentes banc\u00e1rios, banco postal, redes compartilhadas e Banco 24 horas.<\/p>\n<p>Ele foi gerente geral da institui\u00e7\u00e3o financeira para <strong>Espanha<\/strong> e <strong>Marrocos<\/strong>, gerente executivo e respons\u00e1vel pela \u00e1rea de controle cont\u00e1bil do BB e gerente executivo do Banco Patag\u00f4nia em <strong>Buenos Aires<\/strong>.<\/p>\n<p>Formado em Administra\u00e7\u00e3o pela Universidade Cat\u00f3lica de Bras\u00edlia e Direito pelo Centro Universit\u00e1rio de Bras\u00edlia. Tem especializa\u00e7\u00e3o em economia pela The George Washington University e MBA em Finan\u00e7as pelo Ibmec. Est\u00e1 no BB desde setembro de 2000.<\/p>\n<h2>Brand\u00e3o renuncia ao cargo de presidente do Banco do Brasil<\/h2>\n<p><strong>Andr\u00e9 Brand\u00e3o<\/strong> j\u00e1 havia sido comunicado da decis\u00e3o do presidente<strong> Jair Bolsonaro<\/strong> sobre sua demiss\u00e3o. Ele renunciou para n\u00e3o ficar de &#8220;stand-by&#8221; esperando a formaliza\u00e7\u00e3o da sua sa\u00edda.<\/p>\n<p>O <strong>ministro da Economia,<\/strong> <a href=\"https:\/\/www.suno.com.br\/tudo-sobre\/paulo-guedes\/\">Paulo Guedes<\/a>, tentou segurar Brand\u00e3o por mais tempo no cargo e evitar o an\u00fancio neste momento, para evitar a amplifica\u00e7\u00e3o de ru\u00eddos no mercado financeiro ap\u00f3s a demiss\u00e3o do presidente da <a href=\"https:\/\/www.suno.com.br\/acoes\/petr4\"><strong>Petrobras<\/strong> (PETR4)<\/a>, <a href=\"https:\/\/www.suno.com.br\/tudo-sobre\/roberto-castello-branco\/\">Roberto Castelo Branco<\/a>.<\/p>\n<p>No governo, um dos nomes mais cotados para a presid\u00eancia do<strong> Banco do Brasil<\/strong> era o do vice-presidente corporativo do BB, <strong>Mauro Ribeiro Neto<\/strong>. Mas segundo o jornal<em> Estado de S. Paulo<\/em>, o ministro <strong>Paulo Guedes<\/strong>, considerava Neto (33 anos), muito jovem para assumir o comando do banco p\u00fablico. O executivo, que \u00e9 servidor p\u00fablico de carreira e j\u00e1 atuou na Secretaria de Coordena\u00e7\u00e3o e Governan\u00e7a de Estatais do extinto Minist\u00e9rio do Planejamento, permanecer\u00e1 no cargo.<\/p>\n<p>J\u00e1 o presidente da Caixa, <strong>Pedro Guimar\u00e3es<\/strong>, patrocinava a candidatura de<strong> Eduardo Dacache<\/strong> para assumir o BB. Ele \u00e9 presidente da Caixa Seguridade e, por isso, a sua indica\u00e7\u00e3o sofreu resist\u00eancias dentro do Banco do Brasil, diante da rivalidade que existe entre os dois maiores bancos p\u00fablicos do Pa\u00eds.<\/p>\n\t<div data-element=\"shortcode-read-more\" class=\"knowMore\">\n\t\t\t\t<span class=\"knowMore__title\">Saiba Mais<\/span>\n\t\t\t\t<a class=\"knowMore__link\" href=\"https:\/\/www.suno.com.br\/noticias\/andre-brandao-renuncia-banco-do-brasil-bbas3\/\">\n\t\t\tAndr\u00e9 Brand\u00e3o renuncia \u00e0 presid\u00eancia do Banco do Brasil (BBAS3)\t\t<\/a>\n\t<\/div>\n\n\n<p>Al\u00e9m de <strong>Castello Branco<\/strong>, Bolsonaro j\u00e1 mandou demitir dois auxiliares de Guedes que bateram de frente com ele. No primeiro ano de mandato, o presidente decidiu demitir o ent\u00e3o secret\u00e1rio da Receita Federal, <strong>Marcos Cintra,<\/strong> porque considerou que a discuss\u00e3o sobre a cria\u00e7\u00e3o de um imposto nos moldes da <strong>CPMF<\/strong> se tornou &#8220;p\u00fablica demais&#8221;. Embora tivesse apoio da equipe econ\u00f4mica, o assunto gerou pol\u00eamica e n\u00e3o agradou os seus apoiadores.<\/p>\n<p>Bolsonaro tamb\u00e9m influenciou na mudan\u00e7a de comando de outro banco p\u00fablico ainda em 2019. Ele disse que o ent\u00e3o presidente do <strong>BNDES<\/strong>,<strong> Joaquim Levy<\/strong>, estava com &#8220;a cabe\u00e7a a pr\u00eamio&#8221; durante conversa com jornalistas. No dia seguinte, Levy pediu demiss\u00e3o do cargo.<\/p>\n<p>Fora da economia, os ex-ministros da Sa\u00fad<strong>e Luiz Henrique Mandetta<\/strong> e Nelson Teich deixaram o cargo em raz\u00e3o de diverg\u00eancias com o presidente na estrat\u00e9gia para enfrentar a pandemia.<\/p>\n<h2>\u00daltima cota\u00e7\u00e3o do BB<\/h2>\n<p>Na \u00faltima sess\u00e3o, quinta-feira, o<strong> Banco do Brasil<\/strong> encerrou o preg\u00e3o em queda de 0,85%, negociado a R$ 30,44.<\/p>\n<p>(Com Estad\u00e3o Conte\u00fado)<\/p>\n\t<p>\n\t\t<a href=\"https:\/\/lp.suno.com.br\/planilha-de-controle-de-investimentos\/\" target=\"_blank\" data-element=\"shortcode-suno-banner\" title=\"Banner SUNO, clique e saiba mais\">\n\t\t\t<picture>\n\t\t\t\t<source media=\"(max-width: 500px)\" srcset=\"https:\/\/files.sunoresearch.com.br\/n\/uploads\/2023\/03\/400x300-Controle-de-Investimentos.png\">\n\t\t\t\t<img class=\"newsContent__article__imgCapa newsContent__article__imgCapa--banner\"\n\t\t\t\t\tsrc=\"https:\/\/files.sunoresearch.com.br\/n\/uploads\/2023\/03\/1420x240-Controle-de-Investimentos.png\"\n\t\t\t\t\tdata-promo-id=\"75934\"\t\t\t\t\t\t\t\t\t\twidth='1420' height='240'\t\t\t\t\talt=\"https:\/\/files.sunoresearch.com.br\/n\/uploads\/2023\/03\/1420x240-Controle-de-Investimentos.png\"\n\t\t\t\t>\n\t\t\t<\/picture>\n\t\t<\/a>\n\t<\/p>\n\n\n","protected":false},"excerpt":{"rendered":"<p>Ap\u00f3s Andr\u00e9 Brand\u00e3o ter apresentado a carta de ren\u00fancia ontem, o governo escolheu o presidente da BB Administradora de Cons\u00f3rcios, Fausto de Andrade Ribeiro, para assumir a presid\u00eancia do Banco do Brasil (BBAS3). Ribeiro tamb\u00e9m vai preencher o lugar ocupado por Brand\u00e3o no conselho de administra\u00e7\u00e3o do banco. De acordo com o Minist\u00e9rio da Economia, [&hellip;]<\/p>\n","protected":false},"author":15,"featured_media":0,"comment_status":"closed","ping_status":"closed","sticky":false,"template":"","format":"standard","meta":[],"categories":[64],"tags":[732],"suno_strategy":[],"class_list":["post-133078","post","type-post","status-publish","format-standard","hentry","category-negocios","tag-banco-do-brasil-bbas3"],"yoast_head":"<!-- This site is optimized with the Yoast SEO plugin v24.4 - https:\/\/yoast.com\/wordpress\/plugins\/seo\/ -->\n<title>Banco do Brasil (BBAS3): Fausto Ribeiro ser\u00e1 o novo presidente<\/title>\n<meta name=\"description\" content=\"Ap\u00f3s Brand\u00e3o ter renunciado, governo escolhe Ribeiro para assumir a presid\u00eancia do Banco do Brasil (BBAS3). Clique aqui e saiba mais\" \/>\n<meta name=\"robots\" content=\"index, follow, max-snippet:-1, max-image-preview:large, max-video-preview:-1\" \/>\n<link rel=\"canonical\" href=\"https:\/\/www.suno.com.br\/noticias\/banco-do-brasil-bbas3-andre-brando-fausto-ribeiro\/\" \/>\n<meta property=\"og:locale\" content=\"pt_BR\" \/>\n<meta property=\"og:type\" content=\"article\" \/>\n<meta property=\"og:title\" content=\"Banco do Brasil (BBAS3): Fausto Ribeiro ser\u00e1 o novo presidente\" \/>\n<meta property=\"og:description\" content=\"Ap\u00f3s Brand\u00e3o ter renunciado, governo escolhe Ribeiro para assumir a presid\u00eancia do Banco do Brasil (BBAS3). Clique aqui e saiba mais\" \/>\n<meta property=\"og:url\" content=\"https:\/\/www.suno.com.br\/noticias\/banco-do-brasil-bbas3-andre-brando-fausto-ribeiro\/\" \/>\n<meta property=\"og:site_name\" content=\"Suno Not\u00edcias\" \/>\n<meta property=\"article:publisher\" content=\"https:\/\/facebook.com\/sunoresearch\" \/>\n<meta property=\"og:image\" content=\"https:\/\/files.sunoresearch.com.br\/n\/uploads\/2022\/06\/Modelo2.jpg\" \/>\n\t<meta property=\"og:image:width\" content=\"1200\" \/>\n\t<meta property=\"og:image:height\" content=\"627\" \/>\n\t<meta property=\"og:image:type\" content=\"image\/jpeg\" \/>\n<meta name=\"author\" content=\"Poliana Santos\" \/>\n<meta name=\"twitter:card\" content=\"summary_large_image\" \/>\n<meta name=\"twitter:creator\" content=\"@sunoresearch\" \/>\n<meta name=\"twitter:site\" content=\"@sunoresearch\" \/>\n<meta name=\"twitter:label1\" content=\"Escrito por\" \/>\n\t<meta name=\"twitter:data1\" content=\"Poliana Santos\" \/>\n\t<meta name=\"twitter:label2\" content=\"Est. tempo de leitura\" \/>\n\t<meta name=\"twitter:data2\" content=\"3 minutos\" \/>\n<script type=\"application\/ld+json\" class=\"yoast-schema-graph\">{\"@context\":\"https:\/\/schema.org\",\"@graph\":[{\"@type\":\"NewsArticle\",\"@id\":\"https:\/\/www.suno.com.br\/noticias\/banco-do-brasil-bbas3-andre-brando-fausto-ribeiro\/#article\",\"isPartOf\":{\"@id\":\"https:\/\/www.suno.com.br\/noticias\/banco-do-brasil-bbas3-andre-brando-fausto-ribeiro\/\"},\"author\":{\"name\":\"Poliana Santos\",\"@id\":\"https:\/\/www.suno.com.br\/noticias\/#\/schema\/person\/02ec1f752758247878a2bf4abee1aeda\"},\"headline\":\"Banco do Brasil (BBAS3): Governo escolhe Fausto Ribeiro como novo presidente\",\"datePublished\":\"2021-03-19T10:42:46+00:00\",\"dateModified\":\"2021-03-19T11:59:03+00:00\",\"mainEntityOfPage\":{\"@id\":\"https:\/\/www.suno.com.br\/noticias\/banco-do-brasil-bbas3-andre-brando-fausto-ribeiro\/\"},\"wordCount\":667,\"publisher\":{\"@id\":\"https:\/\/www.suno.com.br\/noticias\/#organization\"},\"keywords\":[\"Banco do Brasil (BBAS3)\"],\"articleSection\":[\"Neg\u00f3cios\"],\"inLanguage\":\"pt-BR\"},{\"@type\":\"WebPage\",\"@id\":\"https:\/\/www.suno.com.br\/noticias\/banco-do-brasil-bbas3-andre-brando-fausto-ribeiro\/\",\"url\":\"https:\/\/www.suno.com.br\/noticias\/banco-do-brasil-bbas3-andre-brando-fausto-ribeiro\/\",\"name\":\"Banco do Brasil (BBAS3): Fausto Ribeiro ser\u00e1 o novo presidente\",\"isPartOf\":{\"@id\":\"https:\/\/www.suno.com.br\/noticias\/#website\"},\"datePublished\":\"2021-03-19T10:42:46+00:00\",\"dateModified\":\"2021-03-19T11:59:03+00:00\",\"description\":\"Ap\u00f3s Brand\u00e3o ter renunciado, governo escolhe Ribeiro para assumir a presid\u00eancia do Banco do Brasil (BBAS3). Clique aqui e saiba mais\",\"breadcrumb\":{\"@id\":\"https:\/\/www.suno.com.br\/noticias\/banco-do-brasil-bbas3-andre-brando-fausto-ribeiro\/#breadcrumb\"},\"inLanguage\":\"pt-BR\",\"potentialAction\":[{\"@type\":\"ReadAction\",\"target\":[\"https:\/\/www.suno.com.br\/noticias\/banco-do-brasil-bbas3-andre-brando-fausto-ribeiro\/\"]}]},{\"@type\":\"BreadcrumbList\",\"@id\":\"https:\/\/www.suno.com.br\/noticias\/banco-do-brasil-bbas3-andre-brando-fausto-ribeiro\/#breadcrumb\",\"itemListElement\":[{\"@type\":\"ListItem\",\"position\":1,\"name\":\"Not\u00edcias\",\"item\":\"https:\/\/www.suno.com.br\/noticias\/\"},{\"@type\":\"ListItem\",\"position\":2,\"name\":\"Neg\u00f3cios\",\"item\":\"https:\/\/www.suno.com.br\/noticias\/negocios\/\"},{\"@type\":\"ListItem\",\"position\":3,\"name\":\"Banco do Brasil (BBAS3): Governo escolhe Fausto Ribeiro como novo presidente\"}]},{\"@type\":\"WebSite\",\"@id\":\"https:\/\/www.suno.com.br\/noticias\/#website\",\"url\":\"https:\/\/www.suno.com.br\/noticias\/\",\"name\":\"Suno Not\u00edcias\",\"description\":\"Seu portal de informa\u00e7\u00e3o sobre o mundo dos investimentos\",\"publisher\":{\"@id\":\"https:\/\/www.suno.com.br\/noticias\/#organization\"},\"potentialAction\":[{\"@type\":\"SearchAction\",\"target\":{\"@type\":\"EntryPoint\",\"urlTemplate\":\"https:\/\/www.suno.com.br\/noticias\/?s={search_term_string}\"},\"query-input\":{\"@type\":\"PropertyValueSpecification\",\"valueRequired\":true,\"valueName\":\"search_term_string\"}}],\"inLanguage\":\"pt-BR\"},{\"@type\":\"Organization\",\"@id\":\"https:\/\/www.suno.com.br\/noticias\/#organization\",\"name\":\"Suno Not\u00edcias\",\"url\":\"https:\/\/www.suno.com.br\/noticias\/\",\"logo\":{\"@type\":\"ImageObject\",\"inLanguage\":\"pt-BR\",\"@id\":\"https:\/\/www.suno.com.br\/noticias\/#\/schema\/logo\/image\/\",\"url\":\"https:\/\/files.sunoresearch.com.br\/n\/uploads\/2021\/09\/suno-logo.png\",\"contentUrl\":\"https:\/\/files.sunoresearch.com.br\/n\/uploads\/2021\/09\/suno-logo.png\",\"width\":180,\"height\":180,\"caption\":\"Suno Not\u00edcias\"},\"image\":{\"@id\":\"https:\/\/www.suno.com.br\/noticias\/#\/schema\/logo\/image\/\"},\"sameAs\":[\"https:\/\/facebook.com\/sunoresearch\",\"https:\/\/x.com\/sunoresearch\",\"https:\/\/www.instagram.com\/suno\",\"https:\/\/www.linkedin.com\/company\/suno-research\/\",\"https:\/\/www.youtube.com\/c\/sunoresearch\"]},{\"@type\":\"Person\",\"@id\":\"https:\/\/www.suno.com.br\/noticias\/#\/schema\/person\/02ec1f752758247878a2bf4abee1aeda\",\"name\":\"Poliana Santos\",\"image\":{\"@type\":\"ImageObject\",\"inLanguage\":\"pt-BR\",\"@id\":\"https:\/\/www.suno.com.br\/noticias\/#\/schema\/person\/image\/\",\"url\":\"https:\/\/secure.gravatar.com\/avatar\/0645bd32f23d87b2130f2b2dff1d3f8d?s=96&r=g\",\"contentUrl\":\"https:\/\/secure.gravatar.com\/avatar\/0645bd32f23d87b2130f2b2dff1d3f8d?s=96&r=g\",\"caption\":\"Poliana Santos\"},\"description\":\"Rep\u00f3rter no Suno Not\u00edcias, com cobertura em mercado financeiro, economia, finan\u00e7as pessoais, renda fixa e varejo. Jornalista formada pela Faculdade C\u00e1sper L\u00edbero e possui passagem na R\u00e1dio Gazeta AM com a produ\u00e7\u00e3o de conte\u00fado sobre economia, pol\u00edtica, sa\u00fade, moda e m\u00fasica. Possui certificado de conclus\u00e3o do curso de An\u00e1lise de Balan\u00e7os pela Funda\u00e7\u00e3o Bradesco, Agenda Brasil pela FAAP, Educa\u00e7\u00e3o Pol\u00edtica por Alexandre Garcia e do Tesouro Direto e Mercado de A\u00e7\u00f5es pela B3.\",\"url\":\"https:\/\/www.suno.com.br\/noticias\/author\/poliana-santos\/\"}]}<\/script>\n<!-- \/ Yoast SEO plugin. -->","yoast_head_json":{"title":"Banco do Brasil (BBAS3): Fausto Ribeiro ser\u00e1 o novo presidente","description":"Ap\u00f3s Brand\u00e3o ter renunciado, governo escolhe Ribeiro para assumir a presid\u00eancia do Banco do Brasil (BBAS3). Clique aqui e saiba mais","robots":{"index":"index","follow":"follow","max-snippet":"max-snippet:-1","max-image-preview":"max-image-preview:large","max-video-preview":"max-video-preview:-1"},"canonical":"https:\/\/www.suno.com.br\/noticias\/banco-do-brasil-bbas3-andre-brando-fausto-ribeiro\/","og_locale":"pt_BR","og_type":"article","og_title":"Banco do Brasil (BBAS3): Fausto Ribeiro ser\u00e1 o novo presidente","og_description":"Ap\u00f3s Brand\u00e3o ter renunciado, governo escolhe Ribeiro para assumir a presid\u00eancia do Banco do Brasil (BBAS3). Clique aqui e saiba mais","og_url":"https:\/\/www.suno.com.br\/noticias\/banco-do-brasil-bbas3-andre-brando-fausto-ribeiro\/","og_site_name":"Suno Not\u00edcias","article_publisher":"https:\/\/facebook.com\/sunoresearch","og_image":[{"width":1200,"height":627,"url":"https:\/\/files.sunoresearch.com.br\/n\/uploads\/2022\/06\/Modelo2.jpg","type":"image\/jpeg"}],"author":"Poliana Santos","twitter_card":"summary_large_image","twitter_creator":"@sunoresearch","twitter_site":"@sunoresearch","twitter_misc":{"Escrito por":"Poliana Santos","Est. tempo de leitura":"3 minutos"},"schema":{"@context":"https:\/\/schema.org","@graph":[{"@type":"NewsArticle","@id":"https:\/\/www.suno.com.br\/noticias\/banco-do-brasil-bbas3-andre-brando-fausto-ribeiro\/#article","isPartOf":{"@id":"https:\/\/www.suno.com.br\/noticias\/banco-do-brasil-bbas3-andre-brando-fausto-ribeiro\/"},"author":{"name":"Poliana Santos","@id":"https:\/\/www.suno.com.br\/noticias\/#\/schema\/person\/02ec1f752758247878a2bf4abee1aeda"},"headline":"Banco do Brasil (BBAS3): Governo escolhe Fausto Ribeiro como novo presidente","datePublished":"2021-03-19T10:42:46+00:00","dateModified":"2021-03-19T11:59:03+00:00","mainEntityOfPage":{"@id":"https:\/\/www.suno.com.br\/noticias\/banco-do-brasil-bbas3-andre-brando-fausto-ribeiro\/"},"wordCount":667,"publisher":{"@id":"https:\/\/www.suno.com.br\/noticias\/#organization"},"keywords":["Banco do Brasil (BBAS3)"],"articleSection":["Neg\u00f3cios"],"inLanguage":"pt-BR"},{"@type":"WebPage","@id":"https:\/\/www.suno.com.br\/noticias\/banco-do-brasil-bbas3-andre-brando-fausto-ribeiro\/","url":"https:\/\/www.suno.com.br\/noticias\/banco-do-brasil-bbas3-andre-brando-fausto-ribeiro\/","name":"Banco do Brasil (BBAS3): Fausto Ribeiro ser\u00e1 o novo presidente","isPartOf":{"@id":"https:\/\/www.suno.com.br\/noticias\/#website"},"datePublished":"2021-03-19T10:42:46+00:00","dateModified":"2021-03-19T11:59:03+00:00","description":"Ap\u00f3s Brand\u00e3o ter renunciado, governo escolhe Ribeiro para assumir a presid\u00eancia do Banco do Brasil (BBAS3). Clique aqui e saiba mais","breadcrumb":{"@id":"https:\/\/www.suno.com.br\/noticias\/banco-do-brasil-bbas3-andre-brando-fausto-ribeiro\/#breadcrumb"},"inLanguage":"pt-BR","potentialAction":[{"@type":"ReadAction","target":["https:\/\/www.suno.com.br\/noticias\/banco-do-brasil-bbas3-andre-brando-fausto-ribeiro\/"]}]},{"@type":"BreadcrumbList","@id":"https:\/\/www.suno.com.br\/noticias\/banco-do-brasil-bbas3-andre-brando-fausto-ribeiro\/#breadcrumb","itemListElement":[{"@type":"ListItem","position":1,"name":"Not\u00edcias","item":"https:\/\/www.suno.com.br\/noticias\/"},{"@type":"ListItem","position":2,"name":"Neg\u00f3cios","item":"https:\/\/www.suno.com.br\/noticias\/negocios\/"},{"@type":"ListItem","position":3,"name":"Banco do Brasil (BBAS3): Governo escolhe Fausto Ribeiro como novo presidente"}]},{"@type":"WebSite","@id":"https:\/\/www.suno.com.br\/noticias\/#website","url":"https:\/\/www.suno.com.br\/noticias\/","name":"Suno Not\u00edcias","description":"Seu portal de informa\u00e7\u00e3o sobre o mundo dos investimentos","publisher":{"@id":"https:\/\/www.suno.com.br\/noticias\/#organization"},"potentialAction":[{"@type":"SearchAction","target":{"@type":"EntryPoint","urlTemplate":"https:\/\/www.suno.com.br\/noticias\/?s={search_term_string}"},"query-input":{"@type":"PropertyValueSpecification","valueRequired":true,"valueName":"search_term_string"}}],"inLanguage":"pt-BR"},{"@type":"Organization","@id":"https:\/\/www.suno.com.br\/noticias\/#organization","name":"Suno Not\u00edcias","url":"https:\/\/www.suno.com.br\/noticias\/","logo":{"@type":"ImageObject","inLanguage":"pt-BR","@id":"https:\/\/www.suno.com.br\/noticias\/#\/schema\/logo\/image\/","url":"https:\/\/files.sunoresearch.com.br\/n\/uploads\/2021\/09\/suno-logo.png","contentUrl":"https:\/\/files.sunoresearch.com.br\/n\/uploads\/2021\/09\/suno-logo.png","width":180,"height":180,"caption":"Suno Not\u00edcias"},"image":{"@id":"https:\/\/www.suno.com.br\/noticias\/#\/schema\/logo\/image\/"},"sameAs":["https:\/\/facebook.com\/sunoresearch","https:\/\/x.com\/sunoresearch","https:\/\/www.instagram.com\/suno","https:\/\/www.linkedin.com\/company\/suno-research\/","https:\/\/www.youtube.com\/c\/sunoresearch"]},{"@type":"Person","@id":"https:\/\/www.suno.com.br\/noticias\/#\/schema\/person\/02ec1f752758247878a2bf4abee1aeda","name":"Poliana Santos","image":{"@type":"ImageObject","inLanguage":"pt-BR","@id":"https:\/\/www.suno.com.br\/noticias\/#\/schema\/person\/image\/","url":"https:\/\/secure.gravatar.com\/avatar\/0645bd32f23d87b2130f2b2dff1d3f8d?s=96&r=g","contentUrl":"https:\/\/secure.gravatar.com\/avatar\/0645bd32f23d87b2130f2b2dff1d3f8d?s=96&r=g","caption":"Poliana Santos"},"description":"Rep\u00f3rter no Suno Not\u00edcias, com cobertura em mercado financeiro, economia, finan\u00e7as pessoais, renda fixa e varejo. Jornalista formada pela Faculdade C\u00e1sper L\u00edbero e possui passagem na R\u00e1dio Gazeta AM com a produ\u00e7\u00e3o de conte\u00fado sobre economia, pol\u00edtica, sa\u00fade, moda e m\u00fasica. Possui certificado de conclus\u00e3o do curso de An\u00e1lise de Balan\u00e7os pela Funda\u00e7\u00e3o Bradesco, Agenda Brasil pela FAAP, Educa\u00e7\u00e3o Pol\u00edtica por Alexandre Garcia e do Tesouro Direto e Mercado de A\u00e7\u00f5es pela B3.","url":"https:\/\/www.suno.com.br\/noticias\/author\/poliana-santos\/"}]}},"default_loop_html":"<div class=\"cardsPage__listCard__boxs\"><div class=\"cardsPage__listCard__boxs__img\"><a href=\"https:\/\/www.suno.com.br\/noticias\/banco-do-brasil-bbas3-andre-brando-fausto-ribeiro\/\"><img class=\"mask\" src=\"https:\/\/www.suno.com.br\/noticias\/wp-content\/themes\/suno\/resources\/images\/spotlight\/spotlight1img\/bg-mask.png\" alt=\"Image Mask\"\/><img src=\"\" alt=\"Banco do Brasil (BBAS3): Governo escolhe Fausto Ribeiro como novo presidente\"\/><\/a><span class=\"spotlightCategory\"><a href=\"https:\/\/www.suno.com.br\/noticias\/negocios\/\">Neg\u00f3cios<\/a><\/span><\/div><div class=\"cardsPage__listCard__boxs__content\"><a href=\"https:\/\/www.suno.com.br\/noticias\/banco-do-brasil-bbas3-andre-brando-fausto-ribeiro\/\"><h2 class=\"content__title\">Banco do Brasil (BBAS3): Governo escolhe Fausto Ribeiro como novo presidente<\/h2><\/a><div class=\"newsContent__article__meta\"><div class=\"newsContent__article__meta__authorBox\"><a href=\"https:\/\/www.suno.com.br\/noticias\/author\/poliana-santos\/\" class=\"authorBox__avatar noMobi\"><img src=\"https:\/\/files.sunoresearch.com.br\/n\/uploads\/2020\/08\/7ef34026-whatsapp-image-2020-08-03-at-12.37.57-150x150.webp\" alt=\"Poliana Santos\"><\/a><div class=\"authorBox__name\"><span>por\n\t\t\t<a href=\"https:\/\/www.suno.com.br\/noticias\/author\/poliana-santos\/\"><span itemprop=\"author\">Poliana Santos<\/span><\/a><\/span><time datetime=\"2021-03-19T07:42:46-03:00\" itemprop=\"datePublished\">19\/03\/2021 07:42<\/time><\/div><\/div><\/div><\/div><\/div>","single_layout":"posts","amp_enabled":true,"_links":{"self":[{"href":"https:\/\/www.suno.com.br\/noticias\/wp-json\/wp\/v2\/posts\/133078"}],"collection":[{"href":"https:\/\/www.suno.com.br\/noticias\/wp-json\/wp\/v2\/posts"}],"about":[{"href":"https:\/\/www.suno.com.br\/noticias\/wp-json\/wp\/v2\/types\/post"}],"author":[{"embeddable":true,"href":"https:\/\/www.suno.com.br\/noticias\/wp-json\/wp\/v2\/users\/15"}],"replies":[{"embeddable":true,"href":"https:\/\/www.suno.com.br\/noticias\/wp-json\/wp\/v2\/comments?post=133078"}],"version-history":[{"count":6,"href":"https:\/\/www.suno.com.br\/noticias\/wp-json\/wp\/v2\/posts\/133078\/revisions"}],"predecessor-version":[{"id":133141,"href":"https:\/\/www.suno.com.br\/noticias\/wp-json\/wp\/v2\/posts\/133078\/revisions\/133141"}],"wp:attachment":[{"href":"https:\/\/www.suno.com.br\/noticias\/wp-json\/wp\/v2\/media?parent=133078"}],"wp:term":[{"taxonomy":"category","embeddable":true,"href":"https:\/\/www.suno.com.br\/noticias\/wp-json\/wp\/v2\/categories?post=133078"},{"taxonomy":"post_tag","embeddable":true,"href":"https:\/\/www.suno.com.br\/noticias\/wp-json\/wp\/v2\/tags?post=133078"},{"taxonomy":"suno_strategy","embeddable":true,"href":"https:\/\/www.suno.com.br\/noticias\/wp-json\/wp\/v2\/suno_strategy?post=133078"}],"curies":[{"name":"wp","href":"https:\/\/api.w.org\/{rel}","templated":true}]}}