{"id":133029,"date":"2021-03-18T19:27:30","date_gmt":"2021-03-18T22:27:30","guid":{"rendered":"https:\/\/www.suno.com.br\/noticias\/?p=133029"},"modified":"2021-05-31T00:08:34","modified_gmt":"2021-05-31T03:08:34","slug":"telefonica-vivt3-pagara-juros-sobre-capital-proprio","status":"publish","type":"post","link":"https:\/\/www.suno.com.br\/noticias\/telefonica-vivt3-pagara-juros-sobre-capital-proprio\/","title":{"rendered":"Telef\u00f4nica (VIVT3) pagar\u00e1 R$ 270 milh\u00f5es em juros sobre o capital pr\u00f3prio"},"content":{"rendered":"<p>O conselho de administra\u00e7\u00e3o da <a href=\"https:\/\/www.suno.com.br\/acoes\/vivt3\/\"><strong>Telef\u00f4nica<\/strong> Brasil &#8211; Vivo (VIVT3)<\/a> deliberou o pagamento de juros sobre o capital pr\u00f3prio no montante bruto de R$ 270 milh\u00f5es. A informa\u00e7\u00e3o foi divulgada nesta quinta-feira (18), via aviso aos acionistas.<\/p>\t<div class=\"wrapper-featured-image\">\n\t\t<figure class=\"spotlightImg\">\n\n\t\t\t<picture>\n\t\t\t\t<source media=\"(max-width: 768px)\" srcset=\"https:\/\/files.sunoresearch.com.br\/n\/uploads\/2021\/03\/661ac8bc-telefonica-400x200.webp\">\n\t\t\t\t<img loading=\"lazy\" decoding=\"async\" class=\"newsContent__article__imgCapa lazyloadDisabled \" src=\"https:\/\/files.sunoresearch.com.br\/n\/uploads\/2021\/03\/661ac8bc-telefonica-800x450.webp\" width=\"800\" height=\"450\" alt=\"Telef\u00f4nica (VIVT3) pagar\u00e1 R$ 270 milh\u00f5es em juros sobre o capital pr\u00f3prio\" fetchpriority=high \/>\n\t\t\t<\/picture>\n\n\t\t\t<figcaption class=\"wp-caption-text wp-caption-text--show\">Telefonica. Foto: Reprodu\u00e7\u00e3o Facebook<\/figcaption>\n\t\t<\/figure>\n\t<\/div>\n\n\n\t<p>\n\t\t<a href=\"https:\/\/lp.suno.com.br\/planilha-controle-gastos\/\" target=\"_blank\" data-element=\"shortcode-suno-banner\" title=\"Banner SUNO, clique e saiba mais\">\n\t\t\t<picture>\n\t\t\t\t<source media=\"(max-width: 500px)\" srcset=\"https:\/\/files.sunoresearch.com.br\/n\/uploads\/2023\/03\/400x300-Planilha-controle-de-gastos.png\">\n\t\t\t\t<img class=\"newsContent__article__imgCapa newsContent__article__imgCapa--banner\"\n\t\t\t\t\tsrc=\"https:\/\/files.sunoresearch.com.br\/n\/uploads\/2023\/03\/1420x240-Planilha-controle-de-gastos.png\"\n\t\t\t\t\tdata-promo-id=\"101751\"\t\t\t\t\t\t\t\t\t\twidth='1420' height='240'\t\t\t\t\talt=\"https:\/\/files.sunoresearch.com.br\/n\/uploads\/2023\/03\/1420x240-Planilha-controle-de-gastos.png\"\n\t\t\t\t>\n\t\t\t<\/picture>\n\t\t<\/a>\n\t<\/p>\n\n\n<p>Com a reten\u00e7\u00e3o de imposto de renda na fonte, \u00e0 al\u00edquota de 15%, o montante l\u00edquido dos juros pagos pela Telef\u00f4nica ser\u00e1 de R$ 229,5 milh\u00f5es. Esses proventos ser\u00e3o imputados no dividendo m\u00ednimo obrigat\u00f3rio do exerc\u00edcio social de 2021.<\/p>\n<p>Al\u00e9m disso, o valor l\u00edquido pago por <a href=\"https:\/\/www.suno.com.br\/artigos\/o-que-sao-acoes-ordinarias-preferenciais-e-units\/\"><strong>a\u00e7\u00e3o ordin\u00e1ria<\/strong><\/a> ser\u00e1 de pouco mais que R$ 0,136. Contudo, o valor pode ser\u00a0 ajustado at\u00e9 o dia 31 de mar\u00e7o deste ano, em fun\u00e7\u00e3o de eventuais aquisi\u00e7\u00f5es de a\u00e7\u00f5es no \u00e2mbito do programa de recompra de a\u00e7\u00f5es da Telef\u00f4nica.<\/p>\n<p><a href=\"https:\/\/lp.suno.com.br\/suno-one\/\"> Suno One: acesse gratuitamente eBooks, Minicursos, Artigos e V\u00eddeo Aulas sobre investimentos com um \u00fanico cadastro. Clique para saber mais!<\/a><\/p>\n<p>O pagamento do provento deve acontecer at\u00e9 o dia 31 de julho de 2022, com base na posi\u00e7\u00e3o acion\u00e1ria constante nos registros da companhia ao final da sess\u00e3o do da 31 de mar\u00e7o.<\/p>\n<h2>Telefonica fecha acordos para constru\u00e7\u00e3o de rede de fibra \u00f3tica neutra<\/h2>\n<p>Al\u00e9m disso, no in\u00edcio desse m\u00eas a companhia informou que fechou acordos com a Caisse de d\u00e9p\u00f4t et placement du Qu\u00e9bec (CDPQ) e com a Telef\u00f4nica Infra, para a constru\u00e7\u00e3o, desenvolvimento e explora\u00e7\u00e3o de rede de fibra \u00f3tica neutra e independente de atacado no mercado brasileiro por meio da FiBrasil.<\/p>\n\t<p>\n\t\t<a href=\"https:\/\/lp.suno.com.br\/planilha-da-vida-financeira\/\" target=\"_blank\" data-element=\"shortcode-suno-banner\" title=\"Banner SUNO, clique e saiba mais\">\n\t\t\t<picture>\n\t\t\t\t<source media=\"(max-width: 500px)\" srcset=\"https:\/\/files.sunoresearch.com.br\/n\/uploads\/2023\/04\/400x300-Planilha-vida-financeira-true.png\">\n\t\t\t\t<img class=\"newsContent__article__imgCapa newsContent__article__imgCapa--banner\"\n\t\t\t\t\tsrc=\"https:\/\/files.sunoresearch.com.br\/n\/uploads\/2023\/04\/1420x240-Planilha-vida-financeira-true.png\"\n\t\t\t\t\tdata-promo-id=\"106682\"\t\t\t\t\t\t\t\t\t\twidth='1420' height='240'\t\t\t\t\talt=\"https:\/\/files.sunoresearch.com.br\/n\/uploads\/2023\/04\/1420x240-Planilha-vida-financeira-true.png\"\n\t\t\t\t>\n\t\t\t<\/picture>\n\t\t<\/a>\n\t<\/p>\n\n\n<p>Atrav\u00e9s desta transa\u00e7\u00e3o, as empresas devem acelerar a expans\u00e3o da rede fiber-to-the-home (FTTH) para novas localidades. Segundo o documento arquivado na <a href=\"https:\/\/www.suno.com.br\/artigos\/cvm\/\">Comiss\u00e3o de Valores Mobili\u00e1rios <strong>(CVM)<\/strong><\/a><strong>,<\/strong> a o plano de neg\u00f3cios da <strong>FiBrasil<\/strong> visa alcan\u00e7ar, aproximadamente, 5,5 milh\u00f5es de lares em 4 anos, com foco nas cidades m\u00e9dias fora do Estado de S\u00e3o Paulo.<\/p>\n\t<div data-element=\"shortcode-read-more\" class=\"knowMore\">\n\t\t\t\t<span class=\"knowMore__title\">Saiba mais <\/span>\n\t\t\t\t<a class=\"knowMore__link\" href=\"https:\/\/www.suno.com.br\/noticias\/telefonica-vivt3-acordo-rede-fibra-otica-neutra\/\">\n\t\t\tTelefonica (VIVT3) fecha acordos para constru\u00e7\u00e3o de rede de fibra \u00f3tica neutra\t\t<\/a>\n\t<\/div>\n\n\n<p>Al\u00e9m disso, a Telef\u00f4nica Brasil deve contribuir com 1,6 milh\u00e3o de casas passadas em <strong>FTTH<\/strong> e ser\u00e1 cliente \u00e2ncora da nova empresa, &#8220;consolidando-se assim como operador l\u00edder convergente no pa\u00eds&#8221;.<\/p>\n<h2>\u00daltima cota\u00e7\u00e3o da VIVT3<\/h2>\n<p>A a\u00e7\u00e3o da <strong>Telef\u00f4nica (VIVT3)<\/strong> encerrou a sess\u00e3o desta quinta-feira em queda de 0,11%, valendo R$ 46,43.<\/p>\n\t<p>\n\t\t<a href=\"https:\/\/lp.suno.com.br\/planilha-de-controle-de-investimentos\/\" target=\"_blank\" data-element=\"shortcode-suno-banner\" title=\"Banner SUNO, clique e saiba mais\">\n\t\t\t<picture>\n\t\t\t\t<source media=\"(max-width: 500px)\" srcset=\"https:\/\/files.sunoresearch.com.br\/n\/uploads\/2023\/03\/400x300-Controle-de-Investimentos.png\">\n\t\t\t\t<img class=\"newsContent__article__imgCapa newsContent__article__imgCapa--banner\"\n\t\t\t\t\tsrc=\"https:\/\/files.sunoresearch.com.br\/n\/uploads\/2023\/03\/1420x240-Controle-de-Investimentos.png\"\n\t\t\t\t\tdata-promo-id=\"75934\"\t\t\t\t\t\t\t\t\t\twidth='1420' height='240'\t\t\t\t\talt=\"https:\/\/files.sunoresearch.com.br\/n\/uploads\/2023\/03\/1420x240-Controle-de-Investimentos.png\"\n\t\t\t\t>\n\t\t\t<\/picture>\n\t\t<\/a>\n\t<\/p>\n\n\n","protected":false},"excerpt":{"rendered":"<p>O conselho de administra\u00e7\u00e3o da Telef\u00f4nica Brasil &#8211; Vivo (VIVT3) deliberou o pagamento de juros sobre o capital pr\u00f3prio no montante bruto de R$ 270 milh\u00f5es. A informa\u00e7\u00e3o foi divulgada nesta quinta-feira (18), via aviso aos acionistas. Telefonica. Foto: Reprodu\u00e7\u00e3o Facebook Com a reten\u00e7\u00e3o de imposto de renda na fonte, \u00e0 al\u00edquota de 15%, o [&hellip;]<\/p>\n","protected":false},"author":39,"featured_media":136687,"comment_status":"closed","ping_status":"closed","sticky":false,"template":"","format":"standard","meta":[],"categories":[64],"tags":[1957,659],"suno_strategy":[],"class_list":["post-133029","post","type-post","status-publish","format-standard","has-post-thumbnail","hentry","category-negocios","tag-juros-sobre-capital-proprio-jcp","tag-telefonica-vivt3"],"yoast_head":"<!-- This site is optimized with the Yoast SEO plugin v24.4 - https:\/\/yoast.com\/wordpress\/plugins\/seo\/ -->\n<title>Telef\u00f4nica (VIVT3) pagar\u00e1 R$ 270 milh\u00f5es em juros sobre o capital pr\u00f3prio<\/title>\n<meta name=\"description\" content=\"A Telef\u00f4nica Brasil - Vivo (VIVT3) pagar\u00e1 juros sobre o capital pr\u00f3prio no montante bruto de R$ 270 milh\u00f5es. Clique aqui e saiba mais!\" \/>\n<meta name=\"robots\" content=\"index, follow, max-snippet:-1, max-image-preview:large, max-video-preview:-1\" \/>\n<link rel=\"canonical\" href=\"https:\/\/www.suno.com.br\/noticias\/telefonica-vivt3-pagara-juros-sobre-capital-proprio\/\" \/>\n<meta property=\"og:locale\" content=\"pt_BR\" \/>\n<meta property=\"og:type\" content=\"article\" \/>\n<meta property=\"og:title\" content=\"Telef\u00f4nica (VIVT3) pagar\u00e1 R$ 270 milh\u00f5es em juros sobre o capital pr\u00f3prio\" \/>\n<meta property=\"og:description\" content=\"A Telef\u00f4nica Brasil - Vivo (VIVT3) pagar\u00e1 juros sobre o capital pr\u00f3prio no montante bruto de R$ 270 milh\u00f5es. Clique aqui e saiba mais!\" \/>\n<meta property=\"og:url\" content=\"https:\/\/www.suno.com.br\/noticias\/telefonica-vivt3-pagara-juros-sobre-capital-proprio\/\" \/>\n<meta property=\"og:site_name\" content=\"Suno Not\u00edcias\" \/>\n<meta property=\"article:publisher\" content=\"https:\/\/facebook.com\/sunoresearch\" \/>\n<meta property=\"og:image\" content=\"https:\/\/files.sunoresearch.com.br\/n\/uploads\/2021\/03\/661ac8bc-telefonica.jpg\" \/>\n\t<meta property=\"og:image:width\" content=\"2048\" \/>\n\t<meta property=\"og:image:height\" content=\"1290\" \/>\n\t<meta property=\"og:image:type\" content=\"image\/jpeg\" \/>\n<meta name=\"author\" content=\"Laura Moutinho\" \/>\n<meta name=\"twitter:card\" content=\"summary_large_image\" \/>\n<meta name=\"twitter:creator\" content=\"@sunoresearch\" \/>\n<meta name=\"twitter:site\" content=\"@sunoresearch\" \/>\n<meta name=\"twitter:label1\" content=\"Escrito por\" \/>\n\t<meta name=\"twitter:data1\" content=\"Laura Moutinho\" \/>\n\t<meta name=\"twitter:label2\" content=\"Est. tempo de leitura\" \/>\n\t<meta name=\"twitter:data2\" content=\"2 minutos\" \/>\n<script type=\"application\/ld+json\" class=\"yoast-schema-graph\">{\"@context\":\"https:\/\/schema.org\",\"@graph\":[{\"@type\":\"NewsArticle\",\"@id\":\"https:\/\/www.suno.com.br\/noticias\/telefonica-vivt3-pagara-juros-sobre-capital-proprio\/#article\",\"isPartOf\":{\"@id\":\"https:\/\/www.suno.com.br\/noticias\/telefonica-vivt3-pagara-juros-sobre-capital-proprio\/\"},\"author\":{\"name\":\"Laura Moutinho\",\"@id\":\"https:\/\/www.suno.com.br\/noticias\/#\/schema\/person\/3df0d2808748b74496efe5dbeaef2c72\"},\"headline\":\"Telef\u00f4nica (VIVT3) pagar\u00e1 R$ 270 milh\u00f5es em juros sobre o capital pr\u00f3prio\",\"datePublished\":\"2021-03-18T22:27:30+00:00\",\"dateModified\":\"2021-05-31T03:08:34+00:00\",\"mainEntityOfPage\":{\"@id\":\"https:\/\/www.suno.com.br\/noticias\/telefonica-vivt3-pagara-juros-sobre-capital-proprio\/\"},\"wordCount\":414,\"publisher\":{\"@id\":\"https:\/\/www.suno.com.br\/noticias\/#organization\"},\"image\":{\"@id\":\"https:\/\/www.suno.com.br\/noticias\/telefonica-vivt3-pagara-juros-sobre-capital-proprio\/#primaryimage\"},\"thumbnailUrl\":\"https:\/\/files.sunoresearch.com.br\/n\/uploads\/2021\/03\/661ac8bc-telefonica-jpg.webp\",\"keywords\":[\"juros sobre capital pr\u00f3prio (JCP)\",\"Telef\u00f4nica (VIVT3)\"],\"articleSection\":[\"Neg\u00f3cios\"],\"inLanguage\":\"pt-BR\"},{\"@type\":\"WebPage\",\"@id\":\"https:\/\/www.suno.com.br\/noticias\/telefonica-vivt3-pagara-juros-sobre-capital-proprio\/\",\"url\":\"https:\/\/www.suno.com.br\/noticias\/telefonica-vivt3-pagara-juros-sobre-capital-proprio\/\",\"name\":\"Telef\u00f4nica (VIVT3) pagar\u00e1 R$ 270 milh\u00f5es em juros sobre o capital pr\u00f3prio\",\"isPartOf\":{\"@id\":\"https:\/\/www.suno.com.br\/noticias\/#website\"},\"primaryImageOfPage\":{\"@id\":\"https:\/\/www.suno.com.br\/noticias\/telefonica-vivt3-pagara-juros-sobre-capital-proprio\/#primaryimage\"},\"image\":{\"@id\":\"https:\/\/www.suno.com.br\/noticias\/telefonica-vivt3-pagara-juros-sobre-capital-proprio\/#primaryimage\"},\"thumbnailUrl\":\"https:\/\/files.sunoresearch.com.br\/n\/uploads\/2021\/03\/661ac8bc-telefonica-jpg.webp\",\"datePublished\":\"2021-03-18T22:27:30+00:00\",\"dateModified\":\"2021-05-31T03:08:34+00:00\",\"description\":\"A Telef\u00f4nica Brasil - Vivo (VIVT3) pagar\u00e1 juros sobre o capital pr\u00f3prio no montante bruto de R$ 270 milh\u00f5es. Clique aqui e saiba mais!\",\"breadcrumb\":{\"@id\":\"https:\/\/www.suno.com.br\/noticias\/telefonica-vivt3-pagara-juros-sobre-capital-proprio\/#breadcrumb\"},\"inLanguage\":\"pt-BR\",\"potentialAction\":[{\"@type\":\"ReadAction\",\"target\":[\"https:\/\/www.suno.com.br\/noticias\/telefonica-vivt3-pagara-juros-sobre-capital-proprio\/\"]}]},{\"@type\":\"ImageObject\",\"inLanguage\":\"pt-BR\",\"@id\":\"https:\/\/www.suno.com.br\/noticias\/telefonica-vivt3-pagara-juros-sobre-capital-proprio\/#primaryimage\",\"url\":\"https:\/\/files.sunoresearch.com.br\/n\/uploads\/2021\/03\/661ac8bc-telefonica-jpg.webp\",\"contentUrl\":\"https:\/\/files.sunoresearch.com.br\/n\/uploads\/2021\/03\/661ac8bc-telefonica-jpg.webp\",\"width\":2048,\"height\":1290,\"caption\":\"Telefonica. Foto: Reprodu\u00e7\u00e3o Facebook\"},{\"@type\":\"BreadcrumbList\",\"@id\":\"https:\/\/www.suno.com.br\/noticias\/telefonica-vivt3-pagara-juros-sobre-capital-proprio\/#breadcrumb\",\"itemListElement\":[{\"@type\":\"ListItem\",\"position\":1,\"name\":\"Not\u00edcias\",\"item\":\"https:\/\/www.suno.com.br\/noticias\/\"},{\"@type\":\"ListItem\",\"position\":2,\"name\":\"Neg\u00f3cios\",\"item\":\"https:\/\/www.suno.com.br\/noticias\/negocios\/\"},{\"@type\":\"ListItem\",\"position\":3,\"name\":\"Telef\u00f4nica (VIVT3) pagar\u00e1 R$ 270 milh\u00f5es em juros sobre o capital pr\u00f3prio\"}]},{\"@type\":\"WebSite\",\"@id\":\"https:\/\/www.suno.com.br\/noticias\/#website\",\"url\":\"https:\/\/www.suno.com.br\/noticias\/\",\"name\":\"Suno Not\u00edcias\",\"description\":\"Seu portal de informa\u00e7\u00e3o sobre o mundo dos investimentos\",\"publisher\":{\"@id\":\"https:\/\/www.suno.com.br\/noticias\/#organization\"},\"potentialAction\":[{\"@type\":\"SearchAction\",\"target\":{\"@type\":\"EntryPoint\",\"urlTemplate\":\"https:\/\/www.suno.com.br\/noticias\/?s={search_term_string}\"},\"query-input\":{\"@type\":\"PropertyValueSpecification\",\"valueRequired\":true,\"valueName\":\"search_term_string\"}}],\"inLanguage\":\"pt-BR\"},{\"@type\":\"Organization\",\"@id\":\"https:\/\/www.suno.com.br\/noticias\/#organization\",\"name\":\"Suno Not\u00edcias\",\"url\":\"https:\/\/www.suno.com.br\/noticias\/\",\"logo\":{\"@type\":\"ImageObject\",\"inLanguage\":\"pt-BR\",\"@id\":\"https:\/\/www.suno.com.br\/noticias\/#\/schema\/logo\/image\/\",\"url\":\"https:\/\/files.sunoresearch.com.br\/n\/uploads\/2021\/09\/suno-logo.png\",\"contentUrl\":\"https:\/\/files.sunoresearch.com.br\/n\/uploads\/2021\/09\/suno-logo.png\",\"width\":180,\"height\":180,\"caption\":\"Suno Not\u00edcias\"},\"image\":{\"@id\":\"https:\/\/www.suno.com.br\/noticias\/#\/schema\/logo\/image\/\"},\"sameAs\":[\"https:\/\/facebook.com\/sunoresearch\",\"https:\/\/x.com\/sunoresearch\",\"https:\/\/www.instagram.com\/suno\",\"https:\/\/www.linkedin.com\/company\/suno-research\/\",\"https:\/\/www.youtube.com\/c\/sunoresearch\"]},{\"@type\":\"Person\",\"@id\":\"https:\/\/www.suno.com.br\/noticias\/#\/schema\/person\/3df0d2808748b74496efe5dbeaef2c72\",\"name\":\"Laura Moutinho\",\"image\":{\"@type\":\"ImageObject\",\"inLanguage\":\"pt-BR\",\"@id\":\"https:\/\/www.suno.com.br\/noticias\/#\/schema\/person\/image\/\",\"url\":\"https:\/\/secure.gravatar.com\/avatar\/7571c7c8ca3a6fca5e41384ece5557ff?s=96&r=g\",\"contentUrl\":\"https:\/\/secure.gravatar.com\/avatar\/7571c7c8ca3a6fca5e41384ece5557ff?s=96&r=g\",\"caption\":\"Laura Moutinho\"},\"description\":\"Estagi\u00e1ria na Suno Not\u00edcias, escreve not\u00edcias que afetam o mercado financeiro. Estuda administra\u00e7\u00e3o na Universidade Presbiteriana Mackenzie.\",\"url\":\"https:\/\/www.suno.com.br\/noticias\/author\/laura-moutinho\/\"}]}<\/script>\n<!-- \/ Yoast SEO plugin. -->","yoast_head_json":{"title":"Telef\u00f4nica (VIVT3) pagar\u00e1 R$ 270 milh\u00f5es em juros sobre o capital pr\u00f3prio","description":"A Telef\u00f4nica Brasil - Vivo (VIVT3) pagar\u00e1 juros sobre o capital pr\u00f3prio no montante bruto de R$ 270 milh\u00f5es. Clique aqui e saiba mais!","robots":{"index":"index","follow":"follow","max-snippet":"max-snippet:-1","max-image-preview":"max-image-preview:large","max-video-preview":"max-video-preview:-1"},"canonical":"https:\/\/www.suno.com.br\/noticias\/telefonica-vivt3-pagara-juros-sobre-capital-proprio\/","og_locale":"pt_BR","og_type":"article","og_title":"Telef\u00f4nica (VIVT3) pagar\u00e1 R$ 270 milh\u00f5es em juros sobre o capital pr\u00f3prio","og_description":"A Telef\u00f4nica Brasil - Vivo (VIVT3) pagar\u00e1 juros sobre o capital pr\u00f3prio no montante bruto de R$ 270 milh\u00f5es. Clique aqui e saiba mais!","og_url":"https:\/\/www.suno.com.br\/noticias\/telefonica-vivt3-pagara-juros-sobre-capital-proprio\/","og_site_name":"Suno Not\u00edcias","article_publisher":"https:\/\/facebook.com\/sunoresearch","og_image":[{"width":2048,"height":1290,"url":"https:\/\/files.sunoresearch.com.br\/n\/uploads\/2021\/03\/661ac8bc-telefonica.jpg","type":"image\/jpeg"}],"author":"Laura Moutinho","twitter_card":"summary_large_image","twitter_creator":"@sunoresearch","twitter_site":"@sunoresearch","twitter_misc":{"Escrito por":"Laura Moutinho","Est. tempo de leitura":"2 minutos"},"schema":{"@context":"https:\/\/schema.org","@graph":[{"@type":"NewsArticle","@id":"https:\/\/www.suno.com.br\/noticias\/telefonica-vivt3-pagara-juros-sobre-capital-proprio\/#article","isPartOf":{"@id":"https:\/\/www.suno.com.br\/noticias\/telefonica-vivt3-pagara-juros-sobre-capital-proprio\/"},"author":{"name":"Laura Moutinho","@id":"https:\/\/www.suno.com.br\/noticias\/#\/schema\/person\/3df0d2808748b74496efe5dbeaef2c72"},"headline":"Telef\u00f4nica (VIVT3) pagar\u00e1 R$ 270 milh\u00f5es em juros sobre o capital pr\u00f3prio","datePublished":"2021-03-18T22:27:30+00:00","dateModified":"2021-05-31T03:08:34+00:00","mainEntityOfPage":{"@id":"https:\/\/www.suno.com.br\/noticias\/telefonica-vivt3-pagara-juros-sobre-capital-proprio\/"},"wordCount":414,"publisher":{"@id":"https:\/\/www.suno.com.br\/noticias\/#organization"},"image":{"@id":"https:\/\/www.suno.com.br\/noticias\/telefonica-vivt3-pagara-juros-sobre-capital-proprio\/#primaryimage"},"thumbnailUrl":"https:\/\/files.sunoresearch.com.br\/n\/uploads\/2021\/03\/661ac8bc-telefonica-jpg.webp","keywords":["juros sobre capital pr\u00f3prio (JCP)","Telef\u00f4nica (VIVT3)"],"articleSection":["Neg\u00f3cios"],"inLanguage":"pt-BR"},{"@type":"WebPage","@id":"https:\/\/www.suno.com.br\/noticias\/telefonica-vivt3-pagara-juros-sobre-capital-proprio\/","url":"https:\/\/www.suno.com.br\/noticias\/telefonica-vivt3-pagara-juros-sobre-capital-proprio\/","name":"Telef\u00f4nica (VIVT3) pagar\u00e1 R$ 270 milh\u00f5es em juros sobre o capital pr\u00f3prio","isPartOf":{"@id":"https:\/\/www.suno.com.br\/noticias\/#website"},"primaryImageOfPage":{"@id":"https:\/\/www.suno.com.br\/noticias\/telefonica-vivt3-pagara-juros-sobre-capital-proprio\/#primaryimage"},"image":{"@id":"https:\/\/www.suno.com.br\/noticias\/telefonica-vivt3-pagara-juros-sobre-capital-proprio\/#primaryimage"},"thumbnailUrl":"https:\/\/files.sunoresearch.com.br\/n\/uploads\/2021\/03\/661ac8bc-telefonica-jpg.webp","datePublished":"2021-03-18T22:27:30+00:00","dateModified":"2021-05-31T03:08:34+00:00","description":"A Telef\u00f4nica Brasil - Vivo (VIVT3) pagar\u00e1 juros sobre o capital pr\u00f3prio no montante bruto de R$ 270 milh\u00f5es. Clique aqui e saiba mais!","breadcrumb":{"@id":"https:\/\/www.suno.com.br\/noticias\/telefonica-vivt3-pagara-juros-sobre-capital-proprio\/#breadcrumb"},"inLanguage":"pt-BR","potentialAction":[{"@type":"ReadAction","target":["https:\/\/www.suno.com.br\/noticias\/telefonica-vivt3-pagara-juros-sobre-capital-proprio\/"]}]},{"@type":"ImageObject","inLanguage":"pt-BR","@id":"https:\/\/www.suno.com.br\/noticias\/telefonica-vivt3-pagara-juros-sobre-capital-proprio\/#primaryimage","url":"https:\/\/files.sunoresearch.com.br\/n\/uploads\/2021\/03\/661ac8bc-telefonica-jpg.webp","contentUrl":"https:\/\/files.sunoresearch.com.br\/n\/uploads\/2021\/03\/661ac8bc-telefonica-jpg.webp","width":2048,"height":1290,"caption":"Telefonica. Foto: Reprodu\u00e7\u00e3o Facebook"},{"@type":"BreadcrumbList","@id":"https:\/\/www.suno.com.br\/noticias\/telefonica-vivt3-pagara-juros-sobre-capital-proprio\/#breadcrumb","itemListElement":[{"@type":"ListItem","position":1,"name":"Not\u00edcias","item":"https:\/\/www.suno.com.br\/noticias\/"},{"@type":"ListItem","position":2,"name":"Neg\u00f3cios","item":"https:\/\/www.suno.com.br\/noticias\/negocios\/"},{"@type":"ListItem","position":3,"name":"Telef\u00f4nica (VIVT3) pagar\u00e1 R$ 270 milh\u00f5es em juros sobre o capital pr\u00f3prio"}]},{"@type":"WebSite","@id":"https:\/\/www.suno.com.br\/noticias\/#website","url":"https:\/\/www.suno.com.br\/noticias\/","name":"Suno Not\u00edcias","description":"Seu portal de informa\u00e7\u00e3o sobre o mundo dos investimentos","publisher":{"@id":"https:\/\/www.suno.com.br\/noticias\/#organization"},"potentialAction":[{"@type":"SearchAction","target":{"@type":"EntryPoint","urlTemplate":"https:\/\/www.suno.com.br\/noticias\/?s={search_term_string}"},"query-input":{"@type":"PropertyValueSpecification","valueRequired":true,"valueName":"search_term_string"}}],"inLanguage":"pt-BR"},{"@type":"Organization","@id":"https:\/\/www.suno.com.br\/noticias\/#organization","name":"Suno Not\u00edcias","url":"https:\/\/www.suno.com.br\/noticias\/","logo":{"@type":"ImageObject","inLanguage":"pt-BR","@id":"https:\/\/www.suno.com.br\/noticias\/#\/schema\/logo\/image\/","url":"https:\/\/files.sunoresearch.com.br\/n\/uploads\/2021\/09\/suno-logo.png","contentUrl":"https:\/\/files.sunoresearch.com.br\/n\/uploads\/2021\/09\/suno-logo.png","width":180,"height":180,"caption":"Suno Not\u00edcias"},"image":{"@id":"https:\/\/www.suno.com.br\/noticias\/#\/schema\/logo\/image\/"},"sameAs":["https:\/\/facebook.com\/sunoresearch","https:\/\/x.com\/sunoresearch","https:\/\/www.instagram.com\/suno","https:\/\/www.linkedin.com\/company\/suno-research\/","https:\/\/www.youtube.com\/c\/sunoresearch"]},{"@type":"Person","@id":"https:\/\/www.suno.com.br\/noticias\/#\/schema\/person\/3df0d2808748b74496efe5dbeaef2c72","name":"Laura Moutinho","image":{"@type":"ImageObject","inLanguage":"pt-BR","@id":"https:\/\/www.suno.com.br\/noticias\/#\/schema\/person\/image\/","url":"https:\/\/secure.gravatar.com\/avatar\/7571c7c8ca3a6fca5e41384ece5557ff?s=96&r=g","contentUrl":"https:\/\/secure.gravatar.com\/avatar\/7571c7c8ca3a6fca5e41384ece5557ff?s=96&r=g","caption":"Laura Moutinho"},"description":"Estagi\u00e1ria na Suno Not\u00edcias, escreve not\u00edcias que afetam o mercado financeiro. Estuda administra\u00e7\u00e3o na Universidade Presbiteriana Mackenzie.","url":"https:\/\/www.suno.com.br\/noticias\/author\/laura-moutinho\/"}]}},"default_loop_html":"<div class=\"cardsPage__listCard__boxs\"><div class=\"cardsPage__listCard__boxs__img\"><a href=\"https:\/\/www.suno.com.br\/noticias\/telefonica-vivt3-pagara-juros-sobre-capital-proprio\/\"><img class=\"mask\" src=\"https:\/\/www.suno.com.br\/noticias\/wp-content\/themes\/suno\/resources\/images\/spotlight\/spotlight1img\/bg-mask.png\" alt=\"Image Mask\"\/><img src=\"https:\/\/files.sunoresearch.com.br\/n\/uploads\/2021\/03\/661ac8bc-telefonica-400x200.webp\" alt=\"Telef\u00f4nica (VIVT3) pagar\u00e1 R$ 270 milh\u00f5es em juros sobre o capital pr\u00f3prio\"\/><\/a><span class=\"spotlightCategory\"><a href=\"https:\/\/www.suno.com.br\/noticias\/negocios\/\">Neg\u00f3cios<\/a><\/span><\/div><div class=\"cardsPage__listCard__boxs__content\"><a href=\"https:\/\/www.suno.com.br\/noticias\/telefonica-vivt3-pagara-juros-sobre-capital-proprio\/\"><h2 class=\"content__title\">Telef\u00f4nica (VIVT3) pagar\u00e1 R$ 270 milh\u00f5es em juros sobre o capital pr\u00f3prio<\/h2><\/a><div class=\"newsContent__article__meta\"><div class=\"newsContent__article__meta__authorBox\"><a href=\"https:\/\/www.suno.com.br\/noticias\/author\/laura-moutinho\/\" class=\"authorBox__avatar noMobi\"><img src=\"https:\/\/files.sunoresearch.com.br\/n\/uploads\/2020\/08\/531ff69d-whatsapp-image-2020-08-03-at-14.54.38-150x150.webp\" alt=\"Laura Moutinho\"><\/a><div class=\"authorBox__name\"><span>por\n\t\t\t<a href=\"https:\/\/www.suno.com.br\/noticias\/author\/laura-moutinho\/\"><span itemprop=\"author\">Laura Moutinho<\/span><\/a><\/span><time datetime=\"2021-03-18T19:27:30-03:00\" itemprop=\"datePublished\">18\/03\/2021 19:27<\/time><\/div><\/div><\/div><\/div><\/div>","single_layout":"posts","amp_enabled":true,"_links":{"self":[{"href":"https:\/\/www.suno.com.br\/noticias\/wp-json\/wp\/v2\/posts\/133029"}],"collection":[{"href":"https:\/\/www.suno.com.br\/noticias\/wp-json\/wp\/v2\/posts"}],"about":[{"href":"https:\/\/www.suno.com.br\/noticias\/wp-json\/wp\/v2\/types\/post"}],"author":[{"embeddable":true,"href":"https:\/\/www.suno.com.br\/noticias\/wp-json\/wp\/v2\/users\/39"}],"replies":[{"embeddable":true,"href":"https:\/\/www.suno.com.br\/noticias\/wp-json\/wp\/v2\/comments?post=133029"}],"version-history":[{"count":2,"href":"https:\/\/www.suno.com.br\/noticias\/wp-json\/wp\/v2\/posts\/133029\/revisions"}],"predecessor-version":[{"id":133051,"href":"https:\/\/www.suno.com.br\/noticias\/wp-json\/wp\/v2\/posts\/133029\/revisions\/133051"}],"wp:featuredmedia":[{"embeddable":true,"href":"https:\/\/www.suno.com.br\/noticias\/wp-json\/wp\/v2\/media\/136687"}],"wp:attachment":[{"href":"https:\/\/www.suno.com.br\/noticias\/wp-json\/wp\/v2\/media?parent=133029"}],"wp:term":[{"taxonomy":"category","embeddable":true,"href":"https:\/\/www.suno.com.br\/noticias\/wp-json\/wp\/v2\/categories?post=133029"},{"taxonomy":"post_tag","embeddable":true,"href":"https:\/\/www.suno.com.br\/noticias\/wp-json\/wp\/v2\/tags?post=133029"},{"taxonomy":"suno_strategy","embeddable":true,"href":"https:\/\/www.suno.com.br\/noticias\/wp-json\/wp\/v2\/suno_strategy?post=133029"}],"curies":[{"name":"wp","href":"https:\/\/api.w.org\/{rel}","templated":true}]}}