{"id":133025,"date":"2021-03-18T20:57:47","date_gmt":"2021-03-18T23:57:47","guid":{"rendered":"https:\/\/www.suno.com.br\/noticias\/?p=133025"},"modified":"2021-03-18T20:57:47","modified_gmt":"2021-03-18T23:57:47","slug":"novo-auxilio-emergencial-beneficiar-milhoes","status":"publish","type":"post","link":"https:\/\/www.suno.com.br\/noticias\/novo-auxilio-emergencial-beneficiar-milhoes\/","title":{"rendered":"Novo aux\u00edlio emergencial vai beneficiar 45,6 milh\u00f5es de brasileiros"},"content":{"rendered":"<p>O novo <strong>aux\u00edlio emergencial<\/strong> ser\u00e1 limitado a uma pessoa por fam\u00edlia, e ser\u00e1 pago em quatro parcelas mensais a partir de abril at\u00e9 julho deste ano de acordo com a\u00a0 Medida Provis\u00f3ria assinada nesta quinta-feira (18) pelo presidente da Rep\u00fablica, <a href=\"https:\/\/www.suno.com.br\/noticias\/tags\/jair-bolsonaro\/page\/3\/\">Jair Bolsonaro<\/a> (sem partido).<\/p>\t<div class=\"wrapper-featured-image\">\n\t\t<figure class=\"spotlightImg\">\n\n\t\t\t<picture>\n\t\t\t\t<source media=\"(max-width: 768px)\" srcset=\"https:\/\/files.sunoresearch.com.br\/n\/uploads\/2021\/02\/b8c2e943-auxilioemergencial-400x200.webp\">\n\t\t\t\t<img loading=\"lazy\" decoding=\"async\" class=\"newsContent__article__imgCapa lazyloadDisabled \" src=\"https:\/\/files.sunoresearch.com.br\/n\/uploads\/2021\/02\/b8c2e943-auxilioemergencial-800x450.webp\" width=\"800\" height=\"450\" alt=\"Novo aux\u00edlio emergencial vai beneficiar 45,6 milh\u00f5es de brasileiros\" fetchpriority=high \/>\n\t\t\t<\/picture>\n\n\t\t\t<figcaption class=\"wp-caption-text wp-caption-text--show\">Aux\u00edlio emergencial<\/figcaption>\n\t\t<\/figure>\n\t<\/div>\n\n\n\t<p>\n\t\t<a href=\"https:\/\/lp.suno.com.br\/planilha-controle-gastos\/\" target=\"_blank\" data-element=\"shortcode-suno-banner\" title=\"Banner SUNO, clique e saiba mais\">\n\t\t\t<picture>\n\t\t\t\t<source media=\"(max-width: 500px)\" srcset=\"https:\/\/files.sunoresearch.com.br\/n\/uploads\/2023\/03\/400x300-Planilha-controle-de-gastos.png\">\n\t\t\t\t<img class=\"newsContent__article__imgCapa newsContent__article__imgCapa--banner\"\n\t\t\t\t\tsrc=\"https:\/\/files.sunoresearch.com.br\/n\/uploads\/2023\/03\/1420x240-Planilha-controle-de-gastos.png\"\n\t\t\t\t\tdata-promo-id=\"101751\"\t\t\t\t\t\t\t\t\t\twidth='1420' height='240'\t\t\t\t\talt=\"https:\/\/files.sunoresearch.com.br\/n\/uploads\/2023\/03\/1420x240-Planilha-controle-de-gastos.png\"\n\t\t\t\t>\n\t\t\t<\/picture>\n\t\t<\/a>\n\t<\/p>\n\n\n<p>A nova rodada do aux\u00edlio emergencial deve beneficiar cerca de 45.623.626 de brasileiros e com isso custar\u00e1, aproximadamente, R$ 43 bilh\u00f5es ao governo.<\/p>\n<p>No ano passado, o <strong>coronavoucher,<\/strong> era limitado a duas pessoas por fam\u00edlia e o governo pagou cinco parcelas de R$ 600 e quatro de R$ 300, com cotas em dobro para as <strong>mulheres chefes de fam\u00edlia.<\/strong><\/p>\n<p><a href=\"https:\/\/lp.suno.com.br\/suno-one\/\">Suno One: acesse gratuitamente eBooks, Minicursos, Artigos e V\u00eddeo Aulas sobre investimentos com um \u00fanico cadastro. Clique para saber mais!<\/a><\/p>\n<p>Nesta segunda rodada, o aux\u00edlio m\u00e9dio ser\u00e1 de R$ 250, sendo que mulheres chefe de fam\u00edlia monoparentais ter\u00e3o direito a R$ 375, enquanto pessoas que moram sozinhas, na chamada fam\u00edlia unipessoal, receber\u00e3o R$ 150 atrav\u00e9s do benef\u00edcio.<\/p>\n<p>Poder\u00e3o receber o<strong> novo coronavoucher<\/strong> indiv\u00edduos de fam\u00edlias com renda per capita de at\u00e9 meio <a href=\"https:\/\/www.suno.com.br\/artigos\/salario-minimo\/\">sal\u00e1rio m\u00ednimo<\/a> e renda mensal total de at\u00e9 tr\u00eas sal\u00e1rios m\u00ednimos.<\/p>\n<p>Do total do investimento, que j\u00e1 inclui custos operacionais, R$ 23,4 bilh\u00f5es ser\u00e3o destinados ao p\u00fablico j\u00e1 inscrito em plataformas digitais da Caixa Econ\u00f4mica Federal (28.624.776 benefici\u00e1rios). Outros R$ 6,5 bilh\u00f5es ser\u00e3o destinados para integrantes do Cad\u00danico (6.301.073 benefici\u00e1rios) e R$ 12,7 bilh\u00f5es destinados para atendidos pelo <strong>Bolsa Fam\u00edlia<\/strong> (10.697.777 benefici\u00e1rios).<\/p>\n\t<div data-element=\"shortcode-read-more\" class=\"knowMore\">\n\t\t\t\t<span class=\"knowMore__title\">Leia tamb\u00e9m <\/span>\n\t\t\t\t<a class=\"knowMore__link\" href=\"https:\/\/www.suno.com.br\/noticias\/congresso-promulga-pec-emergencial-auxilio\/\">\n\t\t\tCongresso promulga PEC Emergencial, que destrava aux\u00edlio emergencial\t\t<\/a>\n\t<\/div>\n\n\n<p>De acordo com o Estad\u00e3o, a maior parte dos benefici\u00e1rios deve receber a menor cota do benef\u00edcio, no valor de R$ 150. Ser\u00e3o cerca de 20 milh\u00f5es de fam\u00edlias, que s\u00e3o 43% do total de contemplados estimado na nova rodada.<\/p>\n<p>Al\u00e9m disso, 16,7 milh\u00f5es de fam\u00edlias com mais de um integrante v\u00e3o receber R$ 250. J\u00e1 a maior cota, de R$ 375, deve ser paga a cerca de 9,3 milh\u00f5es de mulheres que s\u00e3o as \u00fanicas provedoras de suas fam\u00edlias.<\/p>\n<p>Assim como em 2020, os integrantes do programa Bolsa Fam\u00edlia aptos a receber o aux\u00edlio poder\u00e3o optar pelo benef\u00edcio que for mais vantajoso e receber\u00e3o o recurso conforme o calend\u00e1rio habitual Bolsa Fam\u00edlia.<\/p>\n<h2>Quem poder\u00e1 receber o aux\u00edlio emergencial<\/h2>\n<p>Quem n\u00e3o movimentou os valores do aux\u00edlio e sua extens\u00e3o no ano passado, disponibilizados na<a href=\"https:\/\/www.suno.com.br\/artigos\/poupanca-em-2021\/\"><strong> poupan\u00e7a digital<\/strong><\/a>, ou teve o benef\u00edcio cancelado, n\u00e3o ter\u00e1 direito ao novo benef\u00edcio. O aux\u00edlio tamb\u00e9m n\u00e3o poder\u00e1 ser dado para pessoas com menos de 18 anos, com exce\u00e7\u00e3o de m\u00e3es adolescentes.<\/p>\n\t<p>\n\t\t<a href=\"https:\/\/lp.suno.com.br\/planilha-da-vida-financeira\/\" target=\"_blank\" data-element=\"shortcode-suno-banner\" title=\"Banner SUNO, clique e saiba mais\">\n\t\t\t<picture>\n\t\t\t\t<source media=\"(max-width: 500px)\" srcset=\"https:\/\/files.sunoresearch.com.br\/n\/uploads\/2023\/04\/400x300-Planilha-vida-financeira-true.png\">\n\t\t\t\t<img class=\"newsContent__article__imgCapa newsContent__article__imgCapa--banner\"\n\t\t\t\t\tsrc=\"https:\/\/files.sunoresearch.com.br\/n\/uploads\/2023\/04\/1420x240-Planilha-vida-financeira-true.png\"\n\t\t\t\t\tdata-promo-id=\"106682\"\t\t\t\t\t\t\t\t\t\twidth='1420' height='240'\t\t\t\t\talt=\"https:\/\/files.sunoresearch.com.br\/n\/uploads\/2023\/04\/1420x240-Planilha-vida-financeira-true.png\"\n\t\t\t\t>\n\t\t\t<\/picture>\n\t\t<\/a>\n\t<\/p>\n\n\n<p>Entre outros crit\u00e9rios de elegibilidade, n\u00e3o ter\u00e3o direito ao novo <strong>aux\u00edlio emergencial\u00a0<\/strong> pessoas que, no ano de 2019, tenham recebido<a href=\"https:\/\/www.suno.com.br\/artigos\/rendimentos-tributaveis\/\"> rendimentos tribut\u00e1veis<\/a> acima de R$ 28.559,70 ou com posses e propriedades de bens, at\u00e9 o fim daquele ano, que ultrapassem o valor de R$ 300 mil.<\/p>\n<p><em>Com informa\u00e7\u00f5es do Estad\u00e3o Conte\u00fado.<\/em><\/p>\n\t<p>\n\t\t<a href=\"https:\/\/lp.suno.com.br\/planilha-de-controle-de-investimentos\/\" target=\"_blank\" data-element=\"shortcode-suno-banner\" title=\"Banner SUNO, clique e saiba mais\">\n\t\t\t<picture>\n\t\t\t\t<source media=\"(max-width: 500px)\" srcset=\"https:\/\/files.sunoresearch.com.br\/n\/uploads\/2023\/03\/400x300-Controle-de-Investimentos.png\">\n\t\t\t\t<img class=\"newsContent__article__imgCapa newsContent__article__imgCapa--banner\"\n\t\t\t\t\tsrc=\"https:\/\/files.sunoresearch.com.br\/n\/uploads\/2023\/03\/1420x240-Controle-de-Investimentos.png\"\n\t\t\t\t\tdata-promo-id=\"75934\"\t\t\t\t\t\t\t\t\t\twidth='1420' height='240'\t\t\t\t\talt=\"https:\/\/files.sunoresearch.com.br\/n\/uploads\/2023\/03\/1420x240-Controle-de-Investimentos.png\"\n\t\t\t\t>\n\t\t\t<\/picture>\n\t\t<\/a>\n\t<\/p>\n\n\n","protected":false},"excerpt":{"rendered":"<p>O novo aux\u00edlio emergencial ser\u00e1 limitado a uma pessoa por fam\u00edlia, e ser\u00e1 pago em quatro parcelas mensais a partir de abril at\u00e9 julho deste ano de acordo com a\u00a0 Medida Provis\u00f3ria assinada nesta quinta-feira (18) pelo presidente da Rep\u00fablica, Jair Bolsonaro (sem partido). Aux\u00edlio emergencial A nova rodada do aux\u00edlio emergencial deve beneficiar cerca [&hellip;]<\/p>\n","protected":false},"author":39,"featured_media":121255,"comment_status":"closed","ping_status":"closed","sticky":false,"template":"","format":"standard","meta":[],"categories":[62,65],"tags":[17139,2487,12737,5255],"suno_strategy":[],"class_list":["post-133025","post","type-post","status-publish","format-standard","has-post-thumbnail","hentry","category-economia","category-financas-pessoais","tag-auxilio-emergencial","tag-coronavirus","tag-coronavoucher","tag-covid-19"],"yoast_head":"<!-- This site is optimized with the Yoast SEO plugin v24.4 - https:\/\/yoast.com\/wordpress\/plugins\/seo\/ -->\n<title>Novo aux\u00edlio emergencial vai beneficiar 45,6 milh\u00f5es de brasileiros<\/title>\n<meta name=\"description\" content=\"O novo aux\u00edlio emergencial ser\u00e1 pago em quatro parcelas mensais a partir de abril at\u00e9 julho deste ano. Clique aqui e saiba mais!\" \/>\n<meta name=\"robots\" content=\"index, follow, max-snippet:-1, max-image-preview:large, max-video-preview:-1\" \/>\n<link rel=\"canonical\" href=\"https:\/\/www.suno.com.br\/noticias\/novo-auxilio-emergencial-beneficiar-milhoes\/\" \/>\n<meta property=\"og:locale\" content=\"pt_BR\" \/>\n<meta property=\"og:type\" content=\"article\" \/>\n<meta property=\"og:title\" content=\"Novo aux\u00edlio emergencial vai beneficiar 45,6 milh\u00f5es de brasileiros\" \/>\n<meta property=\"og:description\" content=\"O novo aux\u00edlio emergencial ser\u00e1 pago em quatro parcelas mensais a partir de abril at\u00e9 julho deste ano. Clique aqui e saiba mais!\" \/>\n<meta property=\"og:url\" content=\"https:\/\/www.suno.com.br\/noticias\/novo-auxilio-emergencial-beneficiar-milhoes\/\" \/>\n<meta property=\"og:site_name\" content=\"Suno Not\u00edcias\" \/>\n<meta property=\"article:publisher\" content=\"https:\/\/facebook.com\/sunoresearch\" \/>\n<meta property=\"og:image\" content=\"https:\/\/files.sunoresearch.com.br\/n\/uploads\/2021\/02\/b8c2e943-auxilioemergencial.jpg\" \/>\n\t<meta property=\"og:image:width\" content=\"1024\" \/>\n\t<meta property=\"og:image:height\" content=\"768\" \/>\n\t<meta property=\"og:image:type\" content=\"image\/jpeg\" \/>\n<meta name=\"author\" content=\"Laura Moutinho\" \/>\n<meta name=\"twitter:card\" content=\"summary_large_image\" \/>\n<meta name=\"twitter:creator\" content=\"@sunoresearch\" \/>\n<meta name=\"twitter:site\" content=\"@sunoresearch\" \/>\n<meta name=\"twitter:label1\" content=\"Escrito por\" \/>\n\t<meta name=\"twitter:data1\" content=\"Laura Moutinho\" \/>\n\t<meta name=\"twitter:label2\" content=\"Est. tempo de leitura\" \/>\n\t<meta name=\"twitter:data2\" content=\"3 minutos\" \/>\n<script type=\"application\/ld+json\" class=\"yoast-schema-graph\">{\"@context\":\"https:\/\/schema.org\",\"@graph\":[{\"@type\":\"NewsArticle\",\"@id\":\"https:\/\/www.suno.com.br\/noticias\/novo-auxilio-emergencial-beneficiar-milhoes\/#article\",\"isPartOf\":{\"@id\":\"https:\/\/www.suno.com.br\/noticias\/novo-auxilio-emergencial-beneficiar-milhoes\/\"},\"author\":{\"name\":\"Laura Moutinho\",\"@id\":\"https:\/\/www.suno.com.br\/noticias\/#\/schema\/person\/3df0d2808748b74496efe5dbeaef2c72\"},\"headline\":\"Novo aux\u00edlio emergencial vai beneficiar 45,6 milh\u00f5es de brasileiros\",\"datePublished\":\"2021-03-18T23:57:47+00:00\",\"mainEntityOfPage\":{\"@id\":\"https:\/\/www.suno.com.br\/noticias\/novo-auxilio-emergencial-beneficiar-milhoes\/\"},\"wordCount\":534,\"publisher\":{\"@id\":\"https:\/\/www.suno.com.br\/noticias\/#organization\"},\"image\":{\"@id\":\"https:\/\/www.suno.com.br\/noticias\/novo-auxilio-emergencial-beneficiar-milhoes\/#primaryimage\"},\"thumbnailUrl\":\"https:\/\/files.sunoresearch.com.br\/n\/uploads\/2021\/02\/b8c2e943-auxilioemergencial-jpg.webp\",\"keywords\":[\"aux\u00edlio emergencial\",\"coronav\u00edrus\",\"coronavoucher\",\"covid-19\"],\"articleSection\":[\"Economia\",\"Finan\u00e7as Pessoais\"],\"inLanguage\":\"pt-BR\"},{\"@type\":\"WebPage\",\"@id\":\"https:\/\/www.suno.com.br\/noticias\/novo-auxilio-emergencial-beneficiar-milhoes\/\",\"url\":\"https:\/\/www.suno.com.br\/noticias\/novo-auxilio-emergencial-beneficiar-milhoes\/\",\"name\":\"Novo aux\u00edlio emergencial vai beneficiar 45,6 milh\u00f5es de brasileiros\",\"isPartOf\":{\"@id\":\"https:\/\/www.suno.com.br\/noticias\/#website\"},\"primaryImageOfPage\":{\"@id\":\"https:\/\/www.suno.com.br\/noticias\/novo-auxilio-emergencial-beneficiar-milhoes\/#primaryimage\"},\"image\":{\"@id\":\"https:\/\/www.suno.com.br\/noticias\/novo-auxilio-emergencial-beneficiar-milhoes\/#primaryimage\"},\"thumbnailUrl\":\"https:\/\/files.sunoresearch.com.br\/n\/uploads\/2021\/02\/b8c2e943-auxilioemergencial-jpg.webp\",\"datePublished\":\"2021-03-18T23:57:47+00:00\",\"description\":\"O novo aux\u00edlio emergencial ser\u00e1 pago em quatro parcelas mensais a partir de abril at\u00e9 julho deste ano. Clique aqui e saiba mais!\",\"breadcrumb\":{\"@id\":\"https:\/\/www.suno.com.br\/noticias\/novo-auxilio-emergencial-beneficiar-milhoes\/#breadcrumb\"},\"inLanguage\":\"pt-BR\",\"potentialAction\":[{\"@type\":\"ReadAction\",\"target\":[\"https:\/\/www.suno.com.br\/noticias\/novo-auxilio-emergencial-beneficiar-milhoes\/\"]}]},{\"@type\":\"ImageObject\",\"inLanguage\":\"pt-BR\",\"@id\":\"https:\/\/www.suno.com.br\/noticias\/novo-auxilio-emergencial-beneficiar-milhoes\/#primaryimage\",\"url\":\"https:\/\/files.sunoresearch.com.br\/n\/uploads\/2021\/02\/b8c2e943-auxilioemergencial-jpg.webp\",\"contentUrl\":\"https:\/\/files.sunoresearch.com.br\/n\/uploads\/2021\/02\/b8c2e943-auxilioemergencial-jpg.webp\",\"width\":1024,\"height\":768,\"caption\":\"Aux\u00edlio emergencial\"},{\"@type\":\"BreadcrumbList\",\"@id\":\"https:\/\/www.suno.com.br\/noticias\/novo-auxilio-emergencial-beneficiar-milhoes\/#breadcrumb\",\"itemListElement\":[{\"@type\":\"ListItem\",\"position\":1,\"name\":\"Not\u00edcias\",\"item\":\"https:\/\/www.suno.com.br\/noticias\/\"},{\"@type\":\"ListItem\",\"position\":2,\"name\":\"Economia\",\"item\":\"https:\/\/www.suno.com.br\/noticias\/economia\/\"},{\"@type\":\"ListItem\",\"position\":3,\"name\":\"Novo aux\u00edlio emergencial vai beneficiar 45,6 milh\u00f5es de brasileiros\"}]},{\"@type\":\"WebSite\",\"@id\":\"https:\/\/www.suno.com.br\/noticias\/#website\",\"url\":\"https:\/\/www.suno.com.br\/noticias\/\",\"name\":\"Suno Not\u00edcias\",\"description\":\"Seu portal de informa\u00e7\u00e3o sobre o mundo dos investimentos\",\"publisher\":{\"@id\":\"https:\/\/www.suno.com.br\/noticias\/#organization\"},\"potentialAction\":[{\"@type\":\"SearchAction\",\"target\":{\"@type\":\"EntryPoint\",\"urlTemplate\":\"https:\/\/www.suno.com.br\/noticias\/?s={search_term_string}\"},\"query-input\":{\"@type\":\"PropertyValueSpecification\",\"valueRequired\":true,\"valueName\":\"search_term_string\"}}],\"inLanguage\":\"pt-BR\"},{\"@type\":\"Organization\",\"@id\":\"https:\/\/www.suno.com.br\/noticias\/#organization\",\"name\":\"Suno Not\u00edcias\",\"url\":\"https:\/\/www.suno.com.br\/noticias\/\",\"logo\":{\"@type\":\"ImageObject\",\"inLanguage\":\"pt-BR\",\"@id\":\"https:\/\/www.suno.com.br\/noticias\/#\/schema\/logo\/image\/\",\"url\":\"https:\/\/files.sunoresearch.com.br\/n\/uploads\/2021\/09\/suno-logo.png\",\"contentUrl\":\"https:\/\/files.sunoresearch.com.br\/n\/uploads\/2021\/09\/suno-logo.png\",\"width\":180,\"height\":180,\"caption\":\"Suno Not\u00edcias\"},\"image\":{\"@id\":\"https:\/\/www.suno.com.br\/noticias\/#\/schema\/logo\/image\/\"},\"sameAs\":[\"https:\/\/facebook.com\/sunoresearch\",\"https:\/\/x.com\/sunoresearch\",\"https:\/\/www.instagram.com\/suno\",\"https:\/\/www.linkedin.com\/company\/suno-research\/\",\"https:\/\/www.youtube.com\/c\/sunoresearch\"]},{\"@type\":\"Person\",\"@id\":\"https:\/\/www.suno.com.br\/noticias\/#\/schema\/person\/3df0d2808748b74496efe5dbeaef2c72\",\"name\":\"Laura Moutinho\",\"image\":{\"@type\":\"ImageObject\",\"inLanguage\":\"pt-BR\",\"@id\":\"https:\/\/www.suno.com.br\/noticias\/#\/schema\/person\/image\/\",\"url\":\"https:\/\/secure.gravatar.com\/avatar\/7571c7c8ca3a6fca5e41384ece5557ff?s=96&r=g\",\"contentUrl\":\"https:\/\/secure.gravatar.com\/avatar\/7571c7c8ca3a6fca5e41384ece5557ff?s=96&r=g\",\"caption\":\"Laura Moutinho\"},\"description\":\"Estagi\u00e1ria na Suno Not\u00edcias, escreve not\u00edcias que afetam o mercado financeiro. Estuda administra\u00e7\u00e3o na Universidade Presbiteriana Mackenzie.\",\"url\":\"https:\/\/www.suno.com.br\/noticias\/author\/laura-moutinho\/\"}]}<\/script>\n<!-- \/ Yoast SEO plugin. -->","yoast_head_json":{"title":"Novo aux\u00edlio emergencial vai beneficiar 45,6 milh\u00f5es de brasileiros","description":"O novo aux\u00edlio emergencial ser\u00e1 pago em quatro parcelas mensais a partir de abril at\u00e9 julho deste ano. Clique aqui e saiba mais!","robots":{"index":"index","follow":"follow","max-snippet":"max-snippet:-1","max-image-preview":"max-image-preview:large","max-video-preview":"max-video-preview:-1"},"canonical":"https:\/\/www.suno.com.br\/noticias\/novo-auxilio-emergencial-beneficiar-milhoes\/","og_locale":"pt_BR","og_type":"article","og_title":"Novo aux\u00edlio emergencial vai beneficiar 45,6 milh\u00f5es de brasileiros","og_description":"O novo aux\u00edlio emergencial ser\u00e1 pago em quatro parcelas mensais a partir de abril at\u00e9 julho deste ano. Clique aqui e saiba mais!","og_url":"https:\/\/www.suno.com.br\/noticias\/novo-auxilio-emergencial-beneficiar-milhoes\/","og_site_name":"Suno Not\u00edcias","article_publisher":"https:\/\/facebook.com\/sunoresearch","og_image":[{"width":1024,"height":768,"url":"https:\/\/files.sunoresearch.com.br\/n\/uploads\/2021\/02\/b8c2e943-auxilioemergencial.jpg","type":"image\/jpeg"}],"author":"Laura Moutinho","twitter_card":"summary_large_image","twitter_creator":"@sunoresearch","twitter_site":"@sunoresearch","twitter_misc":{"Escrito por":"Laura Moutinho","Est. tempo de leitura":"3 minutos"},"schema":{"@context":"https:\/\/schema.org","@graph":[{"@type":"NewsArticle","@id":"https:\/\/www.suno.com.br\/noticias\/novo-auxilio-emergencial-beneficiar-milhoes\/#article","isPartOf":{"@id":"https:\/\/www.suno.com.br\/noticias\/novo-auxilio-emergencial-beneficiar-milhoes\/"},"author":{"name":"Laura Moutinho","@id":"https:\/\/www.suno.com.br\/noticias\/#\/schema\/person\/3df0d2808748b74496efe5dbeaef2c72"},"headline":"Novo aux\u00edlio emergencial vai beneficiar 45,6 milh\u00f5es de brasileiros","datePublished":"2021-03-18T23:57:47+00:00","mainEntityOfPage":{"@id":"https:\/\/www.suno.com.br\/noticias\/novo-auxilio-emergencial-beneficiar-milhoes\/"},"wordCount":534,"publisher":{"@id":"https:\/\/www.suno.com.br\/noticias\/#organization"},"image":{"@id":"https:\/\/www.suno.com.br\/noticias\/novo-auxilio-emergencial-beneficiar-milhoes\/#primaryimage"},"thumbnailUrl":"https:\/\/files.sunoresearch.com.br\/n\/uploads\/2021\/02\/b8c2e943-auxilioemergencial-jpg.webp","keywords":["aux\u00edlio emergencial","coronav\u00edrus","coronavoucher","covid-19"],"articleSection":["Economia","Finan\u00e7as Pessoais"],"inLanguage":"pt-BR"},{"@type":"WebPage","@id":"https:\/\/www.suno.com.br\/noticias\/novo-auxilio-emergencial-beneficiar-milhoes\/","url":"https:\/\/www.suno.com.br\/noticias\/novo-auxilio-emergencial-beneficiar-milhoes\/","name":"Novo aux\u00edlio emergencial vai beneficiar 45,6 milh\u00f5es de brasileiros","isPartOf":{"@id":"https:\/\/www.suno.com.br\/noticias\/#website"},"primaryImageOfPage":{"@id":"https:\/\/www.suno.com.br\/noticias\/novo-auxilio-emergencial-beneficiar-milhoes\/#primaryimage"},"image":{"@id":"https:\/\/www.suno.com.br\/noticias\/novo-auxilio-emergencial-beneficiar-milhoes\/#primaryimage"},"thumbnailUrl":"https:\/\/files.sunoresearch.com.br\/n\/uploads\/2021\/02\/b8c2e943-auxilioemergencial-jpg.webp","datePublished":"2021-03-18T23:57:47+00:00","description":"O novo aux\u00edlio emergencial ser\u00e1 pago em quatro parcelas mensais a partir de abril at\u00e9 julho deste ano. Clique aqui e saiba mais!","breadcrumb":{"@id":"https:\/\/www.suno.com.br\/noticias\/novo-auxilio-emergencial-beneficiar-milhoes\/#breadcrumb"},"inLanguage":"pt-BR","potentialAction":[{"@type":"ReadAction","target":["https:\/\/www.suno.com.br\/noticias\/novo-auxilio-emergencial-beneficiar-milhoes\/"]}]},{"@type":"ImageObject","inLanguage":"pt-BR","@id":"https:\/\/www.suno.com.br\/noticias\/novo-auxilio-emergencial-beneficiar-milhoes\/#primaryimage","url":"https:\/\/files.sunoresearch.com.br\/n\/uploads\/2021\/02\/b8c2e943-auxilioemergencial-jpg.webp","contentUrl":"https:\/\/files.sunoresearch.com.br\/n\/uploads\/2021\/02\/b8c2e943-auxilioemergencial-jpg.webp","width":1024,"height":768,"caption":"Aux\u00edlio emergencial"},{"@type":"BreadcrumbList","@id":"https:\/\/www.suno.com.br\/noticias\/novo-auxilio-emergencial-beneficiar-milhoes\/#breadcrumb","itemListElement":[{"@type":"ListItem","position":1,"name":"Not\u00edcias","item":"https:\/\/www.suno.com.br\/noticias\/"},{"@type":"ListItem","position":2,"name":"Economia","item":"https:\/\/www.suno.com.br\/noticias\/economia\/"},{"@type":"ListItem","position":3,"name":"Novo aux\u00edlio emergencial vai beneficiar 45,6 milh\u00f5es de brasileiros"}]},{"@type":"WebSite","@id":"https:\/\/www.suno.com.br\/noticias\/#website","url":"https:\/\/www.suno.com.br\/noticias\/","name":"Suno Not\u00edcias","description":"Seu portal de informa\u00e7\u00e3o sobre o mundo dos investimentos","publisher":{"@id":"https:\/\/www.suno.com.br\/noticias\/#organization"},"potentialAction":[{"@type":"SearchAction","target":{"@type":"EntryPoint","urlTemplate":"https:\/\/www.suno.com.br\/noticias\/?s={search_term_string}"},"query-input":{"@type":"PropertyValueSpecification","valueRequired":true,"valueName":"search_term_string"}}],"inLanguage":"pt-BR"},{"@type":"Organization","@id":"https:\/\/www.suno.com.br\/noticias\/#organization","name":"Suno Not\u00edcias","url":"https:\/\/www.suno.com.br\/noticias\/","logo":{"@type":"ImageObject","inLanguage":"pt-BR","@id":"https:\/\/www.suno.com.br\/noticias\/#\/schema\/logo\/image\/","url":"https:\/\/files.sunoresearch.com.br\/n\/uploads\/2021\/09\/suno-logo.png","contentUrl":"https:\/\/files.sunoresearch.com.br\/n\/uploads\/2021\/09\/suno-logo.png","width":180,"height":180,"caption":"Suno Not\u00edcias"},"image":{"@id":"https:\/\/www.suno.com.br\/noticias\/#\/schema\/logo\/image\/"},"sameAs":["https:\/\/facebook.com\/sunoresearch","https:\/\/x.com\/sunoresearch","https:\/\/www.instagram.com\/suno","https:\/\/www.linkedin.com\/company\/suno-research\/","https:\/\/www.youtube.com\/c\/sunoresearch"]},{"@type":"Person","@id":"https:\/\/www.suno.com.br\/noticias\/#\/schema\/person\/3df0d2808748b74496efe5dbeaef2c72","name":"Laura Moutinho","image":{"@type":"ImageObject","inLanguage":"pt-BR","@id":"https:\/\/www.suno.com.br\/noticias\/#\/schema\/person\/image\/","url":"https:\/\/secure.gravatar.com\/avatar\/7571c7c8ca3a6fca5e41384ece5557ff?s=96&r=g","contentUrl":"https:\/\/secure.gravatar.com\/avatar\/7571c7c8ca3a6fca5e41384ece5557ff?s=96&r=g","caption":"Laura Moutinho"},"description":"Estagi\u00e1ria na Suno Not\u00edcias, escreve not\u00edcias que afetam o mercado financeiro. Estuda administra\u00e7\u00e3o na Universidade Presbiteriana Mackenzie.","url":"https:\/\/www.suno.com.br\/noticias\/author\/laura-moutinho\/"}]}},"default_loop_html":"<div class=\"cardsPage__listCard__boxs\"><div class=\"cardsPage__listCard__boxs__img\"><a href=\"https:\/\/www.suno.com.br\/noticias\/novo-auxilio-emergencial-beneficiar-milhoes\/\"><img class=\"mask\" src=\"https:\/\/www.suno.com.br\/noticias\/wp-content\/themes\/suno\/resources\/images\/spotlight\/spotlight1img\/bg-mask.png\" alt=\"Image Mask\"\/><img src=\"https:\/\/files.sunoresearch.com.br\/n\/uploads\/2021\/02\/b8c2e943-auxilioemergencial-400x200.webp\" alt=\"Novo aux\u00edlio emergencial vai beneficiar 45,6 milh\u00f5es de brasileiros\"\/><\/a><span class=\"spotlightCategory\"><a href=\"https:\/\/www.suno.com.br\/noticias\/economia\/\">Economia<\/a><\/span><\/div><div class=\"cardsPage__listCard__boxs__content\"><a href=\"https:\/\/www.suno.com.br\/noticias\/novo-auxilio-emergencial-beneficiar-milhoes\/\"><h2 class=\"content__title\">Novo aux\u00edlio emergencial vai beneficiar 45,6 milh\u00f5es de brasileiros<\/h2><\/a><div class=\"newsContent__article__meta\"><div class=\"newsContent__article__meta__authorBox\"><a href=\"https:\/\/www.suno.com.br\/noticias\/author\/laura-moutinho\/\" class=\"authorBox__avatar noMobi\"><img src=\"https:\/\/files.sunoresearch.com.br\/n\/uploads\/2020\/08\/531ff69d-whatsapp-image-2020-08-03-at-14.54.38-150x150.webp\" alt=\"Laura Moutinho\"><\/a><div class=\"authorBox__name\"><span>por\n\t\t\t<a href=\"https:\/\/www.suno.com.br\/noticias\/author\/laura-moutinho\/\"><span itemprop=\"author\">Laura Moutinho<\/span><\/a><\/span><time datetime=\"2021-03-18T20:57:47-03:00\" itemprop=\"datePublished\">18\/03\/2021 20:57<\/time><\/div><\/div><\/div><\/div><\/div>","single_layout":"posts","amp_enabled":true,"_links":{"self":[{"href":"https:\/\/www.suno.com.br\/noticias\/wp-json\/wp\/v2\/posts\/133025"}],"collection":[{"href":"https:\/\/www.suno.com.br\/noticias\/wp-json\/wp\/v2\/posts"}],"about":[{"href":"https:\/\/www.suno.com.br\/noticias\/wp-json\/wp\/v2\/types\/post"}],"author":[{"embeddable":true,"href":"https:\/\/www.suno.com.br\/noticias\/wp-json\/wp\/v2\/users\/39"}],"replies":[{"embeddable":true,"href":"https:\/\/www.suno.com.br\/noticias\/wp-json\/wp\/v2\/comments?post=133025"}],"version-history":[{"count":4,"href":"https:\/\/www.suno.com.br\/noticias\/wp-json\/wp\/v2\/posts\/133025\/revisions"}],"predecessor-version":[{"id":133085,"href":"https:\/\/www.suno.com.br\/noticias\/wp-json\/wp\/v2\/posts\/133025\/revisions\/133085"}],"wp:featuredmedia":[{"embeddable":true,"href":"https:\/\/www.suno.com.br\/noticias\/wp-json\/wp\/v2\/media\/121255"}],"wp:attachment":[{"href":"https:\/\/www.suno.com.br\/noticias\/wp-json\/wp\/v2\/media?parent=133025"}],"wp:term":[{"taxonomy":"category","embeddable":true,"href":"https:\/\/www.suno.com.br\/noticias\/wp-json\/wp\/v2\/categories?post=133025"},{"taxonomy":"post_tag","embeddable":true,"href":"https:\/\/www.suno.com.br\/noticias\/wp-json\/wp\/v2\/tags?post=133025"},{"taxonomy":"suno_strategy","embeddable":true,"href":"https:\/\/www.suno.com.br\/noticias\/wp-json\/wp\/v2\/suno_strategy?post=133025"}],"curies":[{"name":"wp","href":"https:\/\/api.w.org\/{rel}","templated":true}]}}