{"id":133020,"date":"2021-03-18T18:38:33","date_gmt":"2021-03-18T21:38:33","guid":{"rendered":"https:\/\/www.suno.com.br\/noticias\/?p=133020"},"modified":"2021-03-18T19:07:04","modified_gmt":"2021-03-18T22:07:04","slug":"andre-brandao-renuncia-banco-do-brasil-bbas3","status":"publish","type":"post","link":"https:\/\/www.suno.com.br\/noticias\/andre-brandao-renuncia-banco-do-brasil-bbas3\/","title":{"rendered":"Andr\u00e9 Brand\u00e3o renuncia \u00e0 presid\u00eancia do Banco do Brasil (BBAS3)"},"content":{"rendered":"<p>O presidente do <a href=\"https:\/\/www.suno.com.br\/acoes\/bbas3\/\" target=\"_blank\" rel=\"noopener noreferrer\"><strong>Banco do Brasil<\/strong> (BBAS3)<\/a>, Andr\u00e9 Brand\u00e3o, entregou nesta quinta-feira (18) pedido de ren\u00fancia ao cargo, comunicou a estatal em fato relevante.<\/p>\t<div class=\"wrapper-featured-image\">\n\t\t<figure class=\"spotlightImg\">\n\n\t\t\t<picture>\n\t\t\t\t<source media=\"(max-width: 768px)\" srcset=\"https:\/\/files.sunoresearch.com.br\/n\/uploads\/2021\/02\/a0da5a64-cpi_do_hsbc_16761723864-400x200.webp\">\n\t\t\t\t<img loading=\"lazy\" decoding=\"async\" class=\"newsContent__article__imgCapa lazyloadDisabled \" src=\"https:\/\/files.sunoresearch.com.br\/n\/uploads\/2021\/02\/a0da5a64-cpi_do_hsbc_16761723864-800x450.webp\" width=\"800\" height=\"450\" alt=\"Andr\u00e9 Brand\u00e3o renuncia \u00e0 presid\u00eancia do Banco do Brasil (BBAS3)\" fetchpriority=high \/>\n\t\t\t<\/picture>\n\n\t\t\t<figcaption class=\"wp-caption-text wp-caption-text--show\">Andr\u00e9 Brand\u00e3o, presidente do Banco do Brasil<\/figcaption>\n\t\t<\/figure>\n\t<\/div>\n\n\n\t<p>\n\t\t<a href=\"https:\/\/lp.suno.com.br\/planilha-controle-gastos\/\" target=\"_blank\" data-element=\"shortcode-suno-banner\" title=\"Banner SUNO, clique e saiba mais\">\n\t\t\t<picture>\n\t\t\t\t<source media=\"(max-width: 500px)\" srcset=\"https:\/\/files.sunoresearch.com.br\/n\/uploads\/2023\/03\/400x300-Planilha-controle-de-gastos.png\">\n\t\t\t\t<img class=\"newsContent__article__imgCapa newsContent__article__imgCapa--banner\"\n\t\t\t\t\tsrc=\"https:\/\/files.sunoresearch.com.br\/n\/uploads\/2023\/03\/1420x240-Planilha-controle-de-gastos.png\"\n\t\t\t\t\tdata-promo-id=\"101751\"\t\t\t\t\t\t\t\t\t\twidth='1420' height='240'\t\t\t\t\talt=\"https:\/\/files.sunoresearch.com.br\/n\/uploads\/2023\/03\/1420x240-Planilha-controle-de-gastos.png\"\n\t\t\t\t>\n\t\t\t<\/picture>\n\t\t<\/a>\n\t<\/p>\n\n\n<p><strong>Andr\u00e9 Brand\u00e3o<\/strong> j\u00e1 estava na mira do presidente Jair Bolsonaro h\u00e1 algumas semanas, desde o Banco do Brasil anunciar o fechamento de mais de 300 ag\u00eancias em todo o Pa\u00eds.<\/p>\n<p>\u00c0 \u00e9poca, o chefe do Executivo pediu a demiss\u00e3o do presidente do BB por n\u00e3o concordar com tais medidas de fechamento de ag\u00eancias e com o plano de reestrutura\u00e7\u00e3o da empresa de &#8220;menos \u00e9 mais&#8221;, argumentando em favor de &#8220;um lado social.&#8221;<\/p>\n<p><a href=\"https:\/\/lp.suno.com.br\/suno-one\/\">Suno One: acesse gratuitamente eBooks, Minicursos, Artigos e Video Aulas sobre investimentos com um \u00fanico cadastro. Clique para saber mais!<\/a><\/p>\n<p>Andr\u00e9 Brand\u00e3o, chamado justamente para a miss\u00e3o de tocar uma agenda de desinvestimentos e de enxugamento do Banco do Brasil, foi salvo pela equipe econ\u00f4mica do governo federal, liderada pelo ministro <a href=\"https:\/\/www.suno.com.br\/tudo-sobre\/paulo-guedes\/\">Paulo Guedes<\/a>, que reuniu esfor\u00e7os para mant\u00ea-lo.<\/p>\n\t<div data-element=\"shortcode-read-more\" class=\"knowMore\">\n\t\t\t\t<span class=\"knowMore__title\">Leia mais<\/span>\n\t\t\t\t<a class=\"knowMore__link\" href=\"https:\/\/www.suno.com.br\/noticias\/banco-do-brasil-bbas3-ruido-andre-brandao\/\">\n\t\t\tBanco do Brasil (BBAS3) engata baixa de 4,92% com ru\u00eddo envolvendo Andr\u00e9 Brand\u00e3o\t\t<\/a>\n\t<\/div>\n\n\n<p>Mesmo assim o executivo passou por um processo de desgaste por parte do Pal\u00e1cio do Planalto.<\/p>\n<p>&#8220;Os rumores de sua demiss\u00e3o juntamente com o evento da demiss\u00e3o de Castelo Branco na Petrobras, j\u00e1 corrigiram o valor das a\u00e7\u00f5es de BBAS3, mas a recente demora gerou um sentimento de que havia, para parte dos investidores, possibilidades de Brand\u00e3o permanecer&#8221;, disse a <strong>Ativa Investimentos <\/strong>em coment\u00e1rio a clientes.<\/p>\n<h2>Tal Petrobras, qual Banco do Brasil<\/h2>\n<p>A sa\u00edda de Andr\u00e9 Brand\u00e3o da chefia do banco estatal quase coincide com a demiss\u00e3o do presidente da <a href=\"https:\/\/www.suno.com.br\/acoes\/petr4\/\"><strong>Petrobras<\/strong> (PETR4)<\/a>, Roberto Castello Branco.<\/p>\n<p>Insatisfeito com a pol\u00edtica de pre\u00e7os da petroleira, Jair Bolsonaro tamb\u00e9m decidiu retirar o <a href=\"https:\/\/www.suno.com.br\/artigos\/ceo\/\">CEO da petroleira<\/a>, sob a narrativa de que esse tipo de medida ter\u00e1 &#8220;consequ\u00eancias&#8221;.<\/p>\n<p>O general da reserva Joaquim Silva e Luna, mais um militar convocado para ocupar um posto de alto escal\u00e3o, foi aprovado ontem para ocupar a presid\u00eancia do conselho de administra\u00e7\u00e3o.<\/p>\n\t<p>\n\t\t<a href=\"https:\/\/lp.suno.com.br\/planilha-da-vida-financeira\/\" target=\"_blank\" data-element=\"shortcode-suno-banner\" title=\"Banner SUNO, clique e saiba mais\">\n\t\t\t<picture>\n\t\t\t\t<source media=\"(max-width: 500px)\" srcset=\"https:\/\/files.sunoresearch.com.br\/n\/uploads\/2023\/04\/400x300-Planilha-vida-financeira-true.png\">\n\t\t\t\t<img class=\"newsContent__article__imgCapa newsContent__article__imgCapa--banner\"\n\t\t\t\t\tsrc=\"https:\/\/files.sunoresearch.com.br\/n\/uploads\/2023\/04\/1420x240-Planilha-vida-financeira-true.png\"\n\t\t\t\t\tdata-promo-id=\"106682\"\t\t\t\t\t\t\t\t\t\twidth='1420' height='240'\t\t\t\t\talt=\"https:\/\/files.sunoresearch.com.br\/n\/uploads\/2023\/04\/1420x240-Planilha-vida-financeira-true.png\"\n\t\t\t\t>\n\t\t\t<\/picture>\n\t\t<\/a>\n\t<\/p>\n\n\n<p>&#8220;Enxergamos a not\u00edcia como negativa e esperamos que as a\u00e7\u00f5es do banco devem sentir o impacto da not\u00edcia no preg\u00e3o de amanh\u00e3&#8221;, completou a Ativa.<\/p>\n<p>Bolsonaro deve indicar o novo presidente do Banco do Brasil em breve, cujo nome ainda dever\u00e1 passar pelo crivo do conselho de administra\u00e7\u00e3o. &#8220;Fatos adicionais, julgados relevantes, ser\u00e3o prontamente divulgados ao mercado&#8221;, disse a institui\u00e7\u00e3o financeira.<\/p>\n<p>Este ser\u00e1 o terceiro do <strong>Banco do Brasil<\/strong> em menos de nove meses.<\/p>\n\t<p>\n\t\t<a href=\"https:\/\/lp.suno.com.br\/planilha-de-controle-de-investimentos\/\" target=\"_blank\" data-element=\"shortcode-suno-banner\" title=\"Banner SUNO, clique e saiba mais\">\n\t\t\t<picture>\n\t\t\t\t<source media=\"(max-width: 500px)\" srcset=\"https:\/\/files.sunoresearch.com.br\/n\/uploads\/2023\/03\/400x300-Controle-de-Investimentos.png\">\n\t\t\t\t<img class=\"newsContent__article__imgCapa newsContent__article__imgCapa--banner\"\n\t\t\t\t\tsrc=\"https:\/\/files.sunoresearch.com.br\/n\/uploads\/2023\/03\/1420x240-Controle-de-Investimentos.png\"\n\t\t\t\t\tdata-promo-id=\"75934\"\t\t\t\t\t\t\t\t\t\twidth='1420' height='240'\t\t\t\t\talt=\"https:\/\/files.sunoresearch.com.br\/n\/uploads\/2023\/03\/1420x240-Controle-de-Investimentos.png\"\n\t\t\t\t>\n\t\t\t<\/picture>\n\t\t<\/a>\n\t<\/p>\n\n\n","protected":false},"excerpt":{"rendered":"<p>O presidente do Banco do Brasil (BBAS3), Andr\u00e9 Brand\u00e3o, entregou nesta quinta-feira (18) pedido de ren\u00fancia ao cargo, comunicou a estatal em fato relevante. Andr\u00e9 Brand\u00e3o, presidente do Banco do Brasil Andr\u00e9 Brand\u00e3o j\u00e1 estava na mira do presidente Jair Bolsonaro h\u00e1 algumas semanas, desde o Banco do Brasil anunciar o fechamento de mais de [&hellip;]<\/p>\n","protected":false},"author":35,"featured_media":127173,"comment_status":"closed","ping_status":"closed","sticky":false,"template":"","format":"standard","meta":[],"categories":[64],"tags":[91927,732,719],"suno_strategy":[],"class_list":["post-133020","post","type-post","status-publish","format-standard","has-post-thumbnail","hentry","category-negocios","tag-andre-brandao","tag-banco-do-brasil-bbas3","tag-jair-bolsonaro"],"yoast_head":"<!-- This site is optimized with the Yoast SEO plugin v24.4 - https:\/\/yoast.com\/wordpress\/plugins\/seo\/ -->\n<title>Andr\u00e9 Brand\u00e3o renuncia \u00e0 presid\u00eancia do Banco do Brasil (BBAS3)<\/title>\n<meta name=\"description\" content=\"O presidente do Banco do Brasil (BBAS3), Andr\u00e9 Brand\u00e3o, entregou hoje pedido de ren\u00fancia ao cargo. Clique aqui para saber mais.\" \/>\n<meta name=\"robots\" content=\"index, follow, max-snippet:-1, max-image-preview:large, max-video-preview:-1\" \/>\n<link rel=\"canonical\" href=\"https:\/\/www.suno.com.br\/noticias\/andre-brandao-renuncia-banco-do-brasil-bbas3\/\" \/>\n<meta property=\"og:locale\" content=\"pt_BR\" \/>\n<meta property=\"og:type\" content=\"article\" \/>\n<meta property=\"og:title\" content=\"Andr\u00e9 Brand\u00e3o renuncia \u00e0 presid\u00eancia do Banco do Brasil (BBAS3)\" \/>\n<meta property=\"og:description\" content=\"O presidente do Banco do Brasil (BBAS3), Andr\u00e9 Brand\u00e3o, entregou hoje pedido de ren\u00fancia ao cargo. Clique aqui para saber mais.\" \/>\n<meta property=\"og:url\" content=\"https:\/\/www.suno.com.br\/noticias\/andre-brandao-renuncia-banco-do-brasil-bbas3\/\" \/>\n<meta property=\"og:site_name\" content=\"Suno Not\u00edcias\" \/>\n<meta property=\"article:publisher\" content=\"https:\/\/facebook.com\/sunoresearch\" \/>\n<meta property=\"og:image\" content=\"https:\/\/files.sunoresearch.com.br\/n\/uploads\/2021\/02\/a0da5a64-cpi_do_hsbc_16761723864.jpg\" \/>\n\t<meta property=\"og:image:width\" content=\"1024\" \/>\n\t<meta property=\"og:image:height\" content=\"681\" \/>\n\t<meta property=\"og:image:type\" content=\"image\/jpeg\" \/>\n<meta name=\"author\" content=\"Arthur Guimar\u00e3es\" \/>\n<meta name=\"twitter:card\" content=\"summary_large_image\" \/>\n<meta name=\"twitter:creator\" content=\"@sunoresearch\" \/>\n<meta name=\"twitter:site\" content=\"@sunoresearch\" \/>\n<meta name=\"twitter:label1\" content=\"Escrito por\" \/>\n\t<meta name=\"twitter:data1\" content=\"Arthur Guimar\u00e3es\" \/>\n\t<meta name=\"twitter:label2\" content=\"Est. tempo de leitura\" \/>\n\t<meta name=\"twitter:data2\" content=\"2 minutos\" \/>\n<script type=\"application\/ld+json\" class=\"yoast-schema-graph\">{\"@context\":\"https:\/\/schema.org\",\"@graph\":[{\"@type\":\"NewsArticle\",\"@id\":\"https:\/\/www.suno.com.br\/noticias\/andre-brandao-renuncia-banco-do-brasil-bbas3\/#article\",\"isPartOf\":{\"@id\":\"https:\/\/www.suno.com.br\/noticias\/andre-brandao-renuncia-banco-do-brasil-bbas3\/\"},\"author\":{\"name\":\"Arthur Guimar\u00e3es\",\"@id\":\"https:\/\/www.suno.com.br\/noticias\/#\/schema\/person\/053a750a709a263919a20f976caae91c\"},\"headline\":\"Andr\u00e9 Brand\u00e3o renuncia \u00e0 presid\u00eancia do Banco do Brasil (BBAS3)\",\"datePublished\":\"2021-03-18T21:38:33+00:00\",\"dateModified\":\"2021-03-18T22:07:04+00:00\",\"mainEntityOfPage\":{\"@id\":\"https:\/\/www.suno.com.br\/noticias\/andre-brandao-renuncia-banco-do-brasil-bbas3\/\"},\"wordCount\":441,\"publisher\":{\"@id\":\"https:\/\/www.suno.com.br\/noticias\/#organization\"},\"image\":{\"@id\":\"https:\/\/www.suno.com.br\/noticias\/andre-brandao-renuncia-banco-do-brasil-bbas3\/#primaryimage\"},\"thumbnailUrl\":\"https:\/\/files.sunoresearch.com.br\/n\/uploads\/2021\/02\/a0da5a64-cpi_do_hsbc_16761723864-jpg.webp\",\"keywords\":[\"Andr\u00e9 Brand\u00e3o\",\"Banco do Brasil (BBAS3)\",\"Jair Bolsonaro\"],\"articleSection\":[\"Neg\u00f3cios\"],\"inLanguage\":\"pt-BR\"},{\"@type\":\"WebPage\",\"@id\":\"https:\/\/www.suno.com.br\/noticias\/andre-brandao-renuncia-banco-do-brasil-bbas3\/\",\"url\":\"https:\/\/www.suno.com.br\/noticias\/andre-brandao-renuncia-banco-do-brasil-bbas3\/\",\"name\":\"Andr\u00e9 Brand\u00e3o renuncia \u00e0 presid\u00eancia do Banco do Brasil (BBAS3)\",\"isPartOf\":{\"@id\":\"https:\/\/www.suno.com.br\/noticias\/#website\"},\"primaryImageOfPage\":{\"@id\":\"https:\/\/www.suno.com.br\/noticias\/andre-brandao-renuncia-banco-do-brasil-bbas3\/#primaryimage\"},\"image\":{\"@id\":\"https:\/\/www.suno.com.br\/noticias\/andre-brandao-renuncia-banco-do-brasil-bbas3\/#primaryimage\"},\"thumbnailUrl\":\"https:\/\/files.sunoresearch.com.br\/n\/uploads\/2021\/02\/a0da5a64-cpi_do_hsbc_16761723864-jpg.webp\",\"datePublished\":\"2021-03-18T21:38:33+00:00\",\"dateModified\":\"2021-03-18T22:07:04+00:00\",\"description\":\"O presidente do Banco do Brasil (BBAS3), Andr\u00e9 Brand\u00e3o, entregou hoje pedido de ren\u00fancia ao cargo. Clique aqui para saber mais.\",\"breadcrumb\":{\"@id\":\"https:\/\/www.suno.com.br\/noticias\/andre-brandao-renuncia-banco-do-brasil-bbas3\/#breadcrumb\"},\"inLanguage\":\"pt-BR\",\"potentialAction\":[{\"@type\":\"ReadAction\",\"target\":[\"https:\/\/www.suno.com.br\/noticias\/andre-brandao-renuncia-banco-do-brasil-bbas3\/\"]}]},{\"@type\":\"ImageObject\",\"inLanguage\":\"pt-BR\",\"@id\":\"https:\/\/www.suno.com.br\/noticias\/andre-brandao-renuncia-banco-do-brasil-bbas3\/#primaryimage\",\"url\":\"https:\/\/files.sunoresearch.com.br\/n\/uploads\/2021\/02\/a0da5a64-cpi_do_hsbc_16761723864-jpg.webp\",\"contentUrl\":\"https:\/\/files.sunoresearch.com.br\/n\/uploads\/2021\/02\/a0da5a64-cpi_do_hsbc_16761723864-jpg.webp\",\"width\":1024,\"height\":681,\"caption\":\"Andr\u00e9 Brand\u00e3o, presidente do Banco do Brasil\"},{\"@type\":\"BreadcrumbList\",\"@id\":\"https:\/\/www.suno.com.br\/noticias\/andre-brandao-renuncia-banco-do-brasil-bbas3\/#breadcrumb\",\"itemListElement\":[{\"@type\":\"ListItem\",\"position\":1,\"name\":\"Not\u00edcias\",\"item\":\"https:\/\/www.suno.com.br\/noticias\/\"},{\"@type\":\"ListItem\",\"position\":2,\"name\":\"Neg\u00f3cios\",\"item\":\"https:\/\/www.suno.com.br\/noticias\/negocios\/\"},{\"@type\":\"ListItem\",\"position\":3,\"name\":\"Andr\u00e9 Brand\u00e3o renuncia \u00e0 presid\u00eancia do Banco do Brasil (BBAS3)\"}]},{\"@type\":\"WebSite\",\"@id\":\"https:\/\/www.suno.com.br\/noticias\/#website\",\"url\":\"https:\/\/www.suno.com.br\/noticias\/\",\"name\":\"Suno Not\u00edcias\",\"description\":\"Seu portal de informa\u00e7\u00e3o sobre o mundo dos investimentos\",\"publisher\":{\"@id\":\"https:\/\/www.suno.com.br\/noticias\/#organization\"},\"potentialAction\":[{\"@type\":\"SearchAction\",\"target\":{\"@type\":\"EntryPoint\",\"urlTemplate\":\"https:\/\/www.suno.com.br\/noticias\/?s={search_term_string}\"},\"query-input\":{\"@type\":\"PropertyValueSpecification\",\"valueRequired\":true,\"valueName\":\"search_term_string\"}}],\"inLanguage\":\"pt-BR\"},{\"@type\":\"Organization\",\"@id\":\"https:\/\/www.suno.com.br\/noticias\/#organization\",\"name\":\"Suno Not\u00edcias\",\"url\":\"https:\/\/www.suno.com.br\/noticias\/\",\"logo\":{\"@type\":\"ImageObject\",\"inLanguage\":\"pt-BR\",\"@id\":\"https:\/\/www.suno.com.br\/noticias\/#\/schema\/logo\/image\/\",\"url\":\"https:\/\/files.sunoresearch.com.br\/n\/uploads\/2021\/09\/suno-logo.png\",\"contentUrl\":\"https:\/\/files.sunoresearch.com.br\/n\/uploads\/2021\/09\/suno-logo.png\",\"width\":180,\"height\":180,\"caption\":\"Suno Not\u00edcias\"},\"image\":{\"@id\":\"https:\/\/www.suno.com.br\/noticias\/#\/schema\/logo\/image\/\"},\"sameAs\":[\"https:\/\/facebook.com\/sunoresearch\",\"https:\/\/x.com\/sunoresearch\",\"https:\/\/www.instagram.com\/suno\",\"https:\/\/www.linkedin.com\/company\/suno-research\/\",\"https:\/\/www.youtube.com\/c\/sunoresearch\"]},{\"@type\":\"Person\",\"@id\":\"https:\/\/www.suno.com.br\/noticias\/#\/schema\/person\/053a750a709a263919a20f976caae91c\",\"name\":\"Arthur Guimar\u00e3es\",\"image\":{\"@type\":\"ImageObject\",\"inLanguage\":\"pt-BR\",\"@id\":\"https:\/\/www.suno.com.br\/noticias\/#\/schema\/person\/image\/\",\"url\":\"https:\/\/secure.gravatar.com\/avatar\/1affd86a11209ae09eb6dd3bcad3e96c?s=96&r=g\",\"contentUrl\":\"https:\/\/secure.gravatar.com\/avatar\/1affd86a11209ae09eb6dd3bcad3e96c?s=96&r=g\",\"caption\":\"Arthur Guimar\u00e3es\"},\"description\":\"Arthur Guimar\u00e3es escreve sobre pol\u00edtica, economia e neg\u00f3cios para o portal de not\u00edcias da Suno Research. Atualmente, \u00e9 estudante de jornalismo pela Faculdade C\u00e1sper L\u00edbero.\",\"url\":\"https:\/\/www.suno.com.br\/noticias\/author\/arthur-guimaraes\/\"}]}<\/script>\n<!-- \/ Yoast SEO plugin. -->","yoast_head_json":{"title":"Andr\u00e9 Brand\u00e3o renuncia \u00e0 presid\u00eancia do Banco do Brasil (BBAS3)","description":"O presidente do Banco do Brasil (BBAS3), Andr\u00e9 Brand\u00e3o, entregou hoje pedido de ren\u00fancia ao cargo. Clique aqui para saber mais.","robots":{"index":"index","follow":"follow","max-snippet":"max-snippet:-1","max-image-preview":"max-image-preview:large","max-video-preview":"max-video-preview:-1"},"canonical":"https:\/\/www.suno.com.br\/noticias\/andre-brandao-renuncia-banco-do-brasil-bbas3\/","og_locale":"pt_BR","og_type":"article","og_title":"Andr\u00e9 Brand\u00e3o renuncia \u00e0 presid\u00eancia do Banco do Brasil (BBAS3)","og_description":"O presidente do Banco do Brasil (BBAS3), Andr\u00e9 Brand\u00e3o, entregou hoje pedido de ren\u00fancia ao cargo. Clique aqui para saber mais.","og_url":"https:\/\/www.suno.com.br\/noticias\/andre-brandao-renuncia-banco-do-brasil-bbas3\/","og_site_name":"Suno Not\u00edcias","article_publisher":"https:\/\/facebook.com\/sunoresearch","og_image":[{"width":1024,"height":681,"url":"https:\/\/files.sunoresearch.com.br\/n\/uploads\/2021\/02\/a0da5a64-cpi_do_hsbc_16761723864.jpg","type":"image\/jpeg"}],"author":"Arthur Guimar\u00e3es","twitter_card":"summary_large_image","twitter_creator":"@sunoresearch","twitter_site":"@sunoresearch","twitter_misc":{"Escrito por":"Arthur Guimar\u00e3es","Est. tempo de leitura":"2 minutos"},"schema":{"@context":"https:\/\/schema.org","@graph":[{"@type":"NewsArticle","@id":"https:\/\/www.suno.com.br\/noticias\/andre-brandao-renuncia-banco-do-brasil-bbas3\/#article","isPartOf":{"@id":"https:\/\/www.suno.com.br\/noticias\/andre-brandao-renuncia-banco-do-brasil-bbas3\/"},"author":{"name":"Arthur Guimar\u00e3es","@id":"https:\/\/www.suno.com.br\/noticias\/#\/schema\/person\/053a750a709a263919a20f976caae91c"},"headline":"Andr\u00e9 Brand\u00e3o renuncia \u00e0 presid\u00eancia do Banco do Brasil (BBAS3)","datePublished":"2021-03-18T21:38:33+00:00","dateModified":"2021-03-18T22:07:04+00:00","mainEntityOfPage":{"@id":"https:\/\/www.suno.com.br\/noticias\/andre-brandao-renuncia-banco-do-brasil-bbas3\/"},"wordCount":441,"publisher":{"@id":"https:\/\/www.suno.com.br\/noticias\/#organization"},"image":{"@id":"https:\/\/www.suno.com.br\/noticias\/andre-brandao-renuncia-banco-do-brasil-bbas3\/#primaryimage"},"thumbnailUrl":"https:\/\/files.sunoresearch.com.br\/n\/uploads\/2021\/02\/a0da5a64-cpi_do_hsbc_16761723864-jpg.webp","keywords":["Andr\u00e9 Brand\u00e3o","Banco do Brasil (BBAS3)","Jair Bolsonaro"],"articleSection":["Neg\u00f3cios"],"inLanguage":"pt-BR"},{"@type":"WebPage","@id":"https:\/\/www.suno.com.br\/noticias\/andre-brandao-renuncia-banco-do-brasil-bbas3\/","url":"https:\/\/www.suno.com.br\/noticias\/andre-brandao-renuncia-banco-do-brasil-bbas3\/","name":"Andr\u00e9 Brand\u00e3o renuncia \u00e0 presid\u00eancia do Banco do Brasil (BBAS3)","isPartOf":{"@id":"https:\/\/www.suno.com.br\/noticias\/#website"},"primaryImageOfPage":{"@id":"https:\/\/www.suno.com.br\/noticias\/andre-brandao-renuncia-banco-do-brasil-bbas3\/#primaryimage"},"image":{"@id":"https:\/\/www.suno.com.br\/noticias\/andre-brandao-renuncia-banco-do-brasil-bbas3\/#primaryimage"},"thumbnailUrl":"https:\/\/files.sunoresearch.com.br\/n\/uploads\/2021\/02\/a0da5a64-cpi_do_hsbc_16761723864-jpg.webp","datePublished":"2021-03-18T21:38:33+00:00","dateModified":"2021-03-18T22:07:04+00:00","description":"O presidente do Banco do Brasil (BBAS3), Andr\u00e9 Brand\u00e3o, entregou hoje pedido de ren\u00fancia ao cargo. Clique aqui para saber mais.","breadcrumb":{"@id":"https:\/\/www.suno.com.br\/noticias\/andre-brandao-renuncia-banco-do-brasil-bbas3\/#breadcrumb"},"inLanguage":"pt-BR","potentialAction":[{"@type":"ReadAction","target":["https:\/\/www.suno.com.br\/noticias\/andre-brandao-renuncia-banco-do-brasil-bbas3\/"]}]},{"@type":"ImageObject","inLanguage":"pt-BR","@id":"https:\/\/www.suno.com.br\/noticias\/andre-brandao-renuncia-banco-do-brasil-bbas3\/#primaryimage","url":"https:\/\/files.sunoresearch.com.br\/n\/uploads\/2021\/02\/a0da5a64-cpi_do_hsbc_16761723864-jpg.webp","contentUrl":"https:\/\/files.sunoresearch.com.br\/n\/uploads\/2021\/02\/a0da5a64-cpi_do_hsbc_16761723864-jpg.webp","width":1024,"height":681,"caption":"Andr\u00e9 Brand\u00e3o, presidente do Banco do Brasil"},{"@type":"BreadcrumbList","@id":"https:\/\/www.suno.com.br\/noticias\/andre-brandao-renuncia-banco-do-brasil-bbas3\/#breadcrumb","itemListElement":[{"@type":"ListItem","position":1,"name":"Not\u00edcias","item":"https:\/\/www.suno.com.br\/noticias\/"},{"@type":"ListItem","position":2,"name":"Neg\u00f3cios","item":"https:\/\/www.suno.com.br\/noticias\/negocios\/"},{"@type":"ListItem","position":3,"name":"Andr\u00e9 Brand\u00e3o renuncia \u00e0 presid\u00eancia do Banco do Brasil (BBAS3)"}]},{"@type":"WebSite","@id":"https:\/\/www.suno.com.br\/noticias\/#website","url":"https:\/\/www.suno.com.br\/noticias\/","name":"Suno Not\u00edcias","description":"Seu portal de informa\u00e7\u00e3o sobre o mundo dos investimentos","publisher":{"@id":"https:\/\/www.suno.com.br\/noticias\/#organization"},"potentialAction":[{"@type":"SearchAction","target":{"@type":"EntryPoint","urlTemplate":"https:\/\/www.suno.com.br\/noticias\/?s={search_term_string}"},"query-input":{"@type":"PropertyValueSpecification","valueRequired":true,"valueName":"search_term_string"}}],"inLanguage":"pt-BR"},{"@type":"Organization","@id":"https:\/\/www.suno.com.br\/noticias\/#organization","name":"Suno Not\u00edcias","url":"https:\/\/www.suno.com.br\/noticias\/","logo":{"@type":"ImageObject","inLanguage":"pt-BR","@id":"https:\/\/www.suno.com.br\/noticias\/#\/schema\/logo\/image\/","url":"https:\/\/files.sunoresearch.com.br\/n\/uploads\/2021\/09\/suno-logo.png","contentUrl":"https:\/\/files.sunoresearch.com.br\/n\/uploads\/2021\/09\/suno-logo.png","width":180,"height":180,"caption":"Suno Not\u00edcias"},"image":{"@id":"https:\/\/www.suno.com.br\/noticias\/#\/schema\/logo\/image\/"},"sameAs":["https:\/\/facebook.com\/sunoresearch","https:\/\/x.com\/sunoresearch","https:\/\/www.instagram.com\/suno","https:\/\/www.linkedin.com\/company\/suno-research\/","https:\/\/www.youtube.com\/c\/sunoresearch"]},{"@type":"Person","@id":"https:\/\/www.suno.com.br\/noticias\/#\/schema\/person\/053a750a709a263919a20f976caae91c","name":"Arthur Guimar\u00e3es","image":{"@type":"ImageObject","inLanguage":"pt-BR","@id":"https:\/\/www.suno.com.br\/noticias\/#\/schema\/person\/image\/","url":"https:\/\/secure.gravatar.com\/avatar\/1affd86a11209ae09eb6dd3bcad3e96c?s=96&r=g","contentUrl":"https:\/\/secure.gravatar.com\/avatar\/1affd86a11209ae09eb6dd3bcad3e96c?s=96&r=g","caption":"Arthur Guimar\u00e3es"},"description":"Arthur Guimar\u00e3es escreve sobre pol\u00edtica, economia e neg\u00f3cios para o portal de not\u00edcias da Suno Research. Atualmente, \u00e9 estudante de jornalismo pela Faculdade C\u00e1sper L\u00edbero.","url":"https:\/\/www.suno.com.br\/noticias\/author\/arthur-guimaraes\/"}]}},"default_loop_html":"<div class=\"cardsPage__listCard__boxs\"><div class=\"cardsPage__listCard__boxs__img\"><a href=\"https:\/\/www.suno.com.br\/noticias\/andre-brandao-renuncia-banco-do-brasil-bbas3\/\"><img class=\"mask\" src=\"https:\/\/www.suno.com.br\/noticias\/wp-content\/themes\/suno\/resources\/images\/spotlight\/spotlight1img\/bg-mask.png\" alt=\"Image Mask\"\/><img src=\"https:\/\/files.sunoresearch.com.br\/n\/uploads\/2021\/02\/a0da5a64-cpi_do_hsbc_16761723864-400x200.webp\" alt=\"Andr\u00e9 Brand\u00e3o renuncia \u00e0 presid\u00eancia do Banco do Brasil (BBAS3)\"\/><\/a><span class=\"spotlightCategory\"><a href=\"https:\/\/www.suno.com.br\/noticias\/negocios\/\">Neg\u00f3cios<\/a><\/span><\/div><div class=\"cardsPage__listCard__boxs__content\"><a href=\"https:\/\/www.suno.com.br\/noticias\/andre-brandao-renuncia-banco-do-brasil-bbas3\/\"><h2 class=\"content__title\">Andr\u00e9 Brand\u00e3o renuncia \u00e0 presid\u00eancia do Banco do Brasil (BBAS3)<\/h2><\/a><div class=\"newsContent__article__meta\"><div class=\"newsContent__article__meta__authorBox\"><a href=\"https:\/\/www.suno.com.br\/noticias\/author\/arthur-guimaraes\/\" class=\"authorBox__avatar noMobi\"><img src=\"https:\/\/files.sunoresearch.com.br\/n\/uploads\/2020\/02\/dfb40897-eu-150x150.webp\" alt=\"Arthur Guimar\u00e3es\"><\/a><div class=\"authorBox__name\"><span>por\n\t\t\t<a href=\"https:\/\/www.suno.com.br\/noticias\/author\/arthur-guimaraes\/\"><span itemprop=\"author\">Arthur Guimar\u00e3es<\/span><\/a><\/span><time datetime=\"2021-03-18T18:38:33-03:00\" itemprop=\"datePublished\">18\/03\/2021 18:38<\/time><\/div><\/div><\/div><\/div><\/div>","single_layout":"posts","amp_enabled":true,"_links":{"self":[{"href":"https:\/\/www.suno.com.br\/noticias\/wp-json\/wp\/v2\/posts\/133020"}],"collection":[{"href":"https:\/\/www.suno.com.br\/noticias\/wp-json\/wp\/v2\/posts"}],"about":[{"href":"https:\/\/www.suno.com.br\/noticias\/wp-json\/wp\/v2\/types\/post"}],"author":[{"embeddable":true,"href":"https:\/\/www.suno.com.br\/noticias\/wp-json\/wp\/v2\/users\/35"}],"replies":[{"embeddable":true,"href":"https:\/\/www.suno.com.br\/noticias\/wp-json\/wp\/v2\/comments?post=133020"}],"version-history":[{"count":5,"href":"https:\/\/www.suno.com.br\/noticias\/wp-json\/wp\/v2\/posts\/133020\/revisions"}],"predecessor-version":[{"id":133043,"href":"https:\/\/www.suno.com.br\/noticias\/wp-json\/wp\/v2\/posts\/133020\/revisions\/133043"}],"wp:featuredmedia":[{"embeddable":true,"href":"https:\/\/www.suno.com.br\/noticias\/wp-json\/wp\/v2\/media\/127173"}],"wp:attachment":[{"href":"https:\/\/www.suno.com.br\/noticias\/wp-json\/wp\/v2\/media?parent=133020"}],"wp:term":[{"taxonomy":"category","embeddable":true,"href":"https:\/\/www.suno.com.br\/noticias\/wp-json\/wp\/v2\/categories?post=133020"},{"taxonomy":"post_tag","embeddable":true,"href":"https:\/\/www.suno.com.br\/noticias\/wp-json\/wp\/v2\/tags?post=133020"},{"taxonomy":"suno_strategy","embeddable":true,"href":"https:\/\/www.suno.com.br\/noticias\/wp-json\/wp\/v2\/suno_strategy?post=133020"}],"curies":[{"name":"wp","href":"https:\/\/api.w.org\/{rel}","templated":true}]}}