{"id":13289,"date":"2019-01-29T08:25:03","date_gmt":"2019-01-29T10:25:03","guid":{"rendered":"https:\/\/www.suno.com.br\/noticias\/?p=13289"},"modified":"2019-01-29T08:43:24","modified_gmt":"2019-01-29T10:43:24","slug":"engenheiros-seguranca-vale-presos","status":"publish","type":"post","link":"https:\/\/www.suno.com.br\/noticias\/engenheiros-seguranca-vale-presos\/","title":{"rendered":"Engenheiros que atestaram seguran\u00e7a de barragem da Vale s\u00e3o presos"},"content":{"rendered":"<p>Cinco pessoas foram presas nesta ter\u00e7a-feira (29), suspeitas de atestar seguran\u00e7a na barragem 1 da mina C\u00f3rrego do Feij\u00e3o, da mineradora Vale S.A. (VALE3) em <strong>Brumadinho<\/strong>.<\/p>\t<div class=\"wrapper-featured-image\">\n\t\t<figure class=\"spotlightImg\">\n\n\t\t\t<picture>\n\t\t\t\t<source media=\"(max-width: 768px)\" srcset=\"https:\/\/files.sunoresearch.com.br\/n\/uploads\/2018\/12\/bd6f7585-vale-400x200.webp\">\n\t\t\t\t<img loading=\"lazy\" decoding=\"async\" class=\"newsContent__article__imgCapa lazyloadDisabled newsContent__article__imgCapa--noCaption\" src=\"https:\/\/files.sunoresearch.com.br\/n\/uploads\/2018\/12\/bd6f7585-vale-jpg.webp\" width=\"800\" height=\"450\" alt=\"Engenheiros que atestaram seguran\u00e7a de barragem da Vale s\u00e3o presos\" fetchpriority=high \/>\n\t\t\t<\/picture>\n\n\t\t\t<figcaption class=\"wp-caption-text wp-caption-text--hide\">O MPF ajuizou na semana passado uma a\u00e7\u00e3o civil p\u00fablica pedindo uma interven\u00e7\u00e3o na Vale (VALE3)<\/figcaption>\n\t\t<\/figure>\n\t<\/div>\n\n\n<p>Dois <strong>engenheiros<\/strong> que prestaram servi\u00e7o \u00e0 mineradora Vale foram presos em S\u00e3o Paulo. Enquanto em Minas Gerais, tr\u00eas funcion\u00e1rios da <strong>Vale<\/strong> foram presos.<\/p>\n<p>Os engenheiros presos em <strong>S\u00e3o Paulo<\/strong>, Andr\u00e9 Yassuda e Makoto Namba, foram levados para a sede da Pol\u00edcia Civil e dever\u00e3o ser encaminhados em seguida para <strong>Minas Gerais<\/strong>, de acordo com o G1.<\/p>\n<p>Expedidas no domingo (27), as ordens da Justi\u00e7a s\u00e3o de pris\u00e3o tempor\u00e1ria, com validade de 30 dias.<\/p>\n<p>A companhia informou que\u00a0&#8220;est\u00e1 colaborando plenamente com as <strong>autoridades<\/strong>&#8220;, por meio de nova. &#8220;A <strong>Vale<\/strong> permanecer\u00e1 contribuindo com as investiga\u00e7\u00f5es para a apura\u00e7\u00e3o dos fatos, juntamente com o <strong>apoio incondicional<\/strong> \u00e0s fam\u00edlias atingidas&#8221;, completou a empresa.<\/p>\n<p>As a\u00e7\u00f5es em S\u00e3o Paulo, parte de uma opera\u00e7\u00e3o que tamb\u00e9m se desenvolve em Minas Gerais, s\u00e3o coordenadas por promotores do n\u00facleo da capital do Grupo de Atua\u00e7\u00e3o Especial de Combate ao Crime Organizado (GAECO) do Minist\u00e9rio P\u00fablico de S\u00e3o Paulo (MPSP), e pelo Departamento de Capturas (DECADE) da Pol\u00edcia Civil paulista.<\/p>\n<p><a href=\"https:\/\/www.suno.com.br\/noticias\/somente-3-barragens-brasil-foram-vistoriadas\/\">Saiba mais &#8211;\u00a0Somente 3% das barragens no Brasil foram vistoriadas\u00a0<\/a><\/p>\n<p><a href=\"https:\/\/www.suno.com.br\/noticias\/cvm-investiga-comunicacao-vale-brumadinho\/\">Saiba mais &#8211;\u00a0CVM investiga comunica\u00e7\u00e3o da Vale sobre Brumadinho<\/a><\/p>\n<h2>Suspeita de documento fraudado<\/h2>\n<p>A Pol\u00edcia Federal de S\u00e3o Paulo tamb\u00e9m participa da opera\u00e7\u00e3o, e est\u00e1 cumprindo nesta manh\u00e3 dois mandados de busca e apreens\u00e3o em <strong>empresas<\/strong> que prestaram <strong>servi\u00e7os<\/strong> para a <strong>Vale<\/strong>.<\/p>\n<p>Os nomes das empresas n\u00e3o foram divulgados, conforme o G1.<\/p>\n<p>O Minist\u00e9rio P\u00fablico e a Pol\u00edcia Civil apuram se foram fraudados os documentos t\u00e9cnicos, feitos por empresas contratadas pela <strong>Vale<\/strong> que atestavam a seguran\u00e7a da <strong>barragem rompida<\/strong>.<\/p>\n<p><a href=\"https:\/\/www.suno.com.br\/noticias\/dodge-vale-brumadinho\/\">Saiba mais &#8211;\u00a0Dodge cogita responsabilizar executivos da Vale por caso Brumadinho\u00a0<\/a><\/p>\n<p>A opera\u00e7\u00e3o \u00e9 coordenada por policiais, promotores e procuradores de Minas Gerais. A for\u00e7a-tarefa envolve a Pol\u00edcia Federal, o Minist\u00e9rio P\u00fablico Estadual e Federal e a Pol\u00edcia Civil.<\/p>\n<p>Na noite de segunda-feira (28), a Defesa Civil de Minas Gerais informou que\u00a0 <strong>65 mortes<\/strong> foram confirmadas, enquanto 279 pessoas continuavam desaparecidas, ap\u00f3s a trag\u00e9dia provocada pelo rompimento da barragem da mineradora <strong>Vale<\/strong>. Nesta ter\u00e7a-feira, come\u00e7a o quinto dia de buscas no local.<\/p>\n","protected":false},"excerpt":{"rendered":"<p>Cinco pessoas foram presas nesta ter\u00e7a-feira (29), suspeitas de atestar seguran\u00e7a na barragem 1 da mina C\u00f3rrego do Feij\u00e3o, da mineradora Vale S.A. (VALE3) em Brumadinho. O MPF ajuizou na semana passado uma a\u00e7\u00e3o civil p\u00fablica pedindo uma interven\u00e7\u00e3o na Vale (VALE3) Dois engenheiros que prestaram servi\u00e7o \u00e0 mineradora Vale foram presos em S\u00e3o Paulo. [&hellip;]<\/p>\n","protected":false},"author":12,"featured_media":7967,"comment_status":"closed","ping_status":"closed","sticky":false,"template":"","format":"standard","meta":[],"categories":[64],"tags":[676],"suno_strategy":[],"class_list":["post-13289","post","type-post","status-publish","format-standard","has-post-thumbnail","hentry","category-negocios","tag-vale-vale3"],"yoast_head":"<!-- This site is optimized with the Yoast SEO plugin v24.4 - https:\/\/yoast.com\/wordpress\/plugins\/seo\/ -->\n<title>Engenheiros que atestaram seguran\u00e7a de barragem da Vale s\u00e3o presos<\/title>\n<meta name=\"description\" content=\"Engenheiros que atestaram a seguran\u00e7a da barragem rompida da Vale S.A., em Brumadinho (MG), foram presos. Clique para saber mais.\" \/>\n<meta name=\"robots\" content=\"index, follow, max-snippet:-1, max-image-preview:large, max-video-preview:-1\" \/>\n<link rel=\"canonical\" href=\"https:\/\/www.suno.com.br\/noticias\/engenheiros-seguranca-vale-presos\/\" \/>\n<meta property=\"og:locale\" content=\"pt_BR\" \/>\n<meta property=\"og:type\" content=\"article\" \/>\n<meta property=\"og:title\" content=\"Engenheiros que atestaram seguran\u00e7a de barragem da Vale s\u00e3o presos\" \/>\n<meta property=\"og:description\" content=\"Engenheiros que atestaram a seguran\u00e7a da barragem rompida da Vale S.A., em Brumadinho (MG), foram presos. Clique para saber mais.\" \/>\n<meta property=\"og:url\" content=\"https:\/\/www.suno.com.br\/noticias\/engenheiros-seguranca-vale-presos\/\" \/>\n<meta property=\"og:site_name\" content=\"Suno Not\u00edcias\" \/>\n<meta property=\"article:publisher\" content=\"https:\/\/facebook.com\/sunoresearch\" \/>\n<meta property=\"og:image\" content=\"https:\/\/files.sunoresearch.com.br\/n\/uploads\/2018\/12\/bd6f7585-vale.jpg\" \/>\n\t<meta property=\"og:image:width\" content=\"624\" \/>\n\t<meta property=\"og:image:height\" content=\"416\" \/>\n\t<meta property=\"og:image:type\" content=\"image\/jpeg\" \/>\n<meta name=\"author\" content=\"Amanda Gushiken\" \/>\n<meta name=\"twitter:card\" content=\"summary_large_image\" \/>\n<meta name=\"twitter:creator\" content=\"@sunoresearch\" \/>\n<meta name=\"twitter:site\" content=\"@sunoresearch\" \/>\n<meta name=\"twitter:label1\" content=\"Escrito por\" \/>\n\t<meta name=\"twitter:data1\" content=\"Amanda Gushiken\" \/>\n\t<meta name=\"twitter:label2\" content=\"Est. tempo de leitura\" \/>\n\t<meta name=\"twitter:data2\" content=\"2 minutos\" \/>\n<script type=\"application\/ld+json\" class=\"yoast-schema-graph\">{\"@context\":\"https:\/\/schema.org\",\"@graph\":[{\"@type\":\"NewsArticle\",\"@id\":\"https:\/\/www.suno.com.br\/noticias\/engenheiros-seguranca-vale-presos\/#article\",\"isPartOf\":{\"@id\":\"https:\/\/www.suno.com.br\/noticias\/engenheiros-seguranca-vale-presos\/\"},\"author\":{\"name\":\"Amanda Gushiken\",\"@id\":\"https:\/\/www.suno.com.br\/noticias\/#\/schema\/person\/a5b06fa4e879d8e8e119c6ed3cd630d1\"},\"headline\":\"Engenheiros que atestaram seguran\u00e7a de barragem da Vale s\u00e3o presos\",\"datePublished\":\"2019-01-29T10:25:03+00:00\",\"dateModified\":\"2019-01-29T10:43:24+00:00\",\"mainEntityOfPage\":{\"@id\":\"https:\/\/www.suno.com.br\/noticias\/engenheiros-seguranca-vale-presos\/\"},\"wordCount\":417,\"publisher\":{\"@id\":\"https:\/\/www.suno.com.br\/noticias\/#organization\"},\"image\":{\"@id\":\"https:\/\/www.suno.com.br\/noticias\/engenheiros-seguranca-vale-presos\/#primaryimage\"},\"thumbnailUrl\":\"https:\/\/files.sunoresearch.com.br\/n\/uploads\/2018\/12\/bd6f7585-vale-jpg.webp\",\"keywords\":[\"Vale (VALE3)\"],\"articleSection\":[\"Neg\u00f3cios\"],\"inLanguage\":\"pt-BR\"},{\"@type\":\"WebPage\",\"@id\":\"https:\/\/www.suno.com.br\/noticias\/engenheiros-seguranca-vale-presos\/\",\"url\":\"https:\/\/www.suno.com.br\/noticias\/engenheiros-seguranca-vale-presos\/\",\"name\":\"Engenheiros que atestaram seguran\u00e7a de barragem da Vale s\u00e3o presos\",\"isPartOf\":{\"@id\":\"https:\/\/www.suno.com.br\/noticias\/#website\"},\"primaryImageOfPage\":{\"@id\":\"https:\/\/www.suno.com.br\/noticias\/engenheiros-seguranca-vale-presos\/#primaryimage\"},\"image\":{\"@id\":\"https:\/\/www.suno.com.br\/noticias\/engenheiros-seguranca-vale-presos\/#primaryimage\"},\"thumbnailUrl\":\"https:\/\/files.sunoresearch.com.br\/n\/uploads\/2018\/12\/bd6f7585-vale-jpg.webp\",\"datePublished\":\"2019-01-29T10:25:03+00:00\",\"dateModified\":\"2019-01-29T10:43:24+00:00\",\"description\":\"Engenheiros que atestaram a seguran\u00e7a da barragem rompida da Vale S.A., em Brumadinho (MG), foram presos. Clique para saber mais.\",\"breadcrumb\":{\"@id\":\"https:\/\/www.suno.com.br\/noticias\/engenheiros-seguranca-vale-presos\/#breadcrumb\"},\"inLanguage\":\"pt-BR\",\"potentialAction\":[{\"@type\":\"ReadAction\",\"target\":[\"https:\/\/www.suno.com.br\/noticias\/engenheiros-seguranca-vale-presos\/\"]}]},{\"@type\":\"ImageObject\",\"inLanguage\":\"pt-BR\",\"@id\":\"https:\/\/www.suno.com.br\/noticias\/engenheiros-seguranca-vale-presos\/#primaryimage\",\"url\":\"https:\/\/files.sunoresearch.com.br\/n\/uploads\/2018\/12\/bd6f7585-vale-jpg.webp\",\"contentUrl\":\"https:\/\/files.sunoresearch.com.br\/n\/uploads\/2018\/12\/bd6f7585-vale-jpg.webp\",\"width\":624,\"height\":416,\"caption\":\"O MPF ajuizou na semana passado uma a\u00e7\u00e3o civil p\u00fablica pedindo uma interven\u00e7\u00e3o na Vale (VALE3)\"},{\"@type\":\"BreadcrumbList\",\"@id\":\"https:\/\/www.suno.com.br\/noticias\/engenheiros-seguranca-vale-presos\/#breadcrumb\",\"itemListElement\":[{\"@type\":\"ListItem\",\"position\":1,\"name\":\"Not\u00edcias\",\"item\":\"https:\/\/www.suno.com.br\/noticias\/\"},{\"@type\":\"ListItem\",\"position\":2,\"name\":\"Neg\u00f3cios\",\"item\":\"https:\/\/www.suno.com.br\/noticias\/negocios\/\"},{\"@type\":\"ListItem\",\"position\":3,\"name\":\"Engenheiros que atestaram seguran\u00e7a de barragem da Vale s\u00e3o presos\"}]},{\"@type\":\"WebSite\",\"@id\":\"https:\/\/www.suno.com.br\/noticias\/#website\",\"url\":\"https:\/\/www.suno.com.br\/noticias\/\",\"name\":\"Suno Not\u00edcias\",\"description\":\"Seu portal de informa\u00e7\u00e3o sobre o mundo dos investimentos\",\"publisher\":{\"@id\":\"https:\/\/www.suno.com.br\/noticias\/#organization\"},\"potentialAction\":[{\"@type\":\"SearchAction\",\"target\":{\"@type\":\"EntryPoint\",\"urlTemplate\":\"https:\/\/www.suno.com.br\/noticias\/?s={search_term_string}\"},\"query-input\":{\"@type\":\"PropertyValueSpecification\",\"valueRequired\":true,\"valueName\":\"search_term_string\"}}],\"inLanguage\":\"pt-BR\"},{\"@type\":\"Organization\",\"@id\":\"https:\/\/www.suno.com.br\/noticias\/#organization\",\"name\":\"Suno Not\u00edcias\",\"url\":\"https:\/\/www.suno.com.br\/noticias\/\",\"logo\":{\"@type\":\"ImageObject\",\"inLanguage\":\"pt-BR\",\"@id\":\"https:\/\/www.suno.com.br\/noticias\/#\/schema\/logo\/image\/\",\"url\":\"https:\/\/files.sunoresearch.com.br\/n\/uploads\/2021\/09\/suno-logo.png\",\"contentUrl\":\"https:\/\/files.sunoresearch.com.br\/n\/uploads\/2021\/09\/suno-logo.png\",\"width\":180,\"height\":180,\"caption\":\"Suno Not\u00edcias\"},\"image\":{\"@id\":\"https:\/\/www.suno.com.br\/noticias\/#\/schema\/logo\/image\/\"},\"sameAs\":[\"https:\/\/facebook.com\/sunoresearch\",\"https:\/\/x.com\/sunoresearch\",\"https:\/\/www.instagram.com\/suno\",\"https:\/\/www.linkedin.com\/company\/suno-research\/\",\"https:\/\/www.youtube.com\/c\/sunoresearch\"]},{\"@type\":\"Person\",\"@id\":\"https:\/\/www.suno.com.br\/noticias\/#\/schema\/person\/a5b06fa4e879d8e8e119c6ed3cd630d1\",\"name\":\"Amanda Gushiken\",\"image\":{\"@type\":\"ImageObject\",\"inLanguage\":\"pt-BR\",\"@id\":\"https:\/\/www.suno.com.br\/noticias\/#\/schema\/person\/image\/\",\"url\":\"https:\/\/secure.gravatar.com\/avatar\/ecd84705e6b65e3685ae80d725501fbe?s=96&r=g\",\"contentUrl\":\"https:\/\/secure.gravatar.com\/avatar\/ecd84705e6b65e3685ae80d725501fbe?s=96&r=g\",\"caption\":\"Amanda Gushiken\"},\"description\":\"Amanda Sayuri Gushiken escreve sobre finan\u00e7as e neg\u00f3cios para o portal Suno Not\u00edcias. Antes, trabalhou selecionando not\u00edcias da imprensa para clientes do mercado financeiro. Tamb\u00e9m desenvolveu pesquisa acad\u00eamica pela Universidade Anhembi Morumbi na \u00e1rea de Teorias da Comunica\u00e7\u00e3o e \u00e9 fot\u00f3grafa nas horas vagas.\",\"url\":\"https:\/\/www.suno.com.br\/noticias\/author\/amanda\/\"}]}<\/script>\n<!-- \/ Yoast SEO plugin. -->","yoast_head_json":{"title":"Engenheiros que atestaram seguran\u00e7a de barragem da Vale s\u00e3o presos","description":"Engenheiros que atestaram a seguran\u00e7a da barragem rompida da Vale S.A., em Brumadinho (MG), foram presos. Clique para saber mais.","robots":{"index":"index","follow":"follow","max-snippet":"max-snippet:-1","max-image-preview":"max-image-preview:large","max-video-preview":"max-video-preview:-1"},"canonical":"https:\/\/www.suno.com.br\/noticias\/engenheiros-seguranca-vale-presos\/","og_locale":"pt_BR","og_type":"article","og_title":"Engenheiros que atestaram seguran\u00e7a de barragem da Vale s\u00e3o presos","og_description":"Engenheiros que atestaram a seguran\u00e7a da barragem rompida da Vale S.A., em Brumadinho (MG), foram presos. Clique para saber mais.","og_url":"https:\/\/www.suno.com.br\/noticias\/engenheiros-seguranca-vale-presos\/","og_site_name":"Suno Not\u00edcias","article_publisher":"https:\/\/facebook.com\/sunoresearch","og_image":[{"width":624,"height":416,"url":"https:\/\/files.sunoresearch.com.br\/n\/uploads\/2018\/12\/bd6f7585-vale.jpg","type":"image\/jpeg"}],"author":"Amanda Gushiken","twitter_card":"summary_large_image","twitter_creator":"@sunoresearch","twitter_site":"@sunoresearch","twitter_misc":{"Escrito por":"Amanda Gushiken","Est. tempo de leitura":"2 minutos"},"schema":{"@context":"https:\/\/schema.org","@graph":[{"@type":"NewsArticle","@id":"https:\/\/www.suno.com.br\/noticias\/engenheiros-seguranca-vale-presos\/#article","isPartOf":{"@id":"https:\/\/www.suno.com.br\/noticias\/engenheiros-seguranca-vale-presos\/"},"author":{"name":"Amanda Gushiken","@id":"https:\/\/www.suno.com.br\/noticias\/#\/schema\/person\/a5b06fa4e879d8e8e119c6ed3cd630d1"},"headline":"Engenheiros que atestaram seguran\u00e7a de barragem da Vale s\u00e3o presos","datePublished":"2019-01-29T10:25:03+00:00","dateModified":"2019-01-29T10:43:24+00:00","mainEntityOfPage":{"@id":"https:\/\/www.suno.com.br\/noticias\/engenheiros-seguranca-vale-presos\/"},"wordCount":417,"publisher":{"@id":"https:\/\/www.suno.com.br\/noticias\/#organization"},"image":{"@id":"https:\/\/www.suno.com.br\/noticias\/engenheiros-seguranca-vale-presos\/#primaryimage"},"thumbnailUrl":"https:\/\/files.sunoresearch.com.br\/n\/uploads\/2018\/12\/bd6f7585-vale-jpg.webp","keywords":["Vale (VALE3)"],"articleSection":["Neg\u00f3cios"],"inLanguage":"pt-BR"},{"@type":"WebPage","@id":"https:\/\/www.suno.com.br\/noticias\/engenheiros-seguranca-vale-presos\/","url":"https:\/\/www.suno.com.br\/noticias\/engenheiros-seguranca-vale-presos\/","name":"Engenheiros que atestaram seguran\u00e7a de barragem da Vale s\u00e3o presos","isPartOf":{"@id":"https:\/\/www.suno.com.br\/noticias\/#website"},"primaryImageOfPage":{"@id":"https:\/\/www.suno.com.br\/noticias\/engenheiros-seguranca-vale-presos\/#primaryimage"},"image":{"@id":"https:\/\/www.suno.com.br\/noticias\/engenheiros-seguranca-vale-presos\/#primaryimage"},"thumbnailUrl":"https:\/\/files.sunoresearch.com.br\/n\/uploads\/2018\/12\/bd6f7585-vale-jpg.webp","datePublished":"2019-01-29T10:25:03+00:00","dateModified":"2019-01-29T10:43:24+00:00","description":"Engenheiros que atestaram a seguran\u00e7a da barragem rompida da Vale S.A., em Brumadinho (MG), foram presos. Clique para saber mais.","breadcrumb":{"@id":"https:\/\/www.suno.com.br\/noticias\/engenheiros-seguranca-vale-presos\/#breadcrumb"},"inLanguage":"pt-BR","potentialAction":[{"@type":"ReadAction","target":["https:\/\/www.suno.com.br\/noticias\/engenheiros-seguranca-vale-presos\/"]}]},{"@type":"ImageObject","inLanguage":"pt-BR","@id":"https:\/\/www.suno.com.br\/noticias\/engenheiros-seguranca-vale-presos\/#primaryimage","url":"https:\/\/files.sunoresearch.com.br\/n\/uploads\/2018\/12\/bd6f7585-vale-jpg.webp","contentUrl":"https:\/\/files.sunoresearch.com.br\/n\/uploads\/2018\/12\/bd6f7585-vale-jpg.webp","width":624,"height":416,"caption":"O MPF ajuizou na semana passado uma a\u00e7\u00e3o civil p\u00fablica pedindo uma interven\u00e7\u00e3o na Vale (VALE3)"},{"@type":"BreadcrumbList","@id":"https:\/\/www.suno.com.br\/noticias\/engenheiros-seguranca-vale-presos\/#breadcrumb","itemListElement":[{"@type":"ListItem","position":1,"name":"Not\u00edcias","item":"https:\/\/www.suno.com.br\/noticias\/"},{"@type":"ListItem","position":2,"name":"Neg\u00f3cios","item":"https:\/\/www.suno.com.br\/noticias\/negocios\/"},{"@type":"ListItem","position":3,"name":"Engenheiros que atestaram seguran\u00e7a de barragem da Vale s\u00e3o presos"}]},{"@type":"WebSite","@id":"https:\/\/www.suno.com.br\/noticias\/#website","url":"https:\/\/www.suno.com.br\/noticias\/","name":"Suno Not\u00edcias","description":"Seu portal de informa\u00e7\u00e3o sobre o mundo dos investimentos","publisher":{"@id":"https:\/\/www.suno.com.br\/noticias\/#organization"},"potentialAction":[{"@type":"SearchAction","target":{"@type":"EntryPoint","urlTemplate":"https:\/\/www.suno.com.br\/noticias\/?s={search_term_string}"},"query-input":{"@type":"PropertyValueSpecification","valueRequired":true,"valueName":"search_term_string"}}],"inLanguage":"pt-BR"},{"@type":"Organization","@id":"https:\/\/www.suno.com.br\/noticias\/#organization","name":"Suno Not\u00edcias","url":"https:\/\/www.suno.com.br\/noticias\/","logo":{"@type":"ImageObject","inLanguage":"pt-BR","@id":"https:\/\/www.suno.com.br\/noticias\/#\/schema\/logo\/image\/","url":"https:\/\/files.sunoresearch.com.br\/n\/uploads\/2021\/09\/suno-logo.png","contentUrl":"https:\/\/files.sunoresearch.com.br\/n\/uploads\/2021\/09\/suno-logo.png","width":180,"height":180,"caption":"Suno Not\u00edcias"},"image":{"@id":"https:\/\/www.suno.com.br\/noticias\/#\/schema\/logo\/image\/"},"sameAs":["https:\/\/facebook.com\/sunoresearch","https:\/\/x.com\/sunoresearch","https:\/\/www.instagram.com\/suno","https:\/\/www.linkedin.com\/company\/suno-research\/","https:\/\/www.youtube.com\/c\/sunoresearch"]},{"@type":"Person","@id":"https:\/\/www.suno.com.br\/noticias\/#\/schema\/person\/a5b06fa4e879d8e8e119c6ed3cd630d1","name":"Amanda Gushiken","image":{"@type":"ImageObject","inLanguage":"pt-BR","@id":"https:\/\/www.suno.com.br\/noticias\/#\/schema\/person\/image\/","url":"https:\/\/secure.gravatar.com\/avatar\/ecd84705e6b65e3685ae80d725501fbe?s=96&r=g","contentUrl":"https:\/\/secure.gravatar.com\/avatar\/ecd84705e6b65e3685ae80d725501fbe?s=96&r=g","caption":"Amanda Gushiken"},"description":"Amanda Sayuri Gushiken escreve sobre finan\u00e7as e neg\u00f3cios para o portal Suno Not\u00edcias. Antes, trabalhou selecionando not\u00edcias da imprensa para clientes do mercado financeiro. Tamb\u00e9m desenvolveu pesquisa acad\u00eamica pela Universidade Anhembi Morumbi na \u00e1rea de Teorias da Comunica\u00e7\u00e3o e \u00e9 fot\u00f3grafa nas horas vagas.","url":"https:\/\/www.suno.com.br\/noticias\/author\/amanda\/"}]}},"default_loop_html":"<div class=\"cardsPage__listCard__boxs\"><div class=\"cardsPage__listCard__boxs__img\"><a href=\"https:\/\/www.suno.com.br\/noticias\/engenheiros-seguranca-vale-presos\/\"><img class=\"mask\" src=\"https:\/\/www.suno.com.br\/noticias\/wp-content\/themes\/suno\/resources\/images\/spotlight\/spotlight1img\/bg-mask.png\" alt=\"Image Mask\"\/><img src=\"https:\/\/files.sunoresearch.com.br\/n\/uploads\/2018\/12\/bd6f7585-vale-400x200.webp\" alt=\"Engenheiros que atestaram seguran\u00e7a de barragem da Vale s\u00e3o presos\"\/><\/a><span class=\"spotlightCategory\"><a href=\"https:\/\/www.suno.com.br\/noticias\/negocios\/\">Neg\u00f3cios<\/a><\/span><\/div><div class=\"cardsPage__listCard__boxs__content\"><a href=\"https:\/\/www.suno.com.br\/noticias\/engenheiros-seguranca-vale-presos\/\"><h2 class=\"content__title\">Engenheiros que atestaram seguran\u00e7a de barragem da Vale s\u00e3o presos<\/h2><\/a><div class=\"newsContent__article__meta\"><div class=\"newsContent__article__meta__authorBox\"><a href=\"https:\/\/www.suno.com.br\/noticias\/author\/amanda\/\" class=\"authorBox__avatar noMobi\"><img src=\"https:\/\/files.sunoresearch.com.br\/n\/uploads\/2018\/11\/c6ad30be-amanda-150x150.webp\" alt=\"Amanda Gushiken\"><\/a><div class=\"authorBox__name\"><span>por\n\t\t\t<a href=\"https:\/\/www.suno.com.br\/noticias\/author\/amanda\/\"><span itemprop=\"author\">Amanda Gushiken<\/span><\/a><\/span><time datetime=\"2019-01-29T08:25:03-02:00\" itemprop=\"datePublished\">29\/01\/2019 08:25<\/time><\/div><\/div><\/div><\/div><\/div>","single_layout":"posts","amp_enabled":true,"_links":{"self":[{"href":"https:\/\/www.suno.com.br\/noticias\/wp-json\/wp\/v2\/posts\/13289"}],"collection":[{"href":"https:\/\/www.suno.com.br\/noticias\/wp-json\/wp\/v2\/posts"}],"about":[{"href":"https:\/\/www.suno.com.br\/noticias\/wp-json\/wp\/v2\/types\/post"}],"author":[{"embeddable":true,"href":"https:\/\/www.suno.com.br\/noticias\/wp-json\/wp\/v2\/users\/12"}],"replies":[{"embeddable":true,"href":"https:\/\/www.suno.com.br\/noticias\/wp-json\/wp\/v2\/comments?post=13289"}],"version-history":[{"count":0,"href":"https:\/\/www.suno.com.br\/noticias\/wp-json\/wp\/v2\/posts\/13289\/revisions"}],"wp:featuredmedia":[{"embeddable":true,"href":"https:\/\/www.suno.com.br\/noticias\/wp-json\/wp\/v2\/media\/7967"}],"wp:attachment":[{"href":"https:\/\/www.suno.com.br\/noticias\/wp-json\/wp\/v2\/media?parent=13289"}],"wp:term":[{"taxonomy":"category","embeddable":true,"href":"https:\/\/www.suno.com.br\/noticias\/wp-json\/wp\/v2\/categories?post=13289"},{"taxonomy":"post_tag","embeddable":true,"href":"https:\/\/www.suno.com.br\/noticias\/wp-json\/wp\/v2\/tags?post=13289"},{"taxonomy":"suno_strategy","embeddable":true,"href":"https:\/\/www.suno.com.br\/noticias\/wp-json\/wp\/v2\/suno_strategy?post=13289"}],"curies":[{"name":"wp","href":"https:\/\/api.w.org\/{rel}","templated":true}]}}