{"id":132759,"date":"2021-03-18T07:55:11","date_gmt":"2021-03-18T10:55:11","guid":{"rendered":"https:\/\/www.suno.com.br\/noticias\/?p=132759"},"modified":"2021-03-18T08:04:56","modified_gmt":"2021-03-18T11:04:56","slug":"lagarde-atividade-da-zona-do-euro-recuperacao","status":"publish","type":"post","link":"https:\/\/www.suno.com.br\/noticias\/lagarde-atividade-da-zona-do-euro-recuperacao\/","title":{"rendered":"Zona do euro: Atividade deve ter &#8220;firme recupera\u00e7\u00e3o&#8221; no 2\u00ba semestre, diz Lagarde"},"content":{"rendered":"<p>A presidente do <a href=\"https:\/\/www.suno.com.br\/artigos\/bce\/\" target=\"_blank\" rel=\"noopener noreferrer\">Banco Central Europeu (BCE)<\/a>, Christine Lagarde, disse nesta quinta-feira que a expectativa \u00e9 que a atividade econ\u00f4mica da<strong> zona do euro<\/strong> tenha uma firme recupera\u00e7\u00e3o no segundo semestre de 2021, diante das atuais campanhas de vacina\u00e7\u00e3o contra a covid-19 e com a gradual retirada de medidas de bloqueio motivadas pela doen\u00e7a.<\/p>\t<div class=\"wrapper-featured-image\">\n\t\t<figure class=\"spotlightImg\">\n\n\t\t\t<picture>\n\t\t\t\t<source media=\"(max-width: 768px)\" srcset=\"https:\/\/files.sunoresearch.com.br\/n\/uploads\/2021\/02\/38b7b46d-investidoresdevarejo-400x200.gif\">\n\t\t\t\t<img loading=\"lazy\" decoding=\"async\" class=\"newsContent__article__imgCapa lazyloadDisabled \" src=\"https:\/\/files.sunoresearch.com.br\/n\/uploads\/2021\/02\/38b7b46d-investidoresdevarejo.gif\" width=\"800\" height=\"450\" alt=\"Zona do euro: Atividade deve ter &#8220;firme recupera\u00e7\u00e3o&#8221; no 2\u00ba semestre, diz Lagarde\" fetchpriority=high \/>\n\t\t\t<\/picture>\n\n\t\t\t<figcaption class=\"wp-caption-text wp-caption-text--show\">Ap\u00f3s caso GameStop, ag\u00eancia europeia alerta investidores de varejo<\/figcaption>\n\t\t<\/figure>\n\t<\/div>\n\n\n<p><span style=\"font-weight: 400;\">\t<p>\n\t\t<a href=\"https:\/\/lp.suno.com.br\/planilha-controle-gastos\/\" target=\"_blank\" data-element=\"shortcode-suno-banner\" title=\"Banner SUNO, clique e saiba mais\">\n\t\t\t<picture>\n\t\t\t\t<source media=\"(max-width: 500px)\" srcset=\"https:\/\/files.sunoresearch.com.br\/n\/uploads\/2023\/03\/400x300-Planilha-controle-de-gastos.png\">\n\t\t\t\t<img class=\"newsContent__article__imgCapa newsContent__article__imgCapa--banner\"\n\t\t\t\t\tsrc=\"https:\/\/files.sunoresearch.com.br\/n\/uploads\/2023\/03\/1420x240-Planilha-controle-de-gastos.png\"\n\t\t\t\t\tdata-promo-id=\"101751\"\t\t\t\t\t\t\t\t\t\twidth='1420' height='240'\t\t\t\t\talt=\"https:\/\/files.sunoresearch.com.br\/n\/uploads\/2023\/03\/1420x240-Planilha-controle-de-gastos.png\"\n\t\t\t\t>\n\t\t\t<\/picture>\n\t\t<\/a>\n\t<\/p>\n\n<\/span><\/p>\n<p>Em discurso introdut\u00f3rio para a reuni\u00e3o do Comit\u00ea para Assuntos Econ\u00f4micos e Monet\u00e1rios do Parlamento Europeu, <strong>Lagarde<\/strong> disse que os riscos para a perspectiva de crescimento do bloco no m\u00e9dio prazo ficaram mais equilibrados, mas ressaltou que os riscos de curto prazo ainda s\u00e3o negativos.<\/p>\n<p>Lagarde tamb\u00e9m reiterou que o<strong> BCE<\/strong> implementar\u00e1 compras de ativos por meio do programa emergencial conhecido como PEPP &#8220;de forma flex\u00edvel e de acordo com as condi\u00e7\u00f5es de mercado&#8221;. Na semana passada, o BCE anunciou que ir\u00e1 acelerar essas compras na zona do euro nos pr\u00f3ximos meses.<\/p>\n<p><span style=\"font-weight: 400;\">\u00a0<\/span><a href=\"https:\/\/lp.suno.com.br\/suno-one\/?ppp=noticias\/hospital-care-pedido-ipo-cvm\/\"><b>Suno One: acesse gratuitamente eBooks, Minicursos, Artigos e V\u00eddeo Aulas sobre investimentos com um \u00fanico cadastro. Clique para saber mais!<\/b><\/a><\/p>\n<p>Se for poss\u00edvel garantir condi\u00e7\u00f5es financeiras favor\u00e1veis, o BCE poder\u00e1 n\u00e3o utilizar o PEPP &#8211; que pode chegar a 1,85 trilh\u00e3o de euros &#8211; em sua integridade, afirmou Lagarde.<\/p>\n<p>A presidente do Banco Central Europeu disse ainda que a entidade continuar\u00e1 monitorando os desdobramentos no mercado de c\u00e2mbio e suas poss\u00edveis implica\u00e7\u00f5es para a perspectiva de infla\u00e7\u00e3o no m\u00e9dio prazo.<\/p>\n<p>Sobre a recente tend\u00eancia de alta nos juros de b\u00f4nus de governos da zona do euro, Lagarde disse que aumentos consider\u00e1veis e persistentes &#8220;podem se tornar inconsistentes com o combate ao impacto para baixo da pandemia na trajet\u00f3ria projetada da infla\u00e7\u00e3o&#8221;. Segundo Lagarde, o BCE vem respondendo a aumentos de juros que est\u00e3o se antecipando \u00e0<strong> recupera\u00e7\u00e3o econ\u00f4mica<\/strong>, mas n\u00e3o est\u00e1 focado em pequenos surtos de infla\u00e7\u00e3o.<\/p>\n<p><span style=\"font-weight: 400;\">\u00a0\t<p>\n\t\t<a href=\"https:\/\/lp.suno.com.br\/planilha-da-vida-financeira\/\" target=\"_blank\" data-element=\"shortcode-suno-banner\" title=\"Banner SUNO, clique e saiba mais\">\n\t\t\t<picture>\n\t\t\t\t<source media=\"(max-width: 500px)\" srcset=\"https:\/\/files.sunoresearch.com.br\/n\/uploads\/2023\/04\/400x300-Planilha-vida-financeira-true.png\">\n\t\t\t\t<img class=\"newsContent__article__imgCapa newsContent__article__imgCapa--banner\"\n\t\t\t\t\tsrc=\"https:\/\/files.sunoresearch.com.br\/n\/uploads\/2023\/04\/1420x240-Planilha-vida-financeira-true.png\"\n\t\t\t\t\tdata-promo-id=\"106682\"\t\t\t\t\t\t\t\t\t\twidth='1420' height='240'\t\t\t\t\talt=\"https:\/\/files.sunoresearch.com.br\/n\/uploads\/2023\/04\/1420x240-Planilha-vida-financeira-true.png\"\n\t\t\t\t>\n\t\t\t<\/picture>\n\t\t<\/a>\n\t<\/p>\n\n<\/span><\/p>\n<h2>Exporta\u00e7\u00f5es da zona do euro ca\u00edram 2,8% em janeiro<\/h2>\n<p>As exporta\u00e7\u00f5es da <a href=\"https:\/\/www.suno.com.br\/artigos\/zona-do-euro\/\" target=\"_blank\" rel=\"noopener noreferrer\">zona do euro<\/a> ca\u00edram 2,8% em janeiro ante dezembro de 2020, enquanto as importa\u00e7\u00f5es diminu\u00edram 1,3% no per\u00edodo, segundo dados com ajustes sazonais publicados nesta quinta pela Eurostat, como \u00e9 conhecida a ag\u00eancia de estat\u00edsticas da Uni\u00e3o Europeia.<\/p>\n<p>J\u00e1 o super\u00e1vit da balan\u00e7a comercial da <strong>zona do euro<\/strong> diminuiu de 27,5 bilh\u00f5es de euros em dezembro para 24,2 bilh\u00f5es de euros em janeiro, tamb\u00e9m no c\u00e1lculo com ajustes sazonais.<\/p>\n<p>(Com Estad\u00e3o Conte\u00fado)<\/p>\n<p><span style=\"font-weight: 400;\">\u00a0\t<p>\n\t\t<a href=\"https:\/\/lp.suno.com.br\/planilha-de-controle-de-investimentos\/\" target=\"_blank\" data-element=\"shortcode-suno-banner\" title=\"Banner SUNO, clique e saiba mais\">\n\t\t\t<picture>\n\t\t\t\t<source media=\"(max-width: 500px)\" srcset=\"https:\/\/files.sunoresearch.com.br\/n\/uploads\/2023\/03\/400x300-Controle-de-Investimentos.png\">\n\t\t\t\t<img class=\"newsContent__article__imgCapa newsContent__article__imgCapa--banner\"\n\t\t\t\t\tsrc=\"https:\/\/files.sunoresearch.com.br\/n\/uploads\/2023\/03\/1420x240-Controle-de-Investimentos.png\"\n\t\t\t\t\tdata-promo-id=\"75934\"\t\t\t\t\t\t\t\t\t\twidth='1420' height='240'\t\t\t\t\talt=\"https:\/\/files.sunoresearch.com.br\/n\/uploads\/2023\/03\/1420x240-Controle-de-Investimentos.png\"\n\t\t\t\t>\n\t\t\t<\/picture>\n\t\t<\/a>\n\t<\/p>\n\n <\/span><\/p>\n","protected":false},"excerpt":{"rendered":"<p>A presidente do Banco Central Europeu (BCE), Christine Lagarde, disse nesta quinta-feira que a expectativa \u00e9 que a atividade econ\u00f4mica da zona do euro tenha uma firme recupera\u00e7\u00e3o no segundo semestre de 2021, diante das atuais campanhas de vacina\u00e7\u00e3o contra a covid-19 e com a gradual retirada de medidas de bloqueio motivadas pela doen\u00e7a. Ap\u00f3s [&hellip;]<\/p>\n","protected":false},"author":67,"featured_media":121763,"comment_status":"closed","ping_status":"closed","sticky":false,"template":"","format":"standard","meta":[],"categories":[63],"tags":[863,991],"suno_strategy":[],"class_list":["post-132759","post","type-post","status-publish","format-standard","has-post-thumbnail","hentry","category-internacional","tag-banco-central-europeu-bce","tag-zona-do-euro"],"yoast_head":"<!-- This site is optimized with the Yoast SEO plugin v24.4 - https:\/\/yoast.com\/wordpress\/plugins\/seo\/ -->\n<title>Zona do euro: Atividade deve ter &quot;firme recupera\u00e7\u00e3o&quot; no 2\u00ba semestre<\/title>\n<meta name=\"description\" content=\"A presidente do Banco Central Europeu disse que a atividade econ\u00f4mica da zona do euro deve ter uma firme recupera\u00e7\u00e3o no segundo semestre.\" \/>\n<meta name=\"robots\" content=\"index, follow, max-snippet:-1, max-image-preview:large, max-video-preview:-1\" \/>\n<link rel=\"canonical\" href=\"https:\/\/www.suno.com.br\/noticias\/lagarde-atividade-da-zona-do-euro-recuperacao\/\" \/>\n<meta property=\"og:locale\" content=\"pt_BR\" \/>\n<meta property=\"og:type\" content=\"article\" \/>\n<meta property=\"og:title\" content=\"Zona do euro: Atividade deve ter &quot;firme recupera\u00e7\u00e3o&quot; no 2\u00ba semestre\" \/>\n<meta property=\"og:description\" content=\"A presidente do Banco Central Europeu disse que a atividade econ\u00f4mica da zona do euro deve ter uma firme recupera\u00e7\u00e3o no segundo semestre.\" \/>\n<meta property=\"og:url\" content=\"https:\/\/www.suno.com.br\/noticias\/lagarde-atividade-da-zona-do-euro-recuperacao\/\" \/>\n<meta property=\"og:site_name\" content=\"Suno Not\u00edcias\" \/>\n<meta property=\"article:publisher\" content=\"https:\/\/facebook.com\/sunoresearch\" \/>\n<meta property=\"og:image\" content=\"https:\/\/files.sunoresearch.com.br\/n\/uploads\/2021\/02\/38b7b46d-investidoresdevarejo.gif\" \/>\n\t<meta property=\"og:image:width\" content=\"800\" \/>\n\t<meta property=\"og:image:height\" content=\"450\" \/>\n\t<meta property=\"og:image:type\" content=\"image\/gif\" \/>\n<meta name=\"author\" content=\"Estad\u00e3o Conte\u00fado\" \/>\n<meta name=\"twitter:card\" content=\"summary_large_image\" \/>\n<meta name=\"twitter:creator\" content=\"@sunoresearch\" \/>\n<meta name=\"twitter:site\" content=\"@sunoresearch\" \/>\n<meta name=\"twitter:label1\" content=\"Escrito por\" \/>\n\t<meta name=\"twitter:data1\" content=\"Estad\u00e3o Conte\u00fado\" \/>\n\t<meta name=\"twitter:label2\" content=\"Est. tempo de leitura\" \/>\n\t<meta name=\"twitter:data2\" content=\"2 minutos\" \/>\n<script type=\"application\/ld+json\" class=\"yoast-schema-graph\">{\"@context\":\"https:\/\/schema.org\",\"@graph\":[{\"@type\":\"NewsArticle\",\"@id\":\"https:\/\/www.suno.com.br\/noticias\/lagarde-atividade-da-zona-do-euro-recuperacao\/#article\",\"isPartOf\":{\"@id\":\"https:\/\/www.suno.com.br\/noticias\/lagarde-atividade-da-zona-do-euro-recuperacao\/\"},\"author\":{\"name\":\"Estad\u00e3o Conte\u00fado\",\"@id\":\"https:\/\/www.suno.com.br\/noticias\/#\/schema\/person\/4f2e53f9f48009717a277c28e3938c8a\"},\"headline\":\"Zona do euro: Atividade deve ter &#8220;firme recupera\u00e7\u00e3o&#8221; no 2\u00ba semestre, diz Lagarde\",\"datePublished\":\"2021-03-18T10:55:11+00:00\",\"dateModified\":\"2021-03-18T11:04:56+00:00\",\"mainEntityOfPage\":{\"@id\":\"https:\/\/www.suno.com.br\/noticias\/lagarde-atividade-da-zona-do-euro-recuperacao\/\"},\"wordCount\":441,\"publisher\":{\"@id\":\"https:\/\/www.suno.com.br\/noticias\/#organization\"},\"image\":{\"@id\":\"https:\/\/www.suno.com.br\/noticias\/lagarde-atividade-da-zona-do-euro-recuperacao\/#primaryimage\"},\"thumbnailUrl\":\"https:\/\/files.sunoresearch.com.br\/n\/uploads\/2021\/02\/38b7b46d-investidoresdevarejo.gif\",\"keywords\":[\"Banco Central Europeu (BCE)\",\"zona do euro\"],\"articleSection\":[\"Internacional\"],\"inLanguage\":\"pt-BR\"},{\"@type\":\"WebPage\",\"@id\":\"https:\/\/www.suno.com.br\/noticias\/lagarde-atividade-da-zona-do-euro-recuperacao\/\",\"url\":\"https:\/\/www.suno.com.br\/noticias\/lagarde-atividade-da-zona-do-euro-recuperacao\/\",\"name\":\"Zona do euro: Atividade deve ter \\\"firme recupera\u00e7\u00e3o\\\" no 2\u00ba semestre\",\"isPartOf\":{\"@id\":\"https:\/\/www.suno.com.br\/noticias\/#website\"},\"primaryImageOfPage\":{\"@id\":\"https:\/\/www.suno.com.br\/noticias\/lagarde-atividade-da-zona-do-euro-recuperacao\/#primaryimage\"},\"image\":{\"@id\":\"https:\/\/www.suno.com.br\/noticias\/lagarde-atividade-da-zona-do-euro-recuperacao\/#primaryimage\"},\"thumbnailUrl\":\"https:\/\/files.sunoresearch.com.br\/n\/uploads\/2021\/02\/38b7b46d-investidoresdevarejo.gif\",\"datePublished\":\"2021-03-18T10:55:11+00:00\",\"dateModified\":\"2021-03-18T11:04:56+00:00\",\"description\":\"A presidente do Banco Central Europeu disse que a atividade econ\u00f4mica da zona do euro deve ter uma firme recupera\u00e7\u00e3o no segundo semestre.\",\"breadcrumb\":{\"@id\":\"https:\/\/www.suno.com.br\/noticias\/lagarde-atividade-da-zona-do-euro-recuperacao\/#breadcrumb\"},\"inLanguage\":\"pt-BR\",\"potentialAction\":[{\"@type\":\"ReadAction\",\"target\":[\"https:\/\/www.suno.com.br\/noticias\/lagarde-atividade-da-zona-do-euro-recuperacao\/\"]}]},{\"@type\":\"ImageObject\",\"inLanguage\":\"pt-BR\",\"@id\":\"https:\/\/www.suno.com.br\/noticias\/lagarde-atividade-da-zona-do-euro-recuperacao\/#primaryimage\",\"url\":\"https:\/\/files.sunoresearch.com.br\/n\/uploads\/2021\/02\/38b7b46d-investidoresdevarejo.gif\",\"contentUrl\":\"https:\/\/files.sunoresearch.com.br\/n\/uploads\/2021\/02\/38b7b46d-investidoresdevarejo.gif\",\"width\":800,\"height\":450,\"caption\":\"Ap\u00f3s caso GameStop, ag\u00eancia europeia alerta investidores de varejo\"},{\"@type\":\"BreadcrumbList\",\"@id\":\"https:\/\/www.suno.com.br\/noticias\/lagarde-atividade-da-zona-do-euro-recuperacao\/#breadcrumb\",\"itemListElement\":[{\"@type\":\"ListItem\",\"position\":1,\"name\":\"Not\u00edcias\",\"item\":\"https:\/\/www.suno.com.br\/noticias\/\"},{\"@type\":\"ListItem\",\"position\":2,\"name\":\"Internacional\",\"item\":\"https:\/\/www.suno.com.br\/noticias\/internacional\/\"},{\"@type\":\"ListItem\",\"position\":3,\"name\":\"Zona do euro: Atividade deve ter &#8220;firme recupera\u00e7\u00e3o&#8221; no 2\u00ba semestre, diz Lagarde\"}]},{\"@type\":\"WebSite\",\"@id\":\"https:\/\/www.suno.com.br\/noticias\/#website\",\"url\":\"https:\/\/www.suno.com.br\/noticias\/\",\"name\":\"Suno Not\u00edcias\",\"description\":\"Seu portal de informa\u00e7\u00e3o sobre o mundo dos investimentos\",\"publisher\":{\"@id\":\"https:\/\/www.suno.com.br\/noticias\/#organization\"},\"potentialAction\":[{\"@type\":\"SearchAction\",\"target\":{\"@type\":\"EntryPoint\",\"urlTemplate\":\"https:\/\/www.suno.com.br\/noticias\/?s={search_term_string}\"},\"query-input\":{\"@type\":\"PropertyValueSpecification\",\"valueRequired\":true,\"valueName\":\"search_term_string\"}}],\"inLanguage\":\"pt-BR\"},{\"@type\":\"Organization\",\"@id\":\"https:\/\/www.suno.com.br\/noticias\/#organization\",\"name\":\"Suno Not\u00edcias\",\"url\":\"https:\/\/www.suno.com.br\/noticias\/\",\"logo\":{\"@type\":\"ImageObject\",\"inLanguage\":\"pt-BR\",\"@id\":\"https:\/\/www.suno.com.br\/noticias\/#\/schema\/logo\/image\/\",\"url\":\"https:\/\/files.sunoresearch.com.br\/n\/uploads\/2021\/09\/suno-logo.png\",\"contentUrl\":\"https:\/\/files.sunoresearch.com.br\/n\/uploads\/2021\/09\/suno-logo.png\",\"width\":180,\"height\":180,\"caption\":\"Suno Not\u00edcias\"},\"image\":{\"@id\":\"https:\/\/www.suno.com.br\/noticias\/#\/schema\/logo\/image\/\"},\"sameAs\":[\"https:\/\/facebook.com\/sunoresearch\",\"https:\/\/x.com\/sunoresearch\",\"https:\/\/www.instagram.com\/suno\",\"https:\/\/www.linkedin.com\/company\/suno-research\/\",\"https:\/\/www.youtube.com\/c\/sunoresearch\"]},{\"@type\":\"Person\",\"@id\":\"https:\/\/www.suno.com.br\/noticias\/#\/schema\/person\/4f2e53f9f48009717a277c28e3938c8a\",\"name\":\"Estad\u00e3o Conte\u00fado\",\"image\":{\"@type\":\"ImageObject\",\"inLanguage\":\"pt-BR\",\"@id\":\"https:\/\/www.suno.com.br\/noticias\/#\/schema\/person\/image\/\",\"url\":\"https:\/\/secure.gravatar.com\/avatar\/eb9039357bfac83b68aaa4bd5b2a2047?s=96&r=g\",\"contentUrl\":\"https:\/\/secure.gravatar.com\/avatar\/eb9039357bfac83b68aaa4bd5b2a2047?s=96&r=g\",\"caption\":\"Estad\u00e3o Conte\u00fado\"},\"url\":\"https:\/\/www.suno.com.br\/noticias\/author\/estadao-conteudo\/\"}]}<\/script>\n<!-- \/ Yoast SEO plugin. -->","yoast_head_json":{"title":"Zona do euro: Atividade deve ter \"firme recupera\u00e7\u00e3o\" no 2\u00ba semestre","description":"A presidente do Banco Central Europeu disse que a atividade econ\u00f4mica da zona do euro deve ter uma firme recupera\u00e7\u00e3o no segundo semestre.","robots":{"index":"index","follow":"follow","max-snippet":"max-snippet:-1","max-image-preview":"max-image-preview:large","max-video-preview":"max-video-preview:-1"},"canonical":"https:\/\/www.suno.com.br\/noticias\/lagarde-atividade-da-zona-do-euro-recuperacao\/","og_locale":"pt_BR","og_type":"article","og_title":"Zona do euro: Atividade deve ter \"firme recupera\u00e7\u00e3o\" no 2\u00ba semestre","og_description":"A presidente do Banco Central Europeu disse que a atividade econ\u00f4mica da zona do euro deve ter uma firme recupera\u00e7\u00e3o no segundo semestre.","og_url":"https:\/\/www.suno.com.br\/noticias\/lagarde-atividade-da-zona-do-euro-recuperacao\/","og_site_name":"Suno Not\u00edcias","article_publisher":"https:\/\/facebook.com\/sunoresearch","og_image":[{"width":800,"height":450,"url":"https:\/\/files.sunoresearch.com.br\/n\/uploads\/2021\/02\/38b7b46d-investidoresdevarejo.gif","type":"image\/gif"}],"author":"Estad\u00e3o Conte\u00fado","twitter_card":"summary_large_image","twitter_creator":"@sunoresearch","twitter_site":"@sunoresearch","twitter_misc":{"Escrito por":"Estad\u00e3o Conte\u00fado","Est. tempo de leitura":"2 minutos"},"schema":{"@context":"https:\/\/schema.org","@graph":[{"@type":"NewsArticle","@id":"https:\/\/www.suno.com.br\/noticias\/lagarde-atividade-da-zona-do-euro-recuperacao\/#article","isPartOf":{"@id":"https:\/\/www.suno.com.br\/noticias\/lagarde-atividade-da-zona-do-euro-recuperacao\/"},"author":{"name":"Estad\u00e3o Conte\u00fado","@id":"https:\/\/www.suno.com.br\/noticias\/#\/schema\/person\/4f2e53f9f48009717a277c28e3938c8a"},"headline":"Zona do euro: Atividade deve ter &#8220;firme recupera\u00e7\u00e3o&#8221; no 2\u00ba semestre, diz Lagarde","datePublished":"2021-03-18T10:55:11+00:00","dateModified":"2021-03-18T11:04:56+00:00","mainEntityOfPage":{"@id":"https:\/\/www.suno.com.br\/noticias\/lagarde-atividade-da-zona-do-euro-recuperacao\/"},"wordCount":441,"publisher":{"@id":"https:\/\/www.suno.com.br\/noticias\/#organization"},"image":{"@id":"https:\/\/www.suno.com.br\/noticias\/lagarde-atividade-da-zona-do-euro-recuperacao\/#primaryimage"},"thumbnailUrl":"https:\/\/files.sunoresearch.com.br\/n\/uploads\/2021\/02\/38b7b46d-investidoresdevarejo.gif","keywords":["Banco Central Europeu (BCE)","zona do euro"],"articleSection":["Internacional"],"inLanguage":"pt-BR"},{"@type":"WebPage","@id":"https:\/\/www.suno.com.br\/noticias\/lagarde-atividade-da-zona-do-euro-recuperacao\/","url":"https:\/\/www.suno.com.br\/noticias\/lagarde-atividade-da-zona-do-euro-recuperacao\/","name":"Zona do euro: Atividade deve ter \"firme recupera\u00e7\u00e3o\" no 2\u00ba semestre","isPartOf":{"@id":"https:\/\/www.suno.com.br\/noticias\/#website"},"primaryImageOfPage":{"@id":"https:\/\/www.suno.com.br\/noticias\/lagarde-atividade-da-zona-do-euro-recuperacao\/#primaryimage"},"image":{"@id":"https:\/\/www.suno.com.br\/noticias\/lagarde-atividade-da-zona-do-euro-recuperacao\/#primaryimage"},"thumbnailUrl":"https:\/\/files.sunoresearch.com.br\/n\/uploads\/2021\/02\/38b7b46d-investidoresdevarejo.gif","datePublished":"2021-03-18T10:55:11+00:00","dateModified":"2021-03-18T11:04:56+00:00","description":"A presidente do Banco Central Europeu disse que a atividade econ\u00f4mica da zona do euro deve ter uma firme recupera\u00e7\u00e3o no segundo semestre.","breadcrumb":{"@id":"https:\/\/www.suno.com.br\/noticias\/lagarde-atividade-da-zona-do-euro-recuperacao\/#breadcrumb"},"inLanguage":"pt-BR","potentialAction":[{"@type":"ReadAction","target":["https:\/\/www.suno.com.br\/noticias\/lagarde-atividade-da-zona-do-euro-recuperacao\/"]}]},{"@type":"ImageObject","inLanguage":"pt-BR","@id":"https:\/\/www.suno.com.br\/noticias\/lagarde-atividade-da-zona-do-euro-recuperacao\/#primaryimage","url":"https:\/\/files.sunoresearch.com.br\/n\/uploads\/2021\/02\/38b7b46d-investidoresdevarejo.gif","contentUrl":"https:\/\/files.sunoresearch.com.br\/n\/uploads\/2021\/02\/38b7b46d-investidoresdevarejo.gif","width":800,"height":450,"caption":"Ap\u00f3s caso GameStop, ag\u00eancia europeia alerta investidores de varejo"},{"@type":"BreadcrumbList","@id":"https:\/\/www.suno.com.br\/noticias\/lagarde-atividade-da-zona-do-euro-recuperacao\/#breadcrumb","itemListElement":[{"@type":"ListItem","position":1,"name":"Not\u00edcias","item":"https:\/\/www.suno.com.br\/noticias\/"},{"@type":"ListItem","position":2,"name":"Internacional","item":"https:\/\/www.suno.com.br\/noticias\/internacional\/"},{"@type":"ListItem","position":3,"name":"Zona do euro: Atividade deve ter &#8220;firme recupera\u00e7\u00e3o&#8221; no 2\u00ba semestre, diz Lagarde"}]},{"@type":"WebSite","@id":"https:\/\/www.suno.com.br\/noticias\/#website","url":"https:\/\/www.suno.com.br\/noticias\/","name":"Suno Not\u00edcias","description":"Seu portal de informa\u00e7\u00e3o sobre o mundo dos investimentos","publisher":{"@id":"https:\/\/www.suno.com.br\/noticias\/#organization"},"potentialAction":[{"@type":"SearchAction","target":{"@type":"EntryPoint","urlTemplate":"https:\/\/www.suno.com.br\/noticias\/?s={search_term_string}"},"query-input":{"@type":"PropertyValueSpecification","valueRequired":true,"valueName":"search_term_string"}}],"inLanguage":"pt-BR"},{"@type":"Organization","@id":"https:\/\/www.suno.com.br\/noticias\/#organization","name":"Suno Not\u00edcias","url":"https:\/\/www.suno.com.br\/noticias\/","logo":{"@type":"ImageObject","inLanguage":"pt-BR","@id":"https:\/\/www.suno.com.br\/noticias\/#\/schema\/logo\/image\/","url":"https:\/\/files.sunoresearch.com.br\/n\/uploads\/2021\/09\/suno-logo.png","contentUrl":"https:\/\/files.sunoresearch.com.br\/n\/uploads\/2021\/09\/suno-logo.png","width":180,"height":180,"caption":"Suno Not\u00edcias"},"image":{"@id":"https:\/\/www.suno.com.br\/noticias\/#\/schema\/logo\/image\/"},"sameAs":["https:\/\/facebook.com\/sunoresearch","https:\/\/x.com\/sunoresearch","https:\/\/www.instagram.com\/suno","https:\/\/www.linkedin.com\/company\/suno-research\/","https:\/\/www.youtube.com\/c\/sunoresearch"]},{"@type":"Person","@id":"https:\/\/www.suno.com.br\/noticias\/#\/schema\/person\/4f2e53f9f48009717a277c28e3938c8a","name":"Estad\u00e3o Conte\u00fado","image":{"@type":"ImageObject","inLanguage":"pt-BR","@id":"https:\/\/www.suno.com.br\/noticias\/#\/schema\/person\/image\/","url":"https:\/\/secure.gravatar.com\/avatar\/eb9039357bfac83b68aaa4bd5b2a2047?s=96&r=g","contentUrl":"https:\/\/secure.gravatar.com\/avatar\/eb9039357bfac83b68aaa4bd5b2a2047?s=96&r=g","caption":"Estad\u00e3o Conte\u00fado"},"url":"https:\/\/www.suno.com.br\/noticias\/author\/estadao-conteudo\/"}]}},"default_loop_html":"<div class=\"cardsPage__listCard__boxs\"><div class=\"cardsPage__listCard__boxs__img\"><a href=\"https:\/\/www.suno.com.br\/noticias\/lagarde-atividade-da-zona-do-euro-recuperacao\/\"><img class=\"mask\" src=\"https:\/\/www.suno.com.br\/noticias\/wp-content\/themes\/suno\/resources\/images\/spotlight\/spotlight1img\/bg-mask.png\" alt=\"Image Mask\"\/><img src=\"https:\/\/files.sunoresearch.com.br\/n\/uploads\/2021\/02\/38b7b46d-investidoresdevarejo-400x200.gif\" alt=\"Zona do euro: Atividade deve ter &#8220;firme recupera\u00e7\u00e3o&#8221; no 2\u00ba semestre, diz Lagarde\"\/><\/a><span class=\"spotlightCategory\"><a href=\"https:\/\/www.suno.com.br\/noticias\/internacional\/\">Internacional<\/a><\/span><\/div><div class=\"cardsPage__listCard__boxs__content\"><a href=\"https:\/\/www.suno.com.br\/noticias\/lagarde-atividade-da-zona-do-euro-recuperacao\/\"><h2 class=\"content__title\">Zona do euro: Atividade deve ter &#8220;firme recupera\u00e7\u00e3o&#8221; no 2\u00ba semestre, diz Lagarde<\/h2><\/a><div class=\"newsContent__article__meta\"><div class=\"newsContent__article__meta__authorBox\"><a href=\"https:\/\/www.suno.com.br\/noticias\/author\/estadao-conteudo\/\" class=\"authorBox__avatar noMobi\"><img src=\"https:\/\/files.sunoresearch.com.br\/n\/uploads\/2021\/02\/7129a3ae-logo-estadao-150x150.webp\" alt=\"Estad\u00e3o Conte\u00fado\"><\/a><div class=\"authorBox__name\"><span>por\n\t\t\t<a href=\"https:\/\/www.suno.com.br\/noticias\/author\/estadao-conteudo\/\"><span itemprop=\"author\">Estad\u00e3o Conte\u00fado<\/span><\/a><\/span><time datetime=\"2021-03-18T07:55:11-03:00\" itemprop=\"datePublished\">18\/03\/2021 07:55<\/time><\/div><\/div><\/div><\/div><\/div>","single_layout":"posts","amp_enabled":true,"_links":{"self":[{"href":"https:\/\/www.suno.com.br\/noticias\/wp-json\/wp\/v2\/posts\/132759"}],"collection":[{"href":"https:\/\/www.suno.com.br\/noticias\/wp-json\/wp\/v2\/posts"}],"about":[{"href":"https:\/\/www.suno.com.br\/noticias\/wp-json\/wp\/v2\/types\/post"}],"author":[{"embeddable":true,"href":"https:\/\/www.suno.com.br\/noticias\/wp-json\/wp\/v2\/users\/67"}],"replies":[{"embeddable":true,"href":"https:\/\/www.suno.com.br\/noticias\/wp-json\/wp\/v2\/comments?post=132759"}],"version-history":[{"count":3,"href":"https:\/\/www.suno.com.br\/noticias\/wp-json\/wp\/v2\/posts\/132759\/revisions"}],"predecessor-version":[{"id":132769,"href":"https:\/\/www.suno.com.br\/noticias\/wp-json\/wp\/v2\/posts\/132759\/revisions\/132769"}],"wp:featuredmedia":[{"embeddable":true,"href":"https:\/\/www.suno.com.br\/noticias\/wp-json\/wp\/v2\/media\/121763"}],"wp:attachment":[{"href":"https:\/\/www.suno.com.br\/noticias\/wp-json\/wp\/v2\/media?parent=132759"}],"wp:term":[{"taxonomy":"category","embeddable":true,"href":"https:\/\/www.suno.com.br\/noticias\/wp-json\/wp\/v2\/categories?post=132759"},{"taxonomy":"post_tag","embeddable":true,"href":"https:\/\/www.suno.com.br\/noticias\/wp-json\/wp\/v2\/tags?post=132759"},{"taxonomy":"suno_strategy","embeddable":true,"href":"https:\/\/www.suno.com.br\/noticias\/wp-json\/wp\/v2\/suno_strategy?post=132759"}],"curies":[{"name":"wp","href":"https:\/\/api.w.org\/{rel}","templated":true}]}}