{"id":132702,"date":"2021-03-17T20:42:40","date_gmt":"2021-03-17T23:42:40","guid":{"rendered":"https:\/\/www.suno.com.br\/noticias\/?p=132702"},"modified":"2021-03-17T20:42:40","modified_gmt":"2021-03-17T23:42:40","slug":"eletrobras-elet3-deve-ser-quebrada-antes-da-privatizacao-defende-relator","status":"publish","type":"post","link":"https:\/\/www.suno.com.br\/noticias\/eletrobras-elet3-deve-ser-quebrada-antes-da-privatizacao-defende-relator\/","title":{"rendered":"Eletrobras (ELET3) deve ser quebrada antes da privatiza\u00e7\u00e3o, defende relator"},"content":{"rendered":"<p>A <a href=\"https:\/\/www.suno.com.br\/acoes\/elet3\"><strong>Eletrobras (ELET3)<\/strong><\/a> dever\u00e1 passar por uma cis\u00e3o dos ativos antes de ser colocada \u00e0 venda aos investidores privados.<\/p>\t<div class=\"wrapper-featured-image\">\n\t\t<figure class=\"spotlightImg\">\n\n\t\t\t<picture>\n\t\t\t\t<source media=\"(max-width: 768px)\" srcset=\"https:\/\/files.sunoresearch.com.br\/n\/uploads\/2021\/01\/d1cd4c0e-eletrobras_easy-resize.com_-400x200.webp\">\n\t\t\t\t<img loading=\"lazy\" decoding=\"async\" class=\"newsContent__article__imgCapa lazyloadDisabled \" src=\"https:\/\/files.sunoresearch.com.br\/n\/uploads\/2021\/01\/d1cd4c0e-eletrobras_easy-resize.com_-800x450.webp\" width=\"800\" height=\"450\" alt=\"Eletrobras (ELET3) deve ser quebrada antes da privatiza\u00e7\u00e3o, defende relator\" fetchpriority=high \/>\n\t\t\t<\/picture>\n\n\t\t\t<figcaption class=\"wp-caption-text wp-caption-text--show\">Eletrobras (Foto: Reprodu\u00e7\u00e3o)<\/figcaption>\n\t\t<\/figure>\n\t<\/div>\n\n\n<p><span data-sheets-value=\"{&quot;1&quot;:2,&quot;2&quot;:&quot;&quot;}\" data-sheets-userformat=\"{&quot;2&quot;:6659,&quot;3&quot;:{&quot;1&quot;:0},&quot;4&quot;:[null,2,16777215],&quot;12&quot;:0,&quot;14&quot;:[null,2,0],&quot;15&quot;:&quot;Roboto, RobotoDraft, Helvetica, Arial, sans-serif&quot;}\">\t<p>\n\t\t<a href=\"https:\/\/lp.suno.com.br\/planilha-controle-gastos\/\" target=\"_blank\" data-element=\"shortcode-suno-banner\" title=\"Banner SUNO, clique e saiba mais\">\n\t\t\t<picture>\n\t\t\t\t<source media=\"(max-width: 500px)\" srcset=\"https:\/\/files.sunoresearch.com.br\/n\/uploads\/2023\/03\/400x300-Planilha-controle-de-gastos.png\">\n\t\t\t\t<img class=\"newsContent__article__imgCapa newsContent__article__imgCapa--banner\"\n\t\t\t\t\tsrc=\"https:\/\/files.sunoresearch.com.br\/n\/uploads\/2023\/03\/1420x240-Planilha-controle-de-gastos.png\"\n\t\t\t\t\tdata-promo-id=\"101751\"\t\t\t\t\t\t\t\t\t\twidth='1420' height='240'\t\t\t\t\talt=\"https:\/\/files.sunoresearch.com.br\/n\/uploads\/2023\/03\/1420x240-Planilha-controle-de-gastos.png\"\n\t\t\t\t>\n\t\t\t<\/picture>\n\t\t<\/a>\n\t<\/p>\n\n<\/span><\/p>\n<p>Essa \u00e9 a opini\u00e3o do relator da <strong>Medida Provis\u00f3ria (MP) da Eletrobras<\/strong> na C\u00e2mara, deputado Elmar Nascimento (DEM-BA), que diz contar com o apoio do <strong>Minist\u00e9rio da Economia<\/strong>, que deve apresentar a ideia para o presidente Jair Bolsonaro.\u00a0O parlamentar espera concluir seu relat\u00f3rio em at\u00e9 60 dias.<\/p>\n<p>A MP encaminhada pelo governo prev\u00ea nova <strong>emiss\u00e3o de a\u00e7\u00f5es<\/strong>, processo por meio do qual a <strong>participa\u00e7\u00e3o da Uni\u00e3o ser\u00e1 dilu\u00edda<\/strong>, e inclui expressamente a renova\u00e7\u00e3o antecipada por 30 anos da usina de Tucuru\u00ed. Como nas propostas anteriores, a MP tamb\u00e9m permite a <strong>cria\u00e7\u00e3o de uma empresa p\u00fablica ou <a href=\"https:\/\/www.suno.com.br\/artigos\/sociedade-de-economia-mista\/\">sociedade de economia mista <\/a><\/strong>para gerir a Eletronuclear e a Itaipu, que n\u00e3o podem ser privatizadas.<\/p>\n<p><span data-sheets-value=\"{&quot;1&quot;:2,&quot;2&quot;:&quot;Suno One: acesse gratuitamente eBooks, Minicursos, Artigos e V\u00eddeo Aulas sobre investimentos com um \u00fanico cadastro. Clique para saber mais!&quot;}\" data-sheets-userformat=\"{&quot;2&quot;:1317635,&quot;3&quot;:{&quot;1&quot;:0},&quot;4&quot;:[null,2,16777215],&quot;11&quot;:4,&quot;12&quot;:0,&quot;14&quot;:[null,2,1136076],&quot;15&quot;:&quot;Roboto, RobotoDraft, Helvetica, Arial, sans-serif&quot;,&quot;21&quot;:1,&quot;23&quot;:1}\" data-sheets-hyperlink=\"https:\/\/lp.suno.com.br\/suno-one\/\"><a class=\"in-cell-link\" href=\"https:\/\/lp.suno.com.br\/suno-one\/\" target=\"_blank\" rel=\"noopener noreferrer\">Suno One: acesse gratuitamente eBooks, Minicursos, Artigos e V\u00eddeo Aulas sobre investimentos com um \u00fanico cadastro. Clique para saber mais!<\/a><\/span><\/p>\n<p>Em entrevista ao <i>Jota<\/i>, o parlamentar explicou que sua proposta prev\u00ea a cria\u00e7\u00e3o de uma nova estatal para abrigar a <strong>Itaipu Binacional<\/strong>, a <strong>Eletronuclear<\/strong> e todos os passivos e obriga\u00e7\u00f5es que existem na Eletrobras atualmente. Essa empresa seria garantida pela <strong>gera\u00e7\u00e3o de receita<\/strong> da parte brasileira da usina, que ter\u00e1 sua d\u00edvida totalmente paga at\u00e9 2023.<\/p>\n<p>A empresa p\u00fablica tamb\u00e9m ficaria com todas as obriga\u00e7\u00f5es e contrapartidas previstas na MP encaminhada pelo Executivo, como a manuten\u00e7\u00e3o do Proinfa, programa de incentivo \u00e0s fontes alternativas, do Centro de Pesquisas de Energia El\u00e9trica (Cepel), o financiamento da energia para pessoas de baixa renda e as contrapartidas sociais. Ainda seria respons\u00e1vel pelos grandes reservat\u00f3rios que podem ser usados tamb\u00e9m para turismo e navega\u00e7\u00e3o de cabotagem por &#8220;quest\u00e3o estrat\u00e9gia.&#8221;<\/p>\n<p>A proposta tamb\u00e9m seria diferente para as demais subsidi\u00e1rias do grupo. &#8220;Teria, na minha cabe\u00e7a, mais tr\u00eas empresas. Todas elas altamente lucrativas, no estilo da Engie, que seria a Eletronorte, Furnas e a Chesf, e faria uma privatiza\u00e7\u00e3o, um leil\u00e3o total, 100% do capital&#8221;, afirmou.<\/p>\n<p><span data-sheets-value=\"{&quot;1&quot;:2,&quot;2&quot;:&quot;&quot;}\" data-sheets-userformat=\"{&quot;2&quot;:6723,&quot;3&quot;:{&quot;1&quot;:0},&quot;4&quot;:[null,2,16777215],&quot;9&quot;:0,&quot;12&quot;:0,&quot;14&quot;:[null,2,0],&quot;15&quot;:&quot;Arial&quot;}\">\t<p>\n\t\t<a href=\"https:\/\/lp.suno.com.br\/planilha-da-vida-financeira\/\" target=\"_blank\" data-element=\"shortcode-suno-banner\" title=\"Banner SUNO, clique e saiba mais\">\n\t\t\t<picture>\n\t\t\t\t<source media=\"(max-width: 500px)\" srcset=\"https:\/\/files.sunoresearch.com.br\/n\/uploads\/2023\/04\/400x300-Planilha-vida-financeira-true.png\">\n\t\t\t\t<img class=\"newsContent__article__imgCapa newsContent__article__imgCapa--banner\"\n\t\t\t\t\tsrc=\"https:\/\/files.sunoresearch.com.br\/n\/uploads\/2023\/04\/1420x240-Planilha-vida-financeira-true.png\"\n\t\t\t\t\tdata-promo-id=\"106682\"\t\t\t\t\t\t\t\t\t\twidth='1420' height='240'\t\t\t\t\talt=\"https:\/\/files.sunoresearch.com.br\/n\/uploads\/2023\/04\/1420x240-Planilha-vida-financeira-true.png\"\n\t\t\t\t>\n\t\t\t<\/picture>\n\t\t<\/a>\n\t<\/p>\n\n<\/span><\/p>\n<p>Segundo ele, por esse modelo, a arrecada\u00e7\u00e3o de recursos poderia aumentar de 5 a 6 vezes em rela\u00e7\u00e3o a previs\u00e3o do governo baseada no modelo enviado ao Congresso, que \u00e9 de R$ 50 bilh\u00f5es &#8211; sendo que R$ 25 bilh\u00f5es desse total seria destinado para a Conta de Desenvolvimento Energ\u00e9tico (CDE), em dez anos, para abater subs\u00eddios na conta de luz.<\/p>\n<p>&#8220;Claro que h\u00e1 diferen\u00e7as entre as propostas. Na primeira op\u00e7\u00e3o MP enviada ao Congresso o governo vai manter sua participa\u00e7\u00e3o no mercado. No outro, com essa expectativa, o governo n\u00e3o vai manter participa\u00e7\u00e3o&#8221;, afirmou. &#8220;Vejo mais simpatia, por raz\u00f5es \u00f3bvias, do Minist\u00e9rio de Minas e Energia com rela\u00e7\u00e3o ao modelo enviado na MP&#8221;, disse. Segundo ele, sua proposta teve apoio da pasta comandada por Paulo Guedes pois aumenta a capta\u00e7\u00e3o de recursos e est\u00e1 mais alinhada com o pensamento do mercado.<\/p>\n<p>O parlamentar ressaltou que ir\u00e1 oferecer a Bolsonaro a decis\u00e3o de optar entre as duas <a href=\"https:\/\/www.suno.com.br\/artigos\/privatizacao\/\">op\u00e7\u00f5es de privatiza\u00e7\u00e3o<\/a> da <strong>Eletrobras<\/strong> ou submeter ambas para an\u00e1lise do Congresso. Ele ressaltou, no entanto, que n\u00e3o ir\u00e1 levar adiante nenhuma proposta que n\u00e3o tenha apoio dos l\u00edderes do governo na C\u00e2mara e no Senado. &#8220;N\u00e3o tenho condi\u00e7\u00f5es de impor o que acho melhor, apenas coordenar&#8221;, afirmou. O parlamentar tamb\u00e9m defendeu o andamento de outras mat\u00e9rias da agenda econ\u00f4mica e afirmou que \u00e9 o caminho para dar condi\u00e7\u00f5es \u00e0 reelei\u00e7\u00e3o do governo atual em 2022.<\/p>\n<p><span data-sheets-value=\"{&quot;1&quot;:2,&quot;2&quot;:&quot;&quot;}\" data-sheets-userformat=\"{&quot;2&quot;:513,&quot;3&quot;:{&quot;1&quot;:0},&quot;12&quot;:0}\">\t<p>\n\t\t<a href=\"https:\/\/lp.suno.com.br\/planilha-de-controle-de-investimentos\/\" target=\"_blank\" data-element=\"shortcode-suno-banner\" title=\"Banner SUNO, clique e saiba mais\">\n\t\t\t<picture>\n\t\t\t\t<source media=\"(max-width: 500px)\" srcset=\"https:\/\/files.sunoresearch.com.br\/n\/uploads\/2023\/03\/400x300-Controle-de-Investimentos.png\">\n\t\t\t\t<img class=\"newsContent__article__imgCapa newsContent__article__imgCapa--banner\"\n\t\t\t\t\tsrc=\"https:\/\/files.sunoresearch.com.br\/n\/uploads\/2023\/03\/1420x240-Controle-de-Investimentos.png\"\n\t\t\t\t\tdata-promo-id=\"75934\"\t\t\t\t\t\t\t\t\t\twidth='1420' height='240'\t\t\t\t\talt=\"https:\/\/files.sunoresearch.com.br\/n\/uploads\/2023\/03\/1420x240-Controle-de-Investimentos.png\"\n\t\t\t\t>\n\t\t\t<\/picture>\n\t\t<\/a>\n\t<\/p>\n\n<\/span><\/p>\n","protected":false},"excerpt":{"rendered":"<p>A Eletrobras (ELET3) dever\u00e1 passar por uma cis\u00e3o dos ativos antes de ser colocada \u00e0 venda aos investidores privados. Eletrobras (Foto: Reprodu\u00e7\u00e3o) Essa \u00e9 a opini\u00e3o do relator da Medida Provis\u00f3ria (MP) da Eletrobras na C\u00e2mara, deputado Elmar Nascimento (DEM-BA), que diz contar com o apoio do Minist\u00e9rio da Economia, que deve apresentar a ideia [&hellip;]<\/p>\n","protected":false},"author":67,"featured_media":117382,"comment_status":"closed","ping_status":"closed","sticky":false,"template":"","format":"standard","meta":[],"categories":[64],"tags":[455,104992],"suno_strategy":[],"class_list":["post-132702","post","type-post","status-publish","format-standard","has-post-thumbnail","hentry","category-negocios","tag-eletrobras-elet3-elet5-elet6","tag-privatizacao-da-eletrobras"],"yoast_head":"<!-- This site is optimized with the Yoast SEO plugin v24.4 - https:\/\/yoast.com\/wordpress\/plugins\/seo\/ -->\n<title>Eletrobras (ELET3) deve ser quebrada antes de privatiza\u00e7\u00e3o, diz relator<\/title>\n<meta name=\"description\" content=\"Relator prop\u00f5e a cria\u00e7\u00e3o de nova estatal para gerir Itaipu e Eletronuclear e liberar a Eletrobras para privatiza\u00e7\u00e3o. Clique e saiba mais!\" \/>\n<meta name=\"robots\" content=\"index, follow, max-snippet:-1, max-image-preview:large, max-video-preview:-1\" \/>\n<link rel=\"canonical\" href=\"https:\/\/www.suno.com.br\/noticias\/eletrobras-elet3-deve-ser-quebrada-antes-da-privatizacao-defende-relator\/\" \/>\n<meta property=\"og:locale\" content=\"pt_BR\" \/>\n<meta property=\"og:type\" content=\"article\" \/>\n<meta property=\"og:title\" content=\"Eletrobras (ELET3) deve ser quebrada antes de privatiza\u00e7\u00e3o, diz relator\" \/>\n<meta property=\"og:description\" content=\"Relator prop\u00f5e a cria\u00e7\u00e3o de nova estatal para gerir Itaipu e Eletronuclear e liberar a Eletrobras para privatiza\u00e7\u00e3o. Clique e saiba mais!\" \/>\n<meta property=\"og:url\" content=\"https:\/\/www.suno.com.br\/noticias\/eletrobras-elet3-deve-ser-quebrada-antes-da-privatizacao-defende-relator\/\" \/>\n<meta property=\"og:site_name\" content=\"Suno Not\u00edcias\" \/>\n<meta property=\"article:publisher\" content=\"https:\/\/facebook.com\/sunoresearch\" \/>\n<meta property=\"og:image\" content=\"https:\/\/files.sunoresearch.com.br\/n\/uploads\/2021\/01\/d1cd4c0e-eletrobras_easy-resize.com_.jpg\" \/>\n\t<meta property=\"og:image:width\" content=\"1280\" \/>\n\t<meta property=\"og:image:height\" content=\"769\" \/>\n\t<meta property=\"og:image:type\" content=\"image\/jpeg\" \/>\n<meta name=\"author\" content=\"Estad\u00e3o Conte\u00fado\" \/>\n<meta name=\"twitter:card\" content=\"summary_large_image\" \/>\n<meta name=\"twitter:creator\" content=\"@sunoresearch\" \/>\n<meta name=\"twitter:site\" content=\"@sunoresearch\" \/>\n<meta name=\"twitter:label1\" content=\"Escrito por\" \/>\n\t<meta name=\"twitter:data1\" content=\"Estad\u00e3o Conte\u00fado\" \/>\n\t<meta name=\"twitter:label2\" content=\"Est. tempo de leitura\" \/>\n\t<meta name=\"twitter:data2\" content=\"3 minutos\" \/>\n<script type=\"application\/ld+json\" class=\"yoast-schema-graph\">{\"@context\":\"https:\/\/schema.org\",\"@graph\":[{\"@type\":\"NewsArticle\",\"@id\":\"https:\/\/www.suno.com.br\/noticias\/eletrobras-elet3-deve-ser-quebrada-antes-da-privatizacao-defende-relator\/#article\",\"isPartOf\":{\"@id\":\"https:\/\/www.suno.com.br\/noticias\/eletrobras-elet3-deve-ser-quebrada-antes-da-privatizacao-defende-relator\/\"},\"author\":{\"name\":\"Estad\u00e3o Conte\u00fado\",\"@id\":\"https:\/\/www.suno.com.br\/noticias\/#\/schema\/person\/4f2e53f9f48009717a277c28e3938c8a\"},\"headline\":\"Eletrobras (ELET3) deve ser quebrada antes da privatiza\u00e7\u00e3o, defende relator\",\"datePublished\":\"2021-03-17T23:42:40+00:00\",\"mainEntityOfPage\":{\"@id\":\"https:\/\/www.suno.com.br\/noticias\/eletrobras-elet3-deve-ser-quebrada-antes-da-privatizacao-defende-relator\/\"},\"wordCount\":630,\"publisher\":{\"@id\":\"https:\/\/www.suno.com.br\/noticias\/#organization\"},\"image\":{\"@id\":\"https:\/\/www.suno.com.br\/noticias\/eletrobras-elet3-deve-ser-quebrada-antes-da-privatizacao-defende-relator\/#primaryimage\"},\"thumbnailUrl\":\"https:\/\/files.sunoresearch.com.br\/n\/uploads\/2021\/01\/d1cd4c0e-eletrobras_easy-resize.com_-jpg.webp\",\"keywords\":[\"Eletrobras (ELET3\/ELET5\/ELET6)\",\"privatiza\u00e7\u00e3o da Eletrobras\"],\"articleSection\":[\"Neg\u00f3cios\"],\"inLanguage\":\"pt-BR\"},{\"@type\":\"WebPage\",\"@id\":\"https:\/\/www.suno.com.br\/noticias\/eletrobras-elet3-deve-ser-quebrada-antes-da-privatizacao-defende-relator\/\",\"url\":\"https:\/\/www.suno.com.br\/noticias\/eletrobras-elet3-deve-ser-quebrada-antes-da-privatizacao-defende-relator\/\",\"name\":\"Eletrobras (ELET3) deve ser quebrada antes de privatiza\u00e7\u00e3o, diz relator\",\"isPartOf\":{\"@id\":\"https:\/\/www.suno.com.br\/noticias\/#website\"},\"primaryImageOfPage\":{\"@id\":\"https:\/\/www.suno.com.br\/noticias\/eletrobras-elet3-deve-ser-quebrada-antes-da-privatizacao-defende-relator\/#primaryimage\"},\"image\":{\"@id\":\"https:\/\/www.suno.com.br\/noticias\/eletrobras-elet3-deve-ser-quebrada-antes-da-privatizacao-defende-relator\/#primaryimage\"},\"thumbnailUrl\":\"https:\/\/files.sunoresearch.com.br\/n\/uploads\/2021\/01\/d1cd4c0e-eletrobras_easy-resize.com_-jpg.webp\",\"datePublished\":\"2021-03-17T23:42:40+00:00\",\"description\":\"Relator prop\u00f5e a cria\u00e7\u00e3o de nova estatal para gerir Itaipu e Eletronuclear e liberar a Eletrobras para privatiza\u00e7\u00e3o. Clique e saiba mais!\",\"breadcrumb\":{\"@id\":\"https:\/\/www.suno.com.br\/noticias\/eletrobras-elet3-deve-ser-quebrada-antes-da-privatizacao-defende-relator\/#breadcrumb\"},\"inLanguage\":\"pt-BR\",\"potentialAction\":[{\"@type\":\"ReadAction\",\"target\":[\"https:\/\/www.suno.com.br\/noticias\/eletrobras-elet3-deve-ser-quebrada-antes-da-privatizacao-defende-relator\/\"]}]},{\"@type\":\"ImageObject\",\"inLanguage\":\"pt-BR\",\"@id\":\"https:\/\/www.suno.com.br\/noticias\/eletrobras-elet3-deve-ser-quebrada-antes-da-privatizacao-defende-relator\/#primaryimage\",\"url\":\"https:\/\/files.sunoresearch.com.br\/n\/uploads\/2021\/01\/d1cd4c0e-eletrobras_easy-resize.com_-jpg.webp\",\"contentUrl\":\"https:\/\/files.sunoresearch.com.br\/n\/uploads\/2021\/01\/d1cd4c0e-eletrobras_easy-resize.com_-jpg.webp\",\"width\":1280,\"height\":769,\"caption\":\"Eletrobras (Foto: Reprodu\u00e7\u00e3o)\"},{\"@type\":\"BreadcrumbList\",\"@id\":\"https:\/\/www.suno.com.br\/noticias\/eletrobras-elet3-deve-ser-quebrada-antes-da-privatizacao-defende-relator\/#breadcrumb\",\"itemListElement\":[{\"@type\":\"ListItem\",\"position\":1,\"name\":\"Not\u00edcias\",\"item\":\"https:\/\/www.suno.com.br\/noticias\/\"},{\"@type\":\"ListItem\",\"position\":2,\"name\":\"Neg\u00f3cios\",\"item\":\"https:\/\/www.suno.com.br\/noticias\/negocios\/\"},{\"@type\":\"ListItem\",\"position\":3,\"name\":\"Eletrobras (ELET3) deve ser quebrada antes da privatiza\u00e7\u00e3o, defende relator\"}]},{\"@type\":\"WebSite\",\"@id\":\"https:\/\/www.suno.com.br\/noticias\/#website\",\"url\":\"https:\/\/www.suno.com.br\/noticias\/\",\"name\":\"Suno Not\u00edcias\",\"description\":\"Seu portal de informa\u00e7\u00e3o sobre o mundo dos investimentos\",\"publisher\":{\"@id\":\"https:\/\/www.suno.com.br\/noticias\/#organization\"},\"potentialAction\":[{\"@type\":\"SearchAction\",\"target\":{\"@type\":\"EntryPoint\",\"urlTemplate\":\"https:\/\/www.suno.com.br\/noticias\/?s={search_term_string}\"},\"query-input\":{\"@type\":\"PropertyValueSpecification\",\"valueRequired\":true,\"valueName\":\"search_term_string\"}}],\"inLanguage\":\"pt-BR\"},{\"@type\":\"Organization\",\"@id\":\"https:\/\/www.suno.com.br\/noticias\/#organization\",\"name\":\"Suno Not\u00edcias\",\"url\":\"https:\/\/www.suno.com.br\/noticias\/\",\"logo\":{\"@type\":\"ImageObject\",\"inLanguage\":\"pt-BR\",\"@id\":\"https:\/\/www.suno.com.br\/noticias\/#\/schema\/logo\/image\/\",\"url\":\"https:\/\/files.sunoresearch.com.br\/n\/uploads\/2021\/09\/suno-logo.png\",\"contentUrl\":\"https:\/\/files.sunoresearch.com.br\/n\/uploads\/2021\/09\/suno-logo.png\",\"width\":180,\"height\":180,\"caption\":\"Suno Not\u00edcias\"},\"image\":{\"@id\":\"https:\/\/www.suno.com.br\/noticias\/#\/schema\/logo\/image\/\"},\"sameAs\":[\"https:\/\/facebook.com\/sunoresearch\",\"https:\/\/x.com\/sunoresearch\",\"https:\/\/www.instagram.com\/suno\",\"https:\/\/www.linkedin.com\/company\/suno-research\/\",\"https:\/\/www.youtube.com\/c\/sunoresearch\"]},{\"@type\":\"Person\",\"@id\":\"https:\/\/www.suno.com.br\/noticias\/#\/schema\/person\/4f2e53f9f48009717a277c28e3938c8a\",\"name\":\"Estad\u00e3o Conte\u00fado\",\"image\":{\"@type\":\"ImageObject\",\"inLanguage\":\"pt-BR\",\"@id\":\"https:\/\/www.suno.com.br\/noticias\/#\/schema\/person\/image\/\",\"url\":\"https:\/\/secure.gravatar.com\/avatar\/eb9039357bfac83b68aaa4bd5b2a2047?s=96&r=g\",\"contentUrl\":\"https:\/\/secure.gravatar.com\/avatar\/eb9039357bfac83b68aaa4bd5b2a2047?s=96&r=g\",\"caption\":\"Estad\u00e3o Conte\u00fado\"},\"url\":\"https:\/\/www.suno.com.br\/noticias\/author\/estadao-conteudo\/\"}]}<\/script>\n<!-- \/ Yoast SEO plugin. -->","yoast_head_json":{"title":"Eletrobras (ELET3) deve ser quebrada antes de privatiza\u00e7\u00e3o, diz relator","description":"Relator prop\u00f5e a cria\u00e7\u00e3o de nova estatal para gerir Itaipu e Eletronuclear e liberar a Eletrobras para privatiza\u00e7\u00e3o. Clique e saiba mais!","robots":{"index":"index","follow":"follow","max-snippet":"max-snippet:-1","max-image-preview":"max-image-preview:large","max-video-preview":"max-video-preview:-1"},"canonical":"https:\/\/www.suno.com.br\/noticias\/eletrobras-elet3-deve-ser-quebrada-antes-da-privatizacao-defende-relator\/","og_locale":"pt_BR","og_type":"article","og_title":"Eletrobras (ELET3) deve ser quebrada antes de privatiza\u00e7\u00e3o, diz relator","og_description":"Relator prop\u00f5e a cria\u00e7\u00e3o de nova estatal para gerir Itaipu e Eletronuclear e liberar a Eletrobras para privatiza\u00e7\u00e3o. Clique e saiba mais!","og_url":"https:\/\/www.suno.com.br\/noticias\/eletrobras-elet3-deve-ser-quebrada-antes-da-privatizacao-defende-relator\/","og_site_name":"Suno Not\u00edcias","article_publisher":"https:\/\/facebook.com\/sunoresearch","og_image":[{"width":1280,"height":769,"url":"https:\/\/files.sunoresearch.com.br\/n\/uploads\/2021\/01\/d1cd4c0e-eletrobras_easy-resize.com_.jpg","type":"image\/jpeg"}],"author":"Estad\u00e3o Conte\u00fado","twitter_card":"summary_large_image","twitter_creator":"@sunoresearch","twitter_site":"@sunoresearch","twitter_misc":{"Escrito por":"Estad\u00e3o Conte\u00fado","Est. tempo de leitura":"3 minutos"},"schema":{"@context":"https:\/\/schema.org","@graph":[{"@type":"NewsArticle","@id":"https:\/\/www.suno.com.br\/noticias\/eletrobras-elet3-deve-ser-quebrada-antes-da-privatizacao-defende-relator\/#article","isPartOf":{"@id":"https:\/\/www.suno.com.br\/noticias\/eletrobras-elet3-deve-ser-quebrada-antes-da-privatizacao-defende-relator\/"},"author":{"name":"Estad\u00e3o Conte\u00fado","@id":"https:\/\/www.suno.com.br\/noticias\/#\/schema\/person\/4f2e53f9f48009717a277c28e3938c8a"},"headline":"Eletrobras (ELET3) deve ser quebrada antes da privatiza\u00e7\u00e3o, defende relator","datePublished":"2021-03-17T23:42:40+00:00","mainEntityOfPage":{"@id":"https:\/\/www.suno.com.br\/noticias\/eletrobras-elet3-deve-ser-quebrada-antes-da-privatizacao-defende-relator\/"},"wordCount":630,"publisher":{"@id":"https:\/\/www.suno.com.br\/noticias\/#organization"},"image":{"@id":"https:\/\/www.suno.com.br\/noticias\/eletrobras-elet3-deve-ser-quebrada-antes-da-privatizacao-defende-relator\/#primaryimage"},"thumbnailUrl":"https:\/\/files.sunoresearch.com.br\/n\/uploads\/2021\/01\/d1cd4c0e-eletrobras_easy-resize.com_-jpg.webp","keywords":["Eletrobras (ELET3\/ELET5\/ELET6)","privatiza\u00e7\u00e3o da Eletrobras"],"articleSection":["Neg\u00f3cios"],"inLanguage":"pt-BR"},{"@type":"WebPage","@id":"https:\/\/www.suno.com.br\/noticias\/eletrobras-elet3-deve-ser-quebrada-antes-da-privatizacao-defende-relator\/","url":"https:\/\/www.suno.com.br\/noticias\/eletrobras-elet3-deve-ser-quebrada-antes-da-privatizacao-defende-relator\/","name":"Eletrobras (ELET3) deve ser quebrada antes de privatiza\u00e7\u00e3o, diz relator","isPartOf":{"@id":"https:\/\/www.suno.com.br\/noticias\/#website"},"primaryImageOfPage":{"@id":"https:\/\/www.suno.com.br\/noticias\/eletrobras-elet3-deve-ser-quebrada-antes-da-privatizacao-defende-relator\/#primaryimage"},"image":{"@id":"https:\/\/www.suno.com.br\/noticias\/eletrobras-elet3-deve-ser-quebrada-antes-da-privatizacao-defende-relator\/#primaryimage"},"thumbnailUrl":"https:\/\/files.sunoresearch.com.br\/n\/uploads\/2021\/01\/d1cd4c0e-eletrobras_easy-resize.com_-jpg.webp","datePublished":"2021-03-17T23:42:40+00:00","description":"Relator prop\u00f5e a cria\u00e7\u00e3o de nova estatal para gerir Itaipu e Eletronuclear e liberar a Eletrobras para privatiza\u00e7\u00e3o. Clique e saiba mais!","breadcrumb":{"@id":"https:\/\/www.suno.com.br\/noticias\/eletrobras-elet3-deve-ser-quebrada-antes-da-privatizacao-defende-relator\/#breadcrumb"},"inLanguage":"pt-BR","potentialAction":[{"@type":"ReadAction","target":["https:\/\/www.suno.com.br\/noticias\/eletrobras-elet3-deve-ser-quebrada-antes-da-privatizacao-defende-relator\/"]}]},{"@type":"ImageObject","inLanguage":"pt-BR","@id":"https:\/\/www.suno.com.br\/noticias\/eletrobras-elet3-deve-ser-quebrada-antes-da-privatizacao-defende-relator\/#primaryimage","url":"https:\/\/files.sunoresearch.com.br\/n\/uploads\/2021\/01\/d1cd4c0e-eletrobras_easy-resize.com_-jpg.webp","contentUrl":"https:\/\/files.sunoresearch.com.br\/n\/uploads\/2021\/01\/d1cd4c0e-eletrobras_easy-resize.com_-jpg.webp","width":1280,"height":769,"caption":"Eletrobras (Foto: Reprodu\u00e7\u00e3o)"},{"@type":"BreadcrumbList","@id":"https:\/\/www.suno.com.br\/noticias\/eletrobras-elet3-deve-ser-quebrada-antes-da-privatizacao-defende-relator\/#breadcrumb","itemListElement":[{"@type":"ListItem","position":1,"name":"Not\u00edcias","item":"https:\/\/www.suno.com.br\/noticias\/"},{"@type":"ListItem","position":2,"name":"Neg\u00f3cios","item":"https:\/\/www.suno.com.br\/noticias\/negocios\/"},{"@type":"ListItem","position":3,"name":"Eletrobras (ELET3) deve ser quebrada antes da privatiza\u00e7\u00e3o, defende relator"}]},{"@type":"WebSite","@id":"https:\/\/www.suno.com.br\/noticias\/#website","url":"https:\/\/www.suno.com.br\/noticias\/","name":"Suno Not\u00edcias","description":"Seu portal de informa\u00e7\u00e3o sobre o mundo dos investimentos","publisher":{"@id":"https:\/\/www.suno.com.br\/noticias\/#organization"},"potentialAction":[{"@type":"SearchAction","target":{"@type":"EntryPoint","urlTemplate":"https:\/\/www.suno.com.br\/noticias\/?s={search_term_string}"},"query-input":{"@type":"PropertyValueSpecification","valueRequired":true,"valueName":"search_term_string"}}],"inLanguage":"pt-BR"},{"@type":"Organization","@id":"https:\/\/www.suno.com.br\/noticias\/#organization","name":"Suno Not\u00edcias","url":"https:\/\/www.suno.com.br\/noticias\/","logo":{"@type":"ImageObject","inLanguage":"pt-BR","@id":"https:\/\/www.suno.com.br\/noticias\/#\/schema\/logo\/image\/","url":"https:\/\/files.sunoresearch.com.br\/n\/uploads\/2021\/09\/suno-logo.png","contentUrl":"https:\/\/files.sunoresearch.com.br\/n\/uploads\/2021\/09\/suno-logo.png","width":180,"height":180,"caption":"Suno Not\u00edcias"},"image":{"@id":"https:\/\/www.suno.com.br\/noticias\/#\/schema\/logo\/image\/"},"sameAs":["https:\/\/facebook.com\/sunoresearch","https:\/\/x.com\/sunoresearch","https:\/\/www.instagram.com\/suno","https:\/\/www.linkedin.com\/company\/suno-research\/","https:\/\/www.youtube.com\/c\/sunoresearch"]},{"@type":"Person","@id":"https:\/\/www.suno.com.br\/noticias\/#\/schema\/person\/4f2e53f9f48009717a277c28e3938c8a","name":"Estad\u00e3o Conte\u00fado","image":{"@type":"ImageObject","inLanguage":"pt-BR","@id":"https:\/\/www.suno.com.br\/noticias\/#\/schema\/person\/image\/","url":"https:\/\/secure.gravatar.com\/avatar\/eb9039357bfac83b68aaa4bd5b2a2047?s=96&r=g","contentUrl":"https:\/\/secure.gravatar.com\/avatar\/eb9039357bfac83b68aaa4bd5b2a2047?s=96&r=g","caption":"Estad\u00e3o Conte\u00fado"},"url":"https:\/\/www.suno.com.br\/noticias\/author\/estadao-conteudo\/"}]}},"default_loop_html":"<div class=\"cardsPage__listCard__boxs\"><div class=\"cardsPage__listCard__boxs__img\"><a href=\"https:\/\/www.suno.com.br\/noticias\/eletrobras-elet3-deve-ser-quebrada-antes-da-privatizacao-defende-relator\/\"><img class=\"mask\" src=\"https:\/\/www.suno.com.br\/noticias\/wp-content\/themes\/suno\/resources\/images\/spotlight\/spotlight1img\/bg-mask.png\" alt=\"Image Mask\"\/><img src=\"https:\/\/files.sunoresearch.com.br\/n\/uploads\/2021\/01\/d1cd4c0e-eletrobras_easy-resize.com_-400x200.webp\" alt=\"Eletrobras (ELET3) deve ser quebrada antes da privatiza\u00e7\u00e3o, defende relator\"\/><\/a><span class=\"spotlightCategory\"><a href=\"https:\/\/www.suno.com.br\/noticias\/negocios\/\">Neg\u00f3cios<\/a><\/span><\/div><div class=\"cardsPage__listCard__boxs__content\"><a href=\"https:\/\/www.suno.com.br\/noticias\/eletrobras-elet3-deve-ser-quebrada-antes-da-privatizacao-defende-relator\/\"><h2 class=\"content__title\">Eletrobras (ELET3) deve ser quebrada antes da privatiza\u00e7\u00e3o, defende relator<\/h2><\/a><div class=\"newsContent__article__meta\"><div class=\"newsContent__article__meta__authorBox\"><a href=\"https:\/\/www.suno.com.br\/noticias\/author\/estadao-conteudo\/\" class=\"authorBox__avatar noMobi\"><img src=\"https:\/\/files.sunoresearch.com.br\/n\/uploads\/2021\/02\/7129a3ae-logo-estadao-150x150.webp\" alt=\"Estad\u00e3o Conte\u00fado\"><\/a><div class=\"authorBox__name\"><span>por\n\t\t\t<a href=\"https:\/\/www.suno.com.br\/noticias\/author\/estadao-conteudo\/\"><span itemprop=\"author\">Estad\u00e3o Conte\u00fado<\/span><\/a><\/span><time datetime=\"2021-03-17T20:42:40-03:00\" itemprop=\"datePublished\">17\/03\/2021 20:42<\/time><\/div><\/div><\/div><\/div><\/div>","single_layout":"posts","amp_enabled":true,"_links":{"self":[{"href":"https:\/\/www.suno.com.br\/noticias\/wp-json\/wp\/v2\/posts\/132702"}],"collection":[{"href":"https:\/\/www.suno.com.br\/noticias\/wp-json\/wp\/v2\/posts"}],"about":[{"href":"https:\/\/www.suno.com.br\/noticias\/wp-json\/wp\/v2\/types\/post"}],"author":[{"embeddable":true,"href":"https:\/\/www.suno.com.br\/noticias\/wp-json\/wp\/v2\/users\/67"}],"replies":[{"embeddable":true,"href":"https:\/\/www.suno.com.br\/noticias\/wp-json\/wp\/v2\/comments?post=132702"}],"version-history":[{"count":2,"href":"https:\/\/www.suno.com.br\/noticias\/wp-json\/wp\/v2\/posts\/132702\/revisions"}],"predecessor-version":[{"id":132730,"href":"https:\/\/www.suno.com.br\/noticias\/wp-json\/wp\/v2\/posts\/132702\/revisions\/132730"}],"wp:featuredmedia":[{"embeddable":true,"href":"https:\/\/www.suno.com.br\/noticias\/wp-json\/wp\/v2\/media\/117382"}],"wp:attachment":[{"href":"https:\/\/www.suno.com.br\/noticias\/wp-json\/wp\/v2\/media?parent=132702"}],"wp:term":[{"taxonomy":"category","embeddable":true,"href":"https:\/\/www.suno.com.br\/noticias\/wp-json\/wp\/v2\/categories?post=132702"},{"taxonomy":"post_tag","embeddable":true,"href":"https:\/\/www.suno.com.br\/noticias\/wp-json\/wp\/v2\/tags?post=132702"},{"taxonomy":"suno_strategy","embeddable":true,"href":"https:\/\/www.suno.com.br\/noticias\/wp-json\/wp\/v2\/suno_strategy?post=132702"}],"curies":[{"name":"wp","href":"https:\/\/api.w.org\/{rel}","templated":true}]}}