{"id":132616,"date":"2021-03-17T18:52:07","date_gmt":"2021-03-17T21:52:07","guid":{"rendered":"https:\/\/www.suno.com.br\/noticias\/?p=132616"},"modified":"2021-03-17T23:05:06","modified_gmt":"2021-03-18T02:05:06","slug":"copom-eleva-selic-apos-anos-cortes","status":"publish","type":"post","link":"https:\/\/www.suno.com.br\/noticias\/copom-eleva-selic-apos-anos-cortes\/","title":{"rendered":"Copom surpreende e leva Selic para 2,75%; indica nova alta de 0,75%"},"content":{"rendered":"<p>Em decis\u00e3o un\u00e2nime, o <a href=\"https:\/\/www.suno.com.br\/artigos\/copom\/\">Conselho de Pol\u00edtica Monet\u00e1ria (Copom)<\/a> do Banco Central (BC) aumentou nesta quarta-feira (17) a taxa b\u00e1sica de juros (<strong>Selic<\/strong>) de sua m\u00ednima hist\u00f3rica de 2,00% ao ano para 2,75% ao ano. Esta \u00e9 a primeira vez desde 2015 que a meta foi elevada pelo colegiado.<\/p>\t<div class=\"wrapper-featured-image\">\n\t\t<figure class=\"spotlightImg\">\n\n\t\t\t<picture>\n\t\t\t\t<source media=\"(max-width: 768px)\" srcset=\"https:\/\/files.sunoresearch.com.br\/n\/uploads\/2021\/01\/42eff0a7-copom-400x200.webp\">\n\t\t\t\t<img loading=\"lazy\" decoding=\"async\" class=\"newsContent__article__imgCapa lazyloadDisabled \" src=\"https:\/\/files.sunoresearch.com.br\/n\/uploads\/2021\/01\/42eff0a7-copom-800x450.webp\" width=\"800\" height=\"450\" alt=\"Copom surpreende e leva Selic para 2,75%; indica nova alta de 0,75%\" fetchpriority=high \/>\n\t\t\t<\/picture>\n\n\t\t\t<figcaption class=\"wp-caption-text wp-caption-text--show\">Divulga\u00e7\u00e3o pelo BC da ata do Copom \u00e9 destaque na agenda do dia<\/figcaption>\n\t\t<\/figure>\n\t<\/div>\n\n\n\t<p>\n\t\t<a href=\"https:\/\/lp.suno.com.br\/planilha-controle-gastos\/\" target=\"_blank\" data-element=\"shortcode-suno-banner\" title=\"Banner SUNO, clique e saiba mais\">\n\t\t\t<picture>\n\t\t\t\t<source media=\"(max-width: 500px)\" srcset=\"https:\/\/files.sunoresearch.com.br\/n\/uploads\/2023\/03\/400x300-Planilha-controle-de-gastos.png\">\n\t\t\t\t<img class=\"newsContent__article__imgCapa newsContent__article__imgCapa--banner\"\n\t\t\t\t\tsrc=\"https:\/\/files.sunoresearch.com.br\/n\/uploads\/2023\/03\/1420x240-Planilha-controle-de-gastos.png\"\n\t\t\t\t\tdata-promo-id=\"101751\"\t\t\t\t\t\t\t\t\t\twidth='1420' height='240'\t\t\t\t\talt=\"https:\/\/files.sunoresearch.com.br\/n\/uploads\/2023\/03\/1420x240-Planilha-controle-de-gastos.png\"\n\t\t\t\t>\n\t\t\t<\/picture>\n\t\t<\/a>\n\t<\/p>\n\n\n<p>O an\u00fancio desta noite surpreender alguns setores do mercado, cujas previs\u00f5es giravam em torno de uma aumento de 0,5 ponto percentual.<\/p>\n<p>Segundo o Copom, &#8220;uma estrat\u00e9gia de ajuste mais c\u00e9lere do grau de est\u00edmulo tem como benef\u00edcio reduzir a probabilidade de n\u00e3o cumprimento da meta para a infla\u00e7\u00e3o deste ano, assim como manter a ancoragem das expectativas para horizontes mais longos&#8221;.<\/p>\n<p><iframe loading=\"lazy\" title=\"Taxa Selic sobe para 2,75% | Veja o que acontece com seus investimentos\" width=\"1080\" height=\"608\" src=\"https:\/\/www.youtube.com\/embed\/e_0aEdnIZvE?feature=oembed&#038;enablejsapi=1&#038;origin=https:\/\/www.suno.com.br\" frameborder=\"0\" allow=\"accelerometer; autoplay; clipboard-write; encrypted-media; gyroscope; picture-in-picture\" allowfullscreen><\/iframe><\/p>\n<p>Embora mais elevada, uma alta j\u00e1 era esperada pelos agentes do mercado, muito por conta da retirada da ferramenta de forward guidance, uma orienta\u00e7\u00e3o futura oferecida pela autoridade monet\u00e1ria, na \u00faltima reuni\u00e3o do Copom. O fim ao instrumento, disse <strong>Nicolas Takeo<\/strong>, gerente de an\u00e1lise da Singulare, \u201cpreparou o terreno para uma alta nos juros.\u201d<\/p>\n<p>A raz\u00e3o para a retirada do forward guidance foi a infla\u00e7\u00e3o, a <a href=\"https:\/\/www.suno.com.br\/noticias\/inflacao-mais-uma-vez-boom-commodities\/\">&#8220;bela adormecida&#8221;<\/a> que voltou a aparecer no horizonte. De acordo com o \u00faltimo Boletim Focus, a proje\u00e7\u00e3o para o \u00cdndice de Pre\u00e7os ao Consumidor Amplo (IPCA) de 2021 est\u00e1 em 4,60%, n\u00edvel superior ao centro da meta, de 3,75%.<\/p>\n<p><a href=\"https:\/\/lp.suno.com.br\/suno-one\/\">Suno One: acesse gratuitamente eBooks, Minicursos, Artigos e V\u00eddeo Aulas sobre investimentos com um \u00fanico cadastro. Clique para saber mais!<\/a><\/p>\n<p>Entre os principais alvos do aumento de pre\u00e7os est\u00e3o o grupo de alimentos e combust\u00edveis, impulsionados mais por uma alta nos commodities no exterior do que por uma demanda s\u00f3lida, fruto de uma reativa\u00e7\u00e3o da economia.<\/p>\n<p>Somando isso a um real desvalorizado e uma taxa livre de risco reduzida tem-se um &#8220;c\u00edrculo vicioso&#8221;, afirmou <strong>Marcos De Callis<\/strong>, estrategista da Hieron Patrim\u00f4nio Familiar e Investimento, no qual a curva de juros se empina cada vez mais.<\/p>\n\t<div data-element=\"shortcode-read-more\" class=\"knowMore\">\n\t\t\t\t<span class=\"knowMore__title\">Saiba mais<\/span>\n\t\t\t\t<a class=\"knowMore__link\" href=\"https:\/\/www.suno.com.br\/noticias\/o-que-muda-para-o-investidor-com-a-potencial-elevacao-da-taxa-selic\/\">\n\t\t\tO que muda para o investidor com a potencial eleva\u00e7\u00e3o da taxa Selic?\t\t<\/a>\n\t<\/div>\n\n\n<p>&#8220;O Banco Central deveria carregar mais rapidamente o ajuste de juros&#8221;, para &#8220;um patamar mais condizente com a percep\u00e7\u00e3o de risco&#8221;, ressaltou o especialista. &#8220;O Banco Central tem de se posicionar, n\u00e3o pode ser ativista&#8221;. &#8220;Tem de se preocupar com a ancoragem da infla\u00e7\u00e3o.&#8221;<\/p>\n<p>&#8220;Os membros do Copom consideram que o cen\u00e1rio atual j\u00e1 n\u00e3o prescreve um grau de est\u00edmulo extraordin\u00e1rio. O PIB encerrou 2020 com crescimento forte na margem, recuperando a maior parte da queda observada no primeiro semestre, e as expectativas de infla\u00e7\u00e3o passaram a se situar acima da meta no horizonte relevante de pol\u00edtica monet\u00e1ria. Adicionalmente, houve eleva\u00e7\u00e3o das proje\u00e7\u00f5es de infla\u00e7\u00e3o para n\u00edveis pr\u00f3ximos ao limite superior da meta em 2021&#8221;, salientou o comit\u00ea<\/p>\n<p>Veja o comunicado do Copom na \u00edntegra.<\/p>\n<p><iframe loading=\"lazy\" id=\"doc_91808\" class=\"scribd_iframe_embed\" title=\"copom\" src=\"https:\/\/pt.scribd.com\/embeds\/499205348\/content?start_page=1&amp;view_mode=scroll&amp;access_key=key-NlYJLYZULiytti0eGu6p\" width=\"600\" height=\"800\" frameborder=\"0\" scrolling=\"no\" data-auto-height=\"false\" data-aspect-ratio=\"0.7080062794348508\"><\/iframe><\/p>\n<h2>Copom sinaliza nova aumento de 0,75 p.p. da Selic<\/h2>\n<p>O Copom n\u00e3o s\u00f3 surpreendeu o mercado uma alta da Selic mais forte do que a prevista mas tamb\u00e9m com uma sinaliza\u00e7\u00e3o de um novo aumento de 0,75 ponto percentual na pr\u00f3xima reuni\u00e3o.<\/p>\n<p>&#8220;A menos de uma mudan\u00e7a significativa nas proje\u00e7\u00f5es de infla\u00e7\u00e3o ou no balan\u00e7o de riscos, o Comit\u00ea antev\u00ea a continua\u00e7\u00e3o do processo de normaliza\u00e7\u00e3o parcial do est\u00edmulo monet\u00e1rio com outro ajuste da mesma magnitude&#8221;, comunicou o \u00f3rg\u00e3o.<\/p>\n<p>O comit\u00ea ainda ponderou dizendo que a indica\u00e7\u00e3o de uma nova arrancada da <strong>Selic<\/strong> continuar\u00e1 a depender da evolu\u00e7\u00e3o da atividade econ\u00f4mica, do balan\u00e7o de riscos, e das proje\u00e7\u00f5es e expectativas de infla\u00e7\u00e3o.<\/p>\n\t<p>\n\t\t<a href=\"https:\/\/lp.suno.com.br\/planilha-de-controle-de-investimentos\/\" target=\"_blank\" data-element=\"shortcode-suno-banner\" title=\"Banner SUNO, clique e saiba mais\">\n\t\t\t<picture>\n\t\t\t\t<source media=\"(max-width: 500px)\" srcset=\"https:\/\/files.sunoresearch.com.br\/n\/uploads\/2023\/03\/400x300-Controle-de-Investimentos.png\">\n\t\t\t\t<img class=\"newsContent__article__imgCapa newsContent__article__imgCapa--banner\"\n\t\t\t\t\tsrc=\"https:\/\/files.sunoresearch.com.br\/n\/uploads\/2023\/03\/1420x240-Controle-de-Investimentos.png\"\n\t\t\t\t\tdata-promo-id=\"75934\"\t\t\t\t\t\t\t\t\t\twidth='1420' height='240'\t\t\t\t\talt=\"https:\/\/files.sunoresearch.com.br\/n\/uploads\/2023\/03\/1420x240-Controle-de-Investimentos.png\"\n\t\t\t\t>\n\t\t\t<\/picture>\n\t\t<\/a>\n\t<\/p>\n\n\n","protected":false},"excerpt":{"rendered":"<p>Em decis\u00e3o un\u00e2nime, o Conselho de Pol\u00edtica Monet\u00e1ria (Copom) do Banco Central (BC) aumentou nesta quarta-feira (17) a taxa b\u00e1sica de juros (Selic) de sua m\u00ednima hist\u00f3rica de 2,00% ao ano para 2,75% ao ano. Esta \u00e9 a primeira vez desde 2015 que a meta foi elevada pelo colegiado. Divulga\u00e7\u00e3o pelo BC da ata do [&hellip;]<\/p>\n","protected":false},"author":35,"featured_media":116353,"comment_status":"closed","ping_status":"closed","sticky":false,"template":"","format":"standard","meta":[],"categories":[62],"tags":[1104,850,290],"suno_strategy":[],"class_list":["post-132616","post","type-post","status-publish","format-standard","has-post-thumbnail","hentry","category-economia","tag-copom","tag-inflacao","tag-taxa-selic"],"yoast_head":"<!-- This site is optimized with the Yoast SEO plugin v24.4 - https:\/\/yoast.com\/wordpress\/plugins\/seo\/ -->\n<title>Copom surpreende e leva Selic para 2,75%; indica nova alta de 0,75%<\/title>\n<meta name=\"description\" content=\"Pela primeira vez em seis anos que a meta da taxa b\u00e1sica de juros (Selic) foi elevada pelo colegiado do Copom. Clique aqui para saber mais\" \/>\n<meta name=\"robots\" content=\"index, follow, max-snippet:-1, max-image-preview:large, max-video-preview:-1\" \/>\n<link rel=\"canonical\" href=\"https:\/\/www.suno.com.br\/noticias\/copom-eleva-selic-apos-anos-cortes\/\" \/>\n<meta property=\"og:locale\" content=\"pt_BR\" \/>\n<meta property=\"og:type\" content=\"article\" \/>\n<meta property=\"og:title\" content=\"Copom surpreende e leva Selic para 2,75%; indica nova alta de 0,75%\" \/>\n<meta property=\"og:description\" content=\"Pela primeira vez em seis anos que a meta da taxa b\u00e1sica de juros (Selic) foi elevada pelo colegiado do Copom. Clique aqui para saber mais\" \/>\n<meta property=\"og:url\" content=\"https:\/\/www.suno.com.br\/noticias\/copom-eleva-selic-apos-anos-cortes\/\" \/>\n<meta property=\"og:site_name\" content=\"Suno Not\u00edcias\" \/>\n<meta property=\"article:publisher\" content=\"https:\/\/facebook.com\/sunoresearch\" \/>\n<meta property=\"og:image\" content=\"https:\/\/files.sunoresearch.com.br\/n\/uploads\/2021\/01\/42eff0a7-copom.jpg\" \/>\n\t<meta property=\"og:image:width\" content=\"1024\" \/>\n\t<meta property=\"og:image:height\" content=\"683\" \/>\n\t<meta property=\"og:image:type\" content=\"image\/jpeg\" \/>\n<meta name=\"author\" content=\"Arthur Guimar\u00e3es\" \/>\n<meta name=\"twitter:card\" content=\"summary_large_image\" \/>\n<meta name=\"twitter:creator\" content=\"@sunoresearch\" \/>\n<meta name=\"twitter:site\" content=\"@sunoresearch\" \/>\n<meta name=\"twitter:label1\" content=\"Escrito por\" \/>\n\t<meta name=\"twitter:data1\" content=\"Arthur Guimar\u00e3es\" \/>\n\t<meta name=\"twitter:label2\" content=\"Est. tempo de leitura\" \/>\n\t<meta name=\"twitter:data2\" content=\"3 minutos\" \/>\n<script type=\"application\/ld+json\" class=\"yoast-schema-graph\">{\"@context\":\"https:\/\/schema.org\",\"@graph\":[{\"@type\":\"NewsArticle\",\"@id\":\"https:\/\/www.suno.com.br\/noticias\/copom-eleva-selic-apos-anos-cortes\/#article\",\"isPartOf\":{\"@id\":\"https:\/\/www.suno.com.br\/noticias\/copom-eleva-selic-apos-anos-cortes\/\"},\"author\":{\"name\":\"Arthur Guimar\u00e3es\",\"@id\":\"https:\/\/www.suno.com.br\/noticias\/#\/schema\/person\/053a750a709a263919a20f976caae91c\"},\"headline\":\"Copom surpreende e leva Selic para 2,75%; indica nova alta de 0,75%\",\"datePublished\":\"2021-03-17T21:52:07+00:00\",\"dateModified\":\"2021-03-18T02:05:06+00:00\",\"mainEntityOfPage\":{\"@id\":\"https:\/\/www.suno.com.br\/noticias\/copom-eleva-selic-apos-anos-cortes\/\"},\"wordCount\":633,\"publisher\":{\"@id\":\"https:\/\/www.suno.com.br\/noticias\/#organization\"},\"image\":{\"@id\":\"https:\/\/www.suno.com.br\/noticias\/copom-eleva-selic-apos-anos-cortes\/#primaryimage\"},\"thumbnailUrl\":\"https:\/\/files.sunoresearch.com.br\/n\/uploads\/2021\/01\/42eff0a7-copom-jpg.webp\",\"keywords\":[\"Copom\",\"infla\u00e7\u00e3o\",\"Taxa Selic\"],\"articleSection\":[\"Economia\"],\"inLanguage\":\"pt-BR\"},{\"@type\":\"WebPage\",\"@id\":\"https:\/\/www.suno.com.br\/noticias\/copom-eleva-selic-apos-anos-cortes\/\",\"url\":\"https:\/\/www.suno.com.br\/noticias\/copom-eleva-selic-apos-anos-cortes\/\",\"name\":\"Copom surpreende e leva Selic para 2,75%; indica nova alta de 0,75%\",\"isPartOf\":{\"@id\":\"https:\/\/www.suno.com.br\/noticias\/#website\"},\"primaryImageOfPage\":{\"@id\":\"https:\/\/www.suno.com.br\/noticias\/copom-eleva-selic-apos-anos-cortes\/#primaryimage\"},\"image\":{\"@id\":\"https:\/\/www.suno.com.br\/noticias\/copom-eleva-selic-apos-anos-cortes\/#primaryimage\"},\"thumbnailUrl\":\"https:\/\/files.sunoresearch.com.br\/n\/uploads\/2021\/01\/42eff0a7-copom-jpg.webp\",\"datePublished\":\"2021-03-17T21:52:07+00:00\",\"dateModified\":\"2021-03-18T02:05:06+00:00\",\"description\":\"Pela primeira vez em seis anos que a meta da taxa b\u00e1sica de juros (Selic) foi elevada pelo colegiado do Copom. Clique aqui para saber mais\",\"breadcrumb\":{\"@id\":\"https:\/\/www.suno.com.br\/noticias\/copom-eleva-selic-apos-anos-cortes\/#breadcrumb\"},\"inLanguage\":\"pt-BR\",\"potentialAction\":[{\"@type\":\"ReadAction\",\"target\":[\"https:\/\/www.suno.com.br\/noticias\/copom-eleva-selic-apos-anos-cortes\/\"]}]},{\"@type\":\"ImageObject\",\"inLanguage\":\"pt-BR\",\"@id\":\"https:\/\/www.suno.com.br\/noticias\/copom-eleva-selic-apos-anos-cortes\/#primaryimage\",\"url\":\"https:\/\/files.sunoresearch.com.br\/n\/uploads\/2021\/01\/42eff0a7-copom-jpg.webp\",\"contentUrl\":\"https:\/\/files.sunoresearch.com.br\/n\/uploads\/2021\/01\/42eff0a7-copom-jpg.webp\",\"width\":1024,\"height\":683,\"caption\":\"Divulga\u00e7\u00e3o pelo BC da ata do Copom \u00e9 destaque na agenda do dia\"},{\"@type\":\"BreadcrumbList\",\"@id\":\"https:\/\/www.suno.com.br\/noticias\/copom-eleva-selic-apos-anos-cortes\/#breadcrumb\",\"itemListElement\":[{\"@type\":\"ListItem\",\"position\":1,\"name\":\"Not\u00edcias\",\"item\":\"https:\/\/www.suno.com.br\/noticias\/\"},{\"@type\":\"ListItem\",\"position\":2,\"name\":\"Economia\",\"item\":\"https:\/\/www.suno.com.br\/noticias\/economia\/\"},{\"@type\":\"ListItem\",\"position\":3,\"name\":\"Copom surpreende e leva Selic para 2,75%; indica nova alta de 0,75%\"}]},{\"@type\":\"WebSite\",\"@id\":\"https:\/\/www.suno.com.br\/noticias\/#website\",\"url\":\"https:\/\/www.suno.com.br\/noticias\/\",\"name\":\"Suno Not\u00edcias\",\"description\":\"Seu portal de informa\u00e7\u00e3o sobre o mundo dos investimentos\",\"publisher\":{\"@id\":\"https:\/\/www.suno.com.br\/noticias\/#organization\"},\"potentialAction\":[{\"@type\":\"SearchAction\",\"target\":{\"@type\":\"EntryPoint\",\"urlTemplate\":\"https:\/\/www.suno.com.br\/noticias\/?s={search_term_string}\"},\"query-input\":{\"@type\":\"PropertyValueSpecification\",\"valueRequired\":true,\"valueName\":\"search_term_string\"}}],\"inLanguage\":\"pt-BR\"},{\"@type\":\"Organization\",\"@id\":\"https:\/\/www.suno.com.br\/noticias\/#organization\",\"name\":\"Suno Not\u00edcias\",\"url\":\"https:\/\/www.suno.com.br\/noticias\/\",\"logo\":{\"@type\":\"ImageObject\",\"inLanguage\":\"pt-BR\",\"@id\":\"https:\/\/www.suno.com.br\/noticias\/#\/schema\/logo\/image\/\",\"url\":\"https:\/\/files.sunoresearch.com.br\/n\/uploads\/2021\/09\/suno-logo.png\",\"contentUrl\":\"https:\/\/files.sunoresearch.com.br\/n\/uploads\/2021\/09\/suno-logo.png\",\"width\":180,\"height\":180,\"caption\":\"Suno Not\u00edcias\"},\"image\":{\"@id\":\"https:\/\/www.suno.com.br\/noticias\/#\/schema\/logo\/image\/\"},\"sameAs\":[\"https:\/\/facebook.com\/sunoresearch\",\"https:\/\/x.com\/sunoresearch\",\"https:\/\/www.instagram.com\/suno\",\"https:\/\/www.linkedin.com\/company\/suno-research\/\",\"https:\/\/www.youtube.com\/c\/sunoresearch\"]},{\"@type\":\"Person\",\"@id\":\"https:\/\/www.suno.com.br\/noticias\/#\/schema\/person\/053a750a709a263919a20f976caae91c\",\"name\":\"Arthur Guimar\u00e3es\",\"image\":{\"@type\":\"ImageObject\",\"inLanguage\":\"pt-BR\",\"@id\":\"https:\/\/www.suno.com.br\/noticias\/#\/schema\/person\/image\/\",\"url\":\"https:\/\/secure.gravatar.com\/avatar\/1affd86a11209ae09eb6dd3bcad3e96c?s=96&r=g\",\"contentUrl\":\"https:\/\/secure.gravatar.com\/avatar\/1affd86a11209ae09eb6dd3bcad3e96c?s=96&r=g\",\"caption\":\"Arthur Guimar\u00e3es\"},\"description\":\"Arthur Guimar\u00e3es escreve sobre pol\u00edtica, economia e neg\u00f3cios para o portal de not\u00edcias da Suno Research. Atualmente, \u00e9 estudante de jornalismo pela Faculdade C\u00e1sper L\u00edbero.\",\"url\":\"https:\/\/www.suno.com.br\/noticias\/author\/arthur-guimaraes\/\"}]}<\/script>\n<!-- \/ Yoast SEO plugin. -->","yoast_head_json":{"title":"Copom surpreende e leva Selic para 2,75%; indica nova alta de 0,75%","description":"Pela primeira vez em seis anos que a meta da taxa b\u00e1sica de juros (Selic) foi elevada pelo colegiado do Copom. Clique aqui para saber mais","robots":{"index":"index","follow":"follow","max-snippet":"max-snippet:-1","max-image-preview":"max-image-preview:large","max-video-preview":"max-video-preview:-1"},"canonical":"https:\/\/www.suno.com.br\/noticias\/copom-eleva-selic-apos-anos-cortes\/","og_locale":"pt_BR","og_type":"article","og_title":"Copom surpreende e leva Selic para 2,75%; indica nova alta de 0,75%","og_description":"Pela primeira vez em seis anos que a meta da taxa b\u00e1sica de juros (Selic) foi elevada pelo colegiado do Copom. Clique aqui para saber mais","og_url":"https:\/\/www.suno.com.br\/noticias\/copom-eleva-selic-apos-anos-cortes\/","og_site_name":"Suno Not\u00edcias","article_publisher":"https:\/\/facebook.com\/sunoresearch","og_image":[{"width":1024,"height":683,"url":"https:\/\/files.sunoresearch.com.br\/n\/uploads\/2021\/01\/42eff0a7-copom.jpg","type":"image\/jpeg"}],"author":"Arthur Guimar\u00e3es","twitter_card":"summary_large_image","twitter_creator":"@sunoresearch","twitter_site":"@sunoresearch","twitter_misc":{"Escrito por":"Arthur Guimar\u00e3es","Est. tempo de leitura":"3 minutos"},"schema":{"@context":"https:\/\/schema.org","@graph":[{"@type":"NewsArticle","@id":"https:\/\/www.suno.com.br\/noticias\/copom-eleva-selic-apos-anos-cortes\/#article","isPartOf":{"@id":"https:\/\/www.suno.com.br\/noticias\/copom-eleva-selic-apos-anos-cortes\/"},"author":{"name":"Arthur Guimar\u00e3es","@id":"https:\/\/www.suno.com.br\/noticias\/#\/schema\/person\/053a750a709a263919a20f976caae91c"},"headline":"Copom surpreende e leva Selic para 2,75%; indica nova alta de 0,75%","datePublished":"2021-03-17T21:52:07+00:00","dateModified":"2021-03-18T02:05:06+00:00","mainEntityOfPage":{"@id":"https:\/\/www.suno.com.br\/noticias\/copom-eleva-selic-apos-anos-cortes\/"},"wordCount":633,"publisher":{"@id":"https:\/\/www.suno.com.br\/noticias\/#organization"},"image":{"@id":"https:\/\/www.suno.com.br\/noticias\/copom-eleva-selic-apos-anos-cortes\/#primaryimage"},"thumbnailUrl":"https:\/\/files.sunoresearch.com.br\/n\/uploads\/2021\/01\/42eff0a7-copom-jpg.webp","keywords":["Copom","infla\u00e7\u00e3o","Taxa Selic"],"articleSection":["Economia"],"inLanguage":"pt-BR"},{"@type":"WebPage","@id":"https:\/\/www.suno.com.br\/noticias\/copom-eleva-selic-apos-anos-cortes\/","url":"https:\/\/www.suno.com.br\/noticias\/copom-eleva-selic-apos-anos-cortes\/","name":"Copom surpreende e leva Selic para 2,75%; indica nova alta de 0,75%","isPartOf":{"@id":"https:\/\/www.suno.com.br\/noticias\/#website"},"primaryImageOfPage":{"@id":"https:\/\/www.suno.com.br\/noticias\/copom-eleva-selic-apos-anos-cortes\/#primaryimage"},"image":{"@id":"https:\/\/www.suno.com.br\/noticias\/copom-eleva-selic-apos-anos-cortes\/#primaryimage"},"thumbnailUrl":"https:\/\/files.sunoresearch.com.br\/n\/uploads\/2021\/01\/42eff0a7-copom-jpg.webp","datePublished":"2021-03-17T21:52:07+00:00","dateModified":"2021-03-18T02:05:06+00:00","description":"Pela primeira vez em seis anos que a meta da taxa b\u00e1sica de juros (Selic) foi elevada pelo colegiado do Copom. Clique aqui para saber mais","breadcrumb":{"@id":"https:\/\/www.suno.com.br\/noticias\/copom-eleva-selic-apos-anos-cortes\/#breadcrumb"},"inLanguage":"pt-BR","potentialAction":[{"@type":"ReadAction","target":["https:\/\/www.suno.com.br\/noticias\/copom-eleva-selic-apos-anos-cortes\/"]}]},{"@type":"ImageObject","inLanguage":"pt-BR","@id":"https:\/\/www.suno.com.br\/noticias\/copom-eleva-selic-apos-anos-cortes\/#primaryimage","url":"https:\/\/files.sunoresearch.com.br\/n\/uploads\/2021\/01\/42eff0a7-copom-jpg.webp","contentUrl":"https:\/\/files.sunoresearch.com.br\/n\/uploads\/2021\/01\/42eff0a7-copom-jpg.webp","width":1024,"height":683,"caption":"Divulga\u00e7\u00e3o pelo BC da ata do Copom \u00e9 destaque na agenda do dia"},{"@type":"BreadcrumbList","@id":"https:\/\/www.suno.com.br\/noticias\/copom-eleva-selic-apos-anos-cortes\/#breadcrumb","itemListElement":[{"@type":"ListItem","position":1,"name":"Not\u00edcias","item":"https:\/\/www.suno.com.br\/noticias\/"},{"@type":"ListItem","position":2,"name":"Economia","item":"https:\/\/www.suno.com.br\/noticias\/economia\/"},{"@type":"ListItem","position":3,"name":"Copom surpreende e leva Selic para 2,75%; indica nova alta de 0,75%"}]},{"@type":"WebSite","@id":"https:\/\/www.suno.com.br\/noticias\/#website","url":"https:\/\/www.suno.com.br\/noticias\/","name":"Suno Not\u00edcias","description":"Seu portal de informa\u00e7\u00e3o sobre o mundo dos investimentos","publisher":{"@id":"https:\/\/www.suno.com.br\/noticias\/#organization"},"potentialAction":[{"@type":"SearchAction","target":{"@type":"EntryPoint","urlTemplate":"https:\/\/www.suno.com.br\/noticias\/?s={search_term_string}"},"query-input":{"@type":"PropertyValueSpecification","valueRequired":true,"valueName":"search_term_string"}}],"inLanguage":"pt-BR"},{"@type":"Organization","@id":"https:\/\/www.suno.com.br\/noticias\/#organization","name":"Suno Not\u00edcias","url":"https:\/\/www.suno.com.br\/noticias\/","logo":{"@type":"ImageObject","inLanguage":"pt-BR","@id":"https:\/\/www.suno.com.br\/noticias\/#\/schema\/logo\/image\/","url":"https:\/\/files.sunoresearch.com.br\/n\/uploads\/2021\/09\/suno-logo.png","contentUrl":"https:\/\/files.sunoresearch.com.br\/n\/uploads\/2021\/09\/suno-logo.png","width":180,"height":180,"caption":"Suno Not\u00edcias"},"image":{"@id":"https:\/\/www.suno.com.br\/noticias\/#\/schema\/logo\/image\/"},"sameAs":["https:\/\/facebook.com\/sunoresearch","https:\/\/x.com\/sunoresearch","https:\/\/www.instagram.com\/suno","https:\/\/www.linkedin.com\/company\/suno-research\/","https:\/\/www.youtube.com\/c\/sunoresearch"]},{"@type":"Person","@id":"https:\/\/www.suno.com.br\/noticias\/#\/schema\/person\/053a750a709a263919a20f976caae91c","name":"Arthur Guimar\u00e3es","image":{"@type":"ImageObject","inLanguage":"pt-BR","@id":"https:\/\/www.suno.com.br\/noticias\/#\/schema\/person\/image\/","url":"https:\/\/secure.gravatar.com\/avatar\/1affd86a11209ae09eb6dd3bcad3e96c?s=96&r=g","contentUrl":"https:\/\/secure.gravatar.com\/avatar\/1affd86a11209ae09eb6dd3bcad3e96c?s=96&r=g","caption":"Arthur Guimar\u00e3es"},"description":"Arthur Guimar\u00e3es escreve sobre pol\u00edtica, economia e neg\u00f3cios para o portal de not\u00edcias da Suno Research. Atualmente, \u00e9 estudante de jornalismo pela Faculdade C\u00e1sper L\u00edbero.","url":"https:\/\/www.suno.com.br\/noticias\/author\/arthur-guimaraes\/"}]}},"default_loop_html":"<div class=\"cardsPage__listCard__boxs\"><div class=\"cardsPage__listCard__boxs__img\"><a href=\"https:\/\/www.suno.com.br\/noticias\/copom-eleva-selic-apos-anos-cortes\/\"><img class=\"mask\" src=\"https:\/\/www.suno.com.br\/noticias\/wp-content\/themes\/suno\/resources\/images\/spotlight\/spotlight1img\/bg-mask.png\" alt=\"Image Mask\"\/><img src=\"https:\/\/files.sunoresearch.com.br\/n\/uploads\/2021\/01\/42eff0a7-copom-400x200.webp\" alt=\"Copom surpreende e leva Selic para 2,75%; indica nova alta de 0,75%\"\/><\/a><span class=\"spotlightCategory\"><a href=\"https:\/\/www.suno.com.br\/noticias\/economia\/\">Economia<\/a><\/span><\/div><div class=\"cardsPage__listCard__boxs__content\"><a href=\"https:\/\/www.suno.com.br\/noticias\/copom-eleva-selic-apos-anos-cortes\/\"><h2 class=\"content__title\">Copom surpreende e leva Selic para 2,75%; indica nova alta de 0,75%<\/h2><\/a><div class=\"newsContent__article__meta\"><div class=\"newsContent__article__meta__authorBox\"><a href=\"https:\/\/www.suno.com.br\/noticias\/author\/arthur-guimaraes\/\" class=\"authorBox__avatar noMobi\"><img src=\"https:\/\/files.sunoresearch.com.br\/n\/uploads\/2020\/02\/dfb40897-eu-150x150.webp\" alt=\"Arthur Guimar\u00e3es\"><\/a><div class=\"authorBox__name\"><span>por\n\t\t\t<a href=\"https:\/\/www.suno.com.br\/noticias\/author\/arthur-guimaraes\/\"><span itemprop=\"author\">Arthur Guimar\u00e3es<\/span><\/a><\/span><time datetime=\"2021-03-17T18:52:07-03:00\" itemprop=\"datePublished\">17\/03\/2021 18:52<\/time><\/div><\/div><\/div><\/div><\/div>","single_layout":"posts","amp_enabled":true,"_links":{"self":[{"href":"https:\/\/www.suno.com.br\/noticias\/wp-json\/wp\/v2\/posts\/132616"}],"collection":[{"href":"https:\/\/www.suno.com.br\/noticias\/wp-json\/wp\/v2\/posts"}],"about":[{"href":"https:\/\/www.suno.com.br\/noticias\/wp-json\/wp\/v2\/types\/post"}],"author":[{"embeddable":true,"href":"https:\/\/www.suno.com.br\/noticias\/wp-json\/wp\/v2\/users\/35"}],"replies":[{"embeddable":true,"href":"https:\/\/www.suno.com.br\/noticias\/wp-json\/wp\/v2\/comments?post=132616"}],"version-history":[{"count":10,"href":"https:\/\/www.suno.com.br\/noticias\/wp-json\/wp\/v2\/posts\/132616\/revisions"}],"predecessor-version":[{"id":132739,"href":"https:\/\/www.suno.com.br\/noticias\/wp-json\/wp\/v2\/posts\/132616\/revisions\/132739"}],"wp:featuredmedia":[{"embeddable":true,"href":"https:\/\/www.suno.com.br\/noticias\/wp-json\/wp\/v2\/media\/116353"}],"wp:attachment":[{"href":"https:\/\/www.suno.com.br\/noticias\/wp-json\/wp\/v2\/media?parent=132616"}],"wp:term":[{"taxonomy":"category","embeddable":true,"href":"https:\/\/www.suno.com.br\/noticias\/wp-json\/wp\/v2\/categories?post=132616"},{"taxonomy":"post_tag","embeddable":true,"href":"https:\/\/www.suno.com.br\/noticias\/wp-json\/wp\/v2\/tags?post=132616"},{"taxonomy":"suno_strategy","embeddable":true,"href":"https:\/\/www.suno.com.br\/noticias\/wp-json\/wp\/v2\/suno_strategy?post=132616"}],"curies":[{"name":"wp","href":"https:\/\/api.w.org\/{rel}","templated":true}]}}