{"id":132597,"date":"2021-03-17T19:19:07","date_gmt":"2021-03-17T22:19:07","guid":{"rendered":"https:\/\/www.suno.com.br\/noticias\/?p=132597"},"modified":"2021-03-17T19:19:07","modified_gmt":"2021-03-17T22:19:07","slug":"fitch-ratings-previsao-crescimento-pib-global","status":"publish","type":"post","link":"https:\/\/www.suno.com.br\/noticias\/fitch-ratings-previsao-crescimento-pib-global\/","title":{"rendered":"Fitch Ratings: Previs\u00e3o para crescimento do PIB global vai de 5,3% para 6,1%"},"content":{"rendered":"<p>A <strong>Fitch Ratings<\/strong> elevou a previs\u00e3o para o crescimento do <a href=\"https:\/\/www.suno.com.br\/artigos\/pib-produto-interno-bruto\/\"><strong>Produto Interno Bruto (PIB) global<\/strong><\/a> em 2021, de 5,3% para 6,1%. O relat\u00f3rio foi divulgado nesta quarta-feira (17) pela ag\u00eancia.<\/p>\t<div class=\"wrapper-featured-image\">\n\t\t<figure class=\"spotlightImg\">\n\n\t\t\t<picture>\n\t\t\t\t<source media=\"(max-width: 768px)\" srcset=\"https:\/\/files.sunoresearch.com.br\/n\/uploads\/2020\/11\/ed20f3e0-reais-800x450-3-400x200.webp\">\n\t\t\t\t<img loading=\"lazy\" decoding=\"async\" class=\"newsContent__article__imgCapa lazyloadDisabled \" src=\"https:\/\/files.sunoresearch.com.br\/n\/uploads\/2020\/11\/ed20f3e0-reais-800x450-3-jpg.webp\" width=\"800\" height=\"450\" alt=\"Fitch Ratings: Previs\u00e3o para crescimento do PIB global vai de 5,3% para 6,1%\" fetchpriority=high \/>\n\t\t\t<\/picture>\n\n\t\t\t<figcaption class=\"wp-caption-text wp-caption-text--show\">PIB 2\u00ba tri 2025: alta de 0,4% e R$ 3,2 trilh\u00f5es<\/figcaption>\n\t\t<\/figure>\n\t<\/div>\n\n\n\t<p>\n\t\t<a href=\"https:\/\/lp.suno.com.br\/planilha-controle-gastos\/\" target=\"_blank\" data-element=\"shortcode-suno-banner\" title=\"Banner SUNO, clique e saiba mais\">\n\t\t\t<picture>\n\t\t\t\t<source media=\"(max-width: 500px)\" srcset=\"https:\/\/files.sunoresearch.com.br\/n\/uploads\/2023\/03\/400x300-Planilha-controle-de-gastos.png\">\n\t\t\t\t<img class=\"newsContent__article__imgCapa newsContent__article__imgCapa--banner\"\n\t\t\t\t\tsrc=\"https:\/\/files.sunoresearch.com.br\/n\/uploads\/2023\/03\/1420x240-Planilha-controle-de-gastos.png\"\n\t\t\t\t\tdata-promo-id=\"101751\"\t\t\t\t\t\t\t\t\t\twidth='1420' height='240'\t\t\t\t\talt=\"https:\/\/files.sunoresearch.com.br\/n\/uploads\/2023\/03\/1420x240-Planilha-controle-de-gastos.png\"\n\t\t\t\t>\n\t\t\t<\/picture>\n\t\t<\/a>\n\t<\/p>\n\n\n<p>No documento, a ag\u00eancia explica que o principal fator que motivou a revis\u00e3o do PIB global foi a aprova\u00e7\u00e3o do novo pacote de US$ 1,9 trilh\u00e3o em est\u00edmulos \u00e0 economia dos Estados Unidos.<\/p>\n<p>A institui\u00e7\u00e3o tamb\u00e9m melhorou as proje\u00e7\u00f5es para o PIB dos seguintes locais:<\/p>\n<ul>\n<li>EUA: de 4,5% para 6,2%<\/li>\n<li>China: de 8% para 8,4%,<\/li>\n<li>Zona do euro: ficou inalterada em 4,7%<\/li>\n<\/ul>\n<p>A Fitch prev\u00ea ainda que o PIB de emergentes, excluindo-se a China, crescer\u00e1 6% este ano, frente \u00e0 estimativa de 5% na atualiza\u00e7\u00e3o dezembro.<\/p>\n<p><a href=\"https:\/\/lp.suno.com.br\/suno-one\/\">Suno One: acesse gratuitamente eBooks, Minicursos, Artigos e V\u00eddeo Aulas sobre investimentos com um \u00fanico cadastro. Clique para saber mais!<\/a><\/p>\n<p>No documento, a ag\u00eancia explica que, al\u00e9m dos EUA, Jap\u00e3o, Reino Unido, It\u00e1lia, Alemanha e \u00cdndia tamb\u00e9m anunciaram mais medidas de al\u00edvio econ\u00f4mico.<\/p>\n<p>J\u00e1 a China, segundo a an\u00e1lise, \u00e9 a \u00fanica das grandes economias que come\u00e7a a &#8220;normalizar as configura\u00e7\u00f5es de pol\u00edtica macroecon\u00f4micas&#8221;, com redu\u00e7\u00e3o do d\u00e9ficit fiscal.<\/p>\n\t<p>\n\t\t<a href=\"https:\/\/lp.suno.com.br\/planilha-da-vida-financeira\/\" target=\"_blank\" data-element=\"shortcode-suno-banner\" title=\"Banner SUNO, clique e saiba mais\">\n\t\t\t<picture>\n\t\t\t\t<source media=\"(max-width: 500px)\" srcset=\"https:\/\/files.sunoresearch.com.br\/n\/uploads\/2023\/04\/400x300-Planilha-vida-financeira-true.png\">\n\t\t\t\t<img class=\"newsContent__article__imgCapa newsContent__article__imgCapa--banner\"\n\t\t\t\t\tsrc=\"https:\/\/files.sunoresearch.com.br\/n\/uploads\/2023\/04\/1420x240-Planilha-vida-financeira-true.png\"\n\t\t\t\t\tdata-promo-id=\"106682\"\t\t\t\t\t\t\t\t\t\twidth='1420' height='240'\t\t\t\t\talt=\"https:\/\/files.sunoresearch.com.br\/n\/uploads\/2023\/04\/1420x240-Planilha-vida-financeira-true.png\"\n\t\t\t\t>\n\t\t\t<\/picture>\n\t\t<\/a>\n\t<\/p>\n\n\n<p>Quanto ao mercado de trabalho, o relat\u00f3rio destaca que a recupera\u00e7\u00e3o ainda ocorre lentamente, de maneira geral. &#8220;As ind\u00fastrias de lazer e transporte s\u00e3o intensivas em m\u00e3o de obra e ainda sofrem com o distanciamento social. O emprego nos EUA ainda est\u00e1 6,1% abaixo dos n\u00edveis pr\u00e9-pandemia&#8221;, pontua.<\/p>\n<p>A Fitch acrescenta que a vacina\u00e7\u00e3o contra o coronav\u00edrus acelerou no mundo, mas riscos de atraso no processo podem pesar sobre o desempenho econ\u00f4mico. Tamb\u00e9m ressalta que a melhora das perspectivas econ\u00f4micas, o aumento dos pre\u00e7os das commodities e problemas de oferta na ind\u00fastria renovaram o foco sobre riscos inflacion\u00e1rios.<\/p>\n<p>&#8220;A taxa de infla\u00e7\u00e3o dos EUA pode subir acima de 3% ao ano em abril, mas o n\u00facleo aumentar\u00e1 muito mais gradualmente devido \u00e0 fraqueza do mercado de trabalho. O Fed est\u00e1 focado no desemprego, mais tolerante com a alta da infla\u00e7\u00e3o e permanecer\u00e1 paciente&#8221;, afirma a institui\u00e7\u00e3o.<\/p>\n<h2>Banco Mundial prev\u00ea avan\u00e7o de 4% no PIB global em 2021<\/h2>\n<p>Enquanto isso, vale ressaltar que para o Banco Mundial, a previs\u00e3o para o<strong> PIB\u00a0global<\/strong> \u00e9 de uma expans\u00e3o de 4% em 2021 e de 3,8% em 2022. Por sua vez, a economia global dever\u00e1 registrar queda de 4,3% em 2020, resultado um pouco melhor do que a previs\u00e3o de retra\u00e7\u00e3o de 5,2% feita em junho.<\/p>\n\t<p>\n\t\t<a href=\"https:\/\/lp.suno.com.br\/planilha-de-controle-de-investimentos\/\" target=\"_blank\" data-element=\"shortcode-suno-banner\" title=\"Banner SUNO, clique e saiba mais\">\n\t\t\t<picture>\n\t\t\t\t<source media=\"(max-width: 500px)\" srcset=\"https:\/\/files.sunoresearch.com.br\/n\/uploads\/2023\/03\/400x300-Controle-de-Investimentos.png\">\n\t\t\t\t<img class=\"newsContent__article__imgCapa newsContent__article__imgCapa--banner\"\n\t\t\t\t\tsrc=\"https:\/\/files.sunoresearch.com.br\/n\/uploads\/2023\/03\/1420x240-Controle-de-Investimentos.png\"\n\t\t\t\t\tdata-promo-id=\"75934\"\t\t\t\t\t\t\t\t\t\twidth='1420' height='240'\t\t\t\t\talt=\"https:\/\/files.sunoresearch.com.br\/n\/uploads\/2023\/03\/1420x240-Controle-de-Investimentos.png\"\n\t\t\t\t>\n\t\t\t<\/picture>\n\t\t<\/a>\n\t<\/p>\n\n\n","protected":false},"excerpt":{"rendered":"<p>A Fitch Ratings elevou a previs\u00e3o para o crescimento do Produto Interno Bruto (PIB) global em 2021, de 5,3% para 6,1%. O relat\u00f3rio foi divulgado nesta quarta-feira (17) pela ag\u00eancia. PIB 2\u00ba tri 2025: alta de 0,4% e R$ 3,2 trilh\u00f5es No documento, a ag\u00eancia explica que o principal fator que motivou a revis\u00e3o do [&hellip;]<\/p>\n","protected":false},"author":56,"featured_media":102083,"comment_status":"closed","ping_status":"closed","sticky":false,"template":"","format":"standard","meta":[],"categories":[62],"tags":[93040,1277,807],"suno_strategy":[],"class_list":["post-132597","post","type-post","status-publish","format-standard","has-post-thumbnail","hentry","category-economia","tag-economia-global","tag-fitch","tag-produto-interno-bruto-pib"],"yoast_head":"<!-- This site is optimized with the Yoast SEO plugin v24.4 - https:\/\/yoast.com\/wordpress\/plugins\/seo\/ -->\n<title>Fitch Ratings: Previs\u00e3o para crescimento do PIB global vai de 5,3% para 6,1%<\/title>\n<meta name=\"description\" content=\"A ag\u00eancia explica que a aprova\u00e7\u00e3o do novo pacote de US$ 1,9 tri dos EUA motivou a revis\u00e3o do PIB global. Clique aqui para saber mais.\" \/>\n<meta name=\"robots\" content=\"index, follow, max-snippet:-1, max-image-preview:large, max-video-preview:-1\" \/>\n<link rel=\"canonical\" href=\"https:\/\/www.suno.com.br\/noticias\/fitch-ratings-previsao-crescimento-pib-global\/\" \/>\n<meta property=\"og:locale\" content=\"pt_BR\" \/>\n<meta property=\"og:type\" content=\"article\" \/>\n<meta property=\"og:title\" content=\"Fitch Ratings: Previs\u00e3o para crescimento do PIB global vai de 5,3% para 6,1%\" \/>\n<meta property=\"og:description\" content=\"A ag\u00eancia explica que a aprova\u00e7\u00e3o do novo pacote de US$ 1,9 tri dos EUA motivou a revis\u00e3o do PIB global. Clique aqui para saber mais.\" \/>\n<meta property=\"og:url\" content=\"https:\/\/www.suno.com.br\/noticias\/fitch-ratings-previsao-crescimento-pib-global\/\" \/>\n<meta property=\"og:site_name\" content=\"Suno Not\u00edcias\" \/>\n<meta property=\"article:publisher\" content=\"https:\/\/facebook.com\/sunoresearch\" \/>\n<meta property=\"og:image\" content=\"https:\/\/files.sunoresearch.com.br\/n\/uploads\/2020\/11\/ed20f3e0-reais-800x450-3.jpg\" \/>\n\t<meta property=\"og:image:width\" content=\"800\" \/>\n\t<meta property=\"og:image:height\" content=\"450\" \/>\n\t<meta property=\"og:image:type\" content=\"image\/jpeg\" \/>\n<meta name=\"author\" content=\"Rafaela La Regina\" \/>\n<meta name=\"twitter:card\" content=\"summary_large_image\" \/>\n<meta name=\"twitter:creator\" content=\"@sunoresearch\" \/>\n<meta name=\"twitter:site\" content=\"@sunoresearch\" \/>\n<meta name=\"twitter:label1\" content=\"Escrito por\" \/>\n\t<meta name=\"twitter:data1\" content=\"Rafaela La Regina\" \/>\n\t<meta name=\"twitter:label2\" content=\"Est. tempo de leitura\" \/>\n\t<meta name=\"twitter:data2\" content=\"2 minutos\" \/>\n<script type=\"application\/ld+json\" class=\"yoast-schema-graph\">{\"@context\":\"https:\/\/schema.org\",\"@graph\":[{\"@type\":\"NewsArticle\",\"@id\":\"https:\/\/www.suno.com.br\/noticias\/fitch-ratings-previsao-crescimento-pib-global\/#article\",\"isPartOf\":{\"@id\":\"https:\/\/www.suno.com.br\/noticias\/fitch-ratings-previsao-crescimento-pib-global\/\"},\"author\":{\"name\":\"Rafaela La Regina\",\"@id\":\"https:\/\/www.suno.com.br\/noticias\/#\/schema\/person\/e672ca8cea627fe715fa29bca7da95e0\"},\"headline\":\"Fitch Ratings: Previs\u00e3o para crescimento do PIB global vai de 5,3% para 6,1%\",\"datePublished\":\"2021-03-17T22:19:07+00:00\",\"mainEntityOfPage\":{\"@id\":\"https:\/\/www.suno.com.br\/noticias\/fitch-ratings-previsao-crescimento-pib-global\/\"},\"wordCount\":442,\"publisher\":{\"@id\":\"https:\/\/www.suno.com.br\/noticias\/#organization\"},\"image\":{\"@id\":\"https:\/\/www.suno.com.br\/noticias\/fitch-ratings-previsao-crescimento-pib-global\/#primaryimage\"},\"thumbnailUrl\":\"https:\/\/files.sunoresearch.com.br\/n\/uploads\/2020\/11\/ed20f3e0-reais-800x450-3-jpg.webp\",\"keywords\":[\"economia global\",\"Fitch\",\"Produto Interno Bruto (PIB)\"],\"articleSection\":[\"Economia\"],\"inLanguage\":\"pt-BR\"},{\"@type\":\"WebPage\",\"@id\":\"https:\/\/www.suno.com.br\/noticias\/fitch-ratings-previsao-crescimento-pib-global\/\",\"url\":\"https:\/\/www.suno.com.br\/noticias\/fitch-ratings-previsao-crescimento-pib-global\/\",\"name\":\"Fitch Ratings: Previs\u00e3o para crescimento do PIB global vai de 5,3% para 6,1%\",\"isPartOf\":{\"@id\":\"https:\/\/www.suno.com.br\/noticias\/#website\"},\"primaryImageOfPage\":{\"@id\":\"https:\/\/www.suno.com.br\/noticias\/fitch-ratings-previsao-crescimento-pib-global\/#primaryimage\"},\"image\":{\"@id\":\"https:\/\/www.suno.com.br\/noticias\/fitch-ratings-previsao-crescimento-pib-global\/#primaryimage\"},\"thumbnailUrl\":\"https:\/\/files.sunoresearch.com.br\/n\/uploads\/2020\/11\/ed20f3e0-reais-800x450-3-jpg.webp\",\"datePublished\":\"2021-03-17T22:19:07+00:00\",\"description\":\"A ag\u00eancia explica que a aprova\u00e7\u00e3o do novo pacote de US$ 1,9 tri dos EUA motivou a revis\u00e3o do PIB global. Clique aqui para saber mais.\",\"breadcrumb\":{\"@id\":\"https:\/\/www.suno.com.br\/noticias\/fitch-ratings-previsao-crescimento-pib-global\/#breadcrumb\"},\"inLanguage\":\"pt-BR\",\"potentialAction\":[{\"@type\":\"ReadAction\",\"target\":[\"https:\/\/www.suno.com.br\/noticias\/fitch-ratings-previsao-crescimento-pib-global\/\"]}]},{\"@type\":\"ImageObject\",\"inLanguage\":\"pt-BR\",\"@id\":\"https:\/\/www.suno.com.br\/noticias\/fitch-ratings-previsao-crescimento-pib-global\/#primaryimage\",\"url\":\"https:\/\/files.sunoresearch.com.br\/n\/uploads\/2020\/11\/ed20f3e0-reais-800x450-3-jpg.webp\",\"contentUrl\":\"https:\/\/files.sunoresearch.com.br\/n\/uploads\/2020\/11\/ed20f3e0-reais-800x450-3-jpg.webp\",\"width\":800,\"height\":450,\"caption\":\"PIB 2\u00ba tri 2025: alta de 0,4% e R$ 3,2 trilh\u00f5es\"},{\"@type\":\"BreadcrumbList\",\"@id\":\"https:\/\/www.suno.com.br\/noticias\/fitch-ratings-previsao-crescimento-pib-global\/#breadcrumb\",\"itemListElement\":[{\"@type\":\"ListItem\",\"position\":1,\"name\":\"Not\u00edcias\",\"item\":\"https:\/\/www.suno.com.br\/noticias\/\"},{\"@type\":\"ListItem\",\"position\":2,\"name\":\"Economia\",\"item\":\"https:\/\/www.suno.com.br\/noticias\/economia\/\"},{\"@type\":\"ListItem\",\"position\":3,\"name\":\"Fitch Ratings: Previs\u00e3o para crescimento do PIB global vai de 5,3% para 6,1%\"}]},{\"@type\":\"WebSite\",\"@id\":\"https:\/\/www.suno.com.br\/noticias\/#website\",\"url\":\"https:\/\/www.suno.com.br\/noticias\/\",\"name\":\"Suno Not\u00edcias\",\"description\":\"Seu portal de informa\u00e7\u00e3o sobre o mundo dos investimentos\",\"publisher\":{\"@id\":\"https:\/\/www.suno.com.br\/noticias\/#organization\"},\"potentialAction\":[{\"@type\":\"SearchAction\",\"target\":{\"@type\":\"EntryPoint\",\"urlTemplate\":\"https:\/\/www.suno.com.br\/noticias\/?s={search_term_string}\"},\"query-input\":{\"@type\":\"PropertyValueSpecification\",\"valueRequired\":true,\"valueName\":\"search_term_string\"}}],\"inLanguage\":\"pt-BR\"},{\"@type\":\"Organization\",\"@id\":\"https:\/\/www.suno.com.br\/noticias\/#organization\",\"name\":\"Suno Not\u00edcias\",\"url\":\"https:\/\/www.suno.com.br\/noticias\/\",\"logo\":{\"@type\":\"ImageObject\",\"inLanguage\":\"pt-BR\",\"@id\":\"https:\/\/www.suno.com.br\/noticias\/#\/schema\/logo\/image\/\",\"url\":\"https:\/\/files.sunoresearch.com.br\/n\/uploads\/2021\/09\/suno-logo.png\",\"contentUrl\":\"https:\/\/files.sunoresearch.com.br\/n\/uploads\/2021\/09\/suno-logo.png\",\"width\":180,\"height\":180,\"caption\":\"Suno Not\u00edcias\"},\"image\":{\"@id\":\"https:\/\/www.suno.com.br\/noticias\/#\/schema\/logo\/image\/\"},\"sameAs\":[\"https:\/\/facebook.com\/sunoresearch\",\"https:\/\/x.com\/sunoresearch\",\"https:\/\/www.instagram.com\/suno\",\"https:\/\/www.linkedin.com\/company\/suno-research\/\",\"https:\/\/www.youtube.com\/c\/sunoresearch\"]},{\"@type\":\"Person\",\"@id\":\"https:\/\/www.suno.com.br\/noticias\/#\/schema\/person\/e672ca8cea627fe715fa29bca7da95e0\",\"name\":\"Rafaela La Regina\",\"image\":{\"@type\":\"ImageObject\",\"inLanguage\":\"pt-BR\",\"@id\":\"https:\/\/www.suno.com.br\/noticias\/#\/schema\/person\/image\/\",\"url\":\"https:\/\/secure.gravatar.com\/avatar\/d2c75a52d243deb93d0465fdcb21bd37?s=96&r=g\",\"contentUrl\":\"https:\/\/secure.gravatar.com\/avatar\/d2c75a52d243deb93d0465fdcb21bd37?s=96&r=g\",\"caption\":\"Rafaela La Regina\"},\"description\":\"Estagi\u00e1ria no Suno Not\u00edcias. Escreve sobre economia, pol\u00edtica e neg\u00f3cios. Estuda Rela\u00e7\u00f5es Internacionais no IBMEC-SP.\",\"url\":\"https:\/\/www.suno.com.br\/noticias\/author\/rafaela-la-regina\/\"}]}<\/script>\n<!-- \/ Yoast SEO plugin. -->","yoast_head_json":{"title":"Fitch Ratings: Previs\u00e3o para crescimento do PIB global vai de 5,3% para 6,1%","description":"A ag\u00eancia explica que a aprova\u00e7\u00e3o do novo pacote de US$ 1,9 tri dos EUA motivou a revis\u00e3o do PIB global. Clique aqui para saber mais.","robots":{"index":"index","follow":"follow","max-snippet":"max-snippet:-1","max-image-preview":"max-image-preview:large","max-video-preview":"max-video-preview:-1"},"canonical":"https:\/\/www.suno.com.br\/noticias\/fitch-ratings-previsao-crescimento-pib-global\/","og_locale":"pt_BR","og_type":"article","og_title":"Fitch Ratings: Previs\u00e3o para crescimento do PIB global vai de 5,3% para 6,1%","og_description":"A ag\u00eancia explica que a aprova\u00e7\u00e3o do novo pacote de US$ 1,9 tri dos EUA motivou a revis\u00e3o do PIB global. Clique aqui para saber mais.","og_url":"https:\/\/www.suno.com.br\/noticias\/fitch-ratings-previsao-crescimento-pib-global\/","og_site_name":"Suno Not\u00edcias","article_publisher":"https:\/\/facebook.com\/sunoresearch","og_image":[{"width":800,"height":450,"url":"https:\/\/files.sunoresearch.com.br\/n\/uploads\/2020\/11\/ed20f3e0-reais-800x450-3.jpg","type":"image\/jpeg"}],"author":"Rafaela La Regina","twitter_card":"summary_large_image","twitter_creator":"@sunoresearch","twitter_site":"@sunoresearch","twitter_misc":{"Escrito por":"Rafaela La Regina","Est. tempo de leitura":"2 minutos"},"schema":{"@context":"https:\/\/schema.org","@graph":[{"@type":"NewsArticle","@id":"https:\/\/www.suno.com.br\/noticias\/fitch-ratings-previsao-crescimento-pib-global\/#article","isPartOf":{"@id":"https:\/\/www.suno.com.br\/noticias\/fitch-ratings-previsao-crescimento-pib-global\/"},"author":{"name":"Rafaela La Regina","@id":"https:\/\/www.suno.com.br\/noticias\/#\/schema\/person\/e672ca8cea627fe715fa29bca7da95e0"},"headline":"Fitch Ratings: Previs\u00e3o para crescimento do PIB global vai de 5,3% para 6,1%","datePublished":"2021-03-17T22:19:07+00:00","mainEntityOfPage":{"@id":"https:\/\/www.suno.com.br\/noticias\/fitch-ratings-previsao-crescimento-pib-global\/"},"wordCount":442,"publisher":{"@id":"https:\/\/www.suno.com.br\/noticias\/#organization"},"image":{"@id":"https:\/\/www.suno.com.br\/noticias\/fitch-ratings-previsao-crescimento-pib-global\/#primaryimage"},"thumbnailUrl":"https:\/\/files.sunoresearch.com.br\/n\/uploads\/2020\/11\/ed20f3e0-reais-800x450-3-jpg.webp","keywords":["economia global","Fitch","Produto Interno Bruto (PIB)"],"articleSection":["Economia"],"inLanguage":"pt-BR"},{"@type":"WebPage","@id":"https:\/\/www.suno.com.br\/noticias\/fitch-ratings-previsao-crescimento-pib-global\/","url":"https:\/\/www.suno.com.br\/noticias\/fitch-ratings-previsao-crescimento-pib-global\/","name":"Fitch Ratings: Previs\u00e3o para crescimento do PIB global vai de 5,3% para 6,1%","isPartOf":{"@id":"https:\/\/www.suno.com.br\/noticias\/#website"},"primaryImageOfPage":{"@id":"https:\/\/www.suno.com.br\/noticias\/fitch-ratings-previsao-crescimento-pib-global\/#primaryimage"},"image":{"@id":"https:\/\/www.suno.com.br\/noticias\/fitch-ratings-previsao-crescimento-pib-global\/#primaryimage"},"thumbnailUrl":"https:\/\/files.sunoresearch.com.br\/n\/uploads\/2020\/11\/ed20f3e0-reais-800x450-3-jpg.webp","datePublished":"2021-03-17T22:19:07+00:00","description":"A ag\u00eancia explica que a aprova\u00e7\u00e3o do novo pacote de US$ 1,9 tri dos EUA motivou a revis\u00e3o do PIB global. Clique aqui para saber mais.","breadcrumb":{"@id":"https:\/\/www.suno.com.br\/noticias\/fitch-ratings-previsao-crescimento-pib-global\/#breadcrumb"},"inLanguage":"pt-BR","potentialAction":[{"@type":"ReadAction","target":["https:\/\/www.suno.com.br\/noticias\/fitch-ratings-previsao-crescimento-pib-global\/"]}]},{"@type":"ImageObject","inLanguage":"pt-BR","@id":"https:\/\/www.suno.com.br\/noticias\/fitch-ratings-previsao-crescimento-pib-global\/#primaryimage","url":"https:\/\/files.sunoresearch.com.br\/n\/uploads\/2020\/11\/ed20f3e0-reais-800x450-3-jpg.webp","contentUrl":"https:\/\/files.sunoresearch.com.br\/n\/uploads\/2020\/11\/ed20f3e0-reais-800x450-3-jpg.webp","width":800,"height":450,"caption":"PIB 2\u00ba tri 2025: alta de 0,4% e R$ 3,2 trilh\u00f5es"},{"@type":"BreadcrumbList","@id":"https:\/\/www.suno.com.br\/noticias\/fitch-ratings-previsao-crescimento-pib-global\/#breadcrumb","itemListElement":[{"@type":"ListItem","position":1,"name":"Not\u00edcias","item":"https:\/\/www.suno.com.br\/noticias\/"},{"@type":"ListItem","position":2,"name":"Economia","item":"https:\/\/www.suno.com.br\/noticias\/economia\/"},{"@type":"ListItem","position":3,"name":"Fitch Ratings: Previs\u00e3o para crescimento do PIB global vai de 5,3% para 6,1%"}]},{"@type":"WebSite","@id":"https:\/\/www.suno.com.br\/noticias\/#website","url":"https:\/\/www.suno.com.br\/noticias\/","name":"Suno Not\u00edcias","description":"Seu portal de informa\u00e7\u00e3o sobre o mundo dos investimentos","publisher":{"@id":"https:\/\/www.suno.com.br\/noticias\/#organization"},"potentialAction":[{"@type":"SearchAction","target":{"@type":"EntryPoint","urlTemplate":"https:\/\/www.suno.com.br\/noticias\/?s={search_term_string}"},"query-input":{"@type":"PropertyValueSpecification","valueRequired":true,"valueName":"search_term_string"}}],"inLanguage":"pt-BR"},{"@type":"Organization","@id":"https:\/\/www.suno.com.br\/noticias\/#organization","name":"Suno Not\u00edcias","url":"https:\/\/www.suno.com.br\/noticias\/","logo":{"@type":"ImageObject","inLanguage":"pt-BR","@id":"https:\/\/www.suno.com.br\/noticias\/#\/schema\/logo\/image\/","url":"https:\/\/files.sunoresearch.com.br\/n\/uploads\/2021\/09\/suno-logo.png","contentUrl":"https:\/\/files.sunoresearch.com.br\/n\/uploads\/2021\/09\/suno-logo.png","width":180,"height":180,"caption":"Suno Not\u00edcias"},"image":{"@id":"https:\/\/www.suno.com.br\/noticias\/#\/schema\/logo\/image\/"},"sameAs":["https:\/\/facebook.com\/sunoresearch","https:\/\/x.com\/sunoresearch","https:\/\/www.instagram.com\/suno","https:\/\/www.linkedin.com\/company\/suno-research\/","https:\/\/www.youtube.com\/c\/sunoresearch"]},{"@type":"Person","@id":"https:\/\/www.suno.com.br\/noticias\/#\/schema\/person\/e672ca8cea627fe715fa29bca7da95e0","name":"Rafaela La Regina","image":{"@type":"ImageObject","inLanguage":"pt-BR","@id":"https:\/\/www.suno.com.br\/noticias\/#\/schema\/person\/image\/","url":"https:\/\/secure.gravatar.com\/avatar\/d2c75a52d243deb93d0465fdcb21bd37?s=96&r=g","contentUrl":"https:\/\/secure.gravatar.com\/avatar\/d2c75a52d243deb93d0465fdcb21bd37?s=96&r=g","caption":"Rafaela La Regina"},"description":"Estagi\u00e1ria no Suno Not\u00edcias. Escreve sobre economia, pol\u00edtica e neg\u00f3cios. Estuda Rela\u00e7\u00f5es Internacionais no IBMEC-SP.","url":"https:\/\/www.suno.com.br\/noticias\/author\/rafaela-la-regina\/"}]}},"default_loop_html":"<div class=\"cardsPage__listCard__boxs\"><div class=\"cardsPage__listCard__boxs__img\"><a href=\"https:\/\/www.suno.com.br\/noticias\/fitch-ratings-previsao-crescimento-pib-global\/\"><img class=\"mask\" src=\"https:\/\/www.suno.com.br\/noticias\/wp-content\/themes\/suno\/resources\/images\/spotlight\/spotlight1img\/bg-mask.png\" alt=\"Image Mask\"\/><img src=\"https:\/\/files.sunoresearch.com.br\/n\/uploads\/2020\/11\/ed20f3e0-reais-800x450-3-400x200.webp\" alt=\"Fitch Ratings: Previs\u00e3o para crescimento do PIB global vai de 5,3% para 6,1%\"\/><\/a><span class=\"spotlightCategory\"><a href=\"https:\/\/www.suno.com.br\/noticias\/economia\/\">Economia<\/a><\/span><\/div><div class=\"cardsPage__listCard__boxs__content\"><a href=\"https:\/\/www.suno.com.br\/noticias\/fitch-ratings-previsao-crescimento-pib-global\/\"><h2 class=\"content__title\">Fitch Ratings: Previs\u00e3o para crescimento do PIB global vai de 5,3% para 6,1%<\/h2><\/a><div class=\"newsContent__article__meta\"><div class=\"newsContent__article__meta__authorBox\"><a href=\"https:\/\/www.suno.com.br\/noticias\/author\/rafaela-la-regina\/\" class=\"authorBox__avatar noMobi\"><img src=\"https:\/\/secure.gravatar.com\/avatar\/d2c75a52d243deb93d0465fdcb21bd37?s=96&#038;r=g\" alt=\"Rafaela La Regina\"><\/a><div class=\"authorBox__name\"><span>por\n\t\t\t<a href=\"https:\/\/www.suno.com.br\/noticias\/author\/rafaela-la-regina\/\"><span itemprop=\"author\">Rafaela La Regina<\/span><\/a><\/span><time datetime=\"2021-03-17T19:19:07-03:00\" itemprop=\"datePublished\">17\/03\/2021 19:19<\/time><\/div><\/div><\/div><\/div><\/div>","single_layout":"posts","amp_enabled":true,"_links":{"self":[{"href":"https:\/\/www.suno.com.br\/noticias\/wp-json\/wp\/v2\/posts\/132597"}],"collection":[{"href":"https:\/\/www.suno.com.br\/noticias\/wp-json\/wp\/v2\/posts"}],"about":[{"href":"https:\/\/www.suno.com.br\/noticias\/wp-json\/wp\/v2\/types\/post"}],"author":[{"embeddable":true,"href":"https:\/\/www.suno.com.br\/noticias\/wp-json\/wp\/v2\/users\/56"}],"replies":[{"embeddable":true,"href":"https:\/\/www.suno.com.br\/noticias\/wp-json\/wp\/v2\/comments?post=132597"}],"version-history":[{"count":2,"href":"https:\/\/www.suno.com.br\/noticias\/wp-json\/wp\/v2\/posts\/132597\/revisions"}],"predecessor-version":[{"id":132711,"href":"https:\/\/www.suno.com.br\/noticias\/wp-json\/wp\/v2\/posts\/132597\/revisions\/132711"}],"wp:featuredmedia":[{"embeddable":true,"href":"https:\/\/www.suno.com.br\/noticias\/wp-json\/wp\/v2\/media\/102083"}],"wp:attachment":[{"href":"https:\/\/www.suno.com.br\/noticias\/wp-json\/wp\/v2\/media?parent=132597"}],"wp:term":[{"taxonomy":"category","embeddable":true,"href":"https:\/\/www.suno.com.br\/noticias\/wp-json\/wp\/v2\/categories?post=132597"},{"taxonomy":"post_tag","embeddable":true,"href":"https:\/\/www.suno.com.br\/noticias\/wp-json\/wp\/v2\/tags?post=132597"},{"taxonomy":"suno_strategy","embeddable":true,"href":"https:\/\/www.suno.com.br\/noticias\/wp-json\/wp\/v2\/suno_strategy?post=132597"}],"curies":[{"name":"wp","href":"https:\/\/api.w.org\/{rel}","templated":true}]}}