{"id":132425,"date":"2021-03-17T09:13:41","date_gmt":"2021-03-17T12:13:41","guid":{"rendered":"https:\/\/www.suno.com.br\/noticias\/?p=132425"},"modified":"2021-03-17T09:13:41","modified_gmt":"2021-03-17T12:13:41","slug":"agenda-do-dia-selic-copom-fed-vencimento-opcoes-yduq3","status":"publish","type":"post","link":"https:\/\/www.suno.com.br\/noticias\/agenda-do-dia-selic-copom-fed-vencimento-opcoes-yduq3\/","title":{"rendered":"Agenda do dia: decis\u00e3o da nova Selic, Fed e Yduqs (YDUQ3)"},"content":{"rendered":"<p>A<strong> agenda do dia<\/strong> desta quarta-feira (17) conta, provavelmente, com os eventos mais importantes do m\u00eas. No Brasil, o <a href=\"https:\/\/www.suno.com.br\/artigos\/copom\/\">Comit\u00ea de Pol\u00edtica Monet\u00e1ria (Copom)<\/a> decide a nova <a href=\"https:\/\/www.suno.com.br\/artigos\/taxa-selic\/\">taxa Selic<\/a>, a &#8220;taxa oficial de juros brasileira&#8221;. Nos Estados Unidos, o Comit\u00ea Federal de Mercado Aberto (Fomc) realiza a mesma decis\u00e3o, definindo a nova taxa <em>fed funds.<\/em><\/p>\t<div class=\"wrapper-featured-image\">\n\t\t<figure class=\"spotlightImg\">\n\n\t\t\t<picture>\n\t\t\t\t<source media=\"(max-width: 768px)\" srcset=\"https:\/\/files.sunoresearch.com.br\/n\/uploads\/2021\/02\/10aed26b-openbanking-400x200.webp\">\n\t\t\t\t<img loading=\"lazy\" decoding=\"async\" class=\"newsContent__article__imgCapa lazyloadDisabled \" src=\"https:\/\/files.sunoresearch.com.br\/n\/uploads\/2021\/02\/10aed26b-openbanking-800x450.webp\" width=\"800\" height=\"450\" alt=\"Agenda do dia: decis\u00e3o da nova Selic, Fed e Yduqs (YDUQ3)\" fetchpriority=high \/>\n\t\t\t<\/picture>\n\n\t\t\t<figcaption class=\"wp-caption-text wp-caption-text--show\">Decis\u00e3o do Copom \u00e9 destaque na agenda do dia<\/figcaption>\n\t\t<\/figure>\n\t<\/div>\n\n\n<p><span style=\"font-weight: 400;\">\t<p>\n\t\t<a href=\"https:\/\/lp.suno.com.br\/planilha-controle-gastos\/\" target=\"_blank\" data-element=\"shortcode-suno-banner\" title=\"Banner SUNO, clique e saiba mais\">\n\t\t\t<picture>\n\t\t\t\t<source media=\"(max-width: 500px)\" srcset=\"https:\/\/files.sunoresearch.com.br\/n\/uploads\/2023\/03\/400x300-Planilha-controle-de-gastos.png\">\n\t\t\t\t<img class=\"newsContent__article__imgCapa newsContent__article__imgCapa--banner\"\n\t\t\t\t\tsrc=\"https:\/\/files.sunoresearch.com.br\/n\/uploads\/2023\/03\/1420x240-Planilha-controle-de-gastos.png\"\n\t\t\t\t\tdata-promo-id=\"101751\"\t\t\t\t\t\t\t\t\t\twidth='1420' height='240'\t\t\t\t\talt=\"https:\/\/files.sunoresearch.com.br\/n\/uploads\/2023\/03\/1420x240-Planilha-controle-de-gastos.png\"\n\t\t\t\t>\n\t\t\t<\/picture>\n\t\t<\/a>\n\t<\/p>\n\n<\/span><\/p>\n<p>Al\u00e9m disso, \u00e9 destaque tamb\u00e9m na agenda do dia o<strong> <a href=\"https:\/\/www.suno.com.br\/artigos\/mercado-de-opcoes\/\">vencimento de op\u00e7\u00f5es<\/a><\/strong> sobre o Ibovespa, e dados da constru\u00e7\u00e3o civil americana.<\/p>\n<p>No <strong>\u00e2mbito corporativo<\/strong>, destaque para a divulga\u00e7\u00e3o de balan\u00e7os da <a href=\"https:\/\/www.suno.com.br\/acoes\/yduq3\/\">Yduqs (YDUQ3)<\/a>, da <a href=\"https:\/\/www.suno.com.br\/acoes\/anim3\/\">\u00c2nima (ANIM3)<\/a>, da <a href=\"https:\/\/www.suno.com.br\/acoes\/cple6\/\">Copel (CPLE6)<\/a> e da <a href=\"https:\/\/www.suno.com.br\/acoes\/slce3\/\">SLC Agr\u00edcola (SLCE3)<\/a>. H\u00e1 ainda a teleconfer\u00eancia de resultados da <a href=\"https:\/\/www.suno.com.br\/acoes\/gndi3\/\">NotreDame Interm\u00e9dica (GNDI3)<\/a> e<\/p>\n<p><a href=\"https:\/\/lp.suno.com.br\/suno-one\/?ppp=noticias\/hospital-care-pedido-ipo-cvm\/\"><b>Suno One: acesse gratuitamente eBooks, Minicursos, Artigos e V\u00eddeo Aulas sobre investimentos com um \u00fanico cadastro. Clique para saber mais!<\/b><\/a><\/p>\n<h2>Decis\u00f5es do Copom e do Fed s\u00e3o destaques na agenda do dia<\/h2>\n<p>Ap\u00f3s o segundo dia de reuni\u00e3o, o Banco Central do Brasil deve anunciar \u00e0s 18h30 a nova taxa Selic. As proje\u00e7\u00f5es para o mercado divergem, mas, a maioria dos analistas, aposta em uma alta de 0,50 pontos percentuais, apesar de alguns apostarem &#8211; e cobrarem &#8211; ainda em um avan\u00e7o de 0,75 pontos, por causa do avan\u00e7o da infla\u00e7\u00e3o.<\/p>\n<p>Nos Estados Unidos, a decis\u00e3o sai antes. A nova taxa de juros determinada pelo comit\u00ea do <a href=\"https:\/\/www.suno.com.br\/artigos\/fed\/\">Federal Reserve<\/a> \u00e9 divulgada \u00e0s 15h e especialistas acreditam que ela se manter\u00e1 inalterada, entre 0,00% e 0,25%.<\/p>\n<p>Ainda na pol\u00edtica, os secret\u00e1rios do <a href=\"https:\/\/www.suno.com.br\/artigos\/ministerio-da-economia\/\">Minist\u00e9rio da Economia<\/a> divulgam, \u00e0s 10h, uma s\u00e9rie de proje\u00e7\u00f5es de indicadores para o futuro da economia brasileira.<\/p>\n<p>Ainda entre os destaques da agenda pol\u00edtica do dia, o presidente da Rep\u00fablica Jair Bolsonaro participa de cerim\u00f4nia do Integra Brasil, \u00e0s 16h, onde deve falar.<\/p>\n<p><span style=\"font-weight: 400;\">\t<p>\n\t\t<a href=\"https:\/\/lp.suno.com.br\/planilha-da-vida-financeira\/\" target=\"_blank\" data-element=\"shortcode-suno-banner\" title=\"Banner SUNO, clique e saiba mais\">\n\t\t\t<picture>\n\t\t\t\t<source media=\"(max-width: 500px)\" srcset=\"https:\/\/files.sunoresearch.com.br\/n\/uploads\/2023\/04\/400x300-Planilha-vida-financeira-true.png\">\n\t\t\t\t<img class=\"newsContent__article__imgCapa newsContent__article__imgCapa--banner\"\n\t\t\t\t\tsrc=\"https:\/\/files.sunoresearch.com.br\/n\/uploads\/2023\/04\/1420x240-Planilha-vida-financeira-true.png\"\n\t\t\t\t\tdata-promo-id=\"106682\"\t\t\t\t\t\t\t\t\t\twidth='1420' height='240'\t\t\t\t\talt=\"https:\/\/files.sunoresearch.com.br\/n\/uploads\/2023\/04\/1420x240-Planilha-vida-financeira-true.png\"\n\t\t\t\t>\n\t\t\t<\/picture>\n\t\t<\/a>\n\t<\/p>\n\n<\/span><\/p>\n<p>No demais, a agenda do dia das principais autoridades pol\u00edticas \u00e9 marcada por reuni\u00f5es rotineiras.<\/p>\n<h2>Agenda do dia corporativa tem resultado da Yduqs e da \u00c2nima<\/h2>\n<p>Os destaques da agenda do dia corporativa ficam para a divulga\u00e7\u00e3o de resultados das duas companhias de educa\u00e7\u00e3o. Yduqs e \u00c2nima tornam p\u00fablicos seus balan\u00e7os ap\u00f3s o fechamento do preg\u00e3o da B3. Al\u00e9m delas, a SLC Agr\u00edcola, a <a href=\"https:\/\/www.suno.com.br\/acoes\/eztc3\/\">Eztec (EZTC3)<\/a> e a Copel tamb\u00e9m divulgam seus resultados depois das 17h, novo hor\u00e1rio de encerramento da B3.<\/p>\n<p>Mais cedo, durante o preg\u00e3o, a NotreDame Interm\u00e9dica realiza sua teleconfer\u00eancia de resultados \u00e0s 11h, ap\u00f3s seu lucro l\u00edquido crescer 18,1% no quarto trimestre, chegando a R$ 155,2 milh\u00f5es. No mesmo hor\u00e1rio, a <a href=\"https:\/\/www.suno.com.br\/acoes\/gfsa3\/\">Gafisa (GFSA3)<\/a> conversa com analistas e investidores, ap\u00f3s seu lucro recuar 38,3%.<\/p>\n<p>\u00c0s 13h, na agenda do dia, h\u00e1, na B3, o vencimento de op\u00e7\u00f5es sobre o Ibovespa.<\/p>\n<h2>Poucos dados econ\u00f4micos nesta quarta-feira<\/h2>\n<p>Na <strong>agenda do di<\/strong>a dos dados macroecon\u00f4micos h\u00e1, apenas, a divulga\u00e7\u00e3o \u00e0s 9h30 de dados da constru\u00e7\u00e3o civil americana, com o n\u00famero de novas casas levantadas em fevereiro. Mais cedo, na Uni\u00e3o Europeia, foi divulgada a infla\u00e7\u00e3o para o m\u00eas fevereiro, que avan\u00e7ou 0,20% no m\u00eas, dentro daquilo que era esperado.<\/p>\n<p><span style=\"font-weight: 400;\">\t<p>\n\t\t<a href=\"https:\/\/lp.suno.com.br\/planilha-de-controle-de-investimentos\/\" target=\"_blank\" data-element=\"shortcode-suno-banner\" title=\"Banner SUNO, clique e saiba mais\">\n\t\t\t<picture>\n\t\t\t\t<source media=\"(max-width: 500px)\" srcset=\"https:\/\/files.sunoresearch.com.br\/n\/uploads\/2023\/03\/400x300-Controle-de-Investimentos.png\">\n\t\t\t\t<img class=\"newsContent__article__imgCapa newsContent__article__imgCapa--banner\"\n\t\t\t\t\tsrc=\"https:\/\/files.sunoresearch.com.br\/n\/uploads\/2023\/03\/1420x240-Controle-de-Investimentos.png\"\n\t\t\t\t\tdata-promo-id=\"75934\"\t\t\t\t\t\t\t\t\t\twidth='1420' height='240'\t\t\t\t\talt=\"https:\/\/files.sunoresearch.com.br\/n\/uploads\/2023\/03\/1420x240-Controle-de-Investimentos.png\"\n\t\t\t\t>\n\t\t\t<\/picture>\n\t\t<\/a>\n\t<\/p>\n\n<\/span><\/p>\n","protected":false},"excerpt":{"rendered":"<p>A agenda do dia desta quarta-feira (17) conta, provavelmente, com os eventos mais importantes do m\u00eas. No Brasil, o Comit\u00ea de Pol\u00edtica Monet\u00e1ria (Copom) decide a nova taxa Selic, a &#8220;taxa oficial de juros brasileira&#8221;. Nos Estados Unidos, o Comit\u00ea Federal de Mercado Aberto (Fomc) realiza a mesma decis\u00e3o, definindo a nova taxa fed funds. [&hellip;]<\/p>\n","protected":false},"author":59,"featured_media":117634,"comment_status":"closed","ping_status":"closed","sticky":false,"template":"","format":"standard","meta":[],"categories":[60],"tags":[361,431,1104,473,776,484,512,635,290,2363],"suno_strategy":[],"class_list":["post-132425","post","type-post","status-publish","format-standard","has-post-thumbnail","hentry","category-mercado","tag-anima-anim3","tag-copel-cple3-cple5-cple6","tag-copom","tag-eztec-eztc3","tag-federal-reseve-fed","tag-gafisa-gfsa3","tag-notredame-intermedica-gndi3","tag-slc-agricola-slce3","tag-taxa-selic","tag-yduqs-yduq3"],"yoast_head":"<!-- This site is optimized with the Yoast SEO plugin v24.4 - https:\/\/yoast.com\/wordpress\/plugins\/seo\/ -->\n<title>Agenda do dia: decis\u00e3o da nova Selic, Fed e Yduqs (YDUQ3)<\/title>\n<meta name=\"description\" content=\"A agenda do dia desta quarta-feira conta com a decis\u00e3o da nova taxa de juros americana e brasileira. Clique aqui para saber mais.\" \/>\n<meta name=\"robots\" content=\"index, follow, max-snippet:-1, max-image-preview:large, max-video-preview:-1\" \/>\n<link rel=\"canonical\" href=\"https:\/\/www.suno.com.br\/noticias\/agenda-do-dia-selic-copom-fed-vencimento-opcoes-yduq3\/\" \/>\n<meta property=\"og:locale\" content=\"pt_BR\" \/>\n<meta property=\"og:type\" content=\"article\" \/>\n<meta property=\"og:title\" content=\"Agenda do dia: decis\u00e3o da nova Selic, Fed e Yduqs (YDUQ3)\" \/>\n<meta property=\"og:description\" content=\"A agenda do dia desta quarta-feira conta com a decis\u00e3o da nova taxa de juros americana e brasileira. Clique aqui para saber mais.\" \/>\n<meta property=\"og:url\" content=\"https:\/\/www.suno.com.br\/noticias\/agenda-do-dia-selic-copom-fed-vencimento-opcoes-yduq3\/\" \/>\n<meta property=\"og:site_name\" content=\"Suno Not\u00edcias\" \/>\n<meta property=\"article:publisher\" content=\"https:\/\/facebook.com\/sunoresearch\" \/>\n<meta property=\"og:image\" content=\"https:\/\/files.sunoresearch.com.br\/n\/uploads\/2021\/02\/10aed26b-openbanking.jpg\" \/>\n\t<meta property=\"og:image:width\" content=\"1024\" \/>\n\t<meta property=\"og:image:height\" content=\"613\" \/>\n\t<meta property=\"og:image:type\" content=\"image\/jpeg\" \/>\n<meta name=\"author\" content=\"Vitor Azevedo\" \/>\n<meta name=\"twitter:card\" content=\"summary_large_image\" \/>\n<meta name=\"twitter:creator\" content=\"@sunoresearch\" \/>\n<meta name=\"twitter:site\" content=\"@sunoresearch\" \/>\n<meta name=\"twitter:label1\" content=\"Escrito por\" \/>\n\t<meta name=\"twitter:data1\" content=\"Vitor Azevedo\" \/>\n\t<meta name=\"twitter:label2\" content=\"Est. tempo de leitura\" \/>\n\t<meta name=\"twitter:data2\" content=\"3 minutos\" \/>\n<script type=\"application\/ld+json\" class=\"yoast-schema-graph\">{\"@context\":\"https:\/\/schema.org\",\"@graph\":[{\"@type\":\"NewsArticle\",\"@id\":\"https:\/\/www.suno.com.br\/noticias\/agenda-do-dia-selic-copom-fed-vencimento-opcoes-yduq3\/#article\",\"isPartOf\":{\"@id\":\"https:\/\/www.suno.com.br\/noticias\/agenda-do-dia-selic-copom-fed-vencimento-opcoes-yduq3\/\"},\"author\":{\"name\":\"Vitor Azevedo\",\"@id\":\"https:\/\/www.suno.com.br\/noticias\/#\/schema\/person\/658d5fbc74d81f265f5df3562d0038ab\"},\"headline\":\"Agenda do dia: decis\u00e3o da nova Selic, Fed e Yduqs (YDUQ3)\",\"datePublished\":\"2021-03-17T12:13:41+00:00\",\"mainEntityOfPage\":{\"@id\":\"https:\/\/www.suno.com.br\/noticias\/agenda-do-dia-selic-copom-fed-vencimento-opcoes-yduq3\/\"},\"wordCount\":556,\"publisher\":{\"@id\":\"https:\/\/www.suno.com.br\/noticias\/#organization\"},\"image\":{\"@id\":\"https:\/\/www.suno.com.br\/noticias\/agenda-do-dia-selic-copom-fed-vencimento-opcoes-yduq3\/#primaryimage\"},\"thumbnailUrl\":\"https:\/\/files.sunoresearch.com.br\/n\/uploads\/2021\/02\/10aed26b-openbanking-jpg.webp\",\"keywords\":[\"Anima (ANIM3)\",\"Copel (CPLE3\/CPLE5\/CPLE6)\",\"Copom\",\"Eztec (EZTC3)\",\"Federal Reserve (FED)\",\"Gafisa (GFSA3)\",\"NotreDame Intermedica (GNDI3)\",\"SLC Agr\u00edcola (SLCE3)\",\"Taxa Selic\",\"Yduqs (YDUQ3)\"],\"articleSection\":[\"Mercado\"],\"inLanguage\":\"pt-BR\"},{\"@type\":\"WebPage\",\"@id\":\"https:\/\/www.suno.com.br\/noticias\/agenda-do-dia-selic-copom-fed-vencimento-opcoes-yduq3\/\",\"url\":\"https:\/\/www.suno.com.br\/noticias\/agenda-do-dia-selic-copom-fed-vencimento-opcoes-yduq3\/\",\"name\":\"Agenda do dia: decis\u00e3o da nova Selic, Fed e Yduqs (YDUQ3)\",\"isPartOf\":{\"@id\":\"https:\/\/www.suno.com.br\/noticias\/#website\"},\"primaryImageOfPage\":{\"@id\":\"https:\/\/www.suno.com.br\/noticias\/agenda-do-dia-selic-copom-fed-vencimento-opcoes-yduq3\/#primaryimage\"},\"image\":{\"@id\":\"https:\/\/www.suno.com.br\/noticias\/agenda-do-dia-selic-copom-fed-vencimento-opcoes-yduq3\/#primaryimage\"},\"thumbnailUrl\":\"https:\/\/files.sunoresearch.com.br\/n\/uploads\/2021\/02\/10aed26b-openbanking-jpg.webp\",\"datePublished\":\"2021-03-17T12:13:41+00:00\",\"description\":\"A agenda do dia desta quarta-feira conta com a decis\u00e3o da nova taxa de juros americana e brasileira. Clique aqui para saber mais.\",\"breadcrumb\":{\"@id\":\"https:\/\/www.suno.com.br\/noticias\/agenda-do-dia-selic-copom-fed-vencimento-opcoes-yduq3\/#breadcrumb\"},\"inLanguage\":\"pt-BR\",\"potentialAction\":[{\"@type\":\"ReadAction\",\"target\":[\"https:\/\/www.suno.com.br\/noticias\/agenda-do-dia-selic-copom-fed-vencimento-opcoes-yduq3\/\"]}]},{\"@type\":\"ImageObject\",\"inLanguage\":\"pt-BR\",\"@id\":\"https:\/\/www.suno.com.br\/noticias\/agenda-do-dia-selic-copom-fed-vencimento-opcoes-yduq3\/#primaryimage\",\"url\":\"https:\/\/files.sunoresearch.com.br\/n\/uploads\/2021\/02\/10aed26b-openbanking-jpg.webp\",\"contentUrl\":\"https:\/\/files.sunoresearch.com.br\/n\/uploads\/2021\/02\/10aed26b-openbanking-jpg.webp\",\"width\":1024,\"height\":613,\"caption\":\"Decis\u00e3o do Copom \u00e9 destaque na agenda do dia\"},{\"@type\":\"BreadcrumbList\",\"@id\":\"https:\/\/www.suno.com.br\/noticias\/agenda-do-dia-selic-copom-fed-vencimento-opcoes-yduq3\/#breadcrumb\",\"itemListElement\":[{\"@type\":\"ListItem\",\"position\":1,\"name\":\"Not\u00edcias\",\"item\":\"https:\/\/www.suno.com.br\/noticias\/\"},{\"@type\":\"ListItem\",\"position\":2,\"name\":\"Mercado\",\"item\":\"https:\/\/www.suno.com.br\/noticias\/mercado\/\"},{\"@type\":\"ListItem\",\"position\":3,\"name\":\"Agenda do dia: decis\u00e3o da nova Selic, Fed e Yduqs (YDUQ3)\"}]},{\"@type\":\"WebSite\",\"@id\":\"https:\/\/www.suno.com.br\/noticias\/#website\",\"url\":\"https:\/\/www.suno.com.br\/noticias\/\",\"name\":\"Suno Not\u00edcias\",\"description\":\"Seu portal de informa\u00e7\u00e3o sobre o mundo dos investimentos\",\"publisher\":{\"@id\":\"https:\/\/www.suno.com.br\/noticias\/#organization\"},\"potentialAction\":[{\"@type\":\"SearchAction\",\"target\":{\"@type\":\"EntryPoint\",\"urlTemplate\":\"https:\/\/www.suno.com.br\/noticias\/?s={search_term_string}\"},\"query-input\":{\"@type\":\"PropertyValueSpecification\",\"valueRequired\":true,\"valueName\":\"search_term_string\"}}],\"inLanguage\":\"pt-BR\"},{\"@type\":\"Organization\",\"@id\":\"https:\/\/www.suno.com.br\/noticias\/#organization\",\"name\":\"Suno Not\u00edcias\",\"url\":\"https:\/\/www.suno.com.br\/noticias\/\",\"logo\":{\"@type\":\"ImageObject\",\"inLanguage\":\"pt-BR\",\"@id\":\"https:\/\/www.suno.com.br\/noticias\/#\/schema\/logo\/image\/\",\"url\":\"https:\/\/files.sunoresearch.com.br\/n\/uploads\/2021\/09\/suno-logo.png\",\"contentUrl\":\"https:\/\/files.sunoresearch.com.br\/n\/uploads\/2021\/09\/suno-logo.png\",\"width\":180,\"height\":180,\"caption\":\"Suno Not\u00edcias\"},\"image\":{\"@id\":\"https:\/\/www.suno.com.br\/noticias\/#\/schema\/logo\/image\/\"},\"sameAs\":[\"https:\/\/facebook.com\/sunoresearch\",\"https:\/\/x.com\/sunoresearch\",\"https:\/\/www.instagram.com\/suno\",\"https:\/\/www.linkedin.com\/company\/suno-research\/\",\"https:\/\/www.youtube.com\/c\/sunoresearch\"]},{\"@type\":\"Person\",\"@id\":\"https:\/\/www.suno.com.br\/noticias\/#\/schema\/person\/658d5fbc74d81f265f5df3562d0038ab\",\"name\":\"Vitor Azevedo\",\"image\":{\"@type\":\"ImageObject\",\"inLanguage\":\"pt-BR\",\"@id\":\"https:\/\/www.suno.com.br\/noticias\/#\/schema\/person\/image\/\",\"url\":\"https:\/\/secure.gravatar.com\/avatar\/62b86195291b446fe380824eb28b99a5?s=96&r=g\",\"contentUrl\":\"https:\/\/secure.gravatar.com\/avatar\/62b86195291b446fe380824eb28b99a5?s=96&r=g\",\"caption\":\"Vitor Azevedo\"},\"description\":\"Formado em jornalismo pela Unesp, escreve sobre economia e neg\u00f3cios para a Suno Not\u00edcias.\",\"url\":\"https:\/\/www.suno.com.br\/noticias\/author\/vitor-azevedo\/\"}]}<\/script>\n<!-- \/ Yoast SEO plugin. -->","yoast_head_json":{"title":"Agenda do dia: decis\u00e3o da nova Selic, Fed e Yduqs (YDUQ3)","description":"A agenda do dia desta quarta-feira conta com a decis\u00e3o da nova taxa de juros americana e brasileira. Clique aqui para saber mais.","robots":{"index":"index","follow":"follow","max-snippet":"max-snippet:-1","max-image-preview":"max-image-preview:large","max-video-preview":"max-video-preview:-1"},"canonical":"https:\/\/www.suno.com.br\/noticias\/agenda-do-dia-selic-copom-fed-vencimento-opcoes-yduq3\/","og_locale":"pt_BR","og_type":"article","og_title":"Agenda do dia: decis\u00e3o da nova Selic, Fed e Yduqs (YDUQ3)","og_description":"A agenda do dia desta quarta-feira conta com a decis\u00e3o da nova taxa de juros americana e brasileira. Clique aqui para saber mais.","og_url":"https:\/\/www.suno.com.br\/noticias\/agenda-do-dia-selic-copom-fed-vencimento-opcoes-yduq3\/","og_site_name":"Suno Not\u00edcias","article_publisher":"https:\/\/facebook.com\/sunoresearch","og_image":[{"width":1024,"height":613,"url":"https:\/\/files.sunoresearch.com.br\/n\/uploads\/2021\/02\/10aed26b-openbanking.jpg","type":"image\/jpeg"}],"author":"Vitor Azevedo","twitter_card":"summary_large_image","twitter_creator":"@sunoresearch","twitter_site":"@sunoresearch","twitter_misc":{"Escrito por":"Vitor Azevedo","Est. tempo de leitura":"3 minutos"},"schema":{"@context":"https:\/\/schema.org","@graph":[{"@type":"NewsArticle","@id":"https:\/\/www.suno.com.br\/noticias\/agenda-do-dia-selic-copom-fed-vencimento-opcoes-yduq3\/#article","isPartOf":{"@id":"https:\/\/www.suno.com.br\/noticias\/agenda-do-dia-selic-copom-fed-vencimento-opcoes-yduq3\/"},"author":{"name":"Vitor Azevedo","@id":"https:\/\/www.suno.com.br\/noticias\/#\/schema\/person\/658d5fbc74d81f265f5df3562d0038ab"},"headline":"Agenda do dia: decis\u00e3o da nova Selic, Fed e Yduqs (YDUQ3)","datePublished":"2021-03-17T12:13:41+00:00","mainEntityOfPage":{"@id":"https:\/\/www.suno.com.br\/noticias\/agenda-do-dia-selic-copom-fed-vencimento-opcoes-yduq3\/"},"wordCount":556,"publisher":{"@id":"https:\/\/www.suno.com.br\/noticias\/#organization"},"image":{"@id":"https:\/\/www.suno.com.br\/noticias\/agenda-do-dia-selic-copom-fed-vencimento-opcoes-yduq3\/#primaryimage"},"thumbnailUrl":"https:\/\/files.sunoresearch.com.br\/n\/uploads\/2021\/02\/10aed26b-openbanking-jpg.webp","keywords":["Anima (ANIM3)","Copel (CPLE3\/CPLE5\/CPLE6)","Copom","Eztec (EZTC3)","Federal Reserve (FED)","Gafisa (GFSA3)","NotreDame Intermedica (GNDI3)","SLC Agr\u00edcola (SLCE3)","Taxa Selic","Yduqs (YDUQ3)"],"articleSection":["Mercado"],"inLanguage":"pt-BR"},{"@type":"WebPage","@id":"https:\/\/www.suno.com.br\/noticias\/agenda-do-dia-selic-copom-fed-vencimento-opcoes-yduq3\/","url":"https:\/\/www.suno.com.br\/noticias\/agenda-do-dia-selic-copom-fed-vencimento-opcoes-yduq3\/","name":"Agenda do dia: decis\u00e3o da nova Selic, Fed e Yduqs (YDUQ3)","isPartOf":{"@id":"https:\/\/www.suno.com.br\/noticias\/#website"},"primaryImageOfPage":{"@id":"https:\/\/www.suno.com.br\/noticias\/agenda-do-dia-selic-copom-fed-vencimento-opcoes-yduq3\/#primaryimage"},"image":{"@id":"https:\/\/www.suno.com.br\/noticias\/agenda-do-dia-selic-copom-fed-vencimento-opcoes-yduq3\/#primaryimage"},"thumbnailUrl":"https:\/\/files.sunoresearch.com.br\/n\/uploads\/2021\/02\/10aed26b-openbanking-jpg.webp","datePublished":"2021-03-17T12:13:41+00:00","description":"A agenda do dia desta quarta-feira conta com a decis\u00e3o da nova taxa de juros americana e brasileira. Clique aqui para saber mais.","breadcrumb":{"@id":"https:\/\/www.suno.com.br\/noticias\/agenda-do-dia-selic-copom-fed-vencimento-opcoes-yduq3\/#breadcrumb"},"inLanguage":"pt-BR","potentialAction":[{"@type":"ReadAction","target":["https:\/\/www.suno.com.br\/noticias\/agenda-do-dia-selic-copom-fed-vencimento-opcoes-yduq3\/"]}]},{"@type":"ImageObject","inLanguage":"pt-BR","@id":"https:\/\/www.suno.com.br\/noticias\/agenda-do-dia-selic-copom-fed-vencimento-opcoes-yduq3\/#primaryimage","url":"https:\/\/files.sunoresearch.com.br\/n\/uploads\/2021\/02\/10aed26b-openbanking-jpg.webp","contentUrl":"https:\/\/files.sunoresearch.com.br\/n\/uploads\/2021\/02\/10aed26b-openbanking-jpg.webp","width":1024,"height":613,"caption":"Decis\u00e3o do Copom \u00e9 destaque na agenda do dia"},{"@type":"BreadcrumbList","@id":"https:\/\/www.suno.com.br\/noticias\/agenda-do-dia-selic-copom-fed-vencimento-opcoes-yduq3\/#breadcrumb","itemListElement":[{"@type":"ListItem","position":1,"name":"Not\u00edcias","item":"https:\/\/www.suno.com.br\/noticias\/"},{"@type":"ListItem","position":2,"name":"Mercado","item":"https:\/\/www.suno.com.br\/noticias\/mercado\/"},{"@type":"ListItem","position":3,"name":"Agenda do dia: decis\u00e3o da nova Selic, Fed e Yduqs (YDUQ3)"}]},{"@type":"WebSite","@id":"https:\/\/www.suno.com.br\/noticias\/#website","url":"https:\/\/www.suno.com.br\/noticias\/","name":"Suno Not\u00edcias","description":"Seu portal de informa\u00e7\u00e3o sobre o mundo dos investimentos","publisher":{"@id":"https:\/\/www.suno.com.br\/noticias\/#organization"},"potentialAction":[{"@type":"SearchAction","target":{"@type":"EntryPoint","urlTemplate":"https:\/\/www.suno.com.br\/noticias\/?s={search_term_string}"},"query-input":{"@type":"PropertyValueSpecification","valueRequired":true,"valueName":"search_term_string"}}],"inLanguage":"pt-BR"},{"@type":"Organization","@id":"https:\/\/www.suno.com.br\/noticias\/#organization","name":"Suno Not\u00edcias","url":"https:\/\/www.suno.com.br\/noticias\/","logo":{"@type":"ImageObject","inLanguage":"pt-BR","@id":"https:\/\/www.suno.com.br\/noticias\/#\/schema\/logo\/image\/","url":"https:\/\/files.sunoresearch.com.br\/n\/uploads\/2021\/09\/suno-logo.png","contentUrl":"https:\/\/files.sunoresearch.com.br\/n\/uploads\/2021\/09\/suno-logo.png","width":180,"height":180,"caption":"Suno Not\u00edcias"},"image":{"@id":"https:\/\/www.suno.com.br\/noticias\/#\/schema\/logo\/image\/"},"sameAs":["https:\/\/facebook.com\/sunoresearch","https:\/\/x.com\/sunoresearch","https:\/\/www.instagram.com\/suno","https:\/\/www.linkedin.com\/company\/suno-research\/","https:\/\/www.youtube.com\/c\/sunoresearch"]},{"@type":"Person","@id":"https:\/\/www.suno.com.br\/noticias\/#\/schema\/person\/658d5fbc74d81f265f5df3562d0038ab","name":"Vitor Azevedo","image":{"@type":"ImageObject","inLanguage":"pt-BR","@id":"https:\/\/www.suno.com.br\/noticias\/#\/schema\/person\/image\/","url":"https:\/\/secure.gravatar.com\/avatar\/62b86195291b446fe380824eb28b99a5?s=96&r=g","contentUrl":"https:\/\/secure.gravatar.com\/avatar\/62b86195291b446fe380824eb28b99a5?s=96&r=g","caption":"Vitor Azevedo"},"description":"Formado em jornalismo pela Unesp, escreve sobre economia e neg\u00f3cios para a Suno Not\u00edcias.","url":"https:\/\/www.suno.com.br\/noticias\/author\/vitor-azevedo\/"}]}},"default_loop_html":"<div class=\"cardsPage__listCard__boxs\"><div class=\"cardsPage__listCard__boxs__img\"><a href=\"https:\/\/www.suno.com.br\/noticias\/agenda-do-dia-selic-copom-fed-vencimento-opcoes-yduq3\/\"><img class=\"mask\" src=\"https:\/\/www.suno.com.br\/noticias\/wp-content\/themes\/suno\/resources\/images\/spotlight\/spotlight1img\/bg-mask.png\" alt=\"Image Mask\"\/><img src=\"https:\/\/files.sunoresearch.com.br\/n\/uploads\/2021\/02\/10aed26b-openbanking-400x200.webp\" alt=\"Agenda do dia: decis\u00e3o da nova Selic, Fed e Yduqs (YDUQ3)\"\/><\/a><span class=\"spotlightCategory\"><a href=\"https:\/\/www.suno.com.br\/noticias\/mercado\/\">Mercado<\/a><\/span><\/div><div class=\"cardsPage__listCard__boxs__content\"><a href=\"https:\/\/www.suno.com.br\/noticias\/agenda-do-dia-selic-copom-fed-vencimento-opcoes-yduq3\/\"><h2 class=\"content__title\">Agenda do dia: decis\u00e3o da nova Selic, Fed e Yduqs (YDUQ3)<\/h2><\/a><div class=\"newsContent__article__meta\"><div class=\"newsContent__article__meta__authorBox\"><a href=\"https:\/\/www.suno.com.br\/noticias\/author\/vitor-azevedo\/\" class=\"authorBox__avatar noMobi\"><img src=\"https:\/\/secure.gravatar.com\/avatar\/62b86195291b446fe380824eb28b99a5?s=96&#038;r=g\" alt=\"Vitor Azevedo\"><\/a><div class=\"authorBox__name\"><span>por\n\t\t\t<a href=\"https:\/\/www.suno.com.br\/noticias\/author\/vitor-azevedo\/\"><span itemprop=\"author\">Vitor Azevedo<\/span><\/a><\/span><time datetime=\"2021-03-17T09:13:41-03:00\" itemprop=\"datePublished\">17\/03\/2021 09:13<\/time><\/div><\/div><\/div><\/div><\/div>","single_layout":"posts","amp_enabled":true,"_links":{"self":[{"href":"https:\/\/www.suno.com.br\/noticias\/wp-json\/wp\/v2\/posts\/132425"}],"collection":[{"href":"https:\/\/www.suno.com.br\/noticias\/wp-json\/wp\/v2\/posts"}],"about":[{"href":"https:\/\/www.suno.com.br\/noticias\/wp-json\/wp\/v2\/types\/post"}],"author":[{"embeddable":true,"href":"https:\/\/www.suno.com.br\/noticias\/wp-json\/wp\/v2\/users\/59"}],"replies":[{"embeddable":true,"href":"https:\/\/www.suno.com.br\/noticias\/wp-json\/wp\/v2\/comments?post=132425"}],"version-history":[{"count":3,"href":"https:\/\/www.suno.com.br\/noticias\/wp-json\/wp\/v2\/posts\/132425\/revisions"}],"predecessor-version":[{"id":132449,"href":"https:\/\/www.suno.com.br\/noticias\/wp-json\/wp\/v2\/posts\/132425\/revisions\/132449"}],"wp:featuredmedia":[{"embeddable":true,"href":"https:\/\/www.suno.com.br\/noticias\/wp-json\/wp\/v2\/media\/117634"}],"wp:attachment":[{"href":"https:\/\/www.suno.com.br\/noticias\/wp-json\/wp\/v2\/media?parent=132425"}],"wp:term":[{"taxonomy":"category","embeddable":true,"href":"https:\/\/www.suno.com.br\/noticias\/wp-json\/wp\/v2\/categories?post=132425"},{"taxonomy":"post_tag","embeddable":true,"href":"https:\/\/www.suno.com.br\/noticias\/wp-json\/wp\/v2\/tags?post=132425"},{"taxonomy":"suno_strategy","embeddable":true,"href":"https:\/\/www.suno.com.br\/noticias\/wp-json\/wp\/v2\/suno_strategy?post=132425"}],"curies":[{"name":"wp","href":"https:\/\/api.w.org\/{rel}","templated":true}]}}