{"id":132364,"date":"2021-03-17T17:37:08","date_gmt":"2021-03-17T20:37:08","guid":{"rendered":"https:\/\/www.suno.com.br\/noticias\/?p=132364"},"modified":"2021-03-17T19:17:03","modified_gmt":"2021-03-17T22:17:03","slug":"o-que-muda-para-o-investidor-com-a-potencial-elevacao-da-taxa-selic","status":"publish","type":"post","link":"https:\/\/www.suno.com.br\/noticias\/o-que-muda-para-o-investidor-com-a-potencial-elevacao-da-taxa-selic\/","title":{"rendered":"O que muda para o investidor com a potencial eleva\u00e7\u00e3o da taxa Selic?"},"content":{"rendered":"<p>Hoje teve in\u00edcio o segundo dia de reuni\u00e3o do <a href=\"https:\/\/www.suno.com.br\/artigos\/copom\/\">Comit\u00ea de Pol\u00edtica Monet\u00e1ria (Copom)<\/a>, com base na qual os integrantes do colegiado v\u00e3o decidir o futuro da taxa b\u00e1sica de juros (<strong>Selic<\/strong>), pelo menos at\u00e9 segunda ordem. Mas, ao contr\u00e1rio do que se vinha observando, a expectativa do mercado \u00e9 de um come\u00e7o do ciclo de altas.<\/p>\t<div class=\"wrapper-featured-image\">\n\t\t<figure class=\"spotlightImg\">\n\n\t\t\t<picture>\n\t\t\t\t<source media=\"(max-width: 768px)\" srcset=\"https:\/\/files.sunoresearch.com.br\/n\/uploads\/2021\/03\/06ce5658-investimentos1-400x200.webp\">\n\t\t\t\t<img loading=\"lazy\" decoding=\"async\" class=\"newsContent__article__imgCapa lazyloadDisabled \" src=\"https:\/\/files.sunoresearch.com.br\/n\/uploads\/2021\/03\/06ce5658-investimentos1-800x450.webp\" width=\"800\" height=\"450\" alt=\"O que muda para o investidor com a potencial eleva\u00e7\u00e3o da taxa Selic?\" fetchpriority=high \/>\n\t\t\t<\/picture>\n\n\t\t\t<figcaption class=\"wp-caption-text wp-caption-text--show\">A expectativa para o resultado da reuni\u00e3o do Copom nesta quarta-feira \u00e9 de eleva\u00e7\u00e3o da taxa Selic<\/figcaption>\n\t\t<\/figure>\n\t<\/div>\n\n\n\t<p>\n\t\t<a href=\"https:\/\/lp.suno.com.br\/planilha-controle-gastos\/\" target=\"_blank\" data-element=\"shortcode-suno-banner\" title=\"Banner SUNO, clique e saiba mais\">\n\t\t\t<picture>\n\t\t\t\t<source media=\"(max-width: 500px)\" srcset=\"https:\/\/files.sunoresearch.com.br\/n\/uploads\/2023\/03\/400x300-Planilha-controle-de-gastos.png\">\n\t\t\t\t<img class=\"newsContent__article__imgCapa newsContent__article__imgCapa--banner\"\n\t\t\t\t\tsrc=\"https:\/\/files.sunoresearch.com.br\/n\/uploads\/2023\/03\/1420x240-Planilha-controle-de-gastos.png\"\n\t\t\t\t\tdata-promo-id=\"101751\"\t\t\t\t\t\t\t\t\t\twidth='1420' height='240'\t\t\t\t\talt=\"https:\/\/files.sunoresearch.com.br\/n\/uploads\/2023\/03\/1420x240-Planilha-controle-de-gastos.png\"\n\t\t\t\t>\n\t\t\t<\/picture>\n\t\t<\/a>\n\t<\/p>\n\n\n<p>Se as previs\u00f5es dos analistas do mercado vierem a se concretizar, essa ser\u00e1 a primeira vez em seis anos com uma taxa b\u00e1sica de juros em alta. De fato, para os rec\u00e9m iniciados no mercado de capitais, n\u00e3o houve muita oportunidade de ver a Selic de cabe\u00e7a erguida.<\/p>\n<figure id=\"attachment_132203\" aria-describedby=\"caption-attachment-132203\" style=\"width: 483px\" class=\"wp-caption alignnone\"><img loading=\"lazy\" decoding=\"async\" class=\"wp-image-132203 size-full\" src=\"https:\/\/storage.googleapis.com\/wp-noticias\/2021\/03\/44e63cbe-selic.jpg\" alt=\"Ciclo de queda da Selic. Fonte: BC\/Reprodu\u00e7\u00e3o: SUNO Not\u00edcias\" width=\"483\" height=\"291\" \/><figcaption id=\"caption-attachment-132203\" class=\"wp-caption-text\">Ciclo de queda da Selic. Fonte: BC\/Reprodu\u00e7\u00e3o: SUNO Not\u00edcias<\/figcaption><\/figure>\n<p>Mas por que o Banco Central (BC) tiraria o p\u00e9 do acelerador e levantaria a taxa? Especialistas do mercado apontam um inimigo em comum, a <strong>infla\u00e7\u00e3o<\/strong>.<\/p>\n<p><a href=\"https:\/\/lp.suno.com.br\/suno-one\/\">Suno One: acesse gratuitamente eBooks, Minicursos, Artigos e V\u00eddeo Aulas sobre investimentos com um \u00fanico cadastro. Clique para saber mais!<\/a><\/p>\n<p>O \u00faltimo Boletim Focus elevou sua previs\u00e3o para o <a href=\"https:\/\/www.suno.com.br\/artigos\/ipca\/\">\u00cdndice de Pre\u00e7os ao Consumidor Amplo (IPCA)<\/a>, medida oficial da infla\u00e7\u00e3o no Brasil, de\u00a03,98% para 4,60% em 2021. A proje\u00e7\u00e3o dos economistas j\u00e1 est\u00e1 acima do centro da meta do BC para 2021, de 3,75%.<br \/>\n\t<p>\n\t\t<a href=\"\" target=\"_blank\" data-element=\"shortcode-suno-banner\" title=\"Banner SUNO, clique e saiba mais\">\n\t\t\t<picture>\n\t\t\t\t<source media=\"(max-width: 500px)\" srcset=\"\">\n\t\t\t\t<img class=\"newsContent__article__imgCapa newsContent__article__imgCapa--banner\"\n\t\t\t\t\tsrc=\"\"\n\t\t\t\t\tdata-promo-id=\"91100\"\t\t\t\t\t\t\t\t\t\t\t\t\t\t\talt=\"\"\n\t\t\t\t>\n\t\t\t<\/picture>\n\t\t<\/a>\n\t<\/p>\n\n<br \/>\nEntre risco Pa\u00eds, taxa de c\u00e2mbio, press\u00e3o inflacion\u00e1ria e mais um emaranhado de letrinhas, a <a href=\"https:\/\/www.suno.com.br\/noticias\/bancos-alta-selic-projecoes-05-p-p\/\">maioria dos players do mercado acreditam em uma alta de 0,5 ponto percentual da taxa Selic<\/a>.<\/p>\n<h2>Decis\u00e3o do Copom<\/h2>\n<p>A economia global tem se recuperado nos \u00faltimos meses, no entanto o Brasil n\u00e3o tem se sa\u00eddo bem. Somados \u00e0 pandemia do novo coronav\u00edrus (Covid-19), o aumento do <a href=\"https:\/\/www.suno.com.br\/artigos\/o-que-commodities\/\">pre\u00e7o de commodities<\/a> no exterior e os persistentes ru\u00eddos pol\u00edticos em Bras\u00edlia levaram o Pa\u00eds a um cen\u00e1rio tanto de infla\u00e7\u00e3o como de incerteza fiscal.<\/p>\n<p>&#8220;Infelizmente, o Brasil n\u00e3o tem conseguido aproveitar um cen\u00e1rio exterior favor\u00e1vel, com commodities em alta e com liquidez&#8221;, disse <strong>Marcos De Callis<\/strong>, estrategista da Hieron Patrim\u00f4nio Familiar e Investimento.<br \/>\nSegundo o especialista, um d\u00f3lar ante ao real galopante, aliado \u00e0 alta no pre\u00e7o internacional das commodities, e uma <a href=\"https:\/\/www.suno.com.br\/artigos\/taxa-livre-de-risco\/\">taxa livre de risco<\/a> apertada tem impulsionado a infla\u00e7\u00e3o no Pa\u00eds, muito mais do que um aumento na demanda.<\/p>\n\t<div data-element=\"shortcode-read-more\" class=\"knowMore\">\n\t\t\t\t<span class=\"knowMore__title\">Veja tamb\u00e9m<\/span>\n\t\t\t\t<a class=\"knowMore__link\" href=\"https:\/\/www.suno.com.br\/noticias\/inflacao-juro-negativo-cerco-risco-brasil\/\">\n\t\t\tInfla\u00e7\u00e3o: juro negativo aumenta o cerco a risco Brasil, dizem especialistas\t\t<\/a>\n\t<\/div>\n\n\n<p>Para o especialista, &#8220;o BC n\u00e3o s\u00f3 deveria atuar no c\u00e2mbio [como tem feito ultimamente], mas usar o instrumento correto, que s\u00e3o os juros&#8221;, para oferecer um &#8220;patamar mais condizente com a percep\u00e7\u00e3o de risco.&#8221;<\/p>\n<p>De Callis diverge na expectativa corrente no mercado e entende que a Selic deveria receber um incremento de 0,75 ponto percentual. &#8220;Fazer mais, mais cedo pode ser muito positivo.&#8221;<\/p>\n<p>H\u00e1 ainda um contraponto, contudo. <strong>Thomas Giubert<\/strong>, s\u00f3cio da Golden Investimentos, relembrou que n\u00e3o h\u00e1 como a autoridade monet\u00e1ria subir a Selic ao seu bel-prazer. &#8220;O BC tem uma fun\u00e7\u00e3o social&#8221;, disse.<br \/>\n\t<p>\n\t\t<a href=\"\" target=\"_blank\" data-element=\"shortcode-suno-banner\" title=\"Banner SUNO, clique e saiba mais\">\n\t\t\t<picture>\n\t\t\t\t<source media=\"(max-width: 500px)\" srcset=\"\">\n\t\t\t\t<img class=\"newsContent__article__imgCapa newsContent__article__imgCapa--banner\"\n\t\t\t\t\tsrc=\"\"\n\t\t\t\t\tdata-promo-id=\"92147\"\t\t\t\t\t\t\t\t\t\t\t\t\t\t\talt=\"\"\n\t\t\t\t>\n\t\t\t<\/picture>\n\t\t<\/a>\n\t<\/p>\n\n\t<\/p>\n<p>Portanto, seria uma &#8220;ilus\u00e3o e uma fantasia do mercado esperar um aumento de um percentual de 0,75&#8221;, enquanto uma <a href=\"https:\/\/www.suno.com.br\/artigos\/dovish-hawkish\/\">postura dovish<\/a> levaria o d\u00f3lar para &#8220;R$ 6,00&#8221;, disse Giubert. Para ele, s\u00f3 h\u00e1 uma sa\u00edda, uma eleva\u00e7\u00e3o de 0,5 ponto percentual.<\/p>\n<h2>Efeito sobre o investidor<\/h2>\n<p>Na \u00faltima reuni\u00e3o do Copom, o comit\u00ea optou pelo <a href=\"https:\/\/www.suno.com.br\/noticias\/selic-permanece-2-20012020\/\">fim do forward guidance<\/a>, uma indica\u00e7\u00e3o de m\u00e9dio prazo dada pelo BC sobre como pretende conduzir a pol\u00edtica monet\u00e1ria.<\/p>\n<p>De acordo com <strong>Nicolas Takeo<\/strong>, gerente de an\u00e1lise da Singulare, o Banco Central &#8220;preparou o terreno para uma alta nos juros.&#8221;<\/p>\n\t<div data-element=\"shortcode-read-more\" class=\"knowMore\">\n\t\t\t\t<span class=\"knowMore__title\">Leia mais<\/span>\n\t\t\t\t<a class=\"knowMore__link\" href=\"https:\/\/www.suno.com.br\/noticias\/inflacao-copom-elevar-selic-seis-anos\/\">\n\t\t\tCom infla\u00e7\u00e3o no radar, Copom deve elevar Selic pela primeira vez em 6 anos\t\t<\/a>\n\t<\/div>\n\n\n<p>&#8220;Uma coisa \u00e9 certa: o juro no Brasil vai subir. Se o,5; 0,25; ou 0,75 isso \u00e9 uma inc\u00f3gnita. E qual a velocidade [dessa subida] tamb\u00e9m \u00e9 uma inc\u00f3gnita&#8221;, afirmou Takeo.<\/p>\n<p>Para o especialista, &#8220;mais importante do que a alta [da Selic] \u00e9 a mensagem&#8221; que trar\u00e1 o Banco Central. Um discurso mais duro do BC ou um tom mais brando \u00e9 o mais importante hoje.<\/p>\n\t<p>\n\t\t<a href=\"https:\/\/lp.suno.com.br\/planilha-da-vida-financeira\/\" target=\"_blank\" data-element=\"shortcode-suno-banner\" title=\"Banner SUNO, clique e saiba mais\">\n\t\t\t<picture>\n\t\t\t\t<source media=\"(max-width: 500px)\" srcset=\"https:\/\/files.sunoresearch.com.br\/n\/uploads\/2023\/04\/400x300-Planilha-vida-financeira-true.png\">\n\t\t\t\t<img class=\"newsContent__article__imgCapa newsContent__article__imgCapa--banner\"\n\t\t\t\t\tsrc=\"https:\/\/files.sunoresearch.com.br\/n\/uploads\/2023\/04\/1420x240-Planilha-vida-financeira-true.png\"\n\t\t\t\t\tdata-promo-id=\"106682\"\t\t\t\t\t\t\t\t\t\twidth='1420' height='240'\t\t\t\t\talt=\"https:\/\/files.sunoresearch.com.br\/n\/uploads\/2023\/04\/1420x240-Planilha-vida-financeira-true.png\"\n\t\t\t\t>\n\t\t\t<\/picture>\n\t\t<\/a>\n\t<\/p>\n\n\n<p>Segundo De Callis,\u00a0 um discurso hawk levaria a &#8220;curva de juros longa a fechar um pouco&#8221;, com os t\u00edtulos prefixados e indexados ao IPCA se valorizando. Uma fala mais amena por parte do Banco Central, por sua vez, traria o mesmo resultado, mas &#8220;com o sinal trocado&#8221;.<\/p>\n<p>Em ambos os cen\u00e1rios, levando em conta um aumento da taxa Selic, Takeo ressaltou que a renda fixa deve tornar-se atrativa novamente ap\u00f3s meses de &#8220;juros magros&#8221;.<\/p>\n<p>O resultado da reuni\u00e3o do Copom sobre o futuro da <strong>Selic<\/strong> sai esta noite, \u00e0s 18h25.<\/p>\n\t<p>\n\t\t<a href=\"https:\/\/lp.suno.com.br\/planilha-de-controle-de-investimentos\/\" target=\"_blank\" data-element=\"shortcode-suno-banner\" title=\"Banner SUNO, clique e saiba mais\">\n\t\t\t<picture>\n\t\t\t\t<source media=\"(max-width: 500px)\" srcset=\"https:\/\/files.sunoresearch.com.br\/n\/uploads\/2023\/03\/400x300-Controle-de-Investimentos.png\">\n\t\t\t\t<img class=\"newsContent__article__imgCapa newsContent__article__imgCapa--banner\"\n\t\t\t\t\tsrc=\"https:\/\/files.sunoresearch.com.br\/n\/uploads\/2023\/03\/1420x240-Controle-de-Investimentos.png\"\n\t\t\t\t\tdata-promo-id=\"75934\"\t\t\t\t\t\t\t\t\t\twidth='1420' height='240'\t\t\t\t\talt=\"https:\/\/files.sunoresearch.com.br\/n\/uploads\/2023\/03\/1420x240-Controle-de-Investimentos.png\"\n\t\t\t\t>\n\t\t\t<\/picture>\n\t\t<\/a>\n\t<\/p>\n\n\n","protected":false},"excerpt":{"rendered":"<p>Hoje teve in\u00edcio o segundo dia de reuni\u00e3o do Comit\u00ea de Pol\u00edtica Monet\u00e1ria (Copom), com base na qual os integrantes do colegiado v\u00e3o decidir o futuro da taxa b\u00e1sica de juros (Selic), pelo menos at\u00e9 segunda ordem. Mas, ao contr\u00e1rio do que se vinha observando, a expectativa do mercado \u00e9 de um come\u00e7o do ciclo [&hellip;]<\/p>\n","protected":false},"author":35,"featured_media":132389,"comment_status":"closed","ping_status":"closed","sticky":false,"template":"","format":"standard","meta":[],"categories":[62],"tags":[1842,1104,105815,290],"suno_strategy":[],"class_list":["post-132364","post","type-post","status-publish","format-standard","has-post-thumbnail","hentry","category-economia","tag-banco-central-bc","tag-copom","tag-especial","tag-taxa-selic"],"yoast_head":"<!-- This site is optimized with the Yoast SEO plugin v24.4 - https:\/\/yoast.com\/wordpress\/plugins\/seo\/ -->\n<title>O que muda para o investidor com a potencial eleva\u00e7\u00e3o da taxa Selic?<\/title>\n<meta name=\"description\" content=\"Hoje teve in\u00edcio o segundo dia de reuni\u00e3o do Copom, com base na qual os integrantes do colegiado v\u00e3o decidir o futuro da taxa Selic.\" \/>\n<meta name=\"robots\" content=\"index, follow, max-snippet:-1, max-image-preview:large, max-video-preview:-1\" \/>\n<link rel=\"canonical\" href=\"https:\/\/www.suno.com.br\/noticias\/o-que-muda-para-o-investidor-com-a-potencial-elevacao-da-taxa-selic\/\" \/>\n<meta property=\"og:locale\" content=\"pt_BR\" \/>\n<meta property=\"og:type\" content=\"article\" \/>\n<meta property=\"og:title\" content=\"O que muda para o investidor com a potencial eleva\u00e7\u00e3o da taxa Selic?\" \/>\n<meta property=\"og:description\" content=\"Hoje teve in\u00edcio o segundo dia de reuni\u00e3o do Copom, com base na qual os integrantes do colegiado v\u00e3o decidir o futuro da taxa Selic.\" \/>\n<meta property=\"og:url\" content=\"https:\/\/www.suno.com.br\/noticias\/o-que-muda-para-o-investidor-com-a-potencial-elevacao-da-taxa-selic\/\" \/>\n<meta property=\"og:site_name\" content=\"Suno Not\u00edcias\" \/>\n<meta property=\"article:publisher\" content=\"https:\/\/facebook.com\/sunoresearch\" \/>\n<meta property=\"og:image\" content=\"https:\/\/files.sunoresearch.com.br\/n\/uploads\/2021\/03\/06ce5658-investimentos1.jpg\" \/>\n\t<meta property=\"og:image:width\" content=\"1024\" \/>\n\t<meta property=\"og:image:height\" content=\"576\" \/>\n\t<meta property=\"og:image:type\" content=\"image\/jpeg\" \/>\n<meta name=\"author\" content=\"Arthur Guimar\u00e3es\" \/>\n<meta name=\"twitter:card\" content=\"summary_large_image\" \/>\n<meta name=\"twitter:creator\" content=\"@sunoresearch\" \/>\n<meta name=\"twitter:site\" content=\"@sunoresearch\" \/>\n<meta name=\"twitter:label1\" content=\"Escrito por\" \/>\n\t<meta name=\"twitter:data1\" content=\"Arthur Guimar\u00e3es\" \/>\n\t<meta name=\"twitter:label2\" content=\"Est. tempo de leitura\" \/>\n\t<meta name=\"twitter:data2\" content=\"4 minutos\" \/>\n<script type=\"application\/ld+json\" class=\"yoast-schema-graph\">{\"@context\":\"https:\/\/schema.org\",\"@graph\":[{\"@type\":\"NewsArticle\",\"@id\":\"https:\/\/www.suno.com.br\/noticias\/o-que-muda-para-o-investidor-com-a-potencial-elevacao-da-taxa-selic\/#article\",\"isPartOf\":{\"@id\":\"https:\/\/www.suno.com.br\/noticias\/o-que-muda-para-o-investidor-com-a-potencial-elevacao-da-taxa-selic\/\"},\"author\":{\"name\":\"Arthur Guimar\u00e3es\",\"@id\":\"https:\/\/www.suno.com.br\/noticias\/#\/schema\/person\/053a750a709a263919a20f976caae91c\"},\"headline\":\"O que muda para o investidor com a potencial eleva\u00e7\u00e3o da taxa Selic?\",\"datePublished\":\"2021-03-17T20:37:08+00:00\",\"dateModified\":\"2021-03-17T22:17:03+00:00\",\"mainEntityOfPage\":{\"@id\":\"https:\/\/www.suno.com.br\/noticias\/o-que-muda-para-o-investidor-com-a-potencial-elevacao-da-taxa-selic\/\"},\"wordCount\":806,\"publisher\":{\"@id\":\"https:\/\/www.suno.com.br\/noticias\/#organization\"},\"image\":{\"@id\":\"https:\/\/www.suno.com.br\/noticias\/o-que-muda-para-o-investidor-com-a-potencial-elevacao-da-taxa-selic\/#primaryimage\"},\"thumbnailUrl\":\"https:\/\/files.sunoresearch.com.br\/n\/uploads\/2021\/03\/06ce5658-investimentos1-jpg.webp\",\"keywords\":[\"Banco Central (BC)\",\"Copom\",\"Especiais\",\"Taxa Selic\"],\"articleSection\":[\"Economia\"],\"inLanguage\":\"pt-BR\"},{\"@type\":\"WebPage\",\"@id\":\"https:\/\/www.suno.com.br\/noticias\/o-que-muda-para-o-investidor-com-a-potencial-elevacao-da-taxa-selic\/\",\"url\":\"https:\/\/www.suno.com.br\/noticias\/o-que-muda-para-o-investidor-com-a-potencial-elevacao-da-taxa-selic\/\",\"name\":\"O que muda para o investidor com a potencial eleva\u00e7\u00e3o da taxa Selic?\",\"isPartOf\":{\"@id\":\"https:\/\/www.suno.com.br\/noticias\/#website\"},\"primaryImageOfPage\":{\"@id\":\"https:\/\/www.suno.com.br\/noticias\/o-que-muda-para-o-investidor-com-a-potencial-elevacao-da-taxa-selic\/#primaryimage\"},\"image\":{\"@id\":\"https:\/\/www.suno.com.br\/noticias\/o-que-muda-para-o-investidor-com-a-potencial-elevacao-da-taxa-selic\/#primaryimage\"},\"thumbnailUrl\":\"https:\/\/files.sunoresearch.com.br\/n\/uploads\/2021\/03\/06ce5658-investimentos1-jpg.webp\",\"datePublished\":\"2021-03-17T20:37:08+00:00\",\"dateModified\":\"2021-03-17T22:17:03+00:00\",\"description\":\"Hoje teve in\u00edcio o segundo dia de reuni\u00e3o do Copom, com base na qual os integrantes do colegiado v\u00e3o decidir o futuro da taxa Selic.\",\"breadcrumb\":{\"@id\":\"https:\/\/www.suno.com.br\/noticias\/o-que-muda-para-o-investidor-com-a-potencial-elevacao-da-taxa-selic\/#breadcrumb\"},\"inLanguage\":\"pt-BR\",\"potentialAction\":[{\"@type\":\"ReadAction\",\"target\":[\"https:\/\/www.suno.com.br\/noticias\/o-que-muda-para-o-investidor-com-a-potencial-elevacao-da-taxa-selic\/\"]}]},{\"@type\":\"ImageObject\",\"inLanguage\":\"pt-BR\",\"@id\":\"https:\/\/www.suno.com.br\/noticias\/o-que-muda-para-o-investidor-com-a-potencial-elevacao-da-taxa-selic\/#primaryimage\",\"url\":\"https:\/\/files.sunoresearch.com.br\/n\/uploads\/2021\/03\/06ce5658-investimentos1-jpg.webp\",\"contentUrl\":\"https:\/\/files.sunoresearch.com.br\/n\/uploads\/2021\/03\/06ce5658-investimentos1-jpg.webp\",\"width\":1024,\"height\":576,\"caption\":\"A expectativa para o resultado da reuni\u00e3o do Copom nesta quarta-feira \u00e9 de eleva\u00e7\u00e3o da taxa Selic\"},{\"@type\":\"BreadcrumbList\",\"@id\":\"https:\/\/www.suno.com.br\/noticias\/o-que-muda-para-o-investidor-com-a-potencial-elevacao-da-taxa-selic\/#breadcrumb\",\"itemListElement\":[{\"@type\":\"ListItem\",\"position\":1,\"name\":\"Not\u00edcias\",\"item\":\"https:\/\/www.suno.com.br\/noticias\/\"},{\"@type\":\"ListItem\",\"position\":2,\"name\":\"Economia\",\"item\":\"https:\/\/www.suno.com.br\/noticias\/economia\/\"},{\"@type\":\"ListItem\",\"position\":3,\"name\":\"O que muda para o investidor com a potencial eleva\u00e7\u00e3o da taxa Selic?\"}]},{\"@type\":\"WebSite\",\"@id\":\"https:\/\/www.suno.com.br\/noticias\/#website\",\"url\":\"https:\/\/www.suno.com.br\/noticias\/\",\"name\":\"Suno Not\u00edcias\",\"description\":\"Seu portal de informa\u00e7\u00e3o sobre o mundo dos investimentos\",\"publisher\":{\"@id\":\"https:\/\/www.suno.com.br\/noticias\/#organization\"},\"potentialAction\":[{\"@type\":\"SearchAction\",\"target\":{\"@type\":\"EntryPoint\",\"urlTemplate\":\"https:\/\/www.suno.com.br\/noticias\/?s={search_term_string}\"},\"query-input\":{\"@type\":\"PropertyValueSpecification\",\"valueRequired\":true,\"valueName\":\"search_term_string\"}}],\"inLanguage\":\"pt-BR\"},{\"@type\":\"Organization\",\"@id\":\"https:\/\/www.suno.com.br\/noticias\/#organization\",\"name\":\"Suno Not\u00edcias\",\"url\":\"https:\/\/www.suno.com.br\/noticias\/\",\"logo\":{\"@type\":\"ImageObject\",\"inLanguage\":\"pt-BR\",\"@id\":\"https:\/\/www.suno.com.br\/noticias\/#\/schema\/logo\/image\/\",\"url\":\"https:\/\/files.sunoresearch.com.br\/n\/uploads\/2021\/09\/suno-logo.png\",\"contentUrl\":\"https:\/\/files.sunoresearch.com.br\/n\/uploads\/2021\/09\/suno-logo.png\",\"width\":180,\"height\":180,\"caption\":\"Suno Not\u00edcias\"},\"image\":{\"@id\":\"https:\/\/www.suno.com.br\/noticias\/#\/schema\/logo\/image\/\"},\"sameAs\":[\"https:\/\/facebook.com\/sunoresearch\",\"https:\/\/x.com\/sunoresearch\",\"https:\/\/www.instagram.com\/suno\",\"https:\/\/www.linkedin.com\/company\/suno-research\/\",\"https:\/\/www.youtube.com\/c\/sunoresearch\"]},{\"@type\":\"Person\",\"@id\":\"https:\/\/www.suno.com.br\/noticias\/#\/schema\/person\/053a750a709a263919a20f976caae91c\",\"name\":\"Arthur Guimar\u00e3es\",\"image\":{\"@type\":\"ImageObject\",\"inLanguage\":\"pt-BR\",\"@id\":\"https:\/\/www.suno.com.br\/noticias\/#\/schema\/person\/image\/\",\"url\":\"https:\/\/secure.gravatar.com\/avatar\/1affd86a11209ae09eb6dd3bcad3e96c?s=96&r=g\",\"contentUrl\":\"https:\/\/secure.gravatar.com\/avatar\/1affd86a11209ae09eb6dd3bcad3e96c?s=96&r=g\",\"caption\":\"Arthur Guimar\u00e3es\"},\"description\":\"Arthur Guimar\u00e3es escreve sobre pol\u00edtica, economia e neg\u00f3cios para o portal de not\u00edcias da Suno Research. Atualmente, \u00e9 estudante de jornalismo pela Faculdade C\u00e1sper L\u00edbero.\",\"url\":\"https:\/\/www.suno.com.br\/noticias\/author\/arthur-guimaraes\/\"}]}<\/script>\n<!-- \/ Yoast SEO plugin. -->","yoast_head_json":{"title":"O que muda para o investidor com a potencial eleva\u00e7\u00e3o da taxa Selic?","description":"Hoje teve in\u00edcio o segundo dia de reuni\u00e3o do Copom, com base na qual os integrantes do colegiado v\u00e3o decidir o futuro da taxa Selic.","robots":{"index":"index","follow":"follow","max-snippet":"max-snippet:-1","max-image-preview":"max-image-preview:large","max-video-preview":"max-video-preview:-1"},"canonical":"https:\/\/www.suno.com.br\/noticias\/o-que-muda-para-o-investidor-com-a-potencial-elevacao-da-taxa-selic\/","og_locale":"pt_BR","og_type":"article","og_title":"O que muda para o investidor com a potencial eleva\u00e7\u00e3o da taxa Selic?","og_description":"Hoje teve in\u00edcio o segundo dia de reuni\u00e3o do Copom, com base na qual os integrantes do colegiado v\u00e3o decidir o futuro da taxa Selic.","og_url":"https:\/\/www.suno.com.br\/noticias\/o-que-muda-para-o-investidor-com-a-potencial-elevacao-da-taxa-selic\/","og_site_name":"Suno Not\u00edcias","article_publisher":"https:\/\/facebook.com\/sunoresearch","og_image":[{"width":1024,"height":576,"url":"https:\/\/files.sunoresearch.com.br\/n\/uploads\/2021\/03\/06ce5658-investimentos1.jpg","type":"image\/jpeg"}],"author":"Arthur Guimar\u00e3es","twitter_card":"summary_large_image","twitter_creator":"@sunoresearch","twitter_site":"@sunoresearch","twitter_misc":{"Escrito por":"Arthur Guimar\u00e3es","Est. tempo de leitura":"4 minutos"},"schema":{"@context":"https:\/\/schema.org","@graph":[{"@type":"NewsArticle","@id":"https:\/\/www.suno.com.br\/noticias\/o-que-muda-para-o-investidor-com-a-potencial-elevacao-da-taxa-selic\/#article","isPartOf":{"@id":"https:\/\/www.suno.com.br\/noticias\/o-que-muda-para-o-investidor-com-a-potencial-elevacao-da-taxa-selic\/"},"author":{"name":"Arthur Guimar\u00e3es","@id":"https:\/\/www.suno.com.br\/noticias\/#\/schema\/person\/053a750a709a263919a20f976caae91c"},"headline":"O que muda para o investidor com a potencial eleva\u00e7\u00e3o da taxa Selic?","datePublished":"2021-03-17T20:37:08+00:00","dateModified":"2021-03-17T22:17:03+00:00","mainEntityOfPage":{"@id":"https:\/\/www.suno.com.br\/noticias\/o-que-muda-para-o-investidor-com-a-potencial-elevacao-da-taxa-selic\/"},"wordCount":806,"publisher":{"@id":"https:\/\/www.suno.com.br\/noticias\/#organization"},"image":{"@id":"https:\/\/www.suno.com.br\/noticias\/o-que-muda-para-o-investidor-com-a-potencial-elevacao-da-taxa-selic\/#primaryimage"},"thumbnailUrl":"https:\/\/files.sunoresearch.com.br\/n\/uploads\/2021\/03\/06ce5658-investimentos1-jpg.webp","keywords":["Banco Central (BC)","Copom","Especiais","Taxa Selic"],"articleSection":["Economia"],"inLanguage":"pt-BR"},{"@type":"WebPage","@id":"https:\/\/www.suno.com.br\/noticias\/o-que-muda-para-o-investidor-com-a-potencial-elevacao-da-taxa-selic\/","url":"https:\/\/www.suno.com.br\/noticias\/o-que-muda-para-o-investidor-com-a-potencial-elevacao-da-taxa-selic\/","name":"O que muda para o investidor com a potencial eleva\u00e7\u00e3o da taxa Selic?","isPartOf":{"@id":"https:\/\/www.suno.com.br\/noticias\/#website"},"primaryImageOfPage":{"@id":"https:\/\/www.suno.com.br\/noticias\/o-que-muda-para-o-investidor-com-a-potencial-elevacao-da-taxa-selic\/#primaryimage"},"image":{"@id":"https:\/\/www.suno.com.br\/noticias\/o-que-muda-para-o-investidor-com-a-potencial-elevacao-da-taxa-selic\/#primaryimage"},"thumbnailUrl":"https:\/\/files.sunoresearch.com.br\/n\/uploads\/2021\/03\/06ce5658-investimentos1-jpg.webp","datePublished":"2021-03-17T20:37:08+00:00","dateModified":"2021-03-17T22:17:03+00:00","description":"Hoje teve in\u00edcio o segundo dia de reuni\u00e3o do Copom, com base na qual os integrantes do colegiado v\u00e3o decidir o futuro da taxa Selic.","breadcrumb":{"@id":"https:\/\/www.suno.com.br\/noticias\/o-que-muda-para-o-investidor-com-a-potencial-elevacao-da-taxa-selic\/#breadcrumb"},"inLanguage":"pt-BR","potentialAction":[{"@type":"ReadAction","target":["https:\/\/www.suno.com.br\/noticias\/o-que-muda-para-o-investidor-com-a-potencial-elevacao-da-taxa-selic\/"]}]},{"@type":"ImageObject","inLanguage":"pt-BR","@id":"https:\/\/www.suno.com.br\/noticias\/o-que-muda-para-o-investidor-com-a-potencial-elevacao-da-taxa-selic\/#primaryimage","url":"https:\/\/files.sunoresearch.com.br\/n\/uploads\/2021\/03\/06ce5658-investimentos1-jpg.webp","contentUrl":"https:\/\/files.sunoresearch.com.br\/n\/uploads\/2021\/03\/06ce5658-investimentos1-jpg.webp","width":1024,"height":576,"caption":"A expectativa para o resultado da reuni\u00e3o do Copom nesta quarta-feira \u00e9 de eleva\u00e7\u00e3o da taxa Selic"},{"@type":"BreadcrumbList","@id":"https:\/\/www.suno.com.br\/noticias\/o-que-muda-para-o-investidor-com-a-potencial-elevacao-da-taxa-selic\/#breadcrumb","itemListElement":[{"@type":"ListItem","position":1,"name":"Not\u00edcias","item":"https:\/\/www.suno.com.br\/noticias\/"},{"@type":"ListItem","position":2,"name":"Economia","item":"https:\/\/www.suno.com.br\/noticias\/economia\/"},{"@type":"ListItem","position":3,"name":"O que muda para o investidor com a potencial eleva\u00e7\u00e3o da taxa Selic?"}]},{"@type":"WebSite","@id":"https:\/\/www.suno.com.br\/noticias\/#website","url":"https:\/\/www.suno.com.br\/noticias\/","name":"Suno Not\u00edcias","description":"Seu portal de informa\u00e7\u00e3o sobre o mundo dos investimentos","publisher":{"@id":"https:\/\/www.suno.com.br\/noticias\/#organization"},"potentialAction":[{"@type":"SearchAction","target":{"@type":"EntryPoint","urlTemplate":"https:\/\/www.suno.com.br\/noticias\/?s={search_term_string}"},"query-input":{"@type":"PropertyValueSpecification","valueRequired":true,"valueName":"search_term_string"}}],"inLanguage":"pt-BR"},{"@type":"Organization","@id":"https:\/\/www.suno.com.br\/noticias\/#organization","name":"Suno Not\u00edcias","url":"https:\/\/www.suno.com.br\/noticias\/","logo":{"@type":"ImageObject","inLanguage":"pt-BR","@id":"https:\/\/www.suno.com.br\/noticias\/#\/schema\/logo\/image\/","url":"https:\/\/files.sunoresearch.com.br\/n\/uploads\/2021\/09\/suno-logo.png","contentUrl":"https:\/\/files.sunoresearch.com.br\/n\/uploads\/2021\/09\/suno-logo.png","width":180,"height":180,"caption":"Suno Not\u00edcias"},"image":{"@id":"https:\/\/www.suno.com.br\/noticias\/#\/schema\/logo\/image\/"},"sameAs":["https:\/\/facebook.com\/sunoresearch","https:\/\/x.com\/sunoresearch","https:\/\/www.instagram.com\/suno","https:\/\/www.linkedin.com\/company\/suno-research\/","https:\/\/www.youtube.com\/c\/sunoresearch"]},{"@type":"Person","@id":"https:\/\/www.suno.com.br\/noticias\/#\/schema\/person\/053a750a709a263919a20f976caae91c","name":"Arthur Guimar\u00e3es","image":{"@type":"ImageObject","inLanguage":"pt-BR","@id":"https:\/\/www.suno.com.br\/noticias\/#\/schema\/person\/image\/","url":"https:\/\/secure.gravatar.com\/avatar\/1affd86a11209ae09eb6dd3bcad3e96c?s=96&r=g","contentUrl":"https:\/\/secure.gravatar.com\/avatar\/1affd86a11209ae09eb6dd3bcad3e96c?s=96&r=g","caption":"Arthur Guimar\u00e3es"},"description":"Arthur Guimar\u00e3es escreve sobre pol\u00edtica, economia e neg\u00f3cios para o portal de not\u00edcias da Suno Research. Atualmente, \u00e9 estudante de jornalismo pela Faculdade C\u00e1sper L\u00edbero.","url":"https:\/\/www.suno.com.br\/noticias\/author\/arthur-guimaraes\/"}]}},"default_loop_html":"<div class=\"cardsPage__listCard__boxs\"><div class=\"cardsPage__listCard__boxs__img\"><a href=\"https:\/\/www.suno.com.br\/noticias\/o-que-muda-para-o-investidor-com-a-potencial-elevacao-da-taxa-selic\/\"><img class=\"mask\" src=\"https:\/\/www.suno.com.br\/noticias\/wp-content\/themes\/suno\/resources\/images\/spotlight\/spotlight1img\/bg-mask.png\" alt=\"Image Mask\"\/><img src=\"https:\/\/files.sunoresearch.com.br\/n\/uploads\/2021\/03\/06ce5658-investimentos1-400x200.webp\" alt=\"O que muda para o investidor com a potencial eleva\u00e7\u00e3o da taxa Selic?\"\/><\/a><span class=\"spotlightCategory\"><a href=\"https:\/\/www.suno.com.br\/noticias\/economia\/\">Economia<\/a><\/span><\/div><div class=\"cardsPage__listCard__boxs__content\"><a href=\"https:\/\/www.suno.com.br\/noticias\/o-que-muda-para-o-investidor-com-a-potencial-elevacao-da-taxa-selic\/\"><h2 class=\"content__title\">O que muda para o investidor com a potencial eleva\u00e7\u00e3o da taxa Selic?<\/h2><\/a><div class=\"newsContent__article__meta\"><div class=\"newsContent__article__meta__authorBox\"><a href=\"https:\/\/www.suno.com.br\/noticias\/author\/arthur-guimaraes\/\" class=\"authorBox__avatar noMobi\"><img src=\"https:\/\/files.sunoresearch.com.br\/n\/uploads\/2020\/02\/dfb40897-eu-150x150.webp\" alt=\"Arthur Guimar\u00e3es\"><\/a><div class=\"authorBox__name\"><span>por\n\t\t\t<a href=\"https:\/\/www.suno.com.br\/noticias\/author\/arthur-guimaraes\/\"><span itemprop=\"author\">Arthur Guimar\u00e3es<\/span><\/a><\/span><time datetime=\"2021-03-17T17:37:08-03:00\" itemprop=\"datePublished\">17\/03\/2021 17:37<\/time><\/div><\/div><\/div><\/div><\/div>","single_layout":"posts","amp_enabled":true,"_links":{"self":[{"href":"https:\/\/www.suno.com.br\/noticias\/wp-json\/wp\/v2\/posts\/132364"}],"collection":[{"href":"https:\/\/www.suno.com.br\/noticias\/wp-json\/wp\/v2\/posts"}],"about":[{"href":"https:\/\/www.suno.com.br\/noticias\/wp-json\/wp\/v2\/types\/post"}],"author":[{"embeddable":true,"href":"https:\/\/www.suno.com.br\/noticias\/wp-json\/wp\/v2\/users\/35"}],"replies":[{"embeddable":true,"href":"https:\/\/www.suno.com.br\/noticias\/wp-json\/wp\/v2\/comments?post=132364"}],"version-history":[{"count":7,"href":"https:\/\/www.suno.com.br\/noticias\/wp-json\/wp\/v2\/posts\/132364\/revisions"}],"predecessor-version":[{"id":132709,"href":"https:\/\/www.suno.com.br\/noticias\/wp-json\/wp\/v2\/posts\/132364\/revisions\/132709"}],"wp:featuredmedia":[{"embeddable":true,"href":"https:\/\/www.suno.com.br\/noticias\/wp-json\/wp\/v2\/media\/132389"}],"wp:attachment":[{"href":"https:\/\/www.suno.com.br\/noticias\/wp-json\/wp\/v2\/media?parent=132364"}],"wp:term":[{"taxonomy":"category","embeddable":true,"href":"https:\/\/www.suno.com.br\/noticias\/wp-json\/wp\/v2\/categories?post=132364"},{"taxonomy":"post_tag","embeddable":true,"href":"https:\/\/www.suno.com.br\/noticias\/wp-json\/wp\/v2\/tags?post=132364"},{"taxonomy":"suno_strategy","embeddable":true,"href":"https:\/\/www.suno.com.br\/noticias\/wp-json\/wp\/v2\/suno_strategy?post=132364"}],"curies":[{"name":"wp","href":"https:\/\/api.w.org\/{rel}","templated":true}]}}