{"id":13234,"date":"2019-01-28T19:15:41","date_gmt":"2019-01-28T21:15:41","guid":{"rendered":"https:\/\/www.suno.com.br\/noticias\/?p=13234"},"modified":"2019-01-28T19:46:12","modified_gmt":"2019-01-28T21:46:12","slug":"fitch-rebaixa-nota-credito-vale","status":"publish","type":"post","link":"https:\/\/www.suno.com.br\/noticias\/fitch-rebaixa-nota-credito-vale\/","title":{"rendered":"Fitch rebaixa nota de cr\u00e9dito da Vale de BBB+ para BBB-"},"content":{"rendered":"<p>A ag\u00eancia de classifica\u00e7\u00e3o de risco de cr\u00e9dito Fitch Ratings rebaixou na noite desta segunda (28) a nota de cr\u00e9dito da <a href=\"https:\/\/www.suno.com.br\/artigos\/vale-analise-sobre-suas-acoes-apos-o-acidente-em-brumadinho\/\">Vale (VALE3)<\/a> de BBB+ para BBB-.<\/p>\t<div class=\"wrapper-featured-image\">\n\t\t<figure class=\"spotlightImg\">\n\n\t\t\t<picture>\n\t\t\t\t<source media=\"(max-width: 768px)\" srcset=\"https:\/\/files.sunoresearch.com.br\/n\/uploads\/2019\/01\/862a09e2-vale-400x200.webp\">\n\t\t\t\t<img loading=\"lazy\" decoding=\"async\" class=\"newsContent__article__imgCapa lazyloadDisabled newsContent__article__imgCapa--noCaption\" src=\"https:\/\/files.sunoresearch.com.br\/n\/uploads\/2019\/01\/862a09e2-vale-800x450.webp\" width=\"800\" height=\"450\" alt=\"Fitch rebaixa nota de cr\u00e9dito da Vale de BBB+ para BBB-\" fetchpriority=high \/>\n\t\t\t<\/picture>\n\n\t\t\t<figcaption class=\"wp-caption-text wp-caption-text--hide\">Vale<\/figcaption>\n\t\t<\/figure>\n\t<\/div>\n\n\n<p>Em nota, a <strong>Fitch<\/strong> afirma que o rebaixamento reflete a expectativa da ag\u00eancia de que a empresa v\u00e1 sofrer pesados custos de repara\u00e7\u00e3o ap\u00f3s o <a href=\"https:\/\/www.suno.com.br\/noticias\/dodge-vale-brumadinho\/\">rompimento da barragem em <strong>Brumadinho<\/strong><\/a> (MG), na \u00faltima sexta (25). Al\u00e9m disso, a Fitch leva em considera\u00e7\u00e3o que a Vale j\u00e1 precisar reduzir sua produ\u00e7\u00e3o no curto e m\u00e9dio prazos, fora as poss\u00edveis despesas para garantir o reparo e seguran\u00e7a em outras barragens.<\/p>\n<p>Mesmo com o rebaixamento, a <strong>Vale<\/strong> continua dentro da categoria BBB da Fitch, que significa &#8220;cr\u00e9dito de boa qualidade&#8221;. Essa categoria indica que expectativas de risco padr\u00e3o s\u00e3o atualmente baixas. A capacidade de pagamento em compromissos financeiros \u00e9 considerada adequada, mas adversidades nos neg\u00f3cios da empresa ou condi\u00e7\u00f5es econ\u00f4micas podem vir a prejudicar essa capacidade.<\/p>\n<p><a href=\"https:\/\/www.suno.com.br\/noticias\/vale-valor-mercado-maior-tombo\/\">Saiba mais: Vale perde R$ 71 bi em valor de mercado, o maior tombo da Bolsa<\/a><\/p>\n<p>No s\u00e1bado (26), a ag\u00eancia de risco Standard &amp; Poor&#8217;s j\u00e1 havia colocado o rating da <strong>Vale<\/strong> sob observa\u00e7\u00e3o negativa.<\/p>\n<p>No fechamento do preg\u00e3o da <strong>B3<\/strong> nesta segunda, a <a href=\"https:\/\/www.suno.com.br\/noticias\/ibovespa-tem-queda-de-mais-de-2-acoes-da-vale-despencam-24\/\">Vale perdeu mais de R$ 70 bilh\u00f5es em valor de mercado<\/a>. Trata-se do maior tombo num \u00fanico dia na <strong>Bolsa<\/strong> brasileira.<\/p>\n<p>A queda \u00e9 resultado da <a href=\"https:\/\/www.suno.com.br\/noticias\/investidores-suecia-noruega-tirar-aplicacoes-vale\/\">rea\u00e7\u00e3o imediata de investidores<\/a>. Eles entendem que a trag\u00e9dia em <strong>Brumadinho<\/strong> vai gerar um impacto financeiro consider\u00e1vel na companhia. Afinal, a empresa j\u00e1 teve <a href=\"https:\/\/www.suno.com.br\/noticias\/justica-bloqueou-11-bi-vale\/\">R$ 11 bilh\u00f5es bloqueados pela Justi\u00e7a<\/a>. O valor corresponde a 45% do caixa da empresa em setembro de 2018, segundo o dado mais recente divulgado.<\/p>\n<p>Al\u00e9m do valor bloqueado, a <strong>Vale<\/strong> foi multada em R$ 250 milh\u00f5es pelo Ibama e em R$ 99,139 milh\u00f5es pelo governo de Minas Gerais. E h\u00e1 ainda a suspens\u00e3o do pagamento de dividendos e juros sobre capital pr\u00f3prio. Em 2018, acionistas receberam R$ 77 bilh\u00f5es, o que atraiu outros investidores.<\/p>\n<h2>A trag\u00e9dia de Brumadinho<\/h2>\n<p>A barragem 1 de rejeitos da mina de C\u00f3rrego do Feij\u00e3o estourou na \u00faltima sexta-feira (25), em <strong>Brumadinho<\/strong> (MG). A mina, localizada na \u00e1rea metropolitana de Belo Horizonte, \u00e9 de propriedade da <strong>Vale<\/strong>.<\/p>\n<p>Segundo o Corpo de Bombeiros, ao menos 60 pessoas morreram e 292 est\u00e3o desaparecidas. Por outro lado, foram resgatadas 192 pessoas. No total, est\u00e3o trabalhando no local 226 bombeiros em buscas noturnas.<\/p>\n<p>O acidente gerou uma avalanche de lama, que liberou em torno de 13 milh\u00f5es de metros c\u00fabicos (m\u00b3) de rejeitos. A lama destruiu parte do centro administrativo da empresa em <strong>Brumadinho<\/strong>, e arrastou casas e at\u00e9 uma ponte.<\/p>\n<p>A barragem rompida faz parte do complexo de Paraopeba. A mina \u00e9 respons\u00e1vel por 7,3 milh\u00f5es de toneladas de min\u00e9rio de ferro do terceiro trimestre de 2018. O volume corresponde a 6,2% da produ\u00e7\u00e3o total de min\u00e9rio de ferro da Vale.<\/p>\n<p>Esse \u00e9 o segundo desastre com barragem em que a <strong>Vale<\/strong> se envolve em tr\u00eas anos. Em 2015 ocorreu a trag\u00e9dia de <strong>Mariana<\/strong>, com o rompimento da barragem da <strong>Samarco<\/strong>. Naquele desastre morreram 19 pessoas e a lama destruiu centenas de casas e constru\u00e7\u00f5es.<\/p>\n<p>A <strong>Samarco<\/strong> \u00e9 controlada pela <strong>Vale<\/strong> e pela mineradora anglo-australiana <strong>BHP Billiton<\/strong>, cada uma com 50% das a\u00e7\u00f5es. As duas empresas se tornaram alvo de a\u00e7\u00f5es na Justi\u00e7a por conta do desastre. As pessoas afetadas ainda esperam por repara\u00e7\u00e3o.<\/p>\n","protected":false},"excerpt":{"rendered":"<p>A ag\u00eancia de classifica\u00e7\u00e3o de risco de cr\u00e9dito Fitch Ratings rebaixou na noite desta segunda (28) a nota de cr\u00e9dito da Vale (VALE3) de BBB+ para BBB-. Vale Em nota, a Fitch afirma que o rebaixamento reflete a expectativa da ag\u00eancia de que a empresa v\u00e1 sofrer pesados custos de repara\u00e7\u00e3o ap\u00f3s o rompimento da [&hellip;]<\/p>\n","protected":false},"author":13,"featured_media":13110,"comment_status":"closed","ping_status":"closed","sticky":false,"template":"","format":"standard","meta":[],"categories":[64],"tags":[1032,943,676],"suno_strategy":[],"class_list":["post-13234","post","type-post","status-publish","format-standard","has-post-thumbnail","hentry","category-negocios","tag-brumadinho","tag-credito","tag-vale-vale3"],"yoast_head":"<!-- This site is optimized with the Yoast SEO plugin v24.4 - https:\/\/yoast.com\/wordpress\/plugins\/seo\/ -->\n<title>Fitch rebaixa nota de cr\u00e9dito da Vale de BBB+ para BBB-<\/title>\n<meta name=\"description\" content=\"A ag\u00eancia de classifica\u00e7\u00e3o de risco de cr\u00e9dito Fitch rebaixou nesta segunda a nota de cr\u00e9dito da Vale de BBB+ para BBB-. Clique e saiba+\" \/>\n<meta name=\"robots\" content=\"index, follow, max-snippet:-1, max-image-preview:large, max-video-preview:-1\" \/>\n<link rel=\"canonical\" href=\"https:\/\/www.suno.com.br\/noticias\/fitch-rebaixa-nota-credito-vale\/\" \/>\n<meta property=\"og:locale\" content=\"pt_BR\" \/>\n<meta property=\"og:type\" content=\"article\" \/>\n<meta property=\"og:title\" content=\"Fitch rebaixa nota de cr\u00e9dito da Vale de BBB+ para BBB-\" \/>\n<meta property=\"og:description\" content=\"A ag\u00eancia de classifica\u00e7\u00e3o de risco de cr\u00e9dito Fitch rebaixou nesta segunda a nota de cr\u00e9dito da Vale de BBB+ para BBB-. Clique e saiba+\" \/>\n<meta property=\"og:url\" content=\"https:\/\/www.suno.com.br\/noticias\/fitch-rebaixa-nota-credito-vale\/\" \/>\n<meta property=\"og:site_name\" content=\"Suno Not\u00edcias\" \/>\n<meta property=\"article:publisher\" content=\"https:\/\/facebook.com\/sunoresearch\" \/>\n<meta property=\"og:image\" content=\"https:\/\/files.sunoresearch.com.br\/n\/uploads\/2019\/01\/862a09e2-vale.jpg\" \/>\n\t<meta property=\"og:image:width\" content=\"1024\" \/>\n\t<meta property=\"og:image:height\" content=\"768\" \/>\n\t<meta property=\"og:image:type\" content=\"image\/jpeg\" \/>\n<meta name=\"author\" content=\"Guilherme Caetano\" \/>\n<meta name=\"twitter:card\" content=\"summary_large_image\" \/>\n<meta name=\"twitter:creator\" content=\"@sunoresearch\" \/>\n<meta name=\"twitter:site\" content=\"@sunoresearch\" \/>\n<meta name=\"twitter:label1\" content=\"Escrito por\" \/>\n\t<meta name=\"twitter:data1\" content=\"Guilherme Caetano\" \/>\n\t<meta name=\"twitter:label2\" content=\"Est. tempo de leitura\" \/>\n\t<meta name=\"twitter:data2\" content=\"3 minutos\" \/>\n<script type=\"application\/ld+json\" class=\"yoast-schema-graph\">{\"@context\":\"https:\/\/schema.org\",\"@graph\":[{\"@type\":\"NewsArticle\",\"@id\":\"https:\/\/www.suno.com.br\/noticias\/fitch-rebaixa-nota-credito-vale\/#article\",\"isPartOf\":{\"@id\":\"https:\/\/www.suno.com.br\/noticias\/fitch-rebaixa-nota-credito-vale\/\"},\"author\":{\"name\":\"Guilherme Caetano\",\"@id\":\"https:\/\/www.suno.com.br\/noticias\/#\/schema\/person\/0d0c9687cd2f600c564f25980c140de9\"},\"headline\":\"Fitch rebaixa nota de cr\u00e9dito da Vale de BBB+ para BBB-\",\"datePublished\":\"2019-01-28T21:15:41+00:00\",\"dateModified\":\"2019-01-28T21:46:12+00:00\",\"mainEntityOfPage\":{\"@id\":\"https:\/\/www.suno.com.br\/noticias\/fitch-rebaixa-nota-credito-vale\/\"},\"wordCount\":587,\"publisher\":{\"@id\":\"https:\/\/www.suno.com.br\/noticias\/#organization\"},\"image\":{\"@id\":\"https:\/\/www.suno.com.br\/noticias\/fitch-rebaixa-nota-credito-vale\/#primaryimage\"},\"thumbnailUrl\":\"https:\/\/files.sunoresearch.com.br\/n\/uploads\/2019\/01\/862a09e2-vale-jpg.webp\",\"keywords\":[\"Brumadinho\",\"cr\u00e9dito\",\"Vale (VALE3)\"],\"articleSection\":[\"Neg\u00f3cios\"],\"inLanguage\":\"pt-BR\"},{\"@type\":\"WebPage\",\"@id\":\"https:\/\/www.suno.com.br\/noticias\/fitch-rebaixa-nota-credito-vale\/\",\"url\":\"https:\/\/www.suno.com.br\/noticias\/fitch-rebaixa-nota-credito-vale\/\",\"name\":\"Fitch rebaixa nota de cr\u00e9dito da Vale de BBB+ para BBB-\",\"isPartOf\":{\"@id\":\"https:\/\/www.suno.com.br\/noticias\/#website\"},\"primaryImageOfPage\":{\"@id\":\"https:\/\/www.suno.com.br\/noticias\/fitch-rebaixa-nota-credito-vale\/#primaryimage\"},\"image\":{\"@id\":\"https:\/\/www.suno.com.br\/noticias\/fitch-rebaixa-nota-credito-vale\/#primaryimage\"},\"thumbnailUrl\":\"https:\/\/files.sunoresearch.com.br\/n\/uploads\/2019\/01\/862a09e2-vale-jpg.webp\",\"datePublished\":\"2019-01-28T21:15:41+00:00\",\"dateModified\":\"2019-01-28T21:46:12+00:00\",\"description\":\"A ag\u00eancia de classifica\u00e7\u00e3o de risco de cr\u00e9dito Fitch rebaixou nesta segunda a nota de cr\u00e9dito da Vale de BBB+ para BBB-. Clique e saiba+\",\"breadcrumb\":{\"@id\":\"https:\/\/www.suno.com.br\/noticias\/fitch-rebaixa-nota-credito-vale\/#breadcrumb\"},\"inLanguage\":\"pt-BR\",\"potentialAction\":[{\"@type\":\"ReadAction\",\"target\":[\"https:\/\/www.suno.com.br\/noticias\/fitch-rebaixa-nota-credito-vale\/\"]}]},{\"@type\":\"ImageObject\",\"inLanguage\":\"pt-BR\",\"@id\":\"https:\/\/www.suno.com.br\/noticias\/fitch-rebaixa-nota-credito-vale\/#primaryimage\",\"url\":\"https:\/\/files.sunoresearch.com.br\/n\/uploads\/2019\/01\/862a09e2-vale-jpg.webp\",\"contentUrl\":\"https:\/\/files.sunoresearch.com.br\/n\/uploads\/2019\/01\/862a09e2-vale-jpg.webp\",\"width\":1024,\"height\":768,\"caption\":\"Vale\"},{\"@type\":\"BreadcrumbList\",\"@id\":\"https:\/\/www.suno.com.br\/noticias\/fitch-rebaixa-nota-credito-vale\/#breadcrumb\",\"itemListElement\":[{\"@type\":\"ListItem\",\"position\":1,\"name\":\"Not\u00edcias\",\"item\":\"https:\/\/www.suno.com.br\/noticias\/\"},{\"@type\":\"ListItem\",\"position\":2,\"name\":\"Neg\u00f3cios\",\"item\":\"https:\/\/www.suno.com.br\/noticias\/negocios\/\"},{\"@type\":\"ListItem\",\"position\":3,\"name\":\"Fitch rebaixa nota de cr\u00e9dito da Vale de BBB+ para BBB-\"}]},{\"@type\":\"WebSite\",\"@id\":\"https:\/\/www.suno.com.br\/noticias\/#website\",\"url\":\"https:\/\/www.suno.com.br\/noticias\/\",\"name\":\"Suno Not\u00edcias\",\"description\":\"Seu portal de informa\u00e7\u00e3o sobre o mundo dos investimentos\",\"publisher\":{\"@id\":\"https:\/\/www.suno.com.br\/noticias\/#organization\"},\"potentialAction\":[{\"@type\":\"SearchAction\",\"target\":{\"@type\":\"EntryPoint\",\"urlTemplate\":\"https:\/\/www.suno.com.br\/noticias\/?s={search_term_string}\"},\"query-input\":{\"@type\":\"PropertyValueSpecification\",\"valueRequired\":true,\"valueName\":\"search_term_string\"}}],\"inLanguage\":\"pt-BR\"},{\"@type\":\"Organization\",\"@id\":\"https:\/\/www.suno.com.br\/noticias\/#organization\",\"name\":\"Suno Not\u00edcias\",\"url\":\"https:\/\/www.suno.com.br\/noticias\/\",\"logo\":{\"@type\":\"ImageObject\",\"inLanguage\":\"pt-BR\",\"@id\":\"https:\/\/www.suno.com.br\/noticias\/#\/schema\/logo\/image\/\",\"url\":\"https:\/\/files.sunoresearch.com.br\/n\/uploads\/2021\/09\/suno-logo.png\",\"contentUrl\":\"https:\/\/files.sunoresearch.com.br\/n\/uploads\/2021\/09\/suno-logo.png\",\"width\":180,\"height\":180,\"caption\":\"Suno Not\u00edcias\"},\"image\":{\"@id\":\"https:\/\/www.suno.com.br\/noticias\/#\/schema\/logo\/image\/\"},\"sameAs\":[\"https:\/\/facebook.com\/sunoresearch\",\"https:\/\/x.com\/sunoresearch\",\"https:\/\/www.instagram.com\/suno\",\"https:\/\/www.linkedin.com\/company\/suno-research\/\",\"https:\/\/www.youtube.com\/c\/sunoresearch\"]},{\"@type\":\"Person\",\"@id\":\"https:\/\/www.suno.com.br\/noticias\/#\/schema\/person\/0d0c9687cd2f600c564f25980c140de9\",\"name\":\"Guilherme Caetano\",\"image\":{\"@type\":\"ImageObject\",\"inLanguage\":\"pt-BR\",\"@id\":\"https:\/\/www.suno.com.br\/noticias\/#\/schema\/person\/image\/\",\"url\":\"https:\/\/secure.gravatar.com\/avatar\/e48357351a01702a0d19307070e081bf?s=96&r=g\",\"contentUrl\":\"https:\/\/secure.gravatar.com\/avatar\/e48357351a01702a0d19307070e081bf?s=96&r=g\",\"caption\":\"Guilherme Caetano\"},\"description\":\"Formado em jornalismo pela Escola de Comunica\u00e7\u00f5es e Artes da USP, Guilherme Caetano escreve para o portal de not\u00edcias da Suno Research. Passou pelas reda\u00e7\u00f5es da Folha de S.Paulo e da revista \u00c9poca.\",\"url\":\"https:\/\/www.suno.com.br\/noticias\/author\/guilherme-caetano\/\"}]}<\/script>\n<!-- \/ Yoast SEO plugin. -->","yoast_head_json":{"title":"Fitch rebaixa nota de cr\u00e9dito da Vale de BBB+ para BBB-","description":"A ag\u00eancia de classifica\u00e7\u00e3o de risco de cr\u00e9dito Fitch rebaixou nesta segunda a nota de cr\u00e9dito da Vale de BBB+ para BBB-. Clique e saiba+","robots":{"index":"index","follow":"follow","max-snippet":"max-snippet:-1","max-image-preview":"max-image-preview:large","max-video-preview":"max-video-preview:-1"},"canonical":"https:\/\/www.suno.com.br\/noticias\/fitch-rebaixa-nota-credito-vale\/","og_locale":"pt_BR","og_type":"article","og_title":"Fitch rebaixa nota de cr\u00e9dito da Vale de BBB+ para BBB-","og_description":"A ag\u00eancia de classifica\u00e7\u00e3o de risco de cr\u00e9dito Fitch rebaixou nesta segunda a nota de cr\u00e9dito da Vale de BBB+ para BBB-. Clique e saiba+","og_url":"https:\/\/www.suno.com.br\/noticias\/fitch-rebaixa-nota-credito-vale\/","og_site_name":"Suno Not\u00edcias","article_publisher":"https:\/\/facebook.com\/sunoresearch","og_image":[{"width":1024,"height":768,"url":"https:\/\/files.sunoresearch.com.br\/n\/uploads\/2019\/01\/862a09e2-vale.jpg","type":"image\/jpeg"}],"author":"Guilherme Caetano","twitter_card":"summary_large_image","twitter_creator":"@sunoresearch","twitter_site":"@sunoresearch","twitter_misc":{"Escrito por":"Guilherme Caetano","Est. tempo de leitura":"3 minutos"},"schema":{"@context":"https:\/\/schema.org","@graph":[{"@type":"NewsArticle","@id":"https:\/\/www.suno.com.br\/noticias\/fitch-rebaixa-nota-credito-vale\/#article","isPartOf":{"@id":"https:\/\/www.suno.com.br\/noticias\/fitch-rebaixa-nota-credito-vale\/"},"author":{"name":"Guilherme Caetano","@id":"https:\/\/www.suno.com.br\/noticias\/#\/schema\/person\/0d0c9687cd2f600c564f25980c140de9"},"headline":"Fitch rebaixa nota de cr\u00e9dito da Vale de BBB+ para BBB-","datePublished":"2019-01-28T21:15:41+00:00","dateModified":"2019-01-28T21:46:12+00:00","mainEntityOfPage":{"@id":"https:\/\/www.suno.com.br\/noticias\/fitch-rebaixa-nota-credito-vale\/"},"wordCount":587,"publisher":{"@id":"https:\/\/www.suno.com.br\/noticias\/#organization"},"image":{"@id":"https:\/\/www.suno.com.br\/noticias\/fitch-rebaixa-nota-credito-vale\/#primaryimage"},"thumbnailUrl":"https:\/\/files.sunoresearch.com.br\/n\/uploads\/2019\/01\/862a09e2-vale-jpg.webp","keywords":["Brumadinho","cr\u00e9dito","Vale (VALE3)"],"articleSection":["Neg\u00f3cios"],"inLanguage":"pt-BR"},{"@type":"WebPage","@id":"https:\/\/www.suno.com.br\/noticias\/fitch-rebaixa-nota-credito-vale\/","url":"https:\/\/www.suno.com.br\/noticias\/fitch-rebaixa-nota-credito-vale\/","name":"Fitch rebaixa nota de cr\u00e9dito da Vale de BBB+ para BBB-","isPartOf":{"@id":"https:\/\/www.suno.com.br\/noticias\/#website"},"primaryImageOfPage":{"@id":"https:\/\/www.suno.com.br\/noticias\/fitch-rebaixa-nota-credito-vale\/#primaryimage"},"image":{"@id":"https:\/\/www.suno.com.br\/noticias\/fitch-rebaixa-nota-credito-vale\/#primaryimage"},"thumbnailUrl":"https:\/\/files.sunoresearch.com.br\/n\/uploads\/2019\/01\/862a09e2-vale-jpg.webp","datePublished":"2019-01-28T21:15:41+00:00","dateModified":"2019-01-28T21:46:12+00:00","description":"A ag\u00eancia de classifica\u00e7\u00e3o de risco de cr\u00e9dito Fitch rebaixou nesta segunda a nota de cr\u00e9dito da Vale de BBB+ para BBB-. Clique e saiba+","breadcrumb":{"@id":"https:\/\/www.suno.com.br\/noticias\/fitch-rebaixa-nota-credito-vale\/#breadcrumb"},"inLanguage":"pt-BR","potentialAction":[{"@type":"ReadAction","target":["https:\/\/www.suno.com.br\/noticias\/fitch-rebaixa-nota-credito-vale\/"]}]},{"@type":"ImageObject","inLanguage":"pt-BR","@id":"https:\/\/www.suno.com.br\/noticias\/fitch-rebaixa-nota-credito-vale\/#primaryimage","url":"https:\/\/files.sunoresearch.com.br\/n\/uploads\/2019\/01\/862a09e2-vale-jpg.webp","contentUrl":"https:\/\/files.sunoresearch.com.br\/n\/uploads\/2019\/01\/862a09e2-vale-jpg.webp","width":1024,"height":768,"caption":"Vale"},{"@type":"BreadcrumbList","@id":"https:\/\/www.suno.com.br\/noticias\/fitch-rebaixa-nota-credito-vale\/#breadcrumb","itemListElement":[{"@type":"ListItem","position":1,"name":"Not\u00edcias","item":"https:\/\/www.suno.com.br\/noticias\/"},{"@type":"ListItem","position":2,"name":"Neg\u00f3cios","item":"https:\/\/www.suno.com.br\/noticias\/negocios\/"},{"@type":"ListItem","position":3,"name":"Fitch rebaixa nota de cr\u00e9dito da Vale de BBB+ para BBB-"}]},{"@type":"WebSite","@id":"https:\/\/www.suno.com.br\/noticias\/#website","url":"https:\/\/www.suno.com.br\/noticias\/","name":"Suno Not\u00edcias","description":"Seu portal de informa\u00e7\u00e3o sobre o mundo dos investimentos","publisher":{"@id":"https:\/\/www.suno.com.br\/noticias\/#organization"},"potentialAction":[{"@type":"SearchAction","target":{"@type":"EntryPoint","urlTemplate":"https:\/\/www.suno.com.br\/noticias\/?s={search_term_string}"},"query-input":{"@type":"PropertyValueSpecification","valueRequired":true,"valueName":"search_term_string"}}],"inLanguage":"pt-BR"},{"@type":"Organization","@id":"https:\/\/www.suno.com.br\/noticias\/#organization","name":"Suno Not\u00edcias","url":"https:\/\/www.suno.com.br\/noticias\/","logo":{"@type":"ImageObject","inLanguage":"pt-BR","@id":"https:\/\/www.suno.com.br\/noticias\/#\/schema\/logo\/image\/","url":"https:\/\/files.sunoresearch.com.br\/n\/uploads\/2021\/09\/suno-logo.png","contentUrl":"https:\/\/files.sunoresearch.com.br\/n\/uploads\/2021\/09\/suno-logo.png","width":180,"height":180,"caption":"Suno Not\u00edcias"},"image":{"@id":"https:\/\/www.suno.com.br\/noticias\/#\/schema\/logo\/image\/"},"sameAs":["https:\/\/facebook.com\/sunoresearch","https:\/\/x.com\/sunoresearch","https:\/\/www.instagram.com\/suno","https:\/\/www.linkedin.com\/company\/suno-research\/","https:\/\/www.youtube.com\/c\/sunoresearch"]},{"@type":"Person","@id":"https:\/\/www.suno.com.br\/noticias\/#\/schema\/person\/0d0c9687cd2f600c564f25980c140de9","name":"Guilherme Caetano","image":{"@type":"ImageObject","inLanguage":"pt-BR","@id":"https:\/\/www.suno.com.br\/noticias\/#\/schema\/person\/image\/","url":"https:\/\/secure.gravatar.com\/avatar\/e48357351a01702a0d19307070e081bf?s=96&r=g","contentUrl":"https:\/\/secure.gravatar.com\/avatar\/e48357351a01702a0d19307070e081bf?s=96&r=g","caption":"Guilherme Caetano"},"description":"Formado em jornalismo pela Escola de Comunica\u00e7\u00f5es e Artes da USP, Guilherme Caetano escreve para o portal de not\u00edcias da Suno Research. Passou pelas reda\u00e7\u00f5es da Folha de S.Paulo e da revista \u00c9poca.","url":"https:\/\/www.suno.com.br\/noticias\/author\/guilherme-caetano\/"}]}},"default_loop_html":"<div class=\"cardsPage__listCard__boxs\"><div class=\"cardsPage__listCard__boxs__img\"><a href=\"https:\/\/www.suno.com.br\/noticias\/fitch-rebaixa-nota-credito-vale\/\"><img class=\"mask\" src=\"https:\/\/www.suno.com.br\/noticias\/wp-content\/themes\/suno\/resources\/images\/spotlight\/spotlight1img\/bg-mask.png\" alt=\"Image Mask\"\/><img src=\"https:\/\/files.sunoresearch.com.br\/n\/uploads\/2019\/01\/862a09e2-vale-400x200.webp\" alt=\"Fitch rebaixa nota de cr\u00e9dito da Vale de BBB+ para BBB-\"\/><\/a><span class=\"spotlightCategory\"><a href=\"https:\/\/www.suno.com.br\/noticias\/negocios\/\">Neg\u00f3cios<\/a><\/span><\/div><div class=\"cardsPage__listCard__boxs__content\"><a href=\"https:\/\/www.suno.com.br\/noticias\/fitch-rebaixa-nota-credito-vale\/\"><h2 class=\"content__title\">Fitch rebaixa nota de cr\u00e9dito da Vale de BBB+ para BBB-<\/h2><\/a><div class=\"newsContent__article__meta\"><div class=\"newsContent__article__meta__authorBox\"><a href=\"https:\/\/www.suno.com.br\/noticias\/author\/guilherme-caetano\/\" class=\"authorBox__avatar noMobi\"><img src=\"https:\/\/secure.gravatar.com\/avatar\/e48357351a01702a0d19307070e081bf?s=96&#038;r=g\" alt=\"Guilherme Caetano\"><\/a><div class=\"authorBox__name\"><span>por\n\t\t\t<a href=\"https:\/\/www.suno.com.br\/noticias\/author\/guilherme-caetano\/\"><span itemprop=\"author\">Guilherme Caetano<\/span><\/a><\/span><time datetime=\"2019-01-28T19:15:41-02:00\" itemprop=\"datePublished\">28\/01\/2019 19:15<\/time><\/div><\/div><\/div><\/div><\/div>","single_layout":"posts","amp_enabled":true,"_links":{"self":[{"href":"https:\/\/www.suno.com.br\/noticias\/wp-json\/wp\/v2\/posts\/13234"}],"collection":[{"href":"https:\/\/www.suno.com.br\/noticias\/wp-json\/wp\/v2\/posts"}],"about":[{"href":"https:\/\/www.suno.com.br\/noticias\/wp-json\/wp\/v2\/types\/post"}],"author":[{"embeddable":true,"href":"https:\/\/www.suno.com.br\/noticias\/wp-json\/wp\/v2\/users\/13"}],"replies":[{"embeddable":true,"href":"https:\/\/www.suno.com.br\/noticias\/wp-json\/wp\/v2\/comments?post=13234"}],"version-history":[{"count":0,"href":"https:\/\/www.suno.com.br\/noticias\/wp-json\/wp\/v2\/posts\/13234\/revisions"}],"wp:featuredmedia":[{"embeddable":true,"href":"https:\/\/www.suno.com.br\/noticias\/wp-json\/wp\/v2\/media\/13110"}],"wp:attachment":[{"href":"https:\/\/www.suno.com.br\/noticias\/wp-json\/wp\/v2\/media?parent=13234"}],"wp:term":[{"taxonomy":"category","embeddable":true,"href":"https:\/\/www.suno.com.br\/noticias\/wp-json\/wp\/v2\/categories?post=13234"},{"taxonomy":"post_tag","embeddable":true,"href":"https:\/\/www.suno.com.br\/noticias\/wp-json\/wp\/v2\/tags?post=13234"},{"taxonomy":"suno_strategy","embeddable":true,"href":"https:\/\/www.suno.com.br\/noticias\/wp-json\/wp\/v2\/suno_strategy?post=13234"}],"curies":[{"name":"wp","href":"https:\/\/api.w.org\/{rel}","templated":true}]}}