{"id":132337,"date":"2021-03-16T19:08:19","date_gmt":"2021-03-16T22:08:19","guid":{"rendered":"https:\/\/www.suno.com.br\/noticias\/?p=132337"},"modified":"2021-03-16T19:08:19","modified_gmt":"2021-03-16T22:08:19","slug":"correios-privatizacao-venda-controle","status":"publish","type":"post","link":"https:\/\/www.suno.com.br\/noticias\/correios-privatizacao-venda-controle\/","title":{"rendered":"Correios deve ser privatizado sem fragmenta\u00e7\u00e3o e com venda de controle; entenda"},"content":{"rendered":"<p>A privatiza\u00e7\u00e3o dos <strong>Correios<\/strong> dever\u00e1 ser feita sem fatiar a estatal, com a venda de a\u00e7\u00f5es pelo governo aos investidores privados. Segundo o Programa de Parcerias de Investimento (PPI), a primeira fase do estudo de venda da estatal indica que o governo descartar\u00e1 a fragmenta\u00e7\u00e3o da companhia por regi\u00f5es ou servi\u00e7os e dever\u00e1 simplesmente vender o controle.<\/p>\t<div class=\"wrapper-featured-image\">\n\t\t<figure class=\"spotlightImg\">\n\n\t\t\t<picture>\n\t\t\t\t<source media=\"(max-width: 768px)\" srcset=\"https:\/\/files.sunoresearch.com.br\/n\/uploads\/2019\/08\/134fbc76-correios-400x200.webp\">\n\t\t\t\t<img loading=\"lazy\" decoding=\"async\" class=\"newsContent__article__imgCapa lazyloadDisabled \" src=\"https:\/\/files.sunoresearch.com.br\/n\/uploads\/2019\/08\/134fbc76-correios-jpg.webp\" width=\"800\" height=\"450\" alt=\"Correios deve ser privatizado sem fragmenta\u00e7\u00e3o e com venda de controle; entenda\" fetchpriority=high \/>\n\t\t\t<\/picture>\n\n\t\t\t<figcaption class=\"wp-caption-text wp-caption-text--show\">Ag\u00eancia dos Correios<\/figcaption>\n\t\t<\/figure>\n\t<\/div>\n\n\n<p><span data-sheets-value=\"{&quot;1&quot;:2,&quot;2&quot;:&quot;&quot;}\" data-sheets-userformat=\"{&quot;2&quot;:6659,&quot;3&quot;:{&quot;1&quot;:0},&quot;4&quot;:[null,2,16777215],&quot;12&quot;:0,&quot;14&quot;:[null,2,0],&quot;15&quot;:&quot;Roboto, RobotoDraft, Helvetica, Arial, sans-serif&quot;}\">\t<p>\n\t\t<a href=\"https:\/\/lp.suno.com.br\/planilha-controle-gastos\/\" target=\"_blank\" data-element=\"shortcode-suno-banner\" title=\"Banner SUNO, clique e saiba mais\">\n\t\t\t<picture>\n\t\t\t\t<source media=\"(max-width: 500px)\" srcset=\"https:\/\/files.sunoresearch.com.br\/n\/uploads\/2023\/03\/400x300-Planilha-controle-de-gastos.png\">\n\t\t\t\t<img class=\"newsContent__article__imgCapa newsContent__article__imgCapa--banner\"\n\t\t\t\t\tsrc=\"https:\/\/files.sunoresearch.com.br\/n\/uploads\/2023\/03\/1420x240-Planilha-controle-de-gastos.png\"\n\t\t\t\t\tdata-promo-id=\"101751\"\t\t\t\t\t\t\t\t\t\twidth='1420' height='240'\t\t\t\t\talt=\"https:\/\/files.sunoresearch.com.br\/n\/uploads\/2023\/03\/1420x240-Planilha-controle-de-gastos.png\"\n\t\t\t\t>\n\t\t\t<\/picture>\n\t\t<\/a>\n\t<\/p>\n\n<\/span><\/p>\n<p>&#8220;<strong>Gera mais valor<\/strong> para o acionista e para a sociedade, permitindo a manuten\u00e7\u00e3o do <strong>servi\u00e7o postal universal<\/strong>, com qualidade e com pre\u00e7os justos para o cidad\u00e3o&#8221;, afirmou o PPI em comunicado ap\u00f3s reuni\u00e3o do conselho sobre os Correios, que contou com a participa\u00e7\u00e3o do presidente da Rep\u00fablica, Jair Bolsonaro.<\/p>\n<p>&#8220;Os estudos refor\u00e7am que a <a href=\"https:\/\/www.suno.com.br\/artigos\/privatizacao\/\">desestatiza\u00e7\u00e3o da empresa<\/a> \u00e9 a alternativa que melhor satisfaz os requisitos t\u00e9cnicos, econ\u00f4micos e jur\u00eddico-regulat\u00f3rios para maximizar o valor gerado para as diferentes partes interessadas, como os usu\u00e1rios, governo, empregados e sociedade e promover a sustentabilidade econ\u00f4mica e operacional e a autossufici\u00eancia da empresa no longo prazo&#8221;, informou o \u00f3rg\u00e3o.<\/p>\n<p><span data-sheets-value=\"{&quot;1&quot;:2,&quot;2&quot;:&quot;Suno One: acesse gratuitamente eBooks, Minicursos, Artigos e V\u00eddeo Aulas sobre investimentos com um \u00fanico cadastro. Clique para saber mais!&quot;}\" data-sheets-userformat=\"{&quot;2&quot;:1317635,&quot;3&quot;:{&quot;1&quot;:0},&quot;4&quot;:[null,2,16777215],&quot;11&quot;:4,&quot;12&quot;:0,&quot;14&quot;:{&quot;1&quot;:2,&quot;2&quot;:1136076},&quot;15&quot;:&quot;Roboto, RobotoDraft, Helvetica, Arial, sans-serif&quot;,&quot;21&quot;:1,&quot;23&quot;:1}\" data-sheets-hyperlink=\"https:\/\/lp.suno.com.br\/suno-one\/\"><a class=\"in-cell-link\" href=\"https:\/\/lp.suno.com.br\/suno-one\/\" target=\"_blank\" rel=\"noopener noreferrer\">Suno One: acesse gratuitamente eBooks, Minicursos, Artigos e V\u00eddeo Aulas sobre investimentos com um \u00fanico cadastro. Clique para saber mais!<\/a><\/span><\/p>\n<h2><b>Fase 1 dos estudos de venda do Correios<\/b><\/h2>\n<p>A fase 1 dos estudos para privatiza\u00e7\u00e3o dos servi\u00e7os postais foi conclu\u00edda neste m\u00eas, de acordo com o PPI. Segundo essas an\u00e1lises, a venda do controle acion\u00e1rio tem como resultado a maximiza\u00e7\u00e3o do valor gerado, tanto pelo maior valor da empresa na transa\u00e7\u00e3o, quanto por garantir que o setor privado implemente as a\u00e7\u00f5es de transforma\u00e7\u00e3o. &#8220;Essa alternativa tamb\u00e9m gera empregos pelos investimentos realizados e aumento da produtividade&#8221;, afirmou o PPI.<\/p>\n<p>Com isso, o governo descartou as alternativas de <strong>desestatiza\u00e7\u00e3o dos Correios<\/strong> que consideravam uma fragmenta\u00e7\u00e3o da empresa, por exemplo, por geografia, linha de servi\u00e7o ou partes da cadeia de valor. &#8220;Isso geraria <strong>perdas de <a href=\"https:\/\/www.suno.com.br\/artigos\/economia-de-escala\/\">economia de escala<\/a><\/strong> que acabariam por pressionar ainda mais o equil\u00edbrio financeiro da futura empresa&#8221;, explicou o PPI.<\/p>\n<p>Al\u00e9m disso, os cen\u00e1rios de venda minorit\u00e1ria tamb\u00e9m foram exclu\u00eddos do card\u00e1pio de op\u00e7\u00f5es por pressionar o governo a arcar com a maior parte dos investimentos.<\/p>\n<p><span data-sheets-value=\"{&quot;1&quot;:2,&quot;2&quot;:&quot;&quot;}\" data-sheets-userformat=\"{&quot;2&quot;:6723,&quot;3&quot;:{&quot;1&quot;:0},&quot;4&quot;:[null,2,16777215],&quot;9&quot;:0,&quot;12&quot;:0,&quot;14&quot;:[null,2,0],&quot;15&quot;:&quot;Arial&quot;}\">\t<p>\n\t\t<a href=\"https:\/\/lp.suno.com.br\/planilha-da-vida-financeira\/\" target=\"_blank\" data-element=\"shortcode-suno-banner\" title=\"Banner SUNO, clique e saiba mais\">\n\t\t\t<picture>\n\t\t\t\t<source media=\"(max-width: 500px)\" srcset=\"https:\/\/files.sunoresearch.com.br\/n\/uploads\/2023\/04\/400x300-Planilha-vida-financeira-true.png\">\n\t\t\t\t<img class=\"newsContent__article__imgCapa newsContent__article__imgCapa--banner\"\n\t\t\t\t\tsrc=\"https:\/\/files.sunoresearch.com.br\/n\/uploads\/2023\/04\/1420x240-Planilha-vida-financeira-true.png\"\n\t\t\t\t\tdata-promo-id=\"106682\"\t\t\t\t\t\t\t\t\t\twidth='1420' height='240'\t\t\t\t\talt=\"https:\/\/files.sunoresearch.com.br\/n\/uploads\/2023\/04\/1420x240-Planilha-vida-financeira-true.png\"\n\t\t\t\t>\n\t\t\t<\/picture>\n\t\t<\/a>\n\t<\/p>\n\n<\/span><\/p>\n<h2><b>Fases 2 e 3<\/b><\/h2>\n<p>Com a finaliza\u00e7\u00e3o da primeira fase dos estudos, est\u00e3o ainda previstas as Fases 2, de modelagem, com previs\u00e3o de conclus\u00e3o em agosto de 2021 e Fase 3, de implementa\u00e7\u00e3o, cujo cronograma depender\u00e1 da <strong>aprova\u00e7\u00e3o do projeto de lei que abre caminho para a privatiza\u00e7\u00e3o<\/strong>.<\/p>\n<p>A proposta foi apresentada ao Congresso no fim de fevereiro, e permite que a iniciativa privada ofere\u00e7a os servi\u00e7os que hoje s\u00e3o prestados apenas pelos Correios. Nas pr\u00f3ximas fases, o governo vai analisar ainda os efeitos do fim da <a href=\"https:\/\/www.suno.com.br\/artigos\/renuncia-fiscal\/\">imunidade tribut\u00e1ria<\/a> da estatal, bem como os passivos da empresa para avan\u00e7ar na modelagem do processo de desestatiza\u00e7\u00e3o.<\/p>\n<p>De acordo com o PPI, os estudos sobre a estatal finalizados neste m\u00eas mostraram que o <strong>mercado de correspond\u00eancias<\/strong> est\u00e1 sob forte decl\u00ednio, com a receita dos Correios em correspond\u00eancias chegando a cair 28% em 2020 em rela\u00e7\u00e3o a 2019. Por outro lado, o setor de encomendas tem apresentado um crescimento importante.<\/p>\n<p>&#8220;Impulsionado pelo <strong>ecommerce<\/strong>, o mercado de encomendas teve grande avan\u00e7o a partir de 2015, crescendo 15% entre 2015 e 2019. Neste mesmo per\u00edodo, por\u00e9m, os Correios tiveram uma taxa de crescimento de 12% e, por este motivo, foi registrada queda no <a href=\"https:\/\/www.suno.com.br\/artigos\/market-share\/\">Market share<\/a> da empresa, comprometendo ainda mais a sa\u00fade financeira da opera\u00e7\u00e3o (economia de escala). Ainda, o ticket m\u00e9dio vem reduzindo ou crescendo abaixo da infla\u00e7\u00e3o&#8221;, informou o governo.<\/p>\n<p>Outra quest\u00e3o ressaltada pelo PPI \u00e9 a incerteza quanto a autossufici\u00eancia e capacidade de investimentos futuros por parte da estatal, o que refor\u00e7a a necessidade de reestrutura\u00e7\u00e3o dos Correios. Segundo o governo, seriam necess\u00e1rios investimentos da ordem de R$ 2 bilh\u00f5es ao ano.<\/p>\n<p>&#8220;De 2015 a 2019, por exemplo, os <strong>Correios<\/strong> investiram cerca de R$ 720 milh\u00f5es em moderniza\u00e7\u00f5es somente para tratamento de cartas e encomendas. Apesar de significantes, os estudos mostram que elevar a taxa de investimento por meio da iniciativa privada ser\u00e1 fundamental para acompanhar as evolu\u00e7\u00f5es e transforma\u00e7\u00f5es do setor postal&#8221;, disse o PPI.<\/p>\n<p><span data-sheets-value=\"{&quot;1&quot;:2,&quot;2&quot;:&quot;&quot;}\" data-sheets-userformat=\"{&quot;2&quot;:513,&quot;3&quot;:{&quot;1&quot;:0},&quot;12&quot;:0}\">\t<p>\n\t\t<a href=\"https:\/\/lp.suno.com.br\/planilha-de-controle-de-investimentos\/\" target=\"_blank\" data-element=\"shortcode-suno-banner\" title=\"Banner SUNO, clique e saiba mais\">\n\t\t\t<picture>\n\t\t\t\t<source media=\"(max-width: 500px)\" srcset=\"https:\/\/files.sunoresearch.com.br\/n\/uploads\/2023\/03\/400x300-Controle-de-Investimentos.png\">\n\t\t\t\t<img class=\"newsContent__article__imgCapa newsContent__article__imgCapa--banner\"\n\t\t\t\t\tsrc=\"https:\/\/files.sunoresearch.com.br\/n\/uploads\/2023\/03\/1420x240-Controle-de-Investimentos.png\"\n\t\t\t\t\tdata-promo-id=\"75934\"\t\t\t\t\t\t\t\t\t\twidth='1420' height='240'\t\t\t\t\talt=\"https:\/\/files.sunoresearch.com.br\/n\/uploads\/2023\/03\/1420x240-Controle-de-Investimentos.png\"\n\t\t\t\t>\n\t\t\t<\/picture>\n\t\t<\/a>\n\t<\/p>\n\n<\/span><\/p>\n","protected":false},"excerpt":{"rendered":"<p>A privatiza\u00e7\u00e3o dos Correios dever\u00e1 ser feita sem fatiar a estatal, com a venda de a\u00e7\u00f5es pelo governo aos investidores privados. Segundo o Programa de Parcerias de Investimento (PPI), a primeira fase do estudo de venda da estatal indica que o governo descartar\u00e1 a fragmenta\u00e7\u00e3o da companhia por regi\u00f5es ou servi\u00e7os e dever\u00e1 simplesmente vender [&hellip;]<\/p>\n","protected":false},"author":67,"featured_media":33180,"comment_status":"closed","ping_status":"closed","sticky":false,"template":"","format":"standard","meta":[],"categories":[61],"tags":[700,945],"suno_strategy":[],"class_list":["post-132337","post","type-post","status-publish","format-standard","has-post-thumbnail","hentry","category-politica","tag-correios","tag-privatizacoes"],"yoast_head":"<!-- This site is optimized with the Yoast SEO plugin v24.4 - https:\/\/yoast.com\/wordpress\/plugins\/seo\/ -->\n<title>Correios dever\u00e1 ser privatizado com venda de controle; entenda<\/title>\n<meta name=\"description\" content=\"Estudos do governo indicam que Correios dever\u00e1 ser vendido sem fragmenta\u00e7\u00e3o em empresas menores e com sa\u00edda do governo do controle. Veja mais!\" \/>\n<meta name=\"robots\" content=\"index, follow, max-snippet:-1, max-image-preview:large, max-video-preview:-1\" \/>\n<link rel=\"canonical\" href=\"https:\/\/www.suno.com.br\/noticias\/correios-privatizacao-venda-controle\/\" \/>\n<meta property=\"og:locale\" content=\"pt_BR\" \/>\n<meta property=\"og:type\" content=\"article\" \/>\n<meta property=\"og:title\" content=\"Correios dever\u00e1 ser privatizado com venda de controle; entenda\" \/>\n<meta property=\"og:description\" content=\"Estudos do governo indicam que Correios dever\u00e1 ser vendido sem fragmenta\u00e7\u00e3o em empresas menores e com sa\u00edda do governo do controle. Veja mais!\" \/>\n<meta property=\"og:url\" content=\"https:\/\/www.suno.com.br\/noticias\/correios-privatizacao-venda-controle\/\" \/>\n<meta property=\"og:site_name\" content=\"Suno Not\u00edcias\" \/>\n<meta property=\"article:publisher\" content=\"https:\/\/facebook.com\/sunoresearch\" \/>\n<meta property=\"og:image\" content=\"https:\/\/files.sunoresearch.com.br\/n\/uploads\/2019\/08\/134fbc76-correios.jpg\" \/>\n\t<meta property=\"og:image:width\" content=\"620\" \/>\n\t<meta property=\"og:image:height\" content=\"465\" \/>\n\t<meta property=\"og:image:type\" content=\"image\/jpeg\" \/>\n<meta name=\"author\" content=\"Estad\u00e3o Conte\u00fado\" \/>\n<meta name=\"twitter:card\" content=\"summary_large_image\" \/>\n<meta name=\"twitter:creator\" content=\"@sunoresearch\" \/>\n<meta name=\"twitter:site\" content=\"@sunoresearch\" \/>\n<meta name=\"twitter:label1\" content=\"Escrito por\" \/>\n\t<meta name=\"twitter:data1\" content=\"Estad\u00e3o Conte\u00fado\" \/>\n\t<meta name=\"twitter:label2\" content=\"Est. tempo de leitura\" \/>\n\t<meta name=\"twitter:data2\" content=\"4 minutos\" \/>\n<script type=\"application\/ld+json\" class=\"yoast-schema-graph\">{\"@context\":\"https:\/\/schema.org\",\"@graph\":[{\"@type\":\"NewsArticle\",\"@id\":\"https:\/\/www.suno.com.br\/noticias\/correios-privatizacao-venda-controle\/#article\",\"isPartOf\":{\"@id\":\"https:\/\/www.suno.com.br\/noticias\/correios-privatizacao-venda-controle\/\"},\"author\":{\"name\":\"Estad\u00e3o Conte\u00fado\",\"@id\":\"https:\/\/www.suno.com.br\/noticias\/#\/schema\/person\/4f2e53f9f48009717a277c28e3938c8a\"},\"headline\":\"Correios deve ser privatizado sem fragmenta\u00e7\u00e3o e com venda de controle; entenda\",\"datePublished\":\"2021-03-16T22:08:19+00:00\",\"mainEntityOfPage\":{\"@id\":\"https:\/\/www.suno.com.br\/noticias\/correios-privatizacao-venda-controle\/\"},\"wordCount\":744,\"publisher\":{\"@id\":\"https:\/\/www.suno.com.br\/noticias\/#organization\"},\"image\":{\"@id\":\"https:\/\/www.suno.com.br\/noticias\/correios-privatizacao-venda-controle\/#primaryimage\"},\"thumbnailUrl\":\"https:\/\/files.sunoresearch.com.br\/n\/uploads\/2019\/08\/134fbc76-correios-jpg.webp\",\"keywords\":[\"Correios\",\"privatiza\u00e7\u00f5es\"],\"articleSection\":[\"Pol\u00edtica\"],\"inLanguage\":\"pt-BR\"},{\"@type\":\"WebPage\",\"@id\":\"https:\/\/www.suno.com.br\/noticias\/correios-privatizacao-venda-controle\/\",\"url\":\"https:\/\/www.suno.com.br\/noticias\/correios-privatizacao-venda-controle\/\",\"name\":\"Correios dever\u00e1 ser privatizado com venda de controle; entenda\",\"isPartOf\":{\"@id\":\"https:\/\/www.suno.com.br\/noticias\/#website\"},\"primaryImageOfPage\":{\"@id\":\"https:\/\/www.suno.com.br\/noticias\/correios-privatizacao-venda-controle\/#primaryimage\"},\"image\":{\"@id\":\"https:\/\/www.suno.com.br\/noticias\/correios-privatizacao-venda-controle\/#primaryimage\"},\"thumbnailUrl\":\"https:\/\/files.sunoresearch.com.br\/n\/uploads\/2019\/08\/134fbc76-correios-jpg.webp\",\"datePublished\":\"2021-03-16T22:08:19+00:00\",\"description\":\"Estudos do governo indicam que Correios dever\u00e1 ser vendido sem fragmenta\u00e7\u00e3o em empresas menores e com sa\u00edda do governo do controle. Veja mais!\",\"breadcrumb\":{\"@id\":\"https:\/\/www.suno.com.br\/noticias\/correios-privatizacao-venda-controle\/#breadcrumb\"},\"inLanguage\":\"pt-BR\",\"potentialAction\":[{\"@type\":\"ReadAction\",\"target\":[\"https:\/\/www.suno.com.br\/noticias\/correios-privatizacao-venda-controle\/\"]}]},{\"@type\":\"ImageObject\",\"inLanguage\":\"pt-BR\",\"@id\":\"https:\/\/www.suno.com.br\/noticias\/correios-privatizacao-venda-controle\/#primaryimage\",\"url\":\"https:\/\/files.sunoresearch.com.br\/n\/uploads\/2019\/08\/134fbc76-correios-jpg.webp\",\"contentUrl\":\"https:\/\/files.sunoresearch.com.br\/n\/uploads\/2019\/08\/134fbc76-correios-jpg.webp\",\"width\":620,\"height\":465,\"caption\":\"Ag\u00eancia dos Correios\"},{\"@type\":\"BreadcrumbList\",\"@id\":\"https:\/\/www.suno.com.br\/noticias\/correios-privatizacao-venda-controle\/#breadcrumb\",\"itemListElement\":[{\"@type\":\"ListItem\",\"position\":1,\"name\":\"Not\u00edcias\",\"item\":\"https:\/\/www.suno.com.br\/noticias\/\"},{\"@type\":\"ListItem\",\"position\":2,\"name\":\"Pol\u00edtica\",\"item\":\"https:\/\/www.suno.com.br\/noticias\/politica\/\"},{\"@type\":\"ListItem\",\"position\":3,\"name\":\"Correios deve ser privatizado sem fragmenta\u00e7\u00e3o e com venda de controle; entenda\"}]},{\"@type\":\"WebSite\",\"@id\":\"https:\/\/www.suno.com.br\/noticias\/#website\",\"url\":\"https:\/\/www.suno.com.br\/noticias\/\",\"name\":\"Suno Not\u00edcias\",\"description\":\"Seu portal de informa\u00e7\u00e3o sobre o mundo dos investimentos\",\"publisher\":{\"@id\":\"https:\/\/www.suno.com.br\/noticias\/#organization\"},\"potentialAction\":[{\"@type\":\"SearchAction\",\"target\":{\"@type\":\"EntryPoint\",\"urlTemplate\":\"https:\/\/www.suno.com.br\/noticias\/?s={search_term_string}\"},\"query-input\":{\"@type\":\"PropertyValueSpecification\",\"valueRequired\":true,\"valueName\":\"search_term_string\"}}],\"inLanguage\":\"pt-BR\"},{\"@type\":\"Organization\",\"@id\":\"https:\/\/www.suno.com.br\/noticias\/#organization\",\"name\":\"Suno Not\u00edcias\",\"url\":\"https:\/\/www.suno.com.br\/noticias\/\",\"logo\":{\"@type\":\"ImageObject\",\"inLanguage\":\"pt-BR\",\"@id\":\"https:\/\/www.suno.com.br\/noticias\/#\/schema\/logo\/image\/\",\"url\":\"https:\/\/files.sunoresearch.com.br\/n\/uploads\/2021\/09\/suno-logo.png\",\"contentUrl\":\"https:\/\/files.sunoresearch.com.br\/n\/uploads\/2021\/09\/suno-logo.png\",\"width\":180,\"height\":180,\"caption\":\"Suno Not\u00edcias\"},\"image\":{\"@id\":\"https:\/\/www.suno.com.br\/noticias\/#\/schema\/logo\/image\/\"},\"sameAs\":[\"https:\/\/facebook.com\/sunoresearch\",\"https:\/\/x.com\/sunoresearch\",\"https:\/\/www.instagram.com\/suno\",\"https:\/\/www.linkedin.com\/company\/suno-research\/\",\"https:\/\/www.youtube.com\/c\/sunoresearch\"]},{\"@type\":\"Person\",\"@id\":\"https:\/\/www.suno.com.br\/noticias\/#\/schema\/person\/4f2e53f9f48009717a277c28e3938c8a\",\"name\":\"Estad\u00e3o Conte\u00fado\",\"image\":{\"@type\":\"ImageObject\",\"inLanguage\":\"pt-BR\",\"@id\":\"https:\/\/www.suno.com.br\/noticias\/#\/schema\/person\/image\/\",\"url\":\"https:\/\/secure.gravatar.com\/avatar\/eb9039357bfac83b68aaa4bd5b2a2047?s=96&r=g\",\"contentUrl\":\"https:\/\/secure.gravatar.com\/avatar\/eb9039357bfac83b68aaa4bd5b2a2047?s=96&r=g\",\"caption\":\"Estad\u00e3o Conte\u00fado\"},\"url\":\"https:\/\/www.suno.com.br\/noticias\/author\/estadao-conteudo\/\"}]}<\/script>\n<!-- \/ Yoast SEO plugin. -->","yoast_head_json":{"title":"Correios dever\u00e1 ser privatizado com venda de controle; entenda","description":"Estudos do governo indicam que Correios dever\u00e1 ser vendido sem fragmenta\u00e7\u00e3o em empresas menores e com sa\u00edda do governo do controle. Veja mais!","robots":{"index":"index","follow":"follow","max-snippet":"max-snippet:-1","max-image-preview":"max-image-preview:large","max-video-preview":"max-video-preview:-1"},"canonical":"https:\/\/www.suno.com.br\/noticias\/correios-privatizacao-venda-controle\/","og_locale":"pt_BR","og_type":"article","og_title":"Correios dever\u00e1 ser privatizado com venda de controle; entenda","og_description":"Estudos do governo indicam que Correios dever\u00e1 ser vendido sem fragmenta\u00e7\u00e3o em empresas menores e com sa\u00edda do governo do controle. Veja mais!","og_url":"https:\/\/www.suno.com.br\/noticias\/correios-privatizacao-venda-controle\/","og_site_name":"Suno Not\u00edcias","article_publisher":"https:\/\/facebook.com\/sunoresearch","og_image":[{"width":620,"height":465,"url":"https:\/\/files.sunoresearch.com.br\/n\/uploads\/2019\/08\/134fbc76-correios.jpg","type":"image\/jpeg"}],"author":"Estad\u00e3o Conte\u00fado","twitter_card":"summary_large_image","twitter_creator":"@sunoresearch","twitter_site":"@sunoresearch","twitter_misc":{"Escrito por":"Estad\u00e3o Conte\u00fado","Est. tempo de leitura":"4 minutos"},"schema":{"@context":"https:\/\/schema.org","@graph":[{"@type":"NewsArticle","@id":"https:\/\/www.suno.com.br\/noticias\/correios-privatizacao-venda-controle\/#article","isPartOf":{"@id":"https:\/\/www.suno.com.br\/noticias\/correios-privatizacao-venda-controle\/"},"author":{"name":"Estad\u00e3o Conte\u00fado","@id":"https:\/\/www.suno.com.br\/noticias\/#\/schema\/person\/4f2e53f9f48009717a277c28e3938c8a"},"headline":"Correios deve ser privatizado sem fragmenta\u00e7\u00e3o e com venda de controle; entenda","datePublished":"2021-03-16T22:08:19+00:00","mainEntityOfPage":{"@id":"https:\/\/www.suno.com.br\/noticias\/correios-privatizacao-venda-controle\/"},"wordCount":744,"publisher":{"@id":"https:\/\/www.suno.com.br\/noticias\/#organization"},"image":{"@id":"https:\/\/www.suno.com.br\/noticias\/correios-privatizacao-venda-controle\/#primaryimage"},"thumbnailUrl":"https:\/\/files.sunoresearch.com.br\/n\/uploads\/2019\/08\/134fbc76-correios-jpg.webp","keywords":["Correios","privatiza\u00e7\u00f5es"],"articleSection":["Pol\u00edtica"],"inLanguage":"pt-BR"},{"@type":"WebPage","@id":"https:\/\/www.suno.com.br\/noticias\/correios-privatizacao-venda-controle\/","url":"https:\/\/www.suno.com.br\/noticias\/correios-privatizacao-venda-controle\/","name":"Correios dever\u00e1 ser privatizado com venda de controle; entenda","isPartOf":{"@id":"https:\/\/www.suno.com.br\/noticias\/#website"},"primaryImageOfPage":{"@id":"https:\/\/www.suno.com.br\/noticias\/correios-privatizacao-venda-controle\/#primaryimage"},"image":{"@id":"https:\/\/www.suno.com.br\/noticias\/correios-privatizacao-venda-controle\/#primaryimage"},"thumbnailUrl":"https:\/\/files.sunoresearch.com.br\/n\/uploads\/2019\/08\/134fbc76-correios-jpg.webp","datePublished":"2021-03-16T22:08:19+00:00","description":"Estudos do governo indicam que Correios dever\u00e1 ser vendido sem fragmenta\u00e7\u00e3o em empresas menores e com sa\u00edda do governo do controle. Veja mais!","breadcrumb":{"@id":"https:\/\/www.suno.com.br\/noticias\/correios-privatizacao-venda-controle\/#breadcrumb"},"inLanguage":"pt-BR","potentialAction":[{"@type":"ReadAction","target":["https:\/\/www.suno.com.br\/noticias\/correios-privatizacao-venda-controle\/"]}]},{"@type":"ImageObject","inLanguage":"pt-BR","@id":"https:\/\/www.suno.com.br\/noticias\/correios-privatizacao-venda-controle\/#primaryimage","url":"https:\/\/files.sunoresearch.com.br\/n\/uploads\/2019\/08\/134fbc76-correios-jpg.webp","contentUrl":"https:\/\/files.sunoresearch.com.br\/n\/uploads\/2019\/08\/134fbc76-correios-jpg.webp","width":620,"height":465,"caption":"Ag\u00eancia dos Correios"},{"@type":"BreadcrumbList","@id":"https:\/\/www.suno.com.br\/noticias\/correios-privatizacao-venda-controle\/#breadcrumb","itemListElement":[{"@type":"ListItem","position":1,"name":"Not\u00edcias","item":"https:\/\/www.suno.com.br\/noticias\/"},{"@type":"ListItem","position":2,"name":"Pol\u00edtica","item":"https:\/\/www.suno.com.br\/noticias\/politica\/"},{"@type":"ListItem","position":3,"name":"Correios deve ser privatizado sem fragmenta\u00e7\u00e3o e com venda de controle; entenda"}]},{"@type":"WebSite","@id":"https:\/\/www.suno.com.br\/noticias\/#website","url":"https:\/\/www.suno.com.br\/noticias\/","name":"Suno Not\u00edcias","description":"Seu portal de informa\u00e7\u00e3o sobre o mundo dos investimentos","publisher":{"@id":"https:\/\/www.suno.com.br\/noticias\/#organization"},"potentialAction":[{"@type":"SearchAction","target":{"@type":"EntryPoint","urlTemplate":"https:\/\/www.suno.com.br\/noticias\/?s={search_term_string}"},"query-input":{"@type":"PropertyValueSpecification","valueRequired":true,"valueName":"search_term_string"}}],"inLanguage":"pt-BR"},{"@type":"Organization","@id":"https:\/\/www.suno.com.br\/noticias\/#organization","name":"Suno Not\u00edcias","url":"https:\/\/www.suno.com.br\/noticias\/","logo":{"@type":"ImageObject","inLanguage":"pt-BR","@id":"https:\/\/www.suno.com.br\/noticias\/#\/schema\/logo\/image\/","url":"https:\/\/files.sunoresearch.com.br\/n\/uploads\/2021\/09\/suno-logo.png","contentUrl":"https:\/\/files.sunoresearch.com.br\/n\/uploads\/2021\/09\/suno-logo.png","width":180,"height":180,"caption":"Suno Not\u00edcias"},"image":{"@id":"https:\/\/www.suno.com.br\/noticias\/#\/schema\/logo\/image\/"},"sameAs":["https:\/\/facebook.com\/sunoresearch","https:\/\/x.com\/sunoresearch","https:\/\/www.instagram.com\/suno","https:\/\/www.linkedin.com\/company\/suno-research\/","https:\/\/www.youtube.com\/c\/sunoresearch"]},{"@type":"Person","@id":"https:\/\/www.suno.com.br\/noticias\/#\/schema\/person\/4f2e53f9f48009717a277c28e3938c8a","name":"Estad\u00e3o Conte\u00fado","image":{"@type":"ImageObject","inLanguage":"pt-BR","@id":"https:\/\/www.suno.com.br\/noticias\/#\/schema\/person\/image\/","url":"https:\/\/secure.gravatar.com\/avatar\/eb9039357bfac83b68aaa4bd5b2a2047?s=96&r=g","contentUrl":"https:\/\/secure.gravatar.com\/avatar\/eb9039357bfac83b68aaa4bd5b2a2047?s=96&r=g","caption":"Estad\u00e3o Conte\u00fado"},"url":"https:\/\/www.suno.com.br\/noticias\/author\/estadao-conteudo\/"}]}},"default_loop_html":"<div class=\"cardsPage__listCard__boxs\"><div class=\"cardsPage__listCard__boxs__img\"><a href=\"https:\/\/www.suno.com.br\/noticias\/correios-privatizacao-venda-controle\/\"><img class=\"mask\" src=\"https:\/\/www.suno.com.br\/noticias\/wp-content\/themes\/suno\/resources\/images\/spotlight\/spotlight1img\/bg-mask.png\" alt=\"Image Mask\"\/><img src=\"https:\/\/files.sunoresearch.com.br\/n\/uploads\/2019\/08\/134fbc76-correios-400x200.webp\" alt=\"Correios deve ser privatizado sem fragmenta\u00e7\u00e3o e com venda de controle; entenda\"\/><\/a><span class=\"spotlightCategory\"><a href=\"https:\/\/www.suno.com.br\/noticias\/politica\/\">Pol\u00edtica<\/a><\/span><\/div><div class=\"cardsPage__listCard__boxs__content\"><a href=\"https:\/\/www.suno.com.br\/noticias\/correios-privatizacao-venda-controle\/\"><h2 class=\"content__title\">Correios deve ser privatizado sem fragmenta\u00e7\u00e3o e com venda de controle; entenda<\/h2><\/a><div class=\"newsContent__article__meta\"><div class=\"newsContent__article__meta__authorBox\"><a href=\"https:\/\/www.suno.com.br\/noticias\/author\/estadao-conteudo\/\" class=\"authorBox__avatar noMobi\"><img src=\"https:\/\/files.sunoresearch.com.br\/n\/uploads\/2021\/02\/7129a3ae-logo-estadao-150x150.webp\" alt=\"Estad\u00e3o Conte\u00fado\"><\/a><div class=\"authorBox__name\"><span>por\n\t\t\t<a href=\"https:\/\/www.suno.com.br\/noticias\/author\/estadao-conteudo\/\"><span itemprop=\"author\">Estad\u00e3o Conte\u00fado<\/span><\/a><\/span><time datetime=\"2021-03-16T19:08:19-03:00\" itemprop=\"datePublished\">16\/03\/2021 19:08<\/time><\/div><\/div><\/div><\/div><\/div>","single_layout":"posts","amp_enabled":true,"_links":{"self":[{"href":"https:\/\/www.suno.com.br\/noticias\/wp-json\/wp\/v2\/posts\/132337"}],"collection":[{"href":"https:\/\/www.suno.com.br\/noticias\/wp-json\/wp\/v2\/posts"}],"about":[{"href":"https:\/\/www.suno.com.br\/noticias\/wp-json\/wp\/v2\/types\/post"}],"author":[{"embeddable":true,"href":"https:\/\/www.suno.com.br\/noticias\/wp-json\/wp\/v2\/users\/67"}],"replies":[{"embeddable":true,"href":"https:\/\/www.suno.com.br\/noticias\/wp-json\/wp\/v2\/comments?post=132337"}],"version-history":[{"count":2,"href":"https:\/\/www.suno.com.br\/noticias\/wp-json\/wp\/v2\/posts\/132337\/revisions"}],"predecessor-version":[{"id":132355,"href":"https:\/\/www.suno.com.br\/noticias\/wp-json\/wp\/v2\/posts\/132337\/revisions\/132355"}],"wp:featuredmedia":[{"embeddable":true,"href":"https:\/\/www.suno.com.br\/noticias\/wp-json\/wp\/v2\/media\/33180"}],"wp:attachment":[{"href":"https:\/\/www.suno.com.br\/noticias\/wp-json\/wp\/v2\/media?parent=132337"}],"wp:term":[{"taxonomy":"category","embeddable":true,"href":"https:\/\/www.suno.com.br\/noticias\/wp-json\/wp\/v2\/categories?post=132337"},{"taxonomy":"post_tag","embeddable":true,"href":"https:\/\/www.suno.com.br\/noticias\/wp-json\/wp\/v2\/tags?post=132337"},{"taxonomy":"suno_strategy","embeddable":true,"href":"https:\/\/www.suno.com.br\/noticias\/wp-json\/wp\/v2\/suno_strategy?post=132337"}],"curies":[{"name":"wp","href":"https:\/\/api.w.org\/{rel}","templated":true}]}}