{"id":132095,"date":"2021-03-16T12:59:55","date_gmt":"2021-03-16T15:59:55","guid":{"rendered":"https:\/\/www.suno.com.br\/noticias\/?p=132095"},"modified":"2021-05-12T13:36:51","modified_gmt":"2021-05-12T16:36:51","slug":"inflacao-copom-elevar-selic-seis-anos","status":"publish","type":"post","link":"https:\/\/www.suno.com.br\/noticias\/inflacao-copom-elevar-selic-seis-anos\/","title":{"rendered":"Com infla\u00e7\u00e3o no radar, Copom deve elevar Selic pela primeira vez em 6 anos"},"content":{"rendered":"<p>Come\u00e7ou, nesta ter\u00e7a-feira (16), a nova reuni\u00e3o do <a href=\"https:\/\/www.suno.com.br\/artigos\/copom\/\">Comit\u00ea de Pol\u00edtica Monet\u00e1ria (<strong>Copom<\/strong>)<\/a>. O colegiado do BC divulgar\u00e1 na pr\u00f3xima quarta-feira (17) o rumo da taxa b\u00e1sica de juros da economia (Selic) &#8212; possivelmente elevando-a pela primeira vez em seis anos.<\/p>\t<div class=\"wrapper-featured-image\">\n\t\t<figure class=\"spotlightImg\">\n\n\t\t\t<picture>\n\t\t\t\t<source media=\"(max-width: 768px)\" srcset=\"https:\/\/files.sunoresearch.com.br\/n\/uploads\/2020\/12\/28299ff3-agenda-do-dia-copom-400x200.webp\">\n\t\t\t\t<img loading=\"lazy\" decoding=\"async\" class=\"newsContent__article__imgCapa lazyloadDisabled \" src=\"https:\/\/files.sunoresearch.com.br\/n\/uploads\/2020\/12\/28299ff3-agenda-do-dia-copom-800x450.webp\" width=\"800\" height=\"450\" alt=\"Com infla\u00e7\u00e3o no radar, Copom deve elevar Selic pela primeira vez em 6 anos\" fetchpriority=high \/>\n\t\t\t<\/picture>\n\n\t\t\t<figcaption class=\"wp-caption-text wp-caption-text--show\">Copom. Foto: Agencia Brasil.<\/figcaption>\n\t\t<\/figure>\n\t<\/div>\n\n\n\t<p>\n\t\t<a href=\"https:\/\/lp.suno.com.br\/planilha-controle-gastos\/\" target=\"_blank\" data-element=\"shortcode-suno-banner\" title=\"Banner SUNO, clique e saiba mais\">\n\t\t\t<picture>\n\t\t\t\t<source media=\"(max-width: 500px)\" srcset=\"https:\/\/files.sunoresearch.com.br\/n\/uploads\/2023\/03\/400x300-Planilha-controle-de-gastos.png\">\n\t\t\t\t<img class=\"newsContent__article__imgCapa newsContent__article__imgCapa--banner\"\n\t\t\t\t\tsrc=\"https:\/\/files.sunoresearch.com.br\/n\/uploads\/2023\/03\/1420x240-Planilha-controle-de-gastos.png\"\n\t\t\t\t\tdata-promo-id=\"101751\"\t\t\t\t\t\t\t\t\t\twidth='1420' height='240'\t\t\t\t\talt=\"https:\/\/files.sunoresearch.com.br\/n\/uploads\/2023\/03\/1420x240-Planilha-controle-de-gastos.png\"\n\t\t\t\t>\n\t\t\t<\/picture>\n\t\t<\/a>\n\t<\/p>\n\n\n<p>De forma majorit\u00e1ria, o mercado aguarda uma eleva\u00e7\u00e3o de 0,5 ponto percentual, levando a <strong>Selic<\/strong> para 2,50%. A \u00faltima vez em que o Copom decidiu pelo aumento da taxa foi em junho de 2015, quando ela passou de 13,75% para 14,25%. Esse patamar foi mantido at\u00e9 2016, ano em que o ciclo de queda foi iniciado.<\/p>\n<p>Naquele ano, a infla\u00e7\u00e3o estava galopante &#8212; foi o primeiro ano desde 2002 que o aumento de pre\u00e7os atingiu dois d\u00edgitos, a 10,67%. Neste ano, a preocupa\u00e7\u00e3o \u00e9 a mesma, mas em propor\u00e7\u00e3o diferente.<\/p>\n<p><a href=\"https:\/\/lp.suno.com.br\/suno-one\/\">Suno One: acesse gratuitamente eBooks, Minicursos, Artigos e V\u00eddeo Aulas sobre investimentos com um \u00fanico cadastro. Clique para saber mais!<\/a><\/p>\n<p>O\u00a0<a href=\"https:\/\/www.suno.com.br\/artigos\/igp-m\/\">\u00cdndice Geral de Pre\u00e7os de Mercado (<strong>IGP-M<\/strong>)<\/a>, chamado infla\u00e7\u00e3o do aluguel, tem sua maior varia\u00e7\u00e3o desde 2003, com oscila\u00e7\u00e3o de 29% nos \u00faltimos 12 meses. O mesmo ocorre com o <a href=\"https:\/\/www.suno.com.br\/artigos\/ipca\/\">\u00cdndice de Pre\u00e7os ao Consumidor Amplo (<strong>IPCA<\/strong>)<\/a>, a infla\u00e7\u00e3o oficial do Pa\u00eds. O indicador fechou 2020 a 4,52%, acima do centro da meta. Esse foi o maior resultado desde 2016.<\/p>\n<p>Uma das principais raz\u00f5es desse movimento \u00e9 a forte valoriza\u00e7\u00e3o das commodities desde o in\u00edcio da pandemia do novo <strong>coronav\u00edrus<\/strong>. A &#8220;bela adormecida&#8221; da economia mundial, a infla\u00e7\u00e3o, <a href=\"https:\/\/www.suno.com.br\/noticias\/inflacao-mais-uma-vez-boom-commodities\/\">parece ter voltado de vez<\/a>.<\/p>\n<figure id=\"attachment_132203\" aria-describedby=\"caption-attachment-132203\" style=\"width: 483px\" class=\"wp-caption aligncenter\"><img loading=\"lazy\" decoding=\"async\" class=\"wp-image-132203 size-full\" src=\"https:\/\/storage.googleapis.com\/wp-noticias\/2021\/03\/44e63cbe-selic.jpg\" alt=\"\" width=\"483\" height=\"291\" \/><figcaption id=\"caption-attachment-132203\" class=\"wp-caption-text\">Ciclo de queda da Selic. Fonte: BC\/Reprodu\u00e7\u00e3o: SUNO Not\u00edcias<\/figcaption><\/figure>\n<h2>Copom deve elevar Selic para limitar riscos, diz BNP Paribas<\/h2>\n<p>A situa\u00e7\u00e3o econ\u00f4mica brasileira parece estar em maus len\u00e7\u00f3is. Para o <strong>BNP Paribas<\/strong>, o Produto Interno Bruto (<strong>PIB<\/strong>) deve cair no primeiro trimestre deste ano, com o avan\u00e7o do coronav\u00edrus no Pa\u00eds. No fim do ano, a economia ter\u00e1 crescido 2,5%, na vis\u00e3o do banco, mesmo com a alta dos pre\u00e7os.<\/p>\n\t<div data-element=\"shortcode-read-more\" class=\"knowMore\">\n\t\t\t\t<span class=\"knowMore__title\">Leia tamb\u00e9m<\/span>\n\t\t\t\t<a class=\"knowMore__link\" href=\"https:\/\/www.suno.com.br\/noticias\/boletim-focus-selic-2021-4-5\/\">\n\t\t\tBoletim Focus aumenta previs\u00e3o da Selic em 2021 de 4% para 4,5%\t\t<\/a>\n\t<\/div>\n\n\n<p>&#8220;Al\u00e9m disso, como resultado de um aumento mais acentuado do que esper\u00e1vamos anteriormente nas commodities, revisamos nosso pre\u00e7o ao consumidor no final de 2021, com previs\u00e3o de infla\u00e7\u00e3o de 4% para 5%&#8221;, diz a institui\u00e7\u00e3o. Neste cen\u00e1rio, o aumento de pre\u00e7os ficaria bem pr\u00f3ximo do teto estipulado pelo CMN, de 5,25%.<\/p>\n<p>&#8220;Para limitar o risco de que as expectativas de infla\u00e7\u00e3o se tornem n\u00e3o ancoradas, esperamos que o Copom eleve a Selic em 50 pontos-base em mar\u00e7o e para 5,5% at\u00e9 o fim do ano&#8221;.<\/p>\n<p>Entretanto, esse movimento faz com que outra preocupa\u00e7\u00e3o seja trazida \u00e0 mesa. Atualmente, a <strong>d\u00edvida p\u00fablica<\/strong> federal do Pa\u00eds gira em torno de R$ 5,05 trilh\u00f5es. Do total, cerca de 35% da d\u00edvida est\u00e1 ligada \u00e0 taxa de juros p\u00f3s-fixada.<\/p>\n<p>Partindo do patamar atual, um aumento de 3,5 pontos percentuais na Selic at\u00e9 o fim do ano significaria uma eleva\u00e7\u00e3o de R$ 62,5 bilh\u00f5es na d\u00edvida p\u00fablica &#8212; quase 1% do PIB.<\/p>\n<figure id=\"attachment_132187\" aria-describedby=\"caption-attachment-132187\" style=\"width: 708px\" class=\"wp-caption aligncenter\"><img loading=\"lazy\" decoding=\"async\" class=\"wp-image-132187 size-full\" src=\"https:\/\/storage.googleapis.com\/wp-noticias\/2021\/03\/f4e4f3d2-capturar.jpg\" alt=\"\" width=\"708\" height=\"449\" \/><figcaption id=\"caption-attachment-132187\" class=\"wp-caption-text\">Divis\u00e3o da d\u00edvida p\u00fablica federal. Fonte: Tesouro Nacional.<\/figcaption><\/figure>\n<p>O cen\u00e1rio para os pr\u00f3ximos anos tamb\u00e9m n\u00e3o est\u00e1 nada amig\u00e1vel. A <strong>curva de juros<\/strong> tem inclinado nos \u00faltimos meses. Nesta ter\u00e7a-feira, o mercado precifica uma Selic a 6% em janeiro de 2023 e de 7,85% no come\u00e7o de 2027.<\/p>\n\t<p>\n\t\t<a href=\"https:\/\/lp.suno.com.br\/planilha-da-vida-financeira\/\" target=\"_blank\" data-element=\"shortcode-suno-banner\" title=\"Banner SUNO, clique e saiba mais\">\n\t\t\t<picture>\n\t\t\t\t<source media=\"(max-width: 500px)\" srcset=\"https:\/\/files.sunoresearch.com.br\/n\/uploads\/2023\/04\/400x300-Planilha-vida-financeira-true.png\">\n\t\t\t\t<img class=\"newsContent__article__imgCapa newsContent__article__imgCapa--banner\"\n\t\t\t\t\tsrc=\"https:\/\/files.sunoresearch.com.br\/n\/uploads\/2023\/04\/1420x240-Planilha-vida-financeira-true.png\"\n\t\t\t\t\tdata-promo-id=\"106682\"\t\t\t\t\t\t\t\t\t\twidth='1420' height='240'\t\t\t\t\talt=\"https:\/\/files.sunoresearch.com.br\/n\/uploads\/2023\/04\/1420x240-Planilha-vida-financeira-true.png\"\n\t\t\t\t>\n\t\t\t<\/picture>\n\t\t<\/a>\n\t<\/p>\n\n\n<h2>D\u00f3lar nas alturas tamb\u00e9m \u00e9 alvo<\/h2>\n<p>A alta da\u00a0Selic tamb\u00e9m pode servir como forma de atenuar a deprecia\u00e7\u00e3o do real. Uma das maneiras de <strong>pol\u00edtica monet\u00e1ria<\/strong>\u00a0para controlar a varia\u00e7\u00e3o da moeda, a dita\u00a0<a href=\"https:\/\/www.suno.com.br\/artigos\/flutuacao-suja\/\">flutua\u00e7\u00e3o suja<\/a> do c\u00e2mbio, \u00e9 aumentar a taxa de juros para reter mais d\u00f3lares dentro do Pa\u00eds. Neste ano, o d\u00f3lar j\u00e1 subiu 7% frente ao real. Nos \u00faltimos 12 meses, a alta \u00e9 de quase 15%.<\/p>\n<p>&#8220;A cont\u00ednua deteriora\u00e7\u00e3o fiscal faz com que o real tenha um desempenho inferior em compara\u00e7\u00e3o aos pares frente ao d\u00f3lar&#8221;, diz o banco. Para a institui\u00e7\u00e3o essa situa\u00e7\u00e3o \u00e9 intensificada com a amea\u00e7a de alta nas taxas de juros nos <strong>Estados Unidos<\/strong>.<\/p>\n<p>Em janeiro, ao manter a Selic em 2%, o Copom preparou o terreno para o in\u00edcio do ciclo de alta dos juros. Isso porque a institui\u00e7\u00e3o deu fim ao chamado <em>forward guidance<\/em>, utilizado para fomentar a economia em meio aos impactos da pandemia.<\/p>\n<p>Adotado em agosto, a ferramenta era uma indica\u00e7\u00e3o t\u00e9cnica de que a autoridade monet\u00e1ria n\u00e3o pretendia elevar os juros se a infla\u00e7\u00e3o seguisse sob controle e o risco fiscal n\u00e3o se alterasse. O cen\u00e1rio para o <strong>Copom<\/strong>, contudo, mudou drasticamente.<\/p>\n\t<p>\n\t\t<a href=\"https:\/\/lp.suno.com.br\/planilha-de-controle-de-investimentos\/\" target=\"_blank\" data-element=\"shortcode-suno-banner\" title=\"Banner SUNO, clique e saiba mais\">\n\t\t\t<picture>\n\t\t\t\t<source media=\"(max-width: 500px)\" srcset=\"https:\/\/files.sunoresearch.com.br\/n\/uploads\/2023\/03\/400x300-Controle-de-Investimentos.png\">\n\t\t\t\t<img class=\"newsContent__article__imgCapa newsContent__article__imgCapa--banner\"\n\t\t\t\t\tsrc=\"https:\/\/files.sunoresearch.com.br\/n\/uploads\/2023\/03\/1420x240-Controle-de-Investimentos.png\"\n\t\t\t\t\tdata-promo-id=\"75934\"\t\t\t\t\t\t\t\t\t\twidth='1420' height='240'\t\t\t\t\talt=\"https:\/\/files.sunoresearch.com.br\/n\/uploads\/2023\/03\/1420x240-Controle-de-Investimentos.png\"\n\t\t\t\t>\n\t\t\t<\/picture>\n\t\t<\/a>\n\t<\/p>\n\n\n","protected":false},"excerpt":{"rendered":"<p>Come\u00e7ou, nesta ter\u00e7a-feira (16), a nova reuni\u00e3o do Comit\u00ea de Pol\u00edtica Monet\u00e1ria (Copom). O colegiado do BC divulgar\u00e1 na pr\u00f3xima quarta-feira (17) o rumo da taxa b\u00e1sica de juros da economia (Selic) &#8212; possivelmente elevando-a pela primeira vez em seis anos. Copom. Foto: Agencia Brasil. De forma majorit\u00e1ria, o mercado aguarda uma eleva\u00e7\u00e3o de 0,5 [&hellip;]<\/p>\n","protected":false},"author":24,"featured_media":106662,"comment_status":"closed","ping_status":"closed","sticky":false,"template":"","format":"standard","meta":[],"categories":[62],"tags":[1842,1104,326,740,105816,850,1752,290],"suno_strategy":[],"class_list":["post-132095","post","type-post","status-publish","format-standard","has-post-thumbnail","hentry","category-economia","tag-banco-central-bc","tag-copom","tag-dolar","tag-economia","tag-especialistas","tag-inflacao","tag-taxa-de-juros","tag-taxa-selic"],"yoast_head":"<!-- This site is optimized with the Yoast SEO plugin v24.4 - https:\/\/yoast.com\/wordpress\/plugins\/seo\/ -->\n<title>Com infla\u00e7\u00e3o no radar, Copom deve elevar Selic pela 1\u00aa vez em 6 anos<\/title>\n<meta name=\"description\" content=\"O colegiado Copom divulgar\u00e1 o rumo da Selic -- possivelmente elevando-a pela primeira vez em seis anos. Clique e saiba mais.\" \/>\n<meta name=\"robots\" content=\"index, follow, max-snippet:-1, max-image-preview:large, max-video-preview:-1\" \/>\n<link rel=\"canonical\" href=\"https:\/\/www.suno.com.br\/noticias\/inflacao-copom-elevar-selic-seis-anos\/\" \/>\n<meta property=\"og:locale\" content=\"pt_BR\" \/>\n<meta property=\"og:type\" content=\"article\" \/>\n<meta property=\"og:title\" content=\"Com infla\u00e7\u00e3o no radar, Copom deve elevar Selic pela 1\u00aa vez em 6 anos\" \/>\n<meta property=\"og:description\" content=\"O colegiado Copom divulgar\u00e1 o rumo da Selic -- possivelmente elevando-a pela primeira vez em seis anos. Clique e saiba mais.\" \/>\n<meta property=\"og:url\" content=\"https:\/\/www.suno.com.br\/noticias\/inflacao-copom-elevar-selic-seis-anos\/\" \/>\n<meta property=\"og:site_name\" content=\"Suno Not\u00edcias\" \/>\n<meta property=\"article:publisher\" content=\"https:\/\/facebook.com\/sunoresearch\" \/>\n<meta property=\"og:image\" content=\"https:\/\/files.sunoresearch.com.br\/n\/uploads\/2020\/12\/28299ff3-agenda-do-dia-copom.png\" \/>\n\t<meta property=\"og:image:width\" content=\"1024\" \/>\n\t<meta property=\"og:image:height\" content=\"671\" \/>\n\t<meta property=\"og:image:type\" content=\"image\/png\" \/>\n<meta name=\"author\" content=\"Jader Lazarini\" \/>\n<meta name=\"twitter:card\" content=\"summary_large_image\" \/>\n<meta name=\"twitter:creator\" content=\"@sunoresearch\" \/>\n<meta name=\"twitter:site\" content=\"@sunoresearch\" \/>\n<meta name=\"twitter:label1\" content=\"Escrito por\" \/>\n\t<meta name=\"twitter:data1\" content=\"Jader Lazarini\" \/>\n\t<meta name=\"twitter:label2\" content=\"Est. tempo de leitura\" \/>\n\t<meta name=\"twitter:data2\" content=\"4 minutos\" \/>\n<script type=\"application\/ld+json\" class=\"yoast-schema-graph\">{\"@context\":\"https:\/\/schema.org\",\"@graph\":[{\"@type\":\"NewsArticle\",\"@id\":\"https:\/\/www.suno.com.br\/noticias\/inflacao-copom-elevar-selic-seis-anos\/#article\",\"isPartOf\":{\"@id\":\"https:\/\/www.suno.com.br\/noticias\/inflacao-copom-elevar-selic-seis-anos\/\"},\"author\":{\"name\":\"Jader Lazarini\",\"@id\":\"https:\/\/www.suno.com.br\/noticias\/#\/schema\/person\/918d79de1f0281f01599b93f9ea6e23f\"},\"headline\":\"Com infla\u00e7\u00e3o no radar, Copom deve elevar Selic pela primeira vez em 6 anos\",\"datePublished\":\"2021-03-16T15:59:55+00:00\",\"dateModified\":\"2021-05-12T16:36:51+00:00\",\"mainEntityOfPage\":{\"@id\":\"https:\/\/www.suno.com.br\/noticias\/inflacao-copom-elevar-selic-seis-anos\/\"},\"wordCount\":817,\"publisher\":{\"@id\":\"https:\/\/www.suno.com.br\/noticias\/#organization\"},\"image\":{\"@id\":\"https:\/\/www.suno.com.br\/noticias\/inflacao-copom-elevar-selic-seis-anos\/#primaryimage\"},\"thumbnailUrl\":\"https:\/\/files.sunoresearch.com.br\/n\/uploads\/2020\/12\/28299ff3-agenda-do-dia-copom-png.webp\",\"keywords\":[\"Banco Central (BC)\",\"Copom\",\"d\u00f3lar\",\"Economia\",\"Especialistas\",\"infla\u00e7\u00e3o\",\"taxa de juros\",\"Taxa Selic\"],\"articleSection\":[\"Economia\"],\"inLanguage\":\"pt-BR\"},{\"@type\":\"WebPage\",\"@id\":\"https:\/\/www.suno.com.br\/noticias\/inflacao-copom-elevar-selic-seis-anos\/\",\"url\":\"https:\/\/www.suno.com.br\/noticias\/inflacao-copom-elevar-selic-seis-anos\/\",\"name\":\"Com infla\u00e7\u00e3o no radar, Copom deve elevar Selic pela 1\u00aa vez em 6 anos\",\"isPartOf\":{\"@id\":\"https:\/\/www.suno.com.br\/noticias\/#website\"},\"primaryImageOfPage\":{\"@id\":\"https:\/\/www.suno.com.br\/noticias\/inflacao-copom-elevar-selic-seis-anos\/#primaryimage\"},\"image\":{\"@id\":\"https:\/\/www.suno.com.br\/noticias\/inflacao-copom-elevar-selic-seis-anos\/#primaryimage\"},\"thumbnailUrl\":\"https:\/\/files.sunoresearch.com.br\/n\/uploads\/2020\/12\/28299ff3-agenda-do-dia-copom-png.webp\",\"datePublished\":\"2021-03-16T15:59:55+00:00\",\"dateModified\":\"2021-05-12T16:36:51+00:00\",\"description\":\"O colegiado Copom divulgar\u00e1 o rumo da Selic -- possivelmente elevando-a pela primeira vez em seis anos. Clique e saiba mais.\",\"breadcrumb\":{\"@id\":\"https:\/\/www.suno.com.br\/noticias\/inflacao-copom-elevar-selic-seis-anos\/#breadcrumb\"},\"inLanguage\":\"pt-BR\",\"potentialAction\":[{\"@type\":\"ReadAction\",\"target\":[\"https:\/\/www.suno.com.br\/noticias\/inflacao-copom-elevar-selic-seis-anos\/\"]}]},{\"@type\":\"ImageObject\",\"inLanguage\":\"pt-BR\",\"@id\":\"https:\/\/www.suno.com.br\/noticias\/inflacao-copom-elevar-selic-seis-anos\/#primaryimage\",\"url\":\"https:\/\/files.sunoresearch.com.br\/n\/uploads\/2020\/12\/28299ff3-agenda-do-dia-copom-png.webp\",\"contentUrl\":\"https:\/\/files.sunoresearch.com.br\/n\/uploads\/2020\/12\/28299ff3-agenda-do-dia-copom-png.webp\",\"width\":1024,\"height\":671,\"caption\":\"Copom. Foto: Agencia Brasil.\"},{\"@type\":\"BreadcrumbList\",\"@id\":\"https:\/\/www.suno.com.br\/noticias\/inflacao-copom-elevar-selic-seis-anos\/#breadcrumb\",\"itemListElement\":[{\"@type\":\"ListItem\",\"position\":1,\"name\":\"Not\u00edcias\",\"item\":\"https:\/\/www.suno.com.br\/noticias\/\"},{\"@type\":\"ListItem\",\"position\":2,\"name\":\"Economia\",\"item\":\"https:\/\/www.suno.com.br\/noticias\/economia\/\"},{\"@type\":\"ListItem\",\"position\":3,\"name\":\"Com infla\u00e7\u00e3o no radar, Copom deve elevar Selic pela primeira vez em 6 anos\"}]},{\"@type\":\"WebSite\",\"@id\":\"https:\/\/www.suno.com.br\/noticias\/#website\",\"url\":\"https:\/\/www.suno.com.br\/noticias\/\",\"name\":\"Suno Not\u00edcias\",\"description\":\"Seu portal de informa\u00e7\u00e3o sobre o mundo dos investimentos\",\"publisher\":{\"@id\":\"https:\/\/www.suno.com.br\/noticias\/#organization\"},\"potentialAction\":[{\"@type\":\"SearchAction\",\"target\":{\"@type\":\"EntryPoint\",\"urlTemplate\":\"https:\/\/www.suno.com.br\/noticias\/?s={search_term_string}\"},\"query-input\":{\"@type\":\"PropertyValueSpecification\",\"valueRequired\":true,\"valueName\":\"search_term_string\"}}],\"inLanguage\":\"pt-BR\"},{\"@type\":\"Organization\",\"@id\":\"https:\/\/www.suno.com.br\/noticias\/#organization\",\"name\":\"Suno Not\u00edcias\",\"url\":\"https:\/\/www.suno.com.br\/noticias\/\",\"logo\":{\"@type\":\"ImageObject\",\"inLanguage\":\"pt-BR\",\"@id\":\"https:\/\/www.suno.com.br\/noticias\/#\/schema\/logo\/image\/\",\"url\":\"https:\/\/files.sunoresearch.com.br\/n\/uploads\/2021\/09\/suno-logo.png\",\"contentUrl\":\"https:\/\/files.sunoresearch.com.br\/n\/uploads\/2021\/09\/suno-logo.png\",\"width\":180,\"height\":180,\"caption\":\"Suno Not\u00edcias\"},\"image\":{\"@id\":\"https:\/\/www.suno.com.br\/noticias\/#\/schema\/logo\/image\/\"},\"sameAs\":[\"https:\/\/facebook.com\/sunoresearch\",\"https:\/\/x.com\/sunoresearch\",\"https:\/\/www.instagram.com\/suno\",\"https:\/\/www.linkedin.com\/company\/suno-research\/\",\"https:\/\/www.youtube.com\/c\/sunoresearch\"]},{\"@type\":\"Person\",\"@id\":\"https:\/\/www.suno.com.br\/noticias\/#\/schema\/person\/918d79de1f0281f01599b93f9ea6e23f\",\"name\":\"Jader Lazarini\",\"image\":{\"@type\":\"ImageObject\",\"inLanguage\":\"pt-BR\",\"@id\":\"https:\/\/www.suno.com.br\/noticias\/#\/schema\/person\/image\/\",\"url\":\"https:\/\/secure.gravatar.com\/avatar\/3c1ad8caa51589841baeb923fcddea97?s=96&r=g\",\"contentUrl\":\"https:\/\/secure.gravatar.com\/avatar\/3c1ad8caa51589841baeb923fcddea97?s=96&r=g\",\"caption\":\"Jader Lazarini\"},\"description\":\"Jader Lazarini escreve sobre investimentos, finan\u00e7as, economia e neg\u00f3cios. \u00c9 bacharel em Rela\u00e7\u00f5es Internacionais e analista CNPI (2619).\",\"url\":\"https:\/\/www.suno.com.br\/noticias\/author\/jader-lazarini\/\"}]}<\/script>\n<!-- \/ Yoast SEO plugin. -->","yoast_head_json":{"title":"Com infla\u00e7\u00e3o no radar, Copom deve elevar Selic pela 1\u00aa vez em 6 anos","description":"O colegiado Copom divulgar\u00e1 o rumo da Selic -- possivelmente elevando-a pela primeira vez em seis anos. Clique e saiba mais.","robots":{"index":"index","follow":"follow","max-snippet":"max-snippet:-1","max-image-preview":"max-image-preview:large","max-video-preview":"max-video-preview:-1"},"canonical":"https:\/\/www.suno.com.br\/noticias\/inflacao-copom-elevar-selic-seis-anos\/","og_locale":"pt_BR","og_type":"article","og_title":"Com infla\u00e7\u00e3o no radar, Copom deve elevar Selic pela 1\u00aa vez em 6 anos","og_description":"O colegiado Copom divulgar\u00e1 o rumo da Selic -- possivelmente elevando-a pela primeira vez em seis anos. Clique e saiba mais.","og_url":"https:\/\/www.suno.com.br\/noticias\/inflacao-copom-elevar-selic-seis-anos\/","og_site_name":"Suno Not\u00edcias","article_publisher":"https:\/\/facebook.com\/sunoresearch","og_image":[{"width":1024,"height":671,"url":"https:\/\/files.sunoresearch.com.br\/n\/uploads\/2020\/12\/28299ff3-agenda-do-dia-copom.png","type":"image\/png"}],"author":"Jader Lazarini","twitter_card":"summary_large_image","twitter_creator":"@sunoresearch","twitter_site":"@sunoresearch","twitter_misc":{"Escrito por":"Jader Lazarini","Est. tempo de leitura":"4 minutos"},"schema":{"@context":"https:\/\/schema.org","@graph":[{"@type":"NewsArticle","@id":"https:\/\/www.suno.com.br\/noticias\/inflacao-copom-elevar-selic-seis-anos\/#article","isPartOf":{"@id":"https:\/\/www.suno.com.br\/noticias\/inflacao-copom-elevar-selic-seis-anos\/"},"author":{"name":"Jader Lazarini","@id":"https:\/\/www.suno.com.br\/noticias\/#\/schema\/person\/918d79de1f0281f01599b93f9ea6e23f"},"headline":"Com infla\u00e7\u00e3o no radar, Copom deve elevar Selic pela primeira vez em 6 anos","datePublished":"2021-03-16T15:59:55+00:00","dateModified":"2021-05-12T16:36:51+00:00","mainEntityOfPage":{"@id":"https:\/\/www.suno.com.br\/noticias\/inflacao-copom-elevar-selic-seis-anos\/"},"wordCount":817,"publisher":{"@id":"https:\/\/www.suno.com.br\/noticias\/#organization"},"image":{"@id":"https:\/\/www.suno.com.br\/noticias\/inflacao-copom-elevar-selic-seis-anos\/#primaryimage"},"thumbnailUrl":"https:\/\/files.sunoresearch.com.br\/n\/uploads\/2020\/12\/28299ff3-agenda-do-dia-copom-png.webp","keywords":["Banco Central (BC)","Copom","d\u00f3lar","Economia","Especialistas","infla\u00e7\u00e3o","taxa de juros","Taxa Selic"],"articleSection":["Economia"],"inLanguage":"pt-BR"},{"@type":"WebPage","@id":"https:\/\/www.suno.com.br\/noticias\/inflacao-copom-elevar-selic-seis-anos\/","url":"https:\/\/www.suno.com.br\/noticias\/inflacao-copom-elevar-selic-seis-anos\/","name":"Com infla\u00e7\u00e3o no radar, Copom deve elevar Selic pela 1\u00aa vez em 6 anos","isPartOf":{"@id":"https:\/\/www.suno.com.br\/noticias\/#website"},"primaryImageOfPage":{"@id":"https:\/\/www.suno.com.br\/noticias\/inflacao-copom-elevar-selic-seis-anos\/#primaryimage"},"image":{"@id":"https:\/\/www.suno.com.br\/noticias\/inflacao-copom-elevar-selic-seis-anos\/#primaryimage"},"thumbnailUrl":"https:\/\/files.sunoresearch.com.br\/n\/uploads\/2020\/12\/28299ff3-agenda-do-dia-copom-png.webp","datePublished":"2021-03-16T15:59:55+00:00","dateModified":"2021-05-12T16:36:51+00:00","description":"O colegiado Copom divulgar\u00e1 o rumo da Selic -- possivelmente elevando-a pela primeira vez em seis anos. Clique e saiba mais.","breadcrumb":{"@id":"https:\/\/www.suno.com.br\/noticias\/inflacao-copom-elevar-selic-seis-anos\/#breadcrumb"},"inLanguage":"pt-BR","potentialAction":[{"@type":"ReadAction","target":["https:\/\/www.suno.com.br\/noticias\/inflacao-copom-elevar-selic-seis-anos\/"]}]},{"@type":"ImageObject","inLanguage":"pt-BR","@id":"https:\/\/www.suno.com.br\/noticias\/inflacao-copom-elevar-selic-seis-anos\/#primaryimage","url":"https:\/\/files.sunoresearch.com.br\/n\/uploads\/2020\/12\/28299ff3-agenda-do-dia-copom-png.webp","contentUrl":"https:\/\/files.sunoresearch.com.br\/n\/uploads\/2020\/12\/28299ff3-agenda-do-dia-copom-png.webp","width":1024,"height":671,"caption":"Copom. Foto: Agencia Brasil."},{"@type":"BreadcrumbList","@id":"https:\/\/www.suno.com.br\/noticias\/inflacao-copom-elevar-selic-seis-anos\/#breadcrumb","itemListElement":[{"@type":"ListItem","position":1,"name":"Not\u00edcias","item":"https:\/\/www.suno.com.br\/noticias\/"},{"@type":"ListItem","position":2,"name":"Economia","item":"https:\/\/www.suno.com.br\/noticias\/economia\/"},{"@type":"ListItem","position":3,"name":"Com infla\u00e7\u00e3o no radar, Copom deve elevar Selic pela primeira vez em 6 anos"}]},{"@type":"WebSite","@id":"https:\/\/www.suno.com.br\/noticias\/#website","url":"https:\/\/www.suno.com.br\/noticias\/","name":"Suno Not\u00edcias","description":"Seu portal de informa\u00e7\u00e3o sobre o mundo dos investimentos","publisher":{"@id":"https:\/\/www.suno.com.br\/noticias\/#organization"},"potentialAction":[{"@type":"SearchAction","target":{"@type":"EntryPoint","urlTemplate":"https:\/\/www.suno.com.br\/noticias\/?s={search_term_string}"},"query-input":{"@type":"PropertyValueSpecification","valueRequired":true,"valueName":"search_term_string"}}],"inLanguage":"pt-BR"},{"@type":"Organization","@id":"https:\/\/www.suno.com.br\/noticias\/#organization","name":"Suno Not\u00edcias","url":"https:\/\/www.suno.com.br\/noticias\/","logo":{"@type":"ImageObject","inLanguage":"pt-BR","@id":"https:\/\/www.suno.com.br\/noticias\/#\/schema\/logo\/image\/","url":"https:\/\/files.sunoresearch.com.br\/n\/uploads\/2021\/09\/suno-logo.png","contentUrl":"https:\/\/files.sunoresearch.com.br\/n\/uploads\/2021\/09\/suno-logo.png","width":180,"height":180,"caption":"Suno Not\u00edcias"},"image":{"@id":"https:\/\/www.suno.com.br\/noticias\/#\/schema\/logo\/image\/"},"sameAs":["https:\/\/facebook.com\/sunoresearch","https:\/\/x.com\/sunoresearch","https:\/\/www.instagram.com\/suno","https:\/\/www.linkedin.com\/company\/suno-research\/","https:\/\/www.youtube.com\/c\/sunoresearch"]},{"@type":"Person","@id":"https:\/\/www.suno.com.br\/noticias\/#\/schema\/person\/918d79de1f0281f01599b93f9ea6e23f","name":"Jader Lazarini","image":{"@type":"ImageObject","inLanguage":"pt-BR","@id":"https:\/\/www.suno.com.br\/noticias\/#\/schema\/person\/image\/","url":"https:\/\/secure.gravatar.com\/avatar\/3c1ad8caa51589841baeb923fcddea97?s=96&r=g","contentUrl":"https:\/\/secure.gravatar.com\/avatar\/3c1ad8caa51589841baeb923fcddea97?s=96&r=g","caption":"Jader Lazarini"},"description":"Jader Lazarini escreve sobre investimentos, finan\u00e7as, economia e neg\u00f3cios. \u00c9 bacharel em Rela\u00e7\u00f5es Internacionais e analista CNPI (2619).","url":"https:\/\/www.suno.com.br\/noticias\/author\/jader-lazarini\/"}]}},"default_loop_html":"<div class=\"cardsPage__listCard__boxs\"><div class=\"cardsPage__listCard__boxs__img\"><a href=\"https:\/\/www.suno.com.br\/noticias\/inflacao-copom-elevar-selic-seis-anos\/\"><img class=\"mask\" src=\"https:\/\/www.suno.com.br\/noticias\/wp-content\/themes\/suno\/resources\/images\/spotlight\/spotlight1img\/bg-mask.png\" alt=\"Image Mask\"\/><img src=\"https:\/\/files.sunoresearch.com.br\/n\/uploads\/2020\/12\/28299ff3-agenda-do-dia-copom-400x200.webp\" alt=\"Com infla\u00e7\u00e3o no radar, Copom deve elevar Selic pela primeira vez em 6 anos\"\/><\/a><span class=\"spotlightCategory\"><a href=\"https:\/\/www.suno.com.br\/noticias\/economia\/\">Economia<\/a><\/span><\/div><div class=\"cardsPage__listCard__boxs__content\"><a href=\"https:\/\/www.suno.com.br\/noticias\/inflacao-copom-elevar-selic-seis-anos\/\"><h2 class=\"content__title\">Com infla\u00e7\u00e3o no radar, Copom deve elevar Selic pela primeira vez em 6 anos<\/h2><\/a><div class=\"newsContent__article__meta\"><div class=\"newsContent__article__meta__authorBox\"><a href=\"https:\/\/www.suno.com.br\/noticias\/author\/jader-lazarini\/\" class=\"authorBox__avatar noMobi\"><img src=\"https:\/\/files.sunoresearch.com.br\/n\/uploads\/2021\/01\/178e6598-foto-perfil-2-150x150.jpg\" alt=\"Jader Lazarini\"><\/a><div class=\"authorBox__name\"><span>por\n\t\t\t<a href=\"https:\/\/www.suno.com.br\/noticias\/author\/jader-lazarini\/\"><span itemprop=\"author\">Jader Lazarini<\/span><\/a><\/span><time datetime=\"2021-03-16T12:59:55-03:00\" itemprop=\"datePublished\">16\/03\/2021 12:59<\/time><\/div><\/div><\/div><\/div><\/div>","single_layout":"posts","amp_enabled":true,"_links":{"self":[{"href":"https:\/\/www.suno.com.br\/noticias\/wp-json\/wp\/v2\/posts\/132095"}],"collection":[{"href":"https:\/\/www.suno.com.br\/noticias\/wp-json\/wp\/v2\/posts"}],"about":[{"href":"https:\/\/www.suno.com.br\/noticias\/wp-json\/wp\/v2\/types\/post"}],"author":[{"embeddable":true,"href":"https:\/\/www.suno.com.br\/noticias\/wp-json\/wp\/v2\/users\/24"}],"replies":[{"embeddable":true,"href":"https:\/\/www.suno.com.br\/noticias\/wp-json\/wp\/v2\/comments?post=132095"}],"version-history":[{"count":8,"href":"https:\/\/www.suno.com.br\/noticias\/wp-json\/wp\/v2\/posts\/132095\/revisions"}],"predecessor-version":[{"id":132205,"href":"https:\/\/www.suno.com.br\/noticias\/wp-json\/wp\/v2\/posts\/132095\/revisions\/132205"}],"wp:featuredmedia":[{"embeddable":true,"href":"https:\/\/www.suno.com.br\/noticias\/wp-json\/wp\/v2\/media\/106662"}],"wp:attachment":[{"href":"https:\/\/www.suno.com.br\/noticias\/wp-json\/wp\/v2\/media?parent=132095"}],"wp:term":[{"taxonomy":"category","embeddable":true,"href":"https:\/\/www.suno.com.br\/noticias\/wp-json\/wp\/v2\/categories?post=132095"},{"taxonomy":"post_tag","embeddable":true,"href":"https:\/\/www.suno.com.br\/noticias\/wp-json\/wp\/v2\/tags?post=132095"},{"taxonomy":"suno_strategy","embeddable":true,"href":"https:\/\/www.suno.com.br\/noticias\/wp-json\/wp\/v2\/suno_strategy?post=132095"}],"curies":[{"name":"wp","href":"https:\/\/api.w.org\/{rel}","templated":true}]}}