{"id":132089,"date":"2021-03-16T10:17:42","date_gmt":"2021-03-16T13:17:42","guid":{"rendered":"https:\/\/www.suno.com.br\/noticias\/?p=132089"},"modified":"2021-03-16T11:44:59","modified_gmt":"2021-03-16T14:44:59","slug":"csn-csna3-reajustara-preco-do-aco","status":"publish","type":"post","link":"https:\/\/www.suno.com.br\/noticias\/csn-csna3-reajustara-preco-do-aco\/","title":{"rendered":"CSN (CNSA3) reajustar\u00e1 pre\u00e7o do a\u00e7o em at\u00e9 15%, na terceira alta do ano"},"content":{"rendered":"<p>A <a href=\"https:\/\/www.suno.com.br\/acoes\/csna3\/\"><strong>CSN<\/strong> (CSNA3)<\/a> voltar\u00e1 a aumentar seus pre\u00e7os em abril, impulsionada, principalmente, pela recente alta do d\u00f3lar. Com a moeda americana acima de R$ 5,60, a sider\u00fargica ir\u00e1 reajustar o valor de seus produtos em at\u00e9 15%. As informa\u00e7\u00f5es s\u00e3o do jornal Valor Econ\u00f4mico.<\/p>\t<div class=\"wrapper-featured-image\">\n\t\t<figure class=\"spotlightImg\">\n\n\t\t\t<picture>\n\t\t\t\t<source media=\"(max-width: 768px)\" srcset=\"https:\/\/files.sunoresearch.com.br\/n\/uploads\/2021\/02\/8ebf5dbb-csn-mineracao-1-400x200.webp\">\n\t\t\t\t<img loading=\"lazy\" decoding=\"async\" class=\"newsContent__article__imgCapa lazyloadDisabled \" src=\"https:\/\/files.sunoresearch.com.br\/n\/uploads\/2021\/02\/8ebf5dbb-csn-mineracao-1-jpg.webp\" width=\"800\" height=\"450\" alt=\"CSN (CNSA3) reajustar\u00e1 pre\u00e7o do a\u00e7o em at\u00e9 15%, na terceira alta do ano\" fetchpriority=high \/>\n\t\t\t<\/picture>\n\n\t\t\t<figcaption class=\"wp-caption-text wp-caption-text--show\">CSN volta a aumentar pre\u00e7o do a\u00e7o no Brasil em mar\u00e7o<\/figcaption>\n\t\t<\/figure>\n\t<\/div>\n\n\n<p><span style=\"font-weight: 400;\">\t<p>\n\t\t<a href=\"https:\/\/lp.suno.com.br\/planilha-controle-gastos\/\" target=\"_blank\" data-element=\"shortcode-suno-banner\" title=\"Banner SUNO, clique e saiba mais\">\n\t\t\t<picture>\n\t\t\t\t<source media=\"(max-width: 500px)\" srcset=\"https:\/\/files.sunoresearch.com.br\/n\/uploads\/2023\/03\/400x300-Planilha-controle-de-gastos.png\">\n\t\t\t\t<img class=\"newsContent__article__imgCapa newsContent__article__imgCapa--banner\"\n\t\t\t\t\tsrc=\"https:\/\/files.sunoresearch.com.br\/n\/uploads\/2023\/03\/1420x240-Planilha-controle-de-gastos.png\"\n\t\t\t\t\tdata-promo-id=\"101751\"\t\t\t\t\t\t\t\t\t\twidth='1420' height='240'\t\t\t\t\talt=\"https:\/\/files.sunoresearch.com.br\/n\/uploads\/2023\/03\/1420x240-Planilha-controle-de-gastos.png\"\n\t\t\t\t>\n\t\t\t<\/picture>\n\t\t<\/a>\n\t<\/p>\n\n<\/span><\/p>\n<p>Est\u00e1 ser\u00e1 a <strong>terceira alta do ano<\/strong> imposta pela CSN, que implementar\u00e1 ajustes similares aos aplicados em janeiro e em fevereiro. Alguns tipos de a\u00e7o ficar\u00e3o 10% mais caros. O pre\u00e7o das folhas met\u00e1licas, usadas em embalagens, avan\u00e7ar\u00e1 11,25% e do a\u00e7o longo (vergalh\u00e3o) em at\u00e9 15%.<\/p>\n<p>Segundo Luiz Fernando Martinez, diretor executivo comercial, al\u00e9m do d\u00f3lar, a<strong> alta do pre\u00e7o a\u00e7o na China<\/strong> tamb\u00e9m \u00e9 parte da causa. Algumas regi\u00f5es do pa\u00eds est\u00e3o proibidas de produzir a\u00e7o por conta da polui\u00e7\u00e3o, o que se estende at\u00e9 abril. O <strong>pre\u00e7o das mat\u00e9rias-primas<\/strong> (min\u00e9rio de ferro, carv\u00e3o e sucata) utilizadas na produ\u00e7\u00e3o do a\u00e7o \u00e9 outro fator para o reajuste.<\/p>\n<p><a href=\"https:\/\/lp.suno.com.br\/suno-one\/?ppp=noticias\/hospital-care-pedido-ipo-cvm\/\"><b>Suno One: acesse gratuitamente eBooks, Minicursos, Artigos e V\u00eddeo Aulas sobre investimentos com um \u00fanico cadastro. Clique para saber mais!<\/b><\/a><\/p>\n<h2>No Brasil, demanda por produtos da CSN cresce<\/h2>\n<p>O executivo afirmou ainda, ao Valor, que h\u00e1 uma demanda forte no mercado brasileiro por conta da maior procura por autom\u00f3veis, que deve crescer at\u00e9 25%, por eletrodom\u00e9sticos, com alta de 15%, e na constru\u00e7\u00e3o civil.<\/p>\n<p>\u201cO mercado no Brasil j\u00e1 se encontra em n\u00edveis de consumo de 2013\/2014. A CSN est\u00e1 operando com capacidade plena de produ\u00e7\u00e3o\u201d, afirma Martinez. A taxa m\u00e9dia de ocupa\u00e7\u00e3o da capacidade das sider\u00fargicas no Brasil chegou a mar\u00e7o acima de 71%, o maior \u00edndice desde antes da pandemia, afirmou o Instituto A\u00e7o Brasil ao Valor.<\/p>\n<p><span style=\"font-weight: 400;\">\t<p>\n\t\t<a href=\"https:\/\/lp.suno.com.br\/planilha-da-vida-financeira\/\" target=\"_blank\" data-element=\"shortcode-suno-banner\" title=\"Banner SUNO, clique e saiba mais\">\n\t\t\t<picture>\n\t\t\t\t<source media=\"(max-width: 500px)\" srcset=\"https:\/\/files.sunoresearch.com.br\/n\/uploads\/2023\/04\/400x300-Planilha-vida-financeira-true.png\">\n\t\t\t\t<img class=\"newsContent__article__imgCapa newsContent__article__imgCapa--banner\"\n\t\t\t\t\tsrc=\"https:\/\/files.sunoresearch.com.br\/n\/uploads\/2023\/04\/1420x240-Planilha-vida-financeira-true.png\"\n\t\t\t\t\tdata-promo-id=\"106682\"\t\t\t\t\t\t\t\t\t\twidth='1420' height='240'\t\t\t\t\talt=\"https:\/\/files.sunoresearch.com.br\/n\/uploads\/2023\/04\/1420x240-Planilha-vida-financeira-true.png\"\n\t\t\t\t>\n\t\t\t<\/picture>\n\t\t<\/a>\n\t<\/p>\n\n<\/span><\/p>\n<p>Mesmo com os reajustes, os pre\u00e7os da CSN ficar\u00e3o mais baixos no mercado interno do que os concorrentes estrangeiros, com cerca de 2% a 5% de diferen\u00e7a.<\/p>\n<p>Para Martinez, o Brasil n\u00e3o ficar\u00e1 de fora do novo ciclo das commodities, pois h\u00e1 um desequil\u00edbrio na oferta e demanda mundial. De janeiro de 2020 at\u00e9 o fim de fevereiro de 2021, o min\u00e9rio saiu de US$ 94,15 para US$ 172,75 a tonelada. O carv\u00e3o metal\u00fargico saltou de US$ 110 para US$ 145. A demanda, para a <strong>CSN<\/strong>, deve continuar elevada tanto no cen\u00e1rio externo quanto no interno.<\/p>\n<p><span style=\"font-weight: 400;\">\t<p>\n\t\t<a href=\"https:\/\/lp.suno.com.br\/planilha-de-controle-de-investimentos\/\" target=\"_blank\" data-element=\"shortcode-suno-banner\" title=\"Banner SUNO, clique e saiba mais\">\n\t\t\t<picture>\n\t\t\t\t<source media=\"(max-width: 500px)\" srcset=\"https:\/\/files.sunoresearch.com.br\/n\/uploads\/2023\/03\/400x300-Controle-de-Investimentos.png\">\n\t\t\t\t<img class=\"newsContent__article__imgCapa newsContent__article__imgCapa--banner\"\n\t\t\t\t\tsrc=\"https:\/\/files.sunoresearch.com.br\/n\/uploads\/2023\/03\/1420x240-Controle-de-Investimentos.png\"\n\t\t\t\t\tdata-promo-id=\"75934\"\t\t\t\t\t\t\t\t\t\twidth='1420' height='240'\t\t\t\t\talt=\"https:\/\/files.sunoresearch.com.br\/n\/uploads\/2023\/03\/1420x240-Controle-de-Investimentos.png\"\n\t\t\t\t>\n\t\t\t<\/picture>\n\t\t<\/a>\n\t<\/p>\n\n<\/span><\/p>\n","protected":false},"excerpt":{"rendered":"<p>A CSN (CSNA3) voltar\u00e1 a aumentar seus pre\u00e7os em abril, impulsionada, principalmente, pela recente alta do d\u00f3lar. Com a moeda americana acima de R$ 5,60, a sider\u00fargica ir\u00e1 reajustar o valor de seus produtos em at\u00e9 15%. As informa\u00e7\u00f5es s\u00e3o do jornal Valor Econ\u00f4mico. CSN volta a aumentar pre\u00e7o do a\u00e7o no Brasil em mar\u00e7o [&hellip;]<\/p>\n","protected":false},"author":59,"featured_media":125506,"comment_status":"closed","ping_status":"closed","sticky":false,"template":"","format":"standard","meta":[],"categories":[64],"tags":[1388],"suno_strategy":[],"class_list":["post-132089","post","type-post","status-publish","format-standard","has-post-thumbnail","hentry","category-negocios","tag-csn-csna3"],"yoast_head":"<!-- This site is optimized with the Yoast SEO plugin v24.4 - https:\/\/yoast.com\/wordpress\/plugins\/seo\/ -->\n<title>CSN (CNSA3) reajustar\u00e1 pre\u00e7o do a\u00e7o em at\u00e9 15%, na terceira alta do ano<\/title>\n<meta name=\"description\" content=\"A CSN voltar\u00e1 a aumentar o pre\u00e7o do a\u00e7o no Brasil motivada, em grande parte, pelo pre\u00e7o do d\u00f3lar. Clique aqui para saber mais.\" \/>\n<meta name=\"robots\" content=\"index, follow, max-snippet:-1, max-image-preview:large, max-video-preview:-1\" \/>\n<link rel=\"canonical\" href=\"https:\/\/www.suno.com.br\/noticias\/csn-csna3-reajustara-preco-do-aco\/\" \/>\n<meta property=\"og:locale\" content=\"pt_BR\" \/>\n<meta property=\"og:type\" content=\"article\" \/>\n<meta property=\"og:title\" content=\"CSN (CNSA3) reajustar\u00e1 pre\u00e7o do a\u00e7o em at\u00e9 15%, na terceira alta do ano\" \/>\n<meta property=\"og:description\" content=\"A CSN voltar\u00e1 a aumentar o pre\u00e7o do a\u00e7o no Brasil motivada, em grande parte, pelo pre\u00e7o do d\u00f3lar. Clique aqui para saber mais.\" \/>\n<meta property=\"og:url\" content=\"https:\/\/www.suno.com.br\/noticias\/csn-csna3-reajustara-preco-do-aco\/\" \/>\n<meta property=\"og:site_name\" content=\"Suno Not\u00edcias\" \/>\n<meta property=\"article:publisher\" content=\"https:\/\/facebook.com\/sunoresearch\" \/>\n<meta property=\"og:image\" content=\"https:\/\/files.sunoresearch.com.br\/n\/uploads\/2021\/02\/8ebf5dbb-csn-mineracao-1.jpg\" \/>\n\t<meta property=\"og:image:width\" content=\"620\" \/>\n\t<meta property=\"og:image:height\" content=\"430\" \/>\n\t<meta property=\"og:image:type\" content=\"image\/jpeg\" \/>\n<meta name=\"author\" content=\"Vitor Azevedo\" \/>\n<meta name=\"twitter:card\" content=\"summary_large_image\" \/>\n<meta name=\"twitter:creator\" content=\"@sunoresearch\" \/>\n<meta name=\"twitter:site\" content=\"@sunoresearch\" \/>\n<meta name=\"twitter:label1\" content=\"Escrito por\" \/>\n\t<meta name=\"twitter:data1\" content=\"Vitor Azevedo\" \/>\n\t<meta name=\"twitter:label2\" content=\"Est. tempo de leitura\" \/>\n\t<meta name=\"twitter:data2\" content=\"2 minutos\" \/>\n<script type=\"application\/ld+json\" class=\"yoast-schema-graph\">{\"@context\":\"https:\/\/schema.org\",\"@graph\":[{\"@type\":\"NewsArticle\",\"@id\":\"https:\/\/www.suno.com.br\/noticias\/csn-csna3-reajustara-preco-do-aco\/#article\",\"isPartOf\":{\"@id\":\"https:\/\/www.suno.com.br\/noticias\/csn-csna3-reajustara-preco-do-aco\/\"},\"author\":{\"name\":\"Vitor Azevedo\",\"@id\":\"https:\/\/www.suno.com.br\/noticias\/#\/schema\/person\/658d5fbc74d81f265f5df3562d0038ab\"},\"headline\":\"CSN (CNSA3) reajustar\u00e1 pre\u00e7o do a\u00e7o em at\u00e9 15%, na terceira alta do ano\",\"datePublished\":\"2021-03-16T13:17:42+00:00\",\"dateModified\":\"2021-03-16T14:44:59+00:00\",\"mainEntityOfPage\":{\"@id\":\"https:\/\/www.suno.com.br\/noticias\/csn-csna3-reajustara-preco-do-aco\/\"},\"wordCount\":422,\"publisher\":{\"@id\":\"https:\/\/www.suno.com.br\/noticias\/#organization\"},\"image\":{\"@id\":\"https:\/\/www.suno.com.br\/noticias\/csn-csna3-reajustara-preco-do-aco\/#primaryimage\"},\"thumbnailUrl\":\"https:\/\/files.sunoresearch.com.br\/n\/uploads\/2021\/02\/8ebf5dbb-csn-mineracao-1-jpg.webp\",\"keywords\":[\"CSN (CSNA3)\"],\"articleSection\":[\"Neg\u00f3cios\"],\"inLanguage\":\"pt-BR\"},{\"@type\":\"WebPage\",\"@id\":\"https:\/\/www.suno.com.br\/noticias\/csn-csna3-reajustara-preco-do-aco\/\",\"url\":\"https:\/\/www.suno.com.br\/noticias\/csn-csna3-reajustara-preco-do-aco\/\",\"name\":\"CSN (CNSA3) reajustar\u00e1 pre\u00e7o do a\u00e7o em at\u00e9 15%, na terceira alta do ano\",\"isPartOf\":{\"@id\":\"https:\/\/www.suno.com.br\/noticias\/#website\"},\"primaryImageOfPage\":{\"@id\":\"https:\/\/www.suno.com.br\/noticias\/csn-csna3-reajustara-preco-do-aco\/#primaryimage\"},\"image\":{\"@id\":\"https:\/\/www.suno.com.br\/noticias\/csn-csna3-reajustara-preco-do-aco\/#primaryimage\"},\"thumbnailUrl\":\"https:\/\/files.sunoresearch.com.br\/n\/uploads\/2021\/02\/8ebf5dbb-csn-mineracao-1-jpg.webp\",\"datePublished\":\"2021-03-16T13:17:42+00:00\",\"dateModified\":\"2021-03-16T14:44:59+00:00\",\"description\":\"A CSN voltar\u00e1 a aumentar o pre\u00e7o do a\u00e7o no Brasil motivada, em grande parte, pelo pre\u00e7o do d\u00f3lar. Clique aqui para saber mais.\",\"breadcrumb\":{\"@id\":\"https:\/\/www.suno.com.br\/noticias\/csn-csna3-reajustara-preco-do-aco\/#breadcrumb\"},\"inLanguage\":\"pt-BR\",\"potentialAction\":[{\"@type\":\"ReadAction\",\"target\":[\"https:\/\/www.suno.com.br\/noticias\/csn-csna3-reajustara-preco-do-aco\/\"]}]},{\"@type\":\"ImageObject\",\"inLanguage\":\"pt-BR\",\"@id\":\"https:\/\/www.suno.com.br\/noticias\/csn-csna3-reajustara-preco-do-aco\/#primaryimage\",\"url\":\"https:\/\/files.sunoresearch.com.br\/n\/uploads\/2021\/02\/8ebf5dbb-csn-mineracao-1-jpg.webp\",\"contentUrl\":\"https:\/\/files.sunoresearch.com.br\/n\/uploads\/2021\/02\/8ebf5dbb-csn-mineracao-1-jpg.webp\",\"width\":620,\"height\":430,\"caption\":\"CSN volta a aumentar pre\u00e7o do a\u00e7o no Brasil em mar\u00e7o\"},{\"@type\":\"BreadcrumbList\",\"@id\":\"https:\/\/www.suno.com.br\/noticias\/csn-csna3-reajustara-preco-do-aco\/#breadcrumb\",\"itemListElement\":[{\"@type\":\"ListItem\",\"position\":1,\"name\":\"Not\u00edcias\",\"item\":\"https:\/\/www.suno.com.br\/noticias\/\"},{\"@type\":\"ListItem\",\"position\":2,\"name\":\"Neg\u00f3cios\",\"item\":\"https:\/\/www.suno.com.br\/noticias\/negocios\/\"},{\"@type\":\"ListItem\",\"position\":3,\"name\":\"CSN (CNSA3) reajustar\u00e1 pre\u00e7o do a\u00e7o em at\u00e9 15%, na terceira alta do ano\"}]},{\"@type\":\"WebSite\",\"@id\":\"https:\/\/www.suno.com.br\/noticias\/#website\",\"url\":\"https:\/\/www.suno.com.br\/noticias\/\",\"name\":\"Suno Not\u00edcias\",\"description\":\"Seu portal de informa\u00e7\u00e3o sobre o mundo dos investimentos\",\"publisher\":{\"@id\":\"https:\/\/www.suno.com.br\/noticias\/#organization\"},\"potentialAction\":[{\"@type\":\"SearchAction\",\"target\":{\"@type\":\"EntryPoint\",\"urlTemplate\":\"https:\/\/www.suno.com.br\/noticias\/?s={search_term_string}\"},\"query-input\":{\"@type\":\"PropertyValueSpecification\",\"valueRequired\":true,\"valueName\":\"search_term_string\"}}],\"inLanguage\":\"pt-BR\"},{\"@type\":\"Organization\",\"@id\":\"https:\/\/www.suno.com.br\/noticias\/#organization\",\"name\":\"Suno Not\u00edcias\",\"url\":\"https:\/\/www.suno.com.br\/noticias\/\",\"logo\":{\"@type\":\"ImageObject\",\"inLanguage\":\"pt-BR\",\"@id\":\"https:\/\/www.suno.com.br\/noticias\/#\/schema\/logo\/image\/\",\"url\":\"https:\/\/files.sunoresearch.com.br\/n\/uploads\/2021\/09\/suno-logo.png\",\"contentUrl\":\"https:\/\/files.sunoresearch.com.br\/n\/uploads\/2021\/09\/suno-logo.png\",\"width\":180,\"height\":180,\"caption\":\"Suno Not\u00edcias\"},\"image\":{\"@id\":\"https:\/\/www.suno.com.br\/noticias\/#\/schema\/logo\/image\/\"},\"sameAs\":[\"https:\/\/facebook.com\/sunoresearch\",\"https:\/\/x.com\/sunoresearch\",\"https:\/\/www.instagram.com\/suno\",\"https:\/\/www.linkedin.com\/company\/suno-research\/\",\"https:\/\/www.youtube.com\/c\/sunoresearch\"]},{\"@type\":\"Person\",\"@id\":\"https:\/\/www.suno.com.br\/noticias\/#\/schema\/person\/658d5fbc74d81f265f5df3562d0038ab\",\"name\":\"Vitor Azevedo\",\"image\":{\"@type\":\"ImageObject\",\"inLanguage\":\"pt-BR\",\"@id\":\"https:\/\/www.suno.com.br\/noticias\/#\/schema\/person\/image\/\",\"url\":\"https:\/\/secure.gravatar.com\/avatar\/62b86195291b446fe380824eb28b99a5?s=96&r=g\",\"contentUrl\":\"https:\/\/secure.gravatar.com\/avatar\/62b86195291b446fe380824eb28b99a5?s=96&r=g\",\"caption\":\"Vitor Azevedo\"},\"description\":\"Formado em jornalismo pela Unesp, escreve sobre economia e neg\u00f3cios para a Suno Not\u00edcias.\",\"url\":\"https:\/\/www.suno.com.br\/noticias\/author\/vitor-azevedo\/\"}]}<\/script>\n<!-- \/ Yoast SEO plugin. -->","yoast_head_json":{"title":"CSN (CNSA3) reajustar\u00e1 pre\u00e7o do a\u00e7o em at\u00e9 15%, na terceira alta do ano","description":"A CSN voltar\u00e1 a aumentar o pre\u00e7o do a\u00e7o no Brasil motivada, em grande parte, pelo pre\u00e7o do d\u00f3lar. Clique aqui para saber mais.","robots":{"index":"index","follow":"follow","max-snippet":"max-snippet:-1","max-image-preview":"max-image-preview:large","max-video-preview":"max-video-preview:-1"},"canonical":"https:\/\/www.suno.com.br\/noticias\/csn-csna3-reajustara-preco-do-aco\/","og_locale":"pt_BR","og_type":"article","og_title":"CSN (CNSA3) reajustar\u00e1 pre\u00e7o do a\u00e7o em at\u00e9 15%, na terceira alta do ano","og_description":"A CSN voltar\u00e1 a aumentar o pre\u00e7o do a\u00e7o no Brasil motivada, em grande parte, pelo pre\u00e7o do d\u00f3lar. Clique aqui para saber mais.","og_url":"https:\/\/www.suno.com.br\/noticias\/csn-csna3-reajustara-preco-do-aco\/","og_site_name":"Suno Not\u00edcias","article_publisher":"https:\/\/facebook.com\/sunoresearch","og_image":[{"width":620,"height":430,"url":"https:\/\/files.sunoresearch.com.br\/n\/uploads\/2021\/02\/8ebf5dbb-csn-mineracao-1.jpg","type":"image\/jpeg"}],"author":"Vitor Azevedo","twitter_card":"summary_large_image","twitter_creator":"@sunoresearch","twitter_site":"@sunoresearch","twitter_misc":{"Escrito por":"Vitor Azevedo","Est. tempo de leitura":"2 minutos"},"schema":{"@context":"https:\/\/schema.org","@graph":[{"@type":"NewsArticle","@id":"https:\/\/www.suno.com.br\/noticias\/csn-csna3-reajustara-preco-do-aco\/#article","isPartOf":{"@id":"https:\/\/www.suno.com.br\/noticias\/csn-csna3-reajustara-preco-do-aco\/"},"author":{"name":"Vitor Azevedo","@id":"https:\/\/www.suno.com.br\/noticias\/#\/schema\/person\/658d5fbc74d81f265f5df3562d0038ab"},"headline":"CSN (CNSA3) reajustar\u00e1 pre\u00e7o do a\u00e7o em at\u00e9 15%, na terceira alta do ano","datePublished":"2021-03-16T13:17:42+00:00","dateModified":"2021-03-16T14:44:59+00:00","mainEntityOfPage":{"@id":"https:\/\/www.suno.com.br\/noticias\/csn-csna3-reajustara-preco-do-aco\/"},"wordCount":422,"publisher":{"@id":"https:\/\/www.suno.com.br\/noticias\/#organization"},"image":{"@id":"https:\/\/www.suno.com.br\/noticias\/csn-csna3-reajustara-preco-do-aco\/#primaryimage"},"thumbnailUrl":"https:\/\/files.sunoresearch.com.br\/n\/uploads\/2021\/02\/8ebf5dbb-csn-mineracao-1-jpg.webp","keywords":["CSN (CSNA3)"],"articleSection":["Neg\u00f3cios"],"inLanguage":"pt-BR"},{"@type":"WebPage","@id":"https:\/\/www.suno.com.br\/noticias\/csn-csna3-reajustara-preco-do-aco\/","url":"https:\/\/www.suno.com.br\/noticias\/csn-csna3-reajustara-preco-do-aco\/","name":"CSN (CNSA3) reajustar\u00e1 pre\u00e7o do a\u00e7o em at\u00e9 15%, na terceira alta do ano","isPartOf":{"@id":"https:\/\/www.suno.com.br\/noticias\/#website"},"primaryImageOfPage":{"@id":"https:\/\/www.suno.com.br\/noticias\/csn-csna3-reajustara-preco-do-aco\/#primaryimage"},"image":{"@id":"https:\/\/www.suno.com.br\/noticias\/csn-csna3-reajustara-preco-do-aco\/#primaryimage"},"thumbnailUrl":"https:\/\/files.sunoresearch.com.br\/n\/uploads\/2021\/02\/8ebf5dbb-csn-mineracao-1-jpg.webp","datePublished":"2021-03-16T13:17:42+00:00","dateModified":"2021-03-16T14:44:59+00:00","description":"A CSN voltar\u00e1 a aumentar o pre\u00e7o do a\u00e7o no Brasil motivada, em grande parte, pelo pre\u00e7o do d\u00f3lar. Clique aqui para saber mais.","breadcrumb":{"@id":"https:\/\/www.suno.com.br\/noticias\/csn-csna3-reajustara-preco-do-aco\/#breadcrumb"},"inLanguage":"pt-BR","potentialAction":[{"@type":"ReadAction","target":["https:\/\/www.suno.com.br\/noticias\/csn-csna3-reajustara-preco-do-aco\/"]}]},{"@type":"ImageObject","inLanguage":"pt-BR","@id":"https:\/\/www.suno.com.br\/noticias\/csn-csna3-reajustara-preco-do-aco\/#primaryimage","url":"https:\/\/files.sunoresearch.com.br\/n\/uploads\/2021\/02\/8ebf5dbb-csn-mineracao-1-jpg.webp","contentUrl":"https:\/\/files.sunoresearch.com.br\/n\/uploads\/2021\/02\/8ebf5dbb-csn-mineracao-1-jpg.webp","width":620,"height":430,"caption":"CSN volta a aumentar pre\u00e7o do a\u00e7o no Brasil em mar\u00e7o"},{"@type":"BreadcrumbList","@id":"https:\/\/www.suno.com.br\/noticias\/csn-csna3-reajustara-preco-do-aco\/#breadcrumb","itemListElement":[{"@type":"ListItem","position":1,"name":"Not\u00edcias","item":"https:\/\/www.suno.com.br\/noticias\/"},{"@type":"ListItem","position":2,"name":"Neg\u00f3cios","item":"https:\/\/www.suno.com.br\/noticias\/negocios\/"},{"@type":"ListItem","position":3,"name":"CSN (CNSA3) reajustar\u00e1 pre\u00e7o do a\u00e7o em at\u00e9 15%, na terceira alta do ano"}]},{"@type":"WebSite","@id":"https:\/\/www.suno.com.br\/noticias\/#website","url":"https:\/\/www.suno.com.br\/noticias\/","name":"Suno Not\u00edcias","description":"Seu portal de informa\u00e7\u00e3o sobre o mundo dos investimentos","publisher":{"@id":"https:\/\/www.suno.com.br\/noticias\/#organization"},"potentialAction":[{"@type":"SearchAction","target":{"@type":"EntryPoint","urlTemplate":"https:\/\/www.suno.com.br\/noticias\/?s={search_term_string}"},"query-input":{"@type":"PropertyValueSpecification","valueRequired":true,"valueName":"search_term_string"}}],"inLanguage":"pt-BR"},{"@type":"Organization","@id":"https:\/\/www.suno.com.br\/noticias\/#organization","name":"Suno Not\u00edcias","url":"https:\/\/www.suno.com.br\/noticias\/","logo":{"@type":"ImageObject","inLanguage":"pt-BR","@id":"https:\/\/www.suno.com.br\/noticias\/#\/schema\/logo\/image\/","url":"https:\/\/files.sunoresearch.com.br\/n\/uploads\/2021\/09\/suno-logo.png","contentUrl":"https:\/\/files.sunoresearch.com.br\/n\/uploads\/2021\/09\/suno-logo.png","width":180,"height":180,"caption":"Suno Not\u00edcias"},"image":{"@id":"https:\/\/www.suno.com.br\/noticias\/#\/schema\/logo\/image\/"},"sameAs":["https:\/\/facebook.com\/sunoresearch","https:\/\/x.com\/sunoresearch","https:\/\/www.instagram.com\/suno","https:\/\/www.linkedin.com\/company\/suno-research\/","https:\/\/www.youtube.com\/c\/sunoresearch"]},{"@type":"Person","@id":"https:\/\/www.suno.com.br\/noticias\/#\/schema\/person\/658d5fbc74d81f265f5df3562d0038ab","name":"Vitor Azevedo","image":{"@type":"ImageObject","inLanguage":"pt-BR","@id":"https:\/\/www.suno.com.br\/noticias\/#\/schema\/person\/image\/","url":"https:\/\/secure.gravatar.com\/avatar\/62b86195291b446fe380824eb28b99a5?s=96&r=g","contentUrl":"https:\/\/secure.gravatar.com\/avatar\/62b86195291b446fe380824eb28b99a5?s=96&r=g","caption":"Vitor Azevedo"},"description":"Formado em jornalismo pela Unesp, escreve sobre economia e neg\u00f3cios para a Suno Not\u00edcias.","url":"https:\/\/www.suno.com.br\/noticias\/author\/vitor-azevedo\/"}]}},"default_loop_html":"<div class=\"cardsPage__listCard__boxs\"><div class=\"cardsPage__listCard__boxs__img\"><a href=\"https:\/\/www.suno.com.br\/noticias\/csn-csna3-reajustara-preco-do-aco\/\"><img class=\"mask\" src=\"https:\/\/www.suno.com.br\/noticias\/wp-content\/themes\/suno\/resources\/images\/spotlight\/spotlight1img\/bg-mask.png\" alt=\"Image Mask\"\/><img src=\"https:\/\/files.sunoresearch.com.br\/n\/uploads\/2021\/02\/8ebf5dbb-csn-mineracao-1-400x200.webp\" alt=\"CSN (CNSA3) reajustar\u00e1 pre\u00e7o do a\u00e7o em at\u00e9 15%, na terceira alta do ano\"\/><\/a><span class=\"spotlightCategory\"><a href=\"https:\/\/www.suno.com.br\/noticias\/negocios\/\">Neg\u00f3cios<\/a><\/span><\/div><div class=\"cardsPage__listCard__boxs__content\"><a href=\"https:\/\/www.suno.com.br\/noticias\/csn-csna3-reajustara-preco-do-aco\/\"><h2 class=\"content__title\">CSN (CNSA3) reajustar\u00e1 pre\u00e7o do a\u00e7o em at\u00e9 15%, na terceira alta do ano<\/h2><\/a><div class=\"newsContent__article__meta\"><div class=\"newsContent__article__meta__authorBox\"><a href=\"https:\/\/www.suno.com.br\/noticias\/author\/vitor-azevedo\/\" class=\"authorBox__avatar noMobi\"><img src=\"https:\/\/secure.gravatar.com\/avatar\/62b86195291b446fe380824eb28b99a5?s=96&#038;r=g\" alt=\"Vitor Azevedo\"><\/a><div class=\"authorBox__name\"><span>por\n\t\t\t<a href=\"https:\/\/www.suno.com.br\/noticias\/author\/vitor-azevedo\/\"><span itemprop=\"author\">Vitor Azevedo<\/span><\/a><\/span><time datetime=\"2021-03-16T10:17:42-03:00\" itemprop=\"datePublished\">16\/03\/2021 10:17<\/time><\/div><\/div><\/div><\/div><\/div>","single_layout":"posts","amp_enabled":true,"_links":{"self":[{"href":"https:\/\/www.suno.com.br\/noticias\/wp-json\/wp\/v2\/posts\/132089"}],"collection":[{"href":"https:\/\/www.suno.com.br\/noticias\/wp-json\/wp\/v2\/posts"}],"about":[{"href":"https:\/\/www.suno.com.br\/noticias\/wp-json\/wp\/v2\/types\/post"}],"author":[{"embeddable":true,"href":"https:\/\/www.suno.com.br\/noticias\/wp-json\/wp\/v2\/users\/59"}],"replies":[{"embeddable":true,"href":"https:\/\/www.suno.com.br\/noticias\/wp-json\/wp\/v2\/comments?post=132089"}],"version-history":[{"count":6,"href":"https:\/\/www.suno.com.br\/noticias\/wp-json\/wp\/v2\/posts\/132089\/revisions"}],"predecessor-version":[{"id":132159,"href":"https:\/\/www.suno.com.br\/noticias\/wp-json\/wp\/v2\/posts\/132089\/revisions\/132159"}],"wp:featuredmedia":[{"embeddable":true,"href":"https:\/\/www.suno.com.br\/noticias\/wp-json\/wp\/v2\/media\/125506"}],"wp:attachment":[{"href":"https:\/\/www.suno.com.br\/noticias\/wp-json\/wp\/v2\/media?parent=132089"}],"wp:term":[{"taxonomy":"category","embeddable":true,"href":"https:\/\/www.suno.com.br\/noticias\/wp-json\/wp\/v2\/categories?post=132089"},{"taxonomy":"post_tag","embeddable":true,"href":"https:\/\/www.suno.com.br\/noticias\/wp-json\/wp\/v2\/tags?post=132089"},{"taxonomy":"suno_strategy","embeddable":true,"href":"https:\/\/www.suno.com.br\/noticias\/wp-json\/wp\/v2\/suno_strategy?post=132089"}],"curies":[{"name":"wp","href":"https:\/\/api.w.org\/{rel}","templated":true}]}}