{"id":132043,"date":"2021-03-16T08:27:52","date_gmt":"2021-03-16T11:27:52","guid":{"rendered":"https:\/\/www.suno.com.br\/noticias\/?p=132043"},"modified":"2021-03-16T09:05:18","modified_gmt":"2021-03-16T12:05:18","slug":"vale-vale3-responde-criticas-acionistas","status":"publish","type":"post","link":"https:\/\/www.suno.com.br\/noticias\/vale-vale3-responde-criticas-acionistas\/","title":{"rendered":"Vale (VALE3) rebate cr\u00edticas de acionistas sobre a forma\u00e7\u00e3o do conselho"},"content":{"rendered":"<p>A <a href=\"https:\/\/www.suno.com.br\/acoes\/vale3\/\"><strong>Vale<\/strong> (VALE3)<\/a> respondeu atrav\u00e9s de uma carta um grupo de acionistas que, no final de semana, criticou a cultura corporativa da mineradora e a lista de candidatos proposta por ela para compor o pr\u00f3ximo conselho de administra\u00e7\u00e3o.<span data-sheets-value=\"{&quot;1&quot;:2,&quot;2&quot;:&quot;[Baixe agora o relat\u00f3rio gratuito de VALE3]&quot;}\" data-sheets-userformat=\"{&quot;2&quot;:4481,&quot;3&quot;:{&quot;1&quot;:0},&quot;10&quot;:2,&quot;11&quot;:3,&quot;15&quot;:&quot;Arial&quot;}\" data-sheets-formula=\"=HIPERLINK(R[0]C[-4];R[0]C[-1])\" data-sheets-hyperlink=\"https:\/\/lp.suno.com.br\/lm\/relatorio\/suno-drops-vale-vale3\/\"> <a class=\"in-cell-link\" href=\"https:\/\/lp.suno.com.br\/lm\/relatorio\/suno-drops-vale-vale3\/\" target=\"_blank\" rel=\"noopener noreferrer\">[Baixe agora o relat\u00f3rio gratuito de VALE3]<\/a><\/span><\/p>\n<p><span style=\"font-weight: 400;\">\t<p>\n\t\t<a href=\"https:\/\/lp.suno.com.br\/planilha-controle-gastos\/\" target=\"_blank\" data-element=\"shortcode-suno-banner\" title=\"Banner SUNO, clique e saiba mais\">\n\t\t\t<picture>\n\t\t\t\t<source media=\"(max-width: 500px)\" srcset=\"https:\/\/files.sunoresearch.com.br\/n\/uploads\/2023\/03\/400x300-Planilha-controle-de-gastos.png\">\n\t\t\t\t<img class=\"newsContent__article__imgCapa newsContent__article__imgCapa--banner\"\n\t\t\t\t\tsrc=\"https:\/\/files.sunoresearch.com.br\/n\/uploads\/2023\/03\/1420x240-Planilha-controle-de-gastos.png\"\n\t\t\t\t\tdata-promo-id=\"101751\"\t\t\t\t\t\t\t\t\t\twidth='1420' height='240'\t\t\t\t\talt=\"https:\/\/files.sunoresearch.com.br\/n\/uploads\/2023\/03\/1420x240-Planilha-controle-de-gastos.png\"\n\t\t\t\t>\n\t\t\t<\/picture>\n\t\t<\/a>\n\t<\/p>\n\n<\/span><\/p>\n<p>No documento, divulgado na madrugada desta ter\u00e7a-feira (16), a Vale relembra alguma das suas iniciativas dos \u00faltimos anos que, para a empresa, refor\u00e7am o seu compromisso com uma boa governan\u00e7a. A empresa defende tamb\u00e9m a sua <strong>recente indica\u00e7\u00e3o ao conselho de administra\u00e7\u00e3o<\/strong>, que foi o principal ponto atacado pelo grupo, composto por nomes como a Argucia, o Dust FI, a Gera\u00e7\u00e3o Futuro e o Sparta, todos investidores da Vale de longa data.<\/p>\n<p>Segundo a Vale, o comit\u00ea respons\u00e1vel pelas indica\u00e7\u00f5es levou em conta uma matriz de compet\u00eancias e teve aux\u00edlio do Boston Consulting Group, dando aten\u00e7\u00e3o para \u00e0 diversidade de g\u00eanero e de culturas.<\/p>\n<p><a href=\"https:\/\/lp.suno.com.br\/suno-one\/?ppp=noticias\/hospital-care-pedido-ipo-cvm\/\"><b>Suno One: acesse gratuitamente eBooks, Minicursos, Artigos e V\u00eddeo Aulas sobre investimentos com um \u00fanico cadastro. Clique para saber mais!<\/b><\/a><\/p>\n<p>&#8220;O resultado desses trabalhos foi, no entendimento do Comit\u00ea de Nomea\u00e7\u00e3o, uma lista de candidatos com qualifica\u00e7\u00f5es e experi\u00eancias balanceadas, diversificadas e complementares, adequadas \u00e0 estrat\u00e9gia de neg\u00f3cios da Vale e de suas necessidades no futuro&#8221;, afirma a Vale no documento.<\/p>\n<p>Ainda segundo a mineradora, oito dos doze candidatos foram considerados pelo comit\u00ea e pelo conselho como &#8220;materialmente independentes&#8221;, atendendo os par\u00e2metros do <a href=\"https:\/\/www.suno.com.br\/artigos\/novo-mercado\/\">Novo Mercado<\/a> da <a href=\"https:\/\/www.suno.com.br\/acoes\/b3sa3\/\">B3 (B3SA3)<\/a>. Os sete membros reconduzidos, foram, segundo a Vale, considerados pelo comit\u00ea importantes para trazer a continuidade dos neg\u00f3cios e manter as iniciativas em andamento em Brumadinho.<\/p>\n<p>Este foi o principal ponto da carta dos acionistas: uma cr\u00edtica \u00e0 pouca renova\u00e7\u00e3o da mesa e \u00e0 manuten\u00e7\u00e3o de nomes que j\u00e1 participavam do conselho na \u00e9poca das trag\u00e9dias de Mariana e de Brumadinho. V\u00e1rios dos nomes considerados &#8220;independentes&#8221; pelo comit\u00ea, segundo o grupo de acionistas, figuravam, at\u00e9 pouco tempo atr\u00e1s, o acordo de acionistas da mineradora.<\/p>\n<p><span style=\"font-weight: 400;\">\t<p>\n\t\t<a href=\"https:\/\/lp.suno.com.br\/planilha-da-vida-financeira\/\" target=\"_blank\" data-element=\"shortcode-suno-banner\" title=\"Banner SUNO, clique e saiba mais\">\n\t\t\t<picture>\n\t\t\t\t<source media=\"(max-width: 500px)\" srcset=\"https:\/\/files.sunoresearch.com.br\/n\/uploads\/2023\/04\/400x300-Planilha-vida-financeira-true.png\">\n\t\t\t\t<img class=\"newsContent__article__imgCapa newsContent__article__imgCapa--banner\"\n\t\t\t\t\tsrc=\"https:\/\/files.sunoresearch.com.br\/n\/uploads\/2023\/04\/1420x240-Planilha-vida-financeira-true.png\"\n\t\t\t\t\tdata-promo-id=\"106682\"\t\t\t\t\t\t\t\t\t\twidth='1420' height='240'\t\t\t\t\talt=\"https:\/\/files.sunoresearch.com.br\/n\/uploads\/2023\/04\/1420x240-Planilha-vida-financeira-true.png\"\n\t\t\t\t>\n\t\t\t<\/picture>\n\t\t<\/a>\n\t<\/p>\n\n<\/span><\/p>\n<h2>Vale afirma estar tomando decis\u00f5es para melhorar governan\u00e7a<\/h2>\n<p>Segundo a\u00a0 mineradora, o comit\u00ea de nomea\u00e7\u00e3o prop\u00f4s uma s\u00e9rie de mudan\u00e7as \u00e0 forma\u00e7\u00e3o do conselho, todas aceitas em assembleia geral, com 98% dos votos.<\/p>\n<p>Entre as altera\u00e7\u00f5es, que mostram a iniciativa da empresa em formar uma <a href=\"https:\/\/www.suno.com.br\/artigos\/governanca-corporativa\/\" target=\"_blank\" rel=\"noopener noreferrer\">boa governan\u00e7a<\/a>, est\u00e3o a flexibilidade na forma\u00e7\u00e3o do conselho, com, agora, no m\u00ednimo 11 e no m\u00e1ximo 13 membros, a maior participa\u00e7\u00e3o de conselheiros independentes, estes escolhidos com maiores crit\u00e9rios, e a elei\u00e7\u00e3o de presidente e vice-presidente do conselho atrav\u00e9s de assembleia geral.<\/p>\n<p>Al\u00e9m disso, a Vale relembrou outras iniciativas que refor\u00e7am o seu compromisso. Entre os pontos citados pela mineradora, est\u00e1 a convers\u00e3o de a\u00e7\u00f5es preferenciais em ordin\u00e1rias, a inclus\u00e3o de dois membros independentes no conselho, a migra\u00e7\u00e3o para o Novo Mercado da B3 (B3SA3) e a cria\u00e7\u00e3o de um comit\u00ea de auditoria estatut\u00e1rio, coordenado por um conselheiro independente.<\/p>\n<p>A Vale afirma ainda que aperfei\u00e7oou, e continua aperfei\u00e7oando, sua estrutura de controle interno e suas pol\u00edticas internas, al\u00e9m de estar adotando praticas para facilitar a participa\u00e7\u00e3o de todos os acionistas nas assembleias gerais.<\/p>\n<p>A <strong>Vale<\/strong> n\u00e3o mencionou, em sua carta, as cr\u00edticas dos acionistas relativas \u00e0 pol\u00eamica proposta, feita pela empresa, de ado\u00e7\u00e3o do voto negativo nas elei\u00e7\u00f5es para o <em>board<\/em>. Esta foi criticado pelos principais <em>proxy advisors<\/em> e declarada como ilegal pela \u00e1rea t\u00e9cnica da <a href=\"https:\/\/www.suno.com.br\/artigos\/cvm\/\" target=\"_blank\" rel=\"noopener noreferrer\">Comiss\u00e3o de Valores Mobili\u00e1rio (CVM)<\/a>.<\/p>\n<p><span style=\"font-weight: 400;\">\t<p>\n\t\t<a href=\"https:\/\/lp.suno.com.br\/planilha-de-controle-de-investimentos\/\" target=\"_blank\" data-element=\"shortcode-suno-banner\" title=\"Banner SUNO, clique e saiba mais\">\n\t\t\t<picture>\n\t\t\t\t<source media=\"(max-width: 500px)\" srcset=\"https:\/\/files.sunoresearch.com.br\/n\/uploads\/2023\/03\/400x300-Controle-de-Investimentos.png\">\n\t\t\t\t<img class=\"newsContent__article__imgCapa newsContent__article__imgCapa--banner\"\n\t\t\t\t\tsrc=\"https:\/\/files.sunoresearch.com.br\/n\/uploads\/2023\/03\/1420x240-Controle-de-Investimentos.png\"\n\t\t\t\t\tdata-promo-id=\"75934\"\t\t\t\t\t\t\t\t\t\twidth='1420' height='240'\t\t\t\t\talt=\"https:\/\/files.sunoresearch.com.br\/n\/uploads\/2023\/03\/1420x240-Controle-de-Investimentos.png\"\n\t\t\t\t>\n\t\t\t<\/picture>\n\t\t<\/a>\n\t<\/p>\n\n<\/span><\/p>\n","protected":false},"excerpt":{"rendered":"<p>A Vale (VALE3) respondeu atrav\u00e9s de uma carta um grupo de acionistas que, no final de semana, criticou a cultura corporativa da mineradora e a lista de candidatos proposta por ela para compor o pr\u00f3ximo conselho de administra\u00e7\u00e3o. [Baixe agora o relat\u00f3rio gratuito de VALE3] No documento, divulgado na madrugada desta ter\u00e7a-feira (16), a Vale [&hellip;]<\/p>\n","protected":false},"author":59,"featured_media":0,"comment_status":"closed","ping_status":"closed","sticky":false,"template":"","format":"standard","meta":[],"categories":[64],"tags":[2721,676],"suno_strategy":[],"class_list":["post-132043","post","type-post","status-publish","format-standard","hentry","category-negocios","tag-conselho-de-administracao","tag-vale-vale3"],"yoast_head":"<!-- This site is optimized with the Yoast SEO plugin v24.4 - https:\/\/yoast.com\/wordpress\/plugins\/seo\/ -->\n<title>Vale (VALE3) rebate cr\u00edticas de acionistas sobre a forma\u00e7\u00e3o do conselho<\/title>\n<meta name=\"description\" content=\"A Vale rebateu as cr\u00edticas de um grupo de acionistas sobre a forma\u00e7\u00e3o de seu conselho de administra\u00e7\u00e3o. Clique aqui para saber mais.\" \/>\n<meta name=\"robots\" content=\"index, follow, max-snippet:-1, max-image-preview:large, max-video-preview:-1\" \/>\n<link rel=\"canonical\" href=\"https:\/\/www.suno.com.br\/noticias\/vale-vale3-responde-criticas-acionistas\/\" \/>\n<meta property=\"og:locale\" content=\"pt_BR\" \/>\n<meta property=\"og:type\" content=\"article\" \/>\n<meta property=\"og:title\" content=\"Vale (VALE3) rebate cr\u00edticas de acionistas sobre a forma\u00e7\u00e3o do conselho\" \/>\n<meta property=\"og:description\" content=\"A Vale rebateu as cr\u00edticas de um grupo de acionistas sobre a forma\u00e7\u00e3o de seu conselho de administra\u00e7\u00e3o. Clique aqui para saber mais.\" \/>\n<meta property=\"og:url\" content=\"https:\/\/www.suno.com.br\/noticias\/vale-vale3-responde-criticas-acionistas\/\" \/>\n<meta property=\"og:site_name\" content=\"Suno Not\u00edcias\" \/>\n<meta property=\"article:publisher\" content=\"https:\/\/facebook.com\/sunoresearch\" \/>\n<meta property=\"og:image\" content=\"https:\/\/files.sunoresearch.com.br\/n\/uploads\/2022\/06\/Modelo2.jpg\" \/>\n\t<meta property=\"og:image:width\" content=\"1200\" \/>\n\t<meta property=\"og:image:height\" content=\"627\" \/>\n\t<meta property=\"og:image:type\" content=\"image\/jpeg\" \/>\n<meta name=\"author\" content=\"Vitor Azevedo\" \/>\n<meta name=\"twitter:card\" content=\"summary_large_image\" \/>\n<meta name=\"twitter:creator\" content=\"@sunoresearch\" \/>\n<meta name=\"twitter:site\" content=\"@sunoresearch\" \/>\n<meta name=\"twitter:label1\" content=\"Escrito por\" \/>\n\t<meta name=\"twitter:data1\" content=\"Vitor Azevedo\" \/>\n\t<meta name=\"twitter:label2\" content=\"Est. tempo de leitura\" \/>\n\t<meta name=\"twitter:data2\" content=\"3 minutos\" \/>\n<script type=\"application\/ld+json\" class=\"yoast-schema-graph\">{\"@context\":\"https:\/\/schema.org\",\"@graph\":[{\"@type\":\"NewsArticle\",\"@id\":\"https:\/\/www.suno.com.br\/noticias\/vale-vale3-responde-criticas-acionistas\/#article\",\"isPartOf\":{\"@id\":\"https:\/\/www.suno.com.br\/noticias\/vale-vale3-responde-criticas-acionistas\/\"},\"author\":{\"name\":\"Vitor Azevedo\",\"@id\":\"https:\/\/www.suno.com.br\/noticias\/#\/schema\/person\/658d5fbc74d81f265f5df3562d0038ab\"},\"headline\":\"Vale (VALE3) rebate cr\u00edticas de acionistas sobre a forma\u00e7\u00e3o do conselho\",\"datePublished\":\"2021-03-16T11:27:52+00:00\",\"dateModified\":\"2021-03-16T12:05:18+00:00\",\"mainEntityOfPage\":{\"@id\":\"https:\/\/www.suno.com.br\/noticias\/vale-vale3-responde-criticas-acionistas\/\"},\"wordCount\":632,\"publisher\":{\"@id\":\"https:\/\/www.suno.com.br\/noticias\/#organization\"},\"keywords\":[\"Conselho de Administra\u00e7\u00e3o\",\"Vale (VALE3)\"],\"articleSection\":[\"Neg\u00f3cios\"],\"inLanguage\":\"pt-BR\"},{\"@type\":\"WebPage\",\"@id\":\"https:\/\/www.suno.com.br\/noticias\/vale-vale3-responde-criticas-acionistas\/\",\"url\":\"https:\/\/www.suno.com.br\/noticias\/vale-vale3-responde-criticas-acionistas\/\",\"name\":\"Vale (VALE3) rebate cr\u00edticas de acionistas sobre a forma\u00e7\u00e3o do conselho\",\"isPartOf\":{\"@id\":\"https:\/\/www.suno.com.br\/noticias\/#website\"},\"datePublished\":\"2021-03-16T11:27:52+00:00\",\"dateModified\":\"2021-03-16T12:05:18+00:00\",\"description\":\"A Vale rebateu as cr\u00edticas de um grupo de acionistas sobre a forma\u00e7\u00e3o de seu conselho de administra\u00e7\u00e3o. Clique aqui para saber mais.\",\"breadcrumb\":{\"@id\":\"https:\/\/www.suno.com.br\/noticias\/vale-vale3-responde-criticas-acionistas\/#breadcrumb\"},\"inLanguage\":\"pt-BR\",\"potentialAction\":[{\"@type\":\"ReadAction\",\"target\":[\"https:\/\/www.suno.com.br\/noticias\/vale-vale3-responde-criticas-acionistas\/\"]}]},{\"@type\":\"BreadcrumbList\",\"@id\":\"https:\/\/www.suno.com.br\/noticias\/vale-vale3-responde-criticas-acionistas\/#breadcrumb\",\"itemListElement\":[{\"@type\":\"ListItem\",\"position\":1,\"name\":\"Not\u00edcias\",\"item\":\"https:\/\/www.suno.com.br\/noticias\/\"},{\"@type\":\"ListItem\",\"position\":2,\"name\":\"Neg\u00f3cios\",\"item\":\"https:\/\/www.suno.com.br\/noticias\/negocios\/\"},{\"@type\":\"ListItem\",\"position\":3,\"name\":\"Vale (VALE3) rebate cr\u00edticas de acionistas sobre a forma\u00e7\u00e3o do conselho\"}]},{\"@type\":\"WebSite\",\"@id\":\"https:\/\/www.suno.com.br\/noticias\/#website\",\"url\":\"https:\/\/www.suno.com.br\/noticias\/\",\"name\":\"Suno Not\u00edcias\",\"description\":\"Seu portal de informa\u00e7\u00e3o sobre o mundo dos investimentos\",\"publisher\":{\"@id\":\"https:\/\/www.suno.com.br\/noticias\/#organization\"},\"potentialAction\":[{\"@type\":\"SearchAction\",\"target\":{\"@type\":\"EntryPoint\",\"urlTemplate\":\"https:\/\/www.suno.com.br\/noticias\/?s={search_term_string}\"},\"query-input\":{\"@type\":\"PropertyValueSpecification\",\"valueRequired\":true,\"valueName\":\"search_term_string\"}}],\"inLanguage\":\"pt-BR\"},{\"@type\":\"Organization\",\"@id\":\"https:\/\/www.suno.com.br\/noticias\/#organization\",\"name\":\"Suno Not\u00edcias\",\"url\":\"https:\/\/www.suno.com.br\/noticias\/\",\"logo\":{\"@type\":\"ImageObject\",\"inLanguage\":\"pt-BR\",\"@id\":\"https:\/\/www.suno.com.br\/noticias\/#\/schema\/logo\/image\/\",\"url\":\"https:\/\/files.sunoresearch.com.br\/n\/uploads\/2021\/09\/suno-logo.png\",\"contentUrl\":\"https:\/\/files.sunoresearch.com.br\/n\/uploads\/2021\/09\/suno-logo.png\",\"width\":180,\"height\":180,\"caption\":\"Suno Not\u00edcias\"},\"image\":{\"@id\":\"https:\/\/www.suno.com.br\/noticias\/#\/schema\/logo\/image\/\"},\"sameAs\":[\"https:\/\/facebook.com\/sunoresearch\",\"https:\/\/x.com\/sunoresearch\",\"https:\/\/www.instagram.com\/suno\",\"https:\/\/www.linkedin.com\/company\/suno-research\/\",\"https:\/\/www.youtube.com\/c\/sunoresearch\"]},{\"@type\":\"Person\",\"@id\":\"https:\/\/www.suno.com.br\/noticias\/#\/schema\/person\/658d5fbc74d81f265f5df3562d0038ab\",\"name\":\"Vitor Azevedo\",\"image\":{\"@type\":\"ImageObject\",\"inLanguage\":\"pt-BR\",\"@id\":\"https:\/\/www.suno.com.br\/noticias\/#\/schema\/person\/image\/\",\"url\":\"https:\/\/secure.gravatar.com\/avatar\/62b86195291b446fe380824eb28b99a5?s=96&r=g\",\"contentUrl\":\"https:\/\/secure.gravatar.com\/avatar\/62b86195291b446fe380824eb28b99a5?s=96&r=g\",\"caption\":\"Vitor Azevedo\"},\"description\":\"Formado em jornalismo pela Unesp, escreve sobre economia e neg\u00f3cios para a Suno Not\u00edcias.\",\"url\":\"https:\/\/www.suno.com.br\/noticias\/author\/vitor-azevedo\/\"}]}<\/script>\n<!-- \/ Yoast SEO plugin. -->","yoast_head_json":{"title":"Vale (VALE3) rebate cr\u00edticas de acionistas sobre a forma\u00e7\u00e3o do conselho","description":"A Vale rebateu as cr\u00edticas de um grupo de acionistas sobre a forma\u00e7\u00e3o de seu conselho de administra\u00e7\u00e3o. Clique aqui para saber mais.","robots":{"index":"index","follow":"follow","max-snippet":"max-snippet:-1","max-image-preview":"max-image-preview:large","max-video-preview":"max-video-preview:-1"},"canonical":"https:\/\/www.suno.com.br\/noticias\/vale-vale3-responde-criticas-acionistas\/","og_locale":"pt_BR","og_type":"article","og_title":"Vale (VALE3) rebate cr\u00edticas de acionistas sobre a forma\u00e7\u00e3o do conselho","og_description":"A Vale rebateu as cr\u00edticas de um grupo de acionistas sobre a forma\u00e7\u00e3o de seu conselho de administra\u00e7\u00e3o. Clique aqui para saber mais.","og_url":"https:\/\/www.suno.com.br\/noticias\/vale-vale3-responde-criticas-acionistas\/","og_site_name":"Suno Not\u00edcias","article_publisher":"https:\/\/facebook.com\/sunoresearch","og_image":[{"width":1200,"height":627,"url":"https:\/\/files.sunoresearch.com.br\/n\/uploads\/2022\/06\/Modelo2.jpg","type":"image\/jpeg"}],"author":"Vitor Azevedo","twitter_card":"summary_large_image","twitter_creator":"@sunoresearch","twitter_site":"@sunoresearch","twitter_misc":{"Escrito por":"Vitor Azevedo","Est. tempo de leitura":"3 minutos"},"schema":{"@context":"https:\/\/schema.org","@graph":[{"@type":"NewsArticle","@id":"https:\/\/www.suno.com.br\/noticias\/vale-vale3-responde-criticas-acionistas\/#article","isPartOf":{"@id":"https:\/\/www.suno.com.br\/noticias\/vale-vale3-responde-criticas-acionistas\/"},"author":{"name":"Vitor Azevedo","@id":"https:\/\/www.suno.com.br\/noticias\/#\/schema\/person\/658d5fbc74d81f265f5df3562d0038ab"},"headline":"Vale (VALE3) rebate cr\u00edticas de acionistas sobre a forma\u00e7\u00e3o do conselho","datePublished":"2021-03-16T11:27:52+00:00","dateModified":"2021-03-16T12:05:18+00:00","mainEntityOfPage":{"@id":"https:\/\/www.suno.com.br\/noticias\/vale-vale3-responde-criticas-acionistas\/"},"wordCount":632,"publisher":{"@id":"https:\/\/www.suno.com.br\/noticias\/#organization"},"keywords":["Conselho de Administra\u00e7\u00e3o","Vale (VALE3)"],"articleSection":["Neg\u00f3cios"],"inLanguage":"pt-BR"},{"@type":"WebPage","@id":"https:\/\/www.suno.com.br\/noticias\/vale-vale3-responde-criticas-acionistas\/","url":"https:\/\/www.suno.com.br\/noticias\/vale-vale3-responde-criticas-acionistas\/","name":"Vale (VALE3) rebate cr\u00edticas de acionistas sobre a forma\u00e7\u00e3o do conselho","isPartOf":{"@id":"https:\/\/www.suno.com.br\/noticias\/#website"},"datePublished":"2021-03-16T11:27:52+00:00","dateModified":"2021-03-16T12:05:18+00:00","description":"A Vale rebateu as cr\u00edticas de um grupo de acionistas sobre a forma\u00e7\u00e3o de seu conselho de administra\u00e7\u00e3o. Clique aqui para saber mais.","breadcrumb":{"@id":"https:\/\/www.suno.com.br\/noticias\/vale-vale3-responde-criticas-acionistas\/#breadcrumb"},"inLanguage":"pt-BR","potentialAction":[{"@type":"ReadAction","target":["https:\/\/www.suno.com.br\/noticias\/vale-vale3-responde-criticas-acionistas\/"]}]},{"@type":"BreadcrumbList","@id":"https:\/\/www.suno.com.br\/noticias\/vale-vale3-responde-criticas-acionistas\/#breadcrumb","itemListElement":[{"@type":"ListItem","position":1,"name":"Not\u00edcias","item":"https:\/\/www.suno.com.br\/noticias\/"},{"@type":"ListItem","position":2,"name":"Neg\u00f3cios","item":"https:\/\/www.suno.com.br\/noticias\/negocios\/"},{"@type":"ListItem","position":3,"name":"Vale (VALE3) rebate cr\u00edticas de acionistas sobre a forma\u00e7\u00e3o do conselho"}]},{"@type":"WebSite","@id":"https:\/\/www.suno.com.br\/noticias\/#website","url":"https:\/\/www.suno.com.br\/noticias\/","name":"Suno Not\u00edcias","description":"Seu portal de informa\u00e7\u00e3o sobre o mundo dos investimentos","publisher":{"@id":"https:\/\/www.suno.com.br\/noticias\/#organization"},"potentialAction":[{"@type":"SearchAction","target":{"@type":"EntryPoint","urlTemplate":"https:\/\/www.suno.com.br\/noticias\/?s={search_term_string}"},"query-input":{"@type":"PropertyValueSpecification","valueRequired":true,"valueName":"search_term_string"}}],"inLanguage":"pt-BR"},{"@type":"Organization","@id":"https:\/\/www.suno.com.br\/noticias\/#organization","name":"Suno Not\u00edcias","url":"https:\/\/www.suno.com.br\/noticias\/","logo":{"@type":"ImageObject","inLanguage":"pt-BR","@id":"https:\/\/www.suno.com.br\/noticias\/#\/schema\/logo\/image\/","url":"https:\/\/files.sunoresearch.com.br\/n\/uploads\/2021\/09\/suno-logo.png","contentUrl":"https:\/\/files.sunoresearch.com.br\/n\/uploads\/2021\/09\/suno-logo.png","width":180,"height":180,"caption":"Suno Not\u00edcias"},"image":{"@id":"https:\/\/www.suno.com.br\/noticias\/#\/schema\/logo\/image\/"},"sameAs":["https:\/\/facebook.com\/sunoresearch","https:\/\/x.com\/sunoresearch","https:\/\/www.instagram.com\/suno","https:\/\/www.linkedin.com\/company\/suno-research\/","https:\/\/www.youtube.com\/c\/sunoresearch"]},{"@type":"Person","@id":"https:\/\/www.suno.com.br\/noticias\/#\/schema\/person\/658d5fbc74d81f265f5df3562d0038ab","name":"Vitor Azevedo","image":{"@type":"ImageObject","inLanguage":"pt-BR","@id":"https:\/\/www.suno.com.br\/noticias\/#\/schema\/person\/image\/","url":"https:\/\/secure.gravatar.com\/avatar\/62b86195291b446fe380824eb28b99a5?s=96&r=g","contentUrl":"https:\/\/secure.gravatar.com\/avatar\/62b86195291b446fe380824eb28b99a5?s=96&r=g","caption":"Vitor Azevedo"},"description":"Formado em jornalismo pela Unesp, escreve sobre economia e neg\u00f3cios para a Suno Not\u00edcias.","url":"https:\/\/www.suno.com.br\/noticias\/author\/vitor-azevedo\/"}]}},"default_loop_html":"<div class=\"cardsPage__listCard__boxs\"><div class=\"cardsPage__listCard__boxs__img\"><a href=\"https:\/\/www.suno.com.br\/noticias\/vale-vale3-responde-criticas-acionistas\/\"><img class=\"mask\" src=\"https:\/\/www.suno.com.br\/noticias\/wp-content\/themes\/suno\/resources\/images\/spotlight\/spotlight1img\/bg-mask.png\" alt=\"Image Mask\"\/><img src=\"\" alt=\"Vale (VALE3) rebate cr\u00edticas de acionistas sobre a forma\u00e7\u00e3o do conselho\"\/><\/a><span class=\"spotlightCategory\"><a href=\"https:\/\/www.suno.com.br\/noticias\/negocios\/\">Neg\u00f3cios<\/a><\/span><\/div><div class=\"cardsPage__listCard__boxs__content\"><a href=\"https:\/\/www.suno.com.br\/noticias\/vale-vale3-responde-criticas-acionistas\/\"><h2 class=\"content__title\">Vale (VALE3) rebate cr\u00edticas de acionistas sobre a forma\u00e7\u00e3o do conselho<\/h2><\/a><div class=\"newsContent__article__meta\"><div class=\"newsContent__article__meta__authorBox\"><a href=\"https:\/\/www.suno.com.br\/noticias\/author\/vitor-azevedo\/\" class=\"authorBox__avatar noMobi\"><img src=\"https:\/\/secure.gravatar.com\/avatar\/62b86195291b446fe380824eb28b99a5?s=96&#038;r=g\" alt=\"Vitor Azevedo\"><\/a><div class=\"authorBox__name\"><span>por\n\t\t\t<a href=\"https:\/\/www.suno.com.br\/noticias\/author\/vitor-azevedo\/\"><span itemprop=\"author\">Vitor Azevedo<\/span><\/a><\/span><time datetime=\"2021-03-16T08:27:52-03:00\" itemprop=\"datePublished\">16\/03\/2021 08:27<\/time><\/div><\/div><\/div><\/div><\/div>","single_layout":"posts","amp_enabled":true,"_links":{"self":[{"href":"https:\/\/www.suno.com.br\/noticias\/wp-json\/wp\/v2\/posts\/132043"}],"collection":[{"href":"https:\/\/www.suno.com.br\/noticias\/wp-json\/wp\/v2\/posts"}],"about":[{"href":"https:\/\/www.suno.com.br\/noticias\/wp-json\/wp\/v2\/types\/post"}],"author":[{"embeddable":true,"href":"https:\/\/www.suno.com.br\/noticias\/wp-json\/wp\/v2\/users\/59"}],"replies":[{"embeddable":true,"href":"https:\/\/www.suno.com.br\/noticias\/wp-json\/wp\/v2\/comments?post=132043"}],"version-history":[{"count":4,"href":"https:\/\/www.suno.com.br\/noticias\/wp-json\/wp\/v2\/posts\/132043\/revisions"}],"predecessor-version":[{"id":132093,"href":"https:\/\/www.suno.com.br\/noticias\/wp-json\/wp\/v2\/posts\/132043\/revisions\/132093"}],"wp:attachment":[{"href":"https:\/\/www.suno.com.br\/noticias\/wp-json\/wp\/v2\/media?parent=132043"}],"wp:term":[{"taxonomy":"category","embeddable":true,"href":"https:\/\/www.suno.com.br\/noticias\/wp-json\/wp\/v2\/categories?post=132043"},{"taxonomy":"post_tag","embeddable":true,"href":"https:\/\/www.suno.com.br\/noticias\/wp-json\/wp\/v2\/tags?post=132043"},{"taxonomy":"suno_strategy","embeddable":true,"href":"https:\/\/www.suno.com.br\/noticias\/wp-json\/wp\/v2\/suno_strategy?post=132043"}],"curies":[{"name":"wp","href":"https:\/\/api.w.org\/{rel}","templated":true}]}}